{"id":9911,"date":"2024-12-01T00:49:13","date_gmt":"2024-12-01T00:49:13","guid":{"rendered":"https:\/\/www.globalafricasciences.org\/actualites\/lafrique-dans-lhorizon-colonial-de-la-modernite-occidentale-1652-2000\/"},"modified":"2025-10-07T12:56:36","modified_gmt":"2025-10-07T12:56:36","slug":"lafrique-dans-lhorizon-colonial-de-la-modernite-occidentale-1652-2000","status":"publish","type":"post","link":"https:\/\/www.globalafricasciences.org\/fr\/lafrique-dans-lhorizon-colonial-de-la-modernite-occidentale-1652-2000\/","title":{"rendered":"L\u2019Afrique dans l\u2019horizon colonial de la modernit\u00e9 occidentale (1652\u20132000)"},"content":{"rendered":"\t\t<div data-elementor-type=\"wp-post\" data-elementor-id=\"9911\" class=\"elementor elementor-9911\" data-elementor-post-type=\"post\">\n\t\t\t\t<div data-particle_enable=\"false\" data-particle-mobile-disabled=\"false\" class=\"elementor-element elementor-element-036a802 e-con-full e-flex wpr-particle-no wpr-jarallax-no wpr-parallax-no wpr-sticky-section-no e-con e-parent\" data-id=\"036a802\" data-element_type=\"container\" data-e-type=\"container\" data-settings=\"{&quot;background_background&quot;:&quot;classic&quot;}\">\n\t\t<div data-particle_enable=\"false\" data-particle-mobile-disabled=\"false\" class=\"elementor-element elementor-element-d1d7910 e-con-full e-flex wpr-particle-no wpr-jarallax-no wpr-parallax-no wpr-sticky-section-no e-con e-child\" data-id=\"d1d7910\" data-element_type=\"container\" data-e-type=\"container\">\n\t\t\t\t<div class=\"elementor-element elementor-element-7c21c9f elementor-widget elementor-widget-heading\" data-id=\"7c21c9f\" data-element_type=\"widget\" data-e-type=\"widget\" data-widget_type=\"heading.default\">\n\t\t\t\t<div class=\"elementor-widget-container\">\n\t\t\t\t\t<h4 class=\"elementor-heading-title elementor-size-default\">Num\u00e9ro 01 - (Re)D\u00e9couverte<\/h4>\t\t\t\t<\/div>\n\t\t\t\t<\/div>\n\t\t\t\t<div class=\"elementor-element elementor-element-62d8bc1 elementor-author-box--link-yes ignoretoc elementor-author-box--avatar-yes elementor-author-box--name-yes elementor-widget elementor-widget-author-box\" data-id=\"62d8bc1\" data-element_type=\"widget\" data-e-type=\"widget\" data-widget_type=\"author-box.default\">\n\t\t\t\t<div class=\"elementor-widget-container\">\n\t\t\t\t\t\t\t<div class=\"elementor-author-box\">\n\t\t\t\t\t\t\t<a href=\"https:\/\/www.globalafricasciences.org\/fr\/author\/walter-mignolo-fr\/\" class=\"elementor-author-box__avatar\">\n\t\t\t\t\t<img decoding=\"async\" src=\"https:\/\/www.globalafricasciences.org\/wp-content\/uploads\/2024\/12\/Walter-Mignolo-.webp\" alt=\"Image de Walter Mignolo\" loading=\"lazy\">\n\t\t\t\t<\/a>\n\t\t\t\n\t\t\t<div class=\"elementor-author-box__text\">\n\t\t\t\t\t\t\t\t\t<a href=\"https:\/\/www.globalafricasciences.org\/fr\/author\/walter-mignolo-fr\/\">\n\t\t\t\t\t\t<h4 class=\"elementor-author-box__name\">\n\t\t\t\t\t\t\tWalter Mignolo\t\t\t\t\t\t<\/h4>\n\t\t\t\t\t<\/a>\n\t\t\t\t\n\t\t\t\t\n\t\t\t\t\t\t\t\t\t<a class=\"elementor-author-box__button elementor-button elementor-size-xs\" href=\"https:\/\/www.globalafricasciences.org\/fr\/author\/walter-mignolo-fr\/\">\n\t\t\t\t\t\tTous les articles de l'auteur\t\t\t\t\t<\/a>\n\t\t\t\t\t\t\t<\/div>\n\t\t<\/div>\n\t\t\t\t\t\t<\/div>\n\t\t\t\t<\/div>\n\t\t\t\t<div class=\"elementor-element elementor-element-5182bb3 ignoretoc elementor-widget elementor-widget-wpml-language-switcher\" data-id=\"5182bb3\" data-element_type=\"widget\" data-e-type=\"widget\" data-widget_type=\"wpml-language-switcher.default\">\n\t\t\t\t<div class=\"elementor-widget-container\">\n\t\t\t\t\t<div class=\"wpml-elementor-ls\"><p class=\"wpml-ls-statics-post_translations wpml-ls\">This post is also available in: \n<span role=\"menu\">\n    <span class=\"wpml-ls-slot-post_translations wpml-ls-item wpml-ls-item-en wpml-ls-first-item wpml-ls-item-legacy-post-translations\" role=\"none\"><a href=\"https:\/\/www.globalafricasciences.org\/\" class=\"wpml-ls-link\" role=\"menuitem\" aria-label=\"Passer \u00e0 Anglais(English)\" title=\"Passer \u00e0 Anglais(English)\"><img decoding=\"async\"\n            class=\"wpml-ls-flag\"\n            src=\"https:\/\/www.globalafricasciences.org\/wp-content\/uploads\/flags\/Flag_of_the_United_States.svg\"\n            alt=\"\"\n            width=18\n            height=12\n    \/><span class=\"wpml-ls-native\" lang=\"en\">English<\/span><span class=\"wpml-ls-display\"><span class=\"wpml-ls-bracket\"> (<\/span>Anglais<span class=\"wpml-ls-bracket\">)<\/span><\/span><\/a><\/span>    <span class=\"wpml-ls-slot-post_translations wpml-ls-item wpml-ls-item-fr wpml-ls-current-language wpml-ls-last-item wpml-ls-item-legacy-post-translations\" role=\"none\"><a href=\"https:\/\/www.globalafricasciences.org\/fr\/\" class=\"wpml-ls-link\" role=\"menuitem\" ><img decoding=\"async\"\n            class=\"wpml-ls-flag\"\n            src=\"https:\/\/www.globalafricasciences.org\/wp-content\/plugins\/sitepress-multilingual-cms\/res\/flags\/fr.svg\"\n            alt=\"\"\n            width=18\n            height=12\n    \/><span class=\"wpml-ls-native\" role=\"menuitem\">Fran\u00e7ais<\/span><\/a><\/span><\/span>\n<\/p><\/div>\t\t\t\t<\/div>\n\t\t\t\t<\/div>\n\t\t\t\t<div class=\"elementor-element elementor-element-5eeda1f elementor-share-buttons--view-icon elementor-share-buttons--shape-circle elementor-share-buttons--skin-gradient elementor-grid-0 elementor-share-buttons--color-official elementor-widget elementor-widget-share-buttons\" data-id=\"5eeda1f\" data-element_type=\"widget\" data-e-type=\"widget\" data-widget_type=\"share-buttons.default\">\n\t\t\t\t<div class=\"elementor-widget-container\">\n\t\t\t\t\t\t\t<div class=\"elementor-grid\" role=\"list\">\n\t\t\t\t\t\t\t\t<div class=\"elementor-grid-item\" role=\"listitem\">\n\t\t\t\t\t\t<div class=\"elementor-share-btn elementor-share-btn_facebook\" role=\"button\" tabindex=\"0\" aria-label=\"Partager sur facebook\">\n\t\t\t\t\t\t\t\t\t\t\t\t\t\t\t<span class=\"elementor-share-btn__icon\">\n\t\t\t\t\t\t\t\t<i class=\"fab fa-facebook\" aria-hidden=\"true\"><\/i>\t\t\t\t\t\t\t<\/span>\n\t\t\t\t\t\t\t\t\t\t\t\t\t\t\t\t\t\t\t\t<\/div>\n\t\t\t\t\t<\/div>\n\t\t\t\t\t\t\t\t\t<div class=\"elementor-grid-item\" role=\"listitem\">\n\t\t\t\t\t\t<div class=\"elementor-share-btn elementor-share-btn_x-twitter\" role=\"button\" tabindex=\"0\" aria-label=\"Partager sur x-twitter\">\n\t\t\t\t\t\t\t\t\t\t\t\t\t\t\t<span class=\"elementor-share-btn__icon\">\n\t\t\t\t\t\t\t\t<i class=\"fab fa-x-twitter\" aria-hidden=\"true\"><\/i>\t\t\t\t\t\t\t<\/span>\n\t\t\t\t\t\t\t\t\t\t\t\t\t\t\t\t\t\t\t\t<\/div>\n\t\t\t\t\t<\/div>\n\t\t\t\t\t\t\t\t\t<div class=\"elementor-grid-item\" role=\"listitem\">\n\t\t\t\t\t\t<div class=\"elementor-share-btn elementor-share-btn_linkedin\" role=\"button\" tabindex=\"0\" aria-label=\"Partager sur linkedin\">\n\t\t\t\t\t\t\t\t\t\t\t\t\t\t\t<span class=\"elementor-share-btn__icon\">\n\t\t\t\t\t\t\t\t<i class=\"fab fa-linkedin\" aria-hidden=\"true\"><\/i>\t\t\t\t\t\t\t<\/span>\n\t\t\t\t\t\t\t\t\t\t\t\t\t\t\t\t\t\t\t\t<\/div>\n\t\t\t\t\t<\/div>\n\t\t\t\t\t\t\t\t\t<div class=\"elementor-grid-item\" role=\"listitem\">\n\t\t\t\t\t\t<div class=\"elementor-share-btn elementor-share-btn_whatsapp\" role=\"button\" tabindex=\"0\" aria-label=\"Partager sur whatsapp\">\n\t\t\t\t\t\t\t\t\t\t\t\t\t\t\t<span class=\"elementor-share-btn__icon\">\n\t\t\t\t\t\t\t\t<i class=\"fab fa-whatsapp\" aria-hidden=\"true\"><\/i>\t\t\t\t\t\t\t<\/span>\n\t\t\t\t\t\t\t\t\t\t\t\t\t\t\t\t\t\t\t\t<\/div>\n\t\t\t\t\t<\/div>\n\t\t\t\t\t\t\t\t\t<div class=\"elementor-grid-item\" role=\"listitem\">\n\t\t\t\t\t\t<div class=\"elementor-share-btn elementor-share-btn_email\" role=\"button\" tabindex=\"0\" aria-label=\"Partager sur email\">\n\t\t\t\t\t\t\t\t\t\t\t\t\t\t\t<span class=\"elementor-share-btn__icon\">\n\t\t\t\t\t\t\t\t<i class=\"fas fa-envelope\" aria-hidden=\"true\"><\/i>\t\t\t\t\t\t\t<\/span>\n\t\t\t\t\t\t\t\t\t\t\t\t\t\t\t\t\t\t\t\t<\/div>\n\t\t\t\t\t<\/div>\n\t\t\t\t\t\t<\/div>\n\t\t\t\t\t\t<\/div>\n\t\t\t\t<\/div>\n\t\t\t\t<div class=\"elementor-element elementor-element-297d7b5 elementor-align-left elementor-widget__width-inherit elementor-widget elementor-widget-button\" data-id=\"297d7b5\" data-element_type=\"widget\" data-e-type=\"widget\" data-widget_type=\"button.default\">\n\t\t\t\t<div class=\"elementor-widget-container\">\n\t\t\t\t\t\t\t\t\t<div class=\"elementor-button-wrapper\">\n\t\t\t\t\t<a class=\"elementor-button elementor-button-link elementor-size-sm\" href=\"https:\/\/doi.org\/10.57832\/wfcn-zb53\" target=\"_blank\">\n\t\t\t\t\t\t<span class=\"elementor-button-content-wrapper\">\n\t\t\t\t\t\t<span class=\"elementor-button-icon\">\n\t\t\t\t<i aria-hidden=\"true\" class=\"fas fa-file-pdf\"><\/i>\t\t\t<\/span>\n\t\t\t\t\t\t\t\t\t<span class=\"elementor-button-text\">T\u00c9L\u00c9CHARGER EN PDF<\/span>\n\t\t\t\t\t<\/span>\n\t\t\t\t\t<\/a>\n\t\t\t\t<\/div>\n\t\t\t\t\t\t\t\t<\/div>\n\t\t\t\t<\/div>\n\t\t\t\t<\/div>\n\t\t<div data-particle_enable=\"false\" data-particle-mobile-disabled=\"false\" class=\"elementor-element elementor-element-2724b9e e-con-full e-flex wpr-particle-no wpr-jarallax-no wpr-parallax-no wpr-sticky-section-no e-con e-child\" data-id=\"2724b9e\" data-element_type=\"container\" data-e-type=\"container\">\n\t\t\t\t<div class=\"elementor-element elementor-element-f03e25c elementor-widget elementor-widget-heading\" data-id=\"f03e25c\" data-element_type=\"widget\" data-e-type=\"widget\" data-widget_type=\"heading.default\">\n\t\t\t\t<div class=\"elementor-widget-container\">\n\t\t\t\t\t<h4 class=\"elementor-heading-title elementor-size-default\"><a href=\"\/num\u00e9ros\/Afriques,%20mondes%20et%20savoirs%20de%20demain%20\">01.2022<br>Afriques, mondes et savoirs de demain<\/a><\/h4>\t\t\t\t<\/div>\n\t\t\t\t<\/div>\n\t\t\t\t<div class=\"elementor-element elementor-element-b2b07a4 elementor-widget elementor-widget-text-editor\" data-id=\"b2b07a4\" data-element_type=\"widget\" data-e-type=\"widget\" data-widget_type=\"text-editor.default\">\n\t\t\t\t<div class=\"elementor-widget-container\">\n\t\t\t\t\t\t\t\t\t<p><strong>Publi\u00e9 le : 9 mars 2022<br><\/strong><strong>ISSN: 3020-0458<\/strong><\/p>\t\t\t\t\t\t\t\t<\/div>\n\t\t\t\t<\/div>\n\t\t\t\t<div class=\"elementor-element elementor-element-38d84bf elementor-align-center elementor-widget__width-inherit elementor-hidden-mobile elementor-widget elementor-widget-button\" data-id=\"38d84bf\" data-element_type=\"widget\" data-e-type=\"widget\" data-widget_type=\"button.default\">\n\t\t\t\t<div class=\"elementor-widget-container\">\n\t\t\t\t\t\t\t\t\t<div class=\"elementor-button-wrapper\">\n\t\t\t\t\t<a class=\"elementor-button elementor-button-link elementor-size-sm\" href=\"\/wp-content\/uploads\/2024\/12\/Global-Africa-Issue-01-Tomorrows-Africas-Worlds-and-Knowledge.pdf\">\n\t\t\t\t\t\t<span class=\"elementor-button-content-wrapper\">\n\t\t\t\t\t\t\t\t\t<span class=\"elementor-button-text\">T\u00c9L\u00c9CHARGER LE NUM\u00c9RO PDF<\/span>\n\t\t\t\t\t<\/span>\n\t\t\t\t\t<\/a>\n\t\t\t\t<\/div>\n\t\t\t\t\t\t\t\t<\/div>\n\t\t\t\t<\/div>\n\t\t\t\t<div class=\"elementor-element elementor-element-b5db791 elementor-widget elementor-widget-image\" data-id=\"b5db791\" data-element_type=\"widget\" data-e-type=\"widget\" data-widget_type=\"image.default\">\n\t\t\t\t<div class=\"elementor-widget-container\">\n\t\t\t\t\t\t\t\t\t\t\t\t\t\t\t\t<a href=\"https:\/\/www.globalafricasciences.org\/wp-content\/uploads\/2024\/11\/GA-Issue-07-1.jpg\">\n\t\t\t\t\t\t\t<img decoding=\"async\" src=\"https:\/\/www.globalafricasciences.org\/wp-content\/uploads\/2024\/11\/GA-Issue-01-scaled.jpg\" title=\"\" alt=\"\" loading=\"lazy\" \/>\t\t\t\t\t\t\t\t<\/a>\n\t\t\t\t\t\t\t\t\t\t\t\t\t\t\t<\/div>\n\t\t\t\t<\/div>\n\t\t\t\t<\/div>\n\t\t\t\t<\/div>\n\t\t<div data-particle_enable=\"false\" data-particle-mobile-disabled=\"false\" class=\"elementor-element elementor-element-ae2d51c e-con-full e-flex wpr-particle-no wpr-jarallax-no wpr-parallax-no wpr-sticky-section-no e-con e-parent\" data-id=\"ae2d51c\" data-element_type=\"container\" data-e-type=\"container\">\n\t\t<div data-particle_enable=\"false\" data-particle-mobile-disabled=\"false\" class=\"elementor-element elementor-element-3c8215e e-con-full e-flex wpr-particle-no wpr-jarallax-no wpr-parallax-no wpr-sticky-section-no e-con e-child\" data-id=\"3c8215e\" data-element_type=\"container\" data-e-type=\"container\">\n\t\t\t\t<div class=\"elementor-element elementor-element-fa2f8e7 elementor-widget elementor-widget-eael-adv-tabs\" data-id=\"fa2f8e7\" data-element_type=\"widget\" data-e-type=\"widget\" data-widget_type=\"eael-adv-tabs.default\">\n\t\t\t\t<div class=\"elementor-widget-container\">\n\t\t\t\t\t        <div data-scroll-on-click=\"no\" data-scroll-speed=\"300\" id=\"eael-advance-tabs-fa2f8e7\" class=\"eael-advance-tabs eael-tabs-horizontal eael-tab-auto-active  responsive-vertical-layout\" data-tabid=\"fa2f8e7\">\n            <div class=\"eael-tabs-nav \">\n                <ul class=\"eael-tab-inline-icon\" role=\"tablist\">\n                                            <li id=\"abstract\" class=\"active-default eael-tab-item-trigger eael-tab-nav-item\" aria-selected=\"true\" data-tab=\"1\" role=\"tab\" tabindex=\"0\" aria-controls=\"abstract-tab\" aria-expanded=\"false\">\n                            \n                                                                <img decoding=\"async\" src=\"https:\/\/www.globalafricasciences.org\/wp-content\/uploads\/2024\/11\/Flag_of_the_United_States.svg\" alt=\"\">\n                                                            \n                                                            <span class=\"eael-tab-title title-after-icon\" >Abstract<\/span>                            \n                                                    <\/li>\n                                            <li id=\"rsum\" class=\"inactive eael-tab-item-trigger eael-tab-nav-item\" aria-selected=\"false\" data-tab=\"2\" role=\"tab\" tabindex=\"-1\" aria-controls=\"rsum-tab\" aria-expanded=\"false\">\n                            \n                                                                <img decoding=\"async\" src=\"https:\/\/www.globalafricasciences.org\/wp-content\/uploads\/2024\/11\/Flag_of_France.svg\" alt=\"\">\n                                                            \n                                                            <span class=\"eael-tab-title title-after-icon\" >R\u00e9sum\u00e9<\/span>                            \n                                                    <\/li>\n                                            <li id=\"muhtasari\" class=\"inactive eael-tab-item-trigger eael-tab-nav-item\" aria-selected=\"false\" data-tab=\"3\" role=\"tab\" tabindex=\"-1\" aria-controls=\"muhtasari-tab\" aria-expanded=\"false\">\n                            \n                                                                <img decoding=\"async\" src=\"https:\/\/www.globalafricasciences.org\/wp-content\/uploads\/2024\/11\/Flag_of_Kenya.svg\" alt=\"\">\n                                                            \n                                                            <span class=\"eael-tab-title title-after-icon\" >Muhtasari<\/span>                            \n                                                    <\/li>\n                                            <li id=\"\" class=\"inactive eael-tab-item-trigger eael-tab-nav-item\" aria-selected=\"false\" data-tab=\"4\" role=\"tab\" tabindex=\"-1\" aria-controls=\"-tab\" aria-expanded=\"false\">\n                            \n                                                                <svg xmlns=\"http:\/\/www.w3.org\/2000\/svg\" width=\"900\" height=\"600\" viewBox=\"0 0 900 600\"><path id=\"green\" d=\"m0 600h900v-600h-900z\" fill=\"#005430\" stroke-width=\".375\"><\/path><g id=\"white\" transform=\"scale(.375)\"><g id=\"shahada\"><g transform=\"matrix(7.3042,0,0,-6.7531,1800,635.53)\"><path d=\"m0 0c-0.023 4.162-1.516 15.373-1.895 19.134-0.378 3.761-0.759 7.173-0.667 7.972 0.09 0.771 1.187-1.072 1.767-1.221 0.3 0.065 0.166 1.229-0.379 2.223-0.369 0.675-1.627 3.199-2.39 4.678-0.359 0.7-0.439 1.106-0.612 1.192-0.172 0.086-1.561-2.945-1.409-3.281 0.379-0.616 0.639-0.91 0.698-1.998 0.06-1.088 0.58-8.856 1.243-14.744 0.499-4.442 1.594-14.012 1.633-19.962 0.011-1.941-0.188-3.791-0.427-4.564-0.613-1.214-1.571-2.309-5.139-4.567-4.011-2.539-9.362-4.652-11.662-6.066-1.43-0.882-0.956-1 0.289-0.614 1.242 0.386 7.664 1.623 10.784 3.049 2.929 1.342 4.83 3.587 6.273 6.862 1.782 4.049 1.918 7.485 1.893 11.907\" fill=\"#fff\"><\/path><\/g><g transform=\"matrix(7.3042,0,0,-6.7531,1709.3,422.03)\"><path d=\"m0 0c0.31 0.13 2.877 0.273 3.568 0.119-0.454-0.702-3.532-2.256-3.545-2.541 0.084-0.192 2.126 0.355 2.77 0.659 0.421 0.274 0.702 0.698 1.014 1.05 0.736 0.916 1.609 2.615 1.389 2.828-0.357 0.344-3.856 0.13-4.317 0.059-0.309-0.048-1.093-1.568-1.237-1.958-0.141-0.39 0.048-0.346 0.358-0.216\" fill=\"#fff\"><\/path><\/g><g transform=\"matrix(7.3042,0,0,-6.7531,1747.6,588.62)\"><path d=\"m0 0c0.535 1.96 0.667 4.338-0.061 6.841-0.748 2.577-2.606 4.148-3.946 4.953l-0.239-2.481s1.879-1.01 3.164-3.553c0.814-1.613 1.153-3.894 0.51-6.437-0.107-0.631 0.31-0.283 0.572 0.677\" fill=\"#fff\"><\/path><\/g><g transform=\"matrix(7.3042,0,0,-6.7531,1602.4,672.64)\"><path d=\"m0 0c0.482 1.765 0.6 3.906-0.054 6.16-0.674 2.321-2.347 3.736-3.554 4.458l-0.216-2.233s1.692-0.91 2.849-3.198c0.734-1.451 1.038-3.508 0.461-5.797-0.096-0.566 0.279-0.254 0.514 0.61\" fill=\"#fff\"><\/path><\/g><g transform=\"matrix(7.3042,0,0,-6.7531,1098.3,444.51)\"><path d=\"m0 0c0.774-1.531 1.095-3.699 0.486-6.114-0.102-0.599 0.292-0.27 0.543 0.642 0.506 1.86 0.632 4.12-0.06 6.499-0.711 2.449-2.476 3.94-3.749 4.703l-0.225-2.356s1.785-0.959 3.005-3.374\" fill=\"#fff\"><\/path><\/g><g transform=\"matrix(7.3042,0,0,-6.7531,758,449.86)\"><path d=\"m0 0c0.65-1.648 0.694-3.873-0.356-6.217-0.204-0.589 0.293-0.31 0.71 0.571 0.852 1.801 1.33 4.055 0.898 6.545-0.443 2.56-2.221 4.305-3.552 5.25l-0.604-2.339s1.879-1.212 2.904-3.81\" fill=\"#fff\"><\/path><\/g><g transform=\"matrix(7.3042,0,0,-6.7531,852.07,698.62)\"><path d=\"m0 0c0.826 1.658 1.17 2.774 1.537 4.738 0.321 1.728 0.342 3.724 0.226 5.756 2.472 1.09 5.418 2.899 6.408 3.032-0.677-2.514 0.939-5.227 4.203-4.873 0.25-2.843 0.464-5.34 0.594-6.821 0.266-3.036 0.226-6.862 0.218-7.527-0.011-0.668 0.436-0.542 0.895 0.946 0.612 1.992 0.801 7.194 0.579 10.634-0.053 0.86-0.143 2.021-0.252 3.344 2.116 1.059 2.468 3.103 3.259 3.974 0.714-2.705 4.644-3.072 5.857-2.493 1.504 0.719 1.997 2.012 2.384 5.013 0.388 3-0.742 4.208-1.146 4.535-0.04-0.363-1.024-3.889-1.024-3.889s0.933-1.066 0.98-1.59c-0.76-0.744-2.363-0.79-3.709-0.316-1.347 0.474-1.76 1.346-1.68 1.931 0.078 0.587 0.585 1.121 0.602 1.836 0.015 0.715-0.302 0.508-0.841-0.125-0.539-0.634-0.887-1.204-1.633-2.565-0.61-1.113-1.6-2.471-3.346-2.859-0.288 3.268-0.617 6.745-0.837 8.929-0.115 1.153-1.264 11.117-1.346 12.232-0.071 0.971-0.204 2.116-0.182 2.654 0.022 0.428 0.27 0.258 0.654-0.19 0.385-0.447 1.058-1.227 1.174-1.166 0.392 0.208-9e-3 1.503-0.522 2.663-0.512 1.163-2.26 5.751-2.627 5.94-0.189 0.096-1.369-2.728-1.439-3.284 0.183-0.348 0.661-0.895 0.678-2.451 6e-3 -0.434 0.264-4.526 0.622-8.395 0.313-3.417 0.728-6.659 0.768-7.036 0.285-2.608 0.631-6.284 0.96-9.898-1.895 0.39-2.399 1.742-2.357 2.513 0.048 0.87 0.411 1.852 0.237 2.074-0.365 0.237-2.537-1.076-5.566-2.487-0.852-0.396-1.812-0.821-2.825-1.224-0.264 2.463-0.612 4.805-0.752 6.596l-0.017 0.199c1.992 0.139 3.623 1.227 4.365 2.263 0.927 1.295 1.575 3.96 1.638 6.002 0.063 2.044-1.462 5.781-1.825 6.969-0.366 1.189-0.555 2.013-0.587 2.424-0.033 0.411 0.824-0.476 1.363-0.65 0.365-0.079 0.239 0.776-0.207 1.363-0.443 0.585-2.839 4.518-3.007 4.242-0.103-0.162-1.063-3.055-1.126-3.498 0.378-0.27 0.82-1.014 0.851-1.727 0.032-0.713 0.56-3.848 1.145-5.59 0.587-1.742 1.837-5.084 1.916-6.003-0.893-0.681-2.926-1.834-4.937-1.765-0.344 3.048-0.78 6.588-1.013 9.095-0.09 0.969-0.096 2.003-0.082 2.543 0.011 0.428 0.296 0.369 0.688-0.071 0.394-0.44 0.998-1.08 1.122-1.034 0.27 0.097 0.036 1.068-0.499 2.221s-2.661 6.03-3.034 6.212c-0.189 0.093-1.141-2.646-1.201-3.205 0.19-0.346 0.677-0.881 0.725-2.437 0.038-1.239 0.596-7.311 1.074-12.659-1.99 1.113-2.669 2.704-2.915 5.375-0.172 1.862-0.189 5.292-0.803 8.161-0.346 1.622-1.075 3.27-1.939 4.145-0.206-0.539-1.126-3.848-1.126-3.848 0.3-0.95 1.233-4.149 1.201-6.921-0.031-2.772-0.233-5.482-3.105-7.349-2.87-1.868-7.175-1.125-8.238 1.789-1.063 2.916 1.3 10.227 1.269 11.953-0.032 1.726-0.317 1.964-0.984 1.679-0.666-0.285-2.029-1.949-3.203-4.656-1.174-2.709-1.696-6.064-2.363-8.345-0.665-2.281-1.73-4.592-3.378-4.464-1.648 0.126-2.535 1.757-3.042 4.116-0.508 2.361-0.197 5.47-0.059 6.267 0.344 1.996-0.453 1.587-0.941-1.547-0.302-1.933-0.602-5.02 0.461-8.251 1.061-3.231 2.87-4.436 4.455-4.023 1.586 0.411 2.98 4.434 3.472 6.241 0.491 1.804 2.688 9.817 3.932 10.211 0.174-0.903-0.967-3.814-1.332-7.219-0.364-3.405 0.485-7.979 4.481-8.77 3.996-0.792 6.707 2.011 7.69 3.957 0.984 1.949 1.443 3.992 1.554 5.021 0.128-2.612 1.776-6.691 4.977-7.854l0.33-0.103c0.197-2.138 0.518-4.929 0.813-7.86-0.623-0.208-1.252-0.396-1.878-0.558-0.08 0.281-0.168 0.556-0.275 0.809-0.977 2.273-2.594 4.368-4.835 4.223-2.289-0.147-4.785-3.451-4.676-5.864 0.072-1.623 0.898-2.955 3.902-3.296 1.372-0.157 2.829 8e-3 4.334 0.363 0.212-0.671 0.346-1.338 0.361-1.946-0.952-1.204-8.829-7.63-14.727-8.248-5.898-0.617-7.697 2.727-7.756 6.084-0.044 2.554 1.376 5.103 2.374 6.867 1.428 1.13 2.6 2.543 3.34 3.633 0.201-0.134 0.392-0.258 0.574-0.373 0.705-0.443 0.986-1.105 0.986-1.105 0.13 0.216 0.736 1.396 0.499 1.973-0.109 0.142-0.642 0.497-1.283 0.918 0.673 1.814 0.664 3.625-0.208 4.028-0.975 0.449-2.248-0.799-2.797-1.56-0.285-0.396-0.394-0.845-0.396-1.222-4e-3 -0.485 0.207-0.923 0.729-1.313 0.52-0.384 1.003-0.732 1.457-1.046-1.289-1.464-4.335-3.609-6.199-4.869-0.069 0.185-0.342-0.01-0.709-0.478l-0.505-0.337c-1.487-0.984-5.053-3.145-5.754-3.674-0.702-0.53-0.262-0.434 0-0.316 0.495 0.289 1.145 0.639 1.875 1.025 1.034 0.547 2.237 1.166 3.413 1.787-0.348-0.638-0.708-1.384-1.027-2.198-1.403-3.583-3.671-11.009 1.235-15.477 4.694-4.277 12.762-2.65 19.453 1.795 6.692 4.446 8.137 6.009 9.183 7.625m-21.816 17.664c-0.232 0.185-0.264 0.432-0.075 0.604 0.241 0.222 0.549 0.432 0.899 0.503 0.742 0.149 1.038-0.773 0.74-2.209-0.564 0.373-1.144 0.765-1.564 1.102m15.348-6.057c-3.407-0.017-3.564 0.652-3.5 1.08 0.063 0.426 1.124 1.595 2.47 0.824 0.569-0.327 1.21-1.011 1.803-1.87-0.262-0.021-0.52-0.032-0.773-0.034m-10.435-19.379c-6.437-1.9-12.716 1.044-13.096 6.873-0.291 4.451 1.21 7.805 2.178 9.695 0.923 0.494 1.795 0.974 2.516 1.404-1.685-2.935-2.671-6.866-2.012-10.196 0.746-3.772 3.78-6.059 8.917-5.321 5.086 0.729 11.963 5.961 13.913 7.934 0.594 0.712 0.986 1.354 1.52 2.662 0.22 0.537 0.529 1.246 0.644 2.047 0.075 0.522 0.115 1.08 0.124 1.648 0.597 0.193 1.197 0.409 1.801 0.641 0.205-2.388 0.356-4.742 0.365-6.778-3.169-4.02-10.433-8.708-16.87-10.609\" fill=\"#fff\"><\/path><\/g><g transform=\"matrix(7.3042,0,0,-6.7531,1551,647.88)\"><path d=\"m0 0c-0.218 3.9-0.744 10.959-1.038 14.54-0.26 3.187-0.771 7.555-1.145 11.4-0.094 0.968-0.104 1.895-0.094 2.434 0.011 0.426 0.405 0.262 0.799-0.176s1.01-0.988 1.126-0.921c0.385 0.216-0.076 1.284-0.617 2.433-0.541 1.151-2.686 5.912-3.059 6.093-0.19 0.092-1.195-2.76-1.253-3.319 0.192-0.344 0.683-0.877 0.736-2.433 0.054-1.557 0.781-8.715 1.306-14.504 0.364-4.024 0.834-10.59 1.176-15.541-0.017-8e-3 0.323-4.707 0.36-5.235 0.21-3.04 0.101-6.865 0.08-7.529-0.023-0.667 0.428-0.551 0.912 0.929 0.493 1.511 0.774 4.885 0.812 7.931z\" fill=\"#fff\"><\/path><\/g><g transform=\"matrix(7.3042,0,0,-6.7531,1417.5,555.68)\"><path d=\"m0 0c-0.66-0.218-1.696 0.537-1.617 2.12 0.072 1.43 0.638 2.769 0.856 3.614 0.3 1.166 0.302 2.29 0.048 1.653-0.572-1.424-1.637-4.177-1.857-6.045-0.221-1.868 0.339-3.072 1.1-3.483 0.948-0.515 1.631 0.302 2.093 1.506 0.444 1.153 0.36 2.499 0.052 2.182-0.258-0.331-0.354-1.44-0.675-1.547\" fill=\"#fff\"><\/path><\/g><g transform=\"matrix(7.3042,0,0,-6.7531,1348.2,594.54)\"><path d=\"m0 0c0.35 1.006 0.432 1.992 0.163 1.451-0.607-1.212-1.744-3.554-2.077-5.181-0.332-1.627 0.071-2.728 0.711-3.145 0.798-0.522 1.455 0.147 1.952 1.172 0.475 0.981 0.499 2.172 0.207 1.914-0.252-0.272-0.419-1.239-0.707-1.31-0.599-0.143-1.453 0.597-1.268 1.985 0.168 1.25 0.765 2.387 1.019 3.114\" fill=\"#fff\"><\/path><\/g><g transform=\"matrix(7.3042,0,0,-6.7531,1146.4,737.86)\"><path d=\"m0 0c0.585 1.027 0.876 2.092 0.47 1.554-0.906-1.202-2.621-3.535-3.313-5.246-0.69-1.711-0.47-2.996 0.145-3.581 0.767-0.73 1.622-0.13 2.369 0.889 0.717 0.977 0.985 2.273 0.61 2.052-0.329-0.249-0.705-1.272-1.036-1.291-0.681-0.036-1.467 0.945-0.985 2.423 0.436 1.334 1.317 2.456 1.74 3.2\" fill=\"#fff\"><\/path><\/g><g transform=\"matrix(7.3042,0,0,-6.7531,1500.2,535.46)\"><path d=\"m0 0c-0.671-0.182-1.663 0.631-1.497 2.208 0.151 1.423 0.792 2.728 1.055 3.558 0.366 1.149 0.429 2.27 0.14 1.65-0.648-1.392-1.864-4.08-2.189-5.934-0.325-1.853 0.166-3.086 0.904-3.539 0.92-0.564 1.644 0.212 2.174 1.39 0.507 1.126 0.499 2.474 0.172 2.174-0.275-0.318-0.432-1.419-0.759-1.507\" fill=\"#fff\"><\/path><\/g><g transform=\"matrix(7.3042,0,0,-6.7531,1498.7,666.11)\"><path d=\"m0 0c0.918-0.564 1.646 0.212 2.174 1.39 0.506 1.126 0.499 2.474 0.174 2.174-0.277-0.316-0.434-1.419-0.761-1.507-0.671-0.181-1.665 0.631-1.497 2.208 0.151 1.423 0.791 2.729 1.055 3.558 0.365 1.149 0.428 2.272 0.14 1.65-0.65-1.392-1.864-4.08-2.189-5.932-0.325-1.855 0.166-3.088 0.904-3.541\" fill=\"#fff\"><\/path><\/g><g transform=\"matrix(7.3042,0,0,-6.7531,1584.4,499.22)\"><path d=\"m0 0c0.442 1.39 0.518 2.747 0.168 1.996-0.786-1.684-2.256-4.936-2.65-7.181-0.392-2.243 0.203-3.734 1.096-4.283 1.111-0.682 1.99 0.257 2.631 1.681 0.611 1.363 0.602 2.996 0.208 2.631-0.333-0.383-0.524-1.715-0.92-1.822-0.81-0.22-2.013 0.763-1.81 2.671 0.183 1.722 0.958 3.301 1.277 4.307\" fill=\"#fff\"><\/path><\/g><g transform=\"matrix(7.3042,0,0,-6.7531,899.52,661.58)\"><path d=\"m0 0c0.723 1.694 0.985 3.39 0.453 2.487-1.191-2.021-3.434-5.934-4.2-8.706-0.767-2.773-0.199-4.721 0.856-5.52 1.316-0.992 2.535 0.084 3.512 1.795 0.935 1.641 1.121 3.696 0.582 3.285-0.465-0.44-0.867-2.094-1.377-2.181-1.048-0.178-2.44 1.204-1.954 3.579 0.44 2.143 1.606 4.035 2.128 5.261\" fill=\"#fff\"><\/path><\/g><g transform=\"matrix(7.3042,0,0,-6.7531,1639,775)\"><path d=\"m0 0c0.554 0.491 5.372 3.298 6.259 3.868 0 0 0.907 1.6 0.635 1.77-0.273 0.17-2.032-1.56-3.126-1.608-1.095-0.048-2.594 0.822-2.642 1.535 0.142 0.538 1.459 1.346 1.935 1.379 0.476 0.03 0.399-1.142 0.558-1.285 0.159-0.141 0.792 0.809 0.872 1.205 0.078 0.395 0.013 2.049-0.858 1.812-1.379-0.377-3.459-3.143-3.696-4.013-0.239-0.872 1.046-1.631 1.984-2.044-0.08-0.032-0.78-0.396-1.223-0.87 0 0-0.476-0.577-0.698-1.749\" fill=\"#fff\"><\/path><\/g><g transform=\"matrix(7.3042,0,0,-6.7531,1519,798.48)\"><path d=\"m0 0c0.554 0.491 5.372 3.296 6.259 3.868 0 0 0.909 1.6 0.635 1.77-0.273 0.17-2.032-1.56-3.126-1.608-1.095-0.048-2.594 0.822-2.642 1.535 0.142 0.538 1.459 1.346 1.935 1.377 0.476 0.032 0.399-1.139 0.558-1.281 0.159-0.143 0.792 0.807 0.872 1.203 0.078 0.395 0.011 2.049-0.858 1.812-1.379-0.379-3.459-3.143-3.696-4.015-0.239-0.87 1.046-1.629 1.982-2.042-0.078-0.032-0.778-0.395-1.221-0.87 0 0-0.476-0.577-0.698-1.749\" fill=\"#fff\"><\/path><\/g><g transform=\"matrix(7.3042,0,0,-6.7531,1248.7,458.72)\"><path d=\"m0 0c0.432-0.543 3.262-4.432 5.479-6.877 2.216-2.447 6.015-6.407 8.806-9.121 0.54-0.526 1.113-1.096 1.696-1.689 0.704-5.846 1.518-13.285 1.86-16.361 0.337-3.029 0.387-6.854 0.394-7.52 6e-3 -0.667 0.45-0.531 0.872 0.966 0.566 2.009 0.631 7.211 0.331 10.647-0.186 2.122-0.625 6.097-1.05 9.762 1.648-1.761 3.205-3.508 4.254-4.816 1.929-2.401 3.552-4.212 4.541-6.793 0.7-1.826 0.629-3.279 0.916-3.566 0.248-0.248 0.522 1.937 0.216 4.056-0.496 3.441-1.176 4.9-5.26 9.813-1.558 1.878-3.392 3.841-5.185 5.676-0.069 0.566-0.132 1.09-0.189 1.555-0.142 1.149-1.526 11.083-1.635 12.196-0.093 0.969-0.256 2.11-0.243 2.649 0.01 0.429 0.262 0.262 0.658-0.176 0.394-0.437 1.084-1.202 1.201-1.135 0.386 0.216-0.044 1.499-0.585 2.65-0.539 1.149-2.396 5.695-2.769 5.875-0.189 0.092-1.302-2.759-1.359-3.317 0.193-0.344 0.683-0.88 0.736-2.434 0.015-0.434 0.371-4.52 0.818-8.378 0.396-3.409 0.886-6.642 0.937-7.016l2e-3 -0.029c-1.849 1.824-3.478 3.373-4.466 4.346-2.31 2.271-7.412 7.66-7.617 8.467-0.046 0.255 0.35 0.098 1.078-0.028 0.731-0.127 1.381-0.396 1.264-8e-3 -0.053 0.183-0.333 0.635-1.03 1.101-0.698 0.467-2.486 1.677-3.816 2.533-1.333 0.855-1.993 1.572-2.268 1.367-0.136-0.101-0.015-3.03 0.065-3.395 0.333-0.031 0.918-0.455 1.348-1\" fill=\"#fff\"><\/path><\/g><g transform=\"matrix(7.3042,0,0,-6.7531,1275.3,423.15)\"><path d=\"m0 0c0.547 0.13 3.139 0.059 4.08-0.155-0.394-0.296-3.046-1.745-3.57-2.09-0.521-0.346-0.653-0.546-0.391-0.512 0.76 0.228 2.473 0.512 3.294 0.975 0.774 0.392 2.093 2.304 2.606 3.017 0.51 0.713 0.51 1.069 0.38 1.26-0.524 0.308-3.902 0.617-5.531 0.18-0.451-0.331-1.333-2.094-1.463-2.461-0.13-0.369 0.048-0.344 0.595-0.214\" fill=\"#fff\"><\/path><\/g><g transform=\"matrix(7.3042,0,0,-6.7531,1380.6,421.6)\"><path d=\"m0 0c0.442 0.105 2.531 0.048 3.288-0.124-0.317-0.239-2.453-1.407-2.875-1.687-0.423-0.277-0.528-0.439-0.317-0.411 0.613 0.182 1.994 0.411 2.655 0.786 0.623 0.316 1.686 1.857 2.099 2.43 0.411 0.576 0.411 0.862 0.306 1.015-0.42 0.251-3.143 0.499-4.456 0.146-0.364-0.266-1.073-1.687-1.178-1.983-0.107-0.296 0.038-0.277 0.478-0.172\" fill=\"#fff\"><\/path><\/g><g transform=\"matrix(7.3042,0,0,-6.7531,1466.2,420.5)\"><path d=\"m0 0c0.44 0.105 2.529 0.048 3.286-0.124-0.315-0.239-2.452-1.407-2.875-1.685-0.421-0.279-0.526-0.441-0.315-0.413 0.613 0.182 2.101 0.413 2.762 0.786 0.624 0.316 1.363 1.857 1.776 2.432 0.413 0.574 0.413 0.862 0.306 1.013-0.42 0.251-2.929 0.499-4.24 0.148-0.364-0.268-1.075-1.689-1.18-1.985s0.038-0.277 0.48-0.172\" fill=\"#fff\"><\/path><\/g><g transform=\"matrix(7.3042,0,0,-6.7531,1412.8,462.19)\"><path d=\"m0 0c-0.694-1.182 0.176-2.136 0.493-3.091-0.428-0.423-1.086-0.037-1.306 0.334-0.468 0.761-0.311 2.312-0.862 2.551-0.141-0.419-0.233-0.884-0.233-0.884s0.419-1.061 0.314-1.763c-0.067-0.424-0.413-0.919-0.87-0.929-1.218-0.032-0.618 1.918-1.088 3.023-0.096-0.27-0.165-0.56-0.277-0.813 0.086-0.288 0.133-0.692 0.147-0.925 0.028-0.463-6e-3 -0.962 0.067-1.357 0.101-0.559 0.388-0.93 0.826-0.966 0.91-0.078 1.325 0.719 1.462 1.373 0.157-0.667 1.36-1.402 1.952-0.583 0.784 1.08 0.157 2.005-0.245 3.021-0.29 0.751-0.206 1.244-0.38 1.009\" fill=\"#fff\"><\/path><\/g><g transform=\"matrix(7.3042,0,0,-6.7531,1163.1,441.02)\"><path d=\"m0 0c0.063-0.486 0.294-0.818 0.671-0.868 0.778-0.107 1.172 0.562 1.319 1.118 0.103-0.581 1.109-1.265 1.656-0.587 0.723 0.897 0.222 1.721-0.08 2.614-0.216 0.662-0.123 1.082-0.283 0.887-0.65-0.986 0.059-1.849 0.29-2.686-0.388-0.344-0.937 0.017-1.111 0.344-0.37 0.677-0.168 2.006-0.63 2.237-0.14-0.356-0.239-0.751-0.239-0.751s0.313-0.933 0.191-1.532c-0.075-0.363-0.394-0.774-0.79-0.763-1.049 0.025-0.447 1.679-0.805 2.65-0.093-0.227-0.166-0.476-0.275-0.686 0.063-0.254 0.086-0.602 0.086-0.805 8e-3 -0.4-0.044-0.826 0-1.172\" fill=\"#fff\"><\/path><\/g><g transform=\"matrix(7.3042,0,0,-6.7531,1344.4,750.3)\"><path d=\"m0 0c0.117 0.201 0.375 0.753 0.31 1.13s-0.492 1.95-1.321 2.344c-0.824 0.394-1.448-0.432-1.843-1.581l-0.274 7e-3c-0.065-0.17-0.147-0.424-0.212-0.883-0.092-0.663-0.266-1.09-1.317-2.122-0.884-0.864-3.748-2.939-5.604-3.914-1.858-0.977-3.195-1.82-3.688-2.076-0.491-0.252-0.348-0.346 0.143-0.187 0.49 0.158 2.956 1.017 3.939 1.455 0.981 0.441 2.181 1.166 3.627 2.181 1.608 1.128 2.569 2.256 2.892 3.256 0.23 0.713 0.289 0.998 0.289 0.998s0.604-0.386 1.629-0.639c1.021-0.254 1.311-0.172 1.43 0.031m-1.386 2.235c0.455-0.187 0.732-0.723 0.814-1.048-0.522-0.013-1.483 0.274-1.892 0.474 0.246 0.515 0.674 0.738 1.078 0.574\" fill=\"#fff\"><\/path><\/g><g transform=\"matrix(7.3042,0,0,-6.7531,1264.9,757.77)\"><path d=\"m0 0c-1.426 0.214-5.019 0.805-5.898 3.061 0.738 1.164 4.137 2.638 8.395 4.017 4.258 1.376 8.707 3.162 9.903 4.024 0.262 0.096 0.769 0.067 0.769 0.067 0.214 0.667 1.283 3.009 1.35 3.499-1.19-0.073-8.525-0.656-11.783-0.845-3.26-0.19-9.538-0.144-11.63-0.119 1.283 0.998 4.328 2.946 8.68 4.608 0.564 0.216 1.086 0.411 1.573 0.587 0.362-0.698 0.631-1.388 0.687-1.989 0.277 0.308 0.485 1.329 0.415 2.377 2.537 0.876 3.844 1.166 4.408 1.331 0.356 0.499 0.987 2.517 1.081 3.984-0.379 0.747-1.566 1.677-2.622 2.476-1.455 1.099-3.024 2.057-4.59 1.638-2.141-0.568-2.57-4.822-2.071-5.724 0.159-0.285 0.536-0.79 0.981-1.413-1.564-0.665-3.2-1.447-4.642-2.269-3.212-1.83-6.798-3.832-7.844-5.757l-0.3-0.158c-0.084-0.182-0.746-3.161-0.842-3.482 0.668 0.025 5.656 0.015 9.13 0.132 3.472 0.12 6.508 0.239 7.697 0.239-1.761-0.451-6.376-2.306-7.703-3.397-1.327-1.094-2.161-2.757-2.183-5.608-1.237 0.524-3.536 1.721-5.495 4.587-2.184 3.194-1.732 6.479-2.606 10.79-1.27 6.256-3.982 11.538-5.671 13.154-0.569-2.208-0.642-3.872-0.642-3.872s2.116-5.06 3.187-8.29c1.071-3.231 1.986-6.414 1.941-7.127-0.882-2.092-6.103-6.474-10.454-9.039-4.126-2.432-7.761-2.694-9.049-0.962-0.253 0.338-0.425 0.738-0.522 1.191 0.56 0.283 1.122 0.568 1.698 0.853 3.71 1.828 10.299 5.676 11.843 7.695 1.666 2.447 1.643 5.892 0.666 7.864-0.973 1.971-2.499 4.253-2.618 5.06-0.093 0.381 0.991-0.155 1.631-0.191 0.31 0.025 0.155 0.476-0.51 1.189-0.532 0.568-2.589 2.411-3.375 3.13-0.197 0.183-0.344 0.109-0.384-0.084-0.153-0.736-0.466-2.312-0.587-3.09l0.084-0.392c0.226-0.145 0.486-0.308 0.612-0.715 0.178-0.577 0.801-2.187 1.822-4.219 1.023-2.031 2.501-4.273 2.646-5.405-1.202-1.658-7.263-5.189-13.167-8.099 0.365 1.224 0.941 2.608 1.705 4.145 0.217 0.26 0.415 0.581 0.599 0.943 0.589 1.164 0.646 2.587 0.289 2.286-0.306-0.319-0.526-1.474-0.876-1.552-0.717-0.159-1.723 0.746-1.47 2.401 0.229 1.493 0.967 2.841 1.286 3.704 0.442 1.194 0.563 2.374 0.228 1.732-0.753-1.434-2.166-4.212-2.6-6.153-0.432-1.938 0.027-3.263 0.784-3.776 0.283-0.195 0.554-0.256 0.812-0.218-0.518-1.066-1.158-2.374-1.625-3.934-2.374-1.149-4.684-2.176-6.596-2.916-6.873-2.661-11.771-4.229-15.197-5.393l-0.134-0.065c0.252 0.881 0.218 1.633-0.052 1.407-0.306-0.321-0.525-1.476-0.875-1.552-0.717-0.159-1.723 0.745-1.471 2.401 0.23 1.493 0.968 2.839 1.287 3.703 0.44 1.193 0.562 2.375 0.228 1.732-0.754-1.434-2.166-4.212-2.6-6.152-0.433-1.939 0.026-3.264 0.782-3.778 0.942-0.64 1.745 0.145 2.361 1.359l0.216 0.499c0.214 0 0.575 0.054 1.114 0.184 1.57 0.382 5.495 0.998 10.892 1.759 3.996 0.562 6.755 1.749 9.422 3.07-0.012-0.319-0.015-0.644-2e-3 -0.979 0.145-3.961 2.545-5.079 5.827-4.338 3.166 0.719 7.581 3.859 10.227 5.977 2.759 2.208 4.351 4.181 4.757 4.869 0.736 1.687 0.938 3.551 0.988 4.43 0.241-2.422 0.436-5.774 2.554-8.649 1.95-2.646 5.946-6.338 13.462-6.439 0.025 0.967-0.333 3.986-0.333 3.986m-0.497 24.544c1.076 1.306 3.372 0.452 5.095-1.204-0.883-0.224-2.082-0.623-3.405-1.134-0.786 1.025-1.663 2.013-1.69 2.338\" fill=\"#fff\"><\/path><\/g><g transform=\"matrix(7.3042,0,0,-6.7531,952.63,471.1)\"><path d=\"m0 0c0.488 0.241 1.981 0.967 3.59 1.981 1.606 1.007 3.115 2.227 3.853 3.038 0.283 0.311 0.535 0.554 0.696 0.843 0.482-0.216 0.814-0.44 1.021-0.528 0.311-0.13 0.726-0.317 0.996 0.641 0.269 0.957-0.088 1.575-0.614 2.313-0.445 0.619-1.151 1.549-1.724 1.78-0.486 0.197-0.717-0.977-0.643-0.948h0.325l0.063-0.033c-0.669-0.365-1.187-1.501-1.239-1.9-0.053-0.434 0.023-0.754 0.983-1.021l0.386-0.123c-0.801-1.026-2.294-2.087-3.311-2.839-1.443-1.07-3.491-2.407-4.074-2.793-0.583-0.384-0.534-0.505-0.308-0.411m8.672 7.538 0.052 0.513c0.675-0.832 1.176-1.822 1.126-1.962-0.31-0.027-0.696 0.283-1.371 0.595 0.075 0.248 0.138 0.522 0.193 0.854m-1.938-1e-3c-4e-3 0.156 0.256 0.59 0.806 0.827 0.549 0.239 0.792-0.428 0.84-1.24l-0.163-0.325-0.495 0.185c-0.524 0.166-0.878 0.26-0.988 0.553\" fill=\"#fff\"><\/path><\/g><g transform=\"matrix(7.3042,0,0,-6.7531,1215.5,576.87)\"><path d=\"m0 0c0.792 0.566 2.969 2.266 4.204 3.38 0.859 0.774 1.868 1.914 2.553 2.878 0.43-0.301 0.831-0.568 1.196-0.8 0.704-0.445 0.987-1.105 0.987-1.105 0.13 0.216 0.736 1.398 0.499 1.973-0.142 0.188-1.008 0.735-1.893 1.321 0.449 1.09 1.067 2.975 0.182 3.635-0.757 0.56-2.034-0.367-2.625-1.57-0.488-0.996-0.551-1.841 0.38-2.533 0.262-0.195 0.513-0.379 0.759-0.554-0.939-1.111-2.669-2.755-3.9-3.874-1.529-1.384-2.975-2.741-3.227-3.065l-0.073-0.126c-0.334 1.006-0.243 1.627-0.491 1.293-1.071-1.817 0.271-3.289 0.759-4.759-0.66-0.648-1.671-0.053-2.01 0.514-0.722 1.174-0.481 3.558-1.326 3.927-0.218-0.644-0.36-1.361-0.36-1.361s0.643-1.633 0.48-2.711c-0.101-0.652-0.635-1.415-1.336-1.428-1.876-0.052-0.951 2.95-1.675 4.65-0.147-0.417-0.252-0.863-0.428-1.249 0.133-0.447 0.206-1.067 0.225-1.426 0.048-0.713-6e-3 -1.478 0.105-2.09 0.155-0.86 0.597-1.432 1.272-1.485 1.399-0.123 2.038 1.107 2.25 2.11 0.241-1.026 2.094-2.154 3.005-0.896 1.207 1.663 0.241 3.087-0.376 4.651l-0.073 0.203c0.086-0.033 0.409 0.12 0.937 0.497m5.472 9.364c0.464 0.931 1.441 1.01 1.734 0.522 0.233-0.388 0.252-1.145-0.098-1.944-0.862 0.585-1.631 1.158-1.636 1.422\" fill=\"#fff\"><\/path><\/g><g transform=\"matrix(7.3042,0,0,-6.7531,992.43,536.89)\"><path d=\"m0 0c-1.648 0.126-2.535 1.759-3.042 4.118-0.508 2.359-0.197 5.47-0.059 6.267 0.138 0.796-0.639 0.385-0.941-1.548-0.3-1.931-0.602-5.019 0.461-8.252 1.061-3.229 2.87-4.434 4.455-4.021 1.585 0.411 2.98 4.434 3.472 6.239 0.491 1.806 2.688 9.171 3.932 9.567 0.174-0.903-0.967-3.168-1.332-6.573-0.363-3.405 0.269-7.871 4.265-8.663 3.996-0.793 6.707 2.011 7.69 3.96 0.984 1.946 1.443 3.992 1.554 5.02 0.128-2.613 1.776-6.693 4.977-7.856 3.093-1.124 5.456-0.095 6.5 1.362 0.927 1.294 1.682 3.959 1.747 6.003 0.063 2.042-1.569 5.779-1.934 6.969-0.366 1.187-0.555 2.011-0.587 2.422-0.031 0.411 0.826-0.476 1.365-0.65 0.365-0.079 0.237 0.776-0.207 1.363-0.443 0.585-2.841 4.518-3.009 4.244-0.103-0.164-1.063-3.057-1.126-3.5 0.38-0.27 0.82-1.014 0.853-1.727 0.03-0.713 0.665-3.848 1.252-5.59s1.728-5.084 1.808-6.003c-1.141-0.87-3.711-1.977-6.152-0.855-2.441 1.126-3.22 2.757-3.489 5.671-0.172 1.862-0.189 5.292-0.803 8.16-0.346 1.621-1.075 3.269-1.941 4.144-0.204-0.537-1.124-3.848-1.124-3.848 0.3-0.95 1.233-4.149 1.203-6.921-0.033-2.77-0.235-5.481-3.107-7.349-2.87-1.868-6.959-1.124-8.022 1.791-1.063 2.914 1.3 9.47 1.269 11.196-0.032 1.726-0.319 1.965-0.984 1.679-0.666-0.285-2.031-1.949-3.203-4.656-1.174-2.709-1.695-5.416-2.363-7.697-0.665-2.281-1.73-4.592-3.378-4.466\" fill=\"#fff\"><\/path><\/g><g transform=\"matrix(7.3042,0,0,-6.7531,642.92,468.66)\"><path d=\"m0 0c2.028 0.159 3.742 1.822 4.185 2.264 0.444 0.445 0.683 1.108 0.365 0.856-2.346-2.265-5.485-2.329-5.661-1.948 0.08 0.38 0.906 0.998 2.111 1.868 0.732 0.529 1.384 1.025 1.872 1.728l0.133-0.025c0.893-0.212 1.924-0.634 2.239-0.296 0.513 0.547 0.581 1.443 0.025 2.409-0.47 0.82-1.566 1.583-2.518 2.134-0.95 0.548-1.134-0.327-1.256-0.639-0.117-0.291-0.069-0.539 0.132-0.545-0.306-0.451-0.524-1.032-0.604-1.512-0.052-0.31-0.01-0.564 0.107-0.773 0.034-0.059 0.21-0.292 0.543-0.43l0.413-0.139c-0.711-0.71-1.53-1.266-1.96-1.547-0.776-0.507-1.696-1.394-1.981-2.311-0.286-0.92-0.175-1.253 1.855-1.094m3.585 6.47 0.078 0.468v0.3c0.643-0.506 1.671-1.464 1.608-2.038-0.407 0.1-1.183 0.277-1.92 0.482 0.094 0.239 0.171 0.501 0.234 0.788m-1.906-0.146c-0.473 0.408-0.012 0.815 0.407 1.077 0.541 0.338 0.858 0.059 1.135-0.828-0.097-0.254-0.233-0.501-0.393-0.738-0.421 0.141-1.014 0.367-1.149 0.489\" fill=\"#fff\"><\/path><\/g><g transform=\"matrix(7.3042,0,0,-6.7531,687.36,635.95)\"><path d=\"m0 0c-0.583-0.547-0.809-2.327-0.69-2.434 0.118-0.107 1.94-0.772 2.225-0.916l0.13 0.536c0.868-0.843 1.83-5.049 2.044-5.061 0.214-0.011 0.524 0.476 0.727 1.593 0.187 1.036 0.374 2.586 0.569 3.848 0.182 1.155 0.465 1.816 1.107 1.948 0.643 0.13 1.119-0.761 1.285-1.367 0 0 0.451 1.165 0.547 1.889-0.107 0.381-1.107 1.817-1.927 1.342-0.821-0.476-1.335-2.491-1.501-3.751-0.167-1.258-0.295-2.818-0.497-3.068-0.212 1.074-0.891 2.996-1.711 4.076-0.922 1.21-2 1.654-2.308 1.365\" fill=\"#fff\"><\/path><\/g><g transform=\"matrix(7.3042,0,0,-6.7531,630.59,621.43)\"><path d=\"m0 0c0.761 0.226 2.474 0.51 3.294 0.973 0.773 0.392 2.092 2.304 2.604 3.017 0.511 0.713 0.512 1.071 0.382 1.26-0.523 0.31-3.902 0.617-5.532 0.18-0.45-0.329-1.331-2.092-1.461-2.461-0.132-0.367 0.048-0.344 0.594-0.214 0.547 0.132 3.14 0.061 4.078-0.153-0.391-0.298-3.043-1.747-3.567-2.092-0.522-0.344-0.654-0.546-0.392-0.51\" fill=\"#fff\"><\/path><\/g><g transform=\"matrix(7.3042,0,0,-6.7531,1778.1,690.36)\"><path d=\"m0 0c-0.078 2.137-1.046 5.418-4.726 10.452-1.27 1.738-3.057 4-4.942 6.317-0.052 0.79-0.104 1.512-0.151 2.132-0.247 3.189-1.084 9.695-1.444 13.541-0.088 0.97-0.095 2.002-0.082 2.541 0.013 0.428 0.298 0.371 0.69-0.069 0.392-0.439 0.996-1.08 1.122-1.036 0.268 0.1 0.035 1.071-0.5 2.222-0.534 1.153-2.553 5.816-2.924 5.997-0.191 0.092-1.143-2.646-1.202-3.206 0.189-0.344 0.677-0.879 0.724-2.436 0.05-1.556 0.918-10.746 1.417-16.537l0.027-0.323c-2.818 3.403-5.472 6.506-6.564 7.764-0.189 0.218-0.397 0.466-0.621 0.732-0.178 1.549-0.342 3.025-0.455 4.244-0.092 0.968-0.098 2.002-0.082 2.541 9e-3 0.427 0.296 0.369 0.688-0.071 0.394-0.439 0.996-1.08 1.122-1.034 0.268 0.098 0.035 1.069-0.501 2.222-0.533 1.153-2.638 5.923-3.011 6.104-0.189 0.092-1.185-2.864-1.244-3.42 0.191-0.346 0.678-0.881 0.726-2.438 0.019-0.661 0.178-2.665 0.39-5.194-1.868 2.401-3.697 4.915-3.827 5.426-0.046 0.252 0.349 0.097 1.08-0.031 0.728-0.126 1.411-0.363 1.294 0.027-0.055 0.181-0.333 0.633-1.03 1.101-0.698 0.467-2.486 1.677-3.816 2.531-1.333 0.855-1.993 1.574-2.268 1.369-0.136-0.101-0.015-3.032 0.063-3.395 0.335-0.033 0.954-0.302 1.348-0.872 0.398-0.57 2.946-4.434 4.961-7.047 0.58-0.752 1.488-1.918 2.551-3.264 0.208-2.407 0.426-4.894 0.606-6.972 0.409-4.74 1.879-17.241 1.893-21.304-1.085-1.101-3.304-2.637-5.587-2.669-2.283-0.031-3.535 0.619-4.455 2.455-0.284 0.569-0.548 1.141-0.81 1.659-0.622 1.231-2.01 1.922-3.348 1.583l-0.204-0.059-0.364-0.189c-0.906-0.513-1.843-1.373-2.759-2.707-1.584-2.314-2.596-4.824-3.768-6.998-1.221-2.264-2.158-3.783-4.3-3.42-1.508 0.256-2.653 1.655-3.359 3.376 1.983 1.484 3.423 3.42 4.476 6.103 1.371 3.487 1.86 7.418 1.738 11.838-0.117 4.16-1.87 13.947-2.333 17.698-0.462 3.753-1.126 6.833-1.049 7.634 0.072 0.773 1.21-1.047 1.793-1.183 0.298 0.072 0.138 1.233-0.428 2.214-0.384 0.667-1.6 3.701-2.396 5.164-0.374 0.692-0.464 1.093-0.638 1.175-0.172 0.085-1.497-2.976-1.337-3.309 0.392-0.606 0.66-0.895 0.742-1.981 0.084-1.086 0.992-9.058 1.786-14.929 0.598-4.43 1.919-12.477 2.089-18.425 0.056-1.941-0.2-3.334-0.422-4.112-0.57-1.192-1.499-2.516-4.763-5.029-0.504 3.551 0.044 6.436-0.434 6.703-0.539-0.063-0.625-1.718-0.686-3.76-0.03-0.943 8e-3 -2.249 0.172-3.652-4.009-2.898-9.305-5.537-11.792-6.946-1.459-0.828-0.933-1.021 0.302-0.608 1.235 0.415 8.022 2.34 11.645 4.401l0.39 0.234c0.184-0.691 0.407-1.36 0.681-1.977 1.219-2.74 2.961-4.367 4.848-4.208 1.587 0.132 2.738 1.969 3.742 4.16 1.015 2.218 2.73 6.43 4.412 7.997 0.646 0.604 1.314 1.082 1.964 1.369 0 0 1.149 0.415 2.206-0.332 0.379-0.27 0.662-0.654 0.841-1.084 0.417-0.987 0.91-2.243 1.918-3.295 1.776-1.85 4.632-1.468 6.774-0.392 2.139 1.077 3.231 2.757 3.707 4.753 0.812 3.415 0.682 6.914 0.527 10.022-0.179 3.547-0.703 7.172-1.001 11.013-0.096 1.235-0.283 2.953-0.498 4.816 2.086-2.604 4.252-5.247 5.566-6.692 0.453-0.499 0.931-1.053 1.422-1.638 0.392-5.814 0.769-13.089 0.968-16.142 0.197-3.042 0.07-6.866 0.047-7.531-0.024-0.665 0.318-0.551 0.809 0.925 0.658 1.981 1.071 7.176 0.927 10.621-0.086 2.047-0.275 5.779-0.479 9.309 1.619-2.081 3.156-4.182 4.156-5.6 1.778-2.518 3.411-5.512 3.982-7.38 0.57-1.87 0.633-2.424 0.744-2.757s0.602 1.031 0.524 3.168\" fill=\"#fff\"><\/path><\/g><\/g><path id=\"sword\" d=\"m1558.8 1170.7c-1.1729-3.3554-4.7649-5.8169-9.0607-5.8169s-7.8806 2.4615-9.0608 5.8169h-40.678c-0.4105-4.5128-0.01-9.0477 1.2683-13.465l83.981-0.051 2.3385 3.9414c2.1113 3.5531 4.7797 6.7619 7.8731 9.5751zm55.596-39.026h-100.92c7.7559-5.5971 11.824-13.766 10.732-22.029-0.6964-5.2089-5.8571-9.099-12.147-9.6264h-3.1596c-7.6532 0.7472-13.203 6.2637-12.396 12.322l0.3079 2.3297 0.3738 3.5824c0.4106 4.4982 0.015 9.0183-1.2535 13.421h-745.97c11.077 16.117 31.273 26 53.082 25.985l680.71-0.4178c-7.7852 5.6044-11.868 13.788-10.769 22.066 0.8064 6.0585 7.6533 10.374 15.307 9.6263 7.6459-0.7472 13.195-6.2637 12.396-12.33l-0.3079-2.3223h40.004c0.7037 3.9048 4.6037 6.9011 9.354 6.9011s8.6502-2.9963 9.3613-6.9011h40.693v-0.095c8.4963 6.0294 19.294 9.4946 30.716 9.4946 10.747 0 19.456-7.4652 19.456-16.681v-4.8205c0-16.842-15.922-30.506-35.569-30.506\" fill=\"#fff\"><\/path><\/g><\/svg>                                                            \n                                                            <span class=\"eael-tab-title title-after-icon\" >\u0645\u0644\u062e\u0635<\/span>                            \n                                                    <\/li>\n                    \n                                  <\/ul>\n            <\/div>\n            \n            <div class=\"eael-tabs-content\">\n\t\t        \n                    <div id=\"abstract-tab\" class=\"clearfix eael-tab-content-item active-default\" data-title-link=\"abstract-tab\">\n\t\t\t\t        <div id=\"bgLayers_comp-llnq7smr5__e5e0887b-30de-4f7a-b0cd-b988963d9e0d\" class=\"MW5IWV\">\n<h5 id=\"bgMedia_comp-llnq7smr5__e5e0887b-30de-4f7a-b0cd-b988963d9e0d\" class=\"VgO9Yg\">Keywords<\/h5>\n<\/div>\n<div class=\"\">\n<div>\n<div id=\"comp-llnq7sms6__e5e0887b-30de-4f7a-b0cd-b988963d9e0d\" class=\"Z_l5lU ku3DBC zQ9jDz qvSjx3 Vq6kJx comp-llnq7sms6 wixui-rich-text\">\n<p class=\"font_8 wixui-rich-text__text\">Coloniality\/modernity, invention\/discovery, Renaissance\/Enlightenment, decoloniality\/Third Nomos of the Earth, Africa\/America<\/p>\n<\/div>\n<\/div>\n<\/div>\n                    <\/div>\n\t\t        \n                    <div id=\"rsum-tab\" class=\"clearfix eael-tab-content-item inactive\" data-title-link=\"rsum-tab\">\n\t\t\t\t        <p class=\"font_8 wixui-rich-text__text\">Je voudrais saisir cette occasion pour honorer l\u2019h\u00e9ritage de l\u2019ouvrage de Valentin Y. Mudimbe, The Invention of Africa\u2009: Gnosis, Philosophy, and the Order of Knowledge (1988). Il y a plusieurs raisons pour que je prenne cette route. L\u2019une, ce sont les nombreuses conversations que nous avons eues depuis que j\u2019ai rejoint l\u2019universit\u00e9 de Duke en 1993 et ce que j\u2019ai appris de sa d\u00e9monstration selon laquelle l\u2019Afrique \u00e9tait et est une invention de l\u2019imaginaire occidental. La seconde est que je voudrais mettre sa th\u00e8se en dialogue productif avec La invenci\u00f3n de Am\u00e9rica\u2009: El universalismo de la cultura de Occidente d\u2019Edmundo O\u2019Gorman (1958). Pour Mudimbe, Michel Foucault a \u00e9t\u00e9 une source d\u2019inspiration de son argumentation. Pour O\u2019Gorman, c\u2019\u00e9tait Martin Heidegger. Ce qui les relie, ce sont les legs g\u00e9opolitiques de la colonialit\u00e9 confrontant la philosophie \u00e0 la gnose (la sagesse est plus que la connaissance) dans le premier cas, et ramenant, dans le second, l\u2019universalisme occidental \u00e0 sa propre taille. Tous deux ont lutt\u00e9 contre la totalit\u00e9 totalitaire du savoir et les legs coloniaux de la modernit\u00e9 et de la civilisation occidentales. Tous deux ont r\u00e9v\u00e9l\u00e9 que r\u00e9pondre \u00e0 l\u2019eurocentrisme de la philosophie dans le premier cas et \u00e0 l\u2019universalisme historique occidental dans le second ne signifiait pas revenir \u00e0 un pass\u00e9 intact, mais plut\u00f4t avancer dans le pr\u00e9sent vers et \u00e0 travers les reconstitutions d\u00e9coloniales du destitu\u00e9, qui sont d\u00e9sormais les seules choses qui nous restent. Le pass\u00e9 s\u2019en est all\u00e9 et le futur n\u2019existe pas encore.         <\/p>\n<h5 class=\"font_8 wixui-rich-text__text\">Mots-cl\u00e9s<\/h5>\n<p class=\"font_8 wixui-rich-text__text\">Colonialit\u00e9\/modernit\u00e9, invention\/d\u00e9couverte, Renaissance\/Lumi\u00e8res, d\u00e9colonialit\u00e9\/Troisi\u00e8me Nomos de la Terre, Afrique\/Am\u00e9rique<\/p>\n                    <\/div>\n\t\t        \n                    <div id=\"muhtasari-tab\" class=\"clearfix eael-tab-content-item inactive\" data-title-link=\"muhtasari-tab\">\n\t\t\t\t        <p>\/\/\/\n <\/p>\n                    <\/div>\n\t\t        \n                    <div id=\"-tab\" class=\"clearfix eael-tab-content-item inactive\" data-title-link=\"-tab\">\n\t\t\t\t        <p>\/\/\/<\/p>\n                    <\/div>\n\t\t                    <\/div>\n        <\/div>\n\t\t\t\t<\/div>\n\t\t\t\t<\/div>\n\t\t\t\t<div class=\"elementor-element elementor-element-b67fcda elementor-blockquote--skin-border elementor-widget elementor-widget-blockquote\" data-id=\"b67fcda\" data-element_type=\"widget\" data-e-type=\"widget\" data-widget_type=\"blockquote.default\">\n\t\t\t\t<div class=\"elementor-widget-container\">\n\t\t\t\t\t\t\t<blockquote class=\"elementor-blockquote\">\n\t\t\t<p class=\"elementor-blockquote__content\">\n\t\t\t\tShould a writer just sit in a room churning out novels to be sold in the United States, or become a wandering minstrel? None of these cities are sacred to us, they cannot be\u2014New York, Paris, London, Lisbon\u2014they are other peoples\u2019 cities, so when we as African writers look at them they are all primarily colonial centers, and now they are also places for us to meet. \t\t\t<\/p>\n\t\t\t\t\t\t\t<div class=\"e-q-footer\">\n\t\t\t\t\t\t\t\t\t\t\t<cite class=\"elementor-blockquote__author\">Ama Ata Aidoo (1993)<\/cite>\n\t\t\t\t\t\t\t\t\t\t\t\t\t\t<\/div>\n\t\t\t\t\t<\/blockquote>\n\t\t\t\t\t\t<\/div>\n\t\t\t\t<\/div>\n\t\t\t\t<div class=\"elementor-element elementor-element-cce1caa elementor-blockquote--skin-border elementor-widget elementor-widget-blockquote\" data-id=\"cce1caa\" data-element_type=\"widget\" data-e-type=\"widget\" data-widget_type=\"blockquote.default\">\n\t\t\t\t<div class=\"elementor-widget-container\">\n\t\t\t\t\t\t\t<blockquote class=\"elementor-blockquote\">\n\t\t\t<p class=\"elementor-blockquote__content\">\n\t\t\t\tSe conoce para vivir y no por el mero hecho de conocer (Knowing is for living and not for the mere fact of knowing).\t\t\t<\/p>\n\t\t\t\t\t\t\t<div class=\"e-q-footer\">\n\t\t\t\t\t\t\t\t\t\t\t<cite class=\"elementor-blockquote__author\">Gunther Rodolfo Kusch (2008, p. 89)<\/cite>\n\t\t\t\t\t\t\t\t\t\t\t\t\t\t<\/div>\n\t\t\t\t\t<\/blockquote>\n\t\t\t\t\t\t<\/div>\n\t\t\t\t<\/div>\n\t\t\t\t<div class=\"elementor-element elementor-element-ff89d56 elementor-widget elementor-widget-text-editor\" data-id=\"ff89d56\" data-element_type=\"widget\" data-e-type=\"widget\" data-widget_type=\"text-editor.default\">\n\t\t\t\t<div class=\"elementor-widget-container\">\n\t\t\t\t\t\t\t\t\t<p>Je voudrais saisir cette occasion pour honorer l\u2019h\u00e9ritage de l\u2019ouvrage de Valentin-Yves Mudimbe, <i>The Invention of Africa: Gnosis, Philosophy, and the Order of Knowledge<\/i> (1988). Plusieurs raisons me poussent \u00e0 faire cela. La premi\u00e8re tient aux nombreuses conversations que nous avons eues depuis que j\u2019ai rejoint l\u2019universit\u00e9 Duke \u00e0 Durham en 1993 et de ce que j\u2019ai appris de son argumentation qui soutient que l\u2019Afrique \u00e9tait et est une invention de l\u2019imaginaire occidental. La deuxi\u00e8me raison est que je voudrais confronter sa th\u00e8se, dans un dialogue productif, avec <i>La invenci\u00f3n de Am\u00e9rica\u2009: El universalismo de la cultura de Occidente d\u2019Edmundo O\u2019Gorman<\/i> (1958). Pour Mudimbe, Michel Foucault a \u00e9t\u00e9 une source d\u2019inspiration de son argumentation, alors que pour O\u2019Gorman, c\u2019\u00e9tait Martin Heidegger. Ce qui les relie, ce sont les legs g\u00e9opolitiques de la colonialit\u00e9, confrontant la philosophie \u00e0 la gnose (la sagesse est plus que la connaissance) dans le premier cas, et ramenant, dans le second, l\u2019universalisme occidental \u00e0 sa propre taille. Tous deux ont lutt\u00e9 contre la totalit\u00e9 totalitaire du savoir et les legs coloniaux de la modernit\u00e9 et de la civilisation occidentales. Tous deux ont r\u00e9v\u00e9l\u00e9 que r\u00e9pondre \u00e0 l\u2019eurocentrisme de la philosophie dans le premier cas et \u00e0 l\u2019universalisme historique occidental dans le second ne signifiait pas revenir \u00e0 un pass\u00e9 intact, mais plut\u00f4t avancer dans le pr\u00e9sent vers et \u00e0 travers les reconstitutions d\u00e9coloniales du destitu\u00e9. Ce sont d\u00e9sormais les seules chances qui nous restent. Cela signifie \u00eatre ancr\u00e9s dans les sols spirituels des histoires locales mat\u00e9rielles, dans un sol qui pourrait \u00eatre \u00e9galement les exp\u00e9riences mobiles et nomades des migrants et des r\u00e9fugi\u00e9s. Bien que le travail de Mudimbe est enracin\u00e9 dans l\u2019exp\u00e9rience africaine et celui d\u2019O\u2019Gorman dans celle des Am\u00e9riques (\u00e0 ne pas confondre avec les \u00c9tats-Unis), les fronti\u00e8res ou le temps n\u2019en contenaient aucune des visions\u2009: pour eux comme pour nous, le pass\u00e9 s\u2019en est all\u00e9 et le futur n\u2019existe pas3 .<\/p><p>En Afrique et en Am\u00e9rique, les processus de reconstitution suivent des chemins diff\u00e9rents face \u00e0 un intrus commun qui est arriv\u00e9 \u00e0 des moments diff\u00e9rents en des lieux diff\u00e9rents. Les Premi\u00e8res Nations et les Africains diasporiques \u00e9taient (\u00e0 c\u00f4t\u00e9 des Europ\u00e9ens diasporiques) des \u00e9l\u00e9ments d\u00e9mographiques constitutifs de l\u2019Am\u00e9rique entre 1500 et 1800. Diff\u00e9rentes trajectoires appelant une reconstitution gnos\u00e9ologique (savoir) et esth\u00e9sique (sentir) ont par cons\u00e9quent \u00e9merg\u00e9 en raison des sp\u00e9cificit\u00e9s de chaque histoire locale ayant subi l\u2019invasion, l\u2019intrusion ou l\u2019interf\u00e9rence de l\u2019expansion occidentale et de sa machine de destitution. La reconstitution du destitu\u00e9, construite sur les histoires locales, les langues, les m\u00e9moires et les pratiques de vie est en cours aujourd\u2019hui sur la plan\u00e8te, ce qui inclut l\u2019implication croissante des migrants et des communaut\u00e9s diasporiques, en particulier dans l\u2019ancienne Europe occidentale et aux \u00c9tats-Unis.\u00a0<\/p><p>La diversit\u00e9 plan\u00e9taire de ces processus a un \u00e9l\u00e9ment en commun\u2009: ils r\u00e9pondent aux interventions et aux interf\u00e9rences de la colonialit\u00e9 cach\u00e9es sous la banni\u00e8re de la modernit\u00e9. Je consid\u00e8re que ce journal et les initiatives qui le sous-tendent en sont un bon exemple. L\u2019\u00e8re de l\u2019universel abstrait est toujours l\u00e0, mais s\u2019effrite\u2009; l\u2019\u00e8re de la pluriversalit\u00e9 et de la multipolarit\u00e9 commence.<\/p>\t\t\t\t\t\t\t\t<\/div>\n\t\t\t\t<\/div>\n\t\t\t\t<div class=\"elementor-element elementor-element-d60634c elementor-widget elementor-widget-heading\" data-id=\"d60634c\" data-element_type=\"widget\" data-e-type=\"widget\" data-widget_type=\"heading.default\">\n\t\t\t\t<div class=\"elementor-widget-container\">\n\t\t\t\t\t<h2 class=\"elementor-heading-title elementor-size-default\">Introduction<\/h2>\t\t\t\t<\/div>\n\t\t\t\t<\/div>\n\t\t\t\t<div class=\"elementor-element elementor-element-f2447cd elementor-widget elementor-widget-text-editor\" data-id=\"f2447cd\" data-element_type=\"widget\" data-e-type=\"widget\" data-widget_type=\"text-editor.default\">\n\t\t\t\t<div class=\"elementor-widget-container\">\n\t\t\t\t\t\t\t\t\t<p>L\u2019image de l\u2019Afrique dans l\u2019horizon colonial de la modernit\u00e9 m\u2019est venue, bien que n\u2019ayant pas \u00e9t\u00e9 conceptualis\u00e9e comme telle alors, au cours des ann\u00e9es d\u2019enqu\u00eate et de r\u00e9daction de <i>The Darker Side of the Renaissance: Literacy, Territorality and Colonization<\/i> (1995). Elle m\u2019est venue, sans effort, de deux mani\u00e8res. Premi\u00e8rement, elle \u00e9tait reli\u00e9e aux deux derniers chapitres du livre consacr\u00e9s \u00e0 l\u2019op\u00e9ration d\u2019invention de la distribution plan\u00e9taire des masses terrestres et aquatiques par l\u2019octroi d\u2019un nom aux quatre continents (Afrique, Asie, Am\u00e9rique et Europe). J\u2019insiste sur cet acte d\u2019invention pour me d\u00e9tacher de la croyance, longtemps entretenue, selon laquelle la carte repr\u00e9sente le territoire et de l\u2019id\u00e9e que, lorsque la plan\u00e8te Terre est apparue pour la premi\u00e8re fois en Occident, au sein du concept de syst\u00e8me solaire et sur la sc\u00e8ne de l\u2019univers, elle \u00e9tait d\u00e9j\u00e0 faite desdits quatre continents et des grands oc\u00e9ans (d\u00e9nomm\u00e9s Indien, M\u00e9diterran\u00e9e, Atlantique et Pacifique dans la cartographie occidentale). Les c\u00e9l\u00e8bres mappemondes de Gerardus Mercator et d\u2019Abraham Ortelius (orbis terrarium) ont imprim\u00e9 l\u2019image de ces quatre continents et de ces masses d\u2019eau dans notre imaginaire collectif, renfor\u00e7ant l\u2019id\u00e9e que la plan\u00e8te est ce que les cartes disent qu\u2019elle est. Les cartographes, les imprimeurs, les distributeurs et les utilisateurs de ces cartes n\u2019ont pas dit\u2009: \u00ab\u2009Voici \u00e0 quoi nous pensons que la plan\u00e8te ressemble\u2009\u00bb, mais ont simplement pr\u00e9sum\u00e9 que ce qui est, c\u2019est ce qu\u2019ils croient qu\u2019elle est. Dans un article que j\u2019ai publi\u00e9 en 1993, \u00ab\u2009Misunderstanding and Colonization\u2009\u00bb, j\u2019ai \u00e9crit ce qui suit\u2009:<\/p>\t\t\t\t\t\t\t\t<\/div>\n\t\t\t\t<\/div>\n\t\t\t\t<div class=\"elementor-element elementor-element-ae39d62 elementor-blockquote--skin-border elementor-widget elementor-widget-blockquote\" data-id=\"ae39d62\" data-element_type=\"widget\" data-e-type=\"widget\" data-widget_type=\"blockquote.default\">\n\t\t\t\t<div class=\"elementor-widget-container\">\n\t\t\t\t\t\t\t<blockquote class=\"elementor-blockquote\">\n\t\t\t<p class=\"elementor-blockquote__content\">\n\t\t\t\tL\u2019id\u00e9e m\u00eame que des terres et des peuples inconnus d\u2019un observateur europ\u00e9en constituent un \u00ab\u2009nouveau\u2009\u00bb monde uniquement parce que l\u2019observateur en question ne les conna\u00eet pas met en \u00e9vidence la question plus large de l\u2019arrogance et de l\u2019ethnocentrisme d\u2019un observateur pour qui ce qui est inconnu n\u2019existe pas. \t\t\t<\/p>\n\t\t\t\t\t<\/blockquote>\n\t\t\t\t\t\t<\/div>\n\t\t\t\t<\/div>\n\t\t\t\t<div class=\"elementor-element elementor-element-6973c58 elementor-widget elementor-widget-text-editor\" data-id=\"6973c58\" data-element_type=\"widget\" data-e-type=\"widget\" data-widget_type=\"text-editor.default\">\n\t\t\t\t<div class=\"elementor-widget-container\">\n\t\t\t\t\t\t\t\t\t<p>L\u2019Invention de Mudimbe toucha une corde sensible. Je per\u00e7us que Mudimbe faisait face \u00e0 certaines pr\u00e9occupations, bien qu\u2019il le f\u00eet en exhumant les archives africaines et en donnant corps aux souvenirs de la colonisation fran\u00e7aise et britannique. Je me suis senti dans l\u2019argumentation de Mudimbe comme nanti d\u2019un compagnon de voyage\u2009: nous ne nous connaissions pas alors, et pourtant nous marchions dans la m\u00eame direction, en suivant les chemins de nos propres histoires locales, en affrontant les conceptions globales. Il y a \u00e9galement eu des echos de son livre dans l\u2019ouvrage de Ngugi wa Thiong\u2019o, Decolonising the Mind (1986), publi\u00e9 \u00e0 la m\u00eame \u00e9poque, et plus encore ceux de l\u2019argumentaire, publi\u00e9 trois d\u00e9cennies auparavant, de l\u2019historien et philosophe mexicano-irlandais Edmundo O\u2019Gorman. L\u2019ouvrage de r\u00e9f\u00e9rence d\u2019O\u2019Gorman, La invenci\u00f3n de Am\u00e9rica\u2009: El universalismo de la cultura occidental (1958) \u00e9tait alors et reste aujourd\u2019hui un pilier de ma propre conception de l\u2019ordre mondial depuis 1500. R\u00e9trospectivement, le pluriversel \u00e9tait en train d\u2019\u00e9merger.     <\/p><p>Comme je l\u2019ai d\u00e9j\u00e0 mentionn\u00e9, Mudimbe est arriv\u00e9 \u00e0 la conclusion que l\u2019Afrique n\u2019a pas \u00e9t\u00e9 d\u00e9couverte, mais invent\u00e9e, gr\u00e2ce aux travaux de Michel Foucault sur la croyance occidentale qui consiste \u00e0 associer des mots aux choses. O\u2019Gorman, quelques ann\u00e9es avant la publication par Foucault de <em>Les mots et les choses<\/em> (1966), a compris que l\u2019histoire canonique selon laquelle un heureux 12 octobre 1492, l\u2019Am\u00e9rique a \u00e9t\u00e9 d\u00e9couverte, prenait l\u2019eau. Il est parvenu \u00e0 cette conclusion en \u00e9ditant un texte j\u00e9suite classique du XVIe si\u00e8cle, l\u2019Historia Natural y Moral de las Indias (1590) de Jos\u00e9 de Acosta, d\u00e9j\u00e0 familier de la \u00ab\u2009mondanit\u00e9 du monde\u2009\u00bb explor\u00e9e par Martin Heidegger dans Sein und Zeit (1927). En d\u00e9pit des concr\u00e9tisations g\u00e9opolitiques distinctives et diff\u00e9rentes inscrites dans les Am\u00e9riques et en Afrique, O\u2019Gorman et Mudimbe partagent un \u00e9l\u00e9ment crucial\u2009: tous deux ont per\u00e7u et hum\u00e9 la colonialit\u00e9 derri\u00e8re le rideau, le c\u00f4t\u00e9 obscur de la modernit\u00e9 occidentale[4]. En ce qui me concerne, ce que j\u2019ai en commun avec O\u2019Gorman a \u00e9t\u00e9 rendu explicite dans The Darker Side of the Renaissance ([1995] 2003) et plus tard dans The Idea of Latin America (2006)\u2009: l\u2019argument de Humberto Maturana, selon lequel la \u00ab\u2009r\u00e9alit\u00e9\u2009\u00bb et l\u2019\u00ab\u2009objectivit\u00e9\u2009\u00bb servent \u00e0 invalider l\u2019argumentation, a \u00e9clairci mon chemin vers l\u2019herm\u00e9neutique pluritopique et, plus tard, la pluriversalit\u00e9 (ou le multivers dans le vocabulaire de Maturana [1988]). Alors que le concept de colonialit\u00e9 introduit par le sociologue p\u00e9ruvien An\u00edbal Quijano en 1992 \u00e9clairait le c\u00f4t\u00e9 obscur de la modernit\u00e9 occidentale.     <\/p><p>Chez Mudimbe, le lien apparaissait tr\u00e8s clairement dans le paragraphe ci-dessous, tir\u00e9 de son \u0153uvre ant\u00e9rieure, <em>L\u2019Odeur du p\u00e8re\u2009<\/em>:<\/p>\t\t\t\t\t\t\t\t<\/div>\n\t\t\t\t<\/div>\n\t\t\t\t<div class=\"elementor-element elementor-element-8af2563 elementor-blockquote--skin-border elementor-widget elementor-widget-blockquote\" data-id=\"8af2563\" data-element_type=\"widget\" data-e-type=\"widget\" data-widget_type=\"blockquote.default\">\n\t\t\t\t<div class=\"elementor-widget-container\">\n\t\t\t\t\t\t\t<blockquote class=\"elementor-blockquote\">\n\t\t\t<p class=\"elementor-blockquote__content\">\n\t\t\t\tMichel Foucault est un symbole\u2009: il est une excellente actualisation de cette pens\u00e9e occidentale dont nous aimerions nous d\u00e9faire. Et le poser ainsi \u00e0 l\u2019entr\u00e9e de notre chemin c\u2019est, \u00e0 mon sens, une mani\u00e8re brutale de poser les probl\u00e8mes les plus importants que nous travaillons. (Mudimbe, 1982, pp. 42) \t\t\t<\/p>\n\t\t\t\t\t<\/blockquote>\n\t\t\t\t\t\t<\/div>\n\t\t\t\t<\/div>\n\t\t\t\t<div class=\"elementor-element elementor-element-e93741d elementor-widget elementor-widget-text-editor\" data-id=\"e93741d\" data-element_type=\"widget\" data-e-type=\"widget\" data-widget_type=\"text-editor.default\">\n\t\t\t\t<div class=\"elementor-widget-container\">\n\t\t\t\t\t\t\t\t\t<p>Si Mudimbe avait exprim\u00e9 son interpr\u00e9tation de la colonialit\u00e9 et de ses objectifs dans son propre vocabulaire, mon interpr\u00e9tation parall\u00e8le de la colonialit\u00e9 \u00e9tait quant \u00e0 elle profond\u00e9ment ancr\u00e9e, sur le plan historique, dans les premiers \u00e9tablissements espagnols et portugais dans les Am\u00e9riques suivis, depuis le XIXe si\u00e8cle, par une gestion britannique et fran\u00e7aise de l\u2019Am\u00e9rique du Sud sans colonialisme de peuplement, et, sur le plan personnel, dans les histoires familiales des immigrants italiens. Quijano a ouvert une dimension suppl\u00e9mentaire de la d\u00e9colonisation\u2009: la d\u00e9colonialit\u00e9, qui apr\u00e8s lui signifie s\u2019extirper (la d\u00e9connexion, delinking, Samir Amin) des cha\u00eenes de la modernit\u00e9 \u00abcoloniale\u00bb, \u00e0 savoir les r\u00e9gulations \u00e9pist\u00e9miques et esth\u00e9tiques (toutes deux intriqu\u00e9es dans la th\u00e9orie politique et l\u2019\u00e9conomie politique) h\u00e9g\u00e9moniques du savoir, de la connaissance, de la sensation, de l\u2019\u00e9motion et, bri\u00e8vement, des pratiques de vie expos\u00e9es \u00e0 la s\u00e9duction et\/ou \u00e0 la violence de la modernit\u00e9 occidentale (Mignolo, 2021). <\/p>\t\t\t\t\t\t\t\t<\/div>\n\t\t\t\t<\/div>\n\t\t\t\t<div class=\"elementor-element elementor-element-2732ad0 elementor-widget elementor-widget-heading\" data-id=\"2732ad0\" data-element_type=\"widget\" data-e-type=\"widget\" data-widget_type=\"heading.default\">\n\t\t\t\t<div class=\"elementor-widget-container\">\n\t\t\t\t\t<h2 class=\"elementor-heading-title elementor-size-default\">Une arch\u00e9ologie de l\u2019invention (et l\u2019id\u00e9e de l\u2019Afrique)<\/h2>\t\t\t\t<\/div>\n\t\t\t\t<\/div>\n\t\t\t\t<div class=\"elementor-element elementor-element-1d3bba8 elementor-widget elementor-widget-text-editor\" data-id=\"1d3bba8\" data-element_type=\"widget\" data-e-type=\"widget\" data-widget_type=\"text-editor.default\">\n\t\t\t\t<div class=\"elementor-widget-container\">\n\t\t\t\t\t\t\t\t\t<p>S\u2019arrimer \u00e0 l\u2019ann\u00e9e 1652 pour fixer une extr\u00e9mit\u00e9 chronologique de mon argumentation ne signifie en rien que \u00e7\u2019ait \u00e9t\u00e9 le moment sp\u00e9cifique durant lequel l\u2019Afrique a \u00e9merg\u00e9 du n\u00e9ant dans la conscience de l\u2019esp\u00e8ce humaine (ou du moins dans celle des chr\u00e9tiens europ\u00e9ens \u00e9duqu\u00e9s). C\u2019est l\u2019ann\u00e9e o\u00f9 les premi\u00e8res implantations hollandaises ont ouvert la voie aux colonies europ\u00e9ennes croissantes et continues sur le continent qui, au d\u00e9but du XVIe si\u00e8cle, \u00e9tait distinctement \u00abidentifi\u00e9\u00bb comme l\u2019un des quatre continents de la plan\u00e8te Terre. Mais ce n\u2019est pas tout. Dans la seconde moiti\u00e9 du XVIIIe si\u00e8cle, Adam Smith avait ceci \u00e0 dire sur la \u00ab\u2009d\u00e9couverte\u2009\u00bb du cap de Bonne-Esp\u00e9rance et sur l\u2019Afrique dans l\u2019horizon colonial de la modernit\u00e9\u2009:   <\/p>\t\t\t\t\t\t\t\t<\/div>\n\t\t\t\t<\/div>\n\t\t\t\t<div class=\"elementor-element elementor-element-76ab741 elementor-blockquote--skin-border elementor-widget elementor-widget-blockquote\" data-id=\"76ab741\" data-element_type=\"widget\" data-e-type=\"widget\" data-widget_type=\"blockquote.default\">\n\t\t\t\t<div class=\"elementor-widget-container\">\n\t\t\t\t\t\t\t<blockquote class=\"elementor-blockquote\">\n\t\t\t<p class=\"elementor-blockquote__content\">\n\t\t\t\tLa d\u00e9couverte de l\u2019Am\u00e9rique et celle d\u2019un passage aux Indes orientales par le cap de Bonne-Esp\u00e9rance sont les deux \u00e9v\u00e9nements les plus remarquables et les plus importants dont fassent mention les annales du genre humain\u2009; ils ont d\u00e9j\u00e0 produit de bien grands effets. Mais dans le court espace de deux \u00e0 trois si\u00e8cles qui s\u2019est \u00e9coul\u00e9 depuis que ces d\u00e9couvertes ont \u00e9t\u00e9 faites, il est impossible qu\u2019on aper\u00e7oive encore toute l\u2019\u00e9tendue des cons\u00e9quences qu\u2019elles doivent amener \u00e0 leur suite. Aucune sagesse humaine ne peut pr\u00e9voir quels bienfaits ou quelles infortunes ces deux grands \u00e9v\u00e9nements pr\u00e9parent aux hommes dans la suite des temps. (Smith, [1776]1881\/1991, L. IV, ch. 7, section 3, p. 339)\t\t\t<\/p>\n\t\t\t\t\t<\/blockquote>\n\t\t\t\t\t\t<\/div>\n\t\t\t\t<\/div>\n\t\t\t\t<div class=\"elementor-element elementor-element-79c264e elementor-widget elementor-widget-text-editor\" data-id=\"79c264e\" data-element_type=\"widget\" data-e-type=\"widget\" data-widget_type=\"text-editor.default\">\n\t\t\t\t<div class=\"elementor-widget-container\">\n\t\t\t\t\t\t\t\t\t<p>Les d\u00e9buts, comme nous le savons, sont les points d\u2019inflexion des traces d\u00e9j\u00e0 existantes qui acqui\u00e8rent des significations distinctes apr\u00e8s le tournant. Les commencements et tournants sont toujours des r\u00e9cits r\u00e9trospectifs. \u00c0 cet \u00e9gard, le point d\u2019inflexion de l\u2019invention de l\u2019Afrique et de sa place dans l\u2019horizon colonial de la modernit\u00e9 s\u2019est produit au XVIe si\u00e8cle (avant la \u00ab\u2009d\u00e9couverte\u2009\u00bb du cap de Bonne-Esp\u00e9rance) lorsqu\u2019elle est devenue l\u2019un des quatre continents, un continent d\u00e9j\u00e0 m\u00e9pris\u00e9 dans l\u2019imaginaire chr\u00e9tien occidental et dont le statut inf\u00e9rieur serait r\u00e9affirm\u00e9 dans les arguments s\u00e9culiers ult\u00e9rieurs d\u2019Immanuel Kant et de G.W.F. Hegel (voir ci-dessous note 15). La \u00ab\u2009d\u00e9couverte\u2009\u00bb du cap de Bonne-Esp\u00e9rance \u00e9tait en quelque sorte un destin de la \u00ab\u2009d\u00e9couverte\u2009\u00bb de l\u2019Am\u00e9rique qui elle m\u00eame \u00e9tait un destin du r\u00e9cit de No\u00e9.   <\/p>\n<p>Mudimbe a poursuivi l\u2019invention de l\u2019Afrique par une enqu\u00eate arch\u00e9ologique m\u00e9ticuleuse\u2009: The Idea of Africa (1994). Cette fois, l\u2019objectif principal de Mudimbe \u00e9tait de d\u00e9mystifier l\u2019id\u00e9e eurocentrique selon laquelle l\u2019Afrique a \u00e9t\u00e9 d\u00e9couverte au XVe si\u00e8cle, l\u2019\u00e9poque des explorations maritimes portugaises (et, \u00e0 une moindre \u00e9chelle, espagnoles) de la mer M\u00e9diterran\u00e9e et de la c\u00f4te occidentale de l\u2019Afrique. \u00ab\u2009Quand l\u2019Afrique a-t-elle \u00e9t\u00e9 d\u00e9couverte\u2009?\u2009\u00bb demande Mudimbe, caustique. Et il poursuit\u2009:   <\/p>\t\t\t\t\t\t\t\t<\/div>\n\t\t\t\t<\/div>\n\t\t\t\t<div class=\"elementor-element elementor-element-d0ad238 elementor-blockquote--skin-border elementor-widget elementor-widget-blockquote\" data-id=\"d0ad238\" data-element_type=\"widget\" data-e-type=\"widget\" data-widget_type=\"blockquote.default\">\n\t\t\t\t<div class=\"elementor-widget-container\">\n\t\t\t\t\t\t\t<blockquote class=\"elementor-blockquote\">\n\t\t\t<p class=\"elementor-blockquote__content\">\n\t\t\t\tAfrica was discovered in the fifteenth century. That at least is what most history books say. Professors teach it, students accept it as truth. In any case, why doubt? The media propagate the veracity of the fact in the sagas of European explorers. That is the first meaning, this discovery (that is this unveiling, this observation) meant and still means the primary violence signified by the word. The slave trade narrated itself accordingly, and the same movement of reduction progressively guaranteed the gradual invasion of the continent5 . (Mudimbe, 1994, pp. 17)       \t\t\t<\/p>\n\t\t\t\t\t<\/blockquote>\n\t\t\t\t\t\t<\/div>\n\t\t\t\t<\/div>\n\t\t\t\t<div class=\"elementor-element elementor-element-528eb01 elementor-widget elementor-widget-text-editor\" data-id=\"528eb01\" data-element_type=\"widget\" data-e-type=\"widget\" data-widget_type=\"text-editor.default\">\n\t\t\t\t<div class=\"elementor-widget-container\">\n\t\t\t\t\t\t\t\t\t<p>Pour ce faire, Mudimbe est remont\u00e9 plusieurs si\u00e8cles avant J.-C. \u00e0 la recherche de r\u00e9cits documentant les interactions, dans H\u00e9rodote par exemple, entre les habitants de la Lybie, au nord du continent, et les \u00c9thiopiens \u00e0 la peau plus fonc\u00e9e, sur la c\u00f4te est. La dimension enti\u00e8re du continent \u00e9tait \u00e9videmment inconnue. C\u2019est-\u00e0-dire que l\u2019\u00abid\u00e9e de l\u2019Afrique\u00bb dont nous sommes familiers apr\u00e8s la cartographie europ\u00e9enne du XVIe si\u00e8cle n\u2019\u00e9tait dans l\u2019esprit de personne. Sur la carte du monde de Ptol\u00e9m\u00e9e (vers 150 apr\u00e8s J.-C.), la plupart de la partie nord de l\u2019Afrique est repr\u00e9sent\u00e9e, ainsi que les c\u00f4tes ouest et est (et c\u2019est tout) de ce qui allait devenir connu en tant qu\u2019Afrique. La m\u00eame image visuelle appara\u00eet dans la c\u00e9l\u00e8bre carte du monde (1154 apr\u00e8s J.-C.) du g\u00e9ographe arabo-musulman Abu Abdullah Muhammad al-Idrisi6 . Il faut noter que pour al-Idrissi, qui \u00e9tait n\u00e9 \u00e0 Ceuta, qui n\u2019\u00e9tait pas encore une enclave espagnole \u00e0 l\u2019\u00e9poque, mais \u00e9tait sous le controle du califat almoravide (Almohade) et qui vivait en Sicile, le Sud (et donc l\u2019Afrique) \u00e9tait en haut de la carte plate. Comme on le dit souvent (inconsciemment, j\u2019imagine, mais r\u00e9v\u00e9lant la d\u00e9formation cognitive perverse de la colonialit\u00e9)\u2009: dans la carte d\u2019al-Idrisi le Sud est au Nord.<\/p><p>Mes propres recherches sont concomitantes et parall\u00e8les \u00e0 l\u2019orientation g\u00e9n\u00e9rale de Mudimbe. Elles m\u2019ont conduit \u2013 au lieu d\u2019H\u00e9rodote \u2013 \u00e0 la conception trinitaire chr\u00e9tienne de la plan\u00e8te Terre inventant trois continents (Asie, Afrique et Europe) et les associant aux trois fils de No\u00e9\u2009:\u00a0<\/p><blockquote>Sem \u00e9tait associ\u00e9 \u00e0 l\u2019Asie, Cham \u00e0 l\u2019Afrique et Japhet \u00e0 l\u2019Europe. Dans La Cit\u00e9 de Dieu, saint Augustin se demand \u00ab\u2009si apr\u00e8s le d\u00e9luge, il resta quelques traces de la sainte cit\u00e9, ou si elles furent enti\u00e8rement effac\u00e9es pendant quelque temps, en sorte qu\u2019il n\u2019y eut plus personne qui ador\u00e2t le vrai Dieu\u2009\u00bb (Saint Augustin, ([426] 1853), Livre XVI, I, p. 501).<\/blockquote><p>\u00c9coutons le r\u00e9cit de saint Augustin\u2009:<\/p>\t\t\t\t\t\t\t\t<\/div>\n\t\t\t\t<\/div>\n\t\t\t\t<div class=\"elementor-element elementor-element-60ac89e elementor-blockquote--skin-border elementor-widget elementor-widget-blockquote\" data-id=\"60ac89e\" data-element_type=\"widget\" data-e-type=\"widget\" data-widget_type=\"blockquote.default\">\n\t\t\t\t<div class=\"elementor-widget-container\">\n\t\t\t\t\t\t\t<blockquote class=\"elementor-blockquote\">\n\t\t\t<p class=\"elementor-blockquote__content\">\n\t\t\t\tEn fait, depuis No\u00e9, qui m\u00e9rita avec sa famille d\u2019\u00eatre sauv\u00e9 dans l\u2019arche de l\u2019inondation universelle, jusqu\u2019\u00e0 Abraham, nous ne trouvons point que les livres canoniques parlent de la pi\u00e9t\u00e9 de qui que ce soit. On y voit seulement que No\u00e9, p\u00e9n\u00e9tr\u00e9 d\u2019un esprit proph\u00e9tique, et regardant dans l\u2019avenir, b\u00e9nit deux de ses fils, Sem et Japhet. (Saint Augustin, ([426] 1853), Livre XVI, I, p. 501. [C\u2019est l\u2019auteur qui souligne, NDT]) \t\t\t<\/p>\n\t\t\t\t\t<\/blockquote>\n\t\t\t\t\t\t<\/div>\n\t\t\t\t<\/div>\n\t\t\t\t<div class=\"elementor-element elementor-element-d543d4d elementor-widget elementor-widget-text-editor\" data-id=\"d543d4d\" data-element_type=\"widget\" data-e-type=\"widget\" data-widget_type=\"text-editor.default\">\n\t\t\t\t<div class=\"elementor-widget-container\">\n\t\t\t\t\t\t\t\t\t<p>No\u00e9 f\u00e9licite deux de ses fils, Sem et Japhet, mais pas Cham. Comme il est bien connu dans le r\u00e9cit biblique, No\u00e9 a maudit Canaan \u2013 le fils de Cham \u2013 pour un p\u00e9ch\u00e9 que Cham aurait commis. Ce qui n\u2019est pas bien connu et reste ouvert \u00e0 la sp\u00e9culation, c\u2019est quel \u00e9tait le p\u00e9ch\u00e9 commis et si c\u2019est Cham ou Canaan qui l\u2019a commis. Cela n\u2019emp\u00eache pas l\u2019imp\u00e9ratif \u00ab\u2009Mal\u00e9diction sur Canaan\u2009! Il sera un esclave, le serviteur de ses fr\u00e8res\u2009\u00bb. Le Canan\u00e9en est devenu depuis le stigmate du maudit et de l\u2019ind\u00e9sirable. Mais ce n\u2019est pas tout. Que peuvent signifier \u00ab\u2009la b\u00e9n\u00e9diction\u2009\u00bb et \u00ab\u2009l\u2019esprit proph\u00e9tique\u2009\u00bb de No\u00e9\u2009? Saint Augustin poursuit ses sp\u00e9culations sur \u00ab\u2009l\u2019esprit proph\u00e9tique\u2009\u00bb au temps de No\u00e9, qui \u00e9tait le temps pr\u00e9sent de saint Augustin. Il poursuit\u2009:        <\/p>\t\t\t\t\t\t\t\t<\/div>\n\t\t\t\t<\/div>\n\t\t\t\t<div class=\"elementor-element elementor-element-29aa70f elementor-blockquote--skin-border elementor-widget elementor-widget-blockquote\" data-id=\"29aa70f\" data-element_type=\"widget\" data-e-type=\"widget\" data-widget_type=\"blockquote.default\">\n\t\t\t\t<div class=\"elementor-widget-container\">\n\t\t\t\t\t\t\t<blockquote class=\"elementor-blockquote\">\n\t\t\t<p class=\"elementor-blockquote__content\">\n\t\t\t\tDe l\u00e0 vient encore que cette b\u00e9n\u00e9diction de ses deux autres enfants, de l\u2019a\u00een\u00e9 et du plus jeune\u2009: \u00ab\u2009Que le Seigneur Dieu b\u00e9nisse Sem\u2009! Chanaan sera son esclave. Que Dieu comble de joie Japhet et qu\u2019il habite dans les maisons de Sem\u2009!\u2009\u00bb que cette b\u00e9n\u00e9diction, dis-je, la vigne que No\u00e9 planta, son ivresse, sa nudit\u00e9 et le reste que l\u2019\u00c9criture rapporte ici est rempli de myst\u00e8res et voil\u00e9 de figures. (Saint Augustin, ([AD 426] 1853), Livre XVI, I, p. 502)\t\t\t<\/p>\n\t\t\t\t\t<\/blockquote>\n\t\t\t\t\t\t<\/div>\n\t\t\t\t<\/div>\n\t\t\t\t<div class=\"elementor-element elementor-element-a1486c1 elementor-widget elementor-widget-text-editor\" data-id=\"a1486c1\" data-element_type=\"widget\" data-e-type=\"widget\" data-widget_type=\"text-editor.default\">\n\t\t\t\t<div class=\"elementor-widget-container\">\n\t\t\t\t\t\t\t\t\t<p>Saint Augustin (354-430), on s\u2019en souvient, est n\u00e9 et a v\u00e9cu \u00e0 Hippone (aujourd\u2019hui Annaba), \u00e0 l\u2019extr\u00e9mit\u00e9 nord-est de l\u2019Alg\u00e9rie actuelle. Mais dans la conscience de l\u2019\u00e9poque et de saint Augustin, il ne vivait ni en Alg\u00e9rie (qui n\u2019existait pas encore) ni en Afrique (qui ne comptait pas). Il vivait dans l\u2019Empire romain qui occupait ce qui est aujourd\u2019hui l\u2019Afrique du Nord. Je souligne ce simple fait pour me d\u00e9connecter de l\u2019id\u00e9e de la \u00ab\u2009nature ontique\u2009\u00bb de ce qu\u2019il y a, et pour me rappeler que ce qu\u2019il y a est ontologique, et non ontique\u2009; ce qui signifie que nous ne voyons pas ce qu\u2019il y a, mais nous voyons ce que nous voyons, ce que nous avons \u00e9t\u00e9 \u00e9duqu\u00e9s \u00e0 voir et qui s\u2019est imprim\u00e9 dans la conscience des gens au moyen de r\u00e9cits et d\u2019images. Plusieurs si\u00e8cles apr\u00e8s saint Augustin, Isidore de S\u00e9ville (n\u00e9 \u00e0 une date inconnue \u2013 mort en 636), en Espagne, a \u00e9crit les c\u00e9l\u00e8bres Etymologiae qui ont circul\u00e9 en manuscrit apr\u00e8s sa mort. Il y d\u00e9crit l\u2019Orbis Terrarum sous la forme d\u2019un cercle avec un T \u00e0 l\u2019int\u00e9rieur. Le diagramme a \u00e9t\u00e9 inclus dans des copies tardives du manuscrit original et imprim\u00e9 en 1472. Dans la moiti\u00e9 sup\u00e9rieure du cercle (le trait horizontal du T) \u00e9tait \u00e9crit \u00ab\u2009Asie\u2009\u00bb, et dans les deux quarts de la moiti\u00e9 inf\u00e9rieure (divis\u00e9s par le trait vertical du T) \u00ab\u2009Europe\u2009\u00bb \u00e0 gauche et \u00ab\u2009Afrique\u2009\u00bb \u00e0 droite. Dans la culture de l\u2019\u00e9criture alphab\u00e9tique latine, le c\u00f4t\u00e9 sup\u00e9rieur gauche est toujours plus important que le c\u00f4t\u00e9 sup\u00e9rieur droit, en raison du mouvement de gauche \u00e0 droite de l\u2019\u00e9criture7 .        <\/p>\n<p>Et il y a plus encore. \u00c0 un certain moment du processus de reproduction du sch\u00e9ma T-O, \u00ab\u2009Sem\u2009\u00bb a \u00e9t\u00e9 ajout\u00e9 sous l\u2019Asie, \u00ab\u2009Japhet\u2009\u00bb sous l\u2019Europe et \u00ab\u2009Cham\u2009\u00bb sous l\u2019Afrique. Je n\u2019ai aucune preuve pour soutenir que ce sens proph\u00e9tique, couvert de voiles proph\u00e9tiques, aurait pu \u00eatre la fusion de la division tricontinentale avec le r\u00e9cit biblique correspondant de No\u00e9 et de ses fils. Mais ce qui est pertinent pour mon argumentation, c\u2019est que le maudit, Cham, a \u00e9t\u00e9 attribu\u00e9 \u00e0 l\u2019Afrique. D\u00e8s lors, surtout apr\u00e8s l\u2019impression qui a multipli\u00e9 ses copies et \u00e9largi sa diss\u00e9mination, alea iacta est (le sort en est jet\u00e9)\u2009: l\u2019Afrique a \u00e9t\u00e9 maudite \u00e0 mesure que croissait la port\u00e9e des r\u00e9cits chr\u00e9tiens, \u00e0 la jonction de l\u2019imprimerie et de la circulation grandissante des r\u00e9cits, depuis et apr\u00e8s \u00abl\u2019inclusion\u00bb (et je souligne le mot) de l\u2019Am\u00e9rique comme \u00e9tant le quatri\u00e8me continent. L\u2019Am\u00e9rique n\u2019existait pas (ontiquement), et ne pouvait donc \u00eatre d\u00e9couverte (et c\u2019\u00e9tait l\u00e0 l\u2019argument r\u00e9volutionnaire d\u2019O\u2019Gorman)\u2009; elle a \u00e9t\u00e9 invent\u00e9e (ontologiquement) et fond\u00e9e dans les r\u00e9cits \u00e9pist\u00e9miques-th\u00e9ologiques du christianisme occidental.     <\/p>\t\t\t\t\t\t\t\t<\/div>\n\t\t\t\t<\/div>\n\t\t\t\t<div class=\"elementor-element elementor-element-3e4f686 elementor-widget elementor-widget-heading\" data-id=\"3e4f686\" data-element_type=\"widget\" data-e-type=\"widget\" data-widget_type=\"heading.default\">\n\t\t\t\t<div class=\"elementor-widget-container\">\n\t\t\t\t\t<h2 class=\"elementor-heading-title elementor-size-default\">L\u2019Afrique dans l\u2019horizon colonial de la modernit\u00e9 occidentale (1652\u20132000)<\/h2>\t\t\t\t<\/div>\n\t\t\t\t<\/div>\n\t\t\t\t<div class=\"elementor-element elementor-element-f78d2f4 elementor-widget elementor-widget-text-editor\" data-id=\"f78d2f4\" data-element_type=\"widget\" data-e-type=\"widget\" data-widget_type=\"text-editor.default\">\n\t\t\t\t<div class=\"elementor-widget-container\">\n\t\t\t\t\t\t\t\t\t<p>Pourquoi je cadre l\u2019Afrique dans l\u2019horizon colonial de la modernit\u00e9 entre 1652 et 2000\u2009? En consid\u00e9rant l\u2019av\u00e8nement de l\u2019id\u00e9e d\u2019Afrique dans la conscience des chr\u00e9tiens occidentaux (et je souligne, des seuls chr\u00e9tiens occidentaux), l\u2019Afrique n\u2019\u00e9tait pas encore l\u2019Afrique avant 1652 dans l\u2019horizon colonial de la modernit\u00e9. L\u2019Afrique n\u2019existait que l\u2019Afrique dans la conscience du christianisme occidental qui allait devenir son destin (selon la proph\u00e9tie) avec la bienheureuse \u00ab\u2009d\u00e9couverte de l\u2019Am\u00e9rique\u2009\u00bb. Ni l\u2019Afrique de l\u2019\u00e9poque \u00e0 laquelle les chr\u00e9tiens occidentaux ont forg\u00e9 la \u00ab\u2009carte\u2009\u00bb symbolique des trois continents dont chacun correspond \u00e0 l\u2019un des fils de No\u00e9 (avec les b\u00e9n\u00e9dictions et la mal\u00e9diction correspondantes), ni les habitants de \u00ab\u2009l\u2019Afrique\u2009\u00bb (les guillemets indiquant que l\u2019Afrique n\u2019\u00e9tait rien d\u2019autre qu\u2019une entit\u00e9 dans l\u2019imagination chr\u00e9tienne) ne savaient qu\u2019ils vivaient dans une Afrique sans guillemets. Ce n\u2019est qu\u2019\u00e0 partir de 1652 que les Europ\u00e9ens ont commenc\u00e9 \u00e0 s\u2019installer \u00e0 l\u2019extr\u00e9mit\u00e9 sud du continent. J\u2019ai soutenu, dans la m\u00eame veine, que les habitants de \u00ab\u2009l\u2019Asie\u2009\u00bb ne savaient pas qu\u2019ils vivaient en Asie jusqu\u2019en 1582, ou vers cette d\u00e9cennie, lorsque le j\u00e9suite Mathew Ricci a pr\u00e9sent\u00e9 aux sages de la dynastie Ming les cartes du monde, ainsi d\u00e9sign\u00e9es par Gerardus Mercator et Abraham Ortelius, tous deux du XVIe si\u00e8cle. Ce qui est crucial dans la distribution des masses terrestres de ces \u00ab\u2009mappae mundi\u2009\u00bb, encore utilis\u00e9es aujourd\u2019hui, c\u2019est la position centrale de l\u2019oc\u00e9an Atlantique dans une repr\u00e9sentation plane du monde. Si nous le savons, nous pouvons \u00ab\u2009voir\u2009\u00bb le T-O sans lequel les quatre continents de base (Asie, Afrique, Am\u00e9rique et Europe) ne pouvaient \u00eatre compris. Si nous ne le savons pas, nous ne le voyons tout simplement pas et nous croyons que la carte du monde \u00e0 plat repr\u00e9sente ce qui est ontiquement comme cela. Vivre en pr\u00e9sumant (de mani\u00e8re inquestionn\u00e9e) que lorsque l\u2019univers a \u00e9t\u00e9 \u00ab\u2009cr\u00e9\u00e9\u2009\u00bb (si tant est qu\u2019il l\u2019ait \u00e9t\u00e9 \u00e0 un moment donn\u00e9), la plan\u00e8te Terre \u00e9tait constitu\u00e9e de quatre continents d\u00e8s le d\u00e9part, signifie vivre prisonnier des fictions universelles de la cartographie occidentale. Mais bien s\u00fbr, l\u2019histoire ne s\u2019arr\u00eate pas \u00e0 la distribution g\u00e9ographique des quatre continents\u2009: dans le propos et dans le positionnement, c\u2019est bien le classement qui \u00e9tait fondamental.           <\/p><p>Vous avez peut-\u00eatre remarqu\u00e9 que lorsque saint Augustin rapporte les b\u00e9n\u00e9dictions de No\u00e9 aux deux fils qui ont sa faveur et sa mal\u00e9diction sur le fils abhorr\u00e9, il ajoute que Cham sera un \u00ab esclave \u00bb pour ses fr\u00e8res. Rappelons que l\u2019Asie occupe la moiti\u00e9 du cercle de la carte en T-O et qu\u2019elle a \u00e9t\u00e9 attribu\u00e9e \u00e0 Sem. Et un seul des deux quarts inf\u00e9rieurs a \u00e9t\u00e9 attribu\u00e9 \u00e0 l\u2019Europe et \u00e0 Japhet. Par cons\u00e9quent, Japhet habitera dans la maison de Sem. Comment l\u2019Europe\/Japhet habitera-t-elle l\u2019Asie\/Shem\u2009? Aujourd\u2019hui, cette affirmation sonne comme une contradiction, surtout si l\u2019on consid\u00e8re les conflits actuels entre les \u00c9tats-Unis (l\u2019extension de l\u2019Europe) et l\u2019UE pour contenir la Chine et emp\u00eacher les investissements chinois en Afrique, pour ne pas mentionner les ambitions occidentales de dominer et de g\u00e9rer le \u00ab\u2009Moyen-Orient\u2009\u00bb qui, en fait, est l\u2019Asie de l\u2019Ouest. Saint Augustin le savait certainement puisqu\u2019il a fait de son vivant l\u2019exp\u00e9rience de la d\u00e9sint\u00e9gration de l\u2019Empire romain d\u2019Occident \u2013 ce qui l\u2019a pouss\u00e9 \u00e0 \u00e9crire La Cit\u00e9 de Dieu \u2013 ainsi que la mont\u00e9e en puissance de l\u2019Empire byzantin (de 395 \u00e0 1453) en Asie. Ainsi, Japhet (qui, selon l\u2019esp\u00e9rance et proph\u00e9tie de No\u00e9, serait agrandi par Dieu) occupe le pays de la d\u00e9cadence et, pour cette raison, devra occuper la maison de Sem\/Asie, qui est le puissant Empire romain d\u2019Orient centr\u00e9 non pas sur Rome, mais sur Constantinople. Dans ce processus, la mal\u00e9diction dont Cham \u00e9tait frapp\u00e9 abandonnait l\u2019imaginaire chr\u00e9tien de l\u2019histoire universelle que Hegel \u00e9tablirait plus tard dans le haut lieu de son r\u00e9cit s\u00e9culaire occidental moderne\/colonial.        <\/p><p>Rappelons-le\u2009: \u00e0 l\u2019\u00e9poque de saint Augustin et d\u2019Isidore de S\u00e9ville quelques si\u00e8cles plus tard, l\u2019Afrique n\u2019\u00e9tait pas encore dans l\u2019horizon colonial de la modernit\u00e9 occidentale. Mais elle encadrait pleinement et inconsciemment le r\u00e9cit de Hegel. Il tenait pour acquise la cartographie de la Terre dont je soul\u00e8ve ici la question. Qu\u2019est-ce que j\u2019entends donc par \u00ab\u2009horizon colonial de la modernit\u00e9\u2009\u00bb\u2009? Dans la Rome antique, colonie signifiait \u00ab\u2009\u00e9tablissement\u2009\u00bb, puisque le mot \u00e9tait d\u00e9riv\u00e9 du latin colonia (\u00ab\u2009terre colonis\u00e9e\u2009\u00bb). Les colonies \u00e9taient constitutives de l\u2019Empire romain. Cependant, la colonialit\u00e9 ne pouvait pas \u00eatre applicable \u00e0 l\u2019Empire romain. Pourquoi\u2009? Parce que la colonialit\u00e9, telle que pr\u00e9sent\u00e9e par An\u00edbal Quijano en 1992, bien qu\u2019elle doive son nom au colonialisme, n\u2019\u00e9quivaut pas au colonialisme. La colonialit\u00e9 fait r\u00e9f\u00e9rence \u00e0 la logique sous-jacente de tout le colonialisme occidental et atlantique depuis 1500. L\u2019un de ses traits distinctifs (parmi la configuration plus large des points d\u2019inflexion \u00e9conomiques, politiques, religieux et \u00e9thiques) a \u00e9t\u00e9 le contr\u00f4le et la gestion des r\u00e9cits globaux (l\u2019\u00e9nonciation) du globe (l\u2019\u00e9nonc\u00e9).          <\/p><p>L\u2019invention du droit des gens par l\u2019\u00c9cole de Salamanque au milieu du seizi\u00e8me si\u00e8cle (Vitoria) et ses r\u00e9percussions au Portugal (Su\u00e1rez), en Hollande (Grotius) et en Angleterre (Locke) associ\u00e9es \u00e0 la cartographie n\u2019a pas seulement \u00e9t\u00e9 l\u2019appropriation de la r\u00e9partition des masses terrestres et aquatiques par leur d\u00e9signation au moyen de noms qui n\u2019avaient jamais \u00e9t\u00e9 ni intriqu\u00e9s dans la terre et l\u2019eau elles-m\u00eames ni dans la langue des premiers habitants, mais l\u2019inscription dans des hi\u00e9rarchies implicites et explicites. Bien que les hi\u00e9rarchies continentales aient \u00e9t\u00e9 d\u00e9j\u00e0 inscrites dans la Bible d\u2019une mani\u00e8re telle que l\u2019identification croissante des \u00ab\u2009esclaves\u2009\u00bb (en r\u00e9alit\u00e9 des captifs asservis) \u00e0 l\u2019Afrique \u00e9tait d\u00e9j\u00e0 cartographi\u00e9e pour ainsi dire par les chr\u00e9tiens occidentaux, l\u2019av\u00e8nement du droit des gens a donn\u00e9 une valeur juridique au r\u00e9cit th\u00e9ologique. Et les masses d\u2019eau, elles aussi, avaient des hi\u00e9rarchies implicites\u2009: l\u2019Atlantique d\u00e9pla\u00e7ait le r\u00f4le de la M\u00e9diterran\u00e9e et le Pacifique restait l\u2019arri\u00e8re-cour de l\u2019Atlantique. Jusqu\u2019au XXIe si\u00e8cle, lors et \u00e0 cause de ce d\u00e9placement durable de l\u2019Asie\/Shem par l\u2019Europe\/Japhet depuis 1500 (qui \u00e9tait le proph\u00e9tique \u00ab\u2009agrandissement de Japhet\u2009\u00bb), le Pacifique est rest\u00e9 l\u2019arri\u00e8re-cour de la civilisation occidentale. Ce n\u2019est plus le cas. La mont\u00e9e en puissance de la Chine redessine, pour ainsi dire, la r\u00e9partition des masses d\u2019eau. Je soup\u00e7onne que Hegel, inconsciemment, r\u00e9activait la destin\u00e9e de Japhet lorsqu\u2019il consid\u00e9rait les \u00c9tats-Unis comme l\u2019avenir et l\u2019Afrique comme quelque chose en dehors de l\u2019histoire. Peut-\u00eatre le sens proph\u00e9tique recouvert continuait-il de d\u00e9voiler ses secrets, secr\u00e8tement\u2009!       <\/p><p>Le moment inaugural de l\u2019Afrique dans l\u2019horizon colonial de la modernit\u00e9 s\u2019est produit durant la longue p\u00e9riode du commerce massif de captifs asservis. Il s\u2019est fait par extraction plut\u00f4t que par colonisation et d\u00e9possession. La colonisation et la d\u00e9possession ont commenc\u00e9 en 1652. Pour ce qui est du moment inaugural, et au-del\u00e0 de la commodit\u00e9 g\u00e9ographique de la capture et de l\u2019asservissement d\u2019\u00eatres humains de la c\u00f4te ouest de l\u2019Afrique, l\u2019histoire de No\u00e9 et la narration th\u00e9ologique avaient un poids\u2009: les Africains sont la descendance de Cham. Mal\u00e9diction sur eux\u2009! Au dix-huiti\u00e8me si\u00e8cle, le vocabulaire s\u00e9culaire avait d\u00e9j\u00e0 chang\u00e9, et Emmanuel Kant, \u00e0 la suite de David Hume, a d\u00e9clar\u00e9 (et je suppose qu\u2019il y croyait)\u2009:     <\/p>\t\t\t\t\t\t\t\t<\/div>\n\t\t\t\t<\/div>\n\t\t\t\t<div class=\"elementor-element elementor-element-dac0e3b elementor-blockquote--skin-border elementor-widget elementor-widget-blockquote\" data-id=\"dac0e3b\" data-element_type=\"widget\" data-e-type=\"widget\" data-widget_type=\"blockquote.default\">\n\t\t\t\t<div class=\"elementor-widget-container\">\n\t\t\t\t\t\t\t<blockquote class=\"elementor-blockquote\">\n\t\t\t<p class=\"elementor-blockquote__content\">\n\t\t\t\tLes N\u00e8gres d\u2019Afrique n\u2019ont re\u00e7u de la nature aucun sentiment qui s\u2019\u00e9l\u00e8ve au-dessus de la niaiserie. M. Hume invite tout le monde \u00e0 citer un exemple par lequel un N\u00e8gre aurait prouv\u00e9 des talents, et il affirme ceci\u2009: parmi les centaines de millions de Noirs qui ont \u00e9t\u00e9 chass\u00e9s de leur pays vers d\u2019autres r\u00e9gions [\u2026] on n\u2019en pourrait pas trouver un seul qui, soit en art ou en science, soit dans une autre discipline c\u00e9l\u00e8bre, ait produit quelque chose de grand[8]. (Kant [1764] 1990, p. 166)\t\t\t<\/p>\n\t\t\t\t\t<\/blockquote>\n\t\t\t\t\t\t<\/div>\n\t\t\t\t<\/div>\n\t\t\t\t<div class=\"elementor-element elementor-element-9767169 elementor-widget elementor-widget-text-editor\" data-id=\"9767169\" data-element_type=\"widget\" data-e-type=\"widget\" data-widget_type=\"text-editor.default\">\n\t\t\t\t<div class=\"elementor-widget-container\">\n\t\t\t\t\t\t\t\t\t<p>Quelques d\u00e9cennies plus tard, Hegel rejettera l\u2019Afrique hors de l\u2019histoire et, en 1884\u20131885, lors de la conf\u00e9rence de Berlin, le continent tout entier (\u00e0 l\u2019exception de l\u2019\u00c9thiopie gouvern\u00e9e par Hail\u00e9 S\u00e9lassi\u00e9) sera la proie des pattes imp\u00e9riales europ\u00e9ennes. C\u2019est \u00e0 ce moment-l\u00e0 que l\u2019Afrique a \u00e9t\u00e9 plac\u00e9e dans l\u2019horizon colonial de la modernit\u00e9. Le r\u00e9cit de No\u00e9 et la carte T-O restaient \u00e0 l\u2019arri\u00e8re-plan. Une double destitution a eu lieu\u2009: celle du continent et celle de l\u2019humanit\u00e9 de ses habitants, dans leur corps et dans leur esprit. Ou, si vous voulez, la philosophie cartographique et ethnographique occidentale pr\u00e9sum\u00e8rent que les Africains \u00e9taient ontologiquement inf\u00e9rieurs (une d\u00e9claration au sein des narrations occidentales) et, par cons\u00e9quent, \u00e9pist\u00e9mologiquement et esth\u00e9tiquement d\u00e9ficients. La longue nuit \u2013 de laquelle a surgi, pendant la guerre froide, l\u2019aube de l\u2019\u00e8re \u00e0 venir qui se consolide encore au XXIe si\u00e8cle \u2013 est \u00e0 nos portes9 . C\u2019est peut-\u00eatre la fin d\u2019une histoire (celle de l\u2019affirmation de l\u2019Occident et de sa domination), mais pas celle envisag\u00e9e et souhait\u00e9e par Francis Fukuyama10. De mani\u00e8re r\u00e9currente, dans les d\u00e9bris de l\u2019\u00e8re des changements fleurissent les commencements du changement d\u2019\u00e8re. La multipolarit\u00e9 et la pluriversalit\u00e9 \u00e9mergent des fragments de l\u2019unipolarit\u00e9 et de l\u2019universalit\u00e9.        <\/p>\t\t\t\t\t\t\t\t<\/div>\n\t\t\t\t<\/div>\n\t\t\t\t<div class=\"elementor-element elementor-element-b24ab49 elementor-widget elementor-widget-heading\" data-id=\"b24ab49\" data-element_type=\"widget\" data-e-type=\"widget\" data-widget_type=\"heading.default\">\n\t\t\t\t<div class=\"elementor-widget-container\">\n\t\t\t\t\t<h2 class=\"elementor-heading-title elementor-size-default\">L\u2019Afrique dans l\u2019av\u00e8nement du Troisi\u00e8me Nomos de la Terre<\/h2>\t\t\t\t<\/div>\n\t\t\t\t<\/div>\n\t\t\t\t<div class=\"elementor-element elementor-element-7ecc3c8 elementor-widget elementor-widget-text-editor\" data-id=\"7ecc3c8\" data-element_type=\"widget\" data-e-type=\"widget\" data-widget_type=\"text-editor.default\">\n\t\t\t\t<div class=\"elementor-widget-container\">\n\t\t\t\t\t\t\t\t\t<p>Le surgissement de penseurs, d\u2019universitaires et de personnalit\u00e9s publiques africains (et aussi asiatiques) pendant la guerre froide a \u00e9t\u00e9 r\u00e9trospectivement le d\u00e9but d\u2019une fin, la fin du cycle de l\u2019Afrique dans l\u2019horizon colonial de la modernit\u00e9. La conf\u00e9rence de Band\u0153ng de 1955, \u00e0 laquelle participaient les vingt-neuf dirigeants d\u2019Afrique et d\u2019Asie qui l\u2019organisaient, a peut-\u00eatre \u00e9t\u00e9 le premier signe de la fin de l\u2019imaginaire chr\u00e9tien occidental qui, au cours du profane XVIIIe si\u00e8cle, mua en une classification des quatre continents par couleur de peau\u2009: les noms des trois fils de No\u00e9 ne sont plus associ\u00e9s \u00e0 des continents et sont remplac\u00e9s par la couleur de peau de leurs habitants. Les personnes \u00e0 la peau noire sont en Afrique, celles \u00e0 la peau jaune en Asie, celles \u00e0 la peau blanche en Europe et les Indiens \u00e0 la peau rouge demeuraient au Nouveau Monde, l\u2019Am\u00e9rique. Telle \u00e9tait la version id\u00e9ologique donn\u00e9e par Kant de la classification de Carl Linn\u00e6us (Eze, 1997).\u00a0<\/p><p>Constatant la longue nuit du continent, je ne peux m\u2019emp\u00eacher de me souvenir de la version de saint Augustin sur les \u00ab\u2009intuitions proph\u00e9tiques sur ce qui allait se passer dans un avenir lointain\u2009\u00bb de No\u00e9.\u00a0<\/p><p>La conf\u00e9rence de Band\u0153ng a en effet \u00e9t\u00e9, comme il devient chaque jour plus \u00e9vident, une ligne de partage des eaux qui a clos non seulement la longue nuit de l\u2019Afrique, mais aussi celles de l\u2019Asie et de l\u2019Am\u00e9rique du Sud\/centrale et des Cara\u00efbes. Toutefois, laissons de c\u00f4t\u00e9 l\u2019Am\u00e9rique du Sud\/centrale et les Cara\u00efbes, qui dans la majorit\u00e9 ont eu leurs propres discussions sur la d\u00e9colonisation au cours du XIXe si\u00e8cle.\u00a0<\/p><p>Dans le discours inaugural de la conf\u00e9rence, Soekarno a annonc\u00e9 (peut-\u00eatre sans \u00eatre pleinement conscient de la port\u00e9e de ses d\u00e9clarations) que\u2009:<\/p><p>a. Band\u0153ng a \u00e9t\u00e9 la premi\u00e8re conf\u00e9rence intercontinentale r\u00e9unissant des \u00ab\u2009peuples de couleur\u2009\u00bb (dans la version orale, il a r\u00e9p\u00e9t\u00e9, \u00ab\u2009des peuples de couleur\u2009\u00bb) dans l\u2019histoire de l\u2019humanit\u00e9\u2009! L\u2019accent mis sur le dernier mot n\u2019\u00e9tait pas de la simple rh\u00e9torique. Il avait non seulement le poids de l\u2019histoire de l\u2019esp\u00e8ce humaine, mais aussi de l\u2019histoire \u00e0 court terme depuis 1500\u2009;<\/p><p>b. La conf\u00e9rence a servi de porte ouverte pour se d\u00e9connecter de la matrice coloniale du pouvoir et de ses fondations th\u00e9ologiques chr\u00e9tiennes et la\u00efques europ\u00e9ennes. Soekarno \u00e9tait conscient que, dans l\u2019histoire \u00e0 court terme des 450 derni\u00e8res ann\u00e9es, et plus sp\u00e9cifiquement de la p\u00e9riode d\u2019expansion imp\u00e9riale n\u00e9erlandaise, britannique et fran\u00e7aise, \u00ab\u2009c\u2019est un nouveau d\u00e9part dans l\u2019histoire du monde que les dirigeants des peuples asiatiques et africains puissent se rencontrer dans leurs propres pays pour discuter et d\u00e9battre de questions d\u2019int\u00e9r\u00eat commun\u2009\u00bb au lieu de se r\u00e9unir \u00e0 Bruxelles en 1925 pour former la \u00ab\u2009Ligue contre l\u2019imp\u00e9rialisme et le colonialisme\u2009\u00bb. c. La division continentale \u00e9tablie au XVIe si\u00e8cle \u00e9tait consid\u00e9r\u00e9e comme acquise, mais les lignes mondiales \u00e9taient remises en question\u2009:<\/p><p>c. La division continentale \u00e9tablie au XVIe si\u00e8cle \u00e9tait consid\u00e9r\u00e9e comme acquise, mais les lignes mondiales \u00e9taient remises en question\u2009:<\/p>\t\t\t\t\t\t\t\t<\/div>\n\t\t\t\t<\/div>\n\t\t\t\t<div class=\"elementor-element elementor-element-eed3d8f elementor-blockquote--skin-border elementor-widget elementor-widget-blockquote\" data-id=\"eed3d8f\" data-element_type=\"widget\" data-e-type=\"widget\" data-widget_type=\"blockquote.default\">\n\t\t\t\t<div class=\"elementor-widget-container\">\n\t\t\t\t\t\t\t<blockquote class=\"elementor-blockquote\">\n\t\t\t<p class=\"elementor-blockquote__content\">\n\t\t\t\tJe me rappelle avoir eu l\u2019occasion il y a quelques ann\u00e9es de brosser une analyse en public du colonialisme, au cours de laquelle j\u2019avais attir\u00e9 l\u2019attention sur ce que j\u2019appelais \u00ab\u2009le cordon de vie de l\u2019imp\u00e9rialisme\u2009\u00bb. Ce cordon part du d\u00e9troit de Gibraltar et traverse la M\u00e9diterran\u00e9e, le canal de Suez, la mer Rouge, l\u2019oc\u00e9an indien, la mer de Chine m\u00e9ridionale et la mer du Japon. La majeure partie des territoires qui couvraient cette \u00e9norme distance de part et d\u2019autre de ce cordon de vie \u00e9taient des colonies, les peuples n\u2019\u00e9taient pas libres, leur avenir \u00e9tait hypoth\u00e9qu\u00e9 sur un syst\u00e8me \u00e9tranger. Le long de cette ligne de vie, cette art\u00e8re principale de l\u2019imp\u00e9rialisme, \u00e9tait pomp\u00e9 le sang vivant du colonialisme.   \t\t\t<\/p>\n\t\t\t\t\t<\/blockquote>\n\t\t\t\t\t\t<\/div>\n\t\t\t\t<\/div>\n\t\t\t\t<div class=\"elementor-element elementor-element-79c51c3 elementor-widget elementor-widget-text-editor\" data-id=\"79c51c3\" data-element_type=\"widget\" data-e-type=\"widget\" data-widget_type=\"text-editor.default\">\n\t\t\t\t<div class=\"elementor-widget-container\">\n\t\t\t\t\t\t\t\t\t<p>d. En 1955, le concept de colonialit\u00e9 n\u2019\u00e9tait pas encore en place. Cependant, il \u00e9tait pressenti et compris par quiconque en subissait les cons\u00e9quences. La colonialit\u00e9 n\u2019\u00e9tait gu\u00e8re vue et ressentie en Europe\u2009; seule la modernit\u00e9 l\u2019\u00e9tait. Et la modernit\u00e9 \u00e9tait la totalit\u00e9, un projet inachev\u00e9 dont la marche sur la plan\u00e8te \u00e9tait pr\u00e9sum\u00e9e (et pour laquelle il y a ceux qui y croyaient encore), son ach\u00e8vement n\u2019\u00e9tant qu\u2019une question de temps. Le n\u00e9olib\u00e9ralisme \u00e9tait le chapitre suivant apr\u00e8s le d\u00e9veloppement et la modernisation que les vingt-neuf dirigeants asiatiques et africains r\u00e9unis \u00e0 Band\u0153ng connaissaient et vivaient. Le diagnostic de Soekarno \u00e9tait pr\u00e9cis lorsqu\u2019il a dit\u2009:      <\/p>\t\t\t\t\t\t\t\t<\/div>\n\t\t\t\t<\/div>\n\t\t\t\t<div class=\"elementor-element elementor-element-4fcc337 elementor-blockquote--skin-border elementor-widget elementor-widget-blockquote\" data-id=\"4fcc337\" data-element_type=\"widget\" data-e-type=\"widget\" data-widget_type=\"blockquote.default\">\n\t\t\t\t<div class=\"elementor-widget-container\">\n\t\t\t\t\t\t\t<blockquote class=\"elementor-blockquote\">\n\t\t\t<p class=\"elementor-blockquote__content\">\n\t\t\t\tOn nous dit souvent \u00ab\u2009Le colonialisme est mort\u2009\u00bb. Ne nous laissons pas duper ou m\u00eame apaiser par ces propos. Je vous l\u2019affirme, le colonialisme n\u2019est pas encore mort. Comment pouvons-nous dire qu\u2019il est mort tant que de vastes r\u00e9gions d\u2019Asie et d\u2019Afrique ne sont pas libres\u2009? Qui plus est, je vous prie de ne pas voir le colonialisme uniquement sous la forme classique que nous, peuple d\u2019Indon\u00e9sie et nos fr\u00e8res, avons connue dans diff\u00e9rentes parties d\u2019Asie et d\u2019Afrique. Le colonialisme est \u00e9galement rev\u00eatu de modernes atours, sous forme de contr\u00f4le \u00e9conomique, intellectuel, physique par une petite communaut\u00e9 \u00e9trang\u00e8re au sein d\u2019une nation. Il s\u2019agit d\u2019un ennemi habile et d\u00e9termin\u00e9, qui appara\u00eet sous de nombreux visages. Il ne renonce pas facilement \u00e0 son butin. Partout o\u00f9 il appara\u00eet, quel qu\u2019en soit le moment ou la forme, le colonialisme est une mauvaise chose et doit \u00eatre \u00e9radiqu\u00e9 de la terre. (Soekarno, \u00ab\u2009Discours d\u2019ouverture\u2009\u00bb, Band\u0153ng 18 avril 1955[12])        \t\t\t<\/p>\n\t\t\t\t\t<\/blockquote>\n\t\t\t\t\t\t<\/div>\n\t\t\t\t<\/div>\n\t\t\t\t<div class=\"elementor-element elementor-element-23115fd elementor-widget elementor-widget-text-editor\" data-id=\"23115fd\" data-element_type=\"widget\" data-e-type=\"widget\" data-widget_type=\"text-editor.default\">\n\t\t\t\t<div class=\"elementor-widget-container\">\n\t\t\t\t\t\t\t\t\t<p>e. Enfin et surtout, la vision de Soekarno, au-del\u00e0 des divisions, reste l\u2019horizon de la d\u00e9colonisation en tant que d\u00e9colonialit\u00e9 \u2013 les voies sp\u00e9cifiques des processus de d\u00e9colonisation, interconnect\u00e9es (et non subsum\u00e9es) par la grammaire similaire de la d\u00e9colonialit\u00e9 promulgu\u00e9e et reprise dans la vari\u00e9t\u00e9 des histoires locales plan\u00e9taires envahies, perturb\u00e9es et destitu\u00e9es par la colonialit\u00e9. Soekarno a dit\u2009:  <\/p>\t\t\t\t\t\t\t\t<\/div>\n\t\t\t\t<\/div>\n\t\t\t\t<div class=\"elementor-element elementor-element-4b66a6d elementor-blockquote--skin-border elementor-widget elementor-widget-blockquote\" data-id=\"4b66a6d\" data-element_type=\"widget\" data-e-type=\"widget\" data-widget_type=\"blockquote.default\">\n\t\t\t\t<div class=\"elementor-widget-container\">\n\t\t\t\t\t\t\t<blockquote class=\"elementor-blockquote\">\n\t\t\t<p class=\"elementor-blockquote__content\">\n\t\t\t\tNous venons de nombreuses nations diff\u00e9rentes, nous venons de milieux sociaux et d\u2019horizons culturels tr\u00e8s divers. Nos modes de vie sont diff\u00e9rents. Nos\ncaract\u00e9ristiques nationales, couleurs ou motifs \u2013 appelez-les comme vous voulez\u2009!\n\u2013 sont diff\u00e9rents. Nous sommes de souches diff\u00e9rentes et m\u00eame notre couleur de\npeau est diff\u00e9rente. Mais en quoi cela importe-t-il\u2009? L\u2019humanit\u00e9 est unie ou divis\u00e9e\npar des consid\u00e9rations d\u2019un autre ordre. Les conflits ne naissent pas \u00e0 cause de\ncouleurs de peau diff\u00e9rentes ou de religions diff\u00e9rentes, mais bien en raison de\nd\u00e9sirs diff\u00e9rents. Nous sommes tous, j\u2019en suis certain, unis par des choses plus\nimportantes que celles qui nous divisent superficiellement. Nous sommes unis,\npar exemple, par une haine commune du colonialisme, sous quelque forme\nqu\u2019il apparaisse. Nous sommes unis par une haine commune du racisme. Et\nnous sommes unis par une d\u00e9termination commune \u00e0 pr\u00e9server la paix et \u00e0 la<br>stabiliser dans le monde. (Soekarno, \u00ab\u2009Discours d\u2019ouverture\u2009\u00bb, Band\u0153ng 18 avril 1955[13])          \t\t\t<\/p>\n\t\t\t\t\t<\/blockquote>\n\t\t\t\t\t\t<\/div>\n\t\t\t\t<\/div>\n\t\t\t\t<div class=\"elementor-element elementor-element-8aa0483 elementor-widget elementor-widget-text-editor\" data-id=\"8aa0483\" data-element_type=\"widget\" data-e-type=\"widget\" data-widget_type=\"text-editor.default\">\n\t\t\t\t<div class=\"elementor-widget-container\">\n\t\t\t\t\t\t\t\t\t<p>Je reste pour un moment avec Soekarno \u00e0 la conf\u00e9rence de Band\u0153ng. La conf\u00e9rence, avec son propre discours d\u2019ouverture, \u00e9tait une compensation et contrait la \u00ab pr\u00e9sence \u00bb indiscernable de la carte chr\u00e9tienne T-O dans l\u2019invention occidentale des Trois Mondes (Premier, Deuxi\u00e8me et Troisi\u00e8me). Soekarno s\u2019exprimait dans le Tiers Monde et non \u00e0 son sujet. Est-ce une co\u00efncidence ou est-ce simplement l\u2019imagination occidentale qui prend encore les choses pour acquises\u2009? Le racisme tel que nous le connaissons aujourd\u2019hui a sa fondation historique au XVe si\u00e8cle tardif dans la p\u00e9ninsule ib\u00e9rique et s\u2019est \u00e9tendu et consolid\u00e9 avec une telle construction, enhardi par la conqu\u00eate, la d\u00e9possession des terres, l\u2019exploitation du travail et la traite des esclaves, ses graines ont germ\u00e9 de l\u2019imagination chr\u00e9tienne, fleurissant dans les narrations l\u00e9gitimant l\u2019expulsion des Maures et des juifs de la p\u00e9ninsule ib\u00e9rique (l\u2019avant-garde \u00e0 l\u2019\u00e9poque de la chr\u00e9tient\u00e9 occidentale), et continuant \u00e0 fleurir au fil des ans jusqu\u2019\u00e0 ce qu\u2019elle soit consolid\u00e9e pendant le si\u00e8cle des Lumi\u00e8res europ\u00e9ennes. Les r\u00e9cits scientifiques ont contribu\u00e9 \u00e0 nous rassurer sur le fait que la race est ontique et non ontologique\u2009: qu\u2019elles existent dans la r\u00e9alit\u00e9, et non que les narrations scientifiques nous fassent \u00ab\u2009voir la r\u00e9alit\u00e9\u2009\u00bb. Mais les classifications raciales, en conjonction avec les divisions et les hi\u00e9rarchies continentales, restent opaques jusqu\u2019\u00e0 ce jour. Il semble aller de soi que les pays sous-d\u00e9velopp\u00e9s et les \u00e9conomies \u00e9mergentes ne sont qu\u2019un fait de \u00ab\u2009nature\u2009\u00bb ou d\u2019\u00ab\u2009histoire\u2009\u00bb, comme si la nature elle-m\u00eame \u00e9tait une force discriminatoire et l\u2019histoire le d\u00e9roulement ontique du temps universel. \u00c0 l\u2019\u00e9poque de saint Augustin, l\u2019horloge universelle allait de la cr\u00e9ation du monde au jugement dernier. \u00c0 l\u2019\u00e9poque de Hegel, son chronom\u00e8tre s\u00e9culaire mesurait le genre humain depuis le d\u00e9but de l\u2019Esprit (le germe de l\u2019\u00c9tat-nation bourgeois moderne en maturation) jusqu\u2019\u00e0 une histoire \u2013 que Hegel n\u2019aurait pas pu anticiper \u2013 se terminant au cr\u00e9puscule du n\u00e9olib\u00e9ralisme. En ce sens, \u00ab\u2009la fin de l\u2019histoire\u2009\u00bb, en tant que dicton bien connu apr\u00e8s la chute de l\u2019Union sovi\u00e9tique, a \u00e9t\u00e9 la proph\u00e9tie inattendue, bien que pas dans l\u2019interpr\u00e9tation n\u00e9olib\u00e9rale annon\u00e7ant un futur infini, mais la \u00ab\u2009fin d\u2019une histoire\u2009\u00bb dans le sens d\u00e9colonial que j\u2019ai mentionn\u00e9 plus haut\u2009: la fin du cycle modernit\u00e9-colonialit\u00e9, 1500\u20132000, l\u2019ascension et la chute de la matrice coloniale du pouvoir fond\u00e9e, transform\u00e9e et g\u00e9r\u00e9e par les \u00c9tats imp\u00e9riaux de l\u2019Atlantique Nord et narr\u00e9e par ses intellectuels organiques.           <\/p>\n<p>Il y a encore une autre le\u00e7on et un autre h\u00e9ritage de la conf\u00e9rence de Band\u0153ng\u2009: le point de cl\u00f4ture \u00e0 l\u2019opposition binaire et au tiers exclu de la philosophie grecque \u00e0 la th\u00e9orie politique des amis et des ennemis de Carl Schmitt. Band\u0153ng a montr\u00e9 que ce n\u2019\u00e9tait ni le capitalisme ni le communisme que la d\u00e9colonisation recherchait, mais autre chose. Le point de rupture avec la distribution hi\u00e9rarchique des Trois Mondes est n\u00e9 du rejet analectique du Premier et du Deuxi\u00e8me pour assurer l\u2019affirmation du Troisi\u00e8me. La hi\u00e9rarchie occidentale des Trois Mondes s\u2019est d\u00e9sint\u00e9gr\u00e9e lorsqu\u2019elle a \u00e9t\u00e9 bafou\u00e9e par la d\u00e9sob\u00e9issance politique et \u00e9pist\u00e9mique du Tiers Monde. C\u2019est en un mot le tournant de Band\u0153ng qui a plant\u00e9 la graine de la multipolarit\u00e9 (la d\u00e9soccidentalisation comme projet d\u2019\u00c9tat) et de la pluriversalit\u00e9 (la d\u00e9colonialit\u00e9 comme projets multiformes d\u2019organisations politiques \u00e9mergentes dans la sph\u00e8re publique). La le\u00e7on de Band\u0153ng ne doit pas \u00eatre oubli\u00e9e. Il faut plut\u00f4t la revisiter pour comprendre que si aujourd\u2019hui, sur la plan\u00e8te, nous vivons un changement d\u2019\u00e8re et non plus une \u00e8re de changements (1500\u20132000) qui \u00e9tait construite sur une pens\u00e9e binaire dans tous les domaines de la vie (politique, \u00e9conomie et culture, jusqu\u2019\u00e0 la num\u00e9risation binaire), quand et o\u00f9 le progr\u00e8s consistait \u00e0 faire avancer l\u2019un des deux p\u00f4les s\u2019opposant en contenant ou en \u00e9liminant l\u2019oppos\u00e9, Band\u0153ng nous a montr\u00e9 un chemin pour sortir des cha\u00eenes du tiers monde exclu. La conf\u00e9rence de Band\u0153ng a plant\u00e9 les graines qui ont pouss\u00e9, comme cela a toujours \u00e9t\u00e9 le cas dans l\u2019histoire de l\u2019humanit\u00e9, dans une direction inattendue. N\u00e9anmoins, les signes du changement d\u2019\u00e8re d\u00e9sormais visible \u00e9taient d\u00e9j\u00e0 l\u00e0, dans l\u2019\u00e9v\u00e9nement, les objectifs et les paroles de Soekarno. L\u2019Asie et l\u2019Afrique \u00e9taient en train, par le travail de leurs dirigeants et de leurs partisans, par la force et l\u2019\u00e9nergie de leurs penseurs, de s\u2019\u00e9loigner des choix binaires occidentaux, \u00ab\u2009tu es avec moi ou avec mon ennemi\u2009\u00bb[14]. Band\u0153ng a offert une ouverture au \u00ab\u2009ou bien ou bien\u2009\u00bb en installant la double n\u00e9gation \u00ab\u2009ni\/ni\u2009\u00bb (d\u00e9connexion) et la double ouverture \u00e0 l\u2019\u00e9cart de l\u2019occidentalisation\u2009: la d\u00e9soccidentalisation (dans les relations inter-\u00c9tats) et la d\u00e9colonialit\u00e9 (dans la sph\u00e8re publique) (reconnexion et reconstitutions). Ce changement d\u2019\u00e9poque, que l\u2019on peut difficilement ignorer aujourd\u2019hui, trouve sa fondation historique contemporaine dans la Conf\u00e9rence de Band\u0153ng.           <\/p>\n<p>Le fait que l\u2019Asie et l\u2019Afrique aient suivi des chemins divergents depuis lors est compr\u00e9hensible si l\u2019on consid\u00e8re l\u2019histoire de la matrice coloniale du pouvoir en observant comment les deux continents \u00e9taient situ\u00e9s dans l\u2019horizon colonial de la modernit\u00e9. La mutation de la carte T-O de triade en t\u00e9tragone dans l\u2019Orbis terrarium du XVIe si\u00e8cle \u00e9tait explicite dans les quatre cartouches, occupant les quatre coins d\u2019une description \u00e0 plat des continents et les mers, qui apparaissent g\u00e9n\u00e9ralement dans la cartographie du XVIIe si\u00e8cle. Je r\u00e9sume ici certaines des conclusions et interpr\u00e9tations d\u00e9j\u00e0 avanc\u00e9es dans La Face cach\u00e9e de la Renaissance[15]. L\u2019histoire est la suivante. Dans le coin sup\u00e9rieur gauche, le spectateur voit une dame bien habill\u00e9e assise dans un locus amoenus. Dans le coin sup\u00e9rieur droit, une dame tout aussi bien habill\u00e9e appara\u00eet, mais h\u00e9las assise sur un \u00e9l\u00e9phant. Malgr\u00e9 l\u2019importance de l\u2019\u00e9l\u00e9phant dans les histoires naturelles classiques (par exemple, Pline l\u2019Ancien), pour la conscience europ\u00e9enne du XVIIe si\u00e8cle, son locus amoenus familier propre ne pouvait \u00eatre compar\u00e9 \u00e0 un \u00e9l\u00e9phant, qui, peut-\u00eatre en raison de son intelligence fort lou\u00e9e, \u00e9tait un animal associ\u00e9 au cirque. Les deux cartouches du coin inf\u00e9rieur, \u00e0 droite et \u00e0 gauche, \u00e9taient interchangeables. Sur certaines cartes, l\u2019Afrique est \u00e0 gauche et l\u2019Am\u00e9rique \u00e0 droite, et vice versa sur d\u2019autres.        <\/p>\n<p>Le fait est que malgr\u00e9 cela, pour les cartographes hollandais et la conscience europ\u00e9enne du temps, l\u2019Afrique et l\u2019Am\u00e9rique comptaient peu. Mais ce n\u2019est pas tout. Les images de l\u2019Afrique et de l\u2019Am\u00e9rique \u00e9taient v\u00e9hicul\u00e9es par le biais de deux dames semi-nues, l\u2019une assise sur un alligator et l\u2019autre sur un tatou. Inutile de le dire, la nudit\u00e9 n\u2019est pas de bon augure pour l\u2019imagination chr\u00e9tienne et m\u00eame pas pour la conscience humaniste la\u00efque. Et comme les alligators et les tatous ne peuvent pas \u00eatre mis sur le m\u00eame pied que l\u2019\u00e9l\u00e9phant dans l\u2019Historia animalium, la proph\u00e9tie de No\u00e9 a effectivement commenc\u00e9 \u00e0 \u00eatre d\u00e9voil\u00e9e au XVIIe si\u00e8cle, lorsque l\u2019Afrique et l\u2019Am\u00e9rique \u00e9taient localis\u00e9es au bas de la carte. Il ne devrait donc pas nous surprendre qu\u2019au cours de la deuxi\u00e8me d\u00e9cennie du XIXe si\u00e8cle, Hegel pla\u00e7ait clairement et explicitement l\u2019Afrique hors de l\u2019histoire, et l\u2019Am\u00e9rique (pour lui les \u00ab\u2009USA\u2009\u00bb) dans le futur de l\u2019Europe, et concevait l\u2019Am\u00e9rique du Sud comme la terre sans espoir des caudillos barbares.     <\/p>\n<p>Les mod\u00e8les divergents de l\u2019Asie et de l\u2019Afrique dans l\u2019horizon colonial de la modernit\u00e9 que nous venons d\u2019esquisser ont toutefois un point de d\u00e9part commun\u2009: regagner la souverainet\u00e9 politique, \u00e9conomique et culturelle perdue et ni\u00e9e de leurs institutions et la dignit\u00e9 humaine refus\u00e9e aux peuples. Sur le plan institutionnel, l\u2019Asie de l\u2019Est, du Sud et du Sud-Est se sont appropri\u00e9es l\u2019\u00e9conomie capitaliste pour poursuivre leurs objectifs en trouvant leur chemin apr\u00e8s l\u2019effondrement de l\u2019Union sovi\u00e9tique et l\u2019auto-stimulation des dirigeants occidentaux en vue d\u2019atteindre une gestion et un contr\u00f4le mondiaux. Alors que la Chine a d\u00e9cid\u00e9 sans h\u00e9sitation de suivre sa propre voie pour gu\u00e9rir des blessures et des humiliations inflig\u00e9es par la guerre de l\u2019opium, le Japon reste dans la sph\u00e8re des \u00c9tats-Unis et de l\u2019Occident, un chemin d\u00e9j\u00e0 d\u00e9cid\u00e9 lors de la restauration Meiji dans la seconde moiti\u00e9 du XIXe si\u00e8cle, et consolid\u00e9 en raison de la croissance de l\u2019\u00e9conomie et de l\u2019influence de la R\u00e9publique de Chine. Cependant, il ne serait pas exact de dire aujourd\u2019hui que nous sommes dans une nouvelle guerre froide, d\u00e9sormais entre le n\u00e9olib\u00e9ralisme et le communisme chinois, puisque la Chine n\u2019est pas un pays communiste comme l\u2019\u00e9tait l\u2019Union sovi\u00e9tique. La Chine a adopt\u00e9 l\u2019\u00e9conomie capitaliste guid\u00e9e par un \u00c9tat fort, ce qui n\u2019est pas pour plaire aux conceptions n\u00e9olib\u00e9rales. Alors que l\u2019Union sovi\u00e9tique a suivi le chemin du socialisme europ\u00e9en des Lumi\u00e8res, fr\u00e8re du lib\u00e9ralisme des Lumi\u00e8res, la Chine s\u2019est d\u00e9tach\u00e9e des deux en reconstituant ses propres m\u00e9moires, langages et praxis de vie, longues et solides. En un sens, la Chine a actualis\u00e9 le dicton de Band\u0153ng, \u00ab\u2009ni capitalisme ni communisme\u2009\u00bb, c\u2019est-\u00e0-dire ni capitalisme lib\u00e9ral ou n\u00e9olib\u00e9ral ni communisme de style occidental. La Chine, en d\u2019autres termes, ne pourrait pas \u00eatre ce qu\u2019elle est sans la conf\u00e9rence de Band\u0153ng et l\u2019exp\u00e9rience ant\u00e9rieure men\u00e9e \u00e0 Singapour par Lee Kwan Yew, que Deng Xiaoping a consult\u00e9 lorsqu\u2019il a pris la direction apr\u00e8s la mort de Mao (Kuan Yew, 2012).       <\/p>\n<p>Et qu\u2019en est-il de l\u2019Afrique dans cette narration ainsi ancr\u00e9e dans la Conf\u00e9rence de Band\u0153ng\u2009? J\u2019esp\u00e8re que, parmi les objectifs de cette revue, <em>Global Africa<\/em>, figurent les reconstitutions des narrations destitu\u00e9es au cours de la longue nuit de l\u2019Afrique dans l\u2019horizon colonial de la modernit\u00e9 depuis 1652, mais aussi depuis l\u2019imagination chr\u00e9tienne qui a donn\u00e9 libre cours \u00e0 la traite atlantique des esclaves et la multiplication des colonies europ\u00e9ennes de 1652 \u00e0 la Conf\u00e9rence de Berlin de 1884-85, jusqu\u2019\u00e0 ce que la vague de d\u00e9colonisation de la guerre froide commence \u00e0 rompre le charme. Contrairement \u00e0 des histoires et des m\u00e9moires de longue dur\u00e9e comme celles de la Chine, de l\u2019Inde, du Japon et des nombreux \u00c9tats diversifi\u00e9s \u2013 nationaux ou monarchiques \u2013 dans lesquels les musulmans ont conserv\u00e9 leurs propres langues, m\u00e9moires, \u00e9critures et praxis de vie, l\u2019Afrique a subi un d\u00e9mant\u00e8lement important des \u00ab\u2009royaumes\u2009\u00bb comme on dit, existants, parfois des empires, similaire \u00e0 certains \u00e9gards et diff\u00e9rent \u00e0 d\u2019autres aux trajectoires de l\u2019Am\u00e9rique du Sud, de l\u2019Am\u00e9rique centrale et des Cara\u00efbes. Les splendeurs de la d\u00e9colonisation pendant la guerre froide furent les formations d\u2019\u00c9tats-nations. Les mis\u00e8res ont \u00e9t\u00e9 les \u00e9lites indig\u00e8nes dans le nord et le sud du Sahara, qui se sont empar\u00e9es de l\u2019\u00c9tat pour leur propre b\u00e9n\u00e9fice, en connivence avec l\u2019Europe ou les \u00c9tats-Unis. La situation de l\u2019Afrique dans l\u2019horizon colonial de la modernit\u00e9 a \u00e9t\u00e9 r\u00e9orient\u00e9e par deux \u00e9v\u00e9nements simultan\u00e9s. Le premier a \u00e9t\u00e9 la fin de l\u2019apartheid en Afrique du Sud. Le second, \u00e9tant la cons\u00e9quence du premier, a \u00e9t\u00e9 l\u2019invitation faite par Hu Jintao (en 2010) \u00e0 l\u2019Afrique du Sud de faire partie des BRICS (fond\u00e9s en 2009). La formation des BRICS et l\u2019essor de la Chine sont deux signes cruciaux de la d\u00e9soccidentalisation. Ce qui signifie l\u2019appropriation de l\u2019\u00e9conomie capitaliste, mais aussi le rejet de la volont\u00e9 occidentale n\u00e9o-lib\u00e9rale (les \u00c9tats-Unis second\u00e9s par l\u2019UE) de contr\u00f4ler et de g\u00e9rer l\u2019ordre mondial (Mignolo 2014).       <\/p>\n<p>L\u2019Afrique (encore une fois de mani\u00e8re similaire \u00e0 l\u2019Am\u00e9rique du Sud\/centrale et aux Cara\u00efbes) est confront\u00e9e \u00e0 l\u2019ordre global inter\u00e9tatique dans le conflit entre la volont\u00e9 occidentale de maintenir les privil\u00e8ges accumul\u00e9s pendant 500 ans et la volont\u00e9 de ne pas ob\u00e9ir \u00e0 la conception globale occidentale qui a aujourd\u2019hui, en Chine, en Russie et en Iran, plant\u00e9 trois piliers qui, en outre, gardent l\u2019Asie centrale des ambitions occidentales. Les investissements de la Chine en Afrique sont bien connus et beaucoup d\u2019entre eux sont de notori\u00e9t\u00e9 publique. La croissance \u00e9conomique et urbaine de nombreux \u00c9tats africains saute aux yeux, litt\u00e9ralement, d\u2019une mani\u00e8re que n\u2019a pas encore rejointe l\u2019Am\u00e9rique hispanique, bien que le Br\u00e9sil et le Mexique soient deux \u00e9conomies fortes. Les investissements de la Chine en Afrique ne peuvent \u00eatre compar\u00e9s \u00e0 ses investissements aux \u00c9tats-Unis. Si la conf\u00e9rence de Band\u0153ng a r\u00e9uni les dirigeants de vingt-neuf nations africaines et asiatiques, ces cheminements ont \u00e9t\u00e9 remis en vigueur par la Chine au cours de la derni\u00e8re d\u00e9cennie[16]. L\u2019investissement chinois en Afrique a provoqu\u00e9 des initiatives de la part des \u00c9tats-Unis pour y contrer son influence, au profit de dirigeants qui ont pu utiliser cette situation \u00e0 leur avantage, sans avoir \u00e0 prendre parti pour la d\u00e9soccidentalisation ou la r\u00e9occidentalisation (les efforts des \u00c9tats-Unis qui remettent en vigueur et renouvellent les 500 derni\u00e8res ann\u00e9es d\u2019occidentalisation (Latouche, 1989). En d\u2019autres termes, au niveau des relations inter\u00e9tatiques et de l\u2019ordre global, les \u00c9tats-nations africains form\u00e9s au cours de la d\u00e9colonisation pendant la guerre froide sont maintenant positionn\u00e9s pour assurer leur croissance \u00e9conomique, couvrant leurs mises pas toujours au b\u00e9n\u00e9fice de tous les Africains.      <\/p>\n<p>Ce qui m\u2019am\u00e8ne au dernier point de cet essai, la renaissance de la pens\u00e9e ind\u00e9pendante et de la soci\u00e9t\u00e9 politique parall\u00e8lement (mais pas n\u00e9cessairement en m\u00eame temps) \u00e0 la renaissance des \u00e9conomies politiques des \u00c9tats, soit ceux qui luttent pour leur souverainet\u00e9 ou soit ceux qui entrent en collaboration avec l\u2019un ou l\u2019autre p\u00f4le \u2013 ou, plus g\u00e9n\u00e9ralement, s\u2019alignant sur l\u2019UE ou les \u00c9tats-Unis (Mignolo, 2009, 2017) \u2013 les vieilles habitudes ont la vie dure. Si donc, dans la sph\u00e8re institutionnelle de l\u2019\u00c9tat et des autres institutions officielles, la renaissance et la pr\u00e9sence de l\u2019Afrique dans l\u2019ordre mondial sont inimaginables[17] sans le pr\u00e9c\u00e9dent de Band\u0153ng, le renouveau actuel de la pens\u00e9e cr\u00e9ative (pas seulement critique), la recherche de la reconstitution du commun, l\u2019affirmation et la reconstitution\/restitution des d\u00e9munis, sont inimaginables sans le travail de fond et le sens proph\u00e9tique (cette fois-ci, pas de la narration de No\u00e9) des penseurs et activistes d\u00e9coloniaux pendant la guerre froide (par exemple, Am\u00edlcar Cabral, Patrice Lumumba, Kwame Nkrumah, Steve Biko, des universitaires comme Cheikh Anta Diop, des \u00e9crivains comme Chinua Achebe et, depuis les Cara\u00efbes, Aim\u00e9 C\u00e9saire et Franz Fanon, des universitaires comme Paulin J. Hountondji, Kwasi Wiredu, etc.). Je vois cet h\u00e9ritage informer directement et indirectement le large spectre de l\u2019\u00e9nergique renouveau de la pens\u00e9e africaine aujourd\u2019hui et son impact croissant sur la sc\u00e8ne mondiale[18].&nbsp;<\/p><p>Si donc la d\u00e9soccidentalisation dans la sph\u00e8re publique apr\u00e8s la guerre froide a clos l\u2019\u00e8re de l\u2019ordre mondial unipolaire occidental et ouvert l\u2019explosion vers l\u2019ordre mondial multipolaire d\u00e9j\u00e0 en l\u2019\u0153uvre, avec la d\u00e9colonialit\u00e9, apr\u00e8s la d\u00e9colonisation de la guerre froide, se referme l\u2019\u00e8re de l\u2019universalisme occidental et s\u2019ouvre celle de la pluriversalit\u00e9. Je consid\u00e8re que la revue <em>Global Africa<\/em> accompagne et contribue \u00e0 ce changement d\u2019\u00e8re et \u00e0 l\u2019av\u00e8nement du Troisi\u00e8me Nomos de la Terre. D\u2019autres id\u00e9es, longtemps r\u00e9duites au silence, sont entendues \u00e0 nouveau, reconstitu\u00e9es sur les d\u00e9bris de la modernit\u00e9 occidentale et les d\u00e9g\u00e2ts de la colonialit\u00e9. \u00c0 la fois dans la sph\u00e8re de l\u2019\u00c9tat et dans la sph\u00e8re publique, l\u2019Afrique comme l\u2019Asie ferment leurs d\u00e9pendances \u00e0 l\u2019horizon colonial de la modernit\u00e9 (tandis que l\u2019Am\u00e9rique du Sud est toujours dans la balance, tel un point d\u2019interrogation, et il y a de bonnes raisons \u00e0 cela). Les enjeux sont \u00e9lev\u00e9s. Si le r\u00e9cit de No\u00e9 et la carte T-O ont pos\u00e9 les bases de l\u2019av\u00e8nement de la modernit\u00e9\/colonialit\u00e9 occidentale, la rencontre fortuite avec l\u2019inconnu et l\u2019invention de l\u2019Am\u00e9rique (1500) n\u2019ont laiss\u00e9 aux acteurs de la monarchie, de l\u2019\u00c9glise, des prospecteurs, des soldats, des cartographes et des conteurs d\u2019autre option que leurs propres limites qu\u2019ils ont transform\u00e9es en possibilit\u00e9s ouvertes. Aujourd\u2019hui, sur la plan\u00e8te, nous assistons \u00e0 une situation similaire\u2009: la Covid-19, planifi\u00e9e ou non, a l\u00e9gitim\u00e9 et justifi\u00e9 les arguments en faveur de la \u00ab\u2009Grande r\u00e9initialisation\u2009\u00bb (Forum \u00e9conomique mondial) et de la \u00ab\u2009Grande transformation\u2009\u00bb (FMI). C\u2019est seulement que la situation a chang\u00e9 et que la plan\u00e8te n\u2019est plus d\u00e9sormais une terra nullus, mais une terra firma soutenant et nourrissant les \u00e9nergies et les cr\u00e9ativit\u00e9s des reconstitutions des destitu\u00e9s et de la r\u00e9-existence de l\u2019humanit\u00e9 ni\u00e9e. L\u2019Afrique ne se limite plus \u00e0 ce que No\u00e9, Saint Augustin, Kant et Hegel ont imagin\u00e9 et dont ils ont r\u00e9ussi \u00e0 faire croire comme \u00e9tant \u00e0 la \u00ab\u2009r\u00e9alit\u00e9\u2009\u00bb.            <\/p>\t\t\t\t\t\t\t\t<\/div>\n\t\t\t\t<\/div>\n\t\t\t\t<div class=\"elementor-element elementor-element-ed76968 elementor-widget elementor-widget-heading\" data-id=\"ed76968\" data-element_type=\"widget\" data-e-type=\"widget\" data-widget_type=\"heading.default\">\n\t\t\t\t<div class=\"elementor-widget-container\">\n\t\t\t\t\t<h2 class=\"elementor-heading-title elementor-size-default\">Cl\u00f4ture et ouverture<\/h2>\t\t\t\t<\/div>\n\t\t\t\t<\/div>\n\t\t\t\t<div class=\"elementor-element elementor-element-25d94c5 elementor-widget elementor-widget-text-editor\" data-id=\"25d94c5\" data-element_type=\"widget\" data-e-type=\"widget\" data-widget_type=\"text-editor.default\">\n\t\t\t\t<div class=\"elementor-widget-container\">\n\t\t\t\t\t\t\t\t\t<p>L\u2019essentiel de mon r\u00e9cit souligne la place assign\u00e9e \u00e0 l\u2019Afrique (apr\u00e8s l\u2019Asie et les Am\u00e9riques) dans la narration du christianisme occidental pr\u00e9coce refondue dans l\u2019horizon colonial de la modernit\u00e9 depuis la Renaissance, et comme cons\u00e9quence de l\u2019av\u00e8nement des circuits commerciaux atlantiques et du commerce massif d\u2019esclaves africains captifs. La place et le r\u00f4le de l\u2019Afrique dans la narration du christianisme occidental ont donn\u00e9 sa fondation h\u00e9g\u00e9monique \u00e0 l\u2019horizon colonial de la modernit\u00e9 lorsque, par un hasard bienheureux, les chr\u00e9tiens occidentaux se sont trouv\u00e9s en position d\u2019\u00e9tendre leurs narrations \u00e0 toute la plan\u00e8te en profitant de l\u2019imprimerie, des circumnavigations de la plan\u00e8te Terre, du travail spectaculaire des cartographes hollandais et de la cr\u00e9ation du droit des gens pour l\u00e9gitimer la possession et la d\u00e9possession d\u2019une plan\u00e8te qui \u00e9tait d\u00e9j\u00e0 symboliquement et hi\u00e9rarchiquement cartographi\u00e9e \u00e0 travers la juxtaposition de trois masses continentales aux trois fils de No\u00e9, auxquelles l\u2019Am\u00e9rique a \u00e9t\u00e9 ajout\u00e9e. Mais l\u2019ajout de l\u2019Am\u00e9rique n\u2019a pas invalid\u00e9 la triade pr\u00e9\u00e9tablie d\u2019une vision du monde qui est devenue l\u2019un des piliers de la civilisation occidentale (du christianisme occidental). L\u2019autre pilier \u00e9tait, et est toujours, le grec s\u00e9culier dans toute sa port\u00e9e. L\u2019Afrique est d\u2019abord entr\u00e9e dans l\u2019horizon colonial de la modernit\u00e9 par l\u2019extraction, arrachant des \u00eatres humains \u00e0 leur lieu d\u2019habitation et les transportant de force vers les Am\u00e9riques. Elle y est en second lieu entr\u00e9e \u00e0 nouveau lorsque les colons europ\u00e9ens ont entam\u00e9 leur long processus de peuplement, consolid\u00e9 \u00e0 la conf\u00e9rence de Berlin en 1884\u20131885. Mais c\u2019est, paradoxalement, une autre conf\u00e9rence, cette fois hors d\u2019Europe, en Indon\u00e9sie, qui a annonc\u00e9 le d\u00e9but de la fin. Pas seulement la fin de la mal\u00e9diction de No\u00e9 sur l\u2019Afrique, mais aussi du r\u00f4le secondaire assign\u00e9 \u00e0 l\u2019Asie au moyen de la cartographie du XVIIe si\u00e8cle, un point d\u2019inflexion dans la place de l\u2019Afrique sur la carte T-O quand Europe\/Japhet \u00e9tait la promesse d\u2019un agrandissement. Si donc Japhet devait habiter la maison de Sem et que Cham \u00e9tait destin\u00e9 (\u00e0 nouveau la proph\u00e9tie d\u2019\u00eatre l\u2019esclave de ses fr\u00e8res) \u00e0 \u00eatre l\u2019esclave des deux, alors la v\u00e9rit\u00e9 universelle d\u2019une telle narration se doublait de l\u2019organisation continentale unilat\u00e9rale et du classement de l\u2019ordre mondial implant\u00e9 dans l\u2019imagination de tous et de la g\u00e9n\u00e9ration future. Plus maintenant. L\u2019av\u00e8nement du Troisi\u00e8me Nomos de la Terre, et le changement d\u2019\u00e8re qui en d\u00e9coule, a \u00e9merg\u00e9 de l\u2019explosion et des d\u00e9bris du Deuxi\u00e8me Nomos (1500-2000). La marche actuelle vers un ordre mondial multipolaire dans les relations inter\u00e9tatiques et la pluriversalit\u00e9 prend place dans la sph\u00e8re publique d\u00e9sob\u00e9issante et rebelle (Mignolo, 2018). Des bifurcations et des fragmentations jaillissent de l\u2019explosion et des d\u00e9bris de l\u2019universalit\u00e9 et de la monopolarit\u00e9 \u00e0 la fin de l\u2019\u00e8re des universaux abstraits et du cycle historique qui a r\u00e9ussi \u00e0 implanter la totalit\u00e9 totalitaire cons\u00e9cutive \u00e0 une histoire singuli\u00e8re. La multipolarit\u00e9 dans les relations inter\u00e9tatiques et la pluriversalit\u00e9 dans la sph\u00e8re publique sont deux trajectoires d\u2019ensemble d\u00e9j\u00e0 \u00e9tablies\u2009: d\u00e9sormais la temp\u00eate ne souffle plus \u00e0 partir du paradis, mais depuis le Sud et l\u2019Est globaux, et s\u2019immisce d\u00e9j\u00e0 dans le Nord et l\u2019Ouest globaux.             <\/p>\t\t\t\t\t\t\t\t<\/div>\n\t\t\t\t<\/div>\n\t\t\t\t<\/div>\n\t\t<div data-particle_enable=\"false\" data-particle-mobile-disabled=\"false\" class=\"elementor-element elementor-element-2d9184d e-con-full e-flex wpr-particle-no wpr-jarallax-no wpr-parallax-no wpr-sticky-section-no e-con e-child\" data-id=\"2d9184d\" data-element_type=\"container\" data-e-type=\"container\" data-settings=\"{&quot;background_background&quot;:&quot;classic&quot;}\">\n\t\t\t\t<div class=\"elementor-element elementor-element-a7fd8c3 ignoretoc elementor-hidden-mobile elementor-widget elementor-widget-heading\" data-id=\"a7fd8c3\" data-element_type=\"widget\" data-e-type=\"widget\" data-widget_type=\"heading.default\">\n\t\t\t\t<div class=\"elementor-widget-container\">\n\t\t\t\t\t<h2 class=\"elementor-heading-title elementor-size-default\">L'auteur<\/h2>\t\t\t\t<\/div>\n\t\t\t\t<\/div>\n\t\t\t\t<div class=\"elementor-element elementor-element-38b0172 ignoretoc elementor-hidden-mobile elementor-widget elementor-widget-link-in-bio\" data-id=\"38b0172\" data-element_type=\"widget\" data-e-type=\"widget\" data-widget_type=\"link-in-bio.default\">\n\t\t\t\t<div class=\"elementor-widget-container\">\n\t\t\t\t\t\t\t<div class=\"e-link-in-bio e-link-in-bio\">\n\t\t\t<div class=\"e-link-in-bio__content\">\n\n\t\t\t\t\t\t<div class=\"e-link-in-bio__identity\">\n\t\t\t\t\t\t\t\t\t<div class=\"e-link-in-bio__identity-image e-link-in-bio__identity-image-profile has-style-circle\">\n\t\t\t\t\t\t\t<img fetchpriority=\"high\" decoding=\"async\" width=\"225\" height=\"300\" src=\"https:\/\/www.globalafricasciences.org\/wp-content\/uploads\/2024\/12\/Walter-Mignolo--225x300.jpg\" class=\"e-link-in-bio__identity-image-element\" alt=\"\" srcset=\"https:\/\/www.globalafricasciences.org\/wp-content\/uploads\/2024\/12\/Walter-Mignolo--225x300.jpg 225w, https:\/\/www.globalafricasciences.org\/wp-content\/uploads\/2024\/12\/Walter-Mignolo-.jpg 500w\" sizes=\"(max-width: 225px) 100vw, 225px\" \/>\t\t\t\t\t\t\t\t\t\t\t\t\t<\/div>\n\t\t\t\t\t\t\t<\/div>\n\t\t\t\t\t<div class=\"e-link-in-bio__bio\">\n\t\t\t\t<h2 class=\"e-link-in-bio__heading\">Walter D. Mignolo<\/h2>\t\t\t\t<h3 class=\"e-link-in-bio__title\">Professeur d\u2019\u00e9tudes romanes et de litt\u00e9rature \u00e0 l\u2019universit\u00e9 de Duke Titulaire de la chaire William Hane Wannamaker,<\/h3>\t\t\t\t\t\t\t\t<p class=\"e-link-in-bio__description\">Directeur du Centre d\u2019\u00e9tudes mondiales et des sciences humaines de l\u2019universit\u00e9 de Duke <\/p>\t\t\t<\/div>\n\t\t\t\t\t<div class=\"e-link-in-bio__icons has-size-small\">\n\t\t\t\t\t\t\t<div class=\"e-link-in-bio__icon is-size-small\">\n\t\t\t\t\t<a aria-label=\"Email\" class=\"e-link-in-bio__icon-link\" href=\"mailto:walter1654@gmail.com?subject=Contact%20from%20GA%20Bio\">\n\t\t\t\t\t\t<span class=\"e-link-in-bio__icon-svg\">\n\t\t\t\t\t\t\t<i aria-hidden=\"true\" class=\"fas fa-envelope\"><\/i>\t\t\t\t\t\t<\/span>\n\t\t\t\t\t\t\t\t\t\t\t<\/a>\n\t\t\t\t<\/div>\n\t\t\t\t\t<\/div>\n\t\t\n\t\t<div class=\"e-link-in-bio__ctas has-type-button\">\n\t\t\t\t\t\t\t<a href=\"\/authors\/walter-mignolo\" target=\"_blank\" rel=\"noopener \" class=\"e-link-in-bio__cta is-type-button has-corners-rounded\">\n\t\t\t\t\t\t\t\t\t\t<span class=\"e-link-in-bio__cta-text\">\n\t\t\t\t\t\tVoir le profil complet\t\t\t\t\t<\/span>\n\t\t\t\t<\/a>\n\t\t\t\t\t<\/div>\n\t\t\n\t\t\t<\/div>\n\t\t\t<div class=\"e-link-in-bio__bg\">\n\t\t\t\t<div class=\"e-link-in-bio__bg-overlay\"><\/div>\n\t\t\t<\/div>\n\t\t<\/div>\n\t\t\t\t\t\t<\/div>\n\t\t\t\t<\/div>\n\t\t\t\t<div class=\"elementor-element elementor-element-ca44f9b ignoretoc elementor-widget elementor-widget-heading\" data-id=\"ca44f9b\" data-element_type=\"widget\" data-e-type=\"widget\" data-widget_type=\"heading.default\">\n\t\t\t\t<div class=\"elementor-widget-container\">\n\t\t\t\t\t<h2 class=\"elementor-heading-title elementor-size-default\">\u00c9galement dans ce num\u00e9ro<\/h2>\t\t\t\t<\/div>\n\t\t\t\t<\/div>\n\t\t\t\t<div class=\"elementor-element elementor-element-08ab0bf elementor-grid-1 elementor-grid-tablet-1 elementor-grid-mobile-1 elementor-posts--thumbnail-top elementor-posts--show-avatar elementor-card-shadow-yes elementor-posts__hover-gradient elementor-widget elementor-widget-posts\" data-id=\"08ab0bf\" data-element_type=\"widget\" data-e-type=\"widget\" data-settings=\"{&quot;posts_cards_pp_authors_columns&quot;:&quot;1&quot;,&quot;posts_cards_pp_authors_row_gap&quot;:{&quot;unit&quot;:&quot;px&quot;,&quot;size&quot;:27,&quot;sizes&quot;:[]},&quot;posts_cards_pp_authors_columns_tablet&quot;:&quot;1&quot;,&quot;posts_cards_pp_authors_columns_mobile&quot;:&quot;1&quot;,&quot;posts_cards_pp_authors_row_gap_laptop&quot;:{&quot;unit&quot;:&quot;px&quot;,&quot;size&quot;:&quot;&quot;,&quot;sizes&quot;:[]},&quot;posts_cards_pp_authors_row_gap_tablet_extra&quot;:{&quot;unit&quot;:&quot;px&quot;,&quot;size&quot;:&quot;&quot;,&quot;sizes&quot;:[]},&quot;posts_cards_pp_authors_row_gap_tablet&quot;:{&quot;unit&quot;:&quot;px&quot;,&quot;size&quot;:&quot;&quot;,&quot;sizes&quot;:[]},&quot;posts_cards_pp_authors_row_gap_mobile_extra&quot;:{&quot;unit&quot;:&quot;px&quot;,&quot;size&quot;:&quot;&quot;,&quot;sizes&quot;:[]},&quot;posts_cards_pp_authors_row_gap_mobile&quot;:{&quot;unit&quot;:&quot;px&quot;,&quot;size&quot;:&quot;&quot;,&quot;sizes&quot;:[]}}\" data-widget_type=\"posts.posts_cards_pp_authors\">\n\t\t\t\t<div class=\"elementor-widget-container\">\n\t\t\t\t\t\t\t<div class=\"elementor-posts-container elementor-posts elementor-posts--skin-posts_cards_pp_authors elementor-grid\" role=\"list\">\n\t\t\t\t<article class=\"elementor-post elementor-grid-item post-15271 post type-post status-publish format-standard has-post-thumbnail hentry category-revue author-global-africa\" role=\"listitem\">\n\t\t\t<div class=\"elementor-post__card\">\n\t\t\t\t<a class=\"elementor-post__thumbnail__link\" href=\"https:\/\/www.globalafricasciences.org\/fr\/numero-10-global-africa-savoirs-protecteurs-savoir-proteger\/\" tabindex=\"-1\" target=\"_blank\"><div class=\"elementor-post__thumbnail\"><img decoding=\"async\" width=\"1200\" height=\"1200\" src=\"https:\/\/www.globalafricasciences.org\/wp-content\/uploads\/2025\/06\/Issue-10-\u2013-Global-AfricaProtective-Knowledges-The-Wisdom-to-Protect-.webp\" class=\"attachment-full size-full wp-image-15268\" alt=\"\" \/><\/div><\/a>\n\t\t        <div class=\"elementor-post__avatar\">\n            <img alt='' src='https:\/\/www.globalafricasciences.org\/wp-content\/uploads\/2024\/11\/Global-Africa.jpg' srcset='https:\/\/www.globalafricasciences.org\/wp-content\/uploads\/2024\/11\/Global-Africa.jpg' class='multiple_authors_guest_author_avatar avatar' height='128' width='128'\/>        <\/div>\n        \t\t<div class=\"elementor-post__text\">\n\t\t\t\t<h4 class=\"elementor-post__title\">\n\t\t\t<a href=\"https:\/\/www.globalafricasciences.org\/fr\/numero-10-global-africa-savoirs-protecteurs-savoir-proteger\/\" target=&quot;_blank&quot;>\n\t\t\t\tNum\u00e9ro 10 \u2013 Global Africa\u00ab Savoirs protecteurs, savoir prot\u00e9ger \u00bb\t\t\t<\/a>\n\t\t<\/h4>\n\t\t\n\t\t<a class=\"elementor-post__read-more\" href=\"https:\/\/www.globalafricasciences.org\/fr\/numero-10-global-africa-savoirs-protecteurs-savoir-proteger\/\" aria-label=\"En savoir plus sur Num\u00e9ro 10 \u2013 Global Africa\u00ab Savoirs protecteurs, savoir prot\u00e9ger \u00bb\" tabindex=\"-1\" target=\"_blank\">\n\t\t\tRead More \u00bb\t\t<\/a>\n\n\t\t\t\t<\/div>\n\t\t\t\t<div class=\"elementor-post__meta-data\">\n\t\t\t        <span class=\"elementor-post-author\">\n\t\t\tGlobal Africa\t\t<\/span>\n        \t\t<\/div>\n\t\t\t\t\t<\/div>\n\t\t<\/article>\n\t\t\t\t<article class=\"elementor-post elementor-grid-item post-15509 post type-post status-publish format-standard has-post-thumbnail hentry category-analyses-critiques author-karine-collette-fr author-ibrahima-ba-fr\" role=\"listitem\">\n\t\t\t<div class=\"elementor-post__card\">\n\t\t\t\t<a class=\"elementor-post__thumbnail__link\" href=\"https:\/\/www.globalafricasciences.org\/fr\/terre-mere-trace-discursive-dune-emancipation-ecologique-au-nord-et-au-sud\/\" tabindex=\"-1\" target=\"_blank\"><div class=\"elementor-post__thumbnail\"><img decoding=\"async\" width=\"527\" height=\"752\" src=\"https:\/\/www.globalafricasciences.org\/wp-content\/uploads\/2025\/06\/Capture-decran-2025-06-27-a-19.19.41.png\" class=\"attachment-full size-full wp-image-14990\" alt=\"\" srcset=\"https:\/\/www.globalafricasciences.org\/wp-content\/uploads\/2025\/06\/Capture-decran-2025-06-27-a-19.19.41.png 527w, https:\/\/www.globalafricasciences.org\/wp-content\/uploads\/2025\/06\/Capture-decran-2025-06-27-a-19.19.41-210x300.png 210w\" sizes=\"(max-width: 527px) 100vw, 527px\" \/><\/div><\/a>\n\t\t        <div class=\"elementor-post__avatar\">\n            <img alt='' src='https:\/\/www.globalafricasciences.org\/wp-content\/uploads\/2024\/11\/Global-Africa.jpg' srcset='https:\/\/www.globalafricasciences.org\/wp-content\/uploads\/2024\/11\/Global-Africa.jpg' class='multiple_authors_guest_author_avatar avatar' height='128' width='128'\/><img alt='' src='https:\/\/www.globalafricasciences.org\/wp-content\/uploads\/2024\/11\/Global-Africa.jpg' srcset='https:\/\/www.globalafricasciences.org\/wp-content\/uploads\/2024\/11\/Global-Africa.jpg' class='multiple_authors_guest_author_avatar avatar' height='128' width='128'\/>        <\/div>\n        \t\t<div class=\"elementor-post__text\">\n\t\t\t\t<h4 class=\"elementor-post__title\">\n\t\t\t<a href=\"https:\/\/www.globalafricasciences.org\/fr\/terre-mere-trace-discursive-dune-emancipation-ecologique-au-nord-et-au-sud\/\" target=&quot;_blank&quot;>\n\t\t\t\tTerre-M\u00e8re : trace discursive d\u2019une \u00e9mancipation \u00e9cologique au Nord et au Sud ?\t\t\t<\/a>\n\t\t<\/h4>\n\t\t\n\t\t<a class=\"elementor-post__read-more\" href=\"https:\/\/www.globalafricasciences.org\/fr\/terre-mere-trace-discursive-dune-emancipation-ecologique-au-nord-et-au-sud\/\" aria-label=\"En savoir plus sur Terre-M\u00e8re : trace discursive d\u2019une \u00e9mancipation \u00e9cologique au Nord et au Sud ?\" tabindex=\"-1\" target=\"_blank\">\n\t\t\tRead More \u00bb\t\t<\/a>\n\n\t\t\t\t<\/div>\n\t\t\t\t<div class=\"elementor-post__meta-data\">\n\t\t\t        <span class=\"elementor-post-author\">\n\t\t\tKarine Collette, Ibrahima Ba\t\t<\/span>\n        \t\t<\/div>\n\t\t\t\t\t<\/div>\n\t\t<\/article>\n\t\t\t\t<article class=\"elementor-post elementor-grid-item post-15517 post type-post status-publish format-standard has-post-thumbnail hentry category-champ author-cheikh-sadibou-sakho-fr author-masengesho-kamuzinzi-fr\" role=\"listitem\">\n\t\t\t<div class=\"elementor-post__card\">\n\t\t\t\t<a class=\"elementor-post__thumbnail__link\" href=\"https:\/\/www.globalafricasciences.org\/fr\/we-heal-together-un-savoir-protecteur-par-excellence-qui-sinspire-de-lheritage-africain-ou-les-responsabilites-envers-soi-et-envers-autrui-sont-indissociables\/\" tabindex=\"-1\" target=\"_blank\"><div class=\"elementor-post__thumbnail\"><img loading=\"lazy\" decoding=\"async\" width=\"527\" height=\"752\" src=\"https:\/\/www.globalafricasciences.org\/wp-content\/uploads\/2025\/06\/Capture-decran-2025-06-27-a-19.18.04.webp\" class=\"attachment-full size-full wp-image-14982\" alt=\"\" \/><\/div><\/a>\n\t\t        <div class=\"elementor-post__avatar\">\n            <img alt='' src='https:\/\/www.globalafricasciences.org\/wp-content\/uploads\/2025\/04\/Cheikh-Sadibou-Sakho-.webp' srcset='https:\/\/www.globalafricasciences.org\/wp-content\/uploads\/2025\/04\/Cheikh-Sadibou-Sakho-.webp' class='multiple_authors_guest_author_avatar avatar' height='128' width='128'\/><img alt='' src='https:\/\/www.globalafricasciences.org\/wp-content\/uploads\/2024\/11\/Global-Africa.jpg' srcset='https:\/\/www.globalafricasciences.org\/wp-content\/uploads\/2024\/11\/Global-Africa.jpg' class='multiple_authors_guest_author_avatar avatar' height='128' width='128'\/>        <\/div>\n        \t\t<div class=\"elementor-post__text\">\n\t\t\t\t<h4 class=\"elementor-post__title\">\n\t\t\t<a href=\"https:\/\/www.globalafricasciences.org\/fr\/we-heal-together-un-savoir-protecteur-par-excellence-qui-sinspire-de-lheritage-africain-ou-les-responsabilites-envers-soi-et-envers-autrui-sont-indissociables\/\" target=&quot;_blank&quot;>\n\t\t\t\t\u00ab We Heal Together \u00bb, un savoir protecteur par excellence qui s\u2019inspire de l\u2019h\u00e9ritage africain, o\u00f9 les responsabilit\u00e9s envers soi et envers autrui sont indissociables\t\t\t<\/a>\n\t\t<\/h4>\n\t\t\n\t\t<a class=\"elementor-post__read-more\" href=\"https:\/\/www.globalafricasciences.org\/fr\/we-heal-together-un-savoir-protecteur-par-excellence-qui-sinspire-de-lheritage-africain-ou-les-responsabilites-envers-soi-et-envers-autrui-sont-indissociables\/\" aria-label=\"En savoir plus sur \u00ab We Heal Together \u00bb, un savoir protecteur par excellence qui s\u2019inspire de l\u2019h\u00e9ritage africain, o\u00f9 les responsabilit\u00e9s envers soi et envers autrui sont indissociables\" tabindex=\"-1\" target=\"_blank\">\n\t\t\tRead More \u00bb\t\t<\/a>\n\n\t\t\t\t<\/div>\n\t\t\t\t<div class=\"elementor-post__meta-data\">\n\t\t\t        <span class=\"elementor-post-author\">\n\t\t\tCheikh Sadibou Sakho, Masengesho Kamuzinzi\t\t<\/span>\n        \t\t<\/div>\n\t\t\t\t\t<\/div>\n\t\t<\/article>\n\t\t\t\t<article class=\"elementor-post elementor-grid-item post-15523 post type-post status-publish format-standard has-post-thumbnail hentry category-analyses-critiques author-cheikh-sadibou-sakho-fr author-ndeye-laity-ndiaye-fr\" role=\"listitem\">\n\t\t\t<div class=\"elementor-post__card\">\n\t\t\t\t<a class=\"elementor-post__thumbnail__link\" href=\"https:\/\/www.globalafricasciences.org\/fr\/it-takes-a-village-reinventer-la-mise-a-labri-des-survivantes-de-violences-sexuelles-au-senegalpistes-a-partir-de-lexperience-du-centre-kullimaaroo-de-ziguinchor\/\" tabindex=\"-1\" target=\"_blank\"><div class=\"elementor-post__thumbnail\"><img loading=\"lazy\" decoding=\"async\" width=\"527\" height=\"752\" src=\"https:\/\/www.globalafricasciences.org\/wp-content\/uploads\/2025\/06\/Capture-decran-2025-06-27-a-19.17.22.webp\" class=\"attachment-full size-full wp-image-14992\" alt=\"\" \/><\/div><\/a>\n\t\t        <div class=\"elementor-post__avatar\">\n            <img alt='' src='https:\/\/www.globalafricasciences.org\/wp-content\/uploads\/2025\/04\/Cheikh-Sadibou-Sakho-.webp' srcset='https:\/\/www.globalafricasciences.org\/wp-content\/uploads\/2025\/04\/Cheikh-Sadibou-Sakho-.webp' class='multiple_authors_guest_author_avatar avatar' height='128' width='128'\/><img alt='' src='https:\/\/www.globalafricasciences.org\/wp-content\/uploads\/2024\/11\/Global-Africa.jpg' srcset='https:\/\/www.globalafricasciences.org\/wp-content\/uploads\/2024\/11\/Global-Africa.jpg' class='multiple_authors_guest_author_avatar avatar' height='128' width='128'\/>        <\/div>\n        \t\t<div class=\"elementor-post__text\">\n\t\t\t\t<h4 class=\"elementor-post__title\">\n\t\t\t<a href=\"https:\/\/www.globalafricasciences.org\/fr\/it-takes-a-village-reinventer-la-mise-a-labri-des-survivantes-de-violences-sexuelles-au-senegalpistes-a-partir-de-lexperience-du-centre-kullimaaroo-de-ziguinchor\/\" target=&quot;_blank&quot;>\n\t\t\t\tIt Takes a Village! (R\u00e9)inventer la mise \u00e0 l\u2019abri des survivantes de violences sexuelles au S\u00e9n\u00e9gal<br>Pistes \u00e0 partir de l\u2019exp\u00e9rience du centre Kullimaaroo de Ziguinchor\t\t\t<\/a>\n\t\t<\/h4>\n\t\t\n\t\t<a class=\"elementor-post__read-more\" href=\"https:\/\/www.globalafricasciences.org\/fr\/it-takes-a-village-reinventer-la-mise-a-labri-des-survivantes-de-violences-sexuelles-au-senegalpistes-a-partir-de-lexperience-du-centre-kullimaaroo-de-ziguinchor\/\" aria-label=\"En savoir plus sur It Takes a Village! (R\u00e9)inventer la mise \u00e0 l\u2019abri des survivantes de violences sexuelles au S\u00e9n\u00e9gal&lt;br&gt;Pistes \u00e0 partir de l\u2019exp\u00e9rience du centre Kullimaaroo de Ziguinchor\" tabindex=\"-1\" target=\"_blank\">\n\t\t\tRead More \u00bb\t\t<\/a>\n\n\t\t\t\t<\/div>\n\t\t\t\t<div class=\"elementor-post__meta-data\">\n\t\t\t        <span class=\"elementor-post-author\">\n\t\t\tCheikh Sadibou Sakho, Nd\u00e8ye La\u00efty Ndiaye\t\t<\/span>\n        \t\t<\/div>\n\t\t\t\t\t<\/div>\n\t\t<\/article>\n\t\t\t\t<\/div>\n\t\t\n\t\t\t\t\t\t<\/div>\n\t\t\t\t<\/div>\n\t\t\t\t<\/div>\n\t\t\t\t<\/div>\n\t\t<div data-particle_enable=\"false\" data-particle-mobile-disabled=\"false\" class=\"elementor-element elementor-element-e590199 e-con-full e-flex wpr-particle-no wpr-jarallax-no wpr-parallax-no wpr-sticky-section-no e-con e-parent\" data-id=\"e590199\" data-element_type=\"container\" data-e-type=\"container\">\n\t\t\t\t<div class=\"elementor-element elementor-element-3dd1381 elementor-widget elementor-widget-eael-adv-tabs\" data-id=\"3dd1381\" data-element_type=\"widget\" data-e-type=\"widget\" data-widget_type=\"eael-adv-tabs.default\">\n\t\t\t\t<div class=\"elementor-widget-container\">\n\t\t\t\t\t        <div data-scroll-on-click=\"no\" data-scroll-speed=\"300\" id=\"eael-advance-tabs-3dd1381\" class=\"eael-advance-tabs eael-tabs-horizontal eael-tab-auto-active  responsive-vertical-layout\" data-tabid=\"3dd1381\">\n            <div class=\"eael-tabs-nav \">\n                <ul class=\"eael-tab-inline-icon\" role=\"tablist\">\n                                            <li id=\"pour-citer-larticle-\" class=\"active-default eael-tab-item-trigger eael-tab-nav-item\" aria-selected=\"true\" data-tab=\"1\" role=\"tab\" tabindex=\"0\" aria-controls=\"pour-citer-larticle--tab\" aria-expanded=\"false\">\n                            \n                                                                <i class=\"fas fa-quote-left\"><\/i>                                                            \n                                                            <span class=\"eael-tab-title title-after-icon\" >Pour citer l&rsquo;article :<\/span>                            \n                                                    <\/li>\n                                            <li id=\"notes\" class=\"inactive eael-tab-item-trigger eael-tab-nav-item\" aria-selected=\"false\" data-tab=\"2\" role=\"tab\" tabindex=\"-1\" aria-controls=\"notes-tab\" aria-expanded=\"false\">\n                            \n                                                                <i class=\"fas fa-notes-medical\"><\/i>                                                            \n                                                            <span class=\"eael-tab-title title-after-icon\" >Notes<\/span>                            \n                                                    <\/li>\n                                            <li id=\"bibliographie\" class=\"inactive eael-tab-item-trigger eael-tab-nav-item\" aria-selected=\"false\" data-tab=\"3\" role=\"tab\" tabindex=\"-1\" aria-controls=\"bibliographie-tab\" aria-expanded=\"false\">\n                            \n                                                                <i class=\"fas fa-book\"><\/i>                                                            \n                                                            <span class=\"eael-tab-title title-after-icon\" >Bibliographie<\/span>                            \n                                                    <\/li>\n                    \n                                  <\/ul>\n            <\/div>\n            \n            <div class=\"eael-tabs-content\">\n\t\t        \n                    <div id=\"pour-citer-larticle--tab\" class=\"clearfix eael-tab-content-item active-default\" data-title-link=\"pour-citer-larticle--tab\">\n\t\t\t\t        <h5><strong>APA<\/strong><\/h5>\n<p>Mignolo W. D. (2022). L\u2019Afrique dans l\u2019horizon colonial de la modernit\u00e9 occidentale (1652\u20132000). <em>Global Africa<\/em>, 1, pp. 84-97, 112.<u><a href=\"https:\/\/doi.org\/10.57832\/wfcn-zb53\"> https:\/\/doi.org\/10.57832\/ga.v1i1.18<\/a><\/u> <\/p>\n<h5><strong>MLA<\/strong><\/h5>\n<p>Mignolo W. D. \u00ab L\u2019Afrique dans l\u2019horizon colonial de la modernit\u00e9 occidentale (1652\u20132000) \u00bb. <em>Global Africa<\/em>, no. 1, 2022, p. 84-97, 112. <a href=\"https:\/\/doi.org\/10.57832\/wfcn-zb53\">doi.org\/10.57832\/ga.v1i1.18<\/a><\/p>\n<h5><strong>DOI<\/strong><\/h5>\n<p><a href=\"https:\/\/doi.org\/10.57832\/wfcn-zb53\">https:\/\/doi.org\/10.57832\/wfcn-zb53<\/a><\/p>\n<p>\u00a9 2023 by author(s). This work is openly licensed via CC BY-NC 4.0 <\/p>\n                    <\/div>\n\t\t        \n                    <div id=\"notes-tab\" class=\"clearfix eael-tab-content-item inactive\" data-title-link=\"notes-tab\">\n\t\t\t\t        <ol>\n<li>Mon argumentation se concentre sur la sph\u00e8re continentale, l\u2019av\u00e8nement de l\u2019Afrique dans l\u2019horizon colonial de la mo- dernit\u00e9. Il me faudrait trop de temps pour aborder l\u2019invasion totale du continent (\u00e0 l\u2019exception de l\u2019\u00c9thiopie) par les \u00c9tats europ\u00e9ens apr\u00e8s la conf\u00e9rence de Berlin, 1884\u20131885. Je n\u2019aborderai donc pas l\u2019importance du d\u00e9placement europ\u00e9en du sultanat ottoman par les imp\u00e9rialismes fran\u00e7ais et britannique dans ce qui est aujourd\u2019hui l\u2019Afrique du Nord ou le Ma- ghreb.  <\/li>\n<li>Colonialit\u00e9 n\u2019est pas synonyme de colonialisme. C\u2019est la logique sous-jacente de tout le colonialisme de l\u2019Atlantique Nord de 1500 \u00e0 2000, y compris la colonialit\u00e9 sans colonialisme, comme cela a \u00e9t\u00e9 montr\u00e9 \u00e0 travers la guerre de l\u2019opium en Chineet apr\u00e8s celle-ci, et par les \u00c9tats-Unis, qui mettent en \u0153uvre la colonialit\u00e9 au moyen de bases militaires, du contr\u00f4le et dela r\u00e9glementation financi\u00e8re, de la gestion des connaissances \u00e9conomiques et politiques et de la diffusion mondiale de \u00ab l\u2019American way of Life \u00bb soutenue par Hollywood et l\u2019av\u00e8nement de la t\u00e9l\u00e9vision. Cependant, ces sph\u00e8res sont contest\u00e9es et disput\u00e9es par la d\u00e9soccidentalisation. Les investissements de la Chine en Afrique, qui contestent les \u00ab priorit\u00e9s \u00bb de longue date de l\u2019Europe (l\u2019UE maintenant) et des \u00c9tats-Unis, en sont un bon exemple.   <\/li>\n<li>Pour un acc\u00e8s rapide, plusieurs images peuvent \u00eatre vues sur Google. L\u2019original place la M\u00e9diterran\u00e9e sur le c\u00f4t\u00e9 droit du point de vue de l\u2019observateur. Ce qui signifie que le Sud est en haut de la carte.  <\/li>\n<li>Pour une image de la carte en T-O, on en trouve \u00e9galement plusieurs dans la recherche Google, <a href=\"https:\/\/www.historyofinformation.com\/image.php?id=385\">https:\/\/www.historyofinfor- mation.com\/image.php?id=385<\/a>.<\/li>\n<li>\u00c0 ce sujet, voir Eze (1997) ; Hegel, G. W. F., 1837, Vorlesungen \u00fcber die Philosophie der Weltgeschichte (<em>Le\u00e7ons sur la philoso- phie de l\u2019histoire<\/em>).<\/li>\n<li>Voir Mbembe (2021), Ndlovu-Gatsheni (2018), Oy\u011bw\u00f9m\u00ed (2010), Sarr (2016), Jessica Horn, <a href=\"https:\/\/www.blackwomenradicals.com\/blogfeed\/the-power-of-pan-african-feminism-a-conversation-with-jessica-horn\">https:\/\/www.blackwomenradicals. com\/blog-feed\/the-power-of-pan-african-feminism-a-conversation-with-jessica-horn.<\/a><\/li>\n<li>Voir Louis Menand, \u00ab Francis Fukuyama repousse la fin de l\u2019histoire \u00bb, <em>The New Yorker<\/em>, 27 ao\u00fbt 2018, <a href=\"https:\/\/www.newyorker.com\/magazine\/2018\/09\/03\/francis-fukuyama-postpones-the-end-of-history\">https:\/\/www.newy- orker.com\/magazine\/2018\/09\/03\/francis-fukuyama-postpones-the-end-of-history<\/a>. Il est int\u00e9ressant de voir, trois d\u00e9cennies apr\u00e8s la publication originale des id\u00e9es de Fukuyama \u00e0 l\u2019aube de la fin de la guerre froide, comment des v\u0153ux pieux peuvent \u00eatre pris et c\u00e9l\u00e9br\u00e9s comme une analyse objective et comme une image de la r\u00e9alit\u00e9. Voir H. Maturana ci-dessus, note 3. Le jargon \u00ab post-v\u00e9rit\u00e9 \u00bb de notre \u00e9poque refuse toujours d\u2019accepter que le <em>vrai est&#8230; l\u00e0 o\u00f9 on peut le trouver<\/em>.   <\/li>\n<li>Sukarno, \u201cOpening address given by Sukarno (Bandung 18, April 1955)\u201d. <em>cvce.eur University of Luxemburgo, <\/em><a href=\"https:\/\/www\/\"><em>https:\/\/www<\/em><\/a><em>. <\/em><a href=\"http:\/\/cvce.eu\/en\/obj\/opening_address_given_by_sukarno_bandung_18_april_1955-en-88d3f71c-c9f9-415a-b397-b27b8581a4f5.html\"><em>cvce.eu\/en\/obj\/opening_address_given_by_sukarno_bandung_18_april_1955-en-88d3f71c-c9f9-415a-b397-b27b8581a4f5.html<\/em><\/a><\/li>\n<li>Sukarno, <em>op. cit.<\/em><\/li>\n<li>Une paraphrase de la phrase de George W. Bush \u00ab Vous \u00eates soit avec nous, soit avec les terroristes \u00bb. <a href=\"https:\/\/edition.cnn.com\/2001\/US\/11\/06\/gen\">https:\/\/edition.cnn. com\/2001\/US\/11\/06\/gen<\/a>.attack.on.terror\/. <\/li>\n<li>Voir, par exemple, Nova totius terrarum orbis geographica ac hydrographica tabula. Autore N. I. Piscator\u00bb, une des nom- breuses cartes du monde faites par Claes Janszoon Visscher (1587-1652, latin. Nicolaus Ioannes Piscator). In: Nicolaes Visscher (Hg.), Atlas minor sive totius orbis terrarum, Amsterdam, 1690. <\/li>\n<li>Ibid.<\/li>\n<li>Concernant les craintes lib\u00e9rales sur le r\u00f4le de la Chine en Afrique et en Am\u00e9rique latine, voir <em>The Evolving Role of Africa and Latin America. A report from The Economix Intelligence Unit<\/em>. n\/d, <a href=\"https:\/\/www.lampadia.com\/assets\/uploads_documentos\/7ffa7-the-evol-ving-role-of-china-in-africaand-latin-america.pdf\">https:\/\/www.lampadia.com\/assets\/uploads_documen- tos\/7ffa7-the-evolving-role-of-china-in-africa-and-latin-america.pdf.<\/a> Consult\u00e9 le 23 juillet 2021.  <\/li>\n<li>I addressed some of these issues in previous publications, see Mignolo (2009, 2017).<\/li>\n<li> La \u00ab restitution du patrimoine africain \u00bb, par exemple, ne consiste pas \u00e0 rendre des \u00ab objets \u00bb. Elle implique les reconstitu- tions gnos\u00e9ologiques et esth\u00e9tiques des significations de ces \u00ab objets \u00bb. Pour les Europ\u00e9ens, le pillage ou l\u2019achat de produits africains ne consiste pas seulement \u00e0 changer l\u2019emplacement de l\u2019objet. Le pillage ou l\u2019achat d\u2019un objet implique \u00e9galement la recherche et la destruction des r\u00e9cits qui ont donn\u00e9 naissance \u00e0 cet objet et qui \u00e9taient significatifs pour la communaut\u00e9 qui a fabriqu\u00e9\/r\u00e9alis\u00e9 l\u2019objet. Voir Sarr et Savoy (2018).    <\/li>\n<li>Ce que je viens d\u2019\u00e9voquer, c\u2019est cette revue, <em>Global Africa<\/em>, \u00e0 laquelle il faut ajouter le travail ant\u00e9rieur et actuel au S\u00e9n\u00e9gal men\u00e9 par Achille Mbembe et Felwine Sarr : <em>Les Ateliers de la pens\u00e9e<\/em> est une balise. En Afrique anglophone, il faut mention- ner le travail de Sabelo Ndlovu-Gatsheni. La r\u00e9surgence de l\u2019afro-f\u00e9minisme et de la d\u00e9colonisation est explicite dans le tra- vail d\u2019universitaires, d\u2019activistes, d\u2019artistes et de blogueurs tels que Sylvia Tamale, Leymah Gbowee, Amina Doherty, Abena Busia. En litt\u00e9rature, les \u00e9crits et les essais de Chimamanda Gnosi Adicchie, Njabelo Ndebele, Angie Krog, en musique Neo Muyanda.  <\/li>\n<\/ol>\n                    <\/div>\n\t\t        \n                    <div id=\"bibliographie-tab\" class=\"clearfix eael-tab-content-item inactive\" data-title-link=\"bibliographie-tab\">\n\t\t\t\t        <p><span style=\"font-weight: 400\">Aidoo, A. A., George, R. M., and Scott, H., 1993, \u201cA New Tail to an Old Tale\u201d: An Interview with Ama Ata Aidoo,  <\/span><i><span style=\"font-weight: 400\">Novel: A Forum on Fiction, 26<\/span><\/i><span style=\"font-weight: 400\">(3), pp. 297\u2013308.<\/span><\/p>\n<p><span style=\"font-weight: 400\">Eze, Emmanuel Chukwudi, 1997, \u201cThe Color or Reason: The Idea of \u2018Race\u2019 in Kant\u2019s Anthropology\u201d, in E. Chukwudi Eze (Ed.),   <\/span><i><span style=\"font-weight: 400\">Postcolonial African Philosophy: A Critical Reader<\/span><\/i><span style=\"font-weight: 400\"> London: Wiley-Blackwell, pp. 103\u2013141. <\/span><\/p>\n<p><span style=\"font-weight: 400\">Kant, I. (1990 [1764]). <\/span><i><span style=\"font-weight: 400\">Essai sur les maladies de la t\u00eate. Observations sur le sentiment du beau et du sublime, <\/span><\/i><span style=\"font-weight: 400\"> Flammarion.<\/span><\/p>\n<p><span style=\"font-weight: 400\">Kant, Immanuel, <\/span><i><span style=\"font-weight: 400\">Observations on the Beautiful and the Sublime,<\/span><\/i><span style=\"font-weight: 400\">. The University of California Press.<\/span><\/p>\n<p><span style=\"font-weight: 400\">Latouche, Serge, 1989, <\/span><i><span style=\"font-weight: 400\">L\u2019Occidentalisation du monde.<\/span><\/i><span style=\"font-weight: 400\">. La D\u00e9couverte.<\/span><\/p>\n<p><span style=\"font-weight: 400\">Kuan Yew, Lee, 2012, <\/span><i><span style=\"font-weight: 400\">Les r\u00e9flexions du grand ma\u00eetre sur la Chine, les \u00c9tats-Unis et le monde.<\/span><\/i><span style=\"font-weight: 400\">. Interview et s\u00e9lections par Graham Allison et Robert D. Blackwell.MIT.<\/span><\/p>\n<p><span style=\"font-weight: 400\">Kusch, Gunther Rodolfo, 2008, <\/span><i><span style=\"font-weight: 400\">La Negaci\u00f3n en el pensamiento popular,<\/span><\/i><span style=\"font-weight: 400\">. Las Cuarenta.<\/span><\/p>\n<p><span style=\"font-weight: 400\">Maturana, Humberto, 1988, \u201cReality: The Search for Objectivity or the Quest for Compelling Arguments\u201d,  <\/span><i><span style=\"font-weight: 400\">The Irish Journal of Psychology, 9\/<\/span><\/i><span style=\"font-weight: 400\">1, pp. 25\u201382.<\/span><\/p>\n<p><span style=\"font-weight: 400\">Mbembe, Achille, 2021, <\/span><i><span style=\"font-weight: 400\">Out of the Dark Night: Essays on Decolonization,<\/span><\/i><span style=\"font-weight: 400\">. Columbia University Press.<\/span><\/p>\n<p><span style=\"font-weight: 400\">Mignolo, Walter D., 1993, \u201cMisunderstanding and Colonization. The Reconfiguration of Memory and Space\u201d,  <\/span><i><span style=\"font-weight: 400\">SAQ, 92<\/span><\/i><span style=\"font-weight: 400\">\/2, 209\u2013260, SAQ<\/span><\/p>\n<p><span style=\"font-weight: 400\">Mignolo, Walter D., 2009, \u201cEpistemic Disobedience, Independent Thought and De-Colonial Freedom\u201d,  <\/span><i><span style=\"font-weight: 400\">Theory, Culture &amp; Society, Los Angeles, London, New Delhi, and Singapore: SAGE, Vol. 26<\/span><\/i><span style=\"font-weight: 400\">(7\u20138): 1\u201323.<\/span> <a href=\"https:\/\/doi.org\/10.1177\/0263276409349275\"><span style=\"font-weight: 400\">DOI: 10.1177\/0263276409349275<\/span><\/a><\/p>\n<p><span style=\"font-weight: 400\">Mignolo, Walter D., 2014, \u201cThe Prospect of Harmony and the Decolonial View of the World\u201d: Weihua He Interviews Walter Mignolo.  <\/span><i><span style=\"font-weight: 400\">Legal Critical Thinking,<\/span><\/i><span style=\"font-weight: 400\">. Question 3.<\/span><\/p>\n<p><span style=\"font-weight: 400\">Mignolo, Walter D., 2017, \u201cThe Advent of Black Thinkers and the Limits of Continental Philosophy\u201d.   <\/span><i><span style=\"font-weight: 400\">The Palgrave Handbook of African Philosophy,<\/span><\/i><span style=\"font-weight: 400\"> in Afolayan A. and Falola T. (Eds), pp. 287\u2013301.<\/span><\/p>\n<p><span style=\"font-weight: 400\">Mignolo, Walter D., 2018, \u201cOn Pluriversality and Multipolar World Order. Decoloniality after Decolonization; Dewesterniation after the Cold War\u201d, in   <\/span><i><span style=\"font-weight: 400\">Constructing the Pluriverse: The Geopolitics of Knowledge.<\/span><\/i><span style=\"font-weight: 400\"> e.Bernd Reiter, Durham: Duke University Press, pp. 90\u2013116. <\/span><\/p>\n<p><span style=\"font-weight: 400\">Mignolo, Walter D., 2021, <\/span><i><span style=\"font-weight: 400\">The Politics of Decolonial Investigations,<\/span><\/i><span style=\"font-weight: 400\">. Duke University Press.<\/span><\/p>\n<p><span style=\"font-weight: 400\">Mudimbe, Valentin-Yves, 1982, <\/span><i><span style=\"font-weight: 400\">L\u2019Odeur du p\u00e8re. Essais sur des limites de la science et de la vie en Afrique noire,<\/span><\/i><span style=\"font-weight: 400\">. Pr\u00e9sence Africaine.<\/span><\/p>\n<p><span style=\"font-weight: 400\">Mignolo, Walter D., 1988, <\/span><i><span style=\"font-weight: 400\">The Invention of Africa. Gnosis, Philosophy and the Order of Knowledge,<\/span><\/i><span style=\"font-weight: 400\">. Bloomington and Indianapolis: Indiana University Press. James Currey. <\/span><\/p>\n<p><span style=\"font-weight: 400\">Mignolo, Walter D., 2021, <\/span><i><span style=\"font-weight: 400\">L\u2019Invention de l\u2019Afrique. Gnose, philosophie et ordre de la connaissance,<\/span><\/i><span style=\"font-weight: 400\">. Pr\u00e9sence africaine.<\/span><\/p>\n<p><span style=\"font-weight: 400\">Mignolo, Walter D., 1994, <\/span><i><span style=\"font-weight: 400\">The Idea of Africa,<\/span><\/i><span style=\"font-weight: 400\">. Indiana University Press.<\/span><\/p>\n<p><span style=\"font-weight: 400\">Ndlovu-Gatsheni, Sabelo J., 2018, <\/span><i><span style=\"font-weight: 400\">Epistemic Freedom in Africa: Deprovincialization and Decolonization,<\/span><\/i><span style=\"font-weight: 400\">. Routledge.<\/span><\/p>\n<p><span style=\"font-weight: 400\">Oy\u011bw\u00f9m\u00ed, Oy\u00e8r\u00f3nk\u1eb9\u0301. (2010).  <\/span><i><span style=\"font-weight: 400\">Gender Epistemologies in Africa: Gendering Traditions, Spaces, Social Institutions, and Identities,<\/span><\/i><span style=\"font-weight: 400\">. Palgrave Macmillan.<\/span><\/p>\n<p><span style=\"font-weight: 400\">Quijano, Anibal, 2007 [1992], \u201cColoniality and Modernity\/Rationality\u201d, in   <\/span><i><span style=\"font-weight: 400\">Globalization and the De-Colonial Option.<\/span><\/i> Edited by Walter D. Mignolo, <i><span style=\"font-weight: 400\">Cultural Studies<\/span><\/i> <span style=\"font-weight: 400\">, <\/span> <i><span style=\"font-weight: 400\">21<\/span><\/i> <span style=\"font-weight: 400\">\/2\u20133, pp. 168\u2013178.<\/span><\/p>\n<p><span style=\"font-weight: 400\">Saint Augustin. (1853).  <\/span><i><span style=\"font-weight: 400\">La Cit\u00e9 de Dieu<\/span><\/i><span style=\"font-weight: 400\">, Livre XVI, I, Paris, Firmin Didot.<\/span><\/p>\n<p><span style=\"font-weight: 400\">Saint Augustine. (1972).  <\/span><i><span style=\"font-weight: 400\">City of God<\/span><\/i><span style=\"font-weight: 400\">. London: Penguin Books, Book XVI, I.<\/span><\/p>\n<p><span style=\"font-weight: 400\">Sarr, F., 2016, <\/span><i><span style=\"font-weight: 400\">Afrotopia,<\/span><\/i><span style=\"font-weight: 400\">. Philippe Rey.<\/span><\/p>\n<p><span style=\"font-weight: 400\">Sarr, Felwine et Benedicte Savoy, 2018, <\/span><i><span style=\"font-weight: 400\">Restituer le patrimoine africain,<\/span><\/i><span style=\"font-weight: 400\">. Philippe Rey\/Seuil.<\/span><\/p>\n<p><span style=\"font-weight: 400\">Smith, A. (1977 [1776]). <\/span><i><span style=\"font-weight: 400\">An Inquiry into the Nature and Causes of the Wealth of Nations<\/span><\/i><span style=\"font-weight: 400\"> Chicago: University of Chicago Press. <\/span><\/p>\n<p><span style=\"font-weight: 400\">Smith, A. ([1776] 1991). <\/span><i><span style=\"font-weight: 400\">Recherches sur la nature et les causes de la richesse des nations<\/span><\/i><span style=\"font-weight: 400\">.G. Garnier, Trans., A. Blanqui, Ed. Flammarion, 1.<\/span><\/p><\/p>\n                    <\/div>\n\t\t                    <\/div>\n        <\/div>\n\t\t\t\t<\/div>\n\t\t\t\t<\/div>\n\t\t\t\t<\/div>\n\t\t<div data-particle_enable=\"false\" data-particle-mobile-disabled=\"false\" class=\"elementor-element elementor-element-5aff930 e-flex e-con-boxed wpr-particle-no wpr-jarallax-no wpr-parallax-no wpr-sticky-section-no e-con e-parent\" data-id=\"5aff930\" data-element_type=\"container\" data-e-type=\"container\">\n\t\t\t\t\t<div class=\"e-con-inner\">\n\t\t\t\t<div class=\"elementor-element elementor-element-fc34b86 elementor-widget elementor-widget-off-canvas\" data-id=\"fc34b86\" data-element_type=\"widget\" data-e-type=\"widget\" data-widget_type=\"off-canvas.default\">\n\t\t\t\t<div class=\"elementor-widget-container\">\n\t\t\t\t\t\t\t<div id=\"off-canvas-fc34b86\" class=\"e-off-canvas\" role=\"dialog\" aria-hidden=\"true\" aria-label=\"Off-Canvas\" aria-modal=\"true\" inert=\"\" data-delay-child-handlers=\"true\">\n\t\t\t<div class=\"e-off-canvas__overlay\"><\/div>\n\t\t\t<div class=\"e-off-canvas__main\">\n\t\t\t\t<div class=\"e-off-canvas__content\">\n\t\t\t\t\t<div data-particle_enable=\"false\" data-particle-mobile-disabled=\"false\" class=\"elementor-element elementor-element-6c44bf9 e-con-full e-flex wpr-particle-no wpr-jarallax-no wpr-parallax-no wpr-sticky-section-no e-con e-child\" data-id=\"6c44bf9\" data-element_type=\"container\" data-e-type=\"container\">\n\t\t\t\t<div class=\"elementor-element elementor-element-7016ebd elementor-toc--minimized-on-tablet elementor-widget elementor-widget-table-of-contents\" data-id=\"7016ebd\" data-element_type=\"widget\" data-e-type=\"widget\" data-settings=\"{&quot;headings_by_tags&quot;:[&quot;h2&quot;,&quot;h3&quot;],&quot;exclude_headings_by_selector&quot;:&quot;.ignoretoc&quot;,&quot;no_headings_message&quot;:&quot;No headings were found on this page.&quot;,&quot;marker_view&quot;:&quot;numbers&quot;,&quot;minimize_box&quot;:&quot;yes&quot;,&quot;minimized_on&quot;:&quot;tablet&quot;,&quot;hierarchical_view&quot;:&quot;yes&quot;,&quot;min_height&quot;:{&quot;unit&quot;:&quot;px&quot;,&quot;size&quot;:&quot;&quot;,&quot;sizes&quot;:[]},&quot;min_height_laptop&quot;:{&quot;unit&quot;:&quot;px&quot;,&quot;size&quot;:&quot;&quot;,&quot;sizes&quot;:[]},&quot;min_height_tablet_extra&quot;:{&quot;unit&quot;:&quot;px&quot;,&quot;size&quot;:&quot;&quot;,&quot;sizes&quot;:[]},&quot;min_height_tablet&quot;:{&quot;unit&quot;:&quot;px&quot;,&quot;size&quot;:&quot;&quot;,&quot;sizes&quot;:[]},&quot;min_height_mobile_extra&quot;:{&quot;unit&quot;:&quot;px&quot;,&quot;size&quot;:&quot;&quot;,&quot;sizes&quot;:[]},&quot;min_height_mobile&quot;:{&quot;unit&quot;:&quot;px&quot;,&quot;size&quot;:&quot;&quot;,&quot;sizes&quot;:[]}}\" data-widget_type=\"table-of-contents.default\">\n\t\t\t\t<div class=\"elementor-widget-container\">\n\t\t\t\t\t\t\t\t\t<div class=\"elementor-toc__header\">\n\t\t\t\t\t\t<h4 class=\"elementor-toc__header-title\">\n\t\t\t\tTable des mati\u00e8res\t\t\t<\/h4>\n\t\t\t\t\t\t\t\t\t\t<div class=\"elementor-toc__toggle-button elementor-toc__toggle-button--expand\" role=\"button\" tabindex=\"0\" aria-controls=\"elementor-toc__7016ebd\" aria-expanded=\"true\" aria-label=\"Ouvrir la table des mati\u00e8res\"><i aria-hidden=\"true\" class=\"fas fa-chevron-down\"><\/i><\/div>\n\t\t\t\t<div class=\"elementor-toc__toggle-button elementor-toc__toggle-button--collapse\" role=\"button\" tabindex=\"0\" aria-controls=\"elementor-toc__7016ebd\" aria-expanded=\"true\" aria-label=\"Fermer la table des mati\u00e8res\"><i aria-hidden=\"true\" class=\"fas fa-chevron-up\"><\/i><\/div>\n\t\t\t\t\t<\/div>\n\t\t\t\t<div id=\"elementor-toc__7016ebd\" class=\"elementor-toc__body\">\n\t\t\t<div class=\"elementor-toc__spinner-container\">\n\t\t\t\t<i class=\"elementor-toc__spinner eicon-animation-spin eicon-loading\" aria-hidden=\"true\"><\/i>\t\t\t<\/div>\n\t\t<\/div>\n\t\t\t\t\t\t<\/div>\n\t\t\t\t<\/div>\n\t\t\t\t<div class=\"elementor-element elementor-element-d6c3fb2 elementor-post-navigation-borders-yes elementor-widget elementor-widget-post-navigation\" data-id=\"d6c3fb2\" data-element_type=\"widget\" data-e-type=\"widget\" data-widget_type=\"post-navigation.default\">\n\t\t\t\t<div class=\"elementor-widget-container\">\n\t\t\t\t\t\t\t<div class=\"elementor-post-navigation\" role=\"navigation\" aria-label=\"Navigation de publication\">\n\t\t\t<div class=\"elementor-post-navigation__prev elementor-post-navigation__link\">\n\t\t\t\t\t\t\t<\/div>\n\t\t\t\t\t\t\t<div class=\"elementor-post-navigation__separator-wrapper\">\n\t\t\t\t\t<div class=\"elementor-post-navigation__separator\"><\/div>\n\t\t\t\t<\/div>\n\t\t\t\t\t\t<div class=\"elementor-post-navigation__next elementor-post-navigation__link\">\n\t\t\t\t\t\t\t<\/div>\n\t\t<\/div>\n\t\t\t\t\t\t<\/div>\n\t\t\t\t<\/div>\n\t\t\t\t<\/div>\n\t\t\t\t\t\t<\/div>\n\t\t\t<\/div>\n\t\t<\/div>\n\t\t\t\t\t\t<\/div>\n\t\t\t\t<\/div>\n\t\t\t\t<div class=\"elementor-element elementor-element-f37442b elementor-fixed e-transform elementor-widget elementor-widget-eael-creative-button\" data-id=\"f37442b\" data-element_type=\"widget\" data-e-type=\"widget\" data-settings=\"{&quot;_position&quot;:&quot;fixed&quot;,&quot;_transform_rotateZ_effect&quot;:{&quot;unit&quot;:&quot;px&quot;,&quot;size&quot;:90,&quot;sizes&quot;:[]},&quot;_transform_rotateZ_effect_laptop&quot;:{&quot;unit&quot;:&quot;deg&quot;,&quot;size&quot;:&quot;&quot;,&quot;sizes&quot;:[]},&quot;_transform_rotateZ_effect_tablet_extra&quot;:{&quot;unit&quot;:&quot;deg&quot;,&quot;size&quot;:&quot;&quot;,&quot;sizes&quot;:[]},&quot;_transform_rotateZ_effect_tablet&quot;:{&quot;unit&quot;:&quot;deg&quot;,&quot;size&quot;:&quot;&quot;,&quot;sizes&quot;:[]},&quot;_transform_rotateZ_effect_mobile_extra&quot;:{&quot;unit&quot;:&quot;deg&quot;,&quot;size&quot;:&quot;&quot;,&quot;sizes&quot;:[]},&quot;_transform_rotateZ_effect_mobile&quot;:{&quot;unit&quot;:&quot;deg&quot;,&quot;size&quot;:&quot;&quot;,&quot;sizes&quot;:[]}}\" data-widget_type=\"eael-creative-button.default\">\n\t\t\t\t<div class=\"elementor-widget-container\">\n\t\t\t\t\t        <div class=\"eael-creative-button-wrapper\">\n\n            <a class=\"eael-creative-button eael-creative-button--default eael-cb-icon-position-\" href=\"#elementor-action%3Aaction%3Doff_canvas%3Aopen%26settings%3DeyJpZCI6ImZjMzRiODYiLCJkaXNwbGF5TW9kZSI6Im9wZW4ifQ%3D%3D\" data-text=\"Allez-y !\">\n            \t    \n                <div class=\"creative-button-inner\">\n\n                    \n                    <span class=\"cretive-button-text\">Table des mati\u00e8res<\/span>\n\n                                    <\/div>\n\t                        <\/a>\n        <\/div>\n        \t\t\t\t<\/div>\n\t\t\t\t<\/div>\n\t\t\t\t\t<\/div>\n\t\t\t\t<\/div>\n\t\t\t\t<\/div>\n\t\t","protected":false},"excerpt":{"rendered":"<p>Num\u00e9ro 01 &#8211; (Re)D\u00e9couverte This post is also available in: English Fran\u00e7ais (French) T\u00c9L\u00c9CHARGER EN PDF 01.2022Afriques, mondes et savoirs de demain Publi\u00e9 le : 9 mars 2022ISSN: 3020-0458 T\u00c9L\u00c9CHARGER LE NUM\u00c9RO PDF Abstract R\u00e9sum\u00e9 Muhtasari \u0645\u0644\u062e\u0635 Keywords Coloniality\/modernity, invention\/discovery, Renaissance\/Enlightenment, decoloniality\/Third Nomos of the Earth, Africa\/America Je voudrais saisir cette occasion pour honorer l\u2019h\u00e9ritage de l\u2019ouvrage de Valentin Y. Mudimbe, The Invention of Africa\u2009: Gnosis, Philosophy, and the Order of Knowledge (1988). Il y a plusieurs raisons pour que je prenne cette route. L\u2019une, ce sont les nombreuses conversations que nous avons eues depuis que j\u2019ai rejoint l\u2019universit\u00e9 de Duke en 1993 et ce que j\u2019ai appris de sa d\u00e9monstration selon laquelle l\u2019Afrique \u00e9tait et est une invention de l\u2019imaginaire occidental. La seconde est que je voudrais mettre sa th\u00e8se en dialogue productif avec La invenci\u00f3n de Am\u00e9rica\u2009: El universalismo de la cultura de Occidente d\u2019Edmundo O\u2019Gorman (1958). Pour Mudimbe, Michel Foucault a \u00e9t\u00e9 une source d\u2019inspiration de son argumentation. Pour O\u2019Gorman, c\u2019\u00e9tait Martin Heidegger. Ce qui les relie, ce sont les legs g\u00e9opolitiques de la colonialit\u00e9 confrontant la philosophie \u00e0 la gnose (la sagesse est plus que la connaissance) dans le premier cas, et ramenant, dans le second, l\u2019universalisme occidental \u00e0 sa propre taille. Tous deux ont lutt\u00e9 contre la totalit\u00e9 totalitaire du savoir et les legs coloniaux de la modernit\u00e9 et de la civilisation occidentales. Tous deux ont r\u00e9v\u00e9l\u00e9 que r\u00e9pondre \u00e0 l\u2019eurocentrisme de la philosophie dans le premier cas et \u00e0 l\u2019universalisme historique occidental dans le second ne signifiait pas revenir \u00e0 un pass\u00e9 intact, mais plut\u00f4t avancer dans le pr\u00e9sent vers et \u00e0 travers les reconstitutions d\u00e9coloniales du destitu\u00e9, qui sont d\u00e9sormais les seules choses qui nous restent. Le pass\u00e9 s\u2019en est all\u00e9 et le futur n\u2019existe pas encore. Mots-cl\u00e9s Colonialit\u00e9\/modernit\u00e9, invention\/d\u00e9couverte, Renaissance\/Lumi\u00e8res, d\u00e9colonialit\u00e9\/Troisi\u00e8me Nomos de la Terre, Afrique\/Am\u00e9rique \/\/\/ \/\/\/ Should a writer just sit in a room churning out novels to be sold in the United States, or become a wandering minstrel? None of these cities are sacred to us, they cannot be\u2014New York, Paris, London, Lisbon\u2014they are other peoples\u2019 cities, so when we as African writers look at them they are all primarily colonial centers, and now they are also places for us to meet. Ama Ata Aidoo (1993) Se conoce para vivir y no por el mero hecho de conocer (Knowing is for living and not for the mere fact of knowing). Gunther Rodolfo Kusch (2008, p. 89) Je voudrais saisir cette occasion pour honorer l\u2019h\u00e9ritage de l\u2019ouvrage de Valentin-Yves Mudimbe, The Invention of Africa: Gnosis, Philosophy, and the Order of Knowledge (1988). Plusieurs raisons me poussent \u00e0 faire cela. La premi\u00e8re tient aux nombreuses conversations que nous avons eues depuis que j\u2019ai rejoint l\u2019universit\u00e9 Duke \u00e0 Durham en 1993 et de ce que j\u2019ai appris de son argumentation qui soutient que l\u2019Afrique \u00e9tait et est une invention de l\u2019imaginaire occidental. La deuxi\u00e8me raison est que je voudrais confronter sa th\u00e8se, dans un dialogue productif, avec La invenci\u00f3n de Am\u00e9rica\u2009: El universalismo de la cultura de Occidente d\u2019Edmundo O\u2019Gorman (1958). Pour Mudimbe, Michel Foucault a \u00e9t\u00e9 une source d\u2019inspiration de son argumentation, alors que pour O\u2019Gorman, c\u2019\u00e9tait Martin Heidegger. Ce qui les relie, ce sont les legs g\u00e9opolitiques de la colonialit\u00e9, confrontant la philosophie \u00e0 la gnose (la sagesse est plus que la connaissance) dans le premier cas, et ramenant, dans le second, l\u2019universalisme occidental \u00e0 sa propre taille. Tous deux ont lutt\u00e9 contre la totalit\u00e9 totalitaire du savoir et les legs coloniaux de la modernit\u00e9 et de la civilisation occidentales. Tous deux ont r\u00e9v\u00e9l\u00e9 que r\u00e9pondre \u00e0 l\u2019eurocentrisme de la philosophie dans le premier cas et \u00e0 l\u2019universalisme historique occidental dans le second ne signifiait pas revenir \u00e0 un pass\u00e9 intact, mais plut\u00f4t avancer dans le pr\u00e9sent vers et \u00e0 travers les reconstitutions d\u00e9coloniales du destitu\u00e9. Ce sont d\u00e9sormais les seules chances qui nous restent. Cela signifie \u00eatre ancr\u00e9s dans les sols spirituels des histoires locales mat\u00e9rielles, dans un sol qui pourrait \u00eatre \u00e9galement les exp\u00e9riences mobiles et nomades des migrants et des r\u00e9fugi\u00e9s. Bien que le travail de Mudimbe est enracin\u00e9 dans l\u2019exp\u00e9rience africaine et celui d\u2019O\u2019Gorman dans celle des Am\u00e9riques (\u00e0 ne pas confondre avec les \u00c9tats-Unis), les fronti\u00e8res ou le temps n\u2019en contenaient aucune des visions\u2009: pour eux comme pour nous, le pass\u00e9 s\u2019en est all\u00e9 et le futur n\u2019existe pas3 . En Afrique et en Am\u00e9rique, les processus de reconstitution suivent des chemins diff\u00e9rents face \u00e0 un intrus commun qui est arriv\u00e9 \u00e0 des moments diff\u00e9rents en des lieux diff\u00e9rents. Les Premi\u00e8res Nations et les Africains diasporiques \u00e9taient (\u00e0 c\u00f4t\u00e9 des Europ\u00e9ens diasporiques) des \u00e9l\u00e9ments d\u00e9mographiques constitutifs de l\u2019Am\u00e9rique entre 1500 et 1800. Diff\u00e9rentes trajectoires appelant une reconstitution gnos\u00e9ologique (savoir) et esth\u00e9sique (sentir) ont par cons\u00e9quent \u00e9merg\u00e9 en raison des sp\u00e9cificit\u00e9s de chaque histoire locale ayant subi l\u2019invasion, l\u2019intrusion ou l\u2019interf\u00e9rence de l\u2019expansion occidentale et de sa machine de destitution. La reconstitution du destitu\u00e9, construite sur les histoires locales, les langues, les m\u00e9moires et les pratiques de vie est en cours aujourd\u2019hui sur la plan\u00e8te, ce qui inclut l\u2019implication croissante des migrants et des communaut\u00e9s diasporiques, en particulier dans l\u2019ancienne Europe occidentale et aux \u00c9tats-Unis.\u00a0 La diversit\u00e9 plan\u00e9taire de ces processus a un \u00e9l\u00e9ment en commun\u2009: ils r\u00e9pondent aux interventions et aux interf\u00e9rences de la colonialit\u00e9 cach\u00e9es sous la banni\u00e8re de la modernit\u00e9. Je consid\u00e8re que ce journal et les initiatives qui le sous-tendent en sont un bon exemple. L\u2019\u00e8re de l\u2019universel abstrait est toujours l\u00e0, mais s\u2019effrite\u2009; l\u2019\u00e8re de la pluriversalit\u00e9 et de la multipolarit\u00e9 commence. Introduction L\u2019image de l\u2019Afrique dans l\u2019horizon colonial de la modernit\u00e9 m\u2019est venue, bien que n\u2019ayant pas \u00e9t\u00e9 conceptualis\u00e9e comme telle alors, au cours des ann\u00e9es d\u2019enqu\u00eate et de r\u00e9daction de The Darker Side of the Renaissance: Literacy, Territorality and Colonization (1995). Elle m\u2019est venue, sans effort, de deux mani\u00e8res. Premi\u00e8rement, elle \u00e9tait reli\u00e9e aux deux derniers chapitres du livre consacr\u00e9s \u00e0 l\u2019op\u00e9ration d\u2019invention de la distribution plan\u00e9taire des masses terrestres et aquatiques par l\u2019octroi d\u2019un nom aux quatre<\/p>\n","protected":false},"author":106,"featured_media":6419,"comment_status":"closed","ping_status":"closed","sticky":false,"template":"elementor_header_footer","format":"standard","meta":{"footnotes":""},"categories":[205],"tags":[],"issues3":[],"post_folder":[],"ppma_author":[533],"class_list":["post-9911","post","type-post","status-publish","format-standard","has-post-thumbnail","hentry","category-redecouverte","author-walter-mignolo-fr"],"yoast_head":"<!-- This site is optimized with the Yoast SEO plugin v27.5 - https:\/\/yoast.com\/product\/yoast-seo-wordpress\/ -->\n<title>L\u2019Afrique dans l\u2019horizon colonial de la modernit\u00e9 occidentale (1652\u20132000) | Global Africa<\/title>\n<meta name=\"description\" content=\"\u00ab L&#039;Afrique dans l&#039;horizon colonial de la modernit\u00e9 occidentale (1652-2000) : Examen de l&#039;impact du colonialisme sur les structures sociopolitiques de l&#039;Afrique\" \/>\n<meta name=\"robots\" content=\"index, follow, max-snippet:-1, max-image-preview:large, max-video-preview:-1\" \/>\n<link rel=\"canonical\" href=\"https:\/\/www.globalafricasciences.org\/fr\/lafrique-dans-lhorizon-colonial-de-la-modernite-occidentale-1652-2000\/\" \/>\n<meta property=\"og:locale\" content=\"fr_FR\" \/>\n<meta property=\"og:type\" content=\"article\" \/>\n<meta property=\"og:title\" content=\"L\u2019Afrique dans l\u2019horizon colonial de la modernit\u00e9 occidentale (1652\u20132000) | Global Africa\" \/>\n<meta property=\"og:description\" content=\"\u00ab L&#039;Afrique dans l&#039;horizon colonial de la modernit\u00e9 occidentale (1652-2000) : Examen de l&#039;impact du colonialisme sur les structures sociopolitiques de l&#039;Afrique\" \/>\n<meta property=\"og:url\" content=\"https:\/\/www.globalafricasciences.org\/fr\/lafrique-dans-lhorizon-colonial-de-la-modernite-occidentale-1652-2000\/\" \/>\n<meta property=\"og:site_name\" content=\"Global Africa\" \/>\n<meta property=\"article:publisher\" content=\"https:\/\/www.facebook.com\/globalafricasciences\" \/>\n<meta property=\"article:published_time\" content=\"2024-12-01T00:49:13+00:00\" \/>\n<meta property=\"article:modified_time\" content=\"2025-10-07T12:56:36+00:00\" \/>\n<meta property=\"og:image\" content=\"https:\/\/www.globalafricasciences.org\/wp-content\/uploads\/2024\/12\/fil_icographique7.webp\" \/>\n\t<meta property=\"og:image:width\" content=\"592\" \/>\n\t<meta property=\"og:image:height\" content=\"841\" \/>\n\t<meta property=\"og:image:type\" content=\"image\/png\" \/>\n<meta name=\"author\" content=\"Cheikh Sadibou Sakho, Nd\u00e8ye La\u00efty Ndiaye\" \/>\n<meta name=\"twitter:card\" content=\"summary_large_image\" \/>\n<meta name=\"twitter:label1\" content=\"\u00c9crit par\" \/>\n\t<meta name=\"twitter:data1\" content=\"Walter Mignolo\" \/>\n\t<meta name=\"twitter:label2\" content=\"Dur\u00e9e de lecture estim\u00e9e\" \/>\n\t<meta name=\"twitter:data2\" content=\"52 minutes\" \/>\n<script type=\"application\/ld+json\" class=\"yoast-schema-graph\">{\"@context\":\"https:\\\/\\\/schema.org\",\"@graph\":[{\"@type\":\"Article\",\"@id\":\"https:\\\/\\\/www.globalafricasciences.org\\\/fr\\\/lafrique-dans-lhorizon-colonial-de-la-modernite-occidentale-1652-2000\\\/#article\",\"isPartOf\":{\"@id\":\"https:\\\/\\\/www.globalafricasciences.org\\\/fr\\\/lafrique-dans-lhorizon-colonial-de-la-modernite-occidentale-1652-2000\\\/\"},\"author\":{\"name\":\"Walter Mignolo\",\"@id\":\"https:\\\/\\\/www.globalafricasciences.org\\\/fr\\\/#\\\/schema\\\/person\\\/3365b3a8c146f3667f6a37b89a1368f1\"},\"headline\":\"L\u2019Afrique dans l\u2019horizon colonial de la modernit\u00e9 occidentale (1652\u20132000)\",\"datePublished\":\"2024-12-01T00:49:13+00:00\",\"dateModified\":\"2025-10-07T12:56:36+00:00\",\"mainEntityOfPage\":{\"@id\":\"https:\\\/\\\/www.globalafricasciences.org\\\/fr\\\/lafrique-dans-lhorizon-colonial-de-la-modernite-occidentale-1652-2000\\\/\"},\"wordCount\":12010,\"publisher\":{\"@id\":\"https:\\\/\\\/www.globalafricasciences.org\\\/fr\\\/#organization\"},\"image\":{\"@id\":\"https:\\\/\\\/www.globalafricasciences.org\\\/fr\\\/lafrique-dans-lhorizon-colonial-de-la-modernite-occidentale-1652-2000\\\/#primaryimage\"},\"thumbnailUrl\":\"https:\\\/\\\/www.globalafricasciences.org\\\/wp-content\\\/uploads\\\/2024\\\/12\\\/fil_icographique7.webp\",\"articleSection\":[\"(Re)d\u00e9couverte\"],\"inLanguage\":\"fr-FR\"},{\"@type\":\"WebPage\",\"@id\":\"https:\\\/\\\/www.globalafricasciences.org\\\/fr\\\/lafrique-dans-lhorizon-colonial-de-la-modernite-occidentale-1652-2000\\\/\",\"url\":\"https:\\\/\\\/www.globalafricasciences.org\\\/fr\\\/lafrique-dans-lhorizon-colonial-de-la-modernite-occidentale-1652-2000\\\/\",\"name\":\"L\u2019Afrique dans l\u2019horizon colonial de la modernit\u00e9 occidentale (1652\u20132000) | Global Africa\",\"isPartOf\":{\"@id\":\"https:\\\/\\\/www.globalafricasciences.org\\\/fr\\\/#website\"},\"primaryImageOfPage\":{\"@id\":\"https:\\\/\\\/www.globalafricasciences.org\\\/fr\\\/lafrique-dans-lhorizon-colonial-de-la-modernite-occidentale-1652-2000\\\/#primaryimage\"},\"image\":{\"@id\":\"https:\\\/\\\/www.globalafricasciences.org\\\/fr\\\/lafrique-dans-lhorizon-colonial-de-la-modernite-occidentale-1652-2000\\\/#primaryimage\"},\"thumbnailUrl\":\"https:\\\/\\\/www.globalafricasciences.org\\\/wp-content\\\/uploads\\\/2024\\\/12\\\/fil_icographique7.webp\",\"datePublished\":\"2024-12-01T00:49:13+00:00\",\"dateModified\":\"2025-10-07T12:56:36+00:00\",\"description\":\"\u00ab L'Afrique dans l'horizon colonial de la modernit\u00e9 occidentale (1652-2000) : Examen de l'impact du colonialisme sur les structures sociopolitiques de l'Afrique\",\"breadcrumb\":{\"@id\":\"https:\\\/\\\/www.globalafricasciences.org\\\/fr\\\/lafrique-dans-lhorizon-colonial-de-la-modernite-occidentale-1652-2000\\\/#breadcrumb\"},\"inLanguage\":\"fr-FR\",\"potentialAction\":[{\"@type\":\"ReadAction\",\"target\":[\"https:\\\/\\\/www.globalafricasciences.org\\\/fr\\\/lafrique-dans-lhorizon-colonial-de-la-modernite-occidentale-1652-2000\\\/\"]}]},{\"@type\":\"ImageObject\",\"inLanguage\":\"fr-FR\",\"@id\":\"https:\\\/\\\/www.globalafricasciences.org\\\/fr\\\/lafrique-dans-lhorizon-colonial-de-la-modernite-occidentale-1652-2000\\\/#primaryimage\",\"url\":\"https:\\\/\\\/www.globalafricasciences.org\\\/wp-content\\\/uploads\\\/2024\\\/12\\\/fil_icographique7.webp\",\"contentUrl\":\"https:\\\/\\\/www.globalafricasciences.org\\\/wp-content\\\/uploads\\\/2024\\\/12\\\/fil_icographique7.webp\",\"width\":592,\"height\":841,\"caption\":\"Africa in the Colonial Horizon of Western Modernity (1652\u20132000)\"},{\"@type\":\"BreadcrumbList\",\"@id\":\"https:\\\/\\\/www.globalafricasciences.org\\\/fr\\\/lafrique-dans-lhorizon-colonial-de-la-modernite-occidentale-1652-2000\\\/#breadcrumb\",\"itemListElement\":[{\"@type\":\"ListItem\",\"position\":1,\"name\":\"Home\",\"item\":\"https:\\\/\\\/www.globalafricasciences.org\\\/fr\\\/accueil\\\/\"},{\"@type\":\"ListItem\",\"position\":2,\"name\":\"L\u2019Afrique dans l\u2019horizon colonial de la modernit\u00e9 occidentale (1652\u20132000)\"}]},{\"@type\":\"WebSite\",\"@id\":\"https:\\\/\\\/www.globalafricasciences.org\\\/fr\\\/#website\",\"url\":\"https:\\\/\\\/www.globalafricasciences.org\\\/fr\\\/\",\"name\":\"Global Africa\",\"description\":\"Pan-African Scientific Journal\",\"publisher\":{\"@id\":\"https:\\\/\\\/www.globalafricasciences.org\\\/fr\\\/#organization\"},\"potentialAction\":[{\"@type\":\"SearchAction\",\"target\":{\"@type\":\"EntryPoint\",\"urlTemplate\":\"https:\\\/\\\/www.globalafricasciences.org\\\/fr\\\/?s={search_term_string}\"},\"query-input\":{\"@type\":\"PropertyValueSpecification\",\"valueRequired\":true,\"valueName\":\"search_term_string\"}}],\"inLanguage\":\"fr-FR\"},{\"@type\":\"Organization\",\"@id\":\"https:\\\/\\\/www.globalafricasciences.org\\\/fr\\\/#organization\",\"name\":\"Global Africa\",\"url\":\"https:\\\/\\\/www.globalafricasciences.org\\\/fr\\\/\",\"logo\":{\"@type\":\"ImageObject\",\"inLanguage\":\"fr-FR\",\"@id\":\"https:\\\/\\\/www.globalafricasciences.org\\\/fr\\\/#\\\/schema\\\/logo\\\/image\\\/\",\"url\":\"https:\\\/\\\/www.globalafricasciences.org\\\/wp-content\\\/uploads\\\/2024\\\/12\\\/Globalafrica.png\",\"contentUrl\":\"https:\\\/\\\/www.globalafricasciences.org\\\/wp-content\\\/uploads\\\/2024\\\/12\\\/Globalafrica.png\",\"width\":1680,\"height\":750,\"caption\":\"Global Africa\"},\"image\":{\"@id\":\"https:\\\/\\\/www.globalafricasciences.org\\\/fr\\\/#\\\/schema\\\/logo\\\/image\\\/\"},\"sameAs\":[\"https:\\\/\\\/www.facebook.com\\\/globalafricasciences\"]},{\"@type\":\"Person\",\"@id\":\"https:\\\/\\\/www.globalafricasciences.org\\\/fr\\\/#\\\/schema\\\/person\\\/3365b3a8c146f3667f6a37b89a1368f1\",\"name\":\"Walter Mignolo\",\"image\":{\"@type\":\"ImageObject\",\"inLanguage\":\"fr-FR\",\"@id\":\"https:\\\/\\\/www.globalafricasciences.org\\\/wp-content\\\/uploads\\\/2024\\\/12\\\/Walter-Mignolo-.webpa869125756249877018873220599669b\",\"url\":\"https:\\\/\\\/www.globalafricasciences.org\\\/wp-content\\\/uploads\\\/2024\\\/12\\\/Walter-Mignolo-.webp\",\"contentUrl\":\"https:\\\/\\\/www.globalafricasciences.org\\\/wp-content\\\/uploads\\\/2024\\\/12\\\/Walter-Mignolo-.webp\",\"caption\":\"Walter Mignolo\"},\"description\":\"William Hane Wannamaker Distinguished Professor of Romance Studies and Professor of Literature, Duke University, Walter Mignolo is Director of the Centre for Global Studies and the Humanities at Duke University. He has been an associate researcher at Universidad Andina Simon Bolivar, Quito (2002\u20132018) and an honorary research associate for CISA (Center for Indian Studies in South Africa), Wits University, Johannesburg (2015\u20132019). From 2016 to 2020, he was Senior Advisor of DOC (Dialogue of Civilizations) Research Institute, based in Berlin. Mignolo received a Doctor Honoris Causa Degree from the University National of Buenos Aires, Argentina in 2016, and an Honorary Degree from Goldsmith, University of London in 2018. He has published extensively on semiotics and literary theory and has worked in recent years on different aspects of the modern\\\/colonial world, exploring concepts such as global coloniality, the geopolitics of knowledge, transmodernity, border thinking, and pluriversality. His publications on these topics include: The Darker Side of the Renaissance: Literacy, Territoriality, Colonization (1995, recipient of the Katherine Singer Kovacs prize from the Modern Languages Association) and The Idea of Latin America, (2005, Frantz Fanon Prize by the Caribbean); Local Histories\\\/Global Designs: Coloniality, Subaltern Knowledges and Border Thinking (2000). Co-author with Catherine Walsh of On Decoloniality: Concepts, Analytics, Praxis (2018), and The Politics of Decolonial Investigations (2021). He is editor and co-editor of Capitalismo y geopol\u00edtica del conocimiento : El eurocentrismo y la filosof\u00eda de la liberaci\u00f3n en el debate intelectual contemporan\u00e1neo (2000) and The Americas: Loci of Enunciations and Imaginary Constructions (1994-95). His works have been translated into Mandarin, Korean, Russian, Estonian, Polish, Spanish, French, German, Portuguese, Swedish, Rumanian, Italian and Turkish.\",\"url\":\"https:\\\/\\\/www.globalafricasciences.org\\\/author\\\/waltermignolo\\\/\"}]}<\/script>\n<!-- \/ Yoast SEO plugin. -->","yoast_head_json":{"title":"L\u2019Afrique dans l\u2019horizon colonial de la modernit\u00e9 occidentale (1652\u20132000) | Global Africa","description":"\u00ab L'Afrique dans l'horizon colonial de la modernit\u00e9 occidentale (1652-2000) : Examen de l'impact du colonialisme sur les structures sociopolitiques de l'Afrique","robots":{"index":"index","follow":"follow","max-snippet":"max-snippet:-1","max-image-preview":"max-image-preview:large","max-video-preview":"max-video-preview:-1"},"canonical":"https:\/\/www.globalafricasciences.org\/fr\/lafrique-dans-lhorizon-colonial-de-la-modernite-occidentale-1652-2000\/","og_locale":"fr_FR","og_type":"article","og_title":"L\u2019Afrique dans l\u2019horizon colonial de la modernit\u00e9 occidentale (1652\u20132000) | Global Africa","og_description":"\u00ab L'Afrique dans l'horizon colonial de la modernit\u00e9 occidentale (1652-2000) : Examen de l'impact du colonialisme sur les structures sociopolitiques de l'Afrique","og_url":"https:\/\/www.globalafricasciences.org\/fr\/lafrique-dans-lhorizon-colonial-de-la-modernite-occidentale-1652-2000\/","og_site_name":"Global Africa","article_publisher":"https:\/\/www.facebook.com\/globalafricasciences","article_published_time":"2024-12-01T00:49:13+00:00","article_modified_time":"2025-10-07T12:56:36+00:00","og_image":[{"width":592,"height":841,"url":"https:\/\/www.globalafricasciences.org\/wp-content\/uploads\/2024\/12\/fil_icographique7.webp","type":"image\/png"}],"author":"Cheikh Sadibou Sakho, Nd\u00e8ye La\u00efty Ndiaye","twitter_card":"summary_large_image","twitter_misc":{"\u00c9crit par":"Walter Mignolo","Dur\u00e9e de lecture estim\u00e9e":"52 minutes"},"schema":{"@context":"https:\/\/schema.org","@graph":[{"@type":"Article","@id":"https:\/\/www.globalafricasciences.org\/fr\/lafrique-dans-lhorizon-colonial-de-la-modernite-occidentale-1652-2000\/#article","isPartOf":{"@id":"https:\/\/www.globalafricasciences.org\/fr\/lafrique-dans-lhorizon-colonial-de-la-modernite-occidentale-1652-2000\/"},"author":{"name":"Walter Mignolo","@id":"https:\/\/www.globalafricasciences.org\/fr\/#\/schema\/person\/3365b3a8c146f3667f6a37b89a1368f1"},"headline":"L\u2019Afrique dans l\u2019horizon colonial de la modernit\u00e9 occidentale (1652\u20132000)","datePublished":"2024-12-01T00:49:13+00:00","dateModified":"2025-10-07T12:56:36+00:00","mainEntityOfPage":{"@id":"https:\/\/www.globalafricasciences.org\/fr\/lafrique-dans-lhorizon-colonial-de-la-modernite-occidentale-1652-2000\/"},"wordCount":12010,"publisher":{"@id":"https:\/\/www.globalafricasciences.org\/fr\/#organization"},"image":{"@id":"https:\/\/www.globalafricasciences.org\/fr\/lafrique-dans-lhorizon-colonial-de-la-modernite-occidentale-1652-2000\/#primaryimage"},"thumbnailUrl":"https:\/\/www.globalafricasciences.org\/wp-content\/uploads\/2024\/12\/fil_icographique7.webp","articleSection":["(Re)d\u00e9couverte"],"inLanguage":"fr-FR"},{"@type":"WebPage","@id":"https:\/\/www.globalafricasciences.org\/fr\/lafrique-dans-lhorizon-colonial-de-la-modernite-occidentale-1652-2000\/","url":"https:\/\/www.globalafricasciences.org\/fr\/lafrique-dans-lhorizon-colonial-de-la-modernite-occidentale-1652-2000\/","name":"L\u2019Afrique dans l\u2019horizon colonial de la modernit\u00e9 occidentale (1652\u20132000) | Global Africa","isPartOf":{"@id":"https:\/\/www.globalafricasciences.org\/fr\/#website"},"primaryImageOfPage":{"@id":"https:\/\/www.globalafricasciences.org\/fr\/lafrique-dans-lhorizon-colonial-de-la-modernite-occidentale-1652-2000\/#primaryimage"},"image":{"@id":"https:\/\/www.globalafricasciences.org\/fr\/lafrique-dans-lhorizon-colonial-de-la-modernite-occidentale-1652-2000\/#primaryimage"},"thumbnailUrl":"https:\/\/www.globalafricasciences.org\/wp-content\/uploads\/2024\/12\/fil_icographique7.webp","datePublished":"2024-12-01T00:49:13+00:00","dateModified":"2025-10-07T12:56:36+00:00","description":"\u00ab L'Afrique dans l'horizon colonial de la modernit\u00e9 occidentale (1652-2000) : Examen de l'impact du colonialisme sur les structures sociopolitiques de l'Afrique","breadcrumb":{"@id":"https:\/\/www.globalafricasciences.org\/fr\/lafrique-dans-lhorizon-colonial-de-la-modernite-occidentale-1652-2000\/#breadcrumb"},"inLanguage":"fr-FR","potentialAction":[{"@type":"ReadAction","target":["https:\/\/www.globalafricasciences.org\/fr\/lafrique-dans-lhorizon-colonial-de-la-modernite-occidentale-1652-2000\/"]}]},{"@type":"ImageObject","inLanguage":"fr-FR","@id":"https:\/\/www.globalafricasciences.org\/fr\/lafrique-dans-lhorizon-colonial-de-la-modernite-occidentale-1652-2000\/#primaryimage","url":"https:\/\/www.globalafricasciences.org\/wp-content\/uploads\/2024\/12\/fil_icographique7.webp","contentUrl":"https:\/\/www.globalafricasciences.org\/wp-content\/uploads\/2024\/12\/fil_icographique7.webp","width":592,"height":841,"caption":"Africa in the Colonial Horizon of Western Modernity (1652\u20132000)"},{"@type":"BreadcrumbList","@id":"https:\/\/www.globalafricasciences.org\/fr\/lafrique-dans-lhorizon-colonial-de-la-modernite-occidentale-1652-2000\/#breadcrumb","itemListElement":[{"@type":"ListItem","position":1,"name":"Home","item":"https:\/\/www.globalafricasciences.org\/fr\/accueil\/"},{"@type":"ListItem","position":2,"name":"L\u2019Afrique dans l\u2019horizon colonial de la modernit\u00e9 occidentale (1652\u20132000)"}]},{"@type":"WebSite","@id":"https:\/\/www.globalafricasciences.org\/fr\/#website","url":"https:\/\/www.globalafricasciences.org\/fr\/","name":"Global Africa","description":"Pan-African Scientific Journal","publisher":{"@id":"https:\/\/www.globalafricasciences.org\/fr\/#organization"},"potentialAction":[{"@type":"SearchAction","target":{"@type":"EntryPoint","urlTemplate":"https:\/\/www.globalafricasciences.org\/fr\/?s={search_term_string}"},"query-input":{"@type":"PropertyValueSpecification","valueRequired":true,"valueName":"search_term_string"}}],"inLanguage":"fr-FR"},{"@type":"Organization","@id":"https:\/\/www.globalafricasciences.org\/fr\/#organization","name":"Global Africa","url":"https:\/\/www.globalafricasciences.org\/fr\/","logo":{"@type":"ImageObject","inLanguage":"fr-FR","@id":"https:\/\/www.globalafricasciences.org\/fr\/#\/schema\/logo\/image\/","url":"https:\/\/www.globalafricasciences.org\/wp-content\/uploads\/2024\/12\/Globalafrica.png","contentUrl":"https:\/\/www.globalafricasciences.org\/wp-content\/uploads\/2024\/12\/Globalafrica.png","width":1680,"height":750,"caption":"Global Africa"},"image":{"@id":"https:\/\/www.globalafricasciences.org\/fr\/#\/schema\/logo\/image\/"},"sameAs":["https:\/\/www.facebook.com\/globalafricasciences"]},{"@type":"Person","@id":"https:\/\/www.globalafricasciences.org\/fr\/#\/schema\/person\/3365b3a8c146f3667f6a37b89a1368f1","name":"Walter Mignolo","image":{"@type":"ImageObject","inLanguage":"fr-FR","@id":"https:\/\/www.globalafricasciences.org\/wp-content\/uploads\/2024\/12\/Walter-Mignolo-.webpa869125756249877018873220599669b","url":"https:\/\/www.globalafricasciences.org\/wp-content\/uploads\/2024\/12\/Walter-Mignolo-.webp","contentUrl":"https:\/\/www.globalafricasciences.org\/wp-content\/uploads\/2024\/12\/Walter-Mignolo-.webp","caption":"Walter Mignolo"},"description":"William Hane Wannamaker Distinguished Professor of Romance Studies and Professor of Literature, Duke University, Walter Mignolo is Director of the Centre for Global Studies and the Humanities at Duke University. He has been an associate researcher at Universidad Andina Simon Bolivar, Quito (2002\u20132018) and an honorary research associate for CISA (Center for Indian Studies in South Africa), Wits University, Johannesburg (2015\u20132019). From 2016 to 2020, he was Senior Advisor of DOC (Dialogue of Civilizations) Research Institute, based in Berlin. Mignolo received a Doctor Honoris Causa Degree from the University National of Buenos Aires, Argentina in 2016, and an Honorary Degree from Goldsmith, University of London in 2018. He has published extensively on semiotics and literary theory and has worked in recent years on different aspects of the modern\/colonial world, exploring concepts such as global coloniality, the geopolitics of knowledge, transmodernity, border thinking, and pluriversality. His publications on these topics include: The Darker Side of the Renaissance: Literacy, Territoriality, Colonization (1995, recipient of the Katherine Singer Kovacs prize from the Modern Languages Association) and The Idea of Latin America, (2005, Frantz Fanon Prize by the Caribbean); Local Histories\/Global Designs: Coloniality, Subaltern Knowledges and Border Thinking (2000). Co-author with Catherine Walsh of On Decoloniality: Concepts, Analytics, Praxis (2018), and The Politics of Decolonial Investigations (2021). He is editor and co-editor of Capitalismo y geopol\u00edtica del conocimiento : El eurocentrismo y la filosof\u00eda de la liberaci\u00f3n en el debate intelectual contemporan\u00e1neo (2000) and The Americas: Loci of Enunciations and Imaginary Constructions (1994-95). His works have been translated into Mandarin, Korean, Russian, Estonian, Polish, Spanish, French, German, Portuguese, Swedish, Rumanian, Italian and Turkish.","url":"https:\/\/www.globalafricasciences.org\/author\/waltermignolo\/"}]}},"acf":[],"authors":[{"term_id":533,"user_id":0,"is_guest":1,"slug":"walter-mignolo-fr","display_name":"Walter Mignolo","avatar_url":{"url":"https:\/\/www.globalafricasciences.org\/wp-content\/uploads\/2024\/12\/Walter-Mignolo-.webp","url2x":"https:\/\/www.globalafricasciences.org\/wp-content\/uploads\/2024\/12\/Walter-Mignolo-.webp"},"author_category":"1","exclude_author":"","main-organisation":"","country_of_org":"","field_of_work":"","first_name":"","last_name":"","user_url":"","job_title":"","description":""}],"_links":{"self":[{"href":"https:\/\/www.globalafricasciences.org\/fr\/wp-json\/wp\/v2\/posts\/9911","targetHints":{"allow":["GET"]}}],"collection":[{"href":"https:\/\/www.globalafricasciences.org\/fr\/wp-json\/wp\/v2\/posts"}],"about":[{"href":"https:\/\/www.globalafricasciences.org\/fr\/wp-json\/wp\/v2\/types\/post"}],"author":[{"embeddable":true,"href":"https:\/\/www.globalafricasciences.org\/fr\/wp-json\/wp\/v2\/users\/106"}],"replies":[{"embeddable":true,"href":"https:\/\/www.globalafricasciences.org\/fr\/wp-json\/wp\/v2\/comments?post=9911"}],"version-history":[{"count":0,"href":"https:\/\/www.globalafricasciences.org\/fr\/wp-json\/wp\/v2\/posts\/9911\/revisions"}],"wp:featuredmedia":[{"embeddable":true,"href":"https:\/\/www.globalafricasciences.org\/fr\/wp-json\/wp\/v2\/media\/6419"}],"wp:attachment":[{"href":"https:\/\/www.globalafricasciences.org\/fr\/wp-json\/wp\/v2\/media?parent=9911"}],"wp:term":[{"taxonomy":"category","embeddable":true,"href":"https:\/\/www.globalafricasciences.org\/fr\/wp-json\/wp\/v2\/categories?post=9911"},{"taxonomy":"post_tag","embeddable":true,"href":"https:\/\/www.globalafricasciences.org\/fr\/wp-json\/wp\/v2\/tags?post=9911"},{"taxonomy":"issues3","embeddable":true,"href":"https:\/\/www.globalafricasciences.org\/fr\/wp-json\/wp\/v2\/issues3?post=9911"},{"taxonomy":"post_folder","embeddable":true,"href":"https:\/\/www.globalafricasciences.org\/fr\/wp-json\/wp\/v2\/post_folder?post=9911"},{"taxonomy":"author","embeddable":true,"href":"https:\/\/www.globalafricasciences.org\/fr\/wp-json\/wp\/v2\/ppma_author?post=9911"}],"curies":[{"name":"wp","href":"https:\/\/api.w.org\/{rel}","templated":true}]}}