{"id":9263,"date":"2025-02-18T18:40:43","date_gmt":"2025-02-18T18:40:43","guid":{"rendered":"https:\/\/www.globalafricasciences.org\/actualites\/appel-a-communications-3eme-edition-de-la-conference-internationale\/"},"modified":"2025-05-30T12:42:48","modified_gmt":"2025-05-30T12:42:48","slug":"appel-a-communications-3eme-edition-de-la-conference-internationale","status":"publish","type":"post","link":"https:\/\/www.globalafricasciences.org\/fr\/appel-a-communications-3eme-edition-de-la-conference-internationale\/","title":{"rendered":"APPEL \u00c0 COMMUNICATIONS &#8211; 3\u00e8me \u00c9DITION DE LA CONF\u00c9RENCE INTERNATIONALE"},"content":{"rendered":"\n<figure class=\"wp-block-image size-full\"><img decoding=\"async\" src=\"https:\/\/www.globalafricasciences.org\/wp-content\/uploads\/2025\/02\/41715f_c2ccc72dd3f642d08b21acfffcb360f9mv2.jpg\" alt=\"\" class=\"wp-image-8204\"\/><\/figure>\n\n<p id=\"viewer-q39cf4084\"><strong>APPEL \u00c0 COMMUNICATIONS &#8211; 3\u00e8me \u00c9DITION DE LA CONF\u00c9RENCE INTERNATIONALE<\/strong><\/p>\n\n<p id=\"viewer-iziay3213\">\ud83d\udce2 <strong>\u00ab\u00a0Le S\u00e9n\u00e9gal et les hydrocarbures\u00a0\u00bb<\/strong><\/p>\n\n<p id=\"viewer-whk4q3433\">\ud83d\udccd <strong>Universit\u00e9 Gaston Berger de Saint-Louis<\/strong><\/p>\n\n<p id=\"viewer-w90wr3471\">\ud83d\udcc5 <strong>23-26 juin 2025<\/strong><\/p>\n\n<p id=\"viewer-4ny6q3509\">\ud83d\udcdd <strong>Date limite de soumission : 14 mars 2025<\/strong><\/p>\n\n<p id=\"viewer-a09hf3222\">\ud83d\udca1 <em>Th\u00e8me principal<\/em>: <em>\u00ab\u00a0Penser les hydrocarbures pour ne pas les subir\u00a0\u00bb<\/em><\/p>\n\n<p id=\"viewer-ljbe23623\">Au moment o\u00f9 le S\u00e9n\u00e9gal se lance dans l&rsquo;exploitation de ses ressources en hydrocarbures, cette conf\u00e9rence vise \u00e0 favoriser des discussions scientifiques interdisciplinaires sur les enjeux \u00e9conomiques, sociaux, environnementaux et politiques li\u00e9s \u00e0 cette ressource strat\u00e9gique.<\/p>\n\n<p id=\"viewer-5mk753228\">\ud83d\udd0e <strong>Th\u00e8mes cl\u00e9s<\/strong>:\u2714 <strong>Exploitation des hydrocarbures et transformations des \u00e9conomies locales\u2714<\/strong> <strong>Transformations sociales et changements politico-identitaires\u2714<\/strong> <strong>Enjeux strat\u00e9giques, \u00e9conomiques et \u00e9cologiques\u2714<\/strong> <strong>Politiques contractuelles et fiscalit\u00e9.<\/strong><\/p>\n\n<p id=\"viewer-cerpr3239\">\ud83d\udce9 <strong>Soumettez vos propositions<\/strong> (article \u00e9crit ou poster) avant le <strong>14 mars 2025<\/strong>,<\/p>\n\n<p id=\"viewer-593ua4262\">\u00e0:\u2709 <a target=\"_blank\" href=\"mailto:moustapha-bassirou.niang@ugb.edu.sn\" rel=\"noreferrer noopener\"><strong>moustapha-bassirou.niang@ugb.edu.sn<\/strong><\/a><\/p>\n\n<p id=\"viewer-7e1ph3246\">\ud83d\udcda <strong>Les articles accept\u00e9s seront examin\u00e9s et publi\u00e9s dans les actes de la conf\u00e9rence.<\/strong><\/p>\n\n<p id=\"viewer-pvz983249\">\ud83d\udd17 Plus d&rsquo;informations sont disponibles <a target=\"_blank\" href=\"https:\/\/41715f55-d376-43f8-8067-88c7342b1cbd.usrfiles.com\/ugd\/41715f_4492d3fccda74a02a5d06902cdb15f34.pdf\" rel=\"noreferrer noopener\"><u>ici<\/u><\/a><\/p>\n","protected":false},"excerpt":{"rendered":"<p>APPEL \u00c0 COMMUNICATIONS &#8211; 3\u00e8me \u00c9DITION DE LA CONF\u00c9RENCE INTERNATIONALE \ud83d\udce2 \u00ab\u00a0Le S\u00e9n\u00e9gal et les hydrocarbures\u00a0\u00bb \ud83d\udccd Universit\u00e9 Gaston Berger de Saint-Louis \ud83d\udcc5 23-26 juin 2025 \ud83d\udcdd Date limite de soumission : 14 mars 2025 \ud83d\udca1 Th\u00e8me principal: \u00ab\u00a0Penser les hydrocarbures pour ne pas les subir\u00a0\u00bb Au moment o\u00f9 le S\u00e9n\u00e9gal se lance dans l&rsquo;exploitation de ses ressources en hydrocarbures, cette conf\u00e9rence vise \u00e0 favoriser des discussions scientifiques interdisciplinaires sur les enjeux \u00e9conomiques, sociaux, environnementaux et politiques li\u00e9s \u00e0 cette ressource strat\u00e9gique. \ud83d\udd0e Th\u00e8mes cl\u00e9s:\u2714 Exploitation des hydrocarbures et transformations des \u00e9conomies locales\u2714 Transformations sociales et changements politico-identitaires\u2714 Enjeux strat\u00e9giques, \u00e9conomiques et \u00e9cologiques\u2714 Politiques contractuelles et fiscalit\u00e9. \ud83d\udce9 Soumettez vos propositions (article \u00e9crit ou poster) avant le 14 mars 2025, \u00e0:\u2709 moustapha-bassirou.niang@ugb.edu.sn \ud83d\udcda Les articles accept\u00e9s seront examin\u00e9s et publi\u00e9s dans les actes de la conf\u00e9rence. \ud83d\udd17 Plus d&rsquo;informations sont disponibles ici<\/p>\n","protected":false},"author":50,"featured_media":8205,"comment_status":"open","ping_status":"open","sticky":false,"template":"","format":"standard","meta":{"footnotes":""},"categories":[179,181],"tags":[],"issues3":[],"post_folder":[],"ppma_author":[265],"class_list":["post-9263","post","type-post","status-publish","format-standard","has-post-thumbnail","hentry","category-conferences-fr","category-participations-fr","author-global-africa"],"yoast_head":"<!-- This site is optimized with the Yoast SEO plugin v27.5 - https:\/\/yoast.com\/product\/yoast-seo-wordpress\/ -->\n<title>APPEL \u00c0 COMMUNICATIONS - 3\u00e8me \u00c9DITION DE LA CONF\u00c9RENCE INTERNATIONALE | Global Africa<\/title>\n<meta name=\"description\" content=\"Au moment o\u00f9 le S\u00e9n\u00e9gal se lance dans l&#039;exploitation de ses ressources en hydrocarbures, cette conf\u00e9rence vise \u00e0 favoriser des discussions scientifiques interdisciplinaires\" \/>\n<meta name=\"robots\" content=\"index, follow, max-snippet:-1, max-image-preview:large, max-video-preview:-1\" \/>\n<link rel=\"canonical\" href=\"https:\/\/www.globalafricasciences.org\/fr\/appel-a-communications-3eme-edition-de-la-conference-internationale\/\" \/>\n<meta property=\"og:locale\" content=\"fr_FR\" \/>\n<meta property=\"og:type\" content=\"article\" \/>\n<meta property=\"og:title\" content=\"APPEL \u00c0 COMMUNICATIONS - 3\u00e8me \u00c9DITION DE LA CONF\u00c9RENCE INTERNATIONALE | Global Africa\" \/>\n<meta property=\"og:description\" content=\"Au moment o\u00f9 le S\u00e9n\u00e9gal se lance dans l&#039;exploitation de ses ressources en hydrocarbures, cette conf\u00e9rence vise \u00e0 favoriser des discussions scientifiques interdisciplinaires\" \/>\n<meta property=\"og:url\" content=\"https:\/\/www.globalafricasciences.org\/fr\/appel-a-communications-3eme-edition-de-la-conference-internationale\/\" \/>\n<meta property=\"og:site_name\" content=\"Global Africa\" \/>\n<meta property=\"article:publisher\" content=\"https:\/\/www.facebook.com\/globalafricasciences\" \/>\n<meta property=\"article:published_time\" content=\"2025-02-18T18:40:43+00:00\" \/>\n<meta property=\"article:modified_time\" content=\"2025-05-30T12:42:48+00:00\" \/>\n<meta property=\"og:image\" content=\"https:\/\/www.globalafricasciences.org\/wp-content\/uploads\/2025\/02\/41715f_c2ccc72dd3f642d08b21acfffcb360f9mv2.webp\" \/>\n\t<meta property=\"og:image:width\" content=\"940\" \/>\n\t<meta property=\"og:image:height\" content=\"788\" \/>\n\t<meta property=\"og:image:type\" content=\"image\/jpeg\" \/>\n<meta name=\"author\" content=\"Global Africa\" \/>\n<meta name=\"twitter:card\" content=\"summary_large_image\" \/>\n<meta name=\"twitter:label1\" content=\"\u00c9crit par\" \/>\n\t<meta name=\"twitter:data1\" content=\"Global Africa\" \/>\n\t<meta name=\"twitter:label2\" content=\"Dur\u00e9e de lecture estim\u00e9e\" \/>\n\t<meta name=\"twitter:data2\" content=\"1 minute\" \/>\n<script type=\"application\/ld+json\" class=\"yoast-schema-graph\">{\"@context\":\"https:\\\/\\\/schema.org\",\"@graph\":[{\"@type\":\"Article\",\"@id\":\"https:\\\/\\\/www.globalafricasciences.org\\\/fr\\\/appel-a-communications-3eme-edition-de-la-conference-internationale\\\/#article\",\"isPartOf\":{\"@id\":\"https:\\\/\\\/www.globalafricasciences.org\\\/fr\\\/appel-a-communications-3eme-edition-de-la-conference-internationale\\\/\"},\"author\":{\"name\":\"Global Africa\",\"@id\":\"https:\\\/\\\/www.globalafricasciences.org\\\/fr\\\/#\\\/schema\\\/person\\\/8c11b55a8c7d287934a558c0e354b773\"},\"headline\":\"APPEL \u00c0 COMMUNICATIONS &#8211; 3\u00e8me \u00c9DITION DE LA CONF\u00c9RENCE INTERNATIONALE\",\"datePublished\":\"2025-02-18T18:40:43+00:00\",\"dateModified\":\"2025-05-30T12:42:48+00:00\",\"mainEntityOfPage\":{\"@id\":\"https:\\\/\\\/www.globalafricasciences.org\\\/fr\\\/appel-a-communications-3eme-edition-de-la-conference-internationale\\\/\"},\"wordCount\":155,\"commentCount\":0,\"publisher\":{\"@id\":\"https:\\\/\\\/www.globalafricasciences.org\\\/fr\\\/#organization\"},\"image\":{\"@id\":\"https:\\\/\\\/www.globalafricasciences.org\\\/fr\\\/appel-a-communications-3eme-edition-de-la-conference-internationale\\\/#primaryimage\"},\"thumbnailUrl\":\"https:\\\/\\\/www.globalafricasciences.org\\\/wp-content\\\/uploads\\\/2025\\\/02\\\/41715f_c2ccc72dd3f642d08b21acfffcb360f9mv2.webp\",\"articleSection\":[\"Conf\u00e9rences\",\"Participations\"],\"inLanguage\":\"fr-FR\",\"potentialAction\":[{\"@type\":\"CommentAction\",\"name\":\"Comment\",\"target\":[\"https:\\\/\\\/www.globalafricasciences.org\\\/fr\\\/appel-a-communications-3eme-edition-de-la-conference-internationale\\\/#respond\"]}]},{\"@type\":\"WebPage\",\"@id\":\"https:\\\/\\\/www.globalafricasciences.org\\\/fr\\\/appel-a-communications-3eme-edition-de-la-conference-internationale\\\/\",\"url\":\"https:\\\/\\\/www.globalafricasciences.org\\\/fr\\\/appel-a-communications-3eme-edition-de-la-conference-internationale\\\/\",\"name\":\"APPEL \u00c0 COMMUNICATIONS - 3\u00e8me \u00c9DITION DE LA CONF\u00c9RENCE INTERNATIONALE | Global Africa\",\"isPartOf\":{\"@id\":\"https:\\\/\\\/www.globalafricasciences.org\\\/fr\\\/#website\"},\"primaryImageOfPage\":{\"@id\":\"https:\\\/\\\/www.globalafricasciences.org\\\/fr\\\/appel-a-communications-3eme-edition-de-la-conference-internationale\\\/#primaryimage\"},\"image\":{\"@id\":\"https:\\\/\\\/www.globalafricasciences.org\\\/fr\\\/appel-a-communications-3eme-edition-de-la-conference-internationale\\\/#primaryimage\"},\"thumbnailUrl\":\"https:\\\/\\\/www.globalafricasciences.org\\\/wp-content\\\/uploads\\\/2025\\\/02\\\/41715f_c2ccc72dd3f642d08b21acfffcb360f9mv2.webp\",\"datePublished\":\"2025-02-18T18:40:43+00:00\",\"dateModified\":\"2025-05-30T12:42:48+00:00\",\"description\":\"Au moment o\u00f9 le S\u00e9n\u00e9gal se lance dans l'exploitation de ses ressources en hydrocarbures, cette conf\u00e9rence vise \u00e0 favoriser des discussions scientifiques interdisciplinaires\",\"breadcrumb\":{\"@id\":\"https:\\\/\\\/www.globalafricasciences.org\\\/fr\\\/appel-a-communications-3eme-edition-de-la-conference-internationale\\\/#breadcrumb\"},\"inLanguage\":\"fr-FR\",\"potentialAction\":[{\"@type\":\"ReadAction\",\"target\":[\"https:\\\/\\\/www.globalafricasciences.org\\\/fr\\\/appel-a-communications-3eme-edition-de-la-conference-internationale\\\/\"]}]},{\"@type\":\"ImageObject\",\"inLanguage\":\"fr-FR\",\"@id\":\"https:\\\/\\\/www.globalafricasciences.org\\\/fr\\\/appel-a-communications-3eme-edition-de-la-conference-internationale\\\/#primaryimage\",\"url\":\"https:\\\/\\\/www.globalafricasciences.org\\\/wp-content\\\/uploads\\\/2025\\\/02\\\/41715f_c2ccc72dd3f642d08b21acfffcb360f9mv2.webp\",\"contentUrl\":\"https:\\\/\\\/www.globalafricasciences.org\\\/wp-content\\\/uploads\\\/2025\\\/02\\\/41715f_c2ccc72dd3f642d08b21acfffcb360f9mv2.webp\",\"width\":940,\"height\":788},{\"@type\":\"BreadcrumbList\",\"@id\":\"https:\\\/\\\/www.globalafricasciences.org\\\/fr\\\/appel-a-communications-3eme-edition-de-la-conference-internationale\\\/#breadcrumb\",\"itemListElement\":[{\"@type\":\"ListItem\",\"position\":1,\"name\":\"Home\",\"item\":\"https:\\\/\\\/www.globalafricasciences.org\\\/fr\\\/accueil\\\/\"},{\"@type\":\"ListItem\",\"position\":2,\"name\":\"APPEL \u00c0 COMMUNICATIONS &#8211; 3\u00e8me \u00c9DITION DE LA CONF\u00c9RENCE INTERNATIONALE\"}]},{\"@type\":\"WebSite\",\"@id\":\"https:\\\/\\\/www.globalafricasciences.org\\\/fr\\\/#website\",\"url\":\"https:\\\/\\\/www.globalafricasciences.org\\\/fr\\\/\",\"name\":\"Global Africa\",\"description\":\"Pan-African Scientific Journal\",\"publisher\":{\"@id\":\"https:\\\/\\\/www.globalafricasciences.org\\\/fr\\\/#organization\"},\"potentialAction\":[{\"@type\":\"SearchAction\",\"target\":{\"@type\":\"EntryPoint\",\"urlTemplate\":\"https:\\\/\\\/www.globalafricasciences.org\\\/fr\\\/?s={search_term_string}\"},\"query-input\":{\"@type\":\"PropertyValueSpecification\",\"valueRequired\":true,\"valueName\":\"search_term_string\"}}],\"inLanguage\":\"fr-FR\"},{\"@type\":\"Organization\",\"@id\":\"https:\\\/\\\/www.globalafricasciences.org\\\/fr\\\/#organization\",\"name\":\"Global Africa\",\"url\":\"https:\\\/\\\/www.globalafricasciences.org\\\/fr\\\/\",\"logo\":{\"@type\":\"ImageObject\",\"inLanguage\":\"fr-FR\",\"@id\":\"https:\\\/\\\/www.globalafricasciences.org\\\/fr\\\/#\\\/schema\\\/logo\\\/image\\\/\",\"url\":\"https:\\\/\\\/www.globalafricasciences.org\\\/wp-content\\\/uploads\\\/2024\\\/12\\\/Globalafrica.png\",\"contentUrl\":\"https:\\\/\\\/www.globalafricasciences.org\\\/wp-content\\\/uploads\\\/2024\\\/12\\\/Globalafrica.png\",\"width\":1680,\"height\":750,\"caption\":\"Global Africa\"},\"image\":{\"@id\":\"https:\\\/\\\/www.globalafricasciences.org\\\/fr\\\/#\\\/schema\\\/logo\\\/image\\\/\"},\"sameAs\":[\"https:\\\/\\\/www.facebook.com\\\/globalafricasciences\"]},{\"@type\":\"Person\",\"@id\":\"https:\\\/\\\/www.globalafricasciences.org\\\/fr\\\/#\\\/schema\\\/person\\\/8c11b55a8c7d287934a558c0e354b773\",\"name\":\"Global Africa\",\"image\":{\"@type\":\"ImageObject\",\"inLanguage\":\"fr-FR\",\"@id\":\"https:\\\/\\\/www.globalafricasciences.org\\\/wp-content\\\/uploads\\\/2024\\\/11\\\/Global-Africa.jpgd44bc09810f00cf464135b8441da2384\",\"url\":\"https:\\\/\\\/www.globalafricasciences.org\\\/wp-content\\\/uploads\\\/2024\\\/11\\\/Global-Africa.jpg\",\"contentUrl\":\"https:\\\/\\\/www.globalafricasciences.org\\\/wp-content\\\/uploads\\\/2024\\\/11\\\/Global-Africa.jpg\",\"caption\":\"Global Africa\"},\"description\":\"The editorial board of the journal is led by Mame-Penda Ba, a professor of political science at Gaston Berger University and the director of LASPAD(Laboratory of Social, Political, and Administrative Studies), Senegal.\",\"url\":\"https:\\\/\\\/www.globalafricasciences.org\\\/author\\\/globalafrica\\\/\"}]}<\/script>\n<!-- \/ Yoast SEO plugin. -->","yoast_head_json":{"title":"APPEL \u00c0 COMMUNICATIONS - 3\u00e8me \u00c9DITION DE LA CONF\u00c9RENCE INTERNATIONALE | Global Africa","description":"Au moment o\u00f9 le S\u00e9n\u00e9gal se lance dans l'exploitation de ses ressources en hydrocarbures, cette conf\u00e9rence vise \u00e0 favoriser des discussions scientifiques interdisciplinaires","robots":{"index":"index","follow":"follow","max-snippet":"max-snippet:-1","max-image-preview":"max-image-preview:large","max-video-preview":"max-video-preview:-1"},"canonical":"https:\/\/www.globalafricasciences.org\/fr\/appel-a-communications-3eme-edition-de-la-conference-internationale\/","og_locale":"fr_FR","og_type":"article","og_title":"APPEL \u00c0 COMMUNICATIONS - 3\u00e8me \u00c9DITION DE LA CONF\u00c9RENCE INTERNATIONALE | Global Africa","og_description":"Au moment o\u00f9 le S\u00e9n\u00e9gal se lance dans l'exploitation de ses ressources en hydrocarbures, cette conf\u00e9rence vise \u00e0 favoriser des discussions scientifiques interdisciplinaires","og_url":"https:\/\/www.globalafricasciences.org\/fr\/appel-a-communications-3eme-edition-de-la-conference-internationale\/","og_site_name":"Global Africa","article_publisher":"https:\/\/www.facebook.com\/globalafricasciences","article_published_time":"2025-02-18T18:40:43+00:00","article_modified_time":"2025-05-30T12:42:48+00:00","og_image":[{"width":940,"height":788,"url":"https:\/\/www.globalafricasciences.org\/wp-content\/uploads\/2025\/02\/41715f_c2ccc72dd3f642d08b21acfffcb360f9mv2.webp","type":"image\/jpeg"}],"author":"Global Africa","twitter_card":"summary_large_image","twitter_misc":{"\u00c9crit par":"Global Africa","Dur\u00e9e de lecture estim\u00e9e":"1 minute"},"schema":{"@context":"https:\/\/schema.org","@graph":[{"@type":"Article","@id":"https:\/\/www.globalafricasciences.org\/fr\/appel-a-communications-3eme-edition-de-la-conference-internationale\/#article","isPartOf":{"@id":"https:\/\/www.globalafricasciences.org\/fr\/appel-a-communications-3eme-edition-de-la-conference-internationale\/"},"author":{"name":"Global Africa","@id":"https:\/\/www.globalafricasciences.org\/fr\/#\/schema\/person\/8c11b55a8c7d287934a558c0e354b773"},"headline":"APPEL \u00c0 COMMUNICATIONS &#8211; 3\u00e8me \u00c9DITION DE LA CONF\u00c9RENCE INTERNATIONALE","datePublished":"2025-02-18T18:40:43+00:00","dateModified":"2025-05-30T12:42:48+00:00","mainEntityOfPage":{"@id":"https:\/\/www.globalafricasciences.org\/fr\/appel-a-communications-3eme-edition-de-la-conference-internationale\/"},"wordCount":155,"commentCount":0,"publisher":{"@id":"https:\/\/www.globalafricasciences.org\/fr\/#organization"},"image":{"@id":"https:\/\/www.globalafricasciences.org\/fr\/appel-a-communications-3eme-edition-de-la-conference-internationale\/#primaryimage"},"thumbnailUrl":"https:\/\/www.globalafricasciences.org\/wp-content\/uploads\/2025\/02\/41715f_c2ccc72dd3f642d08b21acfffcb360f9mv2.webp","articleSection":["Conf\u00e9rences","Participations"],"inLanguage":"fr-FR","potentialAction":[{"@type":"CommentAction","name":"Comment","target":["https:\/\/www.globalafricasciences.org\/fr\/appel-a-communications-3eme-edition-de-la-conference-internationale\/#respond"]}]},{"@type":"WebPage","@id":"https:\/\/www.globalafricasciences.org\/fr\/appel-a-communications-3eme-edition-de-la-conference-internationale\/","url":"https:\/\/www.globalafricasciences.org\/fr\/appel-a-communications-3eme-edition-de-la-conference-internationale\/","name":"APPEL \u00c0 COMMUNICATIONS - 3\u00e8me \u00c9DITION DE LA CONF\u00c9RENCE INTERNATIONALE | Global Africa","isPartOf":{"@id":"https:\/\/www.globalafricasciences.org\/fr\/#website"},"primaryImageOfPage":{"@id":"https:\/\/www.globalafricasciences.org\/fr\/appel-a-communications-3eme-edition-de-la-conference-internationale\/#primaryimage"},"image":{"@id":"https:\/\/www.globalafricasciences.org\/fr\/appel-a-communications-3eme-edition-de-la-conference-internationale\/#primaryimage"},"thumbnailUrl":"https:\/\/www.globalafricasciences.org\/wp-content\/uploads\/2025\/02\/41715f_c2ccc72dd3f642d08b21acfffcb360f9mv2.webp","datePublished":"2025-02-18T18:40:43+00:00","dateModified":"2025-05-30T12:42:48+00:00","description":"Au moment o\u00f9 le S\u00e9n\u00e9gal se lance dans l'exploitation de ses ressources en hydrocarbures, cette conf\u00e9rence vise \u00e0 favoriser des discussions scientifiques interdisciplinaires","breadcrumb":{"@id":"https:\/\/www.globalafricasciences.org\/fr\/appel-a-communications-3eme-edition-de-la-conference-internationale\/#breadcrumb"},"inLanguage":"fr-FR","potentialAction":[{"@type":"ReadAction","target":["https:\/\/www.globalafricasciences.org\/fr\/appel-a-communications-3eme-edition-de-la-conference-internationale\/"]}]},{"@type":"ImageObject","inLanguage":"fr-FR","@id":"https:\/\/www.globalafricasciences.org\/fr\/appel-a-communications-3eme-edition-de-la-conference-internationale\/#primaryimage","url":"https:\/\/www.globalafricasciences.org\/wp-content\/uploads\/2025\/02\/41715f_c2ccc72dd3f642d08b21acfffcb360f9mv2.webp","contentUrl":"https:\/\/www.globalafricasciences.org\/wp-content\/uploads\/2025\/02\/41715f_c2ccc72dd3f642d08b21acfffcb360f9mv2.webp","width":940,"height":788},{"@type":"BreadcrumbList","@id":"https:\/\/www.globalafricasciences.org\/fr\/appel-a-communications-3eme-edition-de-la-conference-internationale\/#breadcrumb","itemListElement":[{"@type":"ListItem","position":1,"name":"Home","item":"https:\/\/www.globalafricasciences.org\/fr\/accueil\/"},{"@type":"ListItem","position":2,"name":"APPEL \u00c0 COMMUNICATIONS &#8211; 3\u00e8me \u00c9DITION DE LA CONF\u00c9RENCE INTERNATIONALE"}]},{"@type":"WebSite","@id":"https:\/\/www.globalafricasciences.org\/fr\/#website","url":"https:\/\/www.globalafricasciences.org\/fr\/","name":"Global Africa","description":"Pan-African Scientific Journal","publisher":{"@id":"https:\/\/www.globalafricasciences.org\/fr\/#organization"},"potentialAction":[{"@type":"SearchAction","target":{"@type":"EntryPoint","urlTemplate":"https:\/\/www.globalafricasciences.org\/fr\/?s={search_term_string}"},"query-input":{"@type":"PropertyValueSpecification","valueRequired":true,"valueName":"search_term_string"}}],"inLanguage":"fr-FR"},{"@type":"Organization","@id":"https:\/\/www.globalafricasciences.org\/fr\/#organization","name":"Global Africa","url":"https:\/\/www.globalafricasciences.org\/fr\/","logo":{"@type":"ImageObject","inLanguage":"fr-FR","@id":"https:\/\/www.globalafricasciences.org\/fr\/#\/schema\/logo\/image\/","url":"https:\/\/www.globalafricasciences.org\/wp-content\/uploads\/2024\/12\/Globalafrica.png","contentUrl":"https:\/\/www.globalafricasciences.org\/wp-content\/uploads\/2024\/12\/Globalafrica.png","width":1680,"height":750,"caption":"Global Africa"},"image":{"@id":"https:\/\/www.globalafricasciences.org\/fr\/#\/schema\/logo\/image\/"},"sameAs":["https:\/\/www.facebook.com\/globalafricasciences"]},{"@type":"Person","@id":"https:\/\/www.globalafricasciences.org\/fr\/#\/schema\/person\/8c11b55a8c7d287934a558c0e354b773","name":"Global Africa","image":{"@type":"ImageObject","inLanguage":"fr-FR","@id":"https:\/\/www.globalafricasciences.org\/wp-content\/uploads\/2024\/11\/Global-Africa.jpgd44bc09810f00cf464135b8441da2384","url":"https:\/\/www.globalafricasciences.org\/wp-content\/uploads\/2024\/11\/Global-Africa.jpg","contentUrl":"https:\/\/www.globalafricasciences.org\/wp-content\/uploads\/2024\/11\/Global-Africa.jpg","caption":"Global Africa"},"description":"The editorial board of the journal is led by Mame-Penda Ba, a professor of political science at Gaston Berger University and the director of LASPAD(Laboratory of Social, Political, and Administrative Studies), Senegal.","url":"https:\/\/www.globalafricasciences.org\/author\/globalafrica\/"}]}},"acf":[],"authors":[{"term_id":265,"user_id":0,"is_guest":1,"slug":"global-africa","display_name":"Global Africa","avatar_url":{"url":"https:\/\/www.globalafricasciences.org\/wp-content\/uploads\/2024\/11\/Global-Africa.jpg","url2x":"https:\/\/www.globalafricasciences.org\/wp-content\/uploads\/2024\/11\/Global-Africa.jpg"},"author_category":"1","exclude_author":"","main-organisation":"Universit\u00e9 Gaston Berger","country_of_org":"S\u00e9n\u00e9gal","field_of_work":"Sciences sociales","first_name":"","last_name":"","user_url":"","job_title":"","description":"<div id=\"comp-lmq9yt56\" class=\"HcOXKn c9GqVL QxJLC3 lq2cno YQcXTT comp-lmq9yt56 wixui-rich-text\" data-testid=\"richTextElement\">\r\n<p class=\"font_8 wixui-rich-text__text\">La r\u00e9daction de la revue est dirig\u00e9e par Mame-Penda Ba, professeure de sciences politiques \u00e0 l'Universit\u00e9 Gaston Berger et directrice du LASPAD, S\u00e9n\u00e9gal<\/p>\r\n\r\n<\/div>"}],"_links":{"self":[{"href":"https:\/\/www.globalafricasciences.org\/fr\/wp-json\/wp\/v2\/posts\/9263","targetHints":{"allow":["GET"]}}],"collection":[{"href":"https:\/\/www.globalafricasciences.org\/fr\/wp-json\/wp\/v2\/posts"}],"about":[{"href":"https:\/\/www.globalafricasciences.org\/fr\/wp-json\/wp\/v2\/types\/post"}],"author":[{"embeddable":true,"href":"https:\/\/www.globalafricasciences.org\/fr\/wp-json\/wp\/v2\/users\/50"}],"replies":[{"embeddable":true,"href":"https:\/\/www.globalafricasciences.org\/fr\/wp-json\/wp\/v2\/comments?post=9263"}],"version-history":[{"count":0,"href":"https:\/\/www.globalafricasciences.org\/fr\/wp-json\/wp\/v2\/posts\/9263\/revisions"}],"wp:featuredmedia":[{"embeddable":true,"href":"https:\/\/www.globalafricasciences.org\/fr\/wp-json\/wp\/v2\/media\/8205"}],"wp:attachment":[{"href":"https:\/\/www.globalafricasciences.org\/fr\/wp-json\/wp\/v2\/media?parent=9263"}],"wp:term":[{"taxonomy":"category","embeddable":true,"href":"https:\/\/www.globalafricasciences.org\/fr\/wp-json\/wp\/v2\/categories?post=9263"},{"taxonomy":"post_tag","embeddable":true,"href":"https:\/\/www.globalafricasciences.org\/fr\/wp-json\/wp\/v2\/tags?post=9263"},{"taxonomy":"issues3","embeddable":true,"href":"https:\/\/www.globalafricasciences.org\/fr\/wp-json\/wp\/v2\/issues3?post=9263"},{"taxonomy":"post_folder","embeddable":true,"href":"https:\/\/www.globalafricasciences.org\/fr\/wp-json\/wp\/v2\/post_folder?post=9263"},{"taxonomy":"author","embeddable":true,"href":"https:\/\/www.globalafricasciences.org\/fr\/wp-json\/wp\/v2\/ppma_author?post=9263"}],"curies":[{"name":"wp","href":"https:\/\/api.w.org\/{rel}","templated":true}]}}