{"id":9259,"date":"2025-02-18T18:47:48","date_gmt":"2025-02-18T18:47:48","guid":{"rendered":"https:\/\/www.globalafricasciences.org\/actualites\/conference-internationale-multidisciplinaire-en-lhonneur-de-tiken-jah-fakoly\/"},"modified":"2025-05-30T13:03:02","modified_gmt":"2025-05-30T13:03:02","slug":"conference-internationale-multidisciplinaire-en-lhonneur-de-tiken-jah-fakoly","status":"publish","type":"post","link":"https:\/\/www.globalafricasciences.org\/fr\/conference-internationale-multidisciplinaire-en-lhonneur-de-tiken-jah-fakoly\/","title":{"rendered":"Conf\u00e9rence internationale multidisciplinaire en l&rsquo;honneur de Tiken Jah Fakoly"},"content":{"rendered":"\n<figure class=\"wp-block-image size-large\"><img decoding=\"async\" src=\"https:\/\/www.globalafricasciences.org\/wp-content\/uploads\/2025\/02\/41715f_320a7a02fa0046a4bc7a6f2c8ac596c4mv2-1024x1024.jpg\" alt=\"\" class=\"wp-image-8215\"\/><\/figure>\n\n<p><\/p>\n\n<p id=\"viewer-njx79562\">Dans le cadre du <strong>Festival Universitaire des Arts et Cultures d&rsquo;Afrique et d&rsquo;ailleurs (FUACAA 2025<\/strong>), l&rsquo;Universit\u00e9 F\u00e9lix Houphou\u00ebt-Boigny d&rsquo;Abidjan, en partenariat avec le <strong>Laboratoire des Sciences de la Communication, des Arts et de la Culture (LSCAC)<\/strong> et le Centre <strong>de Recherche sur les<\/strong> <strong>Arts et Cultures d&rsquo;Afrique (CRAC), a organis\u00e9 une conf\u00e9rence sur le th\u00e8me \u00ab\u00a0Les Arts et Cultures d&rsquo;Afrique et d&rsquo;ailleurs\u00a0\u00bb<\/strong>.<\/p>\n\n<p id=\"viewer-hw23s382\"><strong>et le Groupe d&rsquo;action sur la culture, l&rsquo;\u00e9ducation, la sant\u00e9 et la soci\u00e9t\u00e9 en Afrique (GRACES)<\/strong>, organise une conf\u00e9rence unique sur le th\u00e8me de la <strong>culture, de l&rsquo;\u00e9ducation, de la sant\u00e9 et de la soci\u00e9t\u00e9 en Afrique<\/strong>:<\/p>\n\n<p id=\"viewer-1uw10399\">\ud83c\udfb6 <strong>\u00ab\u00a0Tiken Jah Fakoly, une voix du reggae pour le d\u00e9veloppement durable en Afrique<\/strong><\/p>\n\n<p id=\"viewer-bmzd8403\">\ud83d\udcc5 <strong>Dates :<\/strong> 10, 11 et 12 avril 2025<\/p>\n\n<p id=\"viewer-30p4o407\">\ud83d\udccd <strong>Lieu :<\/strong> Universit\u00e9 F\u00e9lix Houphou\u00ebt-Boigny d&rsquo;Abidjan (C\u00f4te d&rsquo;Ivoire)<\/p>\n\n<p id=\"viewer-lu36d412\">Cette conf\u00e9rence pluridisciplinaire explorera les contributions artistiques et militantes de Tiken Jah Fakoly \u00e0 la promotion du d\u00e9veloppement durable en Afrique.<\/p>\n\n<p id=\"viewer-9iak1415\">\ud83d\udc49 <strong>Apprenez-en<\/strong><a target=\"_blank\" href=\"https:\/\/41715f55-d376-43f8-8067-88c7342b1cbd.usrfiles.com\/ugd\/41715f_24accdafcc664c94880f3b1f0831d162.pdf\" rel=\"noreferrer noopener\"><strong><u> En savoir plus et s&rsquo;impliquer<\/u><\/strong><\/a><\/p>\n\n<p><\/p>\n","protected":false},"excerpt":{"rendered":"<p>Dans le cadre du Festival Universitaire des Arts et Cultures d&rsquo;Afrique et d&rsquo;ailleurs (FUACAA 2025), l&rsquo;Universit\u00e9 F\u00e9lix Houphou\u00ebt-Boigny d&rsquo;Abidjan, en partenariat avec le Laboratoire des Sciences de la Communication, des Arts et de la Culture (LSCAC) et le Centre de Recherche sur les Arts et Cultures d&rsquo;Afrique (CRAC), a organis\u00e9 une conf\u00e9rence sur le th\u00e8me \u00ab\u00a0Les Arts et Cultures d&rsquo;Afrique et d&rsquo;ailleurs\u00a0\u00bb. et le Groupe d&rsquo;action sur la culture, l&rsquo;\u00e9ducation, la sant\u00e9 et la soci\u00e9t\u00e9 en Afrique (GRACES), organise une conf\u00e9rence unique sur le th\u00e8me de la culture, de l&rsquo;\u00e9ducation, de la sant\u00e9 et de la soci\u00e9t\u00e9 en Afrique: \ud83c\udfb6 \u00ab\u00a0Tiken Jah Fakoly, une voix du reggae pour le d\u00e9veloppement durable en Afrique \ud83d\udcc5 Dates : 10, 11 et 12 avril 2025 \ud83d\udccd Lieu : Universit\u00e9 F\u00e9lix Houphou\u00ebt-Boigny d&rsquo;Abidjan (C\u00f4te d&rsquo;Ivoire) Cette conf\u00e9rence pluridisciplinaire explorera les contributions artistiques et militantes de Tiken Jah Fakoly \u00e0 la promotion du d\u00e9veloppement durable en Afrique. \ud83d\udc49 Apprenez-en En savoir plus et s&rsquo;impliquer<\/p>\n","protected":false},"author":50,"featured_media":8216,"comment_status":"open","ping_status":"open","sticky":false,"template":"","format":"standard","meta":{"footnotes":""},"categories":[178],"tags":[],"issues3":[],"post_folder":[],"ppma_author":[265],"class_list":["post-9259","post","type-post","status-publish","format-standard","has-post-thumbnail","hentry","category-appels-fr","author-global-africa"],"yoast_head":"<!-- This site is optimized with the Yoast SEO plugin v27.5 - https:\/\/yoast.com\/product\/yoast-seo-wordpress\/ -->\n<title>Conf\u00e9rence internationale multidisciplinaire en l&#039;honneur de Tiken Jah Fakoly | Global Africa<\/title>\n<meta name=\"description\" content=\"Tiken Jah Fakoly au c\u0153ur d\u2019un colloque sur l\u2019art, l\u2019engagement et le d\u00e9veloppement durable \u00e0 Abidjan en avril 2025.\" \/>\n<meta name=\"robots\" content=\"index, follow, max-snippet:-1, max-image-preview:large, max-video-preview:-1\" \/>\n<link rel=\"canonical\" href=\"https:\/\/www.globalafricasciences.org\/fr\/conference-internationale-multidisciplinaire-en-lhonneur-de-tiken-jah-fakoly\/\" \/>\n<meta property=\"og:locale\" content=\"fr_FR\" \/>\n<meta property=\"og:type\" content=\"article\" \/>\n<meta property=\"og:title\" content=\"Conf\u00e9rence internationale multidisciplinaire en l&#039;honneur de Tiken Jah Fakoly | Global Africa\" \/>\n<meta property=\"og:description\" content=\"Tiken Jah Fakoly au c\u0153ur d\u2019un colloque sur l\u2019art, l\u2019engagement et le d\u00e9veloppement durable \u00e0 Abidjan en avril 2025.\" \/>\n<meta property=\"og:url\" content=\"https:\/\/www.globalafricasciences.org\/fr\/conference-internationale-multidisciplinaire-en-lhonneur-de-tiken-jah-fakoly\/\" \/>\n<meta property=\"og:site_name\" content=\"Global Africa\" \/>\n<meta property=\"article:publisher\" content=\"https:\/\/www.facebook.com\/globalafricasciences\" \/>\n<meta property=\"article:published_time\" content=\"2025-02-18T18:47:48+00:00\" \/>\n<meta property=\"article:modified_time\" content=\"2025-05-30T13:03:02+00:00\" \/>\n<meta property=\"og:image\" content=\"https:\/\/www.globalafricasciences.org\/wp-content\/uploads\/2025\/02\/41715f_320a7a02fa0046a4bc7a6f2c8ac596c4mv2.webp\" \/>\n\t<meta property=\"og:image:width\" content=\"1080\" \/>\n\t<meta property=\"og:image:height\" content=\"1080\" \/>\n\t<meta property=\"og:image:type\" content=\"image\/jpeg\" \/>\n<meta name=\"author\" content=\"Global Africa\" \/>\n<meta name=\"twitter:card\" content=\"summary_large_image\" \/>\n<meta name=\"twitter:label1\" content=\"\u00c9crit par\" \/>\n\t<meta name=\"twitter:data1\" content=\"Global Africa\" \/>\n\t<meta name=\"twitter:label2\" content=\"Dur\u00e9e de lecture estim\u00e9e\" \/>\n\t<meta name=\"twitter:data2\" content=\"1 minute\" \/>\n<script type=\"application\/ld+json\" class=\"yoast-schema-graph\">{\"@context\":\"https:\\\/\\\/schema.org\",\"@graph\":[{\"@type\":\"Article\",\"@id\":\"https:\\\/\\\/www.globalafricasciences.org\\\/fr\\\/conference-internationale-multidisciplinaire-en-lhonneur-de-tiken-jah-fakoly\\\/#article\",\"isPartOf\":{\"@id\":\"https:\\\/\\\/www.globalafricasciences.org\\\/fr\\\/conference-internationale-multidisciplinaire-en-lhonneur-de-tiken-jah-fakoly\\\/\"},\"author\":{\"name\":\"Global Africa\",\"@id\":\"https:\\\/\\\/www.globalafricasciences.org\\\/fr\\\/#\\\/schema\\\/person\\\/8c11b55a8c7d287934a558c0e354b773\"},\"headline\":\"Conf\u00e9rence internationale multidisciplinaire en l&rsquo;honneur de Tiken Jah Fakoly\",\"datePublished\":\"2025-02-18T18:47:48+00:00\",\"dateModified\":\"2025-05-30T13:03:02+00:00\",\"mainEntityOfPage\":{\"@id\":\"https:\\\/\\\/www.globalafricasciences.org\\\/fr\\\/conference-internationale-multidisciplinaire-en-lhonneur-de-tiken-jah-fakoly\\\/\"},\"wordCount\":185,\"commentCount\":0,\"publisher\":{\"@id\":\"https:\\\/\\\/www.globalafricasciences.org\\\/fr\\\/#organization\"},\"image\":{\"@id\":\"https:\\\/\\\/www.globalafricasciences.org\\\/fr\\\/conference-internationale-multidisciplinaire-en-lhonneur-de-tiken-jah-fakoly\\\/#primaryimage\"},\"thumbnailUrl\":\"https:\\\/\\\/www.globalafricasciences.org\\\/wp-content\\\/uploads\\\/2025\\\/02\\\/41715f_320a7a02fa0046a4bc7a6f2c8ac596c4mv2.webp\",\"articleSection\":[\"Appels\"],\"inLanguage\":\"fr-FR\",\"potentialAction\":[{\"@type\":\"CommentAction\",\"name\":\"Comment\",\"target\":[\"https:\\\/\\\/www.globalafricasciences.org\\\/fr\\\/conference-internationale-multidisciplinaire-en-lhonneur-de-tiken-jah-fakoly\\\/#respond\"]}]},{\"@type\":\"WebPage\",\"@id\":\"https:\\\/\\\/www.globalafricasciences.org\\\/fr\\\/conference-internationale-multidisciplinaire-en-lhonneur-de-tiken-jah-fakoly\\\/\",\"url\":\"https:\\\/\\\/www.globalafricasciences.org\\\/fr\\\/conference-internationale-multidisciplinaire-en-lhonneur-de-tiken-jah-fakoly\\\/\",\"name\":\"Conf\u00e9rence internationale multidisciplinaire en l'honneur de Tiken Jah Fakoly | Global Africa\",\"isPartOf\":{\"@id\":\"https:\\\/\\\/www.globalafricasciences.org\\\/fr\\\/#website\"},\"primaryImageOfPage\":{\"@id\":\"https:\\\/\\\/www.globalafricasciences.org\\\/fr\\\/conference-internationale-multidisciplinaire-en-lhonneur-de-tiken-jah-fakoly\\\/#primaryimage\"},\"image\":{\"@id\":\"https:\\\/\\\/www.globalafricasciences.org\\\/fr\\\/conference-internationale-multidisciplinaire-en-lhonneur-de-tiken-jah-fakoly\\\/#primaryimage\"},\"thumbnailUrl\":\"https:\\\/\\\/www.globalafricasciences.org\\\/wp-content\\\/uploads\\\/2025\\\/02\\\/41715f_320a7a02fa0046a4bc7a6f2c8ac596c4mv2.webp\",\"datePublished\":\"2025-02-18T18:47:48+00:00\",\"dateModified\":\"2025-05-30T13:03:02+00:00\",\"description\":\"Tiken Jah Fakoly au c\u0153ur d\u2019un colloque sur l\u2019art, l\u2019engagement et le d\u00e9veloppement durable \u00e0 Abidjan en avril 2025.\",\"breadcrumb\":{\"@id\":\"https:\\\/\\\/www.globalafricasciences.org\\\/fr\\\/conference-internationale-multidisciplinaire-en-lhonneur-de-tiken-jah-fakoly\\\/#breadcrumb\"},\"inLanguage\":\"fr-FR\",\"potentialAction\":[{\"@type\":\"ReadAction\",\"target\":[\"https:\\\/\\\/www.globalafricasciences.org\\\/fr\\\/conference-internationale-multidisciplinaire-en-lhonneur-de-tiken-jah-fakoly\\\/\"]}]},{\"@type\":\"ImageObject\",\"inLanguage\":\"fr-FR\",\"@id\":\"https:\\\/\\\/www.globalafricasciences.org\\\/fr\\\/conference-internationale-multidisciplinaire-en-lhonneur-de-tiken-jah-fakoly\\\/#primaryimage\",\"url\":\"https:\\\/\\\/www.globalafricasciences.org\\\/wp-content\\\/uploads\\\/2025\\\/02\\\/41715f_320a7a02fa0046a4bc7a6f2c8ac596c4mv2.webp\",\"contentUrl\":\"https:\\\/\\\/www.globalafricasciences.org\\\/wp-content\\\/uploads\\\/2025\\\/02\\\/41715f_320a7a02fa0046a4bc7a6f2c8ac596c4mv2.webp\",\"width\":1080,\"height\":1080},{\"@type\":\"BreadcrumbList\",\"@id\":\"https:\\\/\\\/www.globalafricasciences.org\\\/fr\\\/conference-internationale-multidisciplinaire-en-lhonneur-de-tiken-jah-fakoly\\\/#breadcrumb\",\"itemListElement\":[{\"@type\":\"ListItem\",\"position\":1,\"name\":\"Home\",\"item\":\"https:\\\/\\\/www.globalafricasciences.org\\\/fr\\\/accueil\\\/\"},{\"@type\":\"ListItem\",\"position\":2,\"name\":\"Conf\u00e9rence internationale multidisciplinaire en l&#8217;honneur de Tiken Jah Fakoly\"}]},{\"@type\":\"WebSite\",\"@id\":\"https:\\\/\\\/www.globalafricasciences.org\\\/fr\\\/#website\",\"url\":\"https:\\\/\\\/www.globalafricasciences.org\\\/fr\\\/\",\"name\":\"Global Africa\",\"description\":\"Pan-African Scientific Journal\",\"publisher\":{\"@id\":\"https:\\\/\\\/www.globalafricasciences.org\\\/fr\\\/#organization\"},\"potentialAction\":[{\"@type\":\"SearchAction\",\"target\":{\"@type\":\"EntryPoint\",\"urlTemplate\":\"https:\\\/\\\/www.globalafricasciences.org\\\/fr\\\/?s={search_term_string}\"},\"query-input\":{\"@type\":\"PropertyValueSpecification\",\"valueRequired\":true,\"valueName\":\"search_term_string\"}}],\"inLanguage\":\"fr-FR\"},{\"@type\":\"Organization\",\"@id\":\"https:\\\/\\\/www.globalafricasciences.org\\\/fr\\\/#organization\",\"name\":\"Global Africa\",\"url\":\"https:\\\/\\\/www.globalafricasciences.org\\\/fr\\\/\",\"logo\":{\"@type\":\"ImageObject\",\"inLanguage\":\"fr-FR\",\"@id\":\"https:\\\/\\\/www.globalafricasciences.org\\\/fr\\\/#\\\/schema\\\/logo\\\/image\\\/\",\"url\":\"https:\\\/\\\/www.globalafricasciences.org\\\/wp-content\\\/uploads\\\/2024\\\/12\\\/Globalafrica.png\",\"contentUrl\":\"https:\\\/\\\/www.globalafricasciences.org\\\/wp-content\\\/uploads\\\/2024\\\/12\\\/Globalafrica.png\",\"width\":1680,\"height\":750,\"caption\":\"Global Africa\"},\"image\":{\"@id\":\"https:\\\/\\\/www.globalafricasciences.org\\\/fr\\\/#\\\/schema\\\/logo\\\/image\\\/\"},\"sameAs\":[\"https:\\\/\\\/www.facebook.com\\\/globalafricasciences\"]},{\"@type\":\"Person\",\"@id\":\"https:\\\/\\\/www.globalafricasciences.org\\\/fr\\\/#\\\/schema\\\/person\\\/8c11b55a8c7d287934a558c0e354b773\",\"name\":\"Global Africa\",\"image\":{\"@type\":\"ImageObject\",\"inLanguage\":\"fr-FR\",\"@id\":\"https:\\\/\\\/www.globalafricasciences.org\\\/wp-content\\\/uploads\\\/2024\\\/11\\\/Global-Africa.jpgd44bc09810f00cf464135b8441da2384\",\"url\":\"https:\\\/\\\/www.globalafricasciences.org\\\/wp-content\\\/uploads\\\/2024\\\/11\\\/Global-Africa.jpg\",\"contentUrl\":\"https:\\\/\\\/www.globalafricasciences.org\\\/wp-content\\\/uploads\\\/2024\\\/11\\\/Global-Africa.jpg\",\"caption\":\"Global Africa\"},\"description\":\"The editorial board of the journal is led by Mame-Penda Ba, a professor of political science at Gaston Berger University and the director of LASPAD(Laboratory of Social, Political, and Administrative Studies), Senegal.\",\"url\":\"https:\\\/\\\/www.globalafricasciences.org\\\/author\\\/globalafrica\\\/\"}]}<\/script>\n<!-- \/ Yoast SEO plugin. -->","yoast_head_json":{"title":"Conf\u00e9rence internationale multidisciplinaire en l'honneur de Tiken Jah Fakoly | Global Africa","description":"Tiken Jah Fakoly au c\u0153ur d\u2019un colloque sur l\u2019art, l\u2019engagement et le d\u00e9veloppement durable \u00e0 Abidjan en avril 2025.","robots":{"index":"index","follow":"follow","max-snippet":"max-snippet:-1","max-image-preview":"max-image-preview:large","max-video-preview":"max-video-preview:-1"},"canonical":"https:\/\/www.globalafricasciences.org\/fr\/conference-internationale-multidisciplinaire-en-lhonneur-de-tiken-jah-fakoly\/","og_locale":"fr_FR","og_type":"article","og_title":"Conf\u00e9rence internationale multidisciplinaire en l'honneur de Tiken Jah Fakoly | Global Africa","og_description":"Tiken Jah Fakoly au c\u0153ur d\u2019un colloque sur l\u2019art, l\u2019engagement et le d\u00e9veloppement durable \u00e0 Abidjan en avril 2025.","og_url":"https:\/\/www.globalafricasciences.org\/fr\/conference-internationale-multidisciplinaire-en-lhonneur-de-tiken-jah-fakoly\/","og_site_name":"Global Africa","article_publisher":"https:\/\/www.facebook.com\/globalafricasciences","article_published_time":"2025-02-18T18:47:48+00:00","article_modified_time":"2025-05-30T13:03:02+00:00","og_image":[{"width":1080,"height":1080,"url":"https:\/\/www.globalafricasciences.org\/wp-content\/uploads\/2025\/02\/41715f_320a7a02fa0046a4bc7a6f2c8ac596c4mv2.webp","type":"image\/jpeg"}],"author":"Global Africa","twitter_card":"summary_large_image","twitter_misc":{"\u00c9crit par":"Global Africa","Dur\u00e9e de lecture estim\u00e9e":"1 minute"},"schema":{"@context":"https:\/\/schema.org","@graph":[{"@type":"Article","@id":"https:\/\/www.globalafricasciences.org\/fr\/conference-internationale-multidisciplinaire-en-lhonneur-de-tiken-jah-fakoly\/#article","isPartOf":{"@id":"https:\/\/www.globalafricasciences.org\/fr\/conference-internationale-multidisciplinaire-en-lhonneur-de-tiken-jah-fakoly\/"},"author":{"name":"Global Africa","@id":"https:\/\/www.globalafricasciences.org\/fr\/#\/schema\/person\/8c11b55a8c7d287934a558c0e354b773"},"headline":"Conf\u00e9rence internationale multidisciplinaire en l&rsquo;honneur de Tiken Jah Fakoly","datePublished":"2025-02-18T18:47:48+00:00","dateModified":"2025-05-30T13:03:02+00:00","mainEntityOfPage":{"@id":"https:\/\/www.globalafricasciences.org\/fr\/conference-internationale-multidisciplinaire-en-lhonneur-de-tiken-jah-fakoly\/"},"wordCount":185,"commentCount":0,"publisher":{"@id":"https:\/\/www.globalafricasciences.org\/fr\/#organization"},"image":{"@id":"https:\/\/www.globalafricasciences.org\/fr\/conference-internationale-multidisciplinaire-en-lhonneur-de-tiken-jah-fakoly\/#primaryimage"},"thumbnailUrl":"https:\/\/www.globalafricasciences.org\/wp-content\/uploads\/2025\/02\/41715f_320a7a02fa0046a4bc7a6f2c8ac596c4mv2.webp","articleSection":["Appels"],"inLanguage":"fr-FR","potentialAction":[{"@type":"CommentAction","name":"Comment","target":["https:\/\/www.globalafricasciences.org\/fr\/conference-internationale-multidisciplinaire-en-lhonneur-de-tiken-jah-fakoly\/#respond"]}]},{"@type":"WebPage","@id":"https:\/\/www.globalafricasciences.org\/fr\/conference-internationale-multidisciplinaire-en-lhonneur-de-tiken-jah-fakoly\/","url":"https:\/\/www.globalafricasciences.org\/fr\/conference-internationale-multidisciplinaire-en-lhonneur-de-tiken-jah-fakoly\/","name":"Conf\u00e9rence internationale multidisciplinaire en l'honneur de Tiken Jah Fakoly | Global Africa","isPartOf":{"@id":"https:\/\/www.globalafricasciences.org\/fr\/#website"},"primaryImageOfPage":{"@id":"https:\/\/www.globalafricasciences.org\/fr\/conference-internationale-multidisciplinaire-en-lhonneur-de-tiken-jah-fakoly\/#primaryimage"},"image":{"@id":"https:\/\/www.globalafricasciences.org\/fr\/conference-internationale-multidisciplinaire-en-lhonneur-de-tiken-jah-fakoly\/#primaryimage"},"thumbnailUrl":"https:\/\/www.globalafricasciences.org\/wp-content\/uploads\/2025\/02\/41715f_320a7a02fa0046a4bc7a6f2c8ac596c4mv2.webp","datePublished":"2025-02-18T18:47:48+00:00","dateModified":"2025-05-30T13:03:02+00:00","description":"Tiken Jah Fakoly au c\u0153ur d\u2019un colloque sur l\u2019art, l\u2019engagement et le d\u00e9veloppement durable \u00e0 Abidjan en avril 2025.","breadcrumb":{"@id":"https:\/\/www.globalafricasciences.org\/fr\/conference-internationale-multidisciplinaire-en-lhonneur-de-tiken-jah-fakoly\/#breadcrumb"},"inLanguage":"fr-FR","potentialAction":[{"@type":"ReadAction","target":["https:\/\/www.globalafricasciences.org\/fr\/conference-internationale-multidisciplinaire-en-lhonneur-de-tiken-jah-fakoly\/"]}]},{"@type":"ImageObject","inLanguage":"fr-FR","@id":"https:\/\/www.globalafricasciences.org\/fr\/conference-internationale-multidisciplinaire-en-lhonneur-de-tiken-jah-fakoly\/#primaryimage","url":"https:\/\/www.globalafricasciences.org\/wp-content\/uploads\/2025\/02\/41715f_320a7a02fa0046a4bc7a6f2c8ac596c4mv2.webp","contentUrl":"https:\/\/www.globalafricasciences.org\/wp-content\/uploads\/2025\/02\/41715f_320a7a02fa0046a4bc7a6f2c8ac596c4mv2.webp","width":1080,"height":1080},{"@type":"BreadcrumbList","@id":"https:\/\/www.globalafricasciences.org\/fr\/conference-internationale-multidisciplinaire-en-lhonneur-de-tiken-jah-fakoly\/#breadcrumb","itemListElement":[{"@type":"ListItem","position":1,"name":"Home","item":"https:\/\/www.globalafricasciences.org\/fr\/accueil\/"},{"@type":"ListItem","position":2,"name":"Conf\u00e9rence internationale multidisciplinaire en l&#8217;honneur de Tiken Jah Fakoly"}]},{"@type":"WebSite","@id":"https:\/\/www.globalafricasciences.org\/fr\/#website","url":"https:\/\/www.globalafricasciences.org\/fr\/","name":"Global Africa","description":"Pan-African Scientific Journal","publisher":{"@id":"https:\/\/www.globalafricasciences.org\/fr\/#organization"},"potentialAction":[{"@type":"SearchAction","target":{"@type":"EntryPoint","urlTemplate":"https:\/\/www.globalafricasciences.org\/fr\/?s={search_term_string}"},"query-input":{"@type":"PropertyValueSpecification","valueRequired":true,"valueName":"search_term_string"}}],"inLanguage":"fr-FR"},{"@type":"Organization","@id":"https:\/\/www.globalafricasciences.org\/fr\/#organization","name":"Global Africa","url":"https:\/\/www.globalafricasciences.org\/fr\/","logo":{"@type":"ImageObject","inLanguage":"fr-FR","@id":"https:\/\/www.globalafricasciences.org\/fr\/#\/schema\/logo\/image\/","url":"https:\/\/www.globalafricasciences.org\/wp-content\/uploads\/2024\/12\/Globalafrica.png","contentUrl":"https:\/\/www.globalafricasciences.org\/wp-content\/uploads\/2024\/12\/Globalafrica.png","width":1680,"height":750,"caption":"Global Africa"},"image":{"@id":"https:\/\/www.globalafricasciences.org\/fr\/#\/schema\/logo\/image\/"},"sameAs":["https:\/\/www.facebook.com\/globalafricasciences"]},{"@type":"Person","@id":"https:\/\/www.globalafricasciences.org\/fr\/#\/schema\/person\/8c11b55a8c7d287934a558c0e354b773","name":"Global Africa","image":{"@type":"ImageObject","inLanguage":"fr-FR","@id":"https:\/\/www.globalafricasciences.org\/wp-content\/uploads\/2024\/11\/Global-Africa.jpgd44bc09810f00cf464135b8441da2384","url":"https:\/\/www.globalafricasciences.org\/wp-content\/uploads\/2024\/11\/Global-Africa.jpg","contentUrl":"https:\/\/www.globalafricasciences.org\/wp-content\/uploads\/2024\/11\/Global-Africa.jpg","caption":"Global Africa"},"description":"The editorial board of the journal is led by Mame-Penda Ba, a professor of political science at Gaston Berger University and the director of LASPAD(Laboratory of Social, Political, and Administrative Studies), Senegal.","url":"https:\/\/www.globalafricasciences.org\/author\/globalafrica\/"}]}},"acf":[],"authors":[{"term_id":265,"user_id":0,"is_guest":1,"slug":"global-africa","display_name":"Global Africa","avatar_url":{"url":"https:\/\/www.globalafricasciences.org\/wp-content\/uploads\/2024\/11\/Global-Africa.jpg","url2x":"https:\/\/www.globalafricasciences.org\/wp-content\/uploads\/2024\/11\/Global-Africa.jpg"},"author_category":"1","exclude_author":"","main-organisation":"Universit\u00e9 Gaston Berger","country_of_org":"S\u00e9n\u00e9gal","field_of_work":"Sciences sociales","first_name":"","last_name":"","user_url":"","job_title":"","description":"<div id=\"comp-lmq9yt56\" class=\"HcOXKn c9GqVL QxJLC3 lq2cno YQcXTT comp-lmq9yt56 wixui-rich-text\" data-testid=\"richTextElement\">\r\n<p class=\"font_8 wixui-rich-text__text\">La r\u00e9daction de la revue est dirig\u00e9e par Mame-Penda Ba, professeure de sciences politiques \u00e0 l'Universit\u00e9 Gaston Berger et directrice du LASPAD, S\u00e9n\u00e9gal<\/p>\r\n\r\n<\/div>"}],"_links":{"self":[{"href":"https:\/\/www.globalafricasciences.org\/fr\/wp-json\/wp\/v2\/posts\/9259","targetHints":{"allow":["GET"]}}],"collection":[{"href":"https:\/\/www.globalafricasciences.org\/fr\/wp-json\/wp\/v2\/posts"}],"about":[{"href":"https:\/\/www.globalafricasciences.org\/fr\/wp-json\/wp\/v2\/types\/post"}],"author":[{"embeddable":true,"href":"https:\/\/www.globalafricasciences.org\/fr\/wp-json\/wp\/v2\/users\/50"}],"replies":[{"embeddable":true,"href":"https:\/\/www.globalafricasciences.org\/fr\/wp-json\/wp\/v2\/comments?post=9259"}],"version-history":[{"count":0,"href":"https:\/\/www.globalafricasciences.org\/fr\/wp-json\/wp\/v2\/posts\/9259\/revisions"}],"wp:featuredmedia":[{"embeddable":true,"href":"https:\/\/www.globalafricasciences.org\/fr\/wp-json\/wp\/v2\/media\/8216"}],"wp:attachment":[{"href":"https:\/\/www.globalafricasciences.org\/fr\/wp-json\/wp\/v2\/media?parent=9259"}],"wp:term":[{"taxonomy":"category","embeddable":true,"href":"https:\/\/www.globalafricasciences.org\/fr\/wp-json\/wp\/v2\/categories?post=9259"},{"taxonomy":"post_tag","embeddable":true,"href":"https:\/\/www.globalafricasciences.org\/fr\/wp-json\/wp\/v2\/tags?post=9259"},{"taxonomy":"issues3","embeddable":true,"href":"https:\/\/www.globalafricasciences.org\/fr\/wp-json\/wp\/v2\/issues3?post=9259"},{"taxonomy":"post_folder","embeddable":true,"href":"https:\/\/www.globalafricasciences.org\/fr\/wp-json\/wp\/v2\/post_folder?post=9259"},{"taxonomy":"author","embeddable":true,"href":"https:\/\/www.globalafricasciences.org\/fr\/wp-json\/wp\/v2\/ppma_author?post=9259"}],"curies":[{"name":"wp","href":"https:\/\/api.w.org\/{rel}","templated":true}]}}