{"id":9257,"date":"2025-02-18T18:55:05","date_gmt":"2025-02-18T18:55:05","guid":{"rendered":"https:\/\/www.globalafricasciences.org\/actualites\/invitation-a-la-journee-detude-sur-sembene-ousmane-a-lugb\/"},"modified":"2025-05-30T13:06:12","modified_gmt":"2025-05-30T13:06:12","slug":"invitation-a-la-journee-detude-sur-sembene-ousmane-a-lugb","status":"publish","type":"post","link":"https:\/\/www.globalafricasciences.org\/fr\/invitation-a-la-journee-detude-sur-sembene-ousmane-a-lugb\/","title":{"rendered":"Invitation \u00e0 la journ\u00e9e d&rsquo;\u00e9tude sur Semb\u00e8ne Ousmane \u00e0 l&rsquo;UGB"},"content":{"rendered":"\n<figure class=\"wp-block-image size-large\"><img decoding=\"async\" src=\"https:\/\/www.globalafricasciences.org\/wp-content\/uploads\/2025\/02\/41715f_aa08eeaa4c6247d7a9bd0f7c6d03894fmv2-724x1024.jpg\" alt=\"\" class=\"wp-image-8221\"\/><\/figure>\n\n<p><\/p>\n\n<p id=\"viewer-r42my1817\">Le Grecirea vous invite \u00e0 une journ\u00e9e d&rsquo;\u00e9tude sp\u00e9ciale \u00e0 l&rsquo;Universit\u00e9 Gaston Berger de Saint-Louis pour d\u00e9couvrir sa troisi\u00e8me publication collective : Semb\u00e8ne Ousmane. H\u00e9t\u00e9rotopie des possibles. <\/p>\n\n<p id=\"viewer-dovm61472\">\ud83d\udc49 Date et lieu : Vous trouverez tous les d\u00e9tails dans <a target=\"_blank\" href=\"https:\/\/41715f55-d376-43f8-8067-88c7342b1cbd.usrfiles.com\/ugd\/41715f_04f40ed13de04f908d2e3123d568354f.pdf\" rel=\"noreferrer noopener\"><u>le programme ci-joint<\/u><\/a><\/p>\n\n<p id=\"viewer-olcyh1475\">\ud83d\udce6 Bon \u00e0 savoir : Pour les personnes r\u00e9sidant \u00e0 Dakar qui ont pass\u00e9 commande ou qui souhaitent acheter le livre, vous pouvez nous contacter directement. Prix du livre : 19 000 CFA. <\/p>\n\n<p id=\"viewer-nwjjd1478\">\ud83c\udf93 Ne manquez pas cet \u00e9v\u00e9nement qui rend hommage \u00e0 une figure majeure de la culture et de la litt\u00e9rature africaines.<\/p>\n","protected":false},"excerpt":{"rendered":"<p>Le Grecirea vous invite \u00e0 une journ\u00e9e d&rsquo;\u00e9tude sp\u00e9ciale \u00e0 l&rsquo;Universit\u00e9 Gaston Berger de Saint-Louis pour d\u00e9couvrir sa troisi\u00e8me publication collective : Semb\u00e8ne Ousmane. H\u00e9t\u00e9rotopie des possibles. \ud83d\udc49 Date et lieu : Vous trouverez tous les d\u00e9tails dans le programme ci-joint \ud83d\udce6 Bon \u00e0 savoir : Pour les personnes r\u00e9sidant \u00e0 Dakar qui ont pass\u00e9 commande ou qui souhaitent acheter le livre, vous pouvez nous contacter directement. Prix du livre : 19 000 CFA. \ud83c\udf93 Ne manquez pas cet \u00e9v\u00e9nement qui rend hommage \u00e0 une figure majeure de la culture et de la litt\u00e9rature africaines.<\/p>\n","protected":false},"author":50,"featured_media":8222,"comment_status":"open","ping_status":"open","sticky":false,"template":"","format":"standard","meta":{"footnotes":""},"categories":[179,229],"tags":[],"issues3":[],"post_folder":[],"ppma_author":[265],"class_list":["post-9257","post","type-post","status-publish","format-standard","has-post-thumbnail","hentry","category-conferences-fr","category-evenements","author-global-africa"],"yoast_head":"<!-- This site is optimized with the Yoast SEO plugin v27.5 - https:\/\/yoast.com\/product\/yoast-seo-wordpress\/ -->\n<title>Invitation \u00e0 la journ\u00e9e d&#039;\u00e9tude sur Semb\u00e8ne Ousmane \u00e0 l&#039;UGB | Global Africa<\/title>\n<meta name=\"description\" content=\"Le Grecirea vous invite \u00e0 une journ\u00e9e d&#039;\u00e9tude sp\u00e9ciale \u00e0 l&#039;Universit\u00e9 Gaston Berger de Saint-Louis pour d\u00e9couvrir sa troisi\u00e8me publication collective : Semb\u00e8ne Ousmane.\" \/>\n<meta name=\"robots\" content=\"index, follow, max-snippet:-1, max-image-preview:large, max-video-preview:-1\" \/>\n<link rel=\"canonical\" href=\"https:\/\/www.globalafricasciences.org\/fr\/invitation-a-la-journee-detude-sur-sembene-ousmane-a-lugb\/\" \/>\n<meta property=\"og:locale\" content=\"fr_FR\" \/>\n<meta property=\"og:type\" content=\"article\" \/>\n<meta property=\"og:title\" content=\"Invitation \u00e0 la journ\u00e9e d&#039;\u00e9tude sur Semb\u00e8ne Ousmane \u00e0 l&#039;UGB | Global Africa\" \/>\n<meta property=\"og:description\" content=\"Le Grecirea vous invite \u00e0 une journ\u00e9e d&#039;\u00e9tude sp\u00e9ciale \u00e0 l&#039;Universit\u00e9 Gaston Berger de Saint-Louis pour d\u00e9couvrir sa troisi\u00e8me publication collective : Semb\u00e8ne Ousmane.\" \/>\n<meta property=\"og:url\" content=\"https:\/\/www.globalafricasciences.org\/fr\/invitation-a-la-journee-detude-sur-sembene-ousmane-a-lugb\/\" \/>\n<meta property=\"og:site_name\" content=\"Global Africa\" \/>\n<meta property=\"article:publisher\" content=\"https:\/\/www.facebook.com\/globalafricasciences\" \/>\n<meta property=\"article:published_time\" content=\"2025-02-18T18:55:05+00:00\" \/>\n<meta property=\"article:modified_time\" content=\"2025-05-30T13:06:12+00:00\" \/>\n<meta property=\"og:image\" content=\"https:\/\/www.globalafricasciences.org\/wp-content\/uploads\/2025\/02\/41715f_aa08eeaa4c6247d7a9bd0f7c6d03894fmv2.webp\" \/>\n\t<meta property=\"og:image:width\" content=\"1654\" \/>\n\t<meta property=\"og:image:height\" content=\"2339\" \/>\n\t<meta property=\"og:image:type\" content=\"image\/jpeg\" \/>\n<meta name=\"author\" content=\"Global Africa\" \/>\n<meta name=\"twitter:card\" content=\"summary_large_image\" \/>\n<meta name=\"twitter:label1\" content=\"\u00c9crit par\" \/>\n\t<meta name=\"twitter:data1\" content=\"Global Africa\" \/>\n<script type=\"application\/ld+json\" class=\"yoast-schema-graph\">{\"@context\":\"https:\\\/\\\/schema.org\",\"@graph\":[{\"@type\":\"Article\",\"@id\":\"https:\\\/\\\/www.globalafricasciences.org\\\/fr\\\/invitation-a-la-journee-detude-sur-sembene-ousmane-a-lugb\\\/#article\",\"isPartOf\":{\"@id\":\"https:\\\/\\\/www.globalafricasciences.org\\\/fr\\\/invitation-a-la-journee-detude-sur-sembene-ousmane-a-lugb\\\/\"},\"author\":{\"name\":\"Global Africa\",\"@id\":\"https:\\\/\\\/www.globalafricasciences.org\\\/fr\\\/#\\\/schema\\\/person\\\/8c11b55a8c7d287934a558c0e354b773\"},\"headline\":\"Invitation \u00e0 la journ\u00e9e d&rsquo;\u00e9tude sur Semb\u00e8ne Ousmane \u00e0 l&rsquo;UGB\",\"datePublished\":\"2025-02-18T18:55:05+00:00\",\"dateModified\":\"2025-05-30T13:06:12+00:00\",\"mainEntityOfPage\":{\"@id\":\"https:\\\/\\\/www.globalafricasciences.org\\\/fr\\\/invitation-a-la-journee-detude-sur-sembene-ousmane-a-lugb\\\/\"},\"wordCount\":106,\"commentCount\":0,\"publisher\":{\"@id\":\"https:\\\/\\\/www.globalafricasciences.org\\\/fr\\\/#organization\"},\"image\":{\"@id\":\"https:\\\/\\\/www.globalafricasciences.org\\\/fr\\\/invitation-a-la-journee-detude-sur-sembene-ousmane-a-lugb\\\/#primaryimage\"},\"thumbnailUrl\":\"https:\\\/\\\/www.globalafricasciences.org\\\/wp-content\\\/uploads\\\/2025\\\/02\\\/41715f_aa08eeaa4c6247d7a9bd0f7c6d03894fmv2.webp\",\"articleSection\":[\"Conf\u00e9rences\",\"Ev\u00e9nements\"],\"inLanguage\":\"fr-FR\",\"potentialAction\":[{\"@type\":\"CommentAction\",\"name\":\"Comment\",\"target\":[\"https:\\\/\\\/www.globalafricasciences.org\\\/fr\\\/invitation-a-la-journee-detude-sur-sembene-ousmane-a-lugb\\\/#respond\"]}]},{\"@type\":\"WebPage\",\"@id\":\"https:\\\/\\\/www.globalafricasciences.org\\\/fr\\\/invitation-a-la-journee-detude-sur-sembene-ousmane-a-lugb\\\/\",\"url\":\"https:\\\/\\\/www.globalafricasciences.org\\\/fr\\\/invitation-a-la-journee-detude-sur-sembene-ousmane-a-lugb\\\/\",\"name\":\"Invitation \u00e0 la journ\u00e9e d'\u00e9tude sur Semb\u00e8ne Ousmane \u00e0 l'UGB | Global Africa\",\"isPartOf\":{\"@id\":\"https:\\\/\\\/www.globalafricasciences.org\\\/fr\\\/#website\"},\"primaryImageOfPage\":{\"@id\":\"https:\\\/\\\/www.globalafricasciences.org\\\/fr\\\/invitation-a-la-journee-detude-sur-sembene-ousmane-a-lugb\\\/#primaryimage\"},\"image\":{\"@id\":\"https:\\\/\\\/www.globalafricasciences.org\\\/fr\\\/invitation-a-la-journee-detude-sur-sembene-ousmane-a-lugb\\\/#primaryimage\"},\"thumbnailUrl\":\"https:\\\/\\\/www.globalafricasciences.org\\\/wp-content\\\/uploads\\\/2025\\\/02\\\/41715f_aa08eeaa4c6247d7a9bd0f7c6d03894fmv2.webp\",\"datePublished\":\"2025-02-18T18:55:05+00:00\",\"dateModified\":\"2025-05-30T13:06:12+00:00\",\"description\":\"Le Grecirea vous invite \u00e0 une journ\u00e9e d'\u00e9tude sp\u00e9ciale \u00e0 l'Universit\u00e9 Gaston Berger de Saint-Louis pour d\u00e9couvrir sa troisi\u00e8me publication collective : Semb\u00e8ne Ousmane.\",\"breadcrumb\":{\"@id\":\"https:\\\/\\\/www.globalafricasciences.org\\\/fr\\\/invitation-a-la-journee-detude-sur-sembene-ousmane-a-lugb\\\/#breadcrumb\"},\"inLanguage\":\"fr-FR\",\"potentialAction\":[{\"@type\":\"ReadAction\",\"target\":[\"https:\\\/\\\/www.globalafricasciences.org\\\/fr\\\/invitation-a-la-journee-detude-sur-sembene-ousmane-a-lugb\\\/\"]}]},{\"@type\":\"ImageObject\",\"inLanguage\":\"fr-FR\",\"@id\":\"https:\\\/\\\/www.globalafricasciences.org\\\/fr\\\/invitation-a-la-journee-detude-sur-sembene-ousmane-a-lugb\\\/#primaryimage\",\"url\":\"https:\\\/\\\/www.globalafricasciences.org\\\/wp-content\\\/uploads\\\/2025\\\/02\\\/41715f_aa08eeaa4c6247d7a9bd0f7c6d03894fmv2.webp\",\"contentUrl\":\"https:\\\/\\\/www.globalafricasciences.org\\\/wp-content\\\/uploads\\\/2025\\\/02\\\/41715f_aa08eeaa4c6247d7a9bd0f7c6d03894fmv2.webp\",\"width\":1654,\"height\":2339},{\"@type\":\"BreadcrumbList\",\"@id\":\"https:\\\/\\\/www.globalafricasciences.org\\\/fr\\\/invitation-a-la-journee-detude-sur-sembene-ousmane-a-lugb\\\/#breadcrumb\",\"itemListElement\":[{\"@type\":\"ListItem\",\"position\":1,\"name\":\"Home\",\"item\":\"https:\\\/\\\/www.globalafricasciences.org\\\/fr\\\/accueil\\\/\"},{\"@type\":\"ListItem\",\"position\":2,\"name\":\"Invitation \u00e0 la journ\u00e9e d&#8217;\u00e9tude sur Semb\u00e8ne Ousmane \u00e0 l&#8217;UGB\"}]},{\"@type\":\"WebSite\",\"@id\":\"https:\\\/\\\/www.globalafricasciences.org\\\/fr\\\/#website\",\"url\":\"https:\\\/\\\/www.globalafricasciences.org\\\/fr\\\/\",\"name\":\"Global Africa\",\"description\":\"Pan-African Scientific Journal\",\"publisher\":{\"@id\":\"https:\\\/\\\/www.globalafricasciences.org\\\/fr\\\/#organization\"},\"potentialAction\":[{\"@type\":\"SearchAction\",\"target\":{\"@type\":\"EntryPoint\",\"urlTemplate\":\"https:\\\/\\\/www.globalafricasciences.org\\\/fr\\\/?s={search_term_string}\"},\"query-input\":{\"@type\":\"PropertyValueSpecification\",\"valueRequired\":true,\"valueName\":\"search_term_string\"}}],\"inLanguage\":\"fr-FR\"},{\"@type\":\"Organization\",\"@id\":\"https:\\\/\\\/www.globalafricasciences.org\\\/fr\\\/#organization\",\"name\":\"Global Africa\",\"url\":\"https:\\\/\\\/www.globalafricasciences.org\\\/fr\\\/\",\"logo\":{\"@type\":\"ImageObject\",\"inLanguage\":\"fr-FR\",\"@id\":\"https:\\\/\\\/www.globalafricasciences.org\\\/fr\\\/#\\\/schema\\\/logo\\\/image\\\/\",\"url\":\"https:\\\/\\\/www.globalafricasciences.org\\\/wp-content\\\/uploads\\\/2024\\\/12\\\/Globalafrica.png\",\"contentUrl\":\"https:\\\/\\\/www.globalafricasciences.org\\\/wp-content\\\/uploads\\\/2024\\\/12\\\/Globalafrica.png\",\"width\":1680,\"height\":750,\"caption\":\"Global Africa\"},\"image\":{\"@id\":\"https:\\\/\\\/www.globalafricasciences.org\\\/fr\\\/#\\\/schema\\\/logo\\\/image\\\/\"},\"sameAs\":[\"https:\\\/\\\/www.facebook.com\\\/globalafricasciences\"]},{\"@type\":\"Person\",\"@id\":\"https:\\\/\\\/www.globalafricasciences.org\\\/fr\\\/#\\\/schema\\\/person\\\/8c11b55a8c7d287934a558c0e354b773\",\"name\":\"Global Africa\",\"image\":{\"@type\":\"ImageObject\",\"inLanguage\":\"fr-FR\",\"@id\":\"https:\\\/\\\/www.globalafricasciences.org\\\/wp-content\\\/uploads\\\/2024\\\/11\\\/Global-Africa.jpgd44bc09810f00cf464135b8441da2384\",\"url\":\"https:\\\/\\\/www.globalafricasciences.org\\\/wp-content\\\/uploads\\\/2024\\\/11\\\/Global-Africa.jpg\",\"contentUrl\":\"https:\\\/\\\/www.globalafricasciences.org\\\/wp-content\\\/uploads\\\/2024\\\/11\\\/Global-Africa.jpg\",\"caption\":\"Global Africa\"},\"description\":\"The editorial board of the journal is led by Mame-Penda Ba, a professor of political science at Gaston Berger University and the director of LASPAD(Laboratory of Social, Political, and Administrative Studies), Senegal.\",\"url\":\"https:\\\/\\\/www.globalafricasciences.org\\\/author\\\/globalafrica\\\/\"}]}<\/script>\n<!-- \/ Yoast SEO plugin. -->","yoast_head_json":{"title":"Invitation \u00e0 la journ\u00e9e d'\u00e9tude sur Semb\u00e8ne Ousmane \u00e0 l'UGB | Global Africa","description":"Le Grecirea vous invite \u00e0 une journ\u00e9e d'\u00e9tude sp\u00e9ciale \u00e0 l'Universit\u00e9 Gaston Berger de Saint-Louis pour d\u00e9couvrir sa troisi\u00e8me publication collective : Semb\u00e8ne Ousmane.","robots":{"index":"index","follow":"follow","max-snippet":"max-snippet:-1","max-image-preview":"max-image-preview:large","max-video-preview":"max-video-preview:-1"},"canonical":"https:\/\/www.globalafricasciences.org\/fr\/invitation-a-la-journee-detude-sur-sembene-ousmane-a-lugb\/","og_locale":"fr_FR","og_type":"article","og_title":"Invitation \u00e0 la journ\u00e9e d'\u00e9tude sur Semb\u00e8ne Ousmane \u00e0 l'UGB | Global Africa","og_description":"Le Grecirea vous invite \u00e0 une journ\u00e9e d'\u00e9tude sp\u00e9ciale \u00e0 l'Universit\u00e9 Gaston Berger de Saint-Louis pour d\u00e9couvrir sa troisi\u00e8me publication collective : Semb\u00e8ne Ousmane.","og_url":"https:\/\/www.globalafricasciences.org\/fr\/invitation-a-la-journee-detude-sur-sembene-ousmane-a-lugb\/","og_site_name":"Global Africa","article_publisher":"https:\/\/www.facebook.com\/globalafricasciences","article_published_time":"2025-02-18T18:55:05+00:00","article_modified_time":"2025-05-30T13:06:12+00:00","og_image":[{"width":1654,"height":2339,"url":"https:\/\/www.globalafricasciences.org\/wp-content\/uploads\/2025\/02\/41715f_aa08eeaa4c6247d7a9bd0f7c6d03894fmv2.webp","type":"image\/jpeg"}],"author":"Global Africa","twitter_card":"summary_large_image","twitter_misc":{"\u00c9crit par":"Global Africa"},"schema":{"@context":"https:\/\/schema.org","@graph":[{"@type":"Article","@id":"https:\/\/www.globalafricasciences.org\/fr\/invitation-a-la-journee-detude-sur-sembene-ousmane-a-lugb\/#article","isPartOf":{"@id":"https:\/\/www.globalafricasciences.org\/fr\/invitation-a-la-journee-detude-sur-sembene-ousmane-a-lugb\/"},"author":{"name":"Global Africa","@id":"https:\/\/www.globalafricasciences.org\/fr\/#\/schema\/person\/8c11b55a8c7d287934a558c0e354b773"},"headline":"Invitation \u00e0 la journ\u00e9e d&rsquo;\u00e9tude sur Semb\u00e8ne Ousmane \u00e0 l&rsquo;UGB","datePublished":"2025-02-18T18:55:05+00:00","dateModified":"2025-05-30T13:06:12+00:00","mainEntityOfPage":{"@id":"https:\/\/www.globalafricasciences.org\/fr\/invitation-a-la-journee-detude-sur-sembene-ousmane-a-lugb\/"},"wordCount":106,"commentCount":0,"publisher":{"@id":"https:\/\/www.globalafricasciences.org\/fr\/#organization"},"image":{"@id":"https:\/\/www.globalafricasciences.org\/fr\/invitation-a-la-journee-detude-sur-sembene-ousmane-a-lugb\/#primaryimage"},"thumbnailUrl":"https:\/\/www.globalafricasciences.org\/wp-content\/uploads\/2025\/02\/41715f_aa08eeaa4c6247d7a9bd0f7c6d03894fmv2.webp","articleSection":["Conf\u00e9rences","Ev\u00e9nements"],"inLanguage":"fr-FR","potentialAction":[{"@type":"CommentAction","name":"Comment","target":["https:\/\/www.globalafricasciences.org\/fr\/invitation-a-la-journee-detude-sur-sembene-ousmane-a-lugb\/#respond"]}]},{"@type":"WebPage","@id":"https:\/\/www.globalafricasciences.org\/fr\/invitation-a-la-journee-detude-sur-sembene-ousmane-a-lugb\/","url":"https:\/\/www.globalafricasciences.org\/fr\/invitation-a-la-journee-detude-sur-sembene-ousmane-a-lugb\/","name":"Invitation \u00e0 la journ\u00e9e d'\u00e9tude sur Semb\u00e8ne Ousmane \u00e0 l'UGB | Global Africa","isPartOf":{"@id":"https:\/\/www.globalafricasciences.org\/fr\/#website"},"primaryImageOfPage":{"@id":"https:\/\/www.globalafricasciences.org\/fr\/invitation-a-la-journee-detude-sur-sembene-ousmane-a-lugb\/#primaryimage"},"image":{"@id":"https:\/\/www.globalafricasciences.org\/fr\/invitation-a-la-journee-detude-sur-sembene-ousmane-a-lugb\/#primaryimage"},"thumbnailUrl":"https:\/\/www.globalafricasciences.org\/wp-content\/uploads\/2025\/02\/41715f_aa08eeaa4c6247d7a9bd0f7c6d03894fmv2.webp","datePublished":"2025-02-18T18:55:05+00:00","dateModified":"2025-05-30T13:06:12+00:00","description":"Le Grecirea vous invite \u00e0 une journ\u00e9e d'\u00e9tude sp\u00e9ciale \u00e0 l'Universit\u00e9 Gaston Berger de Saint-Louis pour d\u00e9couvrir sa troisi\u00e8me publication collective : Semb\u00e8ne Ousmane.","breadcrumb":{"@id":"https:\/\/www.globalafricasciences.org\/fr\/invitation-a-la-journee-detude-sur-sembene-ousmane-a-lugb\/#breadcrumb"},"inLanguage":"fr-FR","potentialAction":[{"@type":"ReadAction","target":["https:\/\/www.globalafricasciences.org\/fr\/invitation-a-la-journee-detude-sur-sembene-ousmane-a-lugb\/"]}]},{"@type":"ImageObject","inLanguage":"fr-FR","@id":"https:\/\/www.globalafricasciences.org\/fr\/invitation-a-la-journee-detude-sur-sembene-ousmane-a-lugb\/#primaryimage","url":"https:\/\/www.globalafricasciences.org\/wp-content\/uploads\/2025\/02\/41715f_aa08eeaa4c6247d7a9bd0f7c6d03894fmv2.webp","contentUrl":"https:\/\/www.globalafricasciences.org\/wp-content\/uploads\/2025\/02\/41715f_aa08eeaa4c6247d7a9bd0f7c6d03894fmv2.webp","width":1654,"height":2339},{"@type":"BreadcrumbList","@id":"https:\/\/www.globalafricasciences.org\/fr\/invitation-a-la-journee-detude-sur-sembene-ousmane-a-lugb\/#breadcrumb","itemListElement":[{"@type":"ListItem","position":1,"name":"Home","item":"https:\/\/www.globalafricasciences.org\/fr\/accueil\/"},{"@type":"ListItem","position":2,"name":"Invitation \u00e0 la journ\u00e9e d&#8217;\u00e9tude sur Semb\u00e8ne Ousmane \u00e0 l&#8217;UGB"}]},{"@type":"WebSite","@id":"https:\/\/www.globalafricasciences.org\/fr\/#website","url":"https:\/\/www.globalafricasciences.org\/fr\/","name":"Global Africa","description":"Pan-African Scientific Journal","publisher":{"@id":"https:\/\/www.globalafricasciences.org\/fr\/#organization"},"potentialAction":[{"@type":"SearchAction","target":{"@type":"EntryPoint","urlTemplate":"https:\/\/www.globalafricasciences.org\/fr\/?s={search_term_string}"},"query-input":{"@type":"PropertyValueSpecification","valueRequired":true,"valueName":"search_term_string"}}],"inLanguage":"fr-FR"},{"@type":"Organization","@id":"https:\/\/www.globalafricasciences.org\/fr\/#organization","name":"Global Africa","url":"https:\/\/www.globalafricasciences.org\/fr\/","logo":{"@type":"ImageObject","inLanguage":"fr-FR","@id":"https:\/\/www.globalafricasciences.org\/fr\/#\/schema\/logo\/image\/","url":"https:\/\/www.globalafricasciences.org\/wp-content\/uploads\/2024\/12\/Globalafrica.png","contentUrl":"https:\/\/www.globalafricasciences.org\/wp-content\/uploads\/2024\/12\/Globalafrica.png","width":1680,"height":750,"caption":"Global Africa"},"image":{"@id":"https:\/\/www.globalafricasciences.org\/fr\/#\/schema\/logo\/image\/"},"sameAs":["https:\/\/www.facebook.com\/globalafricasciences"]},{"@type":"Person","@id":"https:\/\/www.globalafricasciences.org\/fr\/#\/schema\/person\/8c11b55a8c7d287934a558c0e354b773","name":"Global Africa","image":{"@type":"ImageObject","inLanguage":"fr-FR","@id":"https:\/\/www.globalafricasciences.org\/wp-content\/uploads\/2024\/11\/Global-Africa.jpgd44bc09810f00cf464135b8441da2384","url":"https:\/\/www.globalafricasciences.org\/wp-content\/uploads\/2024\/11\/Global-Africa.jpg","contentUrl":"https:\/\/www.globalafricasciences.org\/wp-content\/uploads\/2024\/11\/Global-Africa.jpg","caption":"Global Africa"},"description":"The editorial board of the journal is led by Mame-Penda Ba, a professor of political science at Gaston Berger University and the director of LASPAD(Laboratory of Social, Political, and Administrative Studies), Senegal.","url":"https:\/\/www.globalafricasciences.org\/author\/globalafrica\/"}]}},"acf":[],"authors":[{"term_id":265,"user_id":0,"is_guest":1,"slug":"global-africa","display_name":"Global Africa","avatar_url":{"url":"https:\/\/www.globalafricasciences.org\/wp-content\/uploads\/2024\/11\/Global-Africa.jpg","url2x":"https:\/\/www.globalafricasciences.org\/wp-content\/uploads\/2024\/11\/Global-Africa.jpg"},"author_category":"1","exclude_author":"","main-organisation":"Universit\u00e9 Gaston Berger","country_of_org":"S\u00e9n\u00e9gal","field_of_work":"Sciences sociales","first_name":"","last_name":"","user_url":"","job_title":"","description":"<div id=\"comp-lmq9yt56\" class=\"HcOXKn c9GqVL QxJLC3 lq2cno YQcXTT comp-lmq9yt56 wixui-rich-text\" data-testid=\"richTextElement\">\r\n<p class=\"font_8 wixui-rich-text__text\">La r\u00e9daction de la revue est dirig\u00e9e par Mame-Penda Ba, professeure de sciences politiques \u00e0 l'Universit\u00e9 Gaston Berger et directrice du LASPAD, S\u00e9n\u00e9gal<\/p>\r\n\r\n<\/div>"}],"_links":{"self":[{"href":"https:\/\/www.globalafricasciences.org\/fr\/wp-json\/wp\/v2\/posts\/9257","targetHints":{"allow":["GET"]}}],"collection":[{"href":"https:\/\/www.globalafricasciences.org\/fr\/wp-json\/wp\/v2\/posts"}],"about":[{"href":"https:\/\/www.globalafricasciences.org\/fr\/wp-json\/wp\/v2\/types\/post"}],"author":[{"embeddable":true,"href":"https:\/\/www.globalafricasciences.org\/fr\/wp-json\/wp\/v2\/users\/50"}],"replies":[{"embeddable":true,"href":"https:\/\/www.globalafricasciences.org\/fr\/wp-json\/wp\/v2\/comments?post=9257"}],"version-history":[{"count":0,"href":"https:\/\/www.globalafricasciences.org\/fr\/wp-json\/wp\/v2\/posts\/9257\/revisions"}],"wp:featuredmedia":[{"embeddable":true,"href":"https:\/\/www.globalafricasciences.org\/fr\/wp-json\/wp\/v2\/media\/8222"}],"wp:attachment":[{"href":"https:\/\/www.globalafricasciences.org\/fr\/wp-json\/wp\/v2\/media?parent=9257"}],"wp:term":[{"taxonomy":"category","embeddable":true,"href":"https:\/\/www.globalafricasciences.org\/fr\/wp-json\/wp\/v2\/categories?post=9257"},{"taxonomy":"post_tag","embeddable":true,"href":"https:\/\/www.globalafricasciences.org\/fr\/wp-json\/wp\/v2\/tags?post=9257"},{"taxonomy":"issues3","embeddable":true,"href":"https:\/\/www.globalafricasciences.org\/fr\/wp-json\/wp\/v2\/issues3?post=9257"},{"taxonomy":"post_folder","embeddable":true,"href":"https:\/\/www.globalafricasciences.org\/fr\/wp-json\/wp\/v2\/post_folder?post=9257"},{"taxonomy":"author","embeddable":true,"href":"https:\/\/www.globalafricasciences.org\/fr\/wp-json\/wp\/v2\/ppma_author?post=9257"}],"curies":[{"name":"wp","href":"https:\/\/api.w.org\/{rel}","templated":true}]}}