{"id":9255,"date":"2025-02-18T18:58:25","date_gmt":"2025-02-18T18:58:25","guid":{"rendered":"https:\/\/www.globalafricasciences.org\/actualites\/conference-internationale-le-massacre-du-camp-de-thiaroye-en-1944\/"},"modified":"2025-05-30T13:35:06","modified_gmt":"2025-05-30T13:35:06","slug":"conference-internationale-le-massacre-du-camp-de-thiaroye-en-1944","status":"publish","type":"post","link":"https:\/\/www.globalafricasciences.org\/fr\/conference-internationale-le-massacre-du-camp-de-thiaroye-en-1944\/","title":{"rendered":"Conf\u00e9rence internationale : Le massacre du camp de Thiaroye en 1944"},"content":{"rendered":"\n<figure class=\"wp-block-image size-large\"><img decoding=\"async\" src=\"https:\/\/www.globalafricasciences.org\/wp-content\/uploads\/2025\/02\/41715f_1fa9ab61d9cd418c967f5e69628404famv2-1024x341.jpg\" alt=\"\" class=\"wp-image-8227\"\/><\/figure>\n\n<p><\/p>\n\n<p id=\"viewer-foo\">\ud83d\uddd3\ufe0f <strong>2-3 d\u00e9cembre 2024<\/strong><\/p>\n\n<p id=\"viewer-0ca9b167\">\ud83d\udccd <strong>Dakar\/Thiaroye<\/strong><\/p>\n\n<p id=\"viewer-hukxj171\">Un \u00e9v\u00e9nement acad\u00e9mique et culturel unique qui se concentre sur les <strong>d\u00e9fis historiographiques, les r\u00e9cits fictionnels et les imaginaires politiques<\/strong> entourant le massacre de Thiaroye. Cette conf\u00e9rence r\u00e9unira des universitaires, des \u00e9crivains et des acteurs politiques afin d&rsquo;explorer les nombreuses dimensions de cet \u00e9v\u00e9nement historique tragique. <\/p>\n\n<p id=\"viewer-jj0sv176\">\ud83d\udcc4 <a target=\"_blank\" href=\"https:\/\/41715f55-d376-43f8-8067-88c7342b1cbd.usrfiles.com\/ugd\/41715f_23ec3154509240b3ab5f3976fed4f43a.pdf\" rel=\"noreferrer noopener\"><strong><u>Le programme complet est disponible ici<\/u><\/strong><\/a><\/p>\n\n<p id=\"viewer-6xooa180\">\ud83d\udccc Ne manquez pas cette occasion d&rsquo;approfondir vos connaissances et de participer \u00e0 des discussions stimulantes.<\/p>\n\n<p id=\"viewer-75eag183\">\ud83d\udc49 Partagez cet \u00e9v\u00e9nement et invitez vos r\u00e9seaux \u00e0 participer \u00e0 ce moment cl\u00e9 de la r\u00e9flexion et de la m\u00e9moire collectives.<\/p>\n","protected":false},"excerpt":{"rendered":"<p>\ud83d\uddd3\ufe0f 2-3 d\u00e9cembre 2024 \ud83d\udccd Dakar\/Thiaroye Un \u00e9v\u00e9nement acad\u00e9mique et culturel unique qui se concentre sur les d\u00e9fis historiographiques, les r\u00e9cits fictionnels et les imaginaires politiques entourant le massacre de Thiaroye. Cette conf\u00e9rence r\u00e9unira des universitaires, des \u00e9crivains et des acteurs politiques afin d&rsquo;explorer les nombreuses dimensions de cet \u00e9v\u00e9nement historique tragique. \ud83d\udcc4 Le programme complet est disponible ici \ud83d\udccc Ne manquez pas cette occasion d&rsquo;approfondir vos connaissances et de participer \u00e0 des discussions stimulantes. \ud83d\udc49 Partagez cet \u00e9v\u00e9nement et invitez vos r\u00e9seaux \u00e0 participer \u00e0 ce moment cl\u00e9 de la r\u00e9flexion et de la m\u00e9moire collectives.<\/p>\n","protected":false},"author":50,"featured_media":8228,"comment_status":"open","ping_status":"open","sticky":false,"template":"","format":"standard","meta":{"footnotes":""},"categories":[179,229],"tags":[],"issues3":[],"post_folder":[],"ppma_author":[265],"class_list":["post-9255","post","type-post","status-publish","format-standard","has-post-thumbnail","hentry","category-conferences-fr","category-evenements","author-global-africa"],"yoast_head":"<!-- This site is optimized with the Yoast SEO plugin v27.5 - https:\/\/yoast.com\/product\/yoast-seo-wordpress\/ -->\n<title>Conf\u00e9rence internationale : Le massacre du camp de Thiaroye en 1944 | Global Africa<\/title>\n<meta name=\"description\" content=\"Cette conf\u00e9rence r\u00e9unira des universitaires, des \u00e9crivains et des acteurs politiques afin d&#039;explorer les nombreuses dimensions de cet \u00e9v\u00e9nement historique tragique.\" \/>\n<meta name=\"robots\" content=\"index, follow, max-snippet:-1, max-image-preview:large, max-video-preview:-1\" \/>\n<link rel=\"canonical\" href=\"https:\/\/www.globalafricasciences.org\/fr\/conference-internationale-le-massacre-du-camp-de-thiaroye-en-1944\/\" \/>\n<meta property=\"og:locale\" content=\"fr_FR\" \/>\n<meta property=\"og:type\" content=\"article\" \/>\n<meta property=\"og:title\" content=\"Conf\u00e9rence internationale : Le massacre du camp de Thiaroye en 1944 | Global Africa\" \/>\n<meta property=\"og:description\" content=\"Cette conf\u00e9rence r\u00e9unira des universitaires, des \u00e9crivains et des acteurs politiques afin d&#039;explorer les nombreuses dimensions de cet \u00e9v\u00e9nement historique tragique.\" \/>\n<meta property=\"og:url\" content=\"https:\/\/www.globalafricasciences.org\/fr\/conference-internationale-le-massacre-du-camp-de-thiaroye-en-1944\/\" \/>\n<meta property=\"og:site_name\" content=\"Global Africa\" \/>\n<meta property=\"article:publisher\" content=\"https:\/\/www.facebook.com\/globalafricasciences\" \/>\n<meta property=\"article:published_time\" content=\"2025-02-18T18:58:25+00:00\" \/>\n<meta property=\"article:modified_time\" content=\"2025-05-30T13:35:06+00:00\" \/>\n<meta property=\"og:image\" content=\"https:\/\/www.globalafricasciences.org\/wp-content\/uploads\/2025\/02\/41715f_1fa9ab61d9cd418c967f5e69628404famv2-scaled.webp\" \/>\n\t<meta property=\"og:image:width\" content=\"2560\" \/>\n\t<meta property=\"og:image:height\" content=\"853\" \/>\n\t<meta property=\"og:image:type\" content=\"image\/jpeg\" \/>\n<meta name=\"author\" content=\"Global Africa\" \/>\n<meta name=\"twitter:card\" content=\"summary_large_image\" \/>\n<meta name=\"twitter:label1\" content=\"\u00c9crit par\" \/>\n\t<meta name=\"twitter:data1\" content=\"Global Africa\" \/>\n\t<meta name=\"twitter:label2\" content=\"Dur\u00e9e de lecture estim\u00e9e\" \/>\n\t<meta name=\"twitter:data2\" content=\"1 minute\" \/>\n<script type=\"application\/ld+json\" class=\"yoast-schema-graph\">{\"@context\":\"https:\\\/\\\/schema.org\",\"@graph\":[{\"@type\":\"Article\",\"@id\":\"https:\\\/\\\/www.globalafricasciences.org\\\/fr\\\/conference-internationale-le-massacre-du-camp-de-thiaroye-en-1944\\\/#article\",\"isPartOf\":{\"@id\":\"https:\\\/\\\/www.globalafricasciences.org\\\/fr\\\/conference-internationale-le-massacre-du-camp-de-thiaroye-en-1944\\\/\"},\"author\":{\"name\":\"Global Africa\",\"@id\":\"https:\\\/\\\/www.globalafricasciences.org\\\/fr\\\/#\\\/schema\\\/person\\\/8c11b55a8c7d287934a558c0e354b773\"},\"headline\":\"Conf\u00e9rence internationale : Le massacre du camp de Thiaroye en 1944\",\"datePublished\":\"2025-02-18T18:58:25+00:00\",\"dateModified\":\"2025-05-30T13:35:06+00:00\",\"mainEntityOfPage\":{\"@id\":\"https:\\\/\\\/www.globalafricasciences.org\\\/fr\\\/conference-internationale-le-massacre-du-camp-de-thiaroye-en-1944\\\/\"},\"wordCount\":113,\"commentCount\":0,\"publisher\":{\"@id\":\"https:\\\/\\\/www.globalafricasciences.org\\\/fr\\\/#organization\"},\"image\":{\"@id\":\"https:\\\/\\\/www.globalafricasciences.org\\\/fr\\\/conference-internationale-le-massacre-du-camp-de-thiaroye-en-1944\\\/#primaryimage\"},\"thumbnailUrl\":\"https:\\\/\\\/www.globalafricasciences.org\\\/wp-content\\\/uploads\\\/2025\\\/02\\\/41715f_1fa9ab61d9cd418c967f5e69628404famv2-scaled.webp\",\"articleSection\":[\"Conf\u00e9rences\",\"Ev\u00e9nements\"],\"inLanguage\":\"fr-FR\",\"potentialAction\":[{\"@type\":\"CommentAction\",\"name\":\"Comment\",\"target\":[\"https:\\\/\\\/www.globalafricasciences.org\\\/fr\\\/conference-internationale-le-massacre-du-camp-de-thiaroye-en-1944\\\/#respond\"]}]},{\"@type\":\"WebPage\",\"@id\":\"https:\\\/\\\/www.globalafricasciences.org\\\/fr\\\/conference-internationale-le-massacre-du-camp-de-thiaroye-en-1944\\\/\",\"url\":\"https:\\\/\\\/www.globalafricasciences.org\\\/fr\\\/conference-internationale-le-massacre-du-camp-de-thiaroye-en-1944\\\/\",\"name\":\"Conf\u00e9rence internationale : Le massacre du camp de Thiaroye en 1944 | Global Africa\",\"isPartOf\":{\"@id\":\"https:\\\/\\\/www.globalafricasciences.org\\\/fr\\\/#website\"},\"primaryImageOfPage\":{\"@id\":\"https:\\\/\\\/www.globalafricasciences.org\\\/fr\\\/conference-internationale-le-massacre-du-camp-de-thiaroye-en-1944\\\/#primaryimage\"},\"image\":{\"@id\":\"https:\\\/\\\/www.globalafricasciences.org\\\/fr\\\/conference-internationale-le-massacre-du-camp-de-thiaroye-en-1944\\\/#primaryimage\"},\"thumbnailUrl\":\"https:\\\/\\\/www.globalafricasciences.org\\\/wp-content\\\/uploads\\\/2025\\\/02\\\/41715f_1fa9ab61d9cd418c967f5e69628404famv2-scaled.webp\",\"datePublished\":\"2025-02-18T18:58:25+00:00\",\"dateModified\":\"2025-05-30T13:35:06+00:00\",\"description\":\"Cette conf\u00e9rence r\u00e9unira des universitaires, des \u00e9crivains et des acteurs politiques afin d'explorer les nombreuses dimensions de cet \u00e9v\u00e9nement historique tragique.\",\"breadcrumb\":{\"@id\":\"https:\\\/\\\/www.globalafricasciences.org\\\/fr\\\/conference-internationale-le-massacre-du-camp-de-thiaroye-en-1944\\\/#breadcrumb\"},\"inLanguage\":\"fr-FR\",\"potentialAction\":[{\"@type\":\"ReadAction\",\"target\":[\"https:\\\/\\\/www.globalafricasciences.org\\\/fr\\\/conference-internationale-le-massacre-du-camp-de-thiaroye-en-1944\\\/\"]}]},{\"@type\":\"ImageObject\",\"inLanguage\":\"fr-FR\",\"@id\":\"https:\\\/\\\/www.globalafricasciences.org\\\/fr\\\/conference-internationale-le-massacre-du-camp-de-thiaroye-en-1944\\\/#primaryimage\",\"url\":\"https:\\\/\\\/www.globalafricasciences.org\\\/wp-content\\\/uploads\\\/2025\\\/02\\\/41715f_1fa9ab61d9cd418c967f5e69628404famv2-scaled.webp\",\"contentUrl\":\"https:\\\/\\\/www.globalafricasciences.org\\\/wp-content\\\/uploads\\\/2025\\\/02\\\/41715f_1fa9ab61d9cd418c967f5e69628404famv2-scaled.webp\",\"width\":2560,\"height\":853},{\"@type\":\"BreadcrumbList\",\"@id\":\"https:\\\/\\\/www.globalafricasciences.org\\\/fr\\\/conference-internationale-le-massacre-du-camp-de-thiaroye-en-1944\\\/#breadcrumb\",\"itemListElement\":[{\"@type\":\"ListItem\",\"position\":1,\"name\":\"Home\",\"item\":\"https:\\\/\\\/www.globalafricasciences.org\\\/fr\\\/accueil\\\/\"},{\"@type\":\"ListItem\",\"position\":2,\"name\":\"Conf\u00e9rence internationale : Le massacre du camp de Thiaroye en 1944\"}]},{\"@type\":\"WebSite\",\"@id\":\"https:\\\/\\\/www.globalafricasciences.org\\\/fr\\\/#website\",\"url\":\"https:\\\/\\\/www.globalafricasciences.org\\\/fr\\\/\",\"name\":\"Global Africa\",\"description\":\"Pan-African Scientific Journal\",\"publisher\":{\"@id\":\"https:\\\/\\\/www.globalafricasciences.org\\\/fr\\\/#organization\"},\"potentialAction\":[{\"@type\":\"SearchAction\",\"target\":{\"@type\":\"EntryPoint\",\"urlTemplate\":\"https:\\\/\\\/www.globalafricasciences.org\\\/fr\\\/?s={search_term_string}\"},\"query-input\":{\"@type\":\"PropertyValueSpecification\",\"valueRequired\":true,\"valueName\":\"search_term_string\"}}],\"inLanguage\":\"fr-FR\"},{\"@type\":\"Organization\",\"@id\":\"https:\\\/\\\/www.globalafricasciences.org\\\/fr\\\/#organization\",\"name\":\"Global Africa\",\"url\":\"https:\\\/\\\/www.globalafricasciences.org\\\/fr\\\/\",\"logo\":{\"@type\":\"ImageObject\",\"inLanguage\":\"fr-FR\",\"@id\":\"https:\\\/\\\/www.globalafricasciences.org\\\/fr\\\/#\\\/schema\\\/logo\\\/image\\\/\",\"url\":\"https:\\\/\\\/www.globalafricasciences.org\\\/wp-content\\\/uploads\\\/2024\\\/12\\\/Globalafrica.png\",\"contentUrl\":\"https:\\\/\\\/www.globalafricasciences.org\\\/wp-content\\\/uploads\\\/2024\\\/12\\\/Globalafrica.png\",\"width\":1680,\"height\":750,\"caption\":\"Global Africa\"},\"image\":{\"@id\":\"https:\\\/\\\/www.globalafricasciences.org\\\/fr\\\/#\\\/schema\\\/logo\\\/image\\\/\"},\"sameAs\":[\"https:\\\/\\\/www.facebook.com\\\/globalafricasciences\"]},{\"@type\":\"Person\",\"@id\":\"https:\\\/\\\/www.globalafricasciences.org\\\/fr\\\/#\\\/schema\\\/person\\\/8c11b55a8c7d287934a558c0e354b773\",\"name\":\"Global Africa\",\"image\":{\"@type\":\"ImageObject\",\"inLanguage\":\"fr-FR\",\"@id\":\"https:\\\/\\\/www.globalafricasciences.org\\\/wp-content\\\/uploads\\\/2024\\\/11\\\/Global-Africa.jpgd44bc09810f00cf464135b8441da2384\",\"url\":\"https:\\\/\\\/www.globalafricasciences.org\\\/wp-content\\\/uploads\\\/2024\\\/11\\\/Global-Africa.jpg\",\"contentUrl\":\"https:\\\/\\\/www.globalafricasciences.org\\\/wp-content\\\/uploads\\\/2024\\\/11\\\/Global-Africa.jpg\",\"caption\":\"Global Africa\"},\"description\":\"The editorial board of the journal is led by Mame-Penda Ba, a professor of political science at Gaston Berger University and the director of LASPAD(Laboratory of Social, Political, and Administrative Studies), Senegal.\",\"url\":\"https:\\\/\\\/www.globalafricasciences.org\\\/author\\\/globalafrica\\\/\"}]}<\/script>\n<!-- \/ Yoast SEO plugin. -->","yoast_head_json":{"title":"Conf\u00e9rence internationale : Le massacre du camp de Thiaroye en 1944 | Global Africa","description":"Cette conf\u00e9rence r\u00e9unira des universitaires, des \u00e9crivains et des acteurs politiques afin d'explorer les nombreuses dimensions de cet \u00e9v\u00e9nement historique tragique.","robots":{"index":"index","follow":"follow","max-snippet":"max-snippet:-1","max-image-preview":"max-image-preview:large","max-video-preview":"max-video-preview:-1"},"canonical":"https:\/\/www.globalafricasciences.org\/fr\/conference-internationale-le-massacre-du-camp-de-thiaroye-en-1944\/","og_locale":"fr_FR","og_type":"article","og_title":"Conf\u00e9rence internationale : Le massacre du camp de Thiaroye en 1944 | Global Africa","og_description":"Cette conf\u00e9rence r\u00e9unira des universitaires, des \u00e9crivains et des acteurs politiques afin d'explorer les nombreuses dimensions de cet \u00e9v\u00e9nement historique tragique.","og_url":"https:\/\/www.globalafricasciences.org\/fr\/conference-internationale-le-massacre-du-camp-de-thiaroye-en-1944\/","og_site_name":"Global Africa","article_publisher":"https:\/\/www.facebook.com\/globalafricasciences","article_published_time":"2025-02-18T18:58:25+00:00","article_modified_time":"2025-05-30T13:35:06+00:00","og_image":[{"width":2560,"height":853,"url":"https:\/\/www.globalafricasciences.org\/wp-content\/uploads\/2025\/02\/41715f_1fa9ab61d9cd418c967f5e69628404famv2-scaled.webp","type":"image\/jpeg"}],"author":"Global Africa","twitter_card":"summary_large_image","twitter_misc":{"\u00c9crit par":"Global Africa","Dur\u00e9e de lecture estim\u00e9e":"1 minute"},"schema":{"@context":"https:\/\/schema.org","@graph":[{"@type":"Article","@id":"https:\/\/www.globalafricasciences.org\/fr\/conference-internationale-le-massacre-du-camp-de-thiaroye-en-1944\/#article","isPartOf":{"@id":"https:\/\/www.globalafricasciences.org\/fr\/conference-internationale-le-massacre-du-camp-de-thiaroye-en-1944\/"},"author":{"name":"Global Africa","@id":"https:\/\/www.globalafricasciences.org\/fr\/#\/schema\/person\/8c11b55a8c7d287934a558c0e354b773"},"headline":"Conf\u00e9rence internationale : Le massacre du camp de Thiaroye en 1944","datePublished":"2025-02-18T18:58:25+00:00","dateModified":"2025-05-30T13:35:06+00:00","mainEntityOfPage":{"@id":"https:\/\/www.globalafricasciences.org\/fr\/conference-internationale-le-massacre-du-camp-de-thiaroye-en-1944\/"},"wordCount":113,"commentCount":0,"publisher":{"@id":"https:\/\/www.globalafricasciences.org\/fr\/#organization"},"image":{"@id":"https:\/\/www.globalafricasciences.org\/fr\/conference-internationale-le-massacre-du-camp-de-thiaroye-en-1944\/#primaryimage"},"thumbnailUrl":"https:\/\/www.globalafricasciences.org\/wp-content\/uploads\/2025\/02\/41715f_1fa9ab61d9cd418c967f5e69628404famv2-scaled.webp","articleSection":["Conf\u00e9rences","Ev\u00e9nements"],"inLanguage":"fr-FR","potentialAction":[{"@type":"CommentAction","name":"Comment","target":["https:\/\/www.globalafricasciences.org\/fr\/conference-internationale-le-massacre-du-camp-de-thiaroye-en-1944\/#respond"]}]},{"@type":"WebPage","@id":"https:\/\/www.globalafricasciences.org\/fr\/conference-internationale-le-massacre-du-camp-de-thiaroye-en-1944\/","url":"https:\/\/www.globalafricasciences.org\/fr\/conference-internationale-le-massacre-du-camp-de-thiaroye-en-1944\/","name":"Conf\u00e9rence internationale : Le massacre du camp de Thiaroye en 1944 | Global Africa","isPartOf":{"@id":"https:\/\/www.globalafricasciences.org\/fr\/#website"},"primaryImageOfPage":{"@id":"https:\/\/www.globalafricasciences.org\/fr\/conference-internationale-le-massacre-du-camp-de-thiaroye-en-1944\/#primaryimage"},"image":{"@id":"https:\/\/www.globalafricasciences.org\/fr\/conference-internationale-le-massacre-du-camp-de-thiaroye-en-1944\/#primaryimage"},"thumbnailUrl":"https:\/\/www.globalafricasciences.org\/wp-content\/uploads\/2025\/02\/41715f_1fa9ab61d9cd418c967f5e69628404famv2-scaled.webp","datePublished":"2025-02-18T18:58:25+00:00","dateModified":"2025-05-30T13:35:06+00:00","description":"Cette conf\u00e9rence r\u00e9unira des universitaires, des \u00e9crivains et des acteurs politiques afin d'explorer les nombreuses dimensions de cet \u00e9v\u00e9nement historique tragique.","breadcrumb":{"@id":"https:\/\/www.globalafricasciences.org\/fr\/conference-internationale-le-massacre-du-camp-de-thiaroye-en-1944\/#breadcrumb"},"inLanguage":"fr-FR","potentialAction":[{"@type":"ReadAction","target":["https:\/\/www.globalafricasciences.org\/fr\/conference-internationale-le-massacre-du-camp-de-thiaroye-en-1944\/"]}]},{"@type":"ImageObject","inLanguage":"fr-FR","@id":"https:\/\/www.globalafricasciences.org\/fr\/conference-internationale-le-massacre-du-camp-de-thiaroye-en-1944\/#primaryimage","url":"https:\/\/www.globalafricasciences.org\/wp-content\/uploads\/2025\/02\/41715f_1fa9ab61d9cd418c967f5e69628404famv2-scaled.webp","contentUrl":"https:\/\/www.globalafricasciences.org\/wp-content\/uploads\/2025\/02\/41715f_1fa9ab61d9cd418c967f5e69628404famv2-scaled.webp","width":2560,"height":853},{"@type":"BreadcrumbList","@id":"https:\/\/www.globalafricasciences.org\/fr\/conference-internationale-le-massacre-du-camp-de-thiaroye-en-1944\/#breadcrumb","itemListElement":[{"@type":"ListItem","position":1,"name":"Home","item":"https:\/\/www.globalafricasciences.org\/fr\/accueil\/"},{"@type":"ListItem","position":2,"name":"Conf\u00e9rence internationale : Le massacre du camp de Thiaroye en 1944"}]},{"@type":"WebSite","@id":"https:\/\/www.globalafricasciences.org\/fr\/#website","url":"https:\/\/www.globalafricasciences.org\/fr\/","name":"Global Africa","description":"Pan-African Scientific Journal","publisher":{"@id":"https:\/\/www.globalafricasciences.org\/fr\/#organization"},"potentialAction":[{"@type":"SearchAction","target":{"@type":"EntryPoint","urlTemplate":"https:\/\/www.globalafricasciences.org\/fr\/?s={search_term_string}"},"query-input":{"@type":"PropertyValueSpecification","valueRequired":true,"valueName":"search_term_string"}}],"inLanguage":"fr-FR"},{"@type":"Organization","@id":"https:\/\/www.globalafricasciences.org\/fr\/#organization","name":"Global Africa","url":"https:\/\/www.globalafricasciences.org\/fr\/","logo":{"@type":"ImageObject","inLanguage":"fr-FR","@id":"https:\/\/www.globalafricasciences.org\/fr\/#\/schema\/logo\/image\/","url":"https:\/\/www.globalafricasciences.org\/wp-content\/uploads\/2024\/12\/Globalafrica.png","contentUrl":"https:\/\/www.globalafricasciences.org\/wp-content\/uploads\/2024\/12\/Globalafrica.png","width":1680,"height":750,"caption":"Global Africa"},"image":{"@id":"https:\/\/www.globalafricasciences.org\/fr\/#\/schema\/logo\/image\/"},"sameAs":["https:\/\/www.facebook.com\/globalafricasciences"]},{"@type":"Person","@id":"https:\/\/www.globalafricasciences.org\/fr\/#\/schema\/person\/8c11b55a8c7d287934a558c0e354b773","name":"Global Africa","image":{"@type":"ImageObject","inLanguage":"fr-FR","@id":"https:\/\/www.globalafricasciences.org\/wp-content\/uploads\/2024\/11\/Global-Africa.jpgd44bc09810f00cf464135b8441da2384","url":"https:\/\/www.globalafricasciences.org\/wp-content\/uploads\/2024\/11\/Global-Africa.jpg","contentUrl":"https:\/\/www.globalafricasciences.org\/wp-content\/uploads\/2024\/11\/Global-Africa.jpg","caption":"Global Africa"},"description":"The editorial board of the journal is led by Mame-Penda Ba, a professor of political science at Gaston Berger University and the director of LASPAD(Laboratory of Social, Political, and Administrative Studies), Senegal.","url":"https:\/\/www.globalafricasciences.org\/author\/globalafrica\/"}]}},"acf":[],"authors":[{"term_id":265,"user_id":0,"is_guest":1,"slug":"global-africa","display_name":"Global Africa","avatar_url":{"url":"https:\/\/www.globalafricasciences.org\/wp-content\/uploads\/2024\/11\/Global-Africa.jpg","url2x":"https:\/\/www.globalafricasciences.org\/wp-content\/uploads\/2024\/11\/Global-Africa.jpg"},"author_category":"1","exclude_author":"","main-organisation":"Universit\u00e9 Gaston Berger","country_of_org":"S\u00e9n\u00e9gal","field_of_work":"Sciences sociales","first_name":"","last_name":"","user_url":"","job_title":"","description":"<div id=\"comp-lmq9yt56\" class=\"HcOXKn c9GqVL QxJLC3 lq2cno YQcXTT comp-lmq9yt56 wixui-rich-text\" data-testid=\"richTextElement\">\r\n<p class=\"font_8 wixui-rich-text__text\">La r\u00e9daction de la revue est dirig\u00e9e par Mame-Penda Ba, professeure de sciences politiques \u00e0 l'Universit\u00e9 Gaston Berger et directrice du LASPAD, S\u00e9n\u00e9gal<\/p>\r\n\r\n<\/div>"}],"_links":{"self":[{"href":"https:\/\/www.globalafricasciences.org\/fr\/wp-json\/wp\/v2\/posts\/9255","targetHints":{"allow":["GET"]}}],"collection":[{"href":"https:\/\/www.globalafricasciences.org\/fr\/wp-json\/wp\/v2\/posts"}],"about":[{"href":"https:\/\/www.globalafricasciences.org\/fr\/wp-json\/wp\/v2\/types\/post"}],"author":[{"embeddable":true,"href":"https:\/\/www.globalafricasciences.org\/fr\/wp-json\/wp\/v2\/users\/50"}],"replies":[{"embeddable":true,"href":"https:\/\/www.globalafricasciences.org\/fr\/wp-json\/wp\/v2\/comments?post=9255"}],"version-history":[{"count":0,"href":"https:\/\/www.globalafricasciences.org\/fr\/wp-json\/wp\/v2\/posts\/9255\/revisions"}],"wp:featuredmedia":[{"embeddable":true,"href":"https:\/\/www.globalafricasciences.org\/fr\/wp-json\/wp\/v2\/media\/8228"}],"wp:attachment":[{"href":"https:\/\/www.globalafricasciences.org\/fr\/wp-json\/wp\/v2\/media?parent=9255"}],"wp:term":[{"taxonomy":"category","embeddable":true,"href":"https:\/\/www.globalafricasciences.org\/fr\/wp-json\/wp\/v2\/categories?post=9255"},{"taxonomy":"post_tag","embeddable":true,"href":"https:\/\/www.globalafricasciences.org\/fr\/wp-json\/wp\/v2\/tags?post=9255"},{"taxonomy":"issues3","embeddable":true,"href":"https:\/\/www.globalafricasciences.org\/fr\/wp-json\/wp\/v2\/issues3?post=9255"},{"taxonomy":"post_folder","embeddable":true,"href":"https:\/\/www.globalafricasciences.org\/fr\/wp-json\/wp\/v2\/post_folder?post=9255"},{"taxonomy":"author","embeddable":true,"href":"https:\/\/www.globalafricasciences.org\/fr\/wp-json\/wp\/v2\/ppma_author?post=9255"}],"curies":[{"name":"wp","href":"https:\/\/api.w.org\/{rel}","templated":true}]}}