{"id":9250,"date":"2025-02-21T09:51:21","date_gmt":"2025-02-21T09:51:21","guid":{"rendered":"https:\/\/www.globalafricasciences.org\/actualites\/les-8e-rencontres-detudes-africaines-en-france-reaf-2024\/"},"modified":"2025-05-30T13:17:49","modified_gmt":"2025-05-30T13:17:49","slug":"les-8e-rencontres-detudes-africaines-en-france-reaf-2024","status":"publish","type":"post","link":"https:\/\/www.globalafricasciences.org\/fr\/les-8e-rencontres-detudes-africaines-en-france-reaf-2024\/","title":{"rendered":"Les 8e Rencontres d&rsquo;\u00e9tudes africaines en France (REAF 2024)"},"content":{"rendered":"\n<figure class=\"wp-block-image size-full\"><img decoding=\"async\" src=\"https:\/\/www.globalafricasciences.org\/wp-content\/uploads\/2025\/02\/526d98_9fd6e74818ee456882954491e3f72f27mv2.png\" alt=\"\" class=\"wp-image-8263\"\/><\/figure>\n\n<p><\/p>\n\n<p>Cette 8e \u00e9dition, qui se d\u00e9roulera pour la premi\u00e8re fois \u00e0 Nice du 1er au 4 juillet 2024 (sur le site de Nice-Universit\u00e9 C\u00f4te d&rsquo;Azur), sera l&rsquo;occasion de r\u00e9unir des chercheurs travaillant sur l&rsquo;Afrique dans diff\u00e9rentes disciplines li\u00e9es aux sciences humaines et sociales, \u00e0 la litt\u00e9rature et \u00e0 la philosophie, aux sciences de l&rsquo;environnement et \u00e0 l&rsquo;\u00e9conomie.<br\/><br\/>Ces rencontres sont une invitation \u00e0 d\u00e9passer les fronti\u00e8res disciplinaires et institutionnelles. Elles permettent \u00e0 des sp\u00e9cialistes de divers domaines des sciences humaines et sociales d&rsquo;\u00e9changer des id\u00e9es sur des th\u00e8mes de recherche communs, en confrontant diff\u00e9rentes approches de travail, p\u00e9riodes historiques et zones g\u00e9ographiques du continent. <br\/><br\/>En r\u00e9unissant des chercheurs d&rsquo;horizons divers, les REAF cr\u00e9ent un espace permettant d&rsquo;am\u00e9liorer la visibilit\u00e9 des travaux men\u00e9s par ces chercheurs. L&rsquo;appel \u00e0 communications sera lanc\u00e9 en septembre 2023. <\/p>\n\n<p>Pour plus d&rsquo;informations <a href=\"https:\/\/reaf2024.sciencesconf.org\/\" target=\"_blank\" rel=\"noreferrer noopener\">: https:\/\/reaf2024.sciencesconf.org\/<\/a><br\/><\/p>\n","protected":false},"excerpt":{"rendered":"<p>Cette 8e \u00e9dition, qui se d\u00e9roulera pour la premi\u00e8re fois \u00e0 Nice du 1er au 4 juillet 2024 (sur le site de Nice-Universit\u00e9 C\u00f4te d&rsquo;Azur), sera l&rsquo;occasion de r\u00e9unir des chercheurs travaillant sur l&rsquo;Afrique dans diff\u00e9rentes disciplines li\u00e9es aux sciences humaines et sociales, \u00e0 la litt\u00e9rature et \u00e0 la philosophie, aux sciences de l&rsquo;environnement et \u00e0 l&rsquo;\u00e9conomie. Ces rencontres sont une invitation \u00e0 d\u00e9passer les fronti\u00e8res disciplinaires et institutionnelles. Elles permettent \u00e0 des sp\u00e9cialistes de divers domaines des sciences humaines et sociales d&rsquo;\u00e9changer des id\u00e9es sur des th\u00e8mes de recherche communs, en confrontant diff\u00e9rentes approches de travail, p\u00e9riodes historiques et zones g\u00e9ographiques du continent. En r\u00e9unissant des chercheurs d&rsquo;horizons divers, les REAF cr\u00e9ent un espace permettant d&rsquo;am\u00e9liorer la visibilit\u00e9 des travaux men\u00e9s par ces chercheurs. L&rsquo;appel \u00e0 communications sera lanc\u00e9 en septembre 2023. Pour plus d&rsquo;informations : https:\/\/reaf2024.sciencesconf.org\/<\/p>\n","protected":false},"author":50,"featured_media":8264,"comment_status":"open","ping_status":"open","sticky":false,"template":"","format":"standard","meta":{"footnotes":""},"categories":[181],"tags":[],"issues3":[],"post_folder":[],"ppma_author":[265],"class_list":["post-9250","post","type-post","status-publish","format-standard","has-post-thumbnail","hentry","category-participations-fr","author-global-africa"],"yoast_head":"<!-- This site is optimized with the Yoast SEO plugin v27.5 - https:\/\/yoast.com\/product\/yoast-seo-wordpress\/ -->\n<title>Les 8e Rencontres d&#039;\u00e9tudes africaines en France (REAF 2024) | Global Africa<\/title>\n<meta name=\"description\" content=\"La 8e \u00e9dition du colloque sur l\u2019Afrique se tiendra \u00e0 Nice du 1er au 4 juillet 2024, croisant SHS, environnement et \u00e9conomie.\" \/>\n<meta name=\"robots\" content=\"index, follow, max-snippet:-1, max-image-preview:large, max-video-preview:-1\" \/>\n<link rel=\"canonical\" href=\"https:\/\/www.globalafricasciences.org\/fr\/les-8e-rencontres-detudes-africaines-en-france-reaf-2024\/\" \/>\n<meta property=\"og:locale\" content=\"fr_FR\" \/>\n<meta property=\"og:type\" content=\"article\" \/>\n<meta property=\"og:title\" content=\"Les 8e Rencontres d&#039;\u00e9tudes africaines en France (REAF 2024) | Global Africa\" \/>\n<meta property=\"og:description\" content=\"La 8e \u00e9dition du colloque sur l\u2019Afrique se tiendra \u00e0 Nice du 1er au 4 juillet 2024, croisant SHS, environnement et \u00e9conomie.\" \/>\n<meta property=\"og:url\" content=\"https:\/\/www.globalafricasciences.org\/fr\/les-8e-rencontres-detudes-africaines-en-france-reaf-2024\/\" \/>\n<meta property=\"og:site_name\" content=\"Global Africa\" \/>\n<meta property=\"article:publisher\" content=\"https:\/\/www.facebook.com\/globalafricasciences\" \/>\n<meta property=\"article:published_time\" content=\"2025-02-21T09:51:21+00:00\" \/>\n<meta property=\"article:modified_time\" content=\"2025-05-30T13:17:49+00:00\" \/>\n<meta property=\"og:image\" content=\"https:\/\/www.globalafricasciences.org\/wp-content\/uploads\/2025\/02\/526d98_9fd6e74818ee456882954491e3f72f27mv2.webp\" \/>\n\t<meta property=\"og:image:width\" content=\"960\" \/>\n\t<meta property=\"og:image:height\" content=\"240\" \/>\n\t<meta property=\"og:image:type\" content=\"image\/png\" \/>\n<meta name=\"author\" content=\"Global Africa\" \/>\n<meta name=\"twitter:card\" content=\"summary_large_image\" \/>\n<meta name=\"twitter:label1\" content=\"\u00c9crit par\" \/>\n\t<meta name=\"twitter:data1\" content=\"Global Africa\" \/>\n\t<meta name=\"twitter:label2\" content=\"Dur\u00e9e de lecture estim\u00e9e\" \/>\n\t<meta name=\"twitter:data2\" content=\"1 minute\" \/>\n<script type=\"application\/ld+json\" class=\"yoast-schema-graph\">{\"@context\":\"https:\\\/\\\/schema.org\",\"@graph\":[{\"@type\":\"Article\",\"@id\":\"https:\\\/\\\/www.globalafricasciences.org\\\/fr\\\/les-8e-rencontres-detudes-africaines-en-france-reaf-2024\\\/#article\",\"isPartOf\":{\"@id\":\"https:\\\/\\\/www.globalafricasciences.org\\\/fr\\\/les-8e-rencontres-detudes-africaines-en-france-reaf-2024\\\/\"},\"author\":{\"name\":\"Global Africa\",\"@id\":\"https:\\\/\\\/www.globalafricasciences.org\\\/fr\\\/#\\\/schema\\\/person\\\/8c11b55a8c7d287934a558c0e354b773\"},\"headline\":\"Les 8e Rencontres d&rsquo;\u00e9tudes africaines en France (REAF 2024)\",\"datePublished\":\"2025-02-21T09:51:21+00:00\",\"dateModified\":\"2025-05-30T13:17:49+00:00\",\"mainEntityOfPage\":{\"@id\":\"https:\\\/\\\/www.globalafricasciences.org\\\/fr\\\/les-8e-rencontres-detudes-africaines-en-france-reaf-2024\\\/\"},\"wordCount\":168,\"commentCount\":0,\"publisher\":{\"@id\":\"https:\\\/\\\/www.globalafricasciences.org\\\/fr\\\/#organization\"},\"image\":{\"@id\":\"https:\\\/\\\/www.globalafricasciences.org\\\/fr\\\/les-8e-rencontres-detudes-africaines-en-france-reaf-2024\\\/#primaryimage\"},\"thumbnailUrl\":\"https:\\\/\\\/www.globalafricasciences.org\\\/wp-content\\\/uploads\\\/2025\\\/02\\\/526d98_9fd6e74818ee456882954491e3f72f27mv2.webp\",\"articleSection\":[\"Participations\"],\"inLanguage\":\"fr-FR\",\"potentialAction\":[{\"@type\":\"CommentAction\",\"name\":\"Comment\",\"target\":[\"https:\\\/\\\/www.globalafricasciences.org\\\/fr\\\/les-8e-rencontres-detudes-africaines-en-france-reaf-2024\\\/#respond\"]}]},{\"@type\":\"WebPage\",\"@id\":\"https:\\\/\\\/www.globalafricasciences.org\\\/fr\\\/les-8e-rencontres-detudes-africaines-en-france-reaf-2024\\\/\",\"url\":\"https:\\\/\\\/www.globalafricasciences.org\\\/fr\\\/les-8e-rencontres-detudes-africaines-en-france-reaf-2024\\\/\",\"name\":\"Les 8e Rencontres d'\u00e9tudes africaines en France (REAF 2024) | Global Africa\",\"isPartOf\":{\"@id\":\"https:\\\/\\\/www.globalafricasciences.org\\\/fr\\\/#website\"},\"primaryImageOfPage\":{\"@id\":\"https:\\\/\\\/www.globalafricasciences.org\\\/fr\\\/les-8e-rencontres-detudes-africaines-en-france-reaf-2024\\\/#primaryimage\"},\"image\":{\"@id\":\"https:\\\/\\\/www.globalafricasciences.org\\\/fr\\\/les-8e-rencontres-detudes-africaines-en-france-reaf-2024\\\/#primaryimage\"},\"thumbnailUrl\":\"https:\\\/\\\/www.globalafricasciences.org\\\/wp-content\\\/uploads\\\/2025\\\/02\\\/526d98_9fd6e74818ee456882954491e3f72f27mv2.webp\",\"datePublished\":\"2025-02-21T09:51:21+00:00\",\"dateModified\":\"2025-05-30T13:17:49+00:00\",\"description\":\"La 8e \u00e9dition du colloque sur l\u2019Afrique se tiendra \u00e0 Nice du 1er au 4 juillet 2024, croisant SHS, environnement et \u00e9conomie.\",\"breadcrumb\":{\"@id\":\"https:\\\/\\\/www.globalafricasciences.org\\\/fr\\\/les-8e-rencontres-detudes-africaines-en-france-reaf-2024\\\/#breadcrumb\"},\"inLanguage\":\"fr-FR\",\"potentialAction\":[{\"@type\":\"ReadAction\",\"target\":[\"https:\\\/\\\/www.globalafricasciences.org\\\/fr\\\/les-8e-rencontres-detudes-africaines-en-france-reaf-2024\\\/\"]}]},{\"@type\":\"ImageObject\",\"inLanguage\":\"fr-FR\",\"@id\":\"https:\\\/\\\/www.globalafricasciences.org\\\/fr\\\/les-8e-rencontres-detudes-africaines-en-france-reaf-2024\\\/#primaryimage\",\"url\":\"https:\\\/\\\/www.globalafricasciences.org\\\/wp-content\\\/uploads\\\/2025\\\/02\\\/526d98_9fd6e74818ee456882954491e3f72f27mv2.webp\",\"contentUrl\":\"https:\\\/\\\/www.globalafricasciences.org\\\/wp-content\\\/uploads\\\/2025\\\/02\\\/526d98_9fd6e74818ee456882954491e3f72f27mv2.webp\",\"width\":960,\"height\":240},{\"@type\":\"BreadcrumbList\",\"@id\":\"https:\\\/\\\/www.globalafricasciences.org\\\/fr\\\/les-8e-rencontres-detudes-africaines-en-france-reaf-2024\\\/#breadcrumb\",\"itemListElement\":[{\"@type\":\"ListItem\",\"position\":1,\"name\":\"Home\",\"item\":\"https:\\\/\\\/www.globalafricasciences.org\\\/fr\\\/accueil\\\/\"},{\"@type\":\"ListItem\",\"position\":2,\"name\":\"Les 8e Rencontres d&#8217;\u00e9tudes africaines en France (REAF 2024)\"}]},{\"@type\":\"WebSite\",\"@id\":\"https:\\\/\\\/www.globalafricasciences.org\\\/fr\\\/#website\",\"url\":\"https:\\\/\\\/www.globalafricasciences.org\\\/fr\\\/\",\"name\":\"Global Africa\",\"description\":\"Pan-African Scientific Journal\",\"publisher\":{\"@id\":\"https:\\\/\\\/www.globalafricasciences.org\\\/fr\\\/#organization\"},\"potentialAction\":[{\"@type\":\"SearchAction\",\"target\":{\"@type\":\"EntryPoint\",\"urlTemplate\":\"https:\\\/\\\/www.globalafricasciences.org\\\/fr\\\/?s={search_term_string}\"},\"query-input\":{\"@type\":\"PropertyValueSpecification\",\"valueRequired\":true,\"valueName\":\"search_term_string\"}}],\"inLanguage\":\"fr-FR\"},{\"@type\":\"Organization\",\"@id\":\"https:\\\/\\\/www.globalafricasciences.org\\\/fr\\\/#organization\",\"name\":\"Global Africa\",\"url\":\"https:\\\/\\\/www.globalafricasciences.org\\\/fr\\\/\",\"logo\":{\"@type\":\"ImageObject\",\"inLanguage\":\"fr-FR\",\"@id\":\"https:\\\/\\\/www.globalafricasciences.org\\\/fr\\\/#\\\/schema\\\/logo\\\/image\\\/\",\"url\":\"https:\\\/\\\/www.globalafricasciences.org\\\/wp-content\\\/uploads\\\/2024\\\/12\\\/Globalafrica.png\",\"contentUrl\":\"https:\\\/\\\/www.globalafricasciences.org\\\/wp-content\\\/uploads\\\/2024\\\/12\\\/Globalafrica.png\",\"width\":1680,\"height\":750,\"caption\":\"Global Africa\"},\"image\":{\"@id\":\"https:\\\/\\\/www.globalafricasciences.org\\\/fr\\\/#\\\/schema\\\/logo\\\/image\\\/\"},\"sameAs\":[\"https:\\\/\\\/www.facebook.com\\\/globalafricasciences\"]},{\"@type\":\"Person\",\"@id\":\"https:\\\/\\\/www.globalafricasciences.org\\\/fr\\\/#\\\/schema\\\/person\\\/8c11b55a8c7d287934a558c0e354b773\",\"name\":\"Global Africa\",\"image\":{\"@type\":\"ImageObject\",\"inLanguage\":\"fr-FR\",\"@id\":\"https:\\\/\\\/www.globalafricasciences.org\\\/wp-content\\\/uploads\\\/2024\\\/11\\\/Global-Africa.jpgd44bc09810f00cf464135b8441da2384\",\"url\":\"https:\\\/\\\/www.globalafricasciences.org\\\/wp-content\\\/uploads\\\/2024\\\/11\\\/Global-Africa.jpg\",\"contentUrl\":\"https:\\\/\\\/www.globalafricasciences.org\\\/wp-content\\\/uploads\\\/2024\\\/11\\\/Global-Africa.jpg\",\"caption\":\"Global Africa\"},\"description\":\"The editorial board of the journal is led by Mame-Penda Ba, a professor of political science at Gaston Berger University and the director of LASPAD(Laboratory of Social, Political, and Administrative Studies), Senegal.\",\"url\":\"https:\\\/\\\/www.globalafricasciences.org\\\/author\\\/globalafrica\\\/\"}]}<\/script>\n<!-- \/ Yoast SEO plugin. -->","yoast_head_json":{"title":"Les 8e Rencontres d'\u00e9tudes africaines en France (REAF 2024) | Global Africa","description":"La 8e \u00e9dition du colloque sur l\u2019Afrique se tiendra \u00e0 Nice du 1er au 4 juillet 2024, croisant SHS, environnement et \u00e9conomie.","robots":{"index":"index","follow":"follow","max-snippet":"max-snippet:-1","max-image-preview":"max-image-preview:large","max-video-preview":"max-video-preview:-1"},"canonical":"https:\/\/www.globalafricasciences.org\/fr\/les-8e-rencontres-detudes-africaines-en-france-reaf-2024\/","og_locale":"fr_FR","og_type":"article","og_title":"Les 8e Rencontres d'\u00e9tudes africaines en France (REAF 2024) | Global Africa","og_description":"La 8e \u00e9dition du colloque sur l\u2019Afrique se tiendra \u00e0 Nice du 1er au 4 juillet 2024, croisant SHS, environnement et \u00e9conomie.","og_url":"https:\/\/www.globalafricasciences.org\/fr\/les-8e-rencontres-detudes-africaines-en-france-reaf-2024\/","og_site_name":"Global Africa","article_publisher":"https:\/\/www.facebook.com\/globalafricasciences","article_published_time":"2025-02-21T09:51:21+00:00","article_modified_time":"2025-05-30T13:17:49+00:00","og_image":[{"width":960,"height":240,"url":"https:\/\/www.globalafricasciences.org\/wp-content\/uploads\/2025\/02\/526d98_9fd6e74818ee456882954491e3f72f27mv2.webp","type":"image\/png"}],"author":"Global Africa","twitter_card":"summary_large_image","twitter_misc":{"\u00c9crit par":"Global Africa","Dur\u00e9e de lecture estim\u00e9e":"1 minute"},"schema":{"@context":"https:\/\/schema.org","@graph":[{"@type":"Article","@id":"https:\/\/www.globalafricasciences.org\/fr\/les-8e-rencontres-detudes-africaines-en-france-reaf-2024\/#article","isPartOf":{"@id":"https:\/\/www.globalafricasciences.org\/fr\/les-8e-rencontres-detudes-africaines-en-france-reaf-2024\/"},"author":{"name":"Global Africa","@id":"https:\/\/www.globalafricasciences.org\/fr\/#\/schema\/person\/8c11b55a8c7d287934a558c0e354b773"},"headline":"Les 8e Rencontres d&rsquo;\u00e9tudes africaines en France (REAF 2024)","datePublished":"2025-02-21T09:51:21+00:00","dateModified":"2025-05-30T13:17:49+00:00","mainEntityOfPage":{"@id":"https:\/\/www.globalafricasciences.org\/fr\/les-8e-rencontres-detudes-africaines-en-france-reaf-2024\/"},"wordCount":168,"commentCount":0,"publisher":{"@id":"https:\/\/www.globalafricasciences.org\/fr\/#organization"},"image":{"@id":"https:\/\/www.globalafricasciences.org\/fr\/les-8e-rencontres-detudes-africaines-en-france-reaf-2024\/#primaryimage"},"thumbnailUrl":"https:\/\/www.globalafricasciences.org\/wp-content\/uploads\/2025\/02\/526d98_9fd6e74818ee456882954491e3f72f27mv2.webp","articleSection":["Participations"],"inLanguage":"fr-FR","potentialAction":[{"@type":"CommentAction","name":"Comment","target":["https:\/\/www.globalafricasciences.org\/fr\/les-8e-rencontres-detudes-africaines-en-france-reaf-2024\/#respond"]}]},{"@type":"WebPage","@id":"https:\/\/www.globalafricasciences.org\/fr\/les-8e-rencontres-detudes-africaines-en-france-reaf-2024\/","url":"https:\/\/www.globalafricasciences.org\/fr\/les-8e-rencontres-detudes-africaines-en-france-reaf-2024\/","name":"Les 8e Rencontres d'\u00e9tudes africaines en France (REAF 2024) | Global Africa","isPartOf":{"@id":"https:\/\/www.globalafricasciences.org\/fr\/#website"},"primaryImageOfPage":{"@id":"https:\/\/www.globalafricasciences.org\/fr\/les-8e-rencontres-detudes-africaines-en-france-reaf-2024\/#primaryimage"},"image":{"@id":"https:\/\/www.globalafricasciences.org\/fr\/les-8e-rencontres-detudes-africaines-en-france-reaf-2024\/#primaryimage"},"thumbnailUrl":"https:\/\/www.globalafricasciences.org\/wp-content\/uploads\/2025\/02\/526d98_9fd6e74818ee456882954491e3f72f27mv2.webp","datePublished":"2025-02-21T09:51:21+00:00","dateModified":"2025-05-30T13:17:49+00:00","description":"La 8e \u00e9dition du colloque sur l\u2019Afrique se tiendra \u00e0 Nice du 1er au 4 juillet 2024, croisant SHS, environnement et \u00e9conomie.","breadcrumb":{"@id":"https:\/\/www.globalafricasciences.org\/fr\/les-8e-rencontres-detudes-africaines-en-france-reaf-2024\/#breadcrumb"},"inLanguage":"fr-FR","potentialAction":[{"@type":"ReadAction","target":["https:\/\/www.globalafricasciences.org\/fr\/les-8e-rencontres-detudes-africaines-en-france-reaf-2024\/"]}]},{"@type":"ImageObject","inLanguage":"fr-FR","@id":"https:\/\/www.globalafricasciences.org\/fr\/les-8e-rencontres-detudes-africaines-en-france-reaf-2024\/#primaryimage","url":"https:\/\/www.globalafricasciences.org\/wp-content\/uploads\/2025\/02\/526d98_9fd6e74818ee456882954491e3f72f27mv2.webp","contentUrl":"https:\/\/www.globalafricasciences.org\/wp-content\/uploads\/2025\/02\/526d98_9fd6e74818ee456882954491e3f72f27mv2.webp","width":960,"height":240},{"@type":"BreadcrumbList","@id":"https:\/\/www.globalafricasciences.org\/fr\/les-8e-rencontres-detudes-africaines-en-france-reaf-2024\/#breadcrumb","itemListElement":[{"@type":"ListItem","position":1,"name":"Home","item":"https:\/\/www.globalafricasciences.org\/fr\/accueil\/"},{"@type":"ListItem","position":2,"name":"Les 8e Rencontres d&#8217;\u00e9tudes africaines en France (REAF 2024)"}]},{"@type":"WebSite","@id":"https:\/\/www.globalafricasciences.org\/fr\/#website","url":"https:\/\/www.globalafricasciences.org\/fr\/","name":"Global Africa","description":"Pan-African Scientific Journal","publisher":{"@id":"https:\/\/www.globalafricasciences.org\/fr\/#organization"},"potentialAction":[{"@type":"SearchAction","target":{"@type":"EntryPoint","urlTemplate":"https:\/\/www.globalafricasciences.org\/fr\/?s={search_term_string}"},"query-input":{"@type":"PropertyValueSpecification","valueRequired":true,"valueName":"search_term_string"}}],"inLanguage":"fr-FR"},{"@type":"Organization","@id":"https:\/\/www.globalafricasciences.org\/fr\/#organization","name":"Global Africa","url":"https:\/\/www.globalafricasciences.org\/fr\/","logo":{"@type":"ImageObject","inLanguage":"fr-FR","@id":"https:\/\/www.globalafricasciences.org\/fr\/#\/schema\/logo\/image\/","url":"https:\/\/www.globalafricasciences.org\/wp-content\/uploads\/2024\/12\/Globalafrica.png","contentUrl":"https:\/\/www.globalafricasciences.org\/wp-content\/uploads\/2024\/12\/Globalafrica.png","width":1680,"height":750,"caption":"Global Africa"},"image":{"@id":"https:\/\/www.globalafricasciences.org\/fr\/#\/schema\/logo\/image\/"},"sameAs":["https:\/\/www.facebook.com\/globalafricasciences"]},{"@type":"Person","@id":"https:\/\/www.globalafricasciences.org\/fr\/#\/schema\/person\/8c11b55a8c7d287934a558c0e354b773","name":"Global Africa","image":{"@type":"ImageObject","inLanguage":"fr-FR","@id":"https:\/\/www.globalafricasciences.org\/wp-content\/uploads\/2024\/11\/Global-Africa.jpgd44bc09810f00cf464135b8441da2384","url":"https:\/\/www.globalafricasciences.org\/wp-content\/uploads\/2024\/11\/Global-Africa.jpg","contentUrl":"https:\/\/www.globalafricasciences.org\/wp-content\/uploads\/2024\/11\/Global-Africa.jpg","caption":"Global Africa"},"description":"The editorial board of the journal is led by Mame-Penda Ba, a professor of political science at Gaston Berger University and the director of LASPAD(Laboratory of Social, Political, and Administrative Studies), Senegal.","url":"https:\/\/www.globalafricasciences.org\/author\/globalafrica\/"}]}},"acf":[],"authors":[{"term_id":265,"user_id":0,"is_guest":1,"slug":"global-africa","display_name":"Global Africa","avatar_url":{"url":"https:\/\/www.globalafricasciences.org\/wp-content\/uploads\/2024\/11\/Global-Africa.jpg","url2x":"https:\/\/www.globalafricasciences.org\/wp-content\/uploads\/2024\/11\/Global-Africa.jpg"},"author_category":"1","exclude_author":"","main-organisation":"Universit\u00e9 Gaston Berger","country_of_org":"S\u00e9n\u00e9gal","field_of_work":"Sciences sociales","first_name":"","last_name":"","user_url":"","job_title":"","description":"<div id=\"comp-lmq9yt56\" class=\"HcOXKn c9GqVL QxJLC3 lq2cno YQcXTT comp-lmq9yt56 wixui-rich-text\" data-testid=\"richTextElement\">\r\n<p class=\"font_8 wixui-rich-text__text\">La r\u00e9daction de la revue est dirig\u00e9e par Mame-Penda Ba, professeure de sciences politiques \u00e0 l'Universit\u00e9 Gaston Berger et directrice du LASPAD, S\u00e9n\u00e9gal<\/p>\r\n\r\n<\/div>"}],"_links":{"self":[{"href":"https:\/\/www.globalafricasciences.org\/fr\/wp-json\/wp\/v2\/posts\/9250","targetHints":{"allow":["GET"]}}],"collection":[{"href":"https:\/\/www.globalafricasciences.org\/fr\/wp-json\/wp\/v2\/posts"}],"about":[{"href":"https:\/\/www.globalafricasciences.org\/fr\/wp-json\/wp\/v2\/types\/post"}],"author":[{"embeddable":true,"href":"https:\/\/www.globalafricasciences.org\/fr\/wp-json\/wp\/v2\/users\/50"}],"replies":[{"embeddable":true,"href":"https:\/\/www.globalafricasciences.org\/fr\/wp-json\/wp\/v2\/comments?post=9250"}],"version-history":[{"count":0,"href":"https:\/\/www.globalafricasciences.org\/fr\/wp-json\/wp\/v2\/posts\/9250\/revisions"}],"wp:featuredmedia":[{"embeddable":true,"href":"https:\/\/www.globalafricasciences.org\/fr\/wp-json\/wp\/v2\/media\/8264"}],"wp:attachment":[{"href":"https:\/\/www.globalafricasciences.org\/fr\/wp-json\/wp\/v2\/media?parent=9250"}],"wp:term":[{"taxonomy":"category","embeddable":true,"href":"https:\/\/www.globalafricasciences.org\/fr\/wp-json\/wp\/v2\/categories?post=9250"},{"taxonomy":"post_tag","embeddable":true,"href":"https:\/\/www.globalafricasciences.org\/fr\/wp-json\/wp\/v2\/tags?post=9250"},{"taxonomy":"issues3","embeddable":true,"href":"https:\/\/www.globalafricasciences.org\/fr\/wp-json\/wp\/v2\/issues3?post=9250"},{"taxonomy":"post_folder","embeddable":true,"href":"https:\/\/www.globalafricasciences.org\/fr\/wp-json\/wp\/v2\/post_folder?post=9250"},{"taxonomy":"author","embeddable":true,"href":"https:\/\/www.globalafricasciences.org\/fr\/wp-json\/wp\/v2\/ppma_author?post=9250"}],"curies":[{"name":"wp","href":"https:\/\/api.w.org\/{rel}","templated":true}]}}