{"id":9232,"date":"2025-02-21T11:29:23","date_gmt":"2025-02-21T11:29:23","guid":{"rendered":"https:\/\/www.globalafricasciences.org\/actualites\/repenser-repanser-limage-de-lafrique-pour-le-developpement-du-continent\/"},"modified":"2025-07-02T16:28:05","modified_gmt":"2025-07-02T16:28:05","slug":"repenser-repanser-limage-de-lafrique-pour-le-developpement-du-continent","status":"publish","type":"post","link":"https:\/\/www.globalafricasciences.org\/fr\/repenser-repanser-limage-de-lafrique-pour-le-developpement-du-continent\/","title":{"rendered":"(Re)penser\/(Re)panser l\u2019image de l\u2019Afrique pour le d\u00e9veloppement du continent"},"content":{"rendered":"\n<p><strong><em>Symposium des Jeunes Chercheurs Africains, (Re)penser\/(Re)panser l\u2019image de l\u2019Afrique pour le d\u00e9veloppement du continent, Universit\u00e9 Gaston Berger (Saint-Louis, S\u00e9n\u00e9gal), 3-7 juin 2024<\/em><\/strong><br\/><br\/><\/p>\n\n<div class=\"wp-block-media-text has-media-on-the-right is-stacked-on-mobile\"><div class=\"wp-block-media-text__content\">\n<p>Ce symposium, con\u00e7u et organis\u00e9 par des jeunes chercheurs africains, ambitionne d\u2019alimenter les d\u00e9bats des cercles intellectuels africanistes autour de la r\u00e9vision de l\u2019image du continent africain dans le contexte d&rsquo;un ordre mondial marqu\u00e9 par la course au d\u00e9veloppement, o\u00f9 les grandes puissances s&rsquo;attellent \u00e0 une promotion asym\u00e9trique de leur culture qu&rsquo;elles posent comme un app\u00e2t implicite au reste du monde. Cette th\u00e9matique sera analys\u00e9e \u00e0 travers les sous-th\u00e8mes non exhaustifs suivants : <\/p>\n\n\n\n<p><\/p>\n<\/div><figure class=\"wp-block-media-text__media\"><img fetchpriority=\"high\" decoding=\"async\" width=\"280\" height=\"280\" src=\"https:\/\/www.globalafricasciences.org\/wp-content\/uploads\/2025\/02\/RethinkingReimagining-the-Image-of-Africa-for-the-Development-of-the-Continent.-.avif\" alt=\"\" class=\"wp-image-8341 size-full\"\/><\/figure><\/div>\n\n<ul class=\"wp-block-list\">\n<li>\u2022 Femme et d\u00e9veloppement de l\u2019Afrique ;<\/li>\n\n\n\n<li>\u2022 D\u00e9mographie (Jeunesse) et d\u00e9veloppement de l\u2019Afrique ;<\/li>\n\n\n\n<li>\u2022 Culture et d\u00e9veloppement de l\u2019Afrique ;<\/li>\n\n\n\n<li>\u2022 Religion, spiritualit\u00e9 et d\u00e9veloppement de l\u2019Afrique ;<\/li>\n\n\n\n<li>\u2022 L\u2019Afrique \u00e0 travers le regard des Africains ;<\/li>\n\n\n\n<li>\u2022 \u00c9ducation et formation dans l\u2019Afrique de demain ;<\/li>\n\n\n\n<li>\u2022 Start-up, entrepreneuriat et TIC ;<\/li>\n\n\n\n<li>\u2022 Langues et int\u00e9gration africaine ;<\/li>\n\n\n\n<li>\u2022 Diaspora et d\u00e9veloppement ;<\/li>\n\n\n\n<li>\u2022 L\u2019Afrique et le monde : quels nouveaux rapports ?<\/li>\n\n\n\n<li>\u2022 Sports et sportifs africains : vitrines de l\u2019Afrique\u2026<\/li>\n<\/ul>\n\n<p>Les propositions de pr\u00e9sentation doivent \u00eatre soumises au plus tard le 30 septembre 2023.<\/p>\n\n<p><strong>Pour plus d&rsquo;informations :<\/strong><a href=\"https:\/\/calenda.org\/1085979\" target=\"_blank\" rel=\"noreferrer noopener\"><strong> https:\/\/calenda.org\/1085979<\/strong><\/a><\/p>\n","protected":false},"excerpt":{"rendered":"<p>Symposium des Jeunes Chercheurs Africains, (Re)penser\/(Re)panser l\u2019image de l\u2019Afrique pour le d\u00e9veloppement du continent, Universit\u00e9 Gaston Berger (Saint-Louis, S\u00e9n\u00e9gal), 3-7 juin 2024 Ce symposium, con\u00e7u et organis\u00e9 par des jeunes chercheurs africains, ambitionne d\u2019alimenter les d\u00e9bats des cercles intellectuels africanistes autour de la r\u00e9vision de l\u2019image du continent africain dans le contexte d&rsquo;un ordre mondial marqu\u00e9 par la course au d\u00e9veloppement, o\u00f9 les grandes puissances s&rsquo;attellent \u00e0 une promotion asym\u00e9trique de leur culture qu&rsquo;elles posent comme un app\u00e2t implicite au reste du monde. Cette th\u00e9matique sera analys\u00e9e \u00e0 travers les sous-th\u00e8mes non exhaustifs suivants : Les propositions de pr\u00e9sentation doivent \u00eatre soumises au plus tard le 30 septembre 2023. Pour plus d&rsquo;informations : https:\/\/calenda.org\/1085979<\/p>\n","protected":false},"author":50,"featured_media":8342,"comment_status":"open","ping_status":"open","sticky":false,"template":"","format":"standard","meta":{"footnotes":""},"categories":[181],"tags":[],"issues3":[],"post_folder":[],"ppma_author":[265],"class_list":["post-9232","post","type-post","status-publish","format-standard","has-post-thumbnail","hentry","category-participations-fr","author-global-africa"],"yoast_head":"<!-- This site is optimized with the Yoast SEO plugin v27.5 - https:\/\/yoast.com\/product\/yoast-seo-wordpress\/ -->\n<title>(Re)penser\/(Re)panser l\u2019image de l\u2019Afrique pour le d\u00e9veloppement du continent | Global Africa<\/title>\n<meta name=\"description\" content=\"Appel \u00e0 communications : participez au symposium \u201cRepenser l\u2019image de l\u2019Afrique pour son d\u00e9veloppement\u201d \u00e0 l\u2019Universit\u00e9 Gaston Berger.\" \/>\n<meta name=\"robots\" content=\"index, follow, max-snippet:-1, max-image-preview:large, max-video-preview:-1\" \/>\n<link rel=\"canonical\" href=\"https:\/\/www.globalafricasciences.org\/fr\/repenser-repanser-limage-de-lafrique-pour-le-developpement-du-continent\/\" \/>\n<meta property=\"og:locale\" content=\"fr_FR\" \/>\n<meta property=\"og:type\" content=\"article\" \/>\n<meta property=\"og:title\" content=\"(Re)penser\/(Re)panser l\u2019image de l\u2019Afrique pour le d\u00e9veloppement du continent | Global Africa\" \/>\n<meta property=\"og:description\" content=\"Appel \u00e0 communications : participez au symposium \u201cRepenser l\u2019image de l\u2019Afrique pour son d\u00e9veloppement\u201d \u00e0 l\u2019Universit\u00e9 Gaston Berger.\" \/>\n<meta property=\"og:url\" content=\"https:\/\/www.globalafricasciences.org\/fr\/repenser-repanser-limage-de-lafrique-pour-le-developpement-du-continent\/\" \/>\n<meta property=\"og:site_name\" content=\"Global Africa\" \/>\n<meta property=\"article:publisher\" content=\"https:\/\/www.facebook.com\/globalafricasciences\" \/>\n<meta property=\"article:published_time\" content=\"2025-02-21T11:29:23+00:00\" \/>\n<meta property=\"article:modified_time\" content=\"2025-07-02T16:28:05+00:00\" \/>\n<meta name=\"author\" content=\"Global Africa\" \/>\n<meta name=\"twitter:card\" content=\"summary_large_image\" \/>\n<meta name=\"twitter:label1\" content=\"\u00c9crit par\" \/>\n\t<meta name=\"twitter:data1\" content=\"Global Africa\" \/>\n\t<meta name=\"twitter:label2\" content=\"Dur\u00e9e de lecture estim\u00e9e\" \/>\n\t<meta name=\"twitter:data2\" content=\"1 minute\" \/>\n<script type=\"application\/ld+json\" class=\"yoast-schema-graph\">{\"@context\":\"https:\\\/\\\/schema.org\",\"@graph\":[{\"@type\":\"Article\",\"@id\":\"https:\\\/\\\/www.globalafricasciences.org\\\/fr\\\/repenser-repanser-limage-de-lafrique-pour-le-developpement-du-continent\\\/#article\",\"isPartOf\":{\"@id\":\"https:\\\/\\\/www.globalafricasciences.org\\\/fr\\\/repenser-repanser-limage-de-lafrique-pour-le-developpement-du-continent\\\/\"},\"author\":{\"name\":\"Global Africa\",\"@id\":\"https:\\\/\\\/www.globalafricasciences.org\\\/fr\\\/#\\\/schema\\\/person\\\/8c11b55a8c7d287934a558c0e354b773\"},\"headline\":\"(Re)penser\\\/(Re)panser l\u2019image de l\u2019Afrique pour le d\u00e9veloppement du continent\",\"datePublished\":\"2025-02-21T11:29:23+00:00\",\"dateModified\":\"2025-07-02T16:28:05+00:00\",\"mainEntityOfPage\":{\"@id\":\"https:\\\/\\\/www.globalafricasciences.org\\\/fr\\\/repenser-repanser-limage-de-lafrique-pour-le-developpement-du-continent\\\/\"},\"wordCount\":223,\"commentCount\":0,\"publisher\":{\"@id\":\"https:\\\/\\\/www.globalafricasciences.org\\\/fr\\\/#organization\"},\"image\":{\"@id\":\"https:\\\/\\\/www.globalafricasciences.org\\\/fr\\\/repenser-repanser-limage-de-lafrique-pour-le-developpement-du-continent\\\/#primaryimage\"},\"thumbnailUrl\":\"https:\\\/\\\/www.globalafricasciences.org\\\/wp-content\\\/uploads\\\/2025\\\/02\\\/RethinkingReimagining-the-Image-of-Africa-for-the-Development-of-the-Continent.-.avif\",\"articleSection\":[\"Participations\"],\"inLanguage\":\"fr-FR\",\"potentialAction\":[{\"@type\":\"CommentAction\",\"name\":\"Comment\",\"target\":[\"https:\\\/\\\/www.globalafricasciences.org\\\/fr\\\/repenser-repanser-limage-de-lafrique-pour-le-developpement-du-continent\\\/#respond\"]}]},{\"@type\":\"WebPage\",\"@id\":\"https:\\\/\\\/www.globalafricasciences.org\\\/fr\\\/repenser-repanser-limage-de-lafrique-pour-le-developpement-du-continent\\\/\",\"url\":\"https:\\\/\\\/www.globalafricasciences.org\\\/fr\\\/repenser-repanser-limage-de-lafrique-pour-le-developpement-du-continent\\\/\",\"name\":\"(Re)penser\\\/(Re)panser l\u2019image de l\u2019Afrique pour le d\u00e9veloppement du continent | Global Africa\",\"isPartOf\":{\"@id\":\"https:\\\/\\\/www.globalafricasciences.org\\\/fr\\\/#website\"},\"primaryImageOfPage\":{\"@id\":\"https:\\\/\\\/www.globalafricasciences.org\\\/fr\\\/repenser-repanser-limage-de-lafrique-pour-le-developpement-du-continent\\\/#primaryimage\"},\"image\":{\"@id\":\"https:\\\/\\\/www.globalafricasciences.org\\\/fr\\\/repenser-repanser-limage-de-lafrique-pour-le-developpement-du-continent\\\/#primaryimage\"},\"thumbnailUrl\":\"https:\\\/\\\/www.globalafricasciences.org\\\/wp-content\\\/uploads\\\/2025\\\/02\\\/RethinkingReimagining-the-Image-of-Africa-for-the-Development-of-the-Continent.-.avif\",\"datePublished\":\"2025-02-21T11:29:23+00:00\",\"dateModified\":\"2025-07-02T16:28:05+00:00\",\"description\":\"Appel \u00e0 communications : participez au symposium \u201cRepenser l\u2019image de l\u2019Afrique pour son d\u00e9veloppement\u201d \u00e0 l\u2019Universit\u00e9 Gaston Berger.\",\"breadcrumb\":{\"@id\":\"https:\\\/\\\/www.globalafricasciences.org\\\/fr\\\/repenser-repanser-limage-de-lafrique-pour-le-developpement-du-continent\\\/#breadcrumb\"},\"inLanguage\":\"fr-FR\",\"potentialAction\":[{\"@type\":\"ReadAction\",\"target\":[\"https:\\\/\\\/www.globalafricasciences.org\\\/fr\\\/repenser-repanser-limage-de-lafrique-pour-le-developpement-du-continent\\\/\"]}]},{\"@type\":\"ImageObject\",\"inLanguage\":\"fr-FR\",\"@id\":\"https:\\\/\\\/www.globalafricasciences.org\\\/fr\\\/repenser-repanser-limage-de-lafrique-pour-le-developpement-du-continent\\\/#primaryimage\",\"url\":\"https:\\\/\\\/www.globalafricasciences.org\\\/wp-content\\\/uploads\\\/2025\\\/02\\\/RethinkingReimagining-the-Image-of-Africa-for-the-Development-of-the-Continent.-.avif\",\"contentUrl\":\"https:\\\/\\\/www.globalafricasciences.org\\\/wp-content\\\/uploads\\\/2025\\\/02\\\/RethinkingReimagining-the-Image-of-Africa-for-the-Development-of-the-Continent.-.avif\",\"width\":280,\"height\":280},{\"@type\":\"BreadcrumbList\",\"@id\":\"https:\\\/\\\/www.globalafricasciences.org\\\/fr\\\/repenser-repanser-limage-de-lafrique-pour-le-developpement-du-continent\\\/#breadcrumb\",\"itemListElement\":[{\"@type\":\"ListItem\",\"position\":1,\"name\":\"Home\",\"item\":\"https:\\\/\\\/www.globalafricasciences.org\\\/fr\\\/accueil\\\/\"},{\"@type\":\"ListItem\",\"position\":2,\"name\":\"(Re)penser\\\/(Re)panser l\u2019image de l\u2019Afrique pour le d\u00e9veloppement du continent\"}]},{\"@type\":\"WebSite\",\"@id\":\"https:\\\/\\\/www.globalafricasciences.org\\\/fr\\\/#website\",\"url\":\"https:\\\/\\\/www.globalafricasciences.org\\\/fr\\\/\",\"name\":\"Global Africa\",\"description\":\"Pan-African Scientific Journal\",\"publisher\":{\"@id\":\"https:\\\/\\\/www.globalafricasciences.org\\\/fr\\\/#organization\"},\"potentialAction\":[{\"@type\":\"SearchAction\",\"target\":{\"@type\":\"EntryPoint\",\"urlTemplate\":\"https:\\\/\\\/www.globalafricasciences.org\\\/fr\\\/?s={search_term_string}\"},\"query-input\":{\"@type\":\"PropertyValueSpecification\",\"valueRequired\":true,\"valueName\":\"search_term_string\"}}],\"inLanguage\":\"fr-FR\"},{\"@type\":\"Organization\",\"@id\":\"https:\\\/\\\/www.globalafricasciences.org\\\/fr\\\/#organization\",\"name\":\"Global Africa\",\"url\":\"https:\\\/\\\/www.globalafricasciences.org\\\/fr\\\/\",\"logo\":{\"@type\":\"ImageObject\",\"inLanguage\":\"fr-FR\",\"@id\":\"https:\\\/\\\/www.globalafricasciences.org\\\/fr\\\/#\\\/schema\\\/logo\\\/image\\\/\",\"url\":\"https:\\\/\\\/www.globalafricasciences.org\\\/wp-content\\\/uploads\\\/2024\\\/12\\\/Globalafrica.png\",\"contentUrl\":\"https:\\\/\\\/www.globalafricasciences.org\\\/wp-content\\\/uploads\\\/2024\\\/12\\\/Globalafrica.png\",\"width\":1680,\"height\":750,\"caption\":\"Global Africa\"},\"image\":{\"@id\":\"https:\\\/\\\/www.globalafricasciences.org\\\/fr\\\/#\\\/schema\\\/logo\\\/image\\\/\"},\"sameAs\":[\"https:\\\/\\\/www.facebook.com\\\/globalafricasciences\"]},{\"@type\":\"Person\",\"@id\":\"https:\\\/\\\/www.globalafricasciences.org\\\/fr\\\/#\\\/schema\\\/person\\\/8c11b55a8c7d287934a558c0e354b773\",\"name\":\"Global Africa\",\"image\":{\"@type\":\"ImageObject\",\"inLanguage\":\"fr-FR\",\"@id\":\"https:\\\/\\\/www.globalafricasciences.org\\\/wp-content\\\/uploads\\\/2024\\\/11\\\/Global-Africa.jpgd44bc09810f00cf464135b8441da2384\",\"url\":\"https:\\\/\\\/www.globalafricasciences.org\\\/wp-content\\\/uploads\\\/2024\\\/11\\\/Global-Africa.jpg\",\"contentUrl\":\"https:\\\/\\\/www.globalafricasciences.org\\\/wp-content\\\/uploads\\\/2024\\\/11\\\/Global-Africa.jpg\",\"caption\":\"Global Africa\"},\"description\":\"The editorial board of the journal is led by Mame-Penda Ba, a professor of political science at Gaston Berger University and the director of LASPAD(Laboratory of Social, Political, and Administrative Studies), Senegal.\",\"url\":\"https:\\\/\\\/www.globalafricasciences.org\\\/author\\\/globalafrica\\\/\"}]}<\/script>\n<!-- \/ Yoast SEO plugin. -->","yoast_head_json":{"title":"(Re)penser\/(Re)panser l\u2019image de l\u2019Afrique pour le d\u00e9veloppement du continent | Global Africa","description":"Appel \u00e0 communications : participez au symposium \u201cRepenser l\u2019image de l\u2019Afrique pour son d\u00e9veloppement\u201d \u00e0 l\u2019Universit\u00e9 Gaston Berger.","robots":{"index":"index","follow":"follow","max-snippet":"max-snippet:-1","max-image-preview":"max-image-preview:large","max-video-preview":"max-video-preview:-1"},"canonical":"https:\/\/www.globalafricasciences.org\/fr\/repenser-repanser-limage-de-lafrique-pour-le-developpement-du-continent\/","og_locale":"fr_FR","og_type":"article","og_title":"(Re)penser\/(Re)panser l\u2019image de l\u2019Afrique pour le d\u00e9veloppement du continent | Global Africa","og_description":"Appel \u00e0 communications : participez au symposium \u201cRepenser l\u2019image de l\u2019Afrique pour son d\u00e9veloppement\u201d \u00e0 l\u2019Universit\u00e9 Gaston Berger.","og_url":"https:\/\/www.globalafricasciences.org\/fr\/repenser-repanser-limage-de-lafrique-pour-le-developpement-du-continent\/","og_site_name":"Global Africa","article_publisher":"https:\/\/www.facebook.com\/globalafricasciences","article_published_time":"2025-02-21T11:29:23+00:00","article_modified_time":"2025-07-02T16:28:05+00:00","author":"Global Africa","twitter_card":"summary_large_image","twitter_misc":{"\u00c9crit par":"Global Africa","Dur\u00e9e de lecture estim\u00e9e":"1 minute"},"schema":{"@context":"https:\/\/schema.org","@graph":[{"@type":"Article","@id":"https:\/\/www.globalafricasciences.org\/fr\/repenser-repanser-limage-de-lafrique-pour-le-developpement-du-continent\/#article","isPartOf":{"@id":"https:\/\/www.globalafricasciences.org\/fr\/repenser-repanser-limage-de-lafrique-pour-le-developpement-du-continent\/"},"author":{"name":"Global Africa","@id":"https:\/\/www.globalafricasciences.org\/fr\/#\/schema\/person\/8c11b55a8c7d287934a558c0e354b773"},"headline":"(Re)penser\/(Re)panser l\u2019image de l\u2019Afrique pour le d\u00e9veloppement du continent","datePublished":"2025-02-21T11:29:23+00:00","dateModified":"2025-07-02T16:28:05+00:00","mainEntityOfPage":{"@id":"https:\/\/www.globalafricasciences.org\/fr\/repenser-repanser-limage-de-lafrique-pour-le-developpement-du-continent\/"},"wordCount":223,"commentCount":0,"publisher":{"@id":"https:\/\/www.globalafricasciences.org\/fr\/#organization"},"image":{"@id":"https:\/\/www.globalafricasciences.org\/fr\/repenser-repanser-limage-de-lafrique-pour-le-developpement-du-continent\/#primaryimage"},"thumbnailUrl":"https:\/\/www.globalafricasciences.org\/wp-content\/uploads\/2025\/02\/RethinkingReimagining-the-Image-of-Africa-for-the-Development-of-the-Continent.-.avif","articleSection":["Participations"],"inLanguage":"fr-FR","potentialAction":[{"@type":"CommentAction","name":"Comment","target":["https:\/\/www.globalafricasciences.org\/fr\/repenser-repanser-limage-de-lafrique-pour-le-developpement-du-continent\/#respond"]}]},{"@type":"WebPage","@id":"https:\/\/www.globalafricasciences.org\/fr\/repenser-repanser-limage-de-lafrique-pour-le-developpement-du-continent\/","url":"https:\/\/www.globalafricasciences.org\/fr\/repenser-repanser-limage-de-lafrique-pour-le-developpement-du-continent\/","name":"(Re)penser\/(Re)panser l\u2019image de l\u2019Afrique pour le d\u00e9veloppement du continent | Global Africa","isPartOf":{"@id":"https:\/\/www.globalafricasciences.org\/fr\/#website"},"primaryImageOfPage":{"@id":"https:\/\/www.globalafricasciences.org\/fr\/repenser-repanser-limage-de-lafrique-pour-le-developpement-du-continent\/#primaryimage"},"image":{"@id":"https:\/\/www.globalafricasciences.org\/fr\/repenser-repanser-limage-de-lafrique-pour-le-developpement-du-continent\/#primaryimage"},"thumbnailUrl":"https:\/\/www.globalafricasciences.org\/wp-content\/uploads\/2025\/02\/RethinkingReimagining-the-Image-of-Africa-for-the-Development-of-the-Continent.-.avif","datePublished":"2025-02-21T11:29:23+00:00","dateModified":"2025-07-02T16:28:05+00:00","description":"Appel \u00e0 communications : participez au symposium \u201cRepenser l\u2019image de l\u2019Afrique pour son d\u00e9veloppement\u201d \u00e0 l\u2019Universit\u00e9 Gaston Berger.","breadcrumb":{"@id":"https:\/\/www.globalafricasciences.org\/fr\/repenser-repanser-limage-de-lafrique-pour-le-developpement-du-continent\/#breadcrumb"},"inLanguage":"fr-FR","potentialAction":[{"@type":"ReadAction","target":["https:\/\/www.globalafricasciences.org\/fr\/repenser-repanser-limage-de-lafrique-pour-le-developpement-du-continent\/"]}]},{"@type":"ImageObject","inLanguage":"fr-FR","@id":"https:\/\/www.globalafricasciences.org\/fr\/repenser-repanser-limage-de-lafrique-pour-le-developpement-du-continent\/#primaryimage","url":"https:\/\/www.globalafricasciences.org\/wp-content\/uploads\/2025\/02\/RethinkingReimagining-the-Image-of-Africa-for-the-Development-of-the-Continent.-.avif","contentUrl":"https:\/\/www.globalafricasciences.org\/wp-content\/uploads\/2025\/02\/RethinkingReimagining-the-Image-of-Africa-for-the-Development-of-the-Continent.-.avif","width":280,"height":280},{"@type":"BreadcrumbList","@id":"https:\/\/www.globalafricasciences.org\/fr\/repenser-repanser-limage-de-lafrique-pour-le-developpement-du-continent\/#breadcrumb","itemListElement":[{"@type":"ListItem","position":1,"name":"Home","item":"https:\/\/www.globalafricasciences.org\/fr\/accueil\/"},{"@type":"ListItem","position":2,"name":"(Re)penser\/(Re)panser l\u2019image de l\u2019Afrique pour le d\u00e9veloppement du continent"}]},{"@type":"WebSite","@id":"https:\/\/www.globalafricasciences.org\/fr\/#website","url":"https:\/\/www.globalafricasciences.org\/fr\/","name":"Global Africa","description":"Pan-African Scientific Journal","publisher":{"@id":"https:\/\/www.globalafricasciences.org\/fr\/#organization"},"potentialAction":[{"@type":"SearchAction","target":{"@type":"EntryPoint","urlTemplate":"https:\/\/www.globalafricasciences.org\/fr\/?s={search_term_string}"},"query-input":{"@type":"PropertyValueSpecification","valueRequired":true,"valueName":"search_term_string"}}],"inLanguage":"fr-FR"},{"@type":"Organization","@id":"https:\/\/www.globalafricasciences.org\/fr\/#organization","name":"Global Africa","url":"https:\/\/www.globalafricasciences.org\/fr\/","logo":{"@type":"ImageObject","inLanguage":"fr-FR","@id":"https:\/\/www.globalafricasciences.org\/fr\/#\/schema\/logo\/image\/","url":"https:\/\/www.globalafricasciences.org\/wp-content\/uploads\/2024\/12\/Globalafrica.png","contentUrl":"https:\/\/www.globalafricasciences.org\/wp-content\/uploads\/2024\/12\/Globalafrica.png","width":1680,"height":750,"caption":"Global Africa"},"image":{"@id":"https:\/\/www.globalafricasciences.org\/fr\/#\/schema\/logo\/image\/"},"sameAs":["https:\/\/www.facebook.com\/globalafricasciences"]},{"@type":"Person","@id":"https:\/\/www.globalafricasciences.org\/fr\/#\/schema\/person\/8c11b55a8c7d287934a558c0e354b773","name":"Global Africa","image":{"@type":"ImageObject","inLanguage":"fr-FR","@id":"https:\/\/www.globalafricasciences.org\/wp-content\/uploads\/2024\/11\/Global-Africa.jpgd44bc09810f00cf464135b8441da2384","url":"https:\/\/www.globalafricasciences.org\/wp-content\/uploads\/2024\/11\/Global-Africa.jpg","contentUrl":"https:\/\/www.globalafricasciences.org\/wp-content\/uploads\/2024\/11\/Global-Africa.jpg","caption":"Global Africa"},"description":"The editorial board of the journal is led by Mame-Penda Ba, a professor of political science at Gaston Berger University and the director of LASPAD(Laboratory of Social, Political, and Administrative Studies), Senegal.","url":"https:\/\/www.globalafricasciences.org\/author\/globalafrica\/"}]}},"acf":[],"authors":[{"term_id":265,"user_id":0,"is_guest":1,"slug":"global-africa","display_name":"Global Africa","avatar_url":{"url":"https:\/\/www.globalafricasciences.org\/wp-content\/uploads\/2024\/11\/Global-Africa.jpg","url2x":"https:\/\/www.globalafricasciences.org\/wp-content\/uploads\/2024\/11\/Global-Africa.jpg"},"author_category":"1","exclude_author":"","main-organisation":"Universit\u00e9 Gaston Berger","country_of_org":"S\u00e9n\u00e9gal","field_of_work":"Sciences sociales","first_name":"","last_name":"","user_url":"","job_title":"","description":"<div id=\"comp-lmq9yt56\" class=\"HcOXKn c9GqVL QxJLC3 lq2cno YQcXTT comp-lmq9yt56 wixui-rich-text\" data-testid=\"richTextElement\">\r\n<p class=\"font_8 wixui-rich-text__text\">La r\u00e9daction de la revue est dirig\u00e9e par Mame-Penda Ba, professeure de sciences politiques \u00e0 l'Universit\u00e9 Gaston Berger et directrice du LASPAD, S\u00e9n\u00e9gal<\/p>\r\n\r\n<\/div>"}],"_links":{"self":[{"href":"https:\/\/www.globalafricasciences.org\/fr\/wp-json\/wp\/v2\/posts\/9232","targetHints":{"allow":["GET"]}}],"collection":[{"href":"https:\/\/www.globalafricasciences.org\/fr\/wp-json\/wp\/v2\/posts"}],"about":[{"href":"https:\/\/www.globalafricasciences.org\/fr\/wp-json\/wp\/v2\/types\/post"}],"author":[{"embeddable":true,"href":"https:\/\/www.globalafricasciences.org\/fr\/wp-json\/wp\/v2\/users\/50"}],"replies":[{"embeddable":true,"href":"https:\/\/www.globalafricasciences.org\/fr\/wp-json\/wp\/v2\/comments?post=9232"}],"version-history":[{"count":0,"href":"https:\/\/www.globalafricasciences.org\/fr\/wp-json\/wp\/v2\/posts\/9232\/revisions"}],"wp:featuredmedia":[{"embeddable":true,"href":"https:\/\/www.globalafricasciences.org\/fr\/wp-json\/wp\/v2\/media\/8342"}],"wp:attachment":[{"href":"https:\/\/www.globalafricasciences.org\/fr\/wp-json\/wp\/v2\/media?parent=9232"}],"wp:term":[{"taxonomy":"category","embeddable":true,"href":"https:\/\/www.globalafricasciences.org\/fr\/wp-json\/wp\/v2\/categories?post=9232"},{"taxonomy":"post_tag","embeddable":true,"href":"https:\/\/www.globalafricasciences.org\/fr\/wp-json\/wp\/v2\/tags?post=9232"},{"taxonomy":"issues3","embeddable":true,"href":"https:\/\/www.globalafricasciences.org\/fr\/wp-json\/wp\/v2\/issues3?post=9232"},{"taxonomy":"post_folder","embeddable":true,"href":"https:\/\/www.globalafricasciences.org\/fr\/wp-json\/wp\/v2\/post_folder?post=9232"},{"taxonomy":"author","embeddable":true,"href":"https:\/\/www.globalafricasciences.org\/fr\/wp-json\/wp\/v2\/ppma_author?post=9232"}],"curies":[{"name":"wp","href":"https:\/\/api.w.org\/{rel}","templated":true}]}}