{"id":9214,"date":"2025-02-24T22:48:31","date_gmt":"2025-02-24T22:48:31","guid":{"rendered":"https:\/\/www.globalafricasciences.org\/actualites\/foire-aux-connaissances-des-think-tanks-du-sahel-2024\/"},"modified":"2025-07-04T12:02:26","modified_gmt":"2025-07-04T12:02:26","slug":"foire-aux-connaissances-des-think-tanks-du-sahel-2024","status":"publish","type":"post","link":"https:\/\/www.globalafricasciences.org\/fr\/foire-aux-connaissances-des-think-tanks-du-sahel-2024\/","title":{"rendered":"Foire aux connaissances des think tanks du Sahel 2024"},"content":{"rendered":"\n<p id=\"viewer-0y77o7545\">Nous avons le plaisir de vous annoncer la participation de Global Africa \u00e0 l&rsquo;\u00e9dition inaugurale de la Foire aux savoirs, qui se tiendra les <strong>15 et 16 mai 2024<\/strong> \u00e0 Dakar, au S\u00e9n\u00e9gal, dans le cadre du programme Savoirs Sahel 2. Cet \u00e9v\u00e9nement d&rsquo;envergure r\u00e9gionale r\u00e9unira dix-sept think tanks sah\u00e9liens pour deux jours de partage et de collaboration. <\/p>\n\n<p id=\"viewer-6dju56639\">Venez visiter notre stand et plongez dans le monde captivant de Global Africa. Explorez nos initiatives, dialoguez avec notre \u00e9quipe et d\u00e9couvrez comment nous contribuons \u00e0 fa\u00e7onner un avenir plus inclusif et plus dynamique. <\/p>\n\n<h6 class=\"wp-block-heading\" id=\"viewer-mtl6j6574\"><strong>Qu&rsquo;est-ce que la foire aux connaissances ?<\/strong><\/h6>\n\n<p id=\"viewer-cn50b6576\">La Foire aux connaissances pour les think tanks du Sahel est un \u00e9v\u00e9nement incontournable con\u00e7u pour promouvoir la coop\u00e9ration et l&rsquo;\u00e9change de connaissances entre les think tanks r\u00e9gionaux. Elle constitue \u00e9galement une occasion unique pour les acteurs institutionnels aux niveaux national, r\u00e9gional et international d&rsquo;interagir avec ces think tanks, favorisant ainsi la synergie et le d\u00e9veloppement de solutions communes aux d\u00e9fis r\u00e9gionaux. <\/p>\n\n<h6 class=\"wp-block-heading\" id=\"viewer-qwoyk6604\"><strong>Th\u00e8me de l&rsquo;\u00e9dition 2024 : \u00ab\u00a0D\u00e9sinformation et d\u00e9fis de gouvernance au Sahel\u00a0\u00bb<\/strong><\/h6>\n\n<p id=\"viewer-ul27x6580\">Cette ann\u00e9e, la Foire aux savoirs se concentrera sur un sujet crucial : la d\u00e9sinformation et ses implications pour la gouvernance au Sahel. Des discussions approfondies et des sessions d&rsquo;\u00e9change seront organis\u00e9es pour aborder les d\u00e9fis pos\u00e9s par la d\u00e9sinformation et explorer des solutions innovantes. Des ateliers th\u00e9matiques permettront \u00e9galement aux participants d&rsquo;approfondir des sujets sp\u00e9cifiques, tandis que des expositions de groupes de r\u00e9flexion donneront un aper\u00e7u des derni\u00e8res recherches et analyses.  <\/p>\n\n<p id=\"viewer-i3o8d6582\">Pour toute question concernant l&rsquo;\u00e9v\u00e9nement, veuillez cliquer sur le bouton ci-dessous<\/p>\n\n<p><\/p>\n\n<div class=\"wp-block-buttons is-content-justification-center is-layout-flex wp-container-core-buttons-is-layout-a89b3969 wp-block-buttons-is-layout-flex\">\n<div class=\"wp-block-button has-custom-width wp-block-button__width-25\"><a class=\"wp-block-button__link wp-element-button\" href=\"https:\/\/www.gdn.int\/evidence-fair-2024\">En savoir plus<\/a><\/div>\n<\/div>\n","protected":false},"excerpt":{"rendered":"<p>Nous avons le plaisir de vous annoncer la participation de Global Africa \u00e0 l&rsquo;\u00e9dition inaugurale de la Foire aux savoirs, qui se tiendra les 15 et 16 mai 2024 \u00e0 Dakar, au S\u00e9n\u00e9gal, dans le cadre du programme Savoirs Sahel 2. Cet \u00e9v\u00e9nement d&rsquo;envergure r\u00e9gionale r\u00e9unira dix-sept think tanks sah\u00e9liens pour deux jours de partage et de collaboration. Venez visiter notre stand et plongez dans le monde captivant de Global Africa. Explorez nos initiatives, dialoguez avec notre \u00e9quipe et d\u00e9couvrez comment nous contribuons \u00e0 fa\u00e7onner un avenir plus inclusif et plus dynamique. Qu&rsquo;est-ce que la foire aux connaissances ? La Foire aux connaissances pour les think tanks du Sahel est un \u00e9v\u00e9nement incontournable con\u00e7u pour promouvoir la coop\u00e9ration et l&rsquo;\u00e9change de connaissances entre les think tanks r\u00e9gionaux. Elle constitue \u00e9galement une occasion unique pour les acteurs institutionnels aux niveaux national, r\u00e9gional et international d&rsquo;interagir avec ces think tanks, favorisant ainsi la synergie et le d\u00e9veloppement de solutions communes aux d\u00e9fis r\u00e9gionaux. Th\u00e8me de l&rsquo;\u00e9dition 2024 : \u00ab\u00a0D\u00e9sinformation et d\u00e9fis de gouvernance au Sahel\u00a0\u00bb Cette ann\u00e9e, la Foire aux savoirs se concentrera sur un sujet crucial : la d\u00e9sinformation et ses implications pour la gouvernance au Sahel. Des discussions approfondies et des sessions d&rsquo;\u00e9change seront organis\u00e9es pour aborder les d\u00e9fis pos\u00e9s par la d\u00e9sinformation et explorer des solutions innovantes. Des ateliers th\u00e9matiques permettront \u00e9galement aux participants d&rsquo;approfondir des sujets sp\u00e9cifiques, tandis que des expositions de groupes de r\u00e9flexion donneront un aper\u00e7u des derni\u00e8res recherches et analyses. Pour toute question concernant l&rsquo;\u00e9v\u00e9nement, veuillez cliquer sur le bouton ci-dessous<\/p>\n","protected":false},"author":50,"featured_media":8652,"comment_status":"open","ping_status":"open","sticky":false,"template":"","format":"standard","meta":{"footnotes":""},"categories":[181],"tags":[],"issues3":[],"post_folder":[],"ppma_author":[265],"class_list":["post-9214","post","type-post","status-publish","format-standard","has-post-thumbnail","hentry","category-participations-fr","author-global-africa"],"yoast_head":"<!-- This site is optimized with the Yoast SEO plugin v27.5 - https:\/\/yoast.com\/product\/yoast-seo-wordpress\/ -->\n<title>Foire aux connaissances des think tanks du Sahel 2024 | Global Africa<\/title>\n<meta name=\"description\" content=\"Participez \u00e0 la Knowledge Fair des think tanks du Sahel \u00e0 Dakar les 15-16 mai 2024 : d\u00e9couvrez les initiatives de Global Africa autour des d\u00e9fis de gouvernance et de d\u00e9sinformation.\" \/>\n<meta name=\"robots\" content=\"index, follow, max-snippet:-1, max-image-preview:large, max-video-preview:-1\" \/>\n<link rel=\"canonical\" href=\"https:\/\/www.globalafricasciences.org\/fr\/foire-aux-connaissances-des-think-tanks-du-sahel-2024\/\" \/>\n<meta property=\"og:locale\" content=\"fr_FR\" \/>\n<meta property=\"og:type\" content=\"article\" \/>\n<meta property=\"og:title\" content=\"Foire aux connaissances des think tanks du Sahel 2024 | Global Africa\" \/>\n<meta property=\"og:description\" content=\"Participez \u00e0 la Knowledge Fair des think tanks du Sahel \u00e0 Dakar les 15-16 mai 2024 : d\u00e9couvrez les initiatives de Global Africa autour des d\u00e9fis de gouvernance et de d\u00e9sinformation.\" \/>\n<meta property=\"og:url\" content=\"https:\/\/www.globalafricasciences.org\/fr\/foire-aux-connaissances-des-think-tanks-du-sahel-2024\/\" \/>\n<meta property=\"og:site_name\" content=\"Global Africa\" \/>\n<meta property=\"article:publisher\" content=\"https:\/\/www.facebook.com\/globalafricasciences\" \/>\n<meta property=\"article:published_time\" content=\"2025-02-24T22:48:31+00:00\" \/>\n<meta property=\"article:modified_time\" content=\"2025-07-04T12:02:26+00:00\" \/>\n<meta property=\"og:image\" content=\"https:\/\/www.globalafricasciences.org\/wp-content\/uploads\/2025\/02\/Knowledge-Fair-of-Sahel-Think-Tanks-2024.webp\" \/>\n\t<meta property=\"og:image:width\" content=\"541\" \/>\n\t<meta property=\"og:image:height\" content=\"406\" \/>\n\t<meta property=\"og:image:type\" content=\"image\/webp\" \/>\n<meta name=\"author\" content=\"Global Africa\" \/>\n<meta name=\"twitter:card\" content=\"summary_large_image\" \/>\n<meta name=\"twitter:label1\" content=\"\u00c9crit par\" \/>\n\t<meta name=\"twitter:data1\" content=\"Global Africa\" \/>\n\t<meta name=\"twitter:label2\" content=\"Dur\u00e9e de lecture estim\u00e9e\" \/>\n\t<meta name=\"twitter:data2\" content=\"1 minute\" \/>\n<script type=\"application\/ld+json\" class=\"yoast-schema-graph\">{\"@context\":\"https:\\\/\\\/schema.org\",\"@graph\":[{\"@type\":\"Article\",\"@id\":\"https:\\\/\\\/www.globalafricasciences.org\\\/fr\\\/foire-aux-connaissances-des-think-tanks-du-sahel-2024\\\/#article\",\"isPartOf\":{\"@id\":\"https:\\\/\\\/www.globalafricasciences.org\\\/fr\\\/foire-aux-connaissances-des-think-tanks-du-sahel-2024\\\/\"},\"author\":{\"name\":\"Global Africa\",\"@id\":\"https:\\\/\\\/www.globalafricasciences.org\\\/fr\\\/#\\\/schema\\\/person\\\/8c11b55a8c7d287934a558c0e354b773\"},\"headline\":\"Foire aux connaissances des think tanks du Sahel 2024\",\"datePublished\":\"2025-02-24T22:48:31+00:00\",\"dateModified\":\"2025-07-04T12:02:26+00:00\",\"mainEntityOfPage\":{\"@id\":\"https:\\\/\\\/www.globalafricasciences.org\\\/fr\\\/foire-aux-connaissances-des-think-tanks-du-sahel-2024\\\/\"},\"wordCount\":296,\"commentCount\":0,\"publisher\":{\"@id\":\"https:\\\/\\\/www.globalafricasciences.org\\\/fr\\\/#organization\"},\"image\":{\"@id\":\"https:\\\/\\\/www.globalafricasciences.org\\\/fr\\\/foire-aux-connaissances-des-think-tanks-du-sahel-2024\\\/#primaryimage\"},\"thumbnailUrl\":\"https:\\\/\\\/www.globalafricasciences.org\\\/wp-content\\\/uploads\\\/2025\\\/02\\\/Knowledge-Fair-of-Sahel-Think-Tanks-2024.webp\",\"articleSection\":[\"Participations\"],\"inLanguage\":\"fr-FR\",\"potentialAction\":[{\"@type\":\"CommentAction\",\"name\":\"Comment\",\"target\":[\"https:\\\/\\\/www.globalafricasciences.org\\\/fr\\\/foire-aux-connaissances-des-think-tanks-du-sahel-2024\\\/#respond\"]}]},{\"@type\":\"WebPage\",\"@id\":\"https:\\\/\\\/www.globalafricasciences.org\\\/fr\\\/foire-aux-connaissances-des-think-tanks-du-sahel-2024\\\/\",\"url\":\"https:\\\/\\\/www.globalafricasciences.org\\\/fr\\\/foire-aux-connaissances-des-think-tanks-du-sahel-2024\\\/\",\"name\":\"Foire aux connaissances des think tanks du Sahel 2024 | Global Africa\",\"isPartOf\":{\"@id\":\"https:\\\/\\\/www.globalafricasciences.org\\\/fr\\\/#website\"},\"primaryImageOfPage\":{\"@id\":\"https:\\\/\\\/www.globalafricasciences.org\\\/fr\\\/foire-aux-connaissances-des-think-tanks-du-sahel-2024\\\/#primaryimage\"},\"image\":{\"@id\":\"https:\\\/\\\/www.globalafricasciences.org\\\/fr\\\/foire-aux-connaissances-des-think-tanks-du-sahel-2024\\\/#primaryimage\"},\"thumbnailUrl\":\"https:\\\/\\\/www.globalafricasciences.org\\\/wp-content\\\/uploads\\\/2025\\\/02\\\/Knowledge-Fair-of-Sahel-Think-Tanks-2024.webp\",\"datePublished\":\"2025-02-24T22:48:31+00:00\",\"dateModified\":\"2025-07-04T12:02:26+00:00\",\"description\":\"Participez \u00e0 la Knowledge Fair des think tanks du Sahel \u00e0 Dakar les 15-16 mai 2024 : d\u00e9couvrez les initiatives de Global Africa autour des d\u00e9fis de gouvernance et de d\u00e9sinformation.\",\"breadcrumb\":{\"@id\":\"https:\\\/\\\/www.globalafricasciences.org\\\/fr\\\/foire-aux-connaissances-des-think-tanks-du-sahel-2024\\\/#breadcrumb\"},\"inLanguage\":\"fr-FR\",\"potentialAction\":[{\"@type\":\"ReadAction\",\"target\":[\"https:\\\/\\\/www.globalafricasciences.org\\\/fr\\\/foire-aux-connaissances-des-think-tanks-du-sahel-2024\\\/\"]}]},{\"@type\":\"ImageObject\",\"inLanguage\":\"fr-FR\",\"@id\":\"https:\\\/\\\/www.globalafricasciences.org\\\/fr\\\/foire-aux-connaissances-des-think-tanks-du-sahel-2024\\\/#primaryimage\",\"url\":\"https:\\\/\\\/www.globalafricasciences.org\\\/wp-content\\\/uploads\\\/2025\\\/02\\\/Knowledge-Fair-of-Sahel-Think-Tanks-2024.webp\",\"contentUrl\":\"https:\\\/\\\/www.globalafricasciences.org\\\/wp-content\\\/uploads\\\/2025\\\/02\\\/Knowledge-Fair-of-Sahel-Think-Tanks-2024.webp\",\"width\":541,\"height\":406},{\"@type\":\"BreadcrumbList\",\"@id\":\"https:\\\/\\\/www.globalafricasciences.org\\\/fr\\\/foire-aux-connaissances-des-think-tanks-du-sahel-2024\\\/#breadcrumb\",\"itemListElement\":[{\"@type\":\"ListItem\",\"position\":1,\"name\":\"Home\",\"item\":\"https:\\\/\\\/www.globalafricasciences.org\\\/fr\\\/accueil\\\/\"},{\"@type\":\"ListItem\",\"position\":2,\"name\":\"Foire aux connaissances des think tanks du Sahel 2024\"}]},{\"@type\":\"WebSite\",\"@id\":\"https:\\\/\\\/www.globalafricasciences.org\\\/fr\\\/#website\",\"url\":\"https:\\\/\\\/www.globalafricasciences.org\\\/fr\\\/\",\"name\":\"Global Africa\",\"description\":\"Pan-African Scientific Journal\",\"publisher\":{\"@id\":\"https:\\\/\\\/www.globalafricasciences.org\\\/fr\\\/#organization\"},\"potentialAction\":[{\"@type\":\"SearchAction\",\"target\":{\"@type\":\"EntryPoint\",\"urlTemplate\":\"https:\\\/\\\/www.globalafricasciences.org\\\/fr\\\/?s={search_term_string}\"},\"query-input\":{\"@type\":\"PropertyValueSpecification\",\"valueRequired\":true,\"valueName\":\"search_term_string\"}}],\"inLanguage\":\"fr-FR\"},{\"@type\":\"Organization\",\"@id\":\"https:\\\/\\\/www.globalafricasciences.org\\\/fr\\\/#organization\",\"name\":\"Global Africa\",\"url\":\"https:\\\/\\\/www.globalafricasciences.org\\\/fr\\\/\",\"logo\":{\"@type\":\"ImageObject\",\"inLanguage\":\"fr-FR\",\"@id\":\"https:\\\/\\\/www.globalafricasciences.org\\\/fr\\\/#\\\/schema\\\/logo\\\/image\\\/\",\"url\":\"https:\\\/\\\/www.globalafricasciences.org\\\/wp-content\\\/uploads\\\/2024\\\/12\\\/Globalafrica.png\",\"contentUrl\":\"https:\\\/\\\/www.globalafricasciences.org\\\/wp-content\\\/uploads\\\/2024\\\/12\\\/Globalafrica.png\",\"width\":1680,\"height\":750,\"caption\":\"Global Africa\"},\"image\":{\"@id\":\"https:\\\/\\\/www.globalafricasciences.org\\\/fr\\\/#\\\/schema\\\/logo\\\/image\\\/\"},\"sameAs\":[\"https:\\\/\\\/www.facebook.com\\\/globalafricasciences\"]},{\"@type\":\"Person\",\"@id\":\"https:\\\/\\\/www.globalafricasciences.org\\\/fr\\\/#\\\/schema\\\/person\\\/8c11b55a8c7d287934a558c0e354b773\",\"name\":\"Global Africa\",\"image\":{\"@type\":\"ImageObject\",\"inLanguage\":\"fr-FR\",\"@id\":\"https:\\\/\\\/www.globalafricasciences.org\\\/wp-content\\\/uploads\\\/2024\\\/11\\\/Global-Africa.jpgd44bc09810f00cf464135b8441da2384\",\"url\":\"https:\\\/\\\/www.globalafricasciences.org\\\/wp-content\\\/uploads\\\/2024\\\/11\\\/Global-Africa.jpg\",\"contentUrl\":\"https:\\\/\\\/www.globalafricasciences.org\\\/wp-content\\\/uploads\\\/2024\\\/11\\\/Global-Africa.jpg\",\"caption\":\"Global Africa\"},\"description\":\"The editorial board of the journal is led by Mame-Penda Ba, a professor of political science at Gaston Berger University and the director of LASPAD(Laboratory of Social, Political, and Administrative Studies), Senegal.\",\"url\":\"https:\\\/\\\/www.globalafricasciences.org\\\/author\\\/globalafrica\\\/\"}]}<\/script>\n<!-- \/ Yoast SEO plugin. -->","yoast_head_json":{"title":"Foire aux connaissances des think tanks du Sahel 2024 | Global Africa","description":"Participez \u00e0 la Knowledge Fair des think tanks du Sahel \u00e0 Dakar les 15-16 mai 2024 : d\u00e9couvrez les initiatives de Global Africa autour des d\u00e9fis de gouvernance et de d\u00e9sinformation.","robots":{"index":"index","follow":"follow","max-snippet":"max-snippet:-1","max-image-preview":"max-image-preview:large","max-video-preview":"max-video-preview:-1"},"canonical":"https:\/\/www.globalafricasciences.org\/fr\/foire-aux-connaissances-des-think-tanks-du-sahel-2024\/","og_locale":"fr_FR","og_type":"article","og_title":"Foire aux connaissances des think tanks du Sahel 2024 | Global Africa","og_description":"Participez \u00e0 la Knowledge Fair des think tanks du Sahel \u00e0 Dakar les 15-16 mai 2024 : d\u00e9couvrez les initiatives de Global Africa autour des d\u00e9fis de gouvernance et de d\u00e9sinformation.","og_url":"https:\/\/www.globalafricasciences.org\/fr\/foire-aux-connaissances-des-think-tanks-du-sahel-2024\/","og_site_name":"Global Africa","article_publisher":"https:\/\/www.facebook.com\/globalafricasciences","article_published_time":"2025-02-24T22:48:31+00:00","article_modified_time":"2025-07-04T12:02:26+00:00","og_image":[{"width":541,"height":406,"url":"https:\/\/www.globalafricasciences.org\/wp-content\/uploads\/2025\/02\/Knowledge-Fair-of-Sahel-Think-Tanks-2024.webp","type":"image\/webp"}],"author":"Global Africa","twitter_card":"summary_large_image","twitter_misc":{"\u00c9crit par":"Global Africa","Dur\u00e9e de lecture estim\u00e9e":"1 minute"},"schema":{"@context":"https:\/\/schema.org","@graph":[{"@type":"Article","@id":"https:\/\/www.globalafricasciences.org\/fr\/foire-aux-connaissances-des-think-tanks-du-sahel-2024\/#article","isPartOf":{"@id":"https:\/\/www.globalafricasciences.org\/fr\/foire-aux-connaissances-des-think-tanks-du-sahel-2024\/"},"author":{"name":"Global Africa","@id":"https:\/\/www.globalafricasciences.org\/fr\/#\/schema\/person\/8c11b55a8c7d287934a558c0e354b773"},"headline":"Foire aux connaissances des think tanks du Sahel 2024","datePublished":"2025-02-24T22:48:31+00:00","dateModified":"2025-07-04T12:02:26+00:00","mainEntityOfPage":{"@id":"https:\/\/www.globalafricasciences.org\/fr\/foire-aux-connaissances-des-think-tanks-du-sahel-2024\/"},"wordCount":296,"commentCount":0,"publisher":{"@id":"https:\/\/www.globalafricasciences.org\/fr\/#organization"},"image":{"@id":"https:\/\/www.globalafricasciences.org\/fr\/foire-aux-connaissances-des-think-tanks-du-sahel-2024\/#primaryimage"},"thumbnailUrl":"https:\/\/www.globalafricasciences.org\/wp-content\/uploads\/2025\/02\/Knowledge-Fair-of-Sahel-Think-Tanks-2024.webp","articleSection":["Participations"],"inLanguage":"fr-FR","potentialAction":[{"@type":"CommentAction","name":"Comment","target":["https:\/\/www.globalafricasciences.org\/fr\/foire-aux-connaissances-des-think-tanks-du-sahel-2024\/#respond"]}]},{"@type":"WebPage","@id":"https:\/\/www.globalafricasciences.org\/fr\/foire-aux-connaissances-des-think-tanks-du-sahel-2024\/","url":"https:\/\/www.globalafricasciences.org\/fr\/foire-aux-connaissances-des-think-tanks-du-sahel-2024\/","name":"Foire aux connaissances des think tanks du Sahel 2024 | Global Africa","isPartOf":{"@id":"https:\/\/www.globalafricasciences.org\/fr\/#website"},"primaryImageOfPage":{"@id":"https:\/\/www.globalafricasciences.org\/fr\/foire-aux-connaissances-des-think-tanks-du-sahel-2024\/#primaryimage"},"image":{"@id":"https:\/\/www.globalafricasciences.org\/fr\/foire-aux-connaissances-des-think-tanks-du-sahel-2024\/#primaryimage"},"thumbnailUrl":"https:\/\/www.globalafricasciences.org\/wp-content\/uploads\/2025\/02\/Knowledge-Fair-of-Sahel-Think-Tanks-2024.webp","datePublished":"2025-02-24T22:48:31+00:00","dateModified":"2025-07-04T12:02:26+00:00","description":"Participez \u00e0 la Knowledge Fair des think tanks du Sahel \u00e0 Dakar les 15-16 mai 2024 : d\u00e9couvrez les initiatives de Global Africa autour des d\u00e9fis de gouvernance et de d\u00e9sinformation.","breadcrumb":{"@id":"https:\/\/www.globalafricasciences.org\/fr\/foire-aux-connaissances-des-think-tanks-du-sahel-2024\/#breadcrumb"},"inLanguage":"fr-FR","potentialAction":[{"@type":"ReadAction","target":["https:\/\/www.globalafricasciences.org\/fr\/foire-aux-connaissances-des-think-tanks-du-sahel-2024\/"]}]},{"@type":"ImageObject","inLanguage":"fr-FR","@id":"https:\/\/www.globalafricasciences.org\/fr\/foire-aux-connaissances-des-think-tanks-du-sahel-2024\/#primaryimage","url":"https:\/\/www.globalafricasciences.org\/wp-content\/uploads\/2025\/02\/Knowledge-Fair-of-Sahel-Think-Tanks-2024.webp","contentUrl":"https:\/\/www.globalafricasciences.org\/wp-content\/uploads\/2025\/02\/Knowledge-Fair-of-Sahel-Think-Tanks-2024.webp","width":541,"height":406},{"@type":"BreadcrumbList","@id":"https:\/\/www.globalafricasciences.org\/fr\/foire-aux-connaissances-des-think-tanks-du-sahel-2024\/#breadcrumb","itemListElement":[{"@type":"ListItem","position":1,"name":"Home","item":"https:\/\/www.globalafricasciences.org\/fr\/accueil\/"},{"@type":"ListItem","position":2,"name":"Foire aux connaissances des think tanks du Sahel 2024"}]},{"@type":"WebSite","@id":"https:\/\/www.globalafricasciences.org\/fr\/#website","url":"https:\/\/www.globalafricasciences.org\/fr\/","name":"Global Africa","description":"Pan-African Scientific Journal","publisher":{"@id":"https:\/\/www.globalafricasciences.org\/fr\/#organization"},"potentialAction":[{"@type":"SearchAction","target":{"@type":"EntryPoint","urlTemplate":"https:\/\/www.globalafricasciences.org\/fr\/?s={search_term_string}"},"query-input":{"@type":"PropertyValueSpecification","valueRequired":true,"valueName":"search_term_string"}}],"inLanguage":"fr-FR"},{"@type":"Organization","@id":"https:\/\/www.globalafricasciences.org\/fr\/#organization","name":"Global Africa","url":"https:\/\/www.globalafricasciences.org\/fr\/","logo":{"@type":"ImageObject","inLanguage":"fr-FR","@id":"https:\/\/www.globalafricasciences.org\/fr\/#\/schema\/logo\/image\/","url":"https:\/\/www.globalafricasciences.org\/wp-content\/uploads\/2024\/12\/Globalafrica.png","contentUrl":"https:\/\/www.globalafricasciences.org\/wp-content\/uploads\/2024\/12\/Globalafrica.png","width":1680,"height":750,"caption":"Global Africa"},"image":{"@id":"https:\/\/www.globalafricasciences.org\/fr\/#\/schema\/logo\/image\/"},"sameAs":["https:\/\/www.facebook.com\/globalafricasciences"]},{"@type":"Person","@id":"https:\/\/www.globalafricasciences.org\/fr\/#\/schema\/person\/8c11b55a8c7d287934a558c0e354b773","name":"Global Africa","image":{"@type":"ImageObject","inLanguage":"fr-FR","@id":"https:\/\/www.globalafricasciences.org\/wp-content\/uploads\/2024\/11\/Global-Africa.jpgd44bc09810f00cf464135b8441da2384","url":"https:\/\/www.globalafricasciences.org\/wp-content\/uploads\/2024\/11\/Global-Africa.jpg","contentUrl":"https:\/\/www.globalafricasciences.org\/wp-content\/uploads\/2024\/11\/Global-Africa.jpg","caption":"Global Africa"},"description":"The editorial board of the journal is led by Mame-Penda Ba, a professor of political science at Gaston Berger University and the director of LASPAD(Laboratory of Social, Political, and Administrative Studies), Senegal.","url":"https:\/\/www.globalafricasciences.org\/author\/globalafrica\/"}]}},"acf":[],"authors":[{"term_id":265,"user_id":0,"is_guest":1,"slug":"global-africa","display_name":"Global Africa","avatar_url":{"url":"https:\/\/www.globalafricasciences.org\/wp-content\/uploads\/2024\/11\/Global-Africa.jpg","url2x":"https:\/\/www.globalafricasciences.org\/wp-content\/uploads\/2024\/11\/Global-Africa.jpg"},"author_category":"1","exclude_author":"","main-organisation":"Universit\u00e9 Gaston Berger","country_of_org":"S\u00e9n\u00e9gal","field_of_work":"Sciences sociales","first_name":"","last_name":"","user_url":"","job_title":"","description":"<div id=\"comp-lmq9yt56\" class=\"HcOXKn c9GqVL QxJLC3 lq2cno YQcXTT comp-lmq9yt56 wixui-rich-text\" data-testid=\"richTextElement\">\r\n<p class=\"font_8 wixui-rich-text__text\">La r\u00e9daction de la revue est dirig\u00e9e par Mame-Penda Ba, professeure de sciences politiques \u00e0 l'Universit\u00e9 Gaston Berger et directrice du LASPAD, S\u00e9n\u00e9gal<\/p>\r\n\r\n<\/div>"}],"_links":{"self":[{"href":"https:\/\/www.globalafricasciences.org\/fr\/wp-json\/wp\/v2\/posts\/9214","targetHints":{"allow":["GET"]}}],"collection":[{"href":"https:\/\/www.globalafricasciences.org\/fr\/wp-json\/wp\/v2\/posts"}],"about":[{"href":"https:\/\/www.globalafricasciences.org\/fr\/wp-json\/wp\/v2\/types\/post"}],"author":[{"embeddable":true,"href":"https:\/\/www.globalafricasciences.org\/fr\/wp-json\/wp\/v2\/users\/50"}],"replies":[{"embeddable":true,"href":"https:\/\/www.globalafricasciences.org\/fr\/wp-json\/wp\/v2\/comments?post=9214"}],"version-history":[{"count":0,"href":"https:\/\/www.globalafricasciences.org\/fr\/wp-json\/wp\/v2\/posts\/9214\/revisions"}],"wp:featuredmedia":[{"embeddable":true,"href":"https:\/\/www.globalafricasciences.org\/fr\/wp-json\/wp\/v2\/media\/8652"}],"wp:attachment":[{"href":"https:\/\/www.globalafricasciences.org\/fr\/wp-json\/wp\/v2\/media?parent=9214"}],"wp:term":[{"taxonomy":"category","embeddable":true,"href":"https:\/\/www.globalafricasciences.org\/fr\/wp-json\/wp\/v2\/categories?post=9214"},{"taxonomy":"post_tag","embeddable":true,"href":"https:\/\/www.globalafricasciences.org\/fr\/wp-json\/wp\/v2\/tags?post=9214"},{"taxonomy":"issues3","embeddable":true,"href":"https:\/\/www.globalafricasciences.org\/fr\/wp-json\/wp\/v2\/issues3?post=9214"},{"taxonomy":"post_folder","embeddable":true,"href":"https:\/\/www.globalafricasciences.org\/fr\/wp-json\/wp\/v2\/post_folder?post=9214"},{"taxonomy":"author","embeddable":true,"href":"https:\/\/www.globalafricasciences.org\/fr\/wp-json\/wp\/v2\/ppma_author?post=9214"}],"curies":[{"name":"wp","href":"https:\/\/api.w.org\/{rel}","templated":true}]}}