{"id":9195,"date":"2025-02-24T13:17:28","date_gmt":"2025-02-24T13:17:28","guid":{"rendered":"https:\/\/www.globalafricasciences.org\/actualites\/confluences-tunisiennes-emigrations-et-immigrations-dans-la-tunisie-de-lapres-2011\/"},"modified":"2025-07-04T12:05:25","modified_gmt":"2025-07-04T12:05:25","slug":"confluences-tunisiennes-emigrations-et-immigrations-dans-la-tunisie-de-lapres-2011","status":"publish","type":"post","link":"https:\/\/www.globalafricasciences.org\/fr\/confluences-tunisiennes-emigrations-et-immigrations-dans-la-tunisie-de-lapres-2011\/","title":{"rendered":"Confluences tunisiennes. \u00c9migration(s) et immigration(s) dans la Tunisie de l\u2019apr\u00e8s-2011"},"content":{"rendered":"\n<p><strong>Vient de para\u00eetre<br\/><\/strong><br\/><\/p>\n\n<div class=\"wp-block-media-text has-media-on-the-right is-stacked-on-mobile\"><div class=\"wp-block-media-text__content\">\n<p>Afrique(s) en mouvement 2023\/2 (num\u00e9ro 6)<\/p>\n\n\n\n<p id=\"viewer-f5dgs\"><strong>Confluences tunisiennes. \u00c9migration(s) et immigration(s) dans la Tunisie de l\u2019apr\u00e8s-2011<\/strong><\/p>\n\n\n\n<p id=\"viewer-ed6bm\"><em>Pages : <\/em>120 <em>\u00c9diteur : <\/em>Universit\u00e9 Internationale de Rabat<\/p>\n\n\n\n<p id=\"viewer-fe1nf\"><a target=\"_blank\" href=\"https:\/\/www.cairn.info\/revue-afrique-en-mouvement-2023-2.htm?u=b96a6a17-14bf-4eeb-9d6a-c6a1cf55db83&amp;WT.tsrc=email&amp;WT.mc_id=crn-ar-AEM_006\" rel=\"noreferrer noopener\"><strong>Acc\u00e9dez \u00e0 ce num\u00e9ro<\/strong><\/a><\/p>\n\n\n\n<p id=\"viewer-a0at6\"><strong>Note de la r\u00e9daction<\/strong><\/p>\n\n\n\n<p id=\"viewer-18mbj\">Abdelaziz Benjouad<\/p>\n\n\n\n<p>Avec ce sixi\u00e8me num\u00e9ro, la revue Afrique(s) en mouvement signe son entr\u00e9e sur la plateforme CAIRN, une \u00e9tape importante dans la vie de la revue et une reconnaissance pour les auteurs et les lecteurs qui lui font confiance. <\/p>\n<\/div><figure class=\"wp-block-media-text__media\"><img fetchpriority=\"high\" decoding=\"async\" width=\"286\" height=\"428\" src=\"https:\/\/www.globalafricasciences.org\/wp-content\/uploads\/2025\/02\/Tunisian-Confluences-Emigrations-and-Immigrations-in-Post-2011-Tunisia.-.avif\" alt=\"\" class=\"wp-image-8612 size-full\"\/><\/figure><\/div>\n\n<p>Le pr\u00e9sent num\u00e9ro, qui a pour titre \u00ab Confluences tunisiennes : \u00e9migrations(s) et immigration(s) dans la Tunisie de l\u2019apr\u00e8s-2011 \u00bb, permet \u00e0 la revue de consolider les missions qu\u2019elle s\u2019\u00e9tait donn\u00e9es : parler au monde de l\u2019Afrique et parler du monde \u00e0 partir de l\u2019Afrique. \u00c0 partir de th\u00e9matiques novatrices, la revue permet aux chercheurs africains et africaines, ou travaillant sur des questions li\u00e9es \u00e0 l\u2019Afrique (aux Afriques), de publier dans un espace d\u00e9di\u00e9 et reconnu. Le num\u00e9ro pr\u00e9c\u00e9dent, \u00ab Confluences africaines \u00bb, avait d\u00e9j\u00e0 offert aux chercheurs un espace pour faire le point sur des pistes et des chemins originaux pour comprendre la circulation des hommes, des savoirs et des normes culturelles au sein du continent africain en prenant comme exemple les relations entre le Maroc et le S\u00e9n\u00e9gal.  <\/p>\n\n<p><a href=\"https:\/\/shs.cairn.info\/revue-afrique-en-mouvement-2023-2-page-1?lang=fr\"><strong>Lire la suite&#8230;<\/strong><\/a><\/p>\n","protected":false},"excerpt":{"rendered":"<p>Vient de para\u00eetre Afrique(s) en mouvement 2023\/2 (num\u00e9ro 6) Confluences tunisiennes. \u00c9migration(s) et immigration(s) dans la Tunisie de l\u2019apr\u00e8s-2011 Pages : 120 \u00c9diteur : Universit\u00e9 Internationale de Rabat Acc\u00e9dez \u00e0 ce num\u00e9ro Note de la r\u00e9daction Abdelaziz Benjouad Avec ce sixi\u00e8me num\u00e9ro, la revue Afrique(s) en mouvement signe son entr\u00e9e sur la plateforme CAIRN, une \u00e9tape importante dans la vie de la revue et une reconnaissance pour les auteurs et les lecteurs qui lui font confiance. Le pr\u00e9sent num\u00e9ro, qui a pour titre \u00ab Confluences tunisiennes : \u00e9migrations(s) et immigration(s) dans la Tunisie de l\u2019apr\u00e8s-2011 \u00bb, permet \u00e0 la revue de consolider les missions qu\u2019elle s\u2019\u00e9tait donn\u00e9es : parler au monde de l\u2019Afrique et parler du monde \u00e0 partir de l\u2019Afrique. \u00c0 partir de th\u00e9matiques novatrices, la revue permet aux chercheurs africains et africaines, ou travaillant sur des questions li\u00e9es \u00e0 l\u2019Afrique (aux Afriques), de publier dans un espace d\u00e9di\u00e9 et reconnu. Le num\u00e9ro pr\u00e9c\u00e9dent, \u00ab Confluences africaines \u00bb, avait d\u00e9j\u00e0 offert aux chercheurs un espace pour faire le point sur des pistes et des chemins originaux pour comprendre la circulation des hommes, des savoirs et des normes culturelles au sein du continent africain en prenant comme exemple les relations entre le Maroc et le S\u00e9n\u00e9gal. Lire la suite&#8230;<\/p>\n","protected":false},"author":50,"featured_media":8613,"comment_status":"open","ping_status":"open","sticky":false,"template":"","format":"standard","meta":{"footnotes":""},"categories":[11],"tags":[],"issues3":[],"post_folder":[],"ppma_author":[265],"class_list":["post-9195","post","type-post","status-publish","format-standard","has-post-thumbnail","hentry","category-actualites","author-global-africa"],"yoast_head":"<!-- This site is optimized with the Yoast SEO plugin v27.5 - https:\/\/yoast.com\/product\/yoast-seo-wordpress\/ -->\n<title>Confluences tunisiennes. \u00c9migration(s) et immigration(s) dans la Tunisie de l\u2019apr\u00e8s-2011 | Global Africa<\/title>\n<meta name=\"description\" content=\"D\u00e9couvrez le nouveau num\u00e9ro d\u2019Afrique(s) en mouvement : \u00ab Confluences tunisiennes : \u00c9migrations et immigrations depuis 2011 \u00bb.\" \/>\n<meta name=\"robots\" content=\"index, follow, max-snippet:-1, max-image-preview:large, max-video-preview:-1\" \/>\n<link rel=\"canonical\" href=\"https:\/\/www.globalafricasciences.org\/fr\/confluences-tunisiennes-emigrations-et-immigrations-dans-la-tunisie-de-lapres-2011\/\" \/>\n<meta property=\"og:locale\" content=\"fr_FR\" \/>\n<meta property=\"og:type\" content=\"article\" \/>\n<meta property=\"og:title\" content=\"Confluences tunisiennes. \u00c9migration(s) et immigration(s) dans la Tunisie de l\u2019apr\u00e8s-2011 | Global Africa\" \/>\n<meta property=\"og:description\" content=\"D\u00e9couvrez le nouveau num\u00e9ro d\u2019Afrique(s) en mouvement : \u00ab Confluences tunisiennes : \u00c9migrations et immigrations depuis 2011 \u00bb.\" \/>\n<meta property=\"og:url\" content=\"https:\/\/www.globalafricasciences.org\/fr\/confluences-tunisiennes-emigrations-et-immigrations-dans-la-tunisie-de-lapres-2011\/\" \/>\n<meta property=\"og:site_name\" content=\"Global Africa\" \/>\n<meta property=\"article:publisher\" content=\"https:\/\/www.facebook.com\/globalafricasciences\" \/>\n<meta property=\"article:published_time\" content=\"2025-02-24T13:17:28+00:00\" \/>\n<meta property=\"article:modified_time\" content=\"2025-07-04T12:05:25+00:00\" \/>\n<meta name=\"author\" content=\"Global Africa\" \/>\n<meta name=\"twitter:card\" content=\"summary_large_image\" \/>\n<meta name=\"twitter:label1\" content=\"\u00c9crit par\" \/>\n\t<meta name=\"twitter:data1\" content=\"Global Africa\" \/>\n\t<meta name=\"twitter:label2\" content=\"Dur\u00e9e de lecture estim\u00e9e\" \/>\n\t<meta name=\"twitter:data2\" content=\"2 minutes\" \/>\n<script type=\"application\/ld+json\" class=\"yoast-schema-graph\">{\"@context\":\"https:\\\/\\\/schema.org\",\"@graph\":[{\"@type\":\"Article\",\"@id\":\"https:\\\/\\\/www.globalafricasciences.org\\\/fr\\\/confluences-tunisiennes-emigrations-et-immigrations-dans-la-tunisie-de-lapres-2011\\\/#article\",\"isPartOf\":{\"@id\":\"https:\\\/\\\/www.globalafricasciences.org\\\/fr\\\/confluences-tunisiennes-emigrations-et-immigrations-dans-la-tunisie-de-lapres-2011\\\/\"},\"author\":{\"name\":\"Global Africa\",\"@id\":\"https:\\\/\\\/www.globalafricasciences.org\\\/fr\\\/#\\\/schema\\\/person\\\/8c11b55a8c7d287934a558c0e354b773\"},\"headline\":\"Confluences tunisiennes. \u00c9migration(s) et immigration(s) dans la Tunisie de l\u2019apr\u00e8s-2011\",\"datePublished\":\"2025-02-24T13:17:28+00:00\",\"dateModified\":\"2025-07-04T12:05:25+00:00\",\"mainEntityOfPage\":{\"@id\":\"https:\\\/\\\/www.globalafricasciences.org\\\/fr\\\/confluences-tunisiennes-emigrations-et-immigrations-dans-la-tunisie-de-lapres-2011\\\/\"},\"wordCount\":242,\"commentCount\":0,\"publisher\":{\"@id\":\"https:\\\/\\\/www.globalafricasciences.org\\\/fr\\\/#organization\"},\"image\":{\"@id\":\"https:\\\/\\\/www.globalafricasciences.org\\\/fr\\\/confluences-tunisiennes-emigrations-et-immigrations-dans-la-tunisie-de-lapres-2011\\\/#primaryimage\"},\"thumbnailUrl\":\"https:\\\/\\\/www.globalafricasciences.org\\\/wp-content\\\/uploads\\\/2025\\\/02\\\/Tunisian-Confluences-Emigrations-and-Immigrations-in-Post-2011-Tunisia.-.avif\",\"articleSection\":[\"Actualit\u00e9s\"],\"inLanguage\":\"fr-FR\",\"potentialAction\":[{\"@type\":\"CommentAction\",\"name\":\"Comment\",\"target\":[\"https:\\\/\\\/www.globalafricasciences.org\\\/fr\\\/confluences-tunisiennes-emigrations-et-immigrations-dans-la-tunisie-de-lapres-2011\\\/#respond\"]}]},{\"@type\":\"WebPage\",\"@id\":\"https:\\\/\\\/www.globalafricasciences.org\\\/fr\\\/confluences-tunisiennes-emigrations-et-immigrations-dans-la-tunisie-de-lapres-2011\\\/\",\"url\":\"https:\\\/\\\/www.globalafricasciences.org\\\/fr\\\/confluences-tunisiennes-emigrations-et-immigrations-dans-la-tunisie-de-lapres-2011\\\/\",\"name\":\"Confluences tunisiennes. \u00c9migration(s) et immigration(s) dans la Tunisie de l\u2019apr\u00e8s-2011 | Global Africa\",\"isPartOf\":{\"@id\":\"https:\\\/\\\/www.globalafricasciences.org\\\/fr\\\/#website\"},\"primaryImageOfPage\":{\"@id\":\"https:\\\/\\\/www.globalafricasciences.org\\\/fr\\\/confluences-tunisiennes-emigrations-et-immigrations-dans-la-tunisie-de-lapres-2011\\\/#primaryimage\"},\"image\":{\"@id\":\"https:\\\/\\\/www.globalafricasciences.org\\\/fr\\\/confluences-tunisiennes-emigrations-et-immigrations-dans-la-tunisie-de-lapres-2011\\\/#primaryimage\"},\"thumbnailUrl\":\"https:\\\/\\\/www.globalafricasciences.org\\\/wp-content\\\/uploads\\\/2025\\\/02\\\/Tunisian-Confluences-Emigrations-and-Immigrations-in-Post-2011-Tunisia.-.avif\",\"datePublished\":\"2025-02-24T13:17:28+00:00\",\"dateModified\":\"2025-07-04T12:05:25+00:00\",\"description\":\"D\u00e9couvrez le nouveau num\u00e9ro d\u2019Afrique(s) en mouvement : \u00ab Confluences tunisiennes : \u00c9migrations et immigrations depuis 2011 \u00bb.\",\"breadcrumb\":{\"@id\":\"https:\\\/\\\/www.globalafricasciences.org\\\/fr\\\/confluences-tunisiennes-emigrations-et-immigrations-dans-la-tunisie-de-lapres-2011\\\/#breadcrumb\"},\"inLanguage\":\"fr-FR\",\"potentialAction\":[{\"@type\":\"ReadAction\",\"target\":[\"https:\\\/\\\/www.globalafricasciences.org\\\/fr\\\/confluences-tunisiennes-emigrations-et-immigrations-dans-la-tunisie-de-lapres-2011\\\/\"]}]},{\"@type\":\"ImageObject\",\"inLanguage\":\"fr-FR\",\"@id\":\"https:\\\/\\\/www.globalafricasciences.org\\\/fr\\\/confluences-tunisiennes-emigrations-et-immigrations-dans-la-tunisie-de-lapres-2011\\\/#primaryimage\",\"url\":\"https:\\\/\\\/www.globalafricasciences.org\\\/wp-content\\\/uploads\\\/2025\\\/02\\\/Tunisian-Confluences-Emigrations-and-Immigrations-in-Post-2011-Tunisia.-.avif\",\"contentUrl\":\"https:\\\/\\\/www.globalafricasciences.org\\\/wp-content\\\/uploads\\\/2025\\\/02\\\/Tunisian-Confluences-Emigrations-and-Immigrations-in-Post-2011-Tunisia.-.avif\",\"width\":286,\"height\":428},{\"@type\":\"BreadcrumbList\",\"@id\":\"https:\\\/\\\/www.globalafricasciences.org\\\/fr\\\/confluences-tunisiennes-emigrations-et-immigrations-dans-la-tunisie-de-lapres-2011\\\/#breadcrumb\",\"itemListElement\":[{\"@type\":\"ListItem\",\"position\":1,\"name\":\"Home\",\"item\":\"https:\\\/\\\/www.globalafricasciences.org\\\/fr\\\/accueil\\\/\"},{\"@type\":\"ListItem\",\"position\":2,\"name\":\"Confluences tunisiennes. \u00c9migration(s) et immigration(s) dans la Tunisie de l\u2019apr\u00e8s-2011\"}]},{\"@type\":\"WebSite\",\"@id\":\"https:\\\/\\\/www.globalafricasciences.org\\\/fr\\\/#website\",\"url\":\"https:\\\/\\\/www.globalafricasciences.org\\\/fr\\\/\",\"name\":\"Global Africa\",\"description\":\"Pan-African Scientific Journal\",\"publisher\":{\"@id\":\"https:\\\/\\\/www.globalafricasciences.org\\\/fr\\\/#organization\"},\"potentialAction\":[{\"@type\":\"SearchAction\",\"target\":{\"@type\":\"EntryPoint\",\"urlTemplate\":\"https:\\\/\\\/www.globalafricasciences.org\\\/fr\\\/?s={search_term_string}\"},\"query-input\":{\"@type\":\"PropertyValueSpecification\",\"valueRequired\":true,\"valueName\":\"search_term_string\"}}],\"inLanguage\":\"fr-FR\"},{\"@type\":\"Organization\",\"@id\":\"https:\\\/\\\/www.globalafricasciences.org\\\/fr\\\/#organization\",\"name\":\"Global Africa\",\"url\":\"https:\\\/\\\/www.globalafricasciences.org\\\/fr\\\/\",\"logo\":{\"@type\":\"ImageObject\",\"inLanguage\":\"fr-FR\",\"@id\":\"https:\\\/\\\/www.globalafricasciences.org\\\/fr\\\/#\\\/schema\\\/logo\\\/image\\\/\",\"url\":\"https:\\\/\\\/www.globalafricasciences.org\\\/wp-content\\\/uploads\\\/2024\\\/12\\\/Globalafrica.png\",\"contentUrl\":\"https:\\\/\\\/www.globalafricasciences.org\\\/wp-content\\\/uploads\\\/2024\\\/12\\\/Globalafrica.png\",\"width\":1680,\"height\":750,\"caption\":\"Global Africa\"},\"image\":{\"@id\":\"https:\\\/\\\/www.globalafricasciences.org\\\/fr\\\/#\\\/schema\\\/logo\\\/image\\\/\"},\"sameAs\":[\"https:\\\/\\\/www.facebook.com\\\/globalafricasciences\"]},{\"@type\":\"Person\",\"@id\":\"https:\\\/\\\/www.globalafricasciences.org\\\/fr\\\/#\\\/schema\\\/person\\\/8c11b55a8c7d287934a558c0e354b773\",\"name\":\"Global Africa\",\"image\":{\"@type\":\"ImageObject\",\"inLanguage\":\"fr-FR\",\"@id\":\"https:\\\/\\\/www.globalafricasciences.org\\\/wp-content\\\/uploads\\\/2024\\\/11\\\/Global-Africa.jpgd44bc09810f00cf464135b8441da2384\",\"url\":\"https:\\\/\\\/www.globalafricasciences.org\\\/wp-content\\\/uploads\\\/2024\\\/11\\\/Global-Africa.jpg\",\"contentUrl\":\"https:\\\/\\\/www.globalafricasciences.org\\\/wp-content\\\/uploads\\\/2024\\\/11\\\/Global-Africa.jpg\",\"caption\":\"Global Africa\"},\"description\":\"The editorial board of the journal is led by Mame-Penda Ba, a professor of political science at Gaston Berger University and the director of LASPAD(Laboratory of Social, Political, and Administrative Studies), Senegal.\",\"url\":\"https:\\\/\\\/www.globalafricasciences.org\\\/author\\\/globalafrica\\\/\"}]}<\/script>\n<!-- \/ Yoast SEO plugin. -->","yoast_head_json":{"title":"Confluences tunisiennes. \u00c9migration(s) et immigration(s) dans la Tunisie de l\u2019apr\u00e8s-2011 | Global Africa","description":"D\u00e9couvrez le nouveau num\u00e9ro d\u2019Afrique(s) en mouvement : \u00ab Confluences tunisiennes : \u00c9migrations et immigrations depuis 2011 \u00bb.","robots":{"index":"index","follow":"follow","max-snippet":"max-snippet:-1","max-image-preview":"max-image-preview:large","max-video-preview":"max-video-preview:-1"},"canonical":"https:\/\/www.globalafricasciences.org\/fr\/confluences-tunisiennes-emigrations-et-immigrations-dans-la-tunisie-de-lapres-2011\/","og_locale":"fr_FR","og_type":"article","og_title":"Confluences tunisiennes. \u00c9migration(s) et immigration(s) dans la Tunisie de l\u2019apr\u00e8s-2011 | Global Africa","og_description":"D\u00e9couvrez le nouveau num\u00e9ro d\u2019Afrique(s) en mouvement : \u00ab Confluences tunisiennes : \u00c9migrations et immigrations depuis 2011 \u00bb.","og_url":"https:\/\/www.globalafricasciences.org\/fr\/confluences-tunisiennes-emigrations-et-immigrations-dans-la-tunisie-de-lapres-2011\/","og_site_name":"Global Africa","article_publisher":"https:\/\/www.facebook.com\/globalafricasciences","article_published_time":"2025-02-24T13:17:28+00:00","article_modified_time":"2025-07-04T12:05:25+00:00","author":"Global Africa","twitter_card":"summary_large_image","twitter_misc":{"\u00c9crit par":"Global Africa","Dur\u00e9e de lecture estim\u00e9e":"2 minutes"},"schema":{"@context":"https:\/\/schema.org","@graph":[{"@type":"Article","@id":"https:\/\/www.globalafricasciences.org\/fr\/confluences-tunisiennes-emigrations-et-immigrations-dans-la-tunisie-de-lapres-2011\/#article","isPartOf":{"@id":"https:\/\/www.globalafricasciences.org\/fr\/confluences-tunisiennes-emigrations-et-immigrations-dans-la-tunisie-de-lapres-2011\/"},"author":{"name":"Global Africa","@id":"https:\/\/www.globalafricasciences.org\/fr\/#\/schema\/person\/8c11b55a8c7d287934a558c0e354b773"},"headline":"Confluences tunisiennes. \u00c9migration(s) et immigration(s) dans la Tunisie de l\u2019apr\u00e8s-2011","datePublished":"2025-02-24T13:17:28+00:00","dateModified":"2025-07-04T12:05:25+00:00","mainEntityOfPage":{"@id":"https:\/\/www.globalafricasciences.org\/fr\/confluences-tunisiennes-emigrations-et-immigrations-dans-la-tunisie-de-lapres-2011\/"},"wordCount":242,"commentCount":0,"publisher":{"@id":"https:\/\/www.globalafricasciences.org\/fr\/#organization"},"image":{"@id":"https:\/\/www.globalafricasciences.org\/fr\/confluences-tunisiennes-emigrations-et-immigrations-dans-la-tunisie-de-lapres-2011\/#primaryimage"},"thumbnailUrl":"https:\/\/www.globalafricasciences.org\/wp-content\/uploads\/2025\/02\/Tunisian-Confluences-Emigrations-and-Immigrations-in-Post-2011-Tunisia.-.avif","articleSection":["Actualit\u00e9s"],"inLanguage":"fr-FR","potentialAction":[{"@type":"CommentAction","name":"Comment","target":["https:\/\/www.globalafricasciences.org\/fr\/confluences-tunisiennes-emigrations-et-immigrations-dans-la-tunisie-de-lapres-2011\/#respond"]}]},{"@type":"WebPage","@id":"https:\/\/www.globalafricasciences.org\/fr\/confluences-tunisiennes-emigrations-et-immigrations-dans-la-tunisie-de-lapres-2011\/","url":"https:\/\/www.globalafricasciences.org\/fr\/confluences-tunisiennes-emigrations-et-immigrations-dans-la-tunisie-de-lapres-2011\/","name":"Confluences tunisiennes. \u00c9migration(s) et immigration(s) dans la Tunisie de l\u2019apr\u00e8s-2011 | Global Africa","isPartOf":{"@id":"https:\/\/www.globalafricasciences.org\/fr\/#website"},"primaryImageOfPage":{"@id":"https:\/\/www.globalafricasciences.org\/fr\/confluences-tunisiennes-emigrations-et-immigrations-dans-la-tunisie-de-lapres-2011\/#primaryimage"},"image":{"@id":"https:\/\/www.globalafricasciences.org\/fr\/confluences-tunisiennes-emigrations-et-immigrations-dans-la-tunisie-de-lapres-2011\/#primaryimage"},"thumbnailUrl":"https:\/\/www.globalafricasciences.org\/wp-content\/uploads\/2025\/02\/Tunisian-Confluences-Emigrations-and-Immigrations-in-Post-2011-Tunisia.-.avif","datePublished":"2025-02-24T13:17:28+00:00","dateModified":"2025-07-04T12:05:25+00:00","description":"D\u00e9couvrez le nouveau num\u00e9ro d\u2019Afrique(s) en mouvement : \u00ab Confluences tunisiennes : \u00c9migrations et immigrations depuis 2011 \u00bb.","breadcrumb":{"@id":"https:\/\/www.globalafricasciences.org\/fr\/confluences-tunisiennes-emigrations-et-immigrations-dans-la-tunisie-de-lapres-2011\/#breadcrumb"},"inLanguage":"fr-FR","potentialAction":[{"@type":"ReadAction","target":["https:\/\/www.globalafricasciences.org\/fr\/confluences-tunisiennes-emigrations-et-immigrations-dans-la-tunisie-de-lapres-2011\/"]}]},{"@type":"ImageObject","inLanguage":"fr-FR","@id":"https:\/\/www.globalafricasciences.org\/fr\/confluences-tunisiennes-emigrations-et-immigrations-dans-la-tunisie-de-lapres-2011\/#primaryimage","url":"https:\/\/www.globalafricasciences.org\/wp-content\/uploads\/2025\/02\/Tunisian-Confluences-Emigrations-and-Immigrations-in-Post-2011-Tunisia.-.avif","contentUrl":"https:\/\/www.globalafricasciences.org\/wp-content\/uploads\/2025\/02\/Tunisian-Confluences-Emigrations-and-Immigrations-in-Post-2011-Tunisia.-.avif","width":286,"height":428},{"@type":"BreadcrumbList","@id":"https:\/\/www.globalafricasciences.org\/fr\/confluences-tunisiennes-emigrations-et-immigrations-dans-la-tunisie-de-lapres-2011\/#breadcrumb","itemListElement":[{"@type":"ListItem","position":1,"name":"Home","item":"https:\/\/www.globalafricasciences.org\/fr\/accueil\/"},{"@type":"ListItem","position":2,"name":"Confluences tunisiennes. \u00c9migration(s) et immigration(s) dans la Tunisie de l\u2019apr\u00e8s-2011"}]},{"@type":"WebSite","@id":"https:\/\/www.globalafricasciences.org\/fr\/#website","url":"https:\/\/www.globalafricasciences.org\/fr\/","name":"Global Africa","description":"Pan-African Scientific Journal","publisher":{"@id":"https:\/\/www.globalafricasciences.org\/fr\/#organization"},"potentialAction":[{"@type":"SearchAction","target":{"@type":"EntryPoint","urlTemplate":"https:\/\/www.globalafricasciences.org\/fr\/?s={search_term_string}"},"query-input":{"@type":"PropertyValueSpecification","valueRequired":true,"valueName":"search_term_string"}}],"inLanguage":"fr-FR"},{"@type":"Organization","@id":"https:\/\/www.globalafricasciences.org\/fr\/#organization","name":"Global Africa","url":"https:\/\/www.globalafricasciences.org\/fr\/","logo":{"@type":"ImageObject","inLanguage":"fr-FR","@id":"https:\/\/www.globalafricasciences.org\/fr\/#\/schema\/logo\/image\/","url":"https:\/\/www.globalafricasciences.org\/wp-content\/uploads\/2024\/12\/Globalafrica.png","contentUrl":"https:\/\/www.globalafricasciences.org\/wp-content\/uploads\/2024\/12\/Globalafrica.png","width":1680,"height":750,"caption":"Global Africa"},"image":{"@id":"https:\/\/www.globalafricasciences.org\/fr\/#\/schema\/logo\/image\/"},"sameAs":["https:\/\/www.facebook.com\/globalafricasciences"]},{"@type":"Person","@id":"https:\/\/www.globalafricasciences.org\/fr\/#\/schema\/person\/8c11b55a8c7d287934a558c0e354b773","name":"Global Africa","image":{"@type":"ImageObject","inLanguage":"fr-FR","@id":"https:\/\/www.globalafricasciences.org\/wp-content\/uploads\/2024\/11\/Global-Africa.jpgd44bc09810f00cf464135b8441da2384","url":"https:\/\/www.globalafricasciences.org\/wp-content\/uploads\/2024\/11\/Global-Africa.jpg","contentUrl":"https:\/\/www.globalafricasciences.org\/wp-content\/uploads\/2024\/11\/Global-Africa.jpg","caption":"Global Africa"},"description":"The editorial board of the journal is led by Mame-Penda Ba, a professor of political science at Gaston Berger University and the director of LASPAD(Laboratory of Social, Political, and Administrative Studies), Senegal.","url":"https:\/\/www.globalafricasciences.org\/author\/globalafrica\/"}]}},"acf":[],"authors":[{"term_id":265,"user_id":0,"is_guest":1,"slug":"global-africa","display_name":"Global Africa","avatar_url":{"url":"https:\/\/www.globalafricasciences.org\/wp-content\/uploads\/2024\/11\/Global-Africa.jpg","url2x":"https:\/\/www.globalafricasciences.org\/wp-content\/uploads\/2024\/11\/Global-Africa.jpg"},"author_category":"1","exclude_author":"","main-organisation":"Universit\u00e9 Gaston Berger","country_of_org":"S\u00e9n\u00e9gal","field_of_work":"Sciences sociales","first_name":"","last_name":"","user_url":"","job_title":"","description":"<div id=\"comp-lmq9yt56\" class=\"HcOXKn c9GqVL QxJLC3 lq2cno YQcXTT comp-lmq9yt56 wixui-rich-text\" data-testid=\"richTextElement\">\r\n<p class=\"font_8 wixui-rich-text__text\">La r\u00e9daction de la revue est dirig\u00e9e par Mame-Penda Ba, professeure de sciences politiques \u00e0 l'Universit\u00e9 Gaston Berger et directrice du LASPAD, S\u00e9n\u00e9gal<\/p>\r\n\r\n<\/div>"}],"_links":{"self":[{"href":"https:\/\/www.globalafricasciences.org\/fr\/wp-json\/wp\/v2\/posts\/9195","targetHints":{"allow":["GET"]}}],"collection":[{"href":"https:\/\/www.globalafricasciences.org\/fr\/wp-json\/wp\/v2\/posts"}],"about":[{"href":"https:\/\/www.globalafricasciences.org\/fr\/wp-json\/wp\/v2\/types\/post"}],"author":[{"embeddable":true,"href":"https:\/\/www.globalafricasciences.org\/fr\/wp-json\/wp\/v2\/users\/50"}],"replies":[{"embeddable":true,"href":"https:\/\/www.globalafricasciences.org\/fr\/wp-json\/wp\/v2\/comments?post=9195"}],"version-history":[{"count":0,"href":"https:\/\/www.globalafricasciences.org\/fr\/wp-json\/wp\/v2\/posts\/9195\/revisions"}],"wp:featuredmedia":[{"embeddable":true,"href":"https:\/\/www.globalafricasciences.org\/fr\/wp-json\/wp\/v2\/media\/8613"}],"wp:attachment":[{"href":"https:\/\/www.globalafricasciences.org\/fr\/wp-json\/wp\/v2\/media?parent=9195"}],"wp:term":[{"taxonomy":"category","embeddable":true,"href":"https:\/\/www.globalafricasciences.org\/fr\/wp-json\/wp\/v2\/categories?post=9195"},{"taxonomy":"post_tag","embeddable":true,"href":"https:\/\/www.globalafricasciences.org\/fr\/wp-json\/wp\/v2\/tags?post=9195"},{"taxonomy":"issues3","embeddable":true,"href":"https:\/\/www.globalafricasciences.org\/fr\/wp-json\/wp\/v2\/issues3?post=9195"},{"taxonomy":"post_folder","embeddable":true,"href":"https:\/\/www.globalafricasciences.org\/fr\/wp-json\/wp\/v2\/post_folder?post=9195"},{"taxonomy":"author","embeddable":true,"href":"https:\/\/www.globalafricasciences.org\/fr\/wp-json\/wp\/v2\/ppma_author?post=9195"}],"curies":[{"name":"wp","href":"https:\/\/api.w.org\/{rel}","templated":true}]}}