{"id":9193,"date":"2025-02-24T23:02:28","date_gmt":"2025-02-24T23:02:28","guid":{"rendered":"https:\/\/www.globalafricasciences.org\/actualites\/focus-sur-le-numero-5-lumiere-sur-le-fil-iconographique-et-la-creation-de-ce-numero\/"},"modified":"2025-07-04T11:50:39","modified_gmt":"2025-07-04T11:50:39","slug":"focus-sur-le-numero-5-lumiere-sur-le-fil-iconographique-et-la-creation-de-ce-numero","status":"publish","type":"post","link":"https:\/\/www.globalafricasciences.org\/fr\/focus-sur-le-numero-5-lumiere-sur-le-fil-iconographique-et-la-creation-de-ce-numero\/","title":{"rendered":"FOCUS SUR LE NUM\u00c9RO 5 : Lumi\u00e8re sur le fil iconographique et la cr\u00e9ation de ce num\u00e9ro !"},"content":{"rendered":"\n<p>Chaque semaine, retrouvez-nous pour un Focus sur le num\u00e9ro le plus r\u00e9cent de <em>Global Africa<\/em>. D\u00e9cryptage du num\u00e9ro, immersion au coeur des articles et mise en lumi\u00e8re de nos auteurs. <\/p>\n\n<figure class=\"wp-block-video aligncenter\" style=\"padding-top:var(--wp--preset--spacing--80);padding-right:var(--wp--preset--spacing--80);padding-bottom:var(--wp--preset--spacing--80);padding-left:var(--wp--preset--spacing--80)\"><video height=\"1080\" style=\"aspect-ratio: 1080 \/ 1080;\" width=\"1080\" controls=\"\" src=\"https:\/\/www.globalafricasciences.org\/wp-content\/uploads\/2025\/02\/file-4.mp4\"><\/video><\/figure>\n\n<p><strong>Rencontrez Sara Mejdoubi, coordinatrice du nouveau num\u00e9ro de varia !<\/strong><\/p>\n\n<div class=\"wp-block-media-text has-media-on-the-right is-stacked-on-mobile\"><div class=\"wp-block-media-text__content\">\n<p>Sara Mejdoubi est une linguiste sp\u00e9cialis\u00e9e en analyse du discours politique, professeure \u00e0 Sciences Po Rabat (UIR) et chercheure au Center for Global Studies (UIR). Elle est \u00e9galement membre associ\u00e9 de plusieurs laboratoires de recherche prestigieux en France. Avec son expertise dans l&rsquo;analyse du discours politique, elle apporte une perspective unique \u00e0 notre comit\u00e9 de r\u00e9daction.  <\/p>\n\n\n\n<p>Nomm\u00e9e \u00ab\u00a0professeur-visiteur\u00a0\u00bb par l&rsquo;Universit\u00e9 de Toulon en 2017, Sara a dispens\u00e9 des cours sur des sujets tels que l&rsquo;analyse s\u00e9mantique de la m\u00e9taphore dans le discours politique et les strat\u00e9gies persuasives dans le discours islamiste au Maroc.<\/p>\n<\/div><figure class=\"wp-block-media-text__media\"><img fetchpriority=\"high\" decoding=\"async\" width=\"700\" height=\"700\" src=\"https:\/\/www.globalafricasciences.org\/wp-content\/uploads\/2025\/02\/Sara-Mejdoubi.avif\" alt=\"\" class=\"wp-image-8660 size-full\"\/><\/figure><\/div>\n\n<p id=\"viewer-2gmn9307\">En tant que R\u00e9dactrice en chef-adjoint de <em>Global Africa<\/em>, Sara joue un r\u00f4le essentiel dans la publication de recherches de qualit\u00e9 sur des sujets africains et mondiaux. Ses contributions acad\u00e9miques et ses publications internationales enrichissent notre revue et alimentent les d\u00e9bats sur l&rsquo;analyse du discours dans divers contextes politiques, religieux et m\u00e9diatiques. <\/p>\n\n<p id=\"viewer-g1i6b352\">Ne manquez pas l&rsquo;occasion de rencontrer Sara et de d\u00e9couvrir son travail !<\/p>\n\n<p><\/p>\n\n<hr class=\"wp-block-separator has-alpha-channel-opacity\"\/>\n\n<p><\/p>\n\n<p><strong>Rencontrez Baye Mballo K\u00e9b\u00e9, un artiste s\u00e9n\u00e9galais aux multiples talents !<\/strong><\/p>\n\n<div class=\"wp-block-media-text is-stacked-on-mobile\" style=\"grid-template-columns:33% auto\"><figure class=\"wp-block-media-text__media\"><img decoding=\"async\" width=\"700\" height=\"700\" src=\"https:\/\/www.globalafricasciences.org\/wp-content\/uploads\/2025\/02\/Baye-Mballo-Kebe.avif\" alt=\"\" class=\"wp-image-8662 size-full\"\/><\/figure><div class=\"wp-block-media-text__content\">\n<p>Baye Mballo K\u00e9b\u00e9 excelle dans divers domaines artistiques : plasticien, d\u00e9corateur, graphiste, s\u00e9rigraphe, photographe scientifique, et bien plus encore.<\/p>\n\n\n\n<p id=\"viewer-5dx29565\">Son parcours est jalonn\u00e9 de succ\u00e8s, ayant re\u00e7u la m\u00e9daille d\u2019or de Paris Critique, ainsi que les distinctions de chevalier des Arts et des Lettres de France et du S\u00e9n\u00e9gal, et le Grand Prix humanitaire de France.<\/p>\n<\/div><\/div>\n\n<p>Pionnier de la technique \u00ab\u00a0Xatim Art\u00a0\u00bb, K\u00e9b\u00e9 transforme les mots et l\u2019\u00e9criture calligraphique en v\u00e9ritables \u0153uvres plastiques. Ses cr\u00e9ations, riches en formes, couleurs et vibrations, offrent une exp\u00e9rience artistique unique, m\u00ealant lyrisme et gravit\u00e9. Dans ce num\u00e9ro, au fil des pages, d\u00e9couvrez l&rsquo;univers captivant de Baye Mballo K\u00e9b\u00e9 et plongez dans un monde d&rsquo;expression artistique et de cr\u00e9ativit\u00e9 sans limite ! <\/p>\n\n<p><\/p>\n\n<div class=\"wp-block-buttons is-content-justification-center is-layout-flex wp-container-core-buttons-is-layout-a89b3969 wp-block-buttons-is-layout-flex\">\n<div class=\"wp-block-button\"><a class=\"wp-block-button__link wp-element-button\" href=\"https:\/\/www.globalafricasciences.org\/issue\/05.2024\">D\u00e9couvrez le num\u00e9ro varia !<\/a><\/div>\n<\/div>\n","protected":false},"excerpt":{"rendered":"<p>Chaque semaine, retrouvez-nous pour un Focus sur le num\u00e9ro le plus r\u00e9cent de Global Africa. D\u00e9cryptage du num\u00e9ro, immersion au coeur des articles et mise en lumi\u00e8re de nos auteurs. Rencontrez Sara Mejdoubi, coordinatrice du nouveau num\u00e9ro de varia ! Sara Mejdoubi est une linguiste sp\u00e9cialis\u00e9e en analyse du discours politique, professeure \u00e0 Sciences Po Rabat (UIR) et chercheure au Center for Global Studies (UIR). Elle est \u00e9galement membre associ\u00e9 de plusieurs laboratoires de recherche prestigieux en France. Avec son expertise dans l&rsquo;analyse du discours politique, elle apporte une perspective unique \u00e0 notre comit\u00e9 de r\u00e9daction. Nomm\u00e9e \u00ab\u00a0professeur-visiteur\u00a0\u00bb par l&rsquo;Universit\u00e9 de Toulon en 2017, Sara a dispens\u00e9 des cours sur des sujets tels que l&rsquo;analyse s\u00e9mantique de la m\u00e9taphore dans le discours politique et les strat\u00e9gies persuasives dans le discours islamiste au Maroc. En tant que R\u00e9dactrice en chef-adjoint de Global Africa, Sara joue un r\u00f4le essentiel dans la publication de recherches de qualit\u00e9 sur des sujets africains et mondiaux. Ses contributions acad\u00e9miques et ses publications internationales enrichissent notre revue et alimentent les d\u00e9bats sur l&rsquo;analyse du discours dans divers contextes politiques, religieux et m\u00e9diatiques. Ne manquez pas l&rsquo;occasion de rencontrer Sara et de d\u00e9couvrir son travail ! Rencontrez Baye Mballo K\u00e9b\u00e9, un artiste s\u00e9n\u00e9galais aux multiples talents ! Baye Mballo K\u00e9b\u00e9 excelle dans divers domaines artistiques : plasticien, d\u00e9corateur, graphiste, s\u00e9rigraphe, photographe scientifique, et bien plus encore. Son parcours est jalonn\u00e9 de succ\u00e8s, ayant re\u00e7u la m\u00e9daille d\u2019or de Paris Critique, ainsi que les distinctions de chevalier des Arts et des Lettres de France et du S\u00e9n\u00e9gal, et le Grand Prix humanitaire de France. Pionnier de la technique \u00ab\u00a0Xatim Art\u00a0\u00bb, K\u00e9b\u00e9 transforme les mots et l\u2019\u00e9criture calligraphique en v\u00e9ritables \u0153uvres plastiques. Ses cr\u00e9ations, riches en formes, couleurs et vibrations, offrent une exp\u00e9rience artistique unique, m\u00ealant lyrisme et gravit\u00e9. Dans ce num\u00e9ro, au fil des pages, d\u00e9couvrez l&rsquo;univers captivant de Baye Mballo K\u00e9b\u00e9 et plongez dans un monde d&rsquo;expression artistique et de cr\u00e9ativit\u00e9 sans limite !<\/p>\n","protected":false},"author":50,"featured_media":8665,"comment_status":"open","ping_status":"open","sticky":false,"template":"","format":"standard","meta":{"footnotes":""},"categories":[180],"tags":[],"issues3":[],"post_folder":[],"ppma_author":[265],"class_list":["post-9193","post","type-post","status-publish","format-standard","has-post-thumbnail","hentry","category-revue","author-global-africa"],"yoast_head":"<!-- This site is optimized with the Yoast SEO plugin v27.5 - https:\/\/yoast.com\/product\/yoast-seo-wordpress\/ -->\n<title>FOCUS SUR LE NUM\u00c9RO 5 : Lumi\u00e8re sur le fil iconographique et la cr\u00e9ation de ce num\u00e9ro ! | Global Africa<\/title>\n<meta name=\"description\" content=\"Focus sur le num\u00e9ro varia de Global Africa : rencontre avec Sara Mejdoubi, linguiste sp\u00e9cialiste du discours politique, et Baye Mballo K\u00e9b\u00e9, artiste pluriel et inventeur du Xatim Art.\" \/>\n<meta name=\"robots\" content=\"index, follow, max-snippet:-1, max-image-preview:large, max-video-preview:-1\" \/>\n<link rel=\"canonical\" href=\"https:\/\/www.globalafricasciences.org\/fr\/focus-sur-le-numero-5-lumiere-sur-le-fil-iconographique-et-la-creation-de-ce-numero\/\" \/>\n<meta property=\"og:locale\" content=\"fr_FR\" \/>\n<meta property=\"og:type\" content=\"article\" \/>\n<meta property=\"og:title\" content=\"FOCUS SUR LE NUM\u00c9RO 5 : Lumi\u00e8re sur le fil iconographique et la cr\u00e9ation de ce num\u00e9ro ! | Global Africa\" \/>\n<meta property=\"og:description\" content=\"Focus sur le num\u00e9ro varia de Global Africa : rencontre avec Sara Mejdoubi, linguiste sp\u00e9cialiste du discours politique, et Baye Mballo K\u00e9b\u00e9, artiste pluriel et inventeur du Xatim Art.\" \/>\n<meta property=\"og:url\" content=\"https:\/\/www.globalafricasciences.org\/fr\/focus-sur-le-numero-5-lumiere-sur-le-fil-iconographique-et-la-creation-de-ce-numero\/\" \/>\n<meta property=\"og:site_name\" content=\"Global Africa\" \/>\n<meta property=\"article:publisher\" content=\"https:\/\/www.facebook.com\/globalafricasciences\" \/>\n<meta property=\"article:published_time\" content=\"2025-02-24T23:02:28+00:00\" \/>\n<meta property=\"article:modified_time\" content=\"2025-07-04T11:50:39+00:00\" \/>\n<meta property=\"og:image\" content=\"https:\/\/www.globalafricasciences.org\/wp-content\/uploads\/2025\/02\/FOCUS-ON-ISSUE-5-Light-on-the-Iconographic-Thread-and-the-Creation-of-this-Issue.webp\" \/>\n\t<meta property=\"og:image:width\" content=\"1080\" \/>\n\t<meta property=\"og:image:height\" content=\"810\" \/>\n\t<meta property=\"og:image:type\" content=\"image\/webp\" \/>\n<meta name=\"author\" content=\"Global Africa\" \/>\n<meta name=\"twitter:card\" content=\"summary_large_image\" \/>\n<meta name=\"twitter:label1\" content=\"\u00c9crit par\" \/>\n\t<meta name=\"twitter:data1\" content=\"Global Africa\" \/>\n\t<meta name=\"twitter:label2\" content=\"Dur\u00e9e de lecture estim\u00e9e\" \/>\n\t<meta name=\"twitter:data2\" content=\"2 minutes\" \/>\n<script type=\"application\/ld+json\" class=\"yoast-schema-graph\">{\"@context\":\"https:\\\/\\\/schema.org\",\"@graph\":[{\"@type\":\"Article\",\"@id\":\"https:\\\/\\\/www.globalafricasciences.org\\\/fr\\\/focus-sur-le-numero-5-lumiere-sur-le-fil-iconographique-et-la-creation-de-ce-numero\\\/#article\",\"isPartOf\":{\"@id\":\"https:\\\/\\\/www.globalafricasciences.org\\\/fr\\\/focus-sur-le-numero-5-lumiere-sur-le-fil-iconographique-et-la-creation-de-ce-numero\\\/\"},\"author\":{\"name\":\"Global Africa\",\"@id\":\"https:\\\/\\\/www.globalafricasciences.org\\\/fr\\\/#\\\/schema\\\/person\\\/8c11b55a8c7d287934a558c0e354b773\"},\"headline\":\"FOCUS SUR LE NUM\u00c9RO 5 : Lumi\u00e8re sur le fil iconographique et la cr\u00e9ation de ce num\u00e9ro !\",\"datePublished\":\"2025-02-24T23:02:28+00:00\",\"dateModified\":\"2025-07-04T11:50:39+00:00\",\"mainEntityOfPage\":{\"@id\":\"https:\\\/\\\/www.globalafricasciences.org\\\/fr\\\/focus-sur-le-numero-5-lumiere-sur-le-fil-iconographique-et-la-creation-de-ce-numero\\\/\"},\"wordCount\":391,\"commentCount\":0,\"publisher\":{\"@id\":\"https:\\\/\\\/www.globalafricasciences.org\\\/fr\\\/#organization\"},\"image\":{\"@id\":\"https:\\\/\\\/www.globalafricasciences.org\\\/fr\\\/focus-sur-le-numero-5-lumiere-sur-le-fil-iconographique-et-la-creation-de-ce-numero\\\/#primaryimage\"},\"thumbnailUrl\":\"https:\\\/\\\/www.globalafricasciences.org\\\/wp-content\\\/uploads\\\/2025\\\/02\\\/FOCUS-ON-ISSUE-5-Light-on-the-Iconographic-Thread-and-the-Creation-of-this-Issue.webp\",\"articleSection\":[\"Revue\"],\"inLanguage\":\"fr-FR\",\"potentialAction\":[{\"@type\":\"CommentAction\",\"name\":\"Comment\",\"target\":[\"https:\\\/\\\/www.globalafricasciences.org\\\/fr\\\/focus-sur-le-numero-5-lumiere-sur-le-fil-iconographique-et-la-creation-de-ce-numero\\\/#respond\"]}]},{\"@type\":\"WebPage\",\"@id\":\"https:\\\/\\\/www.globalafricasciences.org\\\/fr\\\/focus-sur-le-numero-5-lumiere-sur-le-fil-iconographique-et-la-creation-de-ce-numero\\\/\",\"url\":\"https:\\\/\\\/www.globalafricasciences.org\\\/fr\\\/focus-sur-le-numero-5-lumiere-sur-le-fil-iconographique-et-la-creation-de-ce-numero\\\/\",\"name\":\"FOCUS SUR LE NUM\u00c9RO 5 : Lumi\u00e8re sur le fil iconographique et la cr\u00e9ation de ce num\u00e9ro ! | Global Africa\",\"isPartOf\":{\"@id\":\"https:\\\/\\\/www.globalafricasciences.org\\\/fr\\\/#website\"},\"primaryImageOfPage\":{\"@id\":\"https:\\\/\\\/www.globalafricasciences.org\\\/fr\\\/focus-sur-le-numero-5-lumiere-sur-le-fil-iconographique-et-la-creation-de-ce-numero\\\/#primaryimage\"},\"image\":{\"@id\":\"https:\\\/\\\/www.globalafricasciences.org\\\/fr\\\/focus-sur-le-numero-5-lumiere-sur-le-fil-iconographique-et-la-creation-de-ce-numero\\\/#primaryimage\"},\"thumbnailUrl\":\"https:\\\/\\\/www.globalafricasciences.org\\\/wp-content\\\/uploads\\\/2025\\\/02\\\/FOCUS-ON-ISSUE-5-Light-on-the-Iconographic-Thread-and-the-Creation-of-this-Issue.webp\",\"datePublished\":\"2025-02-24T23:02:28+00:00\",\"dateModified\":\"2025-07-04T11:50:39+00:00\",\"description\":\"Focus sur le num\u00e9ro varia de Global Africa : rencontre avec Sara Mejdoubi, linguiste sp\u00e9cialiste du discours politique, et Baye Mballo K\u00e9b\u00e9, artiste pluriel et inventeur du Xatim Art.\",\"breadcrumb\":{\"@id\":\"https:\\\/\\\/www.globalafricasciences.org\\\/fr\\\/focus-sur-le-numero-5-lumiere-sur-le-fil-iconographique-et-la-creation-de-ce-numero\\\/#breadcrumb\"},\"inLanguage\":\"fr-FR\",\"potentialAction\":[{\"@type\":\"ReadAction\",\"target\":[\"https:\\\/\\\/www.globalafricasciences.org\\\/fr\\\/focus-sur-le-numero-5-lumiere-sur-le-fil-iconographique-et-la-creation-de-ce-numero\\\/\"]}]},{\"@type\":\"ImageObject\",\"inLanguage\":\"fr-FR\",\"@id\":\"https:\\\/\\\/www.globalafricasciences.org\\\/fr\\\/focus-sur-le-numero-5-lumiere-sur-le-fil-iconographique-et-la-creation-de-ce-numero\\\/#primaryimage\",\"url\":\"https:\\\/\\\/www.globalafricasciences.org\\\/wp-content\\\/uploads\\\/2025\\\/02\\\/FOCUS-ON-ISSUE-5-Light-on-the-Iconographic-Thread-and-the-Creation-of-this-Issue.webp\",\"contentUrl\":\"https:\\\/\\\/www.globalafricasciences.org\\\/wp-content\\\/uploads\\\/2025\\\/02\\\/FOCUS-ON-ISSUE-5-Light-on-the-Iconographic-Thread-and-the-Creation-of-this-Issue.webp\",\"width\":1080,\"height\":810},{\"@type\":\"BreadcrumbList\",\"@id\":\"https:\\\/\\\/www.globalafricasciences.org\\\/fr\\\/focus-sur-le-numero-5-lumiere-sur-le-fil-iconographique-et-la-creation-de-ce-numero\\\/#breadcrumb\",\"itemListElement\":[{\"@type\":\"ListItem\",\"position\":1,\"name\":\"Home\",\"item\":\"https:\\\/\\\/www.globalafricasciences.org\\\/fr\\\/accueil\\\/\"},{\"@type\":\"ListItem\",\"position\":2,\"name\":\"FOCUS SUR LE NUM\u00c9RO 5 : Lumi\u00e8re sur le fil iconographique et la cr\u00e9ation de ce num\u00e9ro !\"}]},{\"@type\":\"WebSite\",\"@id\":\"https:\\\/\\\/www.globalafricasciences.org\\\/fr\\\/#website\",\"url\":\"https:\\\/\\\/www.globalafricasciences.org\\\/fr\\\/\",\"name\":\"Global Africa\",\"description\":\"Pan-African Scientific Journal\",\"publisher\":{\"@id\":\"https:\\\/\\\/www.globalafricasciences.org\\\/fr\\\/#organization\"},\"potentialAction\":[{\"@type\":\"SearchAction\",\"target\":{\"@type\":\"EntryPoint\",\"urlTemplate\":\"https:\\\/\\\/www.globalafricasciences.org\\\/fr\\\/?s={search_term_string}\"},\"query-input\":{\"@type\":\"PropertyValueSpecification\",\"valueRequired\":true,\"valueName\":\"search_term_string\"}}],\"inLanguage\":\"fr-FR\"},{\"@type\":\"Organization\",\"@id\":\"https:\\\/\\\/www.globalafricasciences.org\\\/fr\\\/#organization\",\"name\":\"Global Africa\",\"url\":\"https:\\\/\\\/www.globalafricasciences.org\\\/fr\\\/\",\"logo\":{\"@type\":\"ImageObject\",\"inLanguage\":\"fr-FR\",\"@id\":\"https:\\\/\\\/www.globalafricasciences.org\\\/fr\\\/#\\\/schema\\\/logo\\\/image\\\/\",\"url\":\"https:\\\/\\\/www.globalafricasciences.org\\\/wp-content\\\/uploads\\\/2024\\\/12\\\/Globalafrica.png\",\"contentUrl\":\"https:\\\/\\\/www.globalafricasciences.org\\\/wp-content\\\/uploads\\\/2024\\\/12\\\/Globalafrica.png\",\"width\":1680,\"height\":750,\"caption\":\"Global Africa\"},\"image\":{\"@id\":\"https:\\\/\\\/www.globalafricasciences.org\\\/fr\\\/#\\\/schema\\\/logo\\\/image\\\/\"},\"sameAs\":[\"https:\\\/\\\/www.facebook.com\\\/globalafricasciences\"]},{\"@type\":\"Person\",\"@id\":\"https:\\\/\\\/www.globalafricasciences.org\\\/fr\\\/#\\\/schema\\\/person\\\/8c11b55a8c7d287934a558c0e354b773\",\"name\":\"Global Africa\",\"image\":{\"@type\":\"ImageObject\",\"inLanguage\":\"fr-FR\",\"@id\":\"https:\\\/\\\/www.globalafricasciences.org\\\/wp-content\\\/uploads\\\/2024\\\/11\\\/Global-Africa.jpgd44bc09810f00cf464135b8441da2384\",\"url\":\"https:\\\/\\\/www.globalafricasciences.org\\\/wp-content\\\/uploads\\\/2024\\\/11\\\/Global-Africa.jpg\",\"contentUrl\":\"https:\\\/\\\/www.globalafricasciences.org\\\/wp-content\\\/uploads\\\/2024\\\/11\\\/Global-Africa.jpg\",\"caption\":\"Global Africa\"},\"description\":\"The editorial board of the journal is led by Mame-Penda Ba, a professor of political science at Gaston Berger University and the director of LASPAD(Laboratory of Social, Political, and Administrative Studies), Senegal.\",\"url\":\"https:\\\/\\\/www.globalafricasciences.org\\\/author\\\/globalafrica\\\/\"}]}<\/script>\n<!-- \/ Yoast SEO plugin. -->","yoast_head_json":{"title":"FOCUS SUR LE NUM\u00c9RO 5 : Lumi\u00e8re sur le fil iconographique et la cr\u00e9ation de ce num\u00e9ro ! | Global Africa","description":"Focus sur le num\u00e9ro varia de Global Africa : rencontre avec Sara Mejdoubi, linguiste sp\u00e9cialiste du discours politique, et Baye Mballo K\u00e9b\u00e9, artiste pluriel et inventeur du Xatim Art.","robots":{"index":"index","follow":"follow","max-snippet":"max-snippet:-1","max-image-preview":"max-image-preview:large","max-video-preview":"max-video-preview:-1"},"canonical":"https:\/\/www.globalafricasciences.org\/fr\/focus-sur-le-numero-5-lumiere-sur-le-fil-iconographique-et-la-creation-de-ce-numero\/","og_locale":"fr_FR","og_type":"article","og_title":"FOCUS SUR LE NUM\u00c9RO 5 : Lumi\u00e8re sur le fil iconographique et la cr\u00e9ation de ce num\u00e9ro ! | Global Africa","og_description":"Focus sur le num\u00e9ro varia de Global Africa : rencontre avec Sara Mejdoubi, linguiste sp\u00e9cialiste du discours politique, et Baye Mballo K\u00e9b\u00e9, artiste pluriel et inventeur du Xatim Art.","og_url":"https:\/\/www.globalafricasciences.org\/fr\/focus-sur-le-numero-5-lumiere-sur-le-fil-iconographique-et-la-creation-de-ce-numero\/","og_site_name":"Global Africa","article_publisher":"https:\/\/www.facebook.com\/globalafricasciences","article_published_time":"2025-02-24T23:02:28+00:00","article_modified_time":"2025-07-04T11:50:39+00:00","og_image":[{"width":1080,"height":810,"url":"https:\/\/www.globalafricasciences.org\/wp-content\/uploads\/2025\/02\/FOCUS-ON-ISSUE-5-Light-on-the-Iconographic-Thread-and-the-Creation-of-this-Issue.webp","type":"image\/webp"}],"author":"Global Africa","twitter_card":"summary_large_image","twitter_misc":{"\u00c9crit par":"Global Africa","Dur\u00e9e de lecture estim\u00e9e":"2 minutes"},"schema":{"@context":"https:\/\/schema.org","@graph":[{"@type":"Article","@id":"https:\/\/www.globalafricasciences.org\/fr\/focus-sur-le-numero-5-lumiere-sur-le-fil-iconographique-et-la-creation-de-ce-numero\/#article","isPartOf":{"@id":"https:\/\/www.globalafricasciences.org\/fr\/focus-sur-le-numero-5-lumiere-sur-le-fil-iconographique-et-la-creation-de-ce-numero\/"},"author":{"name":"Global Africa","@id":"https:\/\/www.globalafricasciences.org\/fr\/#\/schema\/person\/8c11b55a8c7d287934a558c0e354b773"},"headline":"FOCUS SUR LE NUM\u00c9RO 5 : Lumi\u00e8re sur le fil iconographique et la cr\u00e9ation de ce num\u00e9ro !","datePublished":"2025-02-24T23:02:28+00:00","dateModified":"2025-07-04T11:50:39+00:00","mainEntityOfPage":{"@id":"https:\/\/www.globalafricasciences.org\/fr\/focus-sur-le-numero-5-lumiere-sur-le-fil-iconographique-et-la-creation-de-ce-numero\/"},"wordCount":391,"commentCount":0,"publisher":{"@id":"https:\/\/www.globalafricasciences.org\/fr\/#organization"},"image":{"@id":"https:\/\/www.globalafricasciences.org\/fr\/focus-sur-le-numero-5-lumiere-sur-le-fil-iconographique-et-la-creation-de-ce-numero\/#primaryimage"},"thumbnailUrl":"https:\/\/www.globalafricasciences.org\/wp-content\/uploads\/2025\/02\/FOCUS-ON-ISSUE-5-Light-on-the-Iconographic-Thread-and-the-Creation-of-this-Issue.webp","articleSection":["Revue"],"inLanguage":"fr-FR","potentialAction":[{"@type":"CommentAction","name":"Comment","target":["https:\/\/www.globalafricasciences.org\/fr\/focus-sur-le-numero-5-lumiere-sur-le-fil-iconographique-et-la-creation-de-ce-numero\/#respond"]}]},{"@type":"WebPage","@id":"https:\/\/www.globalafricasciences.org\/fr\/focus-sur-le-numero-5-lumiere-sur-le-fil-iconographique-et-la-creation-de-ce-numero\/","url":"https:\/\/www.globalafricasciences.org\/fr\/focus-sur-le-numero-5-lumiere-sur-le-fil-iconographique-et-la-creation-de-ce-numero\/","name":"FOCUS SUR LE NUM\u00c9RO 5 : Lumi\u00e8re sur le fil iconographique et la cr\u00e9ation de ce num\u00e9ro ! | Global Africa","isPartOf":{"@id":"https:\/\/www.globalafricasciences.org\/fr\/#website"},"primaryImageOfPage":{"@id":"https:\/\/www.globalafricasciences.org\/fr\/focus-sur-le-numero-5-lumiere-sur-le-fil-iconographique-et-la-creation-de-ce-numero\/#primaryimage"},"image":{"@id":"https:\/\/www.globalafricasciences.org\/fr\/focus-sur-le-numero-5-lumiere-sur-le-fil-iconographique-et-la-creation-de-ce-numero\/#primaryimage"},"thumbnailUrl":"https:\/\/www.globalafricasciences.org\/wp-content\/uploads\/2025\/02\/FOCUS-ON-ISSUE-5-Light-on-the-Iconographic-Thread-and-the-Creation-of-this-Issue.webp","datePublished":"2025-02-24T23:02:28+00:00","dateModified":"2025-07-04T11:50:39+00:00","description":"Focus sur le num\u00e9ro varia de Global Africa : rencontre avec Sara Mejdoubi, linguiste sp\u00e9cialiste du discours politique, et Baye Mballo K\u00e9b\u00e9, artiste pluriel et inventeur du Xatim Art.","breadcrumb":{"@id":"https:\/\/www.globalafricasciences.org\/fr\/focus-sur-le-numero-5-lumiere-sur-le-fil-iconographique-et-la-creation-de-ce-numero\/#breadcrumb"},"inLanguage":"fr-FR","potentialAction":[{"@type":"ReadAction","target":["https:\/\/www.globalafricasciences.org\/fr\/focus-sur-le-numero-5-lumiere-sur-le-fil-iconographique-et-la-creation-de-ce-numero\/"]}]},{"@type":"ImageObject","inLanguage":"fr-FR","@id":"https:\/\/www.globalafricasciences.org\/fr\/focus-sur-le-numero-5-lumiere-sur-le-fil-iconographique-et-la-creation-de-ce-numero\/#primaryimage","url":"https:\/\/www.globalafricasciences.org\/wp-content\/uploads\/2025\/02\/FOCUS-ON-ISSUE-5-Light-on-the-Iconographic-Thread-and-the-Creation-of-this-Issue.webp","contentUrl":"https:\/\/www.globalafricasciences.org\/wp-content\/uploads\/2025\/02\/FOCUS-ON-ISSUE-5-Light-on-the-Iconographic-Thread-and-the-Creation-of-this-Issue.webp","width":1080,"height":810},{"@type":"BreadcrumbList","@id":"https:\/\/www.globalafricasciences.org\/fr\/focus-sur-le-numero-5-lumiere-sur-le-fil-iconographique-et-la-creation-de-ce-numero\/#breadcrumb","itemListElement":[{"@type":"ListItem","position":1,"name":"Home","item":"https:\/\/www.globalafricasciences.org\/fr\/accueil\/"},{"@type":"ListItem","position":2,"name":"FOCUS SUR LE NUM\u00c9RO 5 : Lumi\u00e8re sur le fil iconographique et la cr\u00e9ation de ce num\u00e9ro !"}]},{"@type":"WebSite","@id":"https:\/\/www.globalafricasciences.org\/fr\/#website","url":"https:\/\/www.globalafricasciences.org\/fr\/","name":"Global Africa","description":"Pan-African Scientific Journal","publisher":{"@id":"https:\/\/www.globalafricasciences.org\/fr\/#organization"},"potentialAction":[{"@type":"SearchAction","target":{"@type":"EntryPoint","urlTemplate":"https:\/\/www.globalafricasciences.org\/fr\/?s={search_term_string}"},"query-input":{"@type":"PropertyValueSpecification","valueRequired":true,"valueName":"search_term_string"}}],"inLanguage":"fr-FR"},{"@type":"Organization","@id":"https:\/\/www.globalafricasciences.org\/fr\/#organization","name":"Global Africa","url":"https:\/\/www.globalafricasciences.org\/fr\/","logo":{"@type":"ImageObject","inLanguage":"fr-FR","@id":"https:\/\/www.globalafricasciences.org\/fr\/#\/schema\/logo\/image\/","url":"https:\/\/www.globalafricasciences.org\/wp-content\/uploads\/2024\/12\/Globalafrica.png","contentUrl":"https:\/\/www.globalafricasciences.org\/wp-content\/uploads\/2024\/12\/Globalafrica.png","width":1680,"height":750,"caption":"Global Africa"},"image":{"@id":"https:\/\/www.globalafricasciences.org\/fr\/#\/schema\/logo\/image\/"},"sameAs":["https:\/\/www.facebook.com\/globalafricasciences"]},{"@type":"Person","@id":"https:\/\/www.globalafricasciences.org\/fr\/#\/schema\/person\/8c11b55a8c7d287934a558c0e354b773","name":"Global Africa","image":{"@type":"ImageObject","inLanguage":"fr-FR","@id":"https:\/\/www.globalafricasciences.org\/wp-content\/uploads\/2024\/11\/Global-Africa.jpgd44bc09810f00cf464135b8441da2384","url":"https:\/\/www.globalafricasciences.org\/wp-content\/uploads\/2024\/11\/Global-Africa.jpg","contentUrl":"https:\/\/www.globalafricasciences.org\/wp-content\/uploads\/2024\/11\/Global-Africa.jpg","caption":"Global Africa"},"description":"The editorial board of the journal is led by Mame-Penda Ba, a professor of political science at Gaston Berger University and the director of LASPAD(Laboratory of Social, Political, and Administrative Studies), Senegal.","url":"https:\/\/www.globalafricasciences.org\/author\/globalafrica\/"}]}},"acf":[],"authors":[{"term_id":265,"user_id":0,"is_guest":1,"slug":"global-africa","display_name":"Global Africa","avatar_url":{"url":"https:\/\/www.globalafricasciences.org\/wp-content\/uploads\/2024\/11\/Global-Africa.jpg","url2x":"https:\/\/www.globalafricasciences.org\/wp-content\/uploads\/2024\/11\/Global-Africa.jpg"},"author_category":"1","exclude_author":"","main-organisation":"Universit\u00e9 Gaston Berger","country_of_org":"S\u00e9n\u00e9gal","field_of_work":"Sciences sociales","first_name":"","last_name":"","user_url":"","job_title":"","description":"<div id=\"comp-lmq9yt56\" class=\"HcOXKn c9GqVL QxJLC3 lq2cno YQcXTT comp-lmq9yt56 wixui-rich-text\" data-testid=\"richTextElement\">\r\n<p class=\"font_8 wixui-rich-text__text\">La r\u00e9daction de la revue est dirig\u00e9e par Mame-Penda Ba, professeure de sciences politiques \u00e0 l'Universit\u00e9 Gaston Berger et directrice du LASPAD, S\u00e9n\u00e9gal<\/p>\r\n\r\n<\/div>"}],"_links":{"self":[{"href":"https:\/\/www.globalafricasciences.org\/fr\/wp-json\/wp\/v2\/posts\/9193","targetHints":{"allow":["GET"]}}],"collection":[{"href":"https:\/\/www.globalafricasciences.org\/fr\/wp-json\/wp\/v2\/posts"}],"about":[{"href":"https:\/\/www.globalafricasciences.org\/fr\/wp-json\/wp\/v2\/types\/post"}],"author":[{"embeddable":true,"href":"https:\/\/www.globalafricasciences.org\/fr\/wp-json\/wp\/v2\/users\/50"}],"replies":[{"embeddable":true,"href":"https:\/\/www.globalafricasciences.org\/fr\/wp-json\/wp\/v2\/comments?post=9193"}],"version-history":[{"count":0,"href":"https:\/\/www.globalafricasciences.org\/fr\/wp-json\/wp\/v2\/posts\/9193\/revisions"}],"wp:featuredmedia":[{"embeddable":true,"href":"https:\/\/www.globalafricasciences.org\/fr\/wp-json\/wp\/v2\/media\/8665"}],"wp:attachment":[{"href":"https:\/\/www.globalafricasciences.org\/fr\/wp-json\/wp\/v2\/media?parent=9193"}],"wp:term":[{"taxonomy":"category","embeddable":true,"href":"https:\/\/www.globalafricasciences.org\/fr\/wp-json\/wp\/v2\/categories?post=9193"},{"taxonomy":"post_tag","embeddable":true,"href":"https:\/\/www.globalafricasciences.org\/fr\/wp-json\/wp\/v2\/tags?post=9193"},{"taxonomy":"issues3","embeddable":true,"href":"https:\/\/www.globalafricasciences.org\/fr\/wp-json\/wp\/v2\/issues3?post=9193"},{"taxonomy":"post_folder","embeddable":true,"href":"https:\/\/www.globalafricasciences.org\/fr\/wp-json\/wp\/v2\/post_folder?post=9193"},{"taxonomy":"author","embeddable":true,"href":"https:\/\/www.globalafricasciences.org\/fr\/wp-json\/wp\/v2\/ppma_author?post=9193"}],"curies":[{"name":"wp","href":"https:\/\/api.w.org\/{rel}","templated":true}]}}