{"id":9182,"date":"2025-02-26T16:47:39","date_gmt":"2025-02-26T16:47:39","guid":{"rendered":"https:\/\/www.globalafricasciences.org\/actualites\/la-7e-conference-annuelle-de-lagos-studies-association-repenser-la-decolonialite\/"},"modified":"2025-04-25T12:00:59","modified_gmt":"2025-04-25T12:00:59","slug":"la-7e-conference-annuelle-de-lagos-studies-association-repenser-la-decolonialite","status":"publish","type":"post","link":"https:\/\/www.globalafricasciences.org\/fr\/la-7e-conference-annuelle-de-lagos-studies-association-repenser-la-decolonialite\/","title":{"rendered":"La 7e conf\u00e9rence annuelle de Lagos Studies Association, \u00ab Repenser la d\u00e9colonialit\u00e9 \u00bb"},"content":{"rendered":"\n<p>La 7e conf\u00e9rence annuelle de la Lagos Studies Association, \u00ab\u00a0<em>Repenser la d\u00e9colonialit\u00e9 : D\u00e9colonisation africaine et \u00e9pist\u00e9mologies au 21e si\u00e8cle<\/em>\u00ab\u00a0, se tiendra du 20 au 24 juin 2023 \u00e0 l&rsquo;Universit\u00e9 de Lagos (en pr\u00e9sentiel et en ligne).<\/p>\n\n<figure class=\"wp-block-image size-large\"><img fetchpriority=\"high\" decoding=\"async\" width=\"1024\" height=\"750\" src=\"https:\/\/www.globalafricasciences.org\/wp-content\/uploads\/2025\/02\/The-7th-Annual-Lagos-Studies-Association-Conference-Rethinking-Decoloniality--1024x750.webp\" alt=\"\" class=\"wp-image-9178\" srcset=\"https:\/\/www.globalafricasciences.org\/wp-content\/uploads\/2025\/02\/The-7th-Annual-Lagos-Studies-Association-Conference-Rethinking-Decoloniality--1024x750.webp 1024w, https:\/\/www.globalafricasciences.org\/wp-content\/uploads\/2025\/02\/The-7th-Annual-Lagos-Studies-Association-Conference-Rethinking-Decoloniality--300x220.webp 300w, https:\/\/www.globalafricasciences.org\/wp-content\/uploads\/2025\/02\/The-7th-Annual-Lagos-Studies-Association-Conference-Rethinking-Decoloniality--768x562.webp 768w, https:\/\/www.globalafricasciences.org\/wp-content\/uploads\/2025\/02\/The-7th-Annual-Lagos-Studies-Association-Conference-Rethinking-Decoloniality--1536x1125.webp 1536w, https:\/\/www.globalafricasciences.org\/wp-content\/uploads\/2025\/02\/The-7th-Annual-Lagos-Studies-Association-Conference-Rethinking-Decoloniality--2048x1499.webp 2048w, https:\/\/www.globalafricasciences.org\/wp-content\/uploads\/2025\/02\/The-7th-Annual-Lagos-Studies-Association-Conference-Rethinking-Decoloniality--scaled.webp 1920w\" sizes=\"(max-width: 1024px) 100vw, 1024px\" \/><\/figure>\n\n<p id=\"viewer-d7aj6\">Les discours sur la d\u00e9colonisation ont pris de nouveaux tournants depuis la deuxi\u00e8me d\u00e9cennie du XXIe si\u00e8cle. Malheureusement, au lieu de tenir compte des d\u00e9cennies d&rsquo;activisme et de recherche sur la d\u00e9colonisation des syst\u00e8mes de connaissances, des id\u00e9ologies et des pratiques africaines depuis les ann\u00e9es 1950, la nouvelle agitation d\u00e9coloniale n\u00e9glige largement les incarnations pr\u00e9c\u00e9dentes. La d\u00e9colonisation est devenue un terme fourre-tout pour tous les h\u00e9ritages du colonialisme qui doivent \u00eatre d\u00e9mantel\u00e9s \u00e0 mesure que de nouveaux \u00e9mergent. Actuellement, ce qui doit \u00eatre d\u00e9colonis\u00e9 a augment\u00e9 \u00e0 mesure que de nouveaux corpus de connaissances et les cons\u00e9quences r\u00e9elles de la domination imp\u00e9riale dans la vie quotidienne des Africains \u00e9mergent et se transforment par rapport \u00e0 leur \u00e9tat familier.<\/p>\n\n<p id=\"viewer-92e0o\">Appel \u00e0 communications et panels : <a target=\"_blank\" href=\"https:\/\/www.lagosstudies.org\/lsa-2023\" rel=\"noreferrer noopener\">https:\/\/www.lagosstudies.org\/lsa-2023 <\/a>Date limite de soumission : 1er d\u00e9cembre 2022<\/p>\n","protected":false},"excerpt":{"rendered":"<p>La 7e conf\u00e9rence annuelle de la Lagos Studies Association, \u00ab\u00a0Repenser la d\u00e9colonialit\u00e9 : D\u00e9colonisation africaine et \u00e9pist\u00e9mologies au 21e si\u00e8cle\u00ab\u00a0, se tiendra du 20 au 24 juin 2023 \u00e0 l&rsquo;Universit\u00e9 de Lagos (en pr\u00e9sentiel et en ligne). Les discours sur la d\u00e9colonisation ont pris de nouveaux tournants depuis la deuxi\u00e8me d\u00e9cennie du XXIe si\u00e8cle. Malheureusement, au lieu de tenir compte des d\u00e9cennies d&rsquo;activisme et de recherche sur la d\u00e9colonisation des syst\u00e8mes de connaissances, des id\u00e9ologies et des pratiques africaines depuis les ann\u00e9es 1950, la nouvelle agitation d\u00e9coloniale n\u00e9glige largement les incarnations pr\u00e9c\u00e9dentes. La d\u00e9colonisation est devenue un terme fourre-tout pour tous les h\u00e9ritages du colonialisme qui doivent \u00eatre d\u00e9mantel\u00e9s \u00e0 mesure que de nouveaux \u00e9mergent. Actuellement, ce qui doit \u00eatre d\u00e9colonis\u00e9 a augment\u00e9 \u00e0 mesure que de nouveaux corpus de connaissances et les cons\u00e9quences r\u00e9elles de la domination imp\u00e9riale dans la vie quotidienne des Africains \u00e9mergent et se transforment par rapport \u00e0 leur \u00e9tat familier. Appel \u00e0 communications et panels : https:\/\/www.lagosstudies.org\/lsa-2023 Date limite de soumission : 1er d\u00e9cembre 2022<\/p>\n","protected":false},"author":50,"featured_media":9179,"comment_status":"open","ping_status":"open","sticky":false,"template":"","format":"standard","meta":{"footnotes":""},"categories":[179],"tags":[],"issues3":[],"post_folder":[],"ppma_author":[66],"class_list":["post-9182","post","type-post","status-publish","format-standard","has-post-thumbnail","hentry","category-conferences-fr","author-globalafrica"],"yoast_head":"<!-- This site is optimized with the Yoast SEO plugin v27.5 - https:\/\/yoast.com\/product\/yoast-seo-wordpress\/ -->\n<title>La 7e conf\u00e9rence annuelle de Lagos Studies Association, \u00ab Repenser la d\u00e9colonialit\u00e9 \u00bb | Global Africa<\/title>\n<meta name=\"description\" content=\"Participez \u00e0 la 7e conf\u00e9rence annuelle de la Lagos Studies Association sur la d\u00e9colonialit\u00e9 et les savoirs africains.\" \/>\n<meta name=\"robots\" content=\"index, follow, max-snippet:-1, max-image-preview:large, max-video-preview:-1\" \/>\n<link rel=\"canonical\" href=\"https:\/\/www.globalafricasciences.org\/fr\/la-7e-conference-annuelle-de-lagos-studies-association-repenser-la-decolonialite\/\" \/>\n<meta property=\"og:locale\" content=\"fr_FR\" \/>\n<meta property=\"og:type\" content=\"article\" \/>\n<meta property=\"og:title\" content=\"La 7e conf\u00e9rence annuelle de Lagos Studies Association, \u00ab Repenser la d\u00e9colonialit\u00e9 \u00bb | Global Africa\" \/>\n<meta property=\"og:description\" content=\"Participez \u00e0 la 7e conf\u00e9rence annuelle de la Lagos Studies Association sur la d\u00e9colonialit\u00e9 et les savoirs africains.\" \/>\n<meta property=\"og:url\" content=\"https:\/\/www.globalafricasciences.org\/fr\/la-7e-conference-annuelle-de-lagos-studies-association-repenser-la-decolonialite\/\" \/>\n<meta property=\"og:site_name\" content=\"Global Africa\" \/>\n<meta property=\"article:publisher\" content=\"https:\/\/www.facebook.com\/globalafricasciences\" \/>\n<meta property=\"article:published_time\" content=\"2025-02-26T16:47:39+00:00\" \/>\n<meta property=\"article:modified_time\" content=\"2025-04-25T12:00:59+00:00\" \/>\n<meta property=\"og:image\" content=\"https:\/\/www.globalafricasciences.org\/wp-content\/uploads\/2025\/02\/The-7th-Annual-Lagos-Studies-Association-Conference-Rethinking-Decoloniality--scaled.webp\" \/>\n\t<meta property=\"og:image:width\" content=\"2560\" \/>\n\t<meta property=\"og:image:height\" content=\"1874\" \/>\n\t<meta property=\"og:image:type\" content=\"image\/webp\" \/>\n<meta name=\"author\" content=\"Global Africa\" \/>\n<meta name=\"twitter:card\" content=\"summary_large_image\" \/>\n<meta name=\"twitter:label1\" content=\"\u00c9crit par\" \/>\n\t<meta name=\"twitter:data1\" content=\"Global Africa\" \/>\n\t<meta name=\"twitter:label2\" content=\"Dur\u00e9e de lecture estim\u00e9e\" \/>\n\t<meta name=\"twitter:data2\" content=\"1 minute\" \/>\n<script type=\"application\/ld+json\" class=\"yoast-schema-graph\">{\"@context\":\"https:\\\/\\\/schema.org\",\"@graph\":[{\"@type\":\"Article\",\"@id\":\"https:\\\/\\\/www.globalafricasciences.org\\\/fr\\\/la-7e-conference-annuelle-de-lagos-studies-association-repenser-la-decolonialite\\\/#article\",\"isPartOf\":{\"@id\":\"https:\\\/\\\/www.globalafricasciences.org\\\/fr\\\/la-7e-conference-annuelle-de-lagos-studies-association-repenser-la-decolonialite\\\/\"},\"author\":{\"name\":\"Global Africa\",\"@id\":\"https:\\\/\\\/www.globalafricasciences.org\\\/fr\\\/#\\\/schema\\\/person\\\/8c11b55a8c7d287934a558c0e354b773\"},\"headline\":\"La 7e conf\u00e9rence annuelle de Lagos Studies Association, \u00ab Repenser la d\u00e9colonialit\u00e9 \u00bb\",\"datePublished\":\"2025-02-26T16:47:39+00:00\",\"dateModified\":\"2025-04-25T12:00:59+00:00\",\"mainEntityOfPage\":{\"@id\":\"https:\\\/\\\/www.globalafricasciences.org\\\/fr\\\/la-7e-conference-annuelle-de-lagos-studies-association-repenser-la-decolonialite\\\/\"},\"wordCount\":204,\"commentCount\":0,\"publisher\":{\"@id\":\"https:\\\/\\\/www.globalafricasciences.org\\\/fr\\\/#organization\"},\"image\":{\"@id\":\"https:\\\/\\\/www.globalafricasciences.org\\\/fr\\\/la-7e-conference-annuelle-de-lagos-studies-association-repenser-la-decolonialite\\\/#primaryimage\"},\"thumbnailUrl\":\"https:\\\/\\\/www.globalafricasciences.org\\\/wp-content\\\/uploads\\\/2025\\\/02\\\/The-7th-Annual-Lagos-Studies-Association-Conference-Rethinking-Decoloniality--scaled.webp\",\"articleSection\":[\"Conf\u00e9rences\"],\"inLanguage\":\"fr-FR\",\"potentialAction\":[{\"@type\":\"CommentAction\",\"name\":\"Comment\",\"target\":[\"https:\\\/\\\/www.globalafricasciences.org\\\/fr\\\/la-7e-conference-annuelle-de-lagos-studies-association-repenser-la-decolonialite\\\/#respond\"]}]},{\"@type\":\"WebPage\",\"@id\":\"https:\\\/\\\/www.globalafricasciences.org\\\/fr\\\/la-7e-conference-annuelle-de-lagos-studies-association-repenser-la-decolonialite\\\/\",\"url\":\"https:\\\/\\\/www.globalafricasciences.org\\\/fr\\\/la-7e-conference-annuelle-de-lagos-studies-association-repenser-la-decolonialite\\\/\",\"name\":\"La 7e conf\u00e9rence annuelle de Lagos Studies Association, \u00ab Repenser la d\u00e9colonialit\u00e9 \u00bb | Global Africa\",\"isPartOf\":{\"@id\":\"https:\\\/\\\/www.globalafricasciences.org\\\/fr\\\/#website\"},\"primaryImageOfPage\":{\"@id\":\"https:\\\/\\\/www.globalafricasciences.org\\\/fr\\\/la-7e-conference-annuelle-de-lagos-studies-association-repenser-la-decolonialite\\\/#primaryimage\"},\"image\":{\"@id\":\"https:\\\/\\\/www.globalafricasciences.org\\\/fr\\\/la-7e-conference-annuelle-de-lagos-studies-association-repenser-la-decolonialite\\\/#primaryimage\"},\"thumbnailUrl\":\"https:\\\/\\\/www.globalafricasciences.org\\\/wp-content\\\/uploads\\\/2025\\\/02\\\/The-7th-Annual-Lagos-Studies-Association-Conference-Rethinking-Decoloniality--scaled.webp\",\"datePublished\":\"2025-02-26T16:47:39+00:00\",\"dateModified\":\"2025-04-25T12:00:59+00:00\",\"description\":\"Participez \u00e0 la 7e conf\u00e9rence annuelle de la Lagos Studies Association sur la d\u00e9colonialit\u00e9 et les savoirs africains.\",\"breadcrumb\":{\"@id\":\"https:\\\/\\\/www.globalafricasciences.org\\\/fr\\\/la-7e-conference-annuelle-de-lagos-studies-association-repenser-la-decolonialite\\\/#breadcrumb\"},\"inLanguage\":\"fr-FR\",\"potentialAction\":[{\"@type\":\"ReadAction\",\"target\":[\"https:\\\/\\\/www.globalafricasciences.org\\\/fr\\\/la-7e-conference-annuelle-de-lagos-studies-association-repenser-la-decolonialite\\\/\"]}]},{\"@type\":\"ImageObject\",\"inLanguage\":\"fr-FR\",\"@id\":\"https:\\\/\\\/www.globalafricasciences.org\\\/fr\\\/la-7e-conference-annuelle-de-lagos-studies-association-repenser-la-decolonialite\\\/#primaryimage\",\"url\":\"https:\\\/\\\/www.globalafricasciences.org\\\/wp-content\\\/uploads\\\/2025\\\/02\\\/The-7th-Annual-Lagos-Studies-Association-Conference-Rethinking-Decoloniality--scaled.webp\",\"contentUrl\":\"https:\\\/\\\/www.globalafricasciences.org\\\/wp-content\\\/uploads\\\/2025\\\/02\\\/The-7th-Annual-Lagos-Studies-Association-Conference-Rethinking-Decoloniality--scaled.webp\",\"width\":2560,\"height\":1874},{\"@type\":\"BreadcrumbList\",\"@id\":\"https:\\\/\\\/www.globalafricasciences.org\\\/fr\\\/la-7e-conference-annuelle-de-lagos-studies-association-repenser-la-decolonialite\\\/#breadcrumb\",\"itemListElement\":[{\"@type\":\"ListItem\",\"position\":1,\"name\":\"Home\",\"item\":\"https:\\\/\\\/www.globalafricasciences.org\\\/fr\\\/accueil\\\/\"},{\"@type\":\"ListItem\",\"position\":2,\"name\":\"La 7e conf\u00e9rence annuelle de Lagos Studies Association, \u00ab Repenser la d\u00e9colonialit\u00e9 \u00bb\"}]},{\"@type\":\"WebSite\",\"@id\":\"https:\\\/\\\/www.globalafricasciences.org\\\/fr\\\/#website\",\"url\":\"https:\\\/\\\/www.globalafricasciences.org\\\/fr\\\/\",\"name\":\"Global Africa\",\"description\":\"Pan-African Scientific Journal\",\"publisher\":{\"@id\":\"https:\\\/\\\/www.globalafricasciences.org\\\/fr\\\/#organization\"},\"potentialAction\":[{\"@type\":\"SearchAction\",\"target\":{\"@type\":\"EntryPoint\",\"urlTemplate\":\"https:\\\/\\\/www.globalafricasciences.org\\\/fr\\\/?s={search_term_string}\"},\"query-input\":{\"@type\":\"PropertyValueSpecification\",\"valueRequired\":true,\"valueName\":\"search_term_string\"}}],\"inLanguage\":\"fr-FR\"},{\"@type\":\"Organization\",\"@id\":\"https:\\\/\\\/www.globalafricasciences.org\\\/fr\\\/#organization\",\"name\":\"Global Africa\",\"url\":\"https:\\\/\\\/www.globalafricasciences.org\\\/fr\\\/\",\"logo\":{\"@type\":\"ImageObject\",\"inLanguage\":\"fr-FR\",\"@id\":\"https:\\\/\\\/www.globalafricasciences.org\\\/fr\\\/#\\\/schema\\\/logo\\\/image\\\/\",\"url\":\"https:\\\/\\\/www.globalafricasciences.org\\\/wp-content\\\/uploads\\\/2024\\\/12\\\/Globalafrica.png\",\"contentUrl\":\"https:\\\/\\\/www.globalafricasciences.org\\\/wp-content\\\/uploads\\\/2024\\\/12\\\/Globalafrica.png\",\"width\":1680,\"height\":750,\"caption\":\"Global Africa\"},\"image\":{\"@id\":\"https:\\\/\\\/www.globalafricasciences.org\\\/fr\\\/#\\\/schema\\\/logo\\\/image\\\/\"},\"sameAs\":[\"https:\\\/\\\/www.facebook.com\\\/globalafricasciences\"]},{\"@type\":\"Person\",\"@id\":\"https:\\\/\\\/www.globalafricasciences.org\\\/fr\\\/#\\\/schema\\\/person\\\/8c11b55a8c7d287934a558c0e354b773\",\"name\":\"Global Africa\",\"image\":{\"@type\":\"ImageObject\",\"inLanguage\":\"fr-FR\",\"@id\":\"https:\\\/\\\/www.globalafricasciences.org\\\/wp-content\\\/uploads\\\/2024\\\/11\\\/Global-Africa.jpgd44bc09810f00cf464135b8441da2384\",\"url\":\"https:\\\/\\\/www.globalafricasciences.org\\\/wp-content\\\/uploads\\\/2024\\\/11\\\/Global-Africa.jpg\",\"contentUrl\":\"https:\\\/\\\/www.globalafricasciences.org\\\/wp-content\\\/uploads\\\/2024\\\/11\\\/Global-Africa.jpg\",\"caption\":\"Global Africa\"},\"description\":\"The editorial board of the journal is led by Mame-Penda Ba, a professor of political science at Gaston Berger University and the director of LASPAD(Laboratory of Social, Political, and Administrative Studies), Senegal.\",\"url\":\"https:\\\/\\\/www.globalafricasciences.org\\\/author\\\/globalafrica\\\/\"}]}<\/script>\n<!-- \/ Yoast SEO plugin. -->","yoast_head_json":{"title":"La 7e conf\u00e9rence annuelle de Lagos Studies Association, \u00ab Repenser la d\u00e9colonialit\u00e9 \u00bb | Global Africa","description":"Participez \u00e0 la 7e conf\u00e9rence annuelle de la Lagos Studies Association sur la d\u00e9colonialit\u00e9 et les savoirs africains.","robots":{"index":"index","follow":"follow","max-snippet":"max-snippet:-1","max-image-preview":"max-image-preview:large","max-video-preview":"max-video-preview:-1"},"canonical":"https:\/\/www.globalafricasciences.org\/fr\/la-7e-conference-annuelle-de-lagos-studies-association-repenser-la-decolonialite\/","og_locale":"fr_FR","og_type":"article","og_title":"La 7e conf\u00e9rence annuelle de Lagos Studies Association, \u00ab Repenser la d\u00e9colonialit\u00e9 \u00bb | Global Africa","og_description":"Participez \u00e0 la 7e conf\u00e9rence annuelle de la Lagos Studies Association sur la d\u00e9colonialit\u00e9 et les savoirs africains.","og_url":"https:\/\/www.globalafricasciences.org\/fr\/la-7e-conference-annuelle-de-lagos-studies-association-repenser-la-decolonialite\/","og_site_name":"Global Africa","article_publisher":"https:\/\/www.facebook.com\/globalafricasciences","article_published_time":"2025-02-26T16:47:39+00:00","article_modified_time":"2025-04-25T12:00:59+00:00","og_image":[{"width":2560,"height":1874,"url":"https:\/\/www.globalafricasciences.org\/wp-content\/uploads\/2025\/02\/The-7th-Annual-Lagos-Studies-Association-Conference-Rethinking-Decoloniality--scaled.webp","type":"image\/webp"}],"author":"Global Africa","twitter_card":"summary_large_image","twitter_misc":{"\u00c9crit par":"Global Africa","Dur\u00e9e de lecture estim\u00e9e":"1 minute"},"schema":{"@context":"https:\/\/schema.org","@graph":[{"@type":"Article","@id":"https:\/\/www.globalafricasciences.org\/fr\/la-7e-conference-annuelle-de-lagos-studies-association-repenser-la-decolonialite\/#article","isPartOf":{"@id":"https:\/\/www.globalafricasciences.org\/fr\/la-7e-conference-annuelle-de-lagos-studies-association-repenser-la-decolonialite\/"},"author":{"name":"Global Africa","@id":"https:\/\/www.globalafricasciences.org\/fr\/#\/schema\/person\/8c11b55a8c7d287934a558c0e354b773"},"headline":"La 7e conf\u00e9rence annuelle de Lagos Studies Association, \u00ab Repenser la d\u00e9colonialit\u00e9 \u00bb","datePublished":"2025-02-26T16:47:39+00:00","dateModified":"2025-04-25T12:00:59+00:00","mainEntityOfPage":{"@id":"https:\/\/www.globalafricasciences.org\/fr\/la-7e-conference-annuelle-de-lagos-studies-association-repenser-la-decolonialite\/"},"wordCount":204,"commentCount":0,"publisher":{"@id":"https:\/\/www.globalafricasciences.org\/fr\/#organization"},"image":{"@id":"https:\/\/www.globalafricasciences.org\/fr\/la-7e-conference-annuelle-de-lagos-studies-association-repenser-la-decolonialite\/#primaryimage"},"thumbnailUrl":"https:\/\/www.globalafricasciences.org\/wp-content\/uploads\/2025\/02\/The-7th-Annual-Lagos-Studies-Association-Conference-Rethinking-Decoloniality--scaled.webp","articleSection":["Conf\u00e9rences"],"inLanguage":"fr-FR","potentialAction":[{"@type":"CommentAction","name":"Comment","target":["https:\/\/www.globalafricasciences.org\/fr\/la-7e-conference-annuelle-de-lagos-studies-association-repenser-la-decolonialite\/#respond"]}]},{"@type":"WebPage","@id":"https:\/\/www.globalafricasciences.org\/fr\/la-7e-conference-annuelle-de-lagos-studies-association-repenser-la-decolonialite\/","url":"https:\/\/www.globalafricasciences.org\/fr\/la-7e-conference-annuelle-de-lagos-studies-association-repenser-la-decolonialite\/","name":"La 7e conf\u00e9rence annuelle de Lagos Studies Association, \u00ab Repenser la d\u00e9colonialit\u00e9 \u00bb | Global Africa","isPartOf":{"@id":"https:\/\/www.globalafricasciences.org\/fr\/#website"},"primaryImageOfPage":{"@id":"https:\/\/www.globalafricasciences.org\/fr\/la-7e-conference-annuelle-de-lagos-studies-association-repenser-la-decolonialite\/#primaryimage"},"image":{"@id":"https:\/\/www.globalafricasciences.org\/fr\/la-7e-conference-annuelle-de-lagos-studies-association-repenser-la-decolonialite\/#primaryimage"},"thumbnailUrl":"https:\/\/www.globalafricasciences.org\/wp-content\/uploads\/2025\/02\/The-7th-Annual-Lagos-Studies-Association-Conference-Rethinking-Decoloniality--scaled.webp","datePublished":"2025-02-26T16:47:39+00:00","dateModified":"2025-04-25T12:00:59+00:00","description":"Participez \u00e0 la 7e conf\u00e9rence annuelle de la Lagos Studies Association sur la d\u00e9colonialit\u00e9 et les savoirs africains.","breadcrumb":{"@id":"https:\/\/www.globalafricasciences.org\/fr\/la-7e-conference-annuelle-de-lagos-studies-association-repenser-la-decolonialite\/#breadcrumb"},"inLanguage":"fr-FR","potentialAction":[{"@type":"ReadAction","target":["https:\/\/www.globalafricasciences.org\/fr\/la-7e-conference-annuelle-de-lagos-studies-association-repenser-la-decolonialite\/"]}]},{"@type":"ImageObject","inLanguage":"fr-FR","@id":"https:\/\/www.globalafricasciences.org\/fr\/la-7e-conference-annuelle-de-lagos-studies-association-repenser-la-decolonialite\/#primaryimage","url":"https:\/\/www.globalafricasciences.org\/wp-content\/uploads\/2025\/02\/The-7th-Annual-Lagos-Studies-Association-Conference-Rethinking-Decoloniality--scaled.webp","contentUrl":"https:\/\/www.globalafricasciences.org\/wp-content\/uploads\/2025\/02\/The-7th-Annual-Lagos-Studies-Association-Conference-Rethinking-Decoloniality--scaled.webp","width":2560,"height":1874},{"@type":"BreadcrumbList","@id":"https:\/\/www.globalafricasciences.org\/fr\/la-7e-conference-annuelle-de-lagos-studies-association-repenser-la-decolonialite\/#breadcrumb","itemListElement":[{"@type":"ListItem","position":1,"name":"Home","item":"https:\/\/www.globalafricasciences.org\/fr\/accueil\/"},{"@type":"ListItem","position":2,"name":"La 7e conf\u00e9rence annuelle de Lagos Studies Association, \u00ab Repenser la d\u00e9colonialit\u00e9 \u00bb"}]},{"@type":"WebSite","@id":"https:\/\/www.globalafricasciences.org\/fr\/#website","url":"https:\/\/www.globalafricasciences.org\/fr\/","name":"Global Africa","description":"Pan-African Scientific Journal","publisher":{"@id":"https:\/\/www.globalafricasciences.org\/fr\/#organization"},"potentialAction":[{"@type":"SearchAction","target":{"@type":"EntryPoint","urlTemplate":"https:\/\/www.globalafricasciences.org\/fr\/?s={search_term_string}"},"query-input":{"@type":"PropertyValueSpecification","valueRequired":true,"valueName":"search_term_string"}}],"inLanguage":"fr-FR"},{"@type":"Organization","@id":"https:\/\/www.globalafricasciences.org\/fr\/#organization","name":"Global Africa","url":"https:\/\/www.globalafricasciences.org\/fr\/","logo":{"@type":"ImageObject","inLanguage":"fr-FR","@id":"https:\/\/www.globalafricasciences.org\/fr\/#\/schema\/logo\/image\/","url":"https:\/\/www.globalafricasciences.org\/wp-content\/uploads\/2024\/12\/Globalafrica.png","contentUrl":"https:\/\/www.globalafricasciences.org\/wp-content\/uploads\/2024\/12\/Globalafrica.png","width":1680,"height":750,"caption":"Global Africa"},"image":{"@id":"https:\/\/www.globalafricasciences.org\/fr\/#\/schema\/logo\/image\/"},"sameAs":["https:\/\/www.facebook.com\/globalafricasciences"]},{"@type":"Person","@id":"https:\/\/www.globalafricasciences.org\/fr\/#\/schema\/person\/8c11b55a8c7d287934a558c0e354b773","name":"Global Africa","image":{"@type":"ImageObject","inLanguage":"fr-FR","@id":"https:\/\/www.globalafricasciences.org\/wp-content\/uploads\/2024\/11\/Global-Africa.jpgd44bc09810f00cf464135b8441da2384","url":"https:\/\/www.globalafricasciences.org\/wp-content\/uploads\/2024\/11\/Global-Africa.jpg","contentUrl":"https:\/\/www.globalafricasciences.org\/wp-content\/uploads\/2024\/11\/Global-Africa.jpg","caption":"Global Africa"},"description":"The editorial board of the journal is led by Mame-Penda Ba, a professor of political science at Gaston Berger University and the director of LASPAD(Laboratory of Social, Political, and Administrative Studies), Senegal.","url":"https:\/\/www.globalafricasciences.org\/author\/globalafrica\/"}]}},"acf":[],"authors":[{"term_id":66,"user_id":50,"is_guest":0,"slug":"globalafrica","display_name":"Global Africa","avatar_url":{"url":"https:\/\/www.globalafricasciences.org\/wp-content\/uploads\/2024\/11\/Global-Africa.jpg","url2x":"https:\/\/www.globalafricasciences.org\/wp-content\/uploads\/2024\/11\/Global-Africa.jpg"},"author_category":"","exclude_author":"","main-organisation":"Gaston Berger Universiry","country_of_org":"S\u00e9n\u00e9gal","field_of_work":"Political Sciences","first_name":"Global","last_name":"Africa","user_url":"","job_title":"Editorial","description":"The editorial board of the journal is led by Mame-Penda Ba, a professor of political science at Gaston Berger University and the director of LASPAD(Laboratory of Social, Political, and Administrative Studies), Senegal."}],"_links":{"self":[{"href":"https:\/\/www.globalafricasciences.org\/fr\/wp-json\/wp\/v2\/posts\/9182","targetHints":{"allow":["GET"]}}],"collection":[{"href":"https:\/\/www.globalafricasciences.org\/fr\/wp-json\/wp\/v2\/posts"}],"about":[{"href":"https:\/\/www.globalafricasciences.org\/fr\/wp-json\/wp\/v2\/types\/post"}],"author":[{"embeddable":true,"href":"https:\/\/www.globalafricasciences.org\/fr\/wp-json\/wp\/v2\/users\/50"}],"replies":[{"embeddable":true,"href":"https:\/\/www.globalafricasciences.org\/fr\/wp-json\/wp\/v2\/comments?post=9182"}],"version-history":[{"count":0,"href":"https:\/\/www.globalafricasciences.org\/fr\/wp-json\/wp\/v2\/posts\/9182\/revisions"}],"wp:featuredmedia":[{"embeddable":true,"href":"https:\/\/www.globalafricasciences.org\/fr\/wp-json\/wp\/v2\/media\/9179"}],"wp:attachment":[{"href":"https:\/\/www.globalafricasciences.org\/fr\/wp-json\/wp\/v2\/media?parent=9182"}],"wp:term":[{"taxonomy":"category","embeddable":true,"href":"https:\/\/www.globalafricasciences.org\/fr\/wp-json\/wp\/v2\/categories?post=9182"},{"taxonomy":"post_tag","embeddable":true,"href":"https:\/\/www.globalafricasciences.org\/fr\/wp-json\/wp\/v2\/tags?post=9182"},{"taxonomy":"issues3","embeddable":true,"href":"https:\/\/www.globalafricasciences.org\/fr\/wp-json\/wp\/v2\/issues3?post=9182"},{"taxonomy":"post_folder","embeddable":true,"href":"https:\/\/www.globalafricasciences.org\/fr\/wp-json\/wp\/v2\/post_folder?post=9182"},{"taxonomy":"author","embeddable":true,"href":"https:\/\/www.globalafricasciences.org\/fr\/wp-json\/wp\/v2\/ppma_author?post=9182"}],"curies":[{"name":"wp","href":"https:\/\/api.w.org\/{rel}","templated":true}]}}