{"id":9175,"date":"2025-02-26T16:42:25","date_gmt":"2025-02-26T16:42:25","guid":{"rendered":"https:\/\/www.globalafricasciences.org\/actualites\/cloture-de-lassemblee-global-africa-recu-par-le-recteur-de-luniversite-gaston-berger\/"},"modified":"2025-04-25T12:14:45","modified_gmt":"2025-04-25T12:14:45","slug":"cloture-de-lassemblee-global-africa-recu-par-le-recteur-de-luniversite-gaston-berger","status":"publish","type":"post","link":"https:\/\/www.globalafricasciences.org\/fr\/cloture-de-lassemblee-global-africa-recu-par-le-recteur-de-luniversite-gaston-berger\/","title":{"rendered":"Cl\u00f4ture de l&rsquo;Assembl\u00e9e : Global Africa re\u00e7u par le Recteur de l\u2019Universit\u00e9 Gaston Berger"},"content":{"rendered":"\n<p><strong>La c\u00e9l\u00e9bration de la premi\u00e8re ann\u00e9e d\u2019activit\u00e9s de Global Africa s\u2019est tenue le 24 mai 2023 \u00e0 Saint-Louis avec une Assembl\u00e9e r\u00e9unissant une dizaine d\u2019institutions internationales et les conf\u00e9rences publiques de Fran\u00e7ois Roubaud et Cheikh Thiam qui marqu\u00e8rent la premi\u00e8re \u00e9dition des \u00ab\u00a0Rencontres de Global Africa.<\/strong><\/p>\n\n<figure class=\"wp-block-image size-full\"><img fetchpriority=\"high\" decoding=\"async\" width=\"1280\" height=\"576\" src=\"https:\/\/www.globalafricasciences.org\/wp-content\/uploads\/2025\/02\/Assembly-Closing-Global-Africa-received-by-the-Vice-chancellor-of-Gaston-Berger-University-.avif\" alt=\"\" class=\"wp-image-9171\"\/><\/figure>\n\n<p><\/p>\n\n<p id=\"viewer-at6t7\">Cet anniversaire, c\u00e9l\u00e9br\u00e9 du 22 au 24 mai \u00e0 l\u2019UGB, a permis de faire le bilan des diff\u00e9rentes activit\u00e9s en r\u00e9unissant l\u2019ensemble des instances du projet (comit\u00e9 de pilotage, comit\u00e9 ex\u00e9cutif, comit\u00e9 de r\u00e9daction et conseil scientifique) et d\u2019\u00e9tablir la feuille de route des ann\u00e9es \u00e0 venir. D\u2019intenses \u00e9changes sur les diff\u00e9rentes composantes du projet (la revue, les \u00e9coles jeunes chercheur-e-s, les formations \u00e0 l\u2019\u00e9dition scientifique et les conf\u00e9rences internationales) ont notamment permis d\u2019aboutir aux r\u00e9solutions suivantes. <\/p>\n\n<p id=\"viewer-alkvr\">\u00c0 compter de 2024, les num\u00e9ros annuels de la revue porteront sur deux dossiers th\u00e9matiques, un num\u00e9ro autour d\u2019une \u00e9cole jeunes chercheur-e-s et un num\u00e9ro varia. De plus, la programmation des 12 prochains num\u00e9ros fut arr\u00eat\u00e9e. L\u2019Assembl\u00e9e de Global Africa a invit\u00e9 l\u2019\u00e9quipe du projet \u00e0 aller vers la cr\u00e9ation d\u2019un Master international d\u00e9di\u00e9 \u00e0 l&rsquo;\u00e9dition scientifique. Elle souhaite \u00e9galement renforcer le dialogue avec le journalisme scientifique et les d\u00e9cideurs publics en les invitant \u00e0 une collaboration plus \u00e9troite avec les acteurs de la recherche scientifique africaine.   <\/p>\n\n<p id=\"viewer-e5988\">Avant la cl\u00f4ture de ces journ\u00e9es, une d\u00e9l\u00e9gation du consortium Global Africa a \u00e9t\u00e9 re\u00e7ue par le nouveau recteur de l\u2019Universit\u00e9 Gaston Berger, le Pr. Magatte Ndiaye, \u00e9galement nouveau directeur de publication de la revue Global Africa. Cela a \u00e9t\u00e9 l\u2019occasion pour lui de renouveler l\u2019engagement et le soutien de son institution \u00e0 Global Africa comme un projet in\u00e9dit d\u00e9di\u00e9 au renforcement de l&rsquo;\u00e9cosyst\u00e8me \u00e9ditorial de la recherche scientifique africaine. <\/p>\n","protected":false},"excerpt":{"rendered":"<p>La c\u00e9l\u00e9bration de la premi\u00e8re ann\u00e9e d\u2019activit\u00e9s de Global Africa s\u2019est tenue le 24 mai 2023 \u00e0 Saint-Louis avec une Assembl\u00e9e r\u00e9unissant une dizaine d\u2019institutions internationales et les conf\u00e9rences publiques de Fran\u00e7ois Roubaud et Cheikh Thiam qui marqu\u00e8rent la premi\u00e8re \u00e9dition des \u00ab\u00a0Rencontres de Global Africa. Cet anniversaire, c\u00e9l\u00e9br\u00e9 du 22 au 24 mai \u00e0 l\u2019UGB, a permis de faire le bilan des diff\u00e9rentes activit\u00e9s en r\u00e9unissant l\u2019ensemble des instances du projet (comit\u00e9 de pilotage, comit\u00e9 ex\u00e9cutif, comit\u00e9 de r\u00e9daction et conseil scientifique) et d\u2019\u00e9tablir la feuille de route des ann\u00e9es \u00e0 venir. D\u2019intenses \u00e9changes sur les diff\u00e9rentes composantes du projet (la revue, les \u00e9coles jeunes chercheur-e-s, les formations \u00e0 l\u2019\u00e9dition scientifique et les conf\u00e9rences internationales) ont notamment permis d\u2019aboutir aux r\u00e9solutions suivantes. \u00c0 compter de 2024, les num\u00e9ros annuels de la revue porteront sur deux dossiers th\u00e9matiques, un num\u00e9ro autour d\u2019une \u00e9cole jeunes chercheur-e-s et un num\u00e9ro varia. De plus, la programmation des 12 prochains num\u00e9ros fut arr\u00eat\u00e9e. L\u2019Assembl\u00e9e de Global Africa a invit\u00e9 l\u2019\u00e9quipe du projet \u00e0 aller vers la cr\u00e9ation d\u2019un Master international d\u00e9di\u00e9 \u00e0 l&rsquo;\u00e9dition scientifique. Elle souhaite \u00e9galement renforcer le dialogue avec le journalisme scientifique et les d\u00e9cideurs publics en les invitant \u00e0 une collaboration plus \u00e9troite avec les acteurs de la recherche scientifique africaine. Avant la cl\u00f4ture de ces journ\u00e9es, une d\u00e9l\u00e9gation du consortium Global Africa a \u00e9t\u00e9 re\u00e7ue par le nouveau recteur de l\u2019Universit\u00e9 Gaston Berger, le Pr. Magatte Ndiaye, \u00e9galement nouveau directeur de publication de la revue Global Africa. Cela a \u00e9t\u00e9 l\u2019occasion pour lui de renouveler l\u2019engagement et le soutien de son institution \u00e0 Global Africa comme un projet in\u00e9dit d\u00e9di\u00e9 au renforcement de l&rsquo;\u00e9cosyst\u00e8me \u00e9ditorial de la recherche scientifique africaine.<\/p>\n","protected":false},"author":50,"featured_media":9172,"comment_status":"open","ping_status":"open","sticky":false,"template":"","format":"standard","meta":{"footnotes":""},"categories":[179,232,227],"tags":[],"issues3":[],"post_folder":[],"ppma_author":[66],"class_list":["post-9175","post","type-post","status-publish","format-standard","has-post-thumbnail","hentry","category-conferences-fr","category-presse","category-rencontre","author-globalafrica"],"yoast_head":"<!-- This site is optimized with the Yoast SEO plugin v27.5 - https:\/\/yoast.com\/product\/yoast-seo-wordpress\/ -->\n<title>Cl\u00f4ture de l&#039;Assembl\u00e9e : Global Africa re\u00e7u par le Recteur de l\u2019Universit\u00e9 Gaston Berger | Global Africa<\/title>\n<meta name=\"description\" content=\"Global Africa a f\u00eat\u00e9 sa premi\u00e8re ann\u00e9e d\u2019activit\u00e9s \u00e0 Saint-Louis avec des conf\u00e9rences marquantes et une assembl\u00e9e internationale.\" \/>\n<meta name=\"robots\" content=\"index, follow, max-snippet:-1, max-image-preview:large, max-video-preview:-1\" \/>\n<link rel=\"canonical\" href=\"https:\/\/www.globalafricasciences.org\/fr\/cloture-de-lassemblee-global-africa-recu-par-le-recteur-de-luniversite-gaston-berger\/\" \/>\n<meta property=\"og:locale\" content=\"fr_FR\" \/>\n<meta property=\"og:type\" content=\"article\" \/>\n<meta property=\"og:title\" content=\"Cl\u00f4ture de l&#039;Assembl\u00e9e : Global Africa re\u00e7u par le Recteur de l\u2019Universit\u00e9 Gaston Berger | Global Africa\" \/>\n<meta property=\"og:description\" content=\"Global Africa a f\u00eat\u00e9 sa premi\u00e8re ann\u00e9e d\u2019activit\u00e9s \u00e0 Saint-Louis avec des conf\u00e9rences marquantes et une assembl\u00e9e internationale.\" \/>\n<meta property=\"og:url\" content=\"https:\/\/www.globalafricasciences.org\/fr\/cloture-de-lassemblee-global-africa-recu-par-le-recteur-de-luniversite-gaston-berger\/\" \/>\n<meta property=\"og:site_name\" content=\"Global Africa\" \/>\n<meta property=\"article:publisher\" content=\"https:\/\/www.facebook.com\/globalafricasciences\" \/>\n<meta property=\"article:published_time\" content=\"2025-02-26T16:42:25+00:00\" \/>\n<meta property=\"article:modified_time\" content=\"2025-04-25T12:14:45+00:00\" \/>\n<meta name=\"author\" content=\"Global Africa\" \/>\n<meta name=\"twitter:card\" content=\"summary_large_image\" \/>\n<meta name=\"twitter:label1\" content=\"\u00c9crit par\" \/>\n\t<meta name=\"twitter:data1\" content=\"Global Africa\" \/>\n\t<meta name=\"twitter:label2\" content=\"Dur\u00e9e de lecture estim\u00e9e\" \/>\n\t<meta name=\"twitter:data2\" content=\"2 minutes\" \/>\n<script type=\"application\/ld+json\" class=\"yoast-schema-graph\">{\"@context\":\"https:\\\/\\\/schema.org\",\"@graph\":[{\"@type\":\"Article\",\"@id\":\"https:\\\/\\\/www.globalafricasciences.org\\\/fr\\\/cloture-de-lassemblee-global-africa-recu-par-le-recteur-de-luniversite-gaston-berger\\\/#article\",\"isPartOf\":{\"@id\":\"https:\\\/\\\/www.globalafricasciences.org\\\/fr\\\/cloture-de-lassemblee-global-africa-recu-par-le-recteur-de-luniversite-gaston-berger\\\/\"},\"author\":{\"name\":\"Global Africa\",\"@id\":\"https:\\\/\\\/www.globalafricasciences.org\\\/fr\\\/#\\\/schema\\\/person\\\/8c11b55a8c7d287934a558c0e354b773\"},\"headline\":\"Cl\u00f4ture de l&rsquo;Assembl\u00e9e : Global Africa re\u00e7u par le Recteur de l\u2019Universit\u00e9 Gaston Berger\",\"datePublished\":\"2025-02-26T16:42:25+00:00\",\"dateModified\":\"2025-04-25T12:14:45+00:00\",\"mainEntityOfPage\":{\"@id\":\"https:\\\/\\\/www.globalafricasciences.org\\\/fr\\\/cloture-de-lassemblee-global-africa-recu-par-le-recteur-de-luniversite-gaston-berger\\\/\"},\"wordCount\":342,\"commentCount\":0,\"publisher\":{\"@id\":\"https:\\\/\\\/www.globalafricasciences.org\\\/fr\\\/#organization\"},\"image\":{\"@id\":\"https:\\\/\\\/www.globalafricasciences.org\\\/fr\\\/cloture-de-lassemblee-global-africa-recu-par-le-recteur-de-luniversite-gaston-berger\\\/#primaryimage\"},\"thumbnailUrl\":\"https:\\\/\\\/www.globalafricasciences.org\\\/wp-content\\\/uploads\\\/2025\\\/02\\\/Assembly-Closing-Global-Africa-received-by-the-Vice-chancellor-of-Gaston-Berger-University-.avif\",\"articleSection\":[\"Conf\u00e9rences\",\"Presse\",\"Rencontre\"],\"inLanguage\":\"fr-FR\",\"potentialAction\":[{\"@type\":\"CommentAction\",\"name\":\"Comment\",\"target\":[\"https:\\\/\\\/www.globalafricasciences.org\\\/fr\\\/cloture-de-lassemblee-global-africa-recu-par-le-recteur-de-luniversite-gaston-berger\\\/#respond\"]}]},{\"@type\":\"WebPage\",\"@id\":\"https:\\\/\\\/www.globalafricasciences.org\\\/fr\\\/cloture-de-lassemblee-global-africa-recu-par-le-recteur-de-luniversite-gaston-berger\\\/\",\"url\":\"https:\\\/\\\/www.globalafricasciences.org\\\/fr\\\/cloture-de-lassemblee-global-africa-recu-par-le-recteur-de-luniversite-gaston-berger\\\/\",\"name\":\"Cl\u00f4ture de l'Assembl\u00e9e : Global Africa re\u00e7u par le Recteur de l\u2019Universit\u00e9 Gaston Berger | Global Africa\",\"isPartOf\":{\"@id\":\"https:\\\/\\\/www.globalafricasciences.org\\\/fr\\\/#website\"},\"primaryImageOfPage\":{\"@id\":\"https:\\\/\\\/www.globalafricasciences.org\\\/fr\\\/cloture-de-lassemblee-global-africa-recu-par-le-recteur-de-luniversite-gaston-berger\\\/#primaryimage\"},\"image\":{\"@id\":\"https:\\\/\\\/www.globalafricasciences.org\\\/fr\\\/cloture-de-lassemblee-global-africa-recu-par-le-recteur-de-luniversite-gaston-berger\\\/#primaryimage\"},\"thumbnailUrl\":\"https:\\\/\\\/www.globalafricasciences.org\\\/wp-content\\\/uploads\\\/2025\\\/02\\\/Assembly-Closing-Global-Africa-received-by-the-Vice-chancellor-of-Gaston-Berger-University-.avif\",\"datePublished\":\"2025-02-26T16:42:25+00:00\",\"dateModified\":\"2025-04-25T12:14:45+00:00\",\"description\":\"Global Africa a f\u00eat\u00e9 sa premi\u00e8re ann\u00e9e d\u2019activit\u00e9s \u00e0 Saint-Louis avec des conf\u00e9rences marquantes et une assembl\u00e9e internationale.\",\"breadcrumb\":{\"@id\":\"https:\\\/\\\/www.globalafricasciences.org\\\/fr\\\/cloture-de-lassemblee-global-africa-recu-par-le-recteur-de-luniversite-gaston-berger\\\/#breadcrumb\"},\"inLanguage\":\"fr-FR\",\"potentialAction\":[{\"@type\":\"ReadAction\",\"target\":[\"https:\\\/\\\/www.globalafricasciences.org\\\/fr\\\/cloture-de-lassemblee-global-africa-recu-par-le-recteur-de-luniversite-gaston-berger\\\/\"]}]},{\"@type\":\"ImageObject\",\"inLanguage\":\"fr-FR\",\"@id\":\"https:\\\/\\\/www.globalafricasciences.org\\\/fr\\\/cloture-de-lassemblee-global-africa-recu-par-le-recteur-de-luniversite-gaston-berger\\\/#primaryimage\",\"url\":\"https:\\\/\\\/www.globalafricasciences.org\\\/wp-content\\\/uploads\\\/2025\\\/02\\\/Assembly-Closing-Global-Africa-received-by-the-Vice-chancellor-of-Gaston-Berger-University-.avif\",\"contentUrl\":\"https:\\\/\\\/www.globalafricasciences.org\\\/wp-content\\\/uploads\\\/2025\\\/02\\\/Assembly-Closing-Global-Africa-received-by-the-Vice-chancellor-of-Gaston-Berger-University-.avif\",\"width\":1280,\"height\":576},{\"@type\":\"BreadcrumbList\",\"@id\":\"https:\\\/\\\/www.globalafricasciences.org\\\/fr\\\/cloture-de-lassemblee-global-africa-recu-par-le-recteur-de-luniversite-gaston-berger\\\/#breadcrumb\",\"itemListElement\":[{\"@type\":\"ListItem\",\"position\":1,\"name\":\"Home\",\"item\":\"https:\\\/\\\/www.globalafricasciences.org\\\/fr\\\/accueil\\\/\"},{\"@type\":\"ListItem\",\"position\":2,\"name\":\"Cl\u00f4ture de l&#8217;Assembl\u00e9e : Global Africa re\u00e7u par le Recteur de l\u2019Universit\u00e9 Gaston Berger\"}]},{\"@type\":\"WebSite\",\"@id\":\"https:\\\/\\\/www.globalafricasciences.org\\\/fr\\\/#website\",\"url\":\"https:\\\/\\\/www.globalafricasciences.org\\\/fr\\\/\",\"name\":\"Global Africa\",\"description\":\"Pan-African Scientific Journal\",\"publisher\":{\"@id\":\"https:\\\/\\\/www.globalafricasciences.org\\\/fr\\\/#organization\"},\"potentialAction\":[{\"@type\":\"SearchAction\",\"target\":{\"@type\":\"EntryPoint\",\"urlTemplate\":\"https:\\\/\\\/www.globalafricasciences.org\\\/fr\\\/?s={search_term_string}\"},\"query-input\":{\"@type\":\"PropertyValueSpecification\",\"valueRequired\":true,\"valueName\":\"search_term_string\"}}],\"inLanguage\":\"fr-FR\"},{\"@type\":\"Organization\",\"@id\":\"https:\\\/\\\/www.globalafricasciences.org\\\/fr\\\/#organization\",\"name\":\"Global Africa\",\"url\":\"https:\\\/\\\/www.globalafricasciences.org\\\/fr\\\/\",\"logo\":{\"@type\":\"ImageObject\",\"inLanguage\":\"fr-FR\",\"@id\":\"https:\\\/\\\/www.globalafricasciences.org\\\/fr\\\/#\\\/schema\\\/logo\\\/image\\\/\",\"url\":\"https:\\\/\\\/www.globalafricasciences.org\\\/wp-content\\\/uploads\\\/2024\\\/12\\\/Globalafrica.png\",\"contentUrl\":\"https:\\\/\\\/www.globalafricasciences.org\\\/wp-content\\\/uploads\\\/2024\\\/12\\\/Globalafrica.png\",\"width\":1680,\"height\":750,\"caption\":\"Global Africa\"},\"image\":{\"@id\":\"https:\\\/\\\/www.globalafricasciences.org\\\/fr\\\/#\\\/schema\\\/logo\\\/image\\\/\"},\"sameAs\":[\"https:\\\/\\\/www.facebook.com\\\/globalafricasciences\"]},{\"@type\":\"Person\",\"@id\":\"https:\\\/\\\/www.globalafricasciences.org\\\/fr\\\/#\\\/schema\\\/person\\\/8c11b55a8c7d287934a558c0e354b773\",\"name\":\"Global Africa\",\"image\":{\"@type\":\"ImageObject\",\"inLanguage\":\"fr-FR\",\"@id\":\"https:\\\/\\\/www.globalafricasciences.org\\\/wp-content\\\/uploads\\\/2024\\\/11\\\/Global-Africa.jpgd44bc09810f00cf464135b8441da2384\",\"url\":\"https:\\\/\\\/www.globalafricasciences.org\\\/wp-content\\\/uploads\\\/2024\\\/11\\\/Global-Africa.jpg\",\"contentUrl\":\"https:\\\/\\\/www.globalafricasciences.org\\\/wp-content\\\/uploads\\\/2024\\\/11\\\/Global-Africa.jpg\",\"caption\":\"Global Africa\"},\"description\":\"The editorial board of the journal is led by Mame-Penda Ba, a professor of political science at Gaston Berger University and the director of LASPAD(Laboratory of Social, Political, and Administrative Studies), Senegal.\",\"url\":\"https:\\\/\\\/www.globalafricasciences.org\\\/author\\\/globalafrica\\\/\"}]}<\/script>\n<!-- \/ Yoast SEO plugin. -->","yoast_head_json":{"title":"Cl\u00f4ture de l'Assembl\u00e9e : Global Africa re\u00e7u par le Recteur de l\u2019Universit\u00e9 Gaston Berger | Global Africa","description":"Global Africa a f\u00eat\u00e9 sa premi\u00e8re ann\u00e9e d\u2019activit\u00e9s \u00e0 Saint-Louis avec des conf\u00e9rences marquantes et une assembl\u00e9e internationale.","robots":{"index":"index","follow":"follow","max-snippet":"max-snippet:-1","max-image-preview":"max-image-preview:large","max-video-preview":"max-video-preview:-1"},"canonical":"https:\/\/www.globalafricasciences.org\/fr\/cloture-de-lassemblee-global-africa-recu-par-le-recteur-de-luniversite-gaston-berger\/","og_locale":"fr_FR","og_type":"article","og_title":"Cl\u00f4ture de l'Assembl\u00e9e : Global Africa re\u00e7u par le Recteur de l\u2019Universit\u00e9 Gaston Berger | Global Africa","og_description":"Global Africa a f\u00eat\u00e9 sa premi\u00e8re ann\u00e9e d\u2019activit\u00e9s \u00e0 Saint-Louis avec des conf\u00e9rences marquantes et une assembl\u00e9e internationale.","og_url":"https:\/\/www.globalafricasciences.org\/fr\/cloture-de-lassemblee-global-africa-recu-par-le-recteur-de-luniversite-gaston-berger\/","og_site_name":"Global Africa","article_publisher":"https:\/\/www.facebook.com\/globalafricasciences","article_published_time":"2025-02-26T16:42:25+00:00","article_modified_time":"2025-04-25T12:14:45+00:00","author":"Global Africa","twitter_card":"summary_large_image","twitter_misc":{"\u00c9crit par":"Global Africa","Dur\u00e9e de lecture estim\u00e9e":"2 minutes"},"schema":{"@context":"https:\/\/schema.org","@graph":[{"@type":"Article","@id":"https:\/\/www.globalafricasciences.org\/fr\/cloture-de-lassemblee-global-africa-recu-par-le-recteur-de-luniversite-gaston-berger\/#article","isPartOf":{"@id":"https:\/\/www.globalafricasciences.org\/fr\/cloture-de-lassemblee-global-africa-recu-par-le-recteur-de-luniversite-gaston-berger\/"},"author":{"name":"Global Africa","@id":"https:\/\/www.globalafricasciences.org\/fr\/#\/schema\/person\/8c11b55a8c7d287934a558c0e354b773"},"headline":"Cl\u00f4ture de l&rsquo;Assembl\u00e9e : Global Africa re\u00e7u par le Recteur de l\u2019Universit\u00e9 Gaston Berger","datePublished":"2025-02-26T16:42:25+00:00","dateModified":"2025-04-25T12:14:45+00:00","mainEntityOfPage":{"@id":"https:\/\/www.globalafricasciences.org\/fr\/cloture-de-lassemblee-global-africa-recu-par-le-recteur-de-luniversite-gaston-berger\/"},"wordCount":342,"commentCount":0,"publisher":{"@id":"https:\/\/www.globalafricasciences.org\/fr\/#organization"},"image":{"@id":"https:\/\/www.globalafricasciences.org\/fr\/cloture-de-lassemblee-global-africa-recu-par-le-recteur-de-luniversite-gaston-berger\/#primaryimage"},"thumbnailUrl":"https:\/\/www.globalafricasciences.org\/wp-content\/uploads\/2025\/02\/Assembly-Closing-Global-Africa-received-by-the-Vice-chancellor-of-Gaston-Berger-University-.avif","articleSection":["Conf\u00e9rences","Presse","Rencontre"],"inLanguage":"fr-FR","potentialAction":[{"@type":"CommentAction","name":"Comment","target":["https:\/\/www.globalafricasciences.org\/fr\/cloture-de-lassemblee-global-africa-recu-par-le-recteur-de-luniversite-gaston-berger\/#respond"]}]},{"@type":"WebPage","@id":"https:\/\/www.globalafricasciences.org\/fr\/cloture-de-lassemblee-global-africa-recu-par-le-recteur-de-luniversite-gaston-berger\/","url":"https:\/\/www.globalafricasciences.org\/fr\/cloture-de-lassemblee-global-africa-recu-par-le-recteur-de-luniversite-gaston-berger\/","name":"Cl\u00f4ture de l'Assembl\u00e9e : Global Africa re\u00e7u par le Recteur de l\u2019Universit\u00e9 Gaston Berger | Global Africa","isPartOf":{"@id":"https:\/\/www.globalafricasciences.org\/fr\/#website"},"primaryImageOfPage":{"@id":"https:\/\/www.globalafricasciences.org\/fr\/cloture-de-lassemblee-global-africa-recu-par-le-recteur-de-luniversite-gaston-berger\/#primaryimage"},"image":{"@id":"https:\/\/www.globalafricasciences.org\/fr\/cloture-de-lassemblee-global-africa-recu-par-le-recteur-de-luniversite-gaston-berger\/#primaryimage"},"thumbnailUrl":"https:\/\/www.globalafricasciences.org\/wp-content\/uploads\/2025\/02\/Assembly-Closing-Global-Africa-received-by-the-Vice-chancellor-of-Gaston-Berger-University-.avif","datePublished":"2025-02-26T16:42:25+00:00","dateModified":"2025-04-25T12:14:45+00:00","description":"Global Africa a f\u00eat\u00e9 sa premi\u00e8re ann\u00e9e d\u2019activit\u00e9s \u00e0 Saint-Louis avec des conf\u00e9rences marquantes et une assembl\u00e9e internationale.","breadcrumb":{"@id":"https:\/\/www.globalafricasciences.org\/fr\/cloture-de-lassemblee-global-africa-recu-par-le-recteur-de-luniversite-gaston-berger\/#breadcrumb"},"inLanguage":"fr-FR","potentialAction":[{"@type":"ReadAction","target":["https:\/\/www.globalafricasciences.org\/fr\/cloture-de-lassemblee-global-africa-recu-par-le-recteur-de-luniversite-gaston-berger\/"]}]},{"@type":"ImageObject","inLanguage":"fr-FR","@id":"https:\/\/www.globalafricasciences.org\/fr\/cloture-de-lassemblee-global-africa-recu-par-le-recteur-de-luniversite-gaston-berger\/#primaryimage","url":"https:\/\/www.globalafricasciences.org\/wp-content\/uploads\/2025\/02\/Assembly-Closing-Global-Africa-received-by-the-Vice-chancellor-of-Gaston-Berger-University-.avif","contentUrl":"https:\/\/www.globalafricasciences.org\/wp-content\/uploads\/2025\/02\/Assembly-Closing-Global-Africa-received-by-the-Vice-chancellor-of-Gaston-Berger-University-.avif","width":1280,"height":576},{"@type":"BreadcrumbList","@id":"https:\/\/www.globalafricasciences.org\/fr\/cloture-de-lassemblee-global-africa-recu-par-le-recteur-de-luniversite-gaston-berger\/#breadcrumb","itemListElement":[{"@type":"ListItem","position":1,"name":"Home","item":"https:\/\/www.globalafricasciences.org\/fr\/accueil\/"},{"@type":"ListItem","position":2,"name":"Cl\u00f4ture de l&#8217;Assembl\u00e9e : Global Africa re\u00e7u par le Recteur de l\u2019Universit\u00e9 Gaston Berger"}]},{"@type":"WebSite","@id":"https:\/\/www.globalafricasciences.org\/fr\/#website","url":"https:\/\/www.globalafricasciences.org\/fr\/","name":"Global Africa","description":"Pan-African Scientific Journal","publisher":{"@id":"https:\/\/www.globalafricasciences.org\/fr\/#organization"},"potentialAction":[{"@type":"SearchAction","target":{"@type":"EntryPoint","urlTemplate":"https:\/\/www.globalafricasciences.org\/fr\/?s={search_term_string}"},"query-input":{"@type":"PropertyValueSpecification","valueRequired":true,"valueName":"search_term_string"}}],"inLanguage":"fr-FR"},{"@type":"Organization","@id":"https:\/\/www.globalafricasciences.org\/fr\/#organization","name":"Global Africa","url":"https:\/\/www.globalafricasciences.org\/fr\/","logo":{"@type":"ImageObject","inLanguage":"fr-FR","@id":"https:\/\/www.globalafricasciences.org\/fr\/#\/schema\/logo\/image\/","url":"https:\/\/www.globalafricasciences.org\/wp-content\/uploads\/2024\/12\/Globalafrica.png","contentUrl":"https:\/\/www.globalafricasciences.org\/wp-content\/uploads\/2024\/12\/Globalafrica.png","width":1680,"height":750,"caption":"Global Africa"},"image":{"@id":"https:\/\/www.globalafricasciences.org\/fr\/#\/schema\/logo\/image\/"},"sameAs":["https:\/\/www.facebook.com\/globalafricasciences"]},{"@type":"Person","@id":"https:\/\/www.globalafricasciences.org\/fr\/#\/schema\/person\/8c11b55a8c7d287934a558c0e354b773","name":"Global Africa","image":{"@type":"ImageObject","inLanguage":"fr-FR","@id":"https:\/\/www.globalafricasciences.org\/wp-content\/uploads\/2024\/11\/Global-Africa.jpgd44bc09810f00cf464135b8441da2384","url":"https:\/\/www.globalafricasciences.org\/wp-content\/uploads\/2024\/11\/Global-Africa.jpg","contentUrl":"https:\/\/www.globalafricasciences.org\/wp-content\/uploads\/2024\/11\/Global-Africa.jpg","caption":"Global Africa"},"description":"The editorial board of the journal is led by Mame-Penda Ba, a professor of political science at Gaston Berger University and the director of LASPAD(Laboratory of Social, Political, and Administrative Studies), Senegal.","url":"https:\/\/www.globalafricasciences.org\/author\/globalafrica\/"}]}},"acf":[],"authors":[{"term_id":66,"user_id":50,"is_guest":0,"slug":"globalafrica","display_name":"Global Africa","avatar_url":{"url":"https:\/\/www.globalafricasciences.org\/wp-content\/uploads\/2024\/11\/Global-Africa.jpg","url2x":"https:\/\/www.globalafricasciences.org\/wp-content\/uploads\/2024\/11\/Global-Africa.jpg"},"author_category":"","exclude_author":"","main-organisation":"Gaston Berger Universiry","country_of_org":"S\u00e9n\u00e9gal","field_of_work":"Political Sciences","first_name":"Global","last_name":"Africa","user_url":"","job_title":"Editorial","description":"The editorial board of the journal is led by Mame-Penda Ba, a professor of political science at Gaston Berger University and the director of LASPAD(Laboratory of Social, Political, and Administrative Studies), Senegal."}],"_links":{"self":[{"href":"https:\/\/www.globalafricasciences.org\/fr\/wp-json\/wp\/v2\/posts\/9175","targetHints":{"allow":["GET"]}}],"collection":[{"href":"https:\/\/www.globalafricasciences.org\/fr\/wp-json\/wp\/v2\/posts"}],"about":[{"href":"https:\/\/www.globalafricasciences.org\/fr\/wp-json\/wp\/v2\/types\/post"}],"author":[{"embeddable":true,"href":"https:\/\/www.globalafricasciences.org\/fr\/wp-json\/wp\/v2\/users\/50"}],"replies":[{"embeddable":true,"href":"https:\/\/www.globalafricasciences.org\/fr\/wp-json\/wp\/v2\/comments?post=9175"}],"version-history":[{"count":0,"href":"https:\/\/www.globalafricasciences.org\/fr\/wp-json\/wp\/v2\/posts\/9175\/revisions"}],"wp:featuredmedia":[{"embeddable":true,"href":"https:\/\/www.globalafricasciences.org\/fr\/wp-json\/wp\/v2\/media\/9172"}],"wp:attachment":[{"href":"https:\/\/www.globalafricasciences.org\/fr\/wp-json\/wp\/v2\/media?parent=9175"}],"wp:term":[{"taxonomy":"category","embeddable":true,"href":"https:\/\/www.globalafricasciences.org\/fr\/wp-json\/wp\/v2\/categories?post=9175"},{"taxonomy":"post_tag","embeddable":true,"href":"https:\/\/www.globalafricasciences.org\/fr\/wp-json\/wp\/v2\/tags?post=9175"},{"taxonomy":"issues3","embeddable":true,"href":"https:\/\/www.globalafricasciences.org\/fr\/wp-json\/wp\/v2\/issues3?post=9175"},{"taxonomy":"post_folder","embeddable":true,"href":"https:\/\/www.globalafricasciences.org\/fr\/wp-json\/wp\/v2\/post_folder?post=9175"},{"taxonomy":"author","embeddable":true,"href":"https:\/\/www.globalafricasciences.org\/fr\/wp-json\/wp\/v2\/ppma_author?post=9175"}],"curies":[{"name":"wp","href":"https:\/\/api.w.org\/{rel}","templated":true}]}}