{"id":9163,"date":"2025-02-26T16:19:26","date_gmt":"2025-02-26T16:19:26","guid":{"rendered":"https:\/\/www.globalafricasciences.org\/actualites\/epistemologies-from-the-global-south-negritude-modernity-and-the-idea-of-africa\/"},"modified":"2025-04-25T15:12:09","modified_gmt":"2025-04-25T15:12:09","slug":"epistemologies-from-the-global-south-negritude-modernity-and-the-idea-of-africa","status":"publish","type":"post","link":"https:\/\/www.globalafricasciences.org\/fr\/epistemologies-from-the-global-south-negritude-modernity-and-the-idea-of-africa\/","title":{"rendered":"Epistemologies from the Global South. Negritude, Modernity and the Idea of Africa."},"content":{"rendered":"\n<p>Global Africa organise dans le cadre de ses \u00ab\u00a0Rencontres\u00a0\u00bb le mercredi 24 mai 2023 \u00e0 11h30 au CEA-MITIC \u00e0 l&rsquo;UGB Saint-Louis (S\u00e9n\u00e9gal), une Talk Book avec Cheikh Thiam, Professeur \u00e0 Amherst College, autour de son dernier ouvrage <em>Epistemologies from the Global South. Negritude, Modernity and the Idea of Africa. <\/em>.le mercredi 24 mai 2023 \u00e0 11h30 au CEA-MITIC, UGB Saint-Louis (S\u00e9n\u00e9gal).<\/p>\n\n<figure class=\"wp-block-image size-large\"><img fetchpriority=\"high\" decoding=\"async\" width=\"724\" height=\"1024\" src=\"https:\/\/www.globalafricasciences.org\/wp-content\/uploads\/2025\/02\/Epistemologies-from-the-Global-South.-Negritude-Modernity-and-the-Idea-of-Africa--724x1024.webp\" alt=\"\" class=\"wp-image-9159\" srcset=\"https:\/\/www.globalafricasciences.org\/wp-content\/uploads\/2025\/02\/Epistemologies-from-the-Global-South.-Negritude-Modernity-and-the-Idea-of-Africa--724x1024.webp 724w, https:\/\/www.globalafricasciences.org\/wp-content\/uploads\/2025\/02\/Epistemologies-from-the-Global-South.-Negritude-Modernity-and-the-Idea-of-Africa--212x300.webp 212w, https:\/\/www.globalafricasciences.org\/wp-content\/uploads\/2025\/02\/Epistemologies-from-the-Global-South.-Negritude-Modernity-and-the-Idea-of-Africa--768x1086.webp 768w, https:\/\/www.globalafricasciences.org\/wp-content\/uploads\/2025\/02\/Epistemologies-from-the-Global-South.-Negritude-Modernity-and-the-Idea-of-Africa-.webp 905w\" sizes=\"(max-width: 724px) 100vw, 724px\" \/><\/figure>\n","protected":false},"excerpt":{"rendered":"<p>Global Africa organise dans le cadre de ses \u00ab\u00a0Rencontres\u00a0\u00bb le mercredi 24 mai 2023 \u00e0 11h30 au CEA-MITIC \u00e0 l&rsquo;UGB Saint-Louis (S\u00e9n\u00e9gal), une Talk Book avec Cheikh Thiam, Professeur \u00e0 Amherst College, autour de son dernier ouvrage Epistemologies from the Global South. Negritude, Modernity and the Idea of Africa. .le mercredi 24 mai 2023 \u00e0 11h30 au CEA-MITIC, UGB Saint-Louis (S\u00e9n\u00e9gal).<\/p>\n","protected":false},"author":50,"featured_media":9160,"comment_status":"open","ping_status":"open","sticky":false,"template":"","format":"standard","meta":{"footnotes":""},"categories":[179],"tags":[],"issues3":[],"post_folder":[],"ppma_author":[66],"class_list":["post-9163","post","type-post","status-publish","format-standard","has-post-thumbnail","hentry","category-conferences-fr","author-globalafrica"],"yoast_head":"<!-- This site is optimized with the Yoast SEO plugin v27.5 - https:\/\/yoast.com\/product\/yoast-seo-wordpress\/ -->\n<title>Epistemologies from the Global South. Negritude, Modernity and the Idea of Africa. | Global Africa<\/title>\n<meta name=\"description\" content=\"Global Africa re\u00e7oit le professeur Cheikh Thiam pour une conf\u00e9rence sur la n\u00e9gritude et la modernit\u00e9, le 24 mai 2023 \u00e0 l\u2019UGB de Saint-Louis.\" \/>\n<meta name=\"robots\" content=\"index, follow, max-snippet:-1, max-image-preview:large, max-video-preview:-1\" \/>\n<link rel=\"canonical\" href=\"https:\/\/www.globalafricasciences.org\/fr\/epistemologies-from-the-global-south-negritude-modernity-and-the-idea-of-africa\/\" \/>\n<meta property=\"og:locale\" content=\"fr_FR\" \/>\n<meta property=\"og:type\" content=\"article\" \/>\n<meta property=\"og:title\" content=\"Epistemologies from the Global South. Negritude, Modernity and the Idea of Africa. | Global Africa\" \/>\n<meta property=\"og:description\" content=\"Global Africa re\u00e7oit le professeur Cheikh Thiam pour une conf\u00e9rence sur la n\u00e9gritude et la modernit\u00e9, le 24 mai 2023 \u00e0 l\u2019UGB de Saint-Louis.\" \/>\n<meta property=\"og:url\" content=\"https:\/\/www.globalafricasciences.org\/fr\/epistemologies-from-the-global-south-negritude-modernity-and-the-idea-of-africa\/\" \/>\n<meta property=\"og:site_name\" content=\"Global Africa\" \/>\n<meta property=\"article:publisher\" content=\"https:\/\/www.facebook.com\/globalafricasciences\" \/>\n<meta property=\"article:published_time\" content=\"2025-02-26T16:19:26+00:00\" \/>\n<meta property=\"article:modified_time\" content=\"2025-04-25T15:12:09+00:00\" \/>\n<meta property=\"og:image\" content=\"https:\/\/www.globalafricasciences.org\/wp-content\/uploads\/2025\/02\/Epistemologies-from-the-Global-South.-Negritude-Modernity-and-the-Idea-of-Africa-.webp\" \/>\n\t<meta property=\"og:image:width\" content=\"905\" \/>\n\t<meta property=\"og:image:height\" content=\"1280\" \/>\n\t<meta property=\"og:image:type\" content=\"image\/webp\" \/>\n<meta name=\"author\" content=\"Global Africa\" \/>\n<meta name=\"twitter:card\" content=\"summary_large_image\" \/>\n<meta name=\"twitter:label1\" content=\"\u00c9crit par\" \/>\n\t<meta name=\"twitter:data1\" content=\"Global Africa\" \/>\n<script type=\"application\/ld+json\" class=\"yoast-schema-graph\">{\"@context\":\"https:\\\/\\\/schema.org\",\"@graph\":[{\"@type\":\"Article\",\"@id\":\"https:\\\/\\\/www.globalafricasciences.org\\\/fr\\\/epistemologies-from-the-global-south-negritude-modernity-and-the-idea-of-africa\\\/#article\",\"isPartOf\":{\"@id\":\"https:\\\/\\\/www.globalafricasciences.org\\\/fr\\\/epistemologies-from-the-global-south-negritude-modernity-and-the-idea-of-africa\\\/\"},\"author\":{\"name\":\"Global Africa\",\"@id\":\"https:\\\/\\\/www.globalafricasciences.org\\\/fr\\\/#\\\/schema\\\/person\\\/8c11b55a8c7d287934a558c0e354b773\"},\"headline\":\"Epistemologies from the Global South. Negritude, Modernity and the Idea of Africa.\",\"datePublished\":\"2025-02-26T16:19:26+00:00\",\"dateModified\":\"2025-04-25T15:12:09+00:00\",\"mainEntityOfPage\":{\"@id\":\"https:\\\/\\\/www.globalafricasciences.org\\\/fr\\\/epistemologies-from-the-global-south-negritude-modernity-and-the-idea-of-africa\\\/\"},\"wordCount\":70,\"commentCount\":0,\"publisher\":{\"@id\":\"https:\\\/\\\/www.globalafricasciences.org\\\/fr\\\/#organization\"},\"image\":{\"@id\":\"https:\\\/\\\/www.globalafricasciences.org\\\/fr\\\/epistemologies-from-the-global-south-negritude-modernity-and-the-idea-of-africa\\\/#primaryimage\"},\"thumbnailUrl\":\"https:\\\/\\\/www.globalafricasciences.org\\\/wp-content\\\/uploads\\\/2025\\\/02\\\/Epistemologies-from-the-Global-South.-Negritude-Modernity-and-the-Idea-of-Africa-.webp\",\"articleSection\":[\"Conf\u00e9rences\"],\"inLanguage\":\"fr-FR\",\"potentialAction\":[{\"@type\":\"CommentAction\",\"name\":\"Comment\",\"target\":[\"https:\\\/\\\/www.globalafricasciences.org\\\/fr\\\/epistemologies-from-the-global-south-negritude-modernity-and-the-idea-of-africa\\\/#respond\"]}]},{\"@type\":\"WebPage\",\"@id\":\"https:\\\/\\\/www.globalafricasciences.org\\\/fr\\\/epistemologies-from-the-global-south-negritude-modernity-and-the-idea-of-africa\\\/\",\"url\":\"https:\\\/\\\/www.globalafricasciences.org\\\/fr\\\/epistemologies-from-the-global-south-negritude-modernity-and-the-idea-of-africa\\\/\",\"name\":\"Epistemologies from the Global South. Negritude, Modernity and the Idea of Africa. | Global Africa\",\"isPartOf\":{\"@id\":\"https:\\\/\\\/www.globalafricasciences.org\\\/fr\\\/#website\"},\"primaryImageOfPage\":{\"@id\":\"https:\\\/\\\/www.globalafricasciences.org\\\/fr\\\/epistemologies-from-the-global-south-negritude-modernity-and-the-idea-of-africa\\\/#primaryimage\"},\"image\":{\"@id\":\"https:\\\/\\\/www.globalafricasciences.org\\\/fr\\\/epistemologies-from-the-global-south-negritude-modernity-and-the-idea-of-africa\\\/#primaryimage\"},\"thumbnailUrl\":\"https:\\\/\\\/www.globalafricasciences.org\\\/wp-content\\\/uploads\\\/2025\\\/02\\\/Epistemologies-from-the-Global-South.-Negritude-Modernity-and-the-Idea-of-Africa-.webp\",\"datePublished\":\"2025-02-26T16:19:26+00:00\",\"dateModified\":\"2025-04-25T15:12:09+00:00\",\"description\":\"Global Africa re\u00e7oit le professeur Cheikh Thiam pour une conf\u00e9rence sur la n\u00e9gritude et la modernit\u00e9, le 24 mai 2023 \u00e0 l\u2019UGB de Saint-Louis.\",\"breadcrumb\":{\"@id\":\"https:\\\/\\\/www.globalafricasciences.org\\\/fr\\\/epistemologies-from-the-global-south-negritude-modernity-and-the-idea-of-africa\\\/#breadcrumb\"},\"inLanguage\":\"fr-FR\",\"potentialAction\":[{\"@type\":\"ReadAction\",\"target\":[\"https:\\\/\\\/www.globalafricasciences.org\\\/fr\\\/epistemologies-from-the-global-south-negritude-modernity-and-the-idea-of-africa\\\/\"]}]},{\"@type\":\"ImageObject\",\"inLanguage\":\"fr-FR\",\"@id\":\"https:\\\/\\\/www.globalafricasciences.org\\\/fr\\\/epistemologies-from-the-global-south-negritude-modernity-and-the-idea-of-africa\\\/#primaryimage\",\"url\":\"https:\\\/\\\/www.globalafricasciences.org\\\/wp-content\\\/uploads\\\/2025\\\/02\\\/Epistemologies-from-the-Global-South.-Negritude-Modernity-and-the-Idea-of-Africa-.webp\",\"contentUrl\":\"https:\\\/\\\/www.globalafricasciences.org\\\/wp-content\\\/uploads\\\/2025\\\/02\\\/Epistemologies-from-the-Global-South.-Negritude-Modernity-and-the-Idea-of-Africa-.webp\",\"width\":905,\"height\":1280},{\"@type\":\"BreadcrumbList\",\"@id\":\"https:\\\/\\\/www.globalafricasciences.org\\\/fr\\\/epistemologies-from-the-global-south-negritude-modernity-and-the-idea-of-africa\\\/#breadcrumb\",\"itemListElement\":[{\"@type\":\"ListItem\",\"position\":1,\"name\":\"Home\",\"item\":\"https:\\\/\\\/www.globalafricasciences.org\\\/fr\\\/accueil\\\/\"},{\"@type\":\"ListItem\",\"position\":2,\"name\":\"Epistemologies from the Global South. Negritude, Modernity and the Idea of Africa.\"}]},{\"@type\":\"WebSite\",\"@id\":\"https:\\\/\\\/www.globalafricasciences.org\\\/fr\\\/#website\",\"url\":\"https:\\\/\\\/www.globalafricasciences.org\\\/fr\\\/\",\"name\":\"Global Africa\",\"description\":\"Pan-African Scientific Journal\",\"publisher\":{\"@id\":\"https:\\\/\\\/www.globalafricasciences.org\\\/fr\\\/#organization\"},\"potentialAction\":[{\"@type\":\"SearchAction\",\"target\":{\"@type\":\"EntryPoint\",\"urlTemplate\":\"https:\\\/\\\/www.globalafricasciences.org\\\/fr\\\/?s={search_term_string}\"},\"query-input\":{\"@type\":\"PropertyValueSpecification\",\"valueRequired\":true,\"valueName\":\"search_term_string\"}}],\"inLanguage\":\"fr-FR\"},{\"@type\":\"Organization\",\"@id\":\"https:\\\/\\\/www.globalafricasciences.org\\\/fr\\\/#organization\",\"name\":\"Global Africa\",\"url\":\"https:\\\/\\\/www.globalafricasciences.org\\\/fr\\\/\",\"logo\":{\"@type\":\"ImageObject\",\"inLanguage\":\"fr-FR\",\"@id\":\"https:\\\/\\\/www.globalafricasciences.org\\\/fr\\\/#\\\/schema\\\/logo\\\/image\\\/\",\"url\":\"https:\\\/\\\/www.globalafricasciences.org\\\/wp-content\\\/uploads\\\/2024\\\/12\\\/Globalafrica.png\",\"contentUrl\":\"https:\\\/\\\/www.globalafricasciences.org\\\/wp-content\\\/uploads\\\/2024\\\/12\\\/Globalafrica.png\",\"width\":1680,\"height\":750,\"caption\":\"Global Africa\"},\"image\":{\"@id\":\"https:\\\/\\\/www.globalafricasciences.org\\\/fr\\\/#\\\/schema\\\/logo\\\/image\\\/\"},\"sameAs\":[\"https:\\\/\\\/www.facebook.com\\\/globalafricasciences\"]},{\"@type\":\"Person\",\"@id\":\"https:\\\/\\\/www.globalafricasciences.org\\\/fr\\\/#\\\/schema\\\/person\\\/8c11b55a8c7d287934a558c0e354b773\",\"name\":\"Global Africa\",\"image\":{\"@type\":\"ImageObject\",\"inLanguage\":\"fr-FR\",\"@id\":\"https:\\\/\\\/www.globalafricasciences.org\\\/wp-content\\\/uploads\\\/2024\\\/11\\\/Global-Africa.jpgd44bc09810f00cf464135b8441da2384\",\"url\":\"https:\\\/\\\/www.globalafricasciences.org\\\/wp-content\\\/uploads\\\/2024\\\/11\\\/Global-Africa.jpg\",\"contentUrl\":\"https:\\\/\\\/www.globalafricasciences.org\\\/wp-content\\\/uploads\\\/2024\\\/11\\\/Global-Africa.jpg\",\"caption\":\"Global Africa\"},\"description\":\"The editorial board of the journal is led by Mame-Penda Ba, a professor of political science at Gaston Berger University and the director of LASPAD(Laboratory of Social, Political, and Administrative Studies), Senegal.\",\"url\":\"https:\\\/\\\/www.globalafricasciences.org\\\/author\\\/globalafrica\\\/\"}]}<\/script>\n<!-- \/ Yoast SEO plugin. -->","yoast_head_json":{"title":"Epistemologies from the Global South. Negritude, Modernity and the Idea of Africa. | Global Africa","description":"Global Africa re\u00e7oit le professeur Cheikh Thiam pour une conf\u00e9rence sur la n\u00e9gritude et la modernit\u00e9, le 24 mai 2023 \u00e0 l\u2019UGB de Saint-Louis.","robots":{"index":"index","follow":"follow","max-snippet":"max-snippet:-1","max-image-preview":"max-image-preview:large","max-video-preview":"max-video-preview:-1"},"canonical":"https:\/\/www.globalafricasciences.org\/fr\/epistemologies-from-the-global-south-negritude-modernity-and-the-idea-of-africa\/","og_locale":"fr_FR","og_type":"article","og_title":"Epistemologies from the Global South. Negritude, Modernity and the Idea of Africa. | Global Africa","og_description":"Global Africa re\u00e7oit le professeur Cheikh Thiam pour une conf\u00e9rence sur la n\u00e9gritude et la modernit\u00e9, le 24 mai 2023 \u00e0 l\u2019UGB de Saint-Louis.","og_url":"https:\/\/www.globalafricasciences.org\/fr\/epistemologies-from-the-global-south-negritude-modernity-and-the-idea-of-africa\/","og_site_name":"Global Africa","article_publisher":"https:\/\/www.facebook.com\/globalafricasciences","article_published_time":"2025-02-26T16:19:26+00:00","article_modified_time":"2025-04-25T15:12:09+00:00","og_image":[{"width":905,"height":1280,"url":"https:\/\/www.globalafricasciences.org\/wp-content\/uploads\/2025\/02\/Epistemologies-from-the-Global-South.-Negritude-Modernity-and-the-Idea-of-Africa-.webp","type":"image\/webp"}],"author":"Global Africa","twitter_card":"summary_large_image","twitter_misc":{"\u00c9crit par":"Global Africa"},"schema":{"@context":"https:\/\/schema.org","@graph":[{"@type":"Article","@id":"https:\/\/www.globalafricasciences.org\/fr\/epistemologies-from-the-global-south-negritude-modernity-and-the-idea-of-africa\/#article","isPartOf":{"@id":"https:\/\/www.globalafricasciences.org\/fr\/epistemologies-from-the-global-south-negritude-modernity-and-the-idea-of-africa\/"},"author":{"name":"Global Africa","@id":"https:\/\/www.globalafricasciences.org\/fr\/#\/schema\/person\/8c11b55a8c7d287934a558c0e354b773"},"headline":"Epistemologies from the Global South. Negritude, Modernity and the Idea of Africa.","datePublished":"2025-02-26T16:19:26+00:00","dateModified":"2025-04-25T15:12:09+00:00","mainEntityOfPage":{"@id":"https:\/\/www.globalafricasciences.org\/fr\/epistemologies-from-the-global-south-negritude-modernity-and-the-idea-of-africa\/"},"wordCount":70,"commentCount":0,"publisher":{"@id":"https:\/\/www.globalafricasciences.org\/fr\/#organization"},"image":{"@id":"https:\/\/www.globalafricasciences.org\/fr\/epistemologies-from-the-global-south-negritude-modernity-and-the-idea-of-africa\/#primaryimage"},"thumbnailUrl":"https:\/\/www.globalafricasciences.org\/wp-content\/uploads\/2025\/02\/Epistemologies-from-the-Global-South.-Negritude-Modernity-and-the-Idea-of-Africa-.webp","articleSection":["Conf\u00e9rences"],"inLanguage":"fr-FR","potentialAction":[{"@type":"CommentAction","name":"Comment","target":["https:\/\/www.globalafricasciences.org\/fr\/epistemologies-from-the-global-south-negritude-modernity-and-the-idea-of-africa\/#respond"]}]},{"@type":"WebPage","@id":"https:\/\/www.globalafricasciences.org\/fr\/epistemologies-from-the-global-south-negritude-modernity-and-the-idea-of-africa\/","url":"https:\/\/www.globalafricasciences.org\/fr\/epistemologies-from-the-global-south-negritude-modernity-and-the-idea-of-africa\/","name":"Epistemologies from the Global South. Negritude, Modernity and the Idea of Africa. | Global Africa","isPartOf":{"@id":"https:\/\/www.globalafricasciences.org\/fr\/#website"},"primaryImageOfPage":{"@id":"https:\/\/www.globalafricasciences.org\/fr\/epistemologies-from-the-global-south-negritude-modernity-and-the-idea-of-africa\/#primaryimage"},"image":{"@id":"https:\/\/www.globalafricasciences.org\/fr\/epistemologies-from-the-global-south-negritude-modernity-and-the-idea-of-africa\/#primaryimage"},"thumbnailUrl":"https:\/\/www.globalafricasciences.org\/wp-content\/uploads\/2025\/02\/Epistemologies-from-the-Global-South.-Negritude-Modernity-and-the-Idea-of-Africa-.webp","datePublished":"2025-02-26T16:19:26+00:00","dateModified":"2025-04-25T15:12:09+00:00","description":"Global Africa re\u00e7oit le professeur Cheikh Thiam pour une conf\u00e9rence sur la n\u00e9gritude et la modernit\u00e9, le 24 mai 2023 \u00e0 l\u2019UGB de Saint-Louis.","breadcrumb":{"@id":"https:\/\/www.globalafricasciences.org\/fr\/epistemologies-from-the-global-south-negritude-modernity-and-the-idea-of-africa\/#breadcrumb"},"inLanguage":"fr-FR","potentialAction":[{"@type":"ReadAction","target":["https:\/\/www.globalafricasciences.org\/fr\/epistemologies-from-the-global-south-negritude-modernity-and-the-idea-of-africa\/"]}]},{"@type":"ImageObject","inLanguage":"fr-FR","@id":"https:\/\/www.globalafricasciences.org\/fr\/epistemologies-from-the-global-south-negritude-modernity-and-the-idea-of-africa\/#primaryimage","url":"https:\/\/www.globalafricasciences.org\/wp-content\/uploads\/2025\/02\/Epistemologies-from-the-Global-South.-Negritude-Modernity-and-the-Idea-of-Africa-.webp","contentUrl":"https:\/\/www.globalafricasciences.org\/wp-content\/uploads\/2025\/02\/Epistemologies-from-the-Global-South.-Negritude-Modernity-and-the-Idea-of-Africa-.webp","width":905,"height":1280},{"@type":"BreadcrumbList","@id":"https:\/\/www.globalafricasciences.org\/fr\/epistemologies-from-the-global-south-negritude-modernity-and-the-idea-of-africa\/#breadcrumb","itemListElement":[{"@type":"ListItem","position":1,"name":"Home","item":"https:\/\/www.globalafricasciences.org\/fr\/accueil\/"},{"@type":"ListItem","position":2,"name":"Epistemologies from the Global South. Negritude, Modernity and the Idea of Africa."}]},{"@type":"WebSite","@id":"https:\/\/www.globalafricasciences.org\/fr\/#website","url":"https:\/\/www.globalafricasciences.org\/fr\/","name":"Global Africa","description":"Pan-African Scientific Journal","publisher":{"@id":"https:\/\/www.globalafricasciences.org\/fr\/#organization"},"potentialAction":[{"@type":"SearchAction","target":{"@type":"EntryPoint","urlTemplate":"https:\/\/www.globalafricasciences.org\/fr\/?s={search_term_string}"},"query-input":{"@type":"PropertyValueSpecification","valueRequired":true,"valueName":"search_term_string"}}],"inLanguage":"fr-FR"},{"@type":"Organization","@id":"https:\/\/www.globalafricasciences.org\/fr\/#organization","name":"Global Africa","url":"https:\/\/www.globalafricasciences.org\/fr\/","logo":{"@type":"ImageObject","inLanguage":"fr-FR","@id":"https:\/\/www.globalafricasciences.org\/fr\/#\/schema\/logo\/image\/","url":"https:\/\/www.globalafricasciences.org\/wp-content\/uploads\/2024\/12\/Globalafrica.png","contentUrl":"https:\/\/www.globalafricasciences.org\/wp-content\/uploads\/2024\/12\/Globalafrica.png","width":1680,"height":750,"caption":"Global Africa"},"image":{"@id":"https:\/\/www.globalafricasciences.org\/fr\/#\/schema\/logo\/image\/"},"sameAs":["https:\/\/www.facebook.com\/globalafricasciences"]},{"@type":"Person","@id":"https:\/\/www.globalafricasciences.org\/fr\/#\/schema\/person\/8c11b55a8c7d287934a558c0e354b773","name":"Global Africa","image":{"@type":"ImageObject","inLanguage":"fr-FR","@id":"https:\/\/www.globalafricasciences.org\/wp-content\/uploads\/2024\/11\/Global-Africa.jpgd44bc09810f00cf464135b8441da2384","url":"https:\/\/www.globalafricasciences.org\/wp-content\/uploads\/2024\/11\/Global-Africa.jpg","contentUrl":"https:\/\/www.globalafricasciences.org\/wp-content\/uploads\/2024\/11\/Global-Africa.jpg","caption":"Global Africa"},"description":"The editorial board of the journal is led by Mame-Penda Ba, a professor of political science at Gaston Berger University and the director of LASPAD(Laboratory of Social, Political, and Administrative Studies), Senegal.","url":"https:\/\/www.globalafricasciences.org\/author\/globalafrica\/"}]}},"acf":[],"authors":[{"term_id":66,"user_id":50,"is_guest":0,"slug":"globalafrica","display_name":"Global Africa","avatar_url":{"url":"https:\/\/www.globalafricasciences.org\/wp-content\/uploads\/2024\/11\/Global-Africa.jpg","url2x":"https:\/\/www.globalafricasciences.org\/wp-content\/uploads\/2024\/11\/Global-Africa.jpg"},"author_category":"","exclude_author":"","main-organisation":"Gaston Berger Universiry","country_of_org":"S\u00e9n\u00e9gal","field_of_work":"Political Sciences","first_name":"Global","last_name":"Africa","user_url":"","job_title":"Editorial","description":"The editorial board of the journal is led by Mame-Penda Ba, a professor of political science at Gaston Berger University and the director of LASPAD(Laboratory of Social, Political, and Administrative Studies), Senegal."}],"_links":{"self":[{"href":"https:\/\/www.globalafricasciences.org\/fr\/wp-json\/wp\/v2\/posts\/9163","targetHints":{"allow":["GET"]}}],"collection":[{"href":"https:\/\/www.globalafricasciences.org\/fr\/wp-json\/wp\/v2\/posts"}],"about":[{"href":"https:\/\/www.globalafricasciences.org\/fr\/wp-json\/wp\/v2\/types\/post"}],"author":[{"embeddable":true,"href":"https:\/\/www.globalafricasciences.org\/fr\/wp-json\/wp\/v2\/users\/50"}],"replies":[{"embeddable":true,"href":"https:\/\/www.globalafricasciences.org\/fr\/wp-json\/wp\/v2\/comments?post=9163"}],"version-history":[{"count":0,"href":"https:\/\/www.globalafricasciences.org\/fr\/wp-json\/wp\/v2\/posts\/9163\/revisions"}],"wp:featuredmedia":[{"embeddable":true,"href":"https:\/\/www.globalafricasciences.org\/fr\/wp-json\/wp\/v2\/media\/9160"}],"wp:attachment":[{"href":"https:\/\/www.globalafricasciences.org\/fr\/wp-json\/wp\/v2\/media?parent=9163"}],"wp:term":[{"taxonomy":"category","embeddable":true,"href":"https:\/\/www.globalafricasciences.org\/fr\/wp-json\/wp\/v2\/categories?post=9163"},{"taxonomy":"post_tag","embeddable":true,"href":"https:\/\/www.globalafricasciences.org\/fr\/wp-json\/wp\/v2\/tags?post=9163"},{"taxonomy":"issues3","embeddable":true,"href":"https:\/\/www.globalafricasciences.org\/fr\/wp-json\/wp\/v2\/issues3?post=9163"},{"taxonomy":"post_folder","embeddable":true,"href":"https:\/\/www.globalafricasciences.org\/fr\/wp-json\/wp\/v2\/post_folder?post=9163"},{"taxonomy":"author","embeddable":true,"href":"https:\/\/www.globalafricasciences.org\/fr\/wp-json\/wp\/v2\/ppma_author?post=9163"}],"curies":[{"name":"wp","href":"https:\/\/api.w.org\/{rel}","templated":true}]}}