{"id":9147,"date":"2025-02-26T15:59:29","date_gmt":"2025-02-26T15:59:29","guid":{"rendered":"https:\/\/www.globalafricasciences.org\/actualites\/la-science-pour-la-justice-sociale-forum-mondial-de-la-science-fms-cape-town-afrique-du-sud\/"},"modified":"2025-04-25T15:22:51","modified_gmt":"2025-04-25T15:22:51","slug":"la-science-pour-la-justice-sociale-forum-mondial-de-la-science-fms-cape-town-afrique-du-sud","status":"publish","type":"post","link":"https:\/\/www.globalafricasciences.org\/fr\/la-science-pour-la-justice-sociale-forum-mondial-de-la-science-fms-cape-town-afrique-du-sud\/","title":{"rendered":"La science pour la justice sociale, Forum Mondial de la Science (FMS) , Cape Town, Afrique du Sud"},"content":{"rendered":"\n<p>Le FMS est une s\u00e9rie de conf\u00e9rences internationales sur la politique scientifique mondiale qui rassemble des scientifiques, des chercheurs, le secteur priv\u00e9, la soci\u00e9t\u00e9 civile et les m\u00e9dias pour discuter du r\u00f4le de la science dans la r\u00e9solution des d\u00e9fis auxquels l&rsquo;humanit\u00e9 est confront\u00e9e. Cette ann\u00e9e, le FMS sera organis\u00e9 par le D\u00e9partement des sciences et de l&rsquo;innovation en Afrique du Sud. Plusieurs conf\u00e9rences inaugurales, sessions et \u00e9v\u00e9nements parall\u00e8les seront consacr\u00e9s \u00e0 la science africaine.  <\/p>\n\n<figure class=\"wp-block-image size-full\"><img fetchpriority=\"high\" decoding=\"async\" width=\"1480\" height=\"750\" src=\"https:\/\/www.globalafricasciences.org\/wp-content\/uploads\/2025\/02\/Science-for-Social-Justice-World-Science-Forum-WFS-Cape-Town-South-Africa-.avif\" alt=\"\" class=\"wp-image-9144\"\/><\/figure>\n\n<p><\/p>\n\n<p>Pour plus d&rsquo;informations : <a href=\"https:\/\/worldscienceforum.org\/\" target=\"_blank\" rel=\"noreferrer noopener\">https:\/\/worldscienceforum.org\/<\/a><br\/><br\/><br\/><\/p>\n","protected":false},"excerpt":{"rendered":"<p>Le FMS est une s\u00e9rie de conf\u00e9rences internationales sur la politique scientifique mondiale qui rassemble des scientifiques, des chercheurs, le secteur priv\u00e9, la soci\u00e9t\u00e9 civile et les m\u00e9dias pour discuter du r\u00f4le de la science dans la r\u00e9solution des d\u00e9fis auxquels l&rsquo;humanit\u00e9 est confront\u00e9e. Cette ann\u00e9e, le FMS sera organis\u00e9 par le D\u00e9partement des sciences et de l&rsquo;innovation en Afrique du Sud. Plusieurs conf\u00e9rences inaugurales, sessions et \u00e9v\u00e9nements parall\u00e8les seront consacr\u00e9s \u00e0 la science africaine. Pour plus d&rsquo;informations : https:\/\/worldscienceforum.org\/<\/p>\n","protected":false},"author":50,"featured_media":9145,"comment_status":"open","ping_status":"open","sticky":false,"template":"","format":"standard","meta":{"footnotes":""},"categories":[179],"tags":[],"issues3":[],"post_folder":[],"ppma_author":[66],"class_list":["post-9147","post","type-post","status-publish","format-standard","has-post-thumbnail","hentry","category-conferences-fr","author-globalafrica"],"yoast_head":"<!-- This site is optimized with the Yoast SEO plugin v27.5 - https:\/\/yoast.com\/product\/yoast-seo-wordpress\/ -->\n<title>La science pour la justice sociale, Forum Mondial de la Science (FMS) , Cape Town, Afrique du Sud | Global Africa<\/title>\n<meta name=\"description\" content=\"Le WSF r\u00e9unit chercheurs, secteur priv\u00e9, soci\u00e9t\u00e9 civile et m\u00e9dias pour penser le r\u00f4le de la science dans un monde en mutation. L\u2019Afrique \u00e0 l\u2019honneur cette ann\u00e9e.\" \/>\n<meta name=\"robots\" content=\"index, follow, max-snippet:-1, max-image-preview:large, max-video-preview:-1\" \/>\n<link rel=\"canonical\" href=\"https:\/\/www.globalafricasciences.org\/fr\/la-science-pour-la-justice-sociale-forum-mondial-de-la-science-fms-cape-town-afrique-du-sud\/\" \/>\n<meta property=\"og:locale\" content=\"fr_FR\" \/>\n<meta property=\"og:type\" content=\"article\" \/>\n<meta property=\"og:title\" content=\"La science pour la justice sociale, Forum Mondial de la Science (FMS) , Cape Town, Afrique du Sud | Global Africa\" \/>\n<meta property=\"og:description\" content=\"Le WSF r\u00e9unit chercheurs, secteur priv\u00e9, soci\u00e9t\u00e9 civile et m\u00e9dias pour penser le r\u00f4le de la science dans un monde en mutation. L\u2019Afrique \u00e0 l\u2019honneur cette ann\u00e9e.\" \/>\n<meta property=\"og:url\" content=\"https:\/\/www.globalafricasciences.org\/fr\/la-science-pour-la-justice-sociale-forum-mondial-de-la-science-fms-cape-town-afrique-du-sud\/\" \/>\n<meta property=\"og:site_name\" content=\"Global Africa\" \/>\n<meta property=\"article:publisher\" content=\"https:\/\/www.facebook.com\/globalafricasciences\" \/>\n<meta property=\"article:published_time\" content=\"2025-02-26T15:59:29+00:00\" \/>\n<meta property=\"article:modified_time\" content=\"2025-04-25T15:22:51+00:00\" \/>\n<meta name=\"author\" content=\"Global Africa\" \/>\n<meta name=\"twitter:card\" content=\"summary_large_image\" \/>\n<meta name=\"twitter:label1\" content=\"\u00c9crit par\" \/>\n\t<meta name=\"twitter:data1\" content=\"Global Africa\" \/>\n<script type=\"application\/ld+json\" class=\"yoast-schema-graph\">{\"@context\":\"https:\\\/\\\/schema.org\",\"@graph\":[{\"@type\":\"Article\",\"@id\":\"https:\\\/\\\/www.globalafricasciences.org\\\/fr\\\/la-science-pour-la-justice-sociale-forum-mondial-de-la-science-fms-cape-town-afrique-du-sud\\\/#article\",\"isPartOf\":{\"@id\":\"https:\\\/\\\/www.globalafricasciences.org\\\/fr\\\/la-science-pour-la-justice-sociale-forum-mondial-de-la-science-fms-cape-town-afrique-du-sud\\\/\"},\"author\":{\"name\":\"Global Africa\",\"@id\":\"https:\\\/\\\/www.globalafricasciences.org\\\/fr\\\/#\\\/schema\\\/person\\\/8c11b55a8c7d287934a558c0e354b773\"},\"headline\":\"La science pour la justice sociale, Forum Mondial de la Science (FMS) , Cape Town, Afrique du Sud\",\"datePublished\":\"2025-02-26T15:59:29+00:00\",\"dateModified\":\"2025-04-25T15:22:51+00:00\",\"mainEntityOfPage\":{\"@id\":\"https:\\\/\\\/www.globalafricasciences.org\\\/fr\\\/la-science-pour-la-justice-sociale-forum-mondial-de-la-science-fms-cape-town-afrique-du-sud\\\/\"},\"wordCount\":114,\"commentCount\":0,\"publisher\":{\"@id\":\"https:\\\/\\\/www.globalafricasciences.org\\\/fr\\\/#organization\"},\"image\":{\"@id\":\"https:\\\/\\\/www.globalafricasciences.org\\\/fr\\\/la-science-pour-la-justice-sociale-forum-mondial-de-la-science-fms-cape-town-afrique-du-sud\\\/#primaryimage\"},\"thumbnailUrl\":\"https:\\\/\\\/www.globalafricasciences.org\\\/wp-content\\\/uploads\\\/2025\\\/02\\\/Science-for-Social-Justice-World-Science-Forum-WFS-Cape-Town-South-Africa-.avif\",\"articleSection\":[\"Conf\u00e9rences\"],\"inLanguage\":\"fr-FR\",\"potentialAction\":[{\"@type\":\"CommentAction\",\"name\":\"Comment\",\"target\":[\"https:\\\/\\\/www.globalafricasciences.org\\\/fr\\\/la-science-pour-la-justice-sociale-forum-mondial-de-la-science-fms-cape-town-afrique-du-sud\\\/#respond\"]}]},{\"@type\":\"WebPage\",\"@id\":\"https:\\\/\\\/www.globalafricasciences.org\\\/fr\\\/la-science-pour-la-justice-sociale-forum-mondial-de-la-science-fms-cape-town-afrique-du-sud\\\/\",\"url\":\"https:\\\/\\\/www.globalafricasciences.org\\\/fr\\\/la-science-pour-la-justice-sociale-forum-mondial-de-la-science-fms-cape-town-afrique-du-sud\\\/\",\"name\":\"La science pour la justice sociale, Forum Mondial de la Science (FMS) , Cape Town, Afrique du Sud | Global Africa\",\"isPartOf\":{\"@id\":\"https:\\\/\\\/www.globalafricasciences.org\\\/fr\\\/#website\"},\"primaryImageOfPage\":{\"@id\":\"https:\\\/\\\/www.globalafricasciences.org\\\/fr\\\/la-science-pour-la-justice-sociale-forum-mondial-de-la-science-fms-cape-town-afrique-du-sud\\\/#primaryimage\"},\"image\":{\"@id\":\"https:\\\/\\\/www.globalafricasciences.org\\\/fr\\\/la-science-pour-la-justice-sociale-forum-mondial-de-la-science-fms-cape-town-afrique-du-sud\\\/#primaryimage\"},\"thumbnailUrl\":\"https:\\\/\\\/www.globalafricasciences.org\\\/wp-content\\\/uploads\\\/2025\\\/02\\\/Science-for-Social-Justice-World-Science-Forum-WFS-Cape-Town-South-Africa-.avif\",\"datePublished\":\"2025-02-26T15:59:29+00:00\",\"dateModified\":\"2025-04-25T15:22:51+00:00\",\"description\":\"Le WSF r\u00e9unit chercheurs, secteur priv\u00e9, soci\u00e9t\u00e9 civile et m\u00e9dias pour penser le r\u00f4le de la science dans un monde en mutation. L\u2019Afrique \u00e0 l\u2019honneur cette ann\u00e9e.\",\"breadcrumb\":{\"@id\":\"https:\\\/\\\/www.globalafricasciences.org\\\/fr\\\/la-science-pour-la-justice-sociale-forum-mondial-de-la-science-fms-cape-town-afrique-du-sud\\\/#breadcrumb\"},\"inLanguage\":\"fr-FR\",\"potentialAction\":[{\"@type\":\"ReadAction\",\"target\":[\"https:\\\/\\\/www.globalafricasciences.org\\\/fr\\\/la-science-pour-la-justice-sociale-forum-mondial-de-la-science-fms-cape-town-afrique-du-sud\\\/\"]}]},{\"@type\":\"ImageObject\",\"inLanguage\":\"fr-FR\",\"@id\":\"https:\\\/\\\/www.globalafricasciences.org\\\/fr\\\/la-science-pour-la-justice-sociale-forum-mondial-de-la-science-fms-cape-town-afrique-du-sud\\\/#primaryimage\",\"url\":\"https:\\\/\\\/www.globalafricasciences.org\\\/wp-content\\\/uploads\\\/2025\\\/02\\\/Science-for-Social-Justice-World-Science-Forum-WFS-Cape-Town-South-Africa-.avif\",\"contentUrl\":\"https:\\\/\\\/www.globalafricasciences.org\\\/wp-content\\\/uploads\\\/2025\\\/02\\\/Science-for-Social-Justice-World-Science-Forum-WFS-Cape-Town-South-Africa-.avif\",\"width\":1480,\"height\":750},{\"@type\":\"BreadcrumbList\",\"@id\":\"https:\\\/\\\/www.globalafricasciences.org\\\/fr\\\/la-science-pour-la-justice-sociale-forum-mondial-de-la-science-fms-cape-town-afrique-du-sud\\\/#breadcrumb\",\"itemListElement\":[{\"@type\":\"ListItem\",\"position\":1,\"name\":\"Home\",\"item\":\"https:\\\/\\\/www.globalafricasciences.org\\\/fr\\\/accueil\\\/\"},{\"@type\":\"ListItem\",\"position\":2,\"name\":\"La science pour la justice sociale, Forum Mondial de la Science (FMS) , Cape Town, Afrique du Sud\"}]},{\"@type\":\"WebSite\",\"@id\":\"https:\\\/\\\/www.globalafricasciences.org\\\/fr\\\/#website\",\"url\":\"https:\\\/\\\/www.globalafricasciences.org\\\/fr\\\/\",\"name\":\"Global Africa\",\"description\":\"Pan-African Scientific Journal\",\"publisher\":{\"@id\":\"https:\\\/\\\/www.globalafricasciences.org\\\/fr\\\/#organization\"},\"potentialAction\":[{\"@type\":\"SearchAction\",\"target\":{\"@type\":\"EntryPoint\",\"urlTemplate\":\"https:\\\/\\\/www.globalafricasciences.org\\\/fr\\\/?s={search_term_string}\"},\"query-input\":{\"@type\":\"PropertyValueSpecification\",\"valueRequired\":true,\"valueName\":\"search_term_string\"}}],\"inLanguage\":\"fr-FR\"},{\"@type\":\"Organization\",\"@id\":\"https:\\\/\\\/www.globalafricasciences.org\\\/fr\\\/#organization\",\"name\":\"Global Africa\",\"url\":\"https:\\\/\\\/www.globalafricasciences.org\\\/fr\\\/\",\"logo\":{\"@type\":\"ImageObject\",\"inLanguage\":\"fr-FR\",\"@id\":\"https:\\\/\\\/www.globalafricasciences.org\\\/fr\\\/#\\\/schema\\\/logo\\\/image\\\/\",\"url\":\"https:\\\/\\\/www.globalafricasciences.org\\\/wp-content\\\/uploads\\\/2024\\\/12\\\/Globalafrica.png\",\"contentUrl\":\"https:\\\/\\\/www.globalafricasciences.org\\\/wp-content\\\/uploads\\\/2024\\\/12\\\/Globalafrica.png\",\"width\":1680,\"height\":750,\"caption\":\"Global Africa\"},\"image\":{\"@id\":\"https:\\\/\\\/www.globalafricasciences.org\\\/fr\\\/#\\\/schema\\\/logo\\\/image\\\/\"},\"sameAs\":[\"https:\\\/\\\/www.facebook.com\\\/globalafricasciences\"]},{\"@type\":\"Person\",\"@id\":\"https:\\\/\\\/www.globalafricasciences.org\\\/fr\\\/#\\\/schema\\\/person\\\/8c11b55a8c7d287934a558c0e354b773\",\"name\":\"Global Africa\",\"image\":{\"@type\":\"ImageObject\",\"inLanguage\":\"fr-FR\",\"@id\":\"https:\\\/\\\/www.globalafricasciences.org\\\/wp-content\\\/uploads\\\/2024\\\/11\\\/Global-Africa.jpgd44bc09810f00cf464135b8441da2384\",\"url\":\"https:\\\/\\\/www.globalafricasciences.org\\\/wp-content\\\/uploads\\\/2024\\\/11\\\/Global-Africa.jpg\",\"contentUrl\":\"https:\\\/\\\/www.globalafricasciences.org\\\/wp-content\\\/uploads\\\/2024\\\/11\\\/Global-Africa.jpg\",\"caption\":\"Global Africa\"},\"description\":\"The editorial board of the journal is led by Mame-Penda Ba, a professor of political science at Gaston Berger University and the director of LASPAD(Laboratory of Social, Political, and Administrative Studies), Senegal.\",\"url\":\"https:\\\/\\\/www.globalafricasciences.org\\\/author\\\/globalafrica\\\/\"}]}<\/script>\n<!-- \/ Yoast SEO plugin. -->","yoast_head_json":{"title":"La science pour la justice sociale, Forum Mondial de la Science (FMS) , Cape Town, Afrique du Sud | Global Africa","description":"Le WSF r\u00e9unit chercheurs, secteur priv\u00e9, soci\u00e9t\u00e9 civile et m\u00e9dias pour penser le r\u00f4le de la science dans un monde en mutation. L\u2019Afrique \u00e0 l\u2019honneur cette ann\u00e9e.","robots":{"index":"index","follow":"follow","max-snippet":"max-snippet:-1","max-image-preview":"max-image-preview:large","max-video-preview":"max-video-preview:-1"},"canonical":"https:\/\/www.globalafricasciences.org\/fr\/la-science-pour-la-justice-sociale-forum-mondial-de-la-science-fms-cape-town-afrique-du-sud\/","og_locale":"fr_FR","og_type":"article","og_title":"La science pour la justice sociale, Forum Mondial de la Science (FMS) , Cape Town, Afrique du Sud | Global Africa","og_description":"Le WSF r\u00e9unit chercheurs, secteur priv\u00e9, soci\u00e9t\u00e9 civile et m\u00e9dias pour penser le r\u00f4le de la science dans un monde en mutation. L\u2019Afrique \u00e0 l\u2019honneur cette ann\u00e9e.","og_url":"https:\/\/www.globalafricasciences.org\/fr\/la-science-pour-la-justice-sociale-forum-mondial-de-la-science-fms-cape-town-afrique-du-sud\/","og_site_name":"Global Africa","article_publisher":"https:\/\/www.facebook.com\/globalafricasciences","article_published_time":"2025-02-26T15:59:29+00:00","article_modified_time":"2025-04-25T15:22:51+00:00","author":"Global Africa","twitter_card":"summary_large_image","twitter_misc":{"\u00c9crit par":"Global Africa"},"schema":{"@context":"https:\/\/schema.org","@graph":[{"@type":"Article","@id":"https:\/\/www.globalafricasciences.org\/fr\/la-science-pour-la-justice-sociale-forum-mondial-de-la-science-fms-cape-town-afrique-du-sud\/#article","isPartOf":{"@id":"https:\/\/www.globalafricasciences.org\/fr\/la-science-pour-la-justice-sociale-forum-mondial-de-la-science-fms-cape-town-afrique-du-sud\/"},"author":{"name":"Global Africa","@id":"https:\/\/www.globalafricasciences.org\/fr\/#\/schema\/person\/8c11b55a8c7d287934a558c0e354b773"},"headline":"La science pour la justice sociale, Forum Mondial de la Science (FMS) , Cape Town, Afrique du Sud","datePublished":"2025-02-26T15:59:29+00:00","dateModified":"2025-04-25T15:22:51+00:00","mainEntityOfPage":{"@id":"https:\/\/www.globalafricasciences.org\/fr\/la-science-pour-la-justice-sociale-forum-mondial-de-la-science-fms-cape-town-afrique-du-sud\/"},"wordCount":114,"commentCount":0,"publisher":{"@id":"https:\/\/www.globalafricasciences.org\/fr\/#organization"},"image":{"@id":"https:\/\/www.globalafricasciences.org\/fr\/la-science-pour-la-justice-sociale-forum-mondial-de-la-science-fms-cape-town-afrique-du-sud\/#primaryimage"},"thumbnailUrl":"https:\/\/www.globalafricasciences.org\/wp-content\/uploads\/2025\/02\/Science-for-Social-Justice-World-Science-Forum-WFS-Cape-Town-South-Africa-.avif","articleSection":["Conf\u00e9rences"],"inLanguage":"fr-FR","potentialAction":[{"@type":"CommentAction","name":"Comment","target":["https:\/\/www.globalafricasciences.org\/fr\/la-science-pour-la-justice-sociale-forum-mondial-de-la-science-fms-cape-town-afrique-du-sud\/#respond"]}]},{"@type":"WebPage","@id":"https:\/\/www.globalafricasciences.org\/fr\/la-science-pour-la-justice-sociale-forum-mondial-de-la-science-fms-cape-town-afrique-du-sud\/","url":"https:\/\/www.globalafricasciences.org\/fr\/la-science-pour-la-justice-sociale-forum-mondial-de-la-science-fms-cape-town-afrique-du-sud\/","name":"La science pour la justice sociale, Forum Mondial de la Science (FMS) , Cape Town, Afrique du Sud | Global Africa","isPartOf":{"@id":"https:\/\/www.globalafricasciences.org\/fr\/#website"},"primaryImageOfPage":{"@id":"https:\/\/www.globalafricasciences.org\/fr\/la-science-pour-la-justice-sociale-forum-mondial-de-la-science-fms-cape-town-afrique-du-sud\/#primaryimage"},"image":{"@id":"https:\/\/www.globalafricasciences.org\/fr\/la-science-pour-la-justice-sociale-forum-mondial-de-la-science-fms-cape-town-afrique-du-sud\/#primaryimage"},"thumbnailUrl":"https:\/\/www.globalafricasciences.org\/wp-content\/uploads\/2025\/02\/Science-for-Social-Justice-World-Science-Forum-WFS-Cape-Town-South-Africa-.avif","datePublished":"2025-02-26T15:59:29+00:00","dateModified":"2025-04-25T15:22:51+00:00","description":"Le WSF r\u00e9unit chercheurs, secteur priv\u00e9, soci\u00e9t\u00e9 civile et m\u00e9dias pour penser le r\u00f4le de la science dans un monde en mutation. L\u2019Afrique \u00e0 l\u2019honneur cette ann\u00e9e.","breadcrumb":{"@id":"https:\/\/www.globalafricasciences.org\/fr\/la-science-pour-la-justice-sociale-forum-mondial-de-la-science-fms-cape-town-afrique-du-sud\/#breadcrumb"},"inLanguage":"fr-FR","potentialAction":[{"@type":"ReadAction","target":["https:\/\/www.globalafricasciences.org\/fr\/la-science-pour-la-justice-sociale-forum-mondial-de-la-science-fms-cape-town-afrique-du-sud\/"]}]},{"@type":"ImageObject","inLanguage":"fr-FR","@id":"https:\/\/www.globalafricasciences.org\/fr\/la-science-pour-la-justice-sociale-forum-mondial-de-la-science-fms-cape-town-afrique-du-sud\/#primaryimage","url":"https:\/\/www.globalafricasciences.org\/wp-content\/uploads\/2025\/02\/Science-for-Social-Justice-World-Science-Forum-WFS-Cape-Town-South-Africa-.avif","contentUrl":"https:\/\/www.globalafricasciences.org\/wp-content\/uploads\/2025\/02\/Science-for-Social-Justice-World-Science-Forum-WFS-Cape-Town-South-Africa-.avif","width":1480,"height":750},{"@type":"BreadcrumbList","@id":"https:\/\/www.globalafricasciences.org\/fr\/la-science-pour-la-justice-sociale-forum-mondial-de-la-science-fms-cape-town-afrique-du-sud\/#breadcrumb","itemListElement":[{"@type":"ListItem","position":1,"name":"Home","item":"https:\/\/www.globalafricasciences.org\/fr\/accueil\/"},{"@type":"ListItem","position":2,"name":"La science pour la justice sociale, Forum Mondial de la Science (FMS) , Cape Town, Afrique du Sud"}]},{"@type":"WebSite","@id":"https:\/\/www.globalafricasciences.org\/fr\/#website","url":"https:\/\/www.globalafricasciences.org\/fr\/","name":"Global Africa","description":"Pan-African Scientific Journal","publisher":{"@id":"https:\/\/www.globalafricasciences.org\/fr\/#organization"},"potentialAction":[{"@type":"SearchAction","target":{"@type":"EntryPoint","urlTemplate":"https:\/\/www.globalafricasciences.org\/fr\/?s={search_term_string}"},"query-input":{"@type":"PropertyValueSpecification","valueRequired":true,"valueName":"search_term_string"}}],"inLanguage":"fr-FR"},{"@type":"Organization","@id":"https:\/\/www.globalafricasciences.org\/fr\/#organization","name":"Global Africa","url":"https:\/\/www.globalafricasciences.org\/fr\/","logo":{"@type":"ImageObject","inLanguage":"fr-FR","@id":"https:\/\/www.globalafricasciences.org\/fr\/#\/schema\/logo\/image\/","url":"https:\/\/www.globalafricasciences.org\/wp-content\/uploads\/2024\/12\/Globalafrica.png","contentUrl":"https:\/\/www.globalafricasciences.org\/wp-content\/uploads\/2024\/12\/Globalafrica.png","width":1680,"height":750,"caption":"Global Africa"},"image":{"@id":"https:\/\/www.globalafricasciences.org\/fr\/#\/schema\/logo\/image\/"},"sameAs":["https:\/\/www.facebook.com\/globalafricasciences"]},{"@type":"Person","@id":"https:\/\/www.globalafricasciences.org\/fr\/#\/schema\/person\/8c11b55a8c7d287934a558c0e354b773","name":"Global Africa","image":{"@type":"ImageObject","inLanguage":"fr-FR","@id":"https:\/\/www.globalafricasciences.org\/wp-content\/uploads\/2024\/11\/Global-Africa.jpgd44bc09810f00cf464135b8441da2384","url":"https:\/\/www.globalafricasciences.org\/wp-content\/uploads\/2024\/11\/Global-Africa.jpg","contentUrl":"https:\/\/www.globalafricasciences.org\/wp-content\/uploads\/2024\/11\/Global-Africa.jpg","caption":"Global Africa"},"description":"The editorial board of the journal is led by Mame-Penda Ba, a professor of political science at Gaston Berger University and the director of LASPAD(Laboratory of Social, Political, and Administrative Studies), Senegal.","url":"https:\/\/www.globalafricasciences.org\/author\/globalafrica\/"}]}},"acf":[],"authors":[{"term_id":66,"user_id":50,"is_guest":0,"slug":"globalafrica","display_name":"Global Africa","avatar_url":{"url":"https:\/\/www.globalafricasciences.org\/wp-content\/uploads\/2024\/11\/Global-Africa.jpg","url2x":"https:\/\/www.globalafricasciences.org\/wp-content\/uploads\/2024\/11\/Global-Africa.jpg"},"author_category":"","exclude_author":"","main-organisation":"Gaston Berger Universiry","country_of_org":"S\u00e9n\u00e9gal","field_of_work":"Political Sciences","first_name":"Global","last_name":"Africa","user_url":"","job_title":"Editorial","description":"The editorial board of the journal is led by Mame-Penda Ba, a professor of political science at Gaston Berger University and the director of LASPAD(Laboratory of Social, Political, and Administrative Studies), Senegal."}],"_links":{"self":[{"href":"https:\/\/www.globalafricasciences.org\/fr\/wp-json\/wp\/v2\/posts\/9147","targetHints":{"allow":["GET"]}}],"collection":[{"href":"https:\/\/www.globalafricasciences.org\/fr\/wp-json\/wp\/v2\/posts"}],"about":[{"href":"https:\/\/www.globalafricasciences.org\/fr\/wp-json\/wp\/v2\/types\/post"}],"author":[{"embeddable":true,"href":"https:\/\/www.globalafricasciences.org\/fr\/wp-json\/wp\/v2\/users\/50"}],"replies":[{"embeddable":true,"href":"https:\/\/www.globalafricasciences.org\/fr\/wp-json\/wp\/v2\/comments?post=9147"}],"version-history":[{"count":0,"href":"https:\/\/www.globalafricasciences.org\/fr\/wp-json\/wp\/v2\/posts\/9147\/revisions"}],"wp:featuredmedia":[{"embeddable":true,"href":"https:\/\/www.globalafricasciences.org\/fr\/wp-json\/wp\/v2\/media\/9145"}],"wp:attachment":[{"href":"https:\/\/www.globalafricasciences.org\/fr\/wp-json\/wp\/v2\/media?parent=9147"}],"wp:term":[{"taxonomy":"category","embeddable":true,"href":"https:\/\/www.globalafricasciences.org\/fr\/wp-json\/wp\/v2\/categories?post=9147"},{"taxonomy":"post_tag","embeddable":true,"href":"https:\/\/www.globalafricasciences.org\/fr\/wp-json\/wp\/v2\/tags?post=9147"},{"taxonomy":"issues3","embeddable":true,"href":"https:\/\/www.globalafricasciences.org\/fr\/wp-json\/wp\/v2\/issues3?post=9147"},{"taxonomy":"post_folder","embeddable":true,"href":"https:\/\/www.globalafricasciences.org\/fr\/wp-json\/wp\/v2\/post_folder?post=9147"},{"taxonomy":"author","embeddable":true,"href":"https:\/\/www.globalafricasciences.org\/fr\/wp-json\/wp\/v2\/ppma_author?post=9147"}],"curies":[{"name":"wp","href":"https:\/\/api.w.org\/{rel}","templated":true}]}}