{"id":9133,"date":"2025-02-26T15:36:59","date_gmt":"2025-02-26T15:36:59","guid":{"rendered":"https:\/\/www.globalafricasciences.org\/actualites\/conference-europeenne-des-etudes-africaines-ecas-2023-lavenir-de-lafrique\/"},"modified":"2025-04-25T15:38:11","modified_gmt":"2025-04-25T15:38:11","slug":"conference-europeenne-des-etudes-africaines-ecas-2023-lavenir-de-lafrique","status":"publish","type":"post","link":"https:\/\/www.globalafricasciences.org\/fr\/conference-europeenne-des-etudes-africaines-ecas-2023-lavenir-de-lafrique\/","title":{"rendered":"Conf\u00e9rence europ\u00e9enne des \u00e9tudes africaines (ECAS) 2023 : L&rsquo;avenir de l&rsquo;Afrique"},"content":{"rendered":"\n<p><strong>Universit\u00e9 de Cologne, Allemagne<\/strong><\/p>\n\n<figure class=\"wp-block-image size-full\"><img fetchpriority=\"high\" decoding=\"async\" width=\"1480\" height=\"522\" src=\"https:\/\/www.globalafricasciences.org\/wp-content\/uploads\/2025\/02\/European-Conference-of-African-Studies-ECAS-2023-African-Futures-.avif\" alt=\"\" class=\"wp-image-9130\"\/><\/figure>\n\n<p id=\"viewer-fhobq\">\u00ab\u00a0African Futures\u00a0\u00bb invite des contributions provenant d&rsquo;un large \u00e9ventail de disciplines qui conceptualisent l&rsquo;avenir de diverses mani\u00e8res, \u00e0 l&rsquo;image de l&rsquo;ambigu\u00eft\u00e9 de l&rsquo;avenir lui-m\u00eame. Les contributions explorent les pratiques et les processus, les discours et les imaginations, les politiques et les sp\u00e9culations sur l&rsquo;\u00e9laboration de l&rsquo;avenir en Afrique et \u00e0 propos de l&rsquo;Afrique, par les Africains et d&rsquo;autres personnes au-del\u00e0, en travaillant sur diff\u00e9rents cadres temporels et dimensions spatiales. Les contributions peuvent explorer les expressions de l&rsquo;action ainsi que les cons\u00e9quences des forces structurelles qui fa\u00e7onnent les trajectoires, les aspirations, les visions et les r\u00eaves de l&rsquo;avenir dans une perspective historique et contemporaine.  <\/p>\n\n<p id=\"viewer-3itmu\">Ouverture de l&rsquo;appel \u00e0 communications : 31\/10\/22 ;<\/p>\n\n<p id=\"viewer-18ih\">Cl\u00f4ture de l&rsquo;appel \u00e0 contributions le 12\/12\/22<\/p>\n\n<p id=\"viewer-acksf\">Pour plus d&rsquo;informations <a target=\"_blank\" href=\"https:\/\/ecasconference.org\/2023\/\" rel=\"noreferrer noopener\">: https:\/\/ecasconference.org\/2023\/<\/a><\/p>\n","protected":false},"excerpt":{"rendered":"<p>Universit\u00e9 de Cologne, Allemagne \u00ab\u00a0African Futures\u00a0\u00bb invite des contributions provenant d&rsquo;un large \u00e9ventail de disciplines qui conceptualisent l&rsquo;avenir de diverses mani\u00e8res, \u00e0 l&rsquo;image de l&rsquo;ambigu\u00eft\u00e9 de l&rsquo;avenir lui-m\u00eame. Les contributions explorent les pratiques et les processus, les discours et les imaginations, les politiques et les sp\u00e9culations sur l&rsquo;\u00e9laboration de l&rsquo;avenir en Afrique et \u00e0 propos de l&rsquo;Afrique, par les Africains et d&rsquo;autres personnes au-del\u00e0, en travaillant sur diff\u00e9rents cadres temporels et dimensions spatiales. Les contributions peuvent explorer les expressions de l&rsquo;action ainsi que les cons\u00e9quences des forces structurelles qui fa\u00e7onnent les trajectoires, les aspirations, les visions et les r\u00eaves de l&rsquo;avenir dans une perspective historique et contemporaine. Ouverture de l&rsquo;appel \u00e0 communications : 31\/10\/22 ; Cl\u00f4ture de l&rsquo;appel \u00e0 contributions le 12\/12\/22 Pour plus d&rsquo;informations : https:\/\/ecasconference.org\/2023\/<\/p>\n","protected":false},"author":50,"featured_media":9131,"comment_status":"open","ping_status":"open","sticky":false,"template":"","format":"standard","meta":{"footnotes":""},"categories":[179],"tags":[],"issues3":[],"post_folder":[],"ppma_author":[66],"class_list":["post-9133","post","type-post","status-publish","format-standard","has-post-thumbnail","hentry","category-conferences-fr","author-globalafrica"],"yoast_head":"<!-- This site is optimized with the Yoast SEO plugin v27.5 - https:\/\/yoast.com\/product\/yoast-seo-wordpress\/ -->\n<title>Conf\u00e9rence europ\u00e9enne des \u00e9tudes africaines (ECAS) 2023 : L&#039;avenir de l&#039;Afrique | Global Africa<\/title>\n<meta name=\"description\" content=\"L\u2019appel \u00e0 contributions \u00ab African Futures \u00bb explore les futurs africains \u00e0 travers pratiques, discours, politiques et imaginaires.\" \/>\n<meta name=\"robots\" content=\"index, follow, max-snippet:-1, max-image-preview:large, max-video-preview:-1\" \/>\n<link rel=\"canonical\" href=\"https:\/\/www.globalafricasciences.org\/fr\/conference-europeenne-des-etudes-africaines-ecas-2023-lavenir-de-lafrique\/\" \/>\n<meta property=\"og:locale\" content=\"fr_FR\" \/>\n<meta property=\"og:type\" content=\"article\" \/>\n<meta property=\"og:title\" content=\"Conf\u00e9rence europ\u00e9enne des \u00e9tudes africaines (ECAS) 2023 : L&#039;avenir de l&#039;Afrique | Global Africa\" \/>\n<meta property=\"og:description\" content=\"L\u2019appel \u00e0 contributions \u00ab African Futures \u00bb explore les futurs africains \u00e0 travers pratiques, discours, politiques et imaginaires.\" \/>\n<meta property=\"og:url\" content=\"https:\/\/www.globalafricasciences.org\/fr\/conference-europeenne-des-etudes-africaines-ecas-2023-lavenir-de-lafrique\/\" \/>\n<meta property=\"og:site_name\" content=\"Global Africa\" \/>\n<meta property=\"article:publisher\" content=\"https:\/\/www.facebook.com\/globalafricasciences\" \/>\n<meta property=\"article:published_time\" content=\"2025-02-26T15:36:59+00:00\" \/>\n<meta property=\"article:modified_time\" content=\"2025-04-25T15:38:11+00:00\" \/>\n<meta name=\"author\" content=\"Global Africa\" \/>\n<meta name=\"twitter:card\" content=\"summary_large_image\" \/>\n<meta name=\"twitter:label1\" content=\"\u00c9crit par\" \/>\n\t<meta name=\"twitter:data1\" content=\"Global Africa\" \/>\n\t<meta name=\"twitter:label2\" content=\"Dur\u00e9e de lecture estim\u00e9e\" \/>\n\t<meta name=\"twitter:data2\" content=\"1 minute\" \/>\n<script type=\"application\/ld+json\" class=\"yoast-schema-graph\">{\"@context\":\"https:\\\/\\\/schema.org\",\"@graph\":[{\"@type\":\"Article\",\"@id\":\"https:\\\/\\\/www.globalafricasciences.org\\\/fr\\\/conference-europeenne-des-etudes-africaines-ecas-2023-lavenir-de-lafrique\\\/#article\",\"isPartOf\":{\"@id\":\"https:\\\/\\\/www.globalafricasciences.org\\\/fr\\\/conference-europeenne-des-etudes-africaines-ecas-2023-lavenir-de-lafrique\\\/\"},\"author\":{\"name\":\"Global Africa\",\"@id\":\"https:\\\/\\\/www.globalafricasciences.org\\\/fr\\\/#\\\/schema\\\/person\\\/8c11b55a8c7d287934a558c0e354b773\"},\"headline\":\"Conf\u00e9rence europ\u00e9enne des \u00e9tudes africaines (ECAS) 2023 : L&rsquo;avenir de l&rsquo;Afrique\",\"datePublished\":\"2025-02-26T15:36:59+00:00\",\"dateModified\":\"2025-04-25T15:38:11+00:00\",\"mainEntityOfPage\":{\"@id\":\"https:\\\/\\\/www.globalafricasciences.org\\\/fr\\\/conference-europeenne-des-etudes-africaines-ecas-2023-lavenir-de-lafrique\\\/\"},\"wordCount\":156,\"commentCount\":0,\"publisher\":{\"@id\":\"https:\\\/\\\/www.globalafricasciences.org\\\/fr\\\/#organization\"},\"image\":{\"@id\":\"https:\\\/\\\/www.globalafricasciences.org\\\/fr\\\/conference-europeenne-des-etudes-africaines-ecas-2023-lavenir-de-lafrique\\\/#primaryimage\"},\"thumbnailUrl\":\"https:\\\/\\\/www.globalafricasciences.org\\\/wp-content\\\/uploads\\\/2025\\\/02\\\/European-Conference-of-African-Studies-ECAS-2023-African-Futures-.avif\",\"articleSection\":[\"Conf\u00e9rences\"],\"inLanguage\":\"fr-FR\",\"potentialAction\":[{\"@type\":\"CommentAction\",\"name\":\"Comment\",\"target\":[\"https:\\\/\\\/www.globalafricasciences.org\\\/fr\\\/conference-europeenne-des-etudes-africaines-ecas-2023-lavenir-de-lafrique\\\/#respond\"]}]},{\"@type\":\"WebPage\",\"@id\":\"https:\\\/\\\/www.globalafricasciences.org\\\/fr\\\/conference-europeenne-des-etudes-africaines-ecas-2023-lavenir-de-lafrique\\\/\",\"url\":\"https:\\\/\\\/www.globalafricasciences.org\\\/fr\\\/conference-europeenne-des-etudes-africaines-ecas-2023-lavenir-de-lafrique\\\/\",\"name\":\"Conf\u00e9rence europ\u00e9enne des \u00e9tudes africaines (ECAS) 2023 : L'avenir de l'Afrique | Global Africa\",\"isPartOf\":{\"@id\":\"https:\\\/\\\/www.globalafricasciences.org\\\/fr\\\/#website\"},\"primaryImageOfPage\":{\"@id\":\"https:\\\/\\\/www.globalafricasciences.org\\\/fr\\\/conference-europeenne-des-etudes-africaines-ecas-2023-lavenir-de-lafrique\\\/#primaryimage\"},\"image\":{\"@id\":\"https:\\\/\\\/www.globalafricasciences.org\\\/fr\\\/conference-europeenne-des-etudes-africaines-ecas-2023-lavenir-de-lafrique\\\/#primaryimage\"},\"thumbnailUrl\":\"https:\\\/\\\/www.globalafricasciences.org\\\/wp-content\\\/uploads\\\/2025\\\/02\\\/European-Conference-of-African-Studies-ECAS-2023-African-Futures-.avif\",\"datePublished\":\"2025-02-26T15:36:59+00:00\",\"dateModified\":\"2025-04-25T15:38:11+00:00\",\"description\":\"L\u2019appel \u00e0 contributions \u00ab African Futures \u00bb explore les futurs africains \u00e0 travers pratiques, discours, politiques et imaginaires.\",\"breadcrumb\":{\"@id\":\"https:\\\/\\\/www.globalafricasciences.org\\\/fr\\\/conference-europeenne-des-etudes-africaines-ecas-2023-lavenir-de-lafrique\\\/#breadcrumb\"},\"inLanguage\":\"fr-FR\",\"potentialAction\":[{\"@type\":\"ReadAction\",\"target\":[\"https:\\\/\\\/www.globalafricasciences.org\\\/fr\\\/conference-europeenne-des-etudes-africaines-ecas-2023-lavenir-de-lafrique\\\/\"]}]},{\"@type\":\"ImageObject\",\"inLanguage\":\"fr-FR\",\"@id\":\"https:\\\/\\\/www.globalafricasciences.org\\\/fr\\\/conference-europeenne-des-etudes-africaines-ecas-2023-lavenir-de-lafrique\\\/#primaryimage\",\"url\":\"https:\\\/\\\/www.globalafricasciences.org\\\/wp-content\\\/uploads\\\/2025\\\/02\\\/European-Conference-of-African-Studies-ECAS-2023-African-Futures-.avif\",\"contentUrl\":\"https:\\\/\\\/www.globalafricasciences.org\\\/wp-content\\\/uploads\\\/2025\\\/02\\\/European-Conference-of-African-Studies-ECAS-2023-African-Futures-.avif\",\"width\":1480,\"height\":522},{\"@type\":\"BreadcrumbList\",\"@id\":\"https:\\\/\\\/www.globalafricasciences.org\\\/fr\\\/conference-europeenne-des-etudes-africaines-ecas-2023-lavenir-de-lafrique\\\/#breadcrumb\",\"itemListElement\":[{\"@type\":\"ListItem\",\"position\":1,\"name\":\"Home\",\"item\":\"https:\\\/\\\/www.globalafricasciences.org\\\/fr\\\/accueil\\\/\"},{\"@type\":\"ListItem\",\"position\":2,\"name\":\"Conf\u00e9rence europ\u00e9enne des \u00e9tudes africaines (ECAS) 2023 : L&#8217;avenir de l&#8217;Afrique\"}]},{\"@type\":\"WebSite\",\"@id\":\"https:\\\/\\\/www.globalafricasciences.org\\\/fr\\\/#website\",\"url\":\"https:\\\/\\\/www.globalafricasciences.org\\\/fr\\\/\",\"name\":\"Global Africa\",\"description\":\"Pan-African Scientific Journal\",\"publisher\":{\"@id\":\"https:\\\/\\\/www.globalafricasciences.org\\\/fr\\\/#organization\"},\"potentialAction\":[{\"@type\":\"SearchAction\",\"target\":{\"@type\":\"EntryPoint\",\"urlTemplate\":\"https:\\\/\\\/www.globalafricasciences.org\\\/fr\\\/?s={search_term_string}\"},\"query-input\":{\"@type\":\"PropertyValueSpecification\",\"valueRequired\":true,\"valueName\":\"search_term_string\"}}],\"inLanguage\":\"fr-FR\"},{\"@type\":\"Organization\",\"@id\":\"https:\\\/\\\/www.globalafricasciences.org\\\/fr\\\/#organization\",\"name\":\"Global Africa\",\"url\":\"https:\\\/\\\/www.globalafricasciences.org\\\/fr\\\/\",\"logo\":{\"@type\":\"ImageObject\",\"inLanguage\":\"fr-FR\",\"@id\":\"https:\\\/\\\/www.globalafricasciences.org\\\/fr\\\/#\\\/schema\\\/logo\\\/image\\\/\",\"url\":\"https:\\\/\\\/www.globalafricasciences.org\\\/wp-content\\\/uploads\\\/2024\\\/12\\\/Globalafrica.png\",\"contentUrl\":\"https:\\\/\\\/www.globalafricasciences.org\\\/wp-content\\\/uploads\\\/2024\\\/12\\\/Globalafrica.png\",\"width\":1680,\"height\":750,\"caption\":\"Global Africa\"},\"image\":{\"@id\":\"https:\\\/\\\/www.globalafricasciences.org\\\/fr\\\/#\\\/schema\\\/logo\\\/image\\\/\"},\"sameAs\":[\"https:\\\/\\\/www.facebook.com\\\/globalafricasciences\"]},{\"@type\":\"Person\",\"@id\":\"https:\\\/\\\/www.globalafricasciences.org\\\/fr\\\/#\\\/schema\\\/person\\\/8c11b55a8c7d287934a558c0e354b773\",\"name\":\"Global Africa\",\"image\":{\"@type\":\"ImageObject\",\"inLanguage\":\"fr-FR\",\"@id\":\"https:\\\/\\\/www.globalafricasciences.org\\\/wp-content\\\/uploads\\\/2024\\\/11\\\/Global-Africa.jpgd44bc09810f00cf464135b8441da2384\",\"url\":\"https:\\\/\\\/www.globalafricasciences.org\\\/wp-content\\\/uploads\\\/2024\\\/11\\\/Global-Africa.jpg\",\"contentUrl\":\"https:\\\/\\\/www.globalafricasciences.org\\\/wp-content\\\/uploads\\\/2024\\\/11\\\/Global-Africa.jpg\",\"caption\":\"Global Africa\"},\"description\":\"The editorial board of the journal is led by Mame-Penda Ba, a professor of political science at Gaston Berger University and the director of LASPAD(Laboratory of Social, Political, and Administrative Studies), Senegal.\",\"url\":\"https:\\\/\\\/www.globalafricasciences.org\\\/author\\\/globalafrica\\\/\"}]}<\/script>\n<!-- \/ Yoast SEO plugin. -->","yoast_head_json":{"title":"Conf\u00e9rence europ\u00e9enne des \u00e9tudes africaines (ECAS) 2023 : L'avenir de l'Afrique | Global Africa","description":"L\u2019appel \u00e0 contributions \u00ab African Futures \u00bb explore les futurs africains \u00e0 travers pratiques, discours, politiques et imaginaires.","robots":{"index":"index","follow":"follow","max-snippet":"max-snippet:-1","max-image-preview":"max-image-preview:large","max-video-preview":"max-video-preview:-1"},"canonical":"https:\/\/www.globalafricasciences.org\/fr\/conference-europeenne-des-etudes-africaines-ecas-2023-lavenir-de-lafrique\/","og_locale":"fr_FR","og_type":"article","og_title":"Conf\u00e9rence europ\u00e9enne des \u00e9tudes africaines (ECAS) 2023 : L'avenir de l'Afrique | Global Africa","og_description":"L\u2019appel \u00e0 contributions \u00ab African Futures \u00bb explore les futurs africains \u00e0 travers pratiques, discours, politiques et imaginaires.","og_url":"https:\/\/www.globalafricasciences.org\/fr\/conference-europeenne-des-etudes-africaines-ecas-2023-lavenir-de-lafrique\/","og_site_name":"Global Africa","article_publisher":"https:\/\/www.facebook.com\/globalafricasciences","article_published_time":"2025-02-26T15:36:59+00:00","article_modified_time":"2025-04-25T15:38:11+00:00","author":"Global Africa","twitter_card":"summary_large_image","twitter_misc":{"\u00c9crit par":"Global Africa","Dur\u00e9e de lecture estim\u00e9e":"1 minute"},"schema":{"@context":"https:\/\/schema.org","@graph":[{"@type":"Article","@id":"https:\/\/www.globalafricasciences.org\/fr\/conference-europeenne-des-etudes-africaines-ecas-2023-lavenir-de-lafrique\/#article","isPartOf":{"@id":"https:\/\/www.globalafricasciences.org\/fr\/conference-europeenne-des-etudes-africaines-ecas-2023-lavenir-de-lafrique\/"},"author":{"name":"Global Africa","@id":"https:\/\/www.globalafricasciences.org\/fr\/#\/schema\/person\/8c11b55a8c7d287934a558c0e354b773"},"headline":"Conf\u00e9rence europ\u00e9enne des \u00e9tudes africaines (ECAS) 2023 : L&rsquo;avenir de l&rsquo;Afrique","datePublished":"2025-02-26T15:36:59+00:00","dateModified":"2025-04-25T15:38:11+00:00","mainEntityOfPage":{"@id":"https:\/\/www.globalafricasciences.org\/fr\/conference-europeenne-des-etudes-africaines-ecas-2023-lavenir-de-lafrique\/"},"wordCount":156,"commentCount":0,"publisher":{"@id":"https:\/\/www.globalafricasciences.org\/fr\/#organization"},"image":{"@id":"https:\/\/www.globalafricasciences.org\/fr\/conference-europeenne-des-etudes-africaines-ecas-2023-lavenir-de-lafrique\/#primaryimage"},"thumbnailUrl":"https:\/\/www.globalafricasciences.org\/wp-content\/uploads\/2025\/02\/European-Conference-of-African-Studies-ECAS-2023-African-Futures-.avif","articleSection":["Conf\u00e9rences"],"inLanguage":"fr-FR","potentialAction":[{"@type":"CommentAction","name":"Comment","target":["https:\/\/www.globalafricasciences.org\/fr\/conference-europeenne-des-etudes-africaines-ecas-2023-lavenir-de-lafrique\/#respond"]}]},{"@type":"WebPage","@id":"https:\/\/www.globalafricasciences.org\/fr\/conference-europeenne-des-etudes-africaines-ecas-2023-lavenir-de-lafrique\/","url":"https:\/\/www.globalafricasciences.org\/fr\/conference-europeenne-des-etudes-africaines-ecas-2023-lavenir-de-lafrique\/","name":"Conf\u00e9rence europ\u00e9enne des \u00e9tudes africaines (ECAS) 2023 : L'avenir de l'Afrique | Global Africa","isPartOf":{"@id":"https:\/\/www.globalafricasciences.org\/fr\/#website"},"primaryImageOfPage":{"@id":"https:\/\/www.globalafricasciences.org\/fr\/conference-europeenne-des-etudes-africaines-ecas-2023-lavenir-de-lafrique\/#primaryimage"},"image":{"@id":"https:\/\/www.globalafricasciences.org\/fr\/conference-europeenne-des-etudes-africaines-ecas-2023-lavenir-de-lafrique\/#primaryimage"},"thumbnailUrl":"https:\/\/www.globalafricasciences.org\/wp-content\/uploads\/2025\/02\/European-Conference-of-African-Studies-ECAS-2023-African-Futures-.avif","datePublished":"2025-02-26T15:36:59+00:00","dateModified":"2025-04-25T15:38:11+00:00","description":"L\u2019appel \u00e0 contributions \u00ab African Futures \u00bb explore les futurs africains \u00e0 travers pratiques, discours, politiques et imaginaires.","breadcrumb":{"@id":"https:\/\/www.globalafricasciences.org\/fr\/conference-europeenne-des-etudes-africaines-ecas-2023-lavenir-de-lafrique\/#breadcrumb"},"inLanguage":"fr-FR","potentialAction":[{"@type":"ReadAction","target":["https:\/\/www.globalafricasciences.org\/fr\/conference-europeenne-des-etudes-africaines-ecas-2023-lavenir-de-lafrique\/"]}]},{"@type":"ImageObject","inLanguage":"fr-FR","@id":"https:\/\/www.globalafricasciences.org\/fr\/conference-europeenne-des-etudes-africaines-ecas-2023-lavenir-de-lafrique\/#primaryimage","url":"https:\/\/www.globalafricasciences.org\/wp-content\/uploads\/2025\/02\/European-Conference-of-African-Studies-ECAS-2023-African-Futures-.avif","contentUrl":"https:\/\/www.globalafricasciences.org\/wp-content\/uploads\/2025\/02\/European-Conference-of-African-Studies-ECAS-2023-African-Futures-.avif","width":1480,"height":522},{"@type":"BreadcrumbList","@id":"https:\/\/www.globalafricasciences.org\/fr\/conference-europeenne-des-etudes-africaines-ecas-2023-lavenir-de-lafrique\/#breadcrumb","itemListElement":[{"@type":"ListItem","position":1,"name":"Home","item":"https:\/\/www.globalafricasciences.org\/fr\/accueil\/"},{"@type":"ListItem","position":2,"name":"Conf\u00e9rence europ\u00e9enne des \u00e9tudes africaines (ECAS) 2023 : L&#8217;avenir de l&#8217;Afrique"}]},{"@type":"WebSite","@id":"https:\/\/www.globalafricasciences.org\/fr\/#website","url":"https:\/\/www.globalafricasciences.org\/fr\/","name":"Global Africa","description":"Pan-African Scientific Journal","publisher":{"@id":"https:\/\/www.globalafricasciences.org\/fr\/#organization"},"potentialAction":[{"@type":"SearchAction","target":{"@type":"EntryPoint","urlTemplate":"https:\/\/www.globalafricasciences.org\/fr\/?s={search_term_string}"},"query-input":{"@type":"PropertyValueSpecification","valueRequired":true,"valueName":"search_term_string"}}],"inLanguage":"fr-FR"},{"@type":"Organization","@id":"https:\/\/www.globalafricasciences.org\/fr\/#organization","name":"Global Africa","url":"https:\/\/www.globalafricasciences.org\/fr\/","logo":{"@type":"ImageObject","inLanguage":"fr-FR","@id":"https:\/\/www.globalafricasciences.org\/fr\/#\/schema\/logo\/image\/","url":"https:\/\/www.globalafricasciences.org\/wp-content\/uploads\/2024\/12\/Globalafrica.png","contentUrl":"https:\/\/www.globalafricasciences.org\/wp-content\/uploads\/2024\/12\/Globalafrica.png","width":1680,"height":750,"caption":"Global Africa"},"image":{"@id":"https:\/\/www.globalafricasciences.org\/fr\/#\/schema\/logo\/image\/"},"sameAs":["https:\/\/www.facebook.com\/globalafricasciences"]},{"@type":"Person","@id":"https:\/\/www.globalafricasciences.org\/fr\/#\/schema\/person\/8c11b55a8c7d287934a558c0e354b773","name":"Global Africa","image":{"@type":"ImageObject","inLanguage":"fr-FR","@id":"https:\/\/www.globalafricasciences.org\/wp-content\/uploads\/2024\/11\/Global-Africa.jpgd44bc09810f00cf464135b8441da2384","url":"https:\/\/www.globalafricasciences.org\/wp-content\/uploads\/2024\/11\/Global-Africa.jpg","contentUrl":"https:\/\/www.globalafricasciences.org\/wp-content\/uploads\/2024\/11\/Global-Africa.jpg","caption":"Global Africa"},"description":"The editorial board of the journal is led by Mame-Penda Ba, a professor of political science at Gaston Berger University and the director of LASPAD(Laboratory of Social, Political, and Administrative Studies), Senegal.","url":"https:\/\/www.globalafricasciences.org\/author\/globalafrica\/"}]}},"acf":[],"authors":[{"term_id":66,"user_id":50,"is_guest":0,"slug":"globalafrica","display_name":"Global Africa","avatar_url":{"url":"https:\/\/www.globalafricasciences.org\/wp-content\/uploads\/2024\/11\/Global-Africa.jpg","url2x":"https:\/\/www.globalafricasciences.org\/wp-content\/uploads\/2024\/11\/Global-Africa.jpg"},"author_category":"","exclude_author":"","main-organisation":"Gaston Berger Universiry","country_of_org":"S\u00e9n\u00e9gal","field_of_work":"Political Sciences","first_name":"Global","last_name":"Africa","user_url":"","job_title":"Editorial","description":"The editorial board of the journal is led by Mame-Penda Ba, a professor of political science at Gaston Berger University and the director of LASPAD(Laboratory of Social, Political, and Administrative Studies), Senegal."}],"_links":{"self":[{"href":"https:\/\/www.globalafricasciences.org\/fr\/wp-json\/wp\/v2\/posts\/9133","targetHints":{"allow":["GET"]}}],"collection":[{"href":"https:\/\/www.globalafricasciences.org\/fr\/wp-json\/wp\/v2\/posts"}],"about":[{"href":"https:\/\/www.globalafricasciences.org\/fr\/wp-json\/wp\/v2\/types\/post"}],"author":[{"embeddable":true,"href":"https:\/\/www.globalafricasciences.org\/fr\/wp-json\/wp\/v2\/users\/50"}],"replies":[{"embeddable":true,"href":"https:\/\/www.globalafricasciences.org\/fr\/wp-json\/wp\/v2\/comments?post=9133"}],"version-history":[{"count":0,"href":"https:\/\/www.globalafricasciences.org\/fr\/wp-json\/wp\/v2\/posts\/9133\/revisions"}],"wp:featuredmedia":[{"embeddable":true,"href":"https:\/\/www.globalafricasciences.org\/fr\/wp-json\/wp\/v2\/media\/9131"}],"wp:attachment":[{"href":"https:\/\/www.globalafricasciences.org\/fr\/wp-json\/wp\/v2\/media?parent=9133"}],"wp:term":[{"taxonomy":"category","embeddable":true,"href":"https:\/\/www.globalafricasciences.org\/fr\/wp-json\/wp\/v2\/categories?post=9133"},{"taxonomy":"post_tag","embeddable":true,"href":"https:\/\/www.globalafricasciences.org\/fr\/wp-json\/wp\/v2\/tags?post=9133"},{"taxonomy":"issues3","embeddable":true,"href":"https:\/\/www.globalafricasciences.org\/fr\/wp-json\/wp\/v2\/issues3?post=9133"},{"taxonomy":"post_folder","embeddable":true,"href":"https:\/\/www.globalafricasciences.org\/fr\/wp-json\/wp\/v2\/post_folder?post=9133"},{"taxonomy":"author","embeddable":true,"href":"https:\/\/www.globalafricasciences.org\/fr\/wp-json\/wp\/v2\/ppma_author?post=9133"}],"curies":[{"name":"wp","href":"https:\/\/api.w.org\/{rel}","templated":true}]}}