{"id":9126,"date":"2025-02-26T15:28:26","date_gmt":"2025-02-26T15:28:26","guid":{"rendered":"https:\/\/www.globalafricasciences.org\/actualites\/festival-rethinking-economics-for-africa-refa\/"},"modified":"2025-04-25T15:42:58","modified_gmt":"2025-04-25T15:42:58","slug":"festival-rethinking-economics-for-africa-refa","status":"publish","type":"post","link":"https:\/\/www.globalafricasciences.org\/fr\/festival-rethinking-economics-for-africa-refa\/","title":{"rendered":"Festival \u00ab\u00a0Rethinking Economics for Africa (REFA)\u00a0\u00bb"},"content":{"rendered":"\n<p>Lieu : Johannesburg<\/p>\n\n<hr class=\"wp-block-separator has-alpha-channel-opacity\"\/>\n\n<p><\/p>\n\n<div class=\"wp-block-media-text is-stacked-on-mobile\"><figure class=\"wp-block-media-text__media\"><img fetchpriority=\"high\" decoding=\"async\" width=\"700\" height=\"266\" src=\"https:\/\/www.globalafricasciences.org\/wp-content\/uploads\/2025\/02\/Rethinking-Economics-for-Africa-REFA-Festival-2022.avif\" alt=\"\" class=\"wp-image-9123 size-full\"\/><\/figure><div class=\"wp-block-media-text__content\">\n<p>Le Festival annuel \u00ab\u00a0Rethinking Economics for Africa (REFA)\u00a0\u00bb revient \u00e0 son format en pr\u00e9sentiel apr\u00e8s deux ann\u00e9es d&rsquo;h\u00e9bergement en ligne !<\/p>\n<\/div><\/div>\n\n<p>En 2022, le Festival se tiendra les 16 et 17 septembre \u00e0 l&rsquo;Universit\u00e9 de Wits \u00e0 Johannesburg. Les principaux objectifs du Festival comprennent la facilitation de conversations sur la mani\u00e8re de repenser la th\u00e9orie \u00e9conomique, les politiques et l&rsquo;activisme. Le Festival comprendra une combinaison de discussions en panel, d&rsquo;ateliers, de sessions interactives et d&rsquo;un volet culturel.  <\/p>\n\n<p id=\"viewer-310sc\">2022 marquera la cinqui\u00e8me \u00e9dition du Festival et accueillera un \u00e9ventail diversifi\u00e9 d&rsquo;intervenants locaux et internationaux, notamment des activistes \u00e9tudiants, des universitaires de renom et des organisations de la soci\u00e9t\u00e9 civile. Le Festival servira de plateforme pour un engagement critique avec la discipline \u00e9conomique et l&rsquo;\u00e9conomie en g\u00e9n\u00e9ral, et offrira l&rsquo;occasion d&rsquo;\u00e9changer des id\u00e9es et des outils sur la mani\u00e8re de construire un mouvement pour repenser l&rsquo;\u00e9conomie dans nos universit\u00e9s et plus largement dans la soci\u00e9t\u00e9. <\/p>\n\n<p>L&rsquo;\u00e9v\u00e9nement est organis\u00e9 par l&rsquo;Institute for Economic Justice en partenariat avec la Friedrich-Ebert-Stiftung Afrique du Sud, les sections \u00e9tudiantes de Rethinking Economics for Africa, la Chaire de recherche sud-africaine en d\u00e9veloppement industriel (SARChI), le Southern Centre for Inequality Studies et l&rsquo;Universit\u00e9 de Wits.<\/p>\n","protected":false},"excerpt":{"rendered":"<p>Lieu : Johannesburg Le Festival annuel \u00ab\u00a0Rethinking Economics for Africa (REFA)\u00a0\u00bb revient \u00e0 son format en pr\u00e9sentiel apr\u00e8s deux ann\u00e9es d&rsquo;h\u00e9bergement en ligne ! En 2022, le Festival se tiendra les 16 et 17 septembre \u00e0 l&rsquo;Universit\u00e9 de Wits \u00e0 Johannesburg. Les principaux objectifs du Festival comprennent la facilitation de conversations sur la mani\u00e8re de repenser la th\u00e9orie \u00e9conomique, les politiques et l&rsquo;activisme. Le Festival comprendra une combinaison de discussions en panel, d&rsquo;ateliers, de sessions interactives et d&rsquo;un volet culturel. 2022 marquera la cinqui\u00e8me \u00e9dition du Festival et accueillera un \u00e9ventail diversifi\u00e9 d&rsquo;intervenants locaux et internationaux, notamment des activistes \u00e9tudiants, des universitaires de renom et des organisations de la soci\u00e9t\u00e9 civile. Le Festival servira de plateforme pour un engagement critique avec la discipline \u00e9conomique et l&rsquo;\u00e9conomie en g\u00e9n\u00e9ral, et offrira l&rsquo;occasion d&rsquo;\u00e9changer des id\u00e9es et des outils sur la mani\u00e8re de construire un mouvement pour repenser l&rsquo;\u00e9conomie dans nos universit\u00e9s et plus largement dans la soci\u00e9t\u00e9. L&rsquo;\u00e9v\u00e9nement est organis\u00e9 par l&rsquo;Institute for Economic Justice en partenariat avec la Friedrich-Ebert-Stiftung Afrique du Sud, les sections \u00e9tudiantes de Rethinking Economics for Africa, la Chaire de recherche sud-africaine en d\u00e9veloppement industriel (SARChI), le Southern Centre for Inequality Studies et l&rsquo;Universit\u00e9 de Wits.<\/p>\n","protected":false},"author":50,"featured_media":9124,"comment_status":"open","ping_status":"open","sticky":false,"template":"","format":"standard","meta":{"footnotes":""},"categories":[11],"tags":[],"issues3":[],"post_folder":[],"ppma_author":[66],"class_list":["post-9126","post","type-post","status-publish","format-standard","has-post-thumbnail","hentry","category-actualites","author-globalafrica"],"yoast_head":"<!-- This site is optimized with the Yoast SEO plugin v27.5 - https:\/\/yoast.com\/product\/yoast-seo-wordpress\/ -->\n<title>Festival &quot;Rethinking Economics for Africa (REFA)&quot; | Global Africa<\/title>\n<meta name=\"description\" content=\"Le REFA Festival 2022 revient en pr\u00e9sentiel les 16-17 septembre \u00e0 l\u2019Universit\u00e9 de Wits ! \u00c9conomie, activisme, d\u00e9bats et \u00e9changes critiques\" \/>\n<meta name=\"robots\" content=\"index, follow, max-snippet:-1, max-image-preview:large, max-video-preview:-1\" \/>\n<link rel=\"canonical\" href=\"https:\/\/www.globalafricasciences.org\/fr\/festival-rethinking-economics-for-africa-refa\/\" \/>\n<meta property=\"og:locale\" content=\"fr_FR\" \/>\n<meta property=\"og:type\" content=\"article\" \/>\n<meta property=\"og:title\" content=\"Festival &quot;Rethinking Economics for Africa (REFA)&quot; | Global Africa\" \/>\n<meta property=\"og:description\" content=\"Le REFA Festival 2022 revient en pr\u00e9sentiel les 16-17 septembre \u00e0 l\u2019Universit\u00e9 de Wits ! \u00c9conomie, activisme, d\u00e9bats et \u00e9changes critiques\" \/>\n<meta property=\"og:url\" content=\"https:\/\/www.globalafricasciences.org\/fr\/festival-rethinking-economics-for-africa-refa\/\" \/>\n<meta property=\"og:site_name\" content=\"Global Africa\" \/>\n<meta property=\"article:publisher\" content=\"https:\/\/www.facebook.com\/globalafricasciences\" \/>\n<meta property=\"article:published_time\" content=\"2025-02-26T15:28:26+00:00\" \/>\n<meta property=\"article:modified_time\" content=\"2025-04-25T15:42:58+00:00\" \/>\n<meta name=\"author\" content=\"Global Africa\" \/>\n<meta name=\"twitter:card\" content=\"summary_large_image\" \/>\n<meta name=\"twitter:label1\" content=\"\u00c9crit par\" \/>\n\t<meta name=\"twitter:data1\" content=\"Global Africa\" \/>\n\t<meta name=\"twitter:label2\" content=\"Dur\u00e9e de lecture estim\u00e9e\" \/>\n\t<meta name=\"twitter:data2\" content=\"1 minute\" \/>\n<script type=\"application\/ld+json\" class=\"yoast-schema-graph\">{\"@context\":\"https:\\\/\\\/schema.org\",\"@graph\":[{\"@type\":\"Article\",\"@id\":\"https:\\\/\\\/www.globalafricasciences.org\\\/fr\\\/festival-rethinking-economics-for-africa-refa\\\/#article\",\"isPartOf\":{\"@id\":\"https:\\\/\\\/www.globalafricasciences.org\\\/fr\\\/festival-rethinking-economics-for-africa-refa\\\/\"},\"author\":{\"name\":\"Global Africa\",\"@id\":\"https:\\\/\\\/www.globalafricasciences.org\\\/fr\\\/#\\\/schema\\\/person\\\/8c11b55a8c7d287934a558c0e354b773\"},\"headline\":\"Festival \u00ab\u00a0Rethinking Economics for Africa (REFA)\u00a0\u00bb\",\"datePublished\":\"2025-02-26T15:28:26+00:00\",\"dateModified\":\"2025-04-25T15:42:58+00:00\",\"mainEntityOfPage\":{\"@id\":\"https:\\\/\\\/www.globalafricasciences.org\\\/fr\\\/festival-rethinking-economics-for-africa-refa\\\/\"},\"wordCount\":225,\"commentCount\":0,\"publisher\":{\"@id\":\"https:\\\/\\\/www.globalafricasciences.org\\\/fr\\\/#organization\"},\"image\":{\"@id\":\"https:\\\/\\\/www.globalafricasciences.org\\\/fr\\\/festival-rethinking-economics-for-africa-refa\\\/#primaryimage\"},\"thumbnailUrl\":\"https:\\\/\\\/www.globalafricasciences.org\\\/wp-content\\\/uploads\\\/2025\\\/02\\\/Rethinking-Economics-for-Africa-REFA-Festival-2022.avif\",\"articleSection\":[\"Actualit\u00e9s\"],\"inLanguage\":\"fr-FR\",\"potentialAction\":[{\"@type\":\"CommentAction\",\"name\":\"Comment\",\"target\":[\"https:\\\/\\\/www.globalafricasciences.org\\\/fr\\\/festival-rethinking-economics-for-africa-refa\\\/#respond\"]}]},{\"@type\":\"WebPage\",\"@id\":\"https:\\\/\\\/www.globalafricasciences.org\\\/fr\\\/festival-rethinking-economics-for-africa-refa\\\/\",\"url\":\"https:\\\/\\\/www.globalafricasciences.org\\\/fr\\\/festival-rethinking-economics-for-africa-refa\\\/\",\"name\":\"Festival \\\"Rethinking Economics for Africa (REFA)\\\" | Global Africa\",\"isPartOf\":{\"@id\":\"https:\\\/\\\/www.globalafricasciences.org\\\/fr\\\/#website\"},\"primaryImageOfPage\":{\"@id\":\"https:\\\/\\\/www.globalafricasciences.org\\\/fr\\\/festival-rethinking-economics-for-africa-refa\\\/#primaryimage\"},\"image\":{\"@id\":\"https:\\\/\\\/www.globalafricasciences.org\\\/fr\\\/festival-rethinking-economics-for-africa-refa\\\/#primaryimage\"},\"thumbnailUrl\":\"https:\\\/\\\/www.globalafricasciences.org\\\/wp-content\\\/uploads\\\/2025\\\/02\\\/Rethinking-Economics-for-Africa-REFA-Festival-2022.avif\",\"datePublished\":\"2025-02-26T15:28:26+00:00\",\"dateModified\":\"2025-04-25T15:42:58+00:00\",\"description\":\"Le REFA Festival 2022 revient en pr\u00e9sentiel les 16-17 septembre \u00e0 l\u2019Universit\u00e9 de Wits ! \u00c9conomie, activisme, d\u00e9bats et \u00e9changes critiques\",\"breadcrumb\":{\"@id\":\"https:\\\/\\\/www.globalafricasciences.org\\\/fr\\\/festival-rethinking-economics-for-africa-refa\\\/#breadcrumb\"},\"inLanguage\":\"fr-FR\",\"potentialAction\":[{\"@type\":\"ReadAction\",\"target\":[\"https:\\\/\\\/www.globalafricasciences.org\\\/fr\\\/festival-rethinking-economics-for-africa-refa\\\/\"]}]},{\"@type\":\"ImageObject\",\"inLanguage\":\"fr-FR\",\"@id\":\"https:\\\/\\\/www.globalafricasciences.org\\\/fr\\\/festival-rethinking-economics-for-africa-refa\\\/#primaryimage\",\"url\":\"https:\\\/\\\/www.globalafricasciences.org\\\/wp-content\\\/uploads\\\/2025\\\/02\\\/Rethinking-Economics-for-Africa-REFA-Festival-2022.avif\",\"contentUrl\":\"https:\\\/\\\/www.globalafricasciences.org\\\/wp-content\\\/uploads\\\/2025\\\/02\\\/Rethinking-Economics-for-Africa-REFA-Festival-2022.avif\",\"width\":700,\"height\":266},{\"@type\":\"BreadcrumbList\",\"@id\":\"https:\\\/\\\/www.globalafricasciences.org\\\/fr\\\/festival-rethinking-economics-for-africa-refa\\\/#breadcrumb\",\"itemListElement\":[{\"@type\":\"ListItem\",\"position\":1,\"name\":\"Home\",\"item\":\"https:\\\/\\\/www.globalafricasciences.org\\\/fr\\\/accueil\\\/\"},{\"@type\":\"ListItem\",\"position\":2,\"name\":\"Festival &#8220;Rethinking Economics for Africa (REFA)&#8221;\"}]},{\"@type\":\"WebSite\",\"@id\":\"https:\\\/\\\/www.globalafricasciences.org\\\/fr\\\/#website\",\"url\":\"https:\\\/\\\/www.globalafricasciences.org\\\/fr\\\/\",\"name\":\"Global Africa\",\"description\":\"Pan-African Scientific Journal\",\"publisher\":{\"@id\":\"https:\\\/\\\/www.globalafricasciences.org\\\/fr\\\/#organization\"},\"potentialAction\":[{\"@type\":\"SearchAction\",\"target\":{\"@type\":\"EntryPoint\",\"urlTemplate\":\"https:\\\/\\\/www.globalafricasciences.org\\\/fr\\\/?s={search_term_string}\"},\"query-input\":{\"@type\":\"PropertyValueSpecification\",\"valueRequired\":true,\"valueName\":\"search_term_string\"}}],\"inLanguage\":\"fr-FR\"},{\"@type\":\"Organization\",\"@id\":\"https:\\\/\\\/www.globalafricasciences.org\\\/fr\\\/#organization\",\"name\":\"Global Africa\",\"url\":\"https:\\\/\\\/www.globalafricasciences.org\\\/fr\\\/\",\"logo\":{\"@type\":\"ImageObject\",\"inLanguage\":\"fr-FR\",\"@id\":\"https:\\\/\\\/www.globalafricasciences.org\\\/fr\\\/#\\\/schema\\\/logo\\\/image\\\/\",\"url\":\"https:\\\/\\\/www.globalafricasciences.org\\\/wp-content\\\/uploads\\\/2024\\\/12\\\/Globalafrica.png\",\"contentUrl\":\"https:\\\/\\\/www.globalafricasciences.org\\\/wp-content\\\/uploads\\\/2024\\\/12\\\/Globalafrica.png\",\"width\":1680,\"height\":750,\"caption\":\"Global Africa\"},\"image\":{\"@id\":\"https:\\\/\\\/www.globalafricasciences.org\\\/fr\\\/#\\\/schema\\\/logo\\\/image\\\/\"},\"sameAs\":[\"https:\\\/\\\/www.facebook.com\\\/globalafricasciences\"]},{\"@type\":\"Person\",\"@id\":\"https:\\\/\\\/www.globalafricasciences.org\\\/fr\\\/#\\\/schema\\\/person\\\/8c11b55a8c7d287934a558c0e354b773\",\"name\":\"Global Africa\",\"image\":{\"@type\":\"ImageObject\",\"inLanguage\":\"fr-FR\",\"@id\":\"https:\\\/\\\/www.globalafricasciences.org\\\/wp-content\\\/uploads\\\/2024\\\/11\\\/Global-Africa.jpgd44bc09810f00cf464135b8441da2384\",\"url\":\"https:\\\/\\\/www.globalafricasciences.org\\\/wp-content\\\/uploads\\\/2024\\\/11\\\/Global-Africa.jpg\",\"contentUrl\":\"https:\\\/\\\/www.globalafricasciences.org\\\/wp-content\\\/uploads\\\/2024\\\/11\\\/Global-Africa.jpg\",\"caption\":\"Global Africa\"},\"description\":\"The editorial board of the journal is led by Mame-Penda Ba, a professor of political science at Gaston Berger University and the director of LASPAD(Laboratory of Social, Political, and Administrative Studies), Senegal.\",\"url\":\"https:\\\/\\\/www.globalafricasciences.org\\\/author\\\/globalafrica\\\/\"}]}<\/script>\n<!-- \/ Yoast SEO plugin. -->","yoast_head_json":{"title":"Festival \"Rethinking Economics for Africa (REFA)\" | Global Africa","description":"Le REFA Festival 2022 revient en pr\u00e9sentiel les 16-17 septembre \u00e0 l\u2019Universit\u00e9 de Wits ! \u00c9conomie, activisme, d\u00e9bats et \u00e9changes critiques","robots":{"index":"index","follow":"follow","max-snippet":"max-snippet:-1","max-image-preview":"max-image-preview:large","max-video-preview":"max-video-preview:-1"},"canonical":"https:\/\/www.globalafricasciences.org\/fr\/festival-rethinking-economics-for-africa-refa\/","og_locale":"fr_FR","og_type":"article","og_title":"Festival \"Rethinking Economics for Africa (REFA)\" | Global Africa","og_description":"Le REFA Festival 2022 revient en pr\u00e9sentiel les 16-17 septembre \u00e0 l\u2019Universit\u00e9 de Wits ! \u00c9conomie, activisme, d\u00e9bats et \u00e9changes critiques","og_url":"https:\/\/www.globalafricasciences.org\/fr\/festival-rethinking-economics-for-africa-refa\/","og_site_name":"Global Africa","article_publisher":"https:\/\/www.facebook.com\/globalafricasciences","article_published_time":"2025-02-26T15:28:26+00:00","article_modified_time":"2025-04-25T15:42:58+00:00","author":"Global Africa","twitter_card":"summary_large_image","twitter_misc":{"\u00c9crit par":"Global Africa","Dur\u00e9e de lecture estim\u00e9e":"1 minute"},"schema":{"@context":"https:\/\/schema.org","@graph":[{"@type":"Article","@id":"https:\/\/www.globalafricasciences.org\/fr\/festival-rethinking-economics-for-africa-refa\/#article","isPartOf":{"@id":"https:\/\/www.globalafricasciences.org\/fr\/festival-rethinking-economics-for-africa-refa\/"},"author":{"name":"Global Africa","@id":"https:\/\/www.globalafricasciences.org\/fr\/#\/schema\/person\/8c11b55a8c7d287934a558c0e354b773"},"headline":"Festival \u00ab\u00a0Rethinking Economics for Africa (REFA)\u00a0\u00bb","datePublished":"2025-02-26T15:28:26+00:00","dateModified":"2025-04-25T15:42:58+00:00","mainEntityOfPage":{"@id":"https:\/\/www.globalafricasciences.org\/fr\/festival-rethinking-economics-for-africa-refa\/"},"wordCount":225,"commentCount":0,"publisher":{"@id":"https:\/\/www.globalafricasciences.org\/fr\/#organization"},"image":{"@id":"https:\/\/www.globalafricasciences.org\/fr\/festival-rethinking-economics-for-africa-refa\/#primaryimage"},"thumbnailUrl":"https:\/\/www.globalafricasciences.org\/wp-content\/uploads\/2025\/02\/Rethinking-Economics-for-Africa-REFA-Festival-2022.avif","articleSection":["Actualit\u00e9s"],"inLanguage":"fr-FR","potentialAction":[{"@type":"CommentAction","name":"Comment","target":["https:\/\/www.globalafricasciences.org\/fr\/festival-rethinking-economics-for-africa-refa\/#respond"]}]},{"@type":"WebPage","@id":"https:\/\/www.globalafricasciences.org\/fr\/festival-rethinking-economics-for-africa-refa\/","url":"https:\/\/www.globalafricasciences.org\/fr\/festival-rethinking-economics-for-africa-refa\/","name":"Festival \"Rethinking Economics for Africa (REFA)\" | Global Africa","isPartOf":{"@id":"https:\/\/www.globalafricasciences.org\/fr\/#website"},"primaryImageOfPage":{"@id":"https:\/\/www.globalafricasciences.org\/fr\/festival-rethinking-economics-for-africa-refa\/#primaryimage"},"image":{"@id":"https:\/\/www.globalafricasciences.org\/fr\/festival-rethinking-economics-for-africa-refa\/#primaryimage"},"thumbnailUrl":"https:\/\/www.globalafricasciences.org\/wp-content\/uploads\/2025\/02\/Rethinking-Economics-for-Africa-REFA-Festival-2022.avif","datePublished":"2025-02-26T15:28:26+00:00","dateModified":"2025-04-25T15:42:58+00:00","description":"Le REFA Festival 2022 revient en pr\u00e9sentiel les 16-17 septembre \u00e0 l\u2019Universit\u00e9 de Wits ! \u00c9conomie, activisme, d\u00e9bats et \u00e9changes critiques","breadcrumb":{"@id":"https:\/\/www.globalafricasciences.org\/fr\/festival-rethinking-economics-for-africa-refa\/#breadcrumb"},"inLanguage":"fr-FR","potentialAction":[{"@type":"ReadAction","target":["https:\/\/www.globalafricasciences.org\/fr\/festival-rethinking-economics-for-africa-refa\/"]}]},{"@type":"ImageObject","inLanguage":"fr-FR","@id":"https:\/\/www.globalafricasciences.org\/fr\/festival-rethinking-economics-for-africa-refa\/#primaryimage","url":"https:\/\/www.globalafricasciences.org\/wp-content\/uploads\/2025\/02\/Rethinking-Economics-for-Africa-REFA-Festival-2022.avif","contentUrl":"https:\/\/www.globalafricasciences.org\/wp-content\/uploads\/2025\/02\/Rethinking-Economics-for-Africa-REFA-Festival-2022.avif","width":700,"height":266},{"@type":"BreadcrumbList","@id":"https:\/\/www.globalafricasciences.org\/fr\/festival-rethinking-economics-for-africa-refa\/#breadcrumb","itemListElement":[{"@type":"ListItem","position":1,"name":"Home","item":"https:\/\/www.globalafricasciences.org\/fr\/accueil\/"},{"@type":"ListItem","position":2,"name":"Festival &#8220;Rethinking Economics for Africa (REFA)&#8221;"}]},{"@type":"WebSite","@id":"https:\/\/www.globalafricasciences.org\/fr\/#website","url":"https:\/\/www.globalafricasciences.org\/fr\/","name":"Global Africa","description":"Pan-African Scientific Journal","publisher":{"@id":"https:\/\/www.globalafricasciences.org\/fr\/#organization"},"potentialAction":[{"@type":"SearchAction","target":{"@type":"EntryPoint","urlTemplate":"https:\/\/www.globalafricasciences.org\/fr\/?s={search_term_string}"},"query-input":{"@type":"PropertyValueSpecification","valueRequired":true,"valueName":"search_term_string"}}],"inLanguage":"fr-FR"},{"@type":"Organization","@id":"https:\/\/www.globalafricasciences.org\/fr\/#organization","name":"Global Africa","url":"https:\/\/www.globalafricasciences.org\/fr\/","logo":{"@type":"ImageObject","inLanguage":"fr-FR","@id":"https:\/\/www.globalafricasciences.org\/fr\/#\/schema\/logo\/image\/","url":"https:\/\/www.globalafricasciences.org\/wp-content\/uploads\/2024\/12\/Globalafrica.png","contentUrl":"https:\/\/www.globalafricasciences.org\/wp-content\/uploads\/2024\/12\/Globalafrica.png","width":1680,"height":750,"caption":"Global Africa"},"image":{"@id":"https:\/\/www.globalafricasciences.org\/fr\/#\/schema\/logo\/image\/"},"sameAs":["https:\/\/www.facebook.com\/globalafricasciences"]},{"@type":"Person","@id":"https:\/\/www.globalafricasciences.org\/fr\/#\/schema\/person\/8c11b55a8c7d287934a558c0e354b773","name":"Global Africa","image":{"@type":"ImageObject","inLanguage":"fr-FR","@id":"https:\/\/www.globalafricasciences.org\/wp-content\/uploads\/2024\/11\/Global-Africa.jpgd44bc09810f00cf464135b8441da2384","url":"https:\/\/www.globalafricasciences.org\/wp-content\/uploads\/2024\/11\/Global-Africa.jpg","contentUrl":"https:\/\/www.globalafricasciences.org\/wp-content\/uploads\/2024\/11\/Global-Africa.jpg","caption":"Global Africa"},"description":"The editorial board of the journal is led by Mame-Penda Ba, a professor of political science at Gaston Berger University and the director of LASPAD(Laboratory of Social, Political, and Administrative Studies), Senegal.","url":"https:\/\/www.globalafricasciences.org\/author\/globalafrica\/"}]}},"acf":[],"authors":[{"term_id":66,"user_id":50,"is_guest":0,"slug":"globalafrica","display_name":"Global Africa","avatar_url":{"url":"https:\/\/www.globalafricasciences.org\/wp-content\/uploads\/2024\/11\/Global-Africa.jpg","url2x":"https:\/\/www.globalafricasciences.org\/wp-content\/uploads\/2024\/11\/Global-Africa.jpg"},"author_category":"","exclude_author":"","main-organisation":"Gaston Berger Universiry","country_of_org":"S\u00e9n\u00e9gal","field_of_work":"Political Sciences","first_name":"Global","last_name":"Africa","user_url":"","job_title":"Editorial","description":"The editorial board of the journal is led by Mame-Penda Ba, a professor of political science at Gaston Berger University and the director of LASPAD(Laboratory of Social, Political, and Administrative Studies), Senegal."}],"_links":{"self":[{"href":"https:\/\/www.globalafricasciences.org\/fr\/wp-json\/wp\/v2\/posts\/9126","targetHints":{"allow":["GET"]}}],"collection":[{"href":"https:\/\/www.globalafricasciences.org\/fr\/wp-json\/wp\/v2\/posts"}],"about":[{"href":"https:\/\/www.globalafricasciences.org\/fr\/wp-json\/wp\/v2\/types\/post"}],"author":[{"embeddable":true,"href":"https:\/\/www.globalafricasciences.org\/fr\/wp-json\/wp\/v2\/users\/50"}],"replies":[{"embeddable":true,"href":"https:\/\/www.globalafricasciences.org\/fr\/wp-json\/wp\/v2\/comments?post=9126"}],"version-history":[{"count":0,"href":"https:\/\/www.globalafricasciences.org\/fr\/wp-json\/wp\/v2\/posts\/9126\/revisions"}],"wp:featuredmedia":[{"embeddable":true,"href":"https:\/\/www.globalafricasciences.org\/fr\/wp-json\/wp\/v2\/media\/9124"}],"wp:attachment":[{"href":"https:\/\/www.globalafricasciences.org\/fr\/wp-json\/wp\/v2\/media?parent=9126"}],"wp:term":[{"taxonomy":"category","embeddable":true,"href":"https:\/\/www.globalafricasciences.org\/fr\/wp-json\/wp\/v2\/categories?post=9126"},{"taxonomy":"post_tag","embeddable":true,"href":"https:\/\/www.globalafricasciences.org\/fr\/wp-json\/wp\/v2\/tags?post=9126"},{"taxonomy":"issues3","embeddable":true,"href":"https:\/\/www.globalafricasciences.org\/fr\/wp-json\/wp\/v2\/issues3?post=9126"},{"taxonomy":"post_folder","embeddable":true,"href":"https:\/\/www.globalafricasciences.org\/fr\/wp-json\/wp\/v2\/post_folder?post=9126"},{"taxonomy":"author","embeddable":true,"href":"https:\/\/www.globalafricasciences.org\/fr\/wp-json\/wp\/v2\/ppma_author?post=9126"}],"curies":[{"name":"wp","href":"https:\/\/api.w.org\/{rel}","templated":true}]}}