{"id":9066,"date":"2025-02-26T12:47:01","date_gmt":"2025-02-26T12:47:01","guid":{"rendered":"https:\/\/www.globalafricasciences.org\/actualites\/colloque-international-ecologie-sante-et-societes-en-afrique\/"},"modified":"2025-04-25T16:35:08","modified_gmt":"2025-04-25T16:35:08","slug":"colloque-international-ecologie-sante-et-societes-en-afrique","status":"publish","type":"post","link":"https:\/\/www.globalafricasciences.org\/fr\/colloque-international-ecologie-sante-et-societes-en-afrique\/","title":{"rendered":"Colloque International &#8211; Ecologie, Sant\u00e9 et Soci\u00e9t\u00e9s en Afrique"},"content":{"rendered":"\n<p><strong>Ce colloque international organis\u00e9 \u00e0 Universit\u00e9 Cheikh Anta Diop a pour objectif d\u2019\u00e9claircir les relations complexes qui se nouent sur le continent africain entre l\u2019environnement, la sant\u00e9 \u2013 humaine, animale, du biotope \u2013 et les soci\u00e9t\u00e9s.<\/strong><\/p>\n\n<figure class=\"wp-block-image size-full\"><img fetchpriority=\"high\" decoding=\"async\" width=\"835\" height=\"515\" src=\"https:\/\/www.globalafricasciences.org\/wp-content\/uploads\/2025\/02\/International-Symposium-Ecology-Health-and-Societies-in-Africa-.avif\" alt=\"\" class=\"wp-image-9062\"\/><\/figure>\n\n<p><\/p>\n\n<p id=\"viewer-5tndf\">Ce colloque international a pour objectif d\u2019\u00e9claircir les relations complexes qui se nouent sur le continent africain entre l\u2019environnement, la sant\u00e9 \u2013 humaine, animale, du biotope \u2013 et les soci\u00e9t\u00e9s. L\u2019accent sera mis non pas sur les sp\u00e9cialisations \u2013 n\u00e9cessaires par ailleurs \u2013 mais sur les relations entre les \u00e9l\u00e9ments de ce triptyque. Relations de causalit\u00e9, de corr\u00e9lation, de conjugaison, d\u2019exclusion ; relations biotiques, chimiques, de pouvoir, de coop\u00e9ration, de d\u00e9pendance. Il s\u2019agira de garder en t\u00eate que l\u2019interdisciplinarit\u00e9 doit \u00eatre au c\u0153ur des r\u00e9flexions men\u00e9es lors de cet \u00e9v\u00e9nement. Le croisement des approches, des m\u00e9thodes et des r\u00e9sultats devra permettre de porter un regard nouveau \u2013 car enrichi de regards crois\u00e9s \u2013 sur les objets d\u2019\u00e9tude de l\u2019\u00e9cologie de la sant\u00e9 et de la transition environnementale, en conjuguant les relations humains-environnements au pass\u00e9, au pr\u00e9sent et au futur.   <\/p>\n\n<p id=\"viewer-7kn42\"><strong>Appel \u00e0 communication<\/strong> : la date limite de d\u00e9p\u00f4t des propositions de communication est fix\u00e9e au <strong>15 novembre 2022<\/strong>. Chaque proposition devra comporter le titre de la communication, le nom, la fonction et l\u2019adresse institutionnelle du\/des auteur(s), ainsi qu\u2019un r\u00e9sum\u00e9 d\u2019une page maximum. Ces propositions doivent \u00eatre envoy\u00e9es \u00e0 l\u2019adresse suivante : <a target=\"_blank\" href=\"mailto:colloqueESS2023@gmail.com\" rel=\"noreferrer noopener\"><strong>colloqueESS2023@gmail.com<\/strong><\/a>, sous la forme d\u2019un fichier Word intitul\u00e9 : Nom Pr\u00e9nom \u2013 Dakar2023.  <\/p>\n\n<p id=\"viewer-6tiec\"><strong>Inscription<\/strong> : tous les participants doivent remplir un formulaire de pr\u00e9-inscription \u00e0 obtenir aupr\u00e8s de : <a target=\"_blank\" href=\"mailto:participationESS2023@gmail.com\" rel=\"noreferrer noopener\">participationESS2023@gmail.com<\/a><\/p>\n","protected":false},"excerpt":{"rendered":"<p>Ce colloque international organis\u00e9 \u00e0 Universit\u00e9 Cheikh Anta Diop a pour objectif d\u2019\u00e9claircir les relations complexes qui se nouent sur le continent africain entre l\u2019environnement, la sant\u00e9 \u2013 humaine, animale, du biotope \u2013 et les soci\u00e9t\u00e9s. Ce colloque international a pour objectif d\u2019\u00e9claircir les relations complexes qui se nouent sur le continent africain entre l\u2019environnement, la sant\u00e9 \u2013 humaine, animale, du biotope \u2013 et les soci\u00e9t\u00e9s. L\u2019accent sera mis non pas sur les sp\u00e9cialisations \u2013 n\u00e9cessaires par ailleurs \u2013 mais sur les relations entre les \u00e9l\u00e9ments de ce triptyque. Relations de causalit\u00e9, de corr\u00e9lation, de conjugaison, d\u2019exclusion ; relations biotiques, chimiques, de pouvoir, de coop\u00e9ration, de d\u00e9pendance. Il s\u2019agira de garder en t\u00eate que l\u2019interdisciplinarit\u00e9 doit \u00eatre au c\u0153ur des r\u00e9flexions men\u00e9es lors de cet \u00e9v\u00e9nement. Le croisement des approches, des m\u00e9thodes et des r\u00e9sultats devra permettre de porter un regard nouveau \u2013 car enrichi de regards crois\u00e9s \u2013 sur les objets d\u2019\u00e9tude de l\u2019\u00e9cologie de la sant\u00e9 et de la transition environnementale, en conjuguant les relations humains-environnements au pass\u00e9, au pr\u00e9sent et au futur. Appel \u00e0 communication : la date limite de d\u00e9p\u00f4t des propositions de communication est fix\u00e9e au 15 novembre 2022. Chaque proposition devra comporter le titre de la communication, le nom, la fonction et l\u2019adresse institutionnelle du\/des auteur(s), ainsi qu\u2019un r\u00e9sum\u00e9 d\u2019une page maximum. Ces propositions doivent \u00eatre envoy\u00e9es \u00e0 l\u2019adresse suivante : colloqueESS2023@gmail.com, sous la forme d\u2019un fichier Word intitul\u00e9 : Nom Pr\u00e9nom \u2013 Dakar2023. Inscription : tous les participants doivent remplir un formulaire de pr\u00e9-inscription \u00e0 obtenir aupr\u00e8s de : participationESS2023@gmail.com<\/p>\n","protected":false},"author":50,"featured_media":9063,"comment_status":"open","ping_status":"open","sticky":false,"template":"","format":"standard","meta":{"footnotes":""},"categories":[177],"tags":[],"issues3":[],"post_folder":[],"ppma_author":[66],"class_list":["post-9066","post","type-post","status-publish","format-standard","has-post-thumbnail","hentry","category-appels","author-globalafrica"],"yoast_head":"<!-- This site is optimized with the Yoast SEO plugin v27.5 - https:\/\/yoast.com\/product\/yoast-seo-wordpress\/ -->\n<title>Colloque International - Ecologie, Sant\u00e9 et Soci\u00e9t\u00e9s en Afrique | Global Africa<\/title>\n<meta name=\"description\" content=\"Colloque \u00e0 l\u2019UCAD sur les liens entre sant\u00e9, environnement et soci\u00e9t\u00e9 en Afrique. Approches crois\u00e9es et interdisciplinaires.\" \/>\n<meta name=\"robots\" content=\"index, follow, max-snippet:-1, max-image-preview:large, max-video-preview:-1\" \/>\n<link rel=\"canonical\" href=\"https:\/\/www.globalafricasciences.org\/fr\/colloque-international-ecologie-sante-et-societes-en-afrique\/\" \/>\n<meta property=\"og:locale\" content=\"fr_FR\" \/>\n<meta property=\"og:type\" content=\"article\" \/>\n<meta property=\"og:title\" content=\"Colloque International - Ecologie, Sant\u00e9 et Soci\u00e9t\u00e9s en Afrique | Global Africa\" \/>\n<meta property=\"og:description\" content=\"Colloque \u00e0 l\u2019UCAD sur les liens entre sant\u00e9, environnement et soci\u00e9t\u00e9 en Afrique. Approches crois\u00e9es et interdisciplinaires.\" \/>\n<meta property=\"og:url\" content=\"https:\/\/www.globalafricasciences.org\/fr\/colloque-international-ecologie-sante-et-societes-en-afrique\/\" \/>\n<meta property=\"og:site_name\" content=\"Global Africa\" \/>\n<meta property=\"article:publisher\" content=\"https:\/\/www.facebook.com\/globalafricasciences\" \/>\n<meta property=\"article:published_time\" content=\"2025-02-26T12:47:01+00:00\" \/>\n<meta property=\"article:modified_time\" content=\"2025-04-25T16:35:08+00:00\" \/>\n<meta name=\"author\" content=\"Global Africa\" \/>\n<meta name=\"twitter:card\" content=\"summary_large_image\" \/>\n<meta name=\"twitter:label1\" content=\"\u00c9crit par\" \/>\n\t<meta name=\"twitter:data1\" content=\"Global Africa\" \/>\n\t<meta name=\"twitter:label2\" content=\"Dur\u00e9e de lecture estim\u00e9e\" \/>\n\t<meta name=\"twitter:data2\" content=\"1 minute\" \/>\n<script type=\"application\/ld+json\" class=\"yoast-schema-graph\">{\"@context\":\"https:\\\/\\\/schema.org\",\"@graph\":[{\"@type\":\"Article\",\"@id\":\"https:\\\/\\\/www.globalafricasciences.org\\\/fr\\\/colloque-international-ecologie-sante-et-societes-en-afrique\\\/#article\",\"isPartOf\":{\"@id\":\"https:\\\/\\\/www.globalafricasciences.org\\\/fr\\\/colloque-international-ecologie-sante-et-societes-en-afrique\\\/\"},\"author\":{\"name\":\"Global Africa\",\"@id\":\"https:\\\/\\\/www.globalafricasciences.org\\\/fr\\\/#\\\/schema\\\/person\\\/8c11b55a8c7d287934a558c0e354b773\"},\"headline\":\"Colloque International &#8211; Ecologie, Sant\u00e9 et Soci\u00e9t\u00e9s en Afrique\",\"datePublished\":\"2025-02-26T12:47:01+00:00\",\"dateModified\":\"2025-04-25T16:35:08+00:00\",\"mainEntityOfPage\":{\"@id\":\"https:\\\/\\\/www.globalafricasciences.org\\\/fr\\\/colloque-international-ecologie-sante-et-societes-en-afrique\\\/\"},\"wordCount\":295,\"commentCount\":0,\"publisher\":{\"@id\":\"https:\\\/\\\/www.globalafricasciences.org\\\/fr\\\/#organization\"},\"image\":{\"@id\":\"https:\\\/\\\/www.globalafricasciences.org\\\/fr\\\/colloque-international-ecologie-sante-et-societes-en-afrique\\\/#primaryimage\"},\"thumbnailUrl\":\"https:\\\/\\\/www.globalafricasciences.org\\\/wp-content\\\/uploads\\\/2025\\\/02\\\/International-Symposium-Ecology-Health-and-Societies-in-Africa-.avif\",\"articleSection\":[\"Appels\"],\"inLanguage\":\"fr-FR\",\"potentialAction\":[{\"@type\":\"CommentAction\",\"name\":\"Comment\",\"target\":[\"https:\\\/\\\/www.globalafricasciences.org\\\/fr\\\/colloque-international-ecologie-sante-et-societes-en-afrique\\\/#respond\"]}]},{\"@type\":\"WebPage\",\"@id\":\"https:\\\/\\\/www.globalafricasciences.org\\\/fr\\\/colloque-international-ecologie-sante-et-societes-en-afrique\\\/\",\"url\":\"https:\\\/\\\/www.globalafricasciences.org\\\/fr\\\/colloque-international-ecologie-sante-et-societes-en-afrique\\\/\",\"name\":\"Colloque International - Ecologie, Sant\u00e9 et Soci\u00e9t\u00e9s en Afrique | Global Africa\",\"isPartOf\":{\"@id\":\"https:\\\/\\\/www.globalafricasciences.org\\\/fr\\\/#website\"},\"primaryImageOfPage\":{\"@id\":\"https:\\\/\\\/www.globalafricasciences.org\\\/fr\\\/colloque-international-ecologie-sante-et-societes-en-afrique\\\/#primaryimage\"},\"image\":{\"@id\":\"https:\\\/\\\/www.globalafricasciences.org\\\/fr\\\/colloque-international-ecologie-sante-et-societes-en-afrique\\\/#primaryimage\"},\"thumbnailUrl\":\"https:\\\/\\\/www.globalafricasciences.org\\\/wp-content\\\/uploads\\\/2025\\\/02\\\/International-Symposium-Ecology-Health-and-Societies-in-Africa-.avif\",\"datePublished\":\"2025-02-26T12:47:01+00:00\",\"dateModified\":\"2025-04-25T16:35:08+00:00\",\"description\":\"Colloque \u00e0 l\u2019UCAD sur les liens entre sant\u00e9, environnement et soci\u00e9t\u00e9 en Afrique. Approches crois\u00e9es et interdisciplinaires.\",\"breadcrumb\":{\"@id\":\"https:\\\/\\\/www.globalafricasciences.org\\\/fr\\\/colloque-international-ecologie-sante-et-societes-en-afrique\\\/#breadcrumb\"},\"inLanguage\":\"fr-FR\",\"potentialAction\":[{\"@type\":\"ReadAction\",\"target\":[\"https:\\\/\\\/www.globalafricasciences.org\\\/fr\\\/colloque-international-ecologie-sante-et-societes-en-afrique\\\/\"]}]},{\"@type\":\"ImageObject\",\"inLanguage\":\"fr-FR\",\"@id\":\"https:\\\/\\\/www.globalafricasciences.org\\\/fr\\\/colloque-international-ecologie-sante-et-societes-en-afrique\\\/#primaryimage\",\"url\":\"https:\\\/\\\/www.globalafricasciences.org\\\/wp-content\\\/uploads\\\/2025\\\/02\\\/International-Symposium-Ecology-Health-and-Societies-in-Africa-.avif\",\"contentUrl\":\"https:\\\/\\\/www.globalafricasciences.org\\\/wp-content\\\/uploads\\\/2025\\\/02\\\/International-Symposium-Ecology-Health-and-Societies-in-Africa-.avif\",\"width\":835,\"height\":515},{\"@type\":\"BreadcrumbList\",\"@id\":\"https:\\\/\\\/www.globalafricasciences.org\\\/fr\\\/colloque-international-ecologie-sante-et-societes-en-afrique\\\/#breadcrumb\",\"itemListElement\":[{\"@type\":\"ListItem\",\"position\":1,\"name\":\"Home\",\"item\":\"https:\\\/\\\/www.globalafricasciences.org\\\/fr\\\/accueil\\\/\"},{\"@type\":\"ListItem\",\"position\":2,\"name\":\"Colloque International &#8211; Ecologie, Sant\u00e9 et Soci\u00e9t\u00e9s en Afrique\"}]},{\"@type\":\"WebSite\",\"@id\":\"https:\\\/\\\/www.globalafricasciences.org\\\/fr\\\/#website\",\"url\":\"https:\\\/\\\/www.globalafricasciences.org\\\/fr\\\/\",\"name\":\"Global Africa\",\"description\":\"Pan-African Scientific Journal\",\"publisher\":{\"@id\":\"https:\\\/\\\/www.globalafricasciences.org\\\/fr\\\/#organization\"},\"potentialAction\":[{\"@type\":\"SearchAction\",\"target\":{\"@type\":\"EntryPoint\",\"urlTemplate\":\"https:\\\/\\\/www.globalafricasciences.org\\\/fr\\\/?s={search_term_string}\"},\"query-input\":{\"@type\":\"PropertyValueSpecification\",\"valueRequired\":true,\"valueName\":\"search_term_string\"}}],\"inLanguage\":\"fr-FR\"},{\"@type\":\"Organization\",\"@id\":\"https:\\\/\\\/www.globalafricasciences.org\\\/fr\\\/#organization\",\"name\":\"Global Africa\",\"url\":\"https:\\\/\\\/www.globalafricasciences.org\\\/fr\\\/\",\"logo\":{\"@type\":\"ImageObject\",\"inLanguage\":\"fr-FR\",\"@id\":\"https:\\\/\\\/www.globalafricasciences.org\\\/fr\\\/#\\\/schema\\\/logo\\\/image\\\/\",\"url\":\"https:\\\/\\\/www.globalafricasciences.org\\\/wp-content\\\/uploads\\\/2024\\\/12\\\/Globalafrica.png\",\"contentUrl\":\"https:\\\/\\\/www.globalafricasciences.org\\\/wp-content\\\/uploads\\\/2024\\\/12\\\/Globalafrica.png\",\"width\":1680,\"height\":750,\"caption\":\"Global Africa\"},\"image\":{\"@id\":\"https:\\\/\\\/www.globalafricasciences.org\\\/fr\\\/#\\\/schema\\\/logo\\\/image\\\/\"},\"sameAs\":[\"https:\\\/\\\/www.facebook.com\\\/globalafricasciences\"]},{\"@type\":\"Person\",\"@id\":\"https:\\\/\\\/www.globalafricasciences.org\\\/fr\\\/#\\\/schema\\\/person\\\/8c11b55a8c7d287934a558c0e354b773\",\"name\":\"Global Africa\",\"image\":{\"@type\":\"ImageObject\",\"inLanguage\":\"fr-FR\",\"@id\":\"https:\\\/\\\/www.globalafricasciences.org\\\/wp-content\\\/uploads\\\/2024\\\/11\\\/Global-Africa.jpgd44bc09810f00cf464135b8441da2384\",\"url\":\"https:\\\/\\\/www.globalafricasciences.org\\\/wp-content\\\/uploads\\\/2024\\\/11\\\/Global-Africa.jpg\",\"contentUrl\":\"https:\\\/\\\/www.globalafricasciences.org\\\/wp-content\\\/uploads\\\/2024\\\/11\\\/Global-Africa.jpg\",\"caption\":\"Global Africa\"},\"description\":\"The editorial board of the journal is led by Mame-Penda Ba, a professor of political science at Gaston Berger University and the director of LASPAD(Laboratory of Social, Political, and Administrative Studies), Senegal.\",\"url\":\"https:\\\/\\\/www.globalafricasciences.org\\\/author\\\/globalafrica\\\/\"}]}<\/script>\n<!-- \/ Yoast SEO plugin. -->","yoast_head_json":{"title":"Colloque International - Ecologie, Sant\u00e9 et Soci\u00e9t\u00e9s en Afrique | Global Africa","description":"Colloque \u00e0 l\u2019UCAD sur les liens entre sant\u00e9, environnement et soci\u00e9t\u00e9 en Afrique. Approches crois\u00e9es et interdisciplinaires.","robots":{"index":"index","follow":"follow","max-snippet":"max-snippet:-1","max-image-preview":"max-image-preview:large","max-video-preview":"max-video-preview:-1"},"canonical":"https:\/\/www.globalafricasciences.org\/fr\/colloque-international-ecologie-sante-et-societes-en-afrique\/","og_locale":"fr_FR","og_type":"article","og_title":"Colloque International - Ecologie, Sant\u00e9 et Soci\u00e9t\u00e9s en Afrique | Global Africa","og_description":"Colloque \u00e0 l\u2019UCAD sur les liens entre sant\u00e9, environnement et soci\u00e9t\u00e9 en Afrique. Approches crois\u00e9es et interdisciplinaires.","og_url":"https:\/\/www.globalafricasciences.org\/fr\/colloque-international-ecologie-sante-et-societes-en-afrique\/","og_site_name":"Global Africa","article_publisher":"https:\/\/www.facebook.com\/globalafricasciences","article_published_time":"2025-02-26T12:47:01+00:00","article_modified_time":"2025-04-25T16:35:08+00:00","author":"Global Africa","twitter_card":"summary_large_image","twitter_misc":{"\u00c9crit par":"Global Africa","Dur\u00e9e de lecture estim\u00e9e":"1 minute"},"schema":{"@context":"https:\/\/schema.org","@graph":[{"@type":"Article","@id":"https:\/\/www.globalafricasciences.org\/fr\/colloque-international-ecologie-sante-et-societes-en-afrique\/#article","isPartOf":{"@id":"https:\/\/www.globalafricasciences.org\/fr\/colloque-international-ecologie-sante-et-societes-en-afrique\/"},"author":{"name":"Global Africa","@id":"https:\/\/www.globalafricasciences.org\/fr\/#\/schema\/person\/8c11b55a8c7d287934a558c0e354b773"},"headline":"Colloque International &#8211; Ecologie, Sant\u00e9 et Soci\u00e9t\u00e9s en Afrique","datePublished":"2025-02-26T12:47:01+00:00","dateModified":"2025-04-25T16:35:08+00:00","mainEntityOfPage":{"@id":"https:\/\/www.globalafricasciences.org\/fr\/colloque-international-ecologie-sante-et-societes-en-afrique\/"},"wordCount":295,"commentCount":0,"publisher":{"@id":"https:\/\/www.globalafricasciences.org\/fr\/#organization"},"image":{"@id":"https:\/\/www.globalafricasciences.org\/fr\/colloque-international-ecologie-sante-et-societes-en-afrique\/#primaryimage"},"thumbnailUrl":"https:\/\/www.globalafricasciences.org\/wp-content\/uploads\/2025\/02\/International-Symposium-Ecology-Health-and-Societies-in-Africa-.avif","articleSection":["Appels"],"inLanguage":"fr-FR","potentialAction":[{"@type":"CommentAction","name":"Comment","target":["https:\/\/www.globalafricasciences.org\/fr\/colloque-international-ecologie-sante-et-societes-en-afrique\/#respond"]}]},{"@type":"WebPage","@id":"https:\/\/www.globalafricasciences.org\/fr\/colloque-international-ecologie-sante-et-societes-en-afrique\/","url":"https:\/\/www.globalafricasciences.org\/fr\/colloque-international-ecologie-sante-et-societes-en-afrique\/","name":"Colloque International - Ecologie, Sant\u00e9 et Soci\u00e9t\u00e9s en Afrique | Global Africa","isPartOf":{"@id":"https:\/\/www.globalafricasciences.org\/fr\/#website"},"primaryImageOfPage":{"@id":"https:\/\/www.globalafricasciences.org\/fr\/colloque-international-ecologie-sante-et-societes-en-afrique\/#primaryimage"},"image":{"@id":"https:\/\/www.globalafricasciences.org\/fr\/colloque-international-ecologie-sante-et-societes-en-afrique\/#primaryimage"},"thumbnailUrl":"https:\/\/www.globalafricasciences.org\/wp-content\/uploads\/2025\/02\/International-Symposium-Ecology-Health-and-Societies-in-Africa-.avif","datePublished":"2025-02-26T12:47:01+00:00","dateModified":"2025-04-25T16:35:08+00:00","description":"Colloque \u00e0 l\u2019UCAD sur les liens entre sant\u00e9, environnement et soci\u00e9t\u00e9 en Afrique. Approches crois\u00e9es et interdisciplinaires.","breadcrumb":{"@id":"https:\/\/www.globalafricasciences.org\/fr\/colloque-international-ecologie-sante-et-societes-en-afrique\/#breadcrumb"},"inLanguage":"fr-FR","potentialAction":[{"@type":"ReadAction","target":["https:\/\/www.globalafricasciences.org\/fr\/colloque-international-ecologie-sante-et-societes-en-afrique\/"]}]},{"@type":"ImageObject","inLanguage":"fr-FR","@id":"https:\/\/www.globalafricasciences.org\/fr\/colloque-international-ecologie-sante-et-societes-en-afrique\/#primaryimage","url":"https:\/\/www.globalafricasciences.org\/wp-content\/uploads\/2025\/02\/International-Symposium-Ecology-Health-and-Societies-in-Africa-.avif","contentUrl":"https:\/\/www.globalafricasciences.org\/wp-content\/uploads\/2025\/02\/International-Symposium-Ecology-Health-and-Societies-in-Africa-.avif","width":835,"height":515},{"@type":"BreadcrumbList","@id":"https:\/\/www.globalafricasciences.org\/fr\/colloque-international-ecologie-sante-et-societes-en-afrique\/#breadcrumb","itemListElement":[{"@type":"ListItem","position":1,"name":"Home","item":"https:\/\/www.globalafricasciences.org\/fr\/accueil\/"},{"@type":"ListItem","position":2,"name":"Colloque International &#8211; Ecologie, Sant\u00e9 et Soci\u00e9t\u00e9s en Afrique"}]},{"@type":"WebSite","@id":"https:\/\/www.globalafricasciences.org\/fr\/#website","url":"https:\/\/www.globalafricasciences.org\/fr\/","name":"Global Africa","description":"Pan-African Scientific Journal","publisher":{"@id":"https:\/\/www.globalafricasciences.org\/fr\/#organization"},"potentialAction":[{"@type":"SearchAction","target":{"@type":"EntryPoint","urlTemplate":"https:\/\/www.globalafricasciences.org\/fr\/?s={search_term_string}"},"query-input":{"@type":"PropertyValueSpecification","valueRequired":true,"valueName":"search_term_string"}}],"inLanguage":"fr-FR"},{"@type":"Organization","@id":"https:\/\/www.globalafricasciences.org\/fr\/#organization","name":"Global Africa","url":"https:\/\/www.globalafricasciences.org\/fr\/","logo":{"@type":"ImageObject","inLanguage":"fr-FR","@id":"https:\/\/www.globalafricasciences.org\/fr\/#\/schema\/logo\/image\/","url":"https:\/\/www.globalafricasciences.org\/wp-content\/uploads\/2024\/12\/Globalafrica.png","contentUrl":"https:\/\/www.globalafricasciences.org\/wp-content\/uploads\/2024\/12\/Globalafrica.png","width":1680,"height":750,"caption":"Global Africa"},"image":{"@id":"https:\/\/www.globalafricasciences.org\/fr\/#\/schema\/logo\/image\/"},"sameAs":["https:\/\/www.facebook.com\/globalafricasciences"]},{"@type":"Person","@id":"https:\/\/www.globalafricasciences.org\/fr\/#\/schema\/person\/8c11b55a8c7d287934a558c0e354b773","name":"Global Africa","image":{"@type":"ImageObject","inLanguage":"fr-FR","@id":"https:\/\/www.globalafricasciences.org\/wp-content\/uploads\/2024\/11\/Global-Africa.jpgd44bc09810f00cf464135b8441da2384","url":"https:\/\/www.globalafricasciences.org\/wp-content\/uploads\/2024\/11\/Global-Africa.jpg","contentUrl":"https:\/\/www.globalafricasciences.org\/wp-content\/uploads\/2024\/11\/Global-Africa.jpg","caption":"Global Africa"},"description":"The editorial board of the journal is led by Mame-Penda Ba, a professor of political science at Gaston Berger University and the director of LASPAD(Laboratory of Social, Political, and Administrative Studies), Senegal.","url":"https:\/\/www.globalafricasciences.org\/author\/globalafrica\/"}]}},"acf":[],"authors":[{"term_id":66,"user_id":50,"is_guest":0,"slug":"globalafrica","display_name":"Global Africa","avatar_url":{"url":"https:\/\/www.globalafricasciences.org\/wp-content\/uploads\/2024\/11\/Global-Africa.jpg","url2x":"https:\/\/www.globalafricasciences.org\/wp-content\/uploads\/2024\/11\/Global-Africa.jpg"},"author_category":"","exclude_author":"","main-organisation":"Gaston Berger Universiry","country_of_org":"S\u00e9n\u00e9gal","field_of_work":"Political Sciences","first_name":"Global","last_name":"Africa","user_url":"","job_title":"Editorial","description":"The editorial board of the journal is led by Mame-Penda Ba, a professor of political science at Gaston Berger University and the director of LASPAD(Laboratory of Social, Political, and Administrative Studies), Senegal."}],"_links":{"self":[{"href":"https:\/\/www.globalafricasciences.org\/fr\/wp-json\/wp\/v2\/posts\/9066","targetHints":{"allow":["GET"]}}],"collection":[{"href":"https:\/\/www.globalafricasciences.org\/fr\/wp-json\/wp\/v2\/posts"}],"about":[{"href":"https:\/\/www.globalafricasciences.org\/fr\/wp-json\/wp\/v2\/types\/post"}],"author":[{"embeddable":true,"href":"https:\/\/www.globalafricasciences.org\/fr\/wp-json\/wp\/v2\/users\/50"}],"replies":[{"embeddable":true,"href":"https:\/\/www.globalafricasciences.org\/fr\/wp-json\/wp\/v2\/comments?post=9066"}],"version-history":[{"count":0,"href":"https:\/\/www.globalafricasciences.org\/fr\/wp-json\/wp\/v2\/posts\/9066\/revisions"}],"wp:featuredmedia":[{"embeddable":true,"href":"https:\/\/www.globalafricasciences.org\/fr\/wp-json\/wp\/v2\/media\/9063"}],"wp:attachment":[{"href":"https:\/\/www.globalafricasciences.org\/fr\/wp-json\/wp\/v2\/media?parent=9066"}],"wp:term":[{"taxonomy":"category","embeddable":true,"href":"https:\/\/www.globalafricasciences.org\/fr\/wp-json\/wp\/v2\/categories?post=9066"},{"taxonomy":"post_tag","embeddable":true,"href":"https:\/\/www.globalafricasciences.org\/fr\/wp-json\/wp\/v2\/tags?post=9066"},{"taxonomy":"issues3","embeddable":true,"href":"https:\/\/www.globalafricasciences.org\/fr\/wp-json\/wp\/v2\/issues3?post=9066"},{"taxonomy":"post_folder","embeddable":true,"href":"https:\/\/www.globalafricasciences.org\/fr\/wp-json\/wp\/v2\/post_folder?post=9066"},{"taxonomy":"author","embeddable":true,"href":"https:\/\/www.globalafricasciences.org\/fr\/wp-json\/wp\/v2\/ppma_author?post=9066"}],"curies":[{"name":"wp","href":"https:\/\/api.w.org\/{rel}","templated":true}]}}