{"id":9024,"date":"2025-02-26T11:52:36","date_gmt":"2025-02-26T11:52:36","guid":{"rendered":"https:\/\/www.globalafricasciences.org\/actualites\/deuxieme-edition-du-colloque-international-cmcl\/"},"modified":"2025-06-02T09:52:06","modified_gmt":"2025-06-02T09:52:06","slug":"deuxieme-edition-du-colloque-international-cmcl","status":"publish","type":"post","link":"https:\/\/www.globalafricasciences.org\/fr\/deuxieme-edition-du-colloque-international-cmcl\/","title":{"rendered":"Deuxi\u00e8me \u00e9dition du colloque international CMCL"},"content":{"rendered":"\n<p><strong>\u00ab\u00a0Appr\u00e9hender les espaces publics \u00e0 la lumi\u00e8re des discours et pratiques m\u00e9diatiques : le cas de l\u2019Afrique\u00a0\u00bb<\/strong><\/p>\n\n<figure class=\"wp-block-image size-full\"><img fetchpriority=\"high\" decoding=\"async\" width=\"1079\" height=\"230\" src=\"https:\/\/www.globalafricasciences.org\/wp-content\/uploads\/2025\/02\/Second-Edition-of-the-International-CMCL-Conference-.avif\" alt=\"\" class=\"wp-image-9020\"\/><\/figure>\n\n<p><em><strong>Du 28 novembre au 1er d\u00e9cembre 2022, Lyon, France<\/strong><\/em><\/p>\n\n<p id=\"viewer-5r7sc\">Le colloque international CMCL \u00ab\u00a0Utopie d&rsquo;une Culture Mondialis\u00e9e et r\u00e9alit\u00e9 des pratiques communicationnelles locales\u00a0\u00bb a pour objectif d&rsquo;explorer la rencontre entre une offre technologique globalis\u00e9e, souvent occidentalo-centr\u00e9e, et les particularit\u00e9s locales d\u2019une diversit\u00e9 de territoires. Pour ce faire, il s\u2019agit de saisir conjointement l&rsquo;h\u00e9t\u00e9rog\u00e9n\u00e9it\u00e9 des usages, des productions et des questions pos\u00e9es. L\u2019\u00e9dition 2022 du colloque CMCL propose une contribution \u00e0 ces d\u00e9bats par la confrontation de ph\u00e9nom\u00e8nes issus de la mondialisation technologique et culturelle avec la r\u00e9alit\u00e9 des discours et des pratiques m\u00e9diatiques locales. Cette d\u00e9marche repose sur l\u2019id\u00e9e qu\u2019un d\u00e9passement de la dimension normative et de la dimension politique du concept d\u2019espace public est particuli\u00e8rement f\u00e9cond pour appr\u00e9hender les soci\u00e9t\u00e9s contemporaines, en Afrique comme ailleurs. Bien que les travaux qui interrogent le recours aux outils num\u00e9riques soient particuli\u00e8rement attendus, ceux qui se focalisent sur d\u2019autres supports m\u00e9diatiques ont toute leur place dans ce colloque.    <\/p>\n\n<p id=\"viewer-2jqvk\">Pour plus d&rsquo;informations <a target=\"_blank\" href=\"https:\/\/cmcl2022.sciencesconf.org\/\" rel=\"noreferrer noopener\">: https:\/\/cmcl2022.sciencesconf.org\/<\/a><\/p>\n","protected":false},"excerpt":{"rendered":"<p>\u00ab\u00a0Appr\u00e9hender les espaces publics \u00e0 la lumi\u00e8re des discours et pratiques m\u00e9diatiques : le cas de l\u2019Afrique\u00a0\u00bb Du 28 novembre au 1er d\u00e9cembre 2022, Lyon, France Le colloque international CMCL \u00ab\u00a0Utopie d&rsquo;une Culture Mondialis\u00e9e et r\u00e9alit\u00e9 des pratiques communicationnelles locales\u00a0\u00bb a pour objectif d&rsquo;explorer la rencontre entre une offre technologique globalis\u00e9e, souvent occidentalo-centr\u00e9e, et les particularit\u00e9s locales d\u2019une diversit\u00e9 de territoires. Pour ce faire, il s\u2019agit de saisir conjointement l&rsquo;h\u00e9t\u00e9rog\u00e9n\u00e9it\u00e9 des usages, des productions et des questions pos\u00e9es. L\u2019\u00e9dition 2022 du colloque CMCL propose une contribution \u00e0 ces d\u00e9bats par la confrontation de ph\u00e9nom\u00e8nes issus de la mondialisation technologique et culturelle avec la r\u00e9alit\u00e9 des discours et des pratiques m\u00e9diatiques locales. Cette d\u00e9marche repose sur l\u2019id\u00e9e qu\u2019un d\u00e9passement de la dimension normative et de la dimension politique du concept d\u2019espace public est particuli\u00e8rement f\u00e9cond pour appr\u00e9hender les soci\u00e9t\u00e9s contemporaines, en Afrique comme ailleurs. Bien que les travaux qui interrogent le recours aux outils num\u00e9riques soient particuli\u00e8rement attendus, ceux qui se focalisent sur d\u2019autres supports m\u00e9diatiques ont toute leur place dans ce colloque. Pour plus d&rsquo;informations : https:\/\/cmcl2022.sciencesconf.org\/<\/p>\n","protected":false},"author":50,"featured_media":9021,"comment_status":"open","ping_status":"open","sticky":false,"template":"","format":"standard","meta":{"footnotes":""},"categories":[179],"tags":[],"issues3":[],"post_folder":[],"ppma_author":[265],"class_list":["post-9024","post","type-post","status-publish","format-standard","has-post-thumbnail","hentry","category-conferences-fr","author-global-africa"],"yoast_head":"<!-- This site is optimized with the Yoast SEO plugin v27.5 - https:\/\/yoast.com\/product\/yoast-seo-wordpress\/ -->\n<title>Deuxi\u00e8me \u00e9dition du colloque international CMCL | Global Africa<\/title>\n<meta name=\"description\" content=\"Le colloque international CMCL a pour objectif d&#039;explorer la rencontre entre une offre technologique globalis\u00e9e, souvent occidentalo-centr\u00e9e, et les particularit\u00e9s locales d\u2019une diversit\u00e9 de territoires.\" \/>\n<meta name=\"robots\" content=\"index, follow, max-snippet:-1, max-image-preview:large, max-video-preview:-1\" \/>\n<link rel=\"canonical\" href=\"https:\/\/www.globalafricasciences.org\/fr\/deuxieme-edition-du-colloque-international-cmcl\/\" \/>\n<meta property=\"og:locale\" content=\"fr_FR\" \/>\n<meta property=\"og:type\" content=\"article\" \/>\n<meta property=\"og:title\" content=\"Deuxi\u00e8me \u00e9dition du colloque international CMCL | Global Africa\" \/>\n<meta property=\"og:description\" content=\"Le colloque international CMCL a pour objectif d&#039;explorer la rencontre entre une offre technologique globalis\u00e9e, souvent occidentalo-centr\u00e9e, et les particularit\u00e9s locales d\u2019une diversit\u00e9 de territoires.\" \/>\n<meta property=\"og:url\" content=\"https:\/\/www.globalafricasciences.org\/fr\/deuxieme-edition-du-colloque-international-cmcl\/\" \/>\n<meta property=\"og:site_name\" content=\"Global Africa\" \/>\n<meta property=\"article:publisher\" content=\"https:\/\/www.facebook.com\/globalafricasciences\" \/>\n<meta property=\"article:published_time\" content=\"2025-02-26T11:52:36+00:00\" \/>\n<meta property=\"article:modified_time\" content=\"2025-06-02T09:52:06+00:00\" \/>\n<meta name=\"author\" content=\"Global Africa\" \/>\n<meta name=\"twitter:card\" content=\"summary_large_image\" \/>\n<meta name=\"twitter:label1\" content=\"\u00c9crit par\" \/>\n\t<meta name=\"twitter:data1\" content=\"Global Africa\" \/>\n\t<meta name=\"twitter:label2\" content=\"Dur\u00e9e de lecture estim\u00e9e\" \/>\n\t<meta name=\"twitter:data2\" content=\"1 minute\" \/>\n<script type=\"application\/ld+json\" class=\"yoast-schema-graph\">{\"@context\":\"https:\\\/\\\/schema.org\",\"@graph\":[{\"@type\":\"Article\",\"@id\":\"https:\\\/\\\/www.globalafricasciences.org\\\/fr\\\/deuxieme-edition-du-colloque-international-cmcl\\\/#article\",\"isPartOf\":{\"@id\":\"https:\\\/\\\/www.globalafricasciences.org\\\/fr\\\/deuxieme-edition-du-colloque-international-cmcl\\\/\"},\"author\":{\"name\":\"Global Africa\",\"@id\":\"https:\\\/\\\/www.globalafricasciences.org\\\/fr\\\/#\\\/schema\\\/person\\\/8c11b55a8c7d287934a558c0e354b773\"},\"headline\":\"Deuxi\u00e8me \u00e9dition du colloque international CMCL\",\"datePublished\":\"2025-02-26T11:52:36+00:00\",\"dateModified\":\"2025-06-02T09:52:06+00:00\",\"mainEntityOfPage\":{\"@id\":\"https:\\\/\\\/www.globalafricasciences.org\\\/fr\\\/deuxieme-edition-du-colloque-international-cmcl\\\/\"},\"wordCount\":222,\"commentCount\":0,\"publisher\":{\"@id\":\"https:\\\/\\\/www.globalafricasciences.org\\\/fr\\\/#organization\"},\"image\":{\"@id\":\"https:\\\/\\\/www.globalafricasciences.org\\\/fr\\\/deuxieme-edition-du-colloque-international-cmcl\\\/#primaryimage\"},\"thumbnailUrl\":\"https:\\\/\\\/www.globalafricasciences.org\\\/wp-content\\\/uploads\\\/2025\\\/02\\\/Second-Edition-of-the-International-CMCL-Conference-.avif\",\"articleSection\":[\"Conf\u00e9rences\"],\"inLanguage\":\"fr-FR\",\"potentialAction\":[{\"@type\":\"CommentAction\",\"name\":\"Comment\",\"target\":[\"https:\\\/\\\/www.globalafricasciences.org\\\/fr\\\/deuxieme-edition-du-colloque-international-cmcl\\\/#respond\"]}]},{\"@type\":\"WebPage\",\"@id\":\"https:\\\/\\\/www.globalafricasciences.org\\\/fr\\\/deuxieme-edition-du-colloque-international-cmcl\\\/\",\"url\":\"https:\\\/\\\/www.globalafricasciences.org\\\/fr\\\/deuxieme-edition-du-colloque-international-cmcl\\\/\",\"name\":\"Deuxi\u00e8me \u00e9dition du colloque international CMCL | Global Africa\",\"isPartOf\":{\"@id\":\"https:\\\/\\\/www.globalafricasciences.org\\\/fr\\\/#website\"},\"primaryImageOfPage\":{\"@id\":\"https:\\\/\\\/www.globalafricasciences.org\\\/fr\\\/deuxieme-edition-du-colloque-international-cmcl\\\/#primaryimage\"},\"image\":{\"@id\":\"https:\\\/\\\/www.globalafricasciences.org\\\/fr\\\/deuxieme-edition-du-colloque-international-cmcl\\\/#primaryimage\"},\"thumbnailUrl\":\"https:\\\/\\\/www.globalafricasciences.org\\\/wp-content\\\/uploads\\\/2025\\\/02\\\/Second-Edition-of-the-International-CMCL-Conference-.avif\",\"datePublished\":\"2025-02-26T11:52:36+00:00\",\"dateModified\":\"2025-06-02T09:52:06+00:00\",\"description\":\"Le colloque international CMCL a pour objectif d'explorer la rencontre entre une offre technologique globalis\u00e9e, souvent occidentalo-centr\u00e9e, et les particularit\u00e9s locales d\u2019une diversit\u00e9 de territoires.\",\"breadcrumb\":{\"@id\":\"https:\\\/\\\/www.globalafricasciences.org\\\/fr\\\/deuxieme-edition-du-colloque-international-cmcl\\\/#breadcrumb\"},\"inLanguage\":\"fr-FR\",\"potentialAction\":[{\"@type\":\"ReadAction\",\"target\":[\"https:\\\/\\\/www.globalafricasciences.org\\\/fr\\\/deuxieme-edition-du-colloque-international-cmcl\\\/\"]}]},{\"@type\":\"ImageObject\",\"inLanguage\":\"fr-FR\",\"@id\":\"https:\\\/\\\/www.globalafricasciences.org\\\/fr\\\/deuxieme-edition-du-colloque-international-cmcl\\\/#primaryimage\",\"url\":\"https:\\\/\\\/www.globalafricasciences.org\\\/wp-content\\\/uploads\\\/2025\\\/02\\\/Second-Edition-of-the-International-CMCL-Conference-.avif\",\"contentUrl\":\"https:\\\/\\\/www.globalafricasciences.org\\\/wp-content\\\/uploads\\\/2025\\\/02\\\/Second-Edition-of-the-International-CMCL-Conference-.avif\",\"width\":1079,\"height\":230},{\"@type\":\"BreadcrumbList\",\"@id\":\"https:\\\/\\\/www.globalafricasciences.org\\\/fr\\\/deuxieme-edition-du-colloque-international-cmcl\\\/#breadcrumb\",\"itemListElement\":[{\"@type\":\"ListItem\",\"position\":1,\"name\":\"Home\",\"item\":\"https:\\\/\\\/www.globalafricasciences.org\\\/fr\\\/accueil\\\/\"},{\"@type\":\"ListItem\",\"position\":2,\"name\":\"Deuxi\u00e8me \u00e9dition du colloque international CMCL\"}]},{\"@type\":\"WebSite\",\"@id\":\"https:\\\/\\\/www.globalafricasciences.org\\\/fr\\\/#website\",\"url\":\"https:\\\/\\\/www.globalafricasciences.org\\\/fr\\\/\",\"name\":\"Global Africa\",\"description\":\"Pan-African Scientific Journal\",\"publisher\":{\"@id\":\"https:\\\/\\\/www.globalafricasciences.org\\\/fr\\\/#organization\"},\"potentialAction\":[{\"@type\":\"SearchAction\",\"target\":{\"@type\":\"EntryPoint\",\"urlTemplate\":\"https:\\\/\\\/www.globalafricasciences.org\\\/fr\\\/?s={search_term_string}\"},\"query-input\":{\"@type\":\"PropertyValueSpecification\",\"valueRequired\":true,\"valueName\":\"search_term_string\"}}],\"inLanguage\":\"fr-FR\"},{\"@type\":\"Organization\",\"@id\":\"https:\\\/\\\/www.globalafricasciences.org\\\/fr\\\/#organization\",\"name\":\"Global Africa\",\"url\":\"https:\\\/\\\/www.globalafricasciences.org\\\/fr\\\/\",\"logo\":{\"@type\":\"ImageObject\",\"inLanguage\":\"fr-FR\",\"@id\":\"https:\\\/\\\/www.globalafricasciences.org\\\/fr\\\/#\\\/schema\\\/logo\\\/image\\\/\",\"url\":\"https:\\\/\\\/www.globalafricasciences.org\\\/wp-content\\\/uploads\\\/2024\\\/12\\\/Globalafrica.png\",\"contentUrl\":\"https:\\\/\\\/www.globalafricasciences.org\\\/wp-content\\\/uploads\\\/2024\\\/12\\\/Globalafrica.png\",\"width\":1680,\"height\":750,\"caption\":\"Global Africa\"},\"image\":{\"@id\":\"https:\\\/\\\/www.globalafricasciences.org\\\/fr\\\/#\\\/schema\\\/logo\\\/image\\\/\"},\"sameAs\":[\"https:\\\/\\\/www.facebook.com\\\/globalafricasciences\"]},{\"@type\":\"Person\",\"@id\":\"https:\\\/\\\/www.globalafricasciences.org\\\/fr\\\/#\\\/schema\\\/person\\\/8c11b55a8c7d287934a558c0e354b773\",\"name\":\"Global Africa\",\"image\":{\"@type\":\"ImageObject\",\"inLanguage\":\"fr-FR\",\"@id\":\"https:\\\/\\\/www.globalafricasciences.org\\\/wp-content\\\/uploads\\\/2024\\\/11\\\/Global-Africa.jpgd44bc09810f00cf464135b8441da2384\",\"url\":\"https:\\\/\\\/www.globalafricasciences.org\\\/wp-content\\\/uploads\\\/2024\\\/11\\\/Global-Africa.jpg\",\"contentUrl\":\"https:\\\/\\\/www.globalafricasciences.org\\\/wp-content\\\/uploads\\\/2024\\\/11\\\/Global-Africa.jpg\",\"caption\":\"Global Africa\"},\"description\":\"The editorial board of the journal is led by Mame-Penda Ba, a professor of political science at Gaston Berger University and the director of LASPAD(Laboratory of Social, Political, and Administrative Studies), Senegal.\",\"url\":\"https:\\\/\\\/www.globalafricasciences.org\\\/author\\\/globalafrica\\\/\"}]}<\/script>\n<!-- \/ Yoast SEO plugin. -->","yoast_head_json":{"title":"Deuxi\u00e8me \u00e9dition du colloque international CMCL | Global Africa","description":"Le colloque international CMCL a pour objectif d'explorer la rencontre entre une offre technologique globalis\u00e9e, souvent occidentalo-centr\u00e9e, et les particularit\u00e9s locales d\u2019une diversit\u00e9 de territoires.","robots":{"index":"index","follow":"follow","max-snippet":"max-snippet:-1","max-image-preview":"max-image-preview:large","max-video-preview":"max-video-preview:-1"},"canonical":"https:\/\/www.globalafricasciences.org\/fr\/deuxieme-edition-du-colloque-international-cmcl\/","og_locale":"fr_FR","og_type":"article","og_title":"Deuxi\u00e8me \u00e9dition du colloque international CMCL | Global Africa","og_description":"Le colloque international CMCL a pour objectif d'explorer la rencontre entre une offre technologique globalis\u00e9e, souvent occidentalo-centr\u00e9e, et les particularit\u00e9s locales d\u2019une diversit\u00e9 de territoires.","og_url":"https:\/\/www.globalafricasciences.org\/fr\/deuxieme-edition-du-colloque-international-cmcl\/","og_site_name":"Global Africa","article_publisher":"https:\/\/www.facebook.com\/globalafricasciences","article_published_time":"2025-02-26T11:52:36+00:00","article_modified_time":"2025-06-02T09:52:06+00:00","author":"Global Africa","twitter_card":"summary_large_image","twitter_misc":{"\u00c9crit par":"Global Africa","Dur\u00e9e de lecture estim\u00e9e":"1 minute"},"schema":{"@context":"https:\/\/schema.org","@graph":[{"@type":"Article","@id":"https:\/\/www.globalafricasciences.org\/fr\/deuxieme-edition-du-colloque-international-cmcl\/#article","isPartOf":{"@id":"https:\/\/www.globalafricasciences.org\/fr\/deuxieme-edition-du-colloque-international-cmcl\/"},"author":{"name":"Global Africa","@id":"https:\/\/www.globalafricasciences.org\/fr\/#\/schema\/person\/8c11b55a8c7d287934a558c0e354b773"},"headline":"Deuxi\u00e8me \u00e9dition du colloque international CMCL","datePublished":"2025-02-26T11:52:36+00:00","dateModified":"2025-06-02T09:52:06+00:00","mainEntityOfPage":{"@id":"https:\/\/www.globalafricasciences.org\/fr\/deuxieme-edition-du-colloque-international-cmcl\/"},"wordCount":222,"commentCount":0,"publisher":{"@id":"https:\/\/www.globalafricasciences.org\/fr\/#organization"},"image":{"@id":"https:\/\/www.globalafricasciences.org\/fr\/deuxieme-edition-du-colloque-international-cmcl\/#primaryimage"},"thumbnailUrl":"https:\/\/www.globalafricasciences.org\/wp-content\/uploads\/2025\/02\/Second-Edition-of-the-International-CMCL-Conference-.avif","articleSection":["Conf\u00e9rences"],"inLanguage":"fr-FR","potentialAction":[{"@type":"CommentAction","name":"Comment","target":["https:\/\/www.globalafricasciences.org\/fr\/deuxieme-edition-du-colloque-international-cmcl\/#respond"]}]},{"@type":"WebPage","@id":"https:\/\/www.globalafricasciences.org\/fr\/deuxieme-edition-du-colloque-international-cmcl\/","url":"https:\/\/www.globalafricasciences.org\/fr\/deuxieme-edition-du-colloque-international-cmcl\/","name":"Deuxi\u00e8me \u00e9dition du colloque international CMCL | Global Africa","isPartOf":{"@id":"https:\/\/www.globalafricasciences.org\/fr\/#website"},"primaryImageOfPage":{"@id":"https:\/\/www.globalafricasciences.org\/fr\/deuxieme-edition-du-colloque-international-cmcl\/#primaryimage"},"image":{"@id":"https:\/\/www.globalafricasciences.org\/fr\/deuxieme-edition-du-colloque-international-cmcl\/#primaryimage"},"thumbnailUrl":"https:\/\/www.globalafricasciences.org\/wp-content\/uploads\/2025\/02\/Second-Edition-of-the-International-CMCL-Conference-.avif","datePublished":"2025-02-26T11:52:36+00:00","dateModified":"2025-06-02T09:52:06+00:00","description":"Le colloque international CMCL a pour objectif d'explorer la rencontre entre une offre technologique globalis\u00e9e, souvent occidentalo-centr\u00e9e, et les particularit\u00e9s locales d\u2019une diversit\u00e9 de territoires.","breadcrumb":{"@id":"https:\/\/www.globalafricasciences.org\/fr\/deuxieme-edition-du-colloque-international-cmcl\/#breadcrumb"},"inLanguage":"fr-FR","potentialAction":[{"@type":"ReadAction","target":["https:\/\/www.globalafricasciences.org\/fr\/deuxieme-edition-du-colloque-international-cmcl\/"]}]},{"@type":"ImageObject","inLanguage":"fr-FR","@id":"https:\/\/www.globalafricasciences.org\/fr\/deuxieme-edition-du-colloque-international-cmcl\/#primaryimage","url":"https:\/\/www.globalafricasciences.org\/wp-content\/uploads\/2025\/02\/Second-Edition-of-the-International-CMCL-Conference-.avif","contentUrl":"https:\/\/www.globalafricasciences.org\/wp-content\/uploads\/2025\/02\/Second-Edition-of-the-International-CMCL-Conference-.avif","width":1079,"height":230},{"@type":"BreadcrumbList","@id":"https:\/\/www.globalafricasciences.org\/fr\/deuxieme-edition-du-colloque-international-cmcl\/#breadcrumb","itemListElement":[{"@type":"ListItem","position":1,"name":"Home","item":"https:\/\/www.globalafricasciences.org\/fr\/accueil\/"},{"@type":"ListItem","position":2,"name":"Deuxi\u00e8me \u00e9dition du colloque international CMCL"}]},{"@type":"WebSite","@id":"https:\/\/www.globalafricasciences.org\/fr\/#website","url":"https:\/\/www.globalafricasciences.org\/fr\/","name":"Global Africa","description":"Pan-African Scientific Journal","publisher":{"@id":"https:\/\/www.globalafricasciences.org\/fr\/#organization"},"potentialAction":[{"@type":"SearchAction","target":{"@type":"EntryPoint","urlTemplate":"https:\/\/www.globalafricasciences.org\/fr\/?s={search_term_string}"},"query-input":{"@type":"PropertyValueSpecification","valueRequired":true,"valueName":"search_term_string"}}],"inLanguage":"fr-FR"},{"@type":"Organization","@id":"https:\/\/www.globalafricasciences.org\/fr\/#organization","name":"Global Africa","url":"https:\/\/www.globalafricasciences.org\/fr\/","logo":{"@type":"ImageObject","inLanguage":"fr-FR","@id":"https:\/\/www.globalafricasciences.org\/fr\/#\/schema\/logo\/image\/","url":"https:\/\/www.globalafricasciences.org\/wp-content\/uploads\/2024\/12\/Globalafrica.png","contentUrl":"https:\/\/www.globalafricasciences.org\/wp-content\/uploads\/2024\/12\/Globalafrica.png","width":1680,"height":750,"caption":"Global Africa"},"image":{"@id":"https:\/\/www.globalafricasciences.org\/fr\/#\/schema\/logo\/image\/"},"sameAs":["https:\/\/www.facebook.com\/globalafricasciences"]},{"@type":"Person","@id":"https:\/\/www.globalafricasciences.org\/fr\/#\/schema\/person\/8c11b55a8c7d287934a558c0e354b773","name":"Global Africa","image":{"@type":"ImageObject","inLanguage":"fr-FR","@id":"https:\/\/www.globalafricasciences.org\/wp-content\/uploads\/2024\/11\/Global-Africa.jpgd44bc09810f00cf464135b8441da2384","url":"https:\/\/www.globalafricasciences.org\/wp-content\/uploads\/2024\/11\/Global-Africa.jpg","contentUrl":"https:\/\/www.globalafricasciences.org\/wp-content\/uploads\/2024\/11\/Global-Africa.jpg","caption":"Global Africa"},"description":"The editorial board of the journal is led by Mame-Penda Ba, a professor of political science at Gaston Berger University and the director of LASPAD(Laboratory of Social, Political, and Administrative Studies), Senegal.","url":"https:\/\/www.globalafricasciences.org\/author\/globalafrica\/"}]}},"acf":[],"authors":[{"term_id":265,"user_id":0,"is_guest":1,"slug":"global-africa","display_name":"Global Africa","avatar_url":{"url":"https:\/\/www.globalafricasciences.org\/wp-content\/uploads\/2024\/11\/Global-Africa.jpg","url2x":"https:\/\/www.globalafricasciences.org\/wp-content\/uploads\/2024\/11\/Global-Africa.jpg"},"author_category":"1","exclude_author":"","main-organisation":"Universit\u00e9 Gaston Berger","country_of_org":"S\u00e9n\u00e9gal","field_of_work":"Sciences sociales","first_name":"","last_name":"","user_url":"","job_title":"","description":"<div id=\"comp-lmq9yt56\" class=\"HcOXKn c9GqVL QxJLC3 lq2cno YQcXTT comp-lmq9yt56 wixui-rich-text\" data-testid=\"richTextElement\">\r\n<p class=\"font_8 wixui-rich-text__text\">La r\u00e9daction de la revue est dirig\u00e9e par Mame-Penda Ba, professeure de sciences politiques \u00e0 l'Universit\u00e9 Gaston Berger et directrice du LASPAD, S\u00e9n\u00e9gal<\/p>\r\n\r\n<\/div>"}],"_links":{"self":[{"href":"https:\/\/www.globalafricasciences.org\/fr\/wp-json\/wp\/v2\/posts\/9024","targetHints":{"allow":["GET"]}}],"collection":[{"href":"https:\/\/www.globalafricasciences.org\/fr\/wp-json\/wp\/v2\/posts"}],"about":[{"href":"https:\/\/www.globalafricasciences.org\/fr\/wp-json\/wp\/v2\/types\/post"}],"author":[{"embeddable":true,"href":"https:\/\/www.globalafricasciences.org\/fr\/wp-json\/wp\/v2\/users\/50"}],"replies":[{"embeddable":true,"href":"https:\/\/www.globalafricasciences.org\/fr\/wp-json\/wp\/v2\/comments?post=9024"}],"version-history":[{"count":0,"href":"https:\/\/www.globalafricasciences.org\/fr\/wp-json\/wp\/v2\/posts\/9024\/revisions"}],"wp:featuredmedia":[{"embeddable":true,"href":"https:\/\/www.globalafricasciences.org\/fr\/wp-json\/wp\/v2\/media\/9021"}],"wp:attachment":[{"href":"https:\/\/www.globalafricasciences.org\/fr\/wp-json\/wp\/v2\/media?parent=9024"}],"wp:term":[{"taxonomy":"category","embeddable":true,"href":"https:\/\/www.globalafricasciences.org\/fr\/wp-json\/wp\/v2\/categories?post=9024"},{"taxonomy":"post_tag","embeddable":true,"href":"https:\/\/www.globalafricasciences.org\/fr\/wp-json\/wp\/v2\/tags?post=9024"},{"taxonomy":"issues3","embeddable":true,"href":"https:\/\/www.globalafricasciences.org\/fr\/wp-json\/wp\/v2\/issues3?post=9024"},{"taxonomy":"post_folder","embeddable":true,"href":"https:\/\/www.globalafricasciences.org\/fr\/wp-json\/wp\/v2\/post_folder?post=9024"},{"taxonomy":"author","embeddable":true,"href":"https:\/\/www.globalafricasciences.org\/fr\/wp-json\/wp\/v2\/ppma_author?post=9024"}],"curies":[{"name":"wp","href":"https:\/\/api.w.org\/{rel}","templated":true}]}}