{"id":9006,"date":"2025-02-25T22:10:35","date_gmt":"2025-02-25T22:10:35","guid":{"rendered":"https:\/\/www.globalafricasciences.org\/actualites\/lafrique-en-devenir-colloque-international-et-interdisciplinaire\/"},"modified":"2025-06-02T10:00:21","modified_gmt":"2025-06-02T10:00:21","slug":"lafrique-en-devenir-colloque-international-et-interdisciplinaire","status":"publish","type":"post","link":"https:\/\/www.globalafricasciences.org\/fr\/lafrique-en-devenir-colloque-international-et-interdisciplinaire\/","title":{"rendered":"L\u2019Afrique en devenir : colloque international et interdisciplinaire"},"content":{"rendered":"\n<p><strong>Universit\u00e9 Cheikh Anta Diop, Dakar<\/strong><\/p>\n\n<div class=\"wp-block-media-text is-stacked-on-mobile\"><figure class=\"wp-block-media-text__media\"><img fetchpriority=\"high\" decoding=\"async\" width=\"700\" height=\"466\" src=\"https:\/\/www.globalafricasciences.org\/wp-content\/uploads\/2025\/02\/Shaping-Africas-Future.avif\" alt=\"\" class=\"wp-image-9003 size-full\"\/><\/figure><div class=\"wp-block-media-text__content\">\n<p>Ce colloque international et interdisciplinaire a pour objectif principal de se pencher sur la question de L\u2019<em>Afrique en devenir<\/em>. Derri\u00e8re cette question, se trouve une orientation que les intellectuels de tout bord r\u00e9affirment en permanence : le continent de Cheikh Anta Diop est porteur de renouveau, il a un in\u00e9puisable potentiel de renouvellement. Charg\u00e9e de valeurs n\u00e9gatives (afro-pessimisme), positives (afro-optimiste) ou envisag\u00e9e suivant les m\u00e9thodes de la stricte prudence scientifique, l\u2019Afrique est incontournable.  <\/p>\n<\/div><\/div>\n\n<p id=\"viewer-99mkv\">De la sorte, l\u2019UCAD semble se mobiliser pour la promotion effective des valeurs dont le continent noir est le symbole. La question permet aussi de d\u00e9finir exactement la nature des enjeux entre l\u2019Afrique et la modernit\u00e9 pens\u00e9e comme processus de probl\u00e9matisation du rapport \u00e0 la tradition. Et, dans le cadre de la mondialisation, les rapports entre les civilisations rev\u00eatent toutes sortes de configurations : contacts, \u00e9changes, frictions, conflits\u2026 Mais, contre la tentative d\u2019homog\u00e9n\u00e9isation, le colloque (re)pose avec beaucoup d\u2019acuit\u00e9 le probl\u00e8me de la diversit\u00e9. C\u2019est un vaste laboratoire \u00e0 l\u2019int\u00e9rieur duquel les chercheurs envisageront la question du rapport \u00e0 l\u2019autre et du dialogue des cultures sur le mode d\u2019un enrichissement et non d\u2019une synth\u00e8se qui gommerait toutes les diff\u00e9rences. C\u2019est autour de ces questions riches de futur que se tiendra le colloque de la Facult\u00e9 des Lettres de l\u2019Universit\u00e9 Cheikh Anta Diop de Dakar.     <\/p>\n\n<p id=\"viewer-d0nrf\"><strong>Appel \u00e0 communications<\/strong>: Les propositions de communication doivent \u00eatre soumises au plus tard le <strong>30 septembre 2022 \u00e0 18h00 GMT<\/strong> sur le site web de la conf\u00e9rence : <a target=\"_blank\" href=\"https:\/\/afriquedevenir.sciencesconf.org\/\" rel=\"noreferrer noopener\">https:\/\/shapingafrica&rsquo;sfuture.sciencesconf.org\/<\/a>. Les propositions peuvent \u00e9galement \u00eatre envoy\u00e9es aux adresses \u00e9lectroniques suivantes : <a target=\"_blank\" href=\"mailto:lamine.ndiaye@ucad.edu.sn\" rel=\"noreferrer noopener\">lamine.ndiaye@ucad.edu.sn,<\/a> <a target=\"_blank\" href=\"mailto:mariemehady.ly@ucad.edu.sn\" rel=\"noreferrer noopener\">mariemehady.ly@ucad.edu.sn,<\/a> sous la forme d&rsquo;un fichier Word intitul\u00e9 : Proposition de communication \u00ab\u00a0Shaping Africa&rsquo;s Future\u00a0\u00bb. <\/p>\n\n<p id=\"viewer-l891\">Pour plus d&rsquo;informations : <a target=\"_blank\" href=\"https:\/\/afriquedevenir.sciencesconf.org\/\" rel=\"noreferrer noopener\"><strong>https:\/\/shapingafrica&rsquo;sfuture.sciencesconf.org\/<\/strong><\/a><\/p>\n","protected":false},"excerpt":{"rendered":"<p>Universit\u00e9 Cheikh Anta Diop, Dakar Ce colloque international et interdisciplinaire a pour objectif principal de se pencher sur la question de L\u2019Afrique en devenir. Derri\u00e8re cette question, se trouve une orientation que les intellectuels de tout bord r\u00e9affirment en permanence : le continent de Cheikh Anta Diop est porteur de renouveau, il a un in\u00e9puisable potentiel de renouvellement. Charg\u00e9e de valeurs n\u00e9gatives (afro-pessimisme), positives (afro-optimiste) ou envisag\u00e9e suivant les m\u00e9thodes de la stricte prudence scientifique, l\u2019Afrique est incontournable. De la sorte, l\u2019UCAD semble se mobiliser pour la promotion effective des valeurs dont le continent noir est le symbole. La question permet aussi de d\u00e9finir exactement la nature des enjeux entre l\u2019Afrique et la modernit\u00e9 pens\u00e9e comme processus de probl\u00e9matisation du rapport \u00e0 la tradition. Et, dans le cadre de la mondialisation, les rapports entre les civilisations rev\u00eatent toutes sortes de configurations : contacts, \u00e9changes, frictions, conflits\u2026 Mais, contre la tentative d\u2019homog\u00e9n\u00e9isation, le colloque (re)pose avec beaucoup d\u2019acuit\u00e9 le probl\u00e8me de la diversit\u00e9. C\u2019est un vaste laboratoire \u00e0 l\u2019int\u00e9rieur duquel les chercheurs envisageront la question du rapport \u00e0 l\u2019autre et du dialogue des cultures sur le mode d\u2019un enrichissement et non d\u2019une synth\u00e8se qui gommerait toutes les diff\u00e9rences. C\u2019est autour de ces questions riches de futur que se tiendra le colloque de la Facult\u00e9 des Lettres de l\u2019Universit\u00e9 Cheikh Anta Diop de Dakar. Appel \u00e0 communications: Les propositions de communication doivent \u00eatre soumises au plus tard le 30 septembre 2022 \u00e0 18h00 GMT sur le site web de la conf\u00e9rence : https:\/\/shapingafrica&rsquo;sfuture.sciencesconf.org\/. Les propositions peuvent \u00e9galement \u00eatre envoy\u00e9es aux adresses \u00e9lectroniques suivantes : lamine.ndiaye@ucad.edu.sn, mariemehady.ly@ucad.edu.sn, sous la forme d&rsquo;un fichier Word intitul\u00e9 : Proposition de communication \u00ab\u00a0Shaping Africa&rsquo;s Future\u00a0\u00bb. Pour plus d&rsquo;informations : https:\/\/shapingafrica&rsquo;sfuture.sciencesconf.org\/<\/p>\n","protected":false},"author":50,"featured_media":9004,"comment_status":"open","ping_status":"open","sticky":false,"template":"","format":"standard","meta":{"footnotes":""},"categories":[179],"tags":[],"issues3":[],"post_folder":[],"ppma_author":[265],"class_list":["post-9006","post","type-post","status-publish","format-standard","has-post-thumbnail","hentry","category-conferences-fr","author-global-africa"],"yoast_head":"<!-- This site is optimized with the Yoast SEO plugin v27.5 - https:\/\/yoast.com\/product\/yoast-seo-wordpress\/ -->\n<title>L\u2019Afrique en devenir : colloque international et interdisciplinaire | Global Africa<\/title>\n<meta name=\"description\" content=\"Ce colloque international et interdisciplinaire a pour objectif principal de se pencher sur la question de L\u2019Afrique en devenir.\" \/>\n<meta name=\"robots\" content=\"index, follow, max-snippet:-1, max-image-preview:large, max-video-preview:-1\" \/>\n<link rel=\"canonical\" href=\"https:\/\/www.globalafricasciences.org\/fr\/lafrique-en-devenir-colloque-international-et-interdisciplinaire\/\" \/>\n<meta property=\"og:locale\" content=\"fr_FR\" \/>\n<meta property=\"og:type\" content=\"article\" \/>\n<meta property=\"og:title\" content=\"L\u2019Afrique en devenir : colloque international et interdisciplinaire | Global Africa\" \/>\n<meta property=\"og:description\" content=\"Ce colloque international et interdisciplinaire a pour objectif principal de se pencher sur la question de L\u2019Afrique en devenir.\" \/>\n<meta property=\"og:url\" content=\"https:\/\/www.globalafricasciences.org\/fr\/lafrique-en-devenir-colloque-international-et-interdisciplinaire\/\" \/>\n<meta property=\"og:site_name\" content=\"Global Africa\" \/>\n<meta property=\"article:publisher\" content=\"https:\/\/www.facebook.com\/globalafricasciences\" \/>\n<meta property=\"article:published_time\" content=\"2025-02-25T22:10:35+00:00\" \/>\n<meta property=\"article:modified_time\" content=\"2025-06-02T10:00:21+00:00\" \/>\n<meta name=\"author\" content=\"Global Africa\" \/>\n<meta name=\"twitter:card\" content=\"summary_large_image\" \/>\n<meta name=\"twitter:label1\" content=\"\u00c9crit par\" \/>\n\t<meta name=\"twitter:data1\" content=\"Global Africa\" \/>\n\t<meta name=\"twitter:label2\" content=\"Dur\u00e9e de lecture estim\u00e9e\" \/>\n\t<meta name=\"twitter:data2\" content=\"2 minutes\" \/>\n<script type=\"application\/ld+json\" class=\"yoast-schema-graph\">{\"@context\":\"https:\\\/\\\/schema.org\",\"@graph\":[{\"@type\":\"Article\",\"@id\":\"https:\\\/\\\/www.globalafricasciences.org\\\/fr\\\/lafrique-en-devenir-colloque-international-et-interdisciplinaire\\\/#article\",\"isPartOf\":{\"@id\":\"https:\\\/\\\/www.globalafricasciences.org\\\/fr\\\/lafrique-en-devenir-colloque-international-et-interdisciplinaire\\\/\"},\"author\":{\"name\":\"Global Africa\",\"@id\":\"https:\\\/\\\/www.globalafricasciences.org\\\/fr\\\/#\\\/schema\\\/person\\\/8c11b55a8c7d287934a558c0e354b773\"},\"headline\":\"L\u2019Afrique en devenir : colloque international et interdisciplinaire\",\"datePublished\":\"2025-02-25T22:10:35+00:00\",\"dateModified\":\"2025-06-02T10:00:21+00:00\",\"mainEntityOfPage\":{\"@id\":\"https:\\\/\\\/www.globalafricasciences.org\\\/fr\\\/lafrique-en-devenir-colloque-international-et-interdisciplinaire\\\/\"},\"wordCount\":330,\"commentCount\":0,\"publisher\":{\"@id\":\"https:\\\/\\\/www.globalafricasciences.org\\\/fr\\\/#organization\"},\"image\":{\"@id\":\"https:\\\/\\\/www.globalafricasciences.org\\\/fr\\\/lafrique-en-devenir-colloque-international-et-interdisciplinaire\\\/#primaryimage\"},\"thumbnailUrl\":\"https:\\\/\\\/www.globalafricasciences.org\\\/wp-content\\\/uploads\\\/2025\\\/02\\\/Shaping-Africas-Future.avif\",\"articleSection\":[\"Conf\u00e9rences\"],\"inLanguage\":\"fr-FR\",\"potentialAction\":[{\"@type\":\"CommentAction\",\"name\":\"Comment\",\"target\":[\"https:\\\/\\\/www.globalafricasciences.org\\\/fr\\\/lafrique-en-devenir-colloque-international-et-interdisciplinaire\\\/#respond\"]}]},{\"@type\":\"WebPage\",\"@id\":\"https:\\\/\\\/www.globalafricasciences.org\\\/fr\\\/lafrique-en-devenir-colloque-international-et-interdisciplinaire\\\/\",\"url\":\"https:\\\/\\\/www.globalafricasciences.org\\\/fr\\\/lafrique-en-devenir-colloque-international-et-interdisciplinaire\\\/\",\"name\":\"L\u2019Afrique en devenir : colloque international et interdisciplinaire | Global Africa\",\"isPartOf\":{\"@id\":\"https:\\\/\\\/www.globalafricasciences.org\\\/fr\\\/#website\"},\"primaryImageOfPage\":{\"@id\":\"https:\\\/\\\/www.globalafricasciences.org\\\/fr\\\/lafrique-en-devenir-colloque-international-et-interdisciplinaire\\\/#primaryimage\"},\"image\":{\"@id\":\"https:\\\/\\\/www.globalafricasciences.org\\\/fr\\\/lafrique-en-devenir-colloque-international-et-interdisciplinaire\\\/#primaryimage\"},\"thumbnailUrl\":\"https:\\\/\\\/www.globalafricasciences.org\\\/wp-content\\\/uploads\\\/2025\\\/02\\\/Shaping-Africas-Future.avif\",\"datePublished\":\"2025-02-25T22:10:35+00:00\",\"dateModified\":\"2025-06-02T10:00:21+00:00\",\"description\":\"Ce colloque international et interdisciplinaire a pour objectif principal de se pencher sur la question de L\u2019Afrique en devenir.\",\"breadcrumb\":{\"@id\":\"https:\\\/\\\/www.globalafricasciences.org\\\/fr\\\/lafrique-en-devenir-colloque-international-et-interdisciplinaire\\\/#breadcrumb\"},\"inLanguage\":\"fr-FR\",\"potentialAction\":[{\"@type\":\"ReadAction\",\"target\":[\"https:\\\/\\\/www.globalafricasciences.org\\\/fr\\\/lafrique-en-devenir-colloque-international-et-interdisciplinaire\\\/\"]}]},{\"@type\":\"ImageObject\",\"inLanguage\":\"fr-FR\",\"@id\":\"https:\\\/\\\/www.globalafricasciences.org\\\/fr\\\/lafrique-en-devenir-colloque-international-et-interdisciplinaire\\\/#primaryimage\",\"url\":\"https:\\\/\\\/www.globalafricasciences.org\\\/wp-content\\\/uploads\\\/2025\\\/02\\\/Shaping-Africas-Future.avif\",\"contentUrl\":\"https:\\\/\\\/www.globalafricasciences.org\\\/wp-content\\\/uploads\\\/2025\\\/02\\\/Shaping-Africas-Future.avif\",\"width\":700,\"height\":466},{\"@type\":\"BreadcrumbList\",\"@id\":\"https:\\\/\\\/www.globalafricasciences.org\\\/fr\\\/lafrique-en-devenir-colloque-international-et-interdisciplinaire\\\/#breadcrumb\",\"itemListElement\":[{\"@type\":\"ListItem\",\"position\":1,\"name\":\"Home\",\"item\":\"https:\\\/\\\/www.globalafricasciences.org\\\/fr\\\/accueil\\\/\"},{\"@type\":\"ListItem\",\"position\":2,\"name\":\"L\u2019Afrique en devenir : colloque international et interdisciplinaire\"}]},{\"@type\":\"WebSite\",\"@id\":\"https:\\\/\\\/www.globalafricasciences.org\\\/fr\\\/#website\",\"url\":\"https:\\\/\\\/www.globalafricasciences.org\\\/fr\\\/\",\"name\":\"Global Africa\",\"description\":\"Pan-African Scientific Journal\",\"publisher\":{\"@id\":\"https:\\\/\\\/www.globalafricasciences.org\\\/fr\\\/#organization\"},\"potentialAction\":[{\"@type\":\"SearchAction\",\"target\":{\"@type\":\"EntryPoint\",\"urlTemplate\":\"https:\\\/\\\/www.globalafricasciences.org\\\/fr\\\/?s={search_term_string}\"},\"query-input\":{\"@type\":\"PropertyValueSpecification\",\"valueRequired\":true,\"valueName\":\"search_term_string\"}}],\"inLanguage\":\"fr-FR\"},{\"@type\":\"Organization\",\"@id\":\"https:\\\/\\\/www.globalafricasciences.org\\\/fr\\\/#organization\",\"name\":\"Global Africa\",\"url\":\"https:\\\/\\\/www.globalafricasciences.org\\\/fr\\\/\",\"logo\":{\"@type\":\"ImageObject\",\"inLanguage\":\"fr-FR\",\"@id\":\"https:\\\/\\\/www.globalafricasciences.org\\\/fr\\\/#\\\/schema\\\/logo\\\/image\\\/\",\"url\":\"https:\\\/\\\/www.globalafricasciences.org\\\/wp-content\\\/uploads\\\/2024\\\/12\\\/Globalafrica.png\",\"contentUrl\":\"https:\\\/\\\/www.globalafricasciences.org\\\/wp-content\\\/uploads\\\/2024\\\/12\\\/Globalafrica.png\",\"width\":1680,\"height\":750,\"caption\":\"Global Africa\"},\"image\":{\"@id\":\"https:\\\/\\\/www.globalafricasciences.org\\\/fr\\\/#\\\/schema\\\/logo\\\/image\\\/\"},\"sameAs\":[\"https:\\\/\\\/www.facebook.com\\\/globalafricasciences\"]},{\"@type\":\"Person\",\"@id\":\"https:\\\/\\\/www.globalafricasciences.org\\\/fr\\\/#\\\/schema\\\/person\\\/8c11b55a8c7d287934a558c0e354b773\",\"name\":\"Global Africa\",\"image\":{\"@type\":\"ImageObject\",\"inLanguage\":\"fr-FR\",\"@id\":\"https:\\\/\\\/www.globalafricasciences.org\\\/wp-content\\\/uploads\\\/2024\\\/11\\\/Global-Africa.jpgd44bc09810f00cf464135b8441da2384\",\"url\":\"https:\\\/\\\/www.globalafricasciences.org\\\/wp-content\\\/uploads\\\/2024\\\/11\\\/Global-Africa.jpg\",\"contentUrl\":\"https:\\\/\\\/www.globalafricasciences.org\\\/wp-content\\\/uploads\\\/2024\\\/11\\\/Global-Africa.jpg\",\"caption\":\"Global Africa\"},\"description\":\"The editorial board of the journal is led by Mame-Penda Ba, a professor of political science at Gaston Berger University and the director of LASPAD(Laboratory of Social, Political, and Administrative Studies), Senegal.\",\"url\":\"https:\\\/\\\/www.globalafricasciences.org\\\/author\\\/globalafrica\\\/\"}]}<\/script>\n<!-- \/ Yoast SEO plugin. -->","yoast_head_json":{"title":"L\u2019Afrique en devenir : colloque international et interdisciplinaire | Global Africa","description":"Ce colloque international et interdisciplinaire a pour objectif principal de se pencher sur la question de L\u2019Afrique en devenir.","robots":{"index":"index","follow":"follow","max-snippet":"max-snippet:-1","max-image-preview":"max-image-preview:large","max-video-preview":"max-video-preview:-1"},"canonical":"https:\/\/www.globalafricasciences.org\/fr\/lafrique-en-devenir-colloque-international-et-interdisciplinaire\/","og_locale":"fr_FR","og_type":"article","og_title":"L\u2019Afrique en devenir : colloque international et interdisciplinaire | Global Africa","og_description":"Ce colloque international et interdisciplinaire a pour objectif principal de se pencher sur la question de L\u2019Afrique en devenir.","og_url":"https:\/\/www.globalafricasciences.org\/fr\/lafrique-en-devenir-colloque-international-et-interdisciplinaire\/","og_site_name":"Global Africa","article_publisher":"https:\/\/www.facebook.com\/globalafricasciences","article_published_time":"2025-02-25T22:10:35+00:00","article_modified_time":"2025-06-02T10:00:21+00:00","author":"Global Africa","twitter_card":"summary_large_image","twitter_misc":{"\u00c9crit par":"Global Africa","Dur\u00e9e de lecture estim\u00e9e":"2 minutes"},"schema":{"@context":"https:\/\/schema.org","@graph":[{"@type":"Article","@id":"https:\/\/www.globalafricasciences.org\/fr\/lafrique-en-devenir-colloque-international-et-interdisciplinaire\/#article","isPartOf":{"@id":"https:\/\/www.globalafricasciences.org\/fr\/lafrique-en-devenir-colloque-international-et-interdisciplinaire\/"},"author":{"name":"Global Africa","@id":"https:\/\/www.globalafricasciences.org\/fr\/#\/schema\/person\/8c11b55a8c7d287934a558c0e354b773"},"headline":"L\u2019Afrique en devenir : colloque international et interdisciplinaire","datePublished":"2025-02-25T22:10:35+00:00","dateModified":"2025-06-02T10:00:21+00:00","mainEntityOfPage":{"@id":"https:\/\/www.globalafricasciences.org\/fr\/lafrique-en-devenir-colloque-international-et-interdisciplinaire\/"},"wordCount":330,"commentCount":0,"publisher":{"@id":"https:\/\/www.globalafricasciences.org\/fr\/#organization"},"image":{"@id":"https:\/\/www.globalafricasciences.org\/fr\/lafrique-en-devenir-colloque-international-et-interdisciplinaire\/#primaryimage"},"thumbnailUrl":"https:\/\/www.globalafricasciences.org\/wp-content\/uploads\/2025\/02\/Shaping-Africas-Future.avif","articleSection":["Conf\u00e9rences"],"inLanguage":"fr-FR","potentialAction":[{"@type":"CommentAction","name":"Comment","target":["https:\/\/www.globalafricasciences.org\/fr\/lafrique-en-devenir-colloque-international-et-interdisciplinaire\/#respond"]}]},{"@type":"WebPage","@id":"https:\/\/www.globalafricasciences.org\/fr\/lafrique-en-devenir-colloque-international-et-interdisciplinaire\/","url":"https:\/\/www.globalafricasciences.org\/fr\/lafrique-en-devenir-colloque-international-et-interdisciplinaire\/","name":"L\u2019Afrique en devenir : colloque international et interdisciplinaire | Global Africa","isPartOf":{"@id":"https:\/\/www.globalafricasciences.org\/fr\/#website"},"primaryImageOfPage":{"@id":"https:\/\/www.globalafricasciences.org\/fr\/lafrique-en-devenir-colloque-international-et-interdisciplinaire\/#primaryimage"},"image":{"@id":"https:\/\/www.globalafricasciences.org\/fr\/lafrique-en-devenir-colloque-international-et-interdisciplinaire\/#primaryimage"},"thumbnailUrl":"https:\/\/www.globalafricasciences.org\/wp-content\/uploads\/2025\/02\/Shaping-Africas-Future.avif","datePublished":"2025-02-25T22:10:35+00:00","dateModified":"2025-06-02T10:00:21+00:00","description":"Ce colloque international et interdisciplinaire a pour objectif principal de se pencher sur la question de L\u2019Afrique en devenir.","breadcrumb":{"@id":"https:\/\/www.globalafricasciences.org\/fr\/lafrique-en-devenir-colloque-international-et-interdisciplinaire\/#breadcrumb"},"inLanguage":"fr-FR","potentialAction":[{"@type":"ReadAction","target":["https:\/\/www.globalafricasciences.org\/fr\/lafrique-en-devenir-colloque-international-et-interdisciplinaire\/"]}]},{"@type":"ImageObject","inLanguage":"fr-FR","@id":"https:\/\/www.globalafricasciences.org\/fr\/lafrique-en-devenir-colloque-international-et-interdisciplinaire\/#primaryimage","url":"https:\/\/www.globalafricasciences.org\/wp-content\/uploads\/2025\/02\/Shaping-Africas-Future.avif","contentUrl":"https:\/\/www.globalafricasciences.org\/wp-content\/uploads\/2025\/02\/Shaping-Africas-Future.avif","width":700,"height":466},{"@type":"BreadcrumbList","@id":"https:\/\/www.globalafricasciences.org\/fr\/lafrique-en-devenir-colloque-international-et-interdisciplinaire\/#breadcrumb","itemListElement":[{"@type":"ListItem","position":1,"name":"Home","item":"https:\/\/www.globalafricasciences.org\/fr\/accueil\/"},{"@type":"ListItem","position":2,"name":"L\u2019Afrique en devenir : colloque international et interdisciplinaire"}]},{"@type":"WebSite","@id":"https:\/\/www.globalafricasciences.org\/fr\/#website","url":"https:\/\/www.globalafricasciences.org\/fr\/","name":"Global Africa","description":"Pan-African Scientific Journal","publisher":{"@id":"https:\/\/www.globalafricasciences.org\/fr\/#organization"},"potentialAction":[{"@type":"SearchAction","target":{"@type":"EntryPoint","urlTemplate":"https:\/\/www.globalafricasciences.org\/fr\/?s={search_term_string}"},"query-input":{"@type":"PropertyValueSpecification","valueRequired":true,"valueName":"search_term_string"}}],"inLanguage":"fr-FR"},{"@type":"Organization","@id":"https:\/\/www.globalafricasciences.org\/fr\/#organization","name":"Global Africa","url":"https:\/\/www.globalafricasciences.org\/fr\/","logo":{"@type":"ImageObject","inLanguage":"fr-FR","@id":"https:\/\/www.globalafricasciences.org\/fr\/#\/schema\/logo\/image\/","url":"https:\/\/www.globalafricasciences.org\/wp-content\/uploads\/2024\/12\/Globalafrica.png","contentUrl":"https:\/\/www.globalafricasciences.org\/wp-content\/uploads\/2024\/12\/Globalafrica.png","width":1680,"height":750,"caption":"Global Africa"},"image":{"@id":"https:\/\/www.globalafricasciences.org\/fr\/#\/schema\/logo\/image\/"},"sameAs":["https:\/\/www.facebook.com\/globalafricasciences"]},{"@type":"Person","@id":"https:\/\/www.globalafricasciences.org\/fr\/#\/schema\/person\/8c11b55a8c7d287934a558c0e354b773","name":"Global Africa","image":{"@type":"ImageObject","inLanguage":"fr-FR","@id":"https:\/\/www.globalafricasciences.org\/wp-content\/uploads\/2024\/11\/Global-Africa.jpgd44bc09810f00cf464135b8441da2384","url":"https:\/\/www.globalafricasciences.org\/wp-content\/uploads\/2024\/11\/Global-Africa.jpg","contentUrl":"https:\/\/www.globalafricasciences.org\/wp-content\/uploads\/2024\/11\/Global-Africa.jpg","caption":"Global Africa"},"description":"The editorial board of the journal is led by Mame-Penda Ba, a professor of political science at Gaston Berger University and the director of LASPAD(Laboratory of Social, Political, and Administrative Studies), Senegal.","url":"https:\/\/www.globalafricasciences.org\/author\/globalafrica\/"}]}},"acf":[],"authors":[{"term_id":265,"user_id":0,"is_guest":1,"slug":"global-africa","display_name":"Global Africa","avatar_url":{"url":"https:\/\/www.globalafricasciences.org\/wp-content\/uploads\/2024\/11\/Global-Africa.jpg","url2x":"https:\/\/www.globalafricasciences.org\/wp-content\/uploads\/2024\/11\/Global-Africa.jpg"},"author_category":"1","exclude_author":"","main-organisation":"Universit\u00e9 Gaston Berger","country_of_org":"S\u00e9n\u00e9gal","field_of_work":"Sciences sociales","first_name":"","last_name":"","user_url":"","job_title":"","description":"<div id=\"comp-lmq9yt56\" class=\"HcOXKn c9GqVL QxJLC3 lq2cno YQcXTT comp-lmq9yt56 wixui-rich-text\" data-testid=\"richTextElement\">\r\n<p class=\"font_8 wixui-rich-text__text\">La r\u00e9daction de la revue est dirig\u00e9e par Mame-Penda Ba, professeure de sciences politiques \u00e0 l'Universit\u00e9 Gaston Berger et directrice du LASPAD, S\u00e9n\u00e9gal<\/p>\r\n\r\n<\/div>"}],"_links":{"self":[{"href":"https:\/\/www.globalafricasciences.org\/fr\/wp-json\/wp\/v2\/posts\/9006","targetHints":{"allow":["GET"]}}],"collection":[{"href":"https:\/\/www.globalafricasciences.org\/fr\/wp-json\/wp\/v2\/posts"}],"about":[{"href":"https:\/\/www.globalafricasciences.org\/fr\/wp-json\/wp\/v2\/types\/post"}],"author":[{"embeddable":true,"href":"https:\/\/www.globalafricasciences.org\/fr\/wp-json\/wp\/v2\/users\/50"}],"replies":[{"embeddable":true,"href":"https:\/\/www.globalafricasciences.org\/fr\/wp-json\/wp\/v2\/comments?post=9006"}],"version-history":[{"count":0,"href":"https:\/\/www.globalafricasciences.org\/fr\/wp-json\/wp\/v2\/posts\/9006\/revisions"}],"wp:featuredmedia":[{"embeddable":true,"href":"https:\/\/www.globalafricasciences.org\/fr\/wp-json\/wp\/v2\/media\/9004"}],"wp:attachment":[{"href":"https:\/\/www.globalafricasciences.org\/fr\/wp-json\/wp\/v2\/media?parent=9006"}],"wp:term":[{"taxonomy":"category","embeddable":true,"href":"https:\/\/www.globalafricasciences.org\/fr\/wp-json\/wp\/v2\/categories?post=9006"},{"taxonomy":"post_tag","embeddable":true,"href":"https:\/\/www.globalafricasciences.org\/fr\/wp-json\/wp\/v2\/tags?post=9006"},{"taxonomy":"issues3","embeddable":true,"href":"https:\/\/www.globalafricasciences.org\/fr\/wp-json\/wp\/v2\/issues3?post=9006"},{"taxonomy":"post_folder","embeddable":true,"href":"https:\/\/www.globalafricasciences.org\/fr\/wp-json\/wp\/v2\/post_folder?post=9006"},{"taxonomy":"author","embeddable":true,"href":"https:\/\/www.globalafricasciences.org\/fr\/wp-json\/wp\/v2\/ppma_author?post=9006"}],"curies":[{"name":"wp","href":"https:\/\/api.w.org\/{rel}","templated":true}]}}