{"id":8991,"date":"2025-02-25T21:42:38","date_gmt":"2025-02-25T21:42:38","guid":{"rendered":"https:\/\/www.globalafricasciences.org\/actualites\/7eme-rencontres-des-etudes-africaines-en-france\/"},"modified":"2025-06-02T10:35:33","modified_gmt":"2025-06-02T10:35:33","slug":"7eme-rencontres-des-etudes-africaines-en-france","status":"publish","type":"post","link":"https:\/\/www.globalafricasciences.org\/fr\/7eme-rencontres-des-etudes-africaines-en-france\/","title":{"rendered":"7\u00e8me Rencontres des \u00c9tudes Africaines en France"},"content":{"rendered":"\n<p id=\"viewer-f79lf\">Date : 28 juin &#8211; 1er juillet 2022.<\/p>\n\n<p id=\"viewer-fc3du\">Lieu : Toulouse, France<\/p>\n\n<hr class=\"wp-block-separator has-alpha-channel-opacity\"\/>\n\n<figure class=\"wp-block-image size-full\"><img fetchpriority=\"high\" decoding=\"async\" width=\"1348\" height=\"499\" src=\"https:\/\/www.globalafricasciences.org\/wp-content\/uploads\/2025\/02\/7th-Meeting-of-African-Studies-in-France-.avif\" alt=\"\" class=\"wp-image-8978\"\/><\/figure>\n\n<p><\/p>\n\n<p id=\"viewer-e0jjt\">La 7\u00e8me \u00e9dition 2022, qui se d\u00e9roulera pour la premi\u00e8re fois \u00e0 Toulouse, sera l\u2019occasion de r\u00e9unir ces sp\u00e9cialistes autour d\u2019une th\u00e9matique transversale (\u00ab Circulations dans les Afriques, Afriques en circulation \u00bb) et d\u2019ateliers hors th\u00e9matique.<\/p>\n\n<p id=\"viewer-6sch4\">RENCONTRES DES JEUNES CHERCHEUR\u00b7E\u00b7S EN \u00c9TUDES AFRICAINES (JCEA)<\/p>\n\n<p id=\"viewer-8vul5\">Les REAF et les Rencontres des Jeunes Chercheur\u00b7e\u00b7s en \u00c9tudes Africaines (JCEA) se tiendront aux m\u00eames dates et dans le m\u00eame lieu, avec une programmation en partie mutualis\u00e9e. Les JCEA ont la particularit\u00e9 d\u2019\u00eatre enti\u00e8rement con\u00e7ues et organis\u00e9es par des doctorant\u00b7e\u00b7s et par des jeunes chercheur\u00b7e\u00b7s. Un appel \u00e0 communications distinct est lanc\u00e9 par le r\u00e9seau JCEA. Un appel \u00e0 contributions distinct est lanc\u00e9 par le r\u00e9seau JCEA.<\/p>\n","protected":false},"excerpt":{"rendered":"<p>Date : 28 juin &#8211; 1er juillet 2022. Lieu : Toulouse, France La 7\u00e8me \u00e9dition 2022, qui se d\u00e9roulera pour la premi\u00e8re fois \u00e0 Toulouse, sera l\u2019occasion de r\u00e9unir ces sp\u00e9cialistes autour d\u2019une th\u00e9matique transversale (\u00ab Circulations dans les Afriques, Afriques en circulation \u00bb) et d\u2019ateliers hors th\u00e9matique. RENCONTRES DES JEUNES CHERCHEUR\u00b7E\u00b7S EN \u00c9TUDES AFRICAINES (JCEA) Les REAF et les Rencontres des Jeunes Chercheur\u00b7e\u00b7s en \u00c9tudes Africaines (JCEA) se tiendront aux m\u00eames dates et dans le m\u00eame lieu, avec une programmation en partie mutualis\u00e9e. Les JCEA ont la particularit\u00e9 d\u2019\u00eatre enti\u00e8rement con\u00e7ues et organis\u00e9es par des doctorant\u00b7e\u00b7s et par des jeunes chercheur\u00b7e\u00b7s. Un appel \u00e0 communications distinct est lanc\u00e9 par le r\u00e9seau JCEA. Un appel \u00e0 contributions distinct est lanc\u00e9 par le r\u00e9seau JCEA.<\/p>\n","protected":false},"author":50,"featured_media":8979,"comment_status":"open","ping_status":"open","sticky":false,"template":"","format":"standard","meta":{"footnotes":""},"categories":[181],"tags":[],"issues3":[],"post_folder":[],"ppma_author":[265],"class_list":["post-8991","post","type-post","status-publish","format-standard","has-post-thumbnail","hentry","category-participations-fr","author-global-africa"],"yoast_head":"<!-- This site is optimized with the Yoast SEO plugin v27.5 - https:\/\/yoast.com\/product\/yoast-seo-wordpress\/ -->\n<title>7\u00e8me Rencontres des \u00c9tudes Africaines en France | Global Africa<\/title>\n<meta name=\"description\" content=\"La 7\u00e8me \u00e9dition 2022, qui se d\u00e9roulera pour la premi\u00e8re fois \u00e0 Toulouse, sera l\u2019occasion de r\u00e9unir ces sp\u00e9cialistes autour d\u2019une th\u00e9matique transversale et d\u2019ateliers hors th\u00e9matique.\" \/>\n<meta name=\"robots\" content=\"index, follow, max-snippet:-1, max-image-preview:large, max-video-preview:-1\" \/>\n<link rel=\"canonical\" href=\"https:\/\/www.globalafricasciences.org\/fr\/7eme-rencontres-des-etudes-africaines-en-france\/\" \/>\n<meta property=\"og:locale\" content=\"fr_FR\" \/>\n<meta property=\"og:type\" content=\"article\" \/>\n<meta property=\"og:title\" content=\"7\u00e8me Rencontres des \u00c9tudes Africaines en France | Global Africa\" \/>\n<meta property=\"og:description\" content=\"La 7\u00e8me \u00e9dition 2022, qui se d\u00e9roulera pour la premi\u00e8re fois \u00e0 Toulouse, sera l\u2019occasion de r\u00e9unir ces sp\u00e9cialistes autour d\u2019une th\u00e9matique transversale et d\u2019ateliers hors th\u00e9matique.\" \/>\n<meta property=\"og:url\" content=\"https:\/\/www.globalafricasciences.org\/fr\/7eme-rencontres-des-etudes-africaines-en-france\/\" \/>\n<meta property=\"og:site_name\" content=\"Global Africa\" \/>\n<meta property=\"article:publisher\" content=\"https:\/\/www.facebook.com\/globalafricasciences\" \/>\n<meta property=\"article:published_time\" content=\"2025-02-25T21:42:38+00:00\" \/>\n<meta property=\"article:modified_time\" content=\"2025-06-02T10:35:33+00:00\" \/>\n<meta name=\"author\" content=\"Global Africa\" \/>\n<meta name=\"twitter:card\" content=\"summary_large_image\" \/>\n<meta name=\"twitter:label1\" content=\"\u00c9crit par\" \/>\n\t<meta name=\"twitter:data1\" content=\"Global Africa\" \/>\n\t<meta name=\"twitter:label2\" content=\"Dur\u00e9e de lecture estim\u00e9e\" \/>\n\t<meta name=\"twitter:data2\" content=\"1 minute\" \/>\n<script type=\"application\/ld+json\" class=\"yoast-schema-graph\">{\"@context\":\"https:\\\/\\\/schema.org\",\"@graph\":[{\"@type\":\"Article\",\"@id\":\"https:\\\/\\\/www.globalafricasciences.org\\\/fr\\\/7eme-rencontres-des-etudes-africaines-en-france\\\/#article\",\"isPartOf\":{\"@id\":\"https:\\\/\\\/www.globalafricasciences.org\\\/fr\\\/7eme-rencontres-des-etudes-africaines-en-france\\\/\"},\"author\":{\"name\":\"Global Africa\",\"@id\":\"https:\\\/\\\/www.globalafricasciences.org\\\/fr\\\/#\\\/schema\\\/person\\\/8c11b55a8c7d287934a558c0e354b773\"},\"headline\":\"7\u00e8me Rencontres des \u00c9tudes Africaines en France\",\"datePublished\":\"2025-02-25T21:42:38+00:00\",\"dateModified\":\"2025-06-02T10:35:33+00:00\",\"mainEntityOfPage\":{\"@id\":\"https:\\\/\\\/www.globalafricasciences.org\\\/fr\\\/7eme-rencontres-des-etudes-africaines-en-france\\\/\"},\"wordCount\":147,\"commentCount\":0,\"publisher\":{\"@id\":\"https:\\\/\\\/www.globalafricasciences.org\\\/fr\\\/#organization\"},\"image\":{\"@id\":\"https:\\\/\\\/www.globalafricasciences.org\\\/fr\\\/7eme-rencontres-des-etudes-africaines-en-france\\\/#primaryimage\"},\"thumbnailUrl\":\"https:\\\/\\\/www.globalafricasciences.org\\\/wp-content\\\/uploads\\\/2025\\\/02\\\/7th-Meeting-of-African-Studies-in-France-.avif\",\"articleSection\":[\"Participations\"],\"inLanguage\":\"fr-FR\",\"potentialAction\":[{\"@type\":\"CommentAction\",\"name\":\"Comment\",\"target\":[\"https:\\\/\\\/www.globalafricasciences.org\\\/fr\\\/7eme-rencontres-des-etudes-africaines-en-france\\\/#respond\"]}]},{\"@type\":\"WebPage\",\"@id\":\"https:\\\/\\\/www.globalafricasciences.org\\\/fr\\\/7eme-rencontres-des-etudes-africaines-en-france\\\/\",\"url\":\"https:\\\/\\\/www.globalafricasciences.org\\\/fr\\\/7eme-rencontres-des-etudes-africaines-en-france\\\/\",\"name\":\"7\u00e8me Rencontres des \u00c9tudes Africaines en France | Global Africa\",\"isPartOf\":{\"@id\":\"https:\\\/\\\/www.globalafricasciences.org\\\/fr\\\/#website\"},\"primaryImageOfPage\":{\"@id\":\"https:\\\/\\\/www.globalafricasciences.org\\\/fr\\\/7eme-rencontres-des-etudes-africaines-en-france\\\/#primaryimage\"},\"image\":{\"@id\":\"https:\\\/\\\/www.globalafricasciences.org\\\/fr\\\/7eme-rencontres-des-etudes-africaines-en-france\\\/#primaryimage\"},\"thumbnailUrl\":\"https:\\\/\\\/www.globalafricasciences.org\\\/wp-content\\\/uploads\\\/2025\\\/02\\\/7th-Meeting-of-African-Studies-in-France-.avif\",\"datePublished\":\"2025-02-25T21:42:38+00:00\",\"dateModified\":\"2025-06-02T10:35:33+00:00\",\"description\":\"La 7\u00e8me \u00e9dition 2022, qui se d\u00e9roulera pour la premi\u00e8re fois \u00e0 Toulouse, sera l\u2019occasion de r\u00e9unir ces sp\u00e9cialistes autour d\u2019une th\u00e9matique transversale et d\u2019ateliers hors th\u00e9matique.\",\"breadcrumb\":{\"@id\":\"https:\\\/\\\/www.globalafricasciences.org\\\/fr\\\/7eme-rencontres-des-etudes-africaines-en-france\\\/#breadcrumb\"},\"inLanguage\":\"fr-FR\",\"potentialAction\":[{\"@type\":\"ReadAction\",\"target\":[\"https:\\\/\\\/www.globalafricasciences.org\\\/fr\\\/7eme-rencontres-des-etudes-africaines-en-france\\\/\"]}]},{\"@type\":\"ImageObject\",\"inLanguage\":\"fr-FR\",\"@id\":\"https:\\\/\\\/www.globalafricasciences.org\\\/fr\\\/7eme-rencontres-des-etudes-africaines-en-france\\\/#primaryimage\",\"url\":\"https:\\\/\\\/www.globalafricasciences.org\\\/wp-content\\\/uploads\\\/2025\\\/02\\\/7th-Meeting-of-African-Studies-in-France-.avif\",\"contentUrl\":\"https:\\\/\\\/www.globalafricasciences.org\\\/wp-content\\\/uploads\\\/2025\\\/02\\\/7th-Meeting-of-African-Studies-in-France-.avif\",\"width\":1348,\"height\":499},{\"@type\":\"BreadcrumbList\",\"@id\":\"https:\\\/\\\/www.globalafricasciences.org\\\/fr\\\/7eme-rencontres-des-etudes-africaines-en-france\\\/#breadcrumb\",\"itemListElement\":[{\"@type\":\"ListItem\",\"position\":1,\"name\":\"Home\",\"item\":\"https:\\\/\\\/www.globalafricasciences.org\\\/fr\\\/accueil\\\/\"},{\"@type\":\"ListItem\",\"position\":2,\"name\":\"7\u00e8me Rencontres des \u00c9tudes Africaines en France\"}]},{\"@type\":\"WebSite\",\"@id\":\"https:\\\/\\\/www.globalafricasciences.org\\\/fr\\\/#website\",\"url\":\"https:\\\/\\\/www.globalafricasciences.org\\\/fr\\\/\",\"name\":\"Global Africa\",\"description\":\"Pan-African Scientific Journal\",\"publisher\":{\"@id\":\"https:\\\/\\\/www.globalafricasciences.org\\\/fr\\\/#organization\"},\"potentialAction\":[{\"@type\":\"SearchAction\",\"target\":{\"@type\":\"EntryPoint\",\"urlTemplate\":\"https:\\\/\\\/www.globalafricasciences.org\\\/fr\\\/?s={search_term_string}\"},\"query-input\":{\"@type\":\"PropertyValueSpecification\",\"valueRequired\":true,\"valueName\":\"search_term_string\"}}],\"inLanguage\":\"fr-FR\"},{\"@type\":\"Organization\",\"@id\":\"https:\\\/\\\/www.globalafricasciences.org\\\/fr\\\/#organization\",\"name\":\"Global Africa\",\"url\":\"https:\\\/\\\/www.globalafricasciences.org\\\/fr\\\/\",\"logo\":{\"@type\":\"ImageObject\",\"inLanguage\":\"fr-FR\",\"@id\":\"https:\\\/\\\/www.globalafricasciences.org\\\/fr\\\/#\\\/schema\\\/logo\\\/image\\\/\",\"url\":\"https:\\\/\\\/www.globalafricasciences.org\\\/wp-content\\\/uploads\\\/2024\\\/12\\\/Globalafrica.png\",\"contentUrl\":\"https:\\\/\\\/www.globalafricasciences.org\\\/wp-content\\\/uploads\\\/2024\\\/12\\\/Globalafrica.png\",\"width\":1680,\"height\":750,\"caption\":\"Global Africa\"},\"image\":{\"@id\":\"https:\\\/\\\/www.globalafricasciences.org\\\/fr\\\/#\\\/schema\\\/logo\\\/image\\\/\"},\"sameAs\":[\"https:\\\/\\\/www.facebook.com\\\/globalafricasciences\"]},{\"@type\":\"Person\",\"@id\":\"https:\\\/\\\/www.globalafricasciences.org\\\/fr\\\/#\\\/schema\\\/person\\\/8c11b55a8c7d287934a558c0e354b773\",\"name\":\"Global Africa\",\"image\":{\"@type\":\"ImageObject\",\"inLanguage\":\"fr-FR\",\"@id\":\"https:\\\/\\\/www.globalafricasciences.org\\\/wp-content\\\/uploads\\\/2024\\\/11\\\/Global-Africa.jpgd44bc09810f00cf464135b8441da2384\",\"url\":\"https:\\\/\\\/www.globalafricasciences.org\\\/wp-content\\\/uploads\\\/2024\\\/11\\\/Global-Africa.jpg\",\"contentUrl\":\"https:\\\/\\\/www.globalafricasciences.org\\\/wp-content\\\/uploads\\\/2024\\\/11\\\/Global-Africa.jpg\",\"caption\":\"Global Africa\"},\"description\":\"The editorial board of the journal is led by Mame-Penda Ba, a professor of political science at Gaston Berger University and the director of LASPAD(Laboratory of Social, Political, and Administrative Studies), Senegal.\",\"url\":\"https:\\\/\\\/www.globalafricasciences.org\\\/author\\\/globalafrica\\\/\"}]}<\/script>\n<!-- \/ Yoast SEO plugin. -->","yoast_head_json":{"title":"7\u00e8me Rencontres des \u00c9tudes Africaines en France | Global Africa","description":"La 7\u00e8me \u00e9dition 2022, qui se d\u00e9roulera pour la premi\u00e8re fois \u00e0 Toulouse, sera l\u2019occasion de r\u00e9unir ces sp\u00e9cialistes autour d\u2019une th\u00e9matique transversale et d\u2019ateliers hors th\u00e9matique.","robots":{"index":"index","follow":"follow","max-snippet":"max-snippet:-1","max-image-preview":"max-image-preview:large","max-video-preview":"max-video-preview:-1"},"canonical":"https:\/\/www.globalafricasciences.org\/fr\/7eme-rencontres-des-etudes-africaines-en-france\/","og_locale":"fr_FR","og_type":"article","og_title":"7\u00e8me Rencontres des \u00c9tudes Africaines en France | Global Africa","og_description":"La 7\u00e8me \u00e9dition 2022, qui se d\u00e9roulera pour la premi\u00e8re fois \u00e0 Toulouse, sera l\u2019occasion de r\u00e9unir ces sp\u00e9cialistes autour d\u2019une th\u00e9matique transversale et d\u2019ateliers hors th\u00e9matique.","og_url":"https:\/\/www.globalafricasciences.org\/fr\/7eme-rencontres-des-etudes-africaines-en-france\/","og_site_name":"Global Africa","article_publisher":"https:\/\/www.facebook.com\/globalafricasciences","article_published_time":"2025-02-25T21:42:38+00:00","article_modified_time":"2025-06-02T10:35:33+00:00","author":"Global Africa","twitter_card":"summary_large_image","twitter_misc":{"\u00c9crit par":"Global Africa","Dur\u00e9e de lecture estim\u00e9e":"1 minute"},"schema":{"@context":"https:\/\/schema.org","@graph":[{"@type":"Article","@id":"https:\/\/www.globalafricasciences.org\/fr\/7eme-rencontres-des-etudes-africaines-en-france\/#article","isPartOf":{"@id":"https:\/\/www.globalafricasciences.org\/fr\/7eme-rencontres-des-etudes-africaines-en-france\/"},"author":{"name":"Global Africa","@id":"https:\/\/www.globalafricasciences.org\/fr\/#\/schema\/person\/8c11b55a8c7d287934a558c0e354b773"},"headline":"7\u00e8me Rencontres des \u00c9tudes Africaines en France","datePublished":"2025-02-25T21:42:38+00:00","dateModified":"2025-06-02T10:35:33+00:00","mainEntityOfPage":{"@id":"https:\/\/www.globalafricasciences.org\/fr\/7eme-rencontres-des-etudes-africaines-en-france\/"},"wordCount":147,"commentCount":0,"publisher":{"@id":"https:\/\/www.globalafricasciences.org\/fr\/#organization"},"image":{"@id":"https:\/\/www.globalafricasciences.org\/fr\/7eme-rencontres-des-etudes-africaines-en-france\/#primaryimage"},"thumbnailUrl":"https:\/\/www.globalafricasciences.org\/wp-content\/uploads\/2025\/02\/7th-Meeting-of-African-Studies-in-France-.avif","articleSection":["Participations"],"inLanguage":"fr-FR","potentialAction":[{"@type":"CommentAction","name":"Comment","target":["https:\/\/www.globalafricasciences.org\/fr\/7eme-rencontres-des-etudes-africaines-en-france\/#respond"]}]},{"@type":"WebPage","@id":"https:\/\/www.globalafricasciences.org\/fr\/7eme-rencontres-des-etudes-africaines-en-france\/","url":"https:\/\/www.globalafricasciences.org\/fr\/7eme-rencontres-des-etudes-africaines-en-france\/","name":"7\u00e8me Rencontres des \u00c9tudes Africaines en France | Global Africa","isPartOf":{"@id":"https:\/\/www.globalafricasciences.org\/fr\/#website"},"primaryImageOfPage":{"@id":"https:\/\/www.globalafricasciences.org\/fr\/7eme-rencontres-des-etudes-africaines-en-france\/#primaryimage"},"image":{"@id":"https:\/\/www.globalafricasciences.org\/fr\/7eme-rencontres-des-etudes-africaines-en-france\/#primaryimage"},"thumbnailUrl":"https:\/\/www.globalafricasciences.org\/wp-content\/uploads\/2025\/02\/7th-Meeting-of-African-Studies-in-France-.avif","datePublished":"2025-02-25T21:42:38+00:00","dateModified":"2025-06-02T10:35:33+00:00","description":"La 7\u00e8me \u00e9dition 2022, qui se d\u00e9roulera pour la premi\u00e8re fois \u00e0 Toulouse, sera l\u2019occasion de r\u00e9unir ces sp\u00e9cialistes autour d\u2019une th\u00e9matique transversale et d\u2019ateliers hors th\u00e9matique.","breadcrumb":{"@id":"https:\/\/www.globalafricasciences.org\/fr\/7eme-rencontres-des-etudes-africaines-en-france\/#breadcrumb"},"inLanguage":"fr-FR","potentialAction":[{"@type":"ReadAction","target":["https:\/\/www.globalafricasciences.org\/fr\/7eme-rencontres-des-etudes-africaines-en-france\/"]}]},{"@type":"ImageObject","inLanguage":"fr-FR","@id":"https:\/\/www.globalafricasciences.org\/fr\/7eme-rencontres-des-etudes-africaines-en-france\/#primaryimage","url":"https:\/\/www.globalafricasciences.org\/wp-content\/uploads\/2025\/02\/7th-Meeting-of-African-Studies-in-France-.avif","contentUrl":"https:\/\/www.globalafricasciences.org\/wp-content\/uploads\/2025\/02\/7th-Meeting-of-African-Studies-in-France-.avif","width":1348,"height":499},{"@type":"BreadcrumbList","@id":"https:\/\/www.globalafricasciences.org\/fr\/7eme-rencontres-des-etudes-africaines-en-france\/#breadcrumb","itemListElement":[{"@type":"ListItem","position":1,"name":"Home","item":"https:\/\/www.globalafricasciences.org\/fr\/accueil\/"},{"@type":"ListItem","position":2,"name":"7\u00e8me Rencontres des \u00c9tudes Africaines en France"}]},{"@type":"WebSite","@id":"https:\/\/www.globalafricasciences.org\/fr\/#website","url":"https:\/\/www.globalafricasciences.org\/fr\/","name":"Global Africa","description":"Pan-African Scientific Journal","publisher":{"@id":"https:\/\/www.globalafricasciences.org\/fr\/#organization"},"potentialAction":[{"@type":"SearchAction","target":{"@type":"EntryPoint","urlTemplate":"https:\/\/www.globalafricasciences.org\/fr\/?s={search_term_string}"},"query-input":{"@type":"PropertyValueSpecification","valueRequired":true,"valueName":"search_term_string"}}],"inLanguage":"fr-FR"},{"@type":"Organization","@id":"https:\/\/www.globalafricasciences.org\/fr\/#organization","name":"Global Africa","url":"https:\/\/www.globalafricasciences.org\/fr\/","logo":{"@type":"ImageObject","inLanguage":"fr-FR","@id":"https:\/\/www.globalafricasciences.org\/fr\/#\/schema\/logo\/image\/","url":"https:\/\/www.globalafricasciences.org\/wp-content\/uploads\/2024\/12\/Globalafrica.png","contentUrl":"https:\/\/www.globalafricasciences.org\/wp-content\/uploads\/2024\/12\/Globalafrica.png","width":1680,"height":750,"caption":"Global Africa"},"image":{"@id":"https:\/\/www.globalafricasciences.org\/fr\/#\/schema\/logo\/image\/"},"sameAs":["https:\/\/www.facebook.com\/globalafricasciences"]},{"@type":"Person","@id":"https:\/\/www.globalafricasciences.org\/fr\/#\/schema\/person\/8c11b55a8c7d287934a558c0e354b773","name":"Global Africa","image":{"@type":"ImageObject","inLanguage":"fr-FR","@id":"https:\/\/www.globalafricasciences.org\/wp-content\/uploads\/2024\/11\/Global-Africa.jpgd44bc09810f00cf464135b8441da2384","url":"https:\/\/www.globalafricasciences.org\/wp-content\/uploads\/2024\/11\/Global-Africa.jpg","contentUrl":"https:\/\/www.globalafricasciences.org\/wp-content\/uploads\/2024\/11\/Global-Africa.jpg","caption":"Global Africa"},"description":"The editorial board of the journal is led by Mame-Penda Ba, a professor of political science at Gaston Berger University and the director of LASPAD(Laboratory of Social, Political, and Administrative Studies), Senegal.","url":"https:\/\/www.globalafricasciences.org\/author\/globalafrica\/"}]}},"acf":[],"authors":[{"term_id":265,"user_id":0,"is_guest":1,"slug":"global-africa","display_name":"Global Africa","avatar_url":{"url":"https:\/\/www.globalafricasciences.org\/wp-content\/uploads\/2024\/11\/Global-Africa.jpg","url2x":"https:\/\/www.globalafricasciences.org\/wp-content\/uploads\/2024\/11\/Global-Africa.jpg"},"author_category":"1","exclude_author":"","main-organisation":"Universit\u00e9 Gaston Berger","country_of_org":"S\u00e9n\u00e9gal","field_of_work":"Sciences sociales","first_name":"","last_name":"","user_url":"","job_title":"","description":"<div id=\"comp-lmq9yt56\" class=\"HcOXKn c9GqVL QxJLC3 lq2cno YQcXTT comp-lmq9yt56 wixui-rich-text\" data-testid=\"richTextElement\">\r\n<p class=\"font_8 wixui-rich-text__text\">La r\u00e9daction de la revue est dirig\u00e9e par Mame-Penda Ba, professeure de sciences politiques \u00e0 l'Universit\u00e9 Gaston Berger et directrice du LASPAD, S\u00e9n\u00e9gal<\/p>\r\n\r\n<\/div>"}],"_links":{"self":[{"href":"https:\/\/www.globalafricasciences.org\/fr\/wp-json\/wp\/v2\/posts\/8991","targetHints":{"allow":["GET"]}}],"collection":[{"href":"https:\/\/www.globalafricasciences.org\/fr\/wp-json\/wp\/v2\/posts"}],"about":[{"href":"https:\/\/www.globalafricasciences.org\/fr\/wp-json\/wp\/v2\/types\/post"}],"author":[{"embeddable":true,"href":"https:\/\/www.globalafricasciences.org\/fr\/wp-json\/wp\/v2\/users\/50"}],"replies":[{"embeddable":true,"href":"https:\/\/www.globalafricasciences.org\/fr\/wp-json\/wp\/v2\/comments?post=8991"}],"version-history":[{"count":0,"href":"https:\/\/www.globalafricasciences.org\/fr\/wp-json\/wp\/v2\/posts\/8991\/revisions"}],"wp:featuredmedia":[{"embeddable":true,"href":"https:\/\/www.globalafricasciences.org\/fr\/wp-json\/wp\/v2\/media\/8979"}],"wp:attachment":[{"href":"https:\/\/www.globalafricasciences.org\/fr\/wp-json\/wp\/v2\/media?parent=8991"}],"wp:term":[{"taxonomy":"category","embeddable":true,"href":"https:\/\/www.globalafricasciences.org\/fr\/wp-json\/wp\/v2\/categories?post=8991"},{"taxonomy":"post_tag","embeddable":true,"href":"https:\/\/www.globalafricasciences.org\/fr\/wp-json\/wp\/v2\/tags?post=8991"},{"taxonomy":"issues3","embeddable":true,"href":"https:\/\/www.globalafricasciences.org\/fr\/wp-json\/wp\/v2\/issues3?post=8991"},{"taxonomy":"post_folder","embeddable":true,"href":"https:\/\/www.globalafricasciences.org\/fr\/wp-json\/wp\/v2\/post_folder?post=8991"},{"taxonomy":"author","embeddable":true,"href":"https:\/\/www.globalafricasciences.org\/fr\/wp-json\/wp\/v2\/ppma_author?post=8991"}],"curies":[{"name":"wp","href":"https:\/\/api.w.org\/{rel}","templated":true}]}}