{"id":8922,"date":"2025-02-25T17:09:38","date_gmt":"2025-02-25T17:09:38","guid":{"rendered":"https:\/\/www.globalafricasciences.org\/actualites\/rencontre-avec-nadine-machikou-politiste-et-vice-rectrice-universite-de-yaounde-ii\/"},"modified":"2025-07-02T10:56:54","modified_gmt":"2025-07-02T10:56:54","slug":"rencontre-avec-nadine-machikou-politiste-et-vice-rectrice-universite-de-yaounde-ii","status":"publish","type":"post","link":"https:\/\/www.globalafricasciences.org\/fr\/rencontre-avec-nadine-machikou-politiste-et-vice-rectrice-universite-de-yaounde-ii\/","title":{"rendered":"Rencontre avec Nadine Machikou, politiste et Vice-rectrice, Universit\u00e9 de Yaound\u00e9 II"},"content":{"rendered":"\n<p>Du <strong>15 au 18 mars 2022<\/strong> se tient le colloque African Research Matters, organis\u00e9 par le programme Global Africa, \u00e0 l\u2019occasion de la parution du num\u00e9ro inaugural de la revue du m\u00eame nom. Rencontres avec quelques-uns des nombreux intervenants venus participer \u00e0 la r\u00e9flexion sur le rayonnement de la recherche panafricaine face aux d\u00e9fis plan\u00e9taires.<\/p>\n\n<figure class=\"wp-block-embed is-type-video is-provider-youtube wp-block-embed-youtube wp-embed-aspect-4-3 wp-has-aspect-ratio\"><div class=\"wp-block-embed__wrapper\">\n<iframe title=\"Rencontre avec Nadine Machikou, politiste et Vice-rectrice, Universit\u00e9 de Yaound\u00e9 II\" width=\"800\" height=\"600\" src=\"https:\/\/www.youtube.com\/embed\/UoLRgm3i3oc?feature=oembed\" frameborder=\"0\" allow=\"accelerometer; autoplay; clipboard-write; encrypted-media; gyroscope; picture-in-picture; web-share\" referrerpolicy=\"strict-origin-when-cross-origin\" allowfullscreen><\/iframe>\n<\/div><\/figure>\n\n<p>Production et montage : Carole Filiu-Mouhali &#8211; IRD 2022.<\/p>\n\n<p><\/p>\n","protected":false},"excerpt":{"rendered":"<p>Du 15 au 18 mars 2022 se tient le colloque African Research Matters, organis\u00e9 par le programme Global Africa, \u00e0 l\u2019occasion de la parution du num\u00e9ro inaugural de la revue du m\u00eame nom. Rencontres avec quelques-uns des nombreux intervenants venus participer \u00e0 la r\u00e9flexion sur le rayonnement de la recherche panafricaine face aux d\u00e9fis plan\u00e9taires. Production et montage : Carole Filiu-Mouhali &#8211; IRD 2022.<\/p>\n","protected":false},"author":50,"featured_media":8920,"comment_status":"open","ping_status":"open","sticky":false,"template":"","format":"standard","meta":{"footnotes":""},"categories":[179],"tags":[],"issues3":[],"post_folder":[],"ppma_author":[265],"class_list":["post-8922","post","type-post","status-publish","format-standard","has-post-thumbnail","hentry","category-conferences-fr","author-global-africa"],"yoast_head":"<!-- This site is optimized with the Yoast SEO plugin v27.5 - https:\/\/yoast.com\/product\/yoast-seo-wordpress\/ -->\n<title>Rencontre avec Nadine Machikou, politiste et Vice-rectrice, Universit\u00e9 de Yaound\u00e9 II | Global Africa<\/title>\n<meta name=\"description\" content=\"Global Africa \u2013 Rencontre avec Nadine Machikou : Regards crois\u00e9s sur la recherche africaine lors du symposium African Research Matters.\" \/>\n<meta name=\"robots\" content=\"index, follow, max-snippet:-1, max-image-preview:large, max-video-preview:-1\" \/>\n<link rel=\"canonical\" href=\"https:\/\/www.globalafricasciences.org\/fr\/rencontre-avec-nadine-machikou-politiste-et-vice-rectrice-universite-de-yaounde-ii\/\" \/>\n<meta property=\"og:locale\" content=\"fr_FR\" \/>\n<meta property=\"og:type\" content=\"article\" \/>\n<meta property=\"og:title\" content=\"Rencontre avec Nadine Machikou, politiste et Vice-rectrice, Universit\u00e9 de Yaound\u00e9 II | Global Africa\" \/>\n<meta property=\"og:description\" content=\"Global Africa \u2013 Rencontre avec Nadine Machikou : Regards crois\u00e9s sur la recherche africaine lors du symposium African Research Matters.\" \/>\n<meta property=\"og:url\" content=\"https:\/\/www.globalafricasciences.org\/fr\/rencontre-avec-nadine-machikou-politiste-et-vice-rectrice-universite-de-yaounde-ii\/\" \/>\n<meta property=\"og:site_name\" content=\"Global Africa\" \/>\n<meta property=\"article:publisher\" content=\"https:\/\/www.facebook.com\/globalafricasciences\" \/>\n<meta property=\"article:published_time\" content=\"2025-02-25T17:09:38+00:00\" \/>\n<meta property=\"article:modified_time\" content=\"2025-07-02T10:56:54+00:00\" \/>\n<meta property=\"og:image\" content=\"https:\/\/www.globalafricasciences.org\/wp-content\/uploads\/2025\/02\/nadine.webp\" \/>\n\t<meta property=\"og:image:width\" content=\"1280\" \/>\n\t<meta property=\"og:image:height\" content=\"720\" \/>\n\t<meta property=\"og:image:type\" content=\"image\/jpeg\" \/>\n<meta name=\"author\" content=\"Global Africa\" \/>\n<meta name=\"twitter:card\" content=\"summary_large_image\" \/>\n<meta name=\"twitter:label1\" content=\"\u00c9crit par\" \/>\n\t<meta name=\"twitter:data1\" content=\"Global Africa\" \/>\n<script type=\"application\/ld+json\" class=\"yoast-schema-graph\">{\"@context\":\"https:\\\/\\\/schema.org\",\"@graph\":[{\"@type\":\"Article\",\"@id\":\"https:\\\/\\\/www.globalafricasciences.org\\\/fr\\\/rencontre-avec-nadine-machikou-politiste-et-vice-rectrice-universite-de-yaounde-ii\\\/#article\",\"isPartOf\":{\"@id\":\"https:\\\/\\\/www.globalafricasciences.org\\\/fr\\\/rencontre-avec-nadine-machikou-politiste-et-vice-rectrice-universite-de-yaounde-ii\\\/\"},\"author\":{\"name\":\"Global Africa\",\"@id\":\"https:\\\/\\\/www.globalafricasciences.org\\\/fr\\\/#\\\/schema\\\/person\\\/8c11b55a8c7d287934a558c0e354b773\"},\"headline\":\"Rencontre avec Nadine Machikou, politiste et Vice-rectrice, Universit\u00e9 de Yaound\u00e9 II\",\"datePublished\":\"2025-02-25T17:09:38+00:00\",\"dateModified\":\"2025-07-02T10:56:54+00:00\",\"mainEntityOfPage\":{\"@id\":\"https:\\\/\\\/www.globalafricasciences.org\\\/fr\\\/rencontre-avec-nadine-machikou-politiste-et-vice-rectrice-universite-de-yaounde-ii\\\/\"},\"wordCount\":83,\"commentCount\":0,\"publisher\":{\"@id\":\"https:\\\/\\\/www.globalafricasciences.org\\\/fr\\\/#organization\"},\"image\":{\"@id\":\"https:\\\/\\\/www.globalafricasciences.org\\\/fr\\\/rencontre-avec-nadine-machikou-politiste-et-vice-rectrice-universite-de-yaounde-ii\\\/#primaryimage\"},\"thumbnailUrl\":\"https:\\\/\\\/www.globalafricasciences.org\\\/wp-content\\\/uploads\\\/2025\\\/02\\\/nadine.webp\",\"articleSection\":[\"Conf\u00e9rences\"],\"inLanguage\":\"fr-FR\",\"potentialAction\":[{\"@type\":\"CommentAction\",\"name\":\"Comment\",\"target\":[\"https:\\\/\\\/www.globalafricasciences.org\\\/fr\\\/rencontre-avec-nadine-machikou-politiste-et-vice-rectrice-universite-de-yaounde-ii\\\/#respond\"]}]},{\"@type\":\"WebPage\",\"@id\":\"https:\\\/\\\/www.globalafricasciences.org\\\/fr\\\/rencontre-avec-nadine-machikou-politiste-et-vice-rectrice-universite-de-yaounde-ii\\\/\",\"url\":\"https:\\\/\\\/www.globalafricasciences.org\\\/fr\\\/rencontre-avec-nadine-machikou-politiste-et-vice-rectrice-universite-de-yaounde-ii\\\/\",\"name\":\"Rencontre avec Nadine Machikou, politiste et Vice-rectrice, Universit\u00e9 de Yaound\u00e9 II | Global Africa\",\"isPartOf\":{\"@id\":\"https:\\\/\\\/www.globalafricasciences.org\\\/fr\\\/#website\"},\"primaryImageOfPage\":{\"@id\":\"https:\\\/\\\/www.globalafricasciences.org\\\/fr\\\/rencontre-avec-nadine-machikou-politiste-et-vice-rectrice-universite-de-yaounde-ii\\\/#primaryimage\"},\"image\":{\"@id\":\"https:\\\/\\\/www.globalafricasciences.org\\\/fr\\\/rencontre-avec-nadine-machikou-politiste-et-vice-rectrice-universite-de-yaounde-ii\\\/#primaryimage\"},\"thumbnailUrl\":\"https:\\\/\\\/www.globalafricasciences.org\\\/wp-content\\\/uploads\\\/2025\\\/02\\\/nadine.webp\",\"datePublished\":\"2025-02-25T17:09:38+00:00\",\"dateModified\":\"2025-07-02T10:56:54+00:00\",\"description\":\"Global Africa \u2013 Rencontre avec Nadine Machikou : Regards crois\u00e9s sur la recherche africaine lors du symposium African Research Matters.\",\"breadcrumb\":{\"@id\":\"https:\\\/\\\/www.globalafricasciences.org\\\/fr\\\/rencontre-avec-nadine-machikou-politiste-et-vice-rectrice-universite-de-yaounde-ii\\\/#breadcrumb\"},\"inLanguage\":\"fr-FR\",\"potentialAction\":[{\"@type\":\"ReadAction\",\"target\":[\"https:\\\/\\\/www.globalafricasciences.org\\\/fr\\\/rencontre-avec-nadine-machikou-politiste-et-vice-rectrice-universite-de-yaounde-ii\\\/\"]}]},{\"@type\":\"ImageObject\",\"inLanguage\":\"fr-FR\",\"@id\":\"https:\\\/\\\/www.globalafricasciences.org\\\/fr\\\/rencontre-avec-nadine-machikou-politiste-et-vice-rectrice-universite-de-yaounde-ii\\\/#primaryimage\",\"url\":\"https:\\\/\\\/www.globalafricasciences.org\\\/wp-content\\\/uploads\\\/2025\\\/02\\\/nadine.webp\",\"contentUrl\":\"https:\\\/\\\/www.globalafricasciences.org\\\/wp-content\\\/uploads\\\/2025\\\/02\\\/nadine.webp\",\"width\":1280,\"height\":720},{\"@type\":\"BreadcrumbList\",\"@id\":\"https:\\\/\\\/www.globalafricasciences.org\\\/fr\\\/rencontre-avec-nadine-machikou-politiste-et-vice-rectrice-universite-de-yaounde-ii\\\/#breadcrumb\",\"itemListElement\":[{\"@type\":\"ListItem\",\"position\":1,\"name\":\"Home\",\"item\":\"https:\\\/\\\/www.globalafricasciences.org\\\/fr\\\/accueil\\\/\"},{\"@type\":\"ListItem\",\"position\":2,\"name\":\"Rencontre avec Nadine Machikou, politiste et Vice-rectrice, Universit\u00e9 de Yaound\u00e9 II\"}]},{\"@type\":\"WebSite\",\"@id\":\"https:\\\/\\\/www.globalafricasciences.org\\\/fr\\\/#website\",\"url\":\"https:\\\/\\\/www.globalafricasciences.org\\\/fr\\\/\",\"name\":\"Global Africa\",\"description\":\"Pan-African Scientific Journal\",\"publisher\":{\"@id\":\"https:\\\/\\\/www.globalafricasciences.org\\\/fr\\\/#organization\"},\"potentialAction\":[{\"@type\":\"SearchAction\",\"target\":{\"@type\":\"EntryPoint\",\"urlTemplate\":\"https:\\\/\\\/www.globalafricasciences.org\\\/fr\\\/?s={search_term_string}\"},\"query-input\":{\"@type\":\"PropertyValueSpecification\",\"valueRequired\":true,\"valueName\":\"search_term_string\"}}],\"inLanguage\":\"fr-FR\"},{\"@type\":\"Organization\",\"@id\":\"https:\\\/\\\/www.globalafricasciences.org\\\/fr\\\/#organization\",\"name\":\"Global Africa\",\"url\":\"https:\\\/\\\/www.globalafricasciences.org\\\/fr\\\/\",\"logo\":{\"@type\":\"ImageObject\",\"inLanguage\":\"fr-FR\",\"@id\":\"https:\\\/\\\/www.globalafricasciences.org\\\/fr\\\/#\\\/schema\\\/logo\\\/image\\\/\",\"url\":\"https:\\\/\\\/www.globalafricasciences.org\\\/wp-content\\\/uploads\\\/2024\\\/12\\\/Globalafrica.png\",\"contentUrl\":\"https:\\\/\\\/www.globalafricasciences.org\\\/wp-content\\\/uploads\\\/2024\\\/12\\\/Globalafrica.png\",\"width\":1680,\"height\":750,\"caption\":\"Global Africa\"},\"image\":{\"@id\":\"https:\\\/\\\/www.globalafricasciences.org\\\/fr\\\/#\\\/schema\\\/logo\\\/image\\\/\"},\"sameAs\":[\"https:\\\/\\\/www.facebook.com\\\/globalafricasciences\"]},{\"@type\":\"Person\",\"@id\":\"https:\\\/\\\/www.globalafricasciences.org\\\/fr\\\/#\\\/schema\\\/person\\\/8c11b55a8c7d287934a558c0e354b773\",\"name\":\"Global Africa\",\"image\":{\"@type\":\"ImageObject\",\"inLanguage\":\"fr-FR\",\"@id\":\"https:\\\/\\\/www.globalafricasciences.org\\\/wp-content\\\/uploads\\\/2024\\\/11\\\/Global-Africa.jpgd44bc09810f00cf464135b8441da2384\",\"url\":\"https:\\\/\\\/www.globalafricasciences.org\\\/wp-content\\\/uploads\\\/2024\\\/11\\\/Global-Africa.jpg\",\"contentUrl\":\"https:\\\/\\\/www.globalafricasciences.org\\\/wp-content\\\/uploads\\\/2024\\\/11\\\/Global-Africa.jpg\",\"caption\":\"Global Africa\"},\"description\":\"The editorial board of the journal is led by Mame-Penda Ba, a professor of political science at Gaston Berger University and the director of LASPAD(Laboratory of Social, Political, and Administrative Studies), Senegal.\",\"url\":\"https:\\\/\\\/www.globalafricasciences.org\\\/author\\\/globalafrica\\\/\"}]}<\/script>\n<!-- \/ Yoast SEO plugin. -->","yoast_head_json":{"title":"Rencontre avec Nadine Machikou, politiste et Vice-rectrice, Universit\u00e9 de Yaound\u00e9 II | Global Africa","description":"Global Africa \u2013 Rencontre avec Nadine Machikou : Regards crois\u00e9s sur la recherche africaine lors du symposium African Research Matters.","robots":{"index":"index","follow":"follow","max-snippet":"max-snippet:-1","max-image-preview":"max-image-preview:large","max-video-preview":"max-video-preview:-1"},"canonical":"https:\/\/www.globalafricasciences.org\/fr\/rencontre-avec-nadine-machikou-politiste-et-vice-rectrice-universite-de-yaounde-ii\/","og_locale":"fr_FR","og_type":"article","og_title":"Rencontre avec Nadine Machikou, politiste et Vice-rectrice, Universit\u00e9 de Yaound\u00e9 II | Global Africa","og_description":"Global Africa \u2013 Rencontre avec Nadine Machikou : Regards crois\u00e9s sur la recherche africaine lors du symposium African Research Matters.","og_url":"https:\/\/www.globalafricasciences.org\/fr\/rencontre-avec-nadine-machikou-politiste-et-vice-rectrice-universite-de-yaounde-ii\/","og_site_name":"Global Africa","article_publisher":"https:\/\/www.facebook.com\/globalafricasciences","article_published_time":"2025-02-25T17:09:38+00:00","article_modified_time":"2025-07-02T10:56:54+00:00","og_image":[{"width":1280,"height":720,"url":"https:\/\/www.globalafricasciences.org\/wp-content\/uploads\/2025\/02\/nadine.webp","type":"image\/jpeg"}],"author":"Global Africa","twitter_card":"summary_large_image","twitter_misc":{"\u00c9crit par":"Global Africa"},"schema":{"@context":"https:\/\/schema.org","@graph":[{"@type":"Article","@id":"https:\/\/www.globalafricasciences.org\/fr\/rencontre-avec-nadine-machikou-politiste-et-vice-rectrice-universite-de-yaounde-ii\/#article","isPartOf":{"@id":"https:\/\/www.globalafricasciences.org\/fr\/rencontre-avec-nadine-machikou-politiste-et-vice-rectrice-universite-de-yaounde-ii\/"},"author":{"name":"Global Africa","@id":"https:\/\/www.globalafricasciences.org\/fr\/#\/schema\/person\/8c11b55a8c7d287934a558c0e354b773"},"headline":"Rencontre avec Nadine Machikou, politiste et Vice-rectrice, Universit\u00e9 de Yaound\u00e9 II","datePublished":"2025-02-25T17:09:38+00:00","dateModified":"2025-07-02T10:56:54+00:00","mainEntityOfPage":{"@id":"https:\/\/www.globalafricasciences.org\/fr\/rencontre-avec-nadine-machikou-politiste-et-vice-rectrice-universite-de-yaounde-ii\/"},"wordCount":83,"commentCount":0,"publisher":{"@id":"https:\/\/www.globalafricasciences.org\/fr\/#organization"},"image":{"@id":"https:\/\/www.globalafricasciences.org\/fr\/rencontre-avec-nadine-machikou-politiste-et-vice-rectrice-universite-de-yaounde-ii\/#primaryimage"},"thumbnailUrl":"https:\/\/www.globalafricasciences.org\/wp-content\/uploads\/2025\/02\/nadine.webp","articleSection":["Conf\u00e9rences"],"inLanguage":"fr-FR","potentialAction":[{"@type":"CommentAction","name":"Comment","target":["https:\/\/www.globalafricasciences.org\/fr\/rencontre-avec-nadine-machikou-politiste-et-vice-rectrice-universite-de-yaounde-ii\/#respond"]}]},{"@type":"WebPage","@id":"https:\/\/www.globalafricasciences.org\/fr\/rencontre-avec-nadine-machikou-politiste-et-vice-rectrice-universite-de-yaounde-ii\/","url":"https:\/\/www.globalafricasciences.org\/fr\/rencontre-avec-nadine-machikou-politiste-et-vice-rectrice-universite-de-yaounde-ii\/","name":"Rencontre avec Nadine Machikou, politiste et Vice-rectrice, Universit\u00e9 de Yaound\u00e9 II | Global Africa","isPartOf":{"@id":"https:\/\/www.globalafricasciences.org\/fr\/#website"},"primaryImageOfPage":{"@id":"https:\/\/www.globalafricasciences.org\/fr\/rencontre-avec-nadine-machikou-politiste-et-vice-rectrice-universite-de-yaounde-ii\/#primaryimage"},"image":{"@id":"https:\/\/www.globalafricasciences.org\/fr\/rencontre-avec-nadine-machikou-politiste-et-vice-rectrice-universite-de-yaounde-ii\/#primaryimage"},"thumbnailUrl":"https:\/\/www.globalafricasciences.org\/wp-content\/uploads\/2025\/02\/nadine.webp","datePublished":"2025-02-25T17:09:38+00:00","dateModified":"2025-07-02T10:56:54+00:00","description":"Global Africa \u2013 Rencontre avec Nadine Machikou : Regards crois\u00e9s sur la recherche africaine lors du symposium African Research Matters.","breadcrumb":{"@id":"https:\/\/www.globalafricasciences.org\/fr\/rencontre-avec-nadine-machikou-politiste-et-vice-rectrice-universite-de-yaounde-ii\/#breadcrumb"},"inLanguage":"fr-FR","potentialAction":[{"@type":"ReadAction","target":["https:\/\/www.globalafricasciences.org\/fr\/rencontre-avec-nadine-machikou-politiste-et-vice-rectrice-universite-de-yaounde-ii\/"]}]},{"@type":"ImageObject","inLanguage":"fr-FR","@id":"https:\/\/www.globalafricasciences.org\/fr\/rencontre-avec-nadine-machikou-politiste-et-vice-rectrice-universite-de-yaounde-ii\/#primaryimage","url":"https:\/\/www.globalafricasciences.org\/wp-content\/uploads\/2025\/02\/nadine.webp","contentUrl":"https:\/\/www.globalafricasciences.org\/wp-content\/uploads\/2025\/02\/nadine.webp","width":1280,"height":720},{"@type":"BreadcrumbList","@id":"https:\/\/www.globalafricasciences.org\/fr\/rencontre-avec-nadine-machikou-politiste-et-vice-rectrice-universite-de-yaounde-ii\/#breadcrumb","itemListElement":[{"@type":"ListItem","position":1,"name":"Home","item":"https:\/\/www.globalafricasciences.org\/fr\/accueil\/"},{"@type":"ListItem","position":2,"name":"Rencontre avec Nadine Machikou, politiste et Vice-rectrice, Universit\u00e9 de Yaound\u00e9 II"}]},{"@type":"WebSite","@id":"https:\/\/www.globalafricasciences.org\/fr\/#website","url":"https:\/\/www.globalafricasciences.org\/fr\/","name":"Global Africa","description":"Pan-African Scientific Journal","publisher":{"@id":"https:\/\/www.globalafricasciences.org\/fr\/#organization"},"potentialAction":[{"@type":"SearchAction","target":{"@type":"EntryPoint","urlTemplate":"https:\/\/www.globalafricasciences.org\/fr\/?s={search_term_string}"},"query-input":{"@type":"PropertyValueSpecification","valueRequired":true,"valueName":"search_term_string"}}],"inLanguage":"fr-FR"},{"@type":"Organization","@id":"https:\/\/www.globalafricasciences.org\/fr\/#organization","name":"Global Africa","url":"https:\/\/www.globalafricasciences.org\/fr\/","logo":{"@type":"ImageObject","inLanguage":"fr-FR","@id":"https:\/\/www.globalafricasciences.org\/fr\/#\/schema\/logo\/image\/","url":"https:\/\/www.globalafricasciences.org\/wp-content\/uploads\/2024\/12\/Globalafrica.png","contentUrl":"https:\/\/www.globalafricasciences.org\/wp-content\/uploads\/2024\/12\/Globalafrica.png","width":1680,"height":750,"caption":"Global Africa"},"image":{"@id":"https:\/\/www.globalafricasciences.org\/fr\/#\/schema\/logo\/image\/"},"sameAs":["https:\/\/www.facebook.com\/globalafricasciences"]},{"@type":"Person","@id":"https:\/\/www.globalafricasciences.org\/fr\/#\/schema\/person\/8c11b55a8c7d287934a558c0e354b773","name":"Global Africa","image":{"@type":"ImageObject","inLanguage":"fr-FR","@id":"https:\/\/www.globalafricasciences.org\/wp-content\/uploads\/2024\/11\/Global-Africa.jpgd44bc09810f00cf464135b8441da2384","url":"https:\/\/www.globalafricasciences.org\/wp-content\/uploads\/2024\/11\/Global-Africa.jpg","contentUrl":"https:\/\/www.globalafricasciences.org\/wp-content\/uploads\/2024\/11\/Global-Africa.jpg","caption":"Global Africa"},"description":"The editorial board of the journal is led by Mame-Penda Ba, a professor of political science at Gaston Berger University and the director of LASPAD(Laboratory of Social, Political, and Administrative Studies), Senegal.","url":"https:\/\/www.globalafricasciences.org\/author\/globalafrica\/"}]}},"acf":[],"authors":[{"term_id":265,"user_id":0,"is_guest":1,"slug":"global-africa","display_name":"Global Africa","avatar_url":{"url":"https:\/\/www.globalafricasciences.org\/wp-content\/uploads\/2024\/11\/Global-Africa.jpg","url2x":"https:\/\/www.globalafricasciences.org\/wp-content\/uploads\/2024\/11\/Global-Africa.jpg"},"author_category":"1","exclude_author":"","main-organisation":"Universit\u00e9 Gaston Berger","country_of_org":"S\u00e9n\u00e9gal","field_of_work":"Sciences sociales","first_name":"","last_name":"","user_url":"","job_title":"","description":"<div id=\"comp-lmq9yt56\" class=\"HcOXKn c9GqVL QxJLC3 lq2cno YQcXTT comp-lmq9yt56 wixui-rich-text\" data-testid=\"richTextElement\">\r\n<p class=\"font_8 wixui-rich-text__text\">La r\u00e9daction de la revue est dirig\u00e9e par Mame-Penda Ba, professeure de sciences politiques \u00e0 l'Universit\u00e9 Gaston Berger et directrice du LASPAD, S\u00e9n\u00e9gal<\/p>\r\n\r\n<\/div>"}],"_links":{"self":[{"href":"https:\/\/www.globalafricasciences.org\/fr\/wp-json\/wp\/v2\/posts\/8922","targetHints":{"allow":["GET"]}}],"collection":[{"href":"https:\/\/www.globalafricasciences.org\/fr\/wp-json\/wp\/v2\/posts"}],"about":[{"href":"https:\/\/www.globalafricasciences.org\/fr\/wp-json\/wp\/v2\/types\/post"}],"author":[{"embeddable":true,"href":"https:\/\/www.globalafricasciences.org\/fr\/wp-json\/wp\/v2\/users\/50"}],"replies":[{"embeddable":true,"href":"https:\/\/www.globalafricasciences.org\/fr\/wp-json\/wp\/v2\/comments?post=8922"}],"version-history":[{"count":0,"href":"https:\/\/www.globalafricasciences.org\/fr\/wp-json\/wp\/v2\/posts\/8922\/revisions"}],"wp:featuredmedia":[{"embeddable":true,"href":"https:\/\/www.globalafricasciences.org\/fr\/wp-json\/wp\/v2\/media\/8920"}],"wp:attachment":[{"href":"https:\/\/www.globalafricasciences.org\/fr\/wp-json\/wp\/v2\/media?parent=8922"}],"wp:term":[{"taxonomy":"category","embeddable":true,"href":"https:\/\/www.globalafricasciences.org\/fr\/wp-json\/wp\/v2\/categories?post=8922"},{"taxonomy":"post_tag","embeddable":true,"href":"https:\/\/www.globalafricasciences.org\/fr\/wp-json\/wp\/v2\/tags?post=8922"},{"taxonomy":"issues3","embeddable":true,"href":"https:\/\/www.globalafricasciences.org\/fr\/wp-json\/wp\/v2\/issues3?post=8922"},{"taxonomy":"post_folder","embeddable":true,"href":"https:\/\/www.globalafricasciences.org\/fr\/wp-json\/wp\/v2\/post_folder?post=8922"},{"taxonomy":"author","embeddable":true,"href":"https:\/\/www.globalafricasciences.org\/fr\/wp-json\/wp\/v2\/ppma_author?post=8922"}],"curies":[{"name":"wp","href":"https:\/\/api.w.org\/{rel}","templated":true}]}}