{"id":8878,"date":"2025-02-25T16:14:33","date_gmt":"2025-02-25T16:14:33","guid":{"rendered":"https:\/\/www.globalafricasciences.org\/actualites\/colloque-international-african-research-matters-penser-les-futurs-africain-en-reponse-aux-defis\/"},"modified":"2025-07-02T11:49:11","modified_gmt":"2025-07-02T11:49:11","slug":"colloque-international-african-research-matters-penser-les-futurs-africain-en-reponse-aux-defis","status":"publish","type":"post","link":"https:\/\/www.globalafricasciences.org\/fr\/colloque-international-african-research-matters-penser-les-futurs-africain-en-reponse-aux-defis\/","title":{"rendered":"Colloque International \u00ab\u00a0African Research Matters\u00a0\u00bb &#8211; Penser les futurs africain en r\u00e9ponse aux d\u00e9fis"},"content":{"rendered":"\n<p id=\"viewer-2ojk6\">Date : 15-18 mars 2022.<\/p>\n\n<p id=\"viewer-915pj\">Lieu : Saint-Louis, S\u00e9n\u00e9gal<\/p>\n\n<p id=\"viewer-41raf\"><\/p>\n\n<hr class=\"wp-block-separator has-alpha-channel-opacity\"\/>\n\n<p><\/p>\n\n<div class=\"wp-block-media-text is-stacked-on-mobile is-vertically-aligned-top\" style=\"grid-template-columns:44% auto\"><figure class=\"wp-block-media-text__media\"><img fetchpriority=\"high\" decoding=\"async\" width=\"1432\" height=\"1428\" src=\"https:\/\/www.globalafricasciences.org\/wp-content\/uploads\/2025\/02\/International-Conference-Global-Africa-Aims-to-Promote-African-Research.-.avif\" alt=\"\" class=\"wp-image-8802 size-full\"\/><\/figure><div class=\"wp-block-media-text__content\">\n<p>Organis\u00e9 \u00e0 l\u2019occasion de la parution du premier num\u00e9ro de la nouvelle revue Global Africa, le colloque international African Research Matters a pour ambition de susciter \u00e9changes et d\u00e9bats sur les enjeux \u00e9pist\u00e9mologiques, les conditions d\u2019exercice, l\u2019\u00e9conomie politique, la l\u00e9gitimit\u00e9 sociale et les capacit\u00e9s de rayonnement de la recherche panafricaine face aux d\u00e9fis plan\u00e9taires. Conf\u00e9rences pl\u00e9ni\u00e8res et panels, o\u00f9 interviendront des experts de haut niveau, s\u2019attacheront plus particuli\u00e8rement \u00e0 analyser comment les sciences humaines et sociales,  <\/p>\n<\/div><\/div>\n\n<p id=\"viewer-6banf\">dans une approche interdisciplinaire, peuvent permettre de penser de mani\u00e8re critique le continent et ses diff\u00e9rentes trajectoires &#8211; sociales, politiques, environnementales, culturelles, \u00e9conomiques ou scientifiques &#8211; dans le contexte de la globalisation. Ce colloque est co-organis\u00e9 par l&rsquo;Universit\u00e9 Gaston Berger<a href=\"http:\/\/www.ugb.sn\/\" target=\"_blank\" rel=\"noreferrer noopener\">(UGB<\/a>) et l&rsquo;Institut de Recherche et de D\u00e9veloppement<a href=\"https:\/\/www.ird.fr\/\" target=\"_blank\" rel=\"noreferrer noopener\">(IRD)<\/a> en partenariat avec le Conseil pour le D\u00e9veloppement de la Recherche en Sciences Sociales en Afrique<a href=\"https:\/\/www.codesria.org\/\" target=\"_blank\" rel=\"noreferrer noopener\">(CODESRIA)<\/a>, dans le cadre du projet <a href=\"https:\/\/www.globalafricasciences.org\/\" target=\"_blank\" rel=\"noreferrer noopener\">Global Africa<\/a><a href=\"https:\/\/ugb.sn\/\" target=\"_blank\" rel=\"noreferrer noopener\">(UGB<\/a>, <a href=\"https:\/\/ird.fr\/\" target=\"_blank\" rel=\"noreferrer noopener\">IRD<\/a>, <a href=\"http:\/\/lasdel.net\/\" target=\"_blank\" rel=\"noreferrer noopener\">LASDEL<\/a>, <a href=\"http:\/\/www.uir.ac.ma\/\" target=\"_blank\" rel=\"noreferrer noopener\">UIR<\/a>), soutenu par l&rsquo;Agence Fran\u00e7aise de D\u00e9veloppement<a href=\"https:\/\/www.afd.fr\/\" target=\"_blank\" rel=\"noreferrer noopener\">(AFD<\/a>). Il est associ\u00e9 \u00e0 l&rsquo;Escale des Livres, espace o\u00f9 les \u00e9diteurs d\u2019ouvrages et de revues scientifiques pr\u00e9sentont leurs publications. <\/p>\n\n<p id=\"viewer-7n9q9\">Info : <a target=\"_blank\" href=\"mailto:conference@globalafricasciences.org\" rel=\"noreferrer noopener\">conference@globalafricasciences.org<\/a><\/p>\n","protected":false},"excerpt":{"rendered":"<p>Date : 15-18 mars 2022. Lieu : Saint-Louis, S\u00e9n\u00e9gal Organis\u00e9 \u00e0 l\u2019occasion de la parution du premier num\u00e9ro de la nouvelle revue Global Africa, le colloque international African Research Matters a pour ambition de susciter \u00e9changes et d\u00e9bats sur les enjeux \u00e9pist\u00e9mologiques, les conditions d\u2019exercice, l\u2019\u00e9conomie politique, la l\u00e9gitimit\u00e9 sociale et les capacit\u00e9s de rayonnement de la recherche panafricaine face aux d\u00e9fis plan\u00e9taires. Conf\u00e9rences pl\u00e9ni\u00e8res et panels, o\u00f9 interviendront des experts de haut niveau, s\u2019attacheront plus particuli\u00e8rement \u00e0 analyser comment les sciences humaines et sociales, dans une approche interdisciplinaire, peuvent permettre de penser de mani\u00e8re critique le continent et ses diff\u00e9rentes trajectoires &#8211; sociales, politiques, environnementales, culturelles, \u00e9conomiques ou scientifiques &#8211; dans le contexte de la globalisation. Ce colloque est co-organis\u00e9 par l&rsquo;Universit\u00e9 Gaston Berger(UGB) et l&rsquo;Institut de Recherche et de D\u00e9veloppement(IRD) en partenariat avec le Conseil pour le D\u00e9veloppement de la Recherche en Sciences Sociales en Afrique(CODESRIA), dans le cadre du projet Global Africa(UGB, IRD, LASDEL, UIR), soutenu par l&rsquo;Agence Fran\u00e7aise de D\u00e9veloppement(AFD). Il est associ\u00e9 \u00e0 l&rsquo;Escale des Livres, espace o\u00f9 les \u00e9diteurs d\u2019ouvrages et de revues scientifiques pr\u00e9sentont leurs publications. Info : conference@globalafricasciences.org<\/p>\n","protected":false},"author":50,"featured_media":8803,"comment_status":"open","ping_status":"open","sticky":false,"template":"","format":"standard","meta":{"footnotes":""},"categories":[179,227],"tags":[],"issues3":[],"post_folder":[],"ppma_author":[265],"class_list":["post-8878","post","type-post","status-publish","format-standard","has-post-thumbnail","hentry","category-conferences-fr","category-rencontre","author-global-africa"],"yoast_head":"<!-- This site is optimized with the Yoast SEO plugin v27.5 - https:\/\/yoast.com\/product\/yoast-seo-wordpress\/ -->\n<title>Colloque International &quot;African Research Matters&quot; - Penser les futurs africain en r\u00e9ponse aux d\u00e9fis | Global Africa<\/title>\n<meta name=\"description\" content=\"Participez au symposium international \u00ab African Research Matters \u00bb \u00e0 Saint-Louis du 15 au 18 mars 2022, pour repenser l\u2019avenir de l\u2019Afrique face aux d\u00e9fis mondiaux.\" \/>\n<meta name=\"robots\" content=\"index, follow, max-snippet:-1, max-image-preview:large, max-video-preview:-1\" \/>\n<link rel=\"canonical\" href=\"https:\/\/www.globalafricasciences.org\/fr\/colloque-international-african-research-matters-penser-les-futurs-africain-en-reponse-aux-defis\/\" \/>\n<meta property=\"og:locale\" content=\"fr_FR\" \/>\n<meta property=\"og:type\" content=\"article\" \/>\n<meta property=\"og:title\" content=\"Colloque International &quot;African Research Matters&quot; - Penser les futurs africain en r\u00e9ponse aux d\u00e9fis | Global Africa\" \/>\n<meta property=\"og:description\" content=\"Participez au symposium international \u00ab African Research Matters \u00bb \u00e0 Saint-Louis du 15 au 18 mars 2022, pour repenser l\u2019avenir de l\u2019Afrique face aux d\u00e9fis mondiaux.\" \/>\n<meta property=\"og:url\" content=\"https:\/\/www.globalafricasciences.org\/fr\/colloque-international-african-research-matters-penser-les-futurs-africain-en-reponse-aux-defis\/\" \/>\n<meta property=\"og:site_name\" content=\"Global Africa\" \/>\n<meta property=\"article:publisher\" content=\"https:\/\/www.facebook.com\/globalafricasciences\" \/>\n<meta property=\"article:published_time\" content=\"2025-02-25T16:14:33+00:00\" \/>\n<meta property=\"article:modified_time\" content=\"2025-07-02T11:49:11+00:00\" \/>\n<meta name=\"author\" content=\"Global Africa\" \/>\n<meta name=\"twitter:card\" content=\"summary_large_image\" \/>\n<meta name=\"twitter:label1\" content=\"\u00c9crit par\" \/>\n\t<meta name=\"twitter:data1\" content=\"Global Africa\" \/>\n\t<meta name=\"twitter:label2\" content=\"Dur\u00e9e de lecture estim\u00e9e\" \/>\n\t<meta name=\"twitter:data2\" content=\"1 minute\" \/>\n<script type=\"application\/ld+json\" class=\"yoast-schema-graph\">{\"@context\":\"https:\\\/\\\/schema.org\",\"@graph\":[{\"@type\":\"Article\",\"@id\":\"https:\\\/\\\/www.globalafricasciences.org\\\/fr\\\/colloque-international-african-research-matters-penser-les-futurs-africain-en-reponse-aux-defis\\\/#article\",\"isPartOf\":{\"@id\":\"https:\\\/\\\/www.globalafricasciences.org\\\/fr\\\/colloque-international-african-research-matters-penser-les-futurs-africain-en-reponse-aux-defis\\\/\"},\"author\":{\"name\":\"Global Africa\",\"@id\":\"https:\\\/\\\/www.globalafricasciences.org\\\/fr\\\/#\\\/schema\\\/person\\\/8c11b55a8c7d287934a558c0e354b773\"},\"headline\":\"Colloque International \u00ab\u00a0African Research Matters\u00a0\u00bb &#8211; Penser les futurs africain en r\u00e9ponse aux d\u00e9fis\",\"datePublished\":\"2025-02-25T16:14:33+00:00\",\"dateModified\":\"2025-07-02T11:49:11+00:00\",\"mainEntityOfPage\":{\"@id\":\"https:\\\/\\\/www.globalafricasciences.org\\\/fr\\\/colloque-international-african-research-matters-penser-les-futurs-africain-en-reponse-aux-defis\\\/\"},\"wordCount\":231,\"commentCount\":0,\"publisher\":{\"@id\":\"https:\\\/\\\/www.globalafricasciences.org\\\/fr\\\/#organization\"},\"image\":{\"@id\":\"https:\\\/\\\/www.globalafricasciences.org\\\/fr\\\/colloque-international-african-research-matters-penser-les-futurs-africain-en-reponse-aux-defis\\\/#primaryimage\"},\"thumbnailUrl\":\"https:\\\/\\\/www.globalafricasciences.org\\\/wp-content\\\/uploads\\\/2025\\\/02\\\/International-Conference-Global-Africa-Aims-to-Promote-African-Research.-.avif\",\"articleSection\":[\"Conf\u00e9rences\",\"Rencontre\"],\"inLanguage\":\"fr-FR\",\"potentialAction\":[{\"@type\":\"CommentAction\",\"name\":\"Comment\",\"target\":[\"https:\\\/\\\/www.globalafricasciences.org\\\/fr\\\/colloque-international-african-research-matters-penser-les-futurs-africain-en-reponse-aux-defis\\\/#respond\"]}]},{\"@type\":\"WebPage\",\"@id\":\"https:\\\/\\\/www.globalafricasciences.org\\\/fr\\\/colloque-international-african-research-matters-penser-les-futurs-africain-en-reponse-aux-defis\\\/\",\"url\":\"https:\\\/\\\/www.globalafricasciences.org\\\/fr\\\/colloque-international-african-research-matters-penser-les-futurs-africain-en-reponse-aux-defis\\\/\",\"name\":\"Colloque International \\\"African Research Matters\\\" - Penser les futurs africain en r\u00e9ponse aux d\u00e9fis | Global Africa\",\"isPartOf\":{\"@id\":\"https:\\\/\\\/www.globalafricasciences.org\\\/fr\\\/#website\"},\"primaryImageOfPage\":{\"@id\":\"https:\\\/\\\/www.globalafricasciences.org\\\/fr\\\/colloque-international-african-research-matters-penser-les-futurs-africain-en-reponse-aux-defis\\\/#primaryimage\"},\"image\":{\"@id\":\"https:\\\/\\\/www.globalafricasciences.org\\\/fr\\\/colloque-international-african-research-matters-penser-les-futurs-africain-en-reponse-aux-defis\\\/#primaryimage\"},\"thumbnailUrl\":\"https:\\\/\\\/www.globalafricasciences.org\\\/wp-content\\\/uploads\\\/2025\\\/02\\\/International-Conference-Global-Africa-Aims-to-Promote-African-Research.-.avif\",\"datePublished\":\"2025-02-25T16:14:33+00:00\",\"dateModified\":\"2025-07-02T11:49:11+00:00\",\"description\":\"Participez au symposium international \u00ab African Research Matters \u00bb \u00e0 Saint-Louis du 15 au 18 mars 2022, pour repenser l\u2019avenir de l\u2019Afrique face aux d\u00e9fis mondiaux.\",\"breadcrumb\":{\"@id\":\"https:\\\/\\\/www.globalafricasciences.org\\\/fr\\\/colloque-international-african-research-matters-penser-les-futurs-africain-en-reponse-aux-defis\\\/#breadcrumb\"},\"inLanguage\":\"fr-FR\",\"potentialAction\":[{\"@type\":\"ReadAction\",\"target\":[\"https:\\\/\\\/www.globalafricasciences.org\\\/fr\\\/colloque-international-african-research-matters-penser-les-futurs-africain-en-reponse-aux-defis\\\/\"]}]},{\"@type\":\"ImageObject\",\"inLanguage\":\"fr-FR\",\"@id\":\"https:\\\/\\\/www.globalafricasciences.org\\\/fr\\\/colloque-international-african-research-matters-penser-les-futurs-africain-en-reponse-aux-defis\\\/#primaryimage\",\"url\":\"https:\\\/\\\/www.globalafricasciences.org\\\/wp-content\\\/uploads\\\/2025\\\/02\\\/International-Conference-Global-Africa-Aims-to-Promote-African-Research.-.avif\",\"contentUrl\":\"https:\\\/\\\/www.globalafricasciences.org\\\/wp-content\\\/uploads\\\/2025\\\/02\\\/International-Conference-Global-Africa-Aims-to-Promote-African-Research.-.avif\",\"width\":1432,\"height\":1428},{\"@type\":\"BreadcrumbList\",\"@id\":\"https:\\\/\\\/www.globalafricasciences.org\\\/fr\\\/colloque-international-african-research-matters-penser-les-futurs-africain-en-reponse-aux-defis\\\/#breadcrumb\",\"itemListElement\":[{\"@type\":\"ListItem\",\"position\":1,\"name\":\"Home\",\"item\":\"https:\\\/\\\/www.globalafricasciences.org\\\/fr\\\/accueil\\\/\"},{\"@type\":\"ListItem\",\"position\":2,\"name\":\"Colloque International &#8220;African Research Matters&#8221; &#8211; Penser les futurs africain en r\u00e9ponse aux d\u00e9fis\"}]},{\"@type\":\"WebSite\",\"@id\":\"https:\\\/\\\/www.globalafricasciences.org\\\/fr\\\/#website\",\"url\":\"https:\\\/\\\/www.globalafricasciences.org\\\/fr\\\/\",\"name\":\"Global Africa\",\"description\":\"Pan-African Scientific Journal\",\"publisher\":{\"@id\":\"https:\\\/\\\/www.globalafricasciences.org\\\/fr\\\/#organization\"},\"potentialAction\":[{\"@type\":\"SearchAction\",\"target\":{\"@type\":\"EntryPoint\",\"urlTemplate\":\"https:\\\/\\\/www.globalafricasciences.org\\\/fr\\\/?s={search_term_string}\"},\"query-input\":{\"@type\":\"PropertyValueSpecification\",\"valueRequired\":true,\"valueName\":\"search_term_string\"}}],\"inLanguage\":\"fr-FR\"},{\"@type\":\"Organization\",\"@id\":\"https:\\\/\\\/www.globalafricasciences.org\\\/fr\\\/#organization\",\"name\":\"Global Africa\",\"url\":\"https:\\\/\\\/www.globalafricasciences.org\\\/fr\\\/\",\"logo\":{\"@type\":\"ImageObject\",\"inLanguage\":\"fr-FR\",\"@id\":\"https:\\\/\\\/www.globalafricasciences.org\\\/fr\\\/#\\\/schema\\\/logo\\\/image\\\/\",\"url\":\"https:\\\/\\\/www.globalafricasciences.org\\\/wp-content\\\/uploads\\\/2024\\\/12\\\/Globalafrica.png\",\"contentUrl\":\"https:\\\/\\\/www.globalafricasciences.org\\\/wp-content\\\/uploads\\\/2024\\\/12\\\/Globalafrica.png\",\"width\":1680,\"height\":750,\"caption\":\"Global Africa\"},\"image\":{\"@id\":\"https:\\\/\\\/www.globalafricasciences.org\\\/fr\\\/#\\\/schema\\\/logo\\\/image\\\/\"},\"sameAs\":[\"https:\\\/\\\/www.facebook.com\\\/globalafricasciences\"]},{\"@type\":\"Person\",\"@id\":\"https:\\\/\\\/www.globalafricasciences.org\\\/fr\\\/#\\\/schema\\\/person\\\/8c11b55a8c7d287934a558c0e354b773\",\"name\":\"Global Africa\",\"image\":{\"@type\":\"ImageObject\",\"inLanguage\":\"fr-FR\",\"@id\":\"https:\\\/\\\/www.globalafricasciences.org\\\/wp-content\\\/uploads\\\/2024\\\/11\\\/Global-Africa.jpgd44bc09810f00cf464135b8441da2384\",\"url\":\"https:\\\/\\\/www.globalafricasciences.org\\\/wp-content\\\/uploads\\\/2024\\\/11\\\/Global-Africa.jpg\",\"contentUrl\":\"https:\\\/\\\/www.globalafricasciences.org\\\/wp-content\\\/uploads\\\/2024\\\/11\\\/Global-Africa.jpg\",\"caption\":\"Global Africa\"},\"description\":\"The editorial board of the journal is led by Mame-Penda Ba, a professor of political science at Gaston Berger University and the director of LASPAD(Laboratory of Social, Political, and Administrative Studies), Senegal.\",\"url\":\"https:\\\/\\\/www.globalafricasciences.org\\\/author\\\/globalafrica\\\/\"}]}<\/script>\n<!-- \/ Yoast SEO plugin. -->","yoast_head_json":{"title":"Colloque International \"African Research Matters\" - Penser les futurs africain en r\u00e9ponse aux d\u00e9fis | Global Africa","description":"Participez au symposium international \u00ab African Research Matters \u00bb \u00e0 Saint-Louis du 15 au 18 mars 2022, pour repenser l\u2019avenir de l\u2019Afrique face aux d\u00e9fis mondiaux.","robots":{"index":"index","follow":"follow","max-snippet":"max-snippet:-1","max-image-preview":"max-image-preview:large","max-video-preview":"max-video-preview:-1"},"canonical":"https:\/\/www.globalafricasciences.org\/fr\/colloque-international-african-research-matters-penser-les-futurs-africain-en-reponse-aux-defis\/","og_locale":"fr_FR","og_type":"article","og_title":"Colloque International \"African Research Matters\" - Penser les futurs africain en r\u00e9ponse aux d\u00e9fis | Global Africa","og_description":"Participez au symposium international \u00ab African Research Matters \u00bb \u00e0 Saint-Louis du 15 au 18 mars 2022, pour repenser l\u2019avenir de l\u2019Afrique face aux d\u00e9fis mondiaux.","og_url":"https:\/\/www.globalafricasciences.org\/fr\/colloque-international-african-research-matters-penser-les-futurs-africain-en-reponse-aux-defis\/","og_site_name":"Global Africa","article_publisher":"https:\/\/www.facebook.com\/globalafricasciences","article_published_time":"2025-02-25T16:14:33+00:00","article_modified_time":"2025-07-02T11:49:11+00:00","author":"Global Africa","twitter_card":"summary_large_image","twitter_misc":{"\u00c9crit par":"Global Africa","Dur\u00e9e de lecture estim\u00e9e":"1 minute"},"schema":{"@context":"https:\/\/schema.org","@graph":[{"@type":"Article","@id":"https:\/\/www.globalafricasciences.org\/fr\/colloque-international-african-research-matters-penser-les-futurs-africain-en-reponse-aux-defis\/#article","isPartOf":{"@id":"https:\/\/www.globalafricasciences.org\/fr\/colloque-international-african-research-matters-penser-les-futurs-africain-en-reponse-aux-defis\/"},"author":{"name":"Global Africa","@id":"https:\/\/www.globalafricasciences.org\/fr\/#\/schema\/person\/8c11b55a8c7d287934a558c0e354b773"},"headline":"Colloque International \u00ab\u00a0African Research Matters\u00a0\u00bb &#8211; Penser les futurs africain en r\u00e9ponse aux d\u00e9fis","datePublished":"2025-02-25T16:14:33+00:00","dateModified":"2025-07-02T11:49:11+00:00","mainEntityOfPage":{"@id":"https:\/\/www.globalafricasciences.org\/fr\/colloque-international-african-research-matters-penser-les-futurs-africain-en-reponse-aux-defis\/"},"wordCount":231,"commentCount":0,"publisher":{"@id":"https:\/\/www.globalafricasciences.org\/fr\/#organization"},"image":{"@id":"https:\/\/www.globalafricasciences.org\/fr\/colloque-international-african-research-matters-penser-les-futurs-africain-en-reponse-aux-defis\/#primaryimage"},"thumbnailUrl":"https:\/\/www.globalafricasciences.org\/wp-content\/uploads\/2025\/02\/International-Conference-Global-Africa-Aims-to-Promote-African-Research.-.avif","articleSection":["Conf\u00e9rences","Rencontre"],"inLanguage":"fr-FR","potentialAction":[{"@type":"CommentAction","name":"Comment","target":["https:\/\/www.globalafricasciences.org\/fr\/colloque-international-african-research-matters-penser-les-futurs-africain-en-reponse-aux-defis\/#respond"]}]},{"@type":"WebPage","@id":"https:\/\/www.globalafricasciences.org\/fr\/colloque-international-african-research-matters-penser-les-futurs-africain-en-reponse-aux-defis\/","url":"https:\/\/www.globalafricasciences.org\/fr\/colloque-international-african-research-matters-penser-les-futurs-africain-en-reponse-aux-defis\/","name":"Colloque International \"African Research Matters\" - Penser les futurs africain en r\u00e9ponse aux d\u00e9fis | Global Africa","isPartOf":{"@id":"https:\/\/www.globalafricasciences.org\/fr\/#website"},"primaryImageOfPage":{"@id":"https:\/\/www.globalafricasciences.org\/fr\/colloque-international-african-research-matters-penser-les-futurs-africain-en-reponse-aux-defis\/#primaryimage"},"image":{"@id":"https:\/\/www.globalafricasciences.org\/fr\/colloque-international-african-research-matters-penser-les-futurs-africain-en-reponse-aux-defis\/#primaryimage"},"thumbnailUrl":"https:\/\/www.globalafricasciences.org\/wp-content\/uploads\/2025\/02\/International-Conference-Global-Africa-Aims-to-Promote-African-Research.-.avif","datePublished":"2025-02-25T16:14:33+00:00","dateModified":"2025-07-02T11:49:11+00:00","description":"Participez au symposium international \u00ab African Research Matters \u00bb \u00e0 Saint-Louis du 15 au 18 mars 2022, pour repenser l\u2019avenir de l\u2019Afrique face aux d\u00e9fis mondiaux.","breadcrumb":{"@id":"https:\/\/www.globalafricasciences.org\/fr\/colloque-international-african-research-matters-penser-les-futurs-africain-en-reponse-aux-defis\/#breadcrumb"},"inLanguage":"fr-FR","potentialAction":[{"@type":"ReadAction","target":["https:\/\/www.globalafricasciences.org\/fr\/colloque-international-african-research-matters-penser-les-futurs-africain-en-reponse-aux-defis\/"]}]},{"@type":"ImageObject","inLanguage":"fr-FR","@id":"https:\/\/www.globalafricasciences.org\/fr\/colloque-international-african-research-matters-penser-les-futurs-africain-en-reponse-aux-defis\/#primaryimage","url":"https:\/\/www.globalafricasciences.org\/wp-content\/uploads\/2025\/02\/International-Conference-Global-Africa-Aims-to-Promote-African-Research.-.avif","contentUrl":"https:\/\/www.globalafricasciences.org\/wp-content\/uploads\/2025\/02\/International-Conference-Global-Africa-Aims-to-Promote-African-Research.-.avif","width":1432,"height":1428},{"@type":"BreadcrumbList","@id":"https:\/\/www.globalafricasciences.org\/fr\/colloque-international-african-research-matters-penser-les-futurs-africain-en-reponse-aux-defis\/#breadcrumb","itemListElement":[{"@type":"ListItem","position":1,"name":"Home","item":"https:\/\/www.globalafricasciences.org\/fr\/accueil\/"},{"@type":"ListItem","position":2,"name":"Colloque International &#8220;African Research Matters&#8221; &#8211; Penser les futurs africain en r\u00e9ponse aux d\u00e9fis"}]},{"@type":"WebSite","@id":"https:\/\/www.globalafricasciences.org\/fr\/#website","url":"https:\/\/www.globalafricasciences.org\/fr\/","name":"Global Africa","description":"Pan-African Scientific Journal","publisher":{"@id":"https:\/\/www.globalafricasciences.org\/fr\/#organization"},"potentialAction":[{"@type":"SearchAction","target":{"@type":"EntryPoint","urlTemplate":"https:\/\/www.globalafricasciences.org\/fr\/?s={search_term_string}"},"query-input":{"@type":"PropertyValueSpecification","valueRequired":true,"valueName":"search_term_string"}}],"inLanguage":"fr-FR"},{"@type":"Organization","@id":"https:\/\/www.globalafricasciences.org\/fr\/#organization","name":"Global Africa","url":"https:\/\/www.globalafricasciences.org\/fr\/","logo":{"@type":"ImageObject","inLanguage":"fr-FR","@id":"https:\/\/www.globalafricasciences.org\/fr\/#\/schema\/logo\/image\/","url":"https:\/\/www.globalafricasciences.org\/wp-content\/uploads\/2024\/12\/Globalafrica.png","contentUrl":"https:\/\/www.globalafricasciences.org\/wp-content\/uploads\/2024\/12\/Globalafrica.png","width":1680,"height":750,"caption":"Global Africa"},"image":{"@id":"https:\/\/www.globalafricasciences.org\/fr\/#\/schema\/logo\/image\/"},"sameAs":["https:\/\/www.facebook.com\/globalafricasciences"]},{"@type":"Person","@id":"https:\/\/www.globalafricasciences.org\/fr\/#\/schema\/person\/8c11b55a8c7d287934a558c0e354b773","name":"Global Africa","image":{"@type":"ImageObject","inLanguage":"fr-FR","@id":"https:\/\/www.globalafricasciences.org\/wp-content\/uploads\/2024\/11\/Global-Africa.jpgd44bc09810f00cf464135b8441da2384","url":"https:\/\/www.globalafricasciences.org\/wp-content\/uploads\/2024\/11\/Global-Africa.jpg","contentUrl":"https:\/\/www.globalafricasciences.org\/wp-content\/uploads\/2024\/11\/Global-Africa.jpg","caption":"Global Africa"},"description":"The editorial board of the journal is led by Mame-Penda Ba, a professor of political science at Gaston Berger University and the director of LASPAD(Laboratory of Social, Political, and Administrative Studies), Senegal.","url":"https:\/\/www.globalafricasciences.org\/author\/globalafrica\/"}]}},"acf":[],"authors":[{"term_id":265,"user_id":0,"is_guest":1,"slug":"global-africa","display_name":"Global Africa","avatar_url":{"url":"https:\/\/www.globalafricasciences.org\/wp-content\/uploads\/2024\/11\/Global-Africa.jpg","url2x":"https:\/\/www.globalafricasciences.org\/wp-content\/uploads\/2024\/11\/Global-Africa.jpg"},"author_category":"1","exclude_author":"","main-organisation":"Universit\u00e9 Gaston Berger","country_of_org":"S\u00e9n\u00e9gal","field_of_work":"Sciences sociales","first_name":"","last_name":"","user_url":"","job_title":"","description":"<div id=\"comp-lmq9yt56\" class=\"HcOXKn c9GqVL QxJLC3 lq2cno YQcXTT comp-lmq9yt56 wixui-rich-text\" data-testid=\"richTextElement\">\r\n<p class=\"font_8 wixui-rich-text__text\">La r\u00e9daction de la revue est dirig\u00e9e par Mame-Penda Ba, professeure de sciences politiques \u00e0 l'Universit\u00e9 Gaston Berger et directrice du LASPAD, S\u00e9n\u00e9gal<\/p>\r\n\r\n<\/div>"}],"_links":{"self":[{"href":"https:\/\/www.globalafricasciences.org\/fr\/wp-json\/wp\/v2\/posts\/8878","targetHints":{"allow":["GET"]}}],"collection":[{"href":"https:\/\/www.globalafricasciences.org\/fr\/wp-json\/wp\/v2\/posts"}],"about":[{"href":"https:\/\/www.globalafricasciences.org\/fr\/wp-json\/wp\/v2\/types\/post"}],"author":[{"embeddable":true,"href":"https:\/\/www.globalafricasciences.org\/fr\/wp-json\/wp\/v2\/users\/50"}],"replies":[{"embeddable":true,"href":"https:\/\/www.globalafricasciences.org\/fr\/wp-json\/wp\/v2\/comments?post=8878"}],"version-history":[{"count":0,"href":"https:\/\/www.globalafricasciences.org\/fr\/wp-json\/wp\/v2\/posts\/8878\/revisions"}],"wp:featuredmedia":[{"embeddable":true,"href":"https:\/\/www.globalafricasciences.org\/fr\/wp-json\/wp\/v2\/media\/8803"}],"wp:attachment":[{"href":"https:\/\/www.globalafricasciences.org\/fr\/wp-json\/wp\/v2\/media?parent=8878"}],"wp:term":[{"taxonomy":"category","embeddable":true,"href":"https:\/\/www.globalafricasciences.org\/fr\/wp-json\/wp\/v2\/categories?post=8878"},{"taxonomy":"post_tag","embeddable":true,"href":"https:\/\/www.globalafricasciences.org\/fr\/wp-json\/wp\/v2\/tags?post=8878"},{"taxonomy":"issues3","embeddable":true,"href":"https:\/\/www.globalafricasciences.org\/fr\/wp-json\/wp\/v2\/issues3?post=8878"},{"taxonomy":"post_folder","embeddable":true,"href":"https:\/\/www.globalafricasciences.org\/fr\/wp-json\/wp\/v2\/post_folder?post=8878"},{"taxonomy":"author","embeddable":true,"href":"https:\/\/www.globalafricasciences.org\/fr\/wp-json\/wp\/v2\/ppma_author?post=8878"}],"curies":[{"name":"wp","href":"https:\/\/api.w.org\/{rel}","templated":true}]}}