{"id":8806,"date":"2025-02-25T13:53:08","date_gmt":"2025-02-25T13:53:08","guid":{"rendered":"https:\/\/www.globalafricasciences.org\/actualites\/colloque-international-global-africa-vise-le-rayonnement-de-la-recherche-africaine\/"},"modified":"2025-07-02T12:24:23","modified_gmt":"2025-07-02T12:24:23","slug":"colloque-international-global-africa-vise-le-rayonnement-de-la-recherche-africaine","status":"publish","type":"post","link":"https:\/\/www.globalafricasciences.org\/fr\/colloque-international-global-africa-vise-le-rayonnement-de-la-recherche-africaine\/","title":{"rendered":"Colloque international : Global Africa vise le rayonnement de la recherche africaine."},"content":{"rendered":"\n<figure class=\"wp-block-image size-full\"><img fetchpriority=\"high\" decoding=\"async\" width=\"1432\" height=\"1428\" src=\"https:\/\/www.globalafricasciences.org\/wp-content\/uploads\/2025\/02\/International-Conference-Global-Africa-Aims-to-Promote-African-Research.-.avif\" alt=\"\" class=\"wp-image-8802\"\/><\/figure>\n\n<p id=\"viewer-28lma\"><em>En marge de la parution du premier num\u00e9ro de sa Revue \u00e9ponyme, Global Africa a proc\u00e9d\u00e9, ce mardi 15 mars 2022, \u00e0 l\u2019amphi CRAC de l\u2019UGB, \u00e0 la c\u00e9r\u00e9monie d\u2019ouverture de son Colloque International autour du th\u00e8me  <\/em><strong><em>\u00ab Penser les futurs africains en r\u00e9ponse aux d\u00e9fis plan\u00e9taires \u00bb. <\/em><\/strong><em>La s\u00e9ance inaugurale est anim\u00e9e respectivement par M. Godwin MURUNGA, Secr\u00e9taire ex\u00e9cutif du CODESRIA, M. R\u00e9gis DANTAUX, repr\u00e9sentant de l\u2019Ambassade de France au S\u00e9n\u00e9gal, Mme Val\u00e9rie VERDIER, PDG de l\u2019Institut de Recherche pour le D\u00e9veloppement (IRD), et le Professeur Ousmane THIARE, Recteur de l\u2019Universit\u00e9 Gaston Berger. D\u2019une dur\u00e9e de quatre jours, ce colloque a r\u00e9uni des sommit\u00e9s du monde scientifique et des universitaires d\u2019Afrique. <\/em><\/p>\n\n<p id=\"viewer-9kjdu\">A l\u2019entame de sa communication, M. MURUNGA s\u2019est r\u00e9joui de l\u2019implication de l\u2019Universit\u00e9 Gaston Berger dans ce processus transformationnel de la recherche scientifique africaine et de sa diffusion sur le plan international. A ce propos, il a rappel\u00e9 que Global Africa promeut une nouvelle conceptualisation de l\u2019Afrique, \u00e0 l\u2019effet de booster la recherche africaine, et cela en reconnectant le continent au c\u0153ur des nouveaux d\u00e9fis du monde postmoderne. <\/p>\n\n<p id=\"viewer-3n738\">Sous ce rapport, cette nouvelle donne est le point de d\u00e9part d\u2019une transformation de l\u2019Afrique ouverte sur le monde et \u00e0 ces bouleversements. \u00ab La d\u00e9colonisation de la connaissance est une n\u00e9cessit\u00e9 qui permettra la vulgarisation de nos chercheurs et la formation d\u2019intellectuels apte \u00e0 changer la perception sur l\u2019Afrique \u00bb mart\u00e8le M. Godwin MURUNGA. <\/p>\n\n<p id=\"viewer-c2off\">Abordant la question li\u00e9e \u00e0 la place de l\u2019Afrique dans la recherche scientifique mondiale, le secr\u00e9taire ex\u00e9cutif du CODESRIA a renseign\u00e9 que les chercheurs africains ont certainement des id\u00e9es qui influenceront la destin\u00e9e de l\u2019Afrique et du monde.<\/p>\n\n<p id=\"viewer-cdeh9\">Il ressort de son analyse que Global Africa ambitionne de recentrer le continent africain sur ces d\u00e9bats d\u2019actualit\u00e9s, \u00e0 savoir le d\u00e9veloppement durable de l\u2019Afrique \u00e0 travers le rayonnement de la recherche.<\/p>\n\n<p><a href=\"https:\/\/www.ugb.sn\/actualites\/1580-colloque-international-global-africa-vise-le-rayonnement-de-la-recherche-africaine.html\" target=\"_blank\" rel=\"noreferrer noopener\"><\/a><\/p>\n\n<p><a href=\"https:\/\/www.ugb.sn\/actualites\/1580-colloque-international-global-africa-vise-le-rayonnement-de-la-recherche-africaine.html\" target=\"_blank\" rel=\"noreferrer noopener\">En savoir plus<\/a><\/p>\n","protected":false},"excerpt":{"rendered":"<p>En marge de la parution du premier num\u00e9ro de sa Revue \u00e9ponyme, Global Africa a proc\u00e9d\u00e9, ce mardi 15 mars 2022, \u00e0 l\u2019amphi CRAC de l\u2019UGB, \u00e0 la c\u00e9r\u00e9monie d\u2019ouverture de son Colloque International autour du th\u00e8me \u00ab Penser les futurs africains en r\u00e9ponse aux d\u00e9fis plan\u00e9taires \u00bb. La s\u00e9ance inaugurale est anim\u00e9e respectivement par M. Godwin MURUNGA, Secr\u00e9taire ex\u00e9cutif du CODESRIA, M. R\u00e9gis DANTAUX, repr\u00e9sentant de l\u2019Ambassade de France au S\u00e9n\u00e9gal, Mme Val\u00e9rie VERDIER, PDG de l\u2019Institut de Recherche pour le D\u00e9veloppement (IRD), et le Professeur Ousmane THIARE, Recteur de l\u2019Universit\u00e9 Gaston Berger. D\u2019une dur\u00e9e de quatre jours, ce colloque a r\u00e9uni des sommit\u00e9s du monde scientifique et des universitaires d\u2019Afrique. A l\u2019entame de sa communication, M. MURUNGA s\u2019est r\u00e9joui de l\u2019implication de l\u2019Universit\u00e9 Gaston Berger dans ce processus transformationnel de la recherche scientifique africaine et de sa diffusion sur le plan international. A ce propos, il a rappel\u00e9 que Global Africa promeut une nouvelle conceptualisation de l\u2019Afrique, \u00e0 l\u2019effet de booster la recherche africaine, et cela en reconnectant le continent au c\u0153ur des nouveaux d\u00e9fis du monde postmoderne. Sous ce rapport, cette nouvelle donne est le point de d\u00e9part d\u2019une transformation de l\u2019Afrique ouverte sur le monde et \u00e0 ces bouleversements. \u00ab La d\u00e9colonisation de la connaissance est une n\u00e9cessit\u00e9 qui permettra la vulgarisation de nos chercheurs et la formation d\u2019intellectuels apte \u00e0 changer la perception sur l\u2019Afrique \u00bb mart\u00e8le M. Godwin MURUNGA. Abordant la question li\u00e9e \u00e0 la place de l\u2019Afrique dans la recherche scientifique mondiale, le secr\u00e9taire ex\u00e9cutif du CODESRIA a renseign\u00e9 que les chercheurs africains ont certainement des id\u00e9es qui influenceront la destin\u00e9e de l\u2019Afrique et du monde. Il ressort de son analyse que Global Africa ambitionne de recentrer le continent africain sur ces d\u00e9bats d\u2019actualit\u00e9s, \u00e0 savoir le d\u00e9veloppement durable de l\u2019Afrique \u00e0 travers le rayonnement de la recherche. En savoir plus<\/p>\n","protected":false},"author":50,"featured_media":8803,"comment_status":"open","ping_status":"open","sticky":false,"template":"","format":"standard","meta":{"footnotes":""},"categories":[179,232,227],"tags":[],"issues3":[],"post_folder":[],"ppma_author":[265],"class_list":["post-8806","post","type-post","status-publish","format-standard","has-post-thumbnail","hentry","category-conferences-fr","category-presse","category-rencontre","author-global-africa"],"yoast_head":"<!-- This site is optimized with the Yoast SEO plugin v27.5 - https:\/\/yoast.com\/product\/yoast-seo-wordpress\/ -->\n<title>Colloque international : Global Africa vise le rayonnement de la recherche africaine. | Global Africa<\/title>\n<meta name=\"description\" content=\"Conf\u00e9rence internationale Global Africa : penser les futurs africains face aux d\u00e9fis mondiaux et promouvoir une recherche panafricaine engag\u00e9e.\" \/>\n<meta name=\"robots\" content=\"index, follow, max-snippet:-1, max-image-preview:large, max-video-preview:-1\" \/>\n<link rel=\"canonical\" href=\"https:\/\/www.globalafricasciences.org\/fr\/colloque-international-global-africa-vise-le-rayonnement-de-la-recherche-africaine\/\" \/>\n<meta property=\"og:locale\" content=\"fr_FR\" \/>\n<meta property=\"og:type\" content=\"article\" \/>\n<meta property=\"og:title\" content=\"Colloque international : Global Africa vise le rayonnement de la recherche africaine. | Global Africa\" \/>\n<meta property=\"og:description\" content=\"Conf\u00e9rence internationale Global Africa : penser les futurs africains face aux d\u00e9fis mondiaux et promouvoir une recherche panafricaine engag\u00e9e.\" \/>\n<meta property=\"og:url\" content=\"https:\/\/www.globalafricasciences.org\/fr\/colloque-international-global-africa-vise-le-rayonnement-de-la-recherche-africaine\/\" \/>\n<meta property=\"og:site_name\" content=\"Global Africa\" \/>\n<meta property=\"article:publisher\" content=\"https:\/\/www.facebook.com\/globalafricasciences\" \/>\n<meta property=\"article:published_time\" content=\"2025-02-25T13:53:08+00:00\" \/>\n<meta property=\"article:modified_time\" content=\"2025-07-02T12:24:23+00:00\" \/>\n<meta name=\"author\" content=\"Global Africa\" \/>\n<meta name=\"twitter:card\" content=\"summary_large_image\" \/>\n<meta name=\"twitter:label1\" content=\"\u00c9crit par\" \/>\n\t<meta name=\"twitter:data1\" content=\"Global Africa\" \/>\n\t<meta name=\"twitter:label2\" content=\"Dur\u00e9e de lecture estim\u00e9e\" \/>\n\t<meta name=\"twitter:data2\" content=\"2 minutes\" \/>\n<script type=\"application\/ld+json\" class=\"yoast-schema-graph\">{\"@context\":\"https:\\\/\\\/schema.org\",\"@graph\":[{\"@type\":\"Article\",\"@id\":\"https:\\\/\\\/www.globalafricasciences.org\\\/fr\\\/colloque-international-global-africa-vise-le-rayonnement-de-la-recherche-africaine\\\/#article\",\"isPartOf\":{\"@id\":\"https:\\\/\\\/www.globalafricasciences.org\\\/fr\\\/colloque-international-global-africa-vise-le-rayonnement-de-la-recherche-africaine\\\/\"},\"author\":{\"name\":\"Global Africa\",\"@id\":\"https:\\\/\\\/www.globalafricasciences.org\\\/fr\\\/#\\\/schema\\\/person\\\/8c11b55a8c7d287934a558c0e354b773\"},\"headline\":\"Colloque international : Global Africa vise le rayonnement de la recherche africaine.\",\"datePublished\":\"2025-02-25T13:53:08+00:00\",\"dateModified\":\"2025-07-02T12:24:23+00:00\",\"mainEntityOfPage\":{\"@id\":\"https:\\\/\\\/www.globalafricasciences.org\\\/fr\\\/colloque-international-global-africa-vise-le-rayonnement-de-la-recherche-africaine\\\/\"},\"wordCount\":363,\"commentCount\":0,\"publisher\":{\"@id\":\"https:\\\/\\\/www.globalafricasciences.org\\\/fr\\\/#organization\"},\"image\":{\"@id\":\"https:\\\/\\\/www.globalafricasciences.org\\\/fr\\\/colloque-international-global-africa-vise-le-rayonnement-de-la-recherche-africaine\\\/#primaryimage\"},\"thumbnailUrl\":\"https:\\\/\\\/www.globalafricasciences.org\\\/wp-content\\\/uploads\\\/2025\\\/02\\\/International-Conference-Global-Africa-Aims-to-Promote-African-Research.-.avif\",\"articleSection\":[\"Conf\u00e9rences\",\"Presse\",\"Rencontre\"],\"inLanguage\":\"fr-FR\",\"potentialAction\":[{\"@type\":\"CommentAction\",\"name\":\"Comment\",\"target\":[\"https:\\\/\\\/www.globalafricasciences.org\\\/fr\\\/colloque-international-global-africa-vise-le-rayonnement-de-la-recherche-africaine\\\/#respond\"]}]},{\"@type\":\"WebPage\",\"@id\":\"https:\\\/\\\/www.globalafricasciences.org\\\/fr\\\/colloque-international-global-africa-vise-le-rayonnement-de-la-recherche-africaine\\\/\",\"url\":\"https:\\\/\\\/www.globalafricasciences.org\\\/fr\\\/colloque-international-global-africa-vise-le-rayonnement-de-la-recherche-africaine\\\/\",\"name\":\"Colloque international : Global Africa vise le rayonnement de la recherche africaine. | Global Africa\",\"isPartOf\":{\"@id\":\"https:\\\/\\\/www.globalafricasciences.org\\\/fr\\\/#website\"},\"primaryImageOfPage\":{\"@id\":\"https:\\\/\\\/www.globalafricasciences.org\\\/fr\\\/colloque-international-global-africa-vise-le-rayonnement-de-la-recherche-africaine\\\/#primaryimage\"},\"image\":{\"@id\":\"https:\\\/\\\/www.globalafricasciences.org\\\/fr\\\/colloque-international-global-africa-vise-le-rayonnement-de-la-recherche-africaine\\\/#primaryimage\"},\"thumbnailUrl\":\"https:\\\/\\\/www.globalafricasciences.org\\\/wp-content\\\/uploads\\\/2025\\\/02\\\/International-Conference-Global-Africa-Aims-to-Promote-African-Research.-.avif\",\"datePublished\":\"2025-02-25T13:53:08+00:00\",\"dateModified\":\"2025-07-02T12:24:23+00:00\",\"description\":\"Conf\u00e9rence internationale Global Africa : penser les futurs africains face aux d\u00e9fis mondiaux et promouvoir une recherche panafricaine engag\u00e9e.\",\"breadcrumb\":{\"@id\":\"https:\\\/\\\/www.globalafricasciences.org\\\/fr\\\/colloque-international-global-africa-vise-le-rayonnement-de-la-recherche-africaine\\\/#breadcrumb\"},\"inLanguage\":\"fr-FR\",\"potentialAction\":[{\"@type\":\"ReadAction\",\"target\":[\"https:\\\/\\\/www.globalafricasciences.org\\\/fr\\\/colloque-international-global-africa-vise-le-rayonnement-de-la-recherche-africaine\\\/\"]}]},{\"@type\":\"ImageObject\",\"inLanguage\":\"fr-FR\",\"@id\":\"https:\\\/\\\/www.globalafricasciences.org\\\/fr\\\/colloque-international-global-africa-vise-le-rayonnement-de-la-recherche-africaine\\\/#primaryimage\",\"url\":\"https:\\\/\\\/www.globalafricasciences.org\\\/wp-content\\\/uploads\\\/2025\\\/02\\\/International-Conference-Global-Africa-Aims-to-Promote-African-Research.-.avif\",\"contentUrl\":\"https:\\\/\\\/www.globalafricasciences.org\\\/wp-content\\\/uploads\\\/2025\\\/02\\\/International-Conference-Global-Africa-Aims-to-Promote-African-Research.-.avif\",\"width\":1432,\"height\":1428},{\"@type\":\"BreadcrumbList\",\"@id\":\"https:\\\/\\\/www.globalafricasciences.org\\\/fr\\\/colloque-international-global-africa-vise-le-rayonnement-de-la-recherche-africaine\\\/#breadcrumb\",\"itemListElement\":[{\"@type\":\"ListItem\",\"position\":1,\"name\":\"Home\",\"item\":\"https:\\\/\\\/www.globalafricasciences.org\\\/fr\\\/accueil\\\/\"},{\"@type\":\"ListItem\",\"position\":2,\"name\":\"Colloque international : Global Africa vise le rayonnement de la recherche africaine.\"}]},{\"@type\":\"WebSite\",\"@id\":\"https:\\\/\\\/www.globalafricasciences.org\\\/fr\\\/#website\",\"url\":\"https:\\\/\\\/www.globalafricasciences.org\\\/fr\\\/\",\"name\":\"Global Africa\",\"description\":\"Pan-African Scientific Journal\",\"publisher\":{\"@id\":\"https:\\\/\\\/www.globalafricasciences.org\\\/fr\\\/#organization\"},\"potentialAction\":[{\"@type\":\"SearchAction\",\"target\":{\"@type\":\"EntryPoint\",\"urlTemplate\":\"https:\\\/\\\/www.globalafricasciences.org\\\/fr\\\/?s={search_term_string}\"},\"query-input\":{\"@type\":\"PropertyValueSpecification\",\"valueRequired\":true,\"valueName\":\"search_term_string\"}}],\"inLanguage\":\"fr-FR\"},{\"@type\":\"Organization\",\"@id\":\"https:\\\/\\\/www.globalafricasciences.org\\\/fr\\\/#organization\",\"name\":\"Global Africa\",\"url\":\"https:\\\/\\\/www.globalafricasciences.org\\\/fr\\\/\",\"logo\":{\"@type\":\"ImageObject\",\"inLanguage\":\"fr-FR\",\"@id\":\"https:\\\/\\\/www.globalafricasciences.org\\\/fr\\\/#\\\/schema\\\/logo\\\/image\\\/\",\"url\":\"https:\\\/\\\/www.globalafricasciences.org\\\/wp-content\\\/uploads\\\/2024\\\/12\\\/Globalafrica.png\",\"contentUrl\":\"https:\\\/\\\/www.globalafricasciences.org\\\/wp-content\\\/uploads\\\/2024\\\/12\\\/Globalafrica.png\",\"width\":1680,\"height\":750,\"caption\":\"Global Africa\"},\"image\":{\"@id\":\"https:\\\/\\\/www.globalafricasciences.org\\\/fr\\\/#\\\/schema\\\/logo\\\/image\\\/\"},\"sameAs\":[\"https:\\\/\\\/www.facebook.com\\\/globalafricasciences\"]},{\"@type\":\"Person\",\"@id\":\"https:\\\/\\\/www.globalafricasciences.org\\\/fr\\\/#\\\/schema\\\/person\\\/8c11b55a8c7d287934a558c0e354b773\",\"name\":\"Global Africa\",\"image\":{\"@type\":\"ImageObject\",\"inLanguage\":\"fr-FR\",\"@id\":\"https:\\\/\\\/www.globalafricasciences.org\\\/wp-content\\\/uploads\\\/2024\\\/11\\\/Global-Africa.jpgd44bc09810f00cf464135b8441da2384\",\"url\":\"https:\\\/\\\/www.globalafricasciences.org\\\/wp-content\\\/uploads\\\/2024\\\/11\\\/Global-Africa.jpg\",\"contentUrl\":\"https:\\\/\\\/www.globalafricasciences.org\\\/wp-content\\\/uploads\\\/2024\\\/11\\\/Global-Africa.jpg\",\"caption\":\"Global Africa\"},\"description\":\"The editorial board of the journal is led by Mame-Penda Ba, a professor of political science at Gaston Berger University and the director of LASPAD(Laboratory of Social, Political, and Administrative Studies), Senegal.\",\"url\":\"https:\\\/\\\/www.globalafricasciences.org\\\/author\\\/globalafrica\\\/\"}]}<\/script>\n<!-- \/ Yoast SEO plugin. -->","yoast_head_json":{"title":"Colloque international : Global Africa vise le rayonnement de la recherche africaine. | Global Africa","description":"Conf\u00e9rence internationale Global Africa : penser les futurs africains face aux d\u00e9fis mondiaux et promouvoir une recherche panafricaine engag\u00e9e.","robots":{"index":"index","follow":"follow","max-snippet":"max-snippet:-1","max-image-preview":"max-image-preview:large","max-video-preview":"max-video-preview:-1"},"canonical":"https:\/\/www.globalafricasciences.org\/fr\/colloque-international-global-africa-vise-le-rayonnement-de-la-recherche-africaine\/","og_locale":"fr_FR","og_type":"article","og_title":"Colloque international : Global Africa vise le rayonnement de la recherche africaine. | Global Africa","og_description":"Conf\u00e9rence internationale Global Africa : penser les futurs africains face aux d\u00e9fis mondiaux et promouvoir une recherche panafricaine engag\u00e9e.","og_url":"https:\/\/www.globalafricasciences.org\/fr\/colloque-international-global-africa-vise-le-rayonnement-de-la-recherche-africaine\/","og_site_name":"Global Africa","article_publisher":"https:\/\/www.facebook.com\/globalafricasciences","article_published_time":"2025-02-25T13:53:08+00:00","article_modified_time":"2025-07-02T12:24:23+00:00","author":"Global Africa","twitter_card":"summary_large_image","twitter_misc":{"\u00c9crit par":"Global Africa","Dur\u00e9e de lecture estim\u00e9e":"2 minutes"},"schema":{"@context":"https:\/\/schema.org","@graph":[{"@type":"Article","@id":"https:\/\/www.globalafricasciences.org\/fr\/colloque-international-global-africa-vise-le-rayonnement-de-la-recherche-africaine\/#article","isPartOf":{"@id":"https:\/\/www.globalafricasciences.org\/fr\/colloque-international-global-africa-vise-le-rayonnement-de-la-recherche-africaine\/"},"author":{"name":"Global Africa","@id":"https:\/\/www.globalafricasciences.org\/fr\/#\/schema\/person\/8c11b55a8c7d287934a558c0e354b773"},"headline":"Colloque international : Global Africa vise le rayonnement de la recherche africaine.","datePublished":"2025-02-25T13:53:08+00:00","dateModified":"2025-07-02T12:24:23+00:00","mainEntityOfPage":{"@id":"https:\/\/www.globalafricasciences.org\/fr\/colloque-international-global-africa-vise-le-rayonnement-de-la-recherche-africaine\/"},"wordCount":363,"commentCount":0,"publisher":{"@id":"https:\/\/www.globalafricasciences.org\/fr\/#organization"},"image":{"@id":"https:\/\/www.globalafricasciences.org\/fr\/colloque-international-global-africa-vise-le-rayonnement-de-la-recherche-africaine\/#primaryimage"},"thumbnailUrl":"https:\/\/www.globalafricasciences.org\/wp-content\/uploads\/2025\/02\/International-Conference-Global-Africa-Aims-to-Promote-African-Research.-.avif","articleSection":["Conf\u00e9rences","Presse","Rencontre"],"inLanguage":"fr-FR","potentialAction":[{"@type":"CommentAction","name":"Comment","target":["https:\/\/www.globalafricasciences.org\/fr\/colloque-international-global-africa-vise-le-rayonnement-de-la-recherche-africaine\/#respond"]}]},{"@type":"WebPage","@id":"https:\/\/www.globalafricasciences.org\/fr\/colloque-international-global-africa-vise-le-rayonnement-de-la-recherche-africaine\/","url":"https:\/\/www.globalafricasciences.org\/fr\/colloque-international-global-africa-vise-le-rayonnement-de-la-recherche-africaine\/","name":"Colloque international : Global Africa vise le rayonnement de la recherche africaine. | Global Africa","isPartOf":{"@id":"https:\/\/www.globalafricasciences.org\/fr\/#website"},"primaryImageOfPage":{"@id":"https:\/\/www.globalafricasciences.org\/fr\/colloque-international-global-africa-vise-le-rayonnement-de-la-recherche-africaine\/#primaryimage"},"image":{"@id":"https:\/\/www.globalafricasciences.org\/fr\/colloque-international-global-africa-vise-le-rayonnement-de-la-recherche-africaine\/#primaryimage"},"thumbnailUrl":"https:\/\/www.globalafricasciences.org\/wp-content\/uploads\/2025\/02\/International-Conference-Global-Africa-Aims-to-Promote-African-Research.-.avif","datePublished":"2025-02-25T13:53:08+00:00","dateModified":"2025-07-02T12:24:23+00:00","description":"Conf\u00e9rence internationale Global Africa : penser les futurs africains face aux d\u00e9fis mondiaux et promouvoir une recherche panafricaine engag\u00e9e.","breadcrumb":{"@id":"https:\/\/www.globalafricasciences.org\/fr\/colloque-international-global-africa-vise-le-rayonnement-de-la-recherche-africaine\/#breadcrumb"},"inLanguage":"fr-FR","potentialAction":[{"@type":"ReadAction","target":["https:\/\/www.globalafricasciences.org\/fr\/colloque-international-global-africa-vise-le-rayonnement-de-la-recherche-africaine\/"]}]},{"@type":"ImageObject","inLanguage":"fr-FR","@id":"https:\/\/www.globalafricasciences.org\/fr\/colloque-international-global-africa-vise-le-rayonnement-de-la-recherche-africaine\/#primaryimage","url":"https:\/\/www.globalafricasciences.org\/wp-content\/uploads\/2025\/02\/International-Conference-Global-Africa-Aims-to-Promote-African-Research.-.avif","contentUrl":"https:\/\/www.globalafricasciences.org\/wp-content\/uploads\/2025\/02\/International-Conference-Global-Africa-Aims-to-Promote-African-Research.-.avif","width":1432,"height":1428},{"@type":"BreadcrumbList","@id":"https:\/\/www.globalafricasciences.org\/fr\/colloque-international-global-africa-vise-le-rayonnement-de-la-recherche-africaine\/#breadcrumb","itemListElement":[{"@type":"ListItem","position":1,"name":"Home","item":"https:\/\/www.globalafricasciences.org\/fr\/accueil\/"},{"@type":"ListItem","position":2,"name":"Colloque international : Global Africa vise le rayonnement de la recherche africaine."}]},{"@type":"WebSite","@id":"https:\/\/www.globalafricasciences.org\/fr\/#website","url":"https:\/\/www.globalafricasciences.org\/fr\/","name":"Global Africa","description":"Pan-African Scientific Journal","publisher":{"@id":"https:\/\/www.globalafricasciences.org\/fr\/#organization"},"potentialAction":[{"@type":"SearchAction","target":{"@type":"EntryPoint","urlTemplate":"https:\/\/www.globalafricasciences.org\/fr\/?s={search_term_string}"},"query-input":{"@type":"PropertyValueSpecification","valueRequired":true,"valueName":"search_term_string"}}],"inLanguage":"fr-FR"},{"@type":"Organization","@id":"https:\/\/www.globalafricasciences.org\/fr\/#organization","name":"Global Africa","url":"https:\/\/www.globalafricasciences.org\/fr\/","logo":{"@type":"ImageObject","inLanguage":"fr-FR","@id":"https:\/\/www.globalafricasciences.org\/fr\/#\/schema\/logo\/image\/","url":"https:\/\/www.globalafricasciences.org\/wp-content\/uploads\/2024\/12\/Globalafrica.png","contentUrl":"https:\/\/www.globalafricasciences.org\/wp-content\/uploads\/2024\/12\/Globalafrica.png","width":1680,"height":750,"caption":"Global Africa"},"image":{"@id":"https:\/\/www.globalafricasciences.org\/fr\/#\/schema\/logo\/image\/"},"sameAs":["https:\/\/www.facebook.com\/globalafricasciences"]},{"@type":"Person","@id":"https:\/\/www.globalafricasciences.org\/fr\/#\/schema\/person\/8c11b55a8c7d287934a558c0e354b773","name":"Global Africa","image":{"@type":"ImageObject","inLanguage":"fr-FR","@id":"https:\/\/www.globalafricasciences.org\/wp-content\/uploads\/2024\/11\/Global-Africa.jpgd44bc09810f00cf464135b8441da2384","url":"https:\/\/www.globalafricasciences.org\/wp-content\/uploads\/2024\/11\/Global-Africa.jpg","contentUrl":"https:\/\/www.globalafricasciences.org\/wp-content\/uploads\/2024\/11\/Global-Africa.jpg","caption":"Global Africa"},"description":"The editorial board of the journal is led by Mame-Penda Ba, a professor of political science at Gaston Berger University and the director of LASPAD(Laboratory of Social, Political, and Administrative Studies), Senegal.","url":"https:\/\/www.globalafricasciences.org\/author\/globalafrica\/"}]}},"acf":[],"authors":[{"term_id":265,"user_id":0,"is_guest":1,"slug":"global-africa","display_name":"Global Africa","avatar_url":{"url":"https:\/\/www.globalafricasciences.org\/wp-content\/uploads\/2024\/11\/Global-Africa.jpg","url2x":"https:\/\/www.globalafricasciences.org\/wp-content\/uploads\/2024\/11\/Global-Africa.jpg"},"author_category":"1","exclude_author":"","main-organisation":"Universit\u00e9 Gaston Berger","country_of_org":"S\u00e9n\u00e9gal","field_of_work":"Sciences sociales","first_name":"","last_name":"","user_url":"","job_title":"","description":"<div id=\"comp-lmq9yt56\" class=\"HcOXKn c9GqVL QxJLC3 lq2cno YQcXTT comp-lmq9yt56 wixui-rich-text\" data-testid=\"richTextElement\">\r\n<p class=\"font_8 wixui-rich-text__text\">La r\u00e9daction de la revue est dirig\u00e9e par Mame-Penda Ba, professeure de sciences politiques \u00e0 l'Universit\u00e9 Gaston Berger et directrice du LASPAD, S\u00e9n\u00e9gal<\/p>\r\n\r\n<\/div>"}],"_links":{"self":[{"href":"https:\/\/www.globalafricasciences.org\/fr\/wp-json\/wp\/v2\/posts\/8806","targetHints":{"allow":["GET"]}}],"collection":[{"href":"https:\/\/www.globalafricasciences.org\/fr\/wp-json\/wp\/v2\/posts"}],"about":[{"href":"https:\/\/www.globalafricasciences.org\/fr\/wp-json\/wp\/v2\/types\/post"}],"author":[{"embeddable":true,"href":"https:\/\/www.globalafricasciences.org\/fr\/wp-json\/wp\/v2\/users\/50"}],"replies":[{"embeddable":true,"href":"https:\/\/www.globalafricasciences.org\/fr\/wp-json\/wp\/v2\/comments?post=8806"}],"version-history":[{"count":0,"href":"https:\/\/www.globalafricasciences.org\/fr\/wp-json\/wp\/v2\/posts\/8806\/revisions"}],"wp:featuredmedia":[{"embeddable":true,"href":"https:\/\/www.globalafricasciences.org\/fr\/wp-json\/wp\/v2\/media\/8803"}],"wp:attachment":[{"href":"https:\/\/www.globalafricasciences.org\/fr\/wp-json\/wp\/v2\/media?parent=8806"}],"wp:term":[{"taxonomy":"category","embeddable":true,"href":"https:\/\/www.globalafricasciences.org\/fr\/wp-json\/wp\/v2\/categories?post=8806"},{"taxonomy":"post_tag","embeddable":true,"href":"https:\/\/www.globalafricasciences.org\/fr\/wp-json\/wp\/v2\/tags?post=8806"},{"taxonomy":"issues3","embeddable":true,"href":"https:\/\/www.globalafricasciences.org\/fr\/wp-json\/wp\/v2\/issues3?post=8806"},{"taxonomy":"post_folder","embeddable":true,"href":"https:\/\/www.globalafricasciences.org\/fr\/wp-json\/wp\/v2\/post_folder?post=8806"},{"taxonomy":"author","embeddable":true,"href":"https:\/\/www.globalafricasciences.org\/fr\/wp-json\/wp\/v2\/ppma_author?post=8806"}],"curies":[{"name":"wp","href":"https:\/\/api.w.org\/{rel}","templated":true}]}}