{"id":8786,"date":"2025-02-25T12:40:57","date_gmt":"2025-02-25T12:40:57","guid":{"rendered":"https:\/\/www.globalafricasciences.org\/actualites\/renforcement-des-capacites-de-recherche-en-afrique-perspectives-des-sciences-sociales\/"},"modified":"2025-07-03T16:56:03","modified_gmt":"2025-07-03T16:56:03","slug":"renforcement-des-capacites-de-recherche-en-afrique-perspectives-des-sciences-sociales","status":"publish","type":"post","link":"https:\/\/www.globalafricasciences.org\/fr\/renforcement-des-capacites-de-recherche-en-afrique-perspectives-des-sciences-sociales\/","title":{"rendered":"Renforcement des Capacit\u00e9s de Recherche en Afrique &#8211; Perspectives des Sciences Sociales"},"content":{"rendered":"\n<p id=\"viewer-foo\"><strong>Invitation au webinaire<\/strong> de l&rsquo;<a target=\"_blank\" href=\"https:\/\/africa.us9.list-manage.com\/track\/click?u=c8fd3c48957cbd828f630f492&amp;id=919c97e766&amp;e=eff38ec024\" rel=\"noreferrer noopener\"><strong>African Academy of Sciences :<\/strong><\/a><\/p>\n\n<p id=\"viewer-1nbq4\"><strong>Renforcement des capacit\u00e9s de recherche en Afrique &#8211; Perspectives des sciences sociales<\/strong><\/p>\n\n<figure class=\"wp-block-image size-full\"><img fetchpriority=\"high\" decoding=\"async\" width=\"1480\" height=\"832\" src=\"https:\/\/www.globalafricasciences.org\/wp-content\/uploads\/2025\/02\/Research-Capacity-Strengthening-in-Africa-Perspectives-From-the-Social-Sciences-.avif\" alt=\"\" class=\"wp-image-8782\"\/><\/figure>\n\n<p><\/p>\n\n<p id=\"viewer-d7m4m\">Nous sommes ravis de vous inviter \u00e0 un webinaire stimulant sur le \u00ab\u00a0Renforcement des capacit\u00e9s de recherche en Afrique : perspectives des sciences sociales, des sciences humaines et des arts\u00a0\u00bb. En 2020, l&rsquo;<a target=\"_blank\" href=\"https:\/\/africa.us9.list-manage.com\/track\/click?u=c8fd3c48957cbd828f630f492&amp;id=919c97e766&amp;e=eff38ec024\" rel=\"noreferrer noopener\"><strong>Acad\u00e9mie Africaine des Sciences<\/strong><\/a> (AAS) a lanc\u00e9 une \u00e9tude visant \u00e0 \u00e9valuer le soutien \u00e0 la recherche disponible pour les chercheurs en sciences sociales, humanit\u00e9s, arts et domaines connexes (SSHA) en Afrique. L&rsquo;objectif de l&rsquo;\u00e9tude \u00e9tait de fournir des informations pour les futurs programmes de soutien \u00e0 la recherche de l&rsquo;AAS, en tenant compte de l&rsquo;impact significatif des bourses SSHA sur le d\u00e9veloppement durable en Afrique. Les r\u00e9sultats de l&rsquo;\u00e9tude ont \u00e9t\u00e9 publi\u00e9s dans un <a target=\"_blank\" href=\"https:\/\/africa.us9.list-manage.com\/track\/click?u=c8fd3c48957cbd828f630f492&amp;id=58da219cc0&amp;e=eff38ec024\" rel=\"noreferrer noopener\"><strong>article de revue<\/strong><\/a> mettant en \u00e9vidence les principales conclusions et recommandations qui seront pr\u00e9sent\u00e9s lors de notre prochain webinar. Le webinar se concentrera sur les le\u00e7ons apprises, les opportunit\u00e9s, les besoins et les priorit\u00e9s pour soutenir la recherche SSHA en Afrique.    <\/p>\n\n<p id=\"viewer-focn7\"><strong>Date :<\/strong> 23 juin 2023<\/p>\n\n<p id=\"viewer-9ag2l\"><strong>Heure :<\/strong> 11h00 &#8211; 12h30 heure de Nairobi (GMT +3)<\/p>\n\n<p id=\"viewer-24bck\"><strong>Dur\u00e9e :<\/strong> 90 minutes<\/p>\n\n<p id=\"viewer-2ahar\"><strong>Localisation :<\/strong> En ligne <a target=\"_blank\" href=\"https:\/\/africa.us9.list-manage.com\/track\/click?u=c8fd3c48957cbd828f630f492&amp;id=30b4d41080&amp;e=eff38ec024\" rel=\"noreferrer noopener\"><strong>(Microsoft Teams)<\/strong><\/a><\/p>\n\n<p id=\"viewer-edb8k\">Pendant le webinar, des panelistes \u00e9minents issus de diff\u00e9rents horizons partageront leurs id\u00e9es, exp\u00e9riences et expertises dans le renforcement des capacit\u00e9s de recherche en Afrique, en mettant l&rsquo;accent sur les domaines SSHA.<\/p>\n\n<p id=\"viewer-afmfe\">Les principales attentes de la discussion sont les suivantes :<\/p>\n\n<p id=\"viewer-2csb5\">1. Sensibilisation accrue \u00e0 l&rsquo;\u00e9tat actuel des choses en termes de soutien \u00e0 la recherche fourni aux chercheurs en SSHA et dans les domaines connexes en Afrique<\/p>\n\n<p id=\"viewer-70fn1\">2. Id\u00e9es pour un programme complet de soutien \u00e0 la recherche en SSHA \u00e0 l&rsquo;AAS, \u00e9clair\u00e9es par les commentaires obtenus lors du webinaire.<\/p>\n\n<p id=\"viewer-an4cn\"><strong>&#8230;&#8230;&#8230;&#8230;&#8230;&#8230;&#8230;&#8230;&#8230;&#8230;&#8230;&#8230;&#8230;&#8230;&#8230;&#8230;&#8230;&#8230;&#8230;&#8230;&#8230;&#8230;&#8230;&#8230;&#8230;&#8230;&#8230;&#8230;&#8230;&#8230;&#8230;&#8230;&#8230;&#8230;&#8230;&#8230;&#8230;<\/strong><\/p>\n\n<p id=\"viewer-cn5i2\">Seront pr\u00e9sents :<\/p>\n\n<p id=\"viewer-fpl04\"><strong>Conf\u00e9rencier<\/strong><\/p>\n\n<p id=\"viewer-bpq6o\">Dr Obed Ogega, auteur principal, Acad\u00e9mie Africaine des Sciences, Kenya<\/p>\n\n<p id=\"viewer-3rlo6\"><strong>Mod\u00e9rateur<\/strong><\/p>\n\n<p id=\"viewer-bc48o\">Prof. Olumuyiwa Adegun, Universit\u00e9 f\u00e9d\u00e9rale de technologie d&rsquo;Akure, Nig\u00e9ria<\/p>\n\n<p id=\"viewer-8dcfj\"><strong>Pan\u00e9listes<\/strong><\/p>\n\n<ul class=\"wp-block-list\">\n<li>Mme Angela Melo, Directrice, Division de la recherche, de l&rsquo;\u00e9thique et de l&rsquo;inclusion, Secteur des sciences sociales et humaines, UNESCO, Paris, France<\/li>\n\n\n\n<li>Cheryl Hendricks, Directrice ex\u00e9cutive, Institute for Justice and Reconciliation, Cape Town, Afrique du Sud<\/li>\n\n\n\n<li>Peter Atekyereza, Chef de d\u00e9partement, D\u00e9partement de sociologie et d&rsquo;anthropologie sociale, Universit\u00e9 Makerere, Kampala, Ouganda<\/li>\n\n\n\n<li>Maria Mbatudde, Universit\u00e9 de Kyambogo, Facult\u00e9 des sciences, Ouganda<\/li>\n\n\n\n<li>Charles Muyanja, D\u00e9partement de technologie alimentaire et de nutrition, Universit\u00e9 Makerere, Kampala, Ouganda<\/li>\n\n\n\n<li>Razak Gyasi, Centre africain de recherche sur la population et la sant\u00e9, Nairobi, Kenya<\/li>\n<\/ul>\n\n<p id=\"viewer-fhs19\"><strong>&#8230;&#8230;&#8230;&#8230;&#8230;&#8230;&#8230;&#8230;&#8230;&#8230;&#8230;&#8230;&#8230;&#8230;&#8230;&#8230;&#8230;&#8230;&#8230;&#8230;&#8230;&#8230;&#8230;&#8230;&#8230;&#8230;&#8230;&#8230;&#8230;&#8230;&#8230;&#8230;&#8230;&#8230;&#8230;&#8230;&#8230;<\/strong><\/p>\n\n<p id=\"viewer-2c45n\">Nous encourageons les chercheurs, les d\u00e9cideurs, les praticiens et toute personne int\u00e9ress\u00e9e par l&rsquo;avancement de la recherche SSHA en Afrique \u00e0 se joindre \u00e0 cette conversation enrichissante et\/ou \u00e0 \u00e0 partager aimablement cette invitation avec des coll\u00e8gues ou des individus susceptibles d&rsquo;\u00eatre int\u00e9ress\u00e9s \u00e0 y assister.<\/p>\n\n<p id=\"viewer-ccjhc\">Pour r\u00e9server votre place pour le webinaire, veuillez vous inscrire en utilisant le lien suivant : <a target=\"_blank\" href=\"https:\/\/africa.us9.list-manage.com\/track\/click?u=c8fd3c48957cbd828f630f492&amp;id=3a6e84ce87&amp;e=eff38ec024\" rel=\"noreferrer noopener\"><strong>Inscription au webinaire<\/strong><\/a>.<\/p>\n\n<p id=\"viewer-5mtu7\">Nous nous r\u00e9jouissons de votre pr\u00e9sence et de votre participation active \u00e0 ce webinaire captivant.<\/p>\n","protected":false},"excerpt":{"rendered":"<p>Invitation au webinaire de l&rsquo;African Academy of Sciences : Renforcement des capacit\u00e9s de recherche en Afrique &#8211; Perspectives des sciences sociales Nous sommes ravis de vous inviter \u00e0 un webinaire stimulant sur le \u00ab\u00a0Renforcement des capacit\u00e9s de recherche en Afrique : perspectives des sciences sociales, des sciences humaines et des arts\u00a0\u00bb. En 2020, l&rsquo;Acad\u00e9mie Africaine des Sciences (AAS) a lanc\u00e9 une \u00e9tude visant \u00e0 \u00e9valuer le soutien \u00e0 la recherche disponible pour les chercheurs en sciences sociales, humanit\u00e9s, arts et domaines connexes (SSHA) en Afrique. L&rsquo;objectif de l&rsquo;\u00e9tude \u00e9tait de fournir des informations pour les futurs programmes de soutien \u00e0 la recherche de l&rsquo;AAS, en tenant compte de l&rsquo;impact significatif des bourses SSHA sur le d\u00e9veloppement durable en Afrique. Les r\u00e9sultats de l&rsquo;\u00e9tude ont \u00e9t\u00e9 publi\u00e9s dans un article de revue mettant en \u00e9vidence les principales conclusions et recommandations qui seront pr\u00e9sent\u00e9s lors de notre prochain webinar. Le webinar se concentrera sur les le\u00e7ons apprises, les opportunit\u00e9s, les besoins et les priorit\u00e9s pour soutenir la recherche SSHA en Afrique. Date : 23 juin 2023 Heure : 11h00 &#8211; 12h30 heure de Nairobi (GMT +3) Dur\u00e9e : 90 minutes Localisation : En ligne (Microsoft Teams) Pendant le webinar, des panelistes \u00e9minents issus de diff\u00e9rents horizons partageront leurs id\u00e9es, exp\u00e9riences et expertises dans le renforcement des capacit\u00e9s de recherche en Afrique, en mettant l&rsquo;accent sur les domaines SSHA. Les principales attentes de la discussion sont les suivantes : 1. Sensibilisation accrue \u00e0 l&rsquo;\u00e9tat actuel des choses en termes de soutien \u00e0 la recherche fourni aux chercheurs en SSHA et dans les domaines connexes en Afrique 2. Id\u00e9es pour un programme complet de soutien \u00e0 la recherche en SSHA \u00e0 l&rsquo;AAS, \u00e9clair\u00e9es par les commentaires obtenus lors du webinaire. &#8230;&#8230;&#8230;&#8230;&#8230;&#8230;&#8230;&#8230;&#8230;&#8230;&#8230;&#8230;&#8230;&#8230;&#8230;&#8230;&#8230;&#8230;&#8230;&#8230;&#8230;&#8230;&#8230;&#8230;&#8230;&#8230;&#8230;&#8230;&#8230;&#8230;&#8230;&#8230;&#8230;&#8230;&#8230;&#8230;&#8230; Seront pr\u00e9sents : Conf\u00e9rencier Dr Obed Ogega, auteur principal, Acad\u00e9mie Africaine des Sciences, Kenya Mod\u00e9rateur Prof. Olumuyiwa Adegun, Universit\u00e9 f\u00e9d\u00e9rale de technologie d&rsquo;Akure, Nig\u00e9ria Pan\u00e9listes &#8230;&#8230;&#8230;&#8230;&#8230;&#8230;&#8230;&#8230;&#8230;&#8230;&#8230;&#8230;&#8230;&#8230;&#8230;&#8230;&#8230;&#8230;&#8230;&#8230;&#8230;&#8230;&#8230;&#8230;&#8230;&#8230;&#8230;&#8230;&#8230;&#8230;&#8230;&#8230;&#8230;&#8230;&#8230;&#8230;&#8230; Nous encourageons les chercheurs, les d\u00e9cideurs, les praticiens et toute personne int\u00e9ress\u00e9e par l&rsquo;avancement de la recherche SSHA en Afrique \u00e0 se joindre \u00e0 cette conversation enrichissante et\/ou \u00e0 \u00e0 partager aimablement cette invitation avec des coll\u00e8gues ou des individus susceptibles d&rsquo;\u00eatre int\u00e9ress\u00e9s \u00e0 y assister. Pour r\u00e9server votre place pour le webinaire, veuillez vous inscrire en utilisant le lien suivant : Inscription au webinaire. Nous nous r\u00e9jouissons de votre pr\u00e9sence et de votre participation active \u00e0 ce webinaire captivant.<\/p>\n","protected":false},"author":50,"featured_media":8783,"comment_status":"open","ping_status":"open","sticky":false,"template":"","format":"standard","meta":{"footnotes":""},"categories":[179],"tags":[],"issues3":[],"post_folder":[],"ppma_author":[265],"class_list":["post-8786","post","type-post","status-publish","format-standard","has-post-thumbnail","hentry","category-conferences-fr","author-global-africa"],"yoast_head":"<!-- This site is optimized with the Yoast SEO plugin v27.5 - https:\/\/yoast.com\/product\/yoast-seo-wordpress\/ -->\n<title>Renforcement des Capacit\u00e9s de Recherche en Afrique - Perspectives des Sciences Sociales | Global Africa<\/title>\n<meta name=\"description\" content=\"Participez au webinaire de l\u2019AAS sur le renforcement des capacit\u00e9s de recherche en Afrique dans les sciences sociales, humaines et les arts.\" \/>\n<meta name=\"robots\" content=\"index, follow, max-snippet:-1, max-image-preview:large, max-video-preview:-1\" \/>\n<link rel=\"canonical\" href=\"https:\/\/www.globalafricasciences.org\/fr\/renforcement-des-capacites-de-recherche-en-afrique-perspectives-des-sciences-sociales\/\" \/>\n<meta property=\"og:locale\" content=\"fr_FR\" \/>\n<meta property=\"og:type\" content=\"article\" \/>\n<meta property=\"og:title\" content=\"Renforcement des Capacit\u00e9s de Recherche en Afrique - Perspectives des Sciences Sociales | Global Africa\" \/>\n<meta property=\"og:description\" content=\"Participez au webinaire de l\u2019AAS sur le renforcement des capacit\u00e9s de recherche en Afrique dans les sciences sociales, humaines et les arts.\" \/>\n<meta property=\"og:url\" content=\"https:\/\/www.globalafricasciences.org\/fr\/renforcement-des-capacites-de-recherche-en-afrique-perspectives-des-sciences-sociales\/\" \/>\n<meta property=\"og:site_name\" content=\"Global Africa\" \/>\n<meta property=\"article:publisher\" content=\"https:\/\/www.facebook.com\/globalafricasciences\" \/>\n<meta property=\"article:published_time\" content=\"2025-02-25T12:40:57+00:00\" \/>\n<meta property=\"article:modified_time\" content=\"2025-07-03T16:56:03+00:00\" \/>\n<meta name=\"author\" content=\"Global Africa\" \/>\n<meta name=\"twitter:card\" content=\"summary_large_image\" \/>\n<meta name=\"twitter:label1\" content=\"\u00c9crit par\" \/>\n\t<meta name=\"twitter:data1\" content=\"Global Africa\" \/>\n\t<meta name=\"twitter:label2\" content=\"Dur\u00e9e de lecture estim\u00e9e\" \/>\n\t<meta name=\"twitter:data2\" content=\"2 minutes\" \/>\n<script type=\"application\/ld+json\" class=\"yoast-schema-graph\">{\"@context\":\"https:\\\/\\\/schema.org\",\"@graph\":[{\"@type\":\"Article\",\"@id\":\"https:\\\/\\\/www.globalafricasciences.org\\\/fr\\\/renforcement-des-capacites-de-recherche-en-afrique-perspectives-des-sciences-sociales\\\/#article\",\"isPartOf\":{\"@id\":\"https:\\\/\\\/www.globalafricasciences.org\\\/fr\\\/renforcement-des-capacites-de-recherche-en-afrique-perspectives-des-sciences-sociales\\\/\"},\"author\":{\"name\":\"Global Africa\",\"@id\":\"https:\\\/\\\/www.globalafricasciences.org\\\/fr\\\/#\\\/schema\\\/person\\\/8c11b55a8c7d287934a558c0e354b773\"},\"headline\":\"Renforcement des Capacit\u00e9s de Recherche en Afrique &#8211; Perspectives des Sciences Sociales\",\"datePublished\":\"2025-02-25T12:40:57+00:00\",\"dateModified\":\"2025-07-03T16:56:03+00:00\",\"mainEntityOfPage\":{\"@id\":\"https:\\\/\\\/www.globalafricasciences.org\\\/fr\\\/renforcement-des-capacites-de-recherche-en-afrique-perspectives-des-sciences-sociales\\\/\"},\"wordCount\":518,\"commentCount\":0,\"publisher\":{\"@id\":\"https:\\\/\\\/www.globalafricasciences.org\\\/fr\\\/#organization\"},\"image\":{\"@id\":\"https:\\\/\\\/www.globalafricasciences.org\\\/fr\\\/renforcement-des-capacites-de-recherche-en-afrique-perspectives-des-sciences-sociales\\\/#primaryimage\"},\"thumbnailUrl\":\"https:\\\/\\\/www.globalafricasciences.org\\\/wp-content\\\/uploads\\\/2025\\\/02\\\/Research-Capacity-Strengthening-in-Africa-Perspectives-From-the-Social-Sciences-.avif\",\"articleSection\":[\"Conf\u00e9rences\"],\"inLanguage\":\"fr-FR\",\"potentialAction\":[{\"@type\":\"CommentAction\",\"name\":\"Comment\",\"target\":[\"https:\\\/\\\/www.globalafricasciences.org\\\/fr\\\/renforcement-des-capacites-de-recherche-en-afrique-perspectives-des-sciences-sociales\\\/#respond\"]}]},{\"@type\":\"WebPage\",\"@id\":\"https:\\\/\\\/www.globalafricasciences.org\\\/fr\\\/renforcement-des-capacites-de-recherche-en-afrique-perspectives-des-sciences-sociales\\\/\",\"url\":\"https:\\\/\\\/www.globalafricasciences.org\\\/fr\\\/renforcement-des-capacites-de-recherche-en-afrique-perspectives-des-sciences-sociales\\\/\",\"name\":\"Renforcement des Capacit\u00e9s de Recherche en Afrique - Perspectives des Sciences Sociales | Global Africa\",\"isPartOf\":{\"@id\":\"https:\\\/\\\/www.globalafricasciences.org\\\/fr\\\/#website\"},\"primaryImageOfPage\":{\"@id\":\"https:\\\/\\\/www.globalafricasciences.org\\\/fr\\\/renforcement-des-capacites-de-recherche-en-afrique-perspectives-des-sciences-sociales\\\/#primaryimage\"},\"image\":{\"@id\":\"https:\\\/\\\/www.globalafricasciences.org\\\/fr\\\/renforcement-des-capacites-de-recherche-en-afrique-perspectives-des-sciences-sociales\\\/#primaryimage\"},\"thumbnailUrl\":\"https:\\\/\\\/www.globalafricasciences.org\\\/wp-content\\\/uploads\\\/2025\\\/02\\\/Research-Capacity-Strengthening-in-Africa-Perspectives-From-the-Social-Sciences-.avif\",\"datePublished\":\"2025-02-25T12:40:57+00:00\",\"dateModified\":\"2025-07-03T16:56:03+00:00\",\"description\":\"Participez au webinaire de l\u2019AAS sur le renforcement des capacit\u00e9s de recherche en Afrique dans les sciences sociales, humaines et les arts.\",\"breadcrumb\":{\"@id\":\"https:\\\/\\\/www.globalafricasciences.org\\\/fr\\\/renforcement-des-capacites-de-recherche-en-afrique-perspectives-des-sciences-sociales\\\/#breadcrumb\"},\"inLanguage\":\"fr-FR\",\"potentialAction\":[{\"@type\":\"ReadAction\",\"target\":[\"https:\\\/\\\/www.globalafricasciences.org\\\/fr\\\/renforcement-des-capacites-de-recherche-en-afrique-perspectives-des-sciences-sociales\\\/\"]}]},{\"@type\":\"ImageObject\",\"inLanguage\":\"fr-FR\",\"@id\":\"https:\\\/\\\/www.globalafricasciences.org\\\/fr\\\/renforcement-des-capacites-de-recherche-en-afrique-perspectives-des-sciences-sociales\\\/#primaryimage\",\"url\":\"https:\\\/\\\/www.globalafricasciences.org\\\/wp-content\\\/uploads\\\/2025\\\/02\\\/Research-Capacity-Strengthening-in-Africa-Perspectives-From-the-Social-Sciences-.avif\",\"contentUrl\":\"https:\\\/\\\/www.globalafricasciences.org\\\/wp-content\\\/uploads\\\/2025\\\/02\\\/Research-Capacity-Strengthening-in-Africa-Perspectives-From-the-Social-Sciences-.avif\",\"width\":1480,\"height\":832},{\"@type\":\"BreadcrumbList\",\"@id\":\"https:\\\/\\\/www.globalafricasciences.org\\\/fr\\\/renforcement-des-capacites-de-recherche-en-afrique-perspectives-des-sciences-sociales\\\/#breadcrumb\",\"itemListElement\":[{\"@type\":\"ListItem\",\"position\":1,\"name\":\"Home\",\"item\":\"https:\\\/\\\/www.globalafricasciences.org\\\/fr\\\/accueil\\\/\"},{\"@type\":\"ListItem\",\"position\":2,\"name\":\"Renforcement des Capacit\u00e9s de Recherche en Afrique &#8211; Perspectives des Sciences Sociales\"}]},{\"@type\":\"WebSite\",\"@id\":\"https:\\\/\\\/www.globalafricasciences.org\\\/fr\\\/#website\",\"url\":\"https:\\\/\\\/www.globalafricasciences.org\\\/fr\\\/\",\"name\":\"Global Africa\",\"description\":\"Pan-African Scientific Journal\",\"publisher\":{\"@id\":\"https:\\\/\\\/www.globalafricasciences.org\\\/fr\\\/#organization\"},\"potentialAction\":[{\"@type\":\"SearchAction\",\"target\":{\"@type\":\"EntryPoint\",\"urlTemplate\":\"https:\\\/\\\/www.globalafricasciences.org\\\/fr\\\/?s={search_term_string}\"},\"query-input\":{\"@type\":\"PropertyValueSpecification\",\"valueRequired\":true,\"valueName\":\"search_term_string\"}}],\"inLanguage\":\"fr-FR\"},{\"@type\":\"Organization\",\"@id\":\"https:\\\/\\\/www.globalafricasciences.org\\\/fr\\\/#organization\",\"name\":\"Global Africa\",\"url\":\"https:\\\/\\\/www.globalafricasciences.org\\\/fr\\\/\",\"logo\":{\"@type\":\"ImageObject\",\"inLanguage\":\"fr-FR\",\"@id\":\"https:\\\/\\\/www.globalafricasciences.org\\\/fr\\\/#\\\/schema\\\/logo\\\/image\\\/\",\"url\":\"https:\\\/\\\/www.globalafricasciences.org\\\/wp-content\\\/uploads\\\/2024\\\/12\\\/Globalafrica.png\",\"contentUrl\":\"https:\\\/\\\/www.globalafricasciences.org\\\/wp-content\\\/uploads\\\/2024\\\/12\\\/Globalafrica.png\",\"width\":1680,\"height\":750,\"caption\":\"Global Africa\"},\"image\":{\"@id\":\"https:\\\/\\\/www.globalafricasciences.org\\\/fr\\\/#\\\/schema\\\/logo\\\/image\\\/\"},\"sameAs\":[\"https:\\\/\\\/www.facebook.com\\\/globalafricasciences\"]},{\"@type\":\"Person\",\"@id\":\"https:\\\/\\\/www.globalafricasciences.org\\\/fr\\\/#\\\/schema\\\/person\\\/8c11b55a8c7d287934a558c0e354b773\",\"name\":\"Global Africa\",\"image\":{\"@type\":\"ImageObject\",\"inLanguage\":\"fr-FR\",\"@id\":\"https:\\\/\\\/www.globalafricasciences.org\\\/wp-content\\\/uploads\\\/2024\\\/11\\\/Global-Africa.jpgd44bc09810f00cf464135b8441da2384\",\"url\":\"https:\\\/\\\/www.globalafricasciences.org\\\/wp-content\\\/uploads\\\/2024\\\/11\\\/Global-Africa.jpg\",\"contentUrl\":\"https:\\\/\\\/www.globalafricasciences.org\\\/wp-content\\\/uploads\\\/2024\\\/11\\\/Global-Africa.jpg\",\"caption\":\"Global Africa\"},\"description\":\"The editorial board of the journal is led by Mame-Penda Ba, a professor of political science at Gaston Berger University and the director of LASPAD(Laboratory of Social, Political, and Administrative Studies), Senegal.\",\"url\":\"https:\\\/\\\/www.globalafricasciences.org\\\/author\\\/globalafrica\\\/\"}]}<\/script>\n<!-- \/ Yoast SEO plugin. -->","yoast_head_json":{"title":"Renforcement des Capacit\u00e9s de Recherche en Afrique - Perspectives des Sciences Sociales | Global Africa","description":"Participez au webinaire de l\u2019AAS sur le renforcement des capacit\u00e9s de recherche en Afrique dans les sciences sociales, humaines et les arts.","robots":{"index":"index","follow":"follow","max-snippet":"max-snippet:-1","max-image-preview":"max-image-preview:large","max-video-preview":"max-video-preview:-1"},"canonical":"https:\/\/www.globalafricasciences.org\/fr\/renforcement-des-capacites-de-recherche-en-afrique-perspectives-des-sciences-sociales\/","og_locale":"fr_FR","og_type":"article","og_title":"Renforcement des Capacit\u00e9s de Recherche en Afrique - Perspectives des Sciences Sociales | Global Africa","og_description":"Participez au webinaire de l\u2019AAS sur le renforcement des capacit\u00e9s de recherche en Afrique dans les sciences sociales, humaines et les arts.","og_url":"https:\/\/www.globalafricasciences.org\/fr\/renforcement-des-capacites-de-recherche-en-afrique-perspectives-des-sciences-sociales\/","og_site_name":"Global Africa","article_publisher":"https:\/\/www.facebook.com\/globalafricasciences","article_published_time":"2025-02-25T12:40:57+00:00","article_modified_time":"2025-07-03T16:56:03+00:00","author":"Global Africa","twitter_card":"summary_large_image","twitter_misc":{"\u00c9crit par":"Global Africa","Dur\u00e9e de lecture estim\u00e9e":"2 minutes"},"schema":{"@context":"https:\/\/schema.org","@graph":[{"@type":"Article","@id":"https:\/\/www.globalafricasciences.org\/fr\/renforcement-des-capacites-de-recherche-en-afrique-perspectives-des-sciences-sociales\/#article","isPartOf":{"@id":"https:\/\/www.globalafricasciences.org\/fr\/renforcement-des-capacites-de-recherche-en-afrique-perspectives-des-sciences-sociales\/"},"author":{"name":"Global Africa","@id":"https:\/\/www.globalafricasciences.org\/fr\/#\/schema\/person\/8c11b55a8c7d287934a558c0e354b773"},"headline":"Renforcement des Capacit\u00e9s de Recherche en Afrique &#8211; Perspectives des Sciences Sociales","datePublished":"2025-02-25T12:40:57+00:00","dateModified":"2025-07-03T16:56:03+00:00","mainEntityOfPage":{"@id":"https:\/\/www.globalafricasciences.org\/fr\/renforcement-des-capacites-de-recherche-en-afrique-perspectives-des-sciences-sociales\/"},"wordCount":518,"commentCount":0,"publisher":{"@id":"https:\/\/www.globalafricasciences.org\/fr\/#organization"},"image":{"@id":"https:\/\/www.globalafricasciences.org\/fr\/renforcement-des-capacites-de-recherche-en-afrique-perspectives-des-sciences-sociales\/#primaryimage"},"thumbnailUrl":"https:\/\/www.globalafricasciences.org\/wp-content\/uploads\/2025\/02\/Research-Capacity-Strengthening-in-Africa-Perspectives-From-the-Social-Sciences-.avif","articleSection":["Conf\u00e9rences"],"inLanguage":"fr-FR","potentialAction":[{"@type":"CommentAction","name":"Comment","target":["https:\/\/www.globalafricasciences.org\/fr\/renforcement-des-capacites-de-recherche-en-afrique-perspectives-des-sciences-sociales\/#respond"]}]},{"@type":"WebPage","@id":"https:\/\/www.globalafricasciences.org\/fr\/renforcement-des-capacites-de-recherche-en-afrique-perspectives-des-sciences-sociales\/","url":"https:\/\/www.globalafricasciences.org\/fr\/renforcement-des-capacites-de-recherche-en-afrique-perspectives-des-sciences-sociales\/","name":"Renforcement des Capacit\u00e9s de Recherche en Afrique - Perspectives des Sciences Sociales | Global Africa","isPartOf":{"@id":"https:\/\/www.globalafricasciences.org\/fr\/#website"},"primaryImageOfPage":{"@id":"https:\/\/www.globalafricasciences.org\/fr\/renforcement-des-capacites-de-recherche-en-afrique-perspectives-des-sciences-sociales\/#primaryimage"},"image":{"@id":"https:\/\/www.globalafricasciences.org\/fr\/renforcement-des-capacites-de-recherche-en-afrique-perspectives-des-sciences-sociales\/#primaryimage"},"thumbnailUrl":"https:\/\/www.globalafricasciences.org\/wp-content\/uploads\/2025\/02\/Research-Capacity-Strengthening-in-Africa-Perspectives-From-the-Social-Sciences-.avif","datePublished":"2025-02-25T12:40:57+00:00","dateModified":"2025-07-03T16:56:03+00:00","description":"Participez au webinaire de l\u2019AAS sur le renforcement des capacit\u00e9s de recherche en Afrique dans les sciences sociales, humaines et les arts.","breadcrumb":{"@id":"https:\/\/www.globalafricasciences.org\/fr\/renforcement-des-capacites-de-recherche-en-afrique-perspectives-des-sciences-sociales\/#breadcrumb"},"inLanguage":"fr-FR","potentialAction":[{"@type":"ReadAction","target":["https:\/\/www.globalafricasciences.org\/fr\/renforcement-des-capacites-de-recherche-en-afrique-perspectives-des-sciences-sociales\/"]}]},{"@type":"ImageObject","inLanguage":"fr-FR","@id":"https:\/\/www.globalafricasciences.org\/fr\/renforcement-des-capacites-de-recherche-en-afrique-perspectives-des-sciences-sociales\/#primaryimage","url":"https:\/\/www.globalafricasciences.org\/wp-content\/uploads\/2025\/02\/Research-Capacity-Strengthening-in-Africa-Perspectives-From-the-Social-Sciences-.avif","contentUrl":"https:\/\/www.globalafricasciences.org\/wp-content\/uploads\/2025\/02\/Research-Capacity-Strengthening-in-Africa-Perspectives-From-the-Social-Sciences-.avif","width":1480,"height":832},{"@type":"BreadcrumbList","@id":"https:\/\/www.globalafricasciences.org\/fr\/renforcement-des-capacites-de-recherche-en-afrique-perspectives-des-sciences-sociales\/#breadcrumb","itemListElement":[{"@type":"ListItem","position":1,"name":"Home","item":"https:\/\/www.globalafricasciences.org\/fr\/accueil\/"},{"@type":"ListItem","position":2,"name":"Renforcement des Capacit\u00e9s de Recherche en Afrique &#8211; Perspectives des Sciences Sociales"}]},{"@type":"WebSite","@id":"https:\/\/www.globalafricasciences.org\/fr\/#website","url":"https:\/\/www.globalafricasciences.org\/fr\/","name":"Global Africa","description":"Pan-African Scientific Journal","publisher":{"@id":"https:\/\/www.globalafricasciences.org\/fr\/#organization"},"potentialAction":[{"@type":"SearchAction","target":{"@type":"EntryPoint","urlTemplate":"https:\/\/www.globalafricasciences.org\/fr\/?s={search_term_string}"},"query-input":{"@type":"PropertyValueSpecification","valueRequired":true,"valueName":"search_term_string"}}],"inLanguage":"fr-FR"},{"@type":"Organization","@id":"https:\/\/www.globalafricasciences.org\/fr\/#organization","name":"Global Africa","url":"https:\/\/www.globalafricasciences.org\/fr\/","logo":{"@type":"ImageObject","inLanguage":"fr-FR","@id":"https:\/\/www.globalafricasciences.org\/fr\/#\/schema\/logo\/image\/","url":"https:\/\/www.globalafricasciences.org\/wp-content\/uploads\/2024\/12\/Globalafrica.png","contentUrl":"https:\/\/www.globalafricasciences.org\/wp-content\/uploads\/2024\/12\/Globalafrica.png","width":1680,"height":750,"caption":"Global Africa"},"image":{"@id":"https:\/\/www.globalafricasciences.org\/fr\/#\/schema\/logo\/image\/"},"sameAs":["https:\/\/www.facebook.com\/globalafricasciences"]},{"@type":"Person","@id":"https:\/\/www.globalafricasciences.org\/fr\/#\/schema\/person\/8c11b55a8c7d287934a558c0e354b773","name":"Global Africa","image":{"@type":"ImageObject","inLanguage":"fr-FR","@id":"https:\/\/www.globalafricasciences.org\/wp-content\/uploads\/2024\/11\/Global-Africa.jpgd44bc09810f00cf464135b8441da2384","url":"https:\/\/www.globalafricasciences.org\/wp-content\/uploads\/2024\/11\/Global-Africa.jpg","contentUrl":"https:\/\/www.globalafricasciences.org\/wp-content\/uploads\/2024\/11\/Global-Africa.jpg","caption":"Global Africa"},"description":"The editorial board of the journal is led by Mame-Penda Ba, a professor of political science at Gaston Berger University and the director of LASPAD(Laboratory of Social, Political, and Administrative Studies), Senegal.","url":"https:\/\/www.globalafricasciences.org\/author\/globalafrica\/"}]}},"acf":[],"authors":[{"term_id":265,"user_id":0,"is_guest":1,"slug":"global-africa","display_name":"Global Africa","avatar_url":{"url":"https:\/\/www.globalafricasciences.org\/wp-content\/uploads\/2024\/11\/Global-Africa.jpg","url2x":"https:\/\/www.globalafricasciences.org\/wp-content\/uploads\/2024\/11\/Global-Africa.jpg"},"author_category":"1","exclude_author":"","main-organisation":"Universit\u00e9 Gaston Berger","country_of_org":"S\u00e9n\u00e9gal","field_of_work":"Sciences sociales","first_name":"","last_name":"","user_url":"","job_title":"","description":"<div id=\"comp-lmq9yt56\" class=\"HcOXKn c9GqVL QxJLC3 lq2cno YQcXTT comp-lmq9yt56 wixui-rich-text\" data-testid=\"richTextElement\">\r\n<p class=\"font_8 wixui-rich-text__text\">La r\u00e9daction de la revue est dirig\u00e9e par Mame-Penda Ba, professeure de sciences politiques \u00e0 l'Universit\u00e9 Gaston Berger et directrice du LASPAD, S\u00e9n\u00e9gal<\/p>\r\n\r\n<\/div>"}],"_links":{"self":[{"href":"https:\/\/www.globalafricasciences.org\/fr\/wp-json\/wp\/v2\/posts\/8786","targetHints":{"allow":["GET"]}}],"collection":[{"href":"https:\/\/www.globalafricasciences.org\/fr\/wp-json\/wp\/v2\/posts"}],"about":[{"href":"https:\/\/www.globalafricasciences.org\/fr\/wp-json\/wp\/v2\/types\/post"}],"author":[{"embeddable":true,"href":"https:\/\/www.globalafricasciences.org\/fr\/wp-json\/wp\/v2\/users\/50"}],"replies":[{"embeddable":true,"href":"https:\/\/www.globalafricasciences.org\/fr\/wp-json\/wp\/v2\/comments?post=8786"}],"version-history":[{"count":0,"href":"https:\/\/www.globalafricasciences.org\/fr\/wp-json\/wp\/v2\/posts\/8786\/revisions"}],"wp:featuredmedia":[{"embeddable":true,"href":"https:\/\/www.globalafricasciences.org\/fr\/wp-json\/wp\/v2\/media\/8783"}],"wp:attachment":[{"href":"https:\/\/www.globalafricasciences.org\/fr\/wp-json\/wp\/v2\/media?parent=8786"}],"wp:term":[{"taxonomy":"category","embeddable":true,"href":"https:\/\/www.globalafricasciences.org\/fr\/wp-json\/wp\/v2\/categories?post=8786"},{"taxonomy":"post_tag","embeddable":true,"href":"https:\/\/www.globalafricasciences.org\/fr\/wp-json\/wp\/v2\/tags?post=8786"},{"taxonomy":"issues3","embeddable":true,"href":"https:\/\/www.globalafricasciences.org\/fr\/wp-json\/wp\/v2\/issues3?post=8786"},{"taxonomy":"post_folder","embeddable":true,"href":"https:\/\/www.globalafricasciences.org\/fr\/wp-json\/wp\/v2\/post_folder?post=8786"},{"taxonomy":"author","embeddable":true,"href":"https:\/\/www.globalafricasciences.org\/fr\/wp-json\/wp\/v2\/ppma_author?post=8786"}],"curies":[{"name":"wp","href":"https:\/\/api.w.org\/{rel}","templated":true}]}}