{"id":8779,"date":"2025-02-25T12:34:40","date_gmt":"2025-02-25T12:34:40","guid":{"rendered":"https:\/\/www.globalafricasciences.org\/actualites\/lufr-crac-de-lugb-a-celebre-le-centenaire-de-sembene-ousmane\/"},"modified":"2025-07-03T17:06:12","modified_gmt":"2025-07-03T17:06:12","slug":"lufr-crac-de-lugb-a-celebre-le-centenaire-de-sembene-ousmane","status":"publish","type":"post","link":"https:\/\/www.globalafricasciences.org\/fr\/lufr-crac-de-lugb-a-celebre-le-centenaire-de-sembene-ousmane\/","title":{"rendered":"L\u2019UFR CRAC de l&rsquo;UGB a c\u00e9l\u00e9br\u00e9 le Centenaire de Semb\u00e8ne Ousmane<br><br>"},"content":{"rendered":"\n<p>Sous la pr\u00e9sence effective du Ministre de la culture et du patrimoine Historique, Pr Aliou Sow, l\u2019UFR CRAC en collaboration avec la Direction de la Cin\u00e9matographie, le FOPICA, le Mus\u00e9e de la photographie de Saint-Louis, a organis\u00e9, du 18 au 20 mai 2023 au CEA-MITIC et \u00e0 Saint louis, le colloque international du centenaire de Semb\u00e8ne Ousmane sur le th\u00e8me \u00ab H\u00e9t\u00e9rotopie des possibles \u00bb. Le recteur, Pr\u00e9sident du Conseil acad\u00e9mique, Pr Magatte Ndiaye, le Directeur de l\u2019UFR CRAC, Dr Patrice CORREA, le Chef du d\u00e9partement M\u00e9tiers des Arts et Cultures, Dr Delphe KIFOUANI, d\u2019une d\u00e9l\u00e9gation du minist\u00e8re de la culture et du patrimoine Historique, du repr\u00e9sentant de la famille Semb\u00e8ne, du PER, du PATS et des \u00e9tudiants ont pris part au colloque. La pr\u00e9sence de chercheurs et de sp\u00e9cialistes en cin\u00e9ma venus de 22 pays \u00e0 travers le monde a marqu\u00e9 ce colloque international de haute facture.   <\/p>\n\n<figure class=\"wp-block-embed is-type-video is-provider-youtube wp-block-embed-youtube wp-embed-aspect-16-9 wp-has-aspect-ratio\"><div class=\"wp-block-embed__wrapper\">\n<iframe title=\"Colloque International : l\u2019UFR CRAC c\u00e9l\u00e8bre le Centenaire de Semb\u00e8ne Ousmane.\" width=\"800\" height=\"450\" src=\"https:\/\/www.youtube.com\/embed\/j-6UXXKecoE?start=3&#038;feature=oembed\" frameborder=\"0\" allow=\"accelerometer; autoplay; clipboard-write; encrypted-media; gyroscope; picture-in-picture; web-share\" referrerpolicy=\"strict-origin-when-cross-origin\" allowfullscreen><\/iframe>\n<\/div><\/figure>\n","protected":false},"excerpt":{"rendered":"<p>Sous la pr\u00e9sence effective du Ministre de la culture et du patrimoine Historique, Pr Aliou Sow, l\u2019UFR CRAC en collaboration avec la Direction de la Cin\u00e9matographie, le FOPICA, le Mus\u00e9e de la photographie de Saint-Louis, a organis\u00e9, du 18 au 20 mai 2023 au CEA-MITIC et \u00e0 Saint louis, le colloque international du centenaire de Semb\u00e8ne Ousmane sur le th\u00e8me \u00ab H\u00e9t\u00e9rotopie des possibles \u00bb. Le recteur, Pr\u00e9sident du Conseil acad\u00e9mique, Pr Magatte Ndiaye, le Directeur de l\u2019UFR CRAC, Dr Patrice CORREA, le Chef du d\u00e9partement M\u00e9tiers des Arts et Cultures, Dr Delphe KIFOUANI, d\u2019une d\u00e9l\u00e9gation du minist\u00e8re de la culture et du patrimoine Historique, du repr\u00e9sentant de la famille Semb\u00e8ne, du PER, du PATS et des \u00e9tudiants ont pris part au colloque. La pr\u00e9sence de chercheurs et de sp\u00e9cialistes en cin\u00e9ma venus de 22 pays \u00e0 travers le monde a marqu\u00e9 ce colloque international de haute facture.<\/p>\n","protected":false},"author":50,"featured_media":8777,"comment_status":"open","ping_status":"open","sticky":false,"template":"","format":"standard","meta":{"footnotes":""},"categories":[181],"tags":[],"issues3":[],"post_folder":[],"ppma_author":[265],"class_list":["post-8779","post","type-post","status-publish","format-standard","has-post-thumbnail","hentry","category-participations-fr","author-global-africa"],"yoast_head":"<!-- This site is optimized with the Yoast SEO plugin v27.5 - https:\/\/yoast.com\/product\/yoast-seo-wordpress\/ -->\n<title>L\u2019UFR CRAC de l&#039;UGB a c\u00e9l\u00e9br\u00e9 le Centenaire de Semb\u00e8ne Ousmane | Global Africa<\/title>\n<meta name=\"description\" content=\"Le d\u00e9partement CRAC de l\u2019UGB a c\u00e9l\u00e9br\u00e9 le centenaire de Semb\u00e8ne Ousmane lors d\u2019un colloque international rassemblant des chercheurs venus de 22 pays.\" \/>\n<meta name=\"robots\" content=\"index, follow, max-snippet:-1, max-image-preview:large, max-video-preview:-1\" \/>\n<link rel=\"canonical\" href=\"https:\/\/www.globalafricasciences.org\/fr\/lufr-crac-de-lugb-a-celebre-le-centenaire-de-sembene-ousmane\/\" \/>\n<meta property=\"og:locale\" content=\"fr_FR\" \/>\n<meta property=\"og:type\" content=\"article\" \/>\n<meta property=\"og:title\" content=\"L\u2019UFR CRAC de l&#039;UGB a c\u00e9l\u00e9br\u00e9 le Centenaire de Semb\u00e8ne Ousmane | Global Africa\" \/>\n<meta property=\"og:description\" content=\"Le d\u00e9partement CRAC de l\u2019UGB a c\u00e9l\u00e9br\u00e9 le centenaire de Semb\u00e8ne Ousmane lors d\u2019un colloque international rassemblant des chercheurs venus de 22 pays.\" \/>\n<meta property=\"og:url\" content=\"https:\/\/www.globalafricasciences.org\/fr\/lufr-crac-de-lugb-a-celebre-le-centenaire-de-sembene-ousmane\/\" \/>\n<meta property=\"og:site_name\" content=\"Global Africa\" \/>\n<meta property=\"article:publisher\" content=\"https:\/\/www.facebook.com\/globalafricasciences\" \/>\n<meta property=\"article:published_time\" content=\"2025-02-25T12:34:40+00:00\" \/>\n<meta property=\"article:modified_time\" content=\"2025-07-03T17:06:12+00:00\" \/>\n<meta property=\"og:image\" content=\"https:\/\/www.globalafricasciences.org\/wp-content\/uploads\/2025\/02\/collogue-ugb.webp\" \/>\n\t<meta property=\"og:image:width\" content=\"640\" \/>\n\t<meta property=\"og:image:height\" content=\"480\" \/>\n\t<meta property=\"og:image:type\" content=\"image\/jpeg\" \/>\n<meta name=\"author\" content=\"Global Africa\" \/>\n<meta name=\"twitter:card\" content=\"summary_large_image\" \/>\n<meta name=\"twitter:label1\" content=\"\u00c9crit par\" \/>\n\t<meta name=\"twitter:data1\" content=\"Global Africa\" \/>\n\t<meta name=\"twitter:label2\" content=\"Dur\u00e9e de lecture estim\u00e9e\" \/>\n\t<meta name=\"twitter:data2\" content=\"1 minute\" \/>\n<script type=\"application\/ld+json\" class=\"yoast-schema-graph\">{\"@context\":\"https:\\\/\\\/schema.org\",\"@graph\":[{\"@type\":\"Article\",\"@id\":\"https:\\\/\\\/www.globalafricasciences.org\\\/fr\\\/lufr-crac-de-lugb-a-celebre-le-centenaire-de-sembene-ousmane\\\/#article\",\"isPartOf\":{\"@id\":\"https:\\\/\\\/www.globalafricasciences.org\\\/fr\\\/lufr-crac-de-lugb-a-celebre-le-centenaire-de-sembene-ousmane\\\/\"},\"author\":{\"name\":\"Global Africa\",\"@id\":\"https:\\\/\\\/www.globalafricasciences.org\\\/fr\\\/#\\\/schema\\\/person\\\/8c11b55a8c7d287934a558c0e354b773\"},\"headline\":\"L\u2019UFR CRAC de l&rsquo;UGB a c\u00e9l\u00e9br\u00e9 le Centenaire de Semb\u00e8ne Ousmane\",\"datePublished\":\"2025-02-25T12:34:40+00:00\",\"dateModified\":\"2025-07-03T17:06:12+00:00\",\"mainEntityOfPage\":{\"@id\":\"https:\\\/\\\/www.globalafricasciences.org\\\/fr\\\/lufr-crac-de-lugb-a-celebre-le-centenaire-de-sembene-ousmane\\\/\"},\"wordCount\":189,\"commentCount\":0,\"publisher\":{\"@id\":\"https:\\\/\\\/www.globalafricasciences.org\\\/fr\\\/#organization\"},\"image\":{\"@id\":\"https:\\\/\\\/www.globalafricasciences.org\\\/fr\\\/lufr-crac-de-lugb-a-celebre-le-centenaire-de-sembene-ousmane\\\/#primaryimage\"},\"thumbnailUrl\":\"https:\\\/\\\/www.globalafricasciences.org\\\/wp-content\\\/uploads\\\/2025\\\/02\\\/collogue-ugb.webp\",\"articleSection\":[\"Participations\"],\"inLanguage\":\"fr-FR\",\"potentialAction\":[{\"@type\":\"CommentAction\",\"name\":\"Comment\",\"target\":[\"https:\\\/\\\/www.globalafricasciences.org\\\/fr\\\/lufr-crac-de-lugb-a-celebre-le-centenaire-de-sembene-ousmane\\\/#respond\"]}]},{\"@type\":\"WebPage\",\"@id\":\"https:\\\/\\\/www.globalafricasciences.org\\\/fr\\\/lufr-crac-de-lugb-a-celebre-le-centenaire-de-sembene-ousmane\\\/\",\"url\":\"https:\\\/\\\/www.globalafricasciences.org\\\/fr\\\/lufr-crac-de-lugb-a-celebre-le-centenaire-de-sembene-ousmane\\\/\",\"name\":\"L\u2019UFR CRAC de l'UGB a c\u00e9l\u00e9br\u00e9 le Centenaire de Semb\u00e8ne Ousmane | Global Africa\",\"isPartOf\":{\"@id\":\"https:\\\/\\\/www.globalafricasciences.org\\\/fr\\\/#website\"},\"primaryImageOfPage\":{\"@id\":\"https:\\\/\\\/www.globalafricasciences.org\\\/fr\\\/lufr-crac-de-lugb-a-celebre-le-centenaire-de-sembene-ousmane\\\/#primaryimage\"},\"image\":{\"@id\":\"https:\\\/\\\/www.globalafricasciences.org\\\/fr\\\/lufr-crac-de-lugb-a-celebre-le-centenaire-de-sembene-ousmane\\\/#primaryimage\"},\"thumbnailUrl\":\"https:\\\/\\\/www.globalafricasciences.org\\\/wp-content\\\/uploads\\\/2025\\\/02\\\/collogue-ugb.webp\",\"datePublished\":\"2025-02-25T12:34:40+00:00\",\"dateModified\":\"2025-07-03T17:06:12+00:00\",\"description\":\"Le d\u00e9partement CRAC de l\u2019UGB a c\u00e9l\u00e9br\u00e9 le centenaire de Semb\u00e8ne Ousmane lors d\u2019un colloque international rassemblant des chercheurs venus de 22 pays.\",\"breadcrumb\":{\"@id\":\"https:\\\/\\\/www.globalafricasciences.org\\\/fr\\\/lufr-crac-de-lugb-a-celebre-le-centenaire-de-sembene-ousmane\\\/#breadcrumb\"},\"inLanguage\":\"fr-FR\",\"potentialAction\":[{\"@type\":\"ReadAction\",\"target\":[\"https:\\\/\\\/www.globalafricasciences.org\\\/fr\\\/lufr-crac-de-lugb-a-celebre-le-centenaire-de-sembene-ousmane\\\/\"]}]},{\"@type\":\"ImageObject\",\"inLanguage\":\"fr-FR\",\"@id\":\"https:\\\/\\\/www.globalafricasciences.org\\\/fr\\\/lufr-crac-de-lugb-a-celebre-le-centenaire-de-sembene-ousmane\\\/#primaryimage\",\"url\":\"https:\\\/\\\/www.globalafricasciences.org\\\/wp-content\\\/uploads\\\/2025\\\/02\\\/collogue-ugb.webp\",\"contentUrl\":\"https:\\\/\\\/www.globalafricasciences.org\\\/wp-content\\\/uploads\\\/2025\\\/02\\\/collogue-ugb.webp\",\"width\":640,\"height\":480},{\"@type\":\"BreadcrumbList\",\"@id\":\"https:\\\/\\\/www.globalafricasciences.org\\\/fr\\\/lufr-crac-de-lugb-a-celebre-le-centenaire-de-sembene-ousmane\\\/#breadcrumb\",\"itemListElement\":[{\"@type\":\"ListItem\",\"position\":1,\"name\":\"Home\",\"item\":\"https:\\\/\\\/www.globalafricasciences.org\\\/fr\\\/accueil\\\/\"},{\"@type\":\"ListItem\",\"position\":2,\"name\":\"L\u2019UFR CRAC de l&#8217;UGB a c\u00e9l\u00e9br\u00e9 le Centenaire de Semb\u00e8ne Ousmane\"}]},{\"@type\":\"WebSite\",\"@id\":\"https:\\\/\\\/www.globalafricasciences.org\\\/fr\\\/#website\",\"url\":\"https:\\\/\\\/www.globalafricasciences.org\\\/fr\\\/\",\"name\":\"Global Africa\",\"description\":\"Pan-African Scientific Journal\",\"publisher\":{\"@id\":\"https:\\\/\\\/www.globalafricasciences.org\\\/fr\\\/#organization\"},\"potentialAction\":[{\"@type\":\"SearchAction\",\"target\":{\"@type\":\"EntryPoint\",\"urlTemplate\":\"https:\\\/\\\/www.globalafricasciences.org\\\/fr\\\/?s={search_term_string}\"},\"query-input\":{\"@type\":\"PropertyValueSpecification\",\"valueRequired\":true,\"valueName\":\"search_term_string\"}}],\"inLanguage\":\"fr-FR\"},{\"@type\":\"Organization\",\"@id\":\"https:\\\/\\\/www.globalafricasciences.org\\\/fr\\\/#organization\",\"name\":\"Global Africa\",\"url\":\"https:\\\/\\\/www.globalafricasciences.org\\\/fr\\\/\",\"logo\":{\"@type\":\"ImageObject\",\"inLanguage\":\"fr-FR\",\"@id\":\"https:\\\/\\\/www.globalafricasciences.org\\\/fr\\\/#\\\/schema\\\/logo\\\/image\\\/\",\"url\":\"https:\\\/\\\/www.globalafricasciences.org\\\/wp-content\\\/uploads\\\/2024\\\/12\\\/Globalafrica.png\",\"contentUrl\":\"https:\\\/\\\/www.globalafricasciences.org\\\/wp-content\\\/uploads\\\/2024\\\/12\\\/Globalafrica.png\",\"width\":1680,\"height\":750,\"caption\":\"Global Africa\"},\"image\":{\"@id\":\"https:\\\/\\\/www.globalafricasciences.org\\\/fr\\\/#\\\/schema\\\/logo\\\/image\\\/\"},\"sameAs\":[\"https:\\\/\\\/www.facebook.com\\\/globalafricasciences\"]},{\"@type\":\"Person\",\"@id\":\"https:\\\/\\\/www.globalafricasciences.org\\\/fr\\\/#\\\/schema\\\/person\\\/8c11b55a8c7d287934a558c0e354b773\",\"name\":\"Global Africa\",\"image\":{\"@type\":\"ImageObject\",\"inLanguage\":\"fr-FR\",\"@id\":\"https:\\\/\\\/www.globalafricasciences.org\\\/wp-content\\\/uploads\\\/2024\\\/11\\\/Global-Africa.jpgd44bc09810f00cf464135b8441da2384\",\"url\":\"https:\\\/\\\/www.globalafricasciences.org\\\/wp-content\\\/uploads\\\/2024\\\/11\\\/Global-Africa.jpg\",\"contentUrl\":\"https:\\\/\\\/www.globalafricasciences.org\\\/wp-content\\\/uploads\\\/2024\\\/11\\\/Global-Africa.jpg\",\"caption\":\"Global Africa\"},\"description\":\"The editorial board of the journal is led by Mame-Penda Ba, a professor of political science at Gaston Berger University and the director of LASPAD(Laboratory of Social, Political, and Administrative Studies), Senegal.\",\"url\":\"https:\\\/\\\/www.globalafricasciences.org\\\/author\\\/globalafrica\\\/\"}]}<\/script>\n<!-- \/ Yoast SEO plugin. -->","yoast_head_json":{"title":"L\u2019UFR CRAC de l'UGB a c\u00e9l\u00e9br\u00e9 le Centenaire de Semb\u00e8ne Ousmane | Global Africa","description":"Le d\u00e9partement CRAC de l\u2019UGB a c\u00e9l\u00e9br\u00e9 le centenaire de Semb\u00e8ne Ousmane lors d\u2019un colloque international rassemblant des chercheurs venus de 22 pays.","robots":{"index":"index","follow":"follow","max-snippet":"max-snippet:-1","max-image-preview":"max-image-preview:large","max-video-preview":"max-video-preview:-1"},"canonical":"https:\/\/www.globalafricasciences.org\/fr\/lufr-crac-de-lugb-a-celebre-le-centenaire-de-sembene-ousmane\/","og_locale":"fr_FR","og_type":"article","og_title":"L\u2019UFR CRAC de l'UGB a c\u00e9l\u00e9br\u00e9 le Centenaire de Semb\u00e8ne Ousmane | Global Africa","og_description":"Le d\u00e9partement CRAC de l\u2019UGB a c\u00e9l\u00e9br\u00e9 le centenaire de Semb\u00e8ne Ousmane lors d\u2019un colloque international rassemblant des chercheurs venus de 22 pays.","og_url":"https:\/\/www.globalafricasciences.org\/fr\/lufr-crac-de-lugb-a-celebre-le-centenaire-de-sembene-ousmane\/","og_site_name":"Global Africa","article_publisher":"https:\/\/www.facebook.com\/globalafricasciences","article_published_time":"2025-02-25T12:34:40+00:00","article_modified_time":"2025-07-03T17:06:12+00:00","og_image":[{"width":640,"height":480,"url":"https:\/\/www.globalafricasciences.org\/wp-content\/uploads\/2025\/02\/collogue-ugb.webp","type":"image\/jpeg"}],"author":"Global Africa","twitter_card":"summary_large_image","twitter_misc":{"\u00c9crit par":"Global Africa","Dur\u00e9e de lecture estim\u00e9e":"1 minute"},"schema":{"@context":"https:\/\/schema.org","@graph":[{"@type":"Article","@id":"https:\/\/www.globalafricasciences.org\/fr\/lufr-crac-de-lugb-a-celebre-le-centenaire-de-sembene-ousmane\/#article","isPartOf":{"@id":"https:\/\/www.globalafricasciences.org\/fr\/lufr-crac-de-lugb-a-celebre-le-centenaire-de-sembene-ousmane\/"},"author":{"name":"Global Africa","@id":"https:\/\/www.globalafricasciences.org\/fr\/#\/schema\/person\/8c11b55a8c7d287934a558c0e354b773"},"headline":"L\u2019UFR CRAC de l&rsquo;UGB a c\u00e9l\u00e9br\u00e9 le Centenaire de Semb\u00e8ne Ousmane","datePublished":"2025-02-25T12:34:40+00:00","dateModified":"2025-07-03T17:06:12+00:00","mainEntityOfPage":{"@id":"https:\/\/www.globalafricasciences.org\/fr\/lufr-crac-de-lugb-a-celebre-le-centenaire-de-sembene-ousmane\/"},"wordCount":189,"commentCount":0,"publisher":{"@id":"https:\/\/www.globalafricasciences.org\/fr\/#organization"},"image":{"@id":"https:\/\/www.globalafricasciences.org\/fr\/lufr-crac-de-lugb-a-celebre-le-centenaire-de-sembene-ousmane\/#primaryimage"},"thumbnailUrl":"https:\/\/www.globalafricasciences.org\/wp-content\/uploads\/2025\/02\/collogue-ugb.webp","articleSection":["Participations"],"inLanguage":"fr-FR","potentialAction":[{"@type":"CommentAction","name":"Comment","target":["https:\/\/www.globalafricasciences.org\/fr\/lufr-crac-de-lugb-a-celebre-le-centenaire-de-sembene-ousmane\/#respond"]}]},{"@type":"WebPage","@id":"https:\/\/www.globalafricasciences.org\/fr\/lufr-crac-de-lugb-a-celebre-le-centenaire-de-sembene-ousmane\/","url":"https:\/\/www.globalafricasciences.org\/fr\/lufr-crac-de-lugb-a-celebre-le-centenaire-de-sembene-ousmane\/","name":"L\u2019UFR CRAC de l'UGB a c\u00e9l\u00e9br\u00e9 le Centenaire de Semb\u00e8ne Ousmane | Global Africa","isPartOf":{"@id":"https:\/\/www.globalafricasciences.org\/fr\/#website"},"primaryImageOfPage":{"@id":"https:\/\/www.globalafricasciences.org\/fr\/lufr-crac-de-lugb-a-celebre-le-centenaire-de-sembene-ousmane\/#primaryimage"},"image":{"@id":"https:\/\/www.globalafricasciences.org\/fr\/lufr-crac-de-lugb-a-celebre-le-centenaire-de-sembene-ousmane\/#primaryimage"},"thumbnailUrl":"https:\/\/www.globalafricasciences.org\/wp-content\/uploads\/2025\/02\/collogue-ugb.webp","datePublished":"2025-02-25T12:34:40+00:00","dateModified":"2025-07-03T17:06:12+00:00","description":"Le d\u00e9partement CRAC de l\u2019UGB a c\u00e9l\u00e9br\u00e9 le centenaire de Semb\u00e8ne Ousmane lors d\u2019un colloque international rassemblant des chercheurs venus de 22 pays.","breadcrumb":{"@id":"https:\/\/www.globalafricasciences.org\/fr\/lufr-crac-de-lugb-a-celebre-le-centenaire-de-sembene-ousmane\/#breadcrumb"},"inLanguage":"fr-FR","potentialAction":[{"@type":"ReadAction","target":["https:\/\/www.globalafricasciences.org\/fr\/lufr-crac-de-lugb-a-celebre-le-centenaire-de-sembene-ousmane\/"]}]},{"@type":"ImageObject","inLanguage":"fr-FR","@id":"https:\/\/www.globalafricasciences.org\/fr\/lufr-crac-de-lugb-a-celebre-le-centenaire-de-sembene-ousmane\/#primaryimage","url":"https:\/\/www.globalafricasciences.org\/wp-content\/uploads\/2025\/02\/collogue-ugb.webp","contentUrl":"https:\/\/www.globalafricasciences.org\/wp-content\/uploads\/2025\/02\/collogue-ugb.webp","width":640,"height":480},{"@type":"BreadcrumbList","@id":"https:\/\/www.globalafricasciences.org\/fr\/lufr-crac-de-lugb-a-celebre-le-centenaire-de-sembene-ousmane\/#breadcrumb","itemListElement":[{"@type":"ListItem","position":1,"name":"Home","item":"https:\/\/www.globalafricasciences.org\/fr\/accueil\/"},{"@type":"ListItem","position":2,"name":"L\u2019UFR CRAC de l&#8217;UGB a c\u00e9l\u00e9br\u00e9 le Centenaire de Semb\u00e8ne Ousmane"}]},{"@type":"WebSite","@id":"https:\/\/www.globalafricasciences.org\/fr\/#website","url":"https:\/\/www.globalafricasciences.org\/fr\/","name":"Global Africa","description":"Pan-African Scientific Journal","publisher":{"@id":"https:\/\/www.globalafricasciences.org\/fr\/#organization"},"potentialAction":[{"@type":"SearchAction","target":{"@type":"EntryPoint","urlTemplate":"https:\/\/www.globalafricasciences.org\/fr\/?s={search_term_string}"},"query-input":{"@type":"PropertyValueSpecification","valueRequired":true,"valueName":"search_term_string"}}],"inLanguage":"fr-FR"},{"@type":"Organization","@id":"https:\/\/www.globalafricasciences.org\/fr\/#organization","name":"Global Africa","url":"https:\/\/www.globalafricasciences.org\/fr\/","logo":{"@type":"ImageObject","inLanguage":"fr-FR","@id":"https:\/\/www.globalafricasciences.org\/fr\/#\/schema\/logo\/image\/","url":"https:\/\/www.globalafricasciences.org\/wp-content\/uploads\/2024\/12\/Globalafrica.png","contentUrl":"https:\/\/www.globalafricasciences.org\/wp-content\/uploads\/2024\/12\/Globalafrica.png","width":1680,"height":750,"caption":"Global Africa"},"image":{"@id":"https:\/\/www.globalafricasciences.org\/fr\/#\/schema\/logo\/image\/"},"sameAs":["https:\/\/www.facebook.com\/globalafricasciences"]},{"@type":"Person","@id":"https:\/\/www.globalafricasciences.org\/fr\/#\/schema\/person\/8c11b55a8c7d287934a558c0e354b773","name":"Global Africa","image":{"@type":"ImageObject","inLanguage":"fr-FR","@id":"https:\/\/www.globalafricasciences.org\/wp-content\/uploads\/2024\/11\/Global-Africa.jpgd44bc09810f00cf464135b8441da2384","url":"https:\/\/www.globalafricasciences.org\/wp-content\/uploads\/2024\/11\/Global-Africa.jpg","contentUrl":"https:\/\/www.globalafricasciences.org\/wp-content\/uploads\/2024\/11\/Global-Africa.jpg","caption":"Global Africa"},"description":"The editorial board of the journal is led by Mame-Penda Ba, a professor of political science at Gaston Berger University and the director of LASPAD(Laboratory of Social, Political, and Administrative Studies), Senegal.","url":"https:\/\/www.globalafricasciences.org\/author\/globalafrica\/"}]}},"acf":[],"authors":[{"term_id":265,"user_id":0,"is_guest":1,"slug":"global-africa","display_name":"Global Africa","avatar_url":{"url":"https:\/\/www.globalafricasciences.org\/wp-content\/uploads\/2024\/11\/Global-Africa.jpg","url2x":"https:\/\/www.globalafricasciences.org\/wp-content\/uploads\/2024\/11\/Global-Africa.jpg"},"author_category":"1","exclude_author":"","main-organisation":"Universit\u00e9 Gaston Berger","country_of_org":"S\u00e9n\u00e9gal","field_of_work":"Sciences sociales","first_name":"","last_name":"","user_url":"","job_title":"","description":"<div id=\"comp-lmq9yt56\" class=\"HcOXKn c9GqVL QxJLC3 lq2cno YQcXTT comp-lmq9yt56 wixui-rich-text\" data-testid=\"richTextElement\">\r\n<p class=\"font_8 wixui-rich-text__text\">La r\u00e9daction de la revue est dirig\u00e9e par Mame-Penda Ba, professeure de sciences politiques \u00e0 l'Universit\u00e9 Gaston Berger et directrice du LASPAD, S\u00e9n\u00e9gal<\/p>\r\n\r\n<\/div>"}],"_links":{"self":[{"href":"https:\/\/www.globalafricasciences.org\/fr\/wp-json\/wp\/v2\/posts\/8779","targetHints":{"allow":["GET"]}}],"collection":[{"href":"https:\/\/www.globalafricasciences.org\/fr\/wp-json\/wp\/v2\/posts"}],"about":[{"href":"https:\/\/www.globalafricasciences.org\/fr\/wp-json\/wp\/v2\/types\/post"}],"author":[{"embeddable":true,"href":"https:\/\/www.globalafricasciences.org\/fr\/wp-json\/wp\/v2\/users\/50"}],"replies":[{"embeddable":true,"href":"https:\/\/www.globalafricasciences.org\/fr\/wp-json\/wp\/v2\/comments?post=8779"}],"version-history":[{"count":0,"href":"https:\/\/www.globalafricasciences.org\/fr\/wp-json\/wp\/v2\/posts\/8779\/revisions"}],"wp:featuredmedia":[{"embeddable":true,"href":"https:\/\/www.globalafricasciences.org\/fr\/wp-json\/wp\/v2\/media\/8777"}],"wp:attachment":[{"href":"https:\/\/www.globalafricasciences.org\/fr\/wp-json\/wp\/v2\/media?parent=8779"}],"wp:term":[{"taxonomy":"category","embeddable":true,"href":"https:\/\/www.globalafricasciences.org\/fr\/wp-json\/wp\/v2\/categories?post=8779"},{"taxonomy":"post_tag","embeddable":true,"href":"https:\/\/www.globalafricasciences.org\/fr\/wp-json\/wp\/v2\/tags?post=8779"},{"taxonomy":"issues3","embeddable":true,"href":"https:\/\/www.globalafricasciences.org\/fr\/wp-json\/wp\/v2\/issues3?post=8779"},{"taxonomy":"post_folder","embeddable":true,"href":"https:\/\/www.globalafricasciences.org\/fr\/wp-json\/wp\/v2\/post_folder?post=8779"},{"taxonomy":"author","embeddable":true,"href":"https:\/\/www.globalafricasciences.org\/fr\/wp-json\/wp\/v2\/ppma_author?post=8779"}],"curies":[{"name":"wp","href":"https:\/\/api.w.org\/{rel}","templated":true}]}}