{"id":8772,"date":"2025-02-25T12:23:06","date_gmt":"2025-02-25T12:23:06","guid":{"rendered":"https:\/\/www.globalafricasciences.org\/actualites\/lafrique-face-au-vieillissement-annonce-de-sa-population\/"},"modified":"2025-07-03T17:10:04","modified_gmt":"2025-07-03T17:10:04","slug":"lafrique-face-au-vieillissement-annonce-de-sa-population","status":"publish","type":"post","link":"https:\/\/www.globalafricasciences.org\/fr\/lafrique-face-au-vieillissement-annonce-de-sa-population\/","title":{"rendered":"L&rsquo;Afrique Face au Vieillissement Annonc\u00e9 de sa Population"},"content":{"rendered":"\n<p id=\"viewer-foo\">L&rsquo;AFD organise l&rsquo;\u00e9v\u00e9nement suivant :<\/p>\n\n<p id=\"viewer-8stn\"><strong>L&rsquo;Afrique face au vieillissement annonc\u00e9 de sa population<\/strong><\/p>\n\n<p id=\"viewer-6cuki\"><strong>Enjeux pour les politiques publiques<\/strong><\/p>\n\n<p id=\"viewer-c74lc\">En Afrique, les personnes \u00e2g\u00e9es repr\u00e9sentent une proportion encore faible de la population mais les transitions d\u00e9mographiques engag\u00e9es vont de pair avec un vieillissement annonc\u00e9.<\/p>\n\n<p id=\"viewer-fb3a1\">Nous verrons comment ce vieillissement et sa dynamique varient d\u2019un pays \u00e0 l\u2019autre, tout comme le degr\u00e9 d\u2019anticipation de chacun. Nous pr\u00e9senterons quelles politiques de protection sociale \u00e9mergent, en compl\u00e9ment des solidarit\u00e9s familiales sur lesquelles se reposent toujours la plupart des personnes \u00e2g\u00e9es. <\/p>\n\n<p id=\"viewer-8592u\">Nous verrons aussi \u00e0 quel point les statistiques sanitaires sont d\u00e9faillantes pour les plus de 60 ans, ne permettant pas de mettre en place des politiques sanitaires cibl\u00e9es.<\/p>\n\n<p id=\"viewer-82fge\">En outre, nous examinerons l&rsquo;insuffisance des statistiques de sant\u00e9 pour les personnes \u00e2g\u00e9es de 60 ans et plus, ce qui entrave la mise en \u0153uvre de politiques de sant\u00e9 cibl\u00e9es.<\/p>\n\n<p id=\"viewer-adeh9\"><strong>Mercredi 5 juillet 2023, de 14h00 \u00e0 15h30.<\/strong><\/p>\n\n<p id=\"viewer-9ueun\"><strong>INTERVENANTS<\/strong> <strong>Mod\u00e9r\u00e9 par<\/strong><strong> Serge RABIER<\/strong> charg\u00e9 de recherche senior D\u00e9mographie et Genre, AFD <strong>G\u00e9raldine DUTH\u00c9<\/strong> Directrice de recherche, Institut national d&rsquo;\u00e9tudes d\u00e9mographiques (INED) <strong>Jasmine LAURELLE KAHOU NZOUYEM<\/strong> Enseignante-chercheuse, Universit\u00e9 de Ngaound\u00e9r\u00e9<\/p>\n\n<p id=\"viewer-1o0sk\">Voir ici : https:\/\/www.afd.fr\/fr\/news\/agenda\/Africa-confronting-the-anticipated-aging-of-its-population<\/p>\n\n<figure class=\"wp-block-image size-full\"><img fetchpriority=\"high\" decoding=\"async\" width=\"1480\" height=\"660\" src=\"https:\/\/www.globalafricasciences.org\/wp-content\/uploads\/2025\/02\/Africa-Confronting-the-Anticipated-Aging-of-Its-Population-.avif\" alt=\"\" class=\"wp-image-8768\"\/><\/figure>\n","protected":false},"excerpt":{"rendered":"<p>L&rsquo;AFD organise l&rsquo;\u00e9v\u00e9nement suivant : L&rsquo;Afrique face au vieillissement annonc\u00e9 de sa population Enjeux pour les politiques publiques En Afrique, les personnes \u00e2g\u00e9es repr\u00e9sentent une proportion encore faible de la population mais les transitions d\u00e9mographiques engag\u00e9es vont de pair avec un vieillissement annonc\u00e9. Nous verrons comment ce vieillissement et sa dynamique varient d\u2019un pays \u00e0 l\u2019autre, tout comme le degr\u00e9 d\u2019anticipation de chacun. Nous pr\u00e9senterons quelles politiques de protection sociale \u00e9mergent, en compl\u00e9ment des solidarit\u00e9s familiales sur lesquelles se reposent toujours la plupart des personnes \u00e2g\u00e9es. Nous verrons aussi \u00e0 quel point les statistiques sanitaires sont d\u00e9faillantes pour les plus de 60 ans, ne permettant pas de mettre en place des politiques sanitaires cibl\u00e9es. En outre, nous examinerons l&rsquo;insuffisance des statistiques de sant\u00e9 pour les personnes \u00e2g\u00e9es de 60 ans et plus, ce qui entrave la mise en \u0153uvre de politiques de sant\u00e9 cibl\u00e9es. Mercredi 5 juillet 2023, de 14h00 \u00e0 15h30. INTERVENANTS Mod\u00e9r\u00e9 par Serge RABIER charg\u00e9 de recherche senior D\u00e9mographie et Genre, AFD G\u00e9raldine DUTH\u00c9 Directrice de recherche, Institut national d&rsquo;\u00e9tudes d\u00e9mographiques (INED) Jasmine LAURELLE KAHOU NZOUYEM Enseignante-chercheuse, Universit\u00e9 de Ngaound\u00e9r\u00e9 Voir ici : https:\/\/www.afd.fr\/fr\/news\/agenda\/Africa-confronting-the-anticipated-aging-of-its-population<\/p>\n","protected":false},"author":50,"featured_media":8769,"comment_status":"open","ping_status":"open","sticky":false,"template":"","format":"standard","meta":{"footnotes":""},"categories":[179],"tags":[],"issues3":[],"post_folder":[],"ppma_author":[265],"class_list":["post-8772","post","type-post","status-publish","format-standard","has-post-thumbnail","hentry","category-conferences-fr","author-global-africa"],"yoast_head":"<!-- This site is optimized with the Yoast SEO plugin v27.5 - https:\/\/yoast.com\/product\/yoast-seo-wordpress\/ -->\n<title>L&#039;Afrique Face au Vieillissement Annonc\u00e9 de sa Population | Global Africa<\/title>\n<meta name=\"description\" content=\"Vieillissement en Afrique : l\u2019AFD organise un webinaire sur les d\u00e9fis d\u00e9mographiques, les politiques publiques et la protection sociale des seniors.\" \/>\n<meta name=\"robots\" content=\"index, follow, max-snippet:-1, max-image-preview:large, max-video-preview:-1\" \/>\n<link rel=\"canonical\" href=\"https:\/\/www.globalafricasciences.org\/fr\/lafrique-face-au-vieillissement-annonce-de-sa-population\/\" \/>\n<meta property=\"og:locale\" content=\"fr_FR\" \/>\n<meta property=\"og:type\" content=\"article\" \/>\n<meta property=\"og:title\" content=\"L&#039;Afrique Face au Vieillissement Annonc\u00e9 de sa Population | Global Africa\" \/>\n<meta property=\"og:description\" content=\"Vieillissement en Afrique : l\u2019AFD organise un webinaire sur les d\u00e9fis d\u00e9mographiques, les politiques publiques et la protection sociale des seniors.\" \/>\n<meta property=\"og:url\" content=\"https:\/\/www.globalafricasciences.org\/fr\/lafrique-face-au-vieillissement-annonce-de-sa-population\/\" \/>\n<meta property=\"og:site_name\" content=\"Global Africa\" \/>\n<meta property=\"article:publisher\" content=\"https:\/\/www.facebook.com\/globalafricasciences\" \/>\n<meta property=\"article:published_time\" content=\"2025-02-25T12:23:06+00:00\" \/>\n<meta property=\"article:modified_time\" content=\"2025-07-03T17:10:04+00:00\" \/>\n<meta name=\"author\" content=\"Global Africa\" \/>\n<meta name=\"twitter:card\" content=\"summary_large_image\" \/>\n<meta name=\"twitter:label1\" content=\"\u00c9crit par\" \/>\n\t<meta name=\"twitter:data1\" content=\"Global Africa\" \/>\n\t<meta name=\"twitter:label2\" content=\"Dur\u00e9e de lecture estim\u00e9e\" \/>\n\t<meta name=\"twitter:data2\" content=\"1 minute\" \/>\n<script type=\"application\/ld+json\" class=\"yoast-schema-graph\">{\"@context\":\"https:\\\/\\\/schema.org\",\"@graph\":[{\"@type\":\"Article\",\"@id\":\"https:\\\/\\\/www.globalafricasciences.org\\\/fr\\\/lafrique-face-au-vieillissement-annonce-de-sa-population\\\/#article\",\"isPartOf\":{\"@id\":\"https:\\\/\\\/www.globalafricasciences.org\\\/fr\\\/lafrique-face-au-vieillissement-annonce-de-sa-population\\\/\"},\"author\":{\"name\":\"Global Africa\",\"@id\":\"https:\\\/\\\/www.globalafricasciences.org\\\/fr\\\/#\\\/schema\\\/person\\\/8c11b55a8c7d287934a558c0e354b773\"},\"headline\":\"L&rsquo;Afrique Face au Vieillissement Annonc\u00e9 de sa Population\",\"datePublished\":\"2025-02-25T12:23:06+00:00\",\"dateModified\":\"2025-07-03T17:10:04+00:00\",\"mainEntityOfPage\":{\"@id\":\"https:\\\/\\\/www.globalafricasciences.org\\\/fr\\\/lafrique-face-au-vieillissement-annonce-de-sa-population\\\/\"},\"wordCount\":220,\"commentCount\":0,\"publisher\":{\"@id\":\"https:\\\/\\\/www.globalafricasciences.org\\\/fr\\\/#organization\"},\"image\":{\"@id\":\"https:\\\/\\\/www.globalafricasciences.org\\\/fr\\\/lafrique-face-au-vieillissement-annonce-de-sa-population\\\/#primaryimage\"},\"thumbnailUrl\":\"https:\\\/\\\/www.globalafricasciences.org\\\/wp-content\\\/uploads\\\/2025\\\/02\\\/Africa-Confronting-the-Anticipated-Aging-of-Its-Population-.avif\",\"articleSection\":[\"Conf\u00e9rences\"],\"inLanguage\":\"fr-FR\",\"potentialAction\":[{\"@type\":\"CommentAction\",\"name\":\"Comment\",\"target\":[\"https:\\\/\\\/www.globalafricasciences.org\\\/fr\\\/lafrique-face-au-vieillissement-annonce-de-sa-population\\\/#respond\"]}]},{\"@type\":\"WebPage\",\"@id\":\"https:\\\/\\\/www.globalafricasciences.org\\\/fr\\\/lafrique-face-au-vieillissement-annonce-de-sa-population\\\/\",\"url\":\"https:\\\/\\\/www.globalafricasciences.org\\\/fr\\\/lafrique-face-au-vieillissement-annonce-de-sa-population\\\/\",\"name\":\"L'Afrique Face au Vieillissement Annonc\u00e9 de sa Population | Global Africa\",\"isPartOf\":{\"@id\":\"https:\\\/\\\/www.globalafricasciences.org\\\/fr\\\/#website\"},\"primaryImageOfPage\":{\"@id\":\"https:\\\/\\\/www.globalafricasciences.org\\\/fr\\\/lafrique-face-au-vieillissement-annonce-de-sa-population\\\/#primaryimage\"},\"image\":{\"@id\":\"https:\\\/\\\/www.globalafricasciences.org\\\/fr\\\/lafrique-face-au-vieillissement-annonce-de-sa-population\\\/#primaryimage\"},\"thumbnailUrl\":\"https:\\\/\\\/www.globalafricasciences.org\\\/wp-content\\\/uploads\\\/2025\\\/02\\\/Africa-Confronting-the-Anticipated-Aging-of-Its-Population-.avif\",\"datePublished\":\"2025-02-25T12:23:06+00:00\",\"dateModified\":\"2025-07-03T17:10:04+00:00\",\"description\":\"Vieillissement en Afrique : l\u2019AFD organise un webinaire sur les d\u00e9fis d\u00e9mographiques, les politiques publiques et la protection sociale des seniors.\",\"breadcrumb\":{\"@id\":\"https:\\\/\\\/www.globalafricasciences.org\\\/fr\\\/lafrique-face-au-vieillissement-annonce-de-sa-population\\\/#breadcrumb\"},\"inLanguage\":\"fr-FR\",\"potentialAction\":[{\"@type\":\"ReadAction\",\"target\":[\"https:\\\/\\\/www.globalafricasciences.org\\\/fr\\\/lafrique-face-au-vieillissement-annonce-de-sa-population\\\/\"]}]},{\"@type\":\"ImageObject\",\"inLanguage\":\"fr-FR\",\"@id\":\"https:\\\/\\\/www.globalafricasciences.org\\\/fr\\\/lafrique-face-au-vieillissement-annonce-de-sa-population\\\/#primaryimage\",\"url\":\"https:\\\/\\\/www.globalafricasciences.org\\\/wp-content\\\/uploads\\\/2025\\\/02\\\/Africa-Confronting-the-Anticipated-Aging-of-Its-Population-.avif\",\"contentUrl\":\"https:\\\/\\\/www.globalafricasciences.org\\\/wp-content\\\/uploads\\\/2025\\\/02\\\/Africa-Confronting-the-Anticipated-Aging-of-Its-Population-.avif\",\"width\":1480,\"height\":660},{\"@type\":\"BreadcrumbList\",\"@id\":\"https:\\\/\\\/www.globalafricasciences.org\\\/fr\\\/lafrique-face-au-vieillissement-annonce-de-sa-population\\\/#breadcrumb\",\"itemListElement\":[{\"@type\":\"ListItem\",\"position\":1,\"name\":\"Home\",\"item\":\"https:\\\/\\\/www.globalafricasciences.org\\\/fr\\\/accueil\\\/\"},{\"@type\":\"ListItem\",\"position\":2,\"name\":\"L&#8217;Afrique Face au Vieillissement Annonc\u00e9 de sa Population\"}]},{\"@type\":\"WebSite\",\"@id\":\"https:\\\/\\\/www.globalafricasciences.org\\\/fr\\\/#website\",\"url\":\"https:\\\/\\\/www.globalafricasciences.org\\\/fr\\\/\",\"name\":\"Global Africa\",\"description\":\"Pan-African Scientific Journal\",\"publisher\":{\"@id\":\"https:\\\/\\\/www.globalafricasciences.org\\\/fr\\\/#organization\"},\"potentialAction\":[{\"@type\":\"SearchAction\",\"target\":{\"@type\":\"EntryPoint\",\"urlTemplate\":\"https:\\\/\\\/www.globalafricasciences.org\\\/fr\\\/?s={search_term_string}\"},\"query-input\":{\"@type\":\"PropertyValueSpecification\",\"valueRequired\":true,\"valueName\":\"search_term_string\"}}],\"inLanguage\":\"fr-FR\"},{\"@type\":\"Organization\",\"@id\":\"https:\\\/\\\/www.globalafricasciences.org\\\/fr\\\/#organization\",\"name\":\"Global Africa\",\"url\":\"https:\\\/\\\/www.globalafricasciences.org\\\/fr\\\/\",\"logo\":{\"@type\":\"ImageObject\",\"inLanguage\":\"fr-FR\",\"@id\":\"https:\\\/\\\/www.globalafricasciences.org\\\/fr\\\/#\\\/schema\\\/logo\\\/image\\\/\",\"url\":\"https:\\\/\\\/www.globalafricasciences.org\\\/wp-content\\\/uploads\\\/2024\\\/12\\\/Globalafrica.png\",\"contentUrl\":\"https:\\\/\\\/www.globalafricasciences.org\\\/wp-content\\\/uploads\\\/2024\\\/12\\\/Globalafrica.png\",\"width\":1680,\"height\":750,\"caption\":\"Global Africa\"},\"image\":{\"@id\":\"https:\\\/\\\/www.globalafricasciences.org\\\/fr\\\/#\\\/schema\\\/logo\\\/image\\\/\"},\"sameAs\":[\"https:\\\/\\\/www.facebook.com\\\/globalafricasciences\"]},{\"@type\":\"Person\",\"@id\":\"https:\\\/\\\/www.globalafricasciences.org\\\/fr\\\/#\\\/schema\\\/person\\\/8c11b55a8c7d287934a558c0e354b773\",\"name\":\"Global Africa\",\"image\":{\"@type\":\"ImageObject\",\"inLanguage\":\"fr-FR\",\"@id\":\"https:\\\/\\\/www.globalafricasciences.org\\\/wp-content\\\/uploads\\\/2024\\\/11\\\/Global-Africa.jpgd44bc09810f00cf464135b8441da2384\",\"url\":\"https:\\\/\\\/www.globalafricasciences.org\\\/wp-content\\\/uploads\\\/2024\\\/11\\\/Global-Africa.jpg\",\"contentUrl\":\"https:\\\/\\\/www.globalafricasciences.org\\\/wp-content\\\/uploads\\\/2024\\\/11\\\/Global-Africa.jpg\",\"caption\":\"Global Africa\"},\"description\":\"The editorial board of the journal is led by Mame-Penda Ba, a professor of political science at Gaston Berger University and the director of LASPAD(Laboratory of Social, Political, and Administrative Studies), Senegal.\",\"url\":\"https:\\\/\\\/www.globalafricasciences.org\\\/author\\\/globalafrica\\\/\"}]}<\/script>\n<!-- \/ Yoast SEO plugin. -->","yoast_head_json":{"title":"L'Afrique Face au Vieillissement Annonc\u00e9 de sa Population | Global Africa","description":"Vieillissement en Afrique : l\u2019AFD organise un webinaire sur les d\u00e9fis d\u00e9mographiques, les politiques publiques et la protection sociale des seniors.","robots":{"index":"index","follow":"follow","max-snippet":"max-snippet:-1","max-image-preview":"max-image-preview:large","max-video-preview":"max-video-preview:-1"},"canonical":"https:\/\/www.globalafricasciences.org\/fr\/lafrique-face-au-vieillissement-annonce-de-sa-population\/","og_locale":"fr_FR","og_type":"article","og_title":"L'Afrique Face au Vieillissement Annonc\u00e9 de sa Population | Global Africa","og_description":"Vieillissement en Afrique : l\u2019AFD organise un webinaire sur les d\u00e9fis d\u00e9mographiques, les politiques publiques et la protection sociale des seniors.","og_url":"https:\/\/www.globalafricasciences.org\/fr\/lafrique-face-au-vieillissement-annonce-de-sa-population\/","og_site_name":"Global Africa","article_publisher":"https:\/\/www.facebook.com\/globalafricasciences","article_published_time":"2025-02-25T12:23:06+00:00","article_modified_time":"2025-07-03T17:10:04+00:00","author":"Global Africa","twitter_card":"summary_large_image","twitter_misc":{"\u00c9crit par":"Global Africa","Dur\u00e9e de lecture estim\u00e9e":"1 minute"},"schema":{"@context":"https:\/\/schema.org","@graph":[{"@type":"Article","@id":"https:\/\/www.globalafricasciences.org\/fr\/lafrique-face-au-vieillissement-annonce-de-sa-population\/#article","isPartOf":{"@id":"https:\/\/www.globalafricasciences.org\/fr\/lafrique-face-au-vieillissement-annonce-de-sa-population\/"},"author":{"name":"Global Africa","@id":"https:\/\/www.globalafricasciences.org\/fr\/#\/schema\/person\/8c11b55a8c7d287934a558c0e354b773"},"headline":"L&rsquo;Afrique Face au Vieillissement Annonc\u00e9 de sa Population","datePublished":"2025-02-25T12:23:06+00:00","dateModified":"2025-07-03T17:10:04+00:00","mainEntityOfPage":{"@id":"https:\/\/www.globalafricasciences.org\/fr\/lafrique-face-au-vieillissement-annonce-de-sa-population\/"},"wordCount":220,"commentCount":0,"publisher":{"@id":"https:\/\/www.globalafricasciences.org\/fr\/#organization"},"image":{"@id":"https:\/\/www.globalafricasciences.org\/fr\/lafrique-face-au-vieillissement-annonce-de-sa-population\/#primaryimage"},"thumbnailUrl":"https:\/\/www.globalafricasciences.org\/wp-content\/uploads\/2025\/02\/Africa-Confronting-the-Anticipated-Aging-of-Its-Population-.avif","articleSection":["Conf\u00e9rences"],"inLanguage":"fr-FR","potentialAction":[{"@type":"CommentAction","name":"Comment","target":["https:\/\/www.globalafricasciences.org\/fr\/lafrique-face-au-vieillissement-annonce-de-sa-population\/#respond"]}]},{"@type":"WebPage","@id":"https:\/\/www.globalafricasciences.org\/fr\/lafrique-face-au-vieillissement-annonce-de-sa-population\/","url":"https:\/\/www.globalafricasciences.org\/fr\/lafrique-face-au-vieillissement-annonce-de-sa-population\/","name":"L'Afrique Face au Vieillissement Annonc\u00e9 de sa Population | Global Africa","isPartOf":{"@id":"https:\/\/www.globalafricasciences.org\/fr\/#website"},"primaryImageOfPage":{"@id":"https:\/\/www.globalafricasciences.org\/fr\/lafrique-face-au-vieillissement-annonce-de-sa-population\/#primaryimage"},"image":{"@id":"https:\/\/www.globalafricasciences.org\/fr\/lafrique-face-au-vieillissement-annonce-de-sa-population\/#primaryimage"},"thumbnailUrl":"https:\/\/www.globalafricasciences.org\/wp-content\/uploads\/2025\/02\/Africa-Confronting-the-Anticipated-Aging-of-Its-Population-.avif","datePublished":"2025-02-25T12:23:06+00:00","dateModified":"2025-07-03T17:10:04+00:00","description":"Vieillissement en Afrique : l\u2019AFD organise un webinaire sur les d\u00e9fis d\u00e9mographiques, les politiques publiques et la protection sociale des seniors.","breadcrumb":{"@id":"https:\/\/www.globalafricasciences.org\/fr\/lafrique-face-au-vieillissement-annonce-de-sa-population\/#breadcrumb"},"inLanguage":"fr-FR","potentialAction":[{"@type":"ReadAction","target":["https:\/\/www.globalafricasciences.org\/fr\/lafrique-face-au-vieillissement-annonce-de-sa-population\/"]}]},{"@type":"ImageObject","inLanguage":"fr-FR","@id":"https:\/\/www.globalafricasciences.org\/fr\/lafrique-face-au-vieillissement-annonce-de-sa-population\/#primaryimage","url":"https:\/\/www.globalafricasciences.org\/wp-content\/uploads\/2025\/02\/Africa-Confronting-the-Anticipated-Aging-of-Its-Population-.avif","contentUrl":"https:\/\/www.globalafricasciences.org\/wp-content\/uploads\/2025\/02\/Africa-Confronting-the-Anticipated-Aging-of-Its-Population-.avif","width":1480,"height":660},{"@type":"BreadcrumbList","@id":"https:\/\/www.globalafricasciences.org\/fr\/lafrique-face-au-vieillissement-annonce-de-sa-population\/#breadcrumb","itemListElement":[{"@type":"ListItem","position":1,"name":"Home","item":"https:\/\/www.globalafricasciences.org\/fr\/accueil\/"},{"@type":"ListItem","position":2,"name":"L&#8217;Afrique Face au Vieillissement Annonc\u00e9 de sa Population"}]},{"@type":"WebSite","@id":"https:\/\/www.globalafricasciences.org\/fr\/#website","url":"https:\/\/www.globalafricasciences.org\/fr\/","name":"Global Africa","description":"Pan-African Scientific Journal","publisher":{"@id":"https:\/\/www.globalafricasciences.org\/fr\/#organization"},"potentialAction":[{"@type":"SearchAction","target":{"@type":"EntryPoint","urlTemplate":"https:\/\/www.globalafricasciences.org\/fr\/?s={search_term_string}"},"query-input":{"@type":"PropertyValueSpecification","valueRequired":true,"valueName":"search_term_string"}}],"inLanguage":"fr-FR"},{"@type":"Organization","@id":"https:\/\/www.globalafricasciences.org\/fr\/#organization","name":"Global Africa","url":"https:\/\/www.globalafricasciences.org\/fr\/","logo":{"@type":"ImageObject","inLanguage":"fr-FR","@id":"https:\/\/www.globalafricasciences.org\/fr\/#\/schema\/logo\/image\/","url":"https:\/\/www.globalafricasciences.org\/wp-content\/uploads\/2024\/12\/Globalafrica.png","contentUrl":"https:\/\/www.globalafricasciences.org\/wp-content\/uploads\/2024\/12\/Globalafrica.png","width":1680,"height":750,"caption":"Global Africa"},"image":{"@id":"https:\/\/www.globalafricasciences.org\/fr\/#\/schema\/logo\/image\/"},"sameAs":["https:\/\/www.facebook.com\/globalafricasciences"]},{"@type":"Person","@id":"https:\/\/www.globalafricasciences.org\/fr\/#\/schema\/person\/8c11b55a8c7d287934a558c0e354b773","name":"Global Africa","image":{"@type":"ImageObject","inLanguage":"fr-FR","@id":"https:\/\/www.globalafricasciences.org\/wp-content\/uploads\/2024\/11\/Global-Africa.jpgd44bc09810f00cf464135b8441da2384","url":"https:\/\/www.globalafricasciences.org\/wp-content\/uploads\/2024\/11\/Global-Africa.jpg","contentUrl":"https:\/\/www.globalafricasciences.org\/wp-content\/uploads\/2024\/11\/Global-Africa.jpg","caption":"Global Africa"},"description":"The editorial board of the journal is led by Mame-Penda Ba, a professor of political science at Gaston Berger University and the director of LASPAD(Laboratory of Social, Political, and Administrative Studies), Senegal.","url":"https:\/\/www.globalafricasciences.org\/author\/globalafrica\/"}]}},"acf":[],"authors":[{"term_id":265,"user_id":0,"is_guest":1,"slug":"global-africa","display_name":"Global Africa","avatar_url":{"url":"https:\/\/www.globalafricasciences.org\/wp-content\/uploads\/2024\/11\/Global-Africa.jpg","url2x":"https:\/\/www.globalafricasciences.org\/wp-content\/uploads\/2024\/11\/Global-Africa.jpg"},"author_category":"1","exclude_author":"","main-organisation":"Universit\u00e9 Gaston Berger","country_of_org":"S\u00e9n\u00e9gal","field_of_work":"Sciences sociales","first_name":"","last_name":"","user_url":"","job_title":"","description":"<div id=\"comp-lmq9yt56\" class=\"HcOXKn c9GqVL QxJLC3 lq2cno YQcXTT comp-lmq9yt56 wixui-rich-text\" data-testid=\"richTextElement\">\r\n<p class=\"font_8 wixui-rich-text__text\">La r\u00e9daction de la revue est dirig\u00e9e par Mame-Penda Ba, professeure de sciences politiques \u00e0 l'Universit\u00e9 Gaston Berger et directrice du LASPAD, S\u00e9n\u00e9gal<\/p>\r\n\r\n<\/div>"}],"_links":{"self":[{"href":"https:\/\/www.globalafricasciences.org\/fr\/wp-json\/wp\/v2\/posts\/8772","targetHints":{"allow":["GET"]}}],"collection":[{"href":"https:\/\/www.globalafricasciences.org\/fr\/wp-json\/wp\/v2\/posts"}],"about":[{"href":"https:\/\/www.globalafricasciences.org\/fr\/wp-json\/wp\/v2\/types\/post"}],"author":[{"embeddable":true,"href":"https:\/\/www.globalafricasciences.org\/fr\/wp-json\/wp\/v2\/users\/50"}],"replies":[{"embeddable":true,"href":"https:\/\/www.globalafricasciences.org\/fr\/wp-json\/wp\/v2\/comments?post=8772"}],"version-history":[{"count":0,"href":"https:\/\/www.globalafricasciences.org\/fr\/wp-json\/wp\/v2\/posts\/8772\/revisions"}],"wp:featuredmedia":[{"embeddable":true,"href":"https:\/\/www.globalafricasciences.org\/fr\/wp-json\/wp\/v2\/media\/8769"}],"wp:attachment":[{"href":"https:\/\/www.globalafricasciences.org\/fr\/wp-json\/wp\/v2\/media?parent=8772"}],"wp:term":[{"taxonomy":"category","embeddable":true,"href":"https:\/\/www.globalafricasciences.org\/fr\/wp-json\/wp\/v2\/categories?post=8772"},{"taxonomy":"post_tag","embeddable":true,"href":"https:\/\/www.globalafricasciences.org\/fr\/wp-json\/wp\/v2\/tags?post=8772"},{"taxonomy":"issues3","embeddable":true,"href":"https:\/\/www.globalafricasciences.org\/fr\/wp-json\/wp\/v2\/issues3?post=8772"},{"taxonomy":"post_folder","embeddable":true,"href":"https:\/\/www.globalafricasciences.org\/fr\/wp-json\/wp\/v2\/post_folder?post=8772"},{"taxonomy":"author","embeddable":true,"href":"https:\/\/www.globalafricasciences.org\/fr\/wp-json\/wp\/v2\/ppma_author?post=8772"}],"curies":[{"name":"wp","href":"https:\/\/api.w.org\/{rel}","templated":true}]}}