{"id":8723,"date":"2025-02-25T10:51:34","date_gmt":"2025-02-25T10:51:34","guid":{"rendered":"https:\/\/www.globalafricasciences.org\/actualites\/congres-litteratures-africaines-et-ecologie-universite-cheikh-anta-diop-dakar-2-3-et-4-novembre\/"},"modified":"2025-07-04T10:50:56","modified_gmt":"2025-07-04T10:50:56","slug":"congres-litteratures-africaines-et-ecologie-universite-cheikh-anta-diop-dakar-2-3-et-4-novembre","status":"publish","type":"post","link":"https:\/\/www.globalafricasciences.org\/fr\/congres-litteratures-africaines-et-ecologie-universite-cheikh-anta-diop-dakar-2-3-et-4-novembre\/","title":{"rendered":"Congr\u00e8s Litt\u00e9ratures Africaines et \u00c9cologie, Universit\u00e9 Cheikh Anta Diop (Dakar), 2, 3 et 4 novembre"},"content":{"rendered":"\n<p id=\"viewer-foo\">Les questions environnementales sont un enjeu discret mais persistant du d\u00e9veloppement des litt\u00e9ratures africaines depuis le d\u00e9but de l\u2019\u00e9poque coloniale. Les menaces \u00e9cologiques qui p\u00e8sent sur le continent, \u00e0 la suite du r\u00e9chauffement climatique, des pr\u00e9dations extractivistes ainsi que des cons\u00e9quences des conflits arm\u00e9s, trouvent des r\u00e9percussions fortes sur le plan litt\u00e9raire. Il s\u2019agira au cours de ce congr\u00e8s, qui se d\u00e9roulera pour la premi\u00e8re fois depuis la cr\u00e9ation de l\u2019APELA (association pour l\u2019\u00e9tude des litt\u00e9ratures africaines) \u00e0 sur le continent africain, de montrer la pertinence des pr\u00e9occupations environnementalistes des litt\u00e9ratures africaines en lien avec les grands d\u00e9fis contemporains \u00e0 l\u2019\u00e9chelle mondiale.<\/p>\n\n<p id=\"viewer-cb91\"><strong>Pour plus d&rsquo;informations : <\/strong><a target=\"_blank\" href=\"http:\/\/www.apela.fr\/2021\/11\/15\/litteratures-africaines-et-ecologie\/\" rel=\"noreferrer noopener\"><strong>http:\/\/www.apela.fr\/2021\/11\/15\/litteratures-africaines-et-ecologie\/<\/strong><\/a><\/p>\n\n<figure class=\"wp-block-image size-full\"><img fetchpriority=\"high\" decoding=\"async\" width=\"1174\" height=\"246\" src=\"https:\/\/www.globalafricasciences.org\/wp-content\/uploads\/2025\/02\/African-Literatures-and-Ecology-Congress-Cheikh-Anta-Diop-University-Dakar-November-2nd-3rd.-.avif\" alt=\"\" class=\"wp-image-8719\"\/><\/figure>\n","protected":false},"excerpt":{"rendered":"<p>Les questions environnementales sont un enjeu discret mais persistant du d\u00e9veloppement des litt\u00e9ratures africaines depuis le d\u00e9but de l\u2019\u00e9poque coloniale. Les menaces \u00e9cologiques qui p\u00e8sent sur le continent, \u00e0 la suite du r\u00e9chauffement climatique, des pr\u00e9dations extractivistes ainsi que des cons\u00e9quences des conflits arm\u00e9s, trouvent des r\u00e9percussions fortes sur le plan litt\u00e9raire. Il s\u2019agira au cours de ce congr\u00e8s, qui se d\u00e9roulera pour la premi\u00e8re fois depuis la cr\u00e9ation de l\u2019APELA (association pour l\u2019\u00e9tude des litt\u00e9ratures africaines) \u00e0 sur le continent africain, de montrer la pertinence des pr\u00e9occupations environnementalistes des litt\u00e9ratures africaines en lien avec les grands d\u00e9fis contemporains \u00e0 l\u2019\u00e9chelle mondiale. Pour plus d&rsquo;informations : http:\/\/www.apela.fr\/2021\/11\/15\/litteratures-africaines-et-ecologie\/<\/p>\n","protected":false},"author":50,"featured_media":8720,"comment_status":"open","ping_status":"open","sticky":false,"template":"","format":"standard","meta":{"footnotes":""},"categories":[181],"tags":[],"issues3":[],"post_folder":[],"ppma_author":[265],"class_list":["post-8723","post","type-post","status-publish","format-standard","has-post-thumbnail","hentry","category-participations-fr","author-global-africa"],"yoast_head":"<!-- This site is optimized with the Yoast SEO plugin v27.5 - https:\/\/yoast.com\/product\/yoast-seo-wordpress\/ -->\n<title>Congr\u00e8s Litt\u00e9ratures Africaines et \u00c9cologie, Universit\u00e9 Cheikh Anta Diop (Dakar), 2, 3 et 4 novembre | Global Africa<\/title>\n<meta name=\"description\" content=\"Participez au congr\u00e8s &quot;Litt\u00e9ratures africaines et \u00e9cologie&quot; \u00e0 l&#039;UCAD (Dakar) les 2 et 3 novembre : explorez les enjeux environnementaux dans les r\u00e9cits africains contemporains.\" \/>\n<meta name=\"robots\" content=\"index, follow, max-snippet:-1, max-image-preview:large, max-video-preview:-1\" \/>\n<link rel=\"canonical\" href=\"https:\/\/www.globalafricasciences.org\/fr\/congres-litteratures-africaines-et-ecologie-universite-cheikh-anta-diop-dakar-2-3-et-4-novembre\/\" \/>\n<meta property=\"og:locale\" content=\"fr_FR\" \/>\n<meta property=\"og:type\" content=\"article\" \/>\n<meta property=\"og:title\" content=\"Congr\u00e8s Litt\u00e9ratures Africaines et \u00c9cologie, Universit\u00e9 Cheikh Anta Diop (Dakar), 2, 3 et 4 novembre | Global Africa\" \/>\n<meta property=\"og:description\" content=\"Participez au congr\u00e8s &quot;Litt\u00e9ratures africaines et \u00e9cologie&quot; \u00e0 l&#039;UCAD (Dakar) les 2 et 3 novembre : explorez les enjeux environnementaux dans les r\u00e9cits africains contemporains.\" \/>\n<meta property=\"og:url\" content=\"https:\/\/www.globalafricasciences.org\/fr\/congres-litteratures-africaines-et-ecologie-universite-cheikh-anta-diop-dakar-2-3-et-4-novembre\/\" \/>\n<meta property=\"og:site_name\" content=\"Global Africa\" \/>\n<meta property=\"article:publisher\" content=\"https:\/\/www.facebook.com\/globalafricasciences\" \/>\n<meta property=\"article:published_time\" content=\"2025-02-25T10:51:34+00:00\" \/>\n<meta property=\"article:modified_time\" content=\"2025-07-04T10:50:56+00:00\" \/>\n<meta name=\"author\" content=\"Global Africa\" \/>\n<meta name=\"twitter:card\" content=\"summary_large_image\" \/>\n<meta name=\"twitter:label1\" content=\"\u00c9crit par\" \/>\n\t<meta name=\"twitter:data1\" content=\"Global Africa\" \/>\n\t<meta name=\"twitter:label2\" content=\"Dur\u00e9e de lecture estim\u00e9e\" \/>\n\t<meta name=\"twitter:data2\" content=\"1 minute\" \/>\n<script type=\"application\/ld+json\" class=\"yoast-schema-graph\">{\"@context\":\"https:\\\/\\\/schema.org\",\"@graph\":[{\"@type\":\"Article\",\"@id\":\"https:\\\/\\\/www.globalafricasciences.org\\\/fr\\\/congres-litteratures-africaines-et-ecologie-universite-cheikh-anta-diop-dakar-2-3-et-4-novembre\\\/#article\",\"isPartOf\":{\"@id\":\"https:\\\/\\\/www.globalafricasciences.org\\\/fr\\\/congres-litteratures-africaines-et-ecologie-universite-cheikh-anta-diop-dakar-2-3-et-4-novembre\\\/\"},\"author\":{\"name\":\"Global Africa\",\"@id\":\"https:\\\/\\\/www.globalafricasciences.org\\\/fr\\\/#\\\/schema\\\/person\\\/8c11b55a8c7d287934a558c0e354b773\"},\"headline\":\"Congr\u00e8s Litt\u00e9ratures Africaines et \u00c9cologie, Universit\u00e9 Cheikh Anta Diop (Dakar), 2, 3 et 4 novembre\",\"datePublished\":\"2025-02-25T10:51:34+00:00\",\"dateModified\":\"2025-07-04T10:50:56+00:00\",\"mainEntityOfPage\":{\"@id\":\"https:\\\/\\\/www.globalafricasciences.org\\\/fr\\\/congres-litteratures-africaines-et-ecologie-universite-cheikh-anta-diop-dakar-2-3-et-4-novembre\\\/\"},\"wordCount\":145,\"commentCount\":0,\"publisher\":{\"@id\":\"https:\\\/\\\/www.globalafricasciences.org\\\/fr\\\/#organization\"},\"image\":{\"@id\":\"https:\\\/\\\/www.globalafricasciences.org\\\/fr\\\/congres-litteratures-africaines-et-ecologie-universite-cheikh-anta-diop-dakar-2-3-et-4-novembre\\\/#primaryimage\"},\"thumbnailUrl\":\"https:\\\/\\\/www.globalafricasciences.org\\\/wp-content\\\/uploads\\\/2025\\\/02\\\/African-Literatures-and-Ecology-Congress-Cheikh-Anta-Diop-University-Dakar-November-2nd-3rd.-.avif\",\"articleSection\":[\"Participations\"],\"inLanguage\":\"fr-FR\",\"potentialAction\":[{\"@type\":\"CommentAction\",\"name\":\"Comment\",\"target\":[\"https:\\\/\\\/www.globalafricasciences.org\\\/fr\\\/congres-litteratures-africaines-et-ecologie-universite-cheikh-anta-diop-dakar-2-3-et-4-novembre\\\/#respond\"]}]},{\"@type\":\"WebPage\",\"@id\":\"https:\\\/\\\/www.globalafricasciences.org\\\/fr\\\/congres-litteratures-africaines-et-ecologie-universite-cheikh-anta-diop-dakar-2-3-et-4-novembre\\\/\",\"url\":\"https:\\\/\\\/www.globalafricasciences.org\\\/fr\\\/congres-litteratures-africaines-et-ecologie-universite-cheikh-anta-diop-dakar-2-3-et-4-novembre\\\/\",\"name\":\"Congr\u00e8s Litt\u00e9ratures Africaines et \u00c9cologie, Universit\u00e9 Cheikh Anta Diop (Dakar), 2, 3 et 4 novembre | Global Africa\",\"isPartOf\":{\"@id\":\"https:\\\/\\\/www.globalafricasciences.org\\\/fr\\\/#website\"},\"primaryImageOfPage\":{\"@id\":\"https:\\\/\\\/www.globalafricasciences.org\\\/fr\\\/congres-litteratures-africaines-et-ecologie-universite-cheikh-anta-diop-dakar-2-3-et-4-novembre\\\/#primaryimage\"},\"image\":{\"@id\":\"https:\\\/\\\/www.globalafricasciences.org\\\/fr\\\/congres-litteratures-africaines-et-ecologie-universite-cheikh-anta-diop-dakar-2-3-et-4-novembre\\\/#primaryimage\"},\"thumbnailUrl\":\"https:\\\/\\\/www.globalafricasciences.org\\\/wp-content\\\/uploads\\\/2025\\\/02\\\/African-Literatures-and-Ecology-Congress-Cheikh-Anta-Diop-University-Dakar-November-2nd-3rd.-.avif\",\"datePublished\":\"2025-02-25T10:51:34+00:00\",\"dateModified\":\"2025-07-04T10:50:56+00:00\",\"description\":\"Participez au congr\u00e8s \\\"Litt\u00e9ratures africaines et \u00e9cologie\\\" \u00e0 l'UCAD (Dakar) les 2 et 3 novembre : explorez les enjeux environnementaux dans les r\u00e9cits africains contemporains.\",\"breadcrumb\":{\"@id\":\"https:\\\/\\\/www.globalafricasciences.org\\\/fr\\\/congres-litteratures-africaines-et-ecologie-universite-cheikh-anta-diop-dakar-2-3-et-4-novembre\\\/#breadcrumb\"},\"inLanguage\":\"fr-FR\",\"potentialAction\":[{\"@type\":\"ReadAction\",\"target\":[\"https:\\\/\\\/www.globalafricasciences.org\\\/fr\\\/congres-litteratures-africaines-et-ecologie-universite-cheikh-anta-diop-dakar-2-3-et-4-novembre\\\/\"]}]},{\"@type\":\"ImageObject\",\"inLanguage\":\"fr-FR\",\"@id\":\"https:\\\/\\\/www.globalafricasciences.org\\\/fr\\\/congres-litteratures-africaines-et-ecologie-universite-cheikh-anta-diop-dakar-2-3-et-4-novembre\\\/#primaryimage\",\"url\":\"https:\\\/\\\/www.globalafricasciences.org\\\/wp-content\\\/uploads\\\/2025\\\/02\\\/African-Literatures-and-Ecology-Congress-Cheikh-Anta-Diop-University-Dakar-November-2nd-3rd.-.avif\",\"contentUrl\":\"https:\\\/\\\/www.globalafricasciences.org\\\/wp-content\\\/uploads\\\/2025\\\/02\\\/African-Literatures-and-Ecology-Congress-Cheikh-Anta-Diop-University-Dakar-November-2nd-3rd.-.avif\",\"width\":1174,\"height\":246},{\"@type\":\"BreadcrumbList\",\"@id\":\"https:\\\/\\\/www.globalafricasciences.org\\\/fr\\\/congres-litteratures-africaines-et-ecologie-universite-cheikh-anta-diop-dakar-2-3-et-4-novembre\\\/#breadcrumb\",\"itemListElement\":[{\"@type\":\"ListItem\",\"position\":1,\"name\":\"Home\",\"item\":\"https:\\\/\\\/www.globalafricasciences.org\\\/fr\\\/accueil\\\/\"},{\"@type\":\"ListItem\",\"position\":2,\"name\":\"Congr\u00e8s Litt\u00e9ratures Africaines et \u00c9cologie, Universit\u00e9 Cheikh Anta Diop (Dakar), 2, 3 et 4 novembre\"}]},{\"@type\":\"WebSite\",\"@id\":\"https:\\\/\\\/www.globalafricasciences.org\\\/fr\\\/#website\",\"url\":\"https:\\\/\\\/www.globalafricasciences.org\\\/fr\\\/\",\"name\":\"Global Africa\",\"description\":\"Pan-African Scientific Journal\",\"publisher\":{\"@id\":\"https:\\\/\\\/www.globalafricasciences.org\\\/fr\\\/#organization\"},\"potentialAction\":[{\"@type\":\"SearchAction\",\"target\":{\"@type\":\"EntryPoint\",\"urlTemplate\":\"https:\\\/\\\/www.globalafricasciences.org\\\/fr\\\/?s={search_term_string}\"},\"query-input\":{\"@type\":\"PropertyValueSpecification\",\"valueRequired\":true,\"valueName\":\"search_term_string\"}}],\"inLanguage\":\"fr-FR\"},{\"@type\":\"Organization\",\"@id\":\"https:\\\/\\\/www.globalafricasciences.org\\\/fr\\\/#organization\",\"name\":\"Global Africa\",\"url\":\"https:\\\/\\\/www.globalafricasciences.org\\\/fr\\\/\",\"logo\":{\"@type\":\"ImageObject\",\"inLanguage\":\"fr-FR\",\"@id\":\"https:\\\/\\\/www.globalafricasciences.org\\\/fr\\\/#\\\/schema\\\/logo\\\/image\\\/\",\"url\":\"https:\\\/\\\/www.globalafricasciences.org\\\/wp-content\\\/uploads\\\/2024\\\/12\\\/Globalafrica.png\",\"contentUrl\":\"https:\\\/\\\/www.globalafricasciences.org\\\/wp-content\\\/uploads\\\/2024\\\/12\\\/Globalafrica.png\",\"width\":1680,\"height\":750,\"caption\":\"Global Africa\"},\"image\":{\"@id\":\"https:\\\/\\\/www.globalafricasciences.org\\\/fr\\\/#\\\/schema\\\/logo\\\/image\\\/\"},\"sameAs\":[\"https:\\\/\\\/www.facebook.com\\\/globalafricasciences\"]},{\"@type\":\"Person\",\"@id\":\"https:\\\/\\\/www.globalafricasciences.org\\\/fr\\\/#\\\/schema\\\/person\\\/8c11b55a8c7d287934a558c0e354b773\",\"name\":\"Global Africa\",\"image\":{\"@type\":\"ImageObject\",\"inLanguage\":\"fr-FR\",\"@id\":\"https:\\\/\\\/www.globalafricasciences.org\\\/wp-content\\\/uploads\\\/2024\\\/11\\\/Global-Africa.jpgd44bc09810f00cf464135b8441da2384\",\"url\":\"https:\\\/\\\/www.globalafricasciences.org\\\/wp-content\\\/uploads\\\/2024\\\/11\\\/Global-Africa.jpg\",\"contentUrl\":\"https:\\\/\\\/www.globalafricasciences.org\\\/wp-content\\\/uploads\\\/2024\\\/11\\\/Global-Africa.jpg\",\"caption\":\"Global Africa\"},\"description\":\"The editorial board of the journal is led by Mame-Penda Ba, a professor of political science at Gaston Berger University and the director of LASPAD(Laboratory of Social, Political, and Administrative Studies), Senegal.\",\"url\":\"https:\\\/\\\/www.globalafricasciences.org\\\/author\\\/globalafrica\\\/\"}]}<\/script>\n<!-- \/ Yoast SEO plugin. -->","yoast_head_json":{"title":"Congr\u00e8s Litt\u00e9ratures Africaines et \u00c9cologie, Universit\u00e9 Cheikh Anta Diop (Dakar), 2, 3 et 4 novembre | Global Africa","description":"Participez au congr\u00e8s \"Litt\u00e9ratures africaines et \u00e9cologie\" \u00e0 l'UCAD (Dakar) les 2 et 3 novembre : explorez les enjeux environnementaux dans les r\u00e9cits africains contemporains.","robots":{"index":"index","follow":"follow","max-snippet":"max-snippet:-1","max-image-preview":"max-image-preview:large","max-video-preview":"max-video-preview:-1"},"canonical":"https:\/\/www.globalafricasciences.org\/fr\/congres-litteratures-africaines-et-ecologie-universite-cheikh-anta-diop-dakar-2-3-et-4-novembre\/","og_locale":"fr_FR","og_type":"article","og_title":"Congr\u00e8s Litt\u00e9ratures Africaines et \u00c9cologie, Universit\u00e9 Cheikh Anta Diop (Dakar), 2, 3 et 4 novembre | Global Africa","og_description":"Participez au congr\u00e8s \"Litt\u00e9ratures africaines et \u00e9cologie\" \u00e0 l'UCAD (Dakar) les 2 et 3 novembre : explorez les enjeux environnementaux dans les r\u00e9cits africains contemporains.","og_url":"https:\/\/www.globalafricasciences.org\/fr\/congres-litteratures-africaines-et-ecologie-universite-cheikh-anta-diop-dakar-2-3-et-4-novembre\/","og_site_name":"Global Africa","article_publisher":"https:\/\/www.facebook.com\/globalafricasciences","article_published_time":"2025-02-25T10:51:34+00:00","article_modified_time":"2025-07-04T10:50:56+00:00","author":"Global Africa","twitter_card":"summary_large_image","twitter_misc":{"\u00c9crit par":"Global Africa","Dur\u00e9e de lecture estim\u00e9e":"1 minute"},"schema":{"@context":"https:\/\/schema.org","@graph":[{"@type":"Article","@id":"https:\/\/www.globalafricasciences.org\/fr\/congres-litteratures-africaines-et-ecologie-universite-cheikh-anta-diop-dakar-2-3-et-4-novembre\/#article","isPartOf":{"@id":"https:\/\/www.globalafricasciences.org\/fr\/congres-litteratures-africaines-et-ecologie-universite-cheikh-anta-diop-dakar-2-3-et-4-novembre\/"},"author":{"name":"Global Africa","@id":"https:\/\/www.globalafricasciences.org\/fr\/#\/schema\/person\/8c11b55a8c7d287934a558c0e354b773"},"headline":"Congr\u00e8s Litt\u00e9ratures Africaines et \u00c9cologie, Universit\u00e9 Cheikh Anta Diop (Dakar), 2, 3 et 4 novembre","datePublished":"2025-02-25T10:51:34+00:00","dateModified":"2025-07-04T10:50:56+00:00","mainEntityOfPage":{"@id":"https:\/\/www.globalafricasciences.org\/fr\/congres-litteratures-africaines-et-ecologie-universite-cheikh-anta-diop-dakar-2-3-et-4-novembre\/"},"wordCount":145,"commentCount":0,"publisher":{"@id":"https:\/\/www.globalafricasciences.org\/fr\/#organization"},"image":{"@id":"https:\/\/www.globalafricasciences.org\/fr\/congres-litteratures-africaines-et-ecologie-universite-cheikh-anta-diop-dakar-2-3-et-4-novembre\/#primaryimage"},"thumbnailUrl":"https:\/\/www.globalafricasciences.org\/wp-content\/uploads\/2025\/02\/African-Literatures-and-Ecology-Congress-Cheikh-Anta-Diop-University-Dakar-November-2nd-3rd.-.avif","articleSection":["Participations"],"inLanguage":"fr-FR","potentialAction":[{"@type":"CommentAction","name":"Comment","target":["https:\/\/www.globalafricasciences.org\/fr\/congres-litteratures-africaines-et-ecologie-universite-cheikh-anta-diop-dakar-2-3-et-4-novembre\/#respond"]}]},{"@type":"WebPage","@id":"https:\/\/www.globalafricasciences.org\/fr\/congres-litteratures-africaines-et-ecologie-universite-cheikh-anta-diop-dakar-2-3-et-4-novembre\/","url":"https:\/\/www.globalafricasciences.org\/fr\/congres-litteratures-africaines-et-ecologie-universite-cheikh-anta-diop-dakar-2-3-et-4-novembre\/","name":"Congr\u00e8s Litt\u00e9ratures Africaines et \u00c9cologie, Universit\u00e9 Cheikh Anta Diop (Dakar), 2, 3 et 4 novembre | Global Africa","isPartOf":{"@id":"https:\/\/www.globalafricasciences.org\/fr\/#website"},"primaryImageOfPage":{"@id":"https:\/\/www.globalafricasciences.org\/fr\/congres-litteratures-africaines-et-ecologie-universite-cheikh-anta-diop-dakar-2-3-et-4-novembre\/#primaryimage"},"image":{"@id":"https:\/\/www.globalafricasciences.org\/fr\/congres-litteratures-africaines-et-ecologie-universite-cheikh-anta-diop-dakar-2-3-et-4-novembre\/#primaryimage"},"thumbnailUrl":"https:\/\/www.globalafricasciences.org\/wp-content\/uploads\/2025\/02\/African-Literatures-and-Ecology-Congress-Cheikh-Anta-Diop-University-Dakar-November-2nd-3rd.-.avif","datePublished":"2025-02-25T10:51:34+00:00","dateModified":"2025-07-04T10:50:56+00:00","description":"Participez au congr\u00e8s \"Litt\u00e9ratures africaines et \u00e9cologie\" \u00e0 l'UCAD (Dakar) les 2 et 3 novembre : explorez les enjeux environnementaux dans les r\u00e9cits africains contemporains.","breadcrumb":{"@id":"https:\/\/www.globalafricasciences.org\/fr\/congres-litteratures-africaines-et-ecologie-universite-cheikh-anta-diop-dakar-2-3-et-4-novembre\/#breadcrumb"},"inLanguage":"fr-FR","potentialAction":[{"@type":"ReadAction","target":["https:\/\/www.globalafricasciences.org\/fr\/congres-litteratures-africaines-et-ecologie-universite-cheikh-anta-diop-dakar-2-3-et-4-novembre\/"]}]},{"@type":"ImageObject","inLanguage":"fr-FR","@id":"https:\/\/www.globalafricasciences.org\/fr\/congres-litteratures-africaines-et-ecologie-universite-cheikh-anta-diop-dakar-2-3-et-4-novembre\/#primaryimage","url":"https:\/\/www.globalafricasciences.org\/wp-content\/uploads\/2025\/02\/African-Literatures-and-Ecology-Congress-Cheikh-Anta-Diop-University-Dakar-November-2nd-3rd.-.avif","contentUrl":"https:\/\/www.globalafricasciences.org\/wp-content\/uploads\/2025\/02\/African-Literatures-and-Ecology-Congress-Cheikh-Anta-Diop-University-Dakar-November-2nd-3rd.-.avif","width":1174,"height":246},{"@type":"BreadcrumbList","@id":"https:\/\/www.globalafricasciences.org\/fr\/congres-litteratures-africaines-et-ecologie-universite-cheikh-anta-diop-dakar-2-3-et-4-novembre\/#breadcrumb","itemListElement":[{"@type":"ListItem","position":1,"name":"Home","item":"https:\/\/www.globalafricasciences.org\/fr\/accueil\/"},{"@type":"ListItem","position":2,"name":"Congr\u00e8s Litt\u00e9ratures Africaines et \u00c9cologie, Universit\u00e9 Cheikh Anta Diop (Dakar), 2, 3 et 4 novembre"}]},{"@type":"WebSite","@id":"https:\/\/www.globalafricasciences.org\/fr\/#website","url":"https:\/\/www.globalafricasciences.org\/fr\/","name":"Global Africa","description":"Pan-African Scientific Journal","publisher":{"@id":"https:\/\/www.globalafricasciences.org\/fr\/#organization"},"potentialAction":[{"@type":"SearchAction","target":{"@type":"EntryPoint","urlTemplate":"https:\/\/www.globalafricasciences.org\/fr\/?s={search_term_string}"},"query-input":{"@type":"PropertyValueSpecification","valueRequired":true,"valueName":"search_term_string"}}],"inLanguage":"fr-FR"},{"@type":"Organization","@id":"https:\/\/www.globalafricasciences.org\/fr\/#organization","name":"Global Africa","url":"https:\/\/www.globalafricasciences.org\/fr\/","logo":{"@type":"ImageObject","inLanguage":"fr-FR","@id":"https:\/\/www.globalafricasciences.org\/fr\/#\/schema\/logo\/image\/","url":"https:\/\/www.globalafricasciences.org\/wp-content\/uploads\/2024\/12\/Globalafrica.png","contentUrl":"https:\/\/www.globalafricasciences.org\/wp-content\/uploads\/2024\/12\/Globalafrica.png","width":1680,"height":750,"caption":"Global Africa"},"image":{"@id":"https:\/\/www.globalafricasciences.org\/fr\/#\/schema\/logo\/image\/"},"sameAs":["https:\/\/www.facebook.com\/globalafricasciences"]},{"@type":"Person","@id":"https:\/\/www.globalafricasciences.org\/fr\/#\/schema\/person\/8c11b55a8c7d287934a558c0e354b773","name":"Global Africa","image":{"@type":"ImageObject","inLanguage":"fr-FR","@id":"https:\/\/www.globalafricasciences.org\/wp-content\/uploads\/2024\/11\/Global-Africa.jpgd44bc09810f00cf464135b8441da2384","url":"https:\/\/www.globalafricasciences.org\/wp-content\/uploads\/2024\/11\/Global-Africa.jpg","contentUrl":"https:\/\/www.globalafricasciences.org\/wp-content\/uploads\/2024\/11\/Global-Africa.jpg","caption":"Global Africa"},"description":"The editorial board of the journal is led by Mame-Penda Ba, a professor of political science at Gaston Berger University and the director of LASPAD(Laboratory of Social, Political, and Administrative Studies), Senegal.","url":"https:\/\/www.globalafricasciences.org\/author\/globalafrica\/"}]}},"acf":[],"authors":[{"term_id":265,"user_id":0,"is_guest":1,"slug":"global-africa","display_name":"Global Africa","avatar_url":{"url":"https:\/\/www.globalafricasciences.org\/wp-content\/uploads\/2024\/11\/Global-Africa.jpg","url2x":"https:\/\/www.globalafricasciences.org\/wp-content\/uploads\/2024\/11\/Global-Africa.jpg"},"author_category":"1","exclude_author":"","main-organisation":"Universit\u00e9 Gaston Berger","country_of_org":"S\u00e9n\u00e9gal","field_of_work":"Sciences sociales","first_name":"","last_name":"","user_url":"","job_title":"","description":"<div id=\"comp-lmq9yt56\" class=\"HcOXKn c9GqVL QxJLC3 lq2cno YQcXTT comp-lmq9yt56 wixui-rich-text\" data-testid=\"richTextElement\">\r\n<p class=\"font_8 wixui-rich-text__text\">La r\u00e9daction de la revue est dirig\u00e9e par Mame-Penda Ba, professeure de sciences politiques \u00e0 l'Universit\u00e9 Gaston Berger et directrice du LASPAD, S\u00e9n\u00e9gal<\/p>\r\n\r\n<\/div>"}],"_links":{"self":[{"href":"https:\/\/www.globalafricasciences.org\/fr\/wp-json\/wp\/v2\/posts\/8723","targetHints":{"allow":["GET"]}}],"collection":[{"href":"https:\/\/www.globalafricasciences.org\/fr\/wp-json\/wp\/v2\/posts"}],"about":[{"href":"https:\/\/www.globalafricasciences.org\/fr\/wp-json\/wp\/v2\/types\/post"}],"author":[{"embeddable":true,"href":"https:\/\/www.globalafricasciences.org\/fr\/wp-json\/wp\/v2\/users\/50"}],"replies":[{"embeddable":true,"href":"https:\/\/www.globalafricasciences.org\/fr\/wp-json\/wp\/v2\/comments?post=8723"}],"version-history":[{"count":0,"href":"https:\/\/www.globalafricasciences.org\/fr\/wp-json\/wp\/v2\/posts\/8723\/revisions"}],"wp:featuredmedia":[{"embeddable":true,"href":"https:\/\/www.globalafricasciences.org\/fr\/wp-json\/wp\/v2\/media\/8720"}],"wp:attachment":[{"href":"https:\/\/www.globalafricasciences.org\/fr\/wp-json\/wp\/v2\/media?parent=8723"}],"wp:term":[{"taxonomy":"category","embeddable":true,"href":"https:\/\/www.globalafricasciences.org\/fr\/wp-json\/wp\/v2\/categories?post=8723"},{"taxonomy":"post_tag","embeddable":true,"href":"https:\/\/www.globalafricasciences.org\/fr\/wp-json\/wp\/v2\/tags?post=8723"},{"taxonomy":"issues3","embeddable":true,"href":"https:\/\/www.globalafricasciences.org\/fr\/wp-json\/wp\/v2\/issues3?post=8723"},{"taxonomy":"post_folder","embeddable":true,"href":"https:\/\/www.globalafricasciences.org\/fr\/wp-json\/wp\/v2\/post_folder?post=8723"},{"taxonomy":"author","embeddable":true,"href":"https:\/\/www.globalafricasciences.org\/fr\/wp-json\/wp\/v2\/ppma_author?post=8723"}],"curies":[{"name":"wp","href":"https:\/\/api.w.org\/{rel}","templated":true}]}}