{"id":8707,"date":"2025-02-25T10:16:50","date_gmt":"2025-02-25T10:16:50","guid":{"rendered":"https:\/\/www.globalafricasciences.org\/actualites\/capitalisme-anticapitalisme-et-sciences-sociales-engagees-a-lechelle-mondiale\/"},"modified":"2025-07-04T11:12:11","modified_gmt":"2025-07-04T11:12:11","slug":"capitalisme-anticapitalisme-et-sciences-sociales-engagees-a-lechelle-mondiale","status":"publish","type":"post","link":"https:\/\/www.globalafricasciences.org\/fr\/capitalisme-anticapitalisme-et-sciences-sociales-engagees-a-lechelle-mondiale\/","title":{"rendered":"Capitalisme, anticapitalisme et sciences sociales engag\u00e9es \u00e0 l&rsquo;\u00e9chelle mondiale"},"content":{"rendered":"\n<p id=\"viewer-foo\"><em>Le colloque \u00ab\u00a0Capitalisme, anticapitalisme et sciences sociales engag\u00e9es \u00e0 l&rsquo;\u00e9chelle globale : autour de l\u2019\u0153uvre d&rsquo;Immanuel Wallerstein\u00a0\u00bb se tiendra \u00e0 Paris, les 11 et 12 septembre 2023 \u00e0 la Maison des Sciences de l&rsquo;Homme, 54 boulevard Raspail.<\/em><\/p>\n\n<p id=\"viewer-f27p3\"><em>Le colloque est gratuit et ouvert au public, et peut \u00eatre suivi virtuellement ou en personne, mais dans tous les cas, l&rsquo;inscription est obligatoire. Cliquez ici pour obtenir toutes les informations. <\/em><a target=\"_blank\" href=\"https:\/\/www.fmsh.fr\/agenda\/capitalisme-anticapitalisme-et-sciences-sociales-engagees-lechelle-globale\" rel=\"noreferrer noopener\"><em>Cliquez ici<\/em><\/a><em> <\/em><em>pour acc\u00e9der \u00e0 toutes les informations.<\/em><a target=\"_blank\" href=\"https:\/\/www.fmsh.fr\/agenda\/capitalisme-anticapitalisme-et-sciences-sociales-engagees-lechelle-globale\" rel=\"noreferrer noopener\"><em>\u200b<\/em><\/a><\/p>\n\n<p id=\"viewer-5li64\"><strong>Invitation &#8211; <\/strong>11-12 septembre 2023 :<\/p>\n\n<div class=\"wp-block-media-text has-media-on-the-right is-stacked-on-mobile\" style=\"grid-template-columns:auto 30%\"><div class=\"wp-block-media-text__content\">\n<p>Depuis sa rencontre avec Fernand Braudel au d\u00e9but des ann\u00e9es 1970 jusqu\u2019\u00e0 son d\u00e9part d\u00e9finitif au d\u00e9but de 2018, Immanuel Wallerstein avait choisi Paris et la Fondation Maison des sciences de l&rsquo;homme comme le p\u00f4le europ\u00e9en d\u2019un ambitieux projet visant \u00e0 envisager \u00e0 l\u2019\u00e9chelle du monde, en les repla\u00e7ant dans leur contexte et leurs dynamiques couvrant un demi-mill\u00e9naire d\u2019histoire, tous les probl\u00e8mes majeurs de nos soci\u00e9t\u00e9s contemporaines. <\/p>\n<\/div><figure class=\"wp-block-media-text__media\"><img fetchpriority=\"high\" decoding=\"async\" width=\"646\" height=\"646\" src=\"https:\/\/www.globalafricasciences.org\/wp-content\/uploads\/2025\/02\/Capitalism-Anticapitalism-and-Engaged-Social-Sciences-on-a-Global-Scale-.avif\" alt=\"\" class=\"wp-image-8704 size-full\"\/><\/figure><\/div>\n\n<p id=\"viewer-5li64\">Organis\u00e9 en partenariat avec la <a target=\"_blank\" href=\"https:\/\/gulbenkian.pt\/paris\/\" rel=\"noreferrer noopener\">Fondation Calouste Gulbenkian<\/a>, l&rsquo;<a target=\"_blank\" href=\"https:\/\/www.amisfmsh.org\/\" rel=\"noreferrer noopener\">Association des amis de la FMSH<\/a> et l&rsquo;<a target=\"_blank\" href=\"https:\/\/www.iufrance.fr\/les-logos-de-liuf.html\" rel=\"noreferrer noopener\">Institut Universitaire de France<\/a> dans le cadre des 60 ans de la Fondation, le colloque \u00ab\u00a0Capitalisme, anticapitalisme et sciences sociales engag\u00e9es \u00e0 l&rsquo;\u00e9chelle globale : autour de l\u2019\u0153uvre d&rsquo;Immanuel Wallerstein\u00a0\u00bb a pour objectif de dresser le bilan de ce parcours de plus d\u2019un demi-si\u00e8cle et de mettre en \u00e9vidence son actualit\u00e9 et sa pertinence face aux d\u00e9fis, aux incertitudes et aux inconnues du pr\u00e9sent et du futur.<\/p>\n\n<p id=\"viewer-bhqh2\">Le programme :<\/p>\n\n<p id=\"viewer-5n8kd\"><strong>11 septembre<\/strong> <strong>10:00 &#8211; 13:00<\/strong> | Table ronde 1 : Synth\u00e8se des travaux d&rsquo;Immanuel Wallerstein<\/p>\n\n<p id=\"viewer-8mak4\"><strong>14:00 &#8211; 17:30 <\/strong>| Table ronde 2 : Gauche mondiale et mouvements anti-syst\u00e9miques<\/p>\n\n<p id=\"viewer-d9tnj\"><strong>12 septembre<\/strong> <strong>9:00 &#8211; 11:30 <\/strong>|Table ronde 3 : Epist\u00e9mologie \/ Sciences sociales \/ Marxisme historique<\/p>\n\n<p id=\"viewer-1lasr\"><strong>11:45 &#8211; 13:30 <\/strong>| Table ronde 4 : Capitalisme \/ Post-capitalisme \/ \u00c9conomie Monde<\/p>\n\n<p id=\"viewer-3ml0d\"><strong>15:30 &#8211; 18:00 <\/strong>| Table ronde 5 : D\u00e9fis du pr\u00e9sent : Ressources humaines et ressources \u00e9cologiques<\/p>\n\n<p id=\"viewer-rf28\">\u2192 <a target=\"_blank\" href=\"https:\/\/www.fmsh.fr\/agenda\/capitalisme-anticapitalisme-et-sciences-sociales-engagees-lechelle-globale\" rel=\"noreferrer noopener\">D\u00e9couvrez le programme<\/a><\/p>\n\n<p id=\"viewer-cm4c6\"><strong>Inscription<\/strong><\/p>\n\n<p class=\"has-nv-dark-bg-color has-text-color has-link-color wp-elements-6dcb2aff0e7165831d23f248f61aa689\" id=\"viewer-7rqb1\"><a target=\"_blank\" href=\"https:\/\/www.eventbrite.fr\/e\/billets-capitalisme-anticapitalisme-sciences-sociales-676014275897?aff=oddtdtcreator\" rel=\"noreferrer noopener\">Je<\/a> participe en pr\u00e9sentiel Je participe en ligne<\/p>\n\n<p><\/p>\n","protected":false},"excerpt":{"rendered":"<p>Le colloque \u00ab\u00a0Capitalisme, anticapitalisme et sciences sociales engag\u00e9es \u00e0 l&rsquo;\u00e9chelle globale : autour de l\u2019\u0153uvre d&rsquo;Immanuel Wallerstein\u00a0\u00bb se tiendra \u00e0 Paris, les 11 et 12 septembre 2023 \u00e0 la Maison des Sciences de l&rsquo;Homme, 54 boulevard Raspail. Le colloque est gratuit et ouvert au public, et peut \u00eatre suivi virtuellement ou en personne, mais dans tous les cas, l&rsquo;inscription est obligatoire. Cliquez ici pour obtenir toutes les informations. Cliquez ici pour acc\u00e9der \u00e0 toutes les informations.\u200b Invitation &#8211; 11-12 septembre 2023 : Depuis sa rencontre avec Fernand Braudel au d\u00e9but des ann\u00e9es 1970 jusqu\u2019\u00e0 son d\u00e9part d\u00e9finitif au d\u00e9but de 2018, Immanuel Wallerstein avait choisi Paris et la Fondation Maison des sciences de l&rsquo;homme comme le p\u00f4le europ\u00e9en d\u2019un ambitieux projet visant \u00e0 envisager \u00e0 l\u2019\u00e9chelle du monde, en les repla\u00e7ant dans leur contexte et leurs dynamiques couvrant un demi-mill\u00e9naire d\u2019histoire, tous les probl\u00e8mes majeurs de nos soci\u00e9t\u00e9s contemporaines. Organis\u00e9 en partenariat avec la Fondation Calouste Gulbenkian, l&rsquo;Association des amis de la FMSH et l&rsquo;Institut Universitaire de France dans le cadre des 60 ans de la Fondation, le colloque \u00ab\u00a0Capitalisme, anticapitalisme et sciences sociales engag\u00e9es \u00e0 l&rsquo;\u00e9chelle globale : autour de l\u2019\u0153uvre d&rsquo;Immanuel Wallerstein\u00a0\u00bb a pour objectif de dresser le bilan de ce parcours de plus d\u2019un demi-si\u00e8cle et de mettre en \u00e9vidence son actualit\u00e9 et sa pertinence face aux d\u00e9fis, aux incertitudes et aux inconnues du pr\u00e9sent et du futur. Le programme : 11 septembre 10:00 &#8211; 13:00 | Table ronde 1 : Synth\u00e8se des travaux d&rsquo;Immanuel Wallerstein 14:00 &#8211; 17:30 | Table ronde 2 : Gauche mondiale et mouvements anti-syst\u00e9miques 12 septembre 9:00 &#8211; 11:30 |Table ronde 3 : Epist\u00e9mologie \/ Sciences sociales \/ Marxisme historique 11:45 &#8211; 13:30 | Table ronde 4 : Capitalisme \/ Post-capitalisme \/ \u00c9conomie Monde 15:30 &#8211; 18:00 | Table ronde 5 : D\u00e9fis du pr\u00e9sent : Ressources humaines et ressources \u00e9cologiques \u2192 D\u00e9couvrez le programme Inscription Je participe en pr\u00e9sentiel Je participe en ligne<\/p>\n","protected":false},"author":50,"featured_media":8705,"comment_status":"open","ping_status":"open","sticky":false,"template":"","format":"standard","meta":{"footnotes":""},"categories":[179],"tags":[],"issues3":[],"post_folder":[],"ppma_author":[265],"class_list":["post-8707","post","type-post","status-publish","format-standard","has-post-thumbnail","hentry","category-conferences-fr","author-global-africa"],"yoast_head":"<!-- This site is optimized with the Yoast SEO plugin v27.5 - https:\/\/yoast.com\/product\/yoast-seo-wordpress\/ -->\n<title>Capitalisme, anticapitalisme et sciences sociales engag\u00e9es \u00e0 l&#039;\u00e9chelle mondiale | Global Africa<\/title>\n<meta name=\"description\" content=\"Participez \u00e0 la conf\u00e9rence internationale sur l\u2019\u0153uvre d\u2019Immanuel Wallerstein : capitalisme, anticapitalisme et sciences sociales engag\u00e9es, \u00e0 Paris.\" \/>\n<meta name=\"robots\" content=\"index, follow, max-snippet:-1, max-image-preview:large, max-video-preview:-1\" \/>\n<link rel=\"canonical\" href=\"https:\/\/www.globalafricasciences.org\/fr\/capitalisme-anticapitalisme-et-sciences-sociales-engagees-a-lechelle-mondiale\/\" \/>\n<meta property=\"og:locale\" content=\"fr_FR\" \/>\n<meta property=\"og:type\" content=\"article\" \/>\n<meta property=\"og:title\" content=\"Capitalisme, anticapitalisme et sciences sociales engag\u00e9es \u00e0 l&#039;\u00e9chelle mondiale | Global Africa\" \/>\n<meta property=\"og:description\" content=\"Participez \u00e0 la conf\u00e9rence internationale sur l\u2019\u0153uvre d\u2019Immanuel Wallerstein : capitalisme, anticapitalisme et sciences sociales engag\u00e9es, \u00e0 Paris.\" \/>\n<meta property=\"og:url\" content=\"https:\/\/www.globalafricasciences.org\/fr\/capitalisme-anticapitalisme-et-sciences-sociales-engagees-a-lechelle-mondiale\/\" \/>\n<meta property=\"og:site_name\" content=\"Global Africa\" \/>\n<meta property=\"article:publisher\" content=\"https:\/\/www.facebook.com\/globalafricasciences\" \/>\n<meta property=\"article:published_time\" content=\"2025-02-25T10:16:50+00:00\" \/>\n<meta property=\"article:modified_time\" content=\"2025-07-04T11:12:11+00:00\" \/>\n<meta name=\"author\" content=\"Global Africa\" \/>\n<meta name=\"twitter:card\" content=\"summary_large_image\" \/>\n<meta name=\"twitter:label1\" content=\"\u00c9crit par\" \/>\n\t<meta name=\"twitter:data1\" content=\"Global Africa\" \/>\n\t<meta name=\"twitter:label2\" content=\"Dur\u00e9e de lecture estim\u00e9e\" \/>\n\t<meta name=\"twitter:data2\" content=\"2 minutes\" \/>\n<script type=\"application\/ld+json\" class=\"yoast-schema-graph\">{\"@context\":\"https:\\\/\\\/schema.org\",\"@graph\":[{\"@type\":\"Article\",\"@id\":\"https:\\\/\\\/www.globalafricasciences.org\\\/fr\\\/capitalisme-anticapitalisme-et-sciences-sociales-engagees-a-lechelle-mondiale\\\/#article\",\"isPartOf\":{\"@id\":\"https:\\\/\\\/www.globalafricasciences.org\\\/fr\\\/capitalisme-anticapitalisme-et-sciences-sociales-engagees-a-lechelle-mondiale\\\/\"},\"author\":{\"name\":\"Global Africa\",\"@id\":\"https:\\\/\\\/www.globalafricasciences.org\\\/fr\\\/#\\\/schema\\\/person\\\/8c11b55a8c7d287934a558c0e354b773\"},\"headline\":\"Capitalisme, anticapitalisme et sciences sociales engag\u00e9es \u00e0 l&rsquo;\u00e9chelle mondiale\",\"datePublished\":\"2025-02-25T10:16:50+00:00\",\"dateModified\":\"2025-07-04T11:12:11+00:00\",\"mainEntityOfPage\":{\"@id\":\"https:\\\/\\\/www.globalafricasciences.org\\\/fr\\\/capitalisme-anticapitalisme-et-sciences-sociales-engagees-a-lechelle-mondiale\\\/\"},\"wordCount\":322,\"commentCount\":0,\"publisher\":{\"@id\":\"https:\\\/\\\/www.globalafricasciences.org\\\/fr\\\/#organization\"},\"image\":{\"@id\":\"https:\\\/\\\/www.globalafricasciences.org\\\/fr\\\/capitalisme-anticapitalisme-et-sciences-sociales-engagees-a-lechelle-mondiale\\\/#primaryimage\"},\"thumbnailUrl\":\"https:\\\/\\\/www.globalafricasciences.org\\\/wp-content\\\/uploads\\\/2025\\\/02\\\/Capitalism-Anticapitalism-and-Engaged-Social-Sciences-on-a-Global-Scale-.avif\",\"articleSection\":[\"Conf\u00e9rences\"],\"inLanguage\":\"fr-FR\",\"potentialAction\":[{\"@type\":\"CommentAction\",\"name\":\"Comment\",\"target\":[\"https:\\\/\\\/www.globalafricasciences.org\\\/fr\\\/capitalisme-anticapitalisme-et-sciences-sociales-engagees-a-lechelle-mondiale\\\/#respond\"]}]},{\"@type\":\"WebPage\",\"@id\":\"https:\\\/\\\/www.globalafricasciences.org\\\/fr\\\/capitalisme-anticapitalisme-et-sciences-sociales-engagees-a-lechelle-mondiale\\\/\",\"url\":\"https:\\\/\\\/www.globalafricasciences.org\\\/fr\\\/capitalisme-anticapitalisme-et-sciences-sociales-engagees-a-lechelle-mondiale\\\/\",\"name\":\"Capitalisme, anticapitalisme et sciences sociales engag\u00e9es \u00e0 l'\u00e9chelle mondiale | Global Africa\",\"isPartOf\":{\"@id\":\"https:\\\/\\\/www.globalafricasciences.org\\\/fr\\\/#website\"},\"primaryImageOfPage\":{\"@id\":\"https:\\\/\\\/www.globalafricasciences.org\\\/fr\\\/capitalisme-anticapitalisme-et-sciences-sociales-engagees-a-lechelle-mondiale\\\/#primaryimage\"},\"image\":{\"@id\":\"https:\\\/\\\/www.globalafricasciences.org\\\/fr\\\/capitalisme-anticapitalisme-et-sciences-sociales-engagees-a-lechelle-mondiale\\\/#primaryimage\"},\"thumbnailUrl\":\"https:\\\/\\\/www.globalafricasciences.org\\\/wp-content\\\/uploads\\\/2025\\\/02\\\/Capitalism-Anticapitalism-and-Engaged-Social-Sciences-on-a-Global-Scale-.avif\",\"datePublished\":\"2025-02-25T10:16:50+00:00\",\"dateModified\":\"2025-07-04T11:12:11+00:00\",\"description\":\"Participez \u00e0 la conf\u00e9rence internationale sur l\u2019\u0153uvre d\u2019Immanuel Wallerstein : capitalisme, anticapitalisme et sciences sociales engag\u00e9es, \u00e0 Paris.\",\"breadcrumb\":{\"@id\":\"https:\\\/\\\/www.globalafricasciences.org\\\/fr\\\/capitalisme-anticapitalisme-et-sciences-sociales-engagees-a-lechelle-mondiale\\\/#breadcrumb\"},\"inLanguage\":\"fr-FR\",\"potentialAction\":[{\"@type\":\"ReadAction\",\"target\":[\"https:\\\/\\\/www.globalafricasciences.org\\\/fr\\\/capitalisme-anticapitalisme-et-sciences-sociales-engagees-a-lechelle-mondiale\\\/\"]}]},{\"@type\":\"ImageObject\",\"inLanguage\":\"fr-FR\",\"@id\":\"https:\\\/\\\/www.globalafricasciences.org\\\/fr\\\/capitalisme-anticapitalisme-et-sciences-sociales-engagees-a-lechelle-mondiale\\\/#primaryimage\",\"url\":\"https:\\\/\\\/www.globalafricasciences.org\\\/wp-content\\\/uploads\\\/2025\\\/02\\\/Capitalism-Anticapitalism-and-Engaged-Social-Sciences-on-a-Global-Scale-.avif\",\"contentUrl\":\"https:\\\/\\\/www.globalafricasciences.org\\\/wp-content\\\/uploads\\\/2025\\\/02\\\/Capitalism-Anticapitalism-and-Engaged-Social-Sciences-on-a-Global-Scale-.avif\",\"width\":646,\"height\":646},{\"@type\":\"BreadcrumbList\",\"@id\":\"https:\\\/\\\/www.globalafricasciences.org\\\/fr\\\/capitalisme-anticapitalisme-et-sciences-sociales-engagees-a-lechelle-mondiale\\\/#breadcrumb\",\"itemListElement\":[{\"@type\":\"ListItem\",\"position\":1,\"name\":\"Home\",\"item\":\"https:\\\/\\\/www.globalafricasciences.org\\\/fr\\\/accueil\\\/\"},{\"@type\":\"ListItem\",\"position\":2,\"name\":\"Capitalisme, anticapitalisme et sciences sociales engag\u00e9es \u00e0 l&#8217;\u00e9chelle mondiale\"}]},{\"@type\":\"WebSite\",\"@id\":\"https:\\\/\\\/www.globalafricasciences.org\\\/fr\\\/#website\",\"url\":\"https:\\\/\\\/www.globalafricasciences.org\\\/fr\\\/\",\"name\":\"Global Africa\",\"description\":\"Pan-African Scientific Journal\",\"publisher\":{\"@id\":\"https:\\\/\\\/www.globalafricasciences.org\\\/fr\\\/#organization\"},\"potentialAction\":[{\"@type\":\"SearchAction\",\"target\":{\"@type\":\"EntryPoint\",\"urlTemplate\":\"https:\\\/\\\/www.globalafricasciences.org\\\/fr\\\/?s={search_term_string}\"},\"query-input\":{\"@type\":\"PropertyValueSpecification\",\"valueRequired\":true,\"valueName\":\"search_term_string\"}}],\"inLanguage\":\"fr-FR\"},{\"@type\":\"Organization\",\"@id\":\"https:\\\/\\\/www.globalafricasciences.org\\\/fr\\\/#organization\",\"name\":\"Global Africa\",\"url\":\"https:\\\/\\\/www.globalafricasciences.org\\\/fr\\\/\",\"logo\":{\"@type\":\"ImageObject\",\"inLanguage\":\"fr-FR\",\"@id\":\"https:\\\/\\\/www.globalafricasciences.org\\\/fr\\\/#\\\/schema\\\/logo\\\/image\\\/\",\"url\":\"https:\\\/\\\/www.globalafricasciences.org\\\/wp-content\\\/uploads\\\/2024\\\/12\\\/Globalafrica.png\",\"contentUrl\":\"https:\\\/\\\/www.globalafricasciences.org\\\/wp-content\\\/uploads\\\/2024\\\/12\\\/Globalafrica.png\",\"width\":1680,\"height\":750,\"caption\":\"Global Africa\"},\"image\":{\"@id\":\"https:\\\/\\\/www.globalafricasciences.org\\\/fr\\\/#\\\/schema\\\/logo\\\/image\\\/\"},\"sameAs\":[\"https:\\\/\\\/www.facebook.com\\\/globalafricasciences\"]},{\"@type\":\"Person\",\"@id\":\"https:\\\/\\\/www.globalafricasciences.org\\\/fr\\\/#\\\/schema\\\/person\\\/8c11b55a8c7d287934a558c0e354b773\",\"name\":\"Global Africa\",\"image\":{\"@type\":\"ImageObject\",\"inLanguage\":\"fr-FR\",\"@id\":\"https:\\\/\\\/www.globalafricasciences.org\\\/wp-content\\\/uploads\\\/2024\\\/11\\\/Global-Africa.jpgd44bc09810f00cf464135b8441da2384\",\"url\":\"https:\\\/\\\/www.globalafricasciences.org\\\/wp-content\\\/uploads\\\/2024\\\/11\\\/Global-Africa.jpg\",\"contentUrl\":\"https:\\\/\\\/www.globalafricasciences.org\\\/wp-content\\\/uploads\\\/2024\\\/11\\\/Global-Africa.jpg\",\"caption\":\"Global Africa\"},\"description\":\"The editorial board of the journal is led by Mame-Penda Ba, a professor of political science at Gaston Berger University and the director of LASPAD(Laboratory of Social, Political, and Administrative Studies), Senegal.\",\"url\":\"https:\\\/\\\/www.globalafricasciences.org\\\/author\\\/globalafrica\\\/\"}]}<\/script>\n<!-- \/ Yoast SEO plugin. -->","yoast_head_json":{"title":"Capitalisme, anticapitalisme et sciences sociales engag\u00e9es \u00e0 l'\u00e9chelle mondiale | Global Africa","description":"Participez \u00e0 la conf\u00e9rence internationale sur l\u2019\u0153uvre d\u2019Immanuel Wallerstein : capitalisme, anticapitalisme et sciences sociales engag\u00e9es, \u00e0 Paris.","robots":{"index":"index","follow":"follow","max-snippet":"max-snippet:-1","max-image-preview":"max-image-preview:large","max-video-preview":"max-video-preview:-1"},"canonical":"https:\/\/www.globalafricasciences.org\/fr\/capitalisme-anticapitalisme-et-sciences-sociales-engagees-a-lechelle-mondiale\/","og_locale":"fr_FR","og_type":"article","og_title":"Capitalisme, anticapitalisme et sciences sociales engag\u00e9es \u00e0 l'\u00e9chelle mondiale | Global Africa","og_description":"Participez \u00e0 la conf\u00e9rence internationale sur l\u2019\u0153uvre d\u2019Immanuel Wallerstein : capitalisme, anticapitalisme et sciences sociales engag\u00e9es, \u00e0 Paris.","og_url":"https:\/\/www.globalafricasciences.org\/fr\/capitalisme-anticapitalisme-et-sciences-sociales-engagees-a-lechelle-mondiale\/","og_site_name":"Global Africa","article_publisher":"https:\/\/www.facebook.com\/globalafricasciences","article_published_time":"2025-02-25T10:16:50+00:00","article_modified_time":"2025-07-04T11:12:11+00:00","author":"Global Africa","twitter_card":"summary_large_image","twitter_misc":{"\u00c9crit par":"Global Africa","Dur\u00e9e de lecture estim\u00e9e":"2 minutes"},"schema":{"@context":"https:\/\/schema.org","@graph":[{"@type":"Article","@id":"https:\/\/www.globalafricasciences.org\/fr\/capitalisme-anticapitalisme-et-sciences-sociales-engagees-a-lechelle-mondiale\/#article","isPartOf":{"@id":"https:\/\/www.globalafricasciences.org\/fr\/capitalisme-anticapitalisme-et-sciences-sociales-engagees-a-lechelle-mondiale\/"},"author":{"name":"Global Africa","@id":"https:\/\/www.globalafricasciences.org\/fr\/#\/schema\/person\/8c11b55a8c7d287934a558c0e354b773"},"headline":"Capitalisme, anticapitalisme et sciences sociales engag\u00e9es \u00e0 l&rsquo;\u00e9chelle mondiale","datePublished":"2025-02-25T10:16:50+00:00","dateModified":"2025-07-04T11:12:11+00:00","mainEntityOfPage":{"@id":"https:\/\/www.globalafricasciences.org\/fr\/capitalisme-anticapitalisme-et-sciences-sociales-engagees-a-lechelle-mondiale\/"},"wordCount":322,"commentCount":0,"publisher":{"@id":"https:\/\/www.globalafricasciences.org\/fr\/#organization"},"image":{"@id":"https:\/\/www.globalafricasciences.org\/fr\/capitalisme-anticapitalisme-et-sciences-sociales-engagees-a-lechelle-mondiale\/#primaryimage"},"thumbnailUrl":"https:\/\/www.globalafricasciences.org\/wp-content\/uploads\/2025\/02\/Capitalism-Anticapitalism-and-Engaged-Social-Sciences-on-a-Global-Scale-.avif","articleSection":["Conf\u00e9rences"],"inLanguage":"fr-FR","potentialAction":[{"@type":"CommentAction","name":"Comment","target":["https:\/\/www.globalafricasciences.org\/fr\/capitalisme-anticapitalisme-et-sciences-sociales-engagees-a-lechelle-mondiale\/#respond"]}]},{"@type":"WebPage","@id":"https:\/\/www.globalafricasciences.org\/fr\/capitalisme-anticapitalisme-et-sciences-sociales-engagees-a-lechelle-mondiale\/","url":"https:\/\/www.globalafricasciences.org\/fr\/capitalisme-anticapitalisme-et-sciences-sociales-engagees-a-lechelle-mondiale\/","name":"Capitalisme, anticapitalisme et sciences sociales engag\u00e9es \u00e0 l'\u00e9chelle mondiale | Global Africa","isPartOf":{"@id":"https:\/\/www.globalafricasciences.org\/fr\/#website"},"primaryImageOfPage":{"@id":"https:\/\/www.globalafricasciences.org\/fr\/capitalisme-anticapitalisme-et-sciences-sociales-engagees-a-lechelle-mondiale\/#primaryimage"},"image":{"@id":"https:\/\/www.globalafricasciences.org\/fr\/capitalisme-anticapitalisme-et-sciences-sociales-engagees-a-lechelle-mondiale\/#primaryimage"},"thumbnailUrl":"https:\/\/www.globalafricasciences.org\/wp-content\/uploads\/2025\/02\/Capitalism-Anticapitalism-and-Engaged-Social-Sciences-on-a-Global-Scale-.avif","datePublished":"2025-02-25T10:16:50+00:00","dateModified":"2025-07-04T11:12:11+00:00","description":"Participez \u00e0 la conf\u00e9rence internationale sur l\u2019\u0153uvre d\u2019Immanuel Wallerstein : capitalisme, anticapitalisme et sciences sociales engag\u00e9es, \u00e0 Paris.","breadcrumb":{"@id":"https:\/\/www.globalafricasciences.org\/fr\/capitalisme-anticapitalisme-et-sciences-sociales-engagees-a-lechelle-mondiale\/#breadcrumb"},"inLanguage":"fr-FR","potentialAction":[{"@type":"ReadAction","target":["https:\/\/www.globalafricasciences.org\/fr\/capitalisme-anticapitalisme-et-sciences-sociales-engagees-a-lechelle-mondiale\/"]}]},{"@type":"ImageObject","inLanguage":"fr-FR","@id":"https:\/\/www.globalafricasciences.org\/fr\/capitalisme-anticapitalisme-et-sciences-sociales-engagees-a-lechelle-mondiale\/#primaryimage","url":"https:\/\/www.globalafricasciences.org\/wp-content\/uploads\/2025\/02\/Capitalism-Anticapitalism-and-Engaged-Social-Sciences-on-a-Global-Scale-.avif","contentUrl":"https:\/\/www.globalafricasciences.org\/wp-content\/uploads\/2025\/02\/Capitalism-Anticapitalism-and-Engaged-Social-Sciences-on-a-Global-Scale-.avif","width":646,"height":646},{"@type":"BreadcrumbList","@id":"https:\/\/www.globalafricasciences.org\/fr\/capitalisme-anticapitalisme-et-sciences-sociales-engagees-a-lechelle-mondiale\/#breadcrumb","itemListElement":[{"@type":"ListItem","position":1,"name":"Home","item":"https:\/\/www.globalafricasciences.org\/fr\/accueil\/"},{"@type":"ListItem","position":2,"name":"Capitalisme, anticapitalisme et sciences sociales engag\u00e9es \u00e0 l&#8217;\u00e9chelle mondiale"}]},{"@type":"WebSite","@id":"https:\/\/www.globalafricasciences.org\/fr\/#website","url":"https:\/\/www.globalafricasciences.org\/fr\/","name":"Global Africa","description":"Pan-African Scientific Journal","publisher":{"@id":"https:\/\/www.globalafricasciences.org\/fr\/#organization"},"potentialAction":[{"@type":"SearchAction","target":{"@type":"EntryPoint","urlTemplate":"https:\/\/www.globalafricasciences.org\/fr\/?s={search_term_string}"},"query-input":{"@type":"PropertyValueSpecification","valueRequired":true,"valueName":"search_term_string"}}],"inLanguage":"fr-FR"},{"@type":"Organization","@id":"https:\/\/www.globalafricasciences.org\/fr\/#organization","name":"Global Africa","url":"https:\/\/www.globalafricasciences.org\/fr\/","logo":{"@type":"ImageObject","inLanguage":"fr-FR","@id":"https:\/\/www.globalafricasciences.org\/fr\/#\/schema\/logo\/image\/","url":"https:\/\/www.globalafricasciences.org\/wp-content\/uploads\/2024\/12\/Globalafrica.png","contentUrl":"https:\/\/www.globalafricasciences.org\/wp-content\/uploads\/2024\/12\/Globalafrica.png","width":1680,"height":750,"caption":"Global Africa"},"image":{"@id":"https:\/\/www.globalafricasciences.org\/fr\/#\/schema\/logo\/image\/"},"sameAs":["https:\/\/www.facebook.com\/globalafricasciences"]},{"@type":"Person","@id":"https:\/\/www.globalafricasciences.org\/fr\/#\/schema\/person\/8c11b55a8c7d287934a558c0e354b773","name":"Global Africa","image":{"@type":"ImageObject","inLanguage":"fr-FR","@id":"https:\/\/www.globalafricasciences.org\/wp-content\/uploads\/2024\/11\/Global-Africa.jpgd44bc09810f00cf464135b8441da2384","url":"https:\/\/www.globalafricasciences.org\/wp-content\/uploads\/2024\/11\/Global-Africa.jpg","contentUrl":"https:\/\/www.globalafricasciences.org\/wp-content\/uploads\/2024\/11\/Global-Africa.jpg","caption":"Global Africa"},"description":"The editorial board of the journal is led by Mame-Penda Ba, a professor of political science at Gaston Berger University and the director of LASPAD(Laboratory of Social, Political, and Administrative Studies), Senegal.","url":"https:\/\/www.globalafricasciences.org\/author\/globalafrica\/"}]}},"acf":[],"authors":[{"term_id":265,"user_id":0,"is_guest":1,"slug":"global-africa","display_name":"Global Africa","avatar_url":{"url":"https:\/\/www.globalafricasciences.org\/wp-content\/uploads\/2024\/11\/Global-Africa.jpg","url2x":"https:\/\/www.globalafricasciences.org\/wp-content\/uploads\/2024\/11\/Global-Africa.jpg"},"author_category":"1","exclude_author":"","main-organisation":"Universit\u00e9 Gaston Berger","country_of_org":"S\u00e9n\u00e9gal","field_of_work":"Sciences sociales","first_name":"","last_name":"","user_url":"","job_title":"","description":"<div id=\"comp-lmq9yt56\" class=\"HcOXKn c9GqVL QxJLC3 lq2cno YQcXTT comp-lmq9yt56 wixui-rich-text\" data-testid=\"richTextElement\">\r\n<p class=\"font_8 wixui-rich-text__text\">La r\u00e9daction de la revue est dirig\u00e9e par Mame-Penda Ba, professeure de sciences politiques \u00e0 l'Universit\u00e9 Gaston Berger et directrice du LASPAD, S\u00e9n\u00e9gal<\/p>\r\n\r\n<\/div>"}],"_links":{"self":[{"href":"https:\/\/www.globalafricasciences.org\/fr\/wp-json\/wp\/v2\/posts\/8707","targetHints":{"allow":["GET"]}}],"collection":[{"href":"https:\/\/www.globalafricasciences.org\/fr\/wp-json\/wp\/v2\/posts"}],"about":[{"href":"https:\/\/www.globalafricasciences.org\/fr\/wp-json\/wp\/v2\/types\/post"}],"author":[{"embeddable":true,"href":"https:\/\/www.globalafricasciences.org\/fr\/wp-json\/wp\/v2\/users\/50"}],"replies":[{"embeddable":true,"href":"https:\/\/www.globalafricasciences.org\/fr\/wp-json\/wp\/v2\/comments?post=8707"}],"version-history":[{"count":0,"href":"https:\/\/www.globalafricasciences.org\/fr\/wp-json\/wp\/v2\/posts\/8707\/revisions"}],"wp:featuredmedia":[{"embeddable":true,"href":"https:\/\/www.globalafricasciences.org\/fr\/wp-json\/wp\/v2\/media\/8705"}],"wp:attachment":[{"href":"https:\/\/www.globalafricasciences.org\/fr\/wp-json\/wp\/v2\/media?parent=8707"}],"wp:term":[{"taxonomy":"category","embeddable":true,"href":"https:\/\/www.globalafricasciences.org\/fr\/wp-json\/wp\/v2\/categories?post=8707"},{"taxonomy":"post_tag","embeddable":true,"href":"https:\/\/www.globalafricasciences.org\/fr\/wp-json\/wp\/v2\/tags?post=8707"},{"taxonomy":"issues3","embeddable":true,"href":"https:\/\/www.globalafricasciences.org\/fr\/wp-json\/wp\/v2\/issues3?post=8707"},{"taxonomy":"post_folder","embeddable":true,"href":"https:\/\/www.globalafricasciences.org\/fr\/wp-json\/wp\/v2\/post_folder?post=8707"},{"taxonomy":"author","embeddable":true,"href":"https:\/\/www.globalafricasciences.org\/fr\/wp-json\/wp\/v2\/ppma_author?post=8707"}],"curies":[{"name":"wp","href":"https:\/\/api.w.org\/{rel}","templated":true}]}}