{"id":8700,"date":"2025-02-25T10:10:25","date_gmt":"2025-02-25T10:10:25","guid":{"rendered":"https:\/\/www.globalafricasciences.org\/actualites\/le-senegal-en-crise-a-t-on-le-droit-den-parler\/"},"modified":"2025-07-04T11:18:25","modified_gmt":"2025-07-04T11:18:25","slug":"le-senegal-en-crise-a-t-on-le-droit-den-parler","status":"publish","type":"post","link":"https:\/\/www.globalafricasciences.org\/fr\/le-senegal-en-crise-a-t-on-le-droit-den-parler\/","title":{"rendered":"Le S\u00e9n\u00e9gal en crise : a-t-on le droit d&rsquo;en parler ?"},"content":{"rendered":"\n<p>Webinaire accessible ici : <a href=\"https:\/\/shorturl.at\/FHT03\" target=\"_blank\" rel=\"noreferrer noopener\"><u>https:\/\/shorturl.at\/FHT03<\/u><\/a><br\/><a href=\"https:\/\/shorturl.at\/FHT03\" target=\"_blank\" rel=\"noreferrer noopener\"><\/a><\/p>\n\n<figure class=\"wp-block-image size-full\"><img fetchpriority=\"high\" decoding=\"async\" width=\"1131\" height=\"1600\" src=\"https:\/\/www.globalafricasciences.org\/wp-content\/uploads\/2025\/02\/Senegal-in-Crisis.avif\" alt=\"\" class=\"wp-image-8696\"\/><\/figure>\n\n<p><\/p>\n","protected":false},"excerpt":{"rendered":"<p>Webinaire accessible ici : https:\/\/shorturl.at\/FHT03<\/p>\n","protected":false},"author":50,"featured_media":8697,"comment_status":"open","ping_status":"open","sticky":false,"template":"","format":"standard","meta":{"footnotes":""},"categories":[179],"tags":[],"issues3":[],"post_folder":[],"ppma_author":[265],"class_list":["post-8700","post","type-post","status-publish","format-standard","has-post-thumbnail","hentry","category-conferences-fr","author-global-africa"],"yoast_head":"<!-- This site is optimized with the Yoast SEO plugin v27.5 - https:\/\/yoast.com\/product\/yoast-seo-wordpress\/ -->\n<title>Le S\u00e9n\u00e9gal en crise : a-t-on le droit d&#039;en parler ? | Global Africa<\/title>\n<meta name=\"description\" content=\"Webinaire \u2013 Le S\u00e9n\u00e9gal en crise : avons-nous le droit d\u2019en parler ? Une discussion essentielle sur la d\u00e9mocratie, la libert\u00e9 d\u2019expression et l\u2019avenir du pays.\" \/>\n<meta name=\"robots\" content=\"index, follow, max-snippet:-1, max-image-preview:large, max-video-preview:-1\" \/>\n<link rel=\"canonical\" href=\"https:\/\/www.globalafricasciences.org\/fr\/le-senegal-en-crise-a-t-on-le-droit-den-parler\/\" \/>\n<meta property=\"og:locale\" content=\"fr_FR\" \/>\n<meta property=\"og:type\" content=\"article\" \/>\n<meta property=\"og:title\" content=\"Le S\u00e9n\u00e9gal en crise : a-t-on le droit d&#039;en parler ? | Global Africa\" \/>\n<meta property=\"og:description\" content=\"Webinaire \u2013 Le S\u00e9n\u00e9gal en crise : avons-nous le droit d\u2019en parler ? Une discussion essentielle sur la d\u00e9mocratie, la libert\u00e9 d\u2019expression et l\u2019avenir du pays.\" \/>\n<meta property=\"og:url\" content=\"https:\/\/www.globalafricasciences.org\/fr\/le-senegal-en-crise-a-t-on-le-droit-den-parler\/\" \/>\n<meta property=\"og:site_name\" content=\"Global Africa\" \/>\n<meta property=\"article:publisher\" content=\"https:\/\/www.facebook.com\/globalafricasciences\" \/>\n<meta property=\"article:published_time\" content=\"2025-02-25T10:10:25+00:00\" \/>\n<meta property=\"article:modified_time\" content=\"2025-07-04T11:18:25+00:00\" \/>\n<meta name=\"author\" content=\"Global Africa\" \/>\n<meta name=\"twitter:card\" content=\"summary_large_image\" \/>\n<meta name=\"twitter:label1\" content=\"\u00c9crit par\" \/>\n\t<meta name=\"twitter:data1\" content=\"Global Africa\" \/>\n<script type=\"application\/ld+json\" class=\"yoast-schema-graph\">{\"@context\":\"https:\\\/\\\/schema.org\",\"@graph\":[{\"@type\":\"Article\",\"@id\":\"https:\\\/\\\/www.globalafricasciences.org\\\/fr\\\/le-senegal-en-crise-a-t-on-le-droit-den-parler\\\/#article\",\"isPartOf\":{\"@id\":\"https:\\\/\\\/www.globalafricasciences.org\\\/fr\\\/le-senegal-en-crise-a-t-on-le-droit-den-parler\\\/\"},\"author\":{\"name\":\"Global Africa\",\"@id\":\"https:\\\/\\\/www.globalafricasciences.org\\\/fr\\\/#\\\/schema\\\/person\\\/8c11b55a8c7d287934a558c0e354b773\"},\"headline\":\"Le S\u00e9n\u00e9gal en crise : a-t-on le droit d&rsquo;en parler ?\",\"datePublished\":\"2025-02-25T10:10:25+00:00\",\"dateModified\":\"2025-07-04T11:18:25+00:00\",\"mainEntityOfPage\":{\"@id\":\"https:\\\/\\\/www.globalafricasciences.org\\\/fr\\\/le-senegal-en-crise-a-t-on-le-droit-den-parler\\\/\"},\"wordCount\":19,\"commentCount\":0,\"publisher\":{\"@id\":\"https:\\\/\\\/www.globalafricasciences.org\\\/fr\\\/#organization\"},\"image\":{\"@id\":\"https:\\\/\\\/www.globalafricasciences.org\\\/fr\\\/le-senegal-en-crise-a-t-on-le-droit-den-parler\\\/#primaryimage\"},\"thumbnailUrl\":\"https:\\\/\\\/www.globalafricasciences.org\\\/wp-content\\\/uploads\\\/2025\\\/02\\\/Senegal-in-Crisis.avif\",\"articleSection\":[\"Conf\u00e9rences\"],\"inLanguage\":\"fr-FR\",\"potentialAction\":[{\"@type\":\"CommentAction\",\"name\":\"Comment\",\"target\":[\"https:\\\/\\\/www.globalafricasciences.org\\\/fr\\\/le-senegal-en-crise-a-t-on-le-droit-den-parler\\\/#respond\"]}]},{\"@type\":\"WebPage\",\"@id\":\"https:\\\/\\\/www.globalafricasciences.org\\\/fr\\\/le-senegal-en-crise-a-t-on-le-droit-den-parler\\\/\",\"url\":\"https:\\\/\\\/www.globalafricasciences.org\\\/fr\\\/le-senegal-en-crise-a-t-on-le-droit-den-parler\\\/\",\"name\":\"Le S\u00e9n\u00e9gal en crise : a-t-on le droit d'en parler ? | Global Africa\",\"isPartOf\":{\"@id\":\"https:\\\/\\\/www.globalafricasciences.org\\\/fr\\\/#website\"},\"primaryImageOfPage\":{\"@id\":\"https:\\\/\\\/www.globalafricasciences.org\\\/fr\\\/le-senegal-en-crise-a-t-on-le-droit-den-parler\\\/#primaryimage\"},\"image\":{\"@id\":\"https:\\\/\\\/www.globalafricasciences.org\\\/fr\\\/le-senegal-en-crise-a-t-on-le-droit-den-parler\\\/#primaryimage\"},\"thumbnailUrl\":\"https:\\\/\\\/www.globalafricasciences.org\\\/wp-content\\\/uploads\\\/2025\\\/02\\\/Senegal-in-Crisis.avif\",\"datePublished\":\"2025-02-25T10:10:25+00:00\",\"dateModified\":\"2025-07-04T11:18:25+00:00\",\"description\":\"Webinaire \u2013 Le S\u00e9n\u00e9gal en crise : avons-nous le droit d\u2019en parler ? Une discussion essentielle sur la d\u00e9mocratie, la libert\u00e9 d\u2019expression et l\u2019avenir du pays.\",\"breadcrumb\":{\"@id\":\"https:\\\/\\\/www.globalafricasciences.org\\\/fr\\\/le-senegal-en-crise-a-t-on-le-droit-den-parler\\\/#breadcrumb\"},\"inLanguage\":\"fr-FR\",\"potentialAction\":[{\"@type\":\"ReadAction\",\"target\":[\"https:\\\/\\\/www.globalafricasciences.org\\\/fr\\\/le-senegal-en-crise-a-t-on-le-droit-den-parler\\\/\"]}]},{\"@type\":\"ImageObject\",\"inLanguage\":\"fr-FR\",\"@id\":\"https:\\\/\\\/www.globalafricasciences.org\\\/fr\\\/le-senegal-en-crise-a-t-on-le-droit-den-parler\\\/#primaryimage\",\"url\":\"https:\\\/\\\/www.globalafricasciences.org\\\/wp-content\\\/uploads\\\/2025\\\/02\\\/Senegal-in-Crisis.avif\",\"contentUrl\":\"https:\\\/\\\/www.globalafricasciences.org\\\/wp-content\\\/uploads\\\/2025\\\/02\\\/Senegal-in-Crisis.avif\",\"width\":1131,\"height\":1600},{\"@type\":\"BreadcrumbList\",\"@id\":\"https:\\\/\\\/www.globalafricasciences.org\\\/fr\\\/le-senegal-en-crise-a-t-on-le-droit-den-parler\\\/#breadcrumb\",\"itemListElement\":[{\"@type\":\"ListItem\",\"position\":1,\"name\":\"Home\",\"item\":\"https:\\\/\\\/www.globalafricasciences.org\\\/fr\\\/accueil\\\/\"},{\"@type\":\"ListItem\",\"position\":2,\"name\":\"Le S\u00e9n\u00e9gal en crise : a-t-on le droit d&#8217;en parler ?\"}]},{\"@type\":\"WebSite\",\"@id\":\"https:\\\/\\\/www.globalafricasciences.org\\\/fr\\\/#website\",\"url\":\"https:\\\/\\\/www.globalafricasciences.org\\\/fr\\\/\",\"name\":\"Global Africa\",\"description\":\"Pan-African Scientific Journal\",\"publisher\":{\"@id\":\"https:\\\/\\\/www.globalafricasciences.org\\\/fr\\\/#organization\"},\"potentialAction\":[{\"@type\":\"SearchAction\",\"target\":{\"@type\":\"EntryPoint\",\"urlTemplate\":\"https:\\\/\\\/www.globalafricasciences.org\\\/fr\\\/?s={search_term_string}\"},\"query-input\":{\"@type\":\"PropertyValueSpecification\",\"valueRequired\":true,\"valueName\":\"search_term_string\"}}],\"inLanguage\":\"fr-FR\"},{\"@type\":\"Organization\",\"@id\":\"https:\\\/\\\/www.globalafricasciences.org\\\/fr\\\/#organization\",\"name\":\"Global Africa\",\"url\":\"https:\\\/\\\/www.globalafricasciences.org\\\/fr\\\/\",\"logo\":{\"@type\":\"ImageObject\",\"inLanguage\":\"fr-FR\",\"@id\":\"https:\\\/\\\/www.globalafricasciences.org\\\/fr\\\/#\\\/schema\\\/logo\\\/image\\\/\",\"url\":\"https:\\\/\\\/www.globalafricasciences.org\\\/wp-content\\\/uploads\\\/2024\\\/12\\\/Globalafrica.png\",\"contentUrl\":\"https:\\\/\\\/www.globalafricasciences.org\\\/wp-content\\\/uploads\\\/2024\\\/12\\\/Globalafrica.png\",\"width\":1680,\"height\":750,\"caption\":\"Global Africa\"},\"image\":{\"@id\":\"https:\\\/\\\/www.globalafricasciences.org\\\/fr\\\/#\\\/schema\\\/logo\\\/image\\\/\"},\"sameAs\":[\"https:\\\/\\\/www.facebook.com\\\/globalafricasciences\"]},{\"@type\":\"Person\",\"@id\":\"https:\\\/\\\/www.globalafricasciences.org\\\/fr\\\/#\\\/schema\\\/person\\\/8c11b55a8c7d287934a558c0e354b773\",\"name\":\"Global Africa\",\"image\":{\"@type\":\"ImageObject\",\"inLanguage\":\"fr-FR\",\"@id\":\"https:\\\/\\\/www.globalafricasciences.org\\\/wp-content\\\/uploads\\\/2024\\\/11\\\/Global-Africa.jpgd44bc09810f00cf464135b8441da2384\",\"url\":\"https:\\\/\\\/www.globalafricasciences.org\\\/wp-content\\\/uploads\\\/2024\\\/11\\\/Global-Africa.jpg\",\"contentUrl\":\"https:\\\/\\\/www.globalafricasciences.org\\\/wp-content\\\/uploads\\\/2024\\\/11\\\/Global-Africa.jpg\",\"caption\":\"Global Africa\"},\"description\":\"The editorial board of the journal is led by Mame-Penda Ba, a professor of political science at Gaston Berger University and the director of LASPAD(Laboratory of Social, Political, and Administrative Studies), Senegal.\",\"url\":\"https:\\\/\\\/www.globalafricasciences.org\\\/author\\\/globalafrica\\\/\"}]}<\/script>\n<!-- \/ Yoast SEO plugin. -->","yoast_head_json":{"title":"Le S\u00e9n\u00e9gal en crise : a-t-on le droit d'en parler ? | Global Africa","description":"Webinaire \u2013 Le S\u00e9n\u00e9gal en crise : avons-nous le droit d\u2019en parler ? Une discussion essentielle sur la d\u00e9mocratie, la libert\u00e9 d\u2019expression et l\u2019avenir du pays.","robots":{"index":"index","follow":"follow","max-snippet":"max-snippet:-1","max-image-preview":"max-image-preview:large","max-video-preview":"max-video-preview:-1"},"canonical":"https:\/\/www.globalafricasciences.org\/fr\/le-senegal-en-crise-a-t-on-le-droit-den-parler\/","og_locale":"fr_FR","og_type":"article","og_title":"Le S\u00e9n\u00e9gal en crise : a-t-on le droit d'en parler ? | Global Africa","og_description":"Webinaire \u2013 Le S\u00e9n\u00e9gal en crise : avons-nous le droit d\u2019en parler ? Une discussion essentielle sur la d\u00e9mocratie, la libert\u00e9 d\u2019expression et l\u2019avenir du pays.","og_url":"https:\/\/www.globalafricasciences.org\/fr\/le-senegal-en-crise-a-t-on-le-droit-den-parler\/","og_site_name":"Global Africa","article_publisher":"https:\/\/www.facebook.com\/globalafricasciences","article_published_time":"2025-02-25T10:10:25+00:00","article_modified_time":"2025-07-04T11:18:25+00:00","author":"Global Africa","twitter_card":"summary_large_image","twitter_misc":{"\u00c9crit par":"Global Africa"},"schema":{"@context":"https:\/\/schema.org","@graph":[{"@type":"Article","@id":"https:\/\/www.globalafricasciences.org\/fr\/le-senegal-en-crise-a-t-on-le-droit-den-parler\/#article","isPartOf":{"@id":"https:\/\/www.globalafricasciences.org\/fr\/le-senegal-en-crise-a-t-on-le-droit-den-parler\/"},"author":{"name":"Global Africa","@id":"https:\/\/www.globalafricasciences.org\/fr\/#\/schema\/person\/8c11b55a8c7d287934a558c0e354b773"},"headline":"Le S\u00e9n\u00e9gal en crise : a-t-on le droit d&rsquo;en parler ?","datePublished":"2025-02-25T10:10:25+00:00","dateModified":"2025-07-04T11:18:25+00:00","mainEntityOfPage":{"@id":"https:\/\/www.globalafricasciences.org\/fr\/le-senegal-en-crise-a-t-on-le-droit-den-parler\/"},"wordCount":19,"commentCount":0,"publisher":{"@id":"https:\/\/www.globalafricasciences.org\/fr\/#organization"},"image":{"@id":"https:\/\/www.globalafricasciences.org\/fr\/le-senegal-en-crise-a-t-on-le-droit-den-parler\/#primaryimage"},"thumbnailUrl":"https:\/\/www.globalafricasciences.org\/wp-content\/uploads\/2025\/02\/Senegal-in-Crisis.avif","articleSection":["Conf\u00e9rences"],"inLanguage":"fr-FR","potentialAction":[{"@type":"CommentAction","name":"Comment","target":["https:\/\/www.globalafricasciences.org\/fr\/le-senegal-en-crise-a-t-on-le-droit-den-parler\/#respond"]}]},{"@type":"WebPage","@id":"https:\/\/www.globalafricasciences.org\/fr\/le-senegal-en-crise-a-t-on-le-droit-den-parler\/","url":"https:\/\/www.globalafricasciences.org\/fr\/le-senegal-en-crise-a-t-on-le-droit-den-parler\/","name":"Le S\u00e9n\u00e9gal en crise : a-t-on le droit d'en parler ? | Global Africa","isPartOf":{"@id":"https:\/\/www.globalafricasciences.org\/fr\/#website"},"primaryImageOfPage":{"@id":"https:\/\/www.globalafricasciences.org\/fr\/le-senegal-en-crise-a-t-on-le-droit-den-parler\/#primaryimage"},"image":{"@id":"https:\/\/www.globalafricasciences.org\/fr\/le-senegal-en-crise-a-t-on-le-droit-den-parler\/#primaryimage"},"thumbnailUrl":"https:\/\/www.globalafricasciences.org\/wp-content\/uploads\/2025\/02\/Senegal-in-Crisis.avif","datePublished":"2025-02-25T10:10:25+00:00","dateModified":"2025-07-04T11:18:25+00:00","description":"Webinaire \u2013 Le S\u00e9n\u00e9gal en crise : avons-nous le droit d\u2019en parler ? Une discussion essentielle sur la d\u00e9mocratie, la libert\u00e9 d\u2019expression et l\u2019avenir du pays.","breadcrumb":{"@id":"https:\/\/www.globalafricasciences.org\/fr\/le-senegal-en-crise-a-t-on-le-droit-den-parler\/#breadcrumb"},"inLanguage":"fr-FR","potentialAction":[{"@type":"ReadAction","target":["https:\/\/www.globalafricasciences.org\/fr\/le-senegal-en-crise-a-t-on-le-droit-den-parler\/"]}]},{"@type":"ImageObject","inLanguage":"fr-FR","@id":"https:\/\/www.globalafricasciences.org\/fr\/le-senegal-en-crise-a-t-on-le-droit-den-parler\/#primaryimage","url":"https:\/\/www.globalafricasciences.org\/wp-content\/uploads\/2025\/02\/Senegal-in-Crisis.avif","contentUrl":"https:\/\/www.globalafricasciences.org\/wp-content\/uploads\/2025\/02\/Senegal-in-Crisis.avif","width":1131,"height":1600},{"@type":"BreadcrumbList","@id":"https:\/\/www.globalafricasciences.org\/fr\/le-senegal-en-crise-a-t-on-le-droit-den-parler\/#breadcrumb","itemListElement":[{"@type":"ListItem","position":1,"name":"Home","item":"https:\/\/www.globalafricasciences.org\/fr\/accueil\/"},{"@type":"ListItem","position":2,"name":"Le S\u00e9n\u00e9gal en crise : a-t-on le droit d&#8217;en parler ?"}]},{"@type":"WebSite","@id":"https:\/\/www.globalafricasciences.org\/fr\/#website","url":"https:\/\/www.globalafricasciences.org\/fr\/","name":"Global Africa","description":"Pan-African Scientific Journal","publisher":{"@id":"https:\/\/www.globalafricasciences.org\/fr\/#organization"},"potentialAction":[{"@type":"SearchAction","target":{"@type":"EntryPoint","urlTemplate":"https:\/\/www.globalafricasciences.org\/fr\/?s={search_term_string}"},"query-input":{"@type":"PropertyValueSpecification","valueRequired":true,"valueName":"search_term_string"}}],"inLanguage":"fr-FR"},{"@type":"Organization","@id":"https:\/\/www.globalafricasciences.org\/fr\/#organization","name":"Global Africa","url":"https:\/\/www.globalafricasciences.org\/fr\/","logo":{"@type":"ImageObject","inLanguage":"fr-FR","@id":"https:\/\/www.globalafricasciences.org\/fr\/#\/schema\/logo\/image\/","url":"https:\/\/www.globalafricasciences.org\/wp-content\/uploads\/2024\/12\/Globalafrica.png","contentUrl":"https:\/\/www.globalafricasciences.org\/wp-content\/uploads\/2024\/12\/Globalafrica.png","width":1680,"height":750,"caption":"Global Africa"},"image":{"@id":"https:\/\/www.globalafricasciences.org\/fr\/#\/schema\/logo\/image\/"},"sameAs":["https:\/\/www.facebook.com\/globalafricasciences"]},{"@type":"Person","@id":"https:\/\/www.globalafricasciences.org\/fr\/#\/schema\/person\/8c11b55a8c7d287934a558c0e354b773","name":"Global Africa","image":{"@type":"ImageObject","inLanguage":"fr-FR","@id":"https:\/\/www.globalafricasciences.org\/wp-content\/uploads\/2024\/11\/Global-Africa.jpgd44bc09810f00cf464135b8441da2384","url":"https:\/\/www.globalafricasciences.org\/wp-content\/uploads\/2024\/11\/Global-Africa.jpg","contentUrl":"https:\/\/www.globalafricasciences.org\/wp-content\/uploads\/2024\/11\/Global-Africa.jpg","caption":"Global Africa"},"description":"The editorial board of the journal is led by Mame-Penda Ba, a professor of political science at Gaston Berger University and the director of LASPAD(Laboratory of Social, Political, and Administrative Studies), Senegal.","url":"https:\/\/www.globalafricasciences.org\/author\/globalafrica\/"}]}},"acf":[],"authors":[{"term_id":265,"user_id":0,"is_guest":1,"slug":"global-africa","display_name":"Global Africa","avatar_url":{"url":"https:\/\/www.globalafricasciences.org\/wp-content\/uploads\/2024\/11\/Global-Africa.jpg","url2x":"https:\/\/www.globalafricasciences.org\/wp-content\/uploads\/2024\/11\/Global-Africa.jpg"},"author_category":"1","exclude_author":"","main-organisation":"Universit\u00e9 Gaston Berger","country_of_org":"S\u00e9n\u00e9gal","field_of_work":"Sciences sociales","first_name":"","last_name":"","user_url":"","job_title":"","description":"<div id=\"comp-lmq9yt56\" class=\"HcOXKn c9GqVL QxJLC3 lq2cno YQcXTT comp-lmq9yt56 wixui-rich-text\" data-testid=\"richTextElement\">\r\n<p class=\"font_8 wixui-rich-text__text\">La r\u00e9daction de la revue est dirig\u00e9e par Mame-Penda Ba, professeure de sciences politiques \u00e0 l'Universit\u00e9 Gaston Berger et directrice du LASPAD, S\u00e9n\u00e9gal<\/p>\r\n\r\n<\/div>"}],"_links":{"self":[{"href":"https:\/\/www.globalafricasciences.org\/fr\/wp-json\/wp\/v2\/posts\/8700","targetHints":{"allow":["GET"]}}],"collection":[{"href":"https:\/\/www.globalafricasciences.org\/fr\/wp-json\/wp\/v2\/posts"}],"about":[{"href":"https:\/\/www.globalafricasciences.org\/fr\/wp-json\/wp\/v2\/types\/post"}],"author":[{"embeddable":true,"href":"https:\/\/www.globalafricasciences.org\/fr\/wp-json\/wp\/v2\/users\/50"}],"replies":[{"embeddable":true,"href":"https:\/\/www.globalafricasciences.org\/fr\/wp-json\/wp\/v2\/comments?post=8700"}],"version-history":[{"count":0,"href":"https:\/\/www.globalafricasciences.org\/fr\/wp-json\/wp\/v2\/posts\/8700\/revisions"}],"wp:featuredmedia":[{"embeddable":true,"href":"https:\/\/www.globalafricasciences.org\/fr\/wp-json\/wp\/v2\/media\/8697"}],"wp:attachment":[{"href":"https:\/\/www.globalafricasciences.org\/fr\/wp-json\/wp\/v2\/media?parent=8700"}],"wp:term":[{"taxonomy":"category","embeddable":true,"href":"https:\/\/www.globalafricasciences.org\/fr\/wp-json\/wp\/v2\/categories?post=8700"},{"taxonomy":"post_tag","embeddable":true,"href":"https:\/\/www.globalafricasciences.org\/fr\/wp-json\/wp\/v2\/tags?post=8700"},{"taxonomy":"issues3","embeddable":true,"href":"https:\/\/www.globalafricasciences.org\/fr\/wp-json\/wp\/v2\/issues3?post=8700"},{"taxonomy":"post_folder","embeddable":true,"href":"https:\/\/www.globalafricasciences.org\/fr\/wp-json\/wp\/v2\/post_folder?post=8700"},{"taxonomy":"author","embeddable":true,"href":"https:\/\/www.globalafricasciences.org\/fr\/wp-json\/wp\/v2\/ppma_author?post=8700"}],"curies":[{"name":"wp","href":"https:\/\/api.w.org\/{rel}","templated":true}]}}