{"id":8679,"date":"2025-02-25T09:53:20","date_gmt":"2025-02-25T09:53:20","guid":{"rendered":"https:\/\/www.globalafricasciences.org\/actualites\/le-niger-apres-le-coup-detat-regards-croises-sur-les-implications-regionales-et-internationales\/"},"modified":"2025-07-04T11:39:31","modified_gmt":"2025-07-04T11:39:31","slug":"le-niger-apres-le-coup-detat-regards-croises-sur-les-implications-regionales-et-internationales","status":"publish","type":"post","link":"https:\/\/www.globalafricasciences.org\/fr\/le-niger-apres-le-coup-detat-regards-croises-sur-les-implications-regionales-et-internationales\/","title":{"rendered":"Le Niger apr\u00e8s le coup d&rsquo;\u00c9tat : Regards crois\u00e9s sur les implications r\u00e9gionales et internationales"},"content":{"rendered":"\n<p>Le LASPAD vous invite chaleureusement \u00e0 rejoindre cette conversation en vous connectant ce mercredi 30 ao\u00fbt 2023 \u00e0 16h UTC sur : <a href=\"https:\/\/rb.gy\/tep8o\" target=\"_blank\" rel=\"noreferrer noopener\"><strong>https:\/\/rb.gy\/tep8o<\/strong><\/a>.<\/p>\n\n<figure class=\"wp-block-image size-full\"><img fetchpriority=\"high\" decoding=\"async\" width=\"1080\" height=\"1080\" src=\"https:\/\/www.globalafricasciences.org\/wp-content\/uploads\/2025\/02\/Niger-After-the-Coup-dEtat.avif\" alt=\"\" class=\"wp-image-8675\"\/><\/figure>\n\n<p><\/p>\n\n<p id=\"viewer-a0h5d\">L&rsquo;\u00e9mission <strong>\u00ab Temps d\u2019Afrique. L\u2019\u00e9mission du barom\u00e8tre citoyen de la s\u00e9curit\u00e9 \u00bb<\/strong> est un espace de discussion approfondie sur les divers aspects de la s\u00e9curit\u00e9 humaine en Afrique. Elle est organis\u00e9e sous la forme d\u2019un webinaire anim\u00e9 par des experts et des chercheurs dans des domaines vari\u00e9s tels que la politique, l&rsquo;\u00e9conomie, la sant\u00e9, l&rsquo;environnement et la technologie. L&rsquo;\u00e9mission vise \u00e0 sensibiliser le public aux d\u00e9fis et aux opportunit\u00e9s li\u00e9s \u00e0 la s\u00e9curit\u00e9 humaine sur le continent africain.  <\/p>\n\n<p id=\"viewer-63ugq\">Intitul\u00e9 <strong>\u00ab Le Niger apr\u00e8s le coup d&rsquo;\u00c9tat : regards crois\u00e9s sur les implications r\u00e9gionales et internationales \u00bb,<\/strong> cette deuxi\u00e8me \u00e9dition se tiendra le 30 ao\u00fbt 2023, et portera sur la situation au Niger apr\u00e8s le coup d\u2019\u00c9tat contre le Pr\u00e9sident Mohamed BAZOUM. Au moment, les interrogations sur la motivation de ce coup de force persistent, les r\u00e9actions de divers acteurs internationaux s\u2019intensifient. <\/p>\n\n<p id=\"viewer-b2np\">En effet, les 10 ao\u00fbt 2023, lors d\u2019une r\u00e9union exceptionnelle \u00e0 Abuja, la Conf\u00e9rence des chefs d&rsquo;\u00c9tat de la CEDEAO a pris une d\u00e9cision majeure en validant le projet d&rsquo;intervention militaire au Niger. Cette d\u00e9cision historique ouvre la voie \u00e0 la mobilisation d&rsquo;une force r\u00e9gionale, principalement constitu\u00e9e de troupes ivoiriennes et s\u00e9n\u00e9galaises. Toutefois, avant de se d\u00e9ployer, cette initiative requiert l&rsquo;approbation pr\u00e9alable de l&rsquo;Union Africaine (UA) et pourrait \u00e9galement n\u00e9cessiter le feu vert du Conseil de S\u00e9curit\u00e9 des Nations Unies.  <\/p>\n\n<p id=\"viewer-ab7nn\">Les d\u00e9bats autour de cette \u00e9ventuelle intervention militaire mettent en lumi\u00e8re les tractations diplomatiques de grandes puissances occidentales (USA, France, Russie) et r\u00e9gionales (CEDEAO, Union Africaine). Si la France annonce qu\u2019elle \u00e9tudiera toute demande d\u2019appui militaire de la part de la CEDEAO, des pays de la sous-r\u00e9gion ont d\u00e9j\u00e0 offert leur soucien au CNSP (Mali, Burkina Faso et Guin\u00e9e Conakry). Pour d\u2019autres, m\u00eame s\u2019il ne s\u2019agit pas d\u2019une alliance explicite, opposent un niet cat\u00e9gorique \u00e0 l\u2019option militaire (Tchad, Alg\u00e9rie). Au regard des enjeux \u00e0 la fois diplomatiques, s\u00e9curitaires et sociales, beaucoup de questions attendent nos intervenants.   <\/p>\n\n<p id=\"viewer-3ndes\">Le LASPAD vous invite chaleureusement \u00e0 rejoindre cette conversation en vous connectant ce mercredi 30 ao\u00fbt 2023 \u00e0 16h UTC sur : <a target=\"_blank\" href=\"https:\/\/rb.gy\/tep8o\" rel=\"noreferrer noopener\"><strong>https:\/\/rb.gy\/tep8o<\/strong><\/a>.<\/p>\n","protected":false},"excerpt":{"rendered":"<p>Le LASPAD vous invite chaleureusement \u00e0 rejoindre cette conversation en vous connectant ce mercredi 30 ao\u00fbt 2023 \u00e0 16h UTC sur : https:\/\/rb.gy\/tep8o. L&rsquo;\u00e9mission \u00ab Temps d\u2019Afrique. L\u2019\u00e9mission du barom\u00e8tre citoyen de la s\u00e9curit\u00e9 \u00bb est un espace de discussion approfondie sur les divers aspects de la s\u00e9curit\u00e9 humaine en Afrique. Elle est organis\u00e9e sous la forme d\u2019un webinaire anim\u00e9 par des experts et des chercheurs dans des domaines vari\u00e9s tels que la politique, l&rsquo;\u00e9conomie, la sant\u00e9, l&rsquo;environnement et la technologie. L&rsquo;\u00e9mission vise \u00e0 sensibiliser le public aux d\u00e9fis et aux opportunit\u00e9s li\u00e9s \u00e0 la s\u00e9curit\u00e9 humaine sur le continent africain. Intitul\u00e9 \u00ab Le Niger apr\u00e8s le coup d&rsquo;\u00c9tat : regards crois\u00e9s sur les implications r\u00e9gionales et internationales \u00bb, cette deuxi\u00e8me \u00e9dition se tiendra le 30 ao\u00fbt 2023, et portera sur la situation au Niger apr\u00e8s le coup d\u2019\u00c9tat contre le Pr\u00e9sident Mohamed BAZOUM. Au moment, les interrogations sur la motivation de ce coup de force persistent, les r\u00e9actions de divers acteurs internationaux s\u2019intensifient. En effet, les 10 ao\u00fbt 2023, lors d\u2019une r\u00e9union exceptionnelle \u00e0 Abuja, la Conf\u00e9rence des chefs d&rsquo;\u00c9tat de la CEDEAO a pris une d\u00e9cision majeure en validant le projet d&rsquo;intervention militaire au Niger. Cette d\u00e9cision historique ouvre la voie \u00e0 la mobilisation d&rsquo;une force r\u00e9gionale, principalement constitu\u00e9e de troupes ivoiriennes et s\u00e9n\u00e9galaises. Toutefois, avant de se d\u00e9ployer, cette initiative requiert l&rsquo;approbation pr\u00e9alable de l&rsquo;Union Africaine (UA) et pourrait \u00e9galement n\u00e9cessiter le feu vert du Conseil de S\u00e9curit\u00e9 des Nations Unies. Les d\u00e9bats autour de cette \u00e9ventuelle intervention militaire mettent en lumi\u00e8re les tractations diplomatiques de grandes puissances occidentales (USA, France, Russie) et r\u00e9gionales (CEDEAO, Union Africaine). Si la France annonce qu\u2019elle \u00e9tudiera toute demande d\u2019appui militaire de la part de la CEDEAO, des pays de la sous-r\u00e9gion ont d\u00e9j\u00e0 offert leur soucien au CNSP (Mali, Burkina Faso et Guin\u00e9e Conakry). Pour d\u2019autres, m\u00eame s\u2019il ne s\u2019agit pas d\u2019une alliance explicite, opposent un niet cat\u00e9gorique \u00e0 l\u2019option militaire (Tchad, Alg\u00e9rie). Au regard des enjeux \u00e0 la fois diplomatiques, s\u00e9curitaires et sociales, beaucoup de questions attendent nos intervenants. Le LASPAD vous invite chaleureusement \u00e0 rejoindre cette conversation en vous connectant ce mercredi 30 ao\u00fbt 2023 \u00e0 16h UTC sur : https:\/\/rb.gy\/tep8o.<\/p>\n","protected":false},"author":50,"featured_media":8676,"comment_status":"open","ping_status":"open","sticky":false,"template":"","format":"standard","meta":{"footnotes":""},"categories":[179],"tags":[],"issues3":[],"post_folder":[],"ppma_author":[265],"class_list":["post-8679","post","type-post","status-publish","format-standard","has-post-thumbnail","hentry","category-conferences-fr","author-global-africa"],"yoast_head":"<!-- This site is optimized with the Yoast SEO plugin v27.5 - https:\/\/yoast.com\/product\/yoast-seo-wordpress\/ -->\n<title>Le Niger apr\u00e8s le coup d&#039;\u00c9tat : Regards crois\u00e9s sur les implications r\u00e9gionales et internationales | Global Africa<\/title>\n<meta name=\"description\" content=\"Rejoignez-nous pour un d\u00e9bat sur la situation post-coup d\u2019\u00c9tat au Niger : enjeux s\u00e9curitaires, diplomatiques et implications r\u00e9gionales.\" \/>\n<meta name=\"robots\" content=\"index, follow, max-snippet:-1, max-image-preview:large, max-video-preview:-1\" \/>\n<link rel=\"canonical\" href=\"https:\/\/www.globalafricasciences.org\/fr\/le-niger-apres-le-coup-detat-regards-croises-sur-les-implications-regionales-et-internationales\/\" \/>\n<meta property=\"og:locale\" content=\"fr_FR\" \/>\n<meta property=\"og:type\" content=\"article\" \/>\n<meta property=\"og:title\" content=\"Le Niger apr\u00e8s le coup d&#039;\u00c9tat : Regards crois\u00e9s sur les implications r\u00e9gionales et internationales | Global Africa\" \/>\n<meta property=\"og:description\" content=\"Rejoignez-nous pour un d\u00e9bat sur la situation post-coup d\u2019\u00c9tat au Niger : enjeux s\u00e9curitaires, diplomatiques et implications r\u00e9gionales.\" \/>\n<meta property=\"og:url\" content=\"https:\/\/www.globalafricasciences.org\/fr\/le-niger-apres-le-coup-detat-regards-croises-sur-les-implications-regionales-et-internationales\/\" \/>\n<meta property=\"og:site_name\" content=\"Global Africa\" \/>\n<meta property=\"article:publisher\" content=\"https:\/\/www.facebook.com\/globalafricasciences\" \/>\n<meta property=\"article:published_time\" content=\"2025-02-25T09:53:20+00:00\" \/>\n<meta property=\"article:modified_time\" content=\"2025-07-04T11:39:31+00:00\" \/>\n<meta name=\"author\" content=\"Global Africa\" \/>\n<meta name=\"twitter:card\" content=\"summary_large_image\" \/>\n<meta name=\"twitter:label1\" content=\"\u00c9crit par\" \/>\n\t<meta name=\"twitter:data1\" content=\"Global Africa\" \/>\n\t<meta name=\"twitter:label2\" content=\"Dur\u00e9e de lecture estim\u00e9e\" \/>\n\t<meta name=\"twitter:data2\" content=\"2 minutes\" \/>\n<script type=\"application\/ld+json\" class=\"yoast-schema-graph\">{\"@context\":\"https:\\\/\\\/schema.org\",\"@graph\":[{\"@type\":\"Article\",\"@id\":\"https:\\\/\\\/www.globalafricasciences.org\\\/fr\\\/le-niger-apres-le-coup-detat-regards-croises-sur-les-implications-regionales-et-internationales\\\/#article\",\"isPartOf\":{\"@id\":\"https:\\\/\\\/www.globalafricasciences.org\\\/fr\\\/le-niger-apres-le-coup-detat-regards-croises-sur-les-implications-regionales-et-internationales\\\/\"},\"author\":{\"name\":\"Global Africa\",\"@id\":\"https:\\\/\\\/www.globalafricasciences.org\\\/fr\\\/#\\\/schema\\\/person\\\/8c11b55a8c7d287934a558c0e354b773\"},\"headline\":\"Le Niger apr\u00e8s le coup d&rsquo;\u00c9tat : Regards crois\u00e9s sur les implications r\u00e9gionales et internationales\",\"datePublished\":\"2025-02-25T09:53:20+00:00\",\"dateModified\":\"2025-07-04T11:39:31+00:00\",\"mainEntityOfPage\":{\"@id\":\"https:\\\/\\\/www.globalafricasciences.org\\\/fr\\\/le-niger-apres-le-coup-detat-regards-croises-sur-les-implications-regionales-et-internationales\\\/\"},\"wordCount\":429,\"commentCount\":0,\"publisher\":{\"@id\":\"https:\\\/\\\/www.globalafricasciences.org\\\/fr\\\/#organization\"},\"image\":{\"@id\":\"https:\\\/\\\/www.globalafricasciences.org\\\/fr\\\/le-niger-apres-le-coup-detat-regards-croises-sur-les-implications-regionales-et-internationales\\\/#primaryimage\"},\"thumbnailUrl\":\"https:\\\/\\\/www.globalafricasciences.org\\\/wp-content\\\/uploads\\\/2025\\\/02\\\/Niger-After-the-Coup-dEtat.avif\",\"articleSection\":[\"Conf\u00e9rences\"],\"inLanguage\":\"fr-FR\",\"potentialAction\":[{\"@type\":\"CommentAction\",\"name\":\"Comment\",\"target\":[\"https:\\\/\\\/www.globalafricasciences.org\\\/fr\\\/le-niger-apres-le-coup-detat-regards-croises-sur-les-implications-regionales-et-internationales\\\/#respond\"]}]},{\"@type\":\"WebPage\",\"@id\":\"https:\\\/\\\/www.globalafricasciences.org\\\/fr\\\/le-niger-apres-le-coup-detat-regards-croises-sur-les-implications-regionales-et-internationales\\\/\",\"url\":\"https:\\\/\\\/www.globalafricasciences.org\\\/fr\\\/le-niger-apres-le-coup-detat-regards-croises-sur-les-implications-regionales-et-internationales\\\/\",\"name\":\"Le Niger apr\u00e8s le coup d'\u00c9tat : Regards crois\u00e9s sur les implications r\u00e9gionales et internationales | Global Africa\",\"isPartOf\":{\"@id\":\"https:\\\/\\\/www.globalafricasciences.org\\\/fr\\\/#website\"},\"primaryImageOfPage\":{\"@id\":\"https:\\\/\\\/www.globalafricasciences.org\\\/fr\\\/le-niger-apres-le-coup-detat-regards-croises-sur-les-implications-regionales-et-internationales\\\/#primaryimage\"},\"image\":{\"@id\":\"https:\\\/\\\/www.globalafricasciences.org\\\/fr\\\/le-niger-apres-le-coup-detat-regards-croises-sur-les-implications-regionales-et-internationales\\\/#primaryimage\"},\"thumbnailUrl\":\"https:\\\/\\\/www.globalafricasciences.org\\\/wp-content\\\/uploads\\\/2025\\\/02\\\/Niger-After-the-Coup-dEtat.avif\",\"datePublished\":\"2025-02-25T09:53:20+00:00\",\"dateModified\":\"2025-07-04T11:39:31+00:00\",\"description\":\"Rejoignez-nous pour un d\u00e9bat sur la situation post-coup d\u2019\u00c9tat au Niger : enjeux s\u00e9curitaires, diplomatiques et implications r\u00e9gionales.\",\"breadcrumb\":{\"@id\":\"https:\\\/\\\/www.globalafricasciences.org\\\/fr\\\/le-niger-apres-le-coup-detat-regards-croises-sur-les-implications-regionales-et-internationales\\\/#breadcrumb\"},\"inLanguage\":\"fr-FR\",\"potentialAction\":[{\"@type\":\"ReadAction\",\"target\":[\"https:\\\/\\\/www.globalafricasciences.org\\\/fr\\\/le-niger-apres-le-coup-detat-regards-croises-sur-les-implications-regionales-et-internationales\\\/\"]}]},{\"@type\":\"ImageObject\",\"inLanguage\":\"fr-FR\",\"@id\":\"https:\\\/\\\/www.globalafricasciences.org\\\/fr\\\/le-niger-apres-le-coup-detat-regards-croises-sur-les-implications-regionales-et-internationales\\\/#primaryimage\",\"url\":\"https:\\\/\\\/www.globalafricasciences.org\\\/wp-content\\\/uploads\\\/2025\\\/02\\\/Niger-After-the-Coup-dEtat.avif\",\"contentUrl\":\"https:\\\/\\\/www.globalafricasciences.org\\\/wp-content\\\/uploads\\\/2025\\\/02\\\/Niger-After-the-Coup-dEtat.avif\",\"width\":1080,\"height\":1080},{\"@type\":\"BreadcrumbList\",\"@id\":\"https:\\\/\\\/www.globalafricasciences.org\\\/fr\\\/le-niger-apres-le-coup-detat-regards-croises-sur-les-implications-regionales-et-internationales\\\/#breadcrumb\",\"itemListElement\":[{\"@type\":\"ListItem\",\"position\":1,\"name\":\"Home\",\"item\":\"https:\\\/\\\/www.globalafricasciences.org\\\/fr\\\/accueil\\\/\"},{\"@type\":\"ListItem\",\"position\":2,\"name\":\"Le Niger apr\u00e8s le coup d&#8217;\u00c9tat : Regards crois\u00e9s sur les implications r\u00e9gionales et internationales\"}]},{\"@type\":\"WebSite\",\"@id\":\"https:\\\/\\\/www.globalafricasciences.org\\\/fr\\\/#website\",\"url\":\"https:\\\/\\\/www.globalafricasciences.org\\\/fr\\\/\",\"name\":\"Global Africa\",\"description\":\"Pan-African Scientific Journal\",\"publisher\":{\"@id\":\"https:\\\/\\\/www.globalafricasciences.org\\\/fr\\\/#organization\"},\"potentialAction\":[{\"@type\":\"SearchAction\",\"target\":{\"@type\":\"EntryPoint\",\"urlTemplate\":\"https:\\\/\\\/www.globalafricasciences.org\\\/fr\\\/?s={search_term_string}\"},\"query-input\":{\"@type\":\"PropertyValueSpecification\",\"valueRequired\":true,\"valueName\":\"search_term_string\"}}],\"inLanguage\":\"fr-FR\"},{\"@type\":\"Organization\",\"@id\":\"https:\\\/\\\/www.globalafricasciences.org\\\/fr\\\/#organization\",\"name\":\"Global Africa\",\"url\":\"https:\\\/\\\/www.globalafricasciences.org\\\/fr\\\/\",\"logo\":{\"@type\":\"ImageObject\",\"inLanguage\":\"fr-FR\",\"@id\":\"https:\\\/\\\/www.globalafricasciences.org\\\/fr\\\/#\\\/schema\\\/logo\\\/image\\\/\",\"url\":\"https:\\\/\\\/www.globalafricasciences.org\\\/wp-content\\\/uploads\\\/2024\\\/12\\\/Globalafrica.png\",\"contentUrl\":\"https:\\\/\\\/www.globalafricasciences.org\\\/wp-content\\\/uploads\\\/2024\\\/12\\\/Globalafrica.png\",\"width\":1680,\"height\":750,\"caption\":\"Global Africa\"},\"image\":{\"@id\":\"https:\\\/\\\/www.globalafricasciences.org\\\/fr\\\/#\\\/schema\\\/logo\\\/image\\\/\"},\"sameAs\":[\"https:\\\/\\\/www.facebook.com\\\/globalafricasciences\"]},{\"@type\":\"Person\",\"@id\":\"https:\\\/\\\/www.globalafricasciences.org\\\/fr\\\/#\\\/schema\\\/person\\\/8c11b55a8c7d287934a558c0e354b773\",\"name\":\"Global Africa\",\"image\":{\"@type\":\"ImageObject\",\"inLanguage\":\"fr-FR\",\"@id\":\"https:\\\/\\\/www.globalafricasciences.org\\\/wp-content\\\/uploads\\\/2024\\\/11\\\/Global-Africa.jpgd44bc09810f00cf464135b8441da2384\",\"url\":\"https:\\\/\\\/www.globalafricasciences.org\\\/wp-content\\\/uploads\\\/2024\\\/11\\\/Global-Africa.jpg\",\"contentUrl\":\"https:\\\/\\\/www.globalafricasciences.org\\\/wp-content\\\/uploads\\\/2024\\\/11\\\/Global-Africa.jpg\",\"caption\":\"Global Africa\"},\"description\":\"The editorial board of the journal is led by Mame-Penda Ba, a professor of political science at Gaston Berger University and the director of LASPAD(Laboratory of Social, Political, and Administrative Studies), Senegal.\",\"url\":\"https:\\\/\\\/www.globalafricasciences.org\\\/author\\\/globalafrica\\\/\"}]}<\/script>\n<!-- \/ Yoast SEO plugin. -->","yoast_head_json":{"title":"Le Niger apr\u00e8s le coup d'\u00c9tat : Regards crois\u00e9s sur les implications r\u00e9gionales et internationales | Global Africa","description":"Rejoignez-nous pour un d\u00e9bat sur la situation post-coup d\u2019\u00c9tat au Niger : enjeux s\u00e9curitaires, diplomatiques et implications r\u00e9gionales.","robots":{"index":"index","follow":"follow","max-snippet":"max-snippet:-1","max-image-preview":"max-image-preview:large","max-video-preview":"max-video-preview:-1"},"canonical":"https:\/\/www.globalafricasciences.org\/fr\/le-niger-apres-le-coup-detat-regards-croises-sur-les-implications-regionales-et-internationales\/","og_locale":"fr_FR","og_type":"article","og_title":"Le Niger apr\u00e8s le coup d'\u00c9tat : Regards crois\u00e9s sur les implications r\u00e9gionales et internationales | Global Africa","og_description":"Rejoignez-nous pour un d\u00e9bat sur la situation post-coup d\u2019\u00c9tat au Niger : enjeux s\u00e9curitaires, diplomatiques et implications r\u00e9gionales.","og_url":"https:\/\/www.globalafricasciences.org\/fr\/le-niger-apres-le-coup-detat-regards-croises-sur-les-implications-regionales-et-internationales\/","og_site_name":"Global Africa","article_publisher":"https:\/\/www.facebook.com\/globalafricasciences","article_published_time":"2025-02-25T09:53:20+00:00","article_modified_time":"2025-07-04T11:39:31+00:00","author":"Global Africa","twitter_card":"summary_large_image","twitter_misc":{"\u00c9crit par":"Global Africa","Dur\u00e9e de lecture estim\u00e9e":"2 minutes"},"schema":{"@context":"https:\/\/schema.org","@graph":[{"@type":"Article","@id":"https:\/\/www.globalafricasciences.org\/fr\/le-niger-apres-le-coup-detat-regards-croises-sur-les-implications-regionales-et-internationales\/#article","isPartOf":{"@id":"https:\/\/www.globalafricasciences.org\/fr\/le-niger-apres-le-coup-detat-regards-croises-sur-les-implications-regionales-et-internationales\/"},"author":{"name":"Global Africa","@id":"https:\/\/www.globalafricasciences.org\/fr\/#\/schema\/person\/8c11b55a8c7d287934a558c0e354b773"},"headline":"Le Niger apr\u00e8s le coup d&rsquo;\u00c9tat : Regards crois\u00e9s sur les implications r\u00e9gionales et internationales","datePublished":"2025-02-25T09:53:20+00:00","dateModified":"2025-07-04T11:39:31+00:00","mainEntityOfPage":{"@id":"https:\/\/www.globalafricasciences.org\/fr\/le-niger-apres-le-coup-detat-regards-croises-sur-les-implications-regionales-et-internationales\/"},"wordCount":429,"commentCount":0,"publisher":{"@id":"https:\/\/www.globalafricasciences.org\/fr\/#organization"},"image":{"@id":"https:\/\/www.globalafricasciences.org\/fr\/le-niger-apres-le-coup-detat-regards-croises-sur-les-implications-regionales-et-internationales\/#primaryimage"},"thumbnailUrl":"https:\/\/www.globalafricasciences.org\/wp-content\/uploads\/2025\/02\/Niger-After-the-Coup-dEtat.avif","articleSection":["Conf\u00e9rences"],"inLanguage":"fr-FR","potentialAction":[{"@type":"CommentAction","name":"Comment","target":["https:\/\/www.globalafricasciences.org\/fr\/le-niger-apres-le-coup-detat-regards-croises-sur-les-implications-regionales-et-internationales\/#respond"]}]},{"@type":"WebPage","@id":"https:\/\/www.globalafricasciences.org\/fr\/le-niger-apres-le-coup-detat-regards-croises-sur-les-implications-regionales-et-internationales\/","url":"https:\/\/www.globalafricasciences.org\/fr\/le-niger-apres-le-coup-detat-regards-croises-sur-les-implications-regionales-et-internationales\/","name":"Le Niger apr\u00e8s le coup d'\u00c9tat : Regards crois\u00e9s sur les implications r\u00e9gionales et internationales | Global Africa","isPartOf":{"@id":"https:\/\/www.globalafricasciences.org\/fr\/#website"},"primaryImageOfPage":{"@id":"https:\/\/www.globalafricasciences.org\/fr\/le-niger-apres-le-coup-detat-regards-croises-sur-les-implications-regionales-et-internationales\/#primaryimage"},"image":{"@id":"https:\/\/www.globalafricasciences.org\/fr\/le-niger-apres-le-coup-detat-regards-croises-sur-les-implications-regionales-et-internationales\/#primaryimage"},"thumbnailUrl":"https:\/\/www.globalafricasciences.org\/wp-content\/uploads\/2025\/02\/Niger-After-the-Coup-dEtat.avif","datePublished":"2025-02-25T09:53:20+00:00","dateModified":"2025-07-04T11:39:31+00:00","description":"Rejoignez-nous pour un d\u00e9bat sur la situation post-coup d\u2019\u00c9tat au Niger : enjeux s\u00e9curitaires, diplomatiques et implications r\u00e9gionales.","breadcrumb":{"@id":"https:\/\/www.globalafricasciences.org\/fr\/le-niger-apres-le-coup-detat-regards-croises-sur-les-implications-regionales-et-internationales\/#breadcrumb"},"inLanguage":"fr-FR","potentialAction":[{"@type":"ReadAction","target":["https:\/\/www.globalafricasciences.org\/fr\/le-niger-apres-le-coup-detat-regards-croises-sur-les-implications-regionales-et-internationales\/"]}]},{"@type":"ImageObject","inLanguage":"fr-FR","@id":"https:\/\/www.globalafricasciences.org\/fr\/le-niger-apres-le-coup-detat-regards-croises-sur-les-implications-regionales-et-internationales\/#primaryimage","url":"https:\/\/www.globalafricasciences.org\/wp-content\/uploads\/2025\/02\/Niger-After-the-Coup-dEtat.avif","contentUrl":"https:\/\/www.globalafricasciences.org\/wp-content\/uploads\/2025\/02\/Niger-After-the-Coup-dEtat.avif","width":1080,"height":1080},{"@type":"BreadcrumbList","@id":"https:\/\/www.globalafricasciences.org\/fr\/le-niger-apres-le-coup-detat-regards-croises-sur-les-implications-regionales-et-internationales\/#breadcrumb","itemListElement":[{"@type":"ListItem","position":1,"name":"Home","item":"https:\/\/www.globalafricasciences.org\/fr\/accueil\/"},{"@type":"ListItem","position":2,"name":"Le Niger apr\u00e8s le coup d&#8217;\u00c9tat : Regards crois\u00e9s sur les implications r\u00e9gionales et internationales"}]},{"@type":"WebSite","@id":"https:\/\/www.globalafricasciences.org\/fr\/#website","url":"https:\/\/www.globalafricasciences.org\/fr\/","name":"Global Africa","description":"Pan-African Scientific Journal","publisher":{"@id":"https:\/\/www.globalafricasciences.org\/fr\/#organization"},"potentialAction":[{"@type":"SearchAction","target":{"@type":"EntryPoint","urlTemplate":"https:\/\/www.globalafricasciences.org\/fr\/?s={search_term_string}"},"query-input":{"@type":"PropertyValueSpecification","valueRequired":true,"valueName":"search_term_string"}}],"inLanguage":"fr-FR"},{"@type":"Organization","@id":"https:\/\/www.globalafricasciences.org\/fr\/#organization","name":"Global Africa","url":"https:\/\/www.globalafricasciences.org\/fr\/","logo":{"@type":"ImageObject","inLanguage":"fr-FR","@id":"https:\/\/www.globalafricasciences.org\/fr\/#\/schema\/logo\/image\/","url":"https:\/\/www.globalafricasciences.org\/wp-content\/uploads\/2024\/12\/Globalafrica.png","contentUrl":"https:\/\/www.globalafricasciences.org\/wp-content\/uploads\/2024\/12\/Globalafrica.png","width":1680,"height":750,"caption":"Global Africa"},"image":{"@id":"https:\/\/www.globalafricasciences.org\/fr\/#\/schema\/logo\/image\/"},"sameAs":["https:\/\/www.facebook.com\/globalafricasciences"]},{"@type":"Person","@id":"https:\/\/www.globalafricasciences.org\/fr\/#\/schema\/person\/8c11b55a8c7d287934a558c0e354b773","name":"Global Africa","image":{"@type":"ImageObject","inLanguage":"fr-FR","@id":"https:\/\/www.globalafricasciences.org\/wp-content\/uploads\/2024\/11\/Global-Africa.jpgd44bc09810f00cf464135b8441da2384","url":"https:\/\/www.globalafricasciences.org\/wp-content\/uploads\/2024\/11\/Global-Africa.jpg","contentUrl":"https:\/\/www.globalafricasciences.org\/wp-content\/uploads\/2024\/11\/Global-Africa.jpg","caption":"Global Africa"},"description":"The editorial board of the journal is led by Mame-Penda Ba, a professor of political science at Gaston Berger University and the director of LASPAD(Laboratory of Social, Political, and Administrative Studies), Senegal.","url":"https:\/\/www.globalafricasciences.org\/author\/globalafrica\/"}]}},"acf":[],"authors":[{"term_id":265,"user_id":0,"is_guest":1,"slug":"global-africa","display_name":"Global Africa","avatar_url":{"url":"https:\/\/www.globalafricasciences.org\/wp-content\/uploads\/2024\/11\/Global-Africa.jpg","url2x":"https:\/\/www.globalafricasciences.org\/wp-content\/uploads\/2024\/11\/Global-Africa.jpg"},"author_category":"1","exclude_author":"","main-organisation":"Universit\u00e9 Gaston Berger","country_of_org":"S\u00e9n\u00e9gal","field_of_work":"Sciences sociales","first_name":"","last_name":"","user_url":"","job_title":"","description":"<div id=\"comp-lmq9yt56\" class=\"HcOXKn c9GqVL QxJLC3 lq2cno YQcXTT comp-lmq9yt56 wixui-rich-text\" data-testid=\"richTextElement\">\r\n<p class=\"font_8 wixui-rich-text__text\">La r\u00e9daction de la revue est dirig\u00e9e par Mame-Penda Ba, professeure de sciences politiques \u00e0 l'Universit\u00e9 Gaston Berger et directrice du LASPAD, S\u00e9n\u00e9gal<\/p>\r\n\r\n<\/div>"}],"_links":{"self":[{"href":"https:\/\/www.globalafricasciences.org\/fr\/wp-json\/wp\/v2\/posts\/8679","targetHints":{"allow":["GET"]}}],"collection":[{"href":"https:\/\/www.globalafricasciences.org\/fr\/wp-json\/wp\/v2\/posts"}],"about":[{"href":"https:\/\/www.globalafricasciences.org\/fr\/wp-json\/wp\/v2\/types\/post"}],"author":[{"embeddable":true,"href":"https:\/\/www.globalafricasciences.org\/fr\/wp-json\/wp\/v2\/users\/50"}],"replies":[{"embeddable":true,"href":"https:\/\/www.globalafricasciences.org\/fr\/wp-json\/wp\/v2\/comments?post=8679"}],"version-history":[{"count":0,"href":"https:\/\/www.globalafricasciences.org\/fr\/wp-json\/wp\/v2\/posts\/8679\/revisions"}],"wp:featuredmedia":[{"embeddable":true,"href":"https:\/\/www.globalafricasciences.org\/fr\/wp-json\/wp\/v2\/media\/8676"}],"wp:attachment":[{"href":"https:\/\/www.globalafricasciences.org\/fr\/wp-json\/wp\/v2\/media?parent=8679"}],"wp:term":[{"taxonomy":"category","embeddable":true,"href":"https:\/\/www.globalafricasciences.org\/fr\/wp-json\/wp\/v2\/categories?post=8679"},{"taxonomy":"post_tag","embeddable":true,"href":"https:\/\/www.globalafricasciences.org\/fr\/wp-json\/wp\/v2\/tags?post=8679"},{"taxonomy":"issues3","embeddable":true,"href":"https:\/\/www.globalafricasciences.org\/fr\/wp-json\/wp\/v2\/issues3?post=8679"},{"taxonomy":"post_folder","embeddable":true,"href":"https:\/\/www.globalafricasciences.org\/fr\/wp-json\/wp\/v2\/post_folder?post=8679"},{"taxonomy":"author","embeddable":true,"href":"https:\/\/www.globalafricasciences.org\/fr\/wp-json\/wp\/v2\/ppma_author?post=8679"}],"curies":[{"name":"wp","href":"https:\/\/api.w.org\/{rel}","templated":true}]}}