{"id":8588,"date":"2025-02-23T19:15:50","date_gmt":"2025-02-23T19:15:50","guid":{"rendered":"https:\/\/www.globalafricasciences.org\/actualites\/africa-times-3-nouvelles-violences-dans-le-nord-du-mali\/"},"modified":"2025-07-02T15:15:39","modified_gmt":"2025-07-02T15:15:39","slug":"africa-times-3-nouvelles-violences-dans-le-nord-du-mali","status":"publish","type":"post","link":"https:\/\/www.globalafricasciences.org\/fr\/africa-times-3-nouvelles-violences-dans-le-nord-du-mali\/","title":{"rendered":"Africa Times #3. Nouvelles violences dans le nord du Mali"},"content":{"rendered":"\n<figure class=\"wp-block-image size-full\"><img fetchpriority=\"high\" decoding=\"async\" width=\"1280\" height=\"1280\" src=\"https:\/\/www.globalafricasciences.org\/wp-content\/uploads\/2025\/02\/Africa-Times-3.-New-Violence-in-Northern-Mali-.avif\" alt=\"\" class=\"wp-image-8584\"\/><\/figure>\n\n<p><\/p>\n\n<p id=\"viewer-e4h9i\">Le <a target=\"_blank\" href=\"https:\/\/www.citizen-security.org\/\" rel=\"noreferrer noopener\"><strong>Barom\u00e8tre citoyen de la s\u00e9curit\u00e9<\/strong><\/a> du LASPAD a le plaisir de vous inviter \u00e0 une nouvelle \u00e9dition d&rsquo;Africa Times, avec un troisi\u00e8me webinaire qui porte sur la situation actuelle au nord du Mali. Les discussions porteront sur la nouvelle situation s\u00e9curitaire suite au d\u00e9part forc\u00e9 de la MINUSMA et \u00e0 la r\u00e9surgence des violence entre les FAMA et les groupes s\u00e9cessionnistes dans le Nord.<\/p>\n\n<p id=\"viewer-dchnk\">Nous vous attendons le <strong>Vendredi 13 octobre 2023 \u00e0 16 heures GMT<\/strong>  sur :<\/p>\n\n<p id=\"viewer-ft4vh\">Zoom : <a target=\"_blank\" href=\"https:\/\/lnkd.in\/eDHsdgwJ\" rel=\"noreferrer noopener\"><strong>https:\/\/lnkd.in\/eDHsdgwJ<\/strong><\/a><\/p>\n\n<p id=\"viewer-3sp4u\">Code secret : 969578<\/p>\n\n<p id=\"viewer-dqamo\">Num\u00e9ro du webinaire : 884 2917 1584<\/p>\n\n<p id=\"viewer-7jvql\">Num\u00e9ros internationaux accessibles : https:\/\/lnkd.in\/eTgjXUyu<\/p>\n","protected":false},"excerpt":{"rendered":"<p>Le Barom\u00e8tre citoyen de la s\u00e9curit\u00e9 du LASPAD a le plaisir de vous inviter \u00e0 une nouvelle \u00e9dition d&rsquo;Africa Times, avec un troisi\u00e8me webinaire qui porte sur la situation actuelle au nord du Mali. Les discussions porteront sur la nouvelle situation s\u00e9curitaire suite au d\u00e9part forc\u00e9 de la MINUSMA et \u00e0 la r\u00e9surgence des violence entre les FAMA et les groupes s\u00e9cessionnistes dans le Nord. Nous vous attendons le Vendredi 13 octobre 2023 \u00e0 16 heures GMT sur : Zoom : https:\/\/lnkd.in\/eDHsdgwJ Code secret : 969578 Num\u00e9ro du webinaire : 884 2917 1584 Num\u00e9ros internationaux accessibles : https:\/\/lnkd.in\/eTgjXUyu<\/p>\n","protected":false},"author":50,"featured_media":8585,"comment_status":"open","ping_status":"open","sticky":false,"template":"","format":"standard","meta":{"footnotes":""},"categories":[11],"tags":[],"issues3":[],"post_folder":[],"ppma_author":[265],"class_list":["post-8588","post","type-post","status-publish","format-standard","has-post-thumbnail","hentry","category-actualites","author-global-africa"],"yoast_head":"<!-- This site is optimized with the Yoast SEO plugin v27.5 - https:\/\/yoast.com\/product\/yoast-seo-wordpress\/ -->\n<title>Africa Times #3. Nouvelles violences dans le nord du Mali | Global Africa<\/title>\n<meta name=\"description\" content=\"Africa Times #3 : Analyse de la nouvelle vague de violence au Nord du Mali apr\u00e8s le retrait de la MINUSMA.\" \/>\n<meta name=\"robots\" content=\"index, follow, max-snippet:-1, max-image-preview:large, max-video-preview:-1\" \/>\n<link rel=\"canonical\" href=\"https:\/\/www.globalafricasciences.org\/fr\/africa-times-3-nouvelles-violences-dans-le-nord-du-mali\/\" \/>\n<meta property=\"og:locale\" content=\"fr_FR\" \/>\n<meta property=\"og:type\" content=\"article\" \/>\n<meta property=\"og:title\" content=\"Africa Times #3. Nouvelles violences dans le nord du Mali | Global Africa\" \/>\n<meta property=\"og:description\" content=\"Africa Times #3 : Analyse de la nouvelle vague de violence au Nord du Mali apr\u00e8s le retrait de la MINUSMA.\" \/>\n<meta property=\"og:url\" content=\"https:\/\/www.globalafricasciences.org\/fr\/africa-times-3-nouvelles-violences-dans-le-nord-du-mali\/\" \/>\n<meta property=\"og:site_name\" content=\"Global Africa\" \/>\n<meta property=\"article:publisher\" content=\"https:\/\/www.facebook.com\/globalafricasciences\" \/>\n<meta property=\"article:published_time\" content=\"2025-02-23T19:15:50+00:00\" \/>\n<meta property=\"article:modified_time\" content=\"2025-07-02T15:15:39+00:00\" \/>\n<meta name=\"author\" content=\"Global Africa\" \/>\n<meta name=\"twitter:card\" content=\"summary_large_image\" \/>\n<meta name=\"twitter:label1\" content=\"\u00c9crit par\" \/>\n\t<meta name=\"twitter:data1\" content=\"Global Africa\" \/>\n<script type=\"application\/ld+json\" class=\"yoast-schema-graph\">{\"@context\":\"https:\\\/\\\/schema.org\",\"@graph\":[{\"@type\":\"Article\",\"@id\":\"https:\\\/\\\/www.globalafricasciences.org\\\/fr\\\/africa-times-3-nouvelles-violences-dans-le-nord-du-mali\\\/#article\",\"isPartOf\":{\"@id\":\"https:\\\/\\\/www.globalafricasciences.org\\\/fr\\\/africa-times-3-nouvelles-violences-dans-le-nord-du-mali\\\/\"},\"author\":{\"name\":\"Global Africa\",\"@id\":\"https:\\\/\\\/www.globalafricasciences.org\\\/fr\\\/#\\\/schema\\\/person\\\/8c11b55a8c7d287934a558c0e354b773\"},\"headline\":\"Africa Times #3. Nouvelles violences dans le nord du Mali\",\"datePublished\":\"2025-02-23T19:15:50+00:00\",\"dateModified\":\"2025-07-02T15:15:39+00:00\",\"mainEntityOfPage\":{\"@id\":\"https:\\\/\\\/www.globalafricasciences.org\\\/fr\\\/africa-times-3-nouvelles-violences-dans-le-nord-du-mali\\\/\"},\"wordCount\":108,\"commentCount\":0,\"publisher\":{\"@id\":\"https:\\\/\\\/www.globalafricasciences.org\\\/fr\\\/#organization\"},\"image\":{\"@id\":\"https:\\\/\\\/www.globalafricasciences.org\\\/fr\\\/africa-times-3-nouvelles-violences-dans-le-nord-du-mali\\\/#primaryimage\"},\"thumbnailUrl\":\"https:\\\/\\\/www.globalafricasciences.org\\\/wp-content\\\/uploads\\\/2025\\\/02\\\/Africa-Times-3.-New-Violence-in-Northern-Mali-.avif\",\"articleSection\":[\"Actualit\u00e9s\"],\"inLanguage\":\"fr-FR\",\"potentialAction\":[{\"@type\":\"CommentAction\",\"name\":\"Comment\",\"target\":[\"https:\\\/\\\/www.globalafricasciences.org\\\/fr\\\/africa-times-3-nouvelles-violences-dans-le-nord-du-mali\\\/#respond\"]}]},{\"@type\":\"WebPage\",\"@id\":\"https:\\\/\\\/www.globalafricasciences.org\\\/fr\\\/africa-times-3-nouvelles-violences-dans-le-nord-du-mali\\\/\",\"url\":\"https:\\\/\\\/www.globalafricasciences.org\\\/fr\\\/africa-times-3-nouvelles-violences-dans-le-nord-du-mali\\\/\",\"name\":\"Africa Times #3. Nouvelles violences dans le nord du Mali | Global Africa\",\"isPartOf\":{\"@id\":\"https:\\\/\\\/www.globalafricasciences.org\\\/fr\\\/#website\"},\"primaryImageOfPage\":{\"@id\":\"https:\\\/\\\/www.globalafricasciences.org\\\/fr\\\/africa-times-3-nouvelles-violences-dans-le-nord-du-mali\\\/#primaryimage\"},\"image\":{\"@id\":\"https:\\\/\\\/www.globalafricasciences.org\\\/fr\\\/africa-times-3-nouvelles-violences-dans-le-nord-du-mali\\\/#primaryimage\"},\"thumbnailUrl\":\"https:\\\/\\\/www.globalafricasciences.org\\\/wp-content\\\/uploads\\\/2025\\\/02\\\/Africa-Times-3.-New-Violence-in-Northern-Mali-.avif\",\"datePublished\":\"2025-02-23T19:15:50+00:00\",\"dateModified\":\"2025-07-02T15:15:39+00:00\",\"description\":\"Africa Times #3 : Analyse de la nouvelle vague de violence au Nord du Mali apr\u00e8s le retrait de la MINUSMA.\",\"breadcrumb\":{\"@id\":\"https:\\\/\\\/www.globalafricasciences.org\\\/fr\\\/africa-times-3-nouvelles-violences-dans-le-nord-du-mali\\\/#breadcrumb\"},\"inLanguage\":\"fr-FR\",\"potentialAction\":[{\"@type\":\"ReadAction\",\"target\":[\"https:\\\/\\\/www.globalafricasciences.org\\\/fr\\\/africa-times-3-nouvelles-violences-dans-le-nord-du-mali\\\/\"]}]},{\"@type\":\"ImageObject\",\"inLanguage\":\"fr-FR\",\"@id\":\"https:\\\/\\\/www.globalafricasciences.org\\\/fr\\\/africa-times-3-nouvelles-violences-dans-le-nord-du-mali\\\/#primaryimage\",\"url\":\"https:\\\/\\\/www.globalafricasciences.org\\\/wp-content\\\/uploads\\\/2025\\\/02\\\/Africa-Times-3.-New-Violence-in-Northern-Mali-.avif\",\"contentUrl\":\"https:\\\/\\\/www.globalafricasciences.org\\\/wp-content\\\/uploads\\\/2025\\\/02\\\/Africa-Times-3.-New-Violence-in-Northern-Mali-.avif\",\"width\":1280,\"height\":1280},{\"@type\":\"BreadcrumbList\",\"@id\":\"https:\\\/\\\/www.globalafricasciences.org\\\/fr\\\/africa-times-3-nouvelles-violences-dans-le-nord-du-mali\\\/#breadcrumb\",\"itemListElement\":[{\"@type\":\"ListItem\",\"position\":1,\"name\":\"Home\",\"item\":\"https:\\\/\\\/www.globalafricasciences.org\\\/fr\\\/accueil\\\/\"},{\"@type\":\"ListItem\",\"position\":2,\"name\":\"Africa Times #3. Nouvelles violences dans le nord du Mali\"}]},{\"@type\":\"WebSite\",\"@id\":\"https:\\\/\\\/www.globalafricasciences.org\\\/fr\\\/#website\",\"url\":\"https:\\\/\\\/www.globalafricasciences.org\\\/fr\\\/\",\"name\":\"Global Africa\",\"description\":\"Pan-African Scientific Journal\",\"publisher\":{\"@id\":\"https:\\\/\\\/www.globalafricasciences.org\\\/fr\\\/#organization\"},\"potentialAction\":[{\"@type\":\"SearchAction\",\"target\":{\"@type\":\"EntryPoint\",\"urlTemplate\":\"https:\\\/\\\/www.globalafricasciences.org\\\/fr\\\/?s={search_term_string}\"},\"query-input\":{\"@type\":\"PropertyValueSpecification\",\"valueRequired\":true,\"valueName\":\"search_term_string\"}}],\"inLanguage\":\"fr-FR\"},{\"@type\":\"Organization\",\"@id\":\"https:\\\/\\\/www.globalafricasciences.org\\\/fr\\\/#organization\",\"name\":\"Global Africa\",\"url\":\"https:\\\/\\\/www.globalafricasciences.org\\\/fr\\\/\",\"logo\":{\"@type\":\"ImageObject\",\"inLanguage\":\"fr-FR\",\"@id\":\"https:\\\/\\\/www.globalafricasciences.org\\\/fr\\\/#\\\/schema\\\/logo\\\/image\\\/\",\"url\":\"https:\\\/\\\/www.globalafricasciences.org\\\/wp-content\\\/uploads\\\/2024\\\/12\\\/Globalafrica.png\",\"contentUrl\":\"https:\\\/\\\/www.globalafricasciences.org\\\/wp-content\\\/uploads\\\/2024\\\/12\\\/Globalafrica.png\",\"width\":1680,\"height\":750,\"caption\":\"Global Africa\"},\"image\":{\"@id\":\"https:\\\/\\\/www.globalafricasciences.org\\\/fr\\\/#\\\/schema\\\/logo\\\/image\\\/\"},\"sameAs\":[\"https:\\\/\\\/www.facebook.com\\\/globalafricasciences\"]},{\"@type\":\"Person\",\"@id\":\"https:\\\/\\\/www.globalafricasciences.org\\\/fr\\\/#\\\/schema\\\/person\\\/8c11b55a8c7d287934a558c0e354b773\",\"name\":\"Global Africa\",\"image\":{\"@type\":\"ImageObject\",\"inLanguage\":\"fr-FR\",\"@id\":\"https:\\\/\\\/www.globalafricasciences.org\\\/wp-content\\\/uploads\\\/2024\\\/11\\\/Global-Africa.jpgd44bc09810f00cf464135b8441da2384\",\"url\":\"https:\\\/\\\/www.globalafricasciences.org\\\/wp-content\\\/uploads\\\/2024\\\/11\\\/Global-Africa.jpg\",\"contentUrl\":\"https:\\\/\\\/www.globalafricasciences.org\\\/wp-content\\\/uploads\\\/2024\\\/11\\\/Global-Africa.jpg\",\"caption\":\"Global Africa\"},\"description\":\"The editorial board of the journal is led by Mame-Penda Ba, a professor of political science at Gaston Berger University and the director of LASPAD(Laboratory of Social, Political, and Administrative Studies), Senegal.\",\"url\":\"https:\\\/\\\/www.globalafricasciences.org\\\/author\\\/globalafrica\\\/\"}]}<\/script>\n<!-- \/ Yoast SEO plugin. -->","yoast_head_json":{"title":"Africa Times #3. Nouvelles violences dans le nord du Mali | Global Africa","description":"Africa Times #3 : Analyse de la nouvelle vague de violence au Nord du Mali apr\u00e8s le retrait de la MINUSMA.","robots":{"index":"index","follow":"follow","max-snippet":"max-snippet:-1","max-image-preview":"max-image-preview:large","max-video-preview":"max-video-preview:-1"},"canonical":"https:\/\/www.globalafricasciences.org\/fr\/africa-times-3-nouvelles-violences-dans-le-nord-du-mali\/","og_locale":"fr_FR","og_type":"article","og_title":"Africa Times #3. Nouvelles violences dans le nord du Mali | Global Africa","og_description":"Africa Times #3 : Analyse de la nouvelle vague de violence au Nord du Mali apr\u00e8s le retrait de la MINUSMA.","og_url":"https:\/\/www.globalafricasciences.org\/fr\/africa-times-3-nouvelles-violences-dans-le-nord-du-mali\/","og_site_name":"Global Africa","article_publisher":"https:\/\/www.facebook.com\/globalafricasciences","article_published_time":"2025-02-23T19:15:50+00:00","article_modified_time":"2025-07-02T15:15:39+00:00","author":"Global Africa","twitter_card":"summary_large_image","twitter_misc":{"\u00c9crit par":"Global Africa"},"schema":{"@context":"https:\/\/schema.org","@graph":[{"@type":"Article","@id":"https:\/\/www.globalafricasciences.org\/fr\/africa-times-3-nouvelles-violences-dans-le-nord-du-mali\/#article","isPartOf":{"@id":"https:\/\/www.globalafricasciences.org\/fr\/africa-times-3-nouvelles-violences-dans-le-nord-du-mali\/"},"author":{"name":"Global Africa","@id":"https:\/\/www.globalafricasciences.org\/fr\/#\/schema\/person\/8c11b55a8c7d287934a558c0e354b773"},"headline":"Africa Times #3. Nouvelles violences dans le nord du Mali","datePublished":"2025-02-23T19:15:50+00:00","dateModified":"2025-07-02T15:15:39+00:00","mainEntityOfPage":{"@id":"https:\/\/www.globalafricasciences.org\/fr\/africa-times-3-nouvelles-violences-dans-le-nord-du-mali\/"},"wordCount":108,"commentCount":0,"publisher":{"@id":"https:\/\/www.globalafricasciences.org\/fr\/#organization"},"image":{"@id":"https:\/\/www.globalafricasciences.org\/fr\/africa-times-3-nouvelles-violences-dans-le-nord-du-mali\/#primaryimage"},"thumbnailUrl":"https:\/\/www.globalafricasciences.org\/wp-content\/uploads\/2025\/02\/Africa-Times-3.-New-Violence-in-Northern-Mali-.avif","articleSection":["Actualit\u00e9s"],"inLanguage":"fr-FR","potentialAction":[{"@type":"CommentAction","name":"Comment","target":["https:\/\/www.globalafricasciences.org\/fr\/africa-times-3-nouvelles-violences-dans-le-nord-du-mali\/#respond"]}]},{"@type":"WebPage","@id":"https:\/\/www.globalafricasciences.org\/fr\/africa-times-3-nouvelles-violences-dans-le-nord-du-mali\/","url":"https:\/\/www.globalafricasciences.org\/fr\/africa-times-3-nouvelles-violences-dans-le-nord-du-mali\/","name":"Africa Times #3. Nouvelles violences dans le nord du Mali | Global Africa","isPartOf":{"@id":"https:\/\/www.globalafricasciences.org\/fr\/#website"},"primaryImageOfPage":{"@id":"https:\/\/www.globalafricasciences.org\/fr\/africa-times-3-nouvelles-violences-dans-le-nord-du-mali\/#primaryimage"},"image":{"@id":"https:\/\/www.globalafricasciences.org\/fr\/africa-times-3-nouvelles-violences-dans-le-nord-du-mali\/#primaryimage"},"thumbnailUrl":"https:\/\/www.globalafricasciences.org\/wp-content\/uploads\/2025\/02\/Africa-Times-3.-New-Violence-in-Northern-Mali-.avif","datePublished":"2025-02-23T19:15:50+00:00","dateModified":"2025-07-02T15:15:39+00:00","description":"Africa Times #3 : Analyse de la nouvelle vague de violence au Nord du Mali apr\u00e8s le retrait de la MINUSMA.","breadcrumb":{"@id":"https:\/\/www.globalafricasciences.org\/fr\/africa-times-3-nouvelles-violences-dans-le-nord-du-mali\/#breadcrumb"},"inLanguage":"fr-FR","potentialAction":[{"@type":"ReadAction","target":["https:\/\/www.globalafricasciences.org\/fr\/africa-times-3-nouvelles-violences-dans-le-nord-du-mali\/"]}]},{"@type":"ImageObject","inLanguage":"fr-FR","@id":"https:\/\/www.globalafricasciences.org\/fr\/africa-times-3-nouvelles-violences-dans-le-nord-du-mali\/#primaryimage","url":"https:\/\/www.globalafricasciences.org\/wp-content\/uploads\/2025\/02\/Africa-Times-3.-New-Violence-in-Northern-Mali-.avif","contentUrl":"https:\/\/www.globalafricasciences.org\/wp-content\/uploads\/2025\/02\/Africa-Times-3.-New-Violence-in-Northern-Mali-.avif","width":1280,"height":1280},{"@type":"BreadcrumbList","@id":"https:\/\/www.globalafricasciences.org\/fr\/africa-times-3-nouvelles-violences-dans-le-nord-du-mali\/#breadcrumb","itemListElement":[{"@type":"ListItem","position":1,"name":"Home","item":"https:\/\/www.globalafricasciences.org\/fr\/accueil\/"},{"@type":"ListItem","position":2,"name":"Africa Times #3. Nouvelles violences dans le nord du Mali"}]},{"@type":"WebSite","@id":"https:\/\/www.globalafricasciences.org\/fr\/#website","url":"https:\/\/www.globalafricasciences.org\/fr\/","name":"Global Africa","description":"Pan-African Scientific Journal","publisher":{"@id":"https:\/\/www.globalafricasciences.org\/fr\/#organization"},"potentialAction":[{"@type":"SearchAction","target":{"@type":"EntryPoint","urlTemplate":"https:\/\/www.globalafricasciences.org\/fr\/?s={search_term_string}"},"query-input":{"@type":"PropertyValueSpecification","valueRequired":true,"valueName":"search_term_string"}}],"inLanguage":"fr-FR"},{"@type":"Organization","@id":"https:\/\/www.globalafricasciences.org\/fr\/#organization","name":"Global Africa","url":"https:\/\/www.globalafricasciences.org\/fr\/","logo":{"@type":"ImageObject","inLanguage":"fr-FR","@id":"https:\/\/www.globalafricasciences.org\/fr\/#\/schema\/logo\/image\/","url":"https:\/\/www.globalafricasciences.org\/wp-content\/uploads\/2024\/12\/Globalafrica.png","contentUrl":"https:\/\/www.globalafricasciences.org\/wp-content\/uploads\/2024\/12\/Globalafrica.png","width":1680,"height":750,"caption":"Global Africa"},"image":{"@id":"https:\/\/www.globalafricasciences.org\/fr\/#\/schema\/logo\/image\/"},"sameAs":["https:\/\/www.facebook.com\/globalafricasciences"]},{"@type":"Person","@id":"https:\/\/www.globalafricasciences.org\/fr\/#\/schema\/person\/8c11b55a8c7d287934a558c0e354b773","name":"Global Africa","image":{"@type":"ImageObject","inLanguage":"fr-FR","@id":"https:\/\/www.globalafricasciences.org\/wp-content\/uploads\/2024\/11\/Global-Africa.jpgd44bc09810f00cf464135b8441da2384","url":"https:\/\/www.globalafricasciences.org\/wp-content\/uploads\/2024\/11\/Global-Africa.jpg","contentUrl":"https:\/\/www.globalafricasciences.org\/wp-content\/uploads\/2024\/11\/Global-Africa.jpg","caption":"Global Africa"},"description":"The editorial board of the journal is led by Mame-Penda Ba, a professor of political science at Gaston Berger University and the director of LASPAD(Laboratory of Social, Political, and Administrative Studies), Senegal.","url":"https:\/\/www.globalafricasciences.org\/author\/globalafrica\/"}]}},"acf":[],"authors":[{"term_id":265,"user_id":0,"is_guest":1,"slug":"global-africa","display_name":"Global Africa","avatar_url":{"url":"https:\/\/www.globalafricasciences.org\/wp-content\/uploads\/2024\/11\/Global-Africa.jpg","url2x":"https:\/\/www.globalafricasciences.org\/wp-content\/uploads\/2024\/11\/Global-Africa.jpg"},"author_category":"1","exclude_author":"","main-organisation":"Universit\u00e9 Gaston Berger","country_of_org":"S\u00e9n\u00e9gal","field_of_work":"Sciences sociales","first_name":"","last_name":"","user_url":"","job_title":"","description":"<div id=\"comp-lmq9yt56\" class=\"HcOXKn c9GqVL QxJLC3 lq2cno YQcXTT comp-lmq9yt56 wixui-rich-text\" data-testid=\"richTextElement\">\r\n<p class=\"font_8 wixui-rich-text__text\">La r\u00e9daction de la revue est dirig\u00e9e par Mame-Penda Ba, professeure de sciences politiques \u00e0 l'Universit\u00e9 Gaston Berger et directrice du LASPAD, S\u00e9n\u00e9gal<\/p>\r\n\r\n<\/div>"}],"_links":{"self":[{"href":"https:\/\/www.globalafricasciences.org\/fr\/wp-json\/wp\/v2\/posts\/8588","targetHints":{"allow":["GET"]}}],"collection":[{"href":"https:\/\/www.globalafricasciences.org\/fr\/wp-json\/wp\/v2\/posts"}],"about":[{"href":"https:\/\/www.globalafricasciences.org\/fr\/wp-json\/wp\/v2\/types\/post"}],"author":[{"embeddable":true,"href":"https:\/\/www.globalafricasciences.org\/fr\/wp-json\/wp\/v2\/users\/50"}],"replies":[{"embeddable":true,"href":"https:\/\/www.globalafricasciences.org\/fr\/wp-json\/wp\/v2\/comments?post=8588"}],"version-history":[{"count":0,"href":"https:\/\/www.globalafricasciences.org\/fr\/wp-json\/wp\/v2\/posts\/8588\/revisions"}],"wp:featuredmedia":[{"embeddable":true,"href":"https:\/\/www.globalafricasciences.org\/fr\/wp-json\/wp\/v2\/media\/8585"}],"wp:attachment":[{"href":"https:\/\/www.globalafricasciences.org\/fr\/wp-json\/wp\/v2\/media?parent=8588"}],"wp:term":[{"taxonomy":"category","embeddable":true,"href":"https:\/\/www.globalafricasciences.org\/fr\/wp-json\/wp\/v2\/categories?post=8588"},{"taxonomy":"post_tag","embeddable":true,"href":"https:\/\/www.globalafricasciences.org\/fr\/wp-json\/wp\/v2\/tags?post=8588"},{"taxonomy":"issues3","embeddable":true,"href":"https:\/\/www.globalafricasciences.org\/fr\/wp-json\/wp\/v2\/issues3?post=8588"},{"taxonomy":"post_folder","embeddable":true,"href":"https:\/\/www.globalafricasciences.org\/fr\/wp-json\/wp\/v2\/post_folder?post=8588"},{"taxonomy":"author","embeddable":true,"href":"https:\/\/www.globalafricasciences.org\/fr\/wp-json\/wp\/v2\/ppma_author?post=8588"}],"curies":[{"name":"wp","href":"https:\/\/api.w.org\/{rel}","templated":true}]}}