{"id":8561,"date":"2024-05-30T11:18:10","date_gmt":"2024-05-30T11:18:10","guid":{"rendered":"https:\/\/www.globalafricasciences.org\/actualites\/conference-leconometrie-vue-du-ciel\/"},"modified":"2025-04-29T09:52:37","modified_gmt":"2025-04-29T09:52:37","slug":"conference-leconometrie-vue-du-ciel","status":"publish","type":"post","link":"https:\/\/www.globalafricasciences.org\/fr\/conference-leconometrie-vue-du-ciel\/","title":{"rendered":"Conf\u00e9rence : \u00ab\u00a0L&rsquo;\u00e9conom\u00e9trie vue du ciel\u00a0\u00bb"},"content":{"rendered":"<p>Le Laboratoire de Recherche en Economie de Saint-Louis (LARES) de l&rsquo;Universit\u00e9 Gaston Berger, S\u00e9n\u00e9gal, a le plaisir de vous inviter \u00e0 une conf\u00e9rence exceptionnelle.<\/p>\n<div data-breakout=\"normal\">\n<p id=\"viewer-xs1gd1176\" class=\"_3yL2P sIWOC sOJ02 b52zS\" dir=\"auto\"><span class=\"Xj9dt\"><strong>Date et heure :<\/strong> samedi 1er juin 2024, \u00e0 11 heures<\/span><\/p>\n<p class=\"_3yL2P sIWOC sOJ02 b52zS\" dir=\"auto\"><strong style=\"color: var(--nv-text-color); font-family: var(--bodyfontfamily); font-size: var(--bodyfontsize); letter-spacing: var(--bodyletterspacing); text-transform: var(--bodytexttransform); background-color: var(--nv-site-bg);\">Lieu :<\/strong><span style=\"color: var(--nv-text-color); font-family: var(--bodyfontfamily); font-size: var(--bodyfontsize); font-weight: var(--bodyfontweight); letter-spacing: var(--bodyletterspacing); text-transform: var(--bodytexttransform); background-color: var(--nv-site-bg);\"> UFR, Universit\u00e9 Gaston Berger, Saint-Louis, S\u00e9n\u00e9gal<\/span><\/p>\n<\/div>\n<div data-breakout=\"normal\">\n<p id=\"viewer-r5na11181\" class=\"_3yL2P sIWOC sOJ02 b52zS\" dir=\"auto\"><span class=\"Xj9dt\"><strong>Th\u00e8me :<\/strong> \u00ab\u00a0L&rsquo;\u00e9conom\u00e9trie vue du ciel<\/span><\/p>\n<\/div>\n<div data-breakout=\"normal\">\n<p id=\"viewer-9nhep1223\" class=\"_3yL2P sIWOC sOJ02 b52zS\" dir=\"auto\"><span class=\"Xj9dt\"><strong>Orateur :<\/strong> Prof. Jean Louis Arcand<\/span><\/p>\n<\/div>\n<div data-breakout=\"normal\">\n<p id=\"viewer-cnodi1238\" class=\"_3yL2P sIWOC sOJ02 b52zS\" dir=\"auto\"><span class=\"Xj9dt\"><strong>Mod\u00e9rateur :<\/strong> Prof. Samba Mbaye<\/span><\/p>\n<\/div>\n<div data-hook=\"rcv-block8\"><\/div>\n<div data-breakout=\"normal\">\n<p id=\"viewer-rtxmi1253\" class=\"_3yL2P sIWOC sOJ02 b52zS\" dir=\"auto\"><span class=\"Xj9dt\">Ne manquez pas cette occasion unique d&rsquo;enrichir vos connaissances en \u00e9conom\u00e9trie avec des perspectives innovantes et globales.<\/span><\/p>\n<\/div>\n<figure><img decoding=\"async\" src=\"https:\/\/static.wixstatic.com\/media\/3369ed_80188932bed04563aca34e254bf6da26~mv2.jpeg\/v1\/fit\/w_1000,h_1000,al_c,q_80\/file.png\"><\/figure>\n","protected":false},"excerpt":{"rendered":"<p>Le Laboratoire de Recherche en Economie de Saint-Louis (LARES) de l&rsquo;Universit\u00e9 Gaston Berger, S\u00e9n\u00e9gal, a le plaisir de vous inviter \u00e0 une conf\u00e9rence exceptionnelle. Date et heure : samedi 1er juin 2024, \u00e0 11 heures Lieu : UFR, Universit\u00e9 Gaston Berger, Saint-Louis, S\u00e9n\u00e9gal Th\u00e8me : \u00ab\u00a0L&rsquo;\u00e9conom\u00e9trie vue du ciel Orateur : Prof. Jean Louis Arcand Mod\u00e9rateur : Prof. Samba Mbaye Ne manquez pas cette occasion unique d&rsquo;enrichir vos connaissances en \u00e9conom\u00e9trie avec des perspectives innovantes et globales.<\/p>\n","protected":false},"author":50,"featured_media":11862,"comment_status":"open","ping_status":"open","sticky":false,"template":"","format":"standard","meta":{"footnotes":""},"categories":[225,179],"tags":[],"issues3":[],"post_folder":[],"ppma_author":[265],"class_list":["post-8561","post","type-post","status-publish","format-standard","has-post-thumbnail","hentry","category-actualites-fr","category-conferences-fr","author-global-africa"],"yoast_head":"<!-- This site is optimized with the Yoast SEO plugin v27.5 - https:\/\/yoast.com\/product\/yoast-seo-wordpress\/ -->\n<title>Conf\u00e9rence : &quot;L&#039;\u00e9conom\u00e9trie vue du ciel&quot; | Global Africa<\/title>\n<meta name=\"description\" content=\"Le Laboratoire de Recherche en Economie de Saint-Louis (LARES) de l&#039;Universit\u00e9 Gaston Berger, S\u00e9n\u00e9gal, a le plaisir de vous inviter \u00e0 une conf\u00e9rence exceptionnelle.\" \/>\n<meta name=\"robots\" content=\"index, follow, max-snippet:-1, max-image-preview:large, max-video-preview:-1\" \/>\n<link rel=\"canonical\" href=\"https:\/\/www.globalafricasciences.org\/fr\/conference-leconometrie-vue-du-ciel\/\" \/>\n<meta property=\"og:locale\" content=\"fr_FR\" \/>\n<meta property=\"og:type\" content=\"article\" \/>\n<meta property=\"og:title\" content=\"Conf\u00e9rence : &quot;L&#039;\u00e9conom\u00e9trie vue du ciel&quot; | Global Africa\" \/>\n<meta property=\"og:description\" content=\"Le Laboratoire de Recherche en Economie de Saint-Louis (LARES) de l&#039;Universit\u00e9 Gaston Berger, S\u00e9n\u00e9gal, a le plaisir de vous inviter \u00e0 une conf\u00e9rence exceptionnelle.\" \/>\n<meta property=\"og:url\" content=\"https:\/\/www.globalafricasciences.org\/fr\/conference-leconometrie-vue-du-ciel\/\" \/>\n<meta property=\"og:site_name\" content=\"Global Africa\" \/>\n<meta property=\"article:publisher\" content=\"https:\/\/www.facebook.com\/globalafricasciences\" \/>\n<meta property=\"article:published_time\" content=\"2024-05-30T11:18:10+00:00\" \/>\n<meta property=\"article:modified_time\" content=\"2025-04-29T09:52:37+00:00\" \/>\n<meta property=\"og:image\" content=\"https:\/\/www.globalafricasciences.org\/wp-content\/uploads\/2024\/05\/Conference-22Econometrics-from-the-Sky22.webp\" \/>\n\t<meta property=\"og:image:width\" content=\"750\" \/>\n\t<meta property=\"og:image:height\" content=\"1000\" \/>\n\t<meta property=\"og:image:type\" content=\"image\/png\" \/>\n<meta name=\"author\" content=\"Global Africa\" \/>\n<meta name=\"twitter:card\" content=\"summary_large_image\" \/>\n<meta name=\"twitter:label1\" content=\"\u00c9crit par\" \/>\n\t<meta name=\"twitter:data1\" content=\"Global Africa\" \/>\n<script type=\"application\/ld+json\" class=\"yoast-schema-graph\">{\"@context\":\"https:\\\/\\\/schema.org\",\"@graph\":[{\"@type\":\"Article\",\"@id\":\"https:\\\/\\\/www.globalafricasciences.org\\\/fr\\\/conference-leconometrie-vue-du-ciel\\\/#article\",\"isPartOf\":{\"@id\":\"https:\\\/\\\/www.globalafricasciences.org\\\/fr\\\/conference-leconometrie-vue-du-ciel\\\/\"},\"author\":{\"name\":\"Global Africa\",\"@id\":\"https:\\\/\\\/www.globalafricasciences.org\\\/fr\\\/#\\\/schema\\\/person\\\/8c11b55a8c7d287934a558c0e354b773\"},\"headline\":\"Conf\u00e9rence : \u00ab\u00a0L&rsquo;\u00e9conom\u00e9trie vue du ciel\u00a0\u00bb\",\"datePublished\":\"2024-05-30T11:18:10+00:00\",\"dateModified\":\"2025-04-29T09:52:37+00:00\",\"mainEntityOfPage\":{\"@id\":\"https:\\\/\\\/www.globalafricasciences.org\\\/fr\\\/conference-leconometrie-vue-du-ciel\\\/\"},\"wordCount\":88,\"commentCount\":0,\"publisher\":{\"@id\":\"https:\\\/\\\/www.globalafricasciences.org\\\/fr\\\/#organization\"},\"image\":{\"@id\":\"https:\\\/\\\/www.globalafricasciences.org\\\/fr\\\/conference-leconometrie-vue-du-ciel\\\/#primaryimage\"},\"thumbnailUrl\":\"https:\\\/\\\/www.globalafricasciences.org\\\/wp-content\\\/uploads\\\/2024\\\/05\\\/Conference-22Econometrics-from-the-Sky22.webp\",\"articleSection\":[\"Actualit\u00e9s\",\"Conf\u00e9rences\"],\"inLanguage\":\"fr-FR\",\"potentialAction\":[{\"@type\":\"CommentAction\",\"name\":\"Comment\",\"target\":[\"https:\\\/\\\/www.globalafricasciences.org\\\/fr\\\/conference-leconometrie-vue-du-ciel\\\/#respond\"]}]},{\"@type\":\"WebPage\",\"@id\":\"https:\\\/\\\/www.globalafricasciences.org\\\/fr\\\/conference-leconometrie-vue-du-ciel\\\/\",\"url\":\"https:\\\/\\\/www.globalafricasciences.org\\\/fr\\\/conference-leconometrie-vue-du-ciel\\\/\",\"name\":\"Conf\u00e9rence : \\\"L'\u00e9conom\u00e9trie vue du ciel\\\" | Global Africa\",\"isPartOf\":{\"@id\":\"https:\\\/\\\/www.globalafricasciences.org\\\/fr\\\/#website\"},\"primaryImageOfPage\":{\"@id\":\"https:\\\/\\\/www.globalafricasciences.org\\\/fr\\\/conference-leconometrie-vue-du-ciel\\\/#primaryimage\"},\"image\":{\"@id\":\"https:\\\/\\\/www.globalafricasciences.org\\\/fr\\\/conference-leconometrie-vue-du-ciel\\\/#primaryimage\"},\"thumbnailUrl\":\"https:\\\/\\\/www.globalafricasciences.org\\\/wp-content\\\/uploads\\\/2024\\\/05\\\/Conference-22Econometrics-from-the-Sky22.webp\",\"datePublished\":\"2024-05-30T11:18:10+00:00\",\"dateModified\":\"2025-04-29T09:52:37+00:00\",\"description\":\"Le Laboratoire de Recherche en Economie de Saint-Louis (LARES) de l'Universit\u00e9 Gaston Berger, S\u00e9n\u00e9gal, a le plaisir de vous inviter \u00e0 une conf\u00e9rence exceptionnelle.\",\"breadcrumb\":{\"@id\":\"https:\\\/\\\/www.globalafricasciences.org\\\/fr\\\/conference-leconometrie-vue-du-ciel\\\/#breadcrumb\"},\"inLanguage\":\"fr-FR\",\"potentialAction\":[{\"@type\":\"ReadAction\",\"target\":[\"https:\\\/\\\/www.globalafricasciences.org\\\/fr\\\/conference-leconometrie-vue-du-ciel\\\/\"]}]},{\"@type\":\"ImageObject\",\"inLanguage\":\"fr-FR\",\"@id\":\"https:\\\/\\\/www.globalafricasciences.org\\\/fr\\\/conference-leconometrie-vue-du-ciel\\\/#primaryimage\",\"url\":\"https:\\\/\\\/www.globalafricasciences.org\\\/wp-content\\\/uploads\\\/2024\\\/05\\\/Conference-22Econometrics-from-the-Sky22.webp\",\"contentUrl\":\"https:\\\/\\\/www.globalafricasciences.org\\\/wp-content\\\/uploads\\\/2024\\\/05\\\/Conference-22Econometrics-from-the-Sky22.webp\",\"width\":750,\"height\":1000},{\"@type\":\"BreadcrumbList\",\"@id\":\"https:\\\/\\\/www.globalafricasciences.org\\\/fr\\\/conference-leconometrie-vue-du-ciel\\\/#breadcrumb\",\"itemListElement\":[{\"@type\":\"ListItem\",\"position\":1,\"name\":\"Home\",\"item\":\"https:\\\/\\\/www.globalafricasciences.org\\\/fr\\\/accueil\\\/\"},{\"@type\":\"ListItem\",\"position\":2,\"name\":\"Conf\u00e9rence : &#8220;L&#8217;\u00e9conom\u00e9trie vue du ciel&#8221;\"}]},{\"@type\":\"WebSite\",\"@id\":\"https:\\\/\\\/www.globalafricasciences.org\\\/fr\\\/#website\",\"url\":\"https:\\\/\\\/www.globalafricasciences.org\\\/fr\\\/\",\"name\":\"Global Africa\",\"description\":\"Pan-African Scientific Journal\",\"publisher\":{\"@id\":\"https:\\\/\\\/www.globalafricasciences.org\\\/fr\\\/#organization\"},\"potentialAction\":[{\"@type\":\"SearchAction\",\"target\":{\"@type\":\"EntryPoint\",\"urlTemplate\":\"https:\\\/\\\/www.globalafricasciences.org\\\/fr\\\/?s={search_term_string}\"},\"query-input\":{\"@type\":\"PropertyValueSpecification\",\"valueRequired\":true,\"valueName\":\"search_term_string\"}}],\"inLanguage\":\"fr-FR\"},{\"@type\":\"Organization\",\"@id\":\"https:\\\/\\\/www.globalafricasciences.org\\\/fr\\\/#organization\",\"name\":\"Global Africa\",\"url\":\"https:\\\/\\\/www.globalafricasciences.org\\\/fr\\\/\",\"logo\":{\"@type\":\"ImageObject\",\"inLanguage\":\"fr-FR\",\"@id\":\"https:\\\/\\\/www.globalafricasciences.org\\\/fr\\\/#\\\/schema\\\/logo\\\/image\\\/\",\"url\":\"https:\\\/\\\/www.globalafricasciences.org\\\/wp-content\\\/uploads\\\/2024\\\/12\\\/Globalafrica.png\",\"contentUrl\":\"https:\\\/\\\/www.globalafricasciences.org\\\/wp-content\\\/uploads\\\/2024\\\/12\\\/Globalafrica.png\",\"width\":1680,\"height\":750,\"caption\":\"Global Africa\"},\"image\":{\"@id\":\"https:\\\/\\\/www.globalafricasciences.org\\\/fr\\\/#\\\/schema\\\/logo\\\/image\\\/\"},\"sameAs\":[\"https:\\\/\\\/www.facebook.com\\\/globalafricasciences\"]},{\"@type\":\"Person\",\"@id\":\"https:\\\/\\\/www.globalafricasciences.org\\\/fr\\\/#\\\/schema\\\/person\\\/8c11b55a8c7d287934a558c0e354b773\",\"name\":\"Global Africa\",\"image\":{\"@type\":\"ImageObject\",\"inLanguage\":\"fr-FR\",\"@id\":\"https:\\\/\\\/www.globalafricasciences.org\\\/wp-content\\\/uploads\\\/2024\\\/11\\\/Global-Africa.jpgd44bc09810f00cf464135b8441da2384\",\"url\":\"https:\\\/\\\/www.globalafricasciences.org\\\/wp-content\\\/uploads\\\/2024\\\/11\\\/Global-Africa.jpg\",\"contentUrl\":\"https:\\\/\\\/www.globalafricasciences.org\\\/wp-content\\\/uploads\\\/2024\\\/11\\\/Global-Africa.jpg\",\"caption\":\"Global Africa\"},\"description\":\"The editorial board of the journal is led by Mame-Penda Ba, a professor of political science at Gaston Berger University and the director of LASPAD(Laboratory of Social, Political, and Administrative Studies), Senegal.\",\"url\":\"https:\\\/\\\/www.globalafricasciences.org\\\/author\\\/globalafrica\\\/\"}]}<\/script>\n<!-- \/ Yoast SEO plugin. -->","yoast_head_json":{"title":"Conf\u00e9rence : \"L'\u00e9conom\u00e9trie vue du ciel\" | Global Africa","description":"Le Laboratoire de Recherche en Economie de Saint-Louis (LARES) de l'Universit\u00e9 Gaston Berger, S\u00e9n\u00e9gal, a le plaisir de vous inviter \u00e0 une conf\u00e9rence exceptionnelle.","robots":{"index":"index","follow":"follow","max-snippet":"max-snippet:-1","max-image-preview":"max-image-preview:large","max-video-preview":"max-video-preview:-1"},"canonical":"https:\/\/www.globalafricasciences.org\/fr\/conference-leconometrie-vue-du-ciel\/","og_locale":"fr_FR","og_type":"article","og_title":"Conf\u00e9rence : \"L'\u00e9conom\u00e9trie vue du ciel\" | Global Africa","og_description":"Le Laboratoire de Recherche en Economie de Saint-Louis (LARES) de l'Universit\u00e9 Gaston Berger, S\u00e9n\u00e9gal, a le plaisir de vous inviter \u00e0 une conf\u00e9rence exceptionnelle.","og_url":"https:\/\/www.globalafricasciences.org\/fr\/conference-leconometrie-vue-du-ciel\/","og_site_name":"Global Africa","article_publisher":"https:\/\/www.facebook.com\/globalafricasciences","article_published_time":"2024-05-30T11:18:10+00:00","article_modified_time":"2025-04-29T09:52:37+00:00","og_image":[{"width":750,"height":1000,"url":"https:\/\/www.globalafricasciences.org\/wp-content\/uploads\/2024\/05\/Conference-22Econometrics-from-the-Sky22.webp","type":"image\/png"}],"author":"Global Africa","twitter_card":"summary_large_image","twitter_misc":{"\u00c9crit par":"Global Africa"},"schema":{"@context":"https:\/\/schema.org","@graph":[{"@type":"Article","@id":"https:\/\/www.globalafricasciences.org\/fr\/conference-leconometrie-vue-du-ciel\/#article","isPartOf":{"@id":"https:\/\/www.globalafricasciences.org\/fr\/conference-leconometrie-vue-du-ciel\/"},"author":{"name":"Global Africa","@id":"https:\/\/www.globalafricasciences.org\/fr\/#\/schema\/person\/8c11b55a8c7d287934a558c0e354b773"},"headline":"Conf\u00e9rence : \u00ab\u00a0L&rsquo;\u00e9conom\u00e9trie vue du ciel\u00a0\u00bb","datePublished":"2024-05-30T11:18:10+00:00","dateModified":"2025-04-29T09:52:37+00:00","mainEntityOfPage":{"@id":"https:\/\/www.globalafricasciences.org\/fr\/conference-leconometrie-vue-du-ciel\/"},"wordCount":88,"commentCount":0,"publisher":{"@id":"https:\/\/www.globalafricasciences.org\/fr\/#organization"},"image":{"@id":"https:\/\/www.globalafricasciences.org\/fr\/conference-leconometrie-vue-du-ciel\/#primaryimage"},"thumbnailUrl":"https:\/\/www.globalafricasciences.org\/wp-content\/uploads\/2024\/05\/Conference-22Econometrics-from-the-Sky22.webp","articleSection":["Actualit\u00e9s","Conf\u00e9rences"],"inLanguage":"fr-FR","potentialAction":[{"@type":"CommentAction","name":"Comment","target":["https:\/\/www.globalafricasciences.org\/fr\/conference-leconometrie-vue-du-ciel\/#respond"]}]},{"@type":"WebPage","@id":"https:\/\/www.globalafricasciences.org\/fr\/conference-leconometrie-vue-du-ciel\/","url":"https:\/\/www.globalafricasciences.org\/fr\/conference-leconometrie-vue-du-ciel\/","name":"Conf\u00e9rence : \"L'\u00e9conom\u00e9trie vue du ciel\" | Global Africa","isPartOf":{"@id":"https:\/\/www.globalafricasciences.org\/fr\/#website"},"primaryImageOfPage":{"@id":"https:\/\/www.globalafricasciences.org\/fr\/conference-leconometrie-vue-du-ciel\/#primaryimage"},"image":{"@id":"https:\/\/www.globalafricasciences.org\/fr\/conference-leconometrie-vue-du-ciel\/#primaryimage"},"thumbnailUrl":"https:\/\/www.globalafricasciences.org\/wp-content\/uploads\/2024\/05\/Conference-22Econometrics-from-the-Sky22.webp","datePublished":"2024-05-30T11:18:10+00:00","dateModified":"2025-04-29T09:52:37+00:00","description":"Le Laboratoire de Recherche en Economie de Saint-Louis (LARES) de l'Universit\u00e9 Gaston Berger, S\u00e9n\u00e9gal, a le plaisir de vous inviter \u00e0 une conf\u00e9rence exceptionnelle.","breadcrumb":{"@id":"https:\/\/www.globalafricasciences.org\/fr\/conference-leconometrie-vue-du-ciel\/#breadcrumb"},"inLanguage":"fr-FR","potentialAction":[{"@type":"ReadAction","target":["https:\/\/www.globalafricasciences.org\/fr\/conference-leconometrie-vue-du-ciel\/"]}]},{"@type":"ImageObject","inLanguage":"fr-FR","@id":"https:\/\/www.globalafricasciences.org\/fr\/conference-leconometrie-vue-du-ciel\/#primaryimage","url":"https:\/\/www.globalafricasciences.org\/wp-content\/uploads\/2024\/05\/Conference-22Econometrics-from-the-Sky22.webp","contentUrl":"https:\/\/www.globalafricasciences.org\/wp-content\/uploads\/2024\/05\/Conference-22Econometrics-from-the-Sky22.webp","width":750,"height":1000},{"@type":"BreadcrumbList","@id":"https:\/\/www.globalafricasciences.org\/fr\/conference-leconometrie-vue-du-ciel\/#breadcrumb","itemListElement":[{"@type":"ListItem","position":1,"name":"Home","item":"https:\/\/www.globalafricasciences.org\/fr\/accueil\/"},{"@type":"ListItem","position":2,"name":"Conf\u00e9rence : &#8220;L&#8217;\u00e9conom\u00e9trie vue du ciel&#8221;"}]},{"@type":"WebSite","@id":"https:\/\/www.globalafricasciences.org\/fr\/#website","url":"https:\/\/www.globalafricasciences.org\/fr\/","name":"Global Africa","description":"Pan-African Scientific Journal","publisher":{"@id":"https:\/\/www.globalafricasciences.org\/fr\/#organization"},"potentialAction":[{"@type":"SearchAction","target":{"@type":"EntryPoint","urlTemplate":"https:\/\/www.globalafricasciences.org\/fr\/?s={search_term_string}"},"query-input":{"@type":"PropertyValueSpecification","valueRequired":true,"valueName":"search_term_string"}}],"inLanguage":"fr-FR"},{"@type":"Organization","@id":"https:\/\/www.globalafricasciences.org\/fr\/#organization","name":"Global Africa","url":"https:\/\/www.globalafricasciences.org\/fr\/","logo":{"@type":"ImageObject","inLanguage":"fr-FR","@id":"https:\/\/www.globalafricasciences.org\/fr\/#\/schema\/logo\/image\/","url":"https:\/\/www.globalafricasciences.org\/wp-content\/uploads\/2024\/12\/Globalafrica.png","contentUrl":"https:\/\/www.globalafricasciences.org\/wp-content\/uploads\/2024\/12\/Globalafrica.png","width":1680,"height":750,"caption":"Global Africa"},"image":{"@id":"https:\/\/www.globalafricasciences.org\/fr\/#\/schema\/logo\/image\/"},"sameAs":["https:\/\/www.facebook.com\/globalafricasciences"]},{"@type":"Person","@id":"https:\/\/www.globalafricasciences.org\/fr\/#\/schema\/person\/8c11b55a8c7d287934a558c0e354b773","name":"Global Africa","image":{"@type":"ImageObject","inLanguage":"fr-FR","@id":"https:\/\/www.globalafricasciences.org\/wp-content\/uploads\/2024\/11\/Global-Africa.jpgd44bc09810f00cf464135b8441da2384","url":"https:\/\/www.globalafricasciences.org\/wp-content\/uploads\/2024\/11\/Global-Africa.jpg","contentUrl":"https:\/\/www.globalafricasciences.org\/wp-content\/uploads\/2024\/11\/Global-Africa.jpg","caption":"Global Africa"},"description":"The editorial board of the journal is led by Mame-Penda Ba, a professor of political science at Gaston Berger University and the director of LASPAD(Laboratory of Social, Political, and Administrative Studies), Senegal.","url":"https:\/\/www.globalafricasciences.org\/author\/globalafrica\/"}]}},"acf":[],"authors":[{"term_id":265,"user_id":0,"is_guest":1,"slug":"global-africa","display_name":"Global Africa","avatar_url":{"url":"https:\/\/www.globalafricasciences.org\/wp-content\/uploads\/2024\/11\/Global-Africa.jpg","url2x":"https:\/\/www.globalafricasciences.org\/wp-content\/uploads\/2024\/11\/Global-Africa.jpg"},"author_category":"1","exclude_author":"","main-organisation":"Universit\u00e9 Gaston Berger","country_of_org":"S\u00e9n\u00e9gal","field_of_work":"Sciences sociales","first_name":"","last_name":"","user_url":"","job_title":"","description":"<div id=\"comp-lmq9yt56\" class=\"HcOXKn c9GqVL QxJLC3 lq2cno YQcXTT comp-lmq9yt56 wixui-rich-text\" data-testid=\"richTextElement\">\r\n<p class=\"font_8 wixui-rich-text__text\">La r\u00e9daction de la revue est dirig\u00e9e par Mame-Penda Ba, professeure de sciences politiques \u00e0 l'Universit\u00e9 Gaston Berger et directrice du LASPAD, S\u00e9n\u00e9gal<\/p>\r\n\r\n<\/div>"}],"_links":{"self":[{"href":"https:\/\/www.globalafricasciences.org\/fr\/wp-json\/wp\/v2\/posts\/8561","targetHints":{"allow":["GET"]}}],"collection":[{"href":"https:\/\/www.globalafricasciences.org\/fr\/wp-json\/wp\/v2\/posts"}],"about":[{"href":"https:\/\/www.globalafricasciences.org\/fr\/wp-json\/wp\/v2\/types\/post"}],"author":[{"embeddable":true,"href":"https:\/\/www.globalafricasciences.org\/fr\/wp-json\/wp\/v2\/users\/50"}],"replies":[{"embeddable":true,"href":"https:\/\/www.globalafricasciences.org\/fr\/wp-json\/wp\/v2\/comments?post=8561"}],"version-history":[{"count":0,"href":"https:\/\/www.globalafricasciences.org\/fr\/wp-json\/wp\/v2\/posts\/8561\/revisions"}],"wp:featuredmedia":[{"embeddable":true,"href":"https:\/\/www.globalafricasciences.org\/fr\/wp-json\/wp\/v2\/media\/11862"}],"wp:attachment":[{"href":"https:\/\/www.globalafricasciences.org\/fr\/wp-json\/wp\/v2\/media?parent=8561"}],"wp:term":[{"taxonomy":"category","embeddable":true,"href":"https:\/\/www.globalafricasciences.org\/fr\/wp-json\/wp\/v2\/categories?post=8561"},{"taxonomy":"post_tag","embeddable":true,"href":"https:\/\/www.globalafricasciences.org\/fr\/wp-json\/wp\/v2\/tags?post=8561"},{"taxonomy":"issues3","embeddable":true,"href":"https:\/\/www.globalafricasciences.org\/fr\/wp-json\/wp\/v2\/issues3?post=8561"},{"taxonomy":"post_folder","embeddable":true,"href":"https:\/\/www.globalafricasciences.org\/fr\/wp-json\/wp\/v2\/post_folder?post=8561"},{"taxonomy":"author","embeddable":true,"href":"https:\/\/www.globalafricasciences.org\/fr\/wp-json\/wp\/v2\/ppma_author?post=8561"}],"curies":[{"name":"wp","href":"https:\/\/api.w.org\/{rel}","templated":true}]}}