{"id":11045,"date":"2025-02-25T20:03:55","date_gmt":"2025-02-25T20:03:55","guid":{"rendered":"https:\/\/www.globalafricasciences.org\/actualites\/african-research-matters-une-serie-de-podcasts-issus-du-colloque\/"},"modified":"2025-07-02T10:36:04","modified_gmt":"2025-07-02T10:36:04","slug":"african-research-matters-une-serie-de-podcasts-issus-du-colloque","status":"publish","type":"post","link":"https:\/\/www.globalafricasciences.org\/fr\/african-research-matters-une-serie-de-podcasts-issus-du-colloque\/","title":{"rendered":"African Research Matters. Une s\u00e9rie de podcasts issus du colloque"},"content":{"rendered":"\n<figure class=\"wp-block-image size-full\"><img fetchpriority=\"high\" decoding=\"async\" width=\"1480\" height=\"826\" src=\"https:\/\/www.globalafricasciences.org\/wp-content\/uploads\/2025\/02\/African-Research-Matters.-A-Series-of-Podcasts-From-the-Symposium.-.avif\" alt=\"\" class=\"wp-image-8925\"\/><\/figure>\n\n<p><\/p>\n\n<h3 class=\"wp-block-heading\" id=\"viewer-76qgf\">Premier volet de notre s\u00e9rie African Research Matters enregistr\u00e9 au colloque du m\u00eame nom \u00e0 St-Louis au S\u00e9n\u00e9gal pour le lancement de Global Africa : la premi\u00e8re revue scientifique panafricaine interdisciplinaire et multilingue.<\/h3>\n\n<p id=\"viewer-c9s31\">Ravis de vous retrouver sur le campus de l&rsquo;Universit\u00e9 Gaston Berger \u00e0 Saint-Louis au S\u00e9n\u00e9gal pour le premier volet de notre s\u00e9rie <strong>Global Africa<\/strong>, du nom de la premi\u00e8re revue scientifique panafricaine interdisciplinaire et multilingue lanc\u00e9e, le 15 mars 2022, \u00e0 Saint-Louis lors d\u2019un colloque dont le titre lui m\u00eame est d\u00e9j\u00e0 tout un programme :<a target=\"_blank\" href=\"https:\/\/globalafrica.sciencesconf.org\/\" rel=\"noreferrer noopener\"><strong> African Research Matters<\/strong><\/a><strong>. <\/strong>Comment compter avec et sur la recherche africaine ? Pour relever les d\u00e9fis plan\u00e9taires et penser nos futurs communs&#8230; Immense chantier par rapport \u00e0 la part de l\u2019Afrique dans la production mondiale de connaissances (ne d\u00e9passant pas les 2%).   <\/p>\n\n<p id=\"viewer-durho\">Immense chantier ouvert par les plus \u00e9minents chercheurs et chercheuses en sciences humaines et sociales, engag\u00e9s sur tout le continent et qui s\u2019interrogent en n\u2019\u00e9vitant aucun sujet qui f\u00e2che sur l\u2019art et mani\u00e8re de remettre enfin l\u2019expertise, l\u2019exp\u00e9rience et les capacit\u00e9s de r\u00e9silience et d\u2019innovation de la recherche africaine sur la sc\u00e8ne scientifique internationale. <\/p>\n\n<p id=\"viewer-hclv\">Je vous propose de partager quelques-uns de ces \u00e9changes fertiles et inspirants qui nous ont \u00e9clair\u00e9s pendant 5 jours intenses \u00e0 Saint Louis&#8230;. Caroline Lachowsky. <\/p>\n\n<p id=\"viewer-8m93t\">Avec <a target=\"_blank\" href=\"https:\/\/www.ceped.org\/fr\/membres\/Associes\/article\/ba-mame-penda\" rel=\"noreferrer noopener\"><strong>Mame Penda Ba<\/strong><\/a> (S\u00e9n\u00e9gal), professeure agr\u00e9g\u00e9e en Sciences Politiques \u00e0 l\u2019Universit\u00e9 de Saint-Louis au S\u00e9n\u00e9gal, r\u00e9dactrice en cheffe de la premi\u00e8re revue scientifique panafricaine <a target=\"_blank\" href=\"https:\/\/www.globalafricasciences.org\/#:~:text=La%20revue%20Global%20Africa%20accueille,,%20politiques,%20culturelles,%20%C3%A9conomiques,\" rel=\"noreferrer noopener\"><strong><em>Global Africa<\/em><\/strong><\/a>.<\/p>\n\n<p id=\"viewer-8r90r\">Et <a target=\"_blank\" href=\"https:\/\/www.lasdel.net\/index.php\/qui-sommes-nous\/nos-chercheurs\/41-mahaman-tidjani-alou\" rel=\"noreferrer noopener\"><strong>Mahamane Tidjani Alou<\/strong><\/a> (Niger)<strong>, <\/strong>professeur agr\u00e9g\u00e9 de Science politique \u00e0 l\u2019Universit\u00e9 Abdou Moumouni de Niamey. Il assure la formation \u00e0 la publication scientifique des jeunes chercheurs et chercheuses panafricains. <\/p>\n\n<p id=\"viewer-8eebk\">Merci \u00e0 l&rsquo; <strong>IRD<\/strong> (Research Institute for Development)<\/p>\n\n<h3 class=\"wp-block-heading\" id=\"viewer-24n15\"><a target=\"_blank\" href=\"https:\/\/www.rfi.fr\/fr\/podcasts\/autour-de-la-question\/20220404-pourquoi-compter-avec-la-recherche-africaine-emission-1\" rel=\"noreferrer noopener\"><strong>\u00c9couter le podcast<\/strong><\/a><\/h3>\n\n<h3 class=\"wp-block-heading\" id=\"viewer-cf327\"><\/h3>\n\n<h3 class=\"wp-block-heading\" id=\"viewer-9ht6d\">Par : <a target=\"_blank\" href=\"https:\/\/www.rfi.fr\/fr\/auteur\/caroline-lachowsky\/\" rel=\"noreferrer noopener\">Caroline Lachowsky<\/a><\/h3>\n\n<p><\/p>\n","protected":false},"excerpt":{"rendered":"<p>Premier volet de notre s\u00e9rie African Research Matters enregistr\u00e9 au colloque du m\u00eame nom \u00e0 St-Louis au S\u00e9n\u00e9gal pour le lancement de Global Africa : la premi\u00e8re revue scientifique panafricaine interdisciplinaire et multilingue. Ravis de vous retrouver sur le campus de l&rsquo;Universit\u00e9 Gaston Berger \u00e0 Saint-Louis au S\u00e9n\u00e9gal pour le premier volet de notre s\u00e9rie Global Africa, du nom de la premi\u00e8re revue scientifique panafricaine interdisciplinaire et multilingue lanc\u00e9e, le 15 mars 2022, \u00e0 Saint-Louis lors d\u2019un colloque dont le titre lui m\u00eame est d\u00e9j\u00e0 tout un programme : African Research Matters. Comment compter avec et sur la recherche africaine ? Pour relever les d\u00e9fis plan\u00e9taires et penser nos futurs communs&#8230; Immense chantier par rapport \u00e0 la part de l\u2019Afrique dans la production mondiale de connaissances (ne d\u00e9passant pas les 2%). Immense chantier ouvert par les plus \u00e9minents chercheurs et chercheuses en sciences humaines et sociales, engag\u00e9s sur tout le continent et qui s\u2019interrogent en n\u2019\u00e9vitant aucun sujet qui f\u00e2che sur l\u2019art et mani\u00e8re de remettre enfin l\u2019expertise, l\u2019exp\u00e9rience et les capacit\u00e9s de r\u00e9silience et d\u2019innovation de la recherche africaine sur la sc\u00e8ne scientifique internationale. Je vous propose de partager quelques-uns de ces \u00e9changes fertiles et inspirants qui nous ont \u00e9clair\u00e9s pendant 5 jours intenses \u00e0 Saint Louis&#8230;. Caroline Lachowsky. Avec Mame Penda Ba (S\u00e9n\u00e9gal), professeure agr\u00e9g\u00e9e en Sciences Politiques \u00e0 l\u2019Universit\u00e9 de Saint-Louis au S\u00e9n\u00e9gal, r\u00e9dactrice en cheffe de la premi\u00e8re revue scientifique panafricaine Global Africa. Et Mahamane Tidjani Alou (Niger), professeur agr\u00e9g\u00e9 de Science politique \u00e0 l\u2019Universit\u00e9 Abdou Moumouni de Niamey. Il assure la formation \u00e0 la publication scientifique des jeunes chercheurs et chercheuses panafricains. Merci \u00e0 l&rsquo; IRD (Research Institute for Development) \u00c9couter le podcast Par : Caroline Lachowsky<\/p>\n","protected":false},"author":50,"featured_media":8926,"comment_status":"open","ping_status":"open","sticky":false,"template":"","format":"standard","meta":{"footnotes":""},"categories":[179,232],"tags":[],"issues3":[],"post_folder":[],"ppma_author":[265],"class_list":["post-11045","post","type-post","status-publish","format-standard","has-post-thumbnail","hentry","category-conferences-fr","category-presse","author-global-africa"],"yoast_head":"<!-- This site is optimized with the Yoast SEO plugin v27.5 - https:\/\/yoast.com\/product\/yoast-seo-wordpress\/ -->\n<title>African Research Matters. Une s\u00e9rie de podcasts issus du colloque | Global Africa<\/title>\n<meta name=\"description\" content=\"Retour sur le lancement de la premi\u00e8re revue scientifique panafricaine interdisciplinaire et multilingue \u00e0 Saint-Louis.\" \/>\n<meta name=\"robots\" content=\"index, follow, max-snippet:-1, max-image-preview:large, max-video-preview:-1\" \/>\n<link rel=\"canonical\" href=\"https:\/\/www.globalafricasciences.org\/fr\/african-research-matters-une-serie-de-podcasts-issus-du-colloque\/\" \/>\n<meta property=\"og:locale\" content=\"fr_FR\" \/>\n<meta property=\"og:type\" content=\"article\" \/>\n<meta property=\"og:title\" content=\"African Research Matters. Une s\u00e9rie de podcasts issus du colloque | Global Africa\" \/>\n<meta property=\"og:description\" content=\"Retour sur le lancement de la premi\u00e8re revue scientifique panafricaine interdisciplinaire et multilingue \u00e0 Saint-Louis.\" \/>\n<meta property=\"og:url\" content=\"https:\/\/www.globalafricasciences.org\/fr\/african-research-matters-une-serie-de-podcasts-issus-du-colloque\/\" \/>\n<meta property=\"og:site_name\" content=\"Global Africa\" \/>\n<meta property=\"article:publisher\" content=\"https:\/\/www.facebook.com\/globalafricasciences\" \/>\n<meta property=\"article:published_time\" content=\"2025-02-25T20:03:55+00:00\" \/>\n<meta property=\"article:modified_time\" content=\"2025-07-02T10:36:04+00:00\" \/>\n<meta name=\"author\" content=\"Global Africa\" \/>\n<meta name=\"twitter:card\" content=\"summary_large_image\" \/>\n<meta name=\"twitter:label1\" content=\"\u00c9crit par\" \/>\n\t<meta name=\"twitter:data1\" content=\"Global Africa\" \/>\n\t<meta name=\"twitter:label2\" content=\"Dur\u00e9e de lecture estim\u00e9e\" \/>\n\t<meta name=\"twitter:data2\" content=\"2 minutes\" \/>\n<script type=\"application\/ld+json\" class=\"yoast-schema-graph\">{\"@context\":\"https:\\\/\\\/schema.org\",\"@graph\":[{\"@type\":\"Article\",\"@id\":\"https:\\\/\\\/www.globalafricasciences.org\\\/fr\\\/african-research-matters-une-serie-de-podcasts-issus-du-colloque\\\/#article\",\"isPartOf\":{\"@id\":\"https:\\\/\\\/www.globalafricasciences.org\\\/fr\\\/african-research-matters-une-serie-de-podcasts-issus-du-colloque\\\/\"},\"author\":{\"name\":\"Global Africa\",\"@id\":\"https:\\\/\\\/www.globalafricasciences.org\\\/fr\\\/#\\\/schema\\\/person\\\/8c11b55a8c7d287934a558c0e354b773\"},\"headline\":\"African Research Matters. Une s\u00e9rie de podcasts issus du colloque\",\"datePublished\":\"2025-02-25T20:03:55+00:00\",\"dateModified\":\"2025-07-02T10:36:04+00:00\",\"mainEntityOfPage\":{\"@id\":\"https:\\\/\\\/www.globalafricasciences.org\\\/fr\\\/african-research-matters-une-serie-de-podcasts-issus-du-colloque\\\/\"},\"wordCount\":319,\"commentCount\":0,\"publisher\":{\"@id\":\"https:\\\/\\\/www.globalafricasciences.org\\\/fr\\\/#organization\"},\"image\":{\"@id\":\"https:\\\/\\\/www.globalafricasciences.org\\\/fr\\\/african-research-matters-une-serie-de-podcasts-issus-du-colloque\\\/#primaryimage\"},\"thumbnailUrl\":\"https:\\\/\\\/www.globalafricasciences.org\\\/wp-content\\\/uploads\\\/2025\\\/02\\\/African-Research-Matters.-A-Series-of-Podcasts-From-the-Symposium.-.avif\",\"articleSection\":[\"Conf\u00e9rences\",\"Presse\"],\"inLanguage\":\"fr-FR\",\"potentialAction\":[{\"@type\":\"CommentAction\",\"name\":\"Comment\",\"target\":[\"https:\\\/\\\/www.globalafricasciences.org\\\/fr\\\/african-research-matters-une-serie-de-podcasts-issus-du-colloque\\\/#respond\"]}]},{\"@type\":\"WebPage\",\"@id\":\"https:\\\/\\\/www.globalafricasciences.org\\\/fr\\\/african-research-matters-une-serie-de-podcasts-issus-du-colloque\\\/\",\"url\":\"https:\\\/\\\/www.globalafricasciences.org\\\/fr\\\/african-research-matters-une-serie-de-podcasts-issus-du-colloque\\\/\",\"name\":\"African Research Matters. Une s\u00e9rie de podcasts issus du colloque | Global Africa\",\"isPartOf\":{\"@id\":\"https:\\\/\\\/www.globalafricasciences.org\\\/fr\\\/#website\"},\"primaryImageOfPage\":{\"@id\":\"https:\\\/\\\/www.globalafricasciences.org\\\/fr\\\/african-research-matters-une-serie-de-podcasts-issus-du-colloque\\\/#primaryimage\"},\"image\":{\"@id\":\"https:\\\/\\\/www.globalafricasciences.org\\\/fr\\\/african-research-matters-une-serie-de-podcasts-issus-du-colloque\\\/#primaryimage\"},\"thumbnailUrl\":\"https:\\\/\\\/www.globalafricasciences.org\\\/wp-content\\\/uploads\\\/2025\\\/02\\\/African-Research-Matters.-A-Series-of-Podcasts-From-the-Symposium.-.avif\",\"datePublished\":\"2025-02-25T20:03:55+00:00\",\"dateModified\":\"2025-07-02T10:36:04+00:00\",\"description\":\"Retour sur le lancement de la premi\u00e8re revue scientifique panafricaine interdisciplinaire et multilingue \u00e0 Saint-Louis.\",\"breadcrumb\":{\"@id\":\"https:\\\/\\\/www.globalafricasciences.org\\\/fr\\\/african-research-matters-une-serie-de-podcasts-issus-du-colloque\\\/#breadcrumb\"},\"inLanguage\":\"fr-FR\",\"potentialAction\":[{\"@type\":\"ReadAction\",\"target\":[\"https:\\\/\\\/www.globalafricasciences.org\\\/fr\\\/african-research-matters-une-serie-de-podcasts-issus-du-colloque\\\/\"]}]},{\"@type\":\"ImageObject\",\"inLanguage\":\"fr-FR\",\"@id\":\"https:\\\/\\\/www.globalafricasciences.org\\\/fr\\\/african-research-matters-une-serie-de-podcasts-issus-du-colloque\\\/#primaryimage\",\"url\":\"https:\\\/\\\/www.globalafricasciences.org\\\/wp-content\\\/uploads\\\/2025\\\/02\\\/African-Research-Matters.-A-Series-of-Podcasts-From-the-Symposium.-.avif\",\"contentUrl\":\"https:\\\/\\\/www.globalafricasciences.org\\\/wp-content\\\/uploads\\\/2025\\\/02\\\/African-Research-Matters.-A-Series-of-Podcasts-From-the-Symposium.-.avif\",\"width\":1480,\"height\":826},{\"@type\":\"BreadcrumbList\",\"@id\":\"https:\\\/\\\/www.globalafricasciences.org\\\/fr\\\/african-research-matters-une-serie-de-podcasts-issus-du-colloque\\\/#breadcrumb\",\"itemListElement\":[{\"@type\":\"ListItem\",\"position\":1,\"name\":\"Home\",\"item\":\"https:\\\/\\\/www.globalafricasciences.org\\\/fr\\\/accueil\\\/\"},{\"@type\":\"ListItem\",\"position\":2,\"name\":\"African Research Matters. Une s\u00e9rie de podcasts issus du colloque\"}]},{\"@type\":\"WebSite\",\"@id\":\"https:\\\/\\\/www.globalafricasciences.org\\\/fr\\\/#website\",\"url\":\"https:\\\/\\\/www.globalafricasciences.org\\\/fr\\\/\",\"name\":\"Global Africa\",\"description\":\"Pan-African Scientific Journal\",\"publisher\":{\"@id\":\"https:\\\/\\\/www.globalafricasciences.org\\\/fr\\\/#organization\"},\"potentialAction\":[{\"@type\":\"SearchAction\",\"target\":{\"@type\":\"EntryPoint\",\"urlTemplate\":\"https:\\\/\\\/www.globalafricasciences.org\\\/fr\\\/?s={search_term_string}\"},\"query-input\":{\"@type\":\"PropertyValueSpecification\",\"valueRequired\":true,\"valueName\":\"search_term_string\"}}],\"inLanguage\":\"fr-FR\"},{\"@type\":\"Organization\",\"@id\":\"https:\\\/\\\/www.globalafricasciences.org\\\/fr\\\/#organization\",\"name\":\"Global Africa\",\"url\":\"https:\\\/\\\/www.globalafricasciences.org\\\/fr\\\/\",\"logo\":{\"@type\":\"ImageObject\",\"inLanguage\":\"fr-FR\",\"@id\":\"https:\\\/\\\/www.globalafricasciences.org\\\/fr\\\/#\\\/schema\\\/logo\\\/image\\\/\",\"url\":\"https:\\\/\\\/www.globalafricasciences.org\\\/wp-content\\\/uploads\\\/2024\\\/12\\\/Globalafrica.png\",\"contentUrl\":\"https:\\\/\\\/www.globalafricasciences.org\\\/wp-content\\\/uploads\\\/2024\\\/12\\\/Globalafrica.png\",\"width\":1680,\"height\":750,\"caption\":\"Global Africa\"},\"image\":{\"@id\":\"https:\\\/\\\/www.globalafricasciences.org\\\/fr\\\/#\\\/schema\\\/logo\\\/image\\\/\"},\"sameAs\":[\"https:\\\/\\\/www.facebook.com\\\/globalafricasciences\"]},{\"@type\":\"Person\",\"@id\":\"https:\\\/\\\/www.globalafricasciences.org\\\/fr\\\/#\\\/schema\\\/person\\\/8c11b55a8c7d287934a558c0e354b773\",\"name\":\"Global Africa\",\"image\":{\"@type\":\"ImageObject\",\"inLanguage\":\"fr-FR\",\"@id\":\"https:\\\/\\\/www.globalafricasciences.org\\\/wp-content\\\/uploads\\\/2024\\\/11\\\/Global-Africa.jpgd44bc09810f00cf464135b8441da2384\",\"url\":\"https:\\\/\\\/www.globalafricasciences.org\\\/wp-content\\\/uploads\\\/2024\\\/11\\\/Global-Africa.jpg\",\"contentUrl\":\"https:\\\/\\\/www.globalafricasciences.org\\\/wp-content\\\/uploads\\\/2024\\\/11\\\/Global-Africa.jpg\",\"caption\":\"Global Africa\"},\"description\":\"The editorial board of the journal is led by Mame-Penda Ba, a professor of political science at Gaston Berger University and the director of LASPAD(Laboratory of Social, Political, and Administrative Studies), Senegal.\",\"url\":\"https:\\\/\\\/www.globalafricasciences.org\\\/author\\\/globalafrica\\\/\"}]}<\/script>\n<!-- \/ Yoast SEO plugin. -->","yoast_head_json":{"title":"African Research Matters. Une s\u00e9rie de podcasts issus du colloque | Global Africa","description":"Retour sur le lancement de la premi\u00e8re revue scientifique panafricaine interdisciplinaire et multilingue \u00e0 Saint-Louis.","robots":{"index":"index","follow":"follow","max-snippet":"max-snippet:-1","max-image-preview":"max-image-preview:large","max-video-preview":"max-video-preview:-1"},"canonical":"https:\/\/www.globalafricasciences.org\/fr\/african-research-matters-une-serie-de-podcasts-issus-du-colloque\/","og_locale":"fr_FR","og_type":"article","og_title":"African Research Matters. Une s\u00e9rie de podcasts issus du colloque | Global Africa","og_description":"Retour sur le lancement de la premi\u00e8re revue scientifique panafricaine interdisciplinaire et multilingue \u00e0 Saint-Louis.","og_url":"https:\/\/www.globalafricasciences.org\/fr\/african-research-matters-une-serie-de-podcasts-issus-du-colloque\/","og_site_name":"Global Africa","article_publisher":"https:\/\/www.facebook.com\/globalafricasciences","article_published_time":"2025-02-25T20:03:55+00:00","article_modified_time":"2025-07-02T10:36:04+00:00","author":"Global Africa","twitter_card":"summary_large_image","twitter_misc":{"\u00c9crit par":"Global Africa","Dur\u00e9e de lecture estim\u00e9e":"2 minutes"},"schema":{"@context":"https:\/\/schema.org","@graph":[{"@type":"Article","@id":"https:\/\/www.globalafricasciences.org\/fr\/african-research-matters-une-serie-de-podcasts-issus-du-colloque\/#article","isPartOf":{"@id":"https:\/\/www.globalafricasciences.org\/fr\/african-research-matters-une-serie-de-podcasts-issus-du-colloque\/"},"author":{"name":"Global Africa","@id":"https:\/\/www.globalafricasciences.org\/fr\/#\/schema\/person\/8c11b55a8c7d287934a558c0e354b773"},"headline":"African Research Matters. Une s\u00e9rie de podcasts issus du colloque","datePublished":"2025-02-25T20:03:55+00:00","dateModified":"2025-07-02T10:36:04+00:00","mainEntityOfPage":{"@id":"https:\/\/www.globalafricasciences.org\/fr\/african-research-matters-une-serie-de-podcasts-issus-du-colloque\/"},"wordCount":319,"commentCount":0,"publisher":{"@id":"https:\/\/www.globalafricasciences.org\/fr\/#organization"},"image":{"@id":"https:\/\/www.globalafricasciences.org\/fr\/african-research-matters-une-serie-de-podcasts-issus-du-colloque\/#primaryimage"},"thumbnailUrl":"https:\/\/www.globalafricasciences.org\/wp-content\/uploads\/2025\/02\/African-Research-Matters.-A-Series-of-Podcasts-From-the-Symposium.-.avif","articleSection":["Conf\u00e9rences","Presse"],"inLanguage":"fr-FR","potentialAction":[{"@type":"CommentAction","name":"Comment","target":["https:\/\/www.globalafricasciences.org\/fr\/african-research-matters-une-serie-de-podcasts-issus-du-colloque\/#respond"]}]},{"@type":"WebPage","@id":"https:\/\/www.globalafricasciences.org\/fr\/african-research-matters-une-serie-de-podcasts-issus-du-colloque\/","url":"https:\/\/www.globalafricasciences.org\/fr\/african-research-matters-une-serie-de-podcasts-issus-du-colloque\/","name":"African Research Matters. Une s\u00e9rie de podcasts issus du colloque | Global Africa","isPartOf":{"@id":"https:\/\/www.globalafricasciences.org\/fr\/#website"},"primaryImageOfPage":{"@id":"https:\/\/www.globalafricasciences.org\/fr\/african-research-matters-une-serie-de-podcasts-issus-du-colloque\/#primaryimage"},"image":{"@id":"https:\/\/www.globalafricasciences.org\/fr\/african-research-matters-une-serie-de-podcasts-issus-du-colloque\/#primaryimage"},"thumbnailUrl":"https:\/\/www.globalafricasciences.org\/wp-content\/uploads\/2025\/02\/African-Research-Matters.-A-Series-of-Podcasts-From-the-Symposium.-.avif","datePublished":"2025-02-25T20:03:55+00:00","dateModified":"2025-07-02T10:36:04+00:00","description":"Retour sur le lancement de la premi\u00e8re revue scientifique panafricaine interdisciplinaire et multilingue \u00e0 Saint-Louis.","breadcrumb":{"@id":"https:\/\/www.globalafricasciences.org\/fr\/african-research-matters-une-serie-de-podcasts-issus-du-colloque\/#breadcrumb"},"inLanguage":"fr-FR","potentialAction":[{"@type":"ReadAction","target":["https:\/\/www.globalafricasciences.org\/fr\/african-research-matters-une-serie-de-podcasts-issus-du-colloque\/"]}]},{"@type":"ImageObject","inLanguage":"fr-FR","@id":"https:\/\/www.globalafricasciences.org\/fr\/african-research-matters-une-serie-de-podcasts-issus-du-colloque\/#primaryimage","url":"https:\/\/www.globalafricasciences.org\/wp-content\/uploads\/2025\/02\/African-Research-Matters.-A-Series-of-Podcasts-From-the-Symposium.-.avif","contentUrl":"https:\/\/www.globalafricasciences.org\/wp-content\/uploads\/2025\/02\/African-Research-Matters.-A-Series-of-Podcasts-From-the-Symposium.-.avif","width":1480,"height":826},{"@type":"BreadcrumbList","@id":"https:\/\/www.globalafricasciences.org\/fr\/african-research-matters-une-serie-de-podcasts-issus-du-colloque\/#breadcrumb","itemListElement":[{"@type":"ListItem","position":1,"name":"Home","item":"https:\/\/www.globalafricasciences.org\/fr\/accueil\/"},{"@type":"ListItem","position":2,"name":"African Research Matters. Une s\u00e9rie de podcasts issus du colloque"}]},{"@type":"WebSite","@id":"https:\/\/www.globalafricasciences.org\/fr\/#website","url":"https:\/\/www.globalafricasciences.org\/fr\/","name":"Global Africa","description":"Pan-African Scientific Journal","publisher":{"@id":"https:\/\/www.globalafricasciences.org\/fr\/#organization"},"potentialAction":[{"@type":"SearchAction","target":{"@type":"EntryPoint","urlTemplate":"https:\/\/www.globalafricasciences.org\/fr\/?s={search_term_string}"},"query-input":{"@type":"PropertyValueSpecification","valueRequired":true,"valueName":"search_term_string"}}],"inLanguage":"fr-FR"},{"@type":"Organization","@id":"https:\/\/www.globalafricasciences.org\/fr\/#organization","name":"Global Africa","url":"https:\/\/www.globalafricasciences.org\/fr\/","logo":{"@type":"ImageObject","inLanguage":"fr-FR","@id":"https:\/\/www.globalafricasciences.org\/fr\/#\/schema\/logo\/image\/","url":"https:\/\/www.globalafricasciences.org\/wp-content\/uploads\/2024\/12\/Globalafrica.png","contentUrl":"https:\/\/www.globalafricasciences.org\/wp-content\/uploads\/2024\/12\/Globalafrica.png","width":1680,"height":750,"caption":"Global Africa"},"image":{"@id":"https:\/\/www.globalafricasciences.org\/fr\/#\/schema\/logo\/image\/"},"sameAs":["https:\/\/www.facebook.com\/globalafricasciences"]},{"@type":"Person","@id":"https:\/\/www.globalafricasciences.org\/fr\/#\/schema\/person\/8c11b55a8c7d287934a558c0e354b773","name":"Global Africa","image":{"@type":"ImageObject","inLanguage":"fr-FR","@id":"https:\/\/www.globalafricasciences.org\/wp-content\/uploads\/2024\/11\/Global-Africa.jpgd44bc09810f00cf464135b8441da2384","url":"https:\/\/www.globalafricasciences.org\/wp-content\/uploads\/2024\/11\/Global-Africa.jpg","contentUrl":"https:\/\/www.globalafricasciences.org\/wp-content\/uploads\/2024\/11\/Global-Africa.jpg","caption":"Global Africa"},"description":"The editorial board of the journal is led by Mame-Penda Ba, a professor of political science at Gaston Berger University and the director of LASPAD(Laboratory of Social, Political, and Administrative Studies), Senegal.","url":"https:\/\/www.globalafricasciences.org\/author\/globalafrica\/"}]}},"acf":[],"authors":[{"term_id":265,"user_id":0,"is_guest":1,"slug":"global-africa","display_name":"Global Africa","avatar_url":{"url":"https:\/\/www.globalafricasciences.org\/wp-content\/uploads\/2024\/11\/Global-Africa.jpg","url2x":"https:\/\/www.globalafricasciences.org\/wp-content\/uploads\/2024\/11\/Global-Africa.jpg"},"author_category":"1","exclude_author":"","main-organisation":"Universit\u00e9 Gaston Berger","country_of_org":"S\u00e9n\u00e9gal","field_of_work":"Sciences sociales","first_name":"","last_name":"","user_url":"","job_title":"","description":"<div id=\"comp-lmq9yt56\" class=\"HcOXKn c9GqVL QxJLC3 lq2cno YQcXTT comp-lmq9yt56 wixui-rich-text\" data-testid=\"richTextElement\">\r\n<p class=\"font_8 wixui-rich-text__text\">La r\u00e9daction de la revue est dirig\u00e9e par Mame-Penda Ba, professeure de sciences politiques \u00e0 l'Universit\u00e9 Gaston Berger et directrice du LASPAD, S\u00e9n\u00e9gal<\/p>\r\n\r\n<\/div>"}],"_links":{"self":[{"href":"https:\/\/www.globalafricasciences.org\/fr\/wp-json\/wp\/v2\/posts\/11045","targetHints":{"allow":["GET"]}}],"collection":[{"href":"https:\/\/www.globalafricasciences.org\/fr\/wp-json\/wp\/v2\/posts"}],"about":[{"href":"https:\/\/www.globalafricasciences.org\/fr\/wp-json\/wp\/v2\/types\/post"}],"author":[{"embeddable":true,"href":"https:\/\/www.globalafricasciences.org\/fr\/wp-json\/wp\/v2\/users\/50"}],"replies":[{"embeddable":true,"href":"https:\/\/www.globalafricasciences.org\/fr\/wp-json\/wp\/v2\/comments?post=11045"}],"version-history":[{"count":0,"href":"https:\/\/www.globalafricasciences.org\/fr\/wp-json\/wp\/v2\/posts\/11045\/revisions"}],"wp:featuredmedia":[{"embeddable":true,"href":"https:\/\/www.globalafricasciences.org\/fr\/wp-json\/wp\/v2\/media\/8926"}],"wp:attachment":[{"href":"https:\/\/www.globalafricasciences.org\/fr\/wp-json\/wp\/v2\/media?parent=11045"}],"wp:term":[{"taxonomy":"category","embeddable":true,"href":"https:\/\/www.globalafricasciences.org\/fr\/wp-json\/wp\/v2\/categories?post=11045"},{"taxonomy":"post_tag","embeddable":true,"href":"https:\/\/www.globalafricasciences.org\/fr\/wp-json\/wp\/v2\/tags?post=11045"},{"taxonomy":"issues3","embeddable":true,"href":"https:\/\/www.globalafricasciences.org\/fr\/wp-json\/wp\/v2\/issues3?post=11045"},{"taxonomy":"post_folder","embeddable":true,"href":"https:\/\/www.globalafricasciences.org\/fr\/wp-json\/wp\/v2\/post_folder?post=11045"},{"taxonomy":"author","embeddable":true,"href":"https:\/\/www.globalafricasciences.org\/fr\/wp-json\/wp\/v2\/ppma_author?post=11045"}],"curies":[{"name":"wp","href":"https:\/\/api.w.org\/{rel}","templated":true}]}}