{"id":10093,"date":"2024-12-01T14:03:37","date_gmt":"2024-12-01T14:03:37","guid":{"rendered":"https:\/\/www.globalafricasciences.org\/actualites\/la-question-du-panafricanisme-liberte-epistemique-production-de-savoirs-et-decolonialite\/"},"modified":"2025-09-25T13:03:58","modified_gmt":"2025-09-25T13:03:58","slug":"la-question-du-panafricanisme-liberte-epistemique-production-de-savoirs-et-decolonialite","status":"publish","type":"post","link":"https:\/\/www.globalafricasciences.org\/fr\/la-question-du-panafricanisme-liberte-epistemique-production-de-savoirs-et-decolonialite\/","title":{"rendered":"La question du panafricanisme Libert\u00e9 \u00e9pist\u00e9mique, production de savoirs et d\u00e9colonialit\u00e9"},"content":{"rendered":"\t\t<div data-elementor-type=\"wp-post\" data-elementor-id=\"10093\" class=\"elementor elementor-10093\" data-elementor-post-type=\"post\">\n\t\t\t\t<div data-particle_enable=\"false\" data-particle-mobile-disabled=\"false\" class=\"elementor-element elementor-element-036a802 e-con-full e-flex wpr-particle-no wpr-jarallax-no wpr-parallax-no wpr-sticky-section-no e-con e-parent\" data-id=\"036a802\" data-element_type=\"container\" data-e-type=\"container\" data-settings=\"{&quot;background_background&quot;:&quot;classic&quot;}\">\n\t\t<div data-particle_enable=\"false\" data-particle-mobile-disabled=\"false\" class=\"elementor-element elementor-element-d1d7910 e-con-full e-flex wpr-particle-no wpr-jarallax-no wpr-parallax-no wpr-sticky-section-no e-con e-child\" data-id=\"d1d7910\" data-element_type=\"container\" data-e-type=\"container\">\n\t\t\t\t<div class=\"elementor-element elementor-element-7c21c9f elementor-widget elementor-widget-heading\" data-id=\"7c21c9f\" data-element_type=\"widget\" data-e-type=\"widget\" data-widget_type=\"heading.default\">\n\t\t\t\t<div class=\"elementor-widget-container\">\n\t\t\t\t\t<h4 class=\"elementor-heading-title elementor-size-default\">Num\u00e9ro 03 - Introduction<\/h4>\t\t\t\t<\/div>\n\t\t\t\t<\/div>\n\t\t\t\t<div class=\"elementor-element elementor-element-62d8bc1 elementor-author-box--link-yes ignoretoc elementor-author-box--avatar-yes elementor-author-box--name-yes elementor-widget elementor-widget-author-box\" data-id=\"62d8bc1\" data-element_type=\"widget\" data-e-type=\"widget\" data-widget_type=\"author-box.default\">\n\t\t\t\t<div class=\"elementor-widget-container\">\n\t\t\t\t\t\t\t<div class=\"elementor-author-box\">\n\t\t\t\t\t\t\t<a href=\"https:\/\/www.globalafricasciences.org\/fr\/author\/cheikh-thiam-fr\/\" class=\"elementor-author-box__avatar\">\n\t\t\t\t\t<img decoding=\"async\" src=\"https:\/\/www.globalafricasciences.org\/wp-content\/uploads\/2024\/11\/Cheikh-Thiam--scaled.jpg\" alt=\"Image de Cheikh Thiam\" loading=\"lazy\">\n\t\t\t\t<\/a>\n\t\t\t\n\t\t\t<div class=\"elementor-author-box__text\">\n\t\t\t\t\t\t\t\t\t<a href=\"https:\/\/www.globalafricasciences.org\/fr\/author\/cheikh-thiam-fr\/\">\n\t\t\t\t\t\t<h4 class=\"elementor-author-box__name\">\n\t\t\t\t\t\t\tCheikh Thiam\t\t\t\t\t\t<\/h4>\n\t\t\t\t\t<\/a>\n\t\t\t\t\n\t\t\t\t\n\t\t\t\t\t\t\t\t\t<a class=\"elementor-author-box__button elementor-button elementor-size-xs\" href=\"https:\/\/www.globalafricasciences.org\/fr\/author\/cheikh-thiam-fr\/\">\n\t\t\t\t\t\tTous les articles de l'auteur\t\t\t\t\t<\/a>\n\t\t\t\t\t\t\t<\/div>\n\t\t<\/div>\n\t\t\t\t\t\t<\/div>\n\t\t\t\t<\/div>\n\t\t\t\t<div class=\"elementor-element elementor-element-e8e0ae8 ignoretoc elementor-widget elementor-widget-author-box\" data-id=\"e8e0ae8\" data-element_type=\"widget\" data-e-type=\"widget\" data-widget_type=\"author-box.default\">\n\t\t\t\t<div class=\"elementor-widget-container\">\n\t\t\t\t\t\t\t<div class=\"elementor-author-box\">\n\t\t\t\t\t\t\t<a href=\"\/authors\/mjiba-frehiwot\" class=\"elementor-author-box__avatar\">\n\t\t\t\t\t<img decoding=\"async\" src=\"https:\/\/www.globalafricasciences.org\/wp-content\/uploads\/2024\/12\/Mjiba-Frehiwot--225x300.webp\" alt=\"Image de Mjiba Frehiwot\" loading=\"lazy\">\n\t\t\t\t<\/a>\n\t\t\t\n\t\t\t<div class=\"elementor-author-box__text\">\n\t\t\t\t\t\t\t\t\t<a href=\"\/authors\/mjiba-frehiwot\">\n\t\t\t\t\t\t<h4 class=\"elementor-author-box__name\">\n\t\t\t\t\t\t\tMjiba Frehiwot\t\t\t\t\t\t<\/h4>\n\t\t\t\t\t<\/a>\n\t\t\t\t\n\t\t\t\t\n\t\t\t\t\t\t\t\t\t<a class=\"elementor-author-box__button elementor-button elementor-size-xs\" href=\"\/authors\/mjiba-frehiwot\">\n\t\t\t\t\t\tTous les articles de l'auteur\t\t\t\t\t<\/a>\n\t\t\t\t\t\t\t<\/div>\n\t\t<\/div>\n\t\t\t\t\t\t<\/div>\n\t\t\t\t<\/div>\n\t\t\t\t<div class=\"elementor-element elementor-element-5182bb3 ignoretoc elementor-widget elementor-widget-wpml-language-switcher\" data-id=\"5182bb3\" data-element_type=\"widget\" data-e-type=\"widget\" data-widget_type=\"wpml-language-switcher.default\">\n\t\t\t\t<div class=\"elementor-widget-container\">\n\t\t\t\t\t<div class=\"wpml-elementor-ls\"><p class=\"wpml-ls-statics-post_translations wpml-ls\">This post is also available in: \n<span role=\"menu\">\n    <span class=\"wpml-ls-slot-post_translations wpml-ls-item wpml-ls-item-en wpml-ls-first-item wpml-ls-item-legacy-post-translations\" role=\"none\"><a href=\"https:\/\/www.globalafricasciences.org\/\" class=\"wpml-ls-link\" role=\"menuitem\" aria-label=\"Passer \u00e0 Anglais(English)\" title=\"Passer \u00e0 Anglais(English)\"><img decoding=\"async\"\n            class=\"wpml-ls-flag\"\n            src=\"https:\/\/www.globalafricasciences.org\/wp-content\/uploads\/flags\/Flag_of_the_United_States.svg\"\n            alt=\"\"\n            width=18\n            height=12\n    \/><span class=\"wpml-ls-native\" lang=\"en\">English<\/span><span class=\"wpml-ls-display\"><span class=\"wpml-ls-bracket\"> (<\/span>Anglais<span class=\"wpml-ls-bracket\">)<\/span><\/span><\/a><\/span>    <span class=\"wpml-ls-slot-post_translations wpml-ls-item wpml-ls-item-fr wpml-ls-current-language wpml-ls-last-item wpml-ls-item-legacy-post-translations\" role=\"none\"><a href=\"https:\/\/www.globalafricasciences.org\/fr\/\" class=\"wpml-ls-link\" role=\"menuitem\" ><img decoding=\"async\"\n            class=\"wpml-ls-flag\"\n            src=\"https:\/\/www.globalafricasciences.org\/wp-content\/plugins\/sitepress-multilingual-cms\/res\/flags\/fr.svg\"\n            alt=\"\"\n            width=18\n            height=12\n    \/><span class=\"wpml-ls-native\" role=\"menuitem\">Fran\u00e7ais<\/span><\/a><\/span><\/span>\n<\/p><\/div>\t\t\t\t<\/div>\n\t\t\t\t<\/div>\n\t\t\t\t<div class=\"elementor-element elementor-element-5eeda1f elementor-share-buttons--view-icon elementor-share-buttons--shape-circle elementor-share-buttons--skin-gradient elementor-grid-0 elementor-share-buttons--color-official elementor-widget elementor-widget-share-buttons\" data-id=\"5eeda1f\" data-element_type=\"widget\" data-e-type=\"widget\" data-widget_type=\"share-buttons.default\">\n\t\t\t\t<div class=\"elementor-widget-container\">\n\t\t\t\t\t\t\t<div class=\"elementor-grid\" role=\"list\">\n\t\t\t\t\t\t\t\t<div class=\"elementor-grid-item\" role=\"listitem\">\n\t\t\t\t\t\t<div class=\"elementor-share-btn elementor-share-btn_facebook\" role=\"button\" tabindex=\"0\" aria-label=\"Partager sur facebook\">\n\t\t\t\t\t\t\t\t\t\t\t\t\t\t\t<span class=\"elementor-share-btn__icon\">\n\t\t\t\t\t\t\t\t<i class=\"fab fa-facebook\" aria-hidden=\"true\"><\/i>\t\t\t\t\t\t\t<\/span>\n\t\t\t\t\t\t\t\t\t\t\t\t\t\t\t\t\t\t\t\t<\/div>\n\t\t\t\t\t<\/div>\n\t\t\t\t\t\t\t\t\t<div class=\"elementor-grid-item\" role=\"listitem\">\n\t\t\t\t\t\t<div class=\"elementor-share-btn elementor-share-btn_x-twitter\" role=\"button\" tabindex=\"0\" aria-label=\"Partager sur x-twitter\">\n\t\t\t\t\t\t\t\t\t\t\t\t\t\t\t<span class=\"elementor-share-btn__icon\">\n\t\t\t\t\t\t\t\t<i class=\"fab fa-x-twitter\" aria-hidden=\"true\"><\/i>\t\t\t\t\t\t\t<\/span>\n\t\t\t\t\t\t\t\t\t\t\t\t\t\t\t\t\t\t\t\t<\/div>\n\t\t\t\t\t<\/div>\n\t\t\t\t\t\t\t\t\t<div class=\"elementor-grid-item\" role=\"listitem\">\n\t\t\t\t\t\t<div class=\"elementor-share-btn elementor-share-btn_linkedin\" role=\"button\" tabindex=\"0\" aria-label=\"Partager sur linkedin\">\n\t\t\t\t\t\t\t\t\t\t\t\t\t\t\t<span class=\"elementor-share-btn__icon\">\n\t\t\t\t\t\t\t\t<i class=\"fab fa-linkedin\" aria-hidden=\"true\"><\/i>\t\t\t\t\t\t\t<\/span>\n\t\t\t\t\t\t\t\t\t\t\t\t\t\t\t\t\t\t\t\t<\/div>\n\t\t\t\t\t<\/div>\n\t\t\t\t\t\t\t\t\t<div class=\"elementor-grid-item\" role=\"listitem\">\n\t\t\t\t\t\t<div class=\"elementor-share-btn elementor-share-btn_whatsapp\" role=\"button\" tabindex=\"0\" aria-label=\"Partager sur whatsapp\">\n\t\t\t\t\t\t\t\t\t\t\t\t\t\t\t<span class=\"elementor-share-btn__icon\">\n\t\t\t\t\t\t\t\t<i class=\"fab fa-whatsapp\" aria-hidden=\"true\"><\/i>\t\t\t\t\t\t\t<\/span>\n\t\t\t\t\t\t\t\t\t\t\t\t\t\t\t\t\t\t\t\t<\/div>\n\t\t\t\t\t<\/div>\n\t\t\t\t\t\t\t\t\t<div class=\"elementor-grid-item\" role=\"listitem\">\n\t\t\t\t\t\t<div class=\"elementor-share-btn elementor-share-btn_email\" role=\"button\" tabindex=\"0\" aria-label=\"Partager sur email\">\n\t\t\t\t\t\t\t\t\t\t\t\t\t\t\t<span class=\"elementor-share-btn__icon\">\n\t\t\t\t\t\t\t\t<i class=\"fas fa-envelope\" aria-hidden=\"true\"><\/i>\t\t\t\t\t\t\t<\/span>\n\t\t\t\t\t\t\t\t\t\t\t\t\t\t\t\t\t\t\t\t<\/div>\n\t\t\t\t\t<\/div>\n\t\t\t\t\t\t<\/div>\n\t\t\t\t\t\t<\/div>\n\t\t\t\t<\/div>\n\t\t\t\t<div class=\"elementor-element elementor-element-297d7b5 elementor-align-left elementor-widget__width-inherit elementor-widget elementor-widget-button\" data-id=\"297d7b5\" data-element_type=\"widget\" data-e-type=\"widget\" data-widget_type=\"button.default\">\n\t\t\t\t<div class=\"elementor-widget-container\">\n\t\t\t\t\t\t\t\t\t<div class=\"elementor-button-wrapper\">\n\t\t\t\t\t<a class=\"elementor-button elementor-button-link elementor-size-sm\" href=\"https:\/\/doi.org\/10.57832\/w47e-z857\" target=\"_blank\">\n\t\t\t\t\t\t<span class=\"elementor-button-content-wrapper\">\n\t\t\t\t\t\t<span class=\"elementor-button-icon\">\n\t\t\t\t<i aria-hidden=\"true\" class=\"fas fa-file-pdf\"><\/i>\t\t\t<\/span>\n\t\t\t\t\t\t\t\t\t<span class=\"elementor-button-text\">T\u00c9L\u00c9CHARGER EN PDF<\/span>\n\t\t\t\t\t<\/span>\n\t\t\t\t\t<\/a>\n\t\t\t\t<\/div>\n\t\t\t\t\t\t\t\t<\/div>\n\t\t\t\t<\/div>\n\t\t\t\t<\/div>\n\t\t<div data-particle_enable=\"false\" data-particle-mobile-disabled=\"false\" class=\"elementor-element elementor-element-2724b9e e-con-full e-flex wpr-particle-no wpr-jarallax-no wpr-parallax-no wpr-sticky-section-no e-con e-child\" data-id=\"2724b9e\" data-element_type=\"container\" data-e-type=\"container\">\n\t\t\t\t<div class=\"elementor-element elementor-element-f03e25c elementor-widget elementor-widget-heading\" data-id=\"f03e25c\" data-element_type=\"widget\" data-e-type=\"widget\" data-widget_type=\"heading.default\">\n\t\t\t\t<div class=\"elementor-widget-container\">\n\t\t\t\t\t<h4 class=\"elementor-heading-title elementor-size-default\"><a href=\"\/?issues=Pan-africanism,%20African%20Research,%20and%20Global%20Challenges%20\">03.2023<br>Panafricanisme, recherche africaine et enjeux globaux<\/a><\/h4>\t\t\t\t<\/div>\n\t\t\t\t<\/div>\n\t\t\t\t<div class=\"elementor-element elementor-element-b2b07a4 elementor-widget elementor-widget-text-editor\" data-id=\"b2b07a4\" data-element_type=\"widget\" data-e-type=\"widget\" data-widget_type=\"text-editor.default\">\n\t\t\t\t<div class=\"elementor-widget-container\">\n\t\t\t\t\t\t\t\t\t<p><strong>Publi\u00e9 le : 20 septembre 2023<\/strong><br><strong>ISSN: 3020-0458<\/strong><\/p>\t\t\t\t\t\t\t\t<\/div>\n\t\t\t\t<\/div>\n\t\t\t\t<div class=\"elementor-element elementor-element-38d84bf elementor-align-center elementor-widget__width-inherit elementor-hidden-mobile elementor-widget elementor-widget-button\" data-id=\"38d84bf\" data-element_type=\"widget\" data-e-type=\"widget\" data-widget_type=\"button.default\">\n\t\t\t\t<div class=\"elementor-widget-container\">\n\t\t\t\t\t\t\t\t\t<div class=\"elementor-button-wrapper\">\n\t\t\t\t\t<a class=\"elementor-button elementor-button-link elementor-size-sm\" href=\"\/wp-content\/uploads\/2024\/12\/Global-Africa-Issue-03-Pan-africanism-African-Research-and-Global-Challenges.pdf\">\n\t\t\t\t\t\t<span class=\"elementor-button-content-wrapper\">\n\t\t\t\t\t\t\t\t\t<span class=\"elementor-button-text\">T\u00c9L\u00c9CHARGER LE NUM\u00c9RO PDF<\/span>\n\t\t\t\t\t<\/span>\n\t\t\t\t\t<\/a>\n\t\t\t\t<\/div>\n\t\t\t\t\t\t\t\t<\/div>\n\t\t\t\t<\/div>\n\t\t\t\t<div class=\"elementor-element elementor-element-b5db791 elementor-widget elementor-widget-image\" data-id=\"b5db791\" data-element_type=\"widget\" data-e-type=\"widget\" data-widget_type=\"image.default\">\n\t\t\t\t<div class=\"elementor-widget-container\">\n\t\t\t\t\t\t\t\t\t\t\t\t\t\t\t\t<a href=\"https:\/\/www.globalafricasciences.org\/wp-content\/uploads\/2024\/11\/GA-Issue-07-1.jpg\">\n\t\t\t\t\t\t\t<img fetchpriority=\"high\" decoding=\"async\" width=\"1240\" height=\"1754\" src=\"https:\/\/www.globalafricasciences.org\/wp-content\/uploads\/2024\/12\/Global-Africa-Issue-03-Pan-africanism-African-Research-and-Global-Challenges.jpg\" class=\"attachment-full size-full wp-image-1087\" alt=\"Lagos 1980 and the Right of Africans to Science\" srcset=\"https:\/\/www.globalafricasciences.org\/wp-content\/uploads\/2024\/12\/Global-Africa-Issue-03-Pan-africanism-African-Research-and-Global-Challenges.jpg 1240w, https:\/\/www.globalafricasciences.org\/wp-content\/uploads\/2024\/12\/Global-Africa-Issue-03-Pan-africanism-African-Research-and-Global-Challenges-212x300.jpg 212w, https:\/\/www.globalafricasciences.org\/wp-content\/uploads\/2024\/12\/Global-Africa-Issue-03-Pan-africanism-African-Research-and-Global-Challenges-724x1024.jpg 724w, https:\/\/www.globalafricasciences.org\/wp-content\/uploads\/2024\/12\/Global-Africa-Issue-03-Pan-africanism-African-Research-and-Global-Challenges-768x1086.jpg 768w, https:\/\/www.globalafricasciences.org\/wp-content\/uploads\/2024\/12\/Global-Africa-Issue-03-Pan-africanism-African-Research-and-Global-Challenges-1086x1536.jpg 1086w\" sizes=\"(max-width: 1240px) 100vw, 1240px\" \/>\t\t\t\t\t\t\t\t<\/a>\n\t\t\t\t\t\t\t\t\t\t\t\t\t\t\t<\/div>\n\t\t\t\t<\/div>\n\t\t\t\t<\/div>\n\t\t\t\t<\/div>\n\t\t<div data-particle_enable=\"false\" data-particle-mobile-disabled=\"false\" class=\"elementor-element elementor-element-ae2d51c e-con-full e-flex wpr-particle-no wpr-jarallax-no wpr-parallax-no wpr-sticky-section-no e-con e-parent\" data-id=\"ae2d51c\" data-element_type=\"container\" data-e-type=\"container\">\n\t\t<div data-particle_enable=\"false\" data-particle-mobile-disabled=\"false\" class=\"elementor-element elementor-element-3c8215e e-con-full e-flex wpr-particle-no wpr-jarallax-no wpr-parallax-no wpr-sticky-section-no e-con e-child\" data-id=\"3c8215e\" data-element_type=\"container\" data-e-type=\"container\">\n\t\t\t\t<div class=\"elementor-element elementor-element-fa2f8e7 elementor-widget elementor-widget-eael-adv-tabs\" data-id=\"fa2f8e7\" data-element_type=\"widget\" data-e-type=\"widget\" data-widget_type=\"eael-adv-tabs.default\">\n\t\t\t\t<div class=\"elementor-widget-container\">\n\t\t\t\t\t        <div data-scroll-on-click=\"no\" data-scroll-speed=\"300\" id=\"eael-advance-tabs-fa2f8e7\" class=\"eael-advance-tabs eael-tabs-horizontal eael-tab-auto-active  responsive-vertical-layout\" data-tabid=\"fa2f8e7\">\n            <div class=\"eael-tabs-nav \">\n                <ul class=\"eael-tab-inline-icon\" role=\"tablist\">\n                                            <li id=\"abstract\" class=\"active-default eael-tab-item-trigger eael-tab-nav-item\" aria-selected=\"true\" data-tab=\"1\" role=\"tab\" tabindex=\"0\" aria-controls=\"abstract-tab\" aria-expanded=\"false\">\n                            \n                                                                <img decoding=\"async\" src=\"https:\/\/www.globalafricasciences.org\/wp-content\/uploads\/2024\/11\/Flag_of_the_United_States.svg\" alt=\"\">\n                                                            \n                                                            <span class=\"eael-tab-title title-after-icon\" >Abstract<\/span>                            \n                                                    <\/li>\n                                            <li id=\"rsum\" class=\"inactive eael-tab-item-trigger eael-tab-nav-item\" aria-selected=\"false\" data-tab=\"2\" role=\"tab\" tabindex=\"-1\" aria-controls=\"rsum-tab\" aria-expanded=\"false\">\n                            \n                                                                <img decoding=\"async\" src=\"https:\/\/www.globalafricasciences.org\/wp-content\/uploads\/2024\/11\/Flag_of_France.svg\" alt=\"\">\n                                                            \n                                                            <span class=\"eael-tab-title title-after-icon\" >R\u00e9sum\u00e9<\/span>                            \n                                                    <\/li>\n                                            <li id=\"muhtasari\" class=\"inactive eael-tab-item-trigger eael-tab-nav-item\" aria-selected=\"false\" data-tab=\"3\" role=\"tab\" tabindex=\"-1\" aria-controls=\"muhtasari-tab\" aria-expanded=\"false\">\n                            \n                                                                <img decoding=\"async\" src=\"https:\/\/www.globalafricasciences.org\/wp-content\/uploads\/2024\/11\/Flag_of_Kenya.svg\" alt=\"\">\n                                                            \n                                                            <span class=\"eael-tab-title title-after-icon\" >Muhtasari<\/span>                            \n                                                    <\/li>\n                                            <li id=\"\" class=\"inactive eael-tab-item-trigger eael-tab-nav-item\" aria-selected=\"false\" data-tab=\"4\" role=\"tab\" tabindex=\"-1\" aria-controls=\"-tab\" aria-expanded=\"false\">\n                            \n                                                                <svg xmlns=\"http:\/\/www.w3.org\/2000\/svg\" width=\"900\" height=\"600\" viewBox=\"0 0 900 600\"><path id=\"green\" d=\"m0 600h900v-600h-900z\" fill=\"#005430\" stroke-width=\".375\"><\/path><g id=\"white\" transform=\"scale(.375)\"><g id=\"shahada\"><g transform=\"matrix(7.3042,0,0,-6.7531,1800,635.53)\"><path d=\"m0 0c-0.023 4.162-1.516 15.373-1.895 19.134-0.378 3.761-0.759 7.173-0.667 7.972 0.09 0.771 1.187-1.072 1.767-1.221 0.3 0.065 0.166 1.229-0.379 2.223-0.369 0.675-1.627 3.199-2.39 4.678-0.359 0.7-0.439 1.106-0.612 1.192-0.172 0.086-1.561-2.945-1.409-3.281 0.379-0.616 0.639-0.91 0.698-1.998 0.06-1.088 0.58-8.856 1.243-14.744 0.499-4.442 1.594-14.012 1.633-19.962 0.011-1.941-0.188-3.791-0.427-4.564-0.613-1.214-1.571-2.309-5.139-4.567-4.011-2.539-9.362-4.652-11.662-6.066-1.43-0.882-0.956-1 0.289-0.614 1.242 0.386 7.664 1.623 10.784 3.049 2.929 1.342 4.83 3.587 6.273 6.862 1.782 4.049 1.918 7.485 1.893 11.907\" fill=\"#fff\"><\/path><\/g><g transform=\"matrix(7.3042,0,0,-6.7531,1709.3,422.03)\"><path d=\"m0 0c0.31 0.13 2.877 0.273 3.568 0.119-0.454-0.702-3.532-2.256-3.545-2.541 0.084-0.192 2.126 0.355 2.77 0.659 0.421 0.274 0.702 0.698 1.014 1.05 0.736 0.916 1.609 2.615 1.389 2.828-0.357 0.344-3.856 0.13-4.317 0.059-0.309-0.048-1.093-1.568-1.237-1.958-0.141-0.39 0.048-0.346 0.358-0.216\" fill=\"#fff\"><\/path><\/g><g transform=\"matrix(7.3042,0,0,-6.7531,1747.6,588.62)\"><path d=\"m0 0c0.535 1.96 0.667 4.338-0.061 6.841-0.748 2.577-2.606 4.148-3.946 4.953l-0.239-2.481s1.879-1.01 3.164-3.553c0.814-1.613 1.153-3.894 0.51-6.437-0.107-0.631 0.31-0.283 0.572 0.677\" fill=\"#fff\"><\/path><\/g><g transform=\"matrix(7.3042,0,0,-6.7531,1602.4,672.64)\"><path d=\"m0 0c0.482 1.765 0.6 3.906-0.054 6.16-0.674 2.321-2.347 3.736-3.554 4.458l-0.216-2.233s1.692-0.91 2.849-3.198c0.734-1.451 1.038-3.508 0.461-5.797-0.096-0.566 0.279-0.254 0.514 0.61\" fill=\"#fff\"><\/path><\/g><g transform=\"matrix(7.3042,0,0,-6.7531,1098.3,444.51)\"><path d=\"m0 0c0.774-1.531 1.095-3.699 0.486-6.114-0.102-0.599 0.292-0.27 0.543 0.642 0.506 1.86 0.632 4.12-0.06 6.499-0.711 2.449-2.476 3.94-3.749 4.703l-0.225-2.356s1.785-0.959 3.005-3.374\" fill=\"#fff\"><\/path><\/g><g transform=\"matrix(7.3042,0,0,-6.7531,758,449.86)\"><path d=\"m0 0c0.65-1.648 0.694-3.873-0.356-6.217-0.204-0.589 0.293-0.31 0.71 0.571 0.852 1.801 1.33 4.055 0.898 6.545-0.443 2.56-2.221 4.305-3.552 5.25l-0.604-2.339s1.879-1.212 2.904-3.81\" fill=\"#fff\"><\/path><\/g><g transform=\"matrix(7.3042,0,0,-6.7531,852.07,698.62)\"><path d=\"m0 0c0.826 1.658 1.17 2.774 1.537 4.738 0.321 1.728 0.342 3.724 0.226 5.756 2.472 1.09 5.418 2.899 6.408 3.032-0.677-2.514 0.939-5.227 4.203-4.873 0.25-2.843 0.464-5.34 0.594-6.821 0.266-3.036 0.226-6.862 0.218-7.527-0.011-0.668 0.436-0.542 0.895 0.946 0.612 1.992 0.801 7.194 0.579 10.634-0.053 0.86-0.143 2.021-0.252 3.344 2.116 1.059 2.468 3.103 3.259 3.974 0.714-2.705 4.644-3.072 5.857-2.493 1.504 0.719 1.997 2.012 2.384 5.013 0.388 3-0.742 4.208-1.146 4.535-0.04-0.363-1.024-3.889-1.024-3.889s0.933-1.066 0.98-1.59c-0.76-0.744-2.363-0.79-3.709-0.316-1.347 0.474-1.76 1.346-1.68 1.931 0.078 0.587 0.585 1.121 0.602 1.836 0.015 0.715-0.302 0.508-0.841-0.125-0.539-0.634-0.887-1.204-1.633-2.565-0.61-1.113-1.6-2.471-3.346-2.859-0.288 3.268-0.617 6.745-0.837 8.929-0.115 1.153-1.264 11.117-1.346 12.232-0.071 0.971-0.204 2.116-0.182 2.654 0.022 0.428 0.27 0.258 0.654-0.19 0.385-0.447 1.058-1.227 1.174-1.166 0.392 0.208-9e-3 1.503-0.522 2.663-0.512 1.163-2.26 5.751-2.627 5.94-0.189 0.096-1.369-2.728-1.439-3.284 0.183-0.348 0.661-0.895 0.678-2.451 6e-3 -0.434 0.264-4.526 0.622-8.395 0.313-3.417 0.728-6.659 0.768-7.036 0.285-2.608 0.631-6.284 0.96-9.898-1.895 0.39-2.399 1.742-2.357 2.513 0.048 0.87 0.411 1.852 0.237 2.074-0.365 0.237-2.537-1.076-5.566-2.487-0.852-0.396-1.812-0.821-2.825-1.224-0.264 2.463-0.612 4.805-0.752 6.596l-0.017 0.199c1.992 0.139 3.623 1.227 4.365 2.263 0.927 1.295 1.575 3.96 1.638 6.002 0.063 2.044-1.462 5.781-1.825 6.969-0.366 1.189-0.555 2.013-0.587 2.424-0.033 0.411 0.824-0.476 1.363-0.65 0.365-0.079 0.239 0.776-0.207 1.363-0.443 0.585-2.839 4.518-3.007 4.242-0.103-0.162-1.063-3.055-1.126-3.498 0.378-0.27 0.82-1.014 0.851-1.727 0.032-0.713 0.56-3.848 1.145-5.59 0.587-1.742 1.837-5.084 1.916-6.003-0.893-0.681-2.926-1.834-4.937-1.765-0.344 3.048-0.78 6.588-1.013 9.095-0.09 0.969-0.096 2.003-0.082 2.543 0.011 0.428 0.296 0.369 0.688-0.071 0.394-0.44 0.998-1.08 1.122-1.034 0.27 0.097 0.036 1.068-0.499 2.221s-2.661 6.03-3.034 6.212c-0.189 0.093-1.141-2.646-1.201-3.205 0.19-0.346 0.677-0.881 0.725-2.437 0.038-1.239 0.596-7.311 1.074-12.659-1.99 1.113-2.669 2.704-2.915 5.375-0.172 1.862-0.189 5.292-0.803 8.161-0.346 1.622-1.075 3.27-1.939 4.145-0.206-0.539-1.126-3.848-1.126-3.848 0.3-0.95 1.233-4.149 1.201-6.921-0.031-2.772-0.233-5.482-3.105-7.349-2.87-1.868-7.175-1.125-8.238 1.789-1.063 2.916 1.3 10.227 1.269 11.953-0.032 1.726-0.317 1.964-0.984 1.679-0.666-0.285-2.029-1.949-3.203-4.656-1.174-2.709-1.696-6.064-2.363-8.345-0.665-2.281-1.73-4.592-3.378-4.464-1.648 0.126-2.535 1.757-3.042 4.116-0.508 2.361-0.197 5.47-0.059 6.267 0.344 1.996-0.453 1.587-0.941-1.547-0.302-1.933-0.602-5.02 0.461-8.251 1.061-3.231 2.87-4.436 4.455-4.023 1.586 0.411 2.98 4.434 3.472 6.241 0.491 1.804 2.688 9.817 3.932 10.211 0.174-0.903-0.967-3.814-1.332-7.219-0.364-3.405 0.485-7.979 4.481-8.77 3.996-0.792 6.707 2.011 7.69 3.957 0.984 1.949 1.443 3.992 1.554 5.021 0.128-2.612 1.776-6.691 4.977-7.854l0.33-0.103c0.197-2.138 0.518-4.929 0.813-7.86-0.623-0.208-1.252-0.396-1.878-0.558-0.08 0.281-0.168 0.556-0.275 0.809-0.977 2.273-2.594 4.368-4.835 4.223-2.289-0.147-4.785-3.451-4.676-5.864 0.072-1.623 0.898-2.955 3.902-3.296 1.372-0.157 2.829 8e-3 4.334 0.363 0.212-0.671 0.346-1.338 0.361-1.946-0.952-1.204-8.829-7.63-14.727-8.248-5.898-0.617-7.697 2.727-7.756 6.084-0.044 2.554 1.376 5.103 2.374 6.867 1.428 1.13 2.6 2.543 3.34 3.633 0.201-0.134 0.392-0.258 0.574-0.373 0.705-0.443 0.986-1.105 0.986-1.105 0.13 0.216 0.736 1.396 0.499 1.973-0.109 0.142-0.642 0.497-1.283 0.918 0.673 1.814 0.664 3.625-0.208 4.028-0.975 0.449-2.248-0.799-2.797-1.56-0.285-0.396-0.394-0.845-0.396-1.222-4e-3 -0.485 0.207-0.923 0.729-1.313 0.52-0.384 1.003-0.732 1.457-1.046-1.289-1.464-4.335-3.609-6.199-4.869-0.069 0.185-0.342-0.01-0.709-0.478l-0.505-0.337c-1.487-0.984-5.053-3.145-5.754-3.674-0.702-0.53-0.262-0.434 0-0.316 0.495 0.289 1.145 0.639 1.875 1.025 1.034 0.547 2.237 1.166 3.413 1.787-0.348-0.638-0.708-1.384-1.027-2.198-1.403-3.583-3.671-11.009 1.235-15.477 4.694-4.277 12.762-2.65 19.453 1.795 6.692 4.446 8.137 6.009 9.183 7.625m-21.816 17.664c-0.232 0.185-0.264 0.432-0.075 0.604 0.241 0.222 0.549 0.432 0.899 0.503 0.742 0.149 1.038-0.773 0.74-2.209-0.564 0.373-1.144 0.765-1.564 1.102m15.348-6.057c-3.407-0.017-3.564 0.652-3.5 1.08 0.063 0.426 1.124 1.595 2.47 0.824 0.569-0.327 1.21-1.011 1.803-1.87-0.262-0.021-0.52-0.032-0.773-0.034m-10.435-19.379c-6.437-1.9-12.716 1.044-13.096 6.873-0.291 4.451 1.21 7.805 2.178 9.695 0.923 0.494 1.795 0.974 2.516 1.404-1.685-2.935-2.671-6.866-2.012-10.196 0.746-3.772 3.78-6.059 8.917-5.321 5.086 0.729 11.963 5.961 13.913 7.934 0.594 0.712 0.986 1.354 1.52 2.662 0.22 0.537 0.529 1.246 0.644 2.047 0.075 0.522 0.115 1.08 0.124 1.648 0.597 0.193 1.197 0.409 1.801 0.641 0.205-2.388 0.356-4.742 0.365-6.778-3.169-4.02-10.433-8.708-16.87-10.609\" fill=\"#fff\"><\/path><\/g><g transform=\"matrix(7.3042,0,0,-6.7531,1551,647.88)\"><path d=\"m0 0c-0.218 3.9-0.744 10.959-1.038 14.54-0.26 3.187-0.771 7.555-1.145 11.4-0.094 0.968-0.104 1.895-0.094 2.434 0.011 0.426 0.405 0.262 0.799-0.176s1.01-0.988 1.126-0.921c0.385 0.216-0.076 1.284-0.617 2.433-0.541 1.151-2.686 5.912-3.059 6.093-0.19 0.092-1.195-2.76-1.253-3.319 0.192-0.344 0.683-0.877 0.736-2.433 0.054-1.557 0.781-8.715 1.306-14.504 0.364-4.024 0.834-10.59 1.176-15.541-0.017-8e-3 0.323-4.707 0.36-5.235 0.21-3.04 0.101-6.865 0.08-7.529-0.023-0.667 0.428-0.551 0.912 0.929 0.493 1.511 0.774 4.885 0.812 7.931z\" fill=\"#fff\"><\/path><\/g><g transform=\"matrix(7.3042,0,0,-6.7531,1417.5,555.68)\"><path d=\"m0 0c-0.66-0.218-1.696 0.537-1.617 2.12 0.072 1.43 0.638 2.769 0.856 3.614 0.3 1.166 0.302 2.29 0.048 1.653-0.572-1.424-1.637-4.177-1.857-6.045-0.221-1.868 0.339-3.072 1.1-3.483 0.948-0.515 1.631 0.302 2.093 1.506 0.444 1.153 0.36 2.499 0.052 2.182-0.258-0.331-0.354-1.44-0.675-1.547\" fill=\"#fff\"><\/path><\/g><g transform=\"matrix(7.3042,0,0,-6.7531,1348.2,594.54)\"><path d=\"m0 0c0.35 1.006 0.432 1.992 0.163 1.451-0.607-1.212-1.744-3.554-2.077-5.181-0.332-1.627 0.071-2.728 0.711-3.145 0.798-0.522 1.455 0.147 1.952 1.172 0.475 0.981 0.499 2.172 0.207 1.914-0.252-0.272-0.419-1.239-0.707-1.31-0.599-0.143-1.453 0.597-1.268 1.985 0.168 1.25 0.765 2.387 1.019 3.114\" fill=\"#fff\"><\/path><\/g><g transform=\"matrix(7.3042,0,0,-6.7531,1146.4,737.86)\"><path d=\"m0 0c0.585 1.027 0.876 2.092 0.47 1.554-0.906-1.202-2.621-3.535-3.313-5.246-0.69-1.711-0.47-2.996 0.145-3.581 0.767-0.73 1.622-0.13 2.369 0.889 0.717 0.977 0.985 2.273 0.61 2.052-0.329-0.249-0.705-1.272-1.036-1.291-0.681-0.036-1.467 0.945-0.985 2.423 0.436 1.334 1.317 2.456 1.74 3.2\" fill=\"#fff\"><\/path><\/g><g transform=\"matrix(7.3042,0,0,-6.7531,1500.2,535.46)\"><path d=\"m0 0c-0.671-0.182-1.663 0.631-1.497 2.208 0.151 1.423 0.792 2.728 1.055 3.558 0.366 1.149 0.429 2.27 0.14 1.65-0.648-1.392-1.864-4.08-2.189-5.934-0.325-1.853 0.166-3.086 0.904-3.539 0.92-0.564 1.644 0.212 2.174 1.39 0.507 1.126 0.499 2.474 0.172 2.174-0.275-0.318-0.432-1.419-0.759-1.507\" fill=\"#fff\"><\/path><\/g><g transform=\"matrix(7.3042,0,0,-6.7531,1498.7,666.11)\"><path d=\"m0 0c0.918-0.564 1.646 0.212 2.174 1.39 0.506 1.126 0.499 2.474 0.174 2.174-0.277-0.316-0.434-1.419-0.761-1.507-0.671-0.181-1.665 0.631-1.497 2.208 0.151 1.423 0.791 2.729 1.055 3.558 0.365 1.149 0.428 2.272 0.14 1.65-0.65-1.392-1.864-4.08-2.189-5.932-0.325-1.855 0.166-3.088 0.904-3.541\" fill=\"#fff\"><\/path><\/g><g transform=\"matrix(7.3042,0,0,-6.7531,1584.4,499.22)\"><path d=\"m0 0c0.442 1.39 0.518 2.747 0.168 1.996-0.786-1.684-2.256-4.936-2.65-7.181-0.392-2.243 0.203-3.734 1.096-4.283 1.111-0.682 1.99 0.257 2.631 1.681 0.611 1.363 0.602 2.996 0.208 2.631-0.333-0.383-0.524-1.715-0.92-1.822-0.81-0.22-2.013 0.763-1.81 2.671 0.183 1.722 0.958 3.301 1.277 4.307\" fill=\"#fff\"><\/path><\/g><g transform=\"matrix(7.3042,0,0,-6.7531,899.52,661.58)\"><path d=\"m0 0c0.723 1.694 0.985 3.39 0.453 2.487-1.191-2.021-3.434-5.934-4.2-8.706-0.767-2.773-0.199-4.721 0.856-5.52 1.316-0.992 2.535 0.084 3.512 1.795 0.935 1.641 1.121 3.696 0.582 3.285-0.465-0.44-0.867-2.094-1.377-2.181-1.048-0.178-2.44 1.204-1.954 3.579 0.44 2.143 1.606 4.035 2.128 5.261\" fill=\"#fff\"><\/path><\/g><g transform=\"matrix(7.3042,0,0,-6.7531,1639,775)\"><path d=\"m0 0c0.554 0.491 5.372 3.298 6.259 3.868 0 0 0.907 1.6 0.635 1.77-0.273 0.17-2.032-1.56-3.126-1.608-1.095-0.048-2.594 0.822-2.642 1.535 0.142 0.538 1.459 1.346 1.935 1.379 0.476 0.03 0.399-1.142 0.558-1.285 0.159-0.141 0.792 0.809 0.872 1.205 0.078 0.395 0.013 2.049-0.858 1.812-1.379-0.377-3.459-3.143-3.696-4.013-0.239-0.872 1.046-1.631 1.984-2.044-0.08-0.032-0.78-0.396-1.223-0.87 0 0-0.476-0.577-0.698-1.749\" fill=\"#fff\"><\/path><\/g><g transform=\"matrix(7.3042,0,0,-6.7531,1519,798.48)\"><path d=\"m0 0c0.554 0.491 5.372 3.296 6.259 3.868 0 0 0.909 1.6 0.635 1.77-0.273 0.17-2.032-1.56-3.126-1.608-1.095-0.048-2.594 0.822-2.642 1.535 0.142 0.538 1.459 1.346 1.935 1.377 0.476 0.032 0.399-1.139 0.558-1.281 0.159-0.143 0.792 0.807 0.872 1.203 0.078 0.395 0.011 2.049-0.858 1.812-1.379-0.379-3.459-3.143-3.696-4.015-0.239-0.87 1.046-1.629 1.982-2.042-0.078-0.032-0.778-0.395-1.221-0.87 0 0-0.476-0.577-0.698-1.749\" fill=\"#fff\"><\/path><\/g><g transform=\"matrix(7.3042,0,0,-6.7531,1248.7,458.72)\"><path d=\"m0 0c0.432-0.543 3.262-4.432 5.479-6.877 2.216-2.447 6.015-6.407 8.806-9.121 0.54-0.526 1.113-1.096 1.696-1.689 0.704-5.846 1.518-13.285 1.86-16.361 0.337-3.029 0.387-6.854 0.394-7.52 6e-3 -0.667 0.45-0.531 0.872 0.966 0.566 2.009 0.631 7.211 0.331 10.647-0.186 2.122-0.625 6.097-1.05 9.762 1.648-1.761 3.205-3.508 4.254-4.816 1.929-2.401 3.552-4.212 4.541-6.793 0.7-1.826 0.629-3.279 0.916-3.566 0.248-0.248 0.522 1.937 0.216 4.056-0.496 3.441-1.176 4.9-5.26 9.813-1.558 1.878-3.392 3.841-5.185 5.676-0.069 0.566-0.132 1.09-0.189 1.555-0.142 1.149-1.526 11.083-1.635 12.196-0.093 0.969-0.256 2.11-0.243 2.649 0.01 0.429 0.262 0.262 0.658-0.176 0.394-0.437 1.084-1.202 1.201-1.135 0.386 0.216-0.044 1.499-0.585 2.65-0.539 1.149-2.396 5.695-2.769 5.875-0.189 0.092-1.302-2.759-1.359-3.317 0.193-0.344 0.683-0.88 0.736-2.434 0.015-0.434 0.371-4.52 0.818-8.378 0.396-3.409 0.886-6.642 0.937-7.016l2e-3 -0.029c-1.849 1.824-3.478 3.373-4.466 4.346-2.31 2.271-7.412 7.66-7.617 8.467-0.046 0.255 0.35 0.098 1.078-0.028 0.731-0.127 1.381-0.396 1.264-8e-3 -0.053 0.183-0.333 0.635-1.03 1.101-0.698 0.467-2.486 1.677-3.816 2.533-1.333 0.855-1.993 1.572-2.268 1.367-0.136-0.101-0.015-3.03 0.065-3.395 0.333-0.031 0.918-0.455 1.348-1\" fill=\"#fff\"><\/path><\/g><g transform=\"matrix(7.3042,0,0,-6.7531,1275.3,423.15)\"><path d=\"m0 0c0.547 0.13 3.139 0.059 4.08-0.155-0.394-0.296-3.046-1.745-3.57-2.09-0.521-0.346-0.653-0.546-0.391-0.512 0.76 0.228 2.473 0.512 3.294 0.975 0.774 0.392 2.093 2.304 2.606 3.017 0.51 0.713 0.51 1.069 0.38 1.26-0.524 0.308-3.902 0.617-5.531 0.18-0.451-0.331-1.333-2.094-1.463-2.461-0.13-0.369 0.048-0.344 0.595-0.214\" fill=\"#fff\"><\/path><\/g><g transform=\"matrix(7.3042,0,0,-6.7531,1380.6,421.6)\"><path d=\"m0 0c0.442 0.105 2.531 0.048 3.288-0.124-0.317-0.239-2.453-1.407-2.875-1.687-0.423-0.277-0.528-0.439-0.317-0.411 0.613 0.182 1.994 0.411 2.655 0.786 0.623 0.316 1.686 1.857 2.099 2.43 0.411 0.576 0.411 0.862 0.306 1.015-0.42 0.251-3.143 0.499-4.456 0.146-0.364-0.266-1.073-1.687-1.178-1.983-0.107-0.296 0.038-0.277 0.478-0.172\" fill=\"#fff\"><\/path><\/g><g transform=\"matrix(7.3042,0,0,-6.7531,1466.2,420.5)\"><path d=\"m0 0c0.44 0.105 2.529 0.048 3.286-0.124-0.315-0.239-2.452-1.407-2.875-1.685-0.421-0.279-0.526-0.441-0.315-0.413 0.613 0.182 2.101 0.413 2.762 0.786 0.624 0.316 1.363 1.857 1.776 2.432 0.413 0.574 0.413 0.862 0.306 1.013-0.42 0.251-2.929 0.499-4.24 0.148-0.364-0.268-1.075-1.689-1.18-1.985s0.038-0.277 0.48-0.172\" fill=\"#fff\"><\/path><\/g><g transform=\"matrix(7.3042,0,0,-6.7531,1412.8,462.19)\"><path d=\"m0 0c-0.694-1.182 0.176-2.136 0.493-3.091-0.428-0.423-1.086-0.037-1.306 0.334-0.468 0.761-0.311 2.312-0.862 2.551-0.141-0.419-0.233-0.884-0.233-0.884s0.419-1.061 0.314-1.763c-0.067-0.424-0.413-0.919-0.87-0.929-1.218-0.032-0.618 1.918-1.088 3.023-0.096-0.27-0.165-0.56-0.277-0.813 0.086-0.288 0.133-0.692 0.147-0.925 0.028-0.463-6e-3 -0.962 0.067-1.357 0.101-0.559 0.388-0.93 0.826-0.966 0.91-0.078 1.325 0.719 1.462 1.373 0.157-0.667 1.36-1.402 1.952-0.583 0.784 1.08 0.157 2.005-0.245 3.021-0.29 0.751-0.206 1.244-0.38 1.009\" fill=\"#fff\"><\/path><\/g><g transform=\"matrix(7.3042,0,0,-6.7531,1163.1,441.02)\"><path d=\"m0 0c0.063-0.486 0.294-0.818 0.671-0.868 0.778-0.107 1.172 0.562 1.319 1.118 0.103-0.581 1.109-1.265 1.656-0.587 0.723 0.897 0.222 1.721-0.08 2.614-0.216 0.662-0.123 1.082-0.283 0.887-0.65-0.986 0.059-1.849 0.29-2.686-0.388-0.344-0.937 0.017-1.111 0.344-0.37 0.677-0.168 2.006-0.63 2.237-0.14-0.356-0.239-0.751-0.239-0.751s0.313-0.933 0.191-1.532c-0.075-0.363-0.394-0.774-0.79-0.763-1.049 0.025-0.447 1.679-0.805 2.65-0.093-0.227-0.166-0.476-0.275-0.686 0.063-0.254 0.086-0.602 0.086-0.805 8e-3 -0.4-0.044-0.826 0-1.172\" fill=\"#fff\"><\/path><\/g><g transform=\"matrix(7.3042,0,0,-6.7531,1344.4,750.3)\"><path d=\"m0 0c0.117 0.201 0.375 0.753 0.31 1.13s-0.492 1.95-1.321 2.344c-0.824 0.394-1.448-0.432-1.843-1.581l-0.274 7e-3c-0.065-0.17-0.147-0.424-0.212-0.883-0.092-0.663-0.266-1.09-1.317-2.122-0.884-0.864-3.748-2.939-5.604-3.914-1.858-0.977-3.195-1.82-3.688-2.076-0.491-0.252-0.348-0.346 0.143-0.187 0.49 0.158 2.956 1.017 3.939 1.455 0.981 0.441 2.181 1.166 3.627 2.181 1.608 1.128 2.569 2.256 2.892 3.256 0.23 0.713 0.289 0.998 0.289 0.998s0.604-0.386 1.629-0.639c1.021-0.254 1.311-0.172 1.43 0.031m-1.386 2.235c0.455-0.187 0.732-0.723 0.814-1.048-0.522-0.013-1.483 0.274-1.892 0.474 0.246 0.515 0.674 0.738 1.078 0.574\" fill=\"#fff\"><\/path><\/g><g transform=\"matrix(7.3042,0,0,-6.7531,1264.9,757.77)\"><path d=\"m0 0c-1.426 0.214-5.019 0.805-5.898 3.061 0.738 1.164 4.137 2.638 8.395 4.017 4.258 1.376 8.707 3.162 9.903 4.024 0.262 0.096 0.769 0.067 0.769 0.067 0.214 0.667 1.283 3.009 1.35 3.499-1.19-0.073-8.525-0.656-11.783-0.845-3.26-0.19-9.538-0.144-11.63-0.119 1.283 0.998 4.328 2.946 8.68 4.608 0.564 0.216 1.086 0.411 1.573 0.587 0.362-0.698 0.631-1.388 0.687-1.989 0.277 0.308 0.485 1.329 0.415 2.377 2.537 0.876 3.844 1.166 4.408 1.331 0.356 0.499 0.987 2.517 1.081 3.984-0.379 0.747-1.566 1.677-2.622 2.476-1.455 1.099-3.024 2.057-4.59 1.638-2.141-0.568-2.57-4.822-2.071-5.724 0.159-0.285 0.536-0.79 0.981-1.413-1.564-0.665-3.2-1.447-4.642-2.269-3.212-1.83-6.798-3.832-7.844-5.757l-0.3-0.158c-0.084-0.182-0.746-3.161-0.842-3.482 0.668 0.025 5.656 0.015 9.13 0.132 3.472 0.12 6.508 0.239 7.697 0.239-1.761-0.451-6.376-2.306-7.703-3.397-1.327-1.094-2.161-2.757-2.183-5.608-1.237 0.524-3.536 1.721-5.495 4.587-2.184 3.194-1.732 6.479-2.606 10.79-1.27 6.256-3.982 11.538-5.671 13.154-0.569-2.208-0.642-3.872-0.642-3.872s2.116-5.06 3.187-8.29c1.071-3.231 1.986-6.414 1.941-7.127-0.882-2.092-6.103-6.474-10.454-9.039-4.126-2.432-7.761-2.694-9.049-0.962-0.253 0.338-0.425 0.738-0.522 1.191 0.56 0.283 1.122 0.568 1.698 0.853 3.71 1.828 10.299 5.676 11.843 7.695 1.666 2.447 1.643 5.892 0.666 7.864-0.973 1.971-2.499 4.253-2.618 5.06-0.093 0.381 0.991-0.155 1.631-0.191 0.31 0.025 0.155 0.476-0.51 1.189-0.532 0.568-2.589 2.411-3.375 3.13-0.197 0.183-0.344 0.109-0.384-0.084-0.153-0.736-0.466-2.312-0.587-3.09l0.084-0.392c0.226-0.145 0.486-0.308 0.612-0.715 0.178-0.577 0.801-2.187 1.822-4.219 1.023-2.031 2.501-4.273 2.646-5.405-1.202-1.658-7.263-5.189-13.167-8.099 0.365 1.224 0.941 2.608 1.705 4.145 0.217 0.26 0.415 0.581 0.599 0.943 0.589 1.164 0.646 2.587 0.289 2.286-0.306-0.319-0.526-1.474-0.876-1.552-0.717-0.159-1.723 0.746-1.47 2.401 0.229 1.493 0.967 2.841 1.286 3.704 0.442 1.194 0.563 2.374 0.228 1.732-0.753-1.434-2.166-4.212-2.6-6.153-0.432-1.938 0.027-3.263 0.784-3.776 0.283-0.195 0.554-0.256 0.812-0.218-0.518-1.066-1.158-2.374-1.625-3.934-2.374-1.149-4.684-2.176-6.596-2.916-6.873-2.661-11.771-4.229-15.197-5.393l-0.134-0.065c0.252 0.881 0.218 1.633-0.052 1.407-0.306-0.321-0.525-1.476-0.875-1.552-0.717-0.159-1.723 0.745-1.471 2.401 0.23 1.493 0.968 2.839 1.287 3.703 0.44 1.193 0.562 2.375 0.228 1.732-0.754-1.434-2.166-4.212-2.6-6.152-0.433-1.939 0.026-3.264 0.782-3.778 0.942-0.64 1.745 0.145 2.361 1.359l0.216 0.499c0.214 0 0.575 0.054 1.114 0.184 1.57 0.382 5.495 0.998 10.892 1.759 3.996 0.562 6.755 1.749 9.422 3.07-0.012-0.319-0.015-0.644-2e-3 -0.979 0.145-3.961 2.545-5.079 5.827-4.338 3.166 0.719 7.581 3.859 10.227 5.977 2.759 2.208 4.351 4.181 4.757 4.869 0.736 1.687 0.938 3.551 0.988 4.43 0.241-2.422 0.436-5.774 2.554-8.649 1.95-2.646 5.946-6.338 13.462-6.439 0.025 0.967-0.333 3.986-0.333 3.986m-0.497 24.544c1.076 1.306 3.372 0.452 5.095-1.204-0.883-0.224-2.082-0.623-3.405-1.134-0.786 1.025-1.663 2.013-1.69 2.338\" fill=\"#fff\"><\/path><\/g><g transform=\"matrix(7.3042,0,0,-6.7531,952.63,471.1)\"><path d=\"m0 0c0.488 0.241 1.981 0.967 3.59 1.981 1.606 1.007 3.115 2.227 3.853 3.038 0.283 0.311 0.535 0.554 0.696 0.843 0.482-0.216 0.814-0.44 1.021-0.528 0.311-0.13 0.726-0.317 0.996 0.641 0.269 0.957-0.088 1.575-0.614 2.313-0.445 0.619-1.151 1.549-1.724 1.78-0.486 0.197-0.717-0.977-0.643-0.948h0.325l0.063-0.033c-0.669-0.365-1.187-1.501-1.239-1.9-0.053-0.434 0.023-0.754 0.983-1.021l0.386-0.123c-0.801-1.026-2.294-2.087-3.311-2.839-1.443-1.07-3.491-2.407-4.074-2.793-0.583-0.384-0.534-0.505-0.308-0.411m8.672 7.538 0.052 0.513c0.675-0.832 1.176-1.822 1.126-1.962-0.31-0.027-0.696 0.283-1.371 0.595 0.075 0.248 0.138 0.522 0.193 0.854m-1.938-1e-3c-4e-3 0.156 0.256 0.59 0.806 0.827 0.549 0.239 0.792-0.428 0.84-1.24l-0.163-0.325-0.495 0.185c-0.524 0.166-0.878 0.26-0.988 0.553\" fill=\"#fff\"><\/path><\/g><g transform=\"matrix(7.3042,0,0,-6.7531,1215.5,576.87)\"><path d=\"m0 0c0.792 0.566 2.969 2.266 4.204 3.38 0.859 0.774 1.868 1.914 2.553 2.878 0.43-0.301 0.831-0.568 1.196-0.8 0.704-0.445 0.987-1.105 0.987-1.105 0.13 0.216 0.736 1.398 0.499 1.973-0.142 0.188-1.008 0.735-1.893 1.321 0.449 1.09 1.067 2.975 0.182 3.635-0.757 0.56-2.034-0.367-2.625-1.57-0.488-0.996-0.551-1.841 0.38-2.533 0.262-0.195 0.513-0.379 0.759-0.554-0.939-1.111-2.669-2.755-3.9-3.874-1.529-1.384-2.975-2.741-3.227-3.065l-0.073-0.126c-0.334 1.006-0.243 1.627-0.491 1.293-1.071-1.817 0.271-3.289 0.759-4.759-0.66-0.648-1.671-0.053-2.01 0.514-0.722 1.174-0.481 3.558-1.326 3.927-0.218-0.644-0.36-1.361-0.36-1.361s0.643-1.633 0.48-2.711c-0.101-0.652-0.635-1.415-1.336-1.428-1.876-0.052-0.951 2.95-1.675 4.65-0.147-0.417-0.252-0.863-0.428-1.249 0.133-0.447 0.206-1.067 0.225-1.426 0.048-0.713-6e-3 -1.478 0.105-2.09 0.155-0.86 0.597-1.432 1.272-1.485 1.399-0.123 2.038 1.107 2.25 2.11 0.241-1.026 2.094-2.154 3.005-0.896 1.207 1.663 0.241 3.087-0.376 4.651l-0.073 0.203c0.086-0.033 0.409 0.12 0.937 0.497m5.472 9.364c0.464 0.931 1.441 1.01 1.734 0.522 0.233-0.388 0.252-1.145-0.098-1.944-0.862 0.585-1.631 1.158-1.636 1.422\" fill=\"#fff\"><\/path><\/g><g transform=\"matrix(7.3042,0,0,-6.7531,992.43,536.89)\"><path d=\"m0 0c-1.648 0.126-2.535 1.759-3.042 4.118-0.508 2.359-0.197 5.47-0.059 6.267 0.138 0.796-0.639 0.385-0.941-1.548-0.3-1.931-0.602-5.019 0.461-8.252 1.061-3.229 2.87-4.434 4.455-4.021 1.585 0.411 2.98 4.434 3.472 6.239 0.491 1.806 2.688 9.171 3.932 9.567 0.174-0.903-0.967-3.168-1.332-6.573-0.363-3.405 0.269-7.871 4.265-8.663 3.996-0.793 6.707 2.011 7.69 3.96 0.984 1.946 1.443 3.992 1.554 5.02 0.128-2.613 1.776-6.693 4.977-7.856 3.093-1.124 5.456-0.095 6.5 1.362 0.927 1.294 1.682 3.959 1.747 6.003 0.063 2.042-1.569 5.779-1.934 6.969-0.366 1.187-0.555 2.011-0.587 2.422-0.031 0.411 0.826-0.476 1.365-0.65 0.365-0.079 0.237 0.776-0.207 1.363-0.443 0.585-2.841 4.518-3.009 4.244-0.103-0.164-1.063-3.057-1.126-3.5 0.38-0.27 0.82-1.014 0.853-1.727 0.03-0.713 0.665-3.848 1.252-5.59s1.728-5.084 1.808-6.003c-1.141-0.87-3.711-1.977-6.152-0.855-2.441 1.126-3.22 2.757-3.489 5.671-0.172 1.862-0.189 5.292-0.803 8.16-0.346 1.621-1.075 3.269-1.941 4.144-0.204-0.537-1.124-3.848-1.124-3.848 0.3-0.95 1.233-4.149 1.203-6.921-0.033-2.77-0.235-5.481-3.107-7.349-2.87-1.868-6.959-1.124-8.022 1.791-1.063 2.914 1.3 9.47 1.269 11.196-0.032 1.726-0.319 1.965-0.984 1.679-0.666-0.285-2.031-1.949-3.203-4.656-1.174-2.709-1.695-5.416-2.363-7.697-0.665-2.281-1.73-4.592-3.378-4.466\" fill=\"#fff\"><\/path><\/g><g transform=\"matrix(7.3042,0,0,-6.7531,642.92,468.66)\"><path d=\"m0 0c2.028 0.159 3.742 1.822 4.185 2.264 0.444 0.445 0.683 1.108 0.365 0.856-2.346-2.265-5.485-2.329-5.661-1.948 0.08 0.38 0.906 0.998 2.111 1.868 0.732 0.529 1.384 1.025 1.872 1.728l0.133-0.025c0.893-0.212 1.924-0.634 2.239-0.296 0.513 0.547 0.581 1.443 0.025 2.409-0.47 0.82-1.566 1.583-2.518 2.134-0.95 0.548-1.134-0.327-1.256-0.639-0.117-0.291-0.069-0.539 0.132-0.545-0.306-0.451-0.524-1.032-0.604-1.512-0.052-0.31-0.01-0.564 0.107-0.773 0.034-0.059 0.21-0.292 0.543-0.43l0.413-0.139c-0.711-0.71-1.53-1.266-1.96-1.547-0.776-0.507-1.696-1.394-1.981-2.311-0.286-0.92-0.175-1.253 1.855-1.094m3.585 6.47 0.078 0.468v0.3c0.643-0.506 1.671-1.464 1.608-2.038-0.407 0.1-1.183 0.277-1.92 0.482 0.094 0.239 0.171 0.501 0.234 0.788m-1.906-0.146c-0.473 0.408-0.012 0.815 0.407 1.077 0.541 0.338 0.858 0.059 1.135-0.828-0.097-0.254-0.233-0.501-0.393-0.738-0.421 0.141-1.014 0.367-1.149 0.489\" fill=\"#fff\"><\/path><\/g><g transform=\"matrix(7.3042,0,0,-6.7531,687.36,635.95)\"><path d=\"m0 0c-0.583-0.547-0.809-2.327-0.69-2.434 0.118-0.107 1.94-0.772 2.225-0.916l0.13 0.536c0.868-0.843 1.83-5.049 2.044-5.061 0.214-0.011 0.524 0.476 0.727 1.593 0.187 1.036 0.374 2.586 0.569 3.848 0.182 1.155 0.465 1.816 1.107 1.948 0.643 0.13 1.119-0.761 1.285-1.367 0 0 0.451 1.165 0.547 1.889-0.107 0.381-1.107 1.817-1.927 1.342-0.821-0.476-1.335-2.491-1.501-3.751-0.167-1.258-0.295-2.818-0.497-3.068-0.212 1.074-0.891 2.996-1.711 4.076-0.922 1.21-2 1.654-2.308 1.365\" fill=\"#fff\"><\/path><\/g><g transform=\"matrix(7.3042,0,0,-6.7531,630.59,621.43)\"><path d=\"m0 0c0.761 0.226 2.474 0.51 3.294 0.973 0.773 0.392 2.092 2.304 2.604 3.017 0.511 0.713 0.512 1.071 0.382 1.26-0.523 0.31-3.902 0.617-5.532 0.18-0.45-0.329-1.331-2.092-1.461-2.461-0.132-0.367 0.048-0.344 0.594-0.214 0.547 0.132 3.14 0.061 4.078-0.153-0.391-0.298-3.043-1.747-3.567-2.092-0.522-0.344-0.654-0.546-0.392-0.51\" fill=\"#fff\"><\/path><\/g><g transform=\"matrix(7.3042,0,0,-6.7531,1778.1,690.36)\"><path d=\"m0 0c-0.078 2.137-1.046 5.418-4.726 10.452-1.27 1.738-3.057 4-4.942 6.317-0.052 0.79-0.104 1.512-0.151 2.132-0.247 3.189-1.084 9.695-1.444 13.541-0.088 0.97-0.095 2.002-0.082 2.541 0.013 0.428 0.298 0.371 0.69-0.069 0.392-0.439 0.996-1.08 1.122-1.036 0.268 0.1 0.035 1.071-0.5 2.222-0.534 1.153-2.553 5.816-2.924 5.997-0.191 0.092-1.143-2.646-1.202-3.206 0.189-0.344 0.677-0.879 0.724-2.436 0.05-1.556 0.918-10.746 1.417-16.537l0.027-0.323c-2.818 3.403-5.472 6.506-6.564 7.764-0.189 0.218-0.397 0.466-0.621 0.732-0.178 1.549-0.342 3.025-0.455 4.244-0.092 0.968-0.098 2.002-0.082 2.541 9e-3 0.427 0.296 0.369 0.688-0.071 0.394-0.439 0.996-1.08 1.122-1.034 0.268 0.098 0.035 1.069-0.501 2.222-0.533 1.153-2.638 5.923-3.011 6.104-0.189 0.092-1.185-2.864-1.244-3.42 0.191-0.346 0.678-0.881 0.726-2.438 0.019-0.661 0.178-2.665 0.39-5.194-1.868 2.401-3.697 4.915-3.827 5.426-0.046 0.252 0.349 0.097 1.08-0.031 0.728-0.126 1.411-0.363 1.294 0.027-0.055 0.181-0.333 0.633-1.03 1.101-0.698 0.467-2.486 1.677-3.816 2.531-1.333 0.855-1.993 1.574-2.268 1.369-0.136-0.101-0.015-3.032 0.063-3.395 0.335-0.033 0.954-0.302 1.348-0.872 0.398-0.57 2.946-4.434 4.961-7.047 0.58-0.752 1.488-1.918 2.551-3.264 0.208-2.407 0.426-4.894 0.606-6.972 0.409-4.74 1.879-17.241 1.893-21.304-1.085-1.101-3.304-2.637-5.587-2.669-2.283-0.031-3.535 0.619-4.455 2.455-0.284 0.569-0.548 1.141-0.81 1.659-0.622 1.231-2.01 1.922-3.348 1.583l-0.204-0.059-0.364-0.189c-0.906-0.513-1.843-1.373-2.759-2.707-1.584-2.314-2.596-4.824-3.768-6.998-1.221-2.264-2.158-3.783-4.3-3.42-1.508 0.256-2.653 1.655-3.359 3.376 1.983 1.484 3.423 3.42 4.476 6.103 1.371 3.487 1.86 7.418 1.738 11.838-0.117 4.16-1.87 13.947-2.333 17.698-0.462 3.753-1.126 6.833-1.049 7.634 0.072 0.773 1.21-1.047 1.793-1.183 0.298 0.072 0.138 1.233-0.428 2.214-0.384 0.667-1.6 3.701-2.396 5.164-0.374 0.692-0.464 1.093-0.638 1.175-0.172 0.085-1.497-2.976-1.337-3.309 0.392-0.606 0.66-0.895 0.742-1.981 0.084-1.086 0.992-9.058 1.786-14.929 0.598-4.43 1.919-12.477 2.089-18.425 0.056-1.941-0.2-3.334-0.422-4.112-0.57-1.192-1.499-2.516-4.763-5.029-0.504 3.551 0.044 6.436-0.434 6.703-0.539-0.063-0.625-1.718-0.686-3.76-0.03-0.943 8e-3 -2.249 0.172-3.652-4.009-2.898-9.305-5.537-11.792-6.946-1.459-0.828-0.933-1.021 0.302-0.608 1.235 0.415 8.022 2.34 11.645 4.401l0.39 0.234c0.184-0.691 0.407-1.36 0.681-1.977 1.219-2.74 2.961-4.367 4.848-4.208 1.587 0.132 2.738 1.969 3.742 4.16 1.015 2.218 2.73 6.43 4.412 7.997 0.646 0.604 1.314 1.082 1.964 1.369 0 0 1.149 0.415 2.206-0.332 0.379-0.27 0.662-0.654 0.841-1.084 0.417-0.987 0.91-2.243 1.918-3.295 1.776-1.85 4.632-1.468 6.774-0.392 2.139 1.077 3.231 2.757 3.707 4.753 0.812 3.415 0.682 6.914 0.527 10.022-0.179 3.547-0.703 7.172-1.001 11.013-0.096 1.235-0.283 2.953-0.498 4.816 2.086-2.604 4.252-5.247 5.566-6.692 0.453-0.499 0.931-1.053 1.422-1.638 0.392-5.814 0.769-13.089 0.968-16.142 0.197-3.042 0.07-6.866 0.047-7.531-0.024-0.665 0.318-0.551 0.809 0.925 0.658 1.981 1.071 7.176 0.927 10.621-0.086 2.047-0.275 5.779-0.479 9.309 1.619-2.081 3.156-4.182 4.156-5.6 1.778-2.518 3.411-5.512 3.982-7.38 0.57-1.87 0.633-2.424 0.744-2.757s0.602 1.031 0.524 3.168\" fill=\"#fff\"><\/path><\/g><\/g><path id=\"sword\" d=\"m1558.8 1170.7c-1.1729-3.3554-4.7649-5.8169-9.0607-5.8169s-7.8806 2.4615-9.0608 5.8169h-40.678c-0.4105-4.5128-0.01-9.0477 1.2683-13.465l83.981-0.051 2.3385 3.9414c2.1113 3.5531 4.7797 6.7619 7.8731 9.5751zm55.596-39.026h-100.92c7.7559-5.5971 11.824-13.766 10.732-22.029-0.6964-5.2089-5.8571-9.099-12.147-9.6264h-3.1596c-7.6532 0.7472-13.203 6.2637-12.396 12.322l0.3079 2.3297 0.3738 3.5824c0.4106 4.4982 0.015 9.0183-1.2535 13.421h-745.97c11.077 16.117 31.273 26 53.082 25.985l680.71-0.4178c-7.7852 5.6044-11.868 13.788-10.769 22.066 0.8064 6.0585 7.6533 10.374 15.307 9.6263 7.6459-0.7472 13.195-6.2637 12.396-12.33l-0.3079-2.3223h40.004c0.7037 3.9048 4.6037 6.9011 9.354 6.9011s8.6502-2.9963 9.3613-6.9011h40.693v-0.095c8.4963 6.0294 19.294 9.4946 30.716 9.4946 10.747 0 19.456-7.4652 19.456-16.681v-4.8205c0-16.842-15.922-30.506-35.569-30.506\" fill=\"#fff\"><\/path><\/g><\/svg>                                                            \n                                                            <span class=\"eael-tab-title title-after-icon\" >\u0645\u0644\u062e\u0635<\/span>                            \n                                                    <\/li>\n                    \n                                  <\/ul>\n            <\/div>\n            \n            <div class=\"eael-tabs-content\">\n\t\t        \n                    <div id=\"abstract-tab\" class=\"clearfix eael-tab-content-item active-default\" data-title-link=\"abstract-tab\">\n\t\t\t\t        <p>\/\/\/<\/p>\n                    <\/div>\n\t\t        \n                    <div id=\"rsum-tab\" class=\"clearfix eael-tab-content-item inactive\" data-title-link=\"rsum-tab\">\n\t\t\t\t        <p>\/\/\/<\/p>\n                    <\/div>\n\t\t        \n                    <div id=\"muhtasari-tab\" class=\"clearfix eael-tab-content-item inactive\" data-title-link=\"muhtasari-tab\">\n\t\t\t\t        <p>\/\/\/\n <\/p>\n                    <\/div>\n\t\t        \n                    <div id=\"-tab\" class=\"clearfix eael-tab-content-item inactive\" data-title-link=\"-tab\">\n\t\t\t\t        <p>\/\/\/<\/p>\n                    <\/div>\n\t\t                    <\/div>\n        <\/div>\n\t\t\t\t<\/div>\n\t\t\t\t<\/div>\n\t\t\t\t<div class=\"elementor-element elementor-element-78bb5e0 elementor-widget elementor-widget-heading\" data-id=\"78bb5e0\" data-element_type=\"widget\" data-e-type=\"widget\" data-widget_type=\"heading.default\">\n\t\t\t\t<div class=\"elementor-widget-container\">\n\t\t\t\t\t<h2 class=\"elementor-heading-title elementor-size-default\">Introduction<\/h2>\t\t\t\t<\/div>\n\t\t\t\t<\/div>\n\t\t\t\t<div class=\"elementor-element elementor-element-ff89d56 elementor-widget elementor-widget-text-editor\" data-id=\"ff89d56\" data-element_type=\"widget\" data-e-type=\"widget\" data-widget_type=\"text-editor.default\">\n\t\t\t\t<div class=\"elementor-widget-container\">\n\t\t\t\t\t\t\t\t\t<p>Le panafricanisme est souvent pre\u0301sente\u0301 comme unmouvementdesxxe etxxie sie\u0300clesquiade\u0301bute\u0301 avec les confe\u0301rences panafricaines organise\u0301es par Henry Sylvester Williams, et qui s\u2019est de\u0301veloppe\u0301 en des entite\u0301s politiques contemporaines telles que l\u2019Union africaine (UA). Ses principaux objectifs sont : la libe\u0301ration du continent africain, la cre\u0301ation d\u2019une structure politique panafricaine et la conceptualisation de l\u2019unite\u0301 culturelle des communaute\u0301s d\u2019origine africaine du monde. Nous postulons que les manifestations du panafricanisme au xxe sie\u0300cle sont la the\u0301orisation et la syste\u0301matisation d\u2019expressions ante\u0301rieures de l\u2019esprit du panafricanisme qui se sont produites depuis le xviie sie\u0300cle, avant que le terme ne soit invente\u0301. Une lecture attentive de son histoire montre qu\u2019il est enracine\u0301 dans une e\u0301piste\u0301mologie qui remet en question les fondements de l\u2019euro-modernite\u0301 et participe a\u0300 une de\u0301finition plus complexe du concept d\u2019\u00ab Afrique \u00bb. Cette perspective nous permet de revisiter la pertinence e\u0301piste\u0301mique du panafricanisme a\u0300 une e\u0301poque ou\u0300 la prise de conscience de la pre\u0301gnance de la colonialite\u0301 a conduit a\u0300 un appel pressant pour la de\u0301colonisation.     <\/p>\n<p>Les spe\u0301cialistes des questions de\u0301coloniales ont re\u0301cemment formalise\u0301 une re\u0301alite\u0301 qui est apparue clairement aux africanistes au cours des deux cents dernie\u0300res anne\u0301es : l\u2019imagination d\u2019un \u00ab Occident \u00bb e\u0301claire\u0301 et son corollaire, la de\u0301shumanisation du \u00ab Reste \u00bb obscur, ne sont pas deux projets distincts. Le second est ne\u0301cessaire pour l\u2019existence du premier. Franz Fanon exprime ce point en ces termes dans Les Damne\u0301s de la Terre :   <\/p>\t\t\t\t\t\t\t\t<\/div>\n\t\t\t\t<\/div>\n\t\t\t\t<div class=\"elementor-element elementor-element-ff72e34 elementor-blockquote--skin-border elementor-widget elementor-widget-blockquote\" data-id=\"ff72e34\" data-element_type=\"widget\" data-e-type=\"widget\" data-widget_type=\"blockquote.default\">\n\t\t\t\t<div class=\"elementor-widget-container\">\n\t\t\t\t\t\t\t<blockquote class=\"elementor-blockquote\">\n\t\t\t<p class=\"elementor-blockquote__content\">\n\t\t\t\tLe monde colonial est un monde manich\u00e9iste. Il ne suffit pas au colon de limiter physiquement, c\u2019est-\u00e0-dire \u00e0 l\u2019aide de sa police et de sa gendarmerie, l\u2019espace du colonis\u00e9. Comme pour illustrer le caract\u00e8re totalitaire de l\u2019exploitation coloniale, le colon fait du colonis\u00e9 une sorte de quintessence du mal. La soci\u00e9t\u00e9 colonis\u00e9e n\u2019est pas seulement d\u00e9crite comme une soci\u00e9t\u00e9 sans valeurs. Il ne suffit pas au colon d\u2019affirmer que les valeurs ont d\u00e9sert\u00e9, ou mieux n\u2019ont jamais habit\u00e9, le monde colonis\u00e9. L\u2019indig\u00e8ne est d\u00e9clar\u00e9 imperm\u00e9able \u00e0 l\u2019\u00e9thique, il repr\u00e9sente non seulement l\u2019absence de valeurs, mais aussi la n\u00e9gation des valeurs. Il est, osons l\u2019avouer, l\u2019ennemi des valeurs. En ce sens, il est le mal absolu. \u00c9l\u00e9ment corrosif, d\u00e9truisant tout ce qui l\u2019approche, \u00e9l\u00e9ment d\u00e9formant, d\u00e9figurant tout ce qui a trait \u00e0 l\u2019esth\u00e9tique ou \u00e0 la morale, d\u00e9positaire de forces mal\u00e9fiques, instrument inconscient et irr\u00e9cup\u00e9rable de forces aveugles. (1963, p. 43).       \t\t\t<\/p>\n\t\t\t\t\t<\/blockquote>\n\t\t\t\t\t\t<\/div>\n\t\t\t\t<\/div>\n\t\t\t\t<div class=\"elementor-element elementor-element-4f3a56d elementor-widget elementor-widget-text-editor\" data-id=\"4f3a56d\" data-element_type=\"widget\" data-e-type=\"widget\" data-widget_type=\"text-editor.default\">\n\t\t\t\t<div class=\"elementor-widget-container\">\n\t\t\t\t\t\t\t\t\t<p>Cette machine manich\u00e9enne est expliqu\u00e9e et l\u00e9gitim\u00e9e, comme l\u2019affirme Walter Mignolo, par :<\/p>\t\t\t\t\t\t\t\t<\/div>\n\t\t\t\t<\/div>\n\t\t\t\t<div class=\"elementor-element elementor-element-0bf130d elementor-blockquote--skin-border elementor-widget elementor-widget-blockquote\" data-id=\"0bf130d\" data-element_type=\"widget\" data-e-type=\"widget\" data-widget_type=\"blockquote.default\">\n\t\t\t\t<div class=\"elementor-widget-container\">\n\t\t\t\t\t\t\t<blockquote class=\"elementor-blockquote\">\n\t\t\t<p class=\"elementor-blockquote__content\">\n\t\t\t\tLa rh\u00e9torique tordue qui naturalise la \"modernit\u00e9\" en tant que processus mondial universel et point d\u2019arriv\u00e9e [et qui] cache son c\u00f4t\u00e9 obscur, la reproduction constante de la \"colonialit\u00e9\". Afin de d\u00e9couvrir la logique perverse que Fanon a soulign\u00e9e et qui sous-tend le dilemme philosophique de la modernit\u00e9\/colonialit\u00e9 et la structure politique et \u00e9conomique de l\u2019imp\u00e9rialisme\/colonialisme, nous devons examiner comment d\u00e9coloniser l\u2019\"esprit\" (Thiong\u2019o) et l\u2019\"imaginaire\" (Gruzinski), c\u2019est-\u00e0-dire la connaissance et l\u2019\u00eatre. (2007, p. 450) \t\t\t<\/p>\n\t\t\t\t\t<\/blockquote>\n\t\t\t\t\t\t<\/div>\n\t\t\t\t<\/div>\n\t\t\t\t<div class=\"elementor-element elementor-element-5be113b elementor-widget elementor-widget-text-editor\" data-id=\"5be113b\" data-element_type=\"widget\" data-e-type=\"widget\" data-widget_type=\"text-editor.default\">\n\t\t\t\t<div class=\"elementor-widget-container\">\n\t\t\t\t\t\t\t\t\t<p>En d\u2019autres termes, la d\u00e9shumanisation d\u2019une cat\u00e9gorie nouvellement invent\u00e9e : le non-Blanc, et l\u2019Africain en particulier, est la condition m\u00eame de l\u2019existence de la modernit\u00e9 et de la colonialit\u00e9. En ce sens, l\u2019id\u00e9e d\u2019\u00ab Afrique \u00bb, comprise par la tradition euro-moderne comme l\u2019autre de l\u2019\u00ab Occident \u00bb, est pr\u00e9cis\u00e9ment li\u00e9e \u00e0 ce qu\u2019elle n\u2019est pas : une certaine repr\u00e9sentation de l\u2019Occident qui n\u2019est possible qu\u2019avec l\u2019\u00e9pist\u00e9micide, c\u2019est-\u00e0-dire l\u2019an\u00e9antissement des savoirs et des syst\u00e8mes de connaissance afrocentr\u00e9s. Ce n\u2019est donc pas une co\u00efncidence si l\u2019\u00e9poque moderne est aussi celle de la rencontre coloniale avec l\u2019Afrique et de l\u2019institutionnalisation de l\u2019esclavage. Ce dernier est la condition de r\u00e9alisation du premier.    <\/p>\n<p>Malgr\u00e9 l\u2019omnipr\u00e9sence du sch\u00e9ma moderne, nombreux sont ceux qui ont r\u00e9sist\u00e9 \u00e0 l\u2019assaut de la violence contre leur droit \u00e0 l\u2019existence. Nous soutenons dans cette perspective que depuis sa cr\u00e9ation, le panafricanisme, en tant que mouvement politique et culturel orient\u00e9 vers la lib\u00e9ration des peuples d\u2019ascendance africaine, a compris la n\u00e9cessit\u00e9 de fonder son projet politique sur des \u00e9pist\u00e9mologies qui \u00e9chappent au manich\u00e9isme de l\u2019euro-modernit\u00e9. Ainsi, le premier geste de lib\u00e9ration des personnes d&rsquo;ascendance africaine est li\u00e9 \u00e0 la production de connaissances. En tant que mouvement de lib\u00e9ration, le panafricanisme doit donc \u00eatre lu avant tout comme une position \u00e9pist\u00e9mique, une m\u00e9thode et un contrediscours de la modernit\u00e9. Ce contre-discours ne doit cependant pas \u00eatre compris comme une r\u00e9action qui continue \u00e0 se focaliser sur l\u2019\u00ab Occident \u00bb, comme l\u2019histoire des \u00e9tudes africaines l\u2019a souvent fait. Il s\u2019agit plut\u00f4t d\u2019une \u00e9pist\u00e9mologie fond\u00e9e sur une id\u00e9e particuli\u00e8re de l\u2019\u00ab Afrique \u00bb qui a chang\u00e9 au cours de l\u2019histoire. Cette introduction est un moyen de pr\u00e9senter le contexte historique permettant de revisiter la pertinence \u00e9pist\u00e9mique du panafricanisme, \u00e0 un moment o\u00f9 la prise de conscience croissante de l\u2019omnipr\u00e9sence de la colonialit\u00e9 a conduit \u00e0 un appel pressant en faveur de la d\u00e9colonisation. S\u2019il est l\u00e9gitime de se demander s\u2019il reste vraiment quelque chose que les chercheurs pourraient ajouter \u00e0 deux si\u00e8cles de discours panafricanistes sur la signification, la pertinence, les perspectives et les d\u00e9fis du mouvement, un num\u00e9ro sp\u00e9cial sur le panafricanisme est particuli\u00e8rement opportun car il peut nous permettre de repenser la pr\u00e9sence de l\u2019Afrique dans les modes contemporains de production de la connaissance.        <\/p>\n<p>Nous insisterons particuli\u00e8rement sur la fa\u00e7on dont le panafricanisme est \u00e0 la fois un mod\u00e8le \u00e9pist\u00e9mique et une position politique qui a commenc\u00e9 comme une praxis au xviie si\u00e8cle, s\u2019est d\u00e9velopp\u00e9 en une philopraxis1 r\u00e9volutionnaire \u00e0 la fin du xviiie si\u00e8cle, une th\u00e9orie de la \u00ab personnalit\u00e9 africaine \u00bb2 au xixe si\u00e8cle, et un mouvement \u00e0 part enti\u00e8re aux xxe et xxie si\u00e8cles. Dans tous ces cas, le panafricanisme est rest\u00e9 un projet \u00e9pist\u00e9mique mat\u00e9rialis\u00e9 par la cr\u00e9ation d\u2019\u00e9tablissements d\u2019enseignement sup\u00e9rieur et de revues intellectuelles aux xxe et xxie si\u00e8cles. Il est donc logique que Global Africa, institution panafricaine, propose un num\u00e9ro sp\u00e9cial sur la pertinence contemporaine du panafricanisme, avec un accent particulier sur la recherche dans le sillage de ce qui peut \u00eatre consid\u00e9r\u00e9, dans la discipline des \u00e9tudes africaines, comme un moment d\u00e9colonial. Les contributions \u00e0 ce num\u00e9ro sp\u00e9cial posent des questions sur l\u2019histoire, la contemporan\u00e9it\u00e9 et l\u2019avenir du mouvement panafricain.   <\/p>\t\t\t\t\t\t\t\t<\/div>\n\t\t\t\t<\/div>\n\t\t\t\t<div class=\"elementor-element elementor-element-5295d30 elementor-widget elementor-widget-heading\" data-id=\"5295d30\" data-element_type=\"widget\" data-e-type=\"widget\" data-widget_type=\"heading.default\">\n\t\t\t\t<div class=\"elementor-widget-container\">\n\t\t\t\t\t<h2 class=\"elementor-heading-title elementor-size-default\">Le proto-panafricanisme : libert\u00e9, communaut\u00e9 et invention de l\u2019Afrique<\/h2>\t\t\t\t<\/div>\n\t\t\t\t<\/div>\n\t\t\t\t<div class=\"elementor-element elementor-element-f64b755 elementor-widget elementor-widget-text-editor\" data-id=\"f64b755\" data-element_type=\"widget\" data-e-type=\"widget\" data-widget_type=\"text-editor.default\">\n\t\t\t\t<div class=\"elementor-widget-container\">\n\t\t\t\t\t\t\t\t\tLa conception du panafricanisme comme posture \u00e9pist\u00e9mique qui tente de se d\u00e9tacher de l\u2019euro-modernit\u00e9 peut \u00eatre li\u00e9e \u00e0 plusieurs moments cl\u00e9s de son histoire, avant la syst\u00e9matisation du mouvement au xxe si\u00e8cle. La premi\u00e8re rencontre des personnes d\u2019ascendence africaine avec l\u2019euro-modernit\u00e9 et l\u2019esclavage est l\u2019un de ces moments. Elle marque le d\u00e9but du projet panafricain \u00e0 travers ce que nous consid\u00e9rons comme une invention afrocentr\u00e9e de l\u2019\u00ab Afrique \u00bb. En d\u2019autres termes, c\u2019est lors de la premi\u00e8re rencontre avec les forces euro-modernes que des africains qui jusque l\u00e0 se voient comme des membres de communaut\u00e9s ethniques particuli\u00e8res inventent l\u2019id\u00e9e de l\u2019\u00ab Afrique \u00bb afin d\u2019\u00e9chapper aux affres de la colonialit\u00e9. Cette invention de l\u2019\u00ab Afrique \u00bb constitue le d\u00e9but du panafricanisme. Elle consacre \u00e0 la fois la naissance du continent et celle de la diaspora, jetant en m\u00eame temps les bases \u00e9pist\u00e9miques et politiques du panafricanisme. Il est cependant important de consid\u00e9rer que cette invention n\u2019est pas une simple r\u00e9action \u00e0 l\u2019euro-modernit\u00e9 qui r\u00e9p\u00e8te la m\u00eame logique coloniale qu\u2019elle tente de remettre en cause. Au contraire, les premi\u00e8res inventions de l\u2019\u00ab Afrique \u00bb qui conduisent \u00e0 la naissance de la philopraxis du panafricanisme sont afrocentr\u00e9es. Elles peuvent \u00eatre lues comme le r\u00e9sultat d\u2019une posture d\u00e9coloniale fond\u00e9e sur des conceptions africaines de la personne en tant qu\u2019\u00eatre social.        \t\t\t\t\t\t\t\t<\/div>\n\t\t\t\t<\/div>\n\t\t\t\t<div class=\"elementor-element elementor-element-60fc67c elementor-widget elementor-widget-text-editor\" data-id=\"60fc67c\" data-element_type=\"widget\" data-e-type=\"widget\" data-widget_type=\"text-editor.default\">\n\t\t\t\t<div class=\"elementor-widget-container\">\n\t\t\t\t\t\t\t\t\tDans la plupart des cultures africaines, la personne est un \u00eatre social. La qualit\u00e9 de \u201cpersonne\u201d est d\u00e9termin\u00e9e par l\u2019appartenance du sujet \u00e0 une communaut\u00e9. C\u2019est le sens du concept d\u2019\u00ab ubuntu \u00bb (\u00eatre soi-m\u00eame \u00e0 travers les autres) exprim\u00e9 par l\u2019aphorisme zoulou \u00ab Umuntu ngumuntu ngabantu \u00bb qui con\u00e7oit la personne comme li\u00e9e \u00e0 une communaut\u00e9. Dans ces soci\u00e9t\u00e9s, l\u2019esclave (\u00ab jaam \u00bb en wolof) n\u2019est pas une personne. Iel est l\u2019\u00eatre \u201casocial\u201d par excellence. Ce qui fait de l\u2019esclave un \u00eatre \u201casocial\u201d n&rsquo;est pas, cependant, le fait qu\u2019iel soit propri\u00e9t\u00e9 et objet ; mais qu\u2019iel n\u2019ait pas de lien social avec une communaut\u00e9 d\u00e9termin\u00e9e. C\u2019est \u00e0 partir de cette conception de la personne que l\u2019on peut comprendre le sens de l\u2019\u00ab Afrique \u00bb telle qu\u2019elle a \u00e9t\u00e9 con\u00e7ue par les premiers Africains. Au moment o\u00f9 les premiers esclavagistes Europ\u00e9ens rencontrent et capturent leurs premi\u00e8res victimes, ceux-l\u00e0 ne sont pas encore des Africains. Iels sont plut\u00f4t des Dogon, des Igbo, des Diola, etc. Ils savent cependant que la rupture avec leur communaut\u00e9 implique leur mort sociale. Ils con\u00e7oivent donc, au moment de leur capture, la n\u00e9cessit\u00e9 d\u2019inventer une autre communaut\u00e9 qui les sauverait de cette mort et assurerait leur libert\u00e9. Voil\u00e0 la logique qui mena ces hommes et ces femmes captur\u00e9s \u00e0 inventer l\u2019\u00ab Afrique. \u00bb Cette derni\u00e8re est donc le lieu qui assure aux nouveaux africains et anciens membres de groupes ethniques tels que les Yoruba, les Wolof, et les Zoulou la continuit\u00e9 de leur appartenance \u00e0 une communaut\u00e9. Cette \u00ab Afrique \u00bb, communaut\u00e9 nouvellement invent\u00e9e, garantit la libert\u00e9 permanente de ces Africains du Nouveau Monde dont les liens de parent\u00e9 s\u2019\u00e9tendent, d\u00e8s lors, partout o\u00f9 sont localis\u00e9s des personnes qui ont un lien avec ce nouvel espace. En ce sens, l\u2019invention de l\u2019Afrique est consubstantielle \u00e0 celle du panafricanisme et de la diaspora. Elle est un moment crucial de r\u00e9sistance \u00e0 la transformation des Africains esclavagis\u00e9s en esclaves soumis.            \t\t\t\t\t\t\t\t<\/div>\n\t\t\t\t<\/div>\n\t\t\t\t<div class=\"elementor-element elementor-element-416e92b elementor-widget elementor-widget-text-editor\" data-id=\"416e92b\" data-element_type=\"widget\" data-e-type=\"widget\" data-widget_type=\"text-editor.default\">\n\t\t\t\t<div class=\"elementor-widget-container\">\n\t\t\t\t\t\t\t\t\tOn peut ainsi soutenir que le panafricanisme fonctionne comme une position politique et \u00e9pist\u00e9mique qui offre de nouvelles significations au concept d\u2019\u00ab Afrique \u00bb, la n\u00e9gation de laquelle constitue la condition de possibilit\u00e9 de la colonialit\u00e9. En d\u2019autres termes, l\u2019enjeu de l\u2019invention de l\u2019Afrique comme moyen d\u2019humanisation de tous les Africains asservis par l\u2019esclavage moderne, est la prise de conscience de la n\u00e9cessit\u00e9 de d\u00e9passer les lignes \u00ab tribales \u00bb pour \u00ab se d\u00e9tacher \u00bb des cadres conceptuels euro-modernes fond\u00e9s sur la d\u00e9shumanisation et l\u2019exploitation de l\u2019autre \u2013 des \u00eatres non blancs en particulier. Cette posture sera reprise par les th\u00e9ories de l\u2019unit\u00e9 culturelle africaine d\u00e9velopp\u00e9es par Cheikh Anta Diop (Diop, 1967, 1981), les th\u00e9ories de l\u2019\u00e9cole afrocentrique sur la n\u00e9cessit\u00e9 de dialoguer avec le monde \u00e0 partir de notre situation culturelle particuli\u00e8re, les r\u00eaves rastafariens et panafricains de retour au source, et les nombreux combats des africanistes contre la modernit\u00e9 et la colonialit\u00e9.   \t\t\t\t\t\t\t\t<\/div>\n\t\t\t\t<\/div>\n\t\t\t\t<div class=\"elementor-element elementor-element-c85dca7 elementor-widget elementor-widget-heading\" data-id=\"c85dca7\" data-element_type=\"widget\" data-e-type=\"widget\" data-widget_type=\"heading.default\">\n\t\t\t\t<div class=\"elementor-widget-container\">\n\t\t\t\t\t<h2 class=\"elementor-heading-title elementor-size-default\">La r\u00e9volution ha\u00eftienne, le panafricanisme et la libert\u00e9 \u00e9pist\u00e9mique<\/h2>\t\t\t\t<\/div>\n\t\t\t\t<\/div>\n\t\t\t\t<div class=\"elementor-element elementor-element-34c88e1 elementor-widget elementor-widget-text-editor\" data-id=\"34c88e1\" data-element_type=\"widget\" data-e-type=\"widget\" data-widget_type=\"text-editor.default\">\n\t\t\t\t<div class=\"elementor-widget-container\">\n\t\t\t\t\t\t\t\t\t<p>L\u2019esclavage n\u2019est pas le seul moment charni\u00e8re ant\u00e9rieur au xxe si\u00e8cle qui ait conduit \u00e0 la naissance du panafricanisme. S\u2019il illustre, \u00e0 la fin du xviie et au d\u00e9but du xviiie si\u00e8cle, les premiers engagements panafricains, la fin du xviiie et le d\u00e9but du xixe si\u00e8cle nous offrent d\u2019autres exemples tout aussi importants. La r\u00e9volution ha\u00eftienne en est un qui m\u00e9rite notre attention. Contrairement \u00e0 la perception traditionnelle de cette   <\/p>\t\t\t\t\t\t\t\t<\/div>\n\t\t\t\t<\/div>\n\t\t\t\t<div class=\"elementor-element elementor-element-c71afdc elementor-widget elementor-widget-text-editor\" data-id=\"c71afdc\" data-element_type=\"widget\" data-e-type=\"widget\" data-widget_type=\"text-editor.default\">\n\t\t\t\t<div class=\"elementor-widget-container\">\n\t\t\t\t\t\t\t\t\tr\u00e9volution comme une dialectique entre le ma\u00eetre et l\u2019esclave men\u00e9e par Toussaint Louverture (un esclave lettr\u00e9 n\u00e9 dans la colonie et s\u2019effor\u00e7ant de r\u00e9colter la promesse moderne de libert\u00e9, d\u2019\u00e9galit\u00e9 et de fraternit\u00e9 pour tous), une analyse de la r\u00e9volution ha\u00eftienne centr\u00e9e sur le pr\u00eatre vaudou Dutty Boukman montre qu\u2019elle peut \u00eatre plut\u00f4t lue comme une injonction panafricaniste qui peut \u00eatre lue comme une prise de position \u00e9pist\u00e9mique radicale. Cette perspective est encore plus d\u00e9fendable si elle est analys\u00e9e \u00e0 la lumi\u00e8re de la composition ethnique de Saint-Domingue \u00e0 la fin du xviiie si\u00e8cle. En 1791, les deux tiers de la population de l\u2019\u00eele \u00e9taient n\u00e9s sur le continent africain. Ces \u00ab Africains \u00bb, organis\u00e9s sur une base ethnique d\u00e8s les premiers instants de la colonie, avaient d\u00e9velopp\u00e9 \u00e0 la fin du xviiie si\u00e8cle une communaut\u00e9 interethnique (panafricaine) dans les plantations et dans les communaut\u00e9s marronnes (Michel et al., 2006 ; Desmangles, 1992). Leur rassemblement lors de la c\u00e9r\u00e9monie du Bois-Ca\u00efman est une continuation et un d\u00e9veloppement de cette solidarit\u00e9 panafricaine men\u00e9e par des individus d\u2019ascendance africaine, n\u00e9s sur le continent. On peut donc tr\u00e8s bien concevoir que la r\u00e9volution ait \u00e9t\u00e9 articul\u00e9e autour des conceptions africaines endog\u00e8nes de la libert\u00e9 et de la communaut\u00e9.      \t\t\t\t\t\t\t\t<\/div>\n\t\t\t\t<\/div>\n\t\t\t\t<div class=\"elementor-element elementor-element-c9a4043 elementor-widget elementor-widget-text-editor\" data-id=\"c9a4043\" data-element_type=\"widget\" data-e-type=\"widget\" data-widget_type=\"text-editor.default\">\n\t\t\t\t<div class=\"elementor-widget-container\">\n\t\t\t\t\t\t\t\t\t<p>La repr\u00e9sentation de la r\u00e9volution ha\u00eftienne comme posture \u00e9pist\u00e9mique est d\u2019autant plus concevable que Boukman, le principal leader du mouvement, n\u00e9 dans la r\u00e9gion s\u00e9n\u00e9gambienne, \u00e9tait un pr\u00eatre vaudou. Il \u00e9tait donc un boroom b\u00f2pp (ma\u00eetre de savoir) africain, capable de remettre en question les modes de d\u00e9finition du monde qui ont permis l\u2019existence de la condition subalterne des personnes d\u2019ascendance africaine. Et c\u2019est ce qu\u2019il a fait. Plut\u00f4t que de s\u2019engager dans une dialectique similaire \u00e0 celle de Hegel, la r\u00e9volution de Boukman est une prise de position afrocentr\u00e9e, fond\u00e9e sur la critique des modes occidentaux de perception du monde et sur la c\u00e9l\u00e9bration des \u00e9pist\u00e9mologies africaines. Le d\u00e9marrage de la c\u00e9r\u00e9monie de Bois-Ca\u00efman, le moment d\u00e9clencheur de la r\u00e9volution qu\u2019il a dirig\u00e9e, est particuli\u00e8rement significatif et r\u00e9v\u00e9lateur. Il s\u2019agit d\u2019une c\u00e9r\u00e9monie vaudou qui remet en question les fondements de la tradition euro-moderne illustr\u00e9e par une critique forte et radicale du \u00ab Dieu blanc \u00bb, la valorisation des savoirs africain (le sacrifice par la communaut\u00e9 d\u2019un animal, certains disent un cochon) et l\u2019adh\u00e9sion \u00e0 l\u2019\u00e9thique de la communaut\u00e9 enseign\u00e9e par les pratiques religieuses africaines. Boukman d\u00e9clare, dans cette optique :     <\/p>\t\t\t\t\t\t\t\t<\/div>\n\t\t\t\t<\/div>\n\t\t\t\t<div class=\"elementor-element elementor-element-366055e elementor-blockquote--skin-border elementor-widget elementor-widget-blockquote\" data-id=\"366055e\" data-element_type=\"widget\" data-e-type=\"widget\" data-widget_type=\"blockquote.default\">\n\t\t\t\t<div class=\"elementor-widget-container\">\n\t\t\t\t\t\t\t<blockquote class=\"elementor-blockquote\">\n\t\t\t<p class=\"elementor-blockquote__content\">\n\t\t\t\t[...] Ce Dieu qui a fait le soleil, qui nous apporte la lumi\u00e8re d\u2019en haut, qui soul\u00e8ve la mer et qui fait gronder la temp\u00eate. Ce Dieu est l\u00e0, vous comprenez ? Cach\u00e9 dans un nuage, il nous observe, il voit tout ce que font les Blancs ! Le Dieu des Blancs les pousse au crime, mais il veut que nous fassions de bonnes actions. Mais le Dieu qui est si bon nous ordonne la vengeance. Il dirigera nos mains et nous aidera. Chassez l\u2019image du Dieu des Blancs qui a soif de nos larmes. \u00c9coutez la libert\u00e9 qui parle dans tous nos c\u0153urs (Du bois &amp; Garrigus, 2006, p. 88).       \t\t\t<\/p>\n\t\t\t\t\t<\/blockquote>\n\t\t\t\t\t\t<\/div>\n\t\t\t\t<\/div>\n\t\t\t\t<div class=\"elementor-element elementor-element-0048798 elementor-widget elementor-widget-text-editor\" data-id=\"0048798\" data-element_type=\"widget\" data-e-type=\"widget\" data-widget_type=\"text-editor.default\">\n\t\t\t\t<div class=\"elementor-widget-container\">\n\t\t\t\t\t\t\t\t\t<p>Les pri\u00e8res de Boukman sont un exemple d\u2019\u00e9criture du r\u00e9cit national panafricain (James, 2012), non seulement \u00e0 travers une provincialisation de l\u2019\u00e9thique moderne, mais aussi \u00e0 travers la promesse de structures sociales \u00e9thiques bas\u00e9es sur une m\u00e9taphysique africaine plut\u00f4t que sur l\u2019\u00e9thique de la domination repr\u00e9sent\u00e9e par le \u00ab Dieu des Blancs \u00bb. L\u2019accent mis sur le sacrifice de l\u2019animal comme moyen de relier ces nouveaux Africains \u00e0 la m\u00e9taphysique et aux pratiques religieuses africaines est particuli\u00e8rement symbolique. Il marque l\u2019\u00e9galit\u00e9, sinon la sup\u00e9riorit\u00e9 spirituelle, avec le Dieu chr\u00e9tien \u00e0 une \u00e9poque o\u00f9 la marque de l\u2019inf\u00e9riorit\u00e9 africaine est d\u00e9termin\u00e9e par notre croyance en des divinit\u00e9s non chr\u00e9tiennes. En outre, la place centrale du Vaudou pr\u00e9suppose une vision du monde totalement diff\u00e9rente, fond\u00e9e sur les modes africains d\u2019interaction avec le monde. Cette posture est particuli\u00e8rement importante dans la mesure o\u00f9 l\u2019invention euro-moderne de l\u2019Afrique comme \u00ab pays \u00bb o\u00f9 le soleil ne s\u2019est jamais lev\u00e9 est ins\u00e9parable de la rel\u00e9gation des ontologies, \u00e9pist\u00e9mologies et m\u00e9taphysiques africaines \u00e0 un stade inf\u00e9rieur de d\u00e9veloppement humain. Le vaudou est, dans la logique euromoderne, le lieu de l\u2019irrationalit\u00e9, du retard et de la d\u00e9cadence de l\u2019Afrique. Le fait de le centrer dans ce projet panafricain et d\u2019en faire le vecteur de la r\u00e9demption africaine rappelle les th\u00e9ories panafricaines des sp\u00e9cialistes de la N\u00e9gritude qui trouvent dans la m\u00e9taphysique africaine la possibilit\u00e9 de c\u00e9l\u00e9brer l\u2019humanit\u00e9 panafricaine et de critiquer les limites de la matrice coloniale du pouvoir. C\u2019est en ce sens que l\u2019on peut comprendre la c\u00e9l\u00e9bration par C\u00e9saire d\u2019\u00ab Ha\u00efti, o\u00f9 la N\u00e9gritude se mit debout pour la premi\u00e8re fois \u00bb. (1983, p. 24).      <\/p>\t\t\t\t\t\t\t\t<\/div>\n\t\t\t\t<\/div>\n\t\t\t\t<div class=\"elementor-element elementor-element-f750c18 elementor-widget elementor-widget-text-editor\" data-id=\"f750c18\" data-element_type=\"widget\" data-e-type=\"widget\" data-widget_type=\"text-editor.default\">\n\t\t\t\t<div class=\"elementor-widget-container\">\n\t\t\t\t\t\t\t\t\t<p>Cette lecture tr\u00e8s africaine de la r\u00e9volution ha\u00eftienne, consid\u00e9r\u00e9e comme l\u2019un des jalons du panafricanisme, nous permet d\u2019inscrire le mouvement dans une perspective radicalement anticoloniale. En ce sens, bien qu\u2019il soit un contrediscours de la modernit\u00e9, le panafricanisme embrasse tout le pouvoir africain et \u00e9chappe \u00e0 la logique selon laquelle l\u2019euro-modernit\u00e9 est le seul moyen de manifester une pr\u00e9sence significative dans le monde. C\u2019est pr\u00e9cis\u00e9ment l\u2019\u00e9pist\u00e9mologie afrocentr\u00e9e, d\u00e9riv\u00e9e de la repr\u00e9sentation des Africains par Boukman, qui a conduit aux th\u00e9ories de la personnalit\u00e9 africaine et \u00e0 la conceptualisation du panafricanisme politique d\u00e9velopp\u00e9es par les pionniers du panafricanisme \u00e0 la fin du xixe si\u00e8cle.  <\/p>\t\t\t\t\t\t\t\t<\/div>\n\t\t\t\t<\/div>\n\t\t\t\t<div class=\"elementor-element elementor-element-b37b1f1 elementor-widget elementor-widget-heading\" data-id=\"b37b1f1\" data-element_type=\"widget\" data-e-type=\"widget\" data-widget_type=\"heading.default\">\n\t\t\t\t<div class=\"elementor-widget-container\">\n\t\t\t\t\t<h2 class=\"elementor-heading-title elementor-size-default\">Connaissance (d\u00e9)coloniale, personnalit\u00e9 africaine et devenirs africains<\/h2>\t\t\t\t<\/div>\n\t\t\t\t<\/div>\n\t\t\t\t<div class=\"elementor-element elementor-element-4b239b5 elementor-widget elementor-widget-text-editor\" data-id=\"4b239b5\" data-element_type=\"widget\" data-e-type=\"widget\" data-widget_type=\"text-editor.default\">\n\t\t\t\t<div class=\"elementor-widget-container\">\n\t\t\t\t\t\t\t\t\tLe milieu du xixe si\u00e8cle marque un autre moment charni\u00e8re dans l\u2019histoire du panafricanisme. Alors que l\u2019analyse des premi\u00e8res rencontres avec l\u2019euromodernit\u00e9 montre que la d\u00e9marche panafricaniste fonctionne aux xviie , xviiie et xixe si\u00e8cles, comme une praxis, les manifestations du panafricanisme prennent, dans la seconde moiti\u00e9 du xixe si\u00e8cle une tournure diff\u00e9rente. Les personnes d&rsquo;ascendance africaine d\u00e9veloppent, pour la premi\u00e8re fois, des r\u00e9flexions clairement articul\u00e9es sur \u201cla personnalit\u00e9 africaine\u201d et l\u2019avenir de l\u2019Afrique, m\u00eame s\u2019ils n\u2019utilisent pas encore le terme de \u201cpanafricanisme.\u201d Les plus \u00e9minents de ces pionniers sont James Africanus Horton, Samuel Ajayi Crowther, Martin Delany et Edward Wilmot Blyden. Ils occupent des positions plus ou moins radicales, car ils comprennent les limites de l\u2019euro-modernit\u00e9, croient fermement \u00e0 l\u2019impossibilit\u00e9 du progr\u00e8s des Noirs dans un monde qui n\u2019est pas pr\u00eat \u00e0 les accueillir et sont conscients de la n\u00e9cessit\u00e9 de cr\u00e9er des structures sociales et politiques panafricaines orient\u00e9es vers l\u2019am\u00e9lioration des conditions de vie des Africains. C\u2019est sur ces bases que ces pionniers posent les fondements th\u00e9oriques du mouvement panafricain, d\u00e9veloppent le concept de \u201cpersonnalit\u00e9 africaine\u201d et expriment la n\u00e9cessit\u00e9 d\u2019un \u00c9tat africain qui accueillerait les Africains du monde entier. Ces th\u00e9ories constituent les fondements de ce qui, au xxe si\u00e8cle, deviendra un mouvement \u00e0 part enti\u00e8re.      \t\t\t\t\t\t\t\t<\/div>\n\t\t\t\t<\/div>\n\t\t\t\t<div class=\"elementor-element elementor-element-a9aa96f elementor-widget elementor-widget-text-editor\" data-id=\"a9aa96f\" data-element_type=\"widget\" data-e-type=\"widget\" data-widget_type=\"text-editor.default\">\n\t\t\t\t<div class=\"elementor-widget-container\">\n\t\t\t\t\t\t\t\t\tL\u2019histoire d\u2019Edward Wilmot Blyden, un brillant jeune esprit de Saint-Thomas, souvent pr\u00e9sent\u00e9 comme le pionnier du panafricanisme, est un exemple particulier qui nous aidera \u00e0 mieux appr\u00e9hender le contexte de d\u00e9veloppement du panafricanisme au xixe si\u00e8cle. En 1850, il d\u00e9cide d\u2019\u00e9migrer aux \u00c9tats-Unis pour devenir pasteur agr\u00e9\u00e9. Il s\u2019inscrit donc au Rutgers Theological College dans l\u2019espoir de poursuivre ses \u00e9tudes. Cependant, \u00e0 son arriv\u00e9e aux \u00c9tats-Unis, le jeune prospect se voit refuser l\u2019admission en raison de la couleur de sa peau. Nullement d\u00e9courag\u00e9 par ce refus et encourag\u00e9 par John Knox, le pasteur de l\u2019\u00c9glise r\u00e9form\u00e9e hollandaise int\u00e9gr\u00e9e de Saint-Thomas, Blyden s\u2019obstine \u00e0 chercher un \u00e9tablissement d\u2019enseignement sup\u00e9rieur qui lui donnerait une chance. Malheureusement, il subit le m\u00eame sort \u00e0 deux autres reprises. Cette s\u00e9rie de refus sert de catalyseur au retour de Blyden en Afrique pour y poursuivre ses \u00e9tudes. Suivant les conseils de John Pinney et de Walter Lowrie, qui le convainquent d\u2019\u00e9tudier au Liberia, il embarque pour Monrovia en 1851 o\u00f9, la m\u00eame ann\u00e9e, il s&rsquo;inscrit \u00e0 l\u2019Alexander High School. Il devient successivement enseignant, professeur d\u2019universit\u00e9, administrateur de l\u2019enseignement sup\u00e9rieur et, finalement, pr\u00e9sident du Liberia College en 1881.         \t\t\t\t\t\t\t\t<\/div>\n\t\t\t\t<\/div>\n\t\t\t\t<div class=\"elementor-element elementor-element-d431dc6 elementor-widget elementor-widget-text-editor\" data-id=\"d431dc6\" data-element_type=\"widget\" data-e-type=\"widget\" data-widget_type=\"text-editor.default\">\n\t\t\t\t<div class=\"elementor-widget-container\">\n\t\t\t\t\t\t\t\t\tLe retour de Blyden en Afrique et le d\u00e9veloppement de sa carri\u00e8re politique et intellectuelle sont une approche \u00e0 la fois litt\u00e9rale et symbolique de la nature m\u00eame du panafricanisme. Qui d\u2019autre est mieux plac\u00e9 pour penser la possibilit\u00e9 d\u2019une unit\u00e9 politique africaine qui r\u00e9soudrait les probl\u00e8mes africains que quelqu\u2019un qui s\u2019est vu refuser la possibilit\u00e9 d\u2019aller \u00e0 l\u2019universit\u00e9 en raison de sa race ? C\u2019est \u00e0 partir de cette position politique que Blyden th\u00e9orise ce qui deviendra finalement les fondements du mouvement panafricain du xxe si\u00e8cle : la \u00ab personnalit\u00e9 africaine \u00bb et un \u00c9tat f\u00e9d\u00e9ral africain fond\u00e9 sur les r\u00e9alit\u00e9s sociopolitiques africaines. C\u2019est cette th\u00e9orie qui sera reprise au xxe si\u00e8cle par les partisans de l\u2019unit\u00e9 culturelle de l\u2019Afrique et des \u00c9tats-Unis d\u2019Afrique.  \t\t\t\t\t\t\t\t<\/div>\n\t\t\t\t<\/div>\n\t\t\t\t<div class=\"elementor-element elementor-element-255bca8 elementor-widget elementor-widget-text-editor\" data-id=\"255bca8\" data-element_type=\"widget\" data-e-type=\"widget\" data-widget_type=\"text-editor.default\">\n\t\t\t\t<div class=\"elementor-widget-container\">\n\t\t\t\t\t\t\t\t\tLa th\u00e9orie de \u201cla personnalit\u00e9 africaine\u201d (Lynch, 1971) que Blyden th\u00e9orise doit \u00eatre lue \u00e0 la lumi\u00e8re de sa critique de la hi\u00e9rarchisation des races qui l\u00e9gitime l\u2019esclavage et la colonisation et qui est, en 1963, fortement soutenue par l\u2019Anthropological Society of London dans son engagement \u00e0 soutenir l\u2019expansion coloniale. La th\u00e9orie de Blyden, l\u2019un des fondements de la tradition philosophique panafricaine, est particuli\u00e8rement ambivalente puisqu\u2019elle reprend, d\u2019une part, le racialisme d\u2019Arthur de Gobineau et rejette, d\u2019autre part, son corollaire, la conception hi\u00e9rarchique des races. Pour Blyden, la puret\u00e9 raciale est n\u00e9cessaire et b\u00e9n\u00e9fique au monde. Elle permet \u00e0 chaque race d\u2019accomplir son destin et de participer au progr\u00e8s de notre humanit\u00e9. Il plaide donc pour la n\u00e9cessit\u00e9 de maintenir le dynamisme des cultures africaines menac\u00e9es par les forces de la supr\u00e9matie blanche. Il ironise sur ce point : \u00ab D\u00e9barrassons-nous de notre personnalit\u00e9 africaine et perdons-nous, si possible, dans une autre race. C\u2019est aussi sage ou aussi philosophique que de dire : \u2018Supprimons la gravitation, la chaleur et le froid, le soleil et la pluie \u00bb (Lynch, p. 87). Pour Blyden, cela est d\u2019autant plus vrai que les Africains ont une relation naturelle avec le monde qu\u2019il appelle : \u00ab personnalit\u00e9 africaine \u00bb. Celle-ci repose en partie sur la nature et en partie sur la culture. Partant du postulat que la g\u00e9ographie et l\u2019environnement ont un effet direct sur le comportement de l\u2019individu, Blyden oppose le temp\u00e9rament et les tendances rurales des Africains \u00e0 la brutalit\u00e9 de l\u2019Europe, et affirme que chaque race a le devoir de pr\u00e9server ses particularit\u00e9s dans le monde. Chaque race, d\u00e9clare-t-il, \u00ab a d\u00e9velopp\u00e9 pour elle-m\u00eame un syst\u00e8me ou un code de vie tel que son environnement l\u2019a sugg\u00e9r\u00e9 \u00bb (Lynch, p. 10). En ce sens, les Africains sont, compte tenu de leur situation environnementale, des \u00eatres spirituels, communautaristes et respectueux de l\u2019environnement. Cette perspective, un engagement antith\u00e9tique avec l\u2019euro-modernit\u00e9 d\u00e9velopp\u00e9 en rupture avec l\u2019id\u00e9e de la primaut\u00e9 du sujet et de la supr\u00e9matie de la rationalit\u00e9 euro-moderne, est pr\u00e9cis\u00e9ment ce qui sera r\u00e9it\u00e9r\u00e9, au xxe si\u00e8cle, comme l\u2019un des principes majeurs du panafricanisme : l\u2019unit\u00e9 culturelle de l\u2019Afrique.           \t\t\t\t\t\t\t\t<\/div>\n\t\t\t\t<\/div>\n\t\t\t\t<div class=\"elementor-element elementor-element-e12cb62 elementor-widget elementor-widget-text-editor\" data-id=\"e12cb62\" data-element_type=\"widget\" data-e-type=\"widget\" data-widget_type=\"text-editor.default\">\n\t\t\t\t<div class=\"elementor-widget-container\">\n\t\t\t\t\t\t\t\t\t<p>Blyden n\u2019a cependant pas une simple approche anthropologique de l\u2019unit\u00e9 culturelle de l\u2019Afrique qui est devenue, au xxe si\u00e8cle, l\u2019un des fondements du mouvement panafricaniste. Il s\u2019agit principalement, chez lui, d\u2019une approche \u00e9pist\u00e9mique forte qui remet en question l\u2019omnipr\u00e9sence de la supr\u00e9matie blanche. D\u00e8s les premi\u00e8res pages de <i>Christianity, Islam and the Negro Race<\/i> (1993), il souligne les limites d\u2019un syst\u00e8me \u00e9ducatif fond\u00e9 sur les principes de la sup\u00e9riorit\u00e9 europ\u00e9enne. Un tel syst\u00e8me, pense-t-il, menace le g\u00e9nie de l\u2019Africain et risque d\u2019inventer une race de gens destin\u00e9s \u00e0 imiter ce qu\u2019ils ne sont pas et condamn\u00e9s \u00e0 rester en dehors de l\u2019histoire. Ainsi, plus de cent cinquante ans avant que les chercheurs d\u00e9coloniaux n\u2019articulent le concept d\u2019\u00ab \u00e9pist\u00e9micide \u00bb, Blyden affirme que \u00ab l\u2019esclavage de l\u2019esprit est bien plus destructeur que celui du corps \u00bb. C\u2019est dans cette optique qu\u2019il appelle \u00e0 ce qu\u2019il nomme la \u00ab d\u00e9colonisation spirituelle \u00bb, une d\u00e9marche \u00e9pist\u00e9mique qui invite les Africains \u00e0 se d\u00e9tacher de la centralisation du sujet occidental et du sujet de l\u2019Occident. Ainsi, Blyden th\u00e9orise, dans son discours inaugural en tant que pr\u00e9sident du Liberia College, l\u2019importance de d\u00e9velopper un savoir afrocentr\u00e9 et lib\u00e9r\u00e9 de l\u2019emprise de l\u2019euro-modernit\u00e9. Il d\u00e9clare :       <\/p>\t\t\t\t\t\t\t\t<\/div>\n\t\t\t\t<\/div>\n\t\t\t\t<div class=\"elementor-element elementor-element-d0023f4 elementor-blockquote--skin-border elementor-widget elementor-widget-blockquote\" data-id=\"d0023f4\" data-element_type=\"widget\" data-e-type=\"widget\" data-widget_type=\"blockquote.default\">\n\t\t\t\t<div class=\"elementor-widget-container\">\n\t\t\t\t\t\t\t<blockquote class=\"elementor-blockquote\">\n\t\t\t<p class=\"elementor-blockquote__content\">\n\t\t\t\t[\u2026] Maintenant, en Afrique, o\u00f9 la couleur de la majorit\u00e9 est le noir, la mode dans les affaires personnelles est naturellement sugg\u00e9r\u00e9e par les caract\u00e9ristiques personnelles de la race, et nous sommes lib\u00e9r\u00e9s de la n\u00e9cessit\u00e9 de nous soumettre \u00e0 l\u2019utilisation de \"plumes inconvenantes maladroitement coll\u00e9es\". Cependant, nous sommes tenus en esclavage par l\u2019usage inconsid\u00e9r\u00e9 et imprudent que nous faisons d\u2019une litt\u00e9rature \u00e9trang\u00e8re, et nous nous effor\u00e7ons de progresser en utilisant les m\u00e9thodes d\u2019une race \u00e9trang\u00e8re. Dans cet effort, nous luttons contre vents et mar\u00e9es. Nous luttons avec le d\u00e9savantage qu\u2019aurait connu David dans l\u2019armure de Sa\u00fcl. L\u2019Africain doit progresser par des m\u00e9thodes qui lui sont propres. Il doit poss\u00e9der une puissance distincte de celle de l\u2019Europ\u00e9en. Il a \u00e9t\u00e9 prouv\u00e9 qu\u2019il sait tirer parti de la culture europ\u00e9enne et qu\u2019il peut en b\u00e9n\u00e9ficier. Cette preuve \u00e9tait peut-\u00eatre n\u00e9cessaire, mais elle n\u2019est pas suffisante. Nous devons montrer que nous sommes capables d\u2019avancer seuls, de tracer notre propre chemin. Nous ne devons pas nous satisfaire du fait que, dans cette nation, l\u2019influence europ\u00e9enne fa\u00e7onne notre politique, \u00e9labore nos lois, r\u00e8gne dans nos tribunaux et impr\u00e8gne notre atmosph\u00e8re sociale. Nous ne devons pas supposer que les m\u00e9thodes anglo-saxonnes sont d\u00e9finitives, qu\u2019il n\u2019y a rien \u00e0 d\u00e9couvrir pour notre propre gouverne et que nous n\u2019avons rien \u00e0 enseigner au monde. Nous avons aussi une source d\u2019inspiration. Nous devons \u00e9tudier nos fr\u00e8res de l\u2019int\u00e9rieur, qui connaissent mieux que nous les lois de la croissance de la race. Nous voyons chez eux les rudiments de ce qui, avec du fair-play et de l\u2019opportunit\u00e9, se d\u00e9veloppera en entit\u00e9s importantes et efficaces pour notre travail. Nous regardons trop les \u00e9trangers, et leurs exploits nous \u00e9blouissent presque jusqu\u2019\u00e0 l\u2019aveuglement, au point de croire qu\u2019ils ont \u00e9puis\u00e9 les possibilit\u00e9s de l\u2019humanit\u00e9. \u00c0 notre avis, ils ont fait et peuvent tout faire mieux que quiconque, comme la lagune de Longfellow.               \t\t\t<\/p>\n\t\t\t\t\t<\/blockquote>\n\t\t\t\t\t\t<\/div>\n\t\t\t\t<\/div>\n\t\t\t\t<div class=\"elementor-element elementor-element-0611bc8 elementor-widget elementor-widget-text-editor\" data-id=\"0611bc8\" data-element_type=\"widget\" data-e-type=\"widget\" data-widget_type=\"text-editor.default\">\n\t\t\t\t<div class=\"elementor-widget-container\">\n\t\t\t\t\t\t\t\t\tTous les ingre\u0301dients de la naissance et du de\u0301veloppement du mouvement panafricain sont pre\u0301sents dans cette confe\u0301rence inaugurale. Mais ce qui est plus inte\u0301ressant et plus pertinent encore, c\u2019est la compre\u0301hension que Blyden a, de\u0300s 1881, de la centralite\u0301 de la production et de la diffusion des connaissances dans le projet panafricain et de la ne\u0301cessite\u0301 de conceptualiser l\u2019avenir des personnes d\u2019ascendance africaine a\u0300 partir d\u2019une perspective afrocentre\u0301e. En ce sens, la vie et la philosophie de Blyden constituent un autre moment important dans l\u2019histoire du de\u0301veloppement du mouvement panafricaniste, qui illustre le fait qu\u2019il s\u2019agit fondamentalement d\u2019une position e\u0301piste\u0301mologique constituant le fondement d\u2019un projet culturel et politique.  \t\t\t\t\t\t\t\t<\/div>\n\t\t\t\t<\/div>\n\t\t\t\t<div class=\"elementor-element elementor-element-700b8ff elementor-widget elementor-widget-heading\" data-id=\"700b8ff\" data-element_type=\"widget\" data-e-type=\"widget\" data-widget_type=\"heading.default\">\n\t\t\t\t<div class=\"elementor-widget-container\">\n\t\t\t\t\t<h2 class=\"elementor-heading-title elementor-size-default\">La pertinence \u00e9pist\u00e9mique et l\u2019institutionnalisation du panafricanisme<\/h2>\t\t\t\t<\/div>\n\t\t\t\t<\/div>\n\t\t\t\t<div class=\"elementor-element elementor-element-12b28e3 elementor-widget elementor-widget-text-editor\" data-id=\"12b28e3\" data-element_type=\"widget\" data-e-type=\"widget\" data-widget_type=\"text-editor.default\">\n\t\t\t\t<div class=\"elementor-widget-container\">\n\t\t\t\t\t\t\t\t\t<p>La tradition panafricaniste a une longue histoire de promotion de l\u2019\u00e9ducation politique et de la production de connaissances. Alors qu\u2019aux xviie et xviiie si\u00e8cles, la production de connaissances dans cette tradition prend la forme d\u2019une philopraxis qui met l\u2019accent sur la naissance et le d\u00e9veloppement du mouvement, les \u00ab protopanafricanistes \u00bb du xixe si\u00e8cle, tels qu\u2019Edward Wilmot Blyden, th\u00e9orisent la n\u00e9cessit\u00e9 de se concentrer sur les \u00e9pist\u00e9mologies africaines. Les xxe et xxie si\u00e8cles s\u2019appuient sur cette tradition pour syst\u00e9matiser le mouvement panafricain. Cela se mat\u00e9rialise par l\u2019organisation de conf\u00e9rences et de festivals culturels, la cr\u00e9ation de revues et de journaux, et la cr\u00e9ation d\u2019institutions acad\u00e9miques qui constituent les piliers sur lesquels le mouvement est construit.    <\/p>\t\t\t\t\t\t\t\t<\/div>\n\t\t\t\t<\/div>\n\t\t\t\t<div class=\"elementor-element elementor-element-ebd9eb9 elementor-widget elementor-widget-text-editor\" data-id=\"ebd9eb9\" data-element_type=\"widget\" data-e-type=\"widget\" data-widget_type=\"text-editor.default\">\n\t\t\t\t<div class=\"elementor-widget-container\">\n\t\t\t\t\t\t\t\t\tLa formalisation du panafricanisme au xxe si\u00e8cle est \u00e9troitement li\u00e9e aux conf\u00e9rences et congr\u00e8s panafricains organis\u00e9s entre 1900 et 1945. Ils fonctionnent comme des barom\u00e8tres de l\u2019\u00e9volution du mouvement, dont la naissance est souvent li\u00e9e \u00e0 la premi\u00e8re conf\u00e9rence panafricaine organis\u00e9e par Henry SylvesterWilliams en 1900. Ces mouvements politiques \u00e9taient \u00e9galement, et de mani\u00e8re tout aussi importante, des mouvements intellectuels o\u00f9 les participants lisaient des documents traitant de la signification, de la nature et de la conception de l\u2019Afrique, des conditions sociales, politiques et \u00e9conomiques des personnes d\u2019ascendance africaine, de la valeur et de la possibilit\u00e9 de la libert\u00e9, ainsi que du r\u00f4le et de l\u2019impact de la colonialit\u00e9. Certains participants \u00e0 la conf\u00e9rence sont d\u2019importants sp\u00e9cialistes de l\u2019Afrique. W.E.B Du Bois, l\u2019un des principaux animateurs des congr\u00e8s, est l\u2019un des universitaires les plus \u00e9minents du xxe si\u00e8cle. Il est int\u00e9ressant de noter, par exemple, que la c\u00e9l\u00e8bre \u00e9pigraphe des Ames du peuple noir, \u00ab Le probl\u00e8me du xxe si\u00e8cle est le probl\u00e8me de la ligne de couleur \u00bb, l\u2019une des r\u00e9f\u00e9rences les plus cit\u00e9es dans la discipline des \u00e9tudes africaines, a \u00e9t\u00e9 utilis\u00e9e pour la premi\u00e8re fois dans \u00ab l\u2019Adresse aux Nations du Monde \u00bb, la r\u00e9solution de la premi\u00e8re conf\u00e9rence panafricaine, r\u00e9dig\u00e9e par Du Bois et sign\u00e9e par tous les participants.      \t\t\t\t\t\t\t\t<\/div>\n\t\t\t\t<\/div>\n\t\t\t\t<div class=\"elementor-element elementor-element-82f860a elementor-widget elementor-widget-text-editor\" data-id=\"82f860a\" data-element_type=\"widget\" data-e-type=\"widget\" data-widget_type=\"text-editor.default\">\n\t\t\t\t<div class=\"elementor-widget-container\">\n\t\t\t\t\t\t\t\t\tLa centralit\u00e9 de la production de connaissances dans l\u2019histoire du panafricanisme et sa syst\u00e9matisation au xxe si\u00e8cle sont \u00e9galement illustr\u00e9es par les nombreux festivals parrain\u00e9s par les \u00c9tats qui ont \u00e9t\u00e9 organis\u00e9s pour contribuer aux fondements \u00e9pist\u00e9miques du mouvement, participer \u00e0 la repr\u00e9sentation de \u00ab l\u2019id\u00e9e de l\u2019Afrique \u00bb et soutenir la tradition panafricaine. Le premier Festival mondial des arts n\u00e8gres organis\u00e9 \u00e0 Dakar en 1966, le deuxi\u00e8me \u00e0 Lagos en 1977, et le premier Festival culturel panafricain accueilli \u00e0 Alger en 1969, organis\u00e9s respectivement par L\u00e9opold S\u00e9dar Senghor, Olusegun Obasanjo et Houari Boum\u00e9di\u00e8ne, et soutenus par l\u2019Organisation de l\u2019Unit\u00e9 africaine (OUA) et l\u2019Unesco, ont \u00e9t\u00e9 des moments importants montrant la primaut\u00e9 de la production de connaissances dans l\u2019histoire du panafricanisme. De port\u00e9e politique, ces festivals \u00e9taient organis\u00e9s autour de symposiums, de s\u00e9ances pl\u00e9ni\u00e8res et de films traitant de questions fondamentales li\u00e9es \u00e0 la signification de l\u2019Afrique et \u00e0 la nature de la libert\u00e9 africaine. Le premier Festival mondial des arts n\u00e8gres, par exemple, a r\u00e9uni des artistes et des intellectuels de premier plan venus de tout le continent et de la diaspora, et a assur\u00e9 ce que T. Jaji, M. Munro, et D. Murphy appellent \u00ab la performance du panafricanisme \u00bb (2019). La conf\u00e9rence d\u2019Alger reste, \u00e0 ce jour, l\u2019un des moments les plus importants de l\u2019histoire des \u00e9tudes africaines. Elle marque le v\u00e9ritable passage aux \u00e9tudes africaines postcoloniales, car c\u2019est le moment o\u00f9 la N\u00e9gritude a \u00e9t\u00e9 annonc\u00e9e comme morte. Cette annonce est, selon Samuel D. Anderson, une performance de la r\u00e9volution africaine. Pour toutes ces raisons, on peut affirmer que les productions de connaissances et les r\u00e9flexions sur la signification et le destin politique de l\u2019Afrique globale \u00e9taient essentielles dans la tradition panafricaine. Pour atteindre cet objectif, les pr\u00e9curseurs du mouvement ont mis\u00e9 sur des \u00e9v\u00e9nements essentiellement acad\u00e9miques.        \t\t\t\t\t\t\t\t<\/div>\n\t\t\t\t<\/div>\n\t\t\t\t<div class=\"elementor-element elementor-element-6b14ec3 elementor-widget elementor-widget-text-editor\" data-id=\"6b14ec3\" data-element_type=\"widget\" data-e-type=\"widget\" data-widget_type=\"text-editor.default\">\n\t\t\t\t<div class=\"elementor-widget-container\">\n\t\t\t\t\t\t\t\t\t<p>Outre les conf\u00e9rences et les festivals, les revues acad\u00e9miques et les journaux participent \u00e0 la centralisation de la production des connaissances dans l\u2019histoire du panafricanisme. On peut m\u00eame affirmer que l\u2019histoire du mouvement peut \u00eatre racont\u00e9e du point de vue de ces revues. Leur objectif n\u2019\u00e9tait pas seulement de cr\u00e9er un d\u00e9bouch\u00e9 o\u00f9 la production de connaissances par et pour les Africains pouvait \u00eatre d\u00e9velopp\u00e9e; il fallait aussi cr\u00e9er les conditions de leur d\u00e9colonisation. En effet, les particularit\u00e9s de nombreuses revues panafricaines n\u2019\u00e9taient pas seulement de produire des connaissances \u00e9quivalentes \u00e0 celles des espaces de production de connaissances les plus respect\u00e9s, mais aussi de conceptualiser la pr\u00e9sence des Africains dans le monde d\u2019un point de vue afrocentr\u00e9. L\u2019une des plus importantes est la revue <i>Pr\u00e9sence africaine<\/i> fond\u00e9e par Alioune Diop en 1947. Cette revue, comme son nom l\u2019indique, remet en question l\u2019exclusion des personnes d\u2019ascendance africaine dans l\u2019histoire de la production des savoirs sur l\u2019Afrique produits dans les cercles d&rsquo;anthropologues coloniaux. Dans l\u2019esprit du panafricanisme, <i>Pr\u00e9sence africaine<\/i> <i>cr\u00e9e<\/i> un pont entre les disciplines et les mondes. Largement diffus\u00e9e, elle est aussi bien lue par les sp\u00e9cialistes des \u00e9tudes africaines que par les masses panafricaines. Dans son premier num\u00e9ro, par exemple, Alioune Diop r\u00e9\u00e9dite un article de Edward Wilmot Blyden et publie des textes aussi \u00e9clectiques que la philosophie politique de Jean-Paul Sartre, la po\u00e9sie de L\u00e9opold S\u00e9dar Senghor, le travail cr\u00e9atif de Birago Diop, et un essai critique sur la limite de la supr\u00e9matie blanche \u00e9crit par Hugues Panassi\u00e9. Dans d\u2019autres cas, elle couvre directement des \u00e9v\u00e9nements politiques panafricains. Les volumes 1 et 2 des num\u00e9ros de 1959, par exemple, sont consacr\u00e9s au <i>second Congr\u00e8s des \u00e9crivains et artistes n\u00e8gres<\/i>, montrant ainsi que la revue est \u00e0 la fois un forum politique, intellectuel et culturel. The Negro World, le journal de l\u2019Universal Negro Improvement Association, publi\u00e9 entre 1918 et 1933, fonctionne de la m\u00eame mani\u00e8re. C\u2019est un parfait exemple de l\u2019utilisation de la presse \u00e9crite pour s\u2019engager dans l\u2019\u00e9ducation panafricaine et la production de connaissances. Il publie des articles qui promeuvent la conscience panafricaine aupr\u00e8s de ses membres, et qui sont toujours d\u2019actualit\u00e9 pour les sp\u00e9cialistes des \u00e9tudes africaines. Dans le m\u00eame ordre d\u2019id\u00e9es, l\u2019<i>Accra Evening News<\/i>, fond\u00e9 en 1949, a \u00e9t\u00e9 le porte-voix de Kwame Nkrumah et du Convention People\u2019s Party. Il avait pour fonction d\u2019exposer les Africains \u00e0 la conscience panafricaine et \u00e0 l\u2019histoire de leur continent. Ce journal publie des articles, des \u00e9ditoriaux, des illustrations et des opinions sur le panafricanisme, le socialisme dans le but d\u2019actualiser l\u2019id\u00e9e d&rsquo;une Afrique unie qui va au-del\u00e0 des limites d\u2019un Ghana libre.                    <\/p>\t\t\t\t\t\t\t\t<\/div>\n\t\t\t\t<\/div>\n\t\t\t\t<div class=\"elementor-element elementor-element-d63bb94 elementor-widget elementor-widget-text-editor\" data-id=\"d63bb94\" data-element_type=\"widget\" data-e-type=\"widget\" data-widget_type=\"text-editor.default\">\n\t\t\t\t<div class=\"elementor-widget-container\">\n\t\t\t\t\t\t\t\t\tDans la m\u00eame logique, l\u2019importance de la production de connaissances dans la tradition panafricaine se manifeste par la cr\u00e9ation d\u2019institutions universitaires telles que l\u2019Institut d\u2019\u00e9tudes africaines (IAS) d\u2019Accra et l\u2019\u00c9cole d\u2019histoire africaine de Dar es-Salaam, qui participent \u00e0 la centralisation des connaissances africaines. L\u2019ouverture de l\u2019IAS \u00e0 l\u2019Universit\u00e9 du Ghana, par exemple, est un engagement clair \u00e0 utiliser les institutions d\u2019enseignement sup\u00e9rieur pour promouvoir une position \u00e9pist\u00e9mique panafricaine. Si lors de son ouverture, Kwame Nkrumah demanda aux \u00e9tudiants de consid\u00e9rer leur mission comme fondamentalement li\u00e9e \u00e0 la d\u00e9colonisation de la production de connaissances pour les Africains dans leur pays et \u00e0 l\u2019\u00e9tranger, l\u2019IAS est toujours, soixante ans plus tard, un espace d\u2019\u00e9ducation panafricaine. La recherche, les \u00e9v\u00e9nements communautaires, les conf\u00e9rences et l\u2019enseignement qui y sont organis\u00e9s en sont la preuve.   \t\t\t\t\t\t\t\t<\/div>\n\t\t\t\t<\/div>\n\t\t\t\t<div class=\"elementor-element elementor-element-ff8fa95 elementor-widget elementor-widget-text-editor\" data-id=\"ff8fa95\" data-element_type=\"widget\" data-e-type=\"widget\" data-widget_type=\"text-editor.default\">\n\t\t\t\t<div class=\"elementor-widget-container\">\n\t\t\t\t\t\t\t\t\tA la fin des ann\u00e9es 1960 et au d\u00e9but des ann\u00e9es 1970, l\u2019\u00c9cole d\u2019histoire africaine de Dar es-Salaam, fait \u00e9cho au projet de Nkrumah. Elle est aussi bien un lieu de remise en question de la reproduction sociale et de d\u00e9veloppement de l\u2019\u00e9ducation \u00e9mancipatrice qu\u2019un espace qui accueille des panafricanistes de renom. C\u2019est dans cet \u00e9tablissement que des panafricains remettent en question, repensent, r\u00e9\u00e9crivent et reconceptualisent l\u2019histoire africaine (Campbell, 1991). Elle change radicalement le r\u00f4le de l\u2019enseignement sup\u00e9rieur en Afrique. Cette ferveur s\u2019est r\u00e9percut\u00e9e, d&rsquo;ailleurs, tout au long des cinq d\u00e9cennies qui suivent son ouverture. La sociologue Kristin Plys (2023, p. 100) d\u00e9clare \u00e0 ce propos :       \t\t\t\t\t\t\t\t<\/div>\n\t\t\t\t<\/div>\n\t\t\t\t<div class=\"elementor-element elementor-element-8ad178c elementor-blockquote--skin-border elementor-widget elementor-widget-blockquote\" data-id=\"8ad178c\" data-element_type=\"widget\" data-e-type=\"widget\" data-widget_type=\"blockquote.default\">\n\t\t\t\t<div class=\"elementor-widget-container\">\n\t\t\t\t\t\t\t<blockquote class=\"elementor-blockquote\">\n\t\t\t<p class=\"elementor-blockquote__content\">\n\t\t\t\tL\u2019\u00e9cole de Dar peut \u00eatre caract\u00e9ris\u00e9e par cinq principes en mati\u00e8re de m\u00e9thodes historiques : (a) Oppos\u00e9e \u00e0 une vision statique et \"primitiviste\" de l\u2019histoire pr\u00e9coloniale, elle d\u00e9peint au contraire l\u2019\u00e9conomie politique pr\u00e9coloniale comme avanc\u00e9e, dynamique et bien organis\u00e9e ; (b) Elle met l\u2019accent sur l\u2019action locale dans la description des mouvements anticoloniaux ; (c) Elle s\u2019inspire des travaux de philosophes du Sud global, telles que Cabral, Fanon et Guevara, pour analyser les mouvements anticoloniaux et anticapitalistes ; (d) Elle met l\u2019accent sur le r\u00f4le des syndicats anticoloniaux ind\u00e9pendants des partis politiques europ\u00e9ens en tant que force motrice des mouvements anticoloniaux ; (e) [et] critique les dirigeants et les \u00e9lites post-coloniaux qui maintiennent les structures de classe h\u00e9rit\u00e9es de la colonisation tout en reconnaissant le r\u00f4le cl\u00e9 jou\u00e9 par les \u00e9lites dans les mouvements d\u2019ind\u00e9pendance nationale.     \t\t\t<\/p>\n\t\t\t\t\t<\/blockquote>\n\t\t\t\t\t\t<\/div>\n\t\t\t\t<\/div>\n\t\t\t\t<div class=\"elementor-element elementor-element-a069092 elementor-widget elementor-widget-text-editor\" data-id=\"a069092\" data-element_type=\"widget\" data-e-type=\"widget\" data-widget_type=\"text-editor.default\">\n\t\t\t\t<div class=\"elementor-widget-container\">\n\t\t\t\t\t\t\t\t\t<p>Plus qu\u2019un \u00e9difice, l&rsquo;\u00e9cole de Daar est une philosophie qui propose de faire des Africains les sujets de leur propre lib\u00e9ration. Elle s\u2019\u00e9tend au-del\u00e0 de l\u2019acad\u00e9mie et dans d\u2019autres secteurs anticoloniaux de la soci\u00e9t\u00e9 pr\u00eats \u00e0 d\u00e9velopper une nouvelle Afrique. Il n\u2019est donc pas surprenant que ce soit dans cette \u00e9cole que Walter Rodney \u00e9crit <i>How Europe Underdeveloped Africa <\/i>(1972), une des plus importantes contributions \u00e0 l\u2019\u00e9pist\u00e9mologie panafricaine. Ce livre est aujourd&rsquo;hui un classique pour les d\u00e9partements d\u2019\u00e9tudes africaines, les organisations r\u00e9volutionnaires et les personnes qui adh\u00e8rent \u00e0 l\u2019id\u00e9ologie panafricaine.      <\/p>\t\t\t\t\t\t\t\t<\/div>\n\t\t\t\t<\/div>\n\t\t\t\t<div class=\"elementor-element elementor-element-214f5f8 elementor-widget elementor-widget-text-editor\" data-id=\"214f5f8\" data-element_type=\"widget\" data-e-type=\"widget\" data-widget_type=\"text-editor.default\">\n\t\t\t\t<div class=\"elementor-widget-container\">\n\t\t\t\t\t\t\t\t\tPan-African epistemologies have evolved primarily in institutions aimed at researching, creating and disseminating African-centered and liberatory knowledge. Journals, newspapers, conferences and tertiary institutions are among a few of the many institutions the Pan-African Movement has utilized as a vehicle to engage in a consciousness-raising project.  \t\t\t\t\t\t\t\t<\/div>\n\t\t\t\t<\/div>\n\t\t\t\t<div class=\"elementor-element elementor-element-7343662 elementor-widget elementor-widget-heading\" data-id=\"7343662\" data-element_type=\"widget\" data-e-type=\"widget\" data-widget_type=\"heading.default\">\n\t\t\t\t<div class=\"elementor-widget-container\">\n\t\t\t\t\t<h2 class=\"elementor-heading-title elementor-size-default\">La revue Global Africa et l\u2019avenir du panafricanisme<\/h2>\t\t\t\t<\/div>\n\t\t\t\t<\/div>\n\t\t\t\t<div class=\"elementor-element elementor-element-25aa2ac elementor-widget elementor-widget-text-editor\" data-id=\"25aa2ac\" data-element_type=\"widget\" data-e-type=\"widget\" data-widget_type=\"text-editor.default\">\n\t\t\t\t<div class=\"elementor-widget-container\">\n\t\t\t\t\t\t\t\t\tCe num\u00e9ro sp\u00e9cial doit \u00eatre lu comme une continuation des quatre cents ans d\u2019engagement panafricain pour la production de connaissances \u00e9mancipatrices africaines. De la premi\u00e8re rencontre avec l\u2019euro-modernit\u00e9 aux mouvements de d\u00e9colonisation, en passant par la r\u00e9volution ha\u00eftienne, le mouvement des \u201creturnees\u201d du xixe si\u00e8cle et les mouvements culturels et intellectuels contemporains, la tradition panafricaine a toujours tent\u00e9 de cr\u00e9er des espaces permettant de prendre en compte les continuit\u00e9s et les discontinuit\u00e9s entre les personnes d\u2019ascendance africaine, tout en s\u2019engageant dans un processus d\u2019int\u00e9gration et de lib\u00e9ration de l\u2019Afrique. En tant que mouvement traditionnellement centr\u00e9 sur les modes africains de d\u00e9finition du monde, le panafricanisme offre la possibilit\u00e9 de remettre en question les fondements de la colonialit\u00e9. Le vingti\u00e8me anniversaire de l\u2019UA, la plus r\u00e9cente d\u00e9clinaison institutionnelle du projet panafricain, est l\u2019occasion pour nous de revisiter la pertinence \u00e9pist\u00e9mique du panafricanisme \u00e0 une \u00e9poque o\u00f9 la prise de conscience de l\u2019omnipr\u00e9sence de la colonialit\u00e9 a conduit \u00e0 un appel croissant \u00e0 la d\u00e9colonisation.    \t\t\t\t\t\t\t\t<\/div>\n\t\t\t\t<\/div>\n\t\t\t\t<div class=\"elementor-element elementor-element-bf2a5d4 elementor-widget elementor-widget-text-editor\" data-id=\"bf2a5d4\" data-element_type=\"widget\" data-e-type=\"widget\" data-widget_type=\"text-editor.default\">\n\t\t\t\t<div class=\"elementor-widget-container\">\n\t\t\t\t\t\t\t\t\t<p>Ce num\u00e9ro sp\u00e9cial de <i>Global Africa sur l\u2019agenda de la recherche panafricaine et l\u2019avenir mondial<\/i> est donc pertinent. Il a le potentiel de cr\u00e9er les conditions d\u2019un engagement radical face \u00e0 certaines des questions les plus critiques auxquelles notre monde est confront\u00e9 aujourd\u2019hui, \u00e0 savoir l\u2019omnipr\u00e9sence de la colonialit\u00e9, les menaces du pouvoir et la demande incessante de lib\u00e9ration politique \u00e0 l\u2019\u00e9chelle mondiale. Les auteurs de ce num\u00e9ro explorent la mani\u00e8re dont le panafricanisme a historiquement rythm\u00e9 les programmes de recherche, les priorit\u00e9s intellectuelles et les postures heuristiques en Afrique, dans la diaspora africaine et dans le monde. Ils examinent aussi attentivement comment la tradition panafricaine peut \u00eatre une source d\u2019innovation et de rupture lorsque nous nous int\u00e9ressons \u00e0 la gouvernance mondiale, au racisme, \u00e0 la discrimination envers les Noirs, \u00e0 l\u2019h\u00e9t\u00e9ronormativit\u00e9, au patriarcat et \u00e0 la justice sociale, afin d\u2019aider \u00e0 redessiner les possibilit\u00e9s d\u2019un monde de plus en plus fa\u00e7onn\u00e9 par des discours pr\u00f4nant le nativisme, l\u2019isolationnisme et des attaques hostiles contre le multiculturalisme.  <\/p>\n<p>Ce num\u00e9ro s\u2019ouvre sur une s\u00e9rie d\u2019articles abordant les questions des libert\u00e9s individuelles, de l\u2019inclusion et des priorit\u00e9s panafricaines. Dans le premier article, \u00ab \u00ab\u00a0Queeriser\u00a0\u00bb l\u2019Afrique par l\u2019homo inclusio africanus. Une lecture <i>des<\/i> <i>Aquatiques<\/i> d\u2019Osvalde Lewat, Grand Prix panafricain de litt\u00e9rature \u00bb, Patrick Herv\u00e9 Moneyang et Charles Gueboguo proposent une analyse de la relation complexe entre les droits individuels, les questions LGBTQI+ et le panafricanisme. \u00c0 travers une analyse novatrice du texte de Osvalde Lewat et des implications de la d\u00e9cision de l\u2019UA de d\u00e9cerner le Grand Prix de litt\u00e9rature \u00e0 un roman queer, Moneyang et Guebogo revisitent le panafricanisme \u00e0 la lumi\u00e8re d\u2019un cadre conceptuel queer et inclusif qu\u2019ils appellent :<i> homo inclusio africanus<\/i>. Ce cadre conceptuel ouvre, selon les auteurs, la possibilit\u00e9 de \u00ab faire queer \u00bb l\u2019id\u00e9e de l\u2019Afrique et le concept de panafricanisme, cr\u00e9ant ainsi la possibilit\u00e9 de l\u2019\u00e9mergence de sujets panafricains indociles capables d\u2019atteindre leur plein potentiel dans un continent qui est pr\u00eat \u00e0 c\u00e9l\u00e9brer ses voix plurielles. Ce texte offre la possibilit\u00e9 de lire le panafricanisme comme force politique qui nous permet de limiter les cons\u00e9quences n\u00e9gatives de l\u2019homophobie, l\u2019une des questions les plus critiques sur le continent, et de cr\u00e9er les conditions pour s\u00e9curiser la vie de tous les Africains et d\u2019\u00e9viter le possible meurtre de masse des Africains queer.    <\/p>\n<p>Nathana\u00ebl Assam Otya\u2019a fait \u00e9cho \u00e0 l\u2019appel de Moneyang et Gueboguo en faveur d\u2019une \u00e9thique de l\u2019inclusion dans \u00ab D\u00e9coloniser l\u2019inclusion: panafricanisme et peuples autochtones pygm\u00e9es d\u2019Afrique \u00bb. Otya\u2019a part du constat que m\u00eame si le mouvement panafricain est ancr\u00e9 dans une critique de l\u2019essentialisme, son projet de promotion des peuples africains n\u2019a pas r\u00e9ussi \u00e0 inclure les populations africaines minoritaires telles que les peuples autochtones d\u2019Afrique centrale. Cette exclusion des Pygm\u00e9es du projet panafricaniste est la cons\u00e9quence la plus directe du spectre de la colonialit\u00e9 auquel la tradition panafricaine n\u2019a pas pu \u00e9chapper. Ainsi, plut\u00f4t que la perspective d\u00e9veloppementaliste euro-centrique qui a menac\u00e9 l\u2019inclusion des Pygm\u00e9es, Otya\u2019a propose de revisiter le panafricanisme \u00e0 la lumi\u00e8re du consciencisme de Nkrumah et des \u00e9pist\u00e9mologies pygm\u00e9es endog\u00e8nes. Une telle perspective nous permettra, selon lui, d\u2019envisager l\u2019avenir de l\u2019Afrique et celui des Pygm\u00e9es sous un angle plus inclusif et plus positif.    <\/p>\n<p>La deuxi\u00e8me s\u00e9rie d\u2019articles aborde les multiples facettes du panafricanisme \u00e0 travers l\u2019analyse critique de la vie de personnalit\u00e9s panafricaines cl\u00e9s telles que Joseph Murumbi et Joseph Ki-Zerbo. L\u2019article de Marian Nur Goni \u00ab \u00ab\u00a0Un travail de termites\u00a0\u00bb. Relire la dimension panafricaine des gestes patrimoniaux de Joseph Murumbi \u00bb, par exemple, explore la possibilit\u00e9 de repenser les diff\u00e9rents modes d\u2019articulation de l\u2019histoire de la recherche sur le panafricanisme \u00e0 travers l\u2019\u00e9tude de l\u2019engagement d\u00e9colonial et panafricaniste de Joseph Murumbi. L\u2019article soutient en fin de compte que la biographie de cette figure moins connue du panafricanisme nous invite \u00e0 rechercher le sens du mouvement en dehors des voies traditionnelles. Le travail de fourmi que propose Marian Goni illustre la diversit\u00e9 du mouvement panafricain, qui est mieux compris s\u2019il est lu \u00e0 la crois\u00e9e des histoires africaines, asiatiques et europ\u00e9ennes. Dans la m\u00eame perspective, Chikouna Ciss\u00e9 expose, dans \u00ab Joseph Ki-Zerbo et le Cames. Une histoire panafricaine de reconqu\u00eate de soi \u00bb, le r\u00f4le de de l\u2019historien Burkinab\u00e9 dans l\u2019histoire de la cr\u00e9ation du Conseil africain et malgache pour l\u2019enseignement sup\u00e9rieur (Cames). Ce texte est \u00e0 la fois une c\u00e9l\u00e9bration de Joseph Ki-Zerbo, l\u2019un des pionniers de l\u2019histoire africaine contemporaine, et un pr\u00e9texte pour pr\u00e9senter l\u2019une des plus importantes institutions panafricaines de recherche du continent dont l\u2019histoire reste \u00e0 raconter.     <\/p>\t\t\t\t\t\t\t\t<\/div>\n\t\t\t\t<\/div>\n\t\t\t\t<div class=\"elementor-element elementor-element-681f5fb elementor-widget elementor-widget-text-editor\" data-id=\"681f5fb\" data-element_type=\"widget\" data-e-type=\"widget\" data-widget_type=\"text-editor.default\">\n\t\t\t\t<div class=\"elementor-widget-container\">\n\t\t\t\t\t\t\t\t\t<p>Contrairement \u00e0 Marian Nur Goni et Chikouna Ciss\u00e9, Kwabena Opoku-Agyemang et Elizabeth Abena Osei lisent la litt\u00e9rature africaine \u00e0 partir d\u2019une perspective afrofuturiste dans un article plein d\u2019esprit intitul\u00e9 \u00ab Les futurs africains de Nnedi Okorafor. Sankofa et les \u00e9chos du panafricanisme \u00bb. La lecture attentive de <i>Zahrah the Windseeker <\/i>(2005), <i>Binti<\/i> (2015) et <i>Remote Control <\/i>(2021) de Nnedi Okorafor permet aux auteurs de montrer qu\u2019Okorafor se r\u00e9approprie constamment les motifs culturels africains pour r\u00e9\u00e9crire l\u2019esth\u00e9tique de la fiction sp\u00e9culative africaine. C\u2019est pourquoi son esth\u00e9tique panafricaine est enracin\u00e9e dans \u00ab la philosophie, les modes de vie, les exp\u00e9riences et les modes d\u2019\u00eatre traditionnels africains qui transcendent les diverses identit\u00e9s africaines \u00bb. Il s\u2019agit donc d\u2019une esth\u00e9tique distincte qui se pr\u00eate mieux au concept de futurisme africain qu\u2019\u00e0 celui d\u2019afrofuturisme.    <\/p>\t\t\t\t\t\t\t\t<\/div>\n\t\t\t\t<\/div>\n\t\t\t\t<div class=\"elementor-element elementor-element-d18d42e elementor-widget elementor-widget-text-editor\" data-id=\"d18d42e\" data-element_type=\"widget\" data-e-type=\"widget\" data-widget_type=\"text-editor.default\">\n\t\t\t\t<div class=\"elementor-widget-container\">\n\t\t\t\t\t\t\t\t\t<p>La troisi\u00e8me s\u00e9rie d\u2019articles se concentre sur les significations et les manifestations contemporaines du panafricanisme. Dans \u00ab <em>L\u2019activisme social africain et la mont\u00e9e du n\u00e9o panafricanisme. Un regard sur le sommet de l\u2019Upec<\/em> \u00bb, Bamba Ndiaye soutient que l\u2019Afrique francophone est le lieu de la renaissance et du renouveau du panafricanisme du xxie si\u00e8cle. Cette nouvelle phase du mouvement, qu\u2019il appelle n\u00e9o panafricanisme, est marqu\u00e9e par une forte critique de l\u2019\u00c9tat postcolonial, avec un accent sur la bonne gouvernance et le rejet du n\u00e9ocolonialisme. Le n\u00e9o panafricanisme est \u00e9galement particuli\u00e8rement novateur, selon Ndiaye, dans la mesure o\u00f9, bien qu\u2019il s\u2019inscrive dans la continuit\u00e9 du projet panafricain ant\u00e9rieur, il met \u00e9galement l\u2019accent sur des questions contemporaines telles que la justice \u00e9cologique, le f\u00e9minisme, la culture, etc.   <\/p>\t\t\t\t\t\t\t\t<\/div>\n\t\t\t\t<\/div>\n\t\t\t\t<div class=\"elementor-element elementor-element-4c6f636 elementor-widget elementor-widget-text-editor\" data-id=\"4c6f636\" data-element_type=\"widget\" data-e-type=\"widget\" data-widget_type=\"text-editor.default\">\n\t\t\t\t<div class=\"elementor-widget-container\">\n\t\t\t\t\t\t\t\t\t<p>L\u2019article d\u2019Alioune Fall, \u00ab Les pi\u00e8ges de l\u2019(anti)essentialisme: Le panafricanisme, l\u2019afropolitanisme et la condition globale des Noirs \u00bb cl\u00f4t ce num\u00e9ro sp\u00e9cial avec une reflection int\u00e9ressante sur les limites et le potentiel du panafricanisme. Fall remet en question la critique de Gilroy sur le panafricanisme en tant que  <span style=\"color: var( --e-global-color-text ); background-color: var(--nv-site-bg); font-size: var(--bodyfontsize); letter-spacing: var(--bodyletterspacing); text-transform: var(--bodytexttransform);\">movement essentialiste et soutient, au contraire, qu\u2019une lecture attentive de l\u2019\u0153uvre de W.E.B Du Bois a le potentiel de montrer les nuances du mouvement panafricain au-del\u00e0 d\u2019une conversation sur la race. Il montre que la conception du panafricanisme de Du Bois pr\u00e9pare les conceptions contemporaines de la pr\u00e9sence africaine dans le monde moderne, telles que les traditions afropolitaine et afrofuturiste.  <\/span><\/p>\t\t\t\t\t\t\t\t<\/div>\n\t\t\t\t<\/div>\n\t\t\t\t<div class=\"elementor-element elementor-element-1e0e529 elementor-widget elementor-widget-text-editor\" data-id=\"1e0e529\" data-element_type=\"widget\" data-e-type=\"widget\" data-widget_type=\"text-editor.default\">\n\t\t\t\t<div class=\"elementor-widget-container\">\n\t\t\t\t\t\t\t\t\tLes lectures particuli\u00e8res du panafricanisme que les auteurs proposent ici montrent qu\u2019il s\u2019agit d\u2019un projet \u00e9pist\u00e9mique qui est toujours d\u2019actualit\u00e9. S\u2019il est l\u00e9gitime de se demander s\u2019il reste quelque chose \u00e0 dire sur le panafricanisme apr\u00e9s deux si\u00e8cles de discours sur la signification, la pertinence, les perspectives et les d\u00e9fis du mouvement, ce num\u00e9ro sp\u00e9cial est particuli\u00e8rement opportun dans la mesure o\u00f9 il permet de repenser la pr\u00e9sence de l\u2019Afrique dans les processus contemporains de production de connaissances \u00e0 la lumi\u00e8re des r\u00e9centes interventions intellectuelles africaines comme l\u2019afropolitanisme, l\u2019afrofuturisme et l\u2019afrochic, et cr\u00e9e les possibilit\u00e9s de conversation avec de nouvelles approches intellectuelles telles que les options postcoloniales et d\u00e9coloniales. \t\t\t\t\t\t\t\t<\/div>\n\t\t\t\t<\/div>\n\t\t\t\t<div class=\"elementor-element elementor-element-46cec02 elementor-widget elementor-widget-text-editor\" data-id=\"46cec02\" data-element_type=\"widget\" data-e-type=\"widget\" data-widget_type=\"text-editor.default\">\n\t\t\t\t<div class=\"elementor-widget-container\">\n\t\t\t\t\t\t\t\t\tCe num\u00e9ro sp\u00e9cial est d\u2019autant plus pertinent qu\u2019il a le potentiel de cr\u00e9er les conditions d\u2019un engagement radical avec certaines des questions globales les plus critiques auxquelles notre monde est confront\u00e9 aujourd\u2019hui, \u00e0 savoir l\u2019omnipr\u00e9sence de la colonialit\u00e9, la question des droits individuels et les menaces du changement climatique et de la justice environnementale. On peut m\u00eame affirmer qu\u2019il offre la possibilit\u00e9 d\u2019explorer les d\u00e9fis et les opportunit\u00e9s sans pr\u00e9c\u00e9dent de la quatri\u00e8me r\u00e9volution industrielle, le d\u00e9veloppement rapide de l\u2019intelligence artificielle, l\u2019importance croissante du transhumanisme et la primaut\u00e9 de l\u2019anthropoc\u00e8ne, qui redessinent les limites de notre existence, remettent en question la nature m\u00eame de la vie et menacent l\u2019avenir de notre plan\u00e8te. \t\t\t\t\t\t\t\t<\/div>\n\t\t\t\t<\/div>\n\t\t\t\t<\/div>\n\t\t<div data-particle_enable=\"false\" data-particle-mobile-disabled=\"false\" class=\"elementor-element elementor-element-2d9184d e-con-full e-flex wpr-particle-no wpr-jarallax-no wpr-parallax-no wpr-sticky-section-no e-con e-child\" data-id=\"2d9184d\" data-element_type=\"container\" data-e-type=\"container\" data-settings=\"{&quot;background_background&quot;:&quot;classic&quot;}\">\n\t\t\t\t<div class=\"elementor-element elementor-element-a7fd8c3 ignoretoc elementor-hidden-mobile elementor-widget elementor-widget-heading\" data-id=\"a7fd8c3\" data-element_type=\"widget\" data-e-type=\"widget\" data-widget_type=\"heading.default\">\n\t\t\t\t<div class=\"elementor-widget-container\">\n\t\t\t\t\t<h2 class=\"elementor-heading-title elementor-size-default\">Les auteurs<\/h2>\t\t\t\t<\/div>\n\t\t\t\t<\/div>\n\t\t\t\t<div class=\"elementor-element elementor-element-38b0172 ignoretoc elementor-hidden-mobile elementor-widget elementor-widget-link-in-bio\" data-id=\"38b0172\" data-element_type=\"widget\" data-e-type=\"widget\" data-widget_type=\"link-in-bio.default\">\n\t\t\t\t<div class=\"elementor-widget-container\">\n\t\t\t\t\t\t\t<div class=\"e-link-in-bio e-link-in-bio\">\n\t\t\t<div class=\"e-link-in-bio__content\">\n\n\t\t\t\t\t\t<div class=\"e-link-in-bio__identity\">\n\t\t\t\t\t\t\t\t\t<div class=\"e-link-in-bio__identity-image e-link-in-bio__identity-image-profile has-style-circle\">\n\t\t\t\t\t\t\t<img decoding=\"async\" width=\"225\" height=\"300\" src=\"https:\/\/www.globalafricasciences.org\/wp-content\/uploads\/2024\/11\/Cheikh-Thiam--225x300.jpg\" class=\"e-link-in-bio__identity-image-element\" alt=\"\" srcset=\"https:\/\/www.globalafricasciences.org\/wp-content\/uploads\/2024\/11\/Cheikh-Thiam--225x300.jpg 225w, https:\/\/www.globalafricasciences.org\/wp-content\/uploads\/2024\/11\/Cheikh-Thiam--768x1024.jpg 768w, https:\/\/www.globalafricasciences.org\/wp-content\/uploads\/2024\/11\/Cheikh-Thiam--1152x1536.jpg 1152w, https:\/\/www.globalafricasciences.org\/wp-content\/uploads\/2024\/11\/Cheikh-Thiam--1536x2048.jpg 1536w, https:\/\/www.globalafricasciences.org\/wp-content\/uploads\/2024\/11\/Cheikh-Thiam--scaled.jpg 1920w\" sizes=\"(max-width: 225px) 100vw, 225px\" \/>\t\t\t\t\t\t\t\t\t\t\t\t\t<\/div>\n\t\t\t\t\t\t\t<\/div>\n\t\t\t\t\t<div class=\"e-link-in-bio__bio\">\n\t\t\t\t<h2 class=\"e-link-in-bio__heading\">Cheikh Thiam<\/h2>\t\t\t\t<h3 class=\"e-link-in-bio__title\">Professeur titulaire, d\u00e9partement d\u2019anglais\/d\u00e9partement d\u2019\u00e9tudes africaines, <\/h3>\t\t\t\t\t\t\t\t<p class=\"e-link-in-bio__description\">Amherst College, USA<\/p>\t\t\t<\/div>\n\t\t\t\t\t<div class=\"e-link-in-bio__icons has-size-small\">\n\t\t\t\t\t\t\t<div class=\"e-link-in-bio__icon is-size-small\">\n\t\t\t\t\t<a aria-label=\"Email\" class=\"e-link-in-bio__icon-link\" href=\"mailto:cthiam@amherst.edu?subject=Contact%20from%20GA%20Bio\">\n\t\t\t\t\t\t<span class=\"e-link-in-bio__icon-svg\">\n\t\t\t\t\t\t\t<i aria-hidden=\"true\" class=\"fas fa-envelope\"><\/i>\t\t\t\t\t\t<\/span>\n\t\t\t\t\t\t\t\t\t\t\t<\/a>\n\t\t\t\t<\/div>\n\t\t\t\t\t<\/div>\n\t\t\n\t\t<div class=\"e-link-in-bio__ctas has-type-button\">\n\t\t\t\t\t\t\t<a href=\"\/authors\/cheikh-thiam\" target=\"_blank\" rel=\"noopener \" class=\"e-link-in-bio__cta is-type-button has-corners-rounded\">\n\t\t\t\t\t\t\t\t\t\t<span class=\"e-link-in-bio__cta-text\">\n\t\t\t\t\t\tVoir le profil complet\t\t\t\t\t<\/span>\n\t\t\t\t<\/a>\n\t\t\t\t\t<\/div>\n\t\t\n\t\t\t<\/div>\n\t\t\t<div class=\"e-link-in-bio__bg\">\n\t\t\t\t<div class=\"e-link-in-bio__bg-overlay\"><\/div>\n\t\t\t<\/div>\n\t\t<\/div>\n\t\t\t\t\t\t<\/div>\n\t\t\t\t<\/div>\n\t\t\t\t<div class=\"elementor-element elementor-element-c529d40 ignoretoc elementor-hidden-mobile elementor-widget elementor-widget-link-in-bio\" data-id=\"c529d40\" data-element_type=\"widget\" data-e-type=\"widget\" data-widget_type=\"link-in-bio.default\">\n\t\t\t\t<div class=\"elementor-widget-container\">\n\t\t\t\t\t\t\t<div class=\"e-link-in-bio e-link-in-bio\">\n\t\t\t<div class=\"e-link-in-bio__content\">\n\n\t\t\t\t\t\t<div class=\"e-link-in-bio__identity\">\n\t\t\t\t\t\t\t\t\t<div class=\"e-link-in-bio__identity-image e-link-in-bio__identity-image-profile has-style-circle\">\n\t\t\t\t\t\t\t<img decoding=\"async\" width=\"225\" height=\"300\" src=\"https:\/\/www.globalafricasciences.org\/wp-content\/uploads\/2024\/12\/Mjiba-Frehiwot--225x300.jpg\" class=\"e-link-in-bio__identity-image-element\" alt=\"\" srcset=\"https:\/\/www.globalafricasciences.org\/wp-content\/uploads\/2024\/12\/Mjiba-Frehiwot--225x300.jpg 225w, https:\/\/www.globalafricasciences.org\/wp-content\/uploads\/2024\/12\/Mjiba-Frehiwot-.jpg 470w\" sizes=\"(max-width: 225px) 100vw, 225px\" \/>\t\t\t\t\t\t\t\t\t\t\t\t\t<\/div>\n\t\t\t\t\t\t\t<\/div>\n\t\t\t\t\t<div class=\"e-link-in-bio__bio\">\n\t\t\t\t<h2 class=\"e-link-in-bio__heading\">Mjiba Frehiwot<\/h2>\t\t\t\t<h3 class=\"e-link-in-bio__title\">Chercheure, Institut d\u2019\u00e9tudes africaines,<\/h3>\t\t\t\t\t\t\t\t<p class=\"e-link-in-bio__description\">Universit\u00e9 du Ghana-Legon<\/p>\t\t\t<\/div>\n\t\t\t\t\t<div class=\"e-link-in-bio__icons has-size-small\">\n\t\t\t\t\t\t\t<div class=\"e-link-in-bio__icon is-size-small\">\n\t\t\t\t\t<a aria-label=\"Email\" class=\"e-link-in-bio__icon-link\" href=\"mailto:mafrehiwot@gma?subject=Contact%20from%20GA%20Bio\">\n\t\t\t\t\t\t<span class=\"e-link-in-bio__icon-svg\">\n\t\t\t\t\t\t\t<i aria-hidden=\"true\" class=\"fas fa-envelope\"><\/i>\t\t\t\t\t\t<\/span>\n\t\t\t\t\t\t\t\t\t\t\t<\/a>\n\t\t\t\t<\/div>\n\t\t\t\t\t<\/div>\n\t\t\n\t\t<div class=\"e-link-in-bio__ctas has-type-button\">\n\t\t\t\t\t\t\t<a href=\"\/authors\/mjiba-frehiwot\" target=\"_blank\" rel=\"noopener \" class=\"e-link-in-bio__cta is-type-button has-corners-rounded\">\n\t\t\t\t\t\t\t\t\t\t<span class=\"e-link-in-bio__cta-text\">\n\t\t\t\t\t\tVoir le profil complet\t\t\t\t\t<\/span>\n\t\t\t\t<\/a>\n\t\t\t\t\t<\/div>\n\t\t\n\t\t\t<\/div>\n\t\t\t<div class=\"e-link-in-bio__bg\">\n\t\t\t\t<div class=\"e-link-in-bio__bg-overlay\"><\/div>\n\t\t\t<\/div>\n\t\t<\/div>\n\t\t\t\t\t\t<\/div>\n\t\t\t\t<\/div>\n\t\t\t\t<div class=\"elementor-element elementor-element-ca44f9b ignoretoc elementor-widget elementor-widget-heading\" data-id=\"ca44f9b\" data-element_type=\"widget\" data-e-type=\"widget\" data-widget_type=\"heading.default\">\n\t\t\t\t<div class=\"elementor-widget-container\">\n\t\t\t\t\t<h2 class=\"elementor-heading-title elementor-size-default\">\u00c9galement dans ce num\u00e9ro<\/h2>\t\t\t\t<\/div>\n\t\t\t\t<\/div>\n\t\t\t\t<div class=\"elementor-element elementor-element-08ab0bf elementor-grid-1 elementor-grid-tablet-1 elementor-grid-mobile-1 elementor-posts--thumbnail-top elementor-posts--show-avatar elementor-card-shadow-yes elementor-posts__hover-gradient elementor-widget elementor-widget-posts\" data-id=\"08ab0bf\" data-element_type=\"widget\" data-e-type=\"widget\" data-settings=\"{&quot;posts_cards_pp_authors_columns&quot;:&quot;1&quot;,&quot;posts_cards_pp_authors_row_gap&quot;:{&quot;unit&quot;:&quot;px&quot;,&quot;size&quot;:27,&quot;sizes&quot;:[]},&quot;posts_cards_pp_authors_columns_tablet&quot;:&quot;1&quot;,&quot;posts_cards_pp_authors_columns_mobile&quot;:&quot;1&quot;,&quot;posts_cards_pp_authors_row_gap_laptop&quot;:{&quot;unit&quot;:&quot;px&quot;,&quot;size&quot;:&quot;&quot;,&quot;sizes&quot;:[]},&quot;posts_cards_pp_authors_row_gap_tablet_extra&quot;:{&quot;unit&quot;:&quot;px&quot;,&quot;size&quot;:&quot;&quot;,&quot;sizes&quot;:[]},&quot;posts_cards_pp_authors_row_gap_tablet&quot;:{&quot;unit&quot;:&quot;px&quot;,&quot;size&quot;:&quot;&quot;,&quot;sizes&quot;:[]},&quot;posts_cards_pp_authors_row_gap_mobile_extra&quot;:{&quot;unit&quot;:&quot;px&quot;,&quot;size&quot;:&quot;&quot;,&quot;sizes&quot;:[]},&quot;posts_cards_pp_authors_row_gap_mobile&quot;:{&quot;unit&quot;:&quot;px&quot;,&quot;size&quot;:&quot;&quot;,&quot;sizes&quot;:[]}}\" data-widget_type=\"posts.posts_cards_pp_authors\">\n\t\t\t\t<div class=\"elementor-widget-container\">\n\t\t\t\t\t\t\t<div class=\"elementor-posts-container elementor-posts elementor-posts--skin-posts_cards_pp_authors elementor-grid\" role=\"list\">\n\t\t\t\t<article class=\"elementor-post elementor-grid-item post-15271 post type-post status-publish format-standard has-post-thumbnail hentry category-revue author-global-africa\" role=\"listitem\">\n\t\t\t<div class=\"elementor-post__card\">\n\t\t\t\t<a class=\"elementor-post__thumbnail__link\" href=\"https:\/\/www.globalafricasciences.org\/fr\/numero-10-global-africa-savoirs-protecteurs-savoir-proteger\/\" tabindex=\"-1\" target=\"_blank\"><div class=\"elementor-post__thumbnail\"><img loading=\"lazy\" decoding=\"async\" width=\"1200\" height=\"1200\" src=\"https:\/\/www.globalafricasciences.org\/wp-content\/uploads\/2025\/06\/Issue-10-\u2013-Global-AfricaProtective-Knowledges-The-Wisdom-to-Protect-.webp\" class=\"attachment-full size-full wp-image-15268\" alt=\"\" \/><\/div><\/a>\n\t\t        <div class=\"elementor-post__avatar\">\n            <img alt='' src='https:\/\/www.globalafricasciences.org\/wp-content\/uploads\/2024\/11\/Global-Africa.jpg' srcset='https:\/\/www.globalafricasciences.org\/wp-content\/uploads\/2024\/11\/Global-Africa.jpg' class='multiple_authors_guest_author_avatar avatar' height='128' width='128'\/>        <\/div>\n        \t\t<div class=\"elementor-post__text\">\n\t\t\t\t<h4 class=\"elementor-post__title\">\n\t\t\t<a href=\"https:\/\/www.globalafricasciences.org\/fr\/numero-10-global-africa-savoirs-protecteurs-savoir-proteger\/\" target=&quot;_blank&quot;>\n\t\t\t\tNum\u00e9ro 10 \u2013 Global Africa\u00ab Savoirs protecteurs, savoir prot\u00e9ger \u00bb\t\t\t<\/a>\n\t\t<\/h4>\n\t\t\n\t\t<a class=\"elementor-post__read-more\" href=\"https:\/\/www.globalafricasciences.org\/fr\/numero-10-global-africa-savoirs-protecteurs-savoir-proteger\/\" aria-label=\"En savoir plus sur Num\u00e9ro 10 \u2013 Global Africa\u00ab Savoirs protecteurs, savoir prot\u00e9ger \u00bb\" tabindex=\"-1\" target=\"_blank\">\n\t\t\tRead More \u00bb\t\t<\/a>\n\n\t\t\t\t<\/div>\n\t\t\t\t<div class=\"elementor-post__meta-data\">\n\t\t\t        <span class=\"elementor-post-author\">\n\t\t\tGlobal Africa\t\t<\/span>\n        \t\t<\/div>\n\t\t\t\t\t<\/div>\n\t\t<\/article>\n\t\t\t\t<article class=\"elementor-post elementor-grid-item post-15509 post type-post status-publish format-standard has-post-thumbnail hentry category-analyses-critiques author-karine-collette-fr author-ibrahima-ba-fr\" role=\"listitem\">\n\t\t\t<div class=\"elementor-post__card\">\n\t\t\t\t<a class=\"elementor-post__thumbnail__link\" href=\"https:\/\/www.globalafricasciences.org\/fr\/terre-mere-trace-discursive-dune-emancipation-ecologique-au-nord-et-au-sud\/\" tabindex=\"-1\" target=\"_blank\"><div class=\"elementor-post__thumbnail\"><img loading=\"lazy\" decoding=\"async\" width=\"527\" height=\"752\" src=\"https:\/\/www.globalafricasciences.org\/wp-content\/uploads\/2025\/06\/Capture-decran-2025-06-27-a-19.19.41.png\" class=\"attachment-full size-full wp-image-14990\" alt=\"\" srcset=\"https:\/\/www.globalafricasciences.org\/wp-content\/uploads\/2025\/06\/Capture-decran-2025-06-27-a-19.19.41.png 527w, https:\/\/www.globalafricasciences.org\/wp-content\/uploads\/2025\/06\/Capture-decran-2025-06-27-a-19.19.41-210x300.png 210w\" sizes=\"(max-width: 527px) 100vw, 527px\" \/><\/div><\/a>\n\t\t        <div class=\"elementor-post__avatar\">\n            <img alt='' src='https:\/\/www.globalafricasciences.org\/wp-content\/uploads\/2024\/11\/Global-Africa.jpg' srcset='https:\/\/www.globalafricasciences.org\/wp-content\/uploads\/2024\/11\/Global-Africa.jpg' class='multiple_authors_guest_author_avatar avatar' height='128' width='128'\/><img alt='' src='https:\/\/www.globalafricasciences.org\/wp-content\/uploads\/2024\/11\/Global-Africa.jpg' srcset='https:\/\/www.globalafricasciences.org\/wp-content\/uploads\/2024\/11\/Global-Africa.jpg' class='multiple_authors_guest_author_avatar avatar' height='128' width='128'\/>        <\/div>\n        \t\t<div class=\"elementor-post__text\">\n\t\t\t\t<h4 class=\"elementor-post__title\">\n\t\t\t<a href=\"https:\/\/www.globalafricasciences.org\/fr\/terre-mere-trace-discursive-dune-emancipation-ecologique-au-nord-et-au-sud\/\" target=&quot;_blank&quot;>\n\t\t\t\tTerre-M\u00e8re : trace discursive d\u2019une \u00e9mancipation \u00e9cologique au Nord et au Sud ?\t\t\t<\/a>\n\t\t<\/h4>\n\t\t\n\t\t<a class=\"elementor-post__read-more\" href=\"https:\/\/www.globalafricasciences.org\/fr\/terre-mere-trace-discursive-dune-emancipation-ecologique-au-nord-et-au-sud\/\" aria-label=\"En savoir plus sur Terre-M\u00e8re : trace discursive d\u2019une \u00e9mancipation \u00e9cologique au Nord et au Sud ?\" tabindex=\"-1\" target=\"_blank\">\n\t\t\tRead More \u00bb\t\t<\/a>\n\n\t\t\t\t<\/div>\n\t\t\t\t<div class=\"elementor-post__meta-data\">\n\t\t\t        <span class=\"elementor-post-author\">\n\t\t\tKarine Collette, Ibrahima Ba\t\t<\/span>\n        \t\t<\/div>\n\t\t\t\t\t<\/div>\n\t\t<\/article>\n\t\t\t\t<article class=\"elementor-post elementor-grid-item post-15517 post type-post status-publish format-standard has-post-thumbnail hentry category-champ author-cheikh-sadibou-sakho-fr author-masengesho-kamuzinzi-fr\" role=\"listitem\">\n\t\t\t<div class=\"elementor-post__card\">\n\t\t\t\t<a class=\"elementor-post__thumbnail__link\" href=\"https:\/\/www.globalafricasciences.org\/fr\/we-heal-together-un-savoir-protecteur-par-excellence-qui-sinspire-de-lheritage-africain-ou-les-responsabilites-envers-soi-et-envers-autrui-sont-indissociables\/\" tabindex=\"-1\" target=\"_blank\"><div class=\"elementor-post__thumbnail\"><img loading=\"lazy\" decoding=\"async\" width=\"527\" height=\"752\" src=\"https:\/\/www.globalafricasciences.org\/wp-content\/uploads\/2025\/06\/Capture-decran-2025-06-27-a-19.18.04.webp\" class=\"attachment-full size-full wp-image-14982\" alt=\"\" \/><\/div><\/a>\n\t\t        <div class=\"elementor-post__avatar\">\n            <img alt='' src='https:\/\/www.globalafricasciences.org\/wp-content\/uploads\/2025\/04\/Cheikh-Sadibou-Sakho-.webp' srcset='https:\/\/www.globalafricasciences.org\/wp-content\/uploads\/2025\/04\/Cheikh-Sadibou-Sakho-.webp' class='multiple_authors_guest_author_avatar avatar' height='128' width='128'\/><img alt='' src='https:\/\/www.globalafricasciences.org\/wp-content\/uploads\/2024\/11\/Global-Africa.jpg' srcset='https:\/\/www.globalafricasciences.org\/wp-content\/uploads\/2024\/11\/Global-Africa.jpg' class='multiple_authors_guest_author_avatar avatar' height='128' width='128'\/>        <\/div>\n        \t\t<div class=\"elementor-post__text\">\n\t\t\t\t<h4 class=\"elementor-post__title\">\n\t\t\t<a href=\"https:\/\/www.globalafricasciences.org\/fr\/we-heal-together-un-savoir-protecteur-par-excellence-qui-sinspire-de-lheritage-africain-ou-les-responsabilites-envers-soi-et-envers-autrui-sont-indissociables\/\" target=&quot;_blank&quot;>\n\t\t\t\t\u00ab We Heal Together \u00bb, un savoir protecteur par excellence qui s\u2019inspire de l\u2019h\u00e9ritage africain, o\u00f9 les responsabilit\u00e9s envers soi et envers autrui sont indissociables\t\t\t<\/a>\n\t\t<\/h4>\n\t\t\n\t\t<a class=\"elementor-post__read-more\" href=\"https:\/\/www.globalafricasciences.org\/fr\/we-heal-together-un-savoir-protecteur-par-excellence-qui-sinspire-de-lheritage-africain-ou-les-responsabilites-envers-soi-et-envers-autrui-sont-indissociables\/\" aria-label=\"En savoir plus sur \u00ab We Heal Together \u00bb, un savoir protecteur par excellence qui s\u2019inspire de l\u2019h\u00e9ritage africain, o\u00f9 les responsabilit\u00e9s envers soi et envers autrui sont indissociables\" tabindex=\"-1\" target=\"_blank\">\n\t\t\tRead More \u00bb\t\t<\/a>\n\n\t\t\t\t<\/div>\n\t\t\t\t<div class=\"elementor-post__meta-data\">\n\t\t\t        <span class=\"elementor-post-author\">\n\t\t\tCheikh Sadibou Sakho, Masengesho Kamuzinzi\t\t<\/span>\n        \t\t<\/div>\n\t\t\t\t\t<\/div>\n\t\t<\/article>\n\t\t\t\t<article class=\"elementor-post elementor-grid-item post-15523 post type-post status-publish format-standard has-post-thumbnail hentry category-analyses-critiques author-cheikh-sadibou-sakho-fr author-ndeye-laity-ndiaye-fr\" role=\"listitem\">\n\t\t\t<div class=\"elementor-post__card\">\n\t\t\t\t<a class=\"elementor-post__thumbnail__link\" href=\"https:\/\/www.globalafricasciences.org\/fr\/it-takes-a-village-reinventer-la-mise-a-labri-des-survivantes-de-violences-sexuelles-au-senegalpistes-a-partir-de-lexperience-du-centre-kullimaaroo-de-ziguinchor\/\" tabindex=\"-1\" target=\"_blank\"><div class=\"elementor-post__thumbnail\"><img loading=\"lazy\" decoding=\"async\" width=\"527\" height=\"752\" src=\"https:\/\/www.globalafricasciences.org\/wp-content\/uploads\/2025\/06\/Capture-decran-2025-06-27-a-19.17.22.webp\" class=\"attachment-full size-full wp-image-14992\" alt=\"\" \/><\/div><\/a>\n\t\t        <div class=\"elementor-post__avatar\">\n            <img alt='' src='https:\/\/www.globalafricasciences.org\/wp-content\/uploads\/2025\/04\/Cheikh-Sadibou-Sakho-.webp' srcset='https:\/\/www.globalafricasciences.org\/wp-content\/uploads\/2025\/04\/Cheikh-Sadibou-Sakho-.webp' class='multiple_authors_guest_author_avatar avatar' height='128' width='128'\/><img alt='' src='https:\/\/www.globalafricasciences.org\/wp-content\/uploads\/2024\/11\/Global-Africa.jpg' srcset='https:\/\/www.globalafricasciences.org\/wp-content\/uploads\/2024\/11\/Global-Africa.jpg' class='multiple_authors_guest_author_avatar avatar' height='128' width='128'\/>        <\/div>\n        \t\t<div class=\"elementor-post__text\">\n\t\t\t\t<h4 class=\"elementor-post__title\">\n\t\t\t<a href=\"https:\/\/www.globalafricasciences.org\/fr\/it-takes-a-village-reinventer-la-mise-a-labri-des-survivantes-de-violences-sexuelles-au-senegalpistes-a-partir-de-lexperience-du-centre-kullimaaroo-de-ziguinchor\/\" target=&quot;_blank&quot;>\n\t\t\t\tIt Takes a Village! (R\u00e9)inventer la mise \u00e0 l\u2019abri des survivantes de violences sexuelles au S\u00e9n\u00e9gal<br>Pistes \u00e0 partir de l\u2019exp\u00e9rience du centre Kullimaaroo de Ziguinchor\t\t\t<\/a>\n\t\t<\/h4>\n\t\t\n\t\t<a class=\"elementor-post__read-more\" href=\"https:\/\/www.globalafricasciences.org\/fr\/it-takes-a-village-reinventer-la-mise-a-labri-des-survivantes-de-violences-sexuelles-au-senegalpistes-a-partir-de-lexperience-du-centre-kullimaaroo-de-ziguinchor\/\" aria-label=\"En savoir plus sur It Takes a Village! (R\u00e9)inventer la mise \u00e0 l\u2019abri des survivantes de violences sexuelles au S\u00e9n\u00e9gal&lt;br&gt;Pistes \u00e0 partir de l\u2019exp\u00e9rience du centre Kullimaaroo de Ziguinchor\" tabindex=\"-1\" target=\"_blank\">\n\t\t\tRead More \u00bb\t\t<\/a>\n\n\t\t\t\t<\/div>\n\t\t\t\t<div class=\"elementor-post__meta-data\">\n\t\t\t        <span class=\"elementor-post-author\">\n\t\t\tCheikh Sadibou Sakho, Nd\u00e8ye La\u00efty Ndiaye\t\t<\/span>\n        \t\t<\/div>\n\t\t\t\t\t<\/div>\n\t\t<\/article>\n\t\t\t\t<\/div>\n\t\t\n\t\t\t\t\t\t<\/div>\n\t\t\t\t<\/div>\n\t\t\t\t<\/div>\n\t\t\t\t<\/div>\n\t\t<div data-particle_enable=\"false\" data-particle-mobile-disabled=\"false\" class=\"elementor-element elementor-element-e590199 e-con-full e-flex wpr-particle-no wpr-jarallax-no wpr-parallax-no wpr-sticky-section-no e-con e-parent\" data-id=\"e590199\" data-element_type=\"container\" data-e-type=\"container\">\n\t\t\t\t<div class=\"elementor-element elementor-element-3dd1381 elementor-widget elementor-widget-eael-adv-tabs\" data-id=\"3dd1381\" data-element_type=\"widget\" data-e-type=\"widget\" data-widget_type=\"eael-adv-tabs.default\">\n\t\t\t\t<div class=\"elementor-widget-container\">\n\t\t\t\t\t        <div data-scroll-on-click=\"no\" data-scroll-speed=\"300\" id=\"eael-advance-tabs-3dd1381\" class=\"eael-advance-tabs eael-tabs-horizontal eael-tab-auto-active  responsive-vertical-layout\" data-tabid=\"3dd1381\">\n            <div class=\"eael-tabs-nav \">\n                <ul class=\"eael-tab-inline-icon\" role=\"tablist\">\n                                            <li id=\"pour-citer-larticle-\" class=\"active-default eael-tab-item-trigger eael-tab-nav-item\" aria-selected=\"true\" data-tab=\"1\" role=\"tab\" tabindex=\"0\" aria-controls=\"pour-citer-larticle--tab\" aria-expanded=\"false\">\n                            \n                                                                <i class=\"fas fa-quote-left\"><\/i>                                                            \n                                                            <span class=\"eael-tab-title title-after-icon\" >Pour citer l&rsquo;article :<\/span>                            \n                                                    <\/li>\n                                            <li id=\"notes\" class=\"inactive eael-tab-item-trigger eael-tab-nav-item\" aria-selected=\"false\" data-tab=\"2\" role=\"tab\" tabindex=\"-1\" aria-controls=\"notes-tab\" aria-expanded=\"false\">\n                            \n                                                                <i class=\"fas fa-notes-medical\"><\/i>                                                            \n                                                            <span class=\"eael-tab-title title-after-icon\" >Notes<\/span>                            \n                                                    <\/li>\n                                            <li id=\"bibliographie\" class=\"inactive eael-tab-item-trigger eael-tab-nav-item\" aria-selected=\"false\" data-tab=\"3\" role=\"tab\" tabindex=\"-1\" aria-controls=\"bibliographie-tab\" aria-expanded=\"false\">\n                            \n                                                                <i class=\"fas fa-book\"><\/i>                                                            \n                                                            <span class=\"eael-tab-title title-after-icon\" >Bibliographie<\/span>                            \n                                                    <\/li>\n                    \n                                  <\/ul>\n            <\/div>\n            \n            <div class=\"eael-tabs-content\">\n\t\t        \n                    <div id=\"pour-citer-larticle--tab\" class=\"clearfix eael-tab-content-item active-default\" data-title-link=\"pour-citer-larticle--tab\">\n\t\t\t\t        <h5><strong>APA<\/strong><\/h5>\n<p>Thiam, C., Frehiwot, M. (2023). La question du panafricanisme. Libert\u00e9 \u00e9pist\u00e9mique, production de savoirs et d\u00e9colonialit\u00e9. Global Africa, 3, pp. 44-58.   <a href=\"https:\/\/doi.org\/10.57832\/w47e-z857\">https:\/\/doi.org\/10.57832\/w47e-z857<\/a><\/p>\n<h5><strong>MLA<\/strong><\/h5>\n<p>Thiam Cheikh et al. \u00ab\u00a0La question du panafricanisme. Libert\u00e9 \u00e9pist\u00e9mique, production de savoirs et d\u00e9colonialit\u00e9\u00a0\u00bb. Global Africa, no. 3, 2023, p. 44-58. doi.org\/10.57832\/w47e-z857  <\/p>\n<h5>DOI<\/h5>\n<p><a href=\"https:\/\/doi.org\/10.57832\/w47e-z857\">https:\/\/doi.org\/10.57832\/w47e-z857<\/a><\/p>\n<p>\u00a9 2023 by author(s). This work is openly licensed via CC BY-NC 4.0 <\/p>\n                    <\/div>\n\t\t        \n                    <div id=\"notes-tab\" class=\"clearfix eael-tab-content-item inactive\" data-title-link=\"notes-tab\">\n\t\t\t\t        <ol>\n<li>[1] Dans Epistemologies From the Global South: Negritude, Modernity and the Idea of Africa, Cheikh Thiam montre que l&rsquo;art africain est philosophie non pas parce qu&rsquo;il exprime une certaine philosophie mais parce que les rythmes, les couleurs et les volumes qu&rsquo;il produit sont une articulation d&rsquo;un savoir fondamentalement philosophique. C&rsquo;est dans ce sens qu&rsquo;il faut comprendre la philosophie africaine, non pas comme un discours, mais comme une praxis qui est, autant que la th\u00e9orie, une articulation d&rsquo;un discours philosophique.  <\/li>\n<li>[2] Blyden utilise ce concept pour d\u00e9crire les attributs essentiels des Africains.<\/li>\n<\/ol>\n                    <\/div>\n\t\t        \n                    <div id=\"bibliographie-tab\" class=\"clearfix eael-tab-content-item inactive\" data-title-link=\"bibliographie-tab\">\n\t\t\t\t        <p><span style=\"font-weight: 400\">Anderson, S. D. (2021). \u201cNegritude is Dead\u201d: Performing the African Revolution at the First Pan-African Cultural Festival (Algiers, 1969). In D. Murphy (Eds.), The First World Festival of Negro Arts, Dakar 1966. Liverpool University Press.    <\/span><\/p>\n<p><span style=\"font-weight: 400\">Blyden, E. W. (1993). Christianity, Islam and the Negro race. Black Classic Press.   <\/span><\/p>\n<p><span style=\"font-weight: 400\">Campbell, H. (1991). The Impact of Walter Rodney and Progressive Scholars on the Dar Es Salaam School. Social and Economic Studies, 40(2), 99-135.   <\/span><\/p>\n<p><span style=\"font-weight: 400\">Cesaire, A. (1983). Cahier d\u2019un retour au pays natal. Bordas. Desmangles, L. G. (1992). The Faces of the Gods. The University of North Carolina Press.      <\/span><\/p>\n<p><span style=\"font-weight: 400\">Diop, C.-A. (1967). Ant\u00e9riorit\u00e9 des civilisations n\u00e8gres : mythe ou v\u00e9rit\u00e9 historique ? Pr\u00e9sence africaine, coll. Pr\u00e9histoireantiquit\u00e9 n\u00e9gro-africaine, seconde \u00e9dition (c. 1993). <\/span><\/p>\n<p><span style=\"font-weight: 400\">Diop, C.-A. (1981). Civilisation ou barbarie : anthropologie sans complaisance. Pr\u00e9sence africaine. <\/span><\/p>\n<p><span style=\"font-weight: 400\">Dubois, L. and Garrigus, J. D. (2006). Slave Revolution in the Caribbean, 1789-1804: A Brief History with Documents.  Palgrave Macmillan. <\/span><\/p>\n<p><span style=\"font-weight: 400\">Du Bois, W.E.B. (2008). The souls of black folk.  Oxford University Press. <\/span><\/p>\n<p><span style=\"font-weight: 400\">Fanon, F. (1963). The Wretched of the Earth. (C. Farrington, trans.). Grove Press.    <\/span><\/p>\n<p><span style=\"font-weight: 400\">James, C. L. R. (2012). History of Pan-African Revolt. PM Press.   <\/span><\/p>\n<p><span style=\"font-weight: 400\">Jaji, T., Munro, M., &amp; Murphy, D. (2019). Introduction: The Performance of Pan-Africanism. Research in African Literatures 50(2), vii-xi.   https:\/\/doi.org\/10.2979\/reseafrilite.50.2.01.<br \/>\n <\/span><\/p>\n<p><span style=\"font-weight: 400\">Lynch, Hollis R. (1971). Black Spokesman: Selected Published Writings of Edward Wilmot Blyden. Frank Cass.. <\/span><\/p>\n<p><span style=\"font-weight: 400\">Michel, C., Bellegarde-Smith, P., Brown, K. M. (2006). Vodou in Haitian life and culture: Invisible powers.  Palgrave Macmillan. <\/span><\/p>\n<p><span style=\"font-weight: 400\">Mignolo, W. D. (2007). Delinking: The rhetoric of modernity, the logic of coloniality and the grammar of decoloniality. Cultural Studies, 21(2-3), pp. 449-514.   https:\/\/doi.org\/10.1080\/09502380601162647<br \/>\n <\/span><\/p>\n<p><span style=\"font-weight: 400\">Murphy, D. (2021). The First World Festival of Negro Arts, Dakar 1966. Liverpool University Press.   <\/span><\/p>\n<p><span style=\"font-weight: 400\">Plys, K. (2023). Theories of capitalism and coloniality in world systems analysis, the Dar es Salaam School of history and the New Indian Labour History. Environment and Planning A: Economy and Space.   https:\/\/doi.org\/10.1177\/0308518X231187389<br \/>\n <\/span><\/p>\n<p><span style=\"font-weight: 400\">Thiam, C. (2023). Epistemologies from the Global South: Negritude, Modernity, and the Idea of Africa. University of Kwa-Zulu Natal Press.  <\/span><\/p>\n                    <\/div>\n\t\t                    <\/div>\n        <\/div>\n\t\t\t\t<\/div>\n\t\t\t\t<\/div>\n\t\t\t\t<\/div>\n\t\t<div data-particle_enable=\"false\" data-particle-mobile-disabled=\"false\" class=\"elementor-element elementor-element-5aff930 e-flex e-con-boxed wpr-particle-no wpr-jarallax-no wpr-parallax-no wpr-sticky-section-no e-con e-parent\" data-id=\"5aff930\" data-element_type=\"container\" data-e-type=\"container\">\n\t\t\t\t\t<div class=\"e-con-inner\">\n\t\t\t\t<div class=\"elementor-element elementor-element-fc34b86 elementor-widget elementor-widget-off-canvas\" data-id=\"fc34b86\" data-element_type=\"widget\" data-e-type=\"widget\" data-widget_type=\"off-canvas.default\">\n\t\t\t\t<div class=\"elementor-widget-container\">\n\t\t\t\t\t\t\t<div id=\"off-canvas-fc34b86\" class=\"e-off-canvas\" role=\"dialog\" aria-hidden=\"true\" aria-label=\"Off-Canvas\" aria-modal=\"true\" inert=\"\" data-delay-child-handlers=\"true\">\n\t\t\t<div class=\"e-off-canvas__overlay\"><\/div>\n\t\t\t<div class=\"e-off-canvas__main\">\n\t\t\t\t<div class=\"e-off-canvas__content\">\n\t\t\t\t\t<div data-particle_enable=\"false\" data-particle-mobile-disabled=\"false\" class=\"elementor-element elementor-element-6c44bf9 e-con-full e-flex wpr-particle-no wpr-jarallax-no wpr-parallax-no wpr-sticky-section-no e-con e-child\" data-id=\"6c44bf9\" data-element_type=\"container\" data-e-type=\"container\">\n\t\t\t\t<div class=\"elementor-element elementor-element-7016ebd elementor-toc--minimized-on-tablet elementor-widget elementor-widget-table-of-contents\" data-id=\"7016ebd\" data-element_type=\"widget\" data-e-type=\"widget\" data-settings=\"{&quot;headings_by_tags&quot;:[&quot;h2&quot;,&quot;h3&quot;],&quot;exclude_headings_by_selector&quot;:&quot;.ignoretoc&quot;,&quot;no_headings_message&quot;:&quot;No headings were found on this page.&quot;,&quot;marker_view&quot;:&quot;numbers&quot;,&quot;minimize_box&quot;:&quot;yes&quot;,&quot;minimized_on&quot;:&quot;tablet&quot;,&quot;hierarchical_view&quot;:&quot;yes&quot;,&quot;min_height&quot;:{&quot;unit&quot;:&quot;px&quot;,&quot;size&quot;:&quot;&quot;,&quot;sizes&quot;:[]},&quot;min_height_laptop&quot;:{&quot;unit&quot;:&quot;px&quot;,&quot;size&quot;:&quot;&quot;,&quot;sizes&quot;:[]},&quot;min_height_tablet_extra&quot;:{&quot;unit&quot;:&quot;px&quot;,&quot;size&quot;:&quot;&quot;,&quot;sizes&quot;:[]},&quot;min_height_tablet&quot;:{&quot;unit&quot;:&quot;px&quot;,&quot;size&quot;:&quot;&quot;,&quot;sizes&quot;:[]},&quot;min_height_mobile_extra&quot;:{&quot;unit&quot;:&quot;px&quot;,&quot;size&quot;:&quot;&quot;,&quot;sizes&quot;:[]},&quot;min_height_mobile&quot;:{&quot;unit&quot;:&quot;px&quot;,&quot;size&quot;:&quot;&quot;,&quot;sizes&quot;:[]}}\" data-widget_type=\"table-of-contents.default\">\n\t\t\t\t<div class=\"elementor-widget-container\">\n\t\t\t\t\t\t\t\t\t<div class=\"elementor-toc__header\">\n\t\t\t\t\t\t<h4 class=\"elementor-toc__header-title\">\n\t\t\t\tTable des mati\u00e8res\t\t\t<\/h4>\n\t\t\t\t\t\t\t\t\t\t<div class=\"elementor-toc__toggle-button elementor-toc__toggle-button--expand\" role=\"button\" tabindex=\"0\" aria-controls=\"elementor-toc__7016ebd\" aria-expanded=\"true\" aria-label=\"Ouvrir la table des mati\u00e8res\"><i aria-hidden=\"true\" class=\"fas fa-chevron-down\"><\/i><\/div>\n\t\t\t\t<div class=\"elementor-toc__toggle-button elementor-toc__toggle-button--collapse\" role=\"button\" tabindex=\"0\" aria-controls=\"elementor-toc__7016ebd\" aria-expanded=\"true\" aria-label=\"Fermer la table des mati\u00e8res\"><i aria-hidden=\"true\" class=\"fas fa-chevron-up\"><\/i><\/div>\n\t\t\t\t\t<\/div>\n\t\t\t\t<div id=\"elementor-toc__7016ebd\" class=\"elementor-toc__body\">\n\t\t\t<div class=\"elementor-toc__spinner-container\">\n\t\t\t\t<i class=\"elementor-toc__spinner eicon-animation-spin eicon-loading\" aria-hidden=\"true\"><\/i>\t\t\t<\/div>\n\t\t<\/div>\n\t\t\t\t\t\t<\/div>\n\t\t\t\t<\/div>\n\t\t\t\t<div class=\"elementor-element elementor-element-d6c3fb2 elementor-post-navigation-borders-yes elementor-widget elementor-widget-post-navigation\" data-id=\"d6c3fb2\" data-element_type=\"widget\" data-e-type=\"widget\" data-widget_type=\"post-navigation.default\">\n\t\t\t\t<div class=\"elementor-widget-container\">\n\t\t\t\t\t\t\t<div class=\"elementor-post-navigation\" role=\"navigation\" aria-label=\"Navigation de publication\">\n\t\t\t<div class=\"elementor-post-navigation__prev elementor-post-navigation__link\">\n\t\t\t\t\t\t\t<\/div>\n\t\t\t\t\t\t\t<div class=\"elementor-post-navigation__separator-wrapper\">\n\t\t\t\t\t<div class=\"elementor-post-navigation__separator\"><\/div>\n\t\t\t\t<\/div>\n\t\t\t\t\t\t<div class=\"elementor-post-navigation__next elementor-post-navigation__link\">\n\t\t\t\t\t\t\t<\/div>\n\t\t<\/div>\n\t\t\t\t\t\t<\/div>\n\t\t\t\t<\/div>\n\t\t\t\t<\/div>\n\t\t\t\t\t\t<\/div>\n\t\t\t<\/div>\n\t\t<\/div>\n\t\t\t\t\t\t<\/div>\n\t\t\t\t<\/div>\n\t\t\t\t<div class=\"elementor-element elementor-element-f37442b elementor-fixed e-transform elementor-widget elementor-widget-eael-creative-button\" data-id=\"f37442b\" data-element_type=\"widget\" data-e-type=\"widget\" data-settings=\"{&quot;_position&quot;:&quot;fixed&quot;,&quot;_transform_rotateZ_effect&quot;:{&quot;unit&quot;:&quot;px&quot;,&quot;size&quot;:90,&quot;sizes&quot;:[]},&quot;_transform_rotateZ_effect_laptop&quot;:{&quot;unit&quot;:&quot;deg&quot;,&quot;size&quot;:&quot;&quot;,&quot;sizes&quot;:[]},&quot;_transform_rotateZ_effect_tablet_extra&quot;:{&quot;unit&quot;:&quot;deg&quot;,&quot;size&quot;:&quot;&quot;,&quot;sizes&quot;:[]},&quot;_transform_rotateZ_effect_tablet&quot;:{&quot;unit&quot;:&quot;deg&quot;,&quot;size&quot;:&quot;&quot;,&quot;sizes&quot;:[]},&quot;_transform_rotateZ_effect_mobile_extra&quot;:{&quot;unit&quot;:&quot;deg&quot;,&quot;size&quot;:&quot;&quot;,&quot;sizes&quot;:[]},&quot;_transform_rotateZ_effect_mobile&quot;:{&quot;unit&quot;:&quot;deg&quot;,&quot;size&quot;:&quot;&quot;,&quot;sizes&quot;:[]}}\" data-widget_type=\"eael-creative-button.default\">\n\t\t\t\t<div class=\"elementor-widget-container\">\n\t\t\t\t\t        <div class=\"eael-creative-button-wrapper\">\n\n            <a class=\"eael-creative-button eael-creative-button--default eael-cb-icon-position-\" href=\"#elementor-action%3Aaction%3Doff_canvas%3Aopen%26settings%3DeyJpZCI6ImZjMzRiODYiLCJkaXNwbGF5TW9kZSI6Im9wZW4ifQ%3D%3D\" data-text=\"Allez-y !\">\n            \t    \n                <div class=\"creative-button-inner\">\n\n                    \n                    <span class=\"cretive-button-text\">Table des mati\u00e8res<\/span>\n\n                                    <\/div>\n\t                        <\/a>\n        <\/div>\n        \t\t\t\t<\/div>\n\t\t\t\t<\/div>\n\t\t\t\t\t<\/div>\n\t\t\t\t<\/div>\n\t\t\t\t<\/div>\n\t\t","protected":false},"excerpt":{"rendered":"<p>Num\u00e9ro 03 &#8211; Introduction This post is also available in: English Fran\u00e7ais (French) T\u00c9L\u00c9CHARGER EN PDF 03.2023Panafricanisme, recherche africaine et enjeux globaux Publi\u00e9 le : 20 septembre 2023ISSN: 3020-0458 T\u00c9L\u00c9CHARGER LE NUM\u00c9RO PDF Abstract R\u00e9sum\u00e9 Muhtasari \u0645\u0644\u062e\u0635 \/\/\/ \/\/\/ \/\/\/ \/\/\/ Introduction Le panafricanisme est souvent pre\u0301sente\u0301 comme unmouvementdesxxe etxxie sie\u0300clesquiade\u0301bute\u0301 avec les confe\u0301rences panafricaines organise\u0301es par Henry Sylvester Williams, et qui s\u2019est de\u0301veloppe\u0301 en des entite\u0301s politiques contemporaines telles que l\u2019Union africaine (UA). Ses principaux objectifs sont : la libe\u0301ration du continent africain, la cre\u0301ation d\u2019une structure politique panafricaine et la conceptualisation de l\u2019unite\u0301 culturelle des communaute\u0301s d\u2019origine africaine du monde. Nous postulons que les manifestations du panafricanisme au xxe sie\u0300cle sont la the\u0301orisation et la syste\u0301matisation d\u2019expressions ante\u0301rieures de l\u2019esprit du panafricanisme qui se sont produites depuis le xviie sie\u0300cle, avant que le terme ne soit invente\u0301. Une lecture attentive de son histoire montre qu\u2019il est enracine\u0301 dans une e\u0301piste\u0301mologie qui remet en question les fondements de l\u2019euro-modernite\u0301 et participe a\u0300 une de\u0301finition plus complexe du concept d\u2019\u00ab Afrique \u00bb. Cette perspective nous permet de revisiter la pertinence e\u0301piste\u0301mique du panafricanisme a\u0300 une e\u0301poque ou\u0300 la prise de conscience de la pre\u0301gnance de la colonialite\u0301 a conduit a\u0300 un appel pressant pour la de\u0301colonisation. Les spe\u0301cialistes des questions de\u0301coloniales ont re\u0301cemment formalise\u0301 une re\u0301alite\u0301 qui est apparue clairement aux africanistes au cours des deux cents dernie\u0300res anne\u0301es : l\u2019imagination d\u2019un \u00ab Occident \u00bb e\u0301claire\u0301 et son corollaire, la de\u0301shumanisation du \u00ab Reste \u00bb obscur, ne sont pas deux projets distincts. Le second est ne\u0301cessaire pour l\u2019existence du premier. Franz Fanon exprime ce point en ces termes dans Les Damne\u0301s de la Terre : Le monde colonial est un monde manich\u00e9iste. Il ne suffit pas au colon de limiter physiquement, c\u2019est-\u00e0-dire \u00e0 l\u2019aide de sa police et de sa gendarmerie, l\u2019espace du colonis\u00e9. Comme pour illustrer le caract\u00e8re totalitaire de l\u2019exploitation coloniale, le colon fait du colonis\u00e9 une sorte de quintessence du mal. La soci\u00e9t\u00e9 colonis\u00e9e n\u2019est pas seulement d\u00e9crite comme une soci\u00e9t\u00e9 sans valeurs. Il ne suffit pas au colon d\u2019affirmer que les valeurs ont d\u00e9sert\u00e9, ou mieux n\u2019ont jamais habit\u00e9, le monde colonis\u00e9. L\u2019indig\u00e8ne est d\u00e9clar\u00e9 imperm\u00e9able \u00e0 l\u2019\u00e9thique, il repr\u00e9sente non seulement l\u2019absence de valeurs, mais aussi la n\u00e9gation des valeurs. Il est, osons l\u2019avouer, l\u2019ennemi des valeurs. En ce sens, il est le mal absolu. \u00c9l\u00e9ment corrosif, d\u00e9truisant tout ce qui l\u2019approche, \u00e9l\u00e9ment d\u00e9formant, d\u00e9figurant tout ce qui a trait \u00e0 l\u2019esth\u00e9tique ou \u00e0 la morale, d\u00e9positaire de forces mal\u00e9fiques, instrument inconscient et irr\u00e9cup\u00e9rable de forces aveugles. (1963, p. 43). Cette machine manich\u00e9enne est expliqu\u00e9e et l\u00e9gitim\u00e9e, comme l\u2019affirme Walter Mignolo, par : La rh\u00e9torique tordue qui naturalise la \u00ab\u00a0modernit\u00e9\u00a0\u00bb en tant que processus mondial universel et point d\u2019arriv\u00e9e [et qui] cache son c\u00f4t\u00e9 obscur, la reproduction constante de la \u00ab\u00a0colonialit\u00e9\u00a0\u00bb. Afin de d\u00e9couvrir la logique perverse que Fanon a soulign\u00e9e et qui sous-tend le dilemme philosophique de la modernit\u00e9\/colonialit\u00e9 et la structure politique et \u00e9conomique de l\u2019imp\u00e9rialisme\/colonialisme, nous devons examiner comment d\u00e9coloniser l\u2019\u00a0\u00bbesprit\u00a0\u00bb (Thiong\u2019o) et l\u2019\u00a0\u00bbimaginaire\u00a0\u00bb (Gruzinski), c\u2019est-\u00e0-dire la connaissance et l\u2019\u00eatre. (2007, p. 450) En d\u2019autres termes, la d\u00e9shumanisation d\u2019une cat\u00e9gorie nouvellement invent\u00e9e : le non-Blanc, et l\u2019Africain en particulier, est la condition m\u00eame de l\u2019existence de la modernit\u00e9 et de la colonialit\u00e9. En ce sens, l\u2019id\u00e9e d\u2019\u00ab Afrique \u00bb, comprise par la tradition euro-moderne comme l\u2019autre de l\u2019\u00ab Occident \u00bb, est pr\u00e9cis\u00e9ment li\u00e9e \u00e0 ce qu\u2019elle n\u2019est pas : une certaine repr\u00e9sentation de l\u2019Occident qui n\u2019est possible qu\u2019avec l\u2019\u00e9pist\u00e9micide, c\u2019est-\u00e0-dire l\u2019an\u00e9antissement des savoirs et des syst\u00e8mes de connaissance afrocentr\u00e9s. Ce n\u2019est donc pas une co\u00efncidence si l\u2019\u00e9poque moderne est aussi celle de la rencontre coloniale avec l\u2019Afrique et de l\u2019institutionnalisation de l\u2019esclavage. Ce dernier est la condition de r\u00e9alisation du premier. Malgr\u00e9 l\u2019omnipr\u00e9sence du sch\u00e9ma moderne, nombreux sont ceux qui ont r\u00e9sist\u00e9 \u00e0 l\u2019assaut de la violence contre leur droit \u00e0 l\u2019existence. Nous soutenons dans cette perspective que depuis sa cr\u00e9ation, le panafricanisme, en tant que mouvement politique et culturel orient\u00e9 vers la lib\u00e9ration des peuples d\u2019ascendance africaine, a compris la n\u00e9cessit\u00e9 de fonder son projet politique sur des \u00e9pist\u00e9mologies qui \u00e9chappent au manich\u00e9isme de l\u2019euro-modernit\u00e9. Ainsi, le premier geste de lib\u00e9ration des personnes d&rsquo;ascendance africaine est li\u00e9 \u00e0 la production de connaissances. En tant que mouvement de lib\u00e9ration, le panafricanisme doit donc \u00eatre lu avant tout comme une position \u00e9pist\u00e9mique, une m\u00e9thode et un contrediscours de la modernit\u00e9. Ce contre-discours ne doit cependant pas \u00eatre compris comme une r\u00e9action qui continue \u00e0 se focaliser sur l\u2019\u00ab Occident \u00bb, comme l\u2019histoire des \u00e9tudes africaines l\u2019a souvent fait. Il s\u2019agit plut\u00f4t d\u2019une \u00e9pist\u00e9mologie fond\u00e9e sur une id\u00e9e particuli\u00e8re de l\u2019\u00ab Afrique \u00bb qui a chang\u00e9 au cours de l\u2019histoire. Cette introduction est un moyen de pr\u00e9senter le contexte historique permettant de revisiter la pertinence \u00e9pist\u00e9mique du panafricanisme, \u00e0 un moment o\u00f9 la prise de conscience croissante de l\u2019omnipr\u00e9sence de la colonialit\u00e9 a conduit \u00e0 un appel pressant en faveur de la d\u00e9colonisation. S\u2019il est l\u00e9gitime de se demander s\u2019il reste vraiment quelque chose que les chercheurs pourraient ajouter \u00e0 deux si\u00e8cles de discours panafricanistes sur la signification, la pertinence, les perspectives et les d\u00e9fis du mouvement, un num\u00e9ro sp\u00e9cial sur le panafricanisme est particuli\u00e8rement opportun car il peut nous permettre de repenser la pr\u00e9sence de l\u2019Afrique dans les modes contemporains de production de la connaissance. Nous insisterons particuli\u00e8rement sur la fa\u00e7on dont le panafricanisme est \u00e0 la fois un mod\u00e8le \u00e9pist\u00e9mique et une position politique qui a commenc\u00e9 comme une praxis au xviie si\u00e8cle, s\u2019est d\u00e9velopp\u00e9 en une philopraxis1 r\u00e9volutionnaire \u00e0 la fin du xviiie si\u00e8cle, une th\u00e9orie de la \u00ab personnalit\u00e9 africaine \u00bb2 au xixe si\u00e8cle, et un mouvement \u00e0 part enti\u00e8re aux xxe et xxie si\u00e8cles. Dans tous ces cas, le panafricanisme est rest\u00e9 un projet \u00e9pist\u00e9mique mat\u00e9rialis\u00e9 par la cr\u00e9ation d\u2019\u00e9tablissements d\u2019enseignement sup\u00e9rieur et de revues intellectuelles aux xxe et xxie si\u00e8cles. Il est donc logique que Global Africa, institution panafricaine, propose un num\u00e9ro sp\u00e9cial sur la pertinence contemporaine du panafricanisme, avec un accent particulier sur la recherche dans<\/p>\n","protected":false},"author":27,"featured_media":6547,"comment_status":"closed","ping_status":"closed","sticky":false,"template":"elementor_header_footer","format":"standard","meta":{"footnotes":""},"categories":[209],"tags":[],"issues3":[],"post_folder":[],"ppma_author":[540,542],"class_list":["post-10093","post","type-post","status-publish","format-standard","has-post-thumbnail","hentry","category-introduction-fr","author-cheikh-thiam-fr","author-mjiba-frehiwot-fr"],"yoast_head":"<!-- This site is optimized with the Yoast SEO plugin v27.5 - https:\/\/yoast.com\/product\/yoast-seo-wordpress\/ -->\n<title>La question du panafricanisme Libert\u00e9 \u00e9pist\u00e9mique, production de savoirs et d\u00e9colonialit\u00e9 | Global Africa<\/title>\n<meta name=\"description\" content=\"La question du panafricanisme Libert\u00e9 \u00e9pist\u00e9mique, production de savoirs et d\u00e9colonialit\u00e9 - un examen approfondi de la fa\u00e7on dont le panafricanisme est devenu une r\u00e9alit\u00e9.\" \/>\n<meta name=\"robots\" content=\"index, follow, max-snippet:-1, max-image-preview:large, max-video-preview:-1\" \/>\n<link rel=\"canonical\" href=\"https:\/\/www.globalafricasciences.org\/fr\/la-question-du-panafricanisme-liberte-epistemique-production-de-savoirs-et-decolonialite\/\" \/>\n<meta property=\"og:locale\" content=\"fr_FR\" \/>\n<meta property=\"og:type\" content=\"article\" \/>\n<meta property=\"og:title\" content=\"La question du panafricanisme Libert\u00e9 \u00e9pist\u00e9mique, production de savoirs et d\u00e9colonialit\u00e9 | Global Africa\" \/>\n<meta property=\"og:description\" content=\"La question du panafricanisme Libert\u00e9 \u00e9pist\u00e9mique, production de savoirs et d\u00e9colonialit\u00e9 - un examen approfondi de la fa\u00e7on dont le panafricanisme est devenu une r\u00e9alit\u00e9.\" \/>\n<meta property=\"og:url\" content=\"https:\/\/www.globalafricasciences.org\/fr\/la-question-du-panafricanisme-liberte-epistemique-production-de-savoirs-et-decolonialite\/\" \/>\n<meta property=\"og:site_name\" content=\"Global Africa\" \/>\n<meta property=\"article:publisher\" content=\"https:\/\/www.facebook.com\/globalafricasciences\" \/>\n<meta property=\"article:published_time\" content=\"2024-12-01T14:03:37+00:00\" \/>\n<meta property=\"article:modified_time\" content=\"2025-09-25T13:03:58+00:00\" \/>\n<meta property=\"og:image\" content=\"https:\/\/www.globalafricasciences.org\/wp-content\/uploads\/2024\/12\/fil_iconographique_issue32.webp\" \/>\n\t<meta property=\"og:image:width\" content=\"530\" \/>\n\t<meta property=\"og:image:height\" content=\"756\" \/>\n\t<meta property=\"og:image:type\" content=\"image\/png\" \/>\n<meta name=\"author\" content=\"Cheikh Sadibou Sakho, Nd\u00e8ye La\u00efty Ndiaye\" \/>\n<meta name=\"twitter:card\" content=\"summary_large_image\" \/>\n<meta name=\"twitter:label1\" content=\"\u00c9crit par\" \/>\n\t<meta name=\"twitter:data1\" content=\"Cheikh Thiam\" \/>\n\t<meta name=\"twitter:label2\" content=\"Dur\u00e9e de lecture estim\u00e9e\" \/>\n\t<meta name=\"twitter:data2\" content=\"44 minutes\" \/>\n<script type=\"application\/ld+json\" class=\"yoast-schema-graph\">{\"@context\":\"https:\\\/\\\/schema.org\",\"@graph\":[{\"@type\":\"Article\",\"@id\":\"https:\\\/\\\/www.globalafricasciences.org\\\/fr\\\/la-question-du-panafricanisme-liberte-epistemique-production-de-savoirs-et-decolonialite\\\/#article\",\"isPartOf\":{\"@id\":\"https:\\\/\\\/www.globalafricasciences.org\\\/fr\\\/la-question-du-panafricanisme-liberte-epistemique-production-de-savoirs-et-decolonialite\\\/\"},\"author\":{\"name\":\"Cheikh Thiam\",\"@id\":\"https:\\\/\\\/www.globalafricasciences.org\\\/fr\\\/#\\\/schema\\\/person\\\/888c05d065d61bfa9005a6f9ae827358\"},\"headline\":\"La question du panafricanisme Libert\u00e9 \u00e9pist\u00e9mique, production de savoirs et d\u00e9colonialit\u00e9\",\"datePublished\":\"2024-12-01T14:03:37+00:00\",\"dateModified\":\"2025-09-25T13:03:58+00:00\",\"mainEntityOfPage\":{\"@id\":\"https:\\\/\\\/www.globalafricasciences.org\\\/fr\\\/la-question-du-panafricanisme-liberte-epistemique-production-de-savoirs-et-decolonialite\\\/\"},\"wordCount\":8882,\"publisher\":{\"@id\":\"https:\\\/\\\/www.globalafricasciences.org\\\/fr\\\/#organization\"},\"image\":{\"@id\":\"https:\\\/\\\/www.globalafricasciences.org\\\/fr\\\/la-question-du-panafricanisme-liberte-epistemique-production-de-savoirs-et-decolonialite\\\/#primaryimage\"},\"thumbnailUrl\":\"https:\\\/\\\/www.globalafricasciences.org\\\/wp-content\\\/uploads\\\/2024\\\/12\\\/fil_iconographique_issue32.webp\",\"articleSection\":[\"Introduction\"],\"inLanguage\":\"fr-FR\"},{\"@type\":\"WebPage\",\"@id\":\"https:\\\/\\\/www.globalafricasciences.org\\\/fr\\\/la-question-du-panafricanisme-liberte-epistemique-production-de-savoirs-et-decolonialite\\\/\",\"url\":\"https:\\\/\\\/www.globalafricasciences.org\\\/fr\\\/la-question-du-panafricanisme-liberte-epistemique-production-de-savoirs-et-decolonialite\\\/\",\"name\":\"La question du panafricanisme Libert\u00e9 \u00e9pist\u00e9mique, production de savoirs et d\u00e9colonialit\u00e9 | Global Africa\",\"isPartOf\":{\"@id\":\"https:\\\/\\\/www.globalafricasciences.org\\\/fr\\\/#website\"},\"primaryImageOfPage\":{\"@id\":\"https:\\\/\\\/www.globalafricasciences.org\\\/fr\\\/la-question-du-panafricanisme-liberte-epistemique-production-de-savoirs-et-decolonialite\\\/#primaryimage\"},\"image\":{\"@id\":\"https:\\\/\\\/www.globalafricasciences.org\\\/fr\\\/la-question-du-panafricanisme-liberte-epistemique-production-de-savoirs-et-decolonialite\\\/#primaryimage\"},\"thumbnailUrl\":\"https:\\\/\\\/www.globalafricasciences.org\\\/wp-content\\\/uploads\\\/2024\\\/12\\\/fil_iconographique_issue32.webp\",\"datePublished\":\"2024-12-01T14:03:37+00:00\",\"dateModified\":\"2025-09-25T13:03:58+00:00\",\"description\":\"La question du panafricanisme Libert\u00e9 \u00e9pist\u00e9mique, production de savoirs et d\u00e9colonialit\u00e9 - un examen approfondi de la fa\u00e7on dont le panafricanisme est devenu une r\u00e9alit\u00e9.\",\"breadcrumb\":{\"@id\":\"https:\\\/\\\/www.globalafricasciences.org\\\/fr\\\/la-question-du-panafricanisme-liberte-epistemique-production-de-savoirs-et-decolonialite\\\/#breadcrumb\"},\"inLanguage\":\"fr-FR\",\"potentialAction\":[{\"@type\":\"ReadAction\",\"target\":[\"https:\\\/\\\/www.globalafricasciences.org\\\/fr\\\/la-question-du-panafricanisme-liberte-epistemique-production-de-savoirs-et-decolonialite\\\/\"]}]},{\"@type\":\"ImageObject\",\"inLanguage\":\"fr-FR\",\"@id\":\"https:\\\/\\\/www.globalafricasciences.org\\\/fr\\\/la-question-du-panafricanisme-liberte-epistemique-production-de-savoirs-et-decolonialite\\\/#primaryimage\",\"url\":\"https:\\\/\\\/www.globalafricasciences.org\\\/wp-content\\\/uploads\\\/2024\\\/12\\\/fil_iconographique_issue32.webp\",\"contentUrl\":\"https:\\\/\\\/www.globalafricasciences.org\\\/wp-content\\\/uploads\\\/2024\\\/12\\\/fil_iconographique_issue32.webp\",\"width\":530,\"height\":756},{\"@type\":\"BreadcrumbList\",\"@id\":\"https:\\\/\\\/www.globalafricasciences.org\\\/fr\\\/la-question-du-panafricanisme-liberte-epistemique-production-de-savoirs-et-decolonialite\\\/#breadcrumb\",\"itemListElement\":[{\"@type\":\"ListItem\",\"position\":1,\"name\":\"Home\",\"item\":\"https:\\\/\\\/www.globalafricasciences.org\\\/fr\\\/accueil\\\/\"},{\"@type\":\"ListItem\",\"position\":2,\"name\":\"La question du panafricanisme Libert\u00e9 \u00e9pist\u00e9mique, production de savoirs et d\u00e9colonialit\u00e9\"}]},{\"@type\":\"WebSite\",\"@id\":\"https:\\\/\\\/www.globalafricasciences.org\\\/fr\\\/#website\",\"url\":\"https:\\\/\\\/www.globalafricasciences.org\\\/fr\\\/\",\"name\":\"Global Africa\",\"description\":\"Pan-African Scientific Journal\",\"publisher\":{\"@id\":\"https:\\\/\\\/www.globalafricasciences.org\\\/fr\\\/#organization\"},\"potentialAction\":[{\"@type\":\"SearchAction\",\"target\":{\"@type\":\"EntryPoint\",\"urlTemplate\":\"https:\\\/\\\/www.globalafricasciences.org\\\/fr\\\/?s={search_term_string}\"},\"query-input\":{\"@type\":\"PropertyValueSpecification\",\"valueRequired\":true,\"valueName\":\"search_term_string\"}}],\"inLanguage\":\"fr-FR\"},{\"@type\":\"Organization\",\"@id\":\"https:\\\/\\\/www.globalafricasciences.org\\\/fr\\\/#organization\",\"name\":\"Global Africa\",\"url\":\"https:\\\/\\\/www.globalafricasciences.org\\\/fr\\\/\",\"logo\":{\"@type\":\"ImageObject\",\"inLanguage\":\"fr-FR\",\"@id\":\"https:\\\/\\\/www.globalafricasciences.org\\\/fr\\\/#\\\/schema\\\/logo\\\/image\\\/\",\"url\":\"https:\\\/\\\/www.globalafricasciences.org\\\/wp-content\\\/uploads\\\/2024\\\/12\\\/Globalafrica.png\",\"contentUrl\":\"https:\\\/\\\/www.globalafricasciences.org\\\/wp-content\\\/uploads\\\/2024\\\/12\\\/Globalafrica.png\",\"width\":1680,\"height\":750,\"caption\":\"Global Africa\"},\"image\":{\"@id\":\"https:\\\/\\\/www.globalafricasciences.org\\\/fr\\\/#\\\/schema\\\/logo\\\/image\\\/\"},\"sameAs\":[\"https:\\\/\\\/www.facebook.com\\\/globalafricasciences\"]},{\"@type\":\"Person\",\"@id\":\"https:\\\/\\\/www.globalafricasciences.org\\\/fr\\\/#\\\/schema\\\/person\\\/888c05d065d61bfa9005a6f9ae827358\",\"name\":\"Cheikh Thiam\",\"image\":{\"@type\":\"ImageObject\",\"inLanguage\":\"fr-FR\",\"@id\":\"https:\\\/\\\/www.globalafricasciences.org\\\/wp-content\\\/uploads\\\/2024\\\/11\\\/Cheikh-Thiam--scaled.jpg7c2f19e04e82ccb9f8173a117a820df5\",\"url\":\"https:\\\/\\\/www.globalafricasciences.org\\\/wp-content\\\/uploads\\\/2024\\\/11\\\/Cheikh-Thiam--scaled.jpg\",\"contentUrl\":\"https:\\\/\\\/www.globalafricasciences.org\\\/wp-content\\\/uploads\\\/2024\\\/11\\\/Cheikh-Thiam--scaled.jpg\",\"caption\":\"Cheikh Thiam\"},\"description\":\"Cheikh Thiam is a Professor of English and Black Studies at Amherst College and the author and editor of several volumes on Negritude and African philosophy and literature including Return to the Kingdom of Childhood: Re-envisioning the philosophical relevance of Negritude, the first book-length study of Leopold Sedar Senghor\u2019s theory of Negritude as philosophy. He is also the author of Epistemologies from the South: Negritude, Modernity, and the Idea of Africa, that was recently published by the University of Kwa-Zulu Natal Press. Cheikh Thiam\u2019s scholarship focuses on the ways in which Africa-centered epistemologies engage with colonial, postcolonial, and decolonial intellectual traditions; question the language divide in Africana studies; interrogate anti-Black racism in literature, philosophy, and cultural studies; and shape conceptions of being and identity in Africa and the African diaspora. He is a former associate editor of Research in African Literature and editor of African Studies Review, the journal of the African Studies Association.\",\"url\":\"https:\\\/\\\/www.globalafricasciences.org\\\/author\\\/cheikhthiam\\\/\"}]}<\/script>\n<!-- \/ Yoast SEO plugin. -->","yoast_head_json":{"title":"La question du panafricanisme Libert\u00e9 \u00e9pist\u00e9mique, production de savoirs et d\u00e9colonialit\u00e9 | Global Africa","description":"La question du panafricanisme Libert\u00e9 \u00e9pist\u00e9mique, production de savoirs et d\u00e9colonialit\u00e9 - un examen approfondi de la fa\u00e7on dont le panafricanisme est devenu une r\u00e9alit\u00e9.","robots":{"index":"index","follow":"follow","max-snippet":"max-snippet:-1","max-image-preview":"max-image-preview:large","max-video-preview":"max-video-preview:-1"},"canonical":"https:\/\/www.globalafricasciences.org\/fr\/la-question-du-panafricanisme-liberte-epistemique-production-de-savoirs-et-decolonialite\/","og_locale":"fr_FR","og_type":"article","og_title":"La question du panafricanisme Libert\u00e9 \u00e9pist\u00e9mique, production de savoirs et d\u00e9colonialit\u00e9 | Global Africa","og_description":"La question du panafricanisme Libert\u00e9 \u00e9pist\u00e9mique, production de savoirs et d\u00e9colonialit\u00e9 - un examen approfondi de la fa\u00e7on dont le panafricanisme est devenu une r\u00e9alit\u00e9.","og_url":"https:\/\/www.globalafricasciences.org\/fr\/la-question-du-panafricanisme-liberte-epistemique-production-de-savoirs-et-decolonialite\/","og_site_name":"Global Africa","article_publisher":"https:\/\/www.facebook.com\/globalafricasciences","article_published_time":"2024-12-01T14:03:37+00:00","article_modified_time":"2025-09-25T13:03:58+00:00","og_image":[{"width":530,"height":756,"url":"https:\/\/www.globalafricasciences.org\/wp-content\/uploads\/2024\/12\/fil_iconographique_issue32.webp","type":"image\/png"}],"author":"Cheikh Sadibou Sakho, Nd\u00e8ye La\u00efty Ndiaye","twitter_card":"summary_large_image","twitter_misc":{"\u00c9crit par":"Cheikh Thiam","Dur\u00e9e de lecture estim\u00e9e":"44 minutes"},"schema":{"@context":"https:\/\/schema.org","@graph":[{"@type":"Article","@id":"https:\/\/www.globalafricasciences.org\/fr\/la-question-du-panafricanisme-liberte-epistemique-production-de-savoirs-et-decolonialite\/#article","isPartOf":{"@id":"https:\/\/www.globalafricasciences.org\/fr\/la-question-du-panafricanisme-liberte-epistemique-production-de-savoirs-et-decolonialite\/"},"author":{"name":"Cheikh Thiam","@id":"https:\/\/www.globalafricasciences.org\/fr\/#\/schema\/person\/888c05d065d61bfa9005a6f9ae827358"},"headline":"La question du panafricanisme Libert\u00e9 \u00e9pist\u00e9mique, production de savoirs et d\u00e9colonialit\u00e9","datePublished":"2024-12-01T14:03:37+00:00","dateModified":"2025-09-25T13:03:58+00:00","mainEntityOfPage":{"@id":"https:\/\/www.globalafricasciences.org\/fr\/la-question-du-panafricanisme-liberte-epistemique-production-de-savoirs-et-decolonialite\/"},"wordCount":8882,"publisher":{"@id":"https:\/\/www.globalafricasciences.org\/fr\/#organization"},"image":{"@id":"https:\/\/www.globalafricasciences.org\/fr\/la-question-du-panafricanisme-liberte-epistemique-production-de-savoirs-et-decolonialite\/#primaryimage"},"thumbnailUrl":"https:\/\/www.globalafricasciences.org\/wp-content\/uploads\/2024\/12\/fil_iconographique_issue32.webp","articleSection":["Introduction"],"inLanguage":"fr-FR"},{"@type":"WebPage","@id":"https:\/\/www.globalafricasciences.org\/fr\/la-question-du-panafricanisme-liberte-epistemique-production-de-savoirs-et-decolonialite\/","url":"https:\/\/www.globalafricasciences.org\/fr\/la-question-du-panafricanisme-liberte-epistemique-production-de-savoirs-et-decolonialite\/","name":"La question du panafricanisme Libert\u00e9 \u00e9pist\u00e9mique, production de savoirs et d\u00e9colonialit\u00e9 | Global Africa","isPartOf":{"@id":"https:\/\/www.globalafricasciences.org\/fr\/#website"},"primaryImageOfPage":{"@id":"https:\/\/www.globalafricasciences.org\/fr\/la-question-du-panafricanisme-liberte-epistemique-production-de-savoirs-et-decolonialite\/#primaryimage"},"image":{"@id":"https:\/\/www.globalafricasciences.org\/fr\/la-question-du-panafricanisme-liberte-epistemique-production-de-savoirs-et-decolonialite\/#primaryimage"},"thumbnailUrl":"https:\/\/www.globalafricasciences.org\/wp-content\/uploads\/2024\/12\/fil_iconographique_issue32.webp","datePublished":"2024-12-01T14:03:37+00:00","dateModified":"2025-09-25T13:03:58+00:00","description":"La question du panafricanisme Libert\u00e9 \u00e9pist\u00e9mique, production de savoirs et d\u00e9colonialit\u00e9 - un examen approfondi de la fa\u00e7on dont le panafricanisme est devenu une r\u00e9alit\u00e9.","breadcrumb":{"@id":"https:\/\/www.globalafricasciences.org\/fr\/la-question-du-panafricanisme-liberte-epistemique-production-de-savoirs-et-decolonialite\/#breadcrumb"},"inLanguage":"fr-FR","potentialAction":[{"@type":"ReadAction","target":["https:\/\/www.globalafricasciences.org\/fr\/la-question-du-panafricanisme-liberte-epistemique-production-de-savoirs-et-decolonialite\/"]}]},{"@type":"ImageObject","inLanguage":"fr-FR","@id":"https:\/\/www.globalafricasciences.org\/fr\/la-question-du-panafricanisme-liberte-epistemique-production-de-savoirs-et-decolonialite\/#primaryimage","url":"https:\/\/www.globalafricasciences.org\/wp-content\/uploads\/2024\/12\/fil_iconographique_issue32.webp","contentUrl":"https:\/\/www.globalafricasciences.org\/wp-content\/uploads\/2024\/12\/fil_iconographique_issue32.webp","width":530,"height":756},{"@type":"BreadcrumbList","@id":"https:\/\/www.globalafricasciences.org\/fr\/la-question-du-panafricanisme-liberte-epistemique-production-de-savoirs-et-decolonialite\/#breadcrumb","itemListElement":[{"@type":"ListItem","position":1,"name":"Home","item":"https:\/\/www.globalafricasciences.org\/fr\/accueil\/"},{"@type":"ListItem","position":2,"name":"La question du panafricanisme Libert\u00e9 \u00e9pist\u00e9mique, production de savoirs et d\u00e9colonialit\u00e9"}]},{"@type":"WebSite","@id":"https:\/\/www.globalafricasciences.org\/fr\/#website","url":"https:\/\/www.globalafricasciences.org\/fr\/","name":"Global Africa","description":"Pan-African Scientific Journal","publisher":{"@id":"https:\/\/www.globalafricasciences.org\/fr\/#organization"},"potentialAction":[{"@type":"SearchAction","target":{"@type":"EntryPoint","urlTemplate":"https:\/\/www.globalafricasciences.org\/fr\/?s={search_term_string}"},"query-input":{"@type":"PropertyValueSpecification","valueRequired":true,"valueName":"search_term_string"}}],"inLanguage":"fr-FR"},{"@type":"Organization","@id":"https:\/\/www.globalafricasciences.org\/fr\/#organization","name":"Global Africa","url":"https:\/\/www.globalafricasciences.org\/fr\/","logo":{"@type":"ImageObject","inLanguage":"fr-FR","@id":"https:\/\/www.globalafricasciences.org\/fr\/#\/schema\/logo\/image\/","url":"https:\/\/www.globalafricasciences.org\/wp-content\/uploads\/2024\/12\/Globalafrica.png","contentUrl":"https:\/\/www.globalafricasciences.org\/wp-content\/uploads\/2024\/12\/Globalafrica.png","width":1680,"height":750,"caption":"Global Africa"},"image":{"@id":"https:\/\/www.globalafricasciences.org\/fr\/#\/schema\/logo\/image\/"},"sameAs":["https:\/\/www.facebook.com\/globalafricasciences"]},{"@type":"Person","@id":"https:\/\/www.globalafricasciences.org\/fr\/#\/schema\/person\/888c05d065d61bfa9005a6f9ae827358","name":"Cheikh Thiam","image":{"@type":"ImageObject","inLanguage":"fr-FR","@id":"https:\/\/www.globalafricasciences.org\/wp-content\/uploads\/2024\/11\/Cheikh-Thiam--scaled.jpg7c2f19e04e82ccb9f8173a117a820df5","url":"https:\/\/www.globalafricasciences.org\/wp-content\/uploads\/2024\/11\/Cheikh-Thiam--scaled.jpg","contentUrl":"https:\/\/www.globalafricasciences.org\/wp-content\/uploads\/2024\/11\/Cheikh-Thiam--scaled.jpg","caption":"Cheikh Thiam"},"description":"Cheikh Thiam is a Professor of English and Black Studies at Amherst College and the author and editor of several volumes on Negritude and African philosophy and literature including Return to the Kingdom of Childhood: Re-envisioning the philosophical relevance of Negritude, the first book-length study of Leopold Sedar Senghor\u2019s theory of Negritude as philosophy. He is also the author of Epistemologies from the South: Negritude, Modernity, and the Idea of Africa, that was recently published by the University of Kwa-Zulu Natal Press. Cheikh Thiam\u2019s scholarship focuses on the ways in which Africa-centered epistemologies engage with colonial, postcolonial, and decolonial intellectual traditions; question the language divide in Africana studies; interrogate anti-Black racism in literature, philosophy, and cultural studies; and shape conceptions of being and identity in Africa and the African diaspora. He is a former associate editor of Research in African Literature and editor of African Studies Review, the journal of the African Studies Association.","url":"https:\/\/www.globalafricasciences.org\/author\/cheikhthiam\/"}]}},"acf":[],"authors":[{"term_id":540,"user_id":0,"is_guest":1,"slug":"cheikh-thiam-fr","display_name":"Cheikh Thiam","avatar_url":{"url":"https:\/\/www.globalafricasciences.org\/wp-content\/uploads\/2024\/11\/Cheikh-Thiam--scaled.jpg","url2x":"https:\/\/www.globalafricasciences.org\/wp-content\/uploads\/2024\/11\/Cheikh-Thiam--scaled.jpg"},"author_category":"1","exclude_author":"","main-organisation":"","country_of_org":"","field_of_work":"","first_name":"","last_name":"","user_url":"","job_title":"","description":""},{"term_id":542,"user_id":0,"is_guest":1,"slug":"mjiba-frehiwot-fr","display_name":"Mjiba Frehiwot","avatar_url":{"url":"https:\/\/www.globalafricasciences.org\/wp-content\/uploads\/2024\/12\/Mjiba-Frehiwot-.webp","url2x":"https:\/\/www.globalafricasciences.org\/wp-content\/uploads\/2024\/12\/Mjiba-Frehiwot-.webp"},"author_category":"1","exclude_author":"","main-organisation":"","country_of_org":"","field_of_work":"","first_name":"","last_name":"","user_url":"","job_title":"","description":""}],"_links":{"self":[{"href":"https:\/\/www.globalafricasciences.org\/fr\/wp-json\/wp\/v2\/posts\/10093","targetHints":{"allow":["GET"]}}],"collection":[{"href":"https:\/\/www.globalafricasciences.org\/fr\/wp-json\/wp\/v2\/posts"}],"about":[{"href":"https:\/\/www.globalafricasciences.org\/fr\/wp-json\/wp\/v2\/types\/post"}],"author":[{"embeddable":true,"href":"https:\/\/www.globalafricasciences.org\/fr\/wp-json\/wp\/v2\/users\/27"}],"replies":[{"embeddable":true,"href":"https:\/\/www.globalafricasciences.org\/fr\/wp-json\/wp\/v2\/comments?post=10093"}],"version-history":[{"count":0,"href":"https:\/\/www.globalafricasciences.org\/fr\/wp-json\/wp\/v2\/posts\/10093\/revisions"}],"wp:featuredmedia":[{"embeddable":true,"href":"https:\/\/www.globalafricasciences.org\/fr\/wp-json\/wp\/v2\/media\/6547"}],"wp:attachment":[{"href":"https:\/\/www.globalafricasciences.org\/fr\/wp-json\/wp\/v2\/media?parent=10093"}],"wp:term":[{"taxonomy":"category","embeddable":true,"href":"https:\/\/www.globalafricasciences.org\/fr\/wp-json\/wp\/v2\/categories?post=10093"},{"taxonomy":"post_tag","embeddable":true,"href":"https:\/\/www.globalafricasciences.org\/fr\/wp-json\/wp\/v2\/tags?post=10093"},{"taxonomy":"issues3","embeddable":true,"href":"https:\/\/www.globalafricasciences.org\/fr\/wp-json\/wp\/v2\/issues3?post=10093"},{"taxonomy":"post_folder","embeddable":true,"href":"https:\/\/www.globalafricasciences.org\/fr\/wp-json\/wp\/v2\/post_folder?post=10093"},{"taxonomy":"author","embeddable":true,"href":"https:\/\/www.globalafricasciences.org\/fr\/wp-json\/wp\/v2\/ppma_author?post=10093"}],"curies":[{"name":"wp","href":"https:\/\/api.w.org\/{rel}","templated":true}]}}