{"id":10038,"date":"2024-12-01T14:03:47","date_gmt":"2024-12-01T14:03:47","guid":{"rendered":"https:\/\/www.globalafricasciences.org\/actualites\/lactivisme-social-africain-et-la-montee-du-neo-panafricanisme-un-regard-sur-le-sommet-de-lupec\/"},"modified":"2025-09-25T10:05:23","modified_gmt":"2025-09-25T10:05:23","slug":"lactivisme-social-africain-et-la-montee-du-neo-panafricanisme-un-regard-sur-le-sommet-de-lupec","status":"publish","type":"post","link":"https:\/\/www.globalafricasciences.org\/fr\/lactivisme-social-africain-et-la-montee-du-neo-panafricanisme-un-regard-sur-le-sommet-de-lupec\/","title":{"rendered":"L\u2019activisme social africain et la mont\u00e9e du n\u00e9o panafricanisme Un regard sur le sommet de l\u2019Upec"},"content":{"rendered":"\t\t<div data-elementor-type=\"wp-post\" data-elementor-id=\"10038\" class=\"elementor elementor-10038\" data-elementor-post-type=\"post\">\n\t\t\t\t<div data-particle_enable=\"false\" data-particle-mobile-disabled=\"false\" class=\"elementor-element elementor-element-036a802 e-con-full e-flex wpr-particle-no wpr-jarallax-no wpr-parallax-no wpr-sticky-section-no e-con e-parent\" data-id=\"036a802\" data-element_type=\"container\" data-e-type=\"container\">\n\t\t<div data-particle_enable=\"false\" data-particle-mobile-disabled=\"false\" class=\"elementor-element elementor-element-d1d7910 e-con-full e-flex wpr-particle-no wpr-jarallax-no wpr-parallax-no wpr-sticky-section-no e-con e-child\" data-id=\"d1d7910\" data-element_type=\"container\" data-e-type=\"container\">\n\t\t\t\t<div class=\"elementor-element elementor-element-7c21c9f elementor-widget elementor-widget-heading\" data-id=\"7c21c9f\" data-element_type=\"widget\" data-e-type=\"widget\" data-widget_type=\"heading.default\">\n\t\t\t\t<div class=\"elementor-widget-container\">\n\t\t\t\t\t<h4 class=\"elementor-heading-title elementor-size-default\">Num\u00e9ro 03 - Analyse critique<\/h4>\t\t\t\t<\/div>\n\t\t\t\t<\/div>\n\t\t\t\t<div class=\"elementor-element elementor-element-62d8bc1 elementor-author-box--link-yes ignoretoc elementor-author-box--avatar-yes elementor-author-box--name-yes elementor-widget elementor-widget-author-box\" data-id=\"62d8bc1\" data-element_type=\"widget\" data-e-type=\"widget\" data-widget_type=\"author-box.default\">\n\t\t\t\t<div class=\"elementor-widget-container\">\n\t\t\t\t\t\t\t<div class=\"elementor-author-box\">\n\t\t\t\t\t\t\t<a href=\"https:\/\/www.globalafricasciences.org\/fr\/author\/bamba-ndiaye-fr\/\" class=\"elementor-author-box__avatar\">\n\t\t\t\t\t<img decoding=\"async\" src=\"https:\/\/www.globalafricasciences.org\/wp-content\/uploads\/2024\/11\/Bamba-Ndiaye-.jpg\" alt=\"Image de Bamba Ndiaye\" loading=\"lazy\">\n\t\t\t\t<\/a>\n\t\t\t\n\t\t\t<div class=\"elementor-author-box__text\">\n\t\t\t\t\t\t\t\t\t<a href=\"https:\/\/www.globalafricasciences.org\/fr\/author\/bamba-ndiaye-fr\/\">\n\t\t\t\t\t\t<h4 class=\"elementor-author-box__name\">\n\t\t\t\t\t\t\tBamba Ndiaye\t\t\t\t\t\t<\/h4>\n\t\t\t\t\t<\/a>\n\t\t\t\t\n\t\t\t\t\n\t\t\t\t\t\t\t\t\t<a class=\"elementor-author-box__button elementor-button elementor-size-xs\" href=\"https:\/\/www.globalafricasciences.org\/fr\/author\/bamba-ndiaye-fr\/\">\n\t\t\t\t\t\tTous les articles de l'auteur\t\t\t\t\t<\/a>\n\t\t\t\t\t\t\t<\/div>\n\t\t<\/div>\n\t\t\t\t\t\t<\/div>\n\t\t\t\t<\/div>\n\t\t\t\t<div class=\"elementor-element elementor-element-5182bb3 ignoretoc elementor-widget elementor-widget-wpml-language-switcher\" data-id=\"5182bb3\" data-element_type=\"widget\" data-e-type=\"widget\" data-widget_type=\"wpml-language-switcher.default\">\n\t\t\t\t<div class=\"elementor-widget-container\">\n\t\t\t\t\t<div class=\"wpml-elementor-ls\"><p class=\"wpml-ls-statics-post_translations wpml-ls\">This post is also available in: \n<span role=\"menu\">\n    <span class=\"wpml-ls-slot-post_translations wpml-ls-item wpml-ls-item-en wpml-ls-first-item wpml-ls-item-legacy-post-translations\" role=\"none\"><a href=\"https:\/\/www.globalafricasciences.org\/\" class=\"wpml-ls-link\" role=\"menuitem\" aria-label=\"Passer \u00e0 Anglais(English)\" title=\"Passer \u00e0 Anglais(English)\"><img decoding=\"async\"\n            class=\"wpml-ls-flag\"\n            src=\"https:\/\/www.globalafricasciences.org\/wp-content\/uploads\/flags\/Flag_of_the_United_States.svg\"\n            alt=\"\"\n            width=18\n            height=12\n    \/><span class=\"wpml-ls-native\" lang=\"en\">English<\/span><span class=\"wpml-ls-display\"><span class=\"wpml-ls-bracket\"> (<\/span>Anglais<span class=\"wpml-ls-bracket\">)<\/span><\/span><\/a><\/span>    <span class=\"wpml-ls-slot-post_translations wpml-ls-item wpml-ls-item-fr wpml-ls-current-language wpml-ls-last-item wpml-ls-item-legacy-post-translations\" role=\"none\"><a href=\"https:\/\/www.globalafricasciences.org\/fr\/\" class=\"wpml-ls-link\" role=\"menuitem\" ><img decoding=\"async\"\n            class=\"wpml-ls-flag\"\n            src=\"https:\/\/www.globalafricasciences.org\/wp-content\/plugins\/sitepress-multilingual-cms\/res\/flags\/fr.svg\"\n            alt=\"\"\n            width=18\n            height=12\n    \/><span class=\"wpml-ls-native\" role=\"menuitem\">Fran\u00e7ais<\/span><\/a><\/span><\/span>\n<\/p><\/div>\t\t\t\t<\/div>\n\t\t\t\t<\/div>\n\t\t\t\t<div class=\"elementor-element elementor-element-5eeda1f elementor-share-buttons--view-icon elementor-share-buttons--shape-circle elementor-share-buttons--skin-gradient elementor-grid-0 elementor-share-buttons--color-official elementor-widget elementor-widget-share-buttons\" data-id=\"5eeda1f\" data-element_type=\"widget\" data-e-type=\"widget\" data-widget_type=\"share-buttons.default\">\n\t\t\t\t<div class=\"elementor-widget-container\">\n\t\t\t\t\t\t\t<div class=\"elementor-grid\" role=\"list\">\n\t\t\t\t\t\t\t\t<div class=\"elementor-grid-item\" role=\"listitem\">\n\t\t\t\t\t\t<div class=\"elementor-share-btn elementor-share-btn_facebook\" role=\"button\" tabindex=\"0\" aria-label=\"Partager sur facebook\">\n\t\t\t\t\t\t\t\t\t\t\t\t\t\t\t<span class=\"elementor-share-btn__icon\">\n\t\t\t\t\t\t\t\t<i class=\"fab fa-facebook\" aria-hidden=\"true\"><\/i>\t\t\t\t\t\t\t<\/span>\n\t\t\t\t\t\t\t\t\t\t\t\t\t\t\t\t\t\t\t\t<\/div>\n\t\t\t\t\t<\/div>\n\t\t\t\t\t\t\t\t\t<div class=\"elementor-grid-item\" role=\"listitem\">\n\t\t\t\t\t\t<div class=\"elementor-share-btn elementor-share-btn_x-twitter\" role=\"button\" tabindex=\"0\" aria-label=\"Partager sur x-twitter\">\n\t\t\t\t\t\t\t\t\t\t\t\t\t\t\t<span class=\"elementor-share-btn__icon\">\n\t\t\t\t\t\t\t\t<i class=\"fab fa-x-twitter\" aria-hidden=\"true\"><\/i>\t\t\t\t\t\t\t<\/span>\n\t\t\t\t\t\t\t\t\t\t\t\t\t\t\t\t\t\t\t\t<\/div>\n\t\t\t\t\t<\/div>\n\t\t\t\t\t\t\t\t\t<div class=\"elementor-grid-item\" role=\"listitem\">\n\t\t\t\t\t\t<div class=\"elementor-share-btn elementor-share-btn_linkedin\" role=\"button\" tabindex=\"0\" aria-label=\"Partager sur linkedin\">\n\t\t\t\t\t\t\t\t\t\t\t\t\t\t\t<span class=\"elementor-share-btn__icon\">\n\t\t\t\t\t\t\t\t<i class=\"fab fa-linkedin\" aria-hidden=\"true\"><\/i>\t\t\t\t\t\t\t<\/span>\n\t\t\t\t\t\t\t\t\t\t\t\t\t\t\t\t\t\t\t\t<\/div>\n\t\t\t\t\t<\/div>\n\t\t\t\t\t\t\t\t\t<div class=\"elementor-grid-item\" role=\"listitem\">\n\t\t\t\t\t\t<div class=\"elementor-share-btn elementor-share-btn_whatsapp\" role=\"button\" tabindex=\"0\" aria-label=\"Partager sur whatsapp\">\n\t\t\t\t\t\t\t\t\t\t\t\t\t\t\t<span class=\"elementor-share-btn__icon\">\n\t\t\t\t\t\t\t\t<i class=\"fab fa-whatsapp\" aria-hidden=\"true\"><\/i>\t\t\t\t\t\t\t<\/span>\n\t\t\t\t\t\t\t\t\t\t\t\t\t\t\t\t\t\t\t\t<\/div>\n\t\t\t\t\t<\/div>\n\t\t\t\t\t\t\t\t\t<div class=\"elementor-grid-item\" role=\"listitem\">\n\t\t\t\t\t\t<div class=\"elementor-share-btn elementor-share-btn_email\" role=\"button\" tabindex=\"0\" aria-label=\"Partager sur email\">\n\t\t\t\t\t\t\t\t\t\t\t\t\t\t\t<span class=\"elementor-share-btn__icon\">\n\t\t\t\t\t\t\t\t<i class=\"fas fa-envelope\" aria-hidden=\"true\"><\/i>\t\t\t\t\t\t\t<\/span>\n\t\t\t\t\t\t\t\t\t\t\t\t\t\t\t\t\t\t\t\t<\/div>\n\t\t\t\t\t<\/div>\n\t\t\t\t\t\t<\/div>\n\t\t\t\t\t\t<\/div>\n\t\t\t\t<\/div>\n\t\t\t\t<div class=\"elementor-element elementor-element-297d7b5 elementor-align-left elementor-widget__width-inherit elementor-widget elementor-widget-button\" data-id=\"297d7b5\" data-element_type=\"widget\" data-e-type=\"widget\" data-widget_type=\"button.default\">\n\t\t\t\t<div class=\"elementor-widget-container\">\n\t\t\t\t\t\t\t\t\t<div class=\"elementor-button-wrapper\">\n\t\t\t\t\t<a class=\"elementor-button elementor-button-link elementor-size-sm\" href=\"https:\/\/doi.org\/10.57832\/d71r-jh63\" target=\"_blank\">\n\t\t\t\t\t\t<span class=\"elementor-button-content-wrapper\">\n\t\t\t\t\t\t<span class=\"elementor-button-icon\">\n\t\t\t\t<i aria-hidden=\"true\" class=\"fas fa-file-pdf\"><\/i>\t\t\t<\/span>\n\t\t\t\t\t\t\t\t\t<span class=\"elementor-button-text\">T\u00c9L\u00c9CHARGER EN PDF<\/span>\n\t\t\t\t\t<\/span>\n\t\t\t\t\t<\/a>\n\t\t\t\t<\/div>\n\t\t\t\t\t\t\t\t<\/div>\n\t\t\t\t<\/div>\n\t\t\t\t<\/div>\n\t\t<div data-particle_enable=\"false\" data-particle-mobile-disabled=\"false\" class=\"elementor-element elementor-element-2724b9e e-con-full e-flex wpr-particle-no wpr-jarallax-no wpr-parallax-no wpr-sticky-section-no e-con e-child\" data-id=\"2724b9e\" data-element_type=\"container\" data-e-type=\"container\">\n\t\t\t\t<div class=\"elementor-element elementor-element-f03e25c elementor-widget elementor-widget-heading\" data-id=\"f03e25c\" data-element_type=\"widget\" data-e-type=\"widget\" data-widget_type=\"heading.default\">\n\t\t\t\t<div class=\"elementor-widget-container\">\n\t\t\t\t\t<h4 class=\"elementor-heading-title elementor-size-default\"><a href=\"\/?issues=Pan-africanism,%20African%20Research,%20and%20Global%20Challenges%20\">03.2023<br>Panafricanisme, recherche africaine et enjeux globaux<\/a><\/h4>\t\t\t\t<\/div>\n\t\t\t\t<\/div>\n\t\t\t\t<div class=\"elementor-element elementor-element-b2b07a4 elementor-widget elementor-widget-text-editor\" data-id=\"b2b07a4\" data-element_type=\"widget\" data-e-type=\"widget\" data-widget_type=\"text-editor.default\">\n\t\t\t\t<div class=\"elementor-widget-container\">\n\t\t\t\t\t\t\t\t\t<p><strong>Publi\u00e9 le : 20 septembre 2023<\/strong><br><strong>ISSN: 3020-0458<\/strong><\/p>\t\t\t\t\t\t\t\t<\/div>\n\t\t\t\t<\/div>\n\t\t\t\t<div class=\"elementor-element elementor-element-38d84bf elementor-align-center elementor-widget__width-inherit elementor-hidden-mobile elementor-widget elementor-widget-button\" data-id=\"38d84bf\" data-element_type=\"widget\" data-e-type=\"widget\" data-widget_type=\"button.default\">\n\t\t\t\t<div class=\"elementor-widget-container\">\n\t\t\t\t\t\t\t\t\t<div class=\"elementor-button-wrapper\">\n\t\t\t\t\t<a class=\"elementor-button elementor-button-link elementor-size-sm\" href=\"\/wp-content\/uploads\/2024\/12\/Global-Africa-Issue-03-Pan-africanism-African-Research-and-Global-Challenges.pdf\">\n\t\t\t\t\t\t<span class=\"elementor-button-content-wrapper\">\n\t\t\t\t\t\t\t\t\t<span class=\"elementor-button-text\">T\u00c9L\u00c9CHARGER LE NUM\u00c9RO PDF<\/span>\n\t\t\t\t\t<\/span>\n\t\t\t\t\t<\/a>\n\t\t\t\t<\/div>\n\t\t\t\t\t\t\t\t<\/div>\n\t\t\t\t<\/div>\n\t\t\t\t<div class=\"elementor-element elementor-element-b5db791 elementor-widget elementor-widget-image\" data-id=\"b5db791\" data-element_type=\"widget\" data-e-type=\"widget\" data-widget_type=\"image.default\">\n\t\t\t\t<div class=\"elementor-widget-container\">\n\t\t\t\t\t\t\t\t\t\t\t\t\t\t\t\t<a href=\"https:\/\/www.globalafricasciences.org\/wp-content\/uploads\/2024\/11\/GA-Issue-07-1.jpg\">\n\t\t\t\t\t\t\t<img fetchpriority=\"high\" decoding=\"async\" width=\"1240\" height=\"1754\" src=\"https:\/\/www.globalafricasciences.org\/wp-content\/uploads\/2024\/12\/Global-Africa-Issue-03-Pan-africanism-African-Research-and-Global-Challenges.jpg\" class=\"attachment-full size-full wp-image-1087\" alt=\"Lagos 1980 and the Right of Africans to Science\" srcset=\"https:\/\/www.globalafricasciences.org\/wp-content\/uploads\/2024\/12\/Global-Africa-Issue-03-Pan-africanism-African-Research-and-Global-Challenges.jpg 1240w, https:\/\/www.globalafricasciences.org\/wp-content\/uploads\/2024\/12\/Global-Africa-Issue-03-Pan-africanism-African-Research-and-Global-Challenges-212x300.jpg 212w, https:\/\/www.globalafricasciences.org\/wp-content\/uploads\/2024\/12\/Global-Africa-Issue-03-Pan-africanism-African-Research-and-Global-Challenges-724x1024.jpg 724w, https:\/\/www.globalafricasciences.org\/wp-content\/uploads\/2024\/12\/Global-Africa-Issue-03-Pan-africanism-African-Research-and-Global-Challenges-768x1086.jpg 768w, https:\/\/www.globalafricasciences.org\/wp-content\/uploads\/2024\/12\/Global-Africa-Issue-03-Pan-africanism-African-Research-and-Global-Challenges-1086x1536.jpg 1086w\" sizes=\"(max-width: 1240px) 100vw, 1240px\" \/>\t\t\t\t\t\t\t\t<\/a>\n\t\t\t\t\t\t\t\t\t\t\t\t\t\t\t<\/div>\n\t\t\t\t<\/div>\n\t\t\t\t<\/div>\n\t\t\t\t<\/div>\n\t\t<div data-particle_enable=\"false\" data-particle-mobile-disabled=\"false\" class=\"elementor-element elementor-element-ae2d51c e-con-full e-flex wpr-particle-no wpr-jarallax-no wpr-parallax-no wpr-sticky-section-no e-con e-parent\" data-id=\"ae2d51c\" data-element_type=\"container\" data-e-type=\"container\">\n\t\t<div data-particle_enable=\"false\" data-particle-mobile-disabled=\"false\" class=\"elementor-element elementor-element-3c8215e e-con-full e-flex wpr-particle-no wpr-jarallax-no wpr-parallax-no wpr-sticky-section-no e-con e-child\" data-id=\"3c8215e\" data-element_type=\"container\" data-e-type=\"container\">\n\t\t\t\t<div class=\"elementor-element elementor-element-fa2f8e7 elementor-widget elementor-widget-eael-adv-tabs\" data-id=\"fa2f8e7\" data-element_type=\"widget\" data-e-type=\"widget\" data-widget_type=\"eael-adv-tabs.default\">\n\t\t\t\t<div class=\"elementor-widget-container\">\n\t\t\t\t\t        <div data-scroll-on-click=\"no\" data-scroll-speed=\"300\" id=\"eael-advance-tabs-fa2f8e7\" class=\"eael-advance-tabs eael-tabs-horizontal eael-tab-auto-active  responsive-vertical-layout\" data-tabid=\"fa2f8e7\">\n            <div class=\"eael-tabs-nav \">\n                <ul class=\"eael-tab-inline-icon\" role=\"tablist\">\n                                            <li id=\"abstract\" class=\"active-default eael-tab-item-trigger eael-tab-nav-item\" aria-selected=\"true\" data-tab=\"1\" role=\"tab\" tabindex=\"0\" aria-controls=\"abstract-tab\" aria-expanded=\"false\">\n                            \n                                                                <img decoding=\"async\" src=\"https:\/\/www.globalafricasciences.org\/wp-content\/uploads\/2024\/11\/Flag_of_the_United_States.svg\" alt=\"\">\n                                                            \n                                                            <span class=\"eael-tab-title title-after-icon\" >Abstract<\/span>                            \n                                                    <\/li>\n                                            <li id=\"rsum\" class=\"inactive eael-tab-item-trigger eael-tab-nav-item\" aria-selected=\"false\" data-tab=\"2\" role=\"tab\" tabindex=\"-1\" aria-controls=\"rsum-tab\" aria-expanded=\"false\">\n                            \n                                                                <img decoding=\"async\" src=\"https:\/\/www.globalafricasciences.org\/wp-content\/uploads\/2024\/11\/Flag_of_France.svg\" alt=\"\">\n                                                            \n                                                            <span class=\"eael-tab-title title-after-icon\" >R\u00e9sum\u00e9<\/span>                            \n                                                    <\/li>\n                                            <li id=\"muhtasari\" class=\"inactive eael-tab-item-trigger eael-tab-nav-item\" aria-selected=\"false\" data-tab=\"3\" role=\"tab\" tabindex=\"-1\" aria-controls=\"muhtasari-tab\" aria-expanded=\"false\">\n                            \n                                                                <img decoding=\"async\" src=\"https:\/\/www.globalafricasciences.org\/wp-content\/uploads\/2024\/11\/Flag_of_Kenya.svg\" alt=\"\">\n                                                            \n                                                            <span class=\"eael-tab-title title-after-icon\" >Muhtasari<\/span>                            \n                                                    <\/li>\n                                            <li id=\"\" class=\"inactive eael-tab-item-trigger eael-tab-nav-item\" aria-selected=\"false\" data-tab=\"4\" role=\"tab\" tabindex=\"-1\" aria-controls=\"-tab\" aria-expanded=\"false\">\n                            \n                                                                <svg xmlns=\"http:\/\/www.w3.org\/2000\/svg\" width=\"900\" height=\"600\" viewBox=\"0 0 900 600\"><path id=\"green\" d=\"m0 600h900v-600h-900z\" fill=\"#005430\" stroke-width=\".375\"><\/path><g id=\"white\" transform=\"scale(.375)\"><g id=\"shahada\"><g transform=\"matrix(7.3042,0,0,-6.7531,1800,635.53)\"><path d=\"m0 0c-0.023 4.162-1.516 15.373-1.895 19.134-0.378 3.761-0.759 7.173-0.667 7.972 0.09 0.771 1.187-1.072 1.767-1.221 0.3 0.065 0.166 1.229-0.379 2.223-0.369 0.675-1.627 3.199-2.39 4.678-0.359 0.7-0.439 1.106-0.612 1.192-0.172 0.086-1.561-2.945-1.409-3.281 0.379-0.616 0.639-0.91 0.698-1.998 0.06-1.088 0.58-8.856 1.243-14.744 0.499-4.442 1.594-14.012 1.633-19.962 0.011-1.941-0.188-3.791-0.427-4.564-0.613-1.214-1.571-2.309-5.139-4.567-4.011-2.539-9.362-4.652-11.662-6.066-1.43-0.882-0.956-1 0.289-0.614 1.242 0.386 7.664 1.623 10.784 3.049 2.929 1.342 4.83 3.587 6.273 6.862 1.782 4.049 1.918 7.485 1.893 11.907\" fill=\"#fff\"><\/path><\/g><g transform=\"matrix(7.3042,0,0,-6.7531,1709.3,422.03)\"><path d=\"m0 0c0.31 0.13 2.877 0.273 3.568 0.119-0.454-0.702-3.532-2.256-3.545-2.541 0.084-0.192 2.126 0.355 2.77 0.659 0.421 0.274 0.702 0.698 1.014 1.05 0.736 0.916 1.609 2.615 1.389 2.828-0.357 0.344-3.856 0.13-4.317 0.059-0.309-0.048-1.093-1.568-1.237-1.958-0.141-0.39 0.048-0.346 0.358-0.216\" fill=\"#fff\"><\/path><\/g><g transform=\"matrix(7.3042,0,0,-6.7531,1747.6,588.62)\"><path d=\"m0 0c0.535 1.96 0.667 4.338-0.061 6.841-0.748 2.577-2.606 4.148-3.946 4.953l-0.239-2.481s1.879-1.01 3.164-3.553c0.814-1.613 1.153-3.894 0.51-6.437-0.107-0.631 0.31-0.283 0.572 0.677\" fill=\"#fff\"><\/path><\/g><g transform=\"matrix(7.3042,0,0,-6.7531,1602.4,672.64)\"><path d=\"m0 0c0.482 1.765 0.6 3.906-0.054 6.16-0.674 2.321-2.347 3.736-3.554 4.458l-0.216-2.233s1.692-0.91 2.849-3.198c0.734-1.451 1.038-3.508 0.461-5.797-0.096-0.566 0.279-0.254 0.514 0.61\" fill=\"#fff\"><\/path><\/g><g transform=\"matrix(7.3042,0,0,-6.7531,1098.3,444.51)\"><path d=\"m0 0c0.774-1.531 1.095-3.699 0.486-6.114-0.102-0.599 0.292-0.27 0.543 0.642 0.506 1.86 0.632 4.12-0.06 6.499-0.711 2.449-2.476 3.94-3.749 4.703l-0.225-2.356s1.785-0.959 3.005-3.374\" fill=\"#fff\"><\/path><\/g><g transform=\"matrix(7.3042,0,0,-6.7531,758,449.86)\"><path d=\"m0 0c0.65-1.648 0.694-3.873-0.356-6.217-0.204-0.589 0.293-0.31 0.71 0.571 0.852 1.801 1.33 4.055 0.898 6.545-0.443 2.56-2.221 4.305-3.552 5.25l-0.604-2.339s1.879-1.212 2.904-3.81\" fill=\"#fff\"><\/path><\/g><g transform=\"matrix(7.3042,0,0,-6.7531,852.07,698.62)\"><path d=\"m0 0c0.826 1.658 1.17 2.774 1.537 4.738 0.321 1.728 0.342 3.724 0.226 5.756 2.472 1.09 5.418 2.899 6.408 3.032-0.677-2.514 0.939-5.227 4.203-4.873 0.25-2.843 0.464-5.34 0.594-6.821 0.266-3.036 0.226-6.862 0.218-7.527-0.011-0.668 0.436-0.542 0.895 0.946 0.612 1.992 0.801 7.194 0.579 10.634-0.053 0.86-0.143 2.021-0.252 3.344 2.116 1.059 2.468 3.103 3.259 3.974 0.714-2.705 4.644-3.072 5.857-2.493 1.504 0.719 1.997 2.012 2.384 5.013 0.388 3-0.742 4.208-1.146 4.535-0.04-0.363-1.024-3.889-1.024-3.889s0.933-1.066 0.98-1.59c-0.76-0.744-2.363-0.79-3.709-0.316-1.347 0.474-1.76 1.346-1.68 1.931 0.078 0.587 0.585 1.121 0.602 1.836 0.015 0.715-0.302 0.508-0.841-0.125-0.539-0.634-0.887-1.204-1.633-2.565-0.61-1.113-1.6-2.471-3.346-2.859-0.288 3.268-0.617 6.745-0.837 8.929-0.115 1.153-1.264 11.117-1.346 12.232-0.071 0.971-0.204 2.116-0.182 2.654 0.022 0.428 0.27 0.258 0.654-0.19 0.385-0.447 1.058-1.227 1.174-1.166 0.392 0.208-9e-3 1.503-0.522 2.663-0.512 1.163-2.26 5.751-2.627 5.94-0.189 0.096-1.369-2.728-1.439-3.284 0.183-0.348 0.661-0.895 0.678-2.451 6e-3 -0.434 0.264-4.526 0.622-8.395 0.313-3.417 0.728-6.659 0.768-7.036 0.285-2.608 0.631-6.284 0.96-9.898-1.895 0.39-2.399 1.742-2.357 2.513 0.048 0.87 0.411 1.852 0.237 2.074-0.365 0.237-2.537-1.076-5.566-2.487-0.852-0.396-1.812-0.821-2.825-1.224-0.264 2.463-0.612 4.805-0.752 6.596l-0.017 0.199c1.992 0.139 3.623 1.227 4.365 2.263 0.927 1.295 1.575 3.96 1.638 6.002 0.063 2.044-1.462 5.781-1.825 6.969-0.366 1.189-0.555 2.013-0.587 2.424-0.033 0.411 0.824-0.476 1.363-0.65 0.365-0.079 0.239 0.776-0.207 1.363-0.443 0.585-2.839 4.518-3.007 4.242-0.103-0.162-1.063-3.055-1.126-3.498 0.378-0.27 0.82-1.014 0.851-1.727 0.032-0.713 0.56-3.848 1.145-5.59 0.587-1.742 1.837-5.084 1.916-6.003-0.893-0.681-2.926-1.834-4.937-1.765-0.344 3.048-0.78 6.588-1.013 9.095-0.09 0.969-0.096 2.003-0.082 2.543 0.011 0.428 0.296 0.369 0.688-0.071 0.394-0.44 0.998-1.08 1.122-1.034 0.27 0.097 0.036 1.068-0.499 2.221s-2.661 6.03-3.034 6.212c-0.189 0.093-1.141-2.646-1.201-3.205 0.19-0.346 0.677-0.881 0.725-2.437 0.038-1.239 0.596-7.311 1.074-12.659-1.99 1.113-2.669 2.704-2.915 5.375-0.172 1.862-0.189 5.292-0.803 8.161-0.346 1.622-1.075 3.27-1.939 4.145-0.206-0.539-1.126-3.848-1.126-3.848 0.3-0.95 1.233-4.149 1.201-6.921-0.031-2.772-0.233-5.482-3.105-7.349-2.87-1.868-7.175-1.125-8.238 1.789-1.063 2.916 1.3 10.227 1.269 11.953-0.032 1.726-0.317 1.964-0.984 1.679-0.666-0.285-2.029-1.949-3.203-4.656-1.174-2.709-1.696-6.064-2.363-8.345-0.665-2.281-1.73-4.592-3.378-4.464-1.648 0.126-2.535 1.757-3.042 4.116-0.508 2.361-0.197 5.47-0.059 6.267 0.344 1.996-0.453 1.587-0.941-1.547-0.302-1.933-0.602-5.02 0.461-8.251 1.061-3.231 2.87-4.436 4.455-4.023 1.586 0.411 2.98 4.434 3.472 6.241 0.491 1.804 2.688 9.817 3.932 10.211 0.174-0.903-0.967-3.814-1.332-7.219-0.364-3.405 0.485-7.979 4.481-8.77 3.996-0.792 6.707 2.011 7.69 3.957 0.984 1.949 1.443 3.992 1.554 5.021 0.128-2.612 1.776-6.691 4.977-7.854l0.33-0.103c0.197-2.138 0.518-4.929 0.813-7.86-0.623-0.208-1.252-0.396-1.878-0.558-0.08 0.281-0.168 0.556-0.275 0.809-0.977 2.273-2.594 4.368-4.835 4.223-2.289-0.147-4.785-3.451-4.676-5.864 0.072-1.623 0.898-2.955 3.902-3.296 1.372-0.157 2.829 8e-3 4.334 0.363 0.212-0.671 0.346-1.338 0.361-1.946-0.952-1.204-8.829-7.63-14.727-8.248-5.898-0.617-7.697 2.727-7.756 6.084-0.044 2.554 1.376 5.103 2.374 6.867 1.428 1.13 2.6 2.543 3.34 3.633 0.201-0.134 0.392-0.258 0.574-0.373 0.705-0.443 0.986-1.105 0.986-1.105 0.13 0.216 0.736 1.396 0.499 1.973-0.109 0.142-0.642 0.497-1.283 0.918 0.673 1.814 0.664 3.625-0.208 4.028-0.975 0.449-2.248-0.799-2.797-1.56-0.285-0.396-0.394-0.845-0.396-1.222-4e-3 -0.485 0.207-0.923 0.729-1.313 0.52-0.384 1.003-0.732 1.457-1.046-1.289-1.464-4.335-3.609-6.199-4.869-0.069 0.185-0.342-0.01-0.709-0.478l-0.505-0.337c-1.487-0.984-5.053-3.145-5.754-3.674-0.702-0.53-0.262-0.434 0-0.316 0.495 0.289 1.145 0.639 1.875 1.025 1.034 0.547 2.237 1.166 3.413 1.787-0.348-0.638-0.708-1.384-1.027-2.198-1.403-3.583-3.671-11.009 1.235-15.477 4.694-4.277 12.762-2.65 19.453 1.795 6.692 4.446 8.137 6.009 9.183 7.625m-21.816 17.664c-0.232 0.185-0.264 0.432-0.075 0.604 0.241 0.222 0.549 0.432 0.899 0.503 0.742 0.149 1.038-0.773 0.74-2.209-0.564 0.373-1.144 0.765-1.564 1.102m15.348-6.057c-3.407-0.017-3.564 0.652-3.5 1.08 0.063 0.426 1.124 1.595 2.47 0.824 0.569-0.327 1.21-1.011 1.803-1.87-0.262-0.021-0.52-0.032-0.773-0.034m-10.435-19.379c-6.437-1.9-12.716 1.044-13.096 6.873-0.291 4.451 1.21 7.805 2.178 9.695 0.923 0.494 1.795 0.974 2.516 1.404-1.685-2.935-2.671-6.866-2.012-10.196 0.746-3.772 3.78-6.059 8.917-5.321 5.086 0.729 11.963 5.961 13.913 7.934 0.594 0.712 0.986 1.354 1.52 2.662 0.22 0.537 0.529 1.246 0.644 2.047 0.075 0.522 0.115 1.08 0.124 1.648 0.597 0.193 1.197 0.409 1.801 0.641 0.205-2.388 0.356-4.742 0.365-6.778-3.169-4.02-10.433-8.708-16.87-10.609\" fill=\"#fff\"><\/path><\/g><g transform=\"matrix(7.3042,0,0,-6.7531,1551,647.88)\"><path d=\"m0 0c-0.218 3.9-0.744 10.959-1.038 14.54-0.26 3.187-0.771 7.555-1.145 11.4-0.094 0.968-0.104 1.895-0.094 2.434 0.011 0.426 0.405 0.262 0.799-0.176s1.01-0.988 1.126-0.921c0.385 0.216-0.076 1.284-0.617 2.433-0.541 1.151-2.686 5.912-3.059 6.093-0.19 0.092-1.195-2.76-1.253-3.319 0.192-0.344 0.683-0.877 0.736-2.433 0.054-1.557 0.781-8.715 1.306-14.504 0.364-4.024 0.834-10.59 1.176-15.541-0.017-8e-3 0.323-4.707 0.36-5.235 0.21-3.04 0.101-6.865 0.08-7.529-0.023-0.667 0.428-0.551 0.912 0.929 0.493 1.511 0.774 4.885 0.812 7.931z\" fill=\"#fff\"><\/path><\/g><g transform=\"matrix(7.3042,0,0,-6.7531,1417.5,555.68)\"><path d=\"m0 0c-0.66-0.218-1.696 0.537-1.617 2.12 0.072 1.43 0.638 2.769 0.856 3.614 0.3 1.166 0.302 2.29 0.048 1.653-0.572-1.424-1.637-4.177-1.857-6.045-0.221-1.868 0.339-3.072 1.1-3.483 0.948-0.515 1.631 0.302 2.093 1.506 0.444 1.153 0.36 2.499 0.052 2.182-0.258-0.331-0.354-1.44-0.675-1.547\" fill=\"#fff\"><\/path><\/g><g transform=\"matrix(7.3042,0,0,-6.7531,1348.2,594.54)\"><path d=\"m0 0c0.35 1.006 0.432 1.992 0.163 1.451-0.607-1.212-1.744-3.554-2.077-5.181-0.332-1.627 0.071-2.728 0.711-3.145 0.798-0.522 1.455 0.147 1.952 1.172 0.475 0.981 0.499 2.172 0.207 1.914-0.252-0.272-0.419-1.239-0.707-1.31-0.599-0.143-1.453 0.597-1.268 1.985 0.168 1.25 0.765 2.387 1.019 3.114\" fill=\"#fff\"><\/path><\/g><g transform=\"matrix(7.3042,0,0,-6.7531,1146.4,737.86)\"><path d=\"m0 0c0.585 1.027 0.876 2.092 0.47 1.554-0.906-1.202-2.621-3.535-3.313-5.246-0.69-1.711-0.47-2.996 0.145-3.581 0.767-0.73 1.622-0.13 2.369 0.889 0.717 0.977 0.985 2.273 0.61 2.052-0.329-0.249-0.705-1.272-1.036-1.291-0.681-0.036-1.467 0.945-0.985 2.423 0.436 1.334 1.317 2.456 1.74 3.2\" fill=\"#fff\"><\/path><\/g><g transform=\"matrix(7.3042,0,0,-6.7531,1500.2,535.46)\"><path d=\"m0 0c-0.671-0.182-1.663 0.631-1.497 2.208 0.151 1.423 0.792 2.728 1.055 3.558 0.366 1.149 0.429 2.27 0.14 1.65-0.648-1.392-1.864-4.08-2.189-5.934-0.325-1.853 0.166-3.086 0.904-3.539 0.92-0.564 1.644 0.212 2.174 1.39 0.507 1.126 0.499 2.474 0.172 2.174-0.275-0.318-0.432-1.419-0.759-1.507\" fill=\"#fff\"><\/path><\/g><g transform=\"matrix(7.3042,0,0,-6.7531,1498.7,666.11)\"><path d=\"m0 0c0.918-0.564 1.646 0.212 2.174 1.39 0.506 1.126 0.499 2.474 0.174 2.174-0.277-0.316-0.434-1.419-0.761-1.507-0.671-0.181-1.665 0.631-1.497 2.208 0.151 1.423 0.791 2.729 1.055 3.558 0.365 1.149 0.428 2.272 0.14 1.65-0.65-1.392-1.864-4.08-2.189-5.932-0.325-1.855 0.166-3.088 0.904-3.541\" fill=\"#fff\"><\/path><\/g><g transform=\"matrix(7.3042,0,0,-6.7531,1584.4,499.22)\"><path d=\"m0 0c0.442 1.39 0.518 2.747 0.168 1.996-0.786-1.684-2.256-4.936-2.65-7.181-0.392-2.243 0.203-3.734 1.096-4.283 1.111-0.682 1.99 0.257 2.631 1.681 0.611 1.363 0.602 2.996 0.208 2.631-0.333-0.383-0.524-1.715-0.92-1.822-0.81-0.22-2.013 0.763-1.81 2.671 0.183 1.722 0.958 3.301 1.277 4.307\" fill=\"#fff\"><\/path><\/g><g transform=\"matrix(7.3042,0,0,-6.7531,899.52,661.58)\"><path d=\"m0 0c0.723 1.694 0.985 3.39 0.453 2.487-1.191-2.021-3.434-5.934-4.2-8.706-0.767-2.773-0.199-4.721 0.856-5.52 1.316-0.992 2.535 0.084 3.512 1.795 0.935 1.641 1.121 3.696 0.582 3.285-0.465-0.44-0.867-2.094-1.377-2.181-1.048-0.178-2.44 1.204-1.954 3.579 0.44 2.143 1.606 4.035 2.128 5.261\" fill=\"#fff\"><\/path><\/g><g transform=\"matrix(7.3042,0,0,-6.7531,1639,775)\"><path d=\"m0 0c0.554 0.491 5.372 3.298 6.259 3.868 0 0 0.907 1.6 0.635 1.77-0.273 0.17-2.032-1.56-3.126-1.608-1.095-0.048-2.594 0.822-2.642 1.535 0.142 0.538 1.459 1.346 1.935 1.379 0.476 0.03 0.399-1.142 0.558-1.285 0.159-0.141 0.792 0.809 0.872 1.205 0.078 0.395 0.013 2.049-0.858 1.812-1.379-0.377-3.459-3.143-3.696-4.013-0.239-0.872 1.046-1.631 1.984-2.044-0.08-0.032-0.78-0.396-1.223-0.87 0 0-0.476-0.577-0.698-1.749\" fill=\"#fff\"><\/path><\/g><g transform=\"matrix(7.3042,0,0,-6.7531,1519,798.48)\"><path d=\"m0 0c0.554 0.491 5.372 3.296 6.259 3.868 0 0 0.909 1.6 0.635 1.77-0.273 0.17-2.032-1.56-3.126-1.608-1.095-0.048-2.594 0.822-2.642 1.535 0.142 0.538 1.459 1.346 1.935 1.377 0.476 0.032 0.399-1.139 0.558-1.281 0.159-0.143 0.792 0.807 0.872 1.203 0.078 0.395 0.011 2.049-0.858 1.812-1.379-0.379-3.459-3.143-3.696-4.015-0.239-0.87 1.046-1.629 1.982-2.042-0.078-0.032-0.778-0.395-1.221-0.87 0 0-0.476-0.577-0.698-1.749\" fill=\"#fff\"><\/path><\/g><g transform=\"matrix(7.3042,0,0,-6.7531,1248.7,458.72)\"><path d=\"m0 0c0.432-0.543 3.262-4.432 5.479-6.877 2.216-2.447 6.015-6.407 8.806-9.121 0.54-0.526 1.113-1.096 1.696-1.689 0.704-5.846 1.518-13.285 1.86-16.361 0.337-3.029 0.387-6.854 0.394-7.52 6e-3 -0.667 0.45-0.531 0.872 0.966 0.566 2.009 0.631 7.211 0.331 10.647-0.186 2.122-0.625 6.097-1.05 9.762 1.648-1.761 3.205-3.508 4.254-4.816 1.929-2.401 3.552-4.212 4.541-6.793 0.7-1.826 0.629-3.279 0.916-3.566 0.248-0.248 0.522 1.937 0.216 4.056-0.496 3.441-1.176 4.9-5.26 9.813-1.558 1.878-3.392 3.841-5.185 5.676-0.069 0.566-0.132 1.09-0.189 1.555-0.142 1.149-1.526 11.083-1.635 12.196-0.093 0.969-0.256 2.11-0.243 2.649 0.01 0.429 0.262 0.262 0.658-0.176 0.394-0.437 1.084-1.202 1.201-1.135 0.386 0.216-0.044 1.499-0.585 2.65-0.539 1.149-2.396 5.695-2.769 5.875-0.189 0.092-1.302-2.759-1.359-3.317 0.193-0.344 0.683-0.88 0.736-2.434 0.015-0.434 0.371-4.52 0.818-8.378 0.396-3.409 0.886-6.642 0.937-7.016l2e-3 -0.029c-1.849 1.824-3.478 3.373-4.466 4.346-2.31 2.271-7.412 7.66-7.617 8.467-0.046 0.255 0.35 0.098 1.078-0.028 0.731-0.127 1.381-0.396 1.264-8e-3 -0.053 0.183-0.333 0.635-1.03 1.101-0.698 0.467-2.486 1.677-3.816 2.533-1.333 0.855-1.993 1.572-2.268 1.367-0.136-0.101-0.015-3.03 0.065-3.395 0.333-0.031 0.918-0.455 1.348-1\" fill=\"#fff\"><\/path><\/g><g transform=\"matrix(7.3042,0,0,-6.7531,1275.3,423.15)\"><path d=\"m0 0c0.547 0.13 3.139 0.059 4.08-0.155-0.394-0.296-3.046-1.745-3.57-2.09-0.521-0.346-0.653-0.546-0.391-0.512 0.76 0.228 2.473 0.512 3.294 0.975 0.774 0.392 2.093 2.304 2.606 3.017 0.51 0.713 0.51 1.069 0.38 1.26-0.524 0.308-3.902 0.617-5.531 0.18-0.451-0.331-1.333-2.094-1.463-2.461-0.13-0.369 0.048-0.344 0.595-0.214\" fill=\"#fff\"><\/path><\/g><g transform=\"matrix(7.3042,0,0,-6.7531,1380.6,421.6)\"><path d=\"m0 0c0.442 0.105 2.531 0.048 3.288-0.124-0.317-0.239-2.453-1.407-2.875-1.687-0.423-0.277-0.528-0.439-0.317-0.411 0.613 0.182 1.994 0.411 2.655 0.786 0.623 0.316 1.686 1.857 2.099 2.43 0.411 0.576 0.411 0.862 0.306 1.015-0.42 0.251-3.143 0.499-4.456 0.146-0.364-0.266-1.073-1.687-1.178-1.983-0.107-0.296 0.038-0.277 0.478-0.172\" fill=\"#fff\"><\/path><\/g><g transform=\"matrix(7.3042,0,0,-6.7531,1466.2,420.5)\"><path d=\"m0 0c0.44 0.105 2.529 0.048 3.286-0.124-0.315-0.239-2.452-1.407-2.875-1.685-0.421-0.279-0.526-0.441-0.315-0.413 0.613 0.182 2.101 0.413 2.762 0.786 0.624 0.316 1.363 1.857 1.776 2.432 0.413 0.574 0.413 0.862 0.306 1.013-0.42 0.251-2.929 0.499-4.24 0.148-0.364-0.268-1.075-1.689-1.18-1.985s0.038-0.277 0.48-0.172\" fill=\"#fff\"><\/path><\/g><g transform=\"matrix(7.3042,0,0,-6.7531,1412.8,462.19)\"><path d=\"m0 0c-0.694-1.182 0.176-2.136 0.493-3.091-0.428-0.423-1.086-0.037-1.306 0.334-0.468 0.761-0.311 2.312-0.862 2.551-0.141-0.419-0.233-0.884-0.233-0.884s0.419-1.061 0.314-1.763c-0.067-0.424-0.413-0.919-0.87-0.929-1.218-0.032-0.618 1.918-1.088 3.023-0.096-0.27-0.165-0.56-0.277-0.813 0.086-0.288 0.133-0.692 0.147-0.925 0.028-0.463-6e-3 -0.962 0.067-1.357 0.101-0.559 0.388-0.93 0.826-0.966 0.91-0.078 1.325 0.719 1.462 1.373 0.157-0.667 1.36-1.402 1.952-0.583 0.784 1.08 0.157 2.005-0.245 3.021-0.29 0.751-0.206 1.244-0.38 1.009\" fill=\"#fff\"><\/path><\/g><g transform=\"matrix(7.3042,0,0,-6.7531,1163.1,441.02)\"><path d=\"m0 0c0.063-0.486 0.294-0.818 0.671-0.868 0.778-0.107 1.172 0.562 1.319 1.118 0.103-0.581 1.109-1.265 1.656-0.587 0.723 0.897 0.222 1.721-0.08 2.614-0.216 0.662-0.123 1.082-0.283 0.887-0.65-0.986 0.059-1.849 0.29-2.686-0.388-0.344-0.937 0.017-1.111 0.344-0.37 0.677-0.168 2.006-0.63 2.237-0.14-0.356-0.239-0.751-0.239-0.751s0.313-0.933 0.191-1.532c-0.075-0.363-0.394-0.774-0.79-0.763-1.049 0.025-0.447 1.679-0.805 2.65-0.093-0.227-0.166-0.476-0.275-0.686 0.063-0.254 0.086-0.602 0.086-0.805 8e-3 -0.4-0.044-0.826 0-1.172\" fill=\"#fff\"><\/path><\/g><g transform=\"matrix(7.3042,0,0,-6.7531,1344.4,750.3)\"><path d=\"m0 0c0.117 0.201 0.375 0.753 0.31 1.13s-0.492 1.95-1.321 2.344c-0.824 0.394-1.448-0.432-1.843-1.581l-0.274 7e-3c-0.065-0.17-0.147-0.424-0.212-0.883-0.092-0.663-0.266-1.09-1.317-2.122-0.884-0.864-3.748-2.939-5.604-3.914-1.858-0.977-3.195-1.82-3.688-2.076-0.491-0.252-0.348-0.346 0.143-0.187 0.49 0.158 2.956 1.017 3.939 1.455 0.981 0.441 2.181 1.166 3.627 2.181 1.608 1.128 2.569 2.256 2.892 3.256 0.23 0.713 0.289 0.998 0.289 0.998s0.604-0.386 1.629-0.639c1.021-0.254 1.311-0.172 1.43 0.031m-1.386 2.235c0.455-0.187 0.732-0.723 0.814-1.048-0.522-0.013-1.483 0.274-1.892 0.474 0.246 0.515 0.674 0.738 1.078 0.574\" fill=\"#fff\"><\/path><\/g><g transform=\"matrix(7.3042,0,0,-6.7531,1264.9,757.77)\"><path d=\"m0 0c-1.426 0.214-5.019 0.805-5.898 3.061 0.738 1.164 4.137 2.638 8.395 4.017 4.258 1.376 8.707 3.162 9.903 4.024 0.262 0.096 0.769 0.067 0.769 0.067 0.214 0.667 1.283 3.009 1.35 3.499-1.19-0.073-8.525-0.656-11.783-0.845-3.26-0.19-9.538-0.144-11.63-0.119 1.283 0.998 4.328 2.946 8.68 4.608 0.564 0.216 1.086 0.411 1.573 0.587 0.362-0.698 0.631-1.388 0.687-1.989 0.277 0.308 0.485 1.329 0.415 2.377 2.537 0.876 3.844 1.166 4.408 1.331 0.356 0.499 0.987 2.517 1.081 3.984-0.379 0.747-1.566 1.677-2.622 2.476-1.455 1.099-3.024 2.057-4.59 1.638-2.141-0.568-2.57-4.822-2.071-5.724 0.159-0.285 0.536-0.79 0.981-1.413-1.564-0.665-3.2-1.447-4.642-2.269-3.212-1.83-6.798-3.832-7.844-5.757l-0.3-0.158c-0.084-0.182-0.746-3.161-0.842-3.482 0.668 0.025 5.656 0.015 9.13 0.132 3.472 0.12 6.508 0.239 7.697 0.239-1.761-0.451-6.376-2.306-7.703-3.397-1.327-1.094-2.161-2.757-2.183-5.608-1.237 0.524-3.536 1.721-5.495 4.587-2.184 3.194-1.732 6.479-2.606 10.79-1.27 6.256-3.982 11.538-5.671 13.154-0.569-2.208-0.642-3.872-0.642-3.872s2.116-5.06 3.187-8.29c1.071-3.231 1.986-6.414 1.941-7.127-0.882-2.092-6.103-6.474-10.454-9.039-4.126-2.432-7.761-2.694-9.049-0.962-0.253 0.338-0.425 0.738-0.522 1.191 0.56 0.283 1.122 0.568 1.698 0.853 3.71 1.828 10.299 5.676 11.843 7.695 1.666 2.447 1.643 5.892 0.666 7.864-0.973 1.971-2.499 4.253-2.618 5.06-0.093 0.381 0.991-0.155 1.631-0.191 0.31 0.025 0.155 0.476-0.51 1.189-0.532 0.568-2.589 2.411-3.375 3.13-0.197 0.183-0.344 0.109-0.384-0.084-0.153-0.736-0.466-2.312-0.587-3.09l0.084-0.392c0.226-0.145 0.486-0.308 0.612-0.715 0.178-0.577 0.801-2.187 1.822-4.219 1.023-2.031 2.501-4.273 2.646-5.405-1.202-1.658-7.263-5.189-13.167-8.099 0.365 1.224 0.941 2.608 1.705 4.145 0.217 0.26 0.415 0.581 0.599 0.943 0.589 1.164 0.646 2.587 0.289 2.286-0.306-0.319-0.526-1.474-0.876-1.552-0.717-0.159-1.723 0.746-1.47 2.401 0.229 1.493 0.967 2.841 1.286 3.704 0.442 1.194 0.563 2.374 0.228 1.732-0.753-1.434-2.166-4.212-2.6-6.153-0.432-1.938 0.027-3.263 0.784-3.776 0.283-0.195 0.554-0.256 0.812-0.218-0.518-1.066-1.158-2.374-1.625-3.934-2.374-1.149-4.684-2.176-6.596-2.916-6.873-2.661-11.771-4.229-15.197-5.393l-0.134-0.065c0.252 0.881 0.218 1.633-0.052 1.407-0.306-0.321-0.525-1.476-0.875-1.552-0.717-0.159-1.723 0.745-1.471 2.401 0.23 1.493 0.968 2.839 1.287 3.703 0.44 1.193 0.562 2.375 0.228 1.732-0.754-1.434-2.166-4.212-2.6-6.152-0.433-1.939 0.026-3.264 0.782-3.778 0.942-0.64 1.745 0.145 2.361 1.359l0.216 0.499c0.214 0 0.575 0.054 1.114 0.184 1.57 0.382 5.495 0.998 10.892 1.759 3.996 0.562 6.755 1.749 9.422 3.07-0.012-0.319-0.015-0.644-2e-3 -0.979 0.145-3.961 2.545-5.079 5.827-4.338 3.166 0.719 7.581 3.859 10.227 5.977 2.759 2.208 4.351 4.181 4.757 4.869 0.736 1.687 0.938 3.551 0.988 4.43 0.241-2.422 0.436-5.774 2.554-8.649 1.95-2.646 5.946-6.338 13.462-6.439 0.025 0.967-0.333 3.986-0.333 3.986m-0.497 24.544c1.076 1.306 3.372 0.452 5.095-1.204-0.883-0.224-2.082-0.623-3.405-1.134-0.786 1.025-1.663 2.013-1.69 2.338\" fill=\"#fff\"><\/path><\/g><g transform=\"matrix(7.3042,0,0,-6.7531,952.63,471.1)\"><path d=\"m0 0c0.488 0.241 1.981 0.967 3.59 1.981 1.606 1.007 3.115 2.227 3.853 3.038 0.283 0.311 0.535 0.554 0.696 0.843 0.482-0.216 0.814-0.44 1.021-0.528 0.311-0.13 0.726-0.317 0.996 0.641 0.269 0.957-0.088 1.575-0.614 2.313-0.445 0.619-1.151 1.549-1.724 1.78-0.486 0.197-0.717-0.977-0.643-0.948h0.325l0.063-0.033c-0.669-0.365-1.187-1.501-1.239-1.9-0.053-0.434 0.023-0.754 0.983-1.021l0.386-0.123c-0.801-1.026-2.294-2.087-3.311-2.839-1.443-1.07-3.491-2.407-4.074-2.793-0.583-0.384-0.534-0.505-0.308-0.411m8.672 7.538 0.052 0.513c0.675-0.832 1.176-1.822 1.126-1.962-0.31-0.027-0.696 0.283-1.371 0.595 0.075 0.248 0.138 0.522 0.193 0.854m-1.938-1e-3c-4e-3 0.156 0.256 0.59 0.806 0.827 0.549 0.239 0.792-0.428 0.84-1.24l-0.163-0.325-0.495 0.185c-0.524 0.166-0.878 0.26-0.988 0.553\" fill=\"#fff\"><\/path><\/g><g transform=\"matrix(7.3042,0,0,-6.7531,1215.5,576.87)\"><path d=\"m0 0c0.792 0.566 2.969 2.266 4.204 3.38 0.859 0.774 1.868 1.914 2.553 2.878 0.43-0.301 0.831-0.568 1.196-0.8 0.704-0.445 0.987-1.105 0.987-1.105 0.13 0.216 0.736 1.398 0.499 1.973-0.142 0.188-1.008 0.735-1.893 1.321 0.449 1.09 1.067 2.975 0.182 3.635-0.757 0.56-2.034-0.367-2.625-1.57-0.488-0.996-0.551-1.841 0.38-2.533 0.262-0.195 0.513-0.379 0.759-0.554-0.939-1.111-2.669-2.755-3.9-3.874-1.529-1.384-2.975-2.741-3.227-3.065l-0.073-0.126c-0.334 1.006-0.243 1.627-0.491 1.293-1.071-1.817 0.271-3.289 0.759-4.759-0.66-0.648-1.671-0.053-2.01 0.514-0.722 1.174-0.481 3.558-1.326 3.927-0.218-0.644-0.36-1.361-0.36-1.361s0.643-1.633 0.48-2.711c-0.101-0.652-0.635-1.415-1.336-1.428-1.876-0.052-0.951 2.95-1.675 4.65-0.147-0.417-0.252-0.863-0.428-1.249 0.133-0.447 0.206-1.067 0.225-1.426 0.048-0.713-6e-3 -1.478 0.105-2.09 0.155-0.86 0.597-1.432 1.272-1.485 1.399-0.123 2.038 1.107 2.25 2.11 0.241-1.026 2.094-2.154 3.005-0.896 1.207 1.663 0.241 3.087-0.376 4.651l-0.073 0.203c0.086-0.033 0.409 0.12 0.937 0.497m5.472 9.364c0.464 0.931 1.441 1.01 1.734 0.522 0.233-0.388 0.252-1.145-0.098-1.944-0.862 0.585-1.631 1.158-1.636 1.422\" fill=\"#fff\"><\/path><\/g><g transform=\"matrix(7.3042,0,0,-6.7531,992.43,536.89)\"><path d=\"m0 0c-1.648 0.126-2.535 1.759-3.042 4.118-0.508 2.359-0.197 5.47-0.059 6.267 0.138 0.796-0.639 0.385-0.941-1.548-0.3-1.931-0.602-5.019 0.461-8.252 1.061-3.229 2.87-4.434 4.455-4.021 1.585 0.411 2.98 4.434 3.472 6.239 0.491 1.806 2.688 9.171 3.932 9.567 0.174-0.903-0.967-3.168-1.332-6.573-0.363-3.405 0.269-7.871 4.265-8.663 3.996-0.793 6.707 2.011 7.69 3.96 0.984 1.946 1.443 3.992 1.554 5.02 0.128-2.613 1.776-6.693 4.977-7.856 3.093-1.124 5.456-0.095 6.5 1.362 0.927 1.294 1.682 3.959 1.747 6.003 0.063 2.042-1.569 5.779-1.934 6.969-0.366 1.187-0.555 2.011-0.587 2.422-0.031 0.411 0.826-0.476 1.365-0.65 0.365-0.079 0.237 0.776-0.207 1.363-0.443 0.585-2.841 4.518-3.009 4.244-0.103-0.164-1.063-3.057-1.126-3.5 0.38-0.27 0.82-1.014 0.853-1.727 0.03-0.713 0.665-3.848 1.252-5.59s1.728-5.084 1.808-6.003c-1.141-0.87-3.711-1.977-6.152-0.855-2.441 1.126-3.22 2.757-3.489 5.671-0.172 1.862-0.189 5.292-0.803 8.16-0.346 1.621-1.075 3.269-1.941 4.144-0.204-0.537-1.124-3.848-1.124-3.848 0.3-0.95 1.233-4.149 1.203-6.921-0.033-2.77-0.235-5.481-3.107-7.349-2.87-1.868-6.959-1.124-8.022 1.791-1.063 2.914 1.3 9.47 1.269 11.196-0.032 1.726-0.319 1.965-0.984 1.679-0.666-0.285-2.031-1.949-3.203-4.656-1.174-2.709-1.695-5.416-2.363-7.697-0.665-2.281-1.73-4.592-3.378-4.466\" fill=\"#fff\"><\/path><\/g><g transform=\"matrix(7.3042,0,0,-6.7531,642.92,468.66)\"><path d=\"m0 0c2.028 0.159 3.742 1.822 4.185 2.264 0.444 0.445 0.683 1.108 0.365 0.856-2.346-2.265-5.485-2.329-5.661-1.948 0.08 0.38 0.906 0.998 2.111 1.868 0.732 0.529 1.384 1.025 1.872 1.728l0.133-0.025c0.893-0.212 1.924-0.634 2.239-0.296 0.513 0.547 0.581 1.443 0.025 2.409-0.47 0.82-1.566 1.583-2.518 2.134-0.95 0.548-1.134-0.327-1.256-0.639-0.117-0.291-0.069-0.539 0.132-0.545-0.306-0.451-0.524-1.032-0.604-1.512-0.052-0.31-0.01-0.564 0.107-0.773 0.034-0.059 0.21-0.292 0.543-0.43l0.413-0.139c-0.711-0.71-1.53-1.266-1.96-1.547-0.776-0.507-1.696-1.394-1.981-2.311-0.286-0.92-0.175-1.253 1.855-1.094m3.585 6.47 0.078 0.468v0.3c0.643-0.506 1.671-1.464 1.608-2.038-0.407 0.1-1.183 0.277-1.92 0.482 0.094 0.239 0.171 0.501 0.234 0.788m-1.906-0.146c-0.473 0.408-0.012 0.815 0.407 1.077 0.541 0.338 0.858 0.059 1.135-0.828-0.097-0.254-0.233-0.501-0.393-0.738-0.421 0.141-1.014 0.367-1.149 0.489\" fill=\"#fff\"><\/path><\/g><g transform=\"matrix(7.3042,0,0,-6.7531,687.36,635.95)\"><path d=\"m0 0c-0.583-0.547-0.809-2.327-0.69-2.434 0.118-0.107 1.94-0.772 2.225-0.916l0.13 0.536c0.868-0.843 1.83-5.049 2.044-5.061 0.214-0.011 0.524 0.476 0.727 1.593 0.187 1.036 0.374 2.586 0.569 3.848 0.182 1.155 0.465 1.816 1.107 1.948 0.643 0.13 1.119-0.761 1.285-1.367 0 0 0.451 1.165 0.547 1.889-0.107 0.381-1.107 1.817-1.927 1.342-0.821-0.476-1.335-2.491-1.501-3.751-0.167-1.258-0.295-2.818-0.497-3.068-0.212 1.074-0.891 2.996-1.711 4.076-0.922 1.21-2 1.654-2.308 1.365\" fill=\"#fff\"><\/path><\/g><g transform=\"matrix(7.3042,0,0,-6.7531,630.59,621.43)\"><path d=\"m0 0c0.761 0.226 2.474 0.51 3.294 0.973 0.773 0.392 2.092 2.304 2.604 3.017 0.511 0.713 0.512 1.071 0.382 1.26-0.523 0.31-3.902 0.617-5.532 0.18-0.45-0.329-1.331-2.092-1.461-2.461-0.132-0.367 0.048-0.344 0.594-0.214 0.547 0.132 3.14 0.061 4.078-0.153-0.391-0.298-3.043-1.747-3.567-2.092-0.522-0.344-0.654-0.546-0.392-0.51\" fill=\"#fff\"><\/path><\/g><g transform=\"matrix(7.3042,0,0,-6.7531,1778.1,690.36)\"><path d=\"m0 0c-0.078 2.137-1.046 5.418-4.726 10.452-1.27 1.738-3.057 4-4.942 6.317-0.052 0.79-0.104 1.512-0.151 2.132-0.247 3.189-1.084 9.695-1.444 13.541-0.088 0.97-0.095 2.002-0.082 2.541 0.013 0.428 0.298 0.371 0.69-0.069 0.392-0.439 0.996-1.08 1.122-1.036 0.268 0.1 0.035 1.071-0.5 2.222-0.534 1.153-2.553 5.816-2.924 5.997-0.191 0.092-1.143-2.646-1.202-3.206 0.189-0.344 0.677-0.879 0.724-2.436 0.05-1.556 0.918-10.746 1.417-16.537l0.027-0.323c-2.818 3.403-5.472 6.506-6.564 7.764-0.189 0.218-0.397 0.466-0.621 0.732-0.178 1.549-0.342 3.025-0.455 4.244-0.092 0.968-0.098 2.002-0.082 2.541 9e-3 0.427 0.296 0.369 0.688-0.071 0.394-0.439 0.996-1.08 1.122-1.034 0.268 0.098 0.035 1.069-0.501 2.222-0.533 1.153-2.638 5.923-3.011 6.104-0.189 0.092-1.185-2.864-1.244-3.42 0.191-0.346 0.678-0.881 0.726-2.438 0.019-0.661 0.178-2.665 0.39-5.194-1.868 2.401-3.697 4.915-3.827 5.426-0.046 0.252 0.349 0.097 1.08-0.031 0.728-0.126 1.411-0.363 1.294 0.027-0.055 0.181-0.333 0.633-1.03 1.101-0.698 0.467-2.486 1.677-3.816 2.531-1.333 0.855-1.993 1.574-2.268 1.369-0.136-0.101-0.015-3.032 0.063-3.395 0.335-0.033 0.954-0.302 1.348-0.872 0.398-0.57 2.946-4.434 4.961-7.047 0.58-0.752 1.488-1.918 2.551-3.264 0.208-2.407 0.426-4.894 0.606-6.972 0.409-4.74 1.879-17.241 1.893-21.304-1.085-1.101-3.304-2.637-5.587-2.669-2.283-0.031-3.535 0.619-4.455 2.455-0.284 0.569-0.548 1.141-0.81 1.659-0.622 1.231-2.01 1.922-3.348 1.583l-0.204-0.059-0.364-0.189c-0.906-0.513-1.843-1.373-2.759-2.707-1.584-2.314-2.596-4.824-3.768-6.998-1.221-2.264-2.158-3.783-4.3-3.42-1.508 0.256-2.653 1.655-3.359 3.376 1.983 1.484 3.423 3.42 4.476 6.103 1.371 3.487 1.86 7.418 1.738 11.838-0.117 4.16-1.87 13.947-2.333 17.698-0.462 3.753-1.126 6.833-1.049 7.634 0.072 0.773 1.21-1.047 1.793-1.183 0.298 0.072 0.138 1.233-0.428 2.214-0.384 0.667-1.6 3.701-2.396 5.164-0.374 0.692-0.464 1.093-0.638 1.175-0.172 0.085-1.497-2.976-1.337-3.309 0.392-0.606 0.66-0.895 0.742-1.981 0.084-1.086 0.992-9.058 1.786-14.929 0.598-4.43 1.919-12.477 2.089-18.425 0.056-1.941-0.2-3.334-0.422-4.112-0.57-1.192-1.499-2.516-4.763-5.029-0.504 3.551 0.044 6.436-0.434 6.703-0.539-0.063-0.625-1.718-0.686-3.76-0.03-0.943 8e-3 -2.249 0.172-3.652-4.009-2.898-9.305-5.537-11.792-6.946-1.459-0.828-0.933-1.021 0.302-0.608 1.235 0.415 8.022 2.34 11.645 4.401l0.39 0.234c0.184-0.691 0.407-1.36 0.681-1.977 1.219-2.74 2.961-4.367 4.848-4.208 1.587 0.132 2.738 1.969 3.742 4.16 1.015 2.218 2.73 6.43 4.412 7.997 0.646 0.604 1.314 1.082 1.964 1.369 0 0 1.149 0.415 2.206-0.332 0.379-0.27 0.662-0.654 0.841-1.084 0.417-0.987 0.91-2.243 1.918-3.295 1.776-1.85 4.632-1.468 6.774-0.392 2.139 1.077 3.231 2.757 3.707 4.753 0.812 3.415 0.682 6.914 0.527 10.022-0.179 3.547-0.703 7.172-1.001 11.013-0.096 1.235-0.283 2.953-0.498 4.816 2.086-2.604 4.252-5.247 5.566-6.692 0.453-0.499 0.931-1.053 1.422-1.638 0.392-5.814 0.769-13.089 0.968-16.142 0.197-3.042 0.07-6.866 0.047-7.531-0.024-0.665 0.318-0.551 0.809 0.925 0.658 1.981 1.071 7.176 0.927 10.621-0.086 2.047-0.275 5.779-0.479 9.309 1.619-2.081 3.156-4.182 4.156-5.6 1.778-2.518 3.411-5.512 3.982-7.38 0.57-1.87 0.633-2.424 0.744-2.757s0.602 1.031 0.524 3.168\" fill=\"#fff\"><\/path><\/g><\/g><path id=\"sword\" d=\"m1558.8 1170.7c-1.1729-3.3554-4.7649-5.8169-9.0607-5.8169s-7.8806 2.4615-9.0608 5.8169h-40.678c-0.4105-4.5128-0.01-9.0477 1.2683-13.465l83.981-0.051 2.3385 3.9414c2.1113 3.5531 4.7797 6.7619 7.8731 9.5751zm55.596-39.026h-100.92c7.7559-5.5971 11.824-13.766 10.732-22.029-0.6964-5.2089-5.8571-9.099-12.147-9.6264h-3.1596c-7.6532 0.7472-13.203 6.2637-12.396 12.322l0.3079 2.3297 0.3738 3.5824c0.4106 4.4982 0.015 9.0183-1.2535 13.421h-745.97c11.077 16.117 31.273 26 53.082 25.985l680.71-0.4178c-7.7852 5.6044-11.868 13.788-10.769 22.066 0.8064 6.0585 7.6533 10.374 15.307 9.6263 7.6459-0.7472 13.195-6.2637 12.396-12.33l-0.3079-2.3223h40.004c0.7037 3.9048 4.6037 6.9011 9.354 6.9011s8.6502-2.9963 9.3613-6.9011h40.693v-0.095c8.4963 6.0294 19.294 9.4946 30.716 9.4946 10.747 0 19.456-7.4652 19.456-16.681v-4.8205c0-16.842-15.922-30.506-35.569-30.506\" fill=\"#fff\"><\/path><\/g><\/svg>                                                            \n                                                            <span class=\"eael-tab-title title-after-icon\" >\u0645\u0644\u062e\u0635<\/span>                            \n                                                    <\/li>\n                    \n                                  <\/ul>\n            <\/div>\n            \n            <div class=\"eael-tabs-content\">\n\t\t        \n                    <div id=\"abstract-tab\" class=\"clearfix eael-tab-content-item active-default\" data-title-link=\"abstract-tab\">\n\t\t\t\t        <p>On Monday, July 23, 2018, the Senegalese capital hosted the first <em>Universit\u00e9 populaire de l\u2019engagement citoyen<\/em> (UPEC). This Pan-African summit of social movements was organized under the auspices of the movements \u201cY\u2019en a marre\u201d, Projet South, Filimbi, and Lucha, among others. In total, fifty-five social movements from thirty African countries and its diasporas participated in the summit that launched the Afrikki* network. This article shows that \u201cY\u2019en a marre\u201d and similar movements are spearheading the \u201crenewal\u201d of Pan-Africanism that has entered a new phase that I call \u201cneo-Pan-Africanism.\u201d In this regard, Francophone Africa can be considered the epicenter of Pan-Africanism in the 21st century, in the sense that it allows activists to fight collectively for good governance, against neocolonial processes, and to build a new transatlantic cooperation.    <\/p>\n<h5>Keywords<\/h5>\n<p>Upec, n\u00e9o panafricanisme, Afrikki, Francophone Africa, panafricanisme, activisme<\/p>\n<p>https:\/\/afrikki.org<\/p>\n                    <\/div>\n\t\t        \n                    <div id=\"rsum-tab\" class=\"clearfix eael-tab-content-item inactive\" data-title-link=\"rsum-tab\">\n\t\t\t\t        <p>Le lundi 23 juillet 2018, la capitale s\u00e9n\u00e9galaise a accueilli la premi\u00e8re Universit\u00e9 populaire de l\u2019engagement citoyen (Upec). Ce sommet panafricain des mouvements sociaux a \u00e9t\u00e9 organis\u00e9 sous les auspices des mouvements \u00ab Y\u2019en a marre \u00bb, Projet South, Filimbi, et Lucha, entre autres. Au total, cinquante-cinq mouvements sociaux de trente pays d\u2019Afrique et ses diasporas ont particip\u00e9 au sommet qui a assur\u00e9 le lancement du r\u00e9seau Afrikki. Cet article montre que \u00ab Y\u2019en a marre \u00bb et des mouvements similaires sont le fer de lance du \u00ab renouveau \u00bb du panafricanisme entr\u00e9 dans une nouvelle phase que j\u2019appelle \u00ab n\u00e9o-Panafricanisme \u00bb. \u00c0 cet \u00e9gard, l\u2019Afrique francophone peut \u00eatre consid\u00e9r\u00e9e comme l\u2019\u00e9picentre du panafricanisme au xxie si\u00e8cle, en ce sens qu\u2019il permet aux activistes de lutter collectivement pour une bonne gouvernance, contre les processus n\u00e9ocoloniaux, et de construire une nouvelle coop\u00e9ration transatlantique.    <\/p>\n<h5>Mots-cl\u00e9s<\/h5>\n<p>Upec, n\u00e9o-panafricanisme, Afrikki, Francophone Africa, panafricanisme, activisme.<\/p>\n                    <\/div>\n\t\t        \n                    <div id=\"muhtasari-tab\" class=\"clearfix eael-tab-content-item inactive\" data-title-link=\"muhtasari-tab\">\n\t\t\t\t        <p>Mnamo Jumatatu, Julai 23, 2018, mji mkuu wa Senegal ulishiriki chuo kikuu cha kwanza maarufu cha ushiriki wa raia &lsquo;(Upec). Mkutano huu wa kilele wa Afrika wa harakati za kijamii uliandaliwa chini ya hoja za harakati \u00ab Y&rsquo;en a marre \u00bb, Projet Kusini, Filimbi, na Lucha, miongoni mwa wengine. Kwa jumla, harakati hamsini na tano za kijamii kutoka nchi thelathini za &lsquo;Afrika na diasporas zake zilishiriki katika mkutano huo ambao ulihakikisha uzinduzi wa mtandao wa Afrikki. Nakala hii inaonyesha kuwa \u00ab Y&rsquo;en a marre \u00bb na harakati zinazofanana ni mkuki wa \u00ab upya \u00bb ya panafricanism iliyoingizwa katika awamu mpya ambayo ninayoiita \u00ab neo-Panafricanism \u00bb. Katika suala hili, Afrika inayozungumza Kifaransa inaweza kuzingatiwa kama kituo cha pan-Afrika katika karne ya XXI, kwa maana ambayo inaruhusu wanaharakati kupigania kwa pamoja utawala bora, dhidi ya michakato ya neocolonial, na dhidi ya, na kujenga ushirikiano mpya wa transatlantic.    <\/p>\n<h5>Maneno muhimu<\/h5>\n<p>Upec, neo-panafricanism, Afrikki, pan-africanism, mwanaharakati. <\/p>\n                    <\/div>\n\t\t        \n                    <div id=\"-tab\" class=\"clearfix eael-tab-content-item inactive\" data-title-link=\"-tab\">\n\t\t\t\t        <p>\u0627\u062d\u062a\u0636\u0646\u062a \u0627\u0644\u0639\u0627\u0635\u0629 \u0627\u0644\u0633\u0646\u063a\u0627\u0644\u064a\u0651\u0629 \u062f\u0627\u0643\u0627\u0631 \u064a\u0648\u0645 \u0627\u0644\u0625\u062b\u0646\u064a\u0646 23 \u062c\u0648\u064a\u0644\u064a\u0629 2018 \u0645\u0624\u062a\u0645\u0631 \u0642\u0645\u0651\u0629 \u0623\u0648\u0651\u0644 \u062c\u0627\u0645\u0639\u0629 \u0634\u0639\u0628\u064a\u0651\u0629 \u0644\u0644\u0627\u0644\u062a\u0632\u0627\u0645 \u0627\u0644\u0645\u0648\u0627\u0637\u0646\u064a (Upec). \u0646\u064f\u0638\u0651\u0645\u062a \u0647\u0630\u0647 \u0627\u0644\u0642\u0645\u0651\u0629 \u0627\u0644\u0623\u0641\u0631\u064a\u0642\u064a\u0651\u0629 \u0644\u0644\u062d\u0631\u0643\u0627\u062a \u0627\u0644\u0627\u062c\u062a\u0645\u0627\u0639\u064a\u0651\u0629 \u0628\u0631\u0639\u0627\u064a\u0629 \u0645\u0646\u0638\u0645\u0627\u062a \u0645\u0646 \u0628\u064a\u0646\u0647\u0627 \u0645\u0646\u0638\u0645\u0629 \u00a0\u00bb \u0644\u0642\u062f \u0633\u0626\u0645\u0646\u0627\u00a0\u00bb (Y\u2019en a marre) \u0648\u0645\u0634\u0631\u0648\u0639 \u0627\u0644\u062c\u0646\u0648\u0628 (Projet South) \u0648\u0641\u064a\u0644\u0645\u0628\u064a (Filimbi) \u0648 \u0644\u0648\u0634\u0627 (Lucha). \u0644\u0642\u062f \u0634\u0627\u0631\u0643 \u0641\u064a \u0647\u0630\u0647 \u0627\u0644\u0642\u0645\u0651\u0629 \u062e\u0645\u0633\u0629 \u0648\u062e\u0645\u0633\u0648\u0646 \u062d\u0631\u0643\u0629 \u0627\u062c\u062a\u0645\u0627\u0639\u064a\u0651\u0629 \u0645\u0646 \u062b\u0644\u0627\u062b\u064a\u0646 \u0628\u0644\u062f\u0627 \u0627\u0641\u0631\u064a\u0642\u064a\u0651\u0627 \u0648\u0645\u0646 \u0627\u0644\u0634\u062a\u0627\u062a \u0627\u0644\u0623\u0641\u0631\u064a\u0642\u064a \u0627\u0646\u0628\u062b\u0642 \u0639\u0646\u0647\u0627 \u0625\u0637\u0644\u0627\u0642 \u0634\u0628\u0643\u0629 \u0623\u0641\u0631\u064a\u0643\u0650\u0643\u0650\u064a (Afrikki) .\u0648\u0639\u0644\u064a\u0647\u060c \u0641\u0625\u0646\u0651\u0646\u0627 \u0646\u0628\u064a\u0651\u0646 \u0645\u0646 \u062e\u0644\u0627\u0644 \u0647\u0630\u0627 \u0627\u0644\u0645\u0642\u0627\u0644 \u0623\u0646\u0651 \u062d\u0631\u0643\u0629 \u00ab\u00a0Y\u2019en a marre\u00a0\u00bb (\u0644\u0642\u062f \u0633\u0626\u0645\u0646\u0627) \u0648\u0627\u0644\u062d\u0631\u0643\u0627\u062a \u0627\u0644\u0634\u0628\u064a\u0647\u0629 \u0628\u0647\u0627 \u0647\u064a \u0627\u0644\u0642\u0648\u0651\u0629 \u0627\u0644\u062f\u0627\u0641\u0639\u0629 \u0644\u00a0\u00bb\u062a\u062c\u062f\u064a\u062f\u00a0\u00bb \u0627\u0644\u0646\u0632\u0639\u0629 \u0627\u0644\u0623\u0641\u0631\u064a\u0642\u0627\u0646\u064a\u0651\u0629 \u0627\u0644\u062a\u064a \u062f\u062e\u0644\u062a \u0641\u064a \u0645\u0631\u062c\u0644\u0629 \u062c\u062f\u064a\u062f\u0629 \u0623\u0633\u0645\u0651\u064a\u0647\u0627 : \u00ab\u00a0\u0627\u0644\u0623\u0641\u0631\u064a\u0642\u0627\u0646\u064a\u0651\u0629 \u0627\u0644\u062c\u062f\u064a\u062f\u0629\u00a0\u00bb. \u0648\u0641\u064a \u0647\u0630\u0627 \u0627\u0644\u0635\u062f\u062f \u064a\u0645\u0643\u0646 \u0627\u0639\u062a\u0628\u0627\u0631 \u0623\u0641\u0631\u064a\u0642\u064a\u0627 \u0627\u0644\u0641\u0631\u0646\u0643\u0641\u0648\u0646\u064a\u0651\u0629 \u0645\u0631\u0643\u0632 \u0627\u0644\u0623\u0641\u0631\u064a\u0642\u0627\u0646\u064a\u0651\u0629 \u0641\u064a \u0627\u0644\u0642\u0631\u0646 \u0627\u0644\u0648\u0627\u062d\u062f \u0648\u0627\u0644\u0639\u0634\u0631\u064a\u0646\u060c \u0628\u0645\u0639\u0646\u0649 \u0643\u0648\u0646\u0647\u0627 \u062a\u0645\u0643\u0651\u0646 \u0627\u0644\u0646\u0627\u0634\u0637\u064a\u0646 \u0627\u0644\u0627\u062c\u062a\u0645\u0627\u0639\u064a\u064a\u0646 \u0627\u0644\u0623\u0641\u0627\u0631\u0642\u0629 \u0645\u0646 \u0627\u0644\u0646\u0636\u0627\u0644 \u0641\u064a \u0635\u0641\u0651 \u0648\u0627\u062d\u062f \u0645\u0646 \u0623\u062c\u0644 \u062d\u0648\u0643\u0645\u0629 \u0631\u0634\u064a\u062f\u0629 \u0641\u064a \u062a\u0636\u0627\u062f \u0645\u0639 \u0627\u0644\u062a\u0645\u0634\u0651\u064a \u0627\u0644\u0627\u0633\u062a\u0639\u0645\u0627\u0631\u064a \u0627\u0644\u062c\u062f\u064a\u062f \u0648\u0628\u064f\u063a\u0652\u064a\u0629 \u0628\u0646\u0627\u0621 \u0623\u0633\u0633 \u062c\u062f\u064a\u062f\u0629 \u0644\u0644\u062a\u0639\u0627\u0648\u0646 \u0628\u064a\u0646 \u0636\u0641\u0651\u062a\u064a \u0627\u0644\u0623\u0637\u0644\u0633\u064a<\/p>\n<h5>.\u0627\u0644\u0643\u0644\u0645\u0627\u062a \u0627\u0644\u0645\u0641\u0627\u062a\u064a\u062d \u0627\u064a\u0628\u0627\u0643<\/h5>\n<p>(Upec ) \u2013 \u0627\u0644\u0623\u0641\u0631\u064a\u0642\u0627\u0646\u064a\u0651\u0629 \u0627\u0644\u062c\u062f\u064a\u062f\u0629- \u0623\u0641\u0631\u064a\u0643\u0650\u0643\u0650\u064a (Afrikki) \u2013 \u0627\u0644\u0646\u0632\u0639\u0629 \u0627\u0644\u0648\u062d\u062f\u0648\u064a\u0651\u0629 \u0627\u0644\u0623\u0641\u0631\u064a\u0642\u064a\u0651\u0629- \u0627\u0644\u0646\u0634\u0627\u0637 \u0627\u0644\u0627\u062c\u062a\u0645\u0627\u0639\u064a]<\/p>\n                    <\/div>\n\t\t                    <\/div>\n        <\/div>\n\t\t\t\t<\/div>\n\t\t\t\t<\/div>\n\t\t\t\t<div class=\"elementor-element elementor-element-ccd2801 elementor-widget elementor-widget-heading\" data-id=\"ccd2801\" data-element_type=\"widget\" data-e-type=\"widget\" data-widget_type=\"heading.default\">\n\t\t\t\t<div class=\"elementor-widget-container\">\n\t\t\t\t\t<h2 class=\"elementor-heading-title elementor-size-default\">Introduction<\/h2>\t\t\t\t<\/div>\n\t\t\t\t<\/div>\n\t\t\t\t<div class=\"elementor-element elementor-element-ff89d56 elementor-widget elementor-widget-text-editor\" data-id=\"ff89d56\" data-element_type=\"widget\" data-e-type=\"widget\" data-widget_type=\"text-editor.default\">\n\t\t\t\t<div class=\"elementor-widget-container\">\n\t\t\t\t\t\t\t\t\t<p>Le lundi 23 juillet 2018, la capitale s\u00e9n\u00e9galaise a accueilli la premi\u00e8re <i>Universit\u00e9 populaire de l\u2019engagement citoyen<\/i> (Upec), un sommet panafricain des mouvements sociaux sous l\u2019\u00e9gide des mouvements <i>\u00ab Y\u2019en a marre \u00bb, Projet Sud, Filimbi<\/i> et <i>Lucha<\/i>, entre autres. Ce rassemblement s\u2019inscrivait dans la perspective d\u2019\u00e9v\u00e9nements panafricains similaires qui ont eu lieu dans d\u2019autres pays africains, \u00e0 savoir le 60e anniversaire de la conf\u00e9rence panafricaine des peuples et le 8e congr\u00e8s panafricain organis\u00e9s respectivement en 2018 et 2015 au Ghana. Au total, cinquante-cinq mouvements sociaux de trente pays \u00e9taient repr\u00e9sent\u00e9s \u00e0 Dakar. Comme le d\u00e9clare Fadel Barro (2018), membre du comit\u00e9 d\u2019organisation : \u00ab L\u2019Upec [\u2026] a rassembl\u00e9 des Africains divis\u00e9s par la colonisation, les religions et les barri\u00e8res ethniques. Anglophones, francophones, arabophones et lusophones ont interagi en utilisant le langage commun de l\u2019espoir. \u00bb Les activistes noirs du continent et de la diaspora ont pu transcender l\u2019environnement politique actuel qui les emp\u00eachait de faire progresser le mouvement panafricain (Barro, 2019).    <\/p>\t\t\t\t\t\t\t\t<\/div>\n\t\t\t\t<\/div>\n\t\t\t\t<div class=\"elementor-element elementor-element-8100009 elementor-widget elementor-widget-text-editor\" data-id=\"8100009\" data-element_type=\"widget\" data-e-type=\"widget\" data-widget_type=\"text-editor.default\">\n\t\t\t\t<div class=\"elementor-widget-container\">\n\t\t\t\t\t\t\t\t\t<p>Les origines de ce rassemblement historique remontent \u00e0 deux ans, sur l\u2019\u00eele de Gor\u00e9e, lorsque <i>\u00ab Y\u2019en a marre \u00bb<\/i> a mobilis\u00e9 des militants du Burkina Faso, du Cameroun, de la C\u00f4te d\u2019Ivoire, du Congo-Brazzaville, du Tchad, de la R\u00e9publique d\u00e9mocratique du Congo (RDC), de la Gambie, de Madagascar et du S\u00e9n\u00e9gal pour discuter de l\u2019\u00e9tat de l\u2019activisme social africain, en mettant l\u2019accent sur les d\u00e9fis, les solutions et les revendications. L\u2019une des principales r\u00e9alisations de ce rassemblement a \u00e9t\u00e9 la cr\u00e9ation d\u2019une plateforme panafricaine pour les mouvements sociaux appel\u00e9e <i>\u00ab Afrikki \u00bb<\/i>, qui a \u00e9t\u00e9 officiellement lanc\u00e9e \u00e0 la fin du sommet de l\u2019Upec. Une autre initiative cl\u00e9 a \u00e9t\u00e9 la cr\u00e9ation d\u2019une structure qui prot\u00e8ge et accueille les activistes africains menac\u00e9s par les forces politiques nationales. Comme le d\u00e9clare Barro (2018), l\u2019objectif de ce r\u00e9seau transnational est de \u00ab permettre aux activistes sociaux de faire avancer la cause et le discours panafricains et de permettre aux mouvements sociaux de traiter des questions qui ne sont pas seulement nationales, mais qui affectent \u00e9galement le continent dans son ensemble \u00bb1 . Nous soutenons que l\u2019organisation de l\u2019Upec et la cr\u00e9ation du r\u00e9seau <i>Afrikki<\/i> repr\u00e9sentent un tournant dans l\u2019histoire de l\u2019activisme social africain moderne2 et un jalon important dans ce que nous appelons le n\u00e9o panafricanisme3 . Le n\u00e9o panafricanisme, que nous pr\u00e9sentons comme la phase la plus r\u00e9cente du panafricanisme, est dirig\u00e9 par de jeunes activistes sociaux originaires pour la plupart d\u2019Afrique francophone plut\u00f4t que par des politiciens, des institutions politiques ou des \u00e9lites form\u00e9es en Occident. Ces activistes n\u00e9o panafricains inscrivent leur lutte dans un cadre panafricain revisit\u00e9 et cherchent \u00e0 d\u00e9coloniser les relations de l\u2019Afrique avec l\u2019Occident, \u00e0 perp\u00e9tuer les transitions d\u00e9mocratiques \u00e0 travers le continent et \u00e0 reconstruire de solides relations avec les communaut\u00e9s noires \u00e0 l\u2019\u00e9chelle mondiale4 .    <\/p>\t\t\t\t\t\t\t\t<\/div>\n\t\t\t\t<\/div>\n\t\t\t\t<div class=\"elementor-element elementor-element-f14da3b elementor-widget elementor-widget-text-editor\" data-id=\"f14da3b\" data-element_type=\"widget\" data-e-type=\"widget\" data-widget_type=\"text-editor.default\">\n\t\t\t\t<div class=\"elementor-widget-container\">\n\t\t\t\t\t\t\t\t\t<p>Dans cet article, nous tentons de re\u0301pondre a\u0300 plusieurs questions : qu\u2019est-ce que le ne\u0301o panafricanisme ? En quoi diffe\u0300re-t-il des expressions ante\u0301rieures du panafricanisme ? Qui sont les principaux acteurs ? En quoi l\u2019Upec et <i>Afrikki <\/i>marquent-ils un tournant dans l\u2019activisme social panafricain ? Et enfin, pourquoi conside\u0301rons-nous l\u2019Afrique francophone comme la force motrice du ne\u0301o panafricanisme ? Pour re\u0301pondre a\u0300 ces questions, je soutiens que \u00ab <i>Y\u2019en marre <\/i>\u00bb et d\u2019autres mouvements activistes similaires sont actuellement le fer de lance du ne\u0301o panafricanisme, en tant que nouvelle phase du panafricanisme. A\u0300 cet e\u0301gard, l\u2019Afrique francophone est devenue l\u2019e\u0301picentre du panafricanisme du xxie sie\u0300cle, permettant aux activistes d\u2019exercer une pression collective pour la bonne gouvernance, de lutter contre les processus ne\u0301o-coloniaux et de construire une nouvelle coope\u0301ration transatlantique. Ce faisant, ces militants reconnaissent les efforts des ge\u0301ne\u0301rations pre\u0301ce\u0301dentes de panafricanistes qui continuent d\u2019e\u0302tre une source d\u2019inspiration pour leurs pratiques politiques contestataires (Dime\u0301 et al., 2022). <br>En plus de son engagement politique, l\u2019activisme ne\u0301o-panafricain est centre\u0301 sur des questions mondiales critiques telles que la politique environnementale \u2013 avec un accent sur les e\u0301cologies noires \u2013, l\u2019exploitation e\u0301trange\u0300re des ressources naturelles, la souverainete\u0301 mone\u0301taire (en particulier la fin du franc CFA), la violence sexuelle et sexiste, et le rapatriement des artefacts africains vole\u0301s. De me\u0302me, la mobilite\u0301 internationale, la brutalite\u0301 policie\u0300re et le rejet des he\u0301ritages coloniaux sont tout aussi importants pour le programme ne\u0301o panafricain5 (Actes de l\u2019Upec, 2018). Comme le de\u0301clarent les de\u0301le\u0301gue\u0301s pre\u0301sents a\u0300 l\u2019Upec :          <\/p>\t\t\t\t\t\t\t\t<\/div>\n\t\t\t\t<\/div>\n\t\t\t\t<div class=\"elementor-element elementor-element-d534a91 elementor-blockquote--skin-border elementor-widget elementor-widget-blockquote\" data-id=\"d534a91\" data-element_type=\"widget\" data-e-type=\"widget\" data-widget_type=\"blockquote.default\">\n\t\t\t\t<div class=\"elementor-widget-container\">\n\t\t\t\t\t\t\t<blockquote class=\"elementor-blockquote\">\n\t\t\t<p class=\"elementor-blockquote__content\">\n\t\t\t\tLes mouvements sociaux Africains et des diasporas africaines soutiennent que les fronti\u00e8res et les langues h\u00e9rit\u00e9es de la colonisation ne doivent plus diviser les Africains. Ils s\u2019engagent \u00e0 militer sans m\u00e9nagement pour l\u2019abolition de tous les obstacles \u00e0 la libre circulation des Africains sur leur propre continent, [\u2026] Les mouvements sociaux d\u2019Afrique et de ses diasporas reconnaissent la place primordiale de la Femme africaine dans l\u2019essor de l\u2019Afrique tout au long de l\u2019histoire. En m\u00eame temps, la femme est aujourd\u2019hui, encore l\u2019objet de discriminations et d\u2019atrocit\u00e9s de toutes sortes, y compris de violences sexuelles et sexistes. Les mouvements sociaux Africains condamnent toutes ces discriminations et ces cruaut\u00e9s. (Afrikki, 2018).    \t\t\t<\/p>\n\t\t\t\t\t<\/blockquote>\n\t\t\t\t\t\t<\/div>\n\t\t\t\t<\/div>\n\t\t\t\t<div class=\"elementor-element elementor-element-acbedb9 elementor-widget elementor-widget-text-editor\" data-id=\"acbedb9\" data-element_type=\"widget\" data-e-type=\"widget\" data-widget_type=\"text-editor.default\">\n\t\t\t\t<div class=\"elementor-widget-container\">\n\t\t\t\t\t\t\t\t\t<p>Cet extrait de la D\u00e9claration de Dakar fait \u00e9cho aux int\u00e9r\u00eats renouvel\u00e9s dans la d\u00e9fense de la souverainet\u00e9, de la mobilit\u00e9 et des droits humains des Noirs par une jeune g\u00e9n\u00e9ration afro-optimiste qui engage le panafricanisme avec plus d\u2019inclusivit\u00e9.<\/p>\t\t\t\t\t\t\t\t<\/div>\n\t\t\t\t<\/div>\n\t\t\t\t<div class=\"elementor-element elementor-element-9fe1d1f elementor-widget elementor-widget-text-editor\" data-id=\"9fe1d1f\" data-element_type=\"widget\" data-e-type=\"widget\" data-widget_type=\"text-editor.default\">\n\t\t\t\t<div class=\"elementor-widget-container\">\n\t\t\t\t\t\t\t\t\t<p>Dans cet article, nous d\u00e9finissons et contextualisons d\u2019abord le n\u00e9o panafricanisme comme une continuation des engagements ant\u00e9rieurs (XXe si\u00e8cle) avec le concept et le mouvement panafricain. Ensuite nous examinons l\u2019implication de <i>\u00ab Y\u2019en a marre \u00bb<\/i> et des activistes africains contemporains dans la mont\u00e9e du n\u00e9o panafricanisme, en se focalisant particuli\u00e8rement sur l\u2019organisation de l\u2019Upec, o\u00f9 les activistes noirs ont symboliquement inaugur\u00e9 une nouvelle \u00e8re et un nouveau programme pour le panafricanisme du xxie si\u00e8cle. Enfin, l\u2019article interroge trois tendances qui ont \u00e9merg\u00e9 \u00e0 la suite du sommet de l\u2019Upec de 2018 et leur impact potentiel sur l\u2019avenir du n\u00e9o panafricanisme.  <\/p>\t\t\t\t\t\t\t\t<\/div>\n\t\t\t\t<\/div>\n\t\t\t\t<div class=\"elementor-element elementor-element-3e0bdb1 elementor-widget elementor-widget-text-editor\" data-id=\"3e0bdb1\" data-element_type=\"widget\" data-e-type=\"widget\" data-widget_type=\"text-editor.default\">\n\t\t\t\t<div class=\"elementor-widget-container\">\n\t\t\t\t\t\t\t\t\t<p>Cette \u00e9tude s\u2019appuie sur un cadre th\u00e9orique panafricaniste. Elle a n\u00e9cessit\u00e9 un travail de terrain men\u00e9 au S\u00e9n\u00e9gal (entre 2017 et 2021) et \u00e0 Atlanta (2022-2023). La douzaine d\u2019entretiens men\u00e9s a \u00e9t\u00e9 notre principal moyen de collecte de donn\u00e9es, mais nous avons \u00e9galement \u00e9t\u00e9 impliqu\u00e9s dans les rassemblements de l\u2019Upec en 2018 et en 2020. Nos relations \u00e9troites avec le mouvement <i>\u00ab Y\u2019en a marre \u00bb<\/i> nous ont permis de d\u00e9velopper un r\u00e9seau qui nous a facilit\u00e9 l\u2019acc\u00e8s aux activistes sociaux du S\u00e9n\u00e9gal, de la RDC, du Burkina Faso, de Madagascar, de la Gambie, du Kenya, du Soudan, du Tchad et des \u00c9tats-Unis. En outre, nous avons examin\u00e9 les pr\u00e9sentations enregistr\u00e9es des participants aux sommets afin de comprendre leurs conceptions de l\u2019activisme social et du panafricanisme. Les entretiens ont confirm\u00e9 que les jeunes Africains d\u00e9veloppent un \u00ab nouvel esprit panafricain \u00bb facilit\u00e9 par la technologie num\u00e9rique. Cette \u00e9tude s\u2019inspire aussi des interventions, discours et d\u00e9clarations prononc\u00e9s lors des sommets de l\u2019Upec, ainsi que des archives du mouvement <i>\u00ab Y\u2019en a marre \u00bb<\/i>. Enfin, l\u2019article examine la vaste litt\u00e9rature sur le panafricanisme qui ignore traditionnellement la contribution des activistes francophones dans les analyses historiques et discursives du panafricanisme, et n\u00e9glige la relation entre les Noirs de la diaspora et les Africains francophones dans leur lutte pour la libert\u00e9 et la dignit\u00e96 (M\u2019Baye, 2017).       <\/p>\t\t\t\t\t\t\t\t<\/div>\n\t\t\t\t<\/div>\n\t\t\t\t<div class=\"elementor-element elementor-element-ac1ad01 elementor-widget elementor-widget-heading\" data-id=\"ac1ad01\" data-element_type=\"widget\" data-e-type=\"widget\" data-widget_type=\"heading.default\">\n\t\t\t\t<div class=\"elementor-widget-container\">\n\t\t\t\t\t<h2 class=\"elementor-heading-title elementor-size-default\">Le concept du panafricanisme revisit\u00e9<\/h2>\t\t\t\t<\/div>\n\t\t\t\t<\/div>\n\t\t\t\t<div class=\"elementor-element elementor-element-f3e5adf elementor-widget elementor-widget-text-editor\" data-id=\"f3e5adf\" data-element_type=\"widget\" data-e-type=\"widget\" data-widget_type=\"text-editor.default\">\n\t\t\t\t<div class=\"elementor-widget-container\">\n\t\t\t\t\t\t\t\t\t<p>En tant que mouvement et id\u00e9ologie, le panafricanisme a fait l\u2019objet d\u2019\u00e9tudes approfondies et minutieuses de la part d\u2019universitaires et de praticiens de diverses disciplines et origines7 . Kwame Anthony Appiah et Henry Louis Gates (2003, p. 1 484) le d\u00e9finissent comme suit : <\/p>\t\t\t\t\t\t\t\t<\/div>\n\t\t\t\t<\/div>\n\t\t\t\t<div class=\"elementor-element elementor-element-f84f5b0 elementor-blockquote--skin-border elementor-widget elementor-widget-blockquote\" data-id=\"f84f5b0\" data-element_type=\"widget\" data-e-type=\"widget\" data-widget_type=\"blockquote.default\">\n\t\t\t\t<div class=\"elementor-widget-container\">\n\t\t\t\t\t\t\t<blockquote class=\"elementor-blockquote\">\n\t\t\t<p class=\"elementor-blockquote__content\">\n\t\t\t\t[Un] large \u00e9ventail d\u2019id\u00e9ologies engag\u00e9es dans un projet politique ou culturel commun pour les Africains et les personnes de descendance africaine. Dans sa version la plus simple, le panafricanisme est le projet politique appelant \u00e0 l\u2019unification de tous les Africains en un seul \u00c9tat africain dans lequel les membres de la diaspora africaine pourraient retourner. Dans ses formes plus vagues et plus culturelles, le panafricanisme a poursuivi des projets litt\u00e9raires et artistiques qui rassemblent les populations d\u2019Afrique et de sa diaspora.  \t\t\t<\/p>\n\t\t\t\t\t<\/blockquote>\n\t\t\t\t\t\t<\/div>\n\t\t\t\t<\/div>\n\t\t\t\t<div class=\"elementor-element elementor-element-a837b9e elementor-widget elementor-widget-text-editor\" data-id=\"a837b9e\" data-element_type=\"widget\" data-e-type=\"widget\" data-widget_type=\"text-editor.default\">\n\t\t\t\t<div class=\"elementor-widget-container\">\n\t\t\t\t\t\t\t\t\t<p>Le panafricanisme est donc un mouvement politique qui r\u00e9unifie les Africains et les peuples de la diaspora. Dans un num\u00e9ro sp\u00e9cial de AU Echo (Union africaine, 2013, p. 1) comm\u00e9morant le vingti\u00e8me sommet de l\u2019organisation, l\u2019Union africaine (UA) pr\u00e9sente le panafricanisme comme suit : <\/p>\t\t\t\t\t\t\t\t<\/div>\n\t\t\t\t<\/div>\n\t\t\t\t<div class=\"elementor-element elementor-element-896d1d7 elementor-blockquote--skin-border elementor-widget elementor-widget-blockquote\" data-id=\"896d1d7\" data-element_type=\"widget\" data-e-type=\"widget\" data-widget_type=\"blockquote.default\">\n\t\t\t\t<div class=\"elementor-widget-container\">\n\t\t\t\t\t\t\t<blockquote class=\"elementor-blockquote\">\n\t\t\t<p class=\"elementor-blockquote__content\">\n\t\t\t\tUne id\u00e9ologie et un mouvement qui encouragent la solidarit\u00e9 entre les Africains du monde entier. Elle repose sur la conviction que l\u2019unit\u00e9 est vitale pour le progr\u00e8s \u00e9conomique, social et politique et vise \u00e0 unifier et \u00e0 promouvoir les personnes de descendance africaine. L\u2019id\u00e9ologie affirme que les destins de tous les peuples et pays africains sont li\u00e9s. Fondamentalement, le panafricanisme est la conviction que les peuples africains, tant sur le continent que dans la diaspora, partagent non seulement une histoire commune, mais aussi un destin commun.   \t\t\t<\/p>\n\t\t\t\t\t<\/blockquote>\n\t\t\t\t\t\t<\/div>\n\t\t\t\t<\/div>\n\t\t\t\t<div class=\"elementor-element elementor-element-e55e754 elementor-widget elementor-widget-text-editor\" data-id=\"e55e754\" data-element_type=\"widget\" data-e-type=\"widget\" data-widget_type=\"text-editor.default\">\n\t\t\t\t<div class=\"elementor-widget-container\">\n\t\t\t\t\t\t\t\t\t<p>Le panafricanisme vise donc \u00e0 promouvoir la formation d\u2019un bloc uni pour le progr\u00e8s et la prosp\u00e9rit\u00e9 des personnes de descendance africaine, peu importe leur situation g\u00e9ographique. Il invoque \u00e9galement l\u2019id\u00e9e d\u2019une conscience panafricaine qui continue \u00e0 se manifester au sein des communaut\u00e9s diasporiques (Frehiwot et al., 2022). Plus important encore, il reconna\u00eet le lien dialectique qui existe entre les luttes des personnes de descendance africaine, et la n\u00e9cessit\u00e9 de se coordonner contre l\u2019oppression. Alors que l\u2019historiographie du panafricanisme s\u2019est souvent concentr\u00e9e sur ses dirigeants, l\u2019UA a adopt\u00e9 depuis 2013 une d\u00e9finition du panafricanisme qui inclut les engagements gouvernementaux et populaires (Adi, 2018, p. 1). Cela peut \u00eatre consid\u00e9r\u00e9 comme une tentative de se d\u00e9faire de l\u2019\u00e9litisme8 qui a entour\u00e9 l\u2019histoire du mouvement. Cela est d\u2019autant plus important que la prolif\u00e9ration des mouvements de jeunesse antisyst\u00e8me \u00e0 travers l\u2019Afrique a r\u00e9cemment donn\u00e9 un second souffle au panafricanisme.     <\/p>\t\t\t\t\t\t\t\t<\/div>\n\t\t\t\t<\/div>\n\t\t\t\t<div class=\"elementor-element elementor-element-69fdefd elementor-widget elementor-widget-text-editor\" data-id=\"69fdefd\" data-element_type=\"widget\" data-e-type=\"widget\" data-widget_type=\"text-editor.default\">\n\t\t\t\t<div class=\"elementor-widget-container\">\n\t\t\t\t\t\t\t\t\t<p>En d\u00e9pit d\u2019un vaste int\u00e9r\u00eat pour l\u2019histoire du panafricanisme et d\u2019un riche corpus de recherches sur les \u00e9v\u00e9nements marquants qui ont transform\u00e9 le mouvement, les chercheurs ont tendance \u00e0 \u00e9carter la contribution de l\u2019Afrique francophone dans leurs analyses, alors qu\u2019ils accordent une place pr\u00e9pond\u00e9rante aux contributions anglophones. En 1962 d\u00e9j\u00e0, Georges Shepperson (1962, pp. 354-355) avait not\u00e9 que \u00ab la participation de l\u2019Afrique francophone au mouvement panafricain semble avoir \u00e9t\u00e9 n\u00e9glig\u00e9e de 1921 \u00e0 1945 \u00bb. De m\u00eame, Rupert Emerson (1962, p. 12) a sugg\u00e9r\u00e9, la m\u00eame ann\u00e9e, que les anglophones \u00ab ont eu tendance \u00e0 monopoliser \u00e0 la fois le terme \u00ab\u00a0panafricanisme\u00a0\u00bb et les mouvements et congr\u00e8s qui lui sont associ\u00e9s \u00bb. Plus r\u00e9cemment, les travaux de Giula Bonacci (2022), Annette JosephGabrielle (2020) et Babacar M\u2019Baye (2009) affirment qu\u2019il existe un ostracisme \u00ab syst\u00e9mique \u00bb du monde francophone (en particulier des femmes francophones) dans le panafricanisme et la lutte pour la libert\u00e9 du xxe si\u00e8cle (Rabaka et al., 2020). La marginalisation de l\u2019Afrique francophone est \u00e9galement une cons\u00e9quence de l\u2019identification traditionnelle des dirigeants africains francophones avec la politique coloniale assimilationniste, perdant ainsi de vue l\u2019urgence de l\u2019autonomie et de l\u2019autod\u00e9termination des \u00c9tats africains (Emerson, 1962). Comme l\u2019affirme Rupert Emerson, nombre de ces dirigeants d\u00e9nigraient les id\u00e9es panafricaines, car leurs partisans \u00e9taient susceptibles d\u2019\u00eatre des radicaux pr\u00f4nant l\u2019ind\u00e9pendance totale vis-\u00e0-vis de la m\u00e9tropole. En outre, les divergences sur le plan organisationnel entre W.E.B Du Bois et les membres francophones de l\u2019association panafricaine repr\u00e9sent\u00e9s par Isaac B\u00e9ton, alors secr\u00e9taire g\u00e9n\u00e9ral de l\u2019association, qui ont failli conduire \u00e0 l\u2019annulation du congr\u00e8s panafricain de 1923, n\u2019ont pas facilit\u00e9 l\u2019accueil des leaders francophones dans le monde anglophone. Pourtant, la vitalit\u00e9 actuelle de l\u2019activisme social en Afrique francophone contribue \u00e0 recentrer l\u2019engagement francophone dans l\u2019histoire du panafricanisme. Cela est particuli\u00e8rement vrai au xxie si\u00e8cle avec l\u2019\u00e9mergence de ce que nous appelons \u00ab le n\u00e9o panafricanisme \u00bb.        <\/p>\t\t\t\t\t\t\t\t<\/div>\n\t\t\t\t<\/div>\n\t\t\t\t<div class=\"elementor-element elementor-element-37ed65e elementor-widget elementor-widget-text-editor\" data-id=\"37ed65e\" data-element_type=\"widget\" data-e-type=\"widget\" data-widget_type=\"text-editor.default\">\n\t\t\t\t<div class=\"elementor-widget-container\">\n\t\t\t\t\t\t\t\t\t<p>Le n\u00e9o panafricanisme peut \u00eatre d\u00e9fini comme la manifestation, au xxie si\u00e8cle, des id\u00e9aux panafricains par le biais d\u2019actions de masse populaires et de proximit\u00e9, dans le but de favoriser et de raviver l\u2019unit\u00e9 transatlantique des Africains et des Noirs de la diaspora, tout en luttant contre les processus n\u00e9o-coloniaux et en instaurant des transitions d\u00e9mocratiques et une bonne gouvernance \u00e0 l\u2019\u00e9chelle du continent. Le concept d\u00e9signe \u00e9galement une p\u00e9riode d\u2019\u00ab hyperactivisme \u00bb sur le continent africain. \u00c0 cet \u00e9gard, les mouvements sociaux africains ont reconnu la n\u00e9cessit\u00e9 d\u2019exister au sein d\u2019un r\u00e9seau transnational d\u2019activistes qui leur offre une protection, des orientations tactiques et un cadre id\u00e9ologique. Le n\u00e9o panafricanisme peut donc \u00eatre consid\u00e9r\u00e9 comme un cadre dans lequel s\u2019inscrit l\u2019activisme africain moderne. En d\u2019autres termes, l\u2019essor de nouveaux mouvements sociaux africains est en partie favoris\u00e9 par le sentiment renouvel\u00e9 d\u2019une identit\u00e9 panafricaine partag\u00e9e, exprim\u00e9e \u00e0 travers des \u00ab cadres de contestation analogues9 \u00bb. Lors des sommets de l\u2019Upec de 2018 et 2020, le terme \u00ab panafricanisme \u00bb est rest\u00e9 le leitmotiv des rassemblements et les \u00e9changes ont montr\u00e9 qu\u2019un nombre important de mouvements sociaux, r\u00e9unis au sein du r\u00e9seau<i> Afrikki<\/i>, op\u00e8rent \u00e0 partir d\u2019une compr\u00e9hension renouvel\u00e9e du panafricanisme qui renforce le pouvoir des militants et encourage les collaborations au niveau local, par opposition aux initiatives institutionnelles supervis\u00e9es par l\u2019\u00e9lite. Ainsi, Coumba Tour\u00e9 (2018), co-coordinatrice du mouvement Africans Rising for Unity, Peace, Justice and Dignity, a insist\u00e9 sur le fait que des entit\u00e9s comme <i>Afrikki<\/i> sont :      <\/p>\t\t\t\t\t\t\t\t<\/div>\n\t\t\t\t<\/div>\n\t\t\t\t<div class=\"elementor-element elementor-element-f6dd304 elementor-blockquote--skin-border elementor-widget elementor-widget-blockquote\" data-id=\"f6dd304\" data-element_type=\"widget\" data-e-type=\"widget\" data-widget_type=\"blockquote.default\">\n\t\t\t\t<div class=\"elementor-widget-container\">\n\t\t\t\t\t\t\t<blockquote class=\"elementor-blockquote\">\n\t\t\t<p class=\"elementor-blockquote__content\">\n\t\t\t\t[P]lus qu\u2019un r\u00e9seau. Nous cr\u00e9ons, dit-elle, un mouvement pour nous soutenir les uns les autres. Nous pouvons mener des luttes s\u00e9par\u00e9es dans nos zones g\u00e9ographiques respectives, mais la seule fa\u00e7on d\u2019\u00eatre forts, c\u2019est d\u2019\u00eatre ensemble. Un mouvement doit \u00e9galement \u00eatre multiforme ; la lutte pour la d\u00e9mocratie \u00e9lectorale n\u2019est qu\u2019un exemple parmi d\u2019autres d\u00e9mocraties. Quand nous disons mouvement, nous pensons au mouvement environnemental, au mouvement f\u00e9ministe, etc., et tous ces mouvements doivent se connecter.    \t\t\t<\/p>\n\t\t\t\t\t<\/blockquote>\n\t\t\t\t\t\t<\/div>\n\t\t\t\t<\/div>\n\t\t\t\t<div class=\"elementor-element elementor-element-c1f6045 elementor-widget elementor-widget-text-editor\" data-id=\"c1f6045\" data-element_type=\"widget\" data-e-type=\"widget\" data-widget_type=\"text-editor.default\">\n\t\t\t\t<div class=\"elementor-widget-container\">\n\t\t\t\t\t\t\t\t\t<p>Comme le sugg\u00e8re Tour\u00e9, le concept et la pratique du n\u00e9o panafricanisme d\u00e9centrent le mouvement panafricain qui, \u00e0 l\u2019exception de mouvements tels que l\u2019Universal Negro Improvement Association and African Communities League, a toujours \u00e9t\u00e9 d\u00e9tourn\u00e9 par les \u00e9lites. Inviter des p\u00eacheurs, des artistes hip-hop et des commer\u00e7ants \u00e0 participer aux sommets de l\u2019Upec montre son engagement \u00e0 d\u00e9complexer le panafricanisme et \u00e0 placer au centre les questions socio\u00e9conomiques et politiques qui contribuent \u00e0 la perp\u00e9tuation de l\u2019oppression des masses. <\/p>\t\t\t\t\t\t\t\t<\/div>\n\t\t\t\t<\/div>\n\t\t\t\t<div class=\"elementor-element elementor-element-2ba145f elementor-widget elementor-widget-text-editor\" data-id=\"2ba145f\" data-element_type=\"widget\" data-e-type=\"widget\" data-widget_type=\"text-editor.default\">\n\t\t\t\t<div class=\"elementor-widget-container\">\n\t\t\t\t\t\t\t\t\t<p>En outre, \u00e0 mesure que les mouvements sociaux fusionnent pour former des entit\u00e9s panafricaines efficaces telles qu\u2019<i>Afrikki<\/i>, leurs voix s\u2019amplifient. <i>Afrikki<\/i> fournit donc une plateforme pour une \u00ab transnationalisation \u00bb du mouvement \u00e0 travers des actions directes telles que la marche simultan\u00e9e contre la monnaie franc CFA qui a eu lieu dans de nombreuses villes d\u2019Afrique francophone en 2014. En outre, de nombreux mouvements sociaux se font l\u2019\u00e9cho des revendications de leurs homologues par le biais des m\u00e9dias sociaux (Ndiaye, 2021). Toutefois, cette \u00ab panafricanisation \u00bb des mouvements nationaux reste menac\u00e9e par les abus syst\u00e9miques et cumul\u00e9s des gouvernements et par la r\u00e9pression d\u2019activistes, d\u00e9termin\u00e9s \u00e0 construire une nouvelle Afrique.  <\/p>\t\t\t\t\t\t\t\t<\/div>\n\t\t\t\t<\/div>\n\t\t\t\t<div class=\"elementor-element elementor-element-bac52e4 elementor-widget elementor-widget-text-editor\" data-id=\"bac52e4\" data-element_type=\"widget\" data-e-type=\"widget\" data-widget_type=\"text-editor.default\">\n\t\t\t\t<div class=\"elementor-widget-container\">\n\t\t\t\t\t\t\t\t\t<p>Le n\u00e9o panafricanisme repose sur une base philosophique solide. Ses leaders sont pour la plupart de jeunes activistes qui cherchent \u00e0 engager les masses dans un concept afro-utopique d\u2019autor\u00e9invention et d\u2019autod\u00e9termination que Felwine Sarr, participant \u00e0 l\u2019Upec, appelle \u00ab Afrotopia \u00bb. Sarr, l\u2019un des co-auteurs de la <i>D\u00e9claration de Dakar<\/i> (Afrikki, 2018), a pr\u00e9sent\u00e9 un document sur l<i>\u2019afrotopia <\/i>en tant que projet civilisationnel et politique. Apr\u00e8s avoir vant\u00e9 l\u2019impact positif des mouvements sociaux dans la red\u00e9finition des espaces politiques africains, Sarr (2018) d\u00e9clare : \u00ab La deuxi\u00e8me \u00e9tape que les mouvements sociaux doivent franchir est celle de l\u2019articulation du projet politique, et pour cela, il est n\u00e9cessaire d\u2019oeuvrer avec les intellectuels, les artistes, et toutes les forces vives du Continent \u00e0 la d\u00e9finition de ce projet. Cette rencontre [Upec] en est une pr\u00e9misse. \u00bb<br>Le raisonnement de Sarr a trouv\u00e9 un \u00e9cho aupr\u00e8s des activistes qui ont utilis\u00e9 son concept d\u2019<i>afrotopia<\/i> comme l\u2019un des principes directeurs de l\u2019Upec et de l\u2019activisme panafricain contemporain. Emery Wright, directeur ex\u00e9cutif du Projet Sud et coorganisateur de l&rsquo;UPEC, fait \u00e9cho \u00e0 la conclusion de M. Sarr dans une interview :     <\/p>\t\t\t\t\t\t\t\t<\/div>\n\t\t\t\t<\/div>\n\t\t\t\t<div class=\"elementor-element elementor-element-89287c3 elementor-blockquote--skin-border elementor-widget elementor-widget-blockquote\" data-id=\"89287c3\" data-element_type=\"widget\" data-e-type=\"widget\" data-widget_type=\"blockquote.default\">\n\t\t\t\t<div class=\"elementor-widget-container\">\n\t\t\t\t\t\t\t<blockquote class=\"elementor-blockquote\">\n\t\t\t<p class=\"elementor-blockquote__content\">\n\t\t\t\tL'un des principaux impacts de l'UPEC a \u00e9t\u00e9 de commencer \u00e0 imaginer, avec certains des principaux praticiens de ce que j'appelle la gouvernance des mouvements sociaux du 21e si\u00e8cle, ce que cela pourrait signifier de voir non seulement ces mouvements sociaux continuer \u00e0 gagner en puissance et en maturit\u00e9 en r\u00e9imaginant la soci\u00e9t\u00e9 civile, et en r\u00e9imaginant r\u00e9ellement la soci\u00e9t\u00e9 \u00e0 partir de la base, mais aussi de mener cette r\u00e9flexion dans le cadre d'une collaboration continentale et panafricaine en m\u00eame temps. L'Upec a donc franchi une barri\u00e8re qui existait auparavant et a fourni cette nouvelle fa\u00e7on d'op\u00e9rer au sein des mouvements sociaux et a r\u00e9uni des mouvements sociaux similaires et une conscience similaire qui existe sur tout le continent africain pour partager leurs id\u00e9es et leurs pratiques. C'est ainsi qu'un nouvel esprit de panafricanisme s'est d\u00e9velopp\u00e9. Ce nouvel esprit panafricain fait partie de notre responsabilit\u00e9. L'UPEC est le point de d\u00e9part de ce processus. (entretien avec Emery Wright, janvier 2023).    \t\t\t<\/p>\n\t\t\t\t\t<\/blockquote>\n\t\t\t\t\t\t<\/div>\n\t\t\t\t<\/div>\n\t\t\t\t<div class=\"elementor-element elementor-element-04abf65 elementor-widget elementor-widget-text-editor\" data-id=\"04abf65\" data-element_type=\"widget\" data-e-type=\"widget\" data-widget_type=\"text-editor.default\">\n\t\t\t\t<div class=\"elementor-widget-container\">\n\t\t\t\t\t\t\t\t\t<p>Si Wright insiste sur le fait que le sommet de l\u2019Upec est le \u00ab point de d\u00e9part d&rsquo;un nouvel esprit panafricain \u00bb, un concept popularis\u00e9 par les activistes de la Lucha en RDC, il rappelle \u00e9galement l&rsquo;id\u00e9e de r\u00e9inventer les soci\u00e9t\u00e9s par le biais d&rsquo;actions collectives des mouvements sociaux. De mani\u00e8re convergente, cette r\u00e9invention soci\u00e9tale signifie pour Sarr une invitation pour les activistes \u00e0 construire un nouveau projet panafricain ancr\u00e9 dans une vision <i>afro-utopique<\/i>. <\/p>\t\t\t\t\t\t\t\t<\/div>\n\t\t\t\t<\/div>\n\t\t\t\t<div class=\"elementor-element elementor-element-27a0d23 elementor-widget elementor-widget-text-editor\" data-id=\"27a0d23\" data-element_type=\"widget\" data-e-type=\"widget\" data-widget_type=\"text-editor.default\">\n\t\t\t\t<div class=\"elementor-widget-container\">\n\t\t\t\t\t\t\t\t\t<p>L\u2019afrotopia est pour Felwine Sarr (2016, entretien avec la librairie Mollat) \u00ab une utopie active, une tentative de r\u00e9fl\u00e9chir et de se projeter vers l\u2019avenir et de donner du sens \u00e0 une aventure civilisationnelle, humaine et soci\u00e9tale qui a mis l\u2019Africain au centre de son projet \u00bb. Ce concept est coh\u00e9rent avec l\u2019argument selon lequel le continent africain fonctionne sous les directives et les injonctions des pays du Nord et des institutions contr\u00f4l\u00e9es par l\u2019Occident, comme la Banque mondiale ou le Fonds mon\u00e9taire international (FMI) qui tendent \u00e0 concevoir et \u00e0 imposer des politiques enracin\u00e9es dans une conception du d\u00e9veloppement et du progr\u00e8s fond\u00e9e sur la matrice coloniale du pouvoir. De nombreux pays africains n\u2019ont que peu, voire pas du tout, leur mot \u00e0 dire dans la conception de leur avenir. Par cons\u00e9quent, Sarr soutient que les Africains doivent collectivement repenser l\u2019avenir du continent sans influence ext\u00e9rieure ni concepts occidentaux de d\u00e9veloppement et de civilisation. En d\u2019autres termes, les Africains doivent repenser leur d\u00e9veloppement et ne pas s\u2019enfermer dans la dichotomie afro-pessimisme et afro-optimisme, \u00e9tant donn\u00e9 qu\u2019il existe une multitude de possibilit\u00e9s entre les deux.    <\/p>\t\t\t\t\t\t\t\t<\/div>\n\t\t\t\t<\/div>\n\t\t\t\t<div class=\"elementor-element elementor-element-a166304 elementor-widget elementor-widget-text-editor\" data-id=\"a166304\" data-element_type=\"widget\" data-e-type=\"widget\" data-widget_type=\"text-editor.default\">\n\t\t\t\t<div class=\"elementor-widget-container\">\n\t\t\t\t\t\t\t\t\t<p>C\u2019est ce travail de re-conceptualisation et \u00ab d\u2019utopie active \u00bb que les jeunes activistes africains entreprennent de faire dans le cadre d\u2019initiatives panafricaines communautaires. Dans le contexte n\u00e9o panafricain, la notion d\u2019afro-utopie transcende l\u2019imagination abstraite de la \u00ab soci\u00e9t\u00e9 africaine id\u00e9ale \u00bb d\u00e9barrass\u00e9e de ses caract\u00e9ristiques politiques actuelles pour englober les changements de r\u00e9gime pacifiques, la bonne gouvernance, l\u2019am\u00e9lioration des conditions de vie des femmes, le bien-\u00eatre des jeunes et la protection de l\u2019environnement. Ce faisant, les militants adoptent une d\u00e9marche que l\u2019on peut qualifier d\u2019\u00ab activisme pr\u00e9ventif \u00bb, c\u2019est-\u00e0-dire qu\u2019ils protestent pour pr\u00e9venir les exc\u00e8s autocratiques avant m\u00eame qu\u2019ils ne surviennent. Cela a \u00e9t\u00e9 le cas dans des pays africains francophones tels que la Guin\u00e9e, la RDC et la C\u00f4te d\u2019Ivoire. Sentant que le r\u00e9gime en place pourrait tenter de modifier la constitution \u00e0 des fins purement personnelles et politiques, les activistes sont descendus dans la rue pour protester contre toute tentative de modification de la constitution. Les activistes ont \u00e9galement recours \u00e0 ce qu\u2019il conviendrait d\u2019appeler l\u2019\u00ab activisme correctif ou curatif \u00bb, une forme d\u2019engagement civique contestataire qui tente de corriger les dommages caus\u00e9s par des actions et des politiques gouvernementales ill\u00e9gitimes et ill\u00e9gales. Il s\u2019agit par exemple des activit\u00e9s de protestation organis\u00e9es par <i>Aar Li Nu Bokk, Sunu p\u00e9trole<\/i>, un r\u00e9seau d\u2019organisations de la soci\u00e9t\u00e9 civile s\u00e9n\u00e9galaise form\u00e9 en 2019 qui comprend <i>\u00ab Y\u2019en a marre \u00bb, Frapp, Nittu D\u00ebgg<\/i> parmi d\u2019autres mouvements, pour appeler \u00e0 la transparence et \u00e0 la ren\u00e9gociation des contrats p\u00e9troliers et gaziers sign\u00e9s par le gouvernement s\u00e9n\u00e9galais. Ces organisations jugent injustes les contrats d\u2019exploration et d\u2019exploitation du gaz naturel que le gouvernement de Macky Sall a sign\u00e9s avec des soci\u00e9t\u00e9s \u00e9trang\u00e8res telles que Total Energies. Elles ont \u00e9galement d\u00e9nonc\u00e9 un accord scandaleux r\u00e9v\u00e9l\u00e9 par la BBC en 2019 entre Aliou Sall, fr\u00e8re du pr\u00e9sident Sall, et Frank Timis, un homme d\u2019affaires controvers\u00e9[10]. La notion d\u2019activisme correctif ou curatif englobe \u00e9galement les activit\u00e9s de protestation telles que celles men\u00e9es par le <i>Balai citoyen<\/i> au Burkina Faso, qui a renvers\u00e9 le pr\u00e9sident Blaise Compaor\u00e9 \u00e0 la suite de sa modification unilat\u00e9rale de la constitution pour rester au pouvoir.         <\/p>\t\t\t\t\t\t\t\t<\/div>\n\t\t\t\t<\/div>\n\t\t\t\t<div class=\"elementor-element elementor-element-dbd9f6f elementor-widget elementor-widget-text-editor\" data-id=\"dbd9f6f\" data-element_type=\"widget\" data-e-type=\"widget\" data-widget_type=\"text-editor.default\">\n\t\t\t\t<div class=\"elementor-widget-container\">\n\t\t\t\t\t\t\t\t\t<p>En fin de compte, comme l\u2019ont d\u00e9clar\u00e9 un certain nombre d\u2019activistes africains dans l\u2019\u00ab <i>Azimio la Dakar[11]<\/i> \u00bb de juillet 2018, \u00ab l\u2019\u00e9mergence de mouvements sociaux en Afrique et dans les diasporas africaines participe de la prise de conscience qu\u2019il faut un changement radical de paradigmes politique, \u00e9conomique et social port\u00e9 par les Africains eux-m\u00eames, avec pour socle leur propre histoire et de leurs cultures<i> <\/i>\u00bb. En d\u2019autres termes, \u00ab il s\u2019agit de r\u00e9inventer, \u00e0 l\u2019\u00e9chelle panafricaine, une utopie commune et de nous engager, r\u00e9solument et solidairement \u00e0 parachever la lutte pour la lib\u00e9ration de l\u2019Afrique, entam\u00e9e par les g\u00e9n\u00e9rations pr\u00e9c\u00e9dentes \u00bb. (<i>Azimiyo La Dakar<\/i>, 2018). Ces affirmations confirment la centralit\u00e9 des paradigmes culturels africains dans l\u2019activisme social contemporain et la continuit\u00e9 de la lutte des g\u00e9n\u00e9rations pass\u00e9es.  <\/p>\t\t\t\t\t\t\t\t<\/div>\n\t\t\t\t<\/div>\n\t\t\t\t<div class=\"elementor-element elementor-element-384103b elementor-widget elementor-widget-heading\" data-id=\"384103b\" data-element_type=\"widget\" data-e-type=\"widget\" data-widget_type=\"heading.default\">\n\t\t\t\t<div class=\"elementor-widget-container\">\n\t\t\t\t\t<h2 class=\"elementor-heading-title elementor-size-default\">N\u00e9o panafricanisme et mobilisation de masse<\/h2>\t\t\t\t<\/div>\n\t\t\t\t<\/div>\n\t\t\t\t<div class=\"elementor-element elementor-element-663da46 elementor-widget elementor-widget-text-editor\" data-id=\"663da46\" data-element_type=\"widget\" data-e-type=\"widget\" data-widget_type=\"text-editor.default\">\n\t\t\t\t<div class=\"elementor-widget-container\">\n\t\t\t\t\t\t\t\t\t<p>La prolif\u00e9ration des actions populaires de masse ou \u00ab hyperactivisme \u00bb, comme l&rsquo;identifie Mampilly, a principalement caract\u00e9ris\u00e9 le n\u00e9o panafricanisme en tant que phase \u00e9volutive distincte du panafricanisme. Ceci est particuli\u00e8rement visible dans les pays d\u2019Afrique francophone o\u00f9 d\u2019importants changements sociopolitiques et \u00e9conomiques engendrent des affrontements pr\u00e9visibles entre la classe politique et les masses, et entre jeunes activistes et forces n\u00e9ocoloniales[12]. L\u2019Afrique de l\u2019Ouest francophone fait l\u2019objet d\u2019une attention particuli\u00e8re depuis 2011, lorsque des mouvements de protestation g\u00e9n\u00e9ralis\u00e9s ont d\u00e9stabilis\u00e9 le r\u00e9gime s\u00e9n\u00e9galais (dirig\u00e9 par le pr\u00e9sident Abdoulaye Wade) et renvers\u00e9 le r\u00e9gime Compaor\u00e9 au Burkina Faso. Au Mali, des mouvements de protestation similaires, men\u00e9s par l\u2019imam Mahmoud Dicko du <i>Mouvement du 5 juin<\/i>, ont entra\u00een\u00e9 la chute du r\u00e9gime du pr\u00e9sident Ibrahim Boubacar Ke\u00efta en 2020. En Guin\u00e9e, le <i>Front national pour la d\u00e9fense de la constitution<\/i> s\u2019est engag\u00e9 dans une confrontation de deux ans contre le troisi\u00e8me mandat du pr\u00e9sident Alpha Cond\u00e9. La r\u00e9pression sanglante qui s\u2019en est suivie a fait plus de 90 morts (AFP\/VOA, 2020). Elle aboutit \u00e0 la destitution de Cond\u00e9 en septembre 2021 par le <i>Groupement des forces sp\u00e9ciales,<\/i> une \u00e9quipe militaire d\u2019\u00e9lite dirig\u00e9e par le colonel Mamadi Doumbouya. En C\u00f4te d\u2019Ivoire, un mouvement moins r\u00e9ussi s\u2019est attaqu\u00e9 au pr\u00e9sident Alassane Ouattara qui a viol\u00e9 de mani\u00e8re flagrante l\u2019ordre constitutionnel pour se pr\u00e9senter \u00e0 un troisi\u00e8me mandat. Quelques ann\u00e9es auparavant, des troubles avaient d\u00e9stabilis\u00e9 l\u2019Afrique du Nord lorsqu\u2019un jeune vendeur ambulant, Mohamed Bouazizi, s\u2019\u00e9tait immol\u00e9 par le feu pour protester contre la saisie de sa marchandise par les autorit\u00e9s municipales, d\u00e9clenchant la r\u00e9volution tunisienne et le \u00ab printemps arabe \u00bb. Cette nouvelle vague de politique contestataire peut \u00e9galement \u00eatre \u00ab pr\u00e9sent\u00e9e comme l&rsquo;ultime d\u00e9fi au capitalisme, un rejet de la d\u00e9mocratie lib\u00e9rale, un soul\u00e8vement de la \u00ab\u00a0multitude\u00a0\u00bb, l&rsquo;\u0153uvre d&rsquo;une jeunesse ma\u00eetrisant les m\u00e9dias sociaux ou une explosion de frustration des classes moyennes \u00bb (Branch &amp; Mampilly, 2015). Mamdani (2011) d\u00e9crit bien cette turbulence continentale lorsqu\u2019il d\u00e9clare : \u00ab Le souvenir de la place Tahrir nourrit les espoirs et alimente les craintes des gouvernements dans de nombreuses soci\u00e9t\u00e9s africaines. Un spectre hante l\u2019Afrique et ses dirigeants. \u00bb Ainsi, l\u2019ann\u00e9e 2011 est devenue un catalyseur pour l\u2019\u00e9mergence d\u2019actions populaires de masse \u00e0 travers le continent africain, en particulier dans les r\u00e9gions francophones en lien avec les souvenirs de 1968.           <\/p>\t\t\t\t\t\t\t\t<\/div>\n\t\t\t\t<\/div>\n\t\t\t\t<div class=\"elementor-element elementor-element-6300e51 elementor-widget elementor-widget-text-editor\" data-id=\"6300e51\" data-element_type=\"widget\" data-e-type=\"widget\" data-widget_type=\"text-editor.default\">\n\t\t\t\t<div class=\"elementor-widget-container\">\n\t\t\t\t\t\t\t\t\t<p>L\u2019hyperactivisme actuel en Afrique francophone constitue la r\u00e9sultante de deux enjeux majeurs : d&rsquo;une part, les man\u0153uvres antid\u00e9mocratiques de r\u00e9gimes de plus en plus r\u00e9pressifs qui tentent de se maintenir au pouvoir \u00e0 tout prix. Cela justifie le th\u00e8me du deuxi\u00e8me sommet de l\u2019Upec en 2020, intitul\u00e9 <i>\u00ab Pouss\u00e9e autocritique : L\u2019action citoyenne en question \u00bb<\/i> <em>(Autocratic Advancement: Civic Action in Question).<\/em> Deuxi\u00e8mement, les aspirations d&rsquo;une g\u00e9n\u00e9ration d\u00e9complex\u00e9e \u00e0 repenser la relation de l\u2019Afrique avec le Nord (en particulier la France) et l\u2019h\u00e9ritage colonial. Le premier se caract\u00e9rise principalement par le \u00ab syndrome de la troisi\u00e8me candidature \u00bb (similaire \u00e0 ce que Lumumba-Kasongo (2007) appelle le \u00ab syndrome du troisi\u00e8me mandat \u00bb) ou le d\u00e9sir de violer\/ interpr\u00e9ter d\u00e9lib\u00e9r\u00e9ment les ordres constitutionnels pour imposer un troisi\u00e8me mandat et parfois une monarchisation du pouvoir politique, par laquelle les chefs d&rsquo;\u00c9tat sont remplac\u00e9s de facto par leur prog\u00e9niture, comme on l&rsquo;a vu au Togo et, plus r\u00e9cemment, au Tchad. Ces ph\u00e9nom\u00e8nes continuent de d\u00e9stabiliser de nombreux pays et ont entra\u00een\u00e9 des dizaines de d\u00e9c\u00e8s et d&#8217;emprisonnements arbitraires d\u2019activistes et de manifestants, ce qui a suscit\u00e9 un m\u00e9contentement panafricain, une indignation et un soutien aux participants du mouvement, ainsi que des appels pressants \u00e0 d\u00e9coloniser les relations avec le Nord, en particulier avec la France.    <\/p>\t\t\t\t\t\t\t\t<\/div>\n\t\t\t\t<\/div>\n\t\t\t\t<div class=\"elementor-element elementor-element-5c205a4 elementor-widget elementor-widget-text-editor\" data-id=\"5c205a4\" data-element_type=\"widget\" data-e-type=\"widget\" data-widget_type=\"text-editor.default\">\n\t\t\t\t<div class=\"elementor-widget-container\">\n\t\t\t\t\t\t\t\t\t<p>Les jeunes g\u00e9n\u00e9rations d\u2019Africains francophones, par exemple, ont r\u00e9cemment pouss\u00e9 leurs gouvernements \u00e0 repenser profond\u00e9ment les termes de leurs liens \u00e9conomiques, politiques, militaires et culturels avec la France. Ils exigent une relation \u00e9quitable dans laquelle la France n\u2019exerce pas de contr\u00f4le sur le franc CFA et supprime le monopole des multinationales fran\u00e7aises dans certains secteurs \u00e9conomiques cl\u00e9s tels que les t\u00e9l\u00e9communications, les industries extractives et les grandes surfaces. Ils plaident \u00e9galement pour le retrait des bases militaires fran\u00e7aises sur le continent. Ce fut le cas \u00e0 Ouagadougou lorsque le 20 janvier 2023 des centaines de jeunes manifestants ont brandi des pancartes hostiles \u00e0 la France telles que : <i>\u00ab Arm\u00e9e fran\u00e7aise, d\u00e9gage de chez nous \u00bb<\/i>. Ce slogan constitue une position \u00ab anti-France \u00bb largement r\u00e9pandue en Afrique que certains chercheurs et commentateurs politiques d\u00e9nomment le <i>\u00ab d\u00e9gagisme \u00bb<\/i> africain. Il s\u2019agit d\u2019un n\u00e9ologisme qui exprime un appel populaire pour que les militaires et les entreprises fran\u00e7aises quittent le continent (Premat, 2020 ; Rigg, 2022 ; Gassama, 2022). Si certains voient dans le <i>\u00ab d\u00e9gagisme \u00bb<\/i> une forme corrosive de nationalisme, beaucoup consid\u00e8rent qu\u2019il s\u2019agit d\u2019une politique de reconqu\u00eate de la souverainet\u00e9 nationale bafou\u00e9e par des d\u00e9cennies d\u2019exploitation n\u00e9ocoloniale et de paternalisme fran\u00e7ais. Comme l\u2019a d\u00e9clar\u00e9 Mohamed Sinon, le leader du <i>collectif des leaders panafricains<\/i>, lors de la manifestation contre la pr\u00e9sence militaire fran\u00e7aise \u00e0 Ouagadougou : \u00ab Nous sommes ici pour exprimer notre soutien total et ind\u00e9fectible au pr\u00e9sident Ibrahim Traor\u00e9 et aux forces de d\u00e9fense et de s\u00e9curit\u00e9 engag\u00e9es dans la lutte contre le terrorisme et la recherche de la souverainet\u00e9 totale de notre pays. \u00bb (France 24, 2023). L\u2019activiste burkinab\u00e9 assimile la pr\u00e9sence de l\u2019arm\u00e9e fran\u00e7aise et des djihadistes \u00e0 une invasion et \u00e0 une violation de leur souverainet\u00e9 nationale. En 2022, des revendications similaires ont \u00e9t\u00e9 formul\u00e9es par des manifestants maliens, brandissant des pancartes <i>\u00ab Barkhane d\u00e9gage \u00bb<\/i>, ce qui a entra\u00een\u00e9 le d\u00e9part de la <i>force \u00ab Barkhane \u00bb<\/i> du Mali en ao\u00fbt 2022[13] (AFP, 2022). Le m\u00e9contentement des manifestants burkinab\u00e9s et maliens a \u00e9galement touch\u00e9 un petit groupe de manifestants men\u00e9 par l\u2019activiste congolais Emery Mwazulu Diyabanza, qui a tent\u00e9 de retirer un totem du mus\u00e9e du quai Branly en 2020 en d\u00e9clarant : \u00ab Nous le ramenons chez nous. \u00bb (Reucher, 2020).          <\/p>\t\t\t\t\t\t\t\t<\/div>\n\t\t\t\t<\/div>\n\t\t\t\t<div class=\"elementor-element elementor-element-87b523b elementor-widget elementor-widget-text-editor\" data-id=\"87b523b\" data-element_type=\"widget\" data-e-type=\"widget\" data-widget_type=\"text-editor.default\">\n\t\t\t\t<div class=\"elementor-widget-container\">\n\t\t\t\t\t\t\t\t\t<p>L\u2019acte de Diyabanza traduit le d\u00e9sir des jeunes g\u00e9n\u00e9rations d\u2019Africains de r\u00e9clamer le rapatriement des artefacts africains \u00ab vol\u00e9s \u00bb qui se trouvent dans les mus\u00e9es occidentaux (Sarr &amp; Savoy, 2018). La restitution de ce patrimoine culturel africain est devenue une revendication panafricaine populaire. Activiste burkinab\u00e9 et sankariste, Serge Bayala (2023) exprime l\u2019engagement des challengers n\u00e9o panafricains en ce sens lorsqu\u2019il affirme : \u00ab Notre patrimoine historique, reflet de l\u2019intelligence de nos anc\u00eatres, a \u00e9t\u00e9 vol\u00e9, c\u2019est un crime contre la science et l\u2019humanit\u00e9\u2026 Nous avons donc fait de la restitution de notre patrimoine un combat. \u00bb En 2021, la France a rendu vingt-six \u0153uvres d\u2019art au B\u00e9nin apr\u00e8s plusieurs ann\u00e9es de demandes de restitution de la part du pays d\u2019Afrique de l\u2019Ouest, tandis que l\u2019Allemagne et les \u00c9tats-Unis se sont \u00e9galement engag\u00e9s \u00e0 restituer des objets d\u2019art africains \u00e0 leur lieu d\u2019origine. Conscients de l\u2019importance de ces restitutions, les militants r\u00e9unis \u00e0 l\u2019Upec \u00ab ont renforc\u00e9 les appels lanc\u00e9s aux [mus\u00e9es] occidentaux pour qu\u2019ils rapatrient des objets culturels inestimables \u00bb. (Gbadamosi, 2020). \u00c0 l\u2019inverse, ils ont appel\u00e9 \u00e0 prot\u00e9ger les int\u00e9r\u00eats \u00e9conomiques et financiers des consommateurs africains face au pouvoir des multinationales.     <\/p>\t\t\t\t\t\t\t\t<\/div>\n\t\t\t\t<\/div>\n\t\t\t\t<div class=\"elementor-element elementor-element-a6e80c7 elementor-widget elementor-widget-text-editor\" data-id=\"a6e80c7\" data-element_type=\"widget\" data-e-type=\"widget\" data-widget_type=\"text-editor.default\">\n\t\t\t\t<div class=\"elementor-widget-container\">\n\t\t\t\t\t\t\t\t\t<p>Dans le m\u00eame ordre d\u2019id\u00e9es, plusieurs mouvements sociaux tels que <i>\u00ab Y\u2019en marre \u00bb et Balai citoyen<\/i> ont organis\u00e9 des manifestations nationales et en ligne contre l\u2019entreprise fran\u00e7aise de t\u00e9l\u00e9communications Orange pour ses prix \u00e9lev\u00e9s et la faible qualit\u00e9 de ses services. Des campagnes telles que <i>#OrangeIstheNewMafia<\/i> (au Cameroun), <i>#BoycottonsOrangeSenegal<\/i> (au S\u00e9n\u00e9gal) et <i>\u00ab Stop aux arnaques de Orange Mali \u00bb<\/i> (au Mali) ont \u00e9t\u00e9 suivies avec succ\u00e8s par les consommateurs qui ont forc\u00e9 l\u2019entreprise, dans certains cas, \u00e0 r\u00e9duire ses prix (Barma, 2018). Des appels \u00e0 la mobilisation et des actions similaires ont \u00e9t\u00e9 lanc\u00e9s par Lucha et d\u2019autres mouvements sociaux congolais en 2019 pour obliger les compagnies t\u00e9l\u00e9phoniques \u00e0 fournir une meilleure qualit\u00e9 de service et \u00e0 baisser leurs prix. Les activistes ont d\u00e9plor\u00e9 que les clients d\u2019Orange en France paient moins que leurs homologues en Afrique, alors que ces derniers sont dans une situation \u00e9conomique plus pr\u00e9caire.   <\/p>\t\t\t\t\t\t\t\t<\/div>\n\t\t\t\t<\/div>\n\t\t\t\t<div class=\"elementor-element elementor-element-a84965e elementor-widget elementor-widget-text-editor\" data-id=\"a84965e\" data-element_type=\"widget\" data-e-type=\"widget\" data-widget_type=\"text-editor.default\">\n\t\t\t\t<div class=\"elementor-widget-container\">\n\t\t\t\t\t\t\t\t\t<p>Ce sentiment d\u2019une pr\u00e9sence fran\u00e7aise envahissante est rest\u00e9 tr\u00e8s palpable lors de l\u2019Upec de 2018. Il \u00e9tait encore plus perceptible apr\u00e8s la pr\u00e9sentation de Nadia Tourqui (2018), une activiste des Comores dont l\u2019expos\u00e9 portait sur l\u2019utilisation continue de la monnaie CFA et l\u2019occupation de Mayotte par la France. Elle d\u00e9clare :  <\/p>\t\t\t\t\t\t\t\t<\/div>\n\t\t\t\t<\/div>\n\t\t\t\t<div class=\"elementor-element elementor-element-90a1390 elementor-blockquote--skin-border elementor-widget elementor-widget-blockquote\" data-id=\"90a1390\" data-element_type=\"widget\" data-e-type=\"widget\" data-widget_type=\"blockquote.default\">\n\t\t\t\t<div class=\"elementor-widget-container\">\n\t\t\t\t\t\t\t<blockquote class=\"elementor-blockquote\">\n\t\t\t<p class=\"elementor-blockquote__content\">\n\t\t\t\t\u00ab Je pense que dans tous nos pays, le terme \"d\u2019ind\u00e9pendance inachev\u00e9\" est r\u00e9current. Nous sommes ind\u00e9pendants, mais nous ne le sommes pas vraiment car il y a le CFA, car il y a une ing\u00e9rence. Mais en plus de tout cela, il y a carr\u00e9ment une partie de notre territoire [Mayotte] qui est occup\u00e9e par la France. Sur nos quatre \u00eeles, bien que nous soyons ind\u00e9pendants depuis le 6 juillet 1975, par un coup de passepasse juridique, la France a d\u00e9cid\u00e9 de garder une \u00eele. \u00bb\t\t\t<\/p>\n\t\t\t\t\t<\/blockquote>\n\t\t\t\t\t\t<\/div>\n\t\t\t\t<\/div>\n\t\t\t\t<div class=\"elementor-element elementor-element-8b331c4 elementor-widget elementor-widget-text-editor\" data-id=\"8b331c4\" data-element_type=\"widget\" data-e-type=\"widget\" data-widget_type=\"text-editor.default\">\n\t\t\t\t<div class=\"elementor-widget-container\">\n\t\t\t\t\t\t\t\t\t<p>La d\u00e9claration de Tourqui incarne un malaise g\u00e9n\u00e9ral concernant le contr\u00f4le de la monnaie CFA par la France et le maintien de sa domination politique et militaire sur le continent. Ce ph\u00e9nom\u00e8ne, que Floribert Endong qualifie de \u00ab francophobie \u00bb en tant qu\u2019expression du panafricanisme en Afrique francophone, continue de favoriser une d\u00e9nonciation n\u00e9o-panafricaine des dirigeants africains francophones et du gouvernement fran\u00e7ais. Faisant \u00e9cho aux sentiments de nombreux militants de l\u2019Upec \u00e0 l\u2019\u00e9gard de la France, Endong (2021, pp. 117-118) affirme :  <\/p>\t\t\t\t\t\t\t\t<\/div>\n\t\t\t\t<\/div>\n\t\t\t\t<div class=\"elementor-element elementor-element-aefce94 elementor-blockquote--skin-border elementor-widget elementor-widget-blockquote\" data-id=\"aefce94\" data-element_type=\"widget\" data-e-type=\"widget\" data-widget_type=\"blockquote.default\">\n\t\t\t\t<div class=\"elementor-widget-container\">\n\t\t\t\t\t\t\t<blockquote class=\"elementor-blockquote\">\n\t\t\t<p class=\"elementor-blockquote__content\">\n\t\t\t\tEn effet, la domination politique, \u00e9conomique et militaire continue \u2013 mais non avou\u00e9e \u2013 de la France dans ses anciennes colonies africaines a d\u00e9clench\u00e9 l\u2019\u00e9mergence de mouvements nationalistes clandestins et d\u00e9clar\u00e9s qui ont fond\u00e9 leurs revendications sur la d\u00e9nonciation de la France et l\u2019agitation anti-fran\u00e7aise. Ainsi, dans de nombreux pays africains francophones, les signes per\u00e7us du n\u00e9ocolonialisme fran\u00e7ais \u2013 manifest\u00e9s par la pr\u00e9sence militaire fran\u00e7aise, les politiques \u00e9conomiques pro-fran\u00e7aises, la domination des multinationales fran\u00e7aises, la pr\u00e9dominance des monnaies coloniales (le franc CFA ou la Fran\u00e7afrique) et la pr\u00e9tendue alliance pernicieuse de la France avec des \u00e9lites dirigeantes impopulaires, entre autres \u2013 ont aliment\u00e9 des sentiments anti-fran\u00e7ais massifs dans divers pays africains francophones.14 \t\t\t<\/p>\n\t\t\t\t\t<\/blockquote>\n\t\t\t\t\t\t<\/div>\n\t\t\t\t<\/div>\n\t\t\t\t<div class=\"elementor-element elementor-element-0d22bcb elementor-widget elementor-widget-text-editor\" data-id=\"0d22bcb\" data-element_type=\"widget\" data-e-type=\"widget\" data-widget_type=\"text-editor.default\">\n\t\t\t\t<div class=\"elementor-widget-container\">\n\t\t\t\t\t\t\t\t\t<p>Outre la domination \u00e9conomique et militaire de la France, Endong fait \u00e9tat de la connivence entre certains dirigeants africains et la France, un autre ph\u00e9nom\u00e8ne vigoureusement d\u00e9nonc\u00e9 par les activistes africains pr\u00e9sents \u00e0 l\u2019Upec en 2018. L\u2019activiste tchadien, Nadjo Kaina (2018) a d\u00e9clar\u00e9 : <\/p>\t\t\t\t\t\t\t\t<\/div>\n\t\t\t\t<\/div>\n\t\t\t\t<div class=\"elementor-element elementor-element-effd803 elementor-blockquote--skin-border elementor-widget elementor-widget-blockquote\" data-id=\"effd803\" data-element_type=\"widget\" data-e-type=\"widget\" data-widget_type=\"blockquote.default\">\n\t\t\t\t<div class=\"elementor-widget-container\">\n\t\t\t\t\t\t\t<blockquote class=\"elementor-blockquote\">\n\t\t\t<p class=\"elementor-blockquote__content\">\n\t\t\t\tComme pour nos amis du Burundi et du Congo, notre situation[in Tchad] au Tchad est tr\u00e8s compliqu\u00e9e, mais ici c\u2019est avec la b\u00e9n\u00e9diction de la France et de la communaut\u00e9 internationale qui accompagnent [President]D\u00e9by. Ils vous disent clairement que les droits de l\u2019Homme ne sont pas une priorit\u00e9, aujourd\u2019hui c\u2019est la lutte contre le terrorisme. D\u00e9by peut donc faire ce qu\u2019il veut.\t\t\t<\/p>\n\t\t\t\t\t<\/blockquote>\n\t\t\t\t\t\t<\/div>\n\t\t\t\t<\/div>\n\t\t\t\t<div class=\"elementor-element elementor-element-c8d9b64 elementor-widget elementor-widget-text-editor\" data-id=\"c8d9b64\" data-element_type=\"widget\" data-e-type=\"widget\" data-widget_type=\"text-editor.default\">\n\t\t\t\t<div class=\"elementor-widget-container\">\n\t\t\t\t\t\t\t\t\t<p>Non seulement Kaina condamne la France pour avoir ferm\u00e9 les yeux sur les violations des droits de l\u2019homme au Tchad, mais le soutien sans \u00e9quivoque de l\u2019ancienne m\u00e9tropole \u00e0 la prise de contr\u00f4le du pouvoir politique par Mahamat D\u00e9by apr\u00e8s la mort de son p\u00e8re, le pr\u00e9sident Idriss D\u00e9by, t\u00e9moigne d\u2019une <i>\u00ab Fran\u00e7afrique \u00bb<\/i> paternaliste. Cette derni\u00e8re continue d\u2019alimenter les protestations actuellement pr\u00e9sentes dans toute l\u2019Afrique francophone, faisant ainsi de la r\u00e9gion l\u2019\u00e9picentre du panafricanisme du xxie si\u00e8cle. <\/p>\t\t\t\t\t\t\t\t<\/div>\n\t\t\t\t<\/div>\n\t\t\t\t<div class=\"elementor-element elementor-element-4593762 elementor-widget elementor-widget-heading\" data-id=\"4593762\" data-element_type=\"widget\" data-e-type=\"widget\" data-widget_type=\"heading.default\">\n\t\t\t\t<div class=\"elementor-widget-container\">\n\t\t\t\t\t<h2 class=\"elementor-heading-title elementor-size-default\">Quelles perspectives pour la gouvernance<br>des mouvements sociaux africains ?<\/h2>\t\t\t\t<\/div>\n\t\t\t\t<\/div>\n\t\t\t\t<div class=\"elementor-element elementor-element-cfdbf7d elementor-widget elementor-widget-text-editor\" data-id=\"cfdbf7d\" data-element_type=\"widget\" data-e-type=\"widget\" data-widget_type=\"text-editor.default\">\n\t\t\t\t<div class=\"elementor-widget-container\">\n\t\t\t\t\t\t\t\t\tL\u2019Upec a r\u00e9v\u00e9l\u00e9 trois tendances principalement caract\u00e9ristiques des mouvements africains francophones : les progressistes, les veilleurs et les mod\u00e9r\u00e9s. Ces tendances s\u2019accordent sur la n\u00e9cessit\u00e9 du panafricanisme comme principe directeur de l\u2019activisme africain. Cependant, ils diff\u00e8rent sur la mani\u00e8re dont les activistes devraient contribuer au changement social.   \t\t\t\t\t\t\t\t<\/div>\n\t\t\t\t<\/div>\n\t\t\t\t<div class=\"elementor-element elementor-element-3765945 elementor-widget elementor-widget-text-editor\" data-id=\"3765945\" data-element_type=\"widget\" data-e-type=\"widget\" data-widget_type=\"text-editor.default\">\n\t\t\t\t<div class=\"elementor-widget-container\">\n\t\t\t\t\t\t\t\t\t<p>Les \u00ab progressistes \u00bb estiment que les mouvements sociaux devraient se transformer en partis politiques. Ils comprennent que les postes \u00e9lectifs aux niveaux local et national sont essentiels \u00e0 la r\u00e9alisation de changements sociopolitiques profonds et d\u00e9fendent, par cons\u00e9quent, l\u2019importance de se pr\u00e9senter aux \u00e9lections. Pour ces progressistes, un syst\u00e8me entier jug\u00e9 d\u00e9fectueux doit \u00eatre remplac\u00e9 par un nouveau. C\u2019\u00e9tait principalement la position de l\u2019activiste rappeur camerounais Gaston Ab\u00e9, surnomm\u00e9 \u00ab G\u00e9n\u00e9ral Vals\u00e9ro \u00bb, qui repr\u00e9sentait <i>Jeunes et Forts<\/i> et Our Destiny, deux mouvements sociaux camerounais de premier plan. Il a publiquement rejet\u00e9 l\u2019id\u00e9e selon laquelle les personnes engag\u00e9es dans les mouvements sociaux devraient \u00eatre \u00ab apolitiques \u00bb, puisque le simple fait de participer \u00e0 des mouvements sociaux devraient \u00eatre \u00ab apolitiques \u00bb, puisque le simple fait de participer \u00e0 des mouvements sociaux est un acte politique. Par \u00ab apolitique \u00bb, Vals\u00e9ro (Upec 2018) explique qu\u2019il est paradoxal que de nombreux activistes africains soient pr\u00eats \u00e0 combattre l\u2019establishment politique pour apporter des changements sociaux, mais qu\u2019ils restent en m\u00eame temps r\u00e9ticents \u00e0 assumer des fonctions \u00e9lectives. Il soutient que les activistes sociaux doivent s\u2019\u00e9loigner du stade des revendications et se demander quel r\u00f4le ils peuvent jouer dans la recherche de solutions aux probl\u00e8mes sociopolitiques.       <\/p>\t\t\t\t\t\t\t\t<\/div>\n\t\t\t\t<\/div>\n\t\t\t\t<div class=\"elementor-element elementor-element-652715e elementor-widget elementor-widget-text-editor\" data-id=\"652715e\" data-element_type=\"widget\" data-e-type=\"widget\" data-widget_type=\"text-editor.default\">\n\t\t\t\t<div class=\"elementor-widget-container\">\n\t\t\t\t\t\t\t\t\t<p>Ouedraogo est clairement en d\u00e9saccord avec Vals\u00e9ro et les progressistes. Pour lui, la notori\u00e9t\u00e9 des activistes africains est souvent interpr\u00e9t\u00e9e par beaucoup comme un rite de passage pour assumer des <i>responsabilit\u00e9s publiques<\/i>. Cependant, le passage de l\u2019activisme \u00e0 la politique reste d\u00e9licat dans un continent o\u00f9 le terme \u00ab politicien \u00bb est souvent associ\u00e9 \u00e0 la d\u00e9magogie, \u00e0 la corruption et \u00e0 la fourberie. La troisi\u00e8me tendance, repr\u00e9sent\u00e9e par le mouvement \u00ab Y\u2019en a marre \u00bb, se situe \u00e0 mi-chemin entre les progressistes et les veilleurs. Les adeptes de cette tendance, les \u00ab mod\u00e9r\u00e9s \u00bb, adoptent une position m\u00e9diane. Ils soutiennent que les activistes africains peuvent se pr\u00e9senter \u00e0 des fonctions publiques, tout en pr\u00e9servant v\u00e9ritablement leur int\u00e9grit\u00e9. Ces n\u00e9o panafricanistes serviraient leurs communaut\u00e9s comme le ferait n\u2019importe quelle organisation non gouvernementale. Fadel Barro a exprim\u00e9 ce point de vue lorsqu\u2019il a d\u00e9clar\u00e9 :   <\/p>\t\t\t\t\t\t\t\t<\/div>\n\t\t\t\t<\/div>\n\t\t\t\t<div class=\"elementor-element elementor-element-9211bba elementor-blockquote--skin-border elementor-widget elementor-widget-blockquote\" data-id=\"9211bba\" data-element_type=\"widget\" data-e-type=\"widget\" data-widget_type=\"blockquote.default\">\n\t\t\t\t<div class=\"elementor-widget-container\">\n\t\t\t\t\t\t\t<blockquote class=\"elementor-blockquote\">\n\t\t\t<p class=\"elementor-blockquote__content\">\n\t\t\t\tApr\u00e8s l\u2019insurrection populaire, le Balai Citoyen avait atteint une telle l\u00e9gitimit\u00e9, que nous aurions pu r\u00e9cup\u00e9rer la transition, nous aurions pu entrer dans le gouvernement, nous aurions pu aller \u00e0 l\u2019Assembl\u00e9e Nationale de transition, mais nous avons voulu continuer \u00e0 jouer notre r\u00f4le de sentinelles, de veille citoyenne, et nous ne regrettons rien (Ouedraogo, Upec 2018). \t\t\t<\/p>\n\t\t\t\t\t<\/blockquote>\n\t\t\t\t\t\t<\/div>\n\t\t\t\t<\/div>\n\t\t\t\t<div class=\"elementor-element elementor-element-29962ae elementor-widget elementor-widget-text-editor\" data-id=\"29962ae\" data-element_type=\"widget\" data-e-type=\"widget\" data-widget_type=\"text-editor.default\">\n\t\t\t\t<div class=\"elementor-widget-container\">\n\t\t\t\t\t\t\t\t\t<p>Ouedraogo est clairement en d\u00e9saccord avec Vals\u00e9ro et les progressistes. Pour lui, la notori\u00e9t\u00e9 des activistes africains est souvent interpr\u00e9t\u00e9e par beaucoup comme un rite de passage pour assumer des responsabilit\u00e9s publiques. Cependant, le passage de l\u2019activisme \u00e0 la politique reste d\u00e9licat dans un continent o\u00f9 le terme \u00ab politicien \u00bb est souvent associ\u00e9 \u00e0 la d\u00e9magogie, \u00e0 la corruption et \u00e0 la fourberie.  <\/p>\t\t\t\t\t\t\t\t<\/div>\n\t\t\t\t<\/div>\n\t\t\t\t<div class=\"elementor-element elementor-element-ab5c529 elementor-widget elementor-widget-text-editor\" data-id=\"ab5c529\" data-element_type=\"widget\" data-e-type=\"widget\" data-widget_type=\"text-editor.default\">\n\t\t\t\t<div class=\"elementor-widget-container\">\n\t\t\t\t\t\t\t\t\t<p>La troisi\u00e8me tendance, repr\u00e9sent\u00e9e par le mouvement \u00ab Y\u2019en a marre \u00bb, se situe \u00e0 mi-chemin entre les progressistes et les veilleurs. Les adeptes de cette tendance, les \u00ab mod\u00e9r\u00e9s \u00bb, adoptent une position m\u00e9diane. Ils soutiennent que les activistes africains peuvent se pr\u00e9senter \u00e0 des fonctions publiques, tout en pr\u00e9servant v\u00e9ritablement leur int\u00e9grit\u00e9. Ces n\u00e9o panafricanistes serviraient leurs communaut\u00e9s comme le ferait n\u2019importe quelle organisation non gouvernementale. Fadel Barro a exprim\u00e9 ce point de vue lorsqu\u2019il a d\u00e9clar\u00e9 :    <\/p>\t\t\t\t\t\t\t\t<\/div>\n\t\t\t\t<\/div>\n\t\t\t\t<div class=\"elementor-element elementor-element-aba5a1b elementor-blockquote--skin-border elementor-widget elementor-widget-blockquote\" data-id=\"aba5a1b\" data-element_type=\"widget\" data-e-type=\"widget\" data-widget_type=\"blockquote.default\">\n\t\t\t\t<div class=\"elementor-widget-container\">\n\t\t\t\t\t\t\t<blockquote class=\"elementor-blockquote\">\n\t\t\t<p class=\"elementor-blockquote__content\">\n\t\t\t\tLes positions des deux camps (progressistes et veilleurs) font l\u2019objet d\u2019un d\u00e9bat int\u00e9ressant et bien expliqu\u00e9 dans les travaux du sommet. Je pense qu\u2019il s\u2019agit d\u2019une question int\u00e9ressante que les mouvements discuteront entre eux [\u2026]. Personnellement, je pense que nos mouvements devraient ressembler \u00e0 l\u2019ANC (African National Congress) \u00e0 ses d\u00e9buts, c\u2019est-\u00e0-dire que nous nous mobilisons pour d\u00e9fendre une cause, mais en m\u00eame temps, nous pouvons conqu\u00e9rir le pouvoir politique tout en restant Enda Tiers Monde qui \u00e9tait une grande ONG qui aidait les communaut\u00e9s \u00e0 se tenir au courant des probl\u00e8mes. Je pense donc que les deux positions (se pr\u00e9senter \u00e0 des postes politiques et jouer le r\u00f4le de veilleur) peuvent aller de pair. Je fais confiance aux leaders des mouvements sociaux pour choisir la meilleure ligne de conduite en fonction de leurs r\u00e9alit\u00e9s socioculturelles. (entretien avec Barro, juillet 2019).   \t\t\t<\/p>\n\t\t\t\t\t<\/blockquote>\n\t\t\t\t\t\t<\/div>\n\t\t\t\t<\/div>\n\t\t\t\t<div class=\"elementor-element elementor-element-71b8c0f elementor-widget elementor-widget-text-editor\" data-id=\"71b8c0f\" data-element_type=\"widget\" data-e-type=\"widget\" data-widget_type=\"text-editor.default\">\n\t\t\t\t<div class=\"elementor-widget-container\">\n\t\t\t\t\t\t\t\t\t<p>La d\u00e9claration de Barro illustre la troisi\u00e8me voie de l\u2019avenir de l\u2019activisme africain et, comme les deux positions pr\u00e9c\u00e9dentes, elle confirme que l\u2019activisme des mouvements de jeunesse n\u2019est pas un processus statique. Il est plut\u00f4t dans un \u00e9tat de transformation permanente pour s\u2019adapter aux dynamiques sociales, politiques et culturelles de l\u2019\u00e9poque. Cependant, il convient de noter que la question de l\u2019occupation d\u2019une fonction publique a constitu\u00e9 un point de discorde au sein m\u00eame du mouvement <i>\u00ab Y\u2019en a marre \u00bb<\/i>, lorsque Barro a d\u00e9cid\u00e9 de se porter candidat \u00e0 un si\u00e8ge parlementaire en 2017. La direction du mouvement a fait valoir que Fadel Barro \u00e9tait libre de briguer un si\u00e8ge parlementaire comme tout citoyen \u00e9ligible, mais qu\u2019il n\u2019\u00e9tait pas autoris\u00e9 \u00e0 rester membre du mouvement s\u2019il choisissait de se pr\u00e9senter aux \u00e9lections. Face \u00e0 ce dilemme, Fadel Barro a renonc\u00e9 \u00e0 son ambition politique pour rester le coordinateur du <i>mouvemen<\/i>t jusqu\u2019en mars 2019, date \u00e0 laquelle Aliou San\u00e9 l\u2019a remplac\u00e9 en tant que porte-parole du mouvement. Depuis lors, Barro a lanc\u00e9 une coalition politique d\u00e9nomm\u00e9e <i>\u00ab Jammi Gox Yi \u00bb<\/i> pour participer aux joutes \u00e9lectorales.     <\/p>\t\t\t\t\t\t\t\t<\/div>\n\t\t\t\t<\/div>\n\t\t\t\t<div class=\"elementor-element elementor-element-dd53540 elementor-widget elementor-widget-text-editor\" data-id=\"dd53540\" data-element_type=\"widget\" data-e-type=\"widget\" data-widget_type=\"text-editor.default\">\n\t\t\t\t<div class=\"elementor-widget-container\">\n\t\t\t\t\t\t\t\t\t<p>Le d\u00e9bat entre \u00ab progressistes \u00bb, \u00ab \/veilleurs\/sentinelles \u00bb et \u00ab mod\u00e9r\u00e9s \u00bb est rest\u00e9 l\u2019un des points forts du sommet panafricain de Dakar en 2018. L\u2019av\u00e8nement de ces courants trace une nouvelle direction pour l\u2019activisme social sur le continent. Les mouvements sociaux actuels se transformeront-ils en partis politiques traditionnels pour r\u00e9pondre plus efficacement aux dol\u00e9ances de la population ? Se transformeront-ils en entit\u00e9s d\u2019entrepreneuriat socio-\u00e9conomiques semblables aux ONG internationales ? Bien que nous n\u2019ayons pas de r\u00e9ponses d\u00e9finitives \u00e0 ces questions, il convient de souligner que de nombreux activistes ayant particip\u00e9 \u00e0 l\u2019Upec ont cr\u00e9\u00e9 ou rejoint des partis et coalitions politiques. C\u2019est le cas de l\u2019activiste <i>k\u00e9nyan Boniface<\/i> <i>Mwangi<\/i> qui a cr\u00e9\u00e9 le parti <i>Ukweli <\/i>et a brigu\u00e9 un si\u00e8ge au parlement. Dans tous les cas, les mouvements africains sont tenus de s\u2019adapter \u00e0 l\u2019\u00e9volution des r\u00e9alit\u00e9s politiques et de d\u00e9fier les politiciens de carri\u00e8re qui ont tendance \u00e0 monopoliser le pouvoir. Par cons\u00e9quent, ce que l\u2019on peut appeler le \u00ab morphisme des mouvements sociaux africains \u00bb devient une n\u00e9cessit\u00e9, en d\u2019autres termes.<br>Les activistes africains doivent \u00eatre pr\u00eats \u00e0 faire \u00e9voluer les structures de leurs mouvements pour les adapter aux exigences contextuelles de la r\u00e9alit\u00e9 sociopolitique de leurs pays respectifs. Entre-temps, les militants peuvent continuer \u00e0 travailler sur des strat\u00e9gies collectives qui r\u00e9pondent aux besoins et aux pr\u00e9occupations des masses dans leur marche vers l\u2019\u00e9tablissement de vraies d\u00e9mocraties, la bonne gouvernance et la lutte contre le n\u00e9ocolonialisme.           <\/p>\t\t\t\t\t\t\t\t<\/div>\n\t\t\t\t<\/div>\n\t\t\t\t<div class=\"elementor-element elementor-element-5030d49 elementor-widget elementor-widget-heading\" data-id=\"5030d49\" data-element_type=\"widget\" data-e-type=\"widget\" data-widget_type=\"heading.default\">\n\t\t\t\t<div class=\"elementor-widget-container\">\n\t\t\t\t\t<h2 class=\"elementor-heading-title elementor-size-default\">Conclusion<\/h2>\t\t\t\t<\/div>\n\t\t\t\t<\/div>\n\t\t\t\t<div class=\"elementor-element elementor-element-d6fef14 elementor-widget elementor-widget-text-editor\" data-id=\"d6fef14\" data-element_type=\"widget\" data-e-type=\"widget\" data-widget_type=\"text-editor.default\">\n\t\t\t\t<div class=\"elementor-widget-container\">\n\t\t\t\t\t\t\t\t\t<p>L\u2019Upec symbolise une initiative francophone cl\u00e9 et une exp\u00e9rience transformatrice pour les activistes de l\u2019Atlantique noir dans son ensemble. Elle a servi de premi\u00e8re grande plateforme transnationale pour les mouvements de jeunesse radicaux de l\u2019Afrique contemporaine, qui s\u2019est occup\u00e9e non seulement de la sensibilisation civique et du changement politique, mais aussi du bien-\u00eatre des activistes sociaux. Les mouvements sociaux se sont mis d\u2019accord sur un programme collectif et une feuille de route pour construire ce que ses initiateurs appellent une \u00ab Nouvelle Afrique \u00bb. \u00c0 cet \u00e9gard, Fadel Barro affirme que l\u2019Upec \u00ab est [partiellement] n\u00e9e de la prise de conscience que l\u2019espace public africain manquait d\u2019un forum o\u00f9 [les activistes] pourraient parler de leurs probl\u00e8mes et se projeter dans des \u00ab\u00a0utopies actives\u00a0\u00bb \u00bb (Barro, 2019). L\u2019Upec a permis aux activistes sociaux de revenir sur les \u00e9v\u00e9nements r\u00e9cents qui ont remis en cause les principes de la d\u00e9mocratie et de l\u2019\u00c9tat de droit en Afrique, ainsi que les d\u00e9fis \u00e0 la dignit\u00e9 humaine dans les diasporas. Ils ont \u00e9galement saisi l\u2019occasion pour analyser les d\u00e9fis sociopolitiques et culturels pass\u00e9s et actuels par rapport \u00e0 l\u2019id\u00e9e d\u2019une \u00ab Nouvelle Afrique \u00bb que les jeunes veulent voir \u00e9merger[15]. Plus important encore, le sommet s\u2019est distingu\u00e9 comme un incubateur pour un nouveau partenariat dans lequel les leaders des mouvements et les participants, les d\u00e9cideurs politiques et les universitaires ont interagi pour favoriser le changement avec la conscience claire d\u2019un destin commun. Enfin, l\u2019Upec a souscrit \u00e0 la continuit\u00e9 de la r\u00e9sistance panafricaine contre les forces internes et externes ali\u00e9nantes, comme le souligne Barro dans le rapport final du sommet. Il affirme :        <\/p>\t\t\t\t\t\t\t\t<\/div>\n\t\t\t\t<\/div>\n\t\t\t\t<div class=\"elementor-element elementor-element-89371b3 elementor-blockquote--skin-border elementor-widget elementor-widget-blockquote\" data-id=\"89371b3\" data-element_type=\"widget\" data-e-type=\"widget\" data-widget_type=\"blockquote.default\">\n\t\t\t\t<div class=\"elementor-widget-container\">\n\t\t\t\t\t\t\t<blockquote class=\"elementor-blockquote\">\n\t\t\t<p class=\"elementor-blockquote__content\">\n\t\t\t\t\u00ab L\u2019ancienne puissance coloniale a \u00e9touff\u00e9 l\u2019utopie naissante qu\u2019\u00e9tait le panafricanisme, objectif des grandes figures de l\u2019ind\u00e9pendance africaine comme Kwame Nkrumah, Patrice Lumumba ou Nnamdi Azikiwe. En fin de compte, ils ont \u00e9t\u00e9 condamn\u00e9s \u00e0 \u00eatre des contestataires d\u2019un ordre politique, \u00e9conomique et culturel injuste sans jamais avoir eu l\u2019occasion de structurer et de r\u00e9aliser leur projet [le panafricanisme] de transformation n\u00e9cessaire pour une Afrique traumatis\u00e9e par la colonisation. Aujourd\u2019hui, notre g\u00e9n\u00e9ration est confront\u00e9e aux m\u00eames probl\u00e8mes et nous devons inventer nos propres r\u00e9ponses \u00e0 ces probl\u00e8mes. \u00bb (Barro, 2019).\t\t\t<\/p>\n\t\t\t\t\t<\/blockquote>\n\t\t\t\t\t\t<\/div>\n\t\t\t\t<\/div>\n\t\t\t\t<div class=\"elementor-element elementor-element-3f35388 elementor-widget elementor-widget-text-editor\" data-id=\"3f35388\" data-element_type=\"widget\" data-e-type=\"widget\" data-widget_type=\"text-editor.default\">\n\t\t\t\t<div class=\"elementor-widget-container\">\n\t\t\t\t\t\t\t\t\tLa d\u00e9claration de Barro r\u00e9it\u00e8re la d\u00e9termination de la nouvelle g\u00e9n\u00e9ration de militants \u00e0 suivre les traces de leurs pr\u00e9d\u00e9cesseurs panafricains. Il souligne le fait que l\u2019Afrique est toujours confront\u00e9e aux m\u00eames probl\u00e8mes politiques, \u00e9conomiques et sociaux qui d\u00e9coulent en partie de l\u2019exp\u00e9rience coloniale. Face \u00e0 ces d\u00e9fis, les activistes africains contemporains ont adopt\u00e9 de nouvelles m\u00e9thodes dans le but de proposer des alternatives politiques qui rompent compl\u00e8tement les liens coloniaux et n\u00e9ocoloniaux. C\u2019est \u00e0 cet \u00e9gard que l\u2019Upec a donn\u00e9 naissance \u00e0 des tendances militantes qui s\u2019int\u00e9ressent aux transformations syst\u00e9miques profondes des soci\u00e9t\u00e9s africaines et diasporiques, m\u00eame si leurs visions des moyens d\u2019y parvenir sont diff\u00e9rentes.   \t\t\t\t\t\t\t\t<\/div>\n\t\t\t\t<\/div>\n\t\t\t\t<div class=\"elementor-element elementor-element-4f1ae45 elementor-widget elementor-widget-text-editor\" data-id=\"4f1ae45\" data-element_type=\"widget\" data-e-type=\"widget\" data-widget_type=\"text-editor.default\">\n\t\t\t\t<div class=\"elementor-widget-container\">\n\t\t\t\t\t\t\t\t\tEn conclusion, nous pouvons dire qu\u2019apr\u00e8s une longue p\u00e9riode de d\u00e9mobilisation notable de la communaut\u00e9 panafricaine, les mouvements sociaux contemporains africains et de la diaspora ont raviv\u00e9 l\u2019int\u00e9r\u00eat de la masse pour le panafricanisme. Ils ouvrent une nouvelle phase pour un mouvement et un concept qui ont contribu\u00e9 \u00e0 la lib\u00e9ration des Noirs dans le monde. Par cons\u00e9quent, le n\u00e9o panafricanisme constitue une phase \u00e9volutive et un cadre conceptuel pour les mouvements sociaux africains qui reconnaissent la n\u00e9cessit\u00e9 de l\u2019internationalisation de l\u2019engagement civique. Compte tenu de leurs similitudes, de la menace du n\u00e9ocolonialisme et de la nature de plus en plus r\u00e9pressive des r\u00e9gimes africains, la force de l\u2019activisme social noir r\u00e9side dans des formes d\u2019organisations transnationales. Par cons\u00e9quent, l\u2019organisation de l\u2019Upec et la formation d\u2019Afrikki marquent un tournant dans la construction du \u00ab nouvel esprit du panafricanisme \u00bb. Elles ont renforc\u00e9 les alliances qui existent entre les mouvements sociaux africains et de la diaspora dans le cycle de protestation actuel. Malgr\u00e9 l\u2019\u00e9mergence de diff\u00e9rents courants lors du sommet de l\u2019Upec de 2018, les activistes qui ont particip\u00e9 au sommet sont tous d\u2019accord pour dire que leur salut viendra du panafricanisme, et que seules une conscience et des luttes populaires soutenues favoriseront des transformations sociopolitiques et \u00e9conomiques durables.      \t\t\t\t\t\t\t\t<\/div>\n\t\t\t\t<\/div>\n\t\t\t\t<\/div>\n\t\t<div data-particle_enable=\"false\" data-particle-mobile-disabled=\"false\" class=\"elementor-element elementor-element-2d9184d e-con-full e-flex wpr-particle-no wpr-jarallax-no wpr-parallax-no wpr-sticky-section-no e-con e-child\" data-id=\"2d9184d\" data-element_type=\"container\" data-e-type=\"container\" data-settings=\"{&quot;background_background&quot;:&quot;classic&quot;}\">\n\t\t\t\t<div class=\"elementor-element elementor-element-a7fd8c3 ignoretoc elementor-hidden-mobile elementor-widget elementor-widget-heading\" data-id=\"a7fd8c3\" data-element_type=\"widget\" data-e-type=\"widget\" data-widget_type=\"heading.default\">\n\t\t\t\t<div class=\"elementor-widget-container\">\n\t\t\t\t\t<h2 class=\"elementor-heading-title elementor-size-default\">L'auteur<\/h2>\t\t\t\t<\/div>\n\t\t\t\t<\/div>\n\t\t\t\t<div class=\"elementor-element elementor-element-38b0172 ignoretoc elementor-hidden-mobile elementor-widget elementor-widget-link-in-bio\" data-id=\"38b0172\" data-element_type=\"widget\" data-e-type=\"widget\" data-widget_type=\"link-in-bio.default\">\n\t\t\t\t<div class=\"elementor-widget-container\">\n\t\t\t\t\t\t\t<div class=\"e-link-in-bio e-link-in-bio\">\n\t\t\t<div class=\"e-link-in-bio__content\">\n\n\t\t\t\t\t\t<div class=\"e-link-in-bio__identity\">\n\t\t\t\t\t\t\t\t\t<div class=\"e-link-in-bio__identity-image e-link-in-bio__identity-image-profile has-style-circle\">\n\t\t\t\t\t\t\t<img decoding=\"async\" width=\"225\" height=\"300\" src=\"https:\/\/www.globalafricasciences.org\/wp-content\/uploads\/2024\/11\/Bamba-Ndiaye--225x300.jpg\" class=\"e-link-in-bio__identity-image-element\" alt=\"\" srcset=\"https:\/\/www.globalafricasciences.org\/wp-content\/uploads\/2024\/11\/Bamba-Ndiaye--225x300.jpg 225w, https:\/\/www.globalafricasciences.org\/wp-content\/uploads\/2024\/11\/Bamba-Ndiaye--768x1024.jpg 768w, https:\/\/www.globalafricasciences.org\/wp-content\/uploads\/2024\/11\/Bamba-Ndiaye--1152x1536.jpg 1152w, https:\/\/www.globalafricasciences.org\/wp-content\/uploads\/2024\/11\/Bamba-Ndiaye-.jpg 1162w\" sizes=\"(max-width: 225px) 100vw, 225px\" \/>\t\t\t\t\t\t\t\t\t\t\t\t\t<\/div>\n\t\t\t\t\t\t\t<\/div>\n\t\t\t\t\t<div class=\"e-link-in-bio__bio\">\n\t\t\t\t<h2 class=\"e-link-in-bio__heading\">Bamba Ndiaye<\/h2>\t\t\t\t<h3 class=\"e-link-in-bio__title\">Professeur d\u2019\u00e9tudes africaines Oxford College | Emory University et professeur principal \u00e0 l\u2019Institut d\u2019\u00e9tudes <\/h3>\t\t\t\t\t\t\t\t<p class=\"e-link-in-bio__description\">africaines d\u2019Emory University, Atlanta, USA<\/p>\t\t\t<\/div>\n\t\t\t\t\t<div class=\"e-link-in-bio__icons has-size-small\">\n\t\t\t\t\t\t\t<div class=\"e-link-in-bio__icon is-size-small\">\n\t\t\t\t\t<a aria-label=\"Email\" class=\"e-link-in-bio__icon-link\" href=\"mailto:candiay@emory.edu?subject=Contact%20from%20GA%20Bio\">\n\t\t\t\t\t\t<span class=\"e-link-in-bio__icon-svg\">\n\t\t\t\t\t\t\t<i aria-hidden=\"true\" class=\"fas fa-envelope\"><\/i>\t\t\t\t\t\t<\/span>\n\t\t\t\t\t\t\t\t\t\t\t<\/a>\n\t\t\t\t<\/div>\n\t\t\t\t\t<\/div>\n\t\t\n\t\t<div class=\"e-link-in-bio__ctas has-type-button\">\n\t\t\t\t\t\t\t<a href=\"\/author\/bambandiaye\" target=\"_blank\" rel=\"noopener \" class=\"e-link-in-bio__cta is-type-button has-corners-rounded\">\n\t\t\t\t\t\t\t\t\t\t<span class=\"e-link-in-bio__cta-text\">\n\t\t\t\t\t\tVoir le profil complet\t\t\t\t\t<\/span>\n\t\t\t\t<\/a>\n\t\t\t\t\t<\/div>\n\t\t\n\t\t\t<\/div>\n\t\t\t<div class=\"e-link-in-bio__bg\">\n\t\t\t\t<div class=\"e-link-in-bio__bg-overlay\"><\/div>\n\t\t\t<\/div>\n\t\t<\/div>\n\t\t\t\t\t\t<\/div>\n\t\t\t\t<\/div>\n\t\t\t\t<div class=\"elementor-element elementor-element-ca44f9b ignoretoc elementor-widget elementor-widget-heading\" data-id=\"ca44f9b\" data-element_type=\"widget\" data-e-type=\"widget\" data-widget_type=\"heading.default\">\n\t\t\t\t<div class=\"elementor-widget-container\">\n\t\t\t\t\t<h2 class=\"elementor-heading-title elementor-size-default\">\u00c9galement dans ce num\u00e9ro<\/h2>\t\t\t\t<\/div>\n\t\t\t\t<\/div>\n\t\t\t\t<div class=\"elementor-element elementor-element-08ab0bf elementor-grid-1 elementor-grid-tablet-1 elementor-grid-mobile-1 elementor-posts--thumbnail-top elementor-posts--show-avatar elementor-card-shadow-yes elementor-posts__hover-gradient elementor-widget elementor-widget-posts\" data-id=\"08ab0bf\" data-element_type=\"widget\" data-e-type=\"widget\" data-settings=\"{&quot;posts_cards_pp_authors_columns&quot;:&quot;1&quot;,&quot;posts_cards_pp_authors_row_gap&quot;:{&quot;unit&quot;:&quot;px&quot;,&quot;size&quot;:27,&quot;sizes&quot;:[]},&quot;posts_cards_pp_authors_columns_tablet&quot;:&quot;1&quot;,&quot;posts_cards_pp_authors_columns_mobile&quot;:&quot;1&quot;,&quot;posts_cards_pp_authors_row_gap_laptop&quot;:{&quot;unit&quot;:&quot;px&quot;,&quot;size&quot;:&quot;&quot;,&quot;sizes&quot;:[]},&quot;posts_cards_pp_authors_row_gap_tablet_extra&quot;:{&quot;unit&quot;:&quot;px&quot;,&quot;size&quot;:&quot;&quot;,&quot;sizes&quot;:[]},&quot;posts_cards_pp_authors_row_gap_tablet&quot;:{&quot;unit&quot;:&quot;px&quot;,&quot;size&quot;:&quot;&quot;,&quot;sizes&quot;:[]},&quot;posts_cards_pp_authors_row_gap_mobile_extra&quot;:{&quot;unit&quot;:&quot;px&quot;,&quot;size&quot;:&quot;&quot;,&quot;sizes&quot;:[]},&quot;posts_cards_pp_authors_row_gap_mobile&quot;:{&quot;unit&quot;:&quot;px&quot;,&quot;size&quot;:&quot;&quot;,&quot;sizes&quot;:[]}}\" data-widget_type=\"posts.posts_cards_pp_authors\">\n\t\t\t\t<div class=\"elementor-widget-container\">\n\t\t\t\t\t\t\t<div class=\"elementor-posts-container elementor-posts elementor-posts--skin-posts_cards_pp_authors elementor-grid\" role=\"list\">\n\t\t\t\t<article class=\"elementor-post elementor-grid-item post-15271 post type-post status-publish format-standard has-post-thumbnail hentry category-revue author-global-africa\" role=\"listitem\">\n\t\t\t<div class=\"elementor-post__card\">\n\t\t\t\t<a class=\"elementor-post__thumbnail__link\" href=\"https:\/\/www.globalafricasciences.org\/fr\/numero-10-global-africa-savoirs-protecteurs-savoir-proteger\/\" tabindex=\"-1\" target=\"_blank\"><div class=\"elementor-post__thumbnail\"><img decoding=\"async\" width=\"1200\" height=\"1200\" src=\"https:\/\/www.globalafricasciences.org\/wp-content\/uploads\/2025\/06\/Issue-10-\u2013-Global-AfricaProtective-Knowledges-The-Wisdom-to-Protect-.webp\" class=\"attachment-full size-full wp-image-15268\" alt=\"\" \/><\/div><\/a>\n\t\t        <div class=\"elementor-post__avatar\">\n            <img alt='' src='https:\/\/www.globalafricasciences.org\/wp-content\/uploads\/2024\/11\/Global-Africa.jpg' srcset='https:\/\/www.globalafricasciences.org\/wp-content\/uploads\/2024\/11\/Global-Africa.jpg' class='multiple_authors_guest_author_avatar avatar' height='128' width='128'\/>        <\/div>\n        \t\t<div class=\"elementor-post__text\">\n\t\t\t\t<h4 class=\"elementor-post__title\">\n\t\t\t<a href=\"https:\/\/www.globalafricasciences.org\/fr\/numero-10-global-africa-savoirs-protecteurs-savoir-proteger\/\" target=&quot;_blank&quot;>\n\t\t\t\tNum\u00e9ro 10 \u2013 Global Africa\u00ab Savoirs protecteurs, savoir prot\u00e9ger \u00bb\t\t\t<\/a>\n\t\t<\/h4>\n\t\t\n\t\t<a class=\"elementor-post__read-more\" href=\"https:\/\/www.globalafricasciences.org\/fr\/numero-10-global-africa-savoirs-protecteurs-savoir-proteger\/\" aria-label=\"En savoir plus sur Num\u00e9ro 10 \u2013 Global Africa\u00ab Savoirs protecteurs, savoir prot\u00e9ger \u00bb\" tabindex=\"-1\" target=\"_blank\">\n\t\t\tRead More \u00bb\t\t<\/a>\n\n\t\t\t\t<\/div>\n\t\t\t\t<div class=\"elementor-post__meta-data\">\n\t\t\t        <span class=\"elementor-post-author\">\n\t\t\tGlobal Africa\t\t<\/span>\n        \t\t<\/div>\n\t\t\t\t\t<\/div>\n\t\t<\/article>\n\t\t\t\t<article class=\"elementor-post elementor-grid-item post-15509 post type-post status-publish format-standard has-post-thumbnail hentry category-analyses-critiques author-karine-collette-fr author-ibrahima-ba-fr\" role=\"listitem\">\n\t\t\t<div class=\"elementor-post__card\">\n\t\t\t\t<a class=\"elementor-post__thumbnail__link\" href=\"https:\/\/www.globalafricasciences.org\/fr\/terre-mere-trace-discursive-dune-emancipation-ecologique-au-nord-et-au-sud\/\" tabindex=\"-1\" target=\"_blank\"><div class=\"elementor-post__thumbnail\"><img loading=\"lazy\" decoding=\"async\" width=\"527\" height=\"752\" src=\"https:\/\/www.globalafricasciences.org\/wp-content\/uploads\/2025\/06\/Capture-decran-2025-06-27-a-19.19.41.png\" class=\"attachment-full size-full wp-image-14990\" alt=\"\" srcset=\"https:\/\/www.globalafricasciences.org\/wp-content\/uploads\/2025\/06\/Capture-decran-2025-06-27-a-19.19.41.png 527w, https:\/\/www.globalafricasciences.org\/wp-content\/uploads\/2025\/06\/Capture-decran-2025-06-27-a-19.19.41-210x300.png 210w\" sizes=\"(max-width: 527px) 100vw, 527px\" \/><\/div><\/a>\n\t\t        <div class=\"elementor-post__avatar\">\n            <img alt='' src='https:\/\/www.globalafricasciences.org\/wp-content\/uploads\/2024\/11\/Global-Africa.jpg' srcset='https:\/\/www.globalafricasciences.org\/wp-content\/uploads\/2024\/11\/Global-Africa.jpg' class='multiple_authors_guest_author_avatar avatar' height='128' width='128'\/><img alt='' src='https:\/\/www.globalafricasciences.org\/wp-content\/uploads\/2024\/11\/Global-Africa.jpg' srcset='https:\/\/www.globalafricasciences.org\/wp-content\/uploads\/2024\/11\/Global-Africa.jpg' class='multiple_authors_guest_author_avatar avatar' height='128' width='128'\/>        <\/div>\n        \t\t<div class=\"elementor-post__text\">\n\t\t\t\t<h4 class=\"elementor-post__title\">\n\t\t\t<a href=\"https:\/\/www.globalafricasciences.org\/fr\/terre-mere-trace-discursive-dune-emancipation-ecologique-au-nord-et-au-sud\/\" target=&quot;_blank&quot;>\n\t\t\t\tTerre-M\u00e8re : trace discursive d\u2019une \u00e9mancipation \u00e9cologique au Nord et au Sud ?\t\t\t<\/a>\n\t\t<\/h4>\n\t\t\n\t\t<a class=\"elementor-post__read-more\" href=\"https:\/\/www.globalafricasciences.org\/fr\/terre-mere-trace-discursive-dune-emancipation-ecologique-au-nord-et-au-sud\/\" aria-label=\"En savoir plus sur Terre-M\u00e8re : trace discursive d\u2019une \u00e9mancipation \u00e9cologique au Nord et au Sud ?\" tabindex=\"-1\" target=\"_blank\">\n\t\t\tRead More \u00bb\t\t<\/a>\n\n\t\t\t\t<\/div>\n\t\t\t\t<div class=\"elementor-post__meta-data\">\n\t\t\t        <span class=\"elementor-post-author\">\n\t\t\tKarine Collette, Ibrahima Ba\t\t<\/span>\n        \t\t<\/div>\n\t\t\t\t\t<\/div>\n\t\t<\/article>\n\t\t\t\t<article class=\"elementor-post elementor-grid-item post-15517 post type-post status-publish format-standard has-post-thumbnail hentry category-champ author-cheikh-sadibou-sakho-fr author-masengesho-kamuzinzi-fr\" role=\"listitem\">\n\t\t\t<div class=\"elementor-post__card\">\n\t\t\t\t<a class=\"elementor-post__thumbnail__link\" href=\"https:\/\/www.globalafricasciences.org\/fr\/we-heal-together-un-savoir-protecteur-par-excellence-qui-sinspire-de-lheritage-africain-ou-les-responsabilites-envers-soi-et-envers-autrui-sont-indissociables\/\" tabindex=\"-1\" target=\"_blank\"><div class=\"elementor-post__thumbnail\"><img loading=\"lazy\" decoding=\"async\" width=\"527\" height=\"752\" src=\"https:\/\/www.globalafricasciences.org\/wp-content\/uploads\/2025\/06\/Capture-decran-2025-06-27-a-19.18.04.webp\" class=\"attachment-full size-full wp-image-14982\" alt=\"\" \/><\/div><\/a>\n\t\t        <div class=\"elementor-post__avatar\">\n            <img alt='' src='https:\/\/www.globalafricasciences.org\/wp-content\/uploads\/2025\/04\/Cheikh-Sadibou-Sakho-.webp' srcset='https:\/\/www.globalafricasciences.org\/wp-content\/uploads\/2025\/04\/Cheikh-Sadibou-Sakho-.webp' class='multiple_authors_guest_author_avatar avatar' height='128' width='128'\/><img alt='' src='https:\/\/www.globalafricasciences.org\/wp-content\/uploads\/2024\/11\/Global-Africa.jpg' srcset='https:\/\/www.globalafricasciences.org\/wp-content\/uploads\/2024\/11\/Global-Africa.jpg' class='multiple_authors_guest_author_avatar avatar' height='128' width='128'\/>        <\/div>\n        \t\t<div class=\"elementor-post__text\">\n\t\t\t\t<h4 class=\"elementor-post__title\">\n\t\t\t<a href=\"https:\/\/www.globalafricasciences.org\/fr\/we-heal-together-un-savoir-protecteur-par-excellence-qui-sinspire-de-lheritage-africain-ou-les-responsabilites-envers-soi-et-envers-autrui-sont-indissociables\/\" target=&quot;_blank&quot;>\n\t\t\t\t\u00ab We Heal Together \u00bb, un savoir protecteur par excellence qui s\u2019inspire de l\u2019h\u00e9ritage africain, o\u00f9 les responsabilit\u00e9s envers soi et envers autrui sont indissociables\t\t\t<\/a>\n\t\t<\/h4>\n\t\t\n\t\t<a class=\"elementor-post__read-more\" href=\"https:\/\/www.globalafricasciences.org\/fr\/we-heal-together-un-savoir-protecteur-par-excellence-qui-sinspire-de-lheritage-africain-ou-les-responsabilites-envers-soi-et-envers-autrui-sont-indissociables\/\" aria-label=\"En savoir plus sur \u00ab We Heal Together \u00bb, un savoir protecteur par excellence qui s\u2019inspire de l\u2019h\u00e9ritage africain, o\u00f9 les responsabilit\u00e9s envers soi et envers autrui sont indissociables\" tabindex=\"-1\" target=\"_blank\">\n\t\t\tRead More \u00bb\t\t<\/a>\n\n\t\t\t\t<\/div>\n\t\t\t\t<div class=\"elementor-post__meta-data\">\n\t\t\t        <span class=\"elementor-post-author\">\n\t\t\tCheikh Sadibou Sakho, Masengesho Kamuzinzi\t\t<\/span>\n        \t\t<\/div>\n\t\t\t\t\t<\/div>\n\t\t<\/article>\n\t\t\t\t<article class=\"elementor-post elementor-grid-item post-15523 post type-post status-publish format-standard has-post-thumbnail hentry category-analyses-critiques author-cheikh-sadibou-sakho-fr author-ndeye-laity-ndiaye-fr\" role=\"listitem\">\n\t\t\t<div class=\"elementor-post__card\">\n\t\t\t\t<a class=\"elementor-post__thumbnail__link\" href=\"https:\/\/www.globalafricasciences.org\/fr\/it-takes-a-village-reinventer-la-mise-a-labri-des-survivantes-de-violences-sexuelles-au-senegalpistes-a-partir-de-lexperience-du-centre-kullimaaroo-de-ziguinchor\/\" tabindex=\"-1\" target=\"_blank\"><div class=\"elementor-post__thumbnail\"><img loading=\"lazy\" decoding=\"async\" width=\"527\" height=\"752\" src=\"https:\/\/www.globalafricasciences.org\/wp-content\/uploads\/2025\/06\/Capture-decran-2025-06-27-a-19.17.22.webp\" class=\"attachment-full size-full wp-image-14992\" alt=\"\" \/><\/div><\/a>\n\t\t        <div class=\"elementor-post__avatar\">\n            <img alt='' src='https:\/\/www.globalafricasciences.org\/wp-content\/uploads\/2025\/04\/Cheikh-Sadibou-Sakho-.webp' srcset='https:\/\/www.globalafricasciences.org\/wp-content\/uploads\/2025\/04\/Cheikh-Sadibou-Sakho-.webp' class='multiple_authors_guest_author_avatar avatar' height='128' width='128'\/><img alt='' src='https:\/\/www.globalafricasciences.org\/wp-content\/uploads\/2024\/11\/Global-Africa.jpg' srcset='https:\/\/www.globalafricasciences.org\/wp-content\/uploads\/2024\/11\/Global-Africa.jpg' class='multiple_authors_guest_author_avatar avatar' height='128' width='128'\/>        <\/div>\n        \t\t<div class=\"elementor-post__text\">\n\t\t\t\t<h4 class=\"elementor-post__title\">\n\t\t\t<a href=\"https:\/\/www.globalafricasciences.org\/fr\/it-takes-a-village-reinventer-la-mise-a-labri-des-survivantes-de-violences-sexuelles-au-senegalpistes-a-partir-de-lexperience-du-centre-kullimaaroo-de-ziguinchor\/\" target=&quot;_blank&quot;>\n\t\t\t\tIt Takes a Village! (R\u00e9)inventer la mise \u00e0 l\u2019abri des survivantes de violences sexuelles au S\u00e9n\u00e9gal<br>Pistes \u00e0 partir de l\u2019exp\u00e9rience du centre Kullimaaroo de Ziguinchor\t\t\t<\/a>\n\t\t<\/h4>\n\t\t\n\t\t<a class=\"elementor-post__read-more\" href=\"https:\/\/www.globalafricasciences.org\/fr\/it-takes-a-village-reinventer-la-mise-a-labri-des-survivantes-de-violences-sexuelles-au-senegalpistes-a-partir-de-lexperience-du-centre-kullimaaroo-de-ziguinchor\/\" aria-label=\"En savoir plus sur It Takes a Village! (R\u00e9)inventer la mise \u00e0 l\u2019abri des survivantes de violences sexuelles au S\u00e9n\u00e9gal&lt;br&gt;Pistes \u00e0 partir de l\u2019exp\u00e9rience du centre Kullimaaroo de Ziguinchor\" tabindex=\"-1\" target=\"_blank\">\n\t\t\tRead More \u00bb\t\t<\/a>\n\n\t\t\t\t<\/div>\n\t\t\t\t<div class=\"elementor-post__meta-data\">\n\t\t\t        <span class=\"elementor-post-author\">\n\t\t\tCheikh Sadibou Sakho, Nd\u00e8ye La\u00efty Ndiaye\t\t<\/span>\n        \t\t<\/div>\n\t\t\t\t\t<\/div>\n\t\t<\/article>\n\t\t\t\t<\/div>\n\t\t\n\t\t\t\t\t\t<\/div>\n\t\t\t\t<\/div>\n\t\t\t\t<\/div>\n\t\t\t\t<\/div>\n\t\t<div data-particle_enable=\"false\" data-particle-mobile-disabled=\"false\" class=\"elementor-element elementor-element-e590199 e-con-full e-flex wpr-particle-no wpr-jarallax-no wpr-parallax-no wpr-sticky-section-no e-con e-parent\" data-id=\"e590199\" data-element_type=\"container\" data-e-type=\"container\">\n\t\t\t\t<div class=\"elementor-element elementor-element-3dd1381 elementor-widget elementor-widget-eael-adv-tabs\" data-id=\"3dd1381\" data-element_type=\"widget\" data-e-type=\"widget\" data-widget_type=\"eael-adv-tabs.default\">\n\t\t\t\t<div class=\"elementor-widget-container\">\n\t\t\t\t\t        <div data-scroll-on-click=\"no\" data-scroll-speed=\"300\" id=\"eael-advance-tabs-3dd1381\" class=\"eael-advance-tabs eael-tabs-horizontal eael-tab-auto-active  responsive-vertical-layout\" data-tabid=\"3dd1381\">\n            <div class=\"eael-tabs-nav \">\n                <ul class=\"eael-tab-inline-icon\" role=\"tablist\">\n                                            <li id=\"pour-citer-larticle-\" class=\"active-default eael-tab-item-trigger eael-tab-nav-item\" aria-selected=\"true\" data-tab=\"1\" role=\"tab\" tabindex=\"0\" aria-controls=\"pour-citer-larticle--tab\" aria-expanded=\"false\">\n                            \n                                                                <i class=\"fas fa-quote-left\"><\/i>                                                            \n                                                            <span class=\"eael-tab-title title-after-icon\" >Pour citer l&rsquo;article :<\/span>                            \n                                                    <\/li>\n                                            <li id=\"notes\" class=\"inactive eael-tab-item-trigger eael-tab-nav-item\" aria-selected=\"false\" data-tab=\"2\" role=\"tab\" tabindex=\"-1\" aria-controls=\"notes-tab\" aria-expanded=\"false\">\n                            \n                                                                <i class=\"fas fa-notes-medical\"><\/i>                                                            \n                                                            <span class=\"eael-tab-title title-after-icon\" >Notes<\/span>                            \n                                                    <\/li>\n                                            <li id=\"bibliographie\" class=\"inactive eael-tab-item-trigger eael-tab-nav-item\" aria-selected=\"false\" data-tab=\"3\" role=\"tab\" tabindex=\"-1\" aria-controls=\"bibliographie-tab\" aria-expanded=\"false\">\n                            \n                                                                <i class=\"fas fa-book\"><\/i>                                                            \n                                                            <span class=\"eael-tab-title title-after-icon\" >Bibliographie<\/span>                            \n                                                    <\/li>\n                    \n                                  <\/ul>\n            <\/div>\n            \n            <div class=\"eael-tabs-content\">\n\t\t        \n                    <div id=\"pour-citer-larticle--tab\" class=\"clearfix eael-tab-content-item active-default\" data-title-link=\"pour-citer-larticle--tab\">\n\t\t\t\t        <h5>APA<\/h5>\n<p>Ndiaye, B. (2023). L\u2019activisme social africain et la mont\u00e9e du n\u00e9o panafricanisme. Un regard sur le sommet de l\u2019Upec. Global Africa, 3, pp. 8-9.   <a href=\"https:\/\/doi.org\/10.57832\/d71r-jh63\">https:\/\/doi.org\/10.57832\/d71r-jh63<\/a><\/p>\n<h5>MLA<\/h5>\n<p>Ndiaye Bamba. \u00ab\u00a0L\u2019activisme social africain et la mont\u00e9e du n\u00e9o panafricanisme. Un regard sur le sommet de l\u2019Upec\u00a0\u00bb. Global Africa, no. 3, 2023, p. 8-9  <a href=\"https:\/\/doi.org\/10.57832\/d71r-jh63\">doi.org\/10.57832\/d71r-jh63<\/a><\/p>\n<h5>DOI<\/h5>\n<p><a href=\"https:\/\/doi.org\/10.57832\/d71r-jh63\">https:\/\/doi.org\/10.57832\/d71r-jh63<\/a><\/p>\n<p>\u00a9 2023 by author(s). This work is openly licensed via CC BY-NC 4.0 <\/p>\n                    <\/div>\n\t\t        \n                    <div id=\"notes-tab\" class=\"clearfix eael-tab-content-item inactive\" data-title-link=\"notes-tab\">\n\t\t\t\t        <ol>\n<li>[1] Afrikki cherche \u00e9galement \u00e0 : 1) encourager la solidarit\u00e9 entre tous les mouvements sociaux des diff\u00e9rents pays africains ; 2) favoriser la prise de conscience civique en Afrique et renforcer l\u2019image des mouvements sociaux africains \u00e0 travers divers m\u00e9canismes ; 3) consolider le plaidoyer et le renforcement des capacit\u00e9s des mouvements sociaux \u00e0 travers la mobilisation des ressources et le partage des strat\u00e9gies ; et 4) mettre en place des m\u00e9canismes de financement pour l\u2019autonomie financi\u00e8re et soutenir les activistes africains en danger.    <\/li>\n<li>[2] Il est important de noter que dans le contexte de l\u2019Upec et d\u2019Afrikki, le terme \u00ab activisme social africain \u00bb constitue un effort panafricain par essence. Par cons\u00e9quent, les termes \u00ab activisme social africain \u00bb et \u00ab activisme social panafricain \u00bb sont interchangeables. <\/li>\n<li>[3] Le terme \u00ab N\u00e9o panafricanisme \u00bb se distingue ici du concept de \u00ab N\u00e9o-panafricanisme \u00bb qui correspond, comme le note Russell Rickford, \u00e0 la p\u00e9riode situ\u00e9e entre 1969 et 1972, lorsque le nationalisme noir aux \u00c9tats-Unis a relanc\u00e9 la notion de panafricanisme en tant que principe nationaliste directeur \u00e0 la suite de la d\u00e9mobilisation des Black Panthers et du mouvement Black Power. Le n\u00e9o panafricanisme (orthographi\u00e9 diff\u00e9remment), tel qu\u2019il est d\u00e9velopp\u00e9 dans cet article, trouve ses racines en Afrique de l\u2019Ouest francophone et fait r\u00e9f\u00e9rence \u00e0 un processus continu qui a d\u00e9but\u00e9 au cours de la deuxi\u00e8me d\u00e9cennie du mill\u00e9naire actuel avec la prolif\u00e9ration de mouvements de jeunes insurg\u00e9s en Afrique Francophone. <\/li>\n<li>[4] La \u00ab relation d\u00e9colonisatrice avec l\u2019Afrique \u00bb fait r\u00e9f\u00e9rence au d\u00e9sir des activistes africains de lutter contre le n\u00e9ocolonialisme sur le continent, qu\u2019il s\u2019agisse d\u2019interventions militaires \u00e9trang\u00e8res, de l\u2019utilisation d\u2019une monnaie et de symboles coloniaux ou des relations paternalistes entre l\u2019Afrique et les pays du Nord.<\/li>\n<li>[5] La lutte contre les h\u00e9ritages coloniaux passe par le changement de nom des rues qui portent le nom des colonisateurs et le retrait des statues des anciens colonisateurs, comme celle de Faidherbe dans le centre-ville de Saint-Louis du S\u00e9n\u00e9gal. Ils y sont parvenus.<\/li>\n<li>[6] Selon Rupert Emerson, cette p\u00e9riph\u00e9risation de l\u2019Afrique francophone est en partie due au fait que de nombreux dirigeants africains francophones se sont identifi\u00e9s \u00e0 la politique coloniale assimilationniste et ont perdu de vue l\u2019urgence de l\u2019autonomie et de l\u2019autod\u00e9termination des nations africaines. Il affirme \u00e9galement que de nombreux dirigeants africains francophones ont d\u00e9nigr\u00e9 les id\u00e9es panafricaines, car leurs partisans \u00ab ressemblaient \u00bb \u00e0 des radicaux pr\u00f4nant l\u2019ind\u00e9pendance totale vis-\u00e0-vis de la m\u00e9tropole. En outre, les divergences entre W.E.B Du Bois et les membres francophones de l\u2019Association panafricaine ont failli conduire \u00e0 l\u2019annulation du congr\u00e8s panafricain de 1923. Ces divergences ont perdur\u00e9 tout au long des d\u00e9cennies et ont entra\u00een\u00e9 une pr\u00e9pond\u00e9rance de l\u2019anglophone dans le mouvement panafricain du xxe si\u00e8cle.   <\/li>\n<li>[7] Voir : Padmore, 1958 ; Geiss, 1965 ; 1974 ; Mazrui, 1977 ; Esedebe, 1982 ; Hoskins &amp; Nantambu, 1987 ; Sherwood, 2011 ; Rickford, 2016 ; Adi, 2013 ; 2018 ; Clark et al., 2018 ; Kounou, 2007.<\/li>\n<li>[8] Pendant longtemps, le panafricanisme en tant que mouvement a \u00e9t\u00e9 dirig\u00e9 et d\u00e9fini par des personnes tr\u00e8s instruites qui ont convoqu\u00e9 les congr\u00e8s et les conf\u00e9rences panafricains. Apr\u00e8s le mouvement d\u2019ind\u00e9pendance, ce sont les acteurs politiques qui ont jou\u00e9 le r\u00f4le le plus important dans le mouvement et l\u2019id\u00e9ologie. Toutefois, au xxie si\u00e8cle, les militants et les initiatives communautaires constituent la locomotive du panafricanisme.  <\/li>\n<li>[9] Le concept de \u00ab cadres de contestation analogues \u00bb fait ici r\u00e9f\u00e9rence au fait que les mouvements sociaux africains contemporains partagent des m\u00e9thodes de protestation efficaces et des formes de contr\u00f4le populaire de l\u2019action gouvernementale. Par exemple, en 2015, le Balai citoyen a lanc\u00e9 la campagne \u00ab Je vote, je reste \u00bb pour garantir une \u00e9lection pr\u00e9sidentielle saine et transparente. La m\u00eame campagne a \u00e9t\u00e9 reproduite un an plus tard au Congo, lorsque des activistes sociaux locaux ont encourag\u00e9 un contr\u00f4le populaire du processus de comptage des votes.  <\/li>\n<li>[10] S\u00e9n\u00e9gal, un scandale \u00e0 10 milliards de dollars. BBC report. https:\/\/www.youtube.com\/watch?v=wqwmxR_QTY8<\/li>\n<li>[10] S\u00e9n\u00e9gal, un scandale \u00e0 10 milliards de dollars. BBC report. https:\/\/www.youtube.com\/watch?v=wqwmxR_QTY8 <\/li>\n<li>[11] L\u2019\u00ab Azimio la Dakar \u00bb est la d\u00e9claration finale que les activistes africains et diasporiques ont publi\u00e9e lors du premier sommet panafricain des mouvements sociaux qui s\u2019est tenu \u00e0 Dakar, au S\u00e9n\u00e9gal, en juillet 2018. Le document a \u00e9t\u00e9 r\u00e9dig\u00e9 par l\u2019activiste Fadel Barro de \u00ab Y\u2019en a marre \u00bb et le romancier et \u00e9conomiste Felwine Sarr. <\/li>\n<li>[12] Les \u00ab forces n\u00e9ocoloniales \u00bb font r\u00e9f\u00e9rence \u00e0 la dynamique Fran\u00e7afrique qui continue \u00e0 d\u00e9finir les relations entre la France et ses anciennes colonies en Afrique. Il s\u2019agit \u00e9galement de l\u2019opposition au franc CFA, ainsi que des entreprises du Nord, et d\u2019une poign\u00e9e d\u2019\u00e9lites locales qui profitent des ressources naturelles africaines au d\u00e9triment de la majorit\u00e9. Il s\u2019agit \u00e9galement des entit\u00e9s qui soutiennent les r\u00e9gimes autocratiques en Afrique, comme c\u2019est le cas au Tchad.  <\/li>\n<li>[13] Au Mali, le gouvernement a fait appel \u00e0 la milice russe Wagner pour la soutenir dans son op\u00e9ration visant \u00e0 d\u00e9barrasser le pays de la menace djihadiste. Au Burkina Faso, des manifestants avaient brandi le drapeau russe en signe de rapprochement avec le pays de Poutine. Si beaucoup approuvent les appels au d\u00e9part de l\u2019arm\u00e9e fran\u00e7aise dans les deux pays, ils mettent \u00e9galement en garde contre le rapprochement avec la Russie, l\u2019objectif n\u2019\u00e9tant pas de remplacer une puissance militaire \u00ab douteuse \u00bb par une autre.  <\/li>\n<li>[15] \u00abJe pense que dans tous nos pays ce terme \u00abd\u2019ind\u00e9pendance inachev\u00e9e\u00bb est r\u00e9current. Nous sommes ind\u00e9pendants, mais nous ne le sommes pas vraiment car il y a le CFA, car il y a une ing\u00e9rence. Mais nous en plus de tout cela, il y a carr\u00e9ment une partie de notre territoire qui est occup\u00e9e par la France. Sur nos quatre \u00eeles, bien que nous soyons ind\u00e9pendants depuis le 6 juillet 1975, par un coup de passepasse juridique, la France a d\u00e9cid\u00e9 de garder une \u00eele \u00bb (My translation).   <\/li>\n<li>[16] \u00ab Nouvelle Afrique \u00bb est un terme que de nombreux militants ont utilis\u00e9 pendant l\u2019Upec pour d\u00e9signer l\u2019\u00e9mergence d\u2019un continent libre et d\u00e9mocratique, sans corruption, sans mauvaise gestion, sans exploitation \u00e9trang\u00e8re et sans spoliation.<\/li>\n<\/ol>\n                    <\/div>\n\t\t        \n                    <div id=\"bibliographie-tab\" class=\"clearfix eael-tab-content-item inactive\" data-title-link=\"bibliographie-tab\">\n\t\t\t\t        <p>Adi, H. (2013). <em>Pan-Africanism and Communism: The Communist International, Africa and the Diaspora<\/em>, 1919-1939: Africa World Press.<\/p>\n<p>Adi, H. (2018). <em>Pan-Africanism: A History<\/em>: Bloomsbury Publishing.<\/p>\n<p>African Union. (2013). Pan Africanism and African Renaissance. AU Echo, 5. <\/p>\n<p>AFP (2022, August 15). Barkhane d\u00e9gage : manifestation au Mali contre l\u2019arm\u00e9e fran\u00e7aise. Le <em>Point<\/em>.  <\/p>\n<p><a href=\"https:\/\/www.lepoint.fr\/monde\/barkhane-degage-manifestation-au-mali-contre-l-armee-francaise-15-08-2022-2486352_24.php\">https:\/\/www.lepoint.fr\/monde\/barkhane-degage-manifestation-au-mali-contre-l-armee-francaise-15-08-2022-2486352_24.php<\/a><\/p>\n<p>AFP\/VOA. (2020, October 12). La contestation contre le 3e mandat a fait 90 morts, selon l&rsquo;opposition guin\u00e9enne. <a class=\"_5VzWt lfO3I\" href=\"https:\/\/www.voaafrique.com\/a\/contestation-en-guin%C3%A9e-90-morts-selon-l-opposition-le-gouvernement-conteste\/5618658.html\" target=\"_self\" rel=\"noopener\"><u>https:\/\/www.voaafrique.com\/a\/contestation-en-guin%C3%A9e-90-morts-selon-l-opposition-le-gouvernement-conteste\/5618658.html<\/u><\/a> Accessed on September 7, 2022.  <\/p>\n<p id=\"viewer-0z0so23352\" class=\"o0STb GF80u joYDm HjRUP\"><span class=\"B-fpk\">Afrikki (2018, juil.). La D\u00e9claration de Dakar. Upec.   <a class=\"_5VzWt lfO3I\" href=\"https:\/\/afrikki.org\/wp-content\/uploads\/2019\/07\/upec-les-actes-1.pdf\" target=\"_self\" rel=\"noopener\"><u>https:\/\/afrikki.org\/wp-content\/uploads\/2019\/07\/upec-les-actes-1.pdf<\/u><\/a><\/span><\/p>\n<p id=\"viewer-g4jiu23355\" class=\"o0STb GF80u joYDm HjRUP\"><span class=\"B-fpk\">Appiah, K. A., Gates H. L. (2003). <em>Africana: the Encyclopedia of the African and African American Experience: the Concise Desk Reference<\/em>. Running Press. <\/span><\/p>\n<p id=\"viewer-12m6b23359\" class=\"o0STb GF80u joYDm HjRUP\">Barma, A. Y. (2018, September 12). T\u00e9l\u00e9coms : malgr\u00e9 les m\u00e9saventures en s\u00e9rie, Orange tient bon en Afrique. <em>La Tribune Afrique<\/em>. Retrieved december 2, 2022, from <a class=\"_5VzWt lfO3I\" href=\"https:\/\/afrique.latribune.fr\/entreprises\/2018-09-10\/telecoms-malgre-les-mesaventures-en-serie-orange-tient-bon-en-afrique-788852.html\" target=\"_self\" rel=\"noopener\"><u>https:\/\/afrique.latribune.fr\/entreprises\/2018-09-10\/telecoms-malgre-les-mesaventures-en-serie-orange-tient-bon-en-afrique-788852.html<\/u><\/a>  <\/p>\n<p id=\"viewer-77dhg23364\" class=\"o0STb GF80u joYDm HjRUP\"><span class=\"B-fpk\">Barro, F. (2018). <em>Editorial UPEC<\/em> <em>Proceedings<\/em>.<\/span><\/p>\n<p id=\"viewer-eeiuq23370\" class=\"o0STb GF80u joYDm HjRUP\"><span class=\"B-fpk\">Barro, F. (2019, July 17). Interview by Bamba Ndiaye. <\/span><\/p>\n<p id=\"viewer-gbgsk23372\" class=\"o0STb GF80u joYDm HjRUP\"><span class=\"B-fpk\">Bayala, S. (2023, July 8)\/Interviewer B. Ndiaye<\/span><\/p>\n<p id=\"viewer-o1e0n23374\" class=\"o0STb GF80u joYDm HjRUP\"><span class=\"B-fpk\">Bonacci, G. (2022). \u201cGlobal Africa\u201d: A Critical Genealogy of a Militant Concept. <em>Global Africa<\/em> 1(1), pp. 38-47. <\/span><\/p>\n<p id=\"viewer-0s0fm23378\" class=\"o0STb GF80u joYDm HjRUP\"><span class=\"B-fpk\">Branch, A., Mampilly, Z. (2015). <em>Africa Uprising: Popular Protest and Political Change.<\/em> Zed Books.<\/span><\/p>\n<p id=\"viewer-efyjj23382\" class=\"o0STb GF80u joYDm HjRUP\"><span class=\"B-fpk\">Clark, M.K., Azalia, L., Mnyandu, P., Abay, S., Alarcon, J., Ansong, A., Bailey, Y., Bope, E.M., Brantuo, N.A.Y., Brown, S. (2018). <em>Pan African Spaces: Essays on Black Transnationalism<\/em>. Lexington Books. <\/span><\/p>\n<p id=\"viewer-oqhfi23388\" class=\"o0STb GF80u joYDm HjRUP\"><span class=\"B-fpk\">Dim\u00e9, M., Kapagama, P., Sor\u00e9, Z., Tour\u00e9, I. (2022). Afrikki mwinda : Y\u2019en a marre, Balai citoyen, Filimbi et Lucha. Catalyseurs d\u2019une dynamique transafricaine de l\u2019engagement citoyen. <em>Africa Development<\/em>, 46(1), pp. 71-92.  <\/span><\/p>\n<p id=\"viewer-bd6qd23392\" class=\"o0STb GF80u joYDm HjRUP\"><span class=\"B-fpk\">Emerson, R. (1962). Pan-Africanism. <em>International Organization<\/em>, 16(2), pp. 275-290. <\/span><\/p>\n<p id=\"viewer-8orjv23396\" class=\"o0STb GF80u joYDm HjRUP\"><span class=\"B-fpk\">Endong, F. P. C. (2021). Francophobia as an expression of Pan-Africanism in Francophone Africa: An exploration of the Cameroonian political and media discourse.  <em>Inkanyiso: Journal of Humanities and Social Sciences.<\/em><\/span><\/p>\n<p id=\"viewer-f72q323399\" class=\"o0STb GF80u joYDm HjRUP\"><span class=\"B-fpk\">Esedebe, P. O. (1982). <em>Pan-Africanism: The Idea and Movement, 1776-1963<\/em>: Howard University Press.<\/span><\/p>\n<p id=\"viewer-naeqq23403\" class=\"o0STb GF80u joYDm HjRUP\"><span class=\"B-fpk\">France 24, (2023, January 20). Au Burkina Faso, une nouvelle manifestation contre la pr\u00e9sence fran\u00e7aise. Retrieved january 20, 2023, from <a class=\"_5VzWt lfO3I\" href=\"https:\/\/www.france24.com\/fr\/afrique\/20230120-au-burkina-faso-une-nouvelle-manifestation-contre-la-pr%C3%A9sence-fran%C3%A7aise\" target=\"_self\" rel=\"noopener\"><u>https:\/\/www.france24.com\/fr\/afrique\/20230120-au-burkina-faso-une-nouvelle-manifestation-contre-la-pr%C3%A9sence-fran%C3%A7aise<\/u><\/a>  <\/span><\/p>\n<p id=\"viewer-feeiv23406\" class=\"o0STb GF80u joYDm HjRUP\">Frehiwot, M., McGhee, C., Aduako, H. B. (2022). Liberate Your Mind: Ghana and Kwame Nkrumah\u2019s Influence on Contemporary Pan-African Consciousness in the USA. <em>Journal of African American Studies<\/em>, 26(2), pp. 125-141. <a class=\"_5VzWt lfO3I\" href=\"https:\/\/doi.org\/10.1007\/s12111-022-09572-8\" target=\"_self\" rel=\"noopener\"><u>https:\/\/doi.org\/10.1007\/s12111-022-09572-8<\/u><\/a> <\/p>\n<p>Gassama, E. H. S. (2022). D\u00e9mocratie en Afrique : aux sources d\u2019un malaise continental, un miroir occidental ? <em>Revue internationale et strat\u00e9gique, <\/em>vol. 126(2), pp. 87-95.   <a class=\"_5VzWt lfO3I\" href=\"https:\/\/doi.org\/10.3917\/ris.126.0087\" target=\"_self\" rel=\"noopener\"><u>https:\/\/doi.org\/10.3917\/ris.126.0087<\/u><\/a><\/p>\n<p>Gbadamosi, N. (July 28, 2020). Is It Time to Repatriate Africa\u2019s Looted Art?  <em>Foreign Policy. <\/em><a class=\"_5VzWt lfO3I\" href=\"https:\/\/tinyurl.com\/4e55e5zu\" target=\"_self\" rel=\"noopener\"><u>https:\/\/tinyurl.com\/4e55e5zu<\/u><\/a><\/p>\n<p id=\"viewer-8u17h23420\" class=\"o0STb GF80u joYDm HjRUP\"><span class=\"B-fpk\">Geiss, I. (1965). Some Remarks on the Development of African Trade Unions. <em>Journal of the Historical Society of Nigeria,<\/em> 3(2), pp. 365-376. <\/span><\/p>\n<p id=\"viewer-fr4us23424\" class=\"o0STb GF80u joYDm HjRUP\"><span class=\"B-fpk\">Geiss, I. (1974). <em>The Pan-African Movement<\/em>. Methuen. <\/span><\/p>\n<p id=\"viewer-d283s23428\" class=\"o0STb GF80u joYDm HjRUP\"><span class=\"B-fpk\">Hoskins, L.A., &amp; Nantambu, K. (1987). <em>The Political Economy of Pan-African Nationalism: Historical Origins &amp; Contemporary Forms<\/em>: Pyramid Publications.<\/span><\/p>\n<p id=\"viewer-1ep1l23432\" class=\"o0STb GF80u joYDm HjRUP\"><span class=\"B-fpk\">Joseph-Gabriel, A.K. (2020). <em>Reimagining Liberation: How Black Women Transformed Citizenship in the French Empire<\/em>: University of Illinois Press.<\/span><\/p>\n<p id=\"viewer-c3lsz23436\" class=\"o0STb GF80u joYDm HjRUP\"><span class=\"B-fpk\">Kaina, N. (2018). <em>Engagement citoyen et d\u00e9fis de la gouvernance au Tchad<\/em> Paper presented at the UPEC, Dakar.<\/span><\/p>\n<p id=\"viewer-sb12j23440\" class=\"o0STb GF80u joYDm HjRUP\"><span class=\"B-fpk\">Kounou, M. (2007). <em>Le panafricanisme: de la crise \u00e0 la renaissance: une strat\u00e9gie globale de reconstruction effective pour le troisi\u00e8me mill\u00e9naire<\/em>. \u00c9ditions Cl\u00e9. <\/span><\/p>\n<p id=\"viewer-5atvs23444\" class=\"o0STb GF80u joYDm HjRUP\"><span class=\"B-fpk\">Lumumba\u2013Kasongo, T. (2007). Africa\u2019s Third-Term Syndrome: A Trend Toward Authoritarianism or a Unique Form of Democracy? <em>Georgetown Journal of International Affairs,<\/em> 8(1) pp. 125-133. <\/span><\/p>\n<p id=\"viewer-61l0923448\" class=\"o0STb GF80u joYDm HjRUP\"><span class=\"B-fpk\">M&rsquo;Baye, B. (2009). <em>The Trickster Comes West: Pan-African Influence in Early Black Diasporan Narratives<\/em>: University Press of Mississippi.<\/span><\/p>\n<p id=\"viewer-lvdzh23452\" class=\"o0STb GF80u joYDm HjRUP\"><span class=\"B-fpk\">M&rsquo;Baye, B. (2017). <em>Black Cosmopolitanism and Anticolonialism: Pivotal Moments<\/em>. Routledge. <\/span><\/p>\n<p id=\"viewer-1mf7t23456\" class=\"o0STb GF80u joYDm HjRUP\"><span class=\"B-fpk\">Mamdani, M. (2011). Short Cuts.  <em>London Review of Books.<\/em><\/span><\/p>\n<p id=\"viewer-9332323459\" class=\"o0STb GF80u joYDm HjRUP\"><span class=\"B-fpk\">Mazrui, A. A. (1977). <em>Africa&rsquo;s international relations: the diplomacy of dependency and change<\/em>. Boulder, Colo: Heinemann, Westview Press. <\/span><\/p>\n<p id=\"viewer-2qt7523463\" class=\"o0STb GF80u joYDm HjRUP\"><span class=\"B-fpk\">Nantambu, K. (1998). Pan-Africanism Versus Pan-African Nationalism: An Afrocentric Analysis. <em>Journal of Black Studies,<\/em> 28(5), pp. 561-574. <\/span><\/p>\n<p id=\"viewer-9ic1a23467\" class=\"o0STb GF80u joYDm HjRUP\"><span class=\"B-fpk\">Ndiaye, B. (2021). Social Movements and the Challenges of Resource Mobilization in the Digital Era: A Case from Francophone West Africa. <em>Africa Today,<\/em> 68(1), pp. 49-71. <\/span><\/p>\n<p id=\"viewer-l7dfz23471\" class=\"o0STb GF80u joYDm HjRUP\">Ou\u00e9draogo, S. (2018). UPEC Conference Proceedings. <u> <\/u><a class=\"_5VzWt lfO3I\" href=\"https:\/\/afrikki.org\/wp-content\/uploads\/2019\/07\/upec-les-actes-1.pdf\" target=\"_self\" rel=\"noopener\"><u>https:\/\/afrikki.org\/wp-content\/uploads\/2019\/07\/upec-les-actes-1.pdf<\/u><\/a><\/p>\n<p>Padmore, G. (1958). <em>Pan-Africanism Or Communism?: The Coming Struggle for Africa<\/em> Dobson.<\/p>\n<p id=\"viewer-o42sx23478\" class=\"o0STb GF80u joYDm HjRUP\"><span class=\"B-fpk\">Premat, C. (2020). D\u00e9coloniser les jeunesses africaines: le message politique diasporique de K\u00e9mi S\u00e9ba. <em>Langues, Cultures, Communication,<\/em> 4(1), pp. 113-126. <\/span><\/p>\n<p id=\"viewer-uovi123482\" class=\"o0STb GF80u joYDm HjRUP\"><span class=\"B-fpk\">Rabaka, R. <em>et al.,<\/em> (2020). <em>Routledge Handbook of Pan-Africanism.<\/em> Taylor &amp; Francis.<\/span><\/p>\n<p id=\"viewer-29vze23488\" class=\"o0STb GF80u joYDm HjRUP\"><span class=\"B-fpk\">Reucher, G. (2020, October 2). Congolese activist on trial for trying to return looted art.<em>Deutsche Welle<\/em> <em>DW. <\/em>Retrieved july 9, 2023, from <a class=\"_5VzWt lfO3I\" href=\"https:\/\/www.dw.com\/en\/congolese-activist-on-trial-for-trying-to-take-artworks-from-european-museums\/a-55131924\" target=\"_self\" rel=\"noopener\"><u>https:\/\/www.dw.com\/en\/congolese-activist-on-trial-for-trying-to-take-artworks-from-european-museums\/a-55131924<\/u><\/a> <\/span><\/p>\n<p id=\"viewer-15cnf23495\" class=\"o0STb GF80u joYDm HjRUP\"><span class=\"B-fpk\">Rickford, R. J. (2016). <em>We are an African people: independent education, black power, and the radical imagination<\/em>. Oxford University Press.  <a class=\"_5VzWt lfO3I\" href=\"https:\/\/doi.org\/10.1093\/acprof:oso\/9780199861477.001.0001\" target=\"_self\" rel=\"noopener\"><u>https:\/\/doi.org\/10.1093\/acprof:oso\/9780199861477.001.0001<\/u><\/a><\/span><\/p>\n<p id=\"viewer-elc2823500\" class=\"o0STb GF80u joYDm HjRUP\"><span class=\"B-fpk\">Rigg, J. E. 2022. From \u2018d\u00e9gage!\u2019 to \u2018d\u00e9gagisme\u2019: the travel of the political thinking of the Arab uprisings between Tunisia and France. <em>Globalizations,<\/em> 19(7), pp. 1150-1164. <\/span><\/p>\n<p id=\"viewer-4yt1j23504\" class=\"o0STb GF80u joYDm HjRUP\"><span class=\"B-fpk\">doi: 10.1080\/14747731.2022.2035058.<\/span><\/p>\n<p id=\"viewer-p94g523508\" class=\"o0STb GF80u joYDm HjRUP\"><span class=\"B-fpk\">Sarr, F. (2016). <em>Afrotopia<\/em>. Interview by Librairie Mollat. <a class=\"_5VzWt lfO3I\" href=\"https:\/\/www.youtube.com\/watch?v=dIXGrNXQ9V4\" target=\"_self\" rel=\"noopener\"><u>https:\/\/www.youtube.com\/watch?v=dIXGrNXQ9V4<\/u><\/a> <\/span><\/p>\n<p id=\"viewer-1i8yg23513\" class=\"o0STb GF80u joYDm HjRUP\"><span class=\"B-fpk\">Sarr, F. (2018). UPEC Conference Proceedings. Upec Dakar.   <a class=\"_5VzWt lfO3I\" href=\"https:\/\/afrikki.org\/wp-content\/uploads\/2019\/07\/upec-les-actes-1.pdf\" target=\"_self\" rel=\"noopener\"><u>https:\/\/afrikki.org\/wp-content\/uploads\/2019\/07\/upec-les-actes-1.pdf<\/u><\/a><\/span><\/p>\n<p id=\"viewer-jhuwy23516\" class=\"o0STb GF80u joYDm HjRUP\"><span class=\"B-fpk\">Sarr, F., Savoy, B. (2018). <em>Restituer le patrimoine africain. <\/em>Philip Rey<\/span><\/p>\n<p id=\"viewer-9a4a023520\" class=\"o0STb GF80u joYDm HjRUP\"><span class=\"B-fpk\">Shepperson, G. (1962). Pan-Africanism and \u201cPan-Africanism\u201d: Some Historical Notes. <em>Phylon, (1960-)<\/em>, 23(4), pp. 346-358. doi: 10.2307\/274158.  <\/span><\/p>\n<p id=\"viewer-aqz1x23524\" class=\"o0STb GF80u joYDm HjRUP\"><span class=\"B-fpk\">Sherwood, M. (2011). <em>Origins of Pan-Africanism: Henry Sylvester Williams, Africa and the African Diaspora<\/em>. Routledge. <\/span><\/p>\n<p id=\"viewer-97x7y23528\" class=\"o0STb GF80u joYDm HjRUP\"><span class=\"B-fpk\">Tour\u00e9, C. (2018, 25 July). Interviewer B. Ndiaye, Upec Dakar. <\/span><\/p>\n<p id=\"viewer-dxevp23530\" class=\"o0STb GF80u joYDm HjRUP\"><span class=\"B-fpk\">Tourqui, N. (2018). R\u00e9sistance, Insularit\u00e9 et Pr\u00e9carit\u00e9: Le mouvement de la 3\u00e8me voie aux Comores Paper presented at the UPEC Summit, Dakar. <\/span><\/p>\n<p id=\"viewer-gplb423532\" class=\"o0STb GF80u joYDm HjRUP\"><span class=\"B-fpk\">Vals\u00e9ro, G. (2018). UPEC Conference Proceedings.  <a class=\"_5VzWt lfO3I\" href=\"https:\/\/afrikki.org\/wp-content\/uploads\/2019\/07\/upec-les-actes-1.pdf\" target=\"_self\" rel=\"noopener\"><u>https:\/\/afrikki.org\/wp-content\/uploads\/2019\/07\/upec-les-actes-1.pdf<\/u><\/a><\/span><\/p>\n<p id=\"viewer-91txn23535\" class=\"o0STb GF80u joYDm HjRUP\"><span class=\"B-fpk\">Wright, E. (2023, January 23). Interview by Bamba Ndiaye. Atlanta, Georgia.  <\/span><\/p>\n                    <\/div>\n\t\t                    <\/div>\n        <\/div>\n\t\t\t\t<\/div>\n\t\t\t\t<\/div>\n\t\t\t\t<\/div>\n\t\t<div data-particle_enable=\"false\" data-particle-mobile-disabled=\"false\" class=\"elementor-element elementor-element-5aff930 e-flex e-con-boxed wpr-particle-no wpr-jarallax-no wpr-parallax-no wpr-sticky-section-no e-con e-parent\" data-id=\"5aff930\" data-element_type=\"container\" data-e-type=\"container\">\n\t\t\t\t\t<div class=\"e-con-inner\">\n\t\t\t\t<div class=\"elementor-element elementor-element-fc34b86 elementor-widget elementor-widget-off-canvas\" data-id=\"fc34b86\" data-element_type=\"widget\" data-e-type=\"widget\" data-widget_type=\"off-canvas.default\">\n\t\t\t\t<div class=\"elementor-widget-container\">\n\t\t\t\t\t\t\t<div id=\"off-canvas-fc34b86\" class=\"e-off-canvas\" role=\"dialog\" aria-hidden=\"true\" aria-label=\"Off-Canvas\" aria-modal=\"true\" inert=\"\" data-delay-child-handlers=\"true\">\n\t\t\t<div class=\"e-off-canvas__overlay\"><\/div>\n\t\t\t<div class=\"e-off-canvas__main\">\n\t\t\t\t<div class=\"e-off-canvas__content\">\n\t\t\t\t\t<div data-particle_enable=\"false\" data-particle-mobile-disabled=\"false\" class=\"elementor-element elementor-element-6c44bf9 e-con-full e-flex wpr-particle-no wpr-jarallax-no wpr-parallax-no wpr-sticky-section-no e-con e-child\" data-id=\"6c44bf9\" data-element_type=\"container\" data-e-type=\"container\">\n\t\t\t\t<div class=\"elementor-element elementor-element-7016ebd elementor-toc--minimized-on-tablet elementor-widget elementor-widget-table-of-contents\" data-id=\"7016ebd\" data-element_type=\"widget\" data-e-type=\"widget\" data-settings=\"{&quot;headings_by_tags&quot;:[&quot;h2&quot;,&quot;h3&quot;],&quot;exclude_headings_by_selector&quot;:&quot;.ignoretoc&quot;,&quot;no_headings_message&quot;:&quot;No headings were found on this page.&quot;,&quot;marker_view&quot;:&quot;numbers&quot;,&quot;minimize_box&quot;:&quot;yes&quot;,&quot;minimized_on&quot;:&quot;tablet&quot;,&quot;hierarchical_view&quot;:&quot;yes&quot;,&quot;min_height&quot;:{&quot;unit&quot;:&quot;px&quot;,&quot;size&quot;:&quot;&quot;,&quot;sizes&quot;:[]},&quot;min_height_laptop&quot;:{&quot;unit&quot;:&quot;px&quot;,&quot;size&quot;:&quot;&quot;,&quot;sizes&quot;:[]},&quot;min_height_tablet_extra&quot;:{&quot;unit&quot;:&quot;px&quot;,&quot;size&quot;:&quot;&quot;,&quot;sizes&quot;:[]},&quot;min_height_tablet&quot;:{&quot;unit&quot;:&quot;px&quot;,&quot;size&quot;:&quot;&quot;,&quot;sizes&quot;:[]},&quot;min_height_mobile_extra&quot;:{&quot;unit&quot;:&quot;px&quot;,&quot;size&quot;:&quot;&quot;,&quot;sizes&quot;:[]},&quot;min_height_mobile&quot;:{&quot;unit&quot;:&quot;px&quot;,&quot;size&quot;:&quot;&quot;,&quot;sizes&quot;:[]}}\" data-widget_type=\"table-of-contents.default\">\n\t\t\t\t<div class=\"elementor-widget-container\">\n\t\t\t\t\t\t\t\t\t<div class=\"elementor-toc__header\">\n\t\t\t\t\t\t<h4 class=\"elementor-toc__header-title\">\n\t\t\t\tTable des mati\u00e8res\t\t\t<\/h4>\n\t\t\t\t\t\t\t\t\t\t<div class=\"elementor-toc__toggle-button elementor-toc__toggle-button--expand\" role=\"button\" tabindex=\"0\" aria-controls=\"elementor-toc__7016ebd\" aria-expanded=\"true\" aria-label=\"Ouvrir la table des mati\u00e8res\"><i aria-hidden=\"true\" class=\"fas fa-chevron-down\"><\/i><\/div>\n\t\t\t\t<div class=\"elementor-toc__toggle-button elementor-toc__toggle-button--collapse\" role=\"button\" tabindex=\"0\" aria-controls=\"elementor-toc__7016ebd\" aria-expanded=\"true\" aria-label=\"Fermer la table des mati\u00e8res\"><i aria-hidden=\"true\" class=\"fas fa-chevron-up\"><\/i><\/div>\n\t\t\t\t\t<\/div>\n\t\t\t\t<div id=\"elementor-toc__7016ebd\" class=\"elementor-toc__body\">\n\t\t\t<div class=\"elementor-toc__spinner-container\">\n\t\t\t\t<i class=\"elementor-toc__spinner eicon-animation-spin eicon-loading\" aria-hidden=\"true\"><\/i>\t\t\t<\/div>\n\t\t<\/div>\n\t\t\t\t\t\t<\/div>\n\t\t\t\t<\/div>\n\t\t\t\t<div class=\"elementor-element elementor-element-d6c3fb2 elementor-post-navigation-borders-yes elementor-widget elementor-widget-post-navigation\" data-id=\"d6c3fb2\" data-element_type=\"widget\" data-e-type=\"widget\" data-widget_type=\"post-navigation.default\">\n\t\t\t\t<div class=\"elementor-widget-container\">\n\t\t\t\t\t\t\t<div class=\"elementor-post-navigation\" role=\"navigation\" aria-label=\"Navigation de publication\">\n\t\t\t<div class=\"elementor-post-navigation__prev elementor-post-navigation__link\">\n\t\t\t\t\t\t\t<\/div>\n\t\t\t\t\t\t\t<div class=\"elementor-post-navigation__separator-wrapper\">\n\t\t\t\t\t<div class=\"elementor-post-navigation__separator\"><\/div>\n\t\t\t\t<\/div>\n\t\t\t\t\t\t<div class=\"elementor-post-navigation__next elementor-post-navigation__link\">\n\t\t\t\t\t\t\t<\/div>\n\t\t<\/div>\n\t\t\t\t\t\t<\/div>\n\t\t\t\t<\/div>\n\t\t\t\t<\/div>\n\t\t\t\t\t\t<\/div>\n\t\t\t<\/div>\n\t\t<\/div>\n\t\t\t\t\t\t<\/div>\n\t\t\t\t<\/div>\n\t\t\t\t<div class=\"elementor-element elementor-element-f37442b elementor-fixed e-transform elementor-widget elementor-widget-eael-creative-button\" data-id=\"f37442b\" data-element_type=\"widget\" data-e-type=\"widget\" data-settings=\"{&quot;_position&quot;:&quot;fixed&quot;,&quot;_transform_rotateZ_effect&quot;:{&quot;unit&quot;:&quot;px&quot;,&quot;size&quot;:90,&quot;sizes&quot;:[]},&quot;_transform_rotateZ_effect_laptop&quot;:{&quot;unit&quot;:&quot;deg&quot;,&quot;size&quot;:&quot;&quot;,&quot;sizes&quot;:[]},&quot;_transform_rotateZ_effect_tablet_extra&quot;:{&quot;unit&quot;:&quot;deg&quot;,&quot;size&quot;:&quot;&quot;,&quot;sizes&quot;:[]},&quot;_transform_rotateZ_effect_tablet&quot;:{&quot;unit&quot;:&quot;deg&quot;,&quot;size&quot;:&quot;&quot;,&quot;sizes&quot;:[]},&quot;_transform_rotateZ_effect_mobile_extra&quot;:{&quot;unit&quot;:&quot;deg&quot;,&quot;size&quot;:&quot;&quot;,&quot;sizes&quot;:[]},&quot;_transform_rotateZ_effect_mobile&quot;:{&quot;unit&quot;:&quot;deg&quot;,&quot;size&quot;:&quot;&quot;,&quot;sizes&quot;:[]}}\" data-widget_type=\"eael-creative-button.default\">\n\t\t\t\t<div class=\"elementor-widget-container\">\n\t\t\t\t\t        <div class=\"eael-creative-button-wrapper\">\n\n            <a class=\"eael-creative-button eael-creative-button--default eael-cb-icon-position-\" href=\"#elementor-action%3Aaction%3Doff_canvas%3Aopen%26settings%3DeyJpZCI6ImZjMzRiODYiLCJkaXNwbGF5TW9kZSI6Im9wZW4ifQ%3D%3D\" data-text=\"Allez-y !\">\n            \t    \n                <div class=\"creative-button-inner\">\n\n                    \n                    <span class=\"cretive-button-text\">Table des mati\u00e8res<\/span>\n\n                                    <\/div>\n\t                        <\/a>\n        <\/div>\n        \t\t\t\t<\/div>\n\t\t\t\t<\/div>\n\t\t\t\t\t<\/div>\n\t\t\t\t<\/div>\n\t\t\t\t<\/div>\n\t\t","protected":false},"excerpt":{"rendered":"<p>Le lundi 23 juillet 2018, la capitale s\u00e9n\u00e9galaise a accueilli la premi\u00e8re Universit\u00e9 populaire de l\u2019engagement citoyen (Upec). Ce sommet panafricain des mouvements sociaux a \u00e9t\u00e9 organis\u00e9 sous les auspices des mouvements \u00ab Y\u2019en a marre \u00bb, Projet South, Filimbi, et Lucha, entre autres. Au total, cinquante-cinq mouvements sociaux de trente pays d\u2019Afrique et ses diasporas ont particip\u00e9 au sommet qui a assur\u00e9 le lancement du r\u00e9seau Afrikki* . Cet article montre que \u00ab Y\u2019en a marre \u00bb et des mouvements similaires sont le fer de lance du \u00ab renouveau \u00bb du panafricanisme entr\u00e9 dans une nouvelle phase que j\u2019appelle \u00ab n\u00e9o panafricanisme \u00bb. \u00c0 cet \u00e9gard, l\u2019Afrique francophone peut \u00eatre consid\u00e9r\u00e9e comme l\u2019\u00e9picentre du panafricanisme au xxie si\u00e8cle, en ce sens qu\u2019il permet aux activistes de lutter collectivement pour une bonne gouvernance, contre les processus n\u00e9o-coloniaux, et de construire une nouvelle coop\u00e9ration transatlantique.    <\/p>\n","protected":false},"author":15,"featured_media":6563,"comment_status":"closed","ping_status":"closed","sticky":false,"template":"elementor_header_footer","format":"standard","meta":{"footnotes":""},"categories":[200],"tags":[],"issues3":[],"post_folder":[],"ppma_author":[496],"class_list":["post-10038","post","type-post","status-publish","format-standard","has-post-thumbnail","hentry","category-analyses-critiques","author-bamba-ndiaye-fr"],"yoast_head":"<!-- This site is optimized with the Yoast SEO plugin v27.5 - https:\/\/yoast.com\/product\/yoast-seo-wordpress\/ -->\n<title>L\u2019activisme social africain et la mont\u00e9e du n\u00e9o panafricanisme Un regard sur le sommet de l\u2019Upec | Global Africa<\/title>\n<meta name=\"description\" content=\"L\u2019activisme social africain et la mont\u00e9e du n\u00e9o panafricanisme Un regard sur le sommet de l\u2019Upec* \u2013 un aper\u00e7u du panafricanisme contemporain\" \/>\n<meta name=\"robots\" content=\"index, follow, max-snippet:-1, max-image-preview:large, max-video-preview:-1\" \/>\n<link rel=\"canonical\" href=\"https:\/\/www.globalafricasciences.org\/fr\/lactivisme-social-africain-et-la-montee-du-neo-panafricanisme-un-regard-sur-le-sommet-de-lupec\/\" \/>\n<meta property=\"og:locale\" content=\"fr_FR\" \/>\n<meta property=\"og:type\" content=\"article\" \/>\n<meta property=\"og:title\" content=\"L\u2019activisme social africain et la mont\u00e9e du n\u00e9o panafricanisme Un regard sur le sommet de l\u2019Upec | Global Africa\" \/>\n<meta property=\"og:description\" content=\"L\u2019activisme social africain et la mont\u00e9e du n\u00e9o panafricanisme Un regard sur le sommet de l\u2019Upec* \u2013 un aper\u00e7u du panafricanisme contemporain\" \/>\n<meta property=\"og:url\" content=\"https:\/\/www.globalafricasciences.org\/fr\/lactivisme-social-africain-et-la-montee-du-neo-panafricanisme-un-regard-sur-le-sommet-de-lupec\/\" \/>\n<meta property=\"og:site_name\" content=\"Global Africa\" \/>\n<meta property=\"article:publisher\" content=\"https:\/\/www.facebook.com\/globalafricasciences\" \/>\n<meta property=\"article:published_time\" content=\"2024-12-01T14:03:47+00:00\" \/>\n<meta property=\"article:modified_time\" content=\"2025-09-25T10:05:23+00:00\" \/>\n<meta property=\"og:image\" content=\"https:\/\/www.globalafricasciences.org\/wp-content\/uploads\/2024\/12\/fil_iconographique_issue43.webp\" \/>\n\t<meta property=\"og:image:width\" content=\"530\" \/>\n\t<meta property=\"og:image:height\" content=\"756\" \/>\n\t<meta property=\"og:image:type\" content=\"image\/png\" \/>\n<meta name=\"author\" content=\"Cheikh Sadibou Sakho, Nd\u00e8ye La\u00efty Ndiaye\" \/>\n<meta name=\"twitter:card\" content=\"summary_large_image\" \/>\n<meta name=\"twitter:label1\" content=\"\u00c9crit par\" \/>\n\t<meta name=\"twitter:data1\" content=\"Bamba Ndiaye\" \/>\n\t<meta name=\"twitter:label2\" content=\"Dur\u00e9e de lecture estim\u00e9e\" \/>\n\t<meta name=\"twitter:data2\" content=\"53 minutes\" \/>\n<script type=\"application\/ld+json\" class=\"yoast-schema-graph\">{\"@context\":\"https:\\\/\\\/schema.org\",\"@graph\":[{\"@type\":\"Article\",\"@id\":\"https:\\\/\\\/www.globalafricasciences.org\\\/fr\\\/lactivisme-social-africain-et-la-montee-du-neo-panafricanisme-un-regard-sur-le-sommet-de-lupec\\\/#article\",\"isPartOf\":{\"@id\":\"https:\\\/\\\/www.globalafricasciences.org\\\/fr\\\/lactivisme-social-africain-et-la-montee-du-neo-panafricanisme-un-regard-sur-le-sommet-de-lupec\\\/\"},\"author\":{\"name\":\"Bamba Ndiaye\",\"@id\":\"https:\\\/\\\/www.globalafricasciences.org\\\/fr\\\/#\\\/schema\\\/person\\\/1774fb1ee98ae2c591f2919485b6067e\"},\"headline\":\"L\u2019activisme social africain et la mont\u00e9e du n\u00e9o panafricanisme Un regard sur le sommet de l\u2019Upec\",\"datePublished\":\"2024-12-01T14:03:47+00:00\",\"dateModified\":\"2025-09-25T10:05:23+00:00\",\"mainEntityOfPage\":{\"@id\":\"https:\\\/\\\/www.globalafricasciences.org\\\/fr\\\/lactivisme-social-africain-et-la-montee-du-neo-panafricanisme-un-regard-sur-le-sommet-de-lupec\\\/\"},\"wordCount\":10585,\"publisher\":{\"@id\":\"https:\\\/\\\/www.globalafricasciences.org\\\/fr\\\/#organization\"},\"image\":{\"@id\":\"https:\\\/\\\/www.globalafricasciences.org\\\/fr\\\/lactivisme-social-africain-et-la-montee-du-neo-panafricanisme-un-regard-sur-le-sommet-de-lupec\\\/#primaryimage\"},\"thumbnailUrl\":\"https:\\\/\\\/www.globalafricasciences.org\\\/wp-content\\\/uploads\\\/2024\\\/12\\\/fil_iconographique_issue43.webp\",\"articleSection\":[\"Analyses critiques\"],\"inLanguage\":\"fr-FR\"},{\"@type\":\"WebPage\",\"@id\":\"https:\\\/\\\/www.globalafricasciences.org\\\/fr\\\/lactivisme-social-africain-et-la-montee-du-neo-panafricanisme-un-regard-sur-le-sommet-de-lupec\\\/\",\"url\":\"https:\\\/\\\/www.globalafricasciences.org\\\/fr\\\/lactivisme-social-africain-et-la-montee-du-neo-panafricanisme-un-regard-sur-le-sommet-de-lupec\\\/\",\"name\":\"L\u2019activisme social africain et la mont\u00e9e du n\u00e9o panafricanisme Un regard sur le sommet de l\u2019Upec | Global Africa\",\"isPartOf\":{\"@id\":\"https:\\\/\\\/www.globalafricasciences.org\\\/fr\\\/#website\"},\"primaryImageOfPage\":{\"@id\":\"https:\\\/\\\/www.globalafricasciences.org\\\/fr\\\/lactivisme-social-africain-et-la-montee-du-neo-panafricanisme-un-regard-sur-le-sommet-de-lupec\\\/#primaryimage\"},\"image\":{\"@id\":\"https:\\\/\\\/www.globalafricasciences.org\\\/fr\\\/lactivisme-social-africain-et-la-montee-du-neo-panafricanisme-un-regard-sur-le-sommet-de-lupec\\\/#primaryimage\"},\"thumbnailUrl\":\"https:\\\/\\\/www.globalafricasciences.org\\\/wp-content\\\/uploads\\\/2024\\\/12\\\/fil_iconographique_issue43.webp\",\"datePublished\":\"2024-12-01T14:03:47+00:00\",\"dateModified\":\"2025-09-25T10:05:23+00:00\",\"description\":\"L\u2019activisme social africain et la mont\u00e9e du n\u00e9o panafricanisme Un regard sur le sommet de l\u2019Upec* \u2013 un aper\u00e7u du panafricanisme contemporain\",\"breadcrumb\":{\"@id\":\"https:\\\/\\\/www.globalafricasciences.org\\\/fr\\\/lactivisme-social-africain-et-la-montee-du-neo-panafricanisme-un-regard-sur-le-sommet-de-lupec\\\/#breadcrumb\"},\"inLanguage\":\"fr-FR\",\"potentialAction\":[{\"@type\":\"ReadAction\",\"target\":[\"https:\\\/\\\/www.globalafricasciences.org\\\/fr\\\/lactivisme-social-africain-et-la-montee-du-neo-panafricanisme-un-regard-sur-le-sommet-de-lupec\\\/\"]}]},{\"@type\":\"ImageObject\",\"inLanguage\":\"fr-FR\",\"@id\":\"https:\\\/\\\/www.globalafricasciences.org\\\/fr\\\/lactivisme-social-africain-et-la-montee-du-neo-panafricanisme-un-regard-sur-le-sommet-de-lupec\\\/#primaryimage\",\"url\":\"https:\\\/\\\/www.globalafricasciences.org\\\/wp-content\\\/uploads\\\/2024\\\/12\\\/fil_iconographique_issue43.webp\",\"contentUrl\":\"https:\\\/\\\/www.globalafricasciences.org\\\/wp-content\\\/uploads\\\/2024\\\/12\\\/fil_iconographique_issue43.webp\",\"width\":530,\"height\":756},{\"@type\":\"BreadcrumbList\",\"@id\":\"https:\\\/\\\/www.globalafricasciences.org\\\/fr\\\/lactivisme-social-africain-et-la-montee-du-neo-panafricanisme-un-regard-sur-le-sommet-de-lupec\\\/#breadcrumb\",\"itemListElement\":[{\"@type\":\"ListItem\",\"position\":1,\"name\":\"Home\",\"item\":\"https:\\\/\\\/www.globalafricasciences.org\\\/fr\\\/accueil\\\/\"},{\"@type\":\"ListItem\",\"position\":2,\"name\":\"L\u2019activisme social africain et la mont\u00e9e du n\u00e9o panafricanisme Un regard sur le sommet de l\u2019Upec\"}]},{\"@type\":\"WebSite\",\"@id\":\"https:\\\/\\\/www.globalafricasciences.org\\\/fr\\\/#website\",\"url\":\"https:\\\/\\\/www.globalafricasciences.org\\\/fr\\\/\",\"name\":\"Global Africa\",\"description\":\"Pan-African Scientific Journal\",\"publisher\":{\"@id\":\"https:\\\/\\\/www.globalafricasciences.org\\\/fr\\\/#organization\"},\"potentialAction\":[{\"@type\":\"SearchAction\",\"target\":{\"@type\":\"EntryPoint\",\"urlTemplate\":\"https:\\\/\\\/www.globalafricasciences.org\\\/fr\\\/?s={search_term_string}\"},\"query-input\":{\"@type\":\"PropertyValueSpecification\",\"valueRequired\":true,\"valueName\":\"search_term_string\"}}],\"inLanguage\":\"fr-FR\"},{\"@type\":\"Organization\",\"@id\":\"https:\\\/\\\/www.globalafricasciences.org\\\/fr\\\/#organization\",\"name\":\"Global Africa\",\"url\":\"https:\\\/\\\/www.globalafricasciences.org\\\/fr\\\/\",\"logo\":{\"@type\":\"ImageObject\",\"inLanguage\":\"fr-FR\",\"@id\":\"https:\\\/\\\/www.globalafricasciences.org\\\/fr\\\/#\\\/schema\\\/logo\\\/image\\\/\",\"url\":\"https:\\\/\\\/www.globalafricasciences.org\\\/wp-content\\\/uploads\\\/2024\\\/12\\\/Globalafrica.png\",\"contentUrl\":\"https:\\\/\\\/www.globalafricasciences.org\\\/wp-content\\\/uploads\\\/2024\\\/12\\\/Globalafrica.png\",\"width\":1680,\"height\":750,\"caption\":\"Global Africa\"},\"image\":{\"@id\":\"https:\\\/\\\/www.globalafricasciences.org\\\/fr\\\/#\\\/schema\\\/logo\\\/image\\\/\"},\"sameAs\":[\"https:\\\/\\\/www.facebook.com\\\/globalafricasciences\"]},{\"@type\":\"Person\",\"@id\":\"https:\\\/\\\/www.globalafricasciences.org\\\/fr\\\/#\\\/schema\\\/person\\\/1774fb1ee98ae2c591f2919485b6067e\",\"name\":\"Bamba Ndiaye\",\"image\":{\"@type\":\"ImageObject\",\"inLanguage\":\"fr-FR\",\"@id\":\"https:\\\/\\\/www.globalafricasciences.org\\\/wp-content\\\/uploads\\\/2024\\\/11\\\/Bamba-Ndiaye-.jpg74307dc2b9c5a8ad18b50903d2e72d5d\",\"url\":\"https:\\\/\\\/www.globalafricasciences.org\\\/wp-content\\\/uploads\\\/2024\\\/11\\\/Bamba-Ndiaye-.jpg\",\"contentUrl\":\"https:\\\/\\\/www.globalafricasciences.org\\\/wp-content\\\/uploads\\\/2024\\\/11\\\/Bamba-Ndiaye-.jpg\",\"caption\":\"Bamba Ndiaye\"},\"description\":\"Assistant Professor of African Studies &amp; Core Faculty at the Institute of African Studies, Emory University \\\/ United States\",\"url\":\"https:\\\/\\\/www.globalafricasciences.org\\\/author\\\/bambandiaye\\\/\"}]}<\/script>\n<!-- \/ Yoast SEO plugin. -->","yoast_head_json":{"title":"L\u2019activisme social africain et la mont\u00e9e du n\u00e9o panafricanisme Un regard sur le sommet de l\u2019Upec | Global Africa","description":"L\u2019activisme social africain et la mont\u00e9e du n\u00e9o panafricanisme Un regard sur le sommet de l\u2019Upec* \u2013 un aper\u00e7u du panafricanisme contemporain","robots":{"index":"index","follow":"follow","max-snippet":"max-snippet:-1","max-image-preview":"max-image-preview:large","max-video-preview":"max-video-preview:-1"},"canonical":"https:\/\/www.globalafricasciences.org\/fr\/lactivisme-social-africain-et-la-montee-du-neo-panafricanisme-un-regard-sur-le-sommet-de-lupec\/","og_locale":"fr_FR","og_type":"article","og_title":"L\u2019activisme social africain et la mont\u00e9e du n\u00e9o panafricanisme Un regard sur le sommet de l\u2019Upec | Global Africa","og_description":"L\u2019activisme social africain et la mont\u00e9e du n\u00e9o panafricanisme Un regard sur le sommet de l\u2019Upec* \u2013 un aper\u00e7u du panafricanisme contemporain","og_url":"https:\/\/www.globalafricasciences.org\/fr\/lactivisme-social-africain-et-la-montee-du-neo-panafricanisme-un-regard-sur-le-sommet-de-lupec\/","og_site_name":"Global Africa","article_publisher":"https:\/\/www.facebook.com\/globalafricasciences","article_published_time":"2024-12-01T14:03:47+00:00","article_modified_time":"2025-09-25T10:05:23+00:00","og_image":[{"width":530,"height":756,"url":"https:\/\/www.globalafricasciences.org\/wp-content\/uploads\/2024\/12\/fil_iconographique_issue43.webp","type":"image\/png"}],"author":"Cheikh Sadibou Sakho, Nd\u00e8ye La\u00efty Ndiaye","twitter_card":"summary_large_image","twitter_misc":{"\u00c9crit par":"Bamba Ndiaye","Dur\u00e9e de lecture estim\u00e9e":"53 minutes"},"schema":{"@context":"https:\/\/schema.org","@graph":[{"@type":"Article","@id":"https:\/\/www.globalafricasciences.org\/fr\/lactivisme-social-africain-et-la-montee-du-neo-panafricanisme-un-regard-sur-le-sommet-de-lupec\/#article","isPartOf":{"@id":"https:\/\/www.globalafricasciences.org\/fr\/lactivisme-social-africain-et-la-montee-du-neo-panafricanisme-un-regard-sur-le-sommet-de-lupec\/"},"author":{"name":"Bamba Ndiaye","@id":"https:\/\/www.globalafricasciences.org\/fr\/#\/schema\/person\/1774fb1ee98ae2c591f2919485b6067e"},"headline":"L\u2019activisme social africain et la mont\u00e9e du n\u00e9o panafricanisme Un regard sur le sommet de l\u2019Upec","datePublished":"2024-12-01T14:03:47+00:00","dateModified":"2025-09-25T10:05:23+00:00","mainEntityOfPage":{"@id":"https:\/\/www.globalafricasciences.org\/fr\/lactivisme-social-africain-et-la-montee-du-neo-panafricanisme-un-regard-sur-le-sommet-de-lupec\/"},"wordCount":10585,"publisher":{"@id":"https:\/\/www.globalafricasciences.org\/fr\/#organization"},"image":{"@id":"https:\/\/www.globalafricasciences.org\/fr\/lactivisme-social-africain-et-la-montee-du-neo-panafricanisme-un-regard-sur-le-sommet-de-lupec\/#primaryimage"},"thumbnailUrl":"https:\/\/www.globalafricasciences.org\/wp-content\/uploads\/2024\/12\/fil_iconographique_issue43.webp","articleSection":["Analyses critiques"],"inLanguage":"fr-FR"},{"@type":"WebPage","@id":"https:\/\/www.globalafricasciences.org\/fr\/lactivisme-social-africain-et-la-montee-du-neo-panafricanisme-un-regard-sur-le-sommet-de-lupec\/","url":"https:\/\/www.globalafricasciences.org\/fr\/lactivisme-social-africain-et-la-montee-du-neo-panafricanisme-un-regard-sur-le-sommet-de-lupec\/","name":"L\u2019activisme social africain et la mont\u00e9e du n\u00e9o panafricanisme Un regard sur le sommet de l\u2019Upec | Global Africa","isPartOf":{"@id":"https:\/\/www.globalafricasciences.org\/fr\/#website"},"primaryImageOfPage":{"@id":"https:\/\/www.globalafricasciences.org\/fr\/lactivisme-social-africain-et-la-montee-du-neo-panafricanisme-un-regard-sur-le-sommet-de-lupec\/#primaryimage"},"image":{"@id":"https:\/\/www.globalafricasciences.org\/fr\/lactivisme-social-africain-et-la-montee-du-neo-panafricanisme-un-regard-sur-le-sommet-de-lupec\/#primaryimage"},"thumbnailUrl":"https:\/\/www.globalafricasciences.org\/wp-content\/uploads\/2024\/12\/fil_iconographique_issue43.webp","datePublished":"2024-12-01T14:03:47+00:00","dateModified":"2025-09-25T10:05:23+00:00","description":"L\u2019activisme social africain et la mont\u00e9e du n\u00e9o panafricanisme Un regard sur le sommet de l\u2019Upec* \u2013 un aper\u00e7u du panafricanisme contemporain","breadcrumb":{"@id":"https:\/\/www.globalafricasciences.org\/fr\/lactivisme-social-africain-et-la-montee-du-neo-panafricanisme-un-regard-sur-le-sommet-de-lupec\/#breadcrumb"},"inLanguage":"fr-FR","potentialAction":[{"@type":"ReadAction","target":["https:\/\/www.globalafricasciences.org\/fr\/lactivisme-social-africain-et-la-montee-du-neo-panafricanisme-un-regard-sur-le-sommet-de-lupec\/"]}]},{"@type":"ImageObject","inLanguage":"fr-FR","@id":"https:\/\/www.globalafricasciences.org\/fr\/lactivisme-social-africain-et-la-montee-du-neo-panafricanisme-un-regard-sur-le-sommet-de-lupec\/#primaryimage","url":"https:\/\/www.globalafricasciences.org\/wp-content\/uploads\/2024\/12\/fil_iconographique_issue43.webp","contentUrl":"https:\/\/www.globalafricasciences.org\/wp-content\/uploads\/2024\/12\/fil_iconographique_issue43.webp","width":530,"height":756},{"@type":"BreadcrumbList","@id":"https:\/\/www.globalafricasciences.org\/fr\/lactivisme-social-africain-et-la-montee-du-neo-panafricanisme-un-regard-sur-le-sommet-de-lupec\/#breadcrumb","itemListElement":[{"@type":"ListItem","position":1,"name":"Home","item":"https:\/\/www.globalafricasciences.org\/fr\/accueil\/"},{"@type":"ListItem","position":2,"name":"L\u2019activisme social africain et la mont\u00e9e du n\u00e9o panafricanisme Un regard sur le sommet de l\u2019Upec"}]},{"@type":"WebSite","@id":"https:\/\/www.globalafricasciences.org\/fr\/#website","url":"https:\/\/www.globalafricasciences.org\/fr\/","name":"Global Africa","description":"Pan-African Scientific Journal","publisher":{"@id":"https:\/\/www.globalafricasciences.org\/fr\/#organization"},"potentialAction":[{"@type":"SearchAction","target":{"@type":"EntryPoint","urlTemplate":"https:\/\/www.globalafricasciences.org\/fr\/?s={search_term_string}"},"query-input":{"@type":"PropertyValueSpecification","valueRequired":true,"valueName":"search_term_string"}}],"inLanguage":"fr-FR"},{"@type":"Organization","@id":"https:\/\/www.globalafricasciences.org\/fr\/#organization","name":"Global Africa","url":"https:\/\/www.globalafricasciences.org\/fr\/","logo":{"@type":"ImageObject","inLanguage":"fr-FR","@id":"https:\/\/www.globalafricasciences.org\/fr\/#\/schema\/logo\/image\/","url":"https:\/\/www.globalafricasciences.org\/wp-content\/uploads\/2024\/12\/Globalafrica.png","contentUrl":"https:\/\/www.globalafricasciences.org\/wp-content\/uploads\/2024\/12\/Globalafrica.png","width":1680,"height":750,"caption":"Global Africa"},"image":{"@id":"https:\/\/www.globalafricasciences.org\/fr\/#\/schema\/logo\/image\/"},"sameAs":["https:\/\/www.facebook.com\/globalafricasciences"]},{"@type":"Person","@id":"https:\/\/www.globalafricasciences.org\/fr\/#\/schema\/person\/1774fb1ee98ae2c591f2919485b6067e","name":"Bamba Ndiaye","image":{"@type":"ImageObject","inLanguage":"fr-FR","@id":"https:\/\/www.globalafricasciences.org\/wp-content\/uploads\/2024\/11\/Bamba-Ndiaye-.jpg74307dc2b9c5a8ad18b50903d2e72d5d","url":"https:\/\/www.globalafricasciences.org\/wp-content\/uploads\/2024\/11\/Bamba-Ndiaye-.jpg","contentUrl":"https:\/\/www.globalafricasciences.org\/wp-content\/uploads\/2024\/11\/Bamba-Ndiaye-.jpg","caption":"Bamba Ndiaye"},"description":"Assistant Professor of African Studies &amp; Core Faculty at the Institute of African Studies, Emory University \/ United States","url":"https:\/\/www.globalafricasciences.org\/author\/bambandiaye\/"}]}},"acf":[],"authors":[{"term_id":496,"user_id":0,"is_guest":1,"slug":"bamba-ndiaye-fr","display_name":"Bamba Ndiaye","avatar_url":{"url":"https:\/\/www.globalafricasciences.org\/wp-content\/uploads\/2024\/11\/Bamba-Ndiaye-.jpg","url2x":"https:\/\/www.globalafricasciences.org\/wp-content\/uploads\/2024\/11\/Bamba-Ndiaye-.jpg"},"author_category":"1","exclude_author":"","main-organisation":"","country_of_org":"","field_of_work":"","first_name":"","last_name":"","user_url":"","job_title":"","description":""}],"_links":{"self":[{"href":"https:\/\/www.globalafricasciences.org\/fr\/wp-json\/wp\/v2\/posts\/10038","targetHints":{"allow":["GET"]}}],"collection":[{"href":"https:\/\/www.globalafricasciences.org\/fr\/wp-json\/wp\/v2\/posts"}],"about":[{"href":"https:\/\/www.globalafricasciences.org\/fr\/wp-json\/wp\/v2\/types\/post"}],"author":[{"embeddable":true,"href":"https:\/\/www.globalafricasciences.org\/fr\/wp-json\/wp\/v2\/users\/15"}],"replies":[{"embeddable":true,"href":"https:\/\/www.globalafricasciences.org\/fr\/wp-json\/wp\/v2\/comments?post=10038"}],"version-history":[{"count":0,"href":"https:\/\/www.globalafricasciences.org\/fr\/wp-json\/wp\/v2\/posts\/10038\/revisions"}],"wp:featuredmedia":[{"embeddable":true,"href":"https:\/\/www.globalafricasciences.org\/fr\/wp-json\/wp\/v2\/media\/6563"}],"wp:attachment":[{"href":"https:\/\/www.globalafricasciences.org\/fr\/wp-json\/wp\/v2\/media?parent=10038"}],"wp:term":[{"taxonomy":"category","embeddable":true,"href":"https:\/\/www.globalafricasciences.org\/fr\/wp-json\/wp\/v2\/categories?post=10038"},{"taxonomy":"post_tag","embeddable":true,"href":"https:\/\/www.globalafricasciences.org\/fr\/wp-json\/wp\/v2\/tags?post=10038"},{"taxonomy":"issues3","embeddable":true,"href":"https:\/\/www.globalafricasciences.org\/fr\/wp-json\/wp\/v2\/issues3?post=10038"},{"taxonomy":"post_folder","embeddable":true,"href":"https:\/\/www.globalafricasciences.org\/fr\/wp-json\/wp\/v2\/post_folder?post=10038"},{"taxonomy":"author","embeddable":true,"href":"https:\/\/www.globalafricasciences.org\/fr\/wp-json\/wp\/v2\/ppma_author?post=10038"}],"curies":[{"name":"wp","href":"https:\/\/api.w.org\/{rel}","templated":true}]}}