{"id":10017,"date":"2024-12-01T13:36:29","date_gmt":"2024-12-01T13:36:29","guid":{"rendered":"https:\/\/www.globalafricasciences.org\/actualites\/les-acteurs-economiques-des-marches-de-la-capitale-du-burkina-faso-a-lepreuve-de-la-covid-19-discours-et-pratiques-face-aux-mesures-barrieres\/"},"modified":"2025-10-19T18:16:44","modified_gmt":"2025-10-19T18:16:44","slug":"les-acteurs-economiques-des-marches-de-la-capitale-du-burkina-faso-a-lepreuve-de-la-covid-19-discours-et-pratiques-face-aux-mesures-barrieres","status":"publish","type":"post","link":"https:\/\/www.globalafricasciences.org\/fr\/les-acteurs-economiques-des-marches-de-la-capitale-du-burkina-faso-a-lepreuve-de-la-covid-19-discours-et-pratiques-face-aux-mesures-barrieres\/","title":{"rendered":"Les acteurs \u00e9conomiques des march\u00e9s de la capitale du Burkina Faso \u00e0 l\u2019\u00e9preuve de la Covid-19. Discours et pratiques face aux mesures barri\u00e8res"},"content":{"rendered":"\t\t<div data-elementor-type=\"wp-post\" data-elementor-id=\"10017\" class=\"elementor elementor-10017\" data-elementor-post-type=\"post\">\n\t\t\t\t<div data-particle_enable=\"false\" data-particle-mobile-disabled=\"false\" class=\"elementor-element elementor-element-036a802 e-con-full e-flex wpr-particle-no wpr-jarallax-no wpr-parallax-no wpr-sticky-section-no e-con e-parent\" data-id=\"036a802\" data-element_type=\"container\" data-e-type=\"container\" data-settings=\"{&quot;background_background&quot;:&quot;classic&quot;}\">\n\t\t<div data-particle_enable=\"false\" data-particle-mobile-disabled=\"false\" class=\"elementor-element elementor-element-d1d7910 e-con-full e-flex wpr-particle-no wpr-jarallax-no wpr-parallax-no wpr-sticky-section-no e-con e-child\" data-id=\"d1d7910\" data-element_type=\"container\" data-e-type=\"container\">\n\t\t\t\t<div class=\"elementor-element elementor-element-7c21c9f elementor-widget elementor-widget-heading\" data-id=\"7c21c9f\" data-element_type=\"widget\" data-e-type=\"widget\" data-widget_type=\"heading.default\">\n\t\t\t\t<div class=\"elementor-widget-container\">\n\t\t\t\t\t<h4 class=\"elementor-heading-title elementor-size-default\">Num\u00e9ro 02 - Analyses critiques<\/h4>\t\t\t\t<\/div>\n\t\t\t\t<\/div>\n\t\t\t\t<div class=\"elementor-element elementor-element-62d8bc1 elementor-author-box--link-yes ignoretoc elementor-author-box--avatar-yes elementor-author-box--name-yes elementor-widget elementor-widget-author-box\" data-id=\"62d8bc1\" data-element_type=\"widget\" data-e-type=\"widget\" data-widget_type=\"author-box.default\">\n\t\t\t\t<div class=\"elementor-widget-container\">\n\t\t\t\t\t\t\t<div class=\"elementor-author-box\">\n\t\t\t\t\t\t\t<a href=\"https:\/\/www.globalafricasciences.org\/fr\/author\/george-rouamba-fr\/\" class=\"elementor-author-box__avatar\">\n\t\t\t\t\t<img decoding=\"async\" src=\"https:\/\/www.globalafricasciences.org\/wp-content\/uploads\/2024\/11\/George-Rouamba-.png\" alt=\"Image de George Rouamba\" loading=\"lazy\">\n\t\t\t\t<\/a>\n\t\t\t\n\t\t\t<div class=\"elementor-author-box__text\">\n\t\t\t\t\t\t\t\t\t<a href=\"https:\/\/www.globalafricasciences.org\/fr\/author\/george-rouamba-fr\/\">\n\t\t\t\t\t\t<h5 class=\"elementor-author-box__name\">\n\t\t\t\t\t\t\tGeorge Rouamba\t\t\t\t\t\t<\/h5>\n\t\t\t\t\t<\/a>\n\t\t\t\t\n\t\t\t\t\n\t\t\t\t\t\t\t\t\t<a class=\"elementor-author-box__button elementor-button elementor-size-xs\" href=\"https:\/\/www.globalafricasciences.org\/fr\/author\/george-rouamba-fr\/\">\n\t\t\t\t\t\tTous les articles de l'auteur\t\t\t\t\t<\/a>\n\t\t\t\t\t\t\t<\/div>\n\t\t<\/div>\n\t\t\t\t\t\t<\/div>\n\t\t\t\t<\/div>\n\t\t\t\t<div class=\"elementor-element elementor-element-35967d9 ignoretoc elementor-widget elementor-widget-author-box\" data-id=\"35967d9\" data-element_type=\"widget\" data-e-type=\"widget\" data-widget_type=\"author-box.default\">\n\t\t\t\t<div class=\"elementor-widget-container\">\n\t\t\t\t\t\t\t<div class=\"elementor-author-box\">\n\t\t\t\t\t\t\t<a href=\"\/authors\/zakaria-sore\" class=\"elementor-author-box__avatar\">\n\t\t\t\t\t<img decoding=\"async\" src=\"https:\/\/www.globalafricasciences.org\/wp-content\/uploads\/2024\/12\/Zakaria-Sore--225x300.webp\" alt=\"Image de Zakaria Sor\u00e9\" loading=\"lazy\">\n\t\t\t\t<\/a>\n\t\t\t\n\t\t\t<div class=\"elementor-author-box__text\">\n\t\t\t\t\t\t\t\t\t<a href=\"\/authors\/zakaria-sore\">\n\t\t\t\t\t\t<h5 class=\"elementor-author-box__name\">\n\t\t\t\t\t\t\tZakaria Sor\u00e9\t\t\t\t\t\t<\/h5>\n\t\t\t\t\t<\/a>\n\t\t\t\t\n\t\t\t\t\n\t\t\t\t\t\t\t\t\t<a class=\"elementor-author-box__button elementor-button elementor-size-xs\" href=\"\/authors\/zakaria-sore\">\n\t\t\t\t\t\tTous les articles de l'auteur\t\t\t\t\t<\/a>\n\t\t\t\t\t\t\t<\/div>\n\t\t<\/div>\n\t\t\t\t\t\t<\/div>\n\t\t\t\t<\/div>\n\t\t\t\t<div class=\"elementor-element elementor-element-ba7fb23 ignoretoc elementor-widget elementor-widget-author-box\" data-id=\"ba7fb23\" data-element_type=\"widget\" data-e-type=\"widget\" data-widget_type=\"author-box.default\">\n\t\t\t\t<div class=\"elementor-widget-container\">\n\t\t\t\t\t\t\t<div class=\"elementor-author-box\">\n\t\t\t\t\t\t\t<a href=\"\/authors\/yacouba-tengueri\" class=\"elementor-author-box__avatar\">\n\t\t\t\t\t<img decoding=\"async\" src=\"https:\/\/www.globalafricasciences.org\/wp-content\/uploads\/2024\/12\/photo.webp\" alt=\"Image de Yacouba Tengueri\" loading=\"lazy\">\n\t\t\t\t<\/a>\n\t\t\t\n\t\t\t<div class=\"elementor-author-box__text\">\n\t\t\t\t\t\t\t\t\t<a href=\"\/authors\/yacouba-tengueri\">\n\t\t\t\t\t\t<h5 class=\"elementor-author-box__name\">\n\t\t\t\t\t\t\tYacouba Tengueri\t\t\t\t\t\t<\/h5>\n\t\t\t\t\t<\/a>\n\t\t\t\t\n\t\t\t\t\n\t\t\t\t\t\t\t\t\t<a class=\"elementor-author-box__button elementor-button elementor-size-xs\" href=\"\/authors\/yacouba-tengueri\">\n\t\t\t\t\t\tTous les articles de l'auteur\t\t\t\t\t<\/a>\n\t\t\t\t\t\t\t<\/div>\n\t\t<\/div>\n\t\t\t\t\t\t<\/div>\n\t\t\t\t<\/div>\n\t\t\t\t<div class=\"elementor-element elementor-element-c9003ec ignoretoc elementor-widget elementor-widget-author-box\" data-id=\"c9003ec\" data-element_type=\"widget\" data-e-type=\"widget\" data-widget_type=\"author-box.default\">\n\t\t\t\t<div class=\"elementor-widget-container\">\n\t\t\t\t\t\t\t<div class=\"elementor-author-box\">\n\t\t\t\t\t\t\t<a href=\"\/authors\/claudine-valerie-b.-rouamba-ouedraogo\" class=\"elementor-author-box__avatar\">\n\t\t\t\t\t<img decoding=\"async\" src=\"https:\/\/www.globalafricasciences.org\/wp-content\/uploads\/2024\/11\/Claudine-Valerie-B.-Rouamba-Ouedraogo--225x300.jpg\" alt=\"Image de Claudine Val\u00e9rie B. Rouamba-Ouedraogo\" loading=\"lazy\">\n\t\t\t\t<\/a>\n\t\t\t\n\t\t\t<div class=\"elementor-author-box__text\">\n\t\t\t\t\t\t\t\t\t<a href=\"\/authors\/claudine-valerie-b.-rouamba-ouedraogo\">\n\t\t\t\t\t\t<h5 class=\"elementor-author-box__name\">\n\t\t\t\t\t\t\tClaudine Val\u00e9rie B. Rouamba-Ouedraogo\t\t\t\t\t\t<\/h5>\n\t\t\t\t\t<\/a>\n\t\t\t\t\n\t\t\t\t\n\t\t\t\t\t\t\t\t\t<a class=\"elementor-author-box__button elementor-button elementor-size-xs\" href=\"\/authors\/claudine-valerie-b.-rouamba-ouedraogo\">\n\t\t\t\t\t\tTous les articles de l'auteur\t\t\t\t\t<\/a>\n\t\t\t\t\t\t\t<\/div>\n\t\t<\/div>\n\t\t\t\t\t\t<\/div>\n\t\t\t\t<\/div>\n\t\t\t\t<div class=\"elementor-element elementor-element-5182bb3 ignoretoc elementor-widget elementor-widget-wpml-language-switcher\" data-id=\"5182bb3\" data-element_type=\"widget\" data-e-type=\"widget\" data-widget_type=\"wpml-language-switcher.default\">\n\t\t\t\t<div class=\"elementor-widget-container\">\n\t\t\t\t\t<div class=\"wpml-elementor-ls\"><p class=\"wpml-ls-statics-post_translations wpml-ls\">This post is also available in: \n<span role=\"menu\">\n    <span class=\"wpml-ls-slot-post_translations wpml-ls-item wpml-ls-item-en wpml-ls-first-item wpml-ls-item-legacy-post-translations\" role=\"none\"><a href=\"https:\/\/www.globalafricasciences.org\/\" class=\"wpml-ls-link\" role=\"menuitem\" aria-label=\"Passer \u00e0 Anglais(English)\" title=\"Passer \u00e0 Anglais(English)\"><img decoding=\"async\"\n            class=\"wpml-ls-flag\"\n            src=\"https:\/\/www.globalafricasciences.org\/wp-content\/uploads\/flags\/Flag_of_the_United_States.svg\"\n            alt=\"\"\n            width=18\n            height=12\n    \/><span class=\"wpml-ls-native\" lang=\"en\">English<\/span><span class=\"wpml-ls-display\"><span class=\"wpml-ls-bracket\"> (<\/span>Anglais<span class=\"wpml-ls-bracket\">)<\/span><\/span><\/a><\/span>    <span class=\"wpml-ls-slot-post_translations wpml-ls-item wpml-ls-item-fr wpml-ls-current-language wpml-ls-last-item wpml-ls-item-legacy-post-translations\" role=\"none\"><a href=\"https:\/\/www.globalafricasciences.org\/fr\/\" class=\"wpml-ls-link\" role=\"menuitem\" ><img decoding=\"async\"\n            class=\"wpml-ls-flag\"\n            src=\"https:\/\/www.globalafricasciences.org\/wp-content\/plugins\/sitepress-multilingual-cms\/res\/flags\/fr.svg\"\n            alt=\"\"\n            width=18\n            height=12\n    \/><span class=\"wpml-ls-native\" role=\"menuitem\">Fran\u00e7ais<\/span><\/a><\/span><\/span>\n<\/p><\/div>\t\t\t\t<\/div>\n\t\t\t\t<\/div>\n\t\t\t\t<div class=\"elementor-element elementor-element-5eeda1f elementor-share-buttons--view-icon elementor-share-buttons--shape-circle elementor-share-buttons--skin-gradient elementor-grid-0 elementor-share-buttons--color-official elementor-widget elementor-widget-share-buttons\" data-id=\"5eeda1f\" data-element_type=\"widget\" data-e-type=\"widget\" data-widget_type=\"share-buttons.default\">\n\t\t\t\t<div class=\"elementor-widget-container\">\n\t\t\t\t\t\t\t<div class=\"elementor-grid\" role=\"list\">\n\t\t\t\t\t\t\t\t<div class=\"elementor-grid-item\" role=\"listitem\">\n\t\t\t\t\t\t<div class=\"elementor-share-btn elementor-share-btn_facebook\" role=\"button\" tabindex=\"0\" aria-label=\"Partager sur facebook\">\n\t\t\t\t\t\t\t\t\t\t\t\t\t\t\t<span class=\"elementor-share-btn__icon\">\n\t\t\t\t\t\t\t\t<i class=\"fab fa-facebook\" aria-hidden=\"true\"><\/i>\t\t\t\t\t\t\t<\/span>\n\t\t\t\t\t\t\t\t\t\t\t\t\t\t\t\t\t\t\t\t<\/div>\n\t\t\t\t\t<\/div>\n\t\t\t\t\t\t\t\t\t<div class=\"elementor-grid-item\" role=\"listitem\">\n\t\t\t\t\t\t<div class=\"elementor-share-btn elementor-share-btn_x-twitter\" role=\"button\" tabindex=\"0\" aria-label=\"Partager sur x-twitter\">\n\t\t\t\t\t\t\t\t\t\t\t\t\t\t\t<span class=\"elementor-share-btn__icon\">\n\t\t\t\t\t\t\t\t<i class=\"fab fa-x-twitter\" aria-hidden=\"true\"><\/i>\t\t\t\t\t\t\t<\/span>\n\t\t\t\t\t\t\t\t\t\t\t\t\t\t\t\t\t\t\t\t<\/div>\n\t\t\t\t\t<\/div>\n\t\t\t\t\t\t\t\t\t<div class=\"elementor-grid-item\" role=\"listitem\">\n\t\t\t\t\t\t<div class=\"elementor-share-btn elementor-share-btn_linkedin\" role=\"button\" tabindex=\"0\" aria-label=\"Partager sur linkedin\">\n\t\t\t\t\t\t\t\t\t\t\t\t\t\t\t<span class=\"elementor-share-btn__icon\">\n\t\t\t\t\t\t\t\t<i class=\"fab fa-linkedin\" aria-hidden=\"true\"><\/i>\t\t\t\t\t\t\t<\/span>\n\t\t\t\t\t\t\t\t\t\t\t\t\t\t\t\t\t\t\t\t<\/div>\n\t\t\t\t\t<\/div>\n\t\t\t\t\t\t\t\t\t<div class=\"elementor-grid-item\" role=\"listitem\">\n\t\t\t\t\t\t<div class=\"elementor-share-btn elementor-share-btn_whatsapp\" role=\"button\" tabindex=\"0\" aria-label=\"Partager sur whatsapp\">\n\t\t\t\t\t\t\t\t\t\t\t\t\t\t\t<span class=\"elementor-share-btn__icon\">\n\t\t\t\t\t\t\t\t<i class=\"fab fa-whatsapp\" aria-hidden=\"true\"><\/i>\t\t\t\t\t\t\t<\/span>\n\t\t\t\t\t\t\t\t\t\t\t\t\t\t\t\t\t\t\t\t<\/div>\n\t\t\t\t\t<\/div>\n\t\t\t\t\t\t\t\t\t<div class=\"elementor-grid-item\" role=\"listitem\">\n\t\t\t\t\t\t<div class=\"elementor-share-btn elementor-share-btn_email\" role=\"button\" tabindex=\"0\" aria-label=\"Partager sur email\">\n\t\t\t\t\t\t\t\t\t\t\t\t\t\t\t<span class=\"elementor-share-btn__icon\">\n\t\t\t\t\t\t\t\t<i class=\"fas fa-envelope\" aria-hidden=\"true\"><\/i>\t\t\t\t\t\t\t<\/span>\n\t\t\t\t\t\t\t\t\t\t\t\t\t\t\t\t\t\t\t\t<\/div>\n\t\t\t\t\t<\/div>\n\t\t\t\t\t\t<\/div>\n\t\t\t\t\t\t<\/div>\n\t\t\t\t<\/div>\n\t\t\t\t<div class=\"elementor-element elementor-element-297d7b5 elementor-align-left elementor-widget__width-inherit elementor-widget elementor-widget-button\" data-id=\"297d7b5\" data-element_type=\"widget\" data-e-type=\"widget\" data-widget_type=\"button.default\">\n\t\t\t\t<div class=\"elementor-widget-container\">\n\t\t\t\t\t\t\t\t\t<div class=\"elementor-button-wrapper\">\n\t\t\t\t\t<a class=\"elementor-button elementor-button-link elementor-size-sm\" href=\"https:\/\/doi.org\/10.57832\/1zqg-gg07\" target=\"_blank\">\n\t\t\t\t\t\t<span class=\"elementor-button-content-wrapper\">\n\t\t\t\t\t\t<span class=\"elementor-button-icon\">\n\t\t\t\t<i aria-hidden=\"true\" class=\"fas fa-file-pdf\"><\/i>\t\t\t<\/span>\n\t\t\t\t\t\t\t\t\t<span class=\"elementor-button-text\">T\u00c9L\u00c9CHARGER EN PDF<\/span>\n\t\t\t\t\t<\/span>\n\t\t\t\t\t<\/a>\n\t\t\t\t<\/div>\n\t\t\t\t\t\t\t\t<\/div>\n\t\t\t\t<\/div>\n\t\t\t\t<\/div>\n\t\t<div data-particle_enable=\"false\" data-particle-mobile-disabled=\"false\" class=\"elementor-element elementor-element-2724b9e e-con-full e-flex wpr-particle-no wpr-jarallax-no wpr-parallax-no wpr-sticky-section-no e-con e-child\" data-id=\"2724b9e\" data-element_type=\"container\" data-e-type=\"container\">\n\t\t\t\t<div class=\"elementor-element elementor-element-f03e25c elementor-widget elementor-widget-heading\" data-id=\"f03e25c\" data-element_type=\"widget\" data-e-type=\"widget\" data-widget_type=\"heading.default\">\n\t\t\t\t<div class=\"elementor-widget-container\">\n\t\t\t\t\t<h4 class=\"elementor-heading-title elementor-size-default\"><a href=\"\/Num\u00e9ro\/L\u2019Afrique%20et%20le%20monde%20\u00e0%20l\u2019heure%20virale%20\">02.2022<br>L\u2019Afrique et le monde \u00e0 l\u2019heure virale<\/a><\/h4>\t\t\t\t<\/div>\n\t\t\t\t<\/div>\n\t\t\t\t<div class=\"elementor-element elementor-element-b2b07a4 elementor-widget elementor-widget-text-editor\" data-id=\"b2b07a4\" data-element_type=\"widget\" data-e-type=\"widget\" data-widget_type=\"text-editor.default\">\n\t\t\t\t<div class=\"elementor-widget-container\">\n\t\t\t\t\t\t\t\t\t<p><strong>Publi\u00e9 le : 16 d\u00e9cembre 2022<br><\/strong><strong>ISSN: 3020-0458<\/strong><\/p>\t\t\t\t\t\t\t\t<\/div>\n\t\t\t\t<\/div>\n\t\t\t\t<div class=\"elementor-element elementor-element-38d84bf elementor-align-center elementor-widget__width-inherit elementor-hidden-mobile elementor-widget elementor-widget-button\" data-id=\"38d84bf\" data-element_type=\"widget\" data-e-type=\"widget\" data-widget_type=\"button.default\">\n\t\t\t\t<div class=\"elementor-widget-container\">\n\t\t\t\t\t\t\t\t\t<div class=\"elementor-button-wrapper\">\n\t\t\t\t\t<a class=\"elementor-button elementor-button-link elementor-size-sm\" href=\"\/wp-content\/uploads\/2024\/12\/Global-Africa-Issue-02-Africa-and-the-World-in-Viral-Time.pdf\">\n\t\t\t\t\t\t<span class=\"elementor-button-content-wrapper\">\n\t\t\t\t\t\t\t\t\t<span class=\"elementor-button-text\">T\u00c9L\u00c9CHARGER LE NUM\u00c9RO PDF<\/span>\n\t\t\t\t\t<\/span>\n\t\t\t\t\t<\/a>\n\t\t\t\t<\/div>\n\t\t\t\t\t\t\t\t<\/div>\n\t\t\t\t<\/div>\n\t\t\t\t<div class=\"elementor-element elementor-element-b5db791 elementor-widget elementor-widget-image\" data-id=\"b5db791\" data-element_type=\"widget\" data-e-type=\"widget\" data-widget_type=\"image.default\">\n\t\t\t\t<div class=\"elementor-widget-container\">\n\t\t\t\t\t\t\t\t\t\t\t\t\t\t\t\t<a href=\"https:\/\/www.globalafricasciences.org\/wp-content\/uploads\/2024\/11\/GA-Issue-07-1.jpg\">\n\t\t\t\t\t\t\t<img fetchpriority=\"high\" decoding=\"async\" width=\"1240\" height=\"1754\" src=\"https:\/\/www.globalafricasciences.org\/wp-content\/uploads\/2024\/11\/Global-Africa-Issue-02-African-knowlewdge-against-the-pandemic.jpg\" class=\"attachment-full size-full wp-image-1045\" alt=\"CERFIG an African Health Research of Excellence\" srcset=\"https:\/\/www.globalafricasciences.org\/wp-content\/uploads\/2024\/11\/Global-Africa-Issue-02-African-knowlewdge-against-the-pandemic.jpg 1240w, https:\/\/www.globalafricasciences.org\/wp-content\/uploads\/2024\/11\/Global-Africa-Issue-02-African-knowlewdge-against-the-pandemic-212x300.jpg 212w, https:\/\/www.globalafricasciences.org\/wp-content\/uploads\/2024\/11\/Global-Africa-Issue-02-African-knowlewdge-against-the-pandemic-724x1024.jpg 724w, https:\/\/www.globalafricasciences.org\/wp-content\/uploads\/2024\/11\/Global-Africa-Issue-02-African-knowlewdge-against-the-pandemic-768x1086.jpg 768w, https:\/\/www.globalafricasciences.org\/wp-content\/uploads\/2024\/11\/Global-Africa-Issue-02-African-knowlewdge-against-the-pandemic-1086x1536.jpg 1086w\" sizes=\"(max-width: 1240px) 100vw, 1240px\" \/>\t\t\t\t\t\t\t\t<\/a>\n\t\t\t\t\t\t\t\t\t\t\t\t\t\t\t<\/div>\n\t\t\t\t<\/div>\n\t\t\t\t<\/div>\n\t\t\t\t<\/div>\n\t\t<div data-particle_enable=\"false\" data-particle-mobile-disabled=\"false\" class=\"elementor-element elementor-element-ae2d51c e-con-full e-flex wpr-particle-no wpr-jarallax-no wpr-parallax-no wpr-sticky-section-no e-con e-parent\" data-id=\"ae2d51c\" data-element_type=\"container\" data-e-type=\"container\">\n\t\t<div data-particle_enable=\"false\" data-particle-mobile-disabled=\"false\" class=\"elementor-element elementor-element-3c8215e e-con-full e-flex wpr-particle-no wpr-jarallax-no wpr-parallax-no wpr-sticky-section-no e-con e-child\" data-id=\"3c8215e\" data-element_type=\"container\" data-e-type=\"container\">\n\t\t\t\t<div class=\"elementor-element elementor-element-fa2f8e7 elementor-widget elementor-widget-eael-adv-tabs\" data-id=\"fa2f8e7\" data-element_type=\"widget\" data-e-type=\"widget\" data-widget_type=\"eael-adv-tabs.default\">\n\t\t\t\t<div class=\"elementor-widget-container\">\n\t\t\t\t\t        <div data-scroll-on-click=\"no\" data-scroll-speed=\"300\" id=\"eael-advance-tabs-fa2f8e7\" class=\"eael-advance-tabs eael-tabs-horizontal eael-tab-auto-active  responsive-vertical-layout\" data-tabid=\"fa2f8e7\">\n            <div class=\"eael-tabs-nav \">\n                <ul class=\"eael-tab-inline-icon\" role=\"tablist\">\n                                            <li id=\"abstract\" class=\"active-default eael-tab-item-trigger eael-tab-nav-item\" aria-selected=\"true\" data-tab=\"1\" role=\"tab\" tabindex=\"0\" aria-controls=\"abstract-tab\" aria-expanded=\"false\">\n                            \n                                                                <img decoding=\"async\" src=\"https:\/\/www.globalafricasciences.org\/wp-content\/uploads\/2024\/11\/Flag_of_the_United_States.svg\" alt=\"\">\n                                                            \n                                                            <span class=\"eael-tab-title title-after-icon\" >Abstract<\/span>                            \n                                                    <\/li>\n                                            <li id=\"rsum\" class=\"inactive eael-tab-item-trigger eael-tab-nav-item\" aria-selected=\"false\" data-tab=\"2\" role=\"tab\" tabindex=\"-1\" aria-controls=\"rsum-tab\" aria-expanded=\"false\">\n                            \n                                                                <img decoding=\"async\" src=\"https:\/\/www.globalafricasciences.org\/wp-content\/uploads\/2024\/11\/Flag_of_France.svg\" alt=\"\">\n                                                            \n                                                            <span class=\"eael-tab-title title-after-icon\" >R\u00e9sum\u00e9<\/span>                            \n                                                    <\/li>\n                                            <li id=\"muhtasari\" class=\"inactive eael-tab-item-trigger eael-tab-nav-item\" aria-selected=\"false\" data-tab=\"3\" role=\"tab\" tabindex=\"-1\" aria-controls=\"muhtasari-tab\" aria-expanded=\"false\">\n                            \n                                                                <img decoding=\"async\" src=\"https:\/\/www.globalafricasciences.org\/wp-content\/uploads\/2024\/11\/Flag_of_Kenya.svg\" alt=\"\">\n                                                            \n                                                            <span class=\"eael-tab-title title-after-icon\" >Muhtasari<\/span>                            \n                                                    <\/li>\n                                            <li id=\"\" class=\"inactive eael-tab-item-trigger eael-tab-nav-item\" aria-selected=\"false\" data-tab=\"4\" role=\"tab\" tabindex=\"-1\" aria-controls=\"-tab\" aria-expanded=\"false\">\n                            \n                                                                <svg xmlns=\"http:\/\/www.w3.org\/2000\/svg\" width=\"900\" height=\"600\" viewBox=\"0 0 900 600\"><path id=\"green\" d=\"m0 600h900v-600h-900z\" fill=\"#005430\" stroke-width=\".375\"><\/path><g id=\"white\" transform=\"scale(.375)\"><g id=\"shahada\"><g transform=\"matrix(7.3042,0,0,-6.7531,1800,635.53)\"><path d=\"m0 0c-0.023 4.162-1.516 15.373-1.895 19.134-0.378 3.761-0.759 7.173-0.667 7.972 0.09 0.771 1.187-1.072 1.767-1.221 0.3 0.065 0.166 1.229-0.379 2.223-0.369 0.675-1.627 3.199-2.39 4.678-0.359 0.7-0.439 1.106-0.612 1.192-0.172 0.086-1.561-2.945-1.409-3.281 0.379-0.616 0.639-0.91 0.698-1.998 0.06-1.088 0.58-8.856 1.243-14.744 0.499-4.442 1.594-14.012 1.633-19.962 0.011-1.941-0.188-3.791-0.427-4.564-0.613-1.214-1.571-2.309-5.139-4.567-4.011-2.539-9.362-4.652-11.662-6.066-1.43-0.882-0.956-1 0.289-0.614 1.242 0.386 7.664 1.623 10.784 3.049 2.929 1.342 4.83 3.587 6.273 6.862 1.782 4.049 1.918 7.485 1.893 11.907\" fill=\"#fff\"><\/path><\/g><g transform=\"matrix(7.3042,0,0,-6.7531,1709.3,422.03)\"><path d=\"m0 0c0.31 0.13 2.877 0.273 3.568 0.119-0.454-0.702-3.532-2.256-3.545-2.541 0.084-0.192 2.126 0.355 2.77 0.659 0.421 0.274 0.702 0.698 1.014 1.05 0.736 0.916 1.609 2.615 1.389 2.828-0.357 0.344-3.856 0.13-4.317 0.059-0.309-0.048-1.093-1.568-1.237-1.958-0.141-0.39 0.048-0.346 0.358-0.216\" fill=\"#fff\"><\/path><\/g><g transform=\"matrix(7.3042,0,0,-6.7531,1747.6,588.62)\"><path d=\"m0 0c0.535 1.96 0.667 4.338-0.061 6.841-0.748 2.577-2.606 4.148-3.946 4.953l-0.239-2.481s1.879-1.01 3.164-3.553c0.814-1.613 1.153-3.894 0.51-6.437-0.107-0.631 0.31-0.283 0.572 0.677\" fill=\"#fff\"><\/path><\/g><g transform=\"matrix(7.3042,0,0,-6.7531,1602.4,672.64)\"><path d=\"m0 0c0.482 1.765 0.6 3.906-0.054 6.16-0.674 2.321-2.347 3.736-3.554 4.458l-0.216-2.233s1.692-0.91 2.849-3.198c0.734-1.451 1.038-3.508 0.461-5.797-0.096-0.566 0.279-0.254 0.514 0.61\" fill=\"#fff\"><\/path><\/g><g transform=\"matrix(7.3042,0,0,-6.7531,1098.3,444.51)\"><path d=\"m0 0c0.774-1.531 1.095-3.699 0.486-6.114-0.102-0.599 0.292-0.27 0.543 0.642 0.506 1.86 0.632 4.12-0.06 6.499-0.711 2.449-2.476 3.94-3.749 4.703l-0.225-2.356s1.785-0.959 3.005-3.374\" fill=\"#fff\"><\/path><\/g><g transform=\"matrix(7.3042,0,0,-6.7531,758,449.86)\"><path d=\"m0 0c0.65-1.648 0.694-3.873-0.356-6.217-0.204-0.589 0.293-0.31 0.71 0.571 0.852 1.801 1.33 4.055 0.898 6.545-0.443 2.56-2.221 4.305-3.552 5.25l-0.604-2.339s1.879-1.212 2.904-3.81\" fill=\"#fff\"><\/path><\/g><g transform=\"matrix(7.3042,0,0,-6.7531,852.07,698.62)\"><path d=\"m0 0c0.826 1.658 1.17 2.774 1.537 4.738 0.321 1.728 0.342 3.724 0.226 5.756 2.472 1.09 5.418 2.899 6.408 3.032-0.677-2.514 0.939-5.227 4.203-4.873 0.25-2.843 0.464-5.34 0.594-6.821 0.266-3.036 0.226-6.862 0.218-7.527-0.011-0.668 0.436-0.542 0.895 0.946 0.612 1.992 0.801 7.194 0.579 10.634-0.053 0.86-0.143 2.021-0.252 3.344 2.116 1.059 2.468 3.103 3.259 3.974 0.714-2.705 4.644-3.072 5.857-2.493 1.504 0.719 1.997 2.012 2.384 5.013 0.388 3-0.742 4.208-1.146 4.535-0.04-0.363-1.024-3.889-1.024-3.889s0.933-1.066 0.98-1.59c-0.76-0.744-2.363-0.79-3.709-0.316-1.347 0.474-1.76 1.346-1.68 1.931 0.078 0.587 0.585 1.121 0.602 1.836 0.015 0.715-0.302 0.508-0.841-0.125-0.539-0.634-0.887-1.204-1.633-2.565-0.61-1.113-1.6-2.471-3.346-2.859-0.288 3.268-0.617 6.745-0.837 8.929-0.115 1.153-1.264 11.117-1.346 12.232-0.071 0.971-0.204 2.116-0.182 2.654 0.022 0.428 0.27 0.258 0.654-0.19 0.385-0.447 1.058-1.227 1.174-1.166 0.392 0.208-9e-3 1.503-0.522 2.663-0.512 1.163-2.26 5.751-2.627 5.94-0.189 0.096-1.369-2.728-1.439-3.284 0.183-0.348 0.661-0.895 0.678-2.451 6e-3 -0.434 0.264-4.526 0.622-8.395 0.313-3.417 0.728-6.659 0.768-7.036 0.285-2.608 0.631-6.284 0.96-9.898-1.895 0.39-2.399 1.742-2.357 2.513 0.048 0.87 0.411 1.852 0.237 2.074-0.365 0.237-2.537-1.076-5.566-2.487-0.852-0.396-1.812-0.821-2.825-1.224-0.264 2.463-0.612 4.805-0.752 6.596l-0.017 0.199c1.992 0.139 3.623 1.227 4.365 2.263 0.927 1.295 1.575 3.96 1.638 6.002 0.063 2.044-1.462 5.781-1.825 6.969-0.366 1.189-0.555 2.013-0.587 2.424-0.033 0.411 0.824-0.476 1.363-0.65 0.365-0.079 0.239 0.776-0.207 1.363-0.443 0.585-2.839 4.518-3.007 4.242-0.103-0.162-1.063-3.055-1.126-3.498 0.378-0.27 0.82-1.014 0.851-1.727 0.032-0.713 0.56-3.848 1.145-5.59 0.587-1.742 1.837-5.084 1.916-6.003-0.893-0.681-2.926-1.834-4.937-1.765-0.344 3.048-0.78 6.588-1.013 9.095-0.09 0.969-0.096 2.003-0.082 2.543 0.011 0.428 0.296 0.369 0.688-0.071 0.394-0.44 0.998-1.08 1.122-1.034 0.27 0.097 0.036 1.068-0.499 2.221s-2.661 6.03-3.034 6.212c-0.189 0.093-1.141-2.646-1.201-3.205 0.19-0.346 0.677-0.881 0.725-2.437 0.038-1.239 0.596-7.311 1.074-12.659-1.99 1.113-2.669 2.704-2.915 5.375-0.172 1.862-0.189 5.292-0.803 8.161-0.346 1.622-1.075 3.27-1.939 4.145-0.206-0.539-1.126-3.848-1.126-3.848 0.3-0.95 1.233-4.149 1.201-6.921-0.031-2.772-0.233-5.482-3.105-7.349-2.87-1.868-7.175-1.125-8.238 1.789-1.063 2.916 1.3 10.227 1.269 11.953-0.032 1.726-0.317 1.964-0.984 1.679-0.666-0.285-2.029-1.949-3.203-4.656-1.174-2.709-1.696-6.064-2.363-8.345-0.665-2.281-1.73-4.592-3.378-4.464-1.648 0.126-2.535 1.757-3.042 4.116-0.508 2.361-0.197 5.47-0.059 6.267 0.344 1.996-0.453 1.587-0.941-1.547-0.302-1.933-0.602-5.02 0.461-8.251 1.061-3.231 2.87-4.436 4.455-4.023 1.586 0.411 2.98 4.434 3.472 6.241 0.491 1.804 2.688 9.817 3.932 10.211 0.174-0.903-0.967-3.814-1.332-7.219-0.364-3.405 0.485-7.979 4.481-8.77 3.996-0.792 6.707 2.011 7.69 3.957 0.984 1.949 1.443 3.992 1.554 5.021 0.128-2.612 1.776-6.691 4.977-7.854l0.33-0.103c0.197-2.138 0.518-4.929 0.813-7.86-0.623-0.208-1.252-0.396-1.878-0.558-0.08 0.281-0.168 0.556-0.275 0.809-0.977 2.273-2.594 4.368-4.835 4.223-2.289-0.147-4.785-3.451-4.676-5.864 0.072-1.623 0.898-2.955 3.902-3.296 1.372-0.157 2.829 8e-3 4.334 0.363 0.212-0.671 0.346-1.338 0.361-1.946-0.952-1.204-8.829-7.63-14.727-8.248-5.898-0.617-7.697 2.727-7.756 6.084-0.044 2.554 1.376 5.103 2.374 6.867 1.428 1.13 2.6 2.543 3.34 3.633 0.201-0.134 0.392-0.258 0.574-0.373 0.705-0.443 0.986-1.105 0.986-1.105 0.13 0.216 0.736 1.396 0.499 1.973-0.109 0.142-0.642 0.497-1.283 0.918 0.673 1.814 0.664 3.625-0.208 4.028-0.975 0.449-2.248-0.799-2.797-1.56-0.285-0.396-0.394-0.845-0.396-1.222-4e-3 -0.485 0.207-0.923 0.729-1.313 0.52-0.384 1.003-0.732 1.457-1.046-1.289-1.464-4.335-3.609-6.199-4.869-0.069 0.185-0.342-0.01-0.709-0.478l-0.505-0.337c-1.487-0.984-5.053-3.145-5.754-3.674-0.702-0.53-0.262-0.434 0-0.316 0.495 0.289 1.145 0.639 1.875 1.025 1.034 0.547 2.237 1.166 3.413 1.787-0.348-0.638-0.708-1.384-1.027-2.198-1.403-3.583-3.671-11.009 1.235-15.477 4.694-4.277 12.762-2.65 19.453 1.795 6.692 4.446 8.137 6.009 9.183 7.625m-21.816 17.664c-0.232 0.185-0.264 0.432-0.075 0.604 0.241 0.222 0.549 0.432 0.899 0.503 0.742 0.149 1.038-0.773 0.74-2.209-0.564 0.373-1.144 0.765-1.564 1.102m15.348-6.057c-3.407-0.017-3.564 0.652-3.5 1.08 0.063 0.426 1.124 1.595 2.47 0.824 0.569-0.327 1.21-1.011 1.803-1.87-0.262-0.021-0.52-0.032-0.773-0.034m-10.435-19.379c-6.437-1.9-12.716 1.044-13.096 6.873-0.291 4.451 1.21 7.805 2.178 9.695 0.923 0.494 1.795 0.974 2.516 1.404-1.685-2.935-2.671-6.866-2.012-10.196 0.746-3.772 3.78-6.059 8.917-5.321 5.086 0.729 11.963 5.961 13.913 7.934 0.594 0.712 0.986 1.354 1.52 2.662 0.22 0.537 0.529 1.246 0.644 2.047 0.075 0.522 0.115 1.08 0.124 1.648 0.597 0.193 1.197 0.409 1.801 0.641 0.205-2.388 0.356-4.742 0.365-6.778-3.169-4.02-10.433-8.708-16.87-10.609\" fill=\"#fff\"><\/path><\/g><g transform=\"matrix(7.3042,0,0,-6.7531,1551,647.88)\"><path d=\"m0 0c-0.218 3.9-0.744 10.959-1.038 14.54-0.26 3.187-0.771 7.555-1.145 11.4-0.094 0.968-0.104 1.895-0.094 2.434 0.011 0.426 0.405 0.262 0.799-0.176s1.01-0.988 1.126-0.921c0.385 0.216-0.076 1.284-0.617 2.433-0.541 1.151-2.686 5.912-3.059 6.093-0.19 0.092-1.195-2.76-1.253-3.319 0.192-0.344 0.683-0.877 0.736-2.433 0.054-1.557 0.781-8.715 1.306-14.504 0.364-4.024 0.834-10.59 1.176-15.541-0.017-8e-3 0.323-4.707 0.36-5.235 0.21-3.04 0.101-6.865 0.08-7.529-0.023-0.667 0.428-0.551 0.912 0.929 0.493 1.511 0.774 4.885 0.812 7.931z\" fill=\"#fff\"><\/path><\/g><g transform=\"matrix(7.3042,0,0,-6.7531,1417.5,555.68)\"><path d=\"m0 0c-0.66-0.218-1.696 0.537-1.617 2.12 0.072 1.43 0.638 2.769 0.856 3.614 0.3 1.166 0.302 2.29 0.048 1.653-0.572-1.424-1.637-4.177-1.857-6.045-0.221-1.868 0.339-3.072 1.1-3.483 0.948-0.515 1.631 0.302 2.093 1.506 0.444 1.153 0.36 2.499 0.052 2.182-0.258-0.331-0.354-1.44-0.675-1.547\" fill=\"#fff\"><\/path><\/g><g transform=\"matrix(7.3042,0,0,-6.7531,1348.2,594.54)\"><path d=\"m0 0c0.35 1.006 0.432 1.992 0.163 1.451-0.607-1.212-1.744-3.554-2.077-5.181-0.332-1.627 0.071-2.728 0.711-3.145 0.798-0.522 1.455 0.147 1.952 1.172 0.475 0.981 0.499 2.172 0.207 1.914-0.252-0.272-0.419-1.239-0.707-1.31-0.599-0.143-1.453 0.597-1.268 1.985 0.168 1.25 0.765 2.387 1.019 3.114\" fill=\"#fff\"><\/path><\/g><g transform=\"matrix(7.3042,0,0,-6.7531,1146.4,737.86)\"><path d=\"m0 0c0.585 1.027 0.876 2.092 0.47 1.554-0.906-1.202-2.621-3.535-3.313-5.246-0.69-1.711-0.47-2.996 0.145-3.581 0.767-0.73 1.622-0.13 2.369 0.889 0.717 0.977 0.985 2.273 0.61 2.052-0.329-0.249-0.705-1.272-1.036-1.291-0.681-0.036-1.467 0.945-0.985 2.423 0.436 1.334 1.317 2.456 1.74 3.2\" fill=\"#fff\"><\/path><\/g><g transform=\"matrix(7.3042,0,0,-6.7531,1500.2,535.46)\"><path d=\"m0 0c-0.671-0.182-1.663 0.631-1.497 2.208 0.151 1.423 0.792 2.728 1.055 3.558 0.366 1.149 0.429 2.27 0.14 1.65-0.648-1.392-1.864-4.08-2.189-5.934-0.325-1.853 0.166-3.086 0.904-3.539 0.92-0.564 1.644 0.212 2.174 1.39 0.507 1.126 0.499 2.474 0.172 2.174-0.275-0.318-0.432-1.419-0.759-1.507\" fill=\"#fff\"><\/path><\/g><g transform=\"matrix(7.3042,0,0,-6.7531,1498.7,666.11)\"><path d=\"m0 0c0.918-0.564 1.646 0.212 2.174 1.39 0.506 1.126 0.499 2.474 0.174 2.174-0.277-0.316-0.434-1.419-0.761-1.507-0.671-0.181-1.665 0.631-1.497 2.208 0.151 1.423 0.791 2.729 1.055 3.558 0.365 1.149 0.428 2.272 0.14 1.65-0.65-1.392-1.864-4.08-2.189-5.932-0.325-1.855 0.166-3.088 0.904-3.541\" fill=\"#fff\"><\/path><\/g><g transform=\"matrix(7.3042,0,0,-6.7531,1584.4,499.22)\"><path d=\"m0 0c0.442 1.39 0.518 2.747 0.168 1.996-0.786-1.684-2.256-4.936-2.65-7.181-0.392-2.243 0.203-3.734 1.096-4.283 1.111-0.682 1.99 0.257 2.631 1.681 0.611 1.363 0.602 2.996 0.208 2.631-0.333-0.383-0.524-1.715-0.92-1.822-0.81-0.22-2.013 0.763-1.81 2.671 0.183 1.722 0.958 3.301 1.277 4.307\" fill=\"#fff\"><\/path><\/g><g transform=\"matrix(7.3042,0,0,-6.7531,899.52,661.58)\"><path d=\"m0 0c0.723 1.694 0.985 3.39 0.453 2.487-1.191-2.021-3.434-5.934-4.2-8.706-0.767-2.773-0.199-4.721 0.856-5.52 1.316-0.992 2.535 0.084 3.512 1.795 0.935 1.641 1.121 3.696 0.582 3.285-0.465-0.44-0.867-2.094-1.377-2.181-1.048-0.178-2.44 1.204-1.954 3.579 0.44 2.143 1.606 4.035 2.128 5.261\" fill=\"#fff\"><\/path><\/g><g transform=\"matrix(7.3042,0,0,-6.7531,1639,775)\"><path d=\"m0 0c0.554 0.491 5.372 3.298 6.259 3.868 0 0 0.907 1.6 0.635 1.77-0.273 0.17-2.032-1.56-3.126-1.608-1.095-0.048-2.594 0.822-2.642 1.535 0.142 0.538 1.459 1.346 1.935 1.379 0.476 0.03 0.399-1.142 0.558-1.285 0.159-0.141 0.792 0.809 0.872 1.205 0.078 0.395 0.013 2.049-0.858 1.812-1.379-0.377-3.459-3.143-3.696-4.013-0.239-0.872 1.046-1.631 1.984-2.044-0.08-0.032-0.78-0.396-1.223-0.87 0 0-0.476-0.577-0.698-1.749\" fill=\"#fff\"><\/path><\/g><g transform=\"matrix(7.3042,0,0,-6.7531,1519,798.48)\"><path d=\"m0 0c0.554 0.491 5.372 3.296 6.259 3.868 0 0 0.909 1.6 0.635 1.77-0.273 0.17-2.032-1.56-3.126-1.608-1.095-0.048-2.594 0.822-2.642 1.535 0.142 0.538 1.459 1.346 1.935 1.377 0.476 0.032 0.399-1.139 0.558-1.281 0.159-0.143 0.792 0.807 0.872 1.203 0.078 0.395 0.011 2.049-0.858 1.812-1.379-0.379-3.459-3.143-3.696-4.015-0.239-0.87 1.046-1.629 1.982-2.042-0.078-0.032-0.778-0.395-1.221-0.87 0 0-0.476-0.577-0.698-1.749\" fill=\"#fff\"><\/path><\/g><g transform=\"matrix(7.3042,0,0,-6.7531,1248.7,458.72)\"><path d=\"m0 0c0.432-0.543 3.262-4.432 5.479-6.877 2.216-2.447 6.015-6.407 8.806-9.121 0.54-0.526 1.113-1.096 1.696-1.689 0.704-5.846 1.518-13.285 1.86-16.361 0.337-3.029 0.387-6.854 0.394-7.52 6e-3 -0.667 0.45-0.531 0.872 0.966 0.566 2.009 0.631 7.211 0.331 10.647-0.186 2.122-0.625 6.097-1.05 9.762 1.648-1.761 3.205-3.508 4.254-4.816 1.929-2.401 3.552-4.212 4.541-6.793 0.7-1.826 0.629-3.279 0.916-3.566 0.248-0.248 0.522 1.937 0.216 4.056-0.496 3.441-1.176 4.9-5.26 9.813-1.558 1.878-3.392 3.841-5.185 5.676-0.069 0.566-0.132 1.09-0.189 1.555-0.142 1.149-1.526 11.083-1.635 12.196-0.093 0.969-0.256 2.11-0.243 2.649 0.01 0.429 0.262 0.262 0.658-0.176 0.394-0.437 1.084-1.202 1.201-1.135 0.386 0.216-0.044 1.499-0.585 2.65-0.539 1.149-2.396 5.695-2.769 5.875-0.189 0.092-1.302-2.759-1.359-3.317 0.193-0.344 0.683-0.88 0.736-2.434 0.015-0.434 0.371-4.52 0.818-8.378 0.396-3.409 0.886-6.642 0.937-7.016l2e-3 -0.029c-1.849 1.824-3.478 3.373-4.466 4.346-2.31 2.271-7.412 7.66-7.617 8.467-0.046 0.255 0.35 0.098 1.078-0.028 0.731-0.127 1.381-0.396 1.264-8e-3 -0.053 0.183-0.333 0.635-1.03 1.101-0.698 0.467-2.486 1.677-3.816 2.533-1.333 0.855-1.993 1.572-2.268 1.367-0.136-0.101-0.015-3.03 0.065-3.395 0.333-0.031 0.918-0.455 1.348-1\" fill=\"#fff\"><\/path><\/g><g transform=\"matrix(7.3042,0,0,-6.7531,1275.3,423.15)\"><path d=\"m0 0c0.547 0.13 3.139 0.059 4.08-0.155-0.394-0.296-3.046-1.745-3.57-2.09-0.521-0.346-0.653-0.546-0.391-0.512 0.76 0.228 2.473 0.512 3.294 0.975 0.774 0.392 2.093 2.304 2.606 3.017 0.51 0.713 0.51 1.069 0.38 1.26-0.524 0.308-3.902 0.617-5.531 0.18-0.451-0.331-1.333-2.094-1.463-2.461-0.13-0.369 0.048-0.344 0.595-0.214\" fill=\"#fff\"><\/path><\/g><g transform=\"matrix(7.3042,0,0,-6.7531,1380.6,421.6)\"><path d=\"m0 0c0.442 0.105 2.531 0.048 3.288-0.124-0.317-0.239-2.453-1.407-2.875-1.687-0.423-0.277-0.528-0.439-0.317-0.411 0.613 0.182 1.994 0.411 2.655 0.786 0.623 0.316 1.686 1.857 2.099 2.43 0.411 0.576 0.411 0.862 0.306 1.015-0.42 0.251-3.143 0.499-4.456 0.146-0.364-0.266-1.073-1.687-1.178-1.983-0.107-0.296 0.038-0.277 0.478-0.172\" fill=\"#fff\"><\/path><\/g><g transform=\"matrix(7.3042,0,0,-6.7531,1466.2,420.5)\"><path d=\"m0 0c0.44 0.105 2.529 0.048 3.286-0.124-0.315-0.239-2.452-1.407-2.875-1.685-0.421-0.279-0.526-0.441-0.315-0.413 0.613 0.182 2.101 0.413 2.762 0.786 0.624 0.316 1.363 1.857 1.776 2.432 0.413 0.574 0.413 0.862 0.306 1.013-0.42 0.251-2.929 0.499-4.24 0.148-0.364-0.268-1.075-1.689-1.18-1.985s0.038-0.277 0.48-0.172\" fill=\"#fff\"><\/path><\/g><g transform=\"matrix(7.3042,0,0,-6.7531,1412.8,462.19)\"><path d=\"m0 0c-0.694-1.182 0.176-2.136 0.493-3.091-0.428-0.423-1.086-0.037-1.306 0.334-0.468 0.761-0.311 2.312-0.862 2.551-0.141-0.419-0.233-0.884-0.233-0.884s0.419-1.061 0.314-1.763c-0.067-0.424-0.413-0.919-0.87-0.929-1.218-0.032-0.618 1.918-1.088 3.023-0.096-0.27-0.165-0.56-0.277-0.813 0.086-0.288 0.133-0.692 0.147-0.925 0.028-0.463-6e-3 -0.962 0.067-1.357 0.101-0.559 0.388-0.93 0.826-0.966 0.91-0.078 1.325 0.719 1.462 1.373 0.157-0.667 1.36-1.402 1.952-0.583 0.784 1.08 0.157 2.005-0.245 3.021-0.29 0.751-0.206 1.244-0.38 1.009\" fill=\"#fff\"><\/path><\/g><g transform=\"matrix(7.3042,0,0,-6.7531,1163.1,441.02)\"><path d=\"m0 0c0.063-0.486 0.294-0.818 0.671-0.868 0.778-0.107 1.172 0.562 1.319 1.118 0.103-0.581 1.109-1.265 1.656-0.587 0.723 0.897 0.222 1.721-0.08 2.614-0.216 0.662-0.123 1.082-0.283 0.887-0.65-0.986 0.059-1.849 0.29-2.686-0.388-0.344-0.937 0.017-1.111 0.344-0.37 0.677-0.168 2.006-0.63 2.237-0.14-0.356-0.239-0.751-0.239-0.751s0.313-0.933 0.191-1.532c-0.075-0.363-0.394-0.774-0.79-0.763-1.049 0.025-0.447 1.679-0.805 2.65-0.093-0.227-0.166-0.476-0.275-0.686 0.063-0.254 0.086-0.602 0.086-0.805 8e-3 -0.4-0.044-0.826 0-1.172\" fill=\"#fff\"><\/path><\/g><g transform=\"matrix(7.3042,0,0,-6.7531,1344.4,750.3)\"><path d=\"m0 0c0.117 0.201 0.375 0.753 0.31 1.13s-0.492 1.95-1.321 2.344c-0.824 0.394-1.448-0.432-1.843-1.581l-0.274 7e-3c-0.065-0.17-0.147-0.424-0.212-0.883-0.092-0.663-0.266-1.09-1.317-2.122-0.884-0.864-3.748-2.939-5.604-3.914-1.858-0.977-3.195-1.82-3.688-2.076-0.491-0.252-0.348-0.346 0.143-0.187 0.49 0.158 2.956 1.017 3.939 1.455 0.981 0.441 2.181 1.166 3.627 2.181 1.608 1.128 2.569 2.256 2.892 3.256 0.23 0.713 0.289 0.998 0.289 0.998s0.604-0.386 1.629-0.639c1.021-0.254 1.311-0.172 1.43 0.031m-1.386 2.235c0.455-0.187 0.732-0.723 0.814-1.048-0.522-0.013-1.483 0.274-1.892 0.474 0.246 0.515 0.674 0.738 1.078 0.574\" fill=\"#fff\"><\/path><\/g><g transform=\"matrix(7.3042,0,0,-6.7531,1264.9,757.77)\"><path d=\"m0 0c-1.426 0.214-5.019 0.805-5.898 3.061 0.738 1.164 4.137 2.638 8.395 4.017 4.258 1.376 8.707 3.162 9.903 4.024 0.262 0.096 0.769 0.067 0.769 0.067 0.214 0.667 1.283 3.009 1.35 3.499-1.19-0.073-8.525-0.656-11.783-0.845-3.26-0.19-9.538-0.144-11.63-0.119 1.283 0.998 4.328 2.946 8.68 4.608 0.564 0.216 1.086 0.411 1.573 0.587 0.362-0.698 0.631-1.388 0.687-1.989 0.277 0.308 0.485 1.329 0.415 2.377 2.537 0.876 3.844 1.166 4.408 1.331 0.356 0.499 0.987 2.517 1.081 3.984-0.379 0.747-1.566 1.677-2.622 2.476-1.455 1.099-3.024 2.057-4.59 1.638-2.141-0.568-2.57-4.822-2.071-5.724 0.159-0.285 0.536-0.79 0.981-1.413-1.564-0.665-3.2-1.447-4.642-2.269-3.212-1.83-6.798-3.832-7.844-5.757l-0.3-0.158c-0.084-0.182-0.746-3.161-0.842-3.482 0.668 0.025 5.656 0.015 9.13 0.132 3.472 0.12 6.508 0.239 7.697 0.239-1.761-0.451-6.376-2.306-7.703-3.397-1.327-1.094-2.161-2.757-2.183-5.608-1.237 0.524-3.536 1.721-5.495 4.587-2.184 3.194-1.732 6.479-2.606 10.79-1.27 6.256-3.982 11.538-5.671 13.154-0.569-2.208-0.642-3.872-0.642-3.872s2.116-5.06 3.187-8.29c1.071-3.231 1.986-6.414 1.941-7.127-0.882-2.092-6.103-6.474-10.454-9.039-4.126-2.432-7.761-2.694-9.049-0.962-0.253 0.338-0.425 0.738-0.522 1.191 0.56 0.283 1.122 0.568 1.698 0.853 3.71 1.828 10.299 5.676 11.843 7.695 1.666 2.447 1.643 5.892 0.666 7.864-0.973 1.971-2.499 4.253-2.618 5.06-0.093 0.381 0.991-0.155 1.631-0.191 0.31 0.025 0.155 0.476-0.51 1.189-0.532 0.568-2.589 2.411-3.375 3.13-0.197 0.183-0.344 0.109-0.384-0.084-0.153-0.736-0.466-2.312-0.587-3.09l0.084-0.392c0.226-0.145 0.486-0.308 0.612-0.715 0.178-0.577 0.801-2.187 1.822-4.219 1.023-2.031 2.501-4.273 2.646-5.405-1.202-1.658-7.263-5.189-13.167-8.099 0.365 1.224 0.941 2.608 1.705 4.145 0.217 0.26 0.415 0.581 0.599 0.943 0.589 1.164 0.646 2.587 0.289 2.286-0.306-0.319-0.526-1.474-0.876-1.552-0.717-0.159-1.723 0.746-1.47 2.401 0.229 1.493 0.967 2.841 1.286 3.704 0.442 1.194 0.563 2.374 0.228 1.732-0.753-1.434-2.166-4.212-2.6-6.153-0.432-1.938 0.027-3.263 0.784-3.776 0.283-0.195 0.554-0.256 0.812-0.218-0.518-1.066-1.158-2.374-1.625-3.934-2.374-1.149-4.684-2.176-6.596-2.916-6.873-2.661-11.771-4.229-15.197-5.393l-0.134-0.065c0.252 0.881 0.218 1.633-0.052 1.407-0.306-0.321-0.525-1.476-0.875-1.552-0.717-0.159-1.723 0.745-1.471 2.401 0.23 1.493 0.968 2.839 1.287 3.703 0.44 1.193 0.562 2.375 0.228 1.732-0.754-1.434-2.166-4.212-2.6-6.152-0.433-1.939 0.026-3.264 0.782-3.778 0.942-0.64 1.745 0.145 2.361 1.359l0.216 0.499c0.214 0 0.575 0.054 1.114 0.184 1.57 0.382 5.495 0.998 10.892 1.759 3.996 0.562 6.755 1.749 9.422 3.07-0.012-0.319-0.015-0.644-2e-3 -0.979 0.145-3.961 2.545-5.079 5.827-4.338 3.166 0.719 7.581 3.859 10.227 5.977 2.759 2.208 4.351 4.181 4.757 4.869 0.736 1.687 0.938 3.551 0.988 4.43 0.241-2.422 0.436-5.774 2.554-8.649 1.95-2.646 5.946-6.338 13.462-6.439 0.025 0.967-0.333 3.986-0.333 3.986m-0.497 24.544c1.076 1.306 3.372 0.452 5.095-1.204-0.883-0.224-2.082-0.623-3.405-1.134-0.786 1.025-1.663 2.013-1.69 2.338\" fill=\"#fff\"><\/path><\/g><g transform=\"matrix(7.3042,0,0,-6.7531,952.63,471.1)\"><path d=\"m0 0c0.488 0.241 1.981 0.967 3.59 1.981 1.606 1.007 3.115 2.227 3.853 3.038 0.283 0.311 0.535 0.554 0.696 0.843 0.482-0.216 0.814-0.44 1.021-0.528 0.311-0.13 0.726-0.317 0.996 0.641 0.269 0.957-0.088 1.575-0.614 2.313-0.445 0.619-1.151 1.549-1.724 1.78-0.486 0.197-0.717-0.977-0.643-0.948h0.325l0.063-0.033c-0.669-0.365-1.187-1.501-1.239-1.9-0.053-0.434 0.023-0.754 0.983-1.021l0.386-0.123c-0.801-1.026-2.294-2.087-3.311-2.839-1.443-1.07-3.491-2.407-4.074-2.793-0.583-0.384-0.534-0.505-0.308-0.411m8.672 7.538 0.052 0.513c0.675-0.832 1.176-1.822 1.126-1.962-0.31-0.027-0.696 0.283-1.371 0.595 0.075 0.248 0.138 0.522 0.193 0.854m-1.938-1e-3c-4e-3 0.156 0.256 0.59 0.806 0.827 0.549 0.239 0.792-0.428 0.84-1.24l-0.163-0.325-0.495 0.185c-0.524 0.166-0.878 0.26-0.988 0.553\" fill=\"#fff\"><\/path><\/g><g transform=\"matrix(7.3042,0,0,-6.7531,1215.5,576.87)\"><path d=\"m0 0c0.792 0.566 2.969 2.266 4.204 3.38 0.859 0.774 1.868 1.914 2.553 2.878 0.43-0.301 0.831-0.568 1.196-0.8 0.704-0.445 0.987-1.105 0.987-1.105 0.13 0.216 0.736 1.398 0.499 1.973-0.142 0.188-1.008 0.735-1.893 1.321 0.449 1.09 1.067 2.975 0.182 3.635-0.757 0.56-2.034-0.367-2.625-1.57-0.488-0.996-0.551-1.841 0.38-2.533 0.262-0.195 0.513-0.379 0.759-0.554-0.939-1.111-2.669-2.755-3.9-3.874-1.529-1.384-2.975-2.741-3.227-3.065l-0.073-0.126c-0.334 1.006-0.243 1.627-0.491 1.293-1.071-1.817 0.271-3.289 0.759-4.759-0.66-0.648-1.671-0.053-2.01 0.514-0.722 1.174-0.481 3.558-1.326 3.927-0.218-0.644-0.36-1.361-0.36-1.361s0.643-1.633 0.48-2.711c-0.101-0.652-0.635-1.415-1.336-1.428-1.876-0.052-0.951 2.95-1.675 4.65-0.147-0.417-0.252-0.863-0.428-1.249 0.133-0.447 0.206-1.067 0.225-1.426 0.048-0.713-6e-3 -1.478 0.105-2.09 0.155-0.86 0.597-1.432 1.272-1.485 1.399-0.123 2.038 1.107 2.25 2.11 0.241-1.026 2.094-2.154 3.005-0.896 1.207 1.663 0.241 3.087-0.376 4.651l-0.073 0.203c0.086-0.033 0.409 0.12 0.937 0.497m5.472 9.364c0.464 0.931 1.441 1.01 1.734 0.522 0.233-0.388 0.252-1.145-0.098-1.944-0.862 0.585-1.631 1.158-1.636 1.422\" fill=\"#fff\"><\/path><\/g><g transform=\"matrix(7.3042,0,0,-6.7531,992.43,536.89)\"><path d=\"m0 0c-1.648 0.126-2.535 1.759-3.042 4.118-0.508 2.359-0.197 5.47-0.059 6.267 0.138 0.796-0.639 0.385-0.941-1.548-0.3-1.931-0.602-5.019 0.461-8.252 1.061-3.229 2.87-4.434 4.455-4.021 1.585 0.411 2.98 4.434 3.472 6.239 0.491 1.806 2.688 9.171 3.932 9.567 0.174-0.903-0.967-3.168-1.332-6.573-0.363-3.405 0.269-7.871 4.265-8.663 3.996-0.793 6.707 2.011 7.69 3.96 0.984 1.946 1.443 3.992 1.554 5.02 0.128-2.613 1.776-6.693 4.977-7.856 3.093-1.124 5.456-0.095 6.5 1.362 0.927 1.294 1.682 3.959 1.747 6.003 0.063 2.042-1.569 5.779-1.934 6.969-0.366 1.187-0.555 2.011-0.587 2.422-0.031 0.411 0.826-0.476 1.365-0.65 0.365-0.079 0.237 0.776-0.207 1.363-0.443 0.585-2.841 4.518-3.009 4.244-0.103-0.164-1.063-3.057-1.126-3.5 0.38-0.27 0.82-1.014 0.853-1.727 0.03-0.713 0.665-3.848 1.252-5.59s1.728-5.084 1.808-6.003c-1.141-0.87-3.711-1.977-6.152-0.855-2.441 1.126-3.22 2.757-3.489 5.671-0.172 1.862-0.189 5.292-0.803 8.16-0.346 1.621-1.075 3.269-1.941 4.144-0.204-0.537-1.124-3.848-1.124-3.848 0.3-0.95 1.233-4.149 1.203-6.921-0.033-2.77-0.235-5.481-3.107-7.349-2.87-1.868-6.959-1.124-8.022 1.791-1.063 2.914 1.3 9.47 1.269 11.196-0.032 1.726-0.319 1.965-0.984 1.679-0.666-0.285-2.031-1.949-3.203-4.656-1.174-2.709-1.695-5.416-2.363-7.697-0.665-2.281-1.73-4.592-3.378-4.466\" fill=\"#fff\"><\/path><\/g><g transform=\"matrix(7.3042,0,0,-6.7531,642.92,468.66)\"><path d=\"m0 0c2.028 0.159 3.742 1.822 4.185 2.264 0.444 0.445 0.683 1.108 0.365 0.856-2.346-2.265-5.485-2.329-5.661-1.948 0.08 0.38 0.906 0.998 2.111 1.868 0.732 0.529 1.384 1.025 1.872 1.728l0.133-0.025c0.893-0.212 1.924-0.634 2.239-0.296 0.513 0.547 0.581 1.443 0.025 2.409-0.47 0.82-1.566 1.583-2.518 2.134-0.95 0.548-1.134-0.327-1.256-0.639-0.117-0.291-0.069-0.539 0.132-0.545-0.306-0.451-0.524-1.032-0.604-1.512-0.052-0.31-0.01-0.564 0.107-0.773 0.034-0.059 0.21-0.292 0.543-0.43l0.413-0.139c-0.711-0.71-1.53-1.266-1.96-1.547-0.776-0.507-1.696-1.394-1.981-2.311-0.286-0.92-0.175-1.253 1.855-1.094m3.585 6.47 0.078 0.468v0.3c0.643-0.506 1.671-1.464 1.608-2.038-0.407 0.1-1.183 0.277-1.92 0.482 0.094 0.239 0.171 0.501 0.234 0.788m-1.906-0.146c-0.473 0.408-0.012 0.815 0.407 1.077 0.541 0.338 0.858 0.059 1.135-0.828-0.097-0.254-0.233-0.501-0.393-0.738-0.421 0.141-1.014 0.367-1.149 0.489\" fill=\"#fff\"><\/path><\/g><g transform=\"matrix(7.3042,0,0,-6.7531,687.36,635.95)\"><path d=\"m0 0c-0.583-0.547-0.809-2.327-0.69-2.434 0.118-0.107 1.94-0.772 2.225-0.916l0.13 0.536c0.868-0.843 1.83-5.049 2.044-5.061 0.214-0.011 0.524 0.476 0.727 1.593 0.187 1.036 0.374 2.586 0.569 3.848 0.182 1.155 0.465 1.816 1.107 1.948 0.643 0.13 1.119-0.761 1.285-1.367 0 0 0.451 1.165 0.547 1.889-0.107 0.381-1.107 1.817-1.927 1.342-0.821-0.476-1.335-2.491-1.501-3.751-0.167-1.258-0.295-2.818-0.497-3.068-0.212 1.074-0.891 2.996-1.711 4.076-0.922 1.21-2 1.654-2.308 1.365\" fill=\"#fff\"><\/path><\/g><g transform=\"matrix(7.3042,0,0,-6.7531,630.59,621.43)\"><path d=\"m0 0c0.761 0.226 2.474 0.51 3.294 0.973 0.773 0.392 2.092 2.304 2.604 3.017 0.511 0.713 0.512 1.071 0.382 1.26-0.523 0.31-3.902 0.617-5.532 0.18-0.45-0.329-1.331-2.092-1.461-2.461-0.132-0.367 0.048-0.344 0.594-0.214 0.547 0.132 3.14 0.061 4.078-0.153-0.391-0.298-3.043-1.747-3.567-2.092-0.522-0.344-0.654-0.546-0.392-0.51\" fill=\"#fff\"><\/path><\/g><g transform=\"matrix(7.3042,0,0,-6.7531,1778.1,690.36)\"><path d=\"m0 0c-0.078 2.137-1.046 5.418-4.726 10.452-1.27 1.738-3.057 4-4.942 6.317-0.052 0.79-0.104 1.512-0.151 2.132-0.247 3.189-1.084 9.695-1.444 13.541-0.088 0.97-0.095 2.002-0.082 2.541 0.013 0.428 0.298 0.371 0.69-0.069 0.392-0.439 0.996-1.08 1.122-1.036 0.268 0.1 0.035 1.071-0.5 2.222-0.534 1.153-2.553 5.816-2.924 5.997-0.191 0.092-1.143-2.646-1.202-3.206 0.189-0.344 0.677-0.879 0.724-2.436 0.05-1.556 0.918-10.746 1.417-16.537l0.027-0.323c-2.818 3.403-5.472 6.506-6.564 7.764-0.189 0.218-0.397 0.466-0.621 0.732-0.178 1.549-0.342 3.025-0.455 4.244-0.092 0.968-0.098 2.002-0.082 2.541 9e-3 0.427 0.296 0.369 0.688-0.071 0.394-0.439 0.996-1.08 1.122-1.034 0.268 0.098 0.035 1.069-0.501 2.222-0.533 1.153-2.638 5.923-3.011 6.104-0.189 0.092-1.185-2.864-1.244-3.42 0.191-0.346 0.678-0.881 0.726-2.438 0.019-0.661 0.178-2.665 0.39-5.194-1.868 2.401-3.697 4.915-3.827 5.426-0.046 0.252 0.349 0.097 1.08-0.031 0.728-0.126 1.411-0.363 1.294 0.027-0.055 0.181-0.333 0.633-1.03 1.101-0.698 0.467-2.486 1.677-3.816 2.531-1.333 0.855-1.993 1.574-2.268 1.369-0.136-0.101-0.015-3.032 0.063-3.395 0.335-0.033 0.954-0.302 1.348-0.872 0.398-0.57 2.946-4.434 4.961-7.047 0.58-0.752 1.488-1.918 2.551-3.264 0.208-2.407 0.426-4.894 0.606-6.972 0.409-4.74 1.879-17.241 1.893-21.304-1.085-1.101-3.304-2.637-5.587-2.669-2.283-0.031-3.535 0.619-4.455 2.455-0.284 0.569-0.548 1.141-0.81 1.659-0.622 1.231-2.01 1.922-3.348 1.583l-0.204-0.059-0.364-0.189c-0.906-0.513-1.843-1.373-2.759-2.707-1.584-2.314-2.596-4.824-3.768-6.998-1.221-2.264-2.158-3.783-4.3-3.42-1.508 0.256-2.653 1.655-3.359 3.376 1.983 1.484 3.423 3.42 4.476 6.103 1.371 3.487 1.86 7.418 1.738 11.838-0.117 4.16-1.87 13.947-2.333 17.698-0.462 3.753-1.126 6.833-1.049 7.634 0.072 0.773 1.21-1.047 1.793-1.183 0.298 0.072 0.138 1.233-0.428 2.214-0.384 0.667-1.6 3.701-2.396 5.164-0.374 0.692-0.464 1.093-0.638 1.175-0.172 0.085-1.497-2.976-1.337-3.309 0.392-0.606 0.66-0.895 0.742-1.981 0.084-1.086 0.992-9.058 1.786-14.929 0.598-4.43 1.919-12.477 2.089-18.425 0.056-1.941-0.2-3.334-0.422-4.112-0.57-1.192-1.499-2.516-4.763-5.029-0.504 3.551 0.044 6.436-0.434 6.703-0.539-0.063-0.625-1.718-0.686-3.76-0.03-0.943 8e-3 -2.249 0.172-3.652-4.009-2.898-9.305-5.537-11.792-6.946-1.459-0.828-0.933-1.021 0.302-0.608 1.235 0.415 8.022 2.34 11.645 4.401l0.39 0.234c0.184-0.691 0.407-1.36 0.681-1.977 1.219-2.74 2.961-4.367 4.848-4.208 1.587 0.132 2.738 1.969 3.742 4.16 1.015 2.218 2.73 6.43 4.412 7.997 0.646 0.604 1.314 1.082 1.964 1.369 0 0 1.149 0.415 2.206-0.332 0.379-0.27 0.662-0.654 0.841-1.084 0.417-0.987 0.91-2.243 1.918-3.295 1.776-1.85 4.632-1.468 6.774-0.392 2.139 1.077 3.231 2.757 3.707 4.753 0.812 3.415 0.682 6.914 0.527 10.022-0.179 3.547-0.703 7.172-1.001 11.013-0.096 1.235-0.283 2.953-0.498 4.816 2.086-2.604 4.252-5.247 5.566-6.692 0.453-0.499 0.931-1.053 1.422-1.638 0.392-5.814 0.769-13.089 0.968-16.142 0.197-3.042 0.07-6.866 0.047-7.531-0.024-0.665 0.318-0.551 0.809 0.925 0.658 1.981 1.071 7.176 0.927 10.621-0.086 2.047-0.275 5.779-0.479 9.309 1.619-2.081 3.156-4.182 4.156-5.6 1.778-2.518 3.411-5.512 3.982-7.38 0.57-1.87 0.633-2.424 0.744-2.757s0.602 1.031 0.524 3.168\" fill=\"#fff\"><\/path><\/g><\/g><path id=\"sword\" d=\"m1558.8 1170.7c-1.1729-3.3554-4.7649-5.8169-9.0607-5.8169s-7.8806 2.4615-9.0608 5.8169h-40.678c-0.4105-4.5128-0.01-9.0477 1.2683-13.465l83.981-0.051 2.3385 3.9414c2.1113 3.5531 4.7797 6.7619 7.8731 9.5751zm55.596-39.026h-100.92c7.7559-5.5971 11.824-13.766 10.732-22.029-0.6964-5.2089-5.8571-9.099-12.147-9.6264h-3.1596c-7.6532 0.7472-13.203 6.2637-12.396 12.322l0.3079 2.3297 0.3738 3.5824c0.4106 4.4982 0.015 9.0183-1.2535 13.421h-745.97c11.077 16.117 31.273 26 53.082 25.985l680.71-0.4178c-7.7852 5.6044-11.868 13.788-10.769 22.066 0.8064 6.0585 7.6533 10.374 15.307 9.6263 7.6459-0.7472 13.195-6.2637 12.396-12.33l-0.3079-2.3223h40.004c0.7037 3.9048 4.6037 6.9011 9.354 6.9011s8.6502-2.9963 9.3613-6.9011h40.693v-0.095c8.4963 6.0294 19.294 9.4946 30.716 9.4946 10.747 0 19.456-7.4652 19.456-16.681v-4.8205c0-16.842-15.922-30.506-35.569-30.506\" fill=\"#fff\"><\/path><\/g><\/svg>                                                            \n                                                            <span class=\"eael-tab-title title-after-icon\" >\u0645\u0644\u062e\u0635<\/span>                            \n                                                    <\/li>\n                    \n                                  <\/ul>\n            <\/div>\n            \n            <div class=\"eael-tabs-content\">\n\t\t        \n                    <div id=\"abstract-tab\" class=\"clearfix eael-tab-content-item active-default\" data-title-link=\"abstract-tab\">\n\t\t\t\t        <div id=\"bgLayers_comp-llnt573c1\" class=\"MW5IWV\">\n<div id=\"bgMedia_comp-llnt573c1\" class=\"VgO9Yg\">Based on material collected using mixed methods, this article analyses the knowledge and prevention practices of Ouagadougou traders concerning Covid-19. Their discourse is based on a conception which, by focusing on highly publicised patients (from the rich or supposedly wealthy classes), reinforces the idea of a pathology of the \u201crich\u201d, a \u201cdisease of the snow\u201d, \u201cof the cold\u201d, and of \u201cair conditioning\u201d. Covid-19 is then perceived as a disease of the West, with its cold climate, its rich, whose equivalents in Burkina Faso are the civil servant cadres and businesspeople who have a favourable economic situation and use air conditioning on a daily basis. The reconfiguration of citizen interactions pits two types of citizens in opposition to each other. On the one hand, the agents of the state acting as dominant actors, predators of resources, and even local representatives of the West, and on the other hand, those left behind, the dominated who suffer the measures recommended by the dominant. This construction of the risk linked to Covid-19 leads to a trivialisation of the pathology in the markets, and, consequently to the contestation of the official protective measures. Demonstrations against the closure of markets, places of worship and land borders are a form of condemnation of the passivity of a state seen to be dominated by the West. It reflects a mistrust, fuelled by the unequal power relations between the North and the South around global health.       <\/div>\n<\/div>\n<div class=\"\">\n<div>\n<div id=\"comp-llnt573f1__a6069b73-d1c2-43fd-a518-e68918de3c2f\" class=\"HcOXKn c9GqVL QxJLC3 lq2cno comp-llnt573f1 wixui-rich-text\">\n<h5> <\/h5>\n<h5 class=\"font_8 wixui-rich-text__text\">Keywords<\/h5>\n<p class=\"font_8 wixui-rich-text__text\">Covid-19, traders, markets, West, State, Ouagadougou<\/p>\n<\/div>\n<\/div>\n<\/div>\n                    <\/div>\n\t\t        \n                    <div id=\"rsum-tab\" class=\"clearfix eael-tab-content-item inactive\" data-title-link=\"rsum-tab\">\n\t\t\t\t        <p class=\"font_8 wixui-rich-text__text\">A\u0300 partir de mate\u0301riaux recueillis selon une me\u0301thode mixte, cet article se propose d\u2019analyser les connaissances et les pratiques de pre\u0301vention concernant la Covid-19 chez les commerc\u0327ants de Ouagadougou. Leurs discours reposent sur une conception qui, en se focalisant sur les malades me\u0301diatise\u0301s (issus des classes aise\u0301es ou cense\u0301s l\u2019e\u0302tre), renforce l\u2019ide\u0301e d\u2019une pathologie des \u00ab riches \u00bb, d\u2019une \u00ab maladie de la neige \u00bb, \u00ab du froid \u00bb, et de la \u00ab climatisation \u00bb. La Covid-19 est perc\u0327ue alors comme une maladie de l\u2019Occident, avec son climat froid, ses riches, dont les e\u0301quivalents au Burkina Faso sont les \u00ab fonctionnaires \u00bb et les hommes d\u2019affaires qui ont une situation e\u0301conomique favorable et utilisent au quotidien la climatisation. La reconfiguration des rapports de citoyennete\u0301 va mettre en vis-a\u0300-vis deux types de citoyens : d\u2019un co\u0302te\u0301, les agents de l\u2019E\u0301tat agissant comme des acteurs dominants, des pre\u0301dateurs de ressources, voire des repre\u0301sentants locaux de l\u2019Occident et, de l\u2019autre co\u0302te\u0301, les laisse\u0301s-pour-compte, les domine\u0301s qui subissent les mesures pre\u0301conise\u0301es par les dominants. Cette construction du risque lie\u0301 a\u0300 la Covid-19 entrai\u0302nera une banalisation de la pathologie dans les marche\u0301s, puis la contestation des mesures de protection. Les manifestations contre les fermetures des marche\u0301s, des lieux de culte et des frontie\u0300res terrestres sont une forme de de\u0301nonciation de la passivite\u0301 de l\u2019E\u0301tat domine\u0301 par l\u2019Occident. Celle-ci traduit une me\u0301fiance, une de\u0301fiance alimente\u0301e par les rapports d\u2019ine\u0301galite\u0301 de pouvoir entre le Nord et le Sud autour de la sante\u0301 globale.      <\/p>\n<h5 class=\"font_8 wixui-rich-text__text\"><strong class=\"wixui-rich-text__text\">Mots-cl\u00e9s<\/strong><\/h5>\n<p class=\"font_8 wixui-rich-text__text\">Covid-19, commer\u00e7ants, march\u00e9s, Occident, \u00c9tat, Ouagadougou<\/p>\n                    <\/div>\n\t\t        \n                    <div id=\"muhtasari-tab\" class=\"clearfix eael-tab-content-item inactive\" data-title-link=\"muhtasari-tab\">\n\t\t\t\t        <p>\/\/\/\n <\/p>\n                    <\/div>\n\t\t        \n                    <div id=\"-tab\" class=\"clearfix eael-tab-content-item inactive\" data-title-link=\"-tab\">\n\t\t\t\t        <p>\/\/\/<\/p>\n                    <\/div>\n\t\t                    <\/div>\n        <\/div>\n\t\t\t\t<\/div>\n\t\t\t\t<\/div>\n\t\t\t\t<div class=\"elementor-element elementor-element-ff89d56 elementor-widget elementor-widget-text-editor\" data-id=\"ff89d56\" data-element_type=\"widget\" data-e-type=\"widget\" data-widget_type=\"text-editor.default\">\n\t\t\t\t<div class=\"elementor-widget-container\">\n\t\t\t\t\t\t\t\t\t<div id=\"bgLayers_comp-li5pzpqr\" class=\"MW5IWV\" data-hook=\"bgLayers\" data-motion-part=\"BG_LAYER\"><h2 id=\"bgMedia_comp-li5pzpqr\" class=\"VgO9Yg\" data-motion-part=\"BG_MEDIA\">Introduction<\/h2><\/div><div class=\"\" data-mesh-id=\"comp-li5pzpqrinlineContent\" data-testid=\"inline-content\"><div data-mesh-id=\"comp-li5pzpqrinlineContent-gridContainer\" data-testid=\"mesh-container-content\"><div id=\"comp-li5pzpqt\" class=\"TWFxr5 \"><div class=\"comp-li5pzpqt\"><div class=\"sGWYken comp-li5pzpqt\" data-hook=\"ricosviewer-wrapper\"><div class=\"nIlW2\" dir=\"ltr\" data-id=\"content-viewer\"><div class=\"C0hbR\"><div class=\"av0i6\"><p id=\"viewer-yhojl365866\" class=\"_1LEAZ A-ZZ4 _6Vwzd HjRUP\" dir=\"auto\"><span class=\"-EZUV _6Vwzd\">Le Burkina Faso a enregistr\u00e9 21\u2009128 cas positifs de Covid-19, soit 955 cas pour 1\u2009000\u2009000 habitants au 21 ao\u00fbt 2022. \u00c0 cette date, les d\u00e9c\u00e8s se chiffraient \u00e0 387, soit 17,51 cas pour 1\u2009000\u2009000 habitants (Johns Hopkins University, 2022). Ouagadougou, avec une population de 2\u2009415\u2009266 individus et une densit\u00e9 de 1\u2009014 habitants au kilom\u00e8tre carr\u00e9 (INSD, 2022), cumule 84,2 % des cas de Covid-19 (Kobian\u00e9 et al<em>., <\/em>2020). Les directives internationales de l\u2019OMS ont servi de r\u00e9f\u00e9rentiel \u00e0 l\u2019\u00e9laboration du plan de riposte contre la Covid-19, avec la cr\u00e9ation d\u2019un Comit\u00e9 national plac\u00e9 directement sous la responsabilit\u00e9 du Premier ministre. Son secr\u00e9tariat ex\u00e9cutif, dirig\u00e9 par deux officiers sup\u00e9rieurs de l\u2019arm\u00e9e, donne un visage militaire \u00e0 la lutte contre la Covid-19. La police et la gendarmerie se chargent de superviser le respect du couvre-feu. Les commissariats de police dans les march\u00e9s sont mis \u00e0 contribution pour y assurer une police sanitaire. L\u2019option de lier les actions de sant\u00e9 publique \u00e0 la s\u00e9curit\u00e9 nationale est clairement adopt\u00e9e par l\u2019autorit\u00e9 publique. Le Centre des op\u00e9rations de r\u00e9ponse aux urgences sanitaires (CORUS), plac\u00e9 sous la responsabilit\u00e9 du minist\u00e8re de la Sant\u00e9, assure la gestion op\u00e9rationnelle de la lutte contre l\u2019\u00e9pid\u00e9mie.\u00a0<\/span>Le pays a une \u00e9conomie essentiellement rurale et informelle, caract\u00e9ris\u00e9e par 52,8 % de travailleurs ind\u00e9pendants, dont 31,3 % dans des entreprises familiales, et 12 % de salari\u00e9s. Les principaux secteurs \u00e9conomiques \u00e0 Ouagadougou sont les activit\u00e9s de fabrication (14,6 %), le commerce en d\u00e9tail (15,6 %) et en gros (8,2 %), le transport (5,8 %), la r\u00e9paration automobile (5,7 %), la construction (5,9 %) et les activit\u00e9s sp\u00e9ciales de m\u00e9nage (4,6 %) (INSD, 2022). D\u00e8s l\u2019annonce des premiers cas positifs, le 9 mars 2020, plusieurs mesures ont \u00e9t\u00e9 prises par le gouvernement pour interrompre la transmission. La fermeture des march\u00e9s et <em>\u00ab\u2009yaars\u2009\u00bb<\/em>1 , des fronti\u00e8res a\u00e9riennes, terrestres, ferroviaires, l\u2019instauration d\u2019un couvre-feu et la mise en quarantaine des villes infect\u00e9es sont annonc\u00e9es le 21 mars 2020. Cette situation implique de s\u2019interroger sur les effets de la Covid-19 sur le secteur informel. Comment les acteurs \u00e9conomiques des march\u00e9s de la capitale ont-ils v\u00e9cu la Covid-19\u2009? Trois raisons rendent cette question pertinente.\u00a0<\/p><p id=\"viewer-yhojl365866\" class=\"_1LEAZ A-ZZ4 _6Vwzd HjRUP\" dir=\"auto\">D\u2019abord, les effets \u00e9conomiques de la Covid-19 sur la vuln\u00e9rabilit\u00e9 financi\u00e8re des m\u00e9nages ont \u00e9t\u00e9 parfois sous-estim\u00e9s. Pourtant, les travaux men\u00e9s au Bangladesh, au Nigeria, au Kenya et au Pakistan montrent que les personnes n\u2019ayant pas de travail fixe et logeant dans les bidonvilles ont \u00e9t\u00e9 rendues tr\u00e8s vuln\u00e9rables \u00e0 la Covid-19. En outre, pour les membres des familles vivant dans la promiscuit\u00e9, sans un bon acc\u00e8s \u00e0 l\u2019eau, le respect des mesures de distanciation sociale et sanitaire \u00e9tait impensable (\u00c9boko &amp; Schlimmer, 2020\u2009; Jones, 2022). Ensuite, des contestations publiques, passives ou actives, ont jalonn\u00e9 l\u2019histoire de la lutte contre les \u00e9pid\u00e9mies. L\u2019histoire de la peste en France et au S\u00e9n\u00e9gal, \u00e0 deux \u00e9poques tr\u00e8s \u00e9loign\u00e9es l\u2019une de l\u2019autre, a mis en \u00e9vidence de fortes similitudes dans les strat\u00e9gies de riposte \u00e0 la peste et l\u2019attitude des hommes face aux mesures de pr\u00e9vention. Lors de l\u2019\u00e9pid\u00e9mie de peste de 1666 en France, la mise en \u0153uvre de la prophylaxie collective et le contr\u00f4le de la circulation des vecteurs ont conduit \u00e0 un blocage de la circulation des hommes et des marchandises, avec l\u2019instauration d\u2019un \u00ab\u2009billet de sant\u00e9\u2009\u00bb. L\u2019interdiction de circuler a \u00e9t\u00e9 per\u00e7ue par les populations comme une brimade, particuli\u00e8rement dans les zones commerciales o\u00f9 il y a eu un ralentissement des activit\u00e9s commerciales (Revel, 2015). Trois si\u00e8cles plus tard, en 1917, \u00e0 Saint-Louis du S\u00e9n\u00e9gal, on retrouve \u00e0 peu pr\u00e8s les m\u00eames mesures de pr\u00e9vention et les r\u00e9actions similaires des habitants. Les restrictions de d\u00e9placement et l\u2019interdiction des ablutions effectu\u00e9es dans les lieux publics avec les m\u00eames ustensiles ont \u00e9t\u00e9 jug\u00e9es arbitraires et contraires \u00e0 leurs valeurs religieuses et \u00e0 leurs normes culturelles par les populations, qui s\u2019y sont oppos\u00e9es par des manifestations publiques pacifiques, puis violentes. En r\u00e9action, le colonisateur a proc\u00e9d\u00e9 \u00e0 l\u2019arrestation des leaders et a interdit \u00e0 leurs \u00e9pouses de vendre le poisson au march\u00e9. En retour, les femmes ont d\u00e9fil\u00e9 dans les rues pour manifester contre ces restrictions de vente (Ngalamulume, 2006).<\/p><p id=\"viewer-o5v9b365872\" class=\"_1LEAZ A-ZZ4 _6Vwzd HjRUP\" dir=\"auto\"><span class=\"-EZUV _6Vwzd\">Enfin, les travaux sur les \u00e9pid\u00e9mies dans les pays du Sud montrent le caract\u00e8re inadapt\u00e9 des directives internationales (Kerouedan, 2014\u2009; Gaudilli\u00e8re et al., 2020\u2009; Al Dahdah et al., 2021). Ces r\u00e9flexions soul\u00e8vent la question de la gestion de la sant\u00e9 publique internationale, sous les traits de la \u00ab\u2009sant\u00e9 globale\u2009\u00bb. Elle appara\u00eet comme un nouveau concept qui succ\u00e8de aux anciens concepts de \u00ab\u2009sant\u00e9 internationale\u2009\u00bb et avant cela, \u00e0 ceux de \u00ab\u2009m\u00e9decine tropicale\u2009\u00bb ou de \u00ab\u2009m\u00e9decine coloniale\u2009\u00bb (Al Dahdah et al., 2021, p. 15). Sa naissance remonte \u00e0 la D\u00e9claration d\u2019Alma-Ata en 1978 \u00e0 travers le lancement de la strat\u00e9gie des soins de sant\u00e9 primaires (SSP). Elle va s\u2019institutionnaliser dans la d\u00e9cennie 1985-1995 dans les institutions internationales qui seront le cerveau de la formulation des directives internationales en mati\u00e8re de sant\u00e9. Le rapport co\u00fbt\/b\u00e9n\u00e9fice devient un indicateur de choix des interventions en sant\u00e9. La sant\u00e9 globale fera l\u2019objet de vives critiques d\u00e9non\u00e7ant son inefficacit\u00e9 dans les \u00e9pid\u00e9mies \u00e9mergentes (Al Dahdah et al., 2021\u2009; Gaudilli\u00e8re et al., 2020). Ainsi, une enqu\u00eate, conduite dans les march\u00e9s de Ouagadougou aupr\u00e8s des acteurs \u00e9conomiques rendus vuln\u00e9rables par les effets des mesures de pr\u00e9vention, permet de saisir l\u2019expression de ces tensions entre modes de gestion des \u00e9pid\u00e9mies et formes de critique inscrites dans une perception des in\u00e9galit\u00e9s sociales et g\u00e9opolitiques.\u00a0<\/span>Apr\u00e8s avoir d\u00e9crit la m\u00e9thodologie, nous pr\u00e9senterons les connaissances des commer\u00e7ants sur la Covid-19, desquelles \u00e9mergent les discours critiques, r\u00e9v\u00e9lateurs de la r\u00e9alit\u00e9 de leurs rapports \u00e0 l\u2019\u00c9tat et \u00e0 ses \u00e9lites locales : rapports faits de d\u00e9fiance vis-\u00e0-vis de l\u2019autorit\u00e9 de l\u2019\u00c9tat et de d\u00e9nonciation de la corruption et de l\u2019enrichissement illicite des repr\u00e9sentants de l\u2019\u00c9tat au travers de la manne r\u00e9colt\u00e9e pour la riposte contre la Covid-19. Les discours et pratiques de pr\u00e9vention ouvrent la r\u00e9flexion sur la sant\u00e9 globale en contexte d\u2019urgence sanitaire.<\/p><h2 id=\"viewer-3ze7x365876\" class=\"a5A3t A-ZZ4 _6Vwzd HjRUP\" dir=\"auto\"><span class=\"-EZUV _6Vwzd\">Approche m\u00e9thodologique<\/span><\/h2><p id=\"viewer-w5dlz365878\" class=\"_1LEAZ A-ZZ4 _6Vwzd HjRUP\" dir=\"auto\"><span class=\"-EZUV _6Vwzd\">Les donn\u00e9es ont \u00e9t\u00e9 produites gr\u00e2ce \u00e0 une approche mixte combinant enqu\u00eate par questionnaire et enqu\u00eate \u00e0 l\u2019aide d\u2019un guide d\u2019entretien avec des acteurs essentiels du secteur informel et de l\u2019administration publique impliqu\u00e9s dans la lutte contre la propagation de la maladie. La collecte des donn\u00e9es a eu lieu au mois de mars 2021. <\/span><\/p><h3><span class=\"-EZUV _6Vwzd\">Collecte des donn\u00e9es quantitatives<\/span><\/h3><div id=\"viewer-2wu8b7366\" class=\"o0STb GF80u _6Vwzd HjRUP\" dir=\"auto\"><span class=\"-EZUV _6Vwzd\">Le volet quantitatif a concern\u00e9 350 commer\u00e7ants r\u00e9partis dans cinq march\u00e9s de la capitale du Burkina Faso, Ouagadougou. Ces march\u00e9s ont deux statuts : ceux qui sont am\u00e9nag\u00e9s et g\u00e9r\u00e9s par la municipalit\u00e9 de la capitale (grand march\u00e9 \u00ab\u2009Rood Woko\u2009\u00bb et march\u00e9 du 10 \u00ab\u200910 yaar\u2009\u00bb) et ceux qui sont g\u00e9r\u00e9s par les associations de commer\u00e7ants (march\u00e9 de Cissin, march\u00e9 de To\u00e9ssin et march\u00e9 de la Zone 1). Les donn\u00e9es quantitatives ont \u00e9t\u00e9 collect\u00e9es \u00e0 l\u2019aide du logiciel Kobocollect.\u00a0<\/span><\/div><div id=\"viewer-2wu8b7366\" class=\"o0STb GF80u _6Vwzd HjRUP\" dir=\"auto\"><span class=\"-EZUV _6Vwzd\">Les caract\u00e9ristiques sociod\u00e9mographiques des enqu\u00eat\u00e9s sont dans Tableau 1 : <\/span><\/div><div id=\"viewer-0ea8y9954\" class=\"o0STb GF80u joYDm HjRUP\" dir=\"auto\">\u00a0<\/div><div id=\"viewer-sj5j89953\" class=\"-O-wI\"><div class=\"peFtv hxhTK\"><figure class=\"yrpQK\" tabindex=\"0\" role=\"button\" data-hook=\"imageViewer\" aria-haspopup=\"true\"><figure id=\"attachment_16158\" aria-describedby=\"caption-attachment-16158\" style=\"width: 827px\" class=\"wp-caption aligncenter\"><img decoding=\"async\" class=\"wp-image-16158 size-full\" src=\"https:\/\/www.globalafricasciences.org\/wp-content\/uploads\/2025\/10\/526d98_3ec312a38a3145f3b2320cd144076d1emv2.jpg\" alt=\"\" width=\"827\" height=\"725\" \/><figcaption id=\"caption-attachment-16158\" class=\"wp-caption-text\">Tableau 1 : Re\u0301partition des enque\u0302te\u0301s selon le sexe, l\u2019a\u0302ge et le niveau d\u2019e\u0301tudes<\/figcaption><\/figure><div id=\"sj5j89953\" class=\"YgO18 _7cQp8 MYYaD\">\u00a0<\/div><\/figure><\/div><\/div><div id=\"viewer-7uk5m365888\" class=\"o0STb GF80u _6Vwzd HjRUP\" dir=\"auto\">\u00a0<\/div><p id=\"viewer-v9q3c365920\" class=\"_1LEAZ A-ZZ4 _6Vwzd HjRUP\" dir=\"auto\"><span class=\"-EZUV _6Vwzd\">Le tableau montre la forte concentration de la population enqu\u00eat\u00e9e dans les tranches d\u2019\u00e2ge 25-35 ans et 36-45 ans, qui repr\u00e9sentent 69,7 % de la population enqu\u00eat\u00e9e. Les populations les plus \u00e0 risque \u00e0 l\u2019\u00e9gard de la Covid-19, qui sont les personnes de plus de 60 ans, y repr\u00e9sentent seulement 1,7 %, contre 60,8 % de personnes de moins de 35 ans \u2013 les moins touch\u00e9es par cette pand\u00e9mie.\u00a0<\/span>L\u2019enqu\u00eate a aussi choisi de diversifier les enqu\u00eat\u00e9s selon leur statut \u00e9conomique. Ainsi, la composition de la population enqu\u00eat\u00e9e traduit la diversit\u00e9 des acteurs du march\u00e9, soulignant que le groupe des commer\u00e7ants n\u2019est pas homog\u00e8ne.<\/p><p id=\"viewer-2vwn9365922\" class=\"_1LEAZ A-ZZ4 _6Vwzd HjRUP\" dir=\"auto\"><span class=\"-EZUV _6Vwzd\">En effet, dans le march\u00e9, on retrouve des propri\u00e9taires de boutiques, des employ\u00e9s, des d\u00e9marcheurs, mais aussi des visiteurs, comme l\u2019illustre le tableau no 2.<\/span><\/p><figure id=\"attachment_16159\" aria-describedby=\"caption-attachment-16159\" style=\"width: 774px\" class=\"wp-caption aligncenter\"><img decoding=\"async\" class=\"wp-image-16159 size-full\" src=\"https:\/\/www.globalafricasciences.org\/wp-content\/uploads\/2025\/10\/526d98_9c07940aba554568b5e0fd8f0cabd008mv2.jpg\" alt=\"\" width=\"774\" height=\"333\" \/><figcaption id=\"caption-attachment-16159\" class=\"wp-caption-text\">Tableau 2 : R\u00e9partition des enqu\u00eat\u00e9s selon leur statut \u00e9conomique dans les march\u00e9s.<\/figcaption><\/figure><div id=\"viewer-6mffw70656\" class=\"-O-wI\"><div class=\"peFtv hxhTK\"><figure class=\"yrpQK\" tabindex=\"0\" role=\"button\" data-hook=\"imageViewer\" aria-haspopup=\"true\"><div id=\"6mffw70656\" class=\"YgO18 _7cQp8 MYYaD\">\u00a0<\/div><\/figure><\/div><\/div><p id=\"viewer-95bbm365938\" class=\"_1LEAZ A-ZZ4 _6Vwzd HjRUP\" dir=\"auto\"><span class=\"-EZUV _6Vwzd\">Les propri\u00e9taires des boutiques repr\u00e9sentent la majorit\u00e9 des enqu\u00eat\u00e9s, avec 51 %, suivis des employ\u00e9s (34 %). Les employ\u00e9s et les \u00ab\u2009d\u00e9marcheurs\u2009\u00bb constituent une population vuln\u00e9rable sur le plan \u00e9conomique, avec des emplois instables. <\/span><\/p><h3 id=\"viewer-icphf365940\" class=\"a5A3t A-ZZ4 _6Vwzd HjRUP\" dir=\"auto\"><span class=\"-EZUV _6Vwzd\">La collecte des donn\u00e9es qualitatives<\/span><\/h3><p id=\"viewer-y427c365942\" class=\"_1LEAZ A-ZZ4 _6Vwzd HjRUP\" dir=\"auto\"><span class=\"-EZUV _6Vwzd\">Le second volet de la collecte des donn\u00e9es a \u00e9t\u00e9 la r\u00e9alisation d\u2019entretiens semi-directifs aupr\u00e8s des diff\u00e9rents acteurs. Son objectif \u00e9tait d\u2019arriver \u00e0 saisir les repr\u00e9sentations et les strat\u00e9gies des acteurs face \u00e0 la maladie. Il a concern\u00e9 des propri\u00e9taires de boutiques, mais aussi des acteurs administratifs des march\u00e9s et des agents de la police municipale ayant concouru au respect des mesures barri\u00e8res dans les march\u00e9s et yaars. Les commer\u00e7ants ont \u00e9t\u00e9 interview\u00e9s dans les march\u00e9s. Les acteurs institutionnels (police, gestionnaires des march\u00e9s, responsables des associations de commer\u00e7ants) l\u2019ont \u00e9t\u00e9 dans leurs locaux. L\u2019enqu\u00eate qualitative a concern\u00e9 31 personnes r\u00e9parties comme suit : <\/span><\/p><div id=\"viewer-r4njl11902\" class=\"o0STb GF80u _6Vwzd HjRUP\" dir=\"auto\"><figure id=\"attachment_16160\" aria-describedby=\"caption-attachment-16160\" style=\"width: 770px\" class=\"wp-caption aligncenter\"><img loading=\"lazy\" decoding=\"async\" class=\"wp-image-16160 size-full\" src=\"https:\/\/www.globalafricasciences.org\/wp-content\/uploads\/2025\/10\/526d98_920073fb878a4af58b50ac12ae139e85mv2.jpg\" alt=\"\" width=\"770\" height=\"427\" \/><figcaption id=\"caption-attachment-16160\" class=\"wp-caption-text\">Tableau 3 : Profil des enqu\u00eat\u00e9s durant l&rsquo;enqu\u00eate qualitative<\/figcaption><\/figure><\/div><h2 id=\"viewer-j5d3w365946\" class=\"a5A3t A-ZZ4 _6Vwzd HjRUP\" dir=\"auto\"><span class=\"-EZUV _6Vwzd\">R\u00e9sultats<\/span><\/h2><h3 id=\"viewer-r3khh365962\" class=\"a5A3t A-ZZ4 _6Vwzd HjRUP\" dir=\"auto\"><span class=\"-EZUV _6Vwzd\">L\u2019invisibilit\u00e9 de l\u2019\u00e9pid\u00e9mie de la Covid-19 dans les march\u00e9s<\/span><\/h3><p id=\"viewer-padjj365964\" class=\"_1LEAZ A-ZZ4 _6Vwzd HjRUP\" dir=\"auto\"><span class=\"-EZUV _6Vwzd\">Le 9 mars 2020, le Burkina Faso d\u00e9couvre les premiers cas positifs de Covid-19\u2009; il s\u2019agit d\u2019un couple de pasteurs \u00e9vang\u00e9listes revenant d\u2019une campagne d\u2019\u00e9vang\u00e9lisation en France. Apr\u00e8s les atermoiements de l\u2019\u00c9tat, qui se refuse \u00e0 d\u00e9voiler l\u2019identit\u00e9 de ces cas z\u00e9ro, les citoyens d\u00e9couvrent l\u2019identit\u00e9 du couple \u00e0 travers les r\u00e9seaux sociaux.\u00a0<\/span>Le Comite\u0301 national livre pe\u0301riodiquement dans les me\u0301dias un compte rendu du nombre de cas de contamination et de de\u0301ce\u0300s au sein de la population. Une catastrophe sanitaire est annonce\u0301e a\u0300 partir des estimations des chercheurs. Leur pre\u0301vision envisage 9 millions de cas avec 850 000 de\u0301ce\u0300s, et le pic e\u0301pide\u0301mique serait atteint en avril 2020. Une intervention efficace pourrait stabiliser l\u2019e\u0301pide\u0301mie a\u0300 1 200 cas avec 100 de\u0301ce\u0300s par jour (Guiro et al., 2020). Cependant, pour les acteurs des marche\u0301s, la Covid-19 n\u2019existe qu\u2019a\u0300 travers les malades me\u0301diatise\u0301s issus des e\u0301lites locales, a\u0300 savoir les ministres, les ambassadeurs et les hauts fonctionnaires.<\/p><p id=\"viewer-5mcq96441\" class=\"_1LEAZ A-ZZ4 _6Vwzd HjRUP\" dir=\"auto\"><span class=\"-EZUV _6Vwzd\">L\u2019invisibilite\u0301 de la menace dans la vie quotidienne des commerc\u0327ants est traduite par l\u2019un d\u2019eux en ces termes : <\/span><\/p><div id=\"viewer-1un2k365966\" dir=\"ltr\"><blockquote class=\"_5-ovX\"><div id=\"viewer-4qxbk2225\" class=\"_6Vwzd HjRUP\" dir=\"auto\"><span class=\"B-fpk _6Vwzd\">Aucun commer\u00e7ant ni un membre de sa famille que je connais n\u2019a \u00e9t\u00e9 infect\u00e9. Je n\u2019ai jamais m\u00eame vu une personne infect\u00e9e\u2009; c\u2019est un mensonge d\u2019\u00c9tat, un genre de business de l\u2019\u00c9tat. Le march\u00e9 est plein de gens qui viennent, mais personne n\u2019a jamais confirm\u00e9 qu\u2019un membre de sa famille est infect\u00e9\u2026 et n\u2019a jamais entendu, dans leur entourage\u2009; nous avons aussi appris qu\u2019une femme serait d\u00e9c\u00e9d\u00e9e de la maladie, selon les propos du gouvernement, mais sa famille dit le contraire. Aussi, ils ont dit que des Chinois sont venus pour soigner la maladie, mais n\u2019ont m\u00eame pas fait plus d\u2019une semaine, et sont repartis en disant qu\u2019il n\u2019y a pas la maladie au Burkina Faso. Tout justifie que les gens ne croient plus aux dires de l\u2019\u00c9tat \u00e0 propos de la maladie\u2009; les gens doutent de la v\u00e9racit\u00e9 des propos du gouvernement sur la maladie. [Commer\u00e7ant, march\u00e9 Rood Woko] <\/span><\/div><\/blockquote><\/div><p id=\"viewer-4xi49365968\" class=\"_1LEAZ A-ZZ4 _6Vwzd HjRUP\" dir=\"auto\"><span class=\"-EZUV _6Vwzd\">Une autre commer\u00e7ante ajoute :<\/span><\/p><div id=\"viewer-0t5mp365970\" dir=\"ltr\"><blockquote class=\"_5-ovX\"><div id=\"viewer-h9bgt41440\" class=\"_6Vwzd HjRUP\" dir=\"auto\"><span class=\"B-fpk _6Vwzd\">On a dit \u00ab\u2009d\u2019\u00e9viter le rapprochement\u2009\u00bb\u2009; donc on \u00e9tait confin\u00e9 \u00e0 la maison et m\u00eame quand on avait de la visite, on a peur de recevoir la personne. \u00c0 propos du nombre de d\u00e9c\u00e8s annonc\u00e9, rien n\u2019a \u00e9t\u00e9 signal\u00e9 chez nous. Nous n\u2019avons point vu \u00e0 notre niveau un cas suspect. [Commer\u00e7ante, march\u00e9 Rood Woko] <\/span><\/div><\/blockquote><\/div><p id=\"viewer-emjsr365972\" class=\"_1LEAZ A-ZZ4 _6Vwzd HjRUP\" dir=\"auto\"><span class=\"-EZUV _6Vwzd\">Au cours d\u2019un autre entretien, l\u2019enqu\u00eateur demande \u00e0 une commer\u00e7ante si elle conna\u00eet une personne infect\u00e9e dans son milieu\u2009; sa r\u00e9ponse est exclamative : non\u2009! Elle ajoute qu\u2019abstraction faite de la t\u00e9l\u00e9vision et des r\u00e9seaux sociaux, elle ne conna\u00eet pas un seul malade. Elle \u00e9met m\u00eame des doutes sur l\u2019existence de la maladie parmi les pauvres. Pour elle, il s\u2019agit d\u2019une maladie de l\u2019Europe. Elle d\u00e9clare ceci : <\/span><\/p><div id=\"viewer-6ftbc365974\" dir=\"ltr\"><blockquote class=\"_5-ovX\"><div id=\"viewer-ytnd441441\" class=\"_6Vwzd HjRUP\" dir=\"auto\"><span class=\"B-fpk _6Vwzd\">Lorsque l&rsquo;on dit qu&rsquo;elle existe, au fait, cette maladie d&rsquo;Europe qui fait souffrir les Blancs ne peut pas avoir un grand effet sur nous les Africains. En ce qui concerne les maladies de l&rsquo;Afrique [ayant une incidence et une pr\u00e9valence tr\u00e8s \u00e9lev\u00e9es]\u2026 parmi tant d&rsquo;autres, la tuberculose, qui n&rsquo;est pas \u00e0 confondre avec la maladie des Blancs. Mais les pays de l&rsquo;Afrique poss\u00e9dant la neige sont beaucoup plus touch\u00e9s. Avec ce soleil, cette chaleur [qui] nous accable, cette maladie ne peut r\u00e9sister. [Commer\u00e7ante, 10 <i>yaar<\/i>] <\/span><\/div><\/blockquote><\/div><p id=\"viewer-4tff3365976\" class=\"_1LEAZ A-ZZ4 _6Vwzd HjRUP\" dir=\"auto\"><span class=\"-EZUV _6Vwzd\">Les discours sur l\u2019invisibilit\u00e9 de la maladie, voire son inexistence, fondent leur l\u00e9gitimit\u00e9 sur deux arguments. D\u2019abord, la focalisation des m\u00e9dias sur les malades issus des classes ais\u00e9es renforce l\u2019id\u00e9e d\u2019une pathologie des \u00ab\u2009riches\u2009\u00bb, une \u00ab\u2009maladie de la neige\u2009\u00bb, \u00ab\u2009du froid\u2009\u00bb et de la \u00ab\u2009climatisation\u2009\u00bb. Ensuite, la faible capacit\u00e9 de d\u00e9pistage au d\u00e9but de l\u2019\u00e9pid\u00e9mie a donn\u00e9 naissance \u00e0 des controverses publiques sur l\u2019identification de la maladie. Un seul laboratoire \u00e9tait capable de confirmer les cas positifs dans un d\u00e9lai minimal de 72 heures.\u00a0<\/span><\/p><p id=\"viewer-4tff3365976\" class=\"_1LEAZ A-ZZ4 _6Vwzd HjRUP\" dir=\"auto\"><span class=\"-EZUV _6Vwzd\">C\u2019est ainsi que la mort d\u2019une d\u00e9put\u00e9e de l\u2019Assembl\u00e9e nationale a \u00e9t\u00e9 au centre de d\u00e9clarations contradictoires\u2009; celles de la famille s\u2019opposant \u00e0 celles du minist\u00e8re de la Sant\u00e9, sur la cause de son d\u00e9c\u00e8s. Au moment o\u00f9 la famille parle de diab\u00e8te connu et sous traitement, le minist\u00e8re en fait le premier cas de d\u00e9c\u00e8s d\u00fb \u00e0 la Covid-19 lors de sa conf\u00e9rence publique (Douce, 2020). Cette querelle vient renforcer le scepticisme des commer\u00e7ants quant \u00e0 la r\u00e9alit\u00e9 de la maladie.\u00a0<\/span><\/p><p id=\"viewer-4tff3365976\" class=\"_1LEAZ A-ZZ4 _6Vwzd HjRUP\" dir=\"auto\"><span class=\"-EZUV _6Vwzd\">\u00c0 d\u00e9faut d\u2019une exp\u00e9rience individuelle de la maladie, l\u2019influence des m\u00e9dias et des campagnes de sensibilisation de masse semble avoir produit chez les commer\u00e7ants des connaissances objectiv\u00e9es sur la maladie. <\/span><\/p><h3 id=\"viewer-bqfw6365978\" class=\"a5A3t A-ZZ4 _6Vwzd HjRUP\" dir=\"auto\"><span class=\"-EZUV _6Vwzd\">Les savoirs objectiv\u00e9s sur la Covid-19 chez les acteurs des march\u00e9s<\/span><\/h3><p id=\"viewer-5xc6t365980\" class=\"_1LEAZ A-ZZ4 _6Vwzd HjRUP\" dir=\"auto\"><span class=\"-EZUV _6Vwzd\">Les savoirs objectiv\u00e9s apparaissent ainsi dans les discours des acteurs du march\u00e9. Modes de contamination et mesures de protection semblent \u00eatre bien connus et r\u00e9cit\u00e9s parfois de mani\u00e8re m\u00e9canique. Le tableau suivant r\u00e9capitule les opinions : <\/span><\/p><div id=\"viewer-v499a11062\" class=\"o0STb GF80u joYDm HjRUP\" dir=\"auto\">\u00a0<\/div><div id=\"viewer-u653o11061\" class=\"-O-wI\"><div class=\"peFtv hxhTK\"><figure class=\"yrpQK\" tabindex=\"0\" role=\"button\" data-hook=\"imageViewer\" aria-haspopup=\"true\"><figure id=\"attachment_16165\" aria-describedby=\"caption-attachment-16165\" style=\"width: 772px\" class=\"wp-caption aligncenter\"><img loading=\"lazy\" decoding=\"async\" class=\"wp-image-16165 size-full\" src=\"https:\/\/www.globalafricasciences.org\/wp-content\/uploads\/2025\/10\/526d98_c0338c1f00fc43c2aea874f04161caaamv2.jpg\" alt=\"\" width=\"772\" height=\"543\" \/><figcaption id=\"caption-attachment-16165\" class=\"wp-caption-text\">Tableau 4 : Connaissance des modes de contamination par les acteurs des march\u00e9s<\/figcaption><\/figure><div id=\"u653o11061\" class=\"YgO18 _7cQp8 MYYaD\">\u00a0<\/div><\/figure><\/div><\/div><div id=\"viewer-az3ts57751\" class=\"o0STb GF80u _6Vwzd HjRUP\" dir=\"auto\">\u00a0<\/div><p id=\"viewer-u6xbn366000\" class=\"_1LEAZ A-ZZ4 _6Vwzd HjRUP\" dir=\"auto\"><span class=\"-EZUV _6Vwzd\">L\u2019ensemble des enqu\u00eat\u00e9s semble avoir une bonne connaissance des voies de contamination de la maladie. Ils mettent en cause les relations de proximit\u00e9 comme \u00ab\u2009\u00eatre en contact\u2009\u00bb avec une personne malade (31,4 %)\u2009; la respiration (29 %)\u2009; \u00ab\u2009serrer les mains\u2009\u00bb (23 %) et \u00ab\u2009manger ensemble\u2009\u00bb (8,4 %). Seule une minorit\u00e9 cite le fait de \u00ab\u2009c\u00f4toyer une personnalit\u00e9\u2009\u00bb (4,3 %) et la \u00ab\u2009d\u00e9cision de Dieu\u2009\u00bb (3,2 %).\u00a0<\/span>Ces savoirs th\u00e9oriques se sont form\u00e9s \u00e0 la suite du tapage m\u00e9diatique au moment du pic \u00e9pid\u00e9mique. En effet, le tableau 5 indique les canaux d\u2019information des acteurs des march\u00e9s.<\/p><div id=\"viewer-a4qpl12164\" class=\"o0STb GF80u joYDm HjRUP\" dir=\"auto\">\u00a0<\/div><div id=\"viewer-tei7k12163\" class=\"-O-wI\"><div class=\"peFtv hxhTK\"><figure class=\"yrpQK\" tabindex=\"0\" role=\"button\" data-hook=\"imageViewer\" aria-haspopup=\"true\"><figure id=\"attachment_16166\" aria-describedby=\"caption-attachment-16166\" style=\"width: 718px\" class=\"wp-caption aligncenter\"><img loading=\"lazy\" decoding=\"async\" class=\"wp-image-16166 size-full\" src=\"https:\/\/www.globalafricasciences.org\/wp-content\/uploads\/2025\/10\/526d98_fbb98845679d4d4ba4eb5cc82e8d7c24mv2.jpg\" alt=\"\" width=\"718\" height=\"550\" \/><figcaption id=\"caption-attachment-16166\" class=\"wp-caption-text\">Tableau 5 : Les sources d\u2019information des acteurs du marche\u0301<\/figcaption><\/figure><div id=\"tei7k12163\" class=\"YgO18 _7cQp8 MYYaD\">\u00a0<\/div><\/figure><\/div><\/div><div id=\"viewer-xd8m612165\" class=\"o0STb GF80u joYDm HjRUP\" dir=\"auto\">\u00a0<\/div><p id=\"viewer-o27fu366028\" class=\"_1LEAZ A-ZZ4 _6Vwzd HjRUP\" dir=\"auto\"><span class=\"-EZUV _6Vwzd\">La principale source d\u2019information a \u00e9t\u00e9 la radio (26,3 %), qui est suivie par les cha\u00eenes de t\u00e9l\u00e9vision (25,1 %), la communication informelle (22,3 %) et les r\u00e9seaux sociaux (12,6 %). La situation de fermeture des march\u00e9s et la limitation des d\u00e9placements sont propices au recours \u00e0 ces m\u00e9dias et aux causeries dans les quartiers. C\u2019est ainsique les commer\u00e7ants ont \u00e9galement une relative bonne connaissance des mesures de pr\u00e9vention. <\/span><\/p><div id=\"viewer-kopdx12536\" class=\"o0STb GF80u joYDm HjRUP\" dir=\"auto\">\u00a0<\/div><div id=\"viewer-rbp8112535\" class=\"-O-wI\"><div class=\"peFtv hxhTK\"><figure class=\"yrpQK\" tabindex=\"0\" role=\"button\" data-hook=\"imageViewer\" aria-haspopup=\"true\"><figure id=\"attachment_16167\" aria-describedby=\"caption-attachment-16167\" style=\"width: 930px\" class=\"wp-caption aligncenter\"><img loading=\"lazy\" decoding=\"async\" class=\"wp-image-16167 size-full\" src=\"https:\/\/www.globalafricasciences.org\/wp-content\/uploads\/2025\/10\/526d98_8f8aba501b4e473a90e6fc9312636afdmv2.jpg\" alt=\"\" width=\"930\" height=\"481\" \/><figcaption id=\"caption-attachment-16167\" class=\"wp-caption-text\">Tableau 6 : La mesure de pre\u0301vention la plus efficace contre la Covid-19<\/figcaption><\/figure><div id=\"rbp8112535\" class=\"YgO18 _7cQp8 MYYaD\">\u00a0<\/div><\/figure><\/div><\/div><div id=\"viewer-o57nt366032\" class=\"o0STb GF80u _6Vwzd HjRUP\" dir=\"auto\">\u00a0<\/div><p id=\"viewer-qe2hd366048\" class=\"_1LEAZ A-ZZ4 _6Vwzd HjRUP\" dir=\"auto\"><span class=\"-EZUV _6Vwzd\">Les commer\u00e7ants citent le \u00ab\u2009port du cache-nez\u2009\u00bb (57 %), suivi du \u00ab\u2009lavage des mains\u2009\u00bb (22 %), de la \u00ab\u2009distanciation physique\u2009\u00bb (10,9 %) et de l\u2019utilisation du gel (4,9 %). Les discours des commer\u00e7ants tendent \u00e0 faire ressortir qu\u2019ils ont une bonne connaissance de la maladie, m\u00eame s\u2019ils n\u2019en ont pas une exp\u00e9rience individuelle. Sur l\u2019origine de la pathologie, des discours marginaux sont produits, l\u2019envisageant soit sous la forme d\u2019une manipulation scientifique de l\u2019Occident, soit sous la forme d\u2019une sanction divine. L\u2019argument qui leur est sous-jacent est que la Covid-19 est une pathologie qui r\u00e9v\u00e8le les in\u00e9galit\u00e9s sociales dans la soci\u00e9t\u00e9 : d\u2019un c\u00f4t\u00e9, les \u00e9lites locales b\u00e9n\u00e9ficiant des rentes de la Covid-19 et de l\u2019autre, les citoyens ordinaires, y compris les commer\u00e7ants, rendus vuln\u00e9rables par la maladie. <\/span><\/p><h3 id=\"viewer-i88qz366050\" class=\"a5A3t A-ZZ4 _6Vwzd HjRUP\" dir=\"auto\"><span class=\"-EZUV _6Vwzd\">La vuln\u00e9rabilit\u00e9 \u00e9conomique des acteurs des march\u00e9s<\/span><\/h3><p id=\"viewer-b1lto366052\" class=\"_1LEAZ A-ZZ4 _6Vwzd HjRUP\" dir=\"auto\"><span class=\"-EZUV _6Vwzd\">Avec la fermeture des march\u00e9s et lieux de commerce, la Covid-19 est devenue un symbole de la souffrance morale, de la pr\u00e9carisation des domin\u00e9s, et surtout de l&rsquo;imposition des d\u00e9cisions de l&rsquo;Occident. \u00ab\u2009Ne pas savoir o\u00f9 mettre la t\u00eate\u2009\u00bb exprime toute la lassitude, le sentiment de harc\u00e8lement du monde occidental envers les acteurs locaux. \u00c0 ce titre, un responsable des commer\u00e7ants exprime sa douleur en ces termes : <\/span><\/p><div id=\"viewer-uv6w5366054\" dir=\"neutral\"><blockquote class=\"_5-ovX\"><div id=\"viewer-8zxmv41455\" class=\"_6Vwzd HjRUP\" dir=\"auto\"><span class=\"B-fpk _6Vwzd\">Je peux dire que la maladie est venue pour nous d\u00e9truire, m\u00eame si elle n&rsquo;a pas d\u00e9truit tout le monde entier, elle a d\u00e9truit le Burkina Faso. Vous savez que ce march\u00e9, c&rsquo;est l&rsquo;\u00e9conomie de tout le pays. Si vous allez voir au moment o\u00f9 on a voulu fermer le march\u00e9, on n&rsquo;\u00e9tait pas d&rsquo;accord. C&rsquo;est vrai qu&rsquo;on entend parler de la maladie, mais si on nous invitait \u00e0 discuter, peut-\u00eatre on n&rsquo;allait pas fermer le march\u00e9 de cette mani\u00e8re. On pouvait trouver des solutions pour nous prot\u00e9ger et continuer de pratiquer un peu nos commerces. Mais ils disent que non\u2009; comme les autres pays ferment, nous aussi, c&rsquo;est mieux de fermer, en oubliant que les autres pays ne g\u00e8rent pas leur population de [la m\u00eame] mani\u00e8re que nous g\u00e9rons. Si nous prenons l&rsquo;exemple de la C\u00f4te d&rsquo;Ivoire avec leur \u00e9conomie, la mani\u00e8re de s&rsquo;occuper ne peut pas \u00eatre la m\u00eame\u2009; ce n&rsquo;est pas parce que l&rsquo;autre fait que, moi aussi, je vais faire. [Commer\u00e7ant, 10 <i>yaar<\/i>] <\/span><\/div><\/blockquote><\/div><p id=\"viewer-3smpu366056\" class=\"_1LEAZ A-ZZ4 _6Vwzd HjRUP\" dir=\"auto\"><span class=\"-EZUV _6Vwzd\">Un autre commer\u00e7ant ajoute :<\/span><\/p><div id=\"viewer-d9fmj366058\" dir=\"ltr\"><blockquote class=\"_5-ovX\"><div id=\"viewer-u5opv41457\" class=\"_6Vwzd HjRUP\" dir=\"auto\"><span class=\"B-fpk _6Vwzd\">Sinon que ce fut une grande douleur pour la population, particuli\u00e8rement nous, les commer\u00e7ants. Nous sommes all\u00e9s acheter nos marchandises pour revendre et brusquement l\u2019on ferme le march\u00e9. Ce fut une mis\u00e8re pour nous, les vendeuses de l\u00e9gumes. Nos marchandises se sont putr\u00e9fi\u00e9es et ce fut une grande perte. Hormis cela, il y en a de ces gens, tant qu\u2019ils ne se rendent pas au march\u00e9, ils ne peuvent pas avoir de quoi se nourrir. Ils viennent, prennent les marchandises chez une autre personne et partent revendre dans le but de nourrir [leur] famille. Mais \u00e0 cause de cette situation de pand\u00e9mie, toutes ces sources de revenus (ou activit\u00e9s) ont \u00e9t\u00e9 interrompues et cela a entra\u00een\u00e9 la mis\u00e8re chez les petits commer\u00e7ants, une v\u00e9ritable douleur. C\u2019\u00e9tait une obligation pour d\u2019autres de qu\u00e9mander \u00e0 son prochain pour se nourrir. Nous rendons gr\u00e2ce \u00e0 Dieu pour ce que nous sommes toujours en bonne sant\u00e9 apr\u00e8s ce confinement, nous lui disons vraiment merci. [Commer\u00e7ant, march\u00e9 Rood Woko] <\/span><\/div><\/blockquote><\/div><p id=\"viewer-zcc0b366060\" class=\"_1LEAZ A-ZZ4 _6Vwzd HjRUP\" dir=\"auto\"><span class=\"-EZUV _6Vwzd\">Les petits commer\u00e7ants et les journaliers ont ressenti les chocs de cette situation d\u2019appauvrissement.<\/span><\/p><p id=\"viewer-ptkiv366062\" class=\"_1LEAZ A-ZZ4 _6Vwzd HjRUP\" dir=\"auto\"><span class=\"-EZUV _6Vwzd\">Un autre commer\u00e7ant rench\u00e9rit :<\/span><\/p><div id=\"viewer-wtbn6366064\" dir=\"ltr\"><blockquote class=\"_5-ovX\"><div id=\"viewer-utxsk41460\" class=\"_6Vwzd HjRUP\" dir=\"auto\"><span class=\"B-fpk _6Vwzd\">Avec la fermeture des fronti\u00e8res, nous avions des commer\u00e7ants qui venaient de la C\u00f4te d\u2019Ivoire, du Mali, du Ghana, mais qui ne viennent plus \u00e0 cause de cette fermeture. Ils \u00e9taient nos plus grands clients. La maladie nous fatigue beaucoup, car il n\u2019y a plus de march\u00e9. [Commer\u00e7ant, march\u00e9 de Cissin] <\/span><\/div><\/blockquote><\/div><p id=\"viewer-wpo5z366066\" class=\"_1LEAZ A-ZZ4 _6Vwzd HjRUP\" dir=\"auto\"><span class=\"-EZUV _6Vwzd\">Cet administrateur du march\u00e9 rench\u00e9rit sur les propos des commer\u00e7ants en ces termes :<\/span><\/p><div id=\"viewer-ytr34366068\" dir=\"ltr\"><blockquote class=\"_5-ovX\"><div id=\"viewer-8xobc41462\" class=\"_6Vwzd HjRUP\" dir=\"auto\"><span class=\"B-fpk _6Vwzd\">Les plus nantis s\u2019en sortent, mais ceux qui vivent le jour au jour, tant qu\u2019ils ne viennent pas au march\u00e9, on ne chauffe pas la marmite\u2009; ils ont vraiment souffert. Prenez un peu tout ce monde qui gravite autour du march\u00e9 : les ambulants, les vendeuses d\u2019oranges et autres, qui doivent venir au march\u00e9 pour avoir leur pitance quotidienne\u2009; ils font comment pour se nourrir\u2009? Pour les grands commer\u00e7ants qui ont d\u00e9j\u00e0 une stabilit\u00e9 financi\u00e8re, c\u2019est l\u2019\u00e9coulement des marchandises qui pose probl\u00e8me. Mais ceux qui gravitent autour des grands commer\u00e7ants, qui ne sont pas vraiment stables, ce sont eux qui sont vuln\u00e9rables. Ces derniers ont souffert, et c\u2019\u00e9tait une souffrance r\u00e9elle. [Administrateur, march\u00e9 Rood Woko] <\/span><\/div><\/blockquote><\/div><p id=\"viewer-7s5us366070\" class=\"_1LEAZ A-ZZ4 _6Vwzd HjRUP\" dir=\"auto\"><span class=\"-EZUV _6Vwzd\">La fermeture des fronti\u00e8res est assimil\u00e9e \u00e0 un emprisonnement, donc \u00e0 une contraction de l\u2019espace de mobilit\u00e9. Une commer\u00e7ante d\u00e9clare : <\/span><\/p><div id=\"viewer-u6hxu366072\" dir=\"ltr\"><blockquote class=\"_5-ovX\"><div id=\"viewer-o7o7p41464\" class=\"_6Vwzd HjRUP\" dir=\"auto\"><span class=\"B-fpk _6Vwzd\">Avec la fermeture des fronti\u00e8res, nous avons souffert. Tu passes ta commande avec la couleur et les tailles et on t\u2019envoie autre chose. Tu te retrouves dans l\u2019obligation de faire avec, car tu ne peux pas te d\u00e9placer. Mon souhait est que l\u2019ouverture des fronti\u00e8res se r\u00e9alise avec toutes les pr\u00e9cautions possibles. Cela ne veut point dire que nous ne croyons pas \u00e0 la maladie. Juste que nous ne supportons plus cette prison qui nous emp\u00eache de nous r\u00e9aliser. Ne faisons pas de la Covid la base de notre pr\u00e9occupation quotidienne, car en dehors d\u2019elle, il y a bien d\u2019autres maladies plus graves qui tuent. [Commer\u00e7ante, 10 <i>yaar<\/i>] <\/span><\/div><\/blockquote><\/div><p id=\"viewer-u1rol366074\" class=\"_1LEAZ A-ZZ4 _6Vwzd HjRUP\" dir=\"auto\"><span class=\"-EZUV _6Vwzd\">La vuln\u00e9rabilit\u00e9 financi\u00e8re a engendr\u00e9 une exp\u00e9rience nouvelle de la souffrance chez les commer\u00e7ants. D\u00e8s lors, des formes de r\u00e9sistance vont appara\u00eetre, avec des discours critiques sur les \u00e9lites et au sein des pratiques collectives de pr\u00e9vention de la Covid-19. <\/span><\/p><h2 id=\"viewer-o206e366076\" class=\"a5A3t A-ZZ4 _6Vwzd HjRUP\" dir=\"auto\"><span class=\"-EZUV _6Vwzd\">Les re\u0301sistances contre les<br \/>mesures de pre\u0301vention de la Covid-19<\/span><\/h2><p id=\"viewer-xs7k4366078\" class=\"_1LEAZ A-ZZ4 _6Vwzd HjRUP\" dir=\"auto\"><span class=\"-EZUV _6Vwzd\">Les mouvements de contestation sont all\u00e9s crescendo. Deux modalit\u00e9s ont \u00e9t\u00e9 constat\u00e9es : une forme passive et circonscrite \u00e0 l\u2019espace du march\u00e9, et qui mobilise des arguments pragmatiques, et une forme active dans l\u2019espace public, mobilisant des logiques politiques et \u00e9conomiques.<\/span><\/p><h3 id=\"viewer-rml9w366080\" class=\"a5A3t A-ZZ4 _6Vwzd HjRUP\" dir=\"auto\"><span class=\"-EZUV _6Vwzd\">La pr\u00e9vention de la Covid-19 dans les march\u00e9s : une utopie<\/span><\/h3><p id=\"viewer-08hxt366082\" class=\"_1LEAZ A-ZZ4 _6Vwzd HjRUP\" dir=\"auto\"><span class=\"-EZUV _6Vwzd\">Les march\u00e9s de la ville de Ouagadougou constituent un ensemble de centres d\u2019activit\u00e9s commerciales multiples, r\u00e9partis sur tout l\u2019espace de la ville. La capitale totalise 37 march\u00e9s fonctionnels, dont la plupart sont sortis des espaces pr\u00e9vus pour leur emplacement et occupent de mani\u00e8re anarchique des r\u00e9serves administratives (Bagbila, 1993). Ces march\u00e9s sont consid\u00e9r\u00e9s comme des zones de concentration potentielle de virus en cas d\u2019\u00e9pid\u00e9mie. C\u2019est ainsi qu\u2019une des mesures de pr\u00e9vention de la Covid-19 a consist\u00e9 en leur fermeture. Mais \u00e0 la suite des marches et des contestations des acteurs des march\u00e9s, ceux-ci ont \u00e9t\u00e9 rouverts, en m\u00eame temps qu\u2019y \u00e9tait mise en place une strat\u00e9gie particuli\u00e8re de pr\u00e9vention de la Covid-19. Deux types de lave-mains ont \u00e9t\u00e9 install\u00e9s aux portes d\u2019entr\u00e9e des march\u00e9s. L\u2019un, de type \u00ab\u2009moderne\u2009\u00bb, directement connect\u00e9 au r\u00e9seau de distribution d\u2019eau de l\u2019Office national de l\u2019eau et de l\u2019assainissement (ONEA), gr\u00e2ce au financement du Programme des Nations unies pour le d\u00e9veloppement (PNUD). L\u2019autre, de type \u00ab\u2009traditionnel\u2009\u00bb fabriqu\u00e9 par les artisans locaux, est muni d\u2019un seau d\u2019eau de lavage et d\u2019un r\u00e9cipient de recueil des eaux sales.<\/span><\/p><p id=\"viewer-08hxt366082\" class=\"_1LEAZ A-ZZ4 _6Vwzd HjRUP\" dir=\"auto\"><span class=\"-EZUV _6Vwzd\">Ce mod\u00e8le de lave-mains a \u00e9t\u00e9 financ\u00e9 par la commune. Le fonctionnement de ce syst\u00e8me suppose qu\u2019une personne soit charg\u00e9e de remplir le r\u00e9cipient d\u2019eau et de vider les eaux sales. Les associations de commer\u00e7ants ont cotis\u00e9 pour octroyer une compensation financi\u00e8re aux jeunes commer\u00e7ants impliqu\u00e9s dans la sensibilisation des usagers des march\u00e9s. Des policiers municipaux, venus en appui aux jeunes du programme national de volontariat, ont \u00e9t\u00e9 post\u00e9s \u00e0 toutes les portes des march\u00e9s pour veiller au respect des mesures de pr\u00e9vention.\u00a0<\/span>Plusieurs contraintes sont apparues dans le fonctionnement des lave-mains. Au lieu de laver effectivement les mains, les dispositifs d\u2019hygi\u00e8ne ont \u00e9t\u00e9 utilis\u00e9s pour les ablutions et le lavage des linges et des ustensiles de cuisine. Les r\u00e9cipients de recueil des eaux sales se remplissaient \u00e0 un rythme \u00e9lev\u00e9 et les volontaires, lass\u00e9s de les vider dans les caniveaux de l\u2019int\u00e9rieur des march\u00e9s, les d\u00e9versaient sur place. Les lieux d\u2019installation des lave-mains \u00e9taient devenus humides et crasseux au point que les usagers des march\u00e9s ont commenc\u00e9 \u00e0 renoncer \u00e0 leur utilisation. Au fil du temps, les volontaires recrut\u00e9s par les associations de commer\u00e7ants ont cess\u00e9 de recevoir leur prime financi\u00e8re pour la sensibilisation. Au bout de deux mois, les dispositifs de lave-mains, n\u2019\u00e9taient plus fonctionnels.<\/p><p id=\"viewer-emozw4809\" class=\"_1LEAZ A-ZZ4 _6Vwzd HjRUP\" dir=\"auto\"><span class=\"-EZUV _6Vwzd\">Concernant les pratiques de pr\u00e9vention, certaines mesures sont jug\u00e9es convenables par les commer\u00e7ants. Il s\u2019agit du port des cache-nez, du lavage des mains avec le gel hydroalcoolique. En revanche, le mode de salutation et la distanciation physique rel\u00e8vent de l\u2019impensable. Le tableau r\u00e9capitule les opinions des acteurs des march\u00e9s. <\/span><\/p><div id=\"viewer-39lfx12816\" class=\"o0STb GF80u joYDm HjRUP\" dir=\"auto\">\u00a0<\/div><div id=\"viewer-53d6p12815\" class=\"-O-wI\"><div class=\"peFtv hxhTK\"><figure class=\"yrpQK\" tabindex=\"0\" role=\"button\" data-hook=\"imageViewer\" aria-haspopup=\"true\"><figure id=\"attachment_16172\" aria-describedby=\"caption-attachment-16172\" style=\"width: 949px\" class=\"wp-caption aligncenter\"><img loading=\"lazy\" decoding=\"async\" class=\"wp-image-16172 size-full\" src=\"https:\/\/www.globalafricasciences.org\/wp-content\/uploads\/2025\/10\/526d98_c8807d7d57a7424fb43e142166e4df23mv2.jpg\" alt=\"\" width=\"949\" height=\"418\" \/><figcaption id=\"caption-attachment-16172\" class=\"wp-caption-text\">Tableau 7 : Pratiques des mesures de protection par les commerc\u0327ants.<\/figcaption><\/figure><div id=\"53d6p12815\" class=\"YgO18 _7cQp8 MYYaD\">\u00a0<\/div><\/figure><\/div><\/div><div id=\"viewer-rbk5d366088\" class=\"o0STb GF80u _6Vwzd HjRUP\" dir=\"auto\">\u00a0<\/div><p id=\"viewer-f6xm9366108\" class=\"_1LEAZ A-ZZ4 _6Vwzd HjRUP\" dir=\"auto\"><span class=\"-EZUV _6Vwzd\">Les mesures de protection contre la Covid-19 ont \u00e9t\u00e9 peu appliqu\u00e9es : environ 38,7 % ont utilis\u00e9 le masque, 25,7 % le lavage des mains, 16 % le gel. Pour les autres mesures, l\u2019observance a \u00e9t\u00e9 faible, notamment pour les \u00ab\u2009salutations\u2009\u00bb (10,8 %) et la distanciation physique (5,2 %).<br \/>Un commer\u00e7ant explique le non-respect de certaines mesures : <\/span><\/p><div id=\"viewer-auivn366110\" dir=\"ltr\"><blockquote class=\"_5-ovX\"><div id=\"viewer-ttjvh41472\" class=\"_6Vwzd HjRUP\" dir=\"auto\"><span class=\"B-fpk _6Vwzd\">Vu le nombre \u00e9lev\u00e9 des gens dans le march\u00e9 et les clients que nous recevons, se laver r\u00e9guli\u00e8rement les mains nous para\u00eet plus difficile \u00e0 suivre, car avec les multiples contacts, s\u2019il faut \u00e0 chaque fois se laver les mains, cela nous para\u00eet impossible. Sinon, pour le port des masques, il n\u2019y a aucun souci. [Commer\u00e7ant, 10 yaar] <\/span><\/div><\/blockquote><\/div><p id=\"viewer-gpdl1366112\" class=\"_1LEAZ A-ZZ4 _6Vwzd HjRUP\" dir=\"auto\"><span class=\"-EZUV _6Vwzd\">Un gestionnaire administratif du march\u00e9 donne \u00e9galement son opinion dans le cadre du suivi des mesures de protection dans le march\u00e9 :<\/span><\/p><div id=\"viewer-g5i4e366114\" dir=\"ltr\"><blockquote class=\"_5-ovX\"><div id=\"viewer-oqtdi41473\" class=\"_6Vwzd HjRUP\" dir=\"auto\"><span class=\"B-fpk _6Vwzd\">Dans un march\u00e9, la distanciation et ne pas se saluer rel\u00e8vent de l&rsquo;utopie. On ne pourra jamais faire respecter ces consignes. Les commer\u00e7ants ont m\u00eame eu \u00e0 nous dire que ce n&rsquo;est pas un supermarch\u00e9 [rire\u2009!], puisque c&rsquo;est dans un supermarch\u00e9 que tu peux dire \u00e0 20 personnes de rentrer\u2009; quand elles vont sortir, les 20 autres vont rentrer, \u00e7a, c&rsquo;est dans un supermarch\u00e9 qu&rsquo;on peut faire \u00e7a [rire], je me rappelle m\u00eame qu&rsquo;au d\u00e9but de la r\u00e9ouverture du march\u00e9, on avait propos\u00e9 d&rsquo;ouvrir les boutiques de mani\u00e8re altern\u00e9e, c&rsquo;est-\u00e0-dire celui-l\u00e0 ouvre aujourd&rsquo;hui et l&rsquo;autre demain\u2009; ils ont dit que ce n&rsquo;\u00e9tait pas possible, parce que si on fait comme \u00e7a, les clients qui viennent de l&rsquo;int\u00e9rieur du pays, s&rsquo;ils arrivent et qu&rsquo;ils trouvent que la boutique est ferm\u00e9e, ils vont aller payer ailleurs et le commer\u00e7ant va perdre un client\u2009; donc d\u00e8s le d\u00e9but ils se sont oppos\u00e9s \u00e0 cette mesure. <\/span><\/div><\/blockquote><\/div><p id=\"viewer-kl3jt366116\" class=\"_1LEAZ A-ZZ4 _6Vwzd HjRUP\" dir=\"auto\"><span class=\"-EZUV _6Vwzd\">Au bout de quelques semaines, il y avait du d\u00e9sordre dans le march\u00e9. Un gestionnaire en donne une description : <\/span><\/p><div id=\"viewer-06mb4366118\" dir=\"ltr\"><blockquote class=\"_5-ovX\"><div id=\"viewer-ocoaf41475\" class=\"_6Vwzd HjRUP\" dir=\"auto\"><span class=\"B-fpk _6Vwzd\">\u00c0 l&rsquo;int\u00e9rieur du march\u00e9, c&rsquo;est du laisser-aller\u2009; quand on interpelle un commer\u00e7ant qui n&rsquo;a pas port\u00e9 le cache-nez, il te r\u00e9pond que quand lui, il porte, il ne peut pas respirer, que son cache-nez, l\u00e0, n&rsquo;est pas adapt\u00e9, donc il ne peut pas porter \u00e0 tout moment et que, si tu as de l&rsquo;argent [\u00e0] donner, il va aller acheter le vrai [plus confortable]. Les gens passaient, pour sensibiliser, mais comme il n&rsquo;y avait pas de r\u00e9pression, on fait comment\u2009? Si le gars refuse, qu&rsquo;est-ce qu&rsquo;on peut faire\u2009? <\/span><\/div><\/blockquote><\/div><h3 id=\"viewer-zbviw70089\" class=\"o0STb GF80u _6Vwzd HjRUP\" dir=\"auto\"><span class=\"-EZUV _6Vwzd\">Les soup\u00e7ons de corruption des \u00e9lites locales<\/span><\/h3><p id=\"viewer-z5ic6366124\" class=\"_1LEAZ A-ZZ4 _6Vwzd HjRUP\" dir=\"auto\"><span class=\"-EZUV _6Vwzd\">Les r\u00e9sistances aux recommandations du gouvernement puisent une justification dans les nouvelles exp\u00e9riences de paup\u00e9risation chez les acteurs du march\u00e9, qui soup\u00e7onnent les \u00e9lites locales de s\u2019enrichir gr\u00e2ce aux financements li\u00e9s \u00e0 la Covid-19. Une grande partie des commer\u00e7ants d\u00e9nonce une \u00ab\u2009maladie politique\u2009\u00bb. En employant ce terme de \u00ab\u2009politique\u2009\u00bb, les commer\u00e7ants d\u00e9noncent les fonds colossaux mobilis\u00e9s en si peu de temps pour la riposte contre la Covid-19, la corruption des \u00e9lites et l\u2019in\u00e9galit\u00e9 d\u2019acc\u00e8s aux aides sociales promises par l\u2019\u00c9tat. Le plan de financement de la riposte contre la Covid-19 \u00e9tait estim\u00e9 \u00e0 157,86 milliards de francs CFA avec un taux de mobilisation de 64 % fin novembre 2020. La part de l\u2019\u00c9tat repr\u00e9sentait 26,2 %\u2009; la contribution des partenaires techniques et financiers (PTF) s\u2019\u00e9levait \u00e0 34,5 % et les contributions priv\u00e9es repr\u00e9sentaient 3,3 %. Le financement \u00e0 rechercher est estim\u00e9 \u00e0 36 % (minist\u00e8re de la Sant\u00e9, 2020). Un \u00ab\u2009Coronathon\u2009\u00bb, une collecte populaire et citoyenne de fonds, fut organis\u00e9 par le pr\u00e9sident de l\u2019Assembl\u00e9e nationale. Environ deux millions de personnes ont \u00e9t\u00e9 touch\u00e9es sur les r\u00e9seaux sociaux et pr\u00e8s de 450 millions de francs CFA ont \u00e9t\u00e9 collect\u00e9s au cours d\u2019une grande soir\u00e9e hautement m\u00e9diatis\u00e9e (Soudr\u00e9, 2020). <\/span><\/p><p id=\"viewer-7nhfu366126\" class=\"_1LEAZ A-ZZ4 _6Vwzd HjRUP\" dir=\"auto\"><span class=\"-EZUV _6Vwzd\">\u00c0 la date du 31 d\u00e9cembre 2020, soit apr\u00e8s dix mois, quelque 33 milliards de francs CFA ont \u00e9t\u00e9 d\u00e9pens\u00e9s par le gouvernement (ASCE-L, 2021). Les b\u00e9n\u00e9ficiaires sont les h\u00f4pitaux, les associations religieuses, les associations de commer\u00e7ants et les services d\u00e9concentr\u00e9s et d\u00e9centralis\u00e9s de l\u2019\u00c9tat. Mais tr\u00e8s vite, au sein de certaines associations de veille citoyenne et chez les populationws des villes, la Covid-19 est apparue comme une strat\u00e9gie permettant aux \u00e9lites politiques de s\u2019enrichir et ce, apr\u00e8s la publication du budget du plan. Les partis de l\u2019opposition s\u2019en sont m\u00eal\u00e9s et ont d\u00e9nonc\u00e9 les d\u00e9penses indirectement li\u00e9es \u00e0 la sant\u00e9 dans la lutte contre la pand\u00e9mie. Le concept de \u00ab\u2009corona-business\u2009\u00bb est apparu dans la presse et dans les discours populaires. Les commer\u00e7ants voyaient les individus de la haute soci\u00e9t\u00e9 qui, \u00e0 travers leurs dons, exhibaient leur richesse. La g\u00e9n\u00e9rosit\u00e9 de l\u2019\u00c9tat et celle de ses agents sont devenues suspectes. Les pol\u00e9miques publiques sur la prise en charge des agents de la sant\u00e9 impliqu\u00e9s dans la lutte contre la maladie ont fini par convaincre tout \u00e0 fait les commer\u00e7ants que les acteurs \u00e9tatiques ont int\u00e9r\u00eat \u00e0 ce que la maladie continue.\u00a0<\/span>Un responsable des commer\u00e7ants d\u00e9clare ceci :<\/p><div id=\"viewer-wzjm5366130\" dir=\"ltr\"><blockquote class=\"_5-ovX\"><div id=\"viewer-wkvbz41478\" class=\"_6Vwzd HjRUP\" dir=\"auto\"><span class=\"B-fpk _6Vwzd\">En plus, on a trouv\u00e9 que la maladie \u00e9tait source de richesse parce qu\u2019on voyait des riches qui faisaient des dons\u2009; les autres pays fournissent des aides et \u00e7a n\u2019atteint pas \u00e0 la population cible\u2009; \u00e7a restait entre eux seulement. Donc, on ne peut pas continuer de se tuer alors qu\u2019on ne gagne rien et eux prenaient leurs salaires. [Responsable des commer\u00e7ants, 10 yaar] <\/span><\/div><\/blockquote><\/div><p id=\"viewer-42ukx366132\" class=\"_1LEAZ A-ZZ4 _6Vwzd HjRUP\" dir=\"auto\"><span class=\"-EZUV _6Vwzd\">Pour ces commer\u00e7ants, la Covid-19 est devenue une forme d\u2019arnaque politique et \u00e9conomique, dont les \u00e9lites de l\u2019\u00c9tat sont les b\u00e9n\u00e9ficiaires. Les mesures sociales du gouvernement pour att\u00e9nuer l\u2019impact de la Covid-19 sur les m\u00e9nages pauvres semblent paradoxalement inefficaces. Les aides sociales, mal r\u00e9parties, sont per\u00e7ues comme une atteinte \u00e0 leur dignit\u00e9 d\u2019hommes et de femmes autonomes et ind\u00e9pendants. Un commer\u00e7ant raconte : <\/span><\/p><div id=\"viewer-wr1tu366134\" dir=\"ltr\"><blockquote class=\"_5-ovX\"><div id=\"viewer-08x1n41480\" class=\"_6Vwzd HjRUP\" dir=\"auto\"><span class=\"B-fpk _6Vwzd\">Je n\u2019ai re\u00e7u aucune chose de leur don. Mais tout \u00e7a, c\u2019est la mauvaise gestion, parce qu\u2019on aime dire que c\u2019est celui qui se trouve dans la maison qui conna\u00eet l\u00e0 o\u00f9 le toit a un trou\u2009; donc c\u2019est nous qui sommes sur le terrain qui savons l\u00e0 o\u00f9 \u00e7a ne va pas. [Responsable des commer\u00e7ants, 10 yaar] <\/span><\/div><\/blockquote><\/div><p id=\"viewer-zk463366136\" class=\"_1LEAZ A-ZZ4 _6Vwzd HjRUP\" dir=\"auto\"><span class=\"-EZUV _6Vwzd\">En outre, les aides sociales promises par l\u2019\u00c9tat n\u2019ont pas \u00e9t\u00e9 \u00e9quitables :<\/span><\/p><div id=\"viewer-1z1ng366138\" dir=\"ltr\"><blockquote class=\"_5-ovX\"><div id=\"viewer-wvvm441482\" class=\"_6Vwzd HjRUP\" dir=\"auto\"><span class=\"B-fpk _6Vwzd\">Nous n\u2019avons pas eu une importante aide. Seulement qu\u2019on a donn\u00e9 environ quarante sacs de riz de 25 kg pour tout le march\u00e9. \u00c0 part cela, nous n\u2019avons pas eu d\u2019aide financi\u00e8re. Nous n\u2019en avons pas vu\u2009; il se pourrait que \u00e7a ait \u00e9t\u00e9 fait ailleurs, mais \u00e0 notre niveau nous n\u2019avons rien eu de plus. [Commer\u00e7ant, 10 yaar] <\/span><\/div><\/blockquote><\/div><p id=\"viewer-1cfam366140\" class=\"_1LEAZ A-ZZ4 _6Vwzd HjRUP\" dir=\"auto\"><span class=\"-EZUV _6Vwzd\">Il est soutenu par son camarade en ces termes :<\/span><\/p><div id=\"viewer-lxj8t366142\" dir=\"ltr\"><blockquote class=\"_5-ovX\"><div id=\"viewer-msszx41484\" class=\"_6Vwzd HjRUP\" dir=\"auto\"><span class=\"B-fpk _6Vwzd\">Nous n&rsquo;avions rien vu, n&rsquo;en parlons pas de recevoir. Juste qu&rsquo;ils ont ferm\u00e9 le march\u00e9 pour nous faire souffrir. On d\u00e9pensait sans travailler. Ce n&rsquo;\u00e9tait pas facile. J&rsquo;ai l&rsquo;habitude de payer 18\u2009000 F\/mois comme facture d&rsquo;\u00e9lectricit\u00e9. \u00c0 ma grande surprise, 45\u2009000 CFA, mes plaintes n&rsquo;ont pas abouti. Et c&rsquo;est la m\u00eame r\u00e9alit\u00e9 avec la facture d&rsquo;eau. Pourtant, l&rsquo;on nous faisait croire que c&rsquo;\u00e9tait gratuit. Ils [l&rsquo;\u00c9tat] ont tout r\u00e9cup\u00e9r\u00e9. [Commer\u00e7ant, 10 yaar] <\/span><\/div><\/blockquote><\/div><p id=\"viewer-fh1vf366144\" class=\"_1LEAZ A-ZZ4 _6Vwzd HjRUP\" dir=\"auto\"><span class=\"-EZUV _6Vwzd\">L\u2019apparition des nouveaux produits, \u00e0 savoir les gels hydroalcooliques, les masques, et les tests de d\u00e9pistage, dans l\u2019univers quotidien des commer\u00e7ants, est r\u00e9interpr\u00e9t\u00e9e comme une complicit\u00e9 \u00e9conomique avec l\u2019imp\u00e9rialisme occidental. Le slogan de r\u00e9sistance aux strat\u00e9gies de pr\u00e9vention, \u00ab\u2009mieux vaut mourir de la maladie que de la faim\u2009\u00bb, a circul\u00e9 dans les march\u00e9s de la capitale. Le 25 avril 2020, les march\u00e9s sont rouverts et remis en fonctionnement (Kabor\u00e9, 2020). Entre pairs, les commer\u00e7ants d\u00e9noncent le comportement des politiciens lors de la campagne pr\u00e9sidentielle de 2020 en ces termes : <\/span><\/p><div id=\"viewer-o5qk3366146\" dir=\"ltr\"><blockquote class=\"_5-ovX\"><div id=\"viewer-2nu4441486\" class=\"_6Vwzd HjRUP\" dir=\"auto\"><span class=\"B-fpk _6Vwzd\">Ils ont fait leurs campagnes pr\u00e9sidentielles sans m\u00eame exiger les cache-nez ni se laver r\u00e9guli\u00e8rement les mains au savon. Et apr\u00e8s leurs \u00e9lections, ils veulent revenir nous dire de fermer nos activit\u00e9s qui nous permettent de prendre nos familles en charge parce qu&rsquo;ils ont eu le pouvoir\u2009? \u00c0 ce niveau \u00e7a sera difficile. L&rsquo;\u00c9tat m\u00eame sait qu&rsquo;il [ne] peut plus prendre cette d\u00e9cision, car les gens vont les rappeler [\u00e0] ce qu&rsquo;ils ont fait pendant les campagnes. Le nombre de cas positif a augment\u00e9 depuis que les campagnes sont pass\u00e9es et on pourrait m\u00eame les tenir pour responsables. Donc s&rsquo;ils reviennent nous dire aujourd&rsquo;hui de fermer les march\u00e9s, car le nombre a augment\u00e9, je ne sais pas, mais \u00e7a ne sera pas facile pour eux. [Commer\u00e7ant, march\u00e9 Rood Woko] <\/span><\/div><\/blockquote><\/div><p id=\"viewer-aa9js366148\" class=\"_1LEAZ A-ZZ4 _6Vwzd HjRUP\" dir=\"auto\"><span class=\"-EZUV _6Vwzd\">Un discours populaire a \u00e9merg\u00e9 contre les mesures barri\u00e8res \u00e9dict\u00e9es par le gouvernement, car les uns et les autres n\u2019ont pas les m\u00eames priorit\u00e9s ni les m\u00eames vuln\u00e9rabilit\u00e9s. On a assist\u00e9 \u00e0 des \u00e9meutes contre la fermeture des lieux de culte par les adeptes de la religion musulmane obligeant l\u2019\u00c9tat \u00e0 lever cette mesure au d\u00e9but du mois de mai 2020 (F\u00e9d\u00e9ration des Associations islamiques du Burkina, 2020). L\u2019obsession s\u00e9curitaire internationale, avec la fermeture des fronti\u00e8res, est devenue une forme de complicit\u00e9 de l\u2019\u00c9tat avec le monde occidental pour imposer une forme de capitalisme dans les rapports commerciaux. La Covid-19 fonctionne alors comme un \u00ab\u2009p\u00f4le d\u2019accumulation\u2009\u00bb qui renvoie \u00e0 l\u2019\u00e9laboration d\u2019un noyau d\u2019activit\u00e9s qui visent \u00e0 procurer des ressources aux \u00e9lites (Laurent, 2000). <\/span><\/p><h2 id=\"viewer-mskus366150\" class=\"a5A3t A-ZZ4 _6Vwzd HjRUP\" dir=\"auto\"><span class=\"-EZUV _6Vwzd\">Discussions<\/span><\/h2><p id=\"viewer-q5elj366152\" class=\"_1LEAZ A-ZZ4 _6Vwzd HjRUP\" dir=\"auto\"><span class=\"-EZUV _6Vwzd\">Les discours sur les exp\u00e9riences de pr\u00e9carisation et les pratiques de contestation des mesures de pr\u00e9vention de la Covid-19 ouvrent une perspective pour analyser l\u2019articulation entre la dimension sanitaire et la dimension politique de la crise \u00e9pid\u00e9mique.<\/span><\/p><h3 id=\"viewer-nmm1f366154\" class=\"a5A3t A-ZZ4 _6Vwzd HjRUP\" dir=\"auto\"><span class=\"-EZUV _6Vwzd\">La dimension sanitaire de la crise \u00e9pid\u00e9mique<\/span><\/h3><p id=\"viewer-6vvjk366156\" class=\"_1LEAZ A-ZZ4 _6Vwzd HjRUP\" dir=\"auto\"><span class=\"-EZUV _6Vwzd\">Les premiers cas de contamination de la Covid-19 indiquent un \u00e9v\u00e9nement inhabituel. En g\u00e9n\u00e9ral, les maladies infectieuses ont une relation avec la situation de pauvret\u00e9 (Jaffr\u00e9, 2006). Or, dans ce cas-ci, la maladie est entr\u00e9e par le haut de la soci\u00e9t\u00e9, \u00e0 savoir les classes ais\u00e9es. Cette situation va induire une construction sociale du risque viral fond\u00e9e sur la diff\u00e9renciation entre le risque observ\u00e9 et le risque per\u00e7u (Setbon, 2006). Le risque observ\u00e9 est un produit de l\u2019\u00e9pid\u00e9miologie. Sa mat\u00e9rialisation est le d\u00e9compte des cas positifs et des d\u00e9c\u00e8s diffus\u00e9s dans les m\u00e9dias. Le risque per\u00e7u se construit selon de multiples r\u00e9f\u00e9rences (Jaffr\u00e9, 2006) ayant une pluralit\u00e9 de contenus possibles (Setbon, 2006). Chez les acteurs \u00e9conomiques des march\u00e9s de la capitale, la Covid-19 est avant tout une menace invisible. Tr\u00e8s peu d\u2019individus d\u00e9clarent conna\u00eetre une personne atteinte de la maladie, dans leur entourage, en dehors des cas diffus\u00e9s dans les m\u00e9dias. En l\u2019absence d\u2019exp\u00e9rience individuelle de la maladie, la menace venue de l\u2019ext\u00e9rieur du pays n\u2019est pas une r\u00e9alit\u00e9 concr\u00e8te. La seule r\u00e9alit\u00e9 patente est l\u2019injonction des autorit\u00e9s d\u2019adopter des comportements de pr\u00e9vention qui modifient de mani\u00e8re significative le quotidien. C\u2019est ainsi que Le Breton rappelle \u00e0 juste titre que le \u00ab\u2009discours de pr\u00e9vention est envahissant et enveloppe la vie quotidienne de jugements de valeur\u2009\u00bb (Le Breton, 2018, p. 98). Dans un contexte o\u00f9 la maladie n\u2019existait pas socialement (Jaffr\u00e9, 2006), le risque per\u00e7u a \u00e9t\u00e9 sous-\u00e9valu\u00e9, d\u00e9bouchant sur des attitudes d\u2019att\u00e9nuation du risque (Setbon, 2006) dans les discours comme dans les pratiques de pr\u00e9vention. Au d\u00e9but de la pand\u00e9mie, l\u2019abondance et le contenu des messages produits par les m\u00e9dias vont cr\u00e9er une forme de savoir objectiv\u00e9 sur la Covid-19. Les commer\u00e7ants r\u00e9citent de m\u00e9moire les voies de contamination, les moyens de protection, mais ne se les approprient pas dans la vie quotidienne.\u00a0<\/span>Trois moments cl\u00e9s structurent les comportements pr\u00e9ventifs des commer\u00e7ants \u00e0 l\u2019\u00e9gard de la maladie : un temps d\u2019adh\u00e9sion aux directives de pr\u00e9vention, \u00e0 cause de la dramatisation du ph\u00e9nom\u00e8ne\u2009; un temps de rel\u00e2chement \u00e0 la suite des pol\u00e9miques publiques\u2009; et un moment de r\u00e9sistance contre les mesures de protection. Ces attitudes renforcent l\u2019id\u00e9e qu\u2019il faut relativiser l\u2019impact de la connaissance sur les comportements \u00e0 risque (Setbon, 2006), car l\u2019adh\u00e9sion \u00e0 une strat\u00e9gie de pr\u00e9vention au niveau individuel implique la croyance en sa propre vuln\u00e9rabilit\u00e9, la compr\u00e9hension de la gravit\u00e9 de la maladie (Jaffr\u00e9, 2006).\u00a0<\/p><p id=\"viewer-6vvjk366156\" class=\"_1LEAZ A-ZZ4 _6Vwzd HjRUP\" dir=\"auto\">En effet, conna\u00eetre les mesures pr\u00e9ventives ne signifie pas automatiquement les accepter ou pouvoir les mettre en \u0153uvre : leur adoption induit une n\u00e9gociation invisible entre les multiples contraintes et les repr\u00e9sentations de la maladie (Jaffr\u00e9, 2006). Chez les commer\u00e7ants, la Covid-19 a \u00e9t\u00e9 \u00e9galement re\u00e7ue comme une incertitude radicale, \u00e9tant donn\u00e9 que personne ne pouvait pr\u00e9voir la fin de la pand\u00e9mie. Cette incertitude va se mat\u00e9rialiser dans les contenus de messages \u00e9ducatifs largement h\u00e9t\u00e9roclites, contradictoires d\u2019une source \u00e0 l\u2019autre. Les incertitudes vont porter sur l\u2019origine du virus, sur sa propagation tr\u00e8s in\u00e9gale, sur ses mutations, sur la bonne m\u00e9thode pour s\u2019en pr\u00e9munir (Morin, 2022). C\u2019est pourquoi les commer\u00e7ants invitent les autorit\u00e9s sanitaires \u00e0 changer de strat\u00e9gie de lutte : \u00ab\u2009apprendre \u00e0 vivre avec le virus\u2009\u00bb. Cette suggestion est une reconnaissance explicite du changement radical, qui se caract\u00e9rise par une paup\u00e9risation silencieuse, que la Covid-19 a entra\u00een\u00e9e dans leur quotidien. Les mesures de s\u00e9curit\u00e9 et les restrictions prises par le gouvernement ont fragilis\u00e9 davantage les citoyens les plus vuln\u00e9rables, rappelant que la crise sanitaire doit \u00eatre comprise comme une crise politique.<\/p><h3 id=\"viewer-4a2ms366164\" class=\"a5A3t A-ZZ4 _6Vwzd HjRUP\" dir=\"auto\"><span class=\"-EZUV _6Vwzd\">La dimension politique de la crise \u00e9pid\u00e9mique<\/span><\/h3><p id=\"viewer-17guv2067\" class=\"_1LEAZ A-ZZ4 _6Vwzd HjRUP\" dir=\"auto\"><span class=\"-EZUV _6Vwzd\">Les mesures de pr\u00e9vention contre la Covid-19, le couvre-feu et la mise en quarantaine de certaines villes pendant trois mois ont entra\u00een\u00e9 des fragilit\u00e9s \u00e9conomiques qui sont \u00e0 la base des discours critiques \u00e0 l\u2019\u00e9gard du gouvernement. Le refus d\u2019adh\u00e9rer aux directives de pr\u00e9vention de l\u2019\u00c9tat soul\u00e8ve la question de la citoyennet\u00e9 et \u00e9galement celle des interventions internationales globalis\u00e9es. L\u2019\u00e9pid\u00e9mie a mis en exergue une crise de la citoyennet\u00e9. Les r\u00e9sistances aux directives nationales montrent que certains commer\u00e7ants rendus pr\u00e9caires se sentent des citoyens \u00ab\u2009de seconde classe\u2009\u00bb (Mutabazi, 2020, p. 5) par rapport aux \u00e9lites locales. La maladie est devenue une grille de cat\u00e9gorisation des agents de l\u2019\u00e9conomie de l\u2019\u00c9tat burkinab\u00ea en fonction de trois segments : les \u00ab\u2009fonctionnaires\u2009\u00bb, dont les salaires sont garantis par l\u2019\u00c9tat, les hommes d\u2019affaires, d\u00e9tenteurs de grandes surfaces de commerce, et les petits commer\u00e7ants dont la subsistance journali\u00e8re d\u00e9pend de leurs activit\u00e9s \u00e9conomiques. Cette reconfiguration touchant aux rapports de citoyennet\u00e9 met en vis-\u00e0-vis deux types de citoyens, l\u2019un englobant l\u2019\u00c9tat et ses agents agissant comme des acteurs dominants, pr\u00e9dateurs de ressources et repr\u00e9sentants locaux de l\u2019Occident, et l\u2019autre les laiss\u00e9s-pour-compte et les domin\u00e9s subissant les mesures pr\u00e9conis\u00e9es par les dominants. <\/span><\/p><p id=\"viewer-tmhs61036\" class=\"_1LEAZ A-ZZ4 _6Vwzd HjRUP\" dir=\"auto\"><span class=\"-EZUV _6Vwzd\">En ce sens, la crise sanitaire pose la question du droit \u00e0 une vie digne pour chaque individu. La qu\u00eate de celle-ci implique de prendre en compte les diff\u00e9rentes significations de la vie (Fassin, 2006). D\u2019abord, la citoyennet\u00e9 biologique (Petryna, 2004), qui, comme droit \u00e0 la vie, suppose que l\u2019\u00c9tat garantisse un acc\u00e8s \u00e9quitable aux aides alimentaires et autres formes de soutien \u00e0 toutes les personnes rendues pr\u00e9caires. Ensuite, et dans sa traduction biographique, la citoyennet\u00e9 renvoie \u00e0 la reconnaissance sociale des plus vuln\u00e9rables, \u00e0 la possibilit\u00e9 d\u2019avoir acc\u00e8s aux services en fonction de ses besoins. Enfin, la citoyennet\u00e9 va au-del\u00e0 de la vie biologique et de la vie sociale pour int\u00e9grer une dimension morale dans les choix politiques (Fassin, 2006). Il s\u2019agit de la lutte contre les in\u00e9galit\u00e9s sociales productrices des diff\u00e9rentes formes d\u2019injustice ou du manque de reconnaissance (Mutabazi, 2020, p. 5). Dans ce sens, la citoyennet\u00e9 sanitaire reconna\u00eet les droits politiques des individus \u00e0 participer non seulement \u00e0 la formulation et \u00e0 la mise en \u0153uvre des strat\u00e9gies de sant\u00e9 les concernant, mais \u00e9galement \u00e0 lutter pour des ressources m\u00e9dicales limit\u00e9es (Petryna, 2004) au niveau national et supranational (Mutabazi,\u20092020). C\u2019est pourquoi le succ\u00e8s de la lutte contre l\u2019\u00e9pid\u00e9mie d\u00e9pend de la l\u00e9gitimit\u00e9 du gouvernement et des capacit\u00e9s financi\u00e8res et politiques de l\u2019\u00c9tat (Jones, 2022).\u00a0<\/span><\/p><p id=\"viewer-tmhs61036\" class=\"_1LEAZ A-ZZ4 _6Vwzd HjRUP\" dir=\"auto\"><span class=\"-EZUV _6Vwzd\">L\u2019\u00e9pid\u00e9mie a \u00e9galement r\u00e9v\u00e9l\u00e9 les limites des interventions globalis\u00e9es. Les commer\u00e7ants voient le mim\u00e9tisme de l\u2019\u00c9tat dans l\u2019application des mesures de lutte comme une sorte de domination de l\u2019Occident. Il s\u2019agit d\u2019une ignorance \u00e9pist\u00e9mique, car ceux qui prennent les d\u00e9cisions en r\u00e9ponse \u00e0 la Covid-19 sont incapables de pleinement se mettre \u00e0 la place des groupes vuln\u00e9rables dans la soci\u00e9t\u00e9. Ces solutions refl\u00e8tent souvent, implicitement, les cadres et les structures de pouvoir de la sant\u00e9 globale et reconduisent par ce fait les formes d\u2019ignorance des d\u00e9cideurs (Al Dahdah et al., 2021) concernant les effets de la maladie sur les activit\u00e9s \u00e9conomiques. L\u2019uniformisation des mod\u00e8les d\u2019intervention est critiqu\u00e9e comme une forme d\u2019ignorance strat\u00e9gique de la part des acteurs centraux, qui n\u2019ont pas suffisamment pris en compte les r\u00e9alit\u00e9s locales (Al Dahdah et al., 2021).\u00a0<\/span>L\u2019ignorance strat\u00e9gique renvoie au fait de prendre des d\u00e9cisions strat\u00e9giques sans tenir compte des r\u00e9alit\u00e9s du contexte. Dans ce cas-ci, les experts du Comit\u00e9 national et les membres du CORUS ont \u00e9t\u00e9 accus\u00e9s par les commer\u00e7ants d\u2019avoir transpos\u00e9 un mod\u00e8le d\u2019intervention inadapt\u00e9 et inappropri\u00e9 au Burkina Faso. Les reproches, formul\u00e9s \u00e0 l\u2019encontre du monde occidental faisant de la Covid-19 une priorit\u00e9 d\u2019action, alors qu\u2019il existe d\u2019autres pathologies, plus graves et plus mortelles, mettent en \u00e9vidence une d\u00e9formation de la r\u00e9alit\u00e9 telle que regard\u00e9e en surplomb par les experts internationaux. Cette situation, qualifi\u00e9e de \u00ab\u2009myopie\u2009\u00bb par les experts du Sud, est une caract\u00e9ristique des programmes de sant\u00e9 globale, qui ciblent des pathologies particuli\u00e8res selon leurs propres crit\u00e8res (Al Dahdah et al., 2021). Pour les acteurs \u00e9conomiques, les mesures prises semblent avoir \u00e9t\u00e9 fond\u00e9es sur des repr\u00e9sentations confuses et illogiques de la maladie (Revel, 2015), car, dans leur quotidien, la maladie n\u2019est pas une r\u00e9alit\u00e9.\u00a0<\/p><p id=\"viewer-9gq6i1042\" class=\"_1LEAZ A-ZZ4 _6Vwzd HjRUP\" dir=\"auto\"><span class=\"-EZUV _6Vwzd\">Ces discours d\u00e9noncent l\u2019universalisme de l\u2019approche \u00e9pid\u00e9miologique du risque, qui se heurte \u00e0 l\u2019approche perceptive, situ\u00e9e, elle, dans le temps et l\u2019espace, singularis\u00e9e et contextualis\u00e9e tant au plan soci\u00e9tal qu\u2019individuel (Setbon, 2006).\u00a0<\/span>C\u2019est ainsi que la sant\u00e9 globale sera l\u2019objet de vives critiques. D\u2019abord, sa strat\u00e9gie d\u2019intervention est fond\u00e9e sur une logique de s\u00e9lection et de triage des politiques et des b\u00e9n\u00e9ficiaires. Ensuite, elle serait inefficace dans la riposte contre les nouvelles \u00e9pid\u00e9mies. Elle fut nagu\u00e8re critiqu\u00e9e pour son retard dans l\u2019intervention de l\u2019\u00e9pid\u00e9mie d\u2019Ebola en Guin\u00e9e et en Sierra Leone (Gaudilli\u00e8re et al., 2020). Enfin, elle est per\u00e7ue par les experts du Sud comme \u00ab\u2009un des outils les plus efficaces de domination et de contrainte sociale, politique, et \u00e9pist\u00e9mologique\u2009\u00bb (Al Dahdah et al., 2021, p. 15) du Nord sur le Sud, propageant ainsi la supr\u00e9matie d\u2019une m\u00e9decine publique coloniale dans laquelle les colonis\u00e9s sont per\u00e7us comme des ignorants, y compris de leurs propres maladies (Al Dahdah et al., 2021). Ce faisant, la Covid-19 appara\u00eet comme une \u00e9preuve existentielle pour les commer\u00e7ants, mettant \u00e0 nu le d\u00e9calage entre les r\u00e9alit\u00e9s des terrains et les directives de la sant\u00e9 globale.<\/p><h2 id=\"viewer-0zb2l366174\" class=\"a5A3t A-ZZ4 _6Vwzd HjRUP\" dir=\"auto\"><span class=\"-EZUV _6Vwzd\">Conclusion<\/span><\/h2><p id=\"viewer-l6kom851\" class=\"_1LEAZ A-ZZ4 _6Vwzd HjRUP\" dir=\"auto\"><span class=\"-EZUV _6Vwzd\">Les mesures barri\u00e8res pr\u00e9conis\u00e9es par les experts en sant\u00e9 publique vont fonctionner comme des instruments du n\u00e9ocolonialisme au d\u00e9triment des petits commer\u00e7ants vivant dans la d\u00e9brouillardise. La Covid-19 demeure un objet de pol\u00e9mique entre les diff\u00e9rents acteurs nationaux et internationaux engag\u00e9s dans la riposte. L\u2019exp\u00e9rience de la souffrance des commer\u00e7ants de la ville de Ouagadougou les am\u00e8ne \u00e0 produire un discours qui cristallise, \u00e0 partir de la r\u00e9duction de leur circulation entre diff\u00e9rents \u00c9tats pour le commerce, la relation de l\u2019Afrique au monde du point de vue de la construction du risque. Il convient de noter l\u2019\u00e9mergence d\u2019un discours virulent \u00e0 l\u2019endroit de l\u2019Occident, accus\u00e9 d\u2019imposer les politiques de pr\u00e9vention sans tenir compte des r\u00e9alit\u00e9s contextuelles. En effet, confront\u00e9s \u00e0 d\u2019autres pathologies plus mortelles, les commer\u00e7ants s\u2019interrogent sur le choix de mener un rude combat contre la Covid-19. Celui-ci fonctionne comme un miroir au travers duquel les commer\u00e7ants \u00e9valuent l\u2019humanisme de l\u2019Occident. Finalement, il n\u2019y a pas de solution universelle dans la lutte contre la Covid-19. Les citoyens revendiquent une approche locale qui prend en compte les priorit\u00e9s de la vie quotidienne.<br \/><\/span><\/p><\/div><\/div><\/div><\/div><\/div><\/div><\/div><\/div>\t\t\t\t\t\t\t\t<\/div>\n\t\t\t\t<\/div>\n\t\t\t\t<\/div>\n\t\t<div data-particle_enable=\"false\" data-particle-mobile-disabled=\"false\" class=\"elementor-element elementor-element-2d9184d e-con-full e-flex wpr-particle-no wpr-jarallax-no wpr-parallax-no wpr-sticky-section-no e-con e-child\" data-id=\"2d9184d\" data-element_type=\"container\" data-e-type=\"container\" data-settings=\"{&quot;background_background&quot;:&quot;classic&quot;}\">\n\t\t\t\t<div class=\"elementor-element elementor-element-a7fd8c3 ignoretoc elementor-hidden-mobile elementor-widget elementor-widget-heading\" data-id=\"a7fd8c3\" data-element_type=\"widget\" data-e-type=\"widget\" data-widget_type=\"heading.default\">\n\t\t\t\t<div class=\"elementor-widget-container\">\n\t\t\t\t\t<h2 class=\"elementor-heading-title elementor-size-default\">Les auteurs<\/h2>\t\t\t\t<\/div>\n\t\t\t\t<\/div>\n\t\t\t\t<div class=\"elementor-element elementor-element-38b0172 ignoretoc elementor-hidden-mobile elementor-widget elementor-widget-link-in-bio\" data-id=\"38b0172\" data-element_type=\"widget\" data-e-type=\"widget\" data-widget_type=\"link-in-bio.default\">\n\t\t\t\t<div class=\"elementor-widget-container\">\n\t\t\t\t\t\t\t<div class=\"e-link-in-bio e-link-in-bio\">\n\t\t\t<div class=\"e-link-in-bio__content\">\n\n\t\t\t\t\t\t<div class=\"e-link-in-bio__identity\">\n\t\t\t\t\t\t\t\t\t<div class=\"e-link-in-bio__identity-image e-link-in-bio__identity-image-profile has-style-circle\">\n\t\t\t\t\t\t\t<img loading=\"lazy\" decoding=\"async\" width=\"225\" height=\"300\" src=\"https:\/\/www.globalafricasciences.org\/wp-content\/uploads\/2024\/11\/George-Rouamba--225x300.png\" class=\"e-link-in-bio__identity-image-element\" alt=\"\" srcset=\"https:\/\/www.globalafricasciences.org\/wp-content\/uploads\/2024\/11\/George-Rouamba--225x300.png 225w, https:\/\/www.globalafricasciences.org\/wp-content\/uploads\/2024\/11\/George-Rouamba-.png 228w\" sizes=\"(max-width: 225px) 100vw, 225px\" \/>\t\t\t\t\t\t\t\t\t\t\t\t\t<\/div>\n\t\t\t\t\t\t\t<\/div>\n\t\t\t\t\t<div class=\"e-link-in-bio__bio\">\n\t\t\t\t<h5 class=\"e-link-in-bio__heading\">George Rouamba<\/h5>\t\t\t\t<h3 class=\"e-link-in-bio__title\">Ma\u00eetre-assistant de sociologie et d\u2019anthropologie,\n\n<\/h3>\t\t\t\t\t\t\t\t<p class=\"e-link-in-bio__description\">Joseph Ki-Zerbo University, Burkina Faso\n<\/p>\t\t\t<\/div>\n\t\t\t\t\t<div class=\"e-link-in-bio__icons has-size-small\">\n\t\t\t\t\t\t\t<div class=\"e-link-in-bio__icon is-size-small\">\n\t\t\t\t\t<a aria-label=\"Email\" class=\"e-link-in-bio__icon-link\" href=\"mailto:georgerouamba@gmail.com?subject=Contact%20from%20GA%20Bio\">\n\t\t\t\t\t\t<span class=\"e-link-in-bio__icon-svg\">\n\t\t\t\t\t\t\t<i aria-hidden=\"true\" class=\"fas fa-envelope\"><\/i>\t\t\t\t\t\t<\/span>\n\t\t\t\t\t\t\t\t\t\t\t<\/a>\n\t\t\t\t<\/div>\n\t\t\t\t\t<\/div>\n\t\t\n\t\t<div class=\"e-link-in-bio__ctas has-type-button\">\n\t\t\t\t\t\t\t<a href=\"http:\/\/authors\/george-rouamba\" target=\"_blank\" rel=\"noopener \" class=\"e-link-in-bio__cta is-type-button has-corners-rounded\">\n\t\t\t\t\t\t\t\t\t\t<span class=\"e-link-in-bio__cta-text\">\n\t\t\t\t\t\tVoir le profil complet\t\t\t\t\t<\/span>\n\t\t\t\t<\/a>\n\t\t\t\t\t<\/div>\n\t\t\n\t\t\t<\/div>\n\t\t\t<div class=\"e-link-in-bio__bg\">\n\t\t\t\t<div class=\"e-link-in-bio__bg-overlay\"><\/div>\n\t\t\t<\/div>\n\t\t<\/div>\n\t\t\t\t\t\t<\/div>\n\t\t\t\t<\/div>\n\t\t\t\t<div class=\"elementor-element elementor-element-f2b96c0 ignoretoc elementor-hidden-mobile elementor-widget elementor-widget-link-in-bio\" data-id=\"f2b96c0\" data-element_type=\"widget\" data-e-type=\"widget\" data-widget_type=\"link-in-bio.default\">\n\t\t\t\t<div class=\"elementor-widget-container\">\n\t\t\t\t\t\t\t<div class=\"e-link-in-bio e-link-in-bio\">\n\t\t\t<div class=\"e-link-in-bio__content\">\n\n\t\t\t\t\t\t<div class=\"e-link-in-bio__identity\">\n\t\t\t\t\t\t\t\t\t<div class=\"e-link-in-bio__identity-image e-link-in-bio__identity-image-profile has-style-circle\">\n\t\t\t\t\t\t\t<img loading=\"lazy\" decoding=\"async\" width=\"225\" height=\"300\" src=\"https:\/\/www.globalafricasciences.org\/wp-content\/uploads\/2024\/12\/Zakaria-Sore--225x300.jpg\" class=\"e-link-in-bio__identity-image-element\" alt=\"\" srcset=\"https:\/\/www.globalafricasciences.org\/wp-content\/uploads\/2024\/12\/Zakaria-Sore--225x300.jpg 225w, https:\/\/www.globalafricasciences.org\/wp-content\/uploads\/2024\/12\/Zakaria-Sore-.jpg 244w\" sizes=\"(max-width: 225px) 100vw, 225px\" \/>\t\t\t\t\t\t\t\t\t\t\t\t\t<\/div>\n\t\t\t\t\t\t\t<\/div>\n\t\t\t\t\t<div class=\"e-link-in-bio__bio\">\n\t\t\t\t<h2 class=\"e-link-in-bio__heading\">Zakaria Sor\u00e9<\/h2>\t\t\t\t<h3 class=\"e-link-in-bio__title\">Ma\u00eetre de conf\u00e9rences de sociologie,<\/h3>\t\t\t\t\t\t\t\t<p class=\"e-link-in-bio__description\">Joseph Ki-Zerbo University, Burkina Faso\n<\/p>\t\t\t<\/div>\n\t\t\t\t\t<div class=\"e-link-in-bio__icons has-size-small\">\n\t\t\t\t\t\t\t<div class=\"e-link-in-bio__icon is-size-small\">\n\t\t\t\t\t<a aria-label=\"Email\" class=\"e-link-in-bio__icon-link\" href=\"mailto:sorefils@gmail.com?subject=Contact%20from%20GA%20Bio\">\n\t\t\t\t\t\t<span class=\"e-link-in-bio__icon-svg\">\n\t\t\t\t\t\t\t<i aria-hidden=\"true\" class=\"fas fa-envelope\"><\/i>\t\t\t\t\t\t<\/span>\n\t\t\t\t\t\t\t\t\t\t\t<\/a>\n\t\t\t\t<\/div>\n\t\t\t\t\t<\/div>\n\t\t\n\t\t<div class=\"e-link-in-bio__ctas has-type-button\">\n\t\t\t\t\t\t\t<a href=\"\/authors\/zakaria-sore\" target=\"_blank\" rel=\"noopener \" class=\"e-link-in-bio__cta is-type-button has-corners-rounded\">\n\t\t\t\t\t\t\t\t\t\t<span class=\"e-link-in-bio__cta-text\">\n\t\t\t\t\t\tVoir le profil complet\t\t\t\t\t<\/span>\n\t\t\t\t<\/a>\n\t\t\t\t\t<\/div>\n\t\t\n\t\t\t<\/div>\n\t\t\t<div class=\"e-link-in-bio__bg\">\n\t\t\t\t<div class=\"e-link-in-bio__bg-overlay\"><\/div>\n\t\t\t<\/div>\n\t\t<\/div>\n\t\t\t\t\t\t<\/div>\n\t\t\t\t<\/div>\n\t\t\t\t<div class=\"elementor-element elementor-element-01ec769 ignoretoc elementor-hidden-mobile elementor-widget elementor-widget-link-in-bio\" data-id=\"01ec769\" data-element_type=\"widget\" data-e-type=\"widget\" data-widget_type=\"link-in-bio.default\">\n\t\t\t\t<div class=\"elementor-widget-container\">\n\t\t\t\t\t\t\t<div class=\"e-link-in-bio e-link-in-bio\">\n\t\t\t<div class=\"e-link-in-bio__content\">\n\n\t\t\t\t\t\t<div class=\"e-link-in-bio__identity\">\n\t\t\t\t\t\t\t\t\t<div class=\"e-link-in-bio__identity-image e-link-in-bio__identity-image-profile has-style-circle\">\n\t\t\t\t\t\t\t<img loading=\"lazy\" decoding=\"async\" width=\"299\" height=\"299\" src=\"https:\/\/www.globalafricasciences.org\/wp-content\/uploads\/2024\/12\/photo.webp\" class=\"e-link-in-bio__identity-image-element\" alt=\"\" srcset=\"https:\/\/www.globalafricasciences.org\/wp-content\/uploads\/2024\/12\/photo.webp 299w, https:\/\/www.globalafricasciences.org\/wp-content\/uploads\/2024\/12\/photo-150x150.webp 150w\" sizes=\"(max-width: 299px) 100vw, 299px\" \/>\t\t\t\t\t\t\t\t\t\t\t\t\t<\/div>\n\t\t\t\t\t\t\t<\/div>\n\t\t\t\t\t<div class=\"e-link-in-bio__bio\">\n\t\t\t\t<h2 class=\"e-link-in-bio__heading\">Yacouba Tengueri<\/h2>\t\t\t\t<h3 class=\"e-link-in-bio__title\">Assistant de sociologie,<\/h3>\t\t\t\t\t\t\t\t<p class=\"e-link-in-bio__description\">University of D\u00e9dougou, Burkina Faso<\/p>\t\t\t<\/div>\n\t\t\t\t\t<div class=\"e-link-in-bio__icons has-size-small\">\n\t\t\t\t\t\t\t<div class=\"e-link-in-bio__icon is-size-small\">\n\t\t\t\t\t<a aria-label=\"Email\" class=\"e-link-in-bio__icon-link\" href=\"mailto:yacouba.tengueri@univ-dedougou.bf?subject=Contact%20from%20GA%20Bio\">\n\t\t\t\t\t\t<span class=\"e-link-in-bio__icon-svg\">\n\t\t\t\t\t\t\t<i aria-hidden=\"true\" class=\"fas fa-envelope\"><\/i>\t\t\t\t\t\t<\/span>\n\t\t\t\t\t\t\t\t\t\t\t<\/a>\n\t\t\t\t<\/div>\n\t\t\t\t\t<\/div>\n\t\t\n\t\t<div class=\"e-link-in-bio__ctas has-type-button\">\n\t\t\t\t\t\t\t<a href=\"\/authors\/yacouba-tengueri\" target=\"_blank\" rel=\"noopener \" class=\"e-link-in-bio__cta is-type-button has-corners-rounded\">\n\t\t\t\t\t\t\t\t\t\t<span class=\"e-link-in-bio__cta-text\">\n\t\t\t\t\t\tVoir le profil complet\t\t\t\t\t<\/span>\n\t\t\t\t<\/a>\n\t\t\t\t\t<\/div>\n\t\t\n\t\t\t<\/div>\n\t\t\t<div class=\"e-link-in-bio__bg\">\n\t\t\t\t<div class=\"e-link-in-bio__bg-overlay\"><\/div>\n\t\t\t<\/div>\n\t\t<\/div>\n\t\t\t\t\t\t<\/div>\n\t\t\t\t<\/div>\n\t\t\t\t<div class=\"elementor-element elementor-element-f98bb41 ignoretoc elementor-hidden-mobile elementor-widget elementor-widget-link-in-bio\" data-id=\"f98bb41\" data-element_type=\"widget\" data-e-type=\"widget\" data-widget_type=\"link-in-bio.default\">\n\t\t\t\t<div class=\"elementor-widget-container\">\n\t\t\t\t\t\t\t<div class=\"e-link-in-bio e-link-in-bio\">\n\t\t\t<div class=\"e-link-in-bio__content\">\n\n\t\t\t\t\t\t<div class=\"e-link-in-bio__identity\">\n\t\t\t\t\t\t\t\t\t<div class=\"e-link-in-bio__identity-image e-link-in-bio__identity-image-profile has-style-circle\">\n\t\t\t\t\t\t\t<img loading=\"lazy\" decoding=\"async\" width=\"225\" height=\"300\" src=\"https:\/\/www.globalafricasciences.org\/wp-content\/uploads\/2024\/11\/Claudine-Valerie-B.-Rouamba-Ouedraogo--225x300.jpg\" class=\"e-link-in-bio__identity-image-element\" alt=\"\" srcset=\"https:\/\/www.globalafricasciences.org\/wp-content\/uploads\/2024\/11\/Claudine-Valerie-B.-Rouamba-Ouedraogo--225x300.jpg 225w, https:\/\/www.globalafricasciences.org\/wp-content\/uploads\/2024\/11\/Claudine-Valerie-B.-Rouamba-Ouedraogo-.jpg 360w\" sizes=\"(max-width: 225px) 100vw, 225px\" \/>\t\t\t\t\t\t\t\t\t\t\t\t\t<\/div>\n\t\t\t\t\t\t\t<\/div>\n\t\t\t\t\t<div class=\"e-link-in-bio__bio\">\n\t\t\t\t<h2 class=\"e-link-in-bio__heading\">Claudine Val\u00e9rie B. Rouamba-Ouedraogo<\/h2>\t\t\t\t<h3 class=\"e-link-in-bio__title\">Professeur titulaire de sociologie,<\/h3>\t\t\t\t\t\t\t\t<p class=\"e-link-in-bio__description\">Joseph Ki-Zerbo University, Burkina Faso<\/p>\t\t\t<\/div>\n\t\t\t\t\t<div class=\"e-link-in-bio__icons has-size-small\">\n\t\t\t\t\t\t\t<div class=\"e-link-in-bio__icon is-size-small\">\n\t\t\t\t\t<a aria-label=\"Email\" class=\"e-link-in-bio__icon-link\" href=\"mailto:valerie.rouamba@ujkz.bf?subject=Contact%20from%20GA%20Bio\">\n\t\t\t\t\t\t<span class=\"e-link-in-bio__icon-svg\">\n\t\t\t\t\t\t\t<i aria-hidden=\"true\" class=\"fas fa-envelope\"><\/i>\t\t\t\t\t\t<\/span>\n\t\t\t\t\t\t\t\t\t\t\t<\/a>\n\t\t\t\t<\/div>\n\t\t\t\t\t<\/div>\n\t\t\n\t\t<div class=\"e-link-in-bio__ctas has-type-button\">\n\t\t\t\t\t\t\t<a href=\"\/authors\/claudine-valerie-b.-rouamba-ouedraogo\" target=\"_blank\" rel=\"noopener \" class=\"e-link-in-bio__cta is-type-button has-corners-rounded\">\n\t\t\t\t\t\t\t\t\t\t<span class=\"e-link-in-bio__cta-text\">\n\t\t\t\t\t\tVoir le profil complet\t\t\t\t\t<\/span>\n\t\t\t\t<\/a>\n\t\t\t\t\t<\/div>\n\t\t\n\t\t\t<\/div>\n\t\t\t<div class=\"e-link-in-bio__bg\">\n\t\t\t\t<div class=\"e-link-in-bio__bg-overlay\"><\/div>\n\t\t\t<\/div>\n\t\t<\/div>\n\t\t\t\t\t\t<\/div>\n\t\t\t\t<\/div>\n\t\t\t\t<div class=\"elementor-element elementor-element-ca44f9b ignoretoc elementor-widget elementor-widget-heading\" data-id=\"ca44f9b\" data-element_type=\"widget\" data-e-type=\"widget\" data-widget_type=\"heading.default\">\n\t\t\t\t<div class=\"elementor-widget-container\">\n\t\t\t\t\t<h2 class=\"elementor-heading-title elementor-size-default\">\u00c9galement dans ce num\u00e9ro<\/h2>\t\t\t\t<\/div>\n\t\t\t\t<\/div>\n\t\t\t\t<div class=\"elementor-element elementor-element-08ab0bf elementor-grid-1 elementor-grid-tablet-1 elementor-grid-mobile-1 elementor-posts--thumbnail-top elementor-posts--show-avatar elementor-card-shadow-yes elementor-posts__hover-gradient elementor-widget elementor-widget-posts\" data-id=\"08ab0bf\" data-element_type=\"widget\" data-e-type=\"widget\" data-settings=\"{&quot;posts_cards_pp_authors_columns&quot;:&quot;1&quot;,&quot;posts_cards_pp_authors_row_gap&quot;:{&quot;unit&quot;:&quot;px&quot;,&quot;size&quot;:27,&quot;sizes&quot;:[]},&quot;posts_cards_pp_authors_columns_tablet&quot;:&quot;1&quot;,&quot;posts_cards_pp_authors_columns_mobile&quot;:&quot;1&quot;,&quot;posts_cards_pp_authors_row_gap_laptop&quot;:{&quot;unit&quot;:&quot;px&quot;,&quot;size&quot;:&quot;&quot;,&quot;sizes&quot;:[]},&quot;posts_cards_pp_authors_row_gap_tablet_extra&quot;:{&quot;unit&quot;:&quot;px&quot;,&quot;size&quot;:&quot;&quot;,&quot;sizes&quot;:[]},&quot;posts_cards_pp_authors_row_gap_tablet&quot;:{&quot;unit&quot;:&quot;px&quot;,&quot;size&quot;:&quot;&quot;,&quot;sizes&quot;:[]},&quot;posts_cards_pp_authors_row_gap_mobile_extra&quot;:{&quot;unit&quot;:&quot;px&quot;,&quot;size&quot;:&quot;&quot;,&quot;sizes&quot;:[]},&quot;posts_cards_pp_authors_row_gap_mobile&quot;:{&quot;unit&quot;:&quot;px&quot;,&quot;size&quot;:&quot;&quot;,&quot;sizes&quot;:[]}}\" data-widget_type=\"posts.posts_cards_pp_authors\">\n\t\t\t\t<div class=\"elementor-widget-container\">\n\t\t\t\t\t\t\t<div class=\"elementor-posts-container elementor-posts elementor-posts--skin-posts_cards_pp_authors elementor-grid\" role=\"list\">\n\t\t\t\t<article class=\"elementor-post elementor-grid-item post-15271 post type-post status-publish format-standard has-post-thumbnail hentry category-revue author-global-africa\" role=\"listitem\">\n\t\t\t<div class=\"elementor-post__card\">\n\t\t\t\t<a class=\"elementor-post__thumbnail__link\" href=\"https:\/\/www.globalafricasciences.org\/fr\/numero-10-global-africa-savoirs-protecteurs-savoir-proteger\/\" tabindex=\"-1\" target=\"_blank\"><div class=\"elementor-post__thumbnail\"><img loading=\"lazy\" decoding=\"async\" width=\"1200\" height=\"1200\" src=\"https:\/\/www.globalafricasciences.org\/wp-content\/uploads\/2025\/06\/Issue-10-\u2013-Global-AfricaProtective-Knowledges-The-Wisdom-to-Protect-.webp\" class=\"attachment-full size-full wp-image-15268\" alt=\"\" \/><\/div><\/a>\n\t\t        <div class=\"elementor-post__avatar\">\n            <img alt='' src='https:\/\/www.globalafricasciences.org\/wp-content\/uploads\/2024\/11\/Global-Africa.jpg' srcset='https:\/\/www.globalafricasciences.org\/wp-content\/uploads\/2024\/11\/Global-Africa.jpg' class='multiple_authors_guest_author_avatar avatar' height='128' width='128'\/>        <\/div>\n        \t\t<div class=\"elementor-post__text\">\n\t\t\t\t<h4 class=\"elementor-post__title\">\n\t\t\t<a href=\"https:\/\/www.globalafricasciences.org\/fr\/numero-10-global-africa-savoirs-protecteurs-savoir-proteger\/\" target=&quot;_blank&quot;>\n\t\t\t\tNum\u00e9ro 10 \u2013 Global Africa\u00ab Savoirs protecteurs, savoir prot\u00e9ger \u00bb\t\t\t<\/a>\n\t\t<\/h4>\n\t\t\n\t\t<a class=\"elementor-post__read-more\" href=\"https:\/\/www.globalafricasciences.org\/fr\/numero-10-global-africa-savoirs-protecteurs-savoir-proteger\/\" aria-label=\"En savoir plus sur Num\u00e9ro 10 \u2013 Global Africa\u00ab Savoirs protecteurs, savoir prot\u00e9ger \u00bb\" tabindex=\"-1\" target=\"_blank\">\n\t\t\tRead More \u00bb\t\t<\/a>\n\n\t\t\t\t<\/div>\n\t\t\t\t<div class=\"elementor-post__meta-data\">\n\t\t\t        <span class=\"elementor-post-author\">\n\t\t\tGlobal Africa\t\t<\/span>\n        \t\t<\/div>\n\t\t\t\t\t<\/div>\n\t\t<\/article>\n\t\t\t\t<article class=\"elementor-post elementor-grid-item post-15509 post type-post status-publish format-standard has-post-thumbnail hentry category-analyses-critiques author-karine-collette-fr author-ibrahima-ba-fr\" role=\"listitem\">\n\t\t\t<div class=\"elementor-post__card\">\n\t\t\t\t<a class=\"elementor-post__thumbnail__link\" href=\"https:\/\/www.globalafricasciences.org\/fr\/terre-mere-trace-discursive-dune-emancipation-ecologique-au-nord-et-au-sud\/\" tabindex=\"-1\" target=\"_blank\"><div class=\"elementor-post__thumbnail\"><img loading=\"lazy\" decoding=\"async\" width=\"527\" height=\"752\" src=\"https:\/\/www.globalafricasciences.org\/wp-content\/uploads\/2025\/06\/Capture-decran-2025-06-27-a-19.19.41.png\" class=\"attachment-full size-full wp-image-14990\" alt=\"\" srcset=\"https:\/\/www.globalafricasciences.org\/wp-content\/uploads\/2025\/06\/Capture-decran-2025-06-27-a-19.19.41.png 527w, https:\/\/www.globalafricasciences.org\/wp-content\/uploads\/2025\/06\/Capture-decran-2025-06-27-a-19.19.41-210x300.png 210w\" sizes=\"(max-width: 527px) 100vw, 527px\" \/><\/div><\/a>\n\t\t        <div class=\"elementor-post__avatar\">\n            <img alt='' src='https:\/\/www.globalafricasciences.org\/wp-content\/uploads\/2024\/11\/Global-Africa.jpg' srcset='https:\/\/www.globalafricasciences.org\/wp-content\/uploads\/2024\/11\/Global-Africa.jpg' class='multiple_authors_guest_author_avatar avatar' height='128' width='128'\/><img alt='' src='https:\/\/www.globalafricasciences.org\/wp-content\/uploads\/2024\/11\/Global-Africa.jpg' srcset='https:\/\/www.globalafricasciences.org\/wp-content\/uploads\/2024\/11\/Global-Africa.jpg' class='multiple_authors_guest_author_avatar avatar' height='128' width='128'\/>        <\/div>\n        \t\t<div class=\"elementor-post__text\">\n\t\t\t\t<h4 class=\"elementor-post__title\">\n\t\t\t<a href=\"https:\/\/www.globalafricasciences.org\/fr\/terre-mere-trace-discursive-dune-emancipation-ecologique-au-nord-et-au-sud\/\" target=&quot;_blank&quot;>\n\t\t\t\tTerre-M\u00e8re : trace discursive d\u2019une \u00e9mancipation \u00e9cologique au Nord et au Sud ?\t\t\t<\/a>\n\t\t<\/h4>\n\t\t\n\t\t<a class=\"elementor-post__read-more\" href=\"https:\/\/www.globalafricasciences.org\/fr\/terre-mere-trace-discursive-dune-emancipation-ecologique-au-nord-et-au-sud\/\" aria-label=\"En savoir plus sur Terre-M\u00e8re : trace discursive d\u2019une \u00e9mancipation \u00e9cologique au Nord et au Sud ?\" tabindex=\"-1\" target=\"_blank\">\n\t\t\tRead More \u00bb\t\t<\/a>\n\n\t\t\t\t<\/div>\n\t\t\t\t<div class=\"elementor-post__meta-data\">\n\t\t\t        <span class=\"elementor-post-author\">\n\t\t\tKarine Collette, Ibrahima Ba\t\t<\/span>\n        \t\t<\/div>\n\t\t\t\t\t<\/div>\n\t\t<\/article>\n\t\t\t\t<article class=\"elementor-post elementor-grid-item post-15517 post type-post status-publish format-standard has-post-thumbnail hentry category-champ author-cheikh-sadibou-sakho-fr author-masengesho-kamuzinzi-fr\" role=\"listitem\">\n\t\t\t<div class=\"elementor-post__card\">\n\t\t\t\t<a class=\"elementor-post__thumbnail__link\" href=\"https:\/\/www.globalafricasciences.org\/fr\/we-heal-together-un-savoir-protecteur-par-excellence-qui-sinspire-de-lheritage-africain-ou-les-responsabilites-envers-soi-et-envers-autrui-sont-indissociables\/\" tabindex=\"-1\" target=\"_blank\"><div class=\"elementor-post__thumbnail\"><img loading=\"lazy\" decoding=\"async\" width=\"527\" height=\"752\" src=\"https:\/\/www.globalafricasciences.org\/wp-content\/uploads\/2025\/06\/Capture-decran-2025-06-27-a-19.18.04.webp\" class=\"attachment-full size-full wp-image-14982\" alt=\"\" \/><\/div><\/a>\n\t\t        <div class=\"elementor-post__avatar\">\n            <img alt='' src='https:\/\/www.globalafricasciences.org\/wp-content\/uploads\/2025\/04\/Cheikh-Sadibou-Sakho-.webp' srcset='https:\/\/www.globalafricasciences.org\/wp-content\/uploads\/2025\/04\/Cheikh-Sadibou-Sakho-.webp' class='multiple_authors_guest_author_avatar avatar' height='128' width='128'\/><img alt='' src='https:\/\/www.globalafricasciences.org\/wp-content\/uploads\/2024\/11\/Global-Africa.jpg' srcset='https:\/\/www.globalafricasciences.org\/wp-content\/uploads\/2024\/11\/Global-Africa.jpg' class='multiple_authors_guest_author_avatar avatar' height='128' width='128'\/>        <\/div>\n        \t\t<div class=\"elementor-post__text\">\n\t\t\t\t<h4 class=\"elementor-post__title\">\n\t\t\t<a href=\"https:\/\/www.globalafricasciences.org\/fr\/we-heal-together-un-savoir-protecteur-par-excellence-qui-sinspire-de-lheritage-africain-ou-les-responsabilites-envers-soi-et-envers-autrui-sont-indissociables\/\" target=&quot;_blank&quot;>\n\t\t\t\t\u00ab We Heal Together \u00bb, un savoir protecteur par excellence qui s\u2019inspire de l\u2019h\u00e9ritage africain, o\u00f9 les responsabilit\u00e9s envers soi et envers autrui sont indissociables\t\t\t<\/a>\n\t\t<\/h4>\n\t\t\n\t\t<a class=\"elementor-post__read-more\" href=\"https:\/\/www.globalafricasciences.org\/fr\/we-heal-together-un-savoir-protecteur-par-excellence-qui-sinspire-de-lheritage-africain-ou-les-responsabilites-envers-soi-et-envers-autrui-sont-indissociables\/\" aria-label=\"En savoir plus sur \u00ab We Heal Together \u00bb, un savoir protecteur par excellence qui s\u2019inspire de l\u2019h\u00e9ritage africain, o\u00f9 les responsabilit\u00e9s envers soi et envers autrui sont indissociables\" tabindex=\"-1\" target=\"_blank\">\n\t\t\tRead More \u00bb\t\t<\/a>\n\n\t\t\t\t<\/div>\n\t\t\t\t<div class=\"elementor-post__meta-data\">\n\t\t\t        <span class=\"elementor-post-author\">\n\t\t\tCheikh Sadibou Sakho, Masengesho Kamuzinzi\t\t<\/span>\n        \t\t<\/div>\n\t\t\t\t\t<\/div>\n\t\t<\/article>\n\t\t\t\t<article class=\"elementor-post elementor-grid-item post-15523 post type-post status-publish format-standard has-post-thumbnail hentry category-analyses-critiques author-cheikh-sadibou-sakho-fr author-ndeye-laity-ndiaye-fr\" role=\"listitem\">\n\t\t\t<div class=\"elementor-post__card\">\n\t\t\t\t<a class=\"elementor-post__thumbnail__link\" href=\"https:\/\/www.globalafricasciences.org\/fr\/it-takes-a-village-reinventer-la-mise-a-labri-des-survivantes-de-violences-sexuelles-au-senegalpistes-a-partir-de-lexperience-du-centre-kullimaaroo-de-ziguinchor\/\" tabindex=\"-1\" target=\"_blank\"><div class=\"elementor-post__thumbnail\"><img loading=\"lazy\" decoding=\"async\" width=\"527\" height=\"752\" src=\"https:\/\/www.globalafricasciences.org\/wp-content\/uploads\/2025\/06\/Capture-decran-2025-06-27-a-19.17.22.webp\" class=\"attachment-full size-full wp-image-14992\" alt=\"\" \/><\/div><\/a>\n\t\t        <div class=\"elementor-post__avatar\">\n            <img alt='' src='https:\/\/www.globalafricasciences.org\/wp-content\/uploads\/2025\/04\/Cheikh-Sadibou-Sakho-.webp' srcset='https:\/\/www.globalafricasciences.org\/wp-content\/uploads\/2025\/04\/Cheikh-Sadibou-Sakho-.webp' class='multiple_authors_guest_author_avatar avatar' height='128' width='128'\/><img alt='' src='https:\/\/www.globalafricasciences.org\/wp-content\/uploads\/2024\/11\/Global-Africa.jpg' srcset='https:\/\/www.globalafricasciences.org\/wp-content\/uploads\/2024\/11\/Global-Africa.jpg' class='multiple_authors_guest_author_avatar avatar' height='128' width='128'\/>        <\/div>\n        \t\t<div class=\"elementor-post__text\">\n\t\t\t\t<h4 class=\"elementor-post__title\">\n\t\t\t<a href=\"https:\/\/www.globalafricasciences.org\/fr\/it-takes-a-village-reinventer-la-mise-a-labri-des-survivantes-de-violences-sexuelles-au-senegalpistes-a-partir-de-lexperience-du-centre-kullimaaroo-de-ziguinchor\/\" target=&quot;_blank&quot;>\n\t\t\t\tIt Takes a Village! (R\u00e9)inventer la mise \u00e0 l\u2019abri des survivantes de violences sexuelles au S\u00e9n\u00e9gal<br>Pistes \u00e0 partir de l\u2019exp\u00e9rience du centre Kullimaaroo de Ziguinchor\t\t\t<\/a>\n\t\t<\/h4>\n\t\t\n\t\t<a class=\"elementor-post__read-more\" href=\"https:\/\/www.globalafricasciences.org\/fr\/it-takes-a-village-reinventer-la-mise-a-labri-des-survivantes-de-violences-sexuelles-au-senegalpistes-a-partir-de-lexperience-du-centre-kullimaaroo-de-ziguinchor\/\" aria-label=\"En savoir plus sur It Takes a Village! (R\u00e9)inventer la mise \u00e0 l\u2019abri des survivantes de violences sexuelles au S\u00e9n\u00e9gal&lt;br&gt;Pistes \u00e0 partir de l\u2019exp\u00e9rience du centre Kullimaaroo de Ziguinchor\" tabindex=\"-1\" target=\"_blank\">\n\t\t\tRead More \u00bb\t\t<\/a>\n\n\t\t\t\t<\/div>\n\t\t\t\t<div class=\"elementor-post__meta-data\">\n\t\t\t        <span class=\"elementor-post-author\">\n\t\t\tCheikh Sadibou Sakho, Nd\u00e8ye La\u00efty Ndiaye\t\t<\/span>\n        \t\t<\/div>\n\t\t\t\t\t<\/div>\n\t\t<\/article>\n\t\t\t\t<\/div>\n\t\t\n\t\t\t\t\t\t<\/div>\n\t\t\t\t<\/div>\n\t\t\t\t<\/div>\n\t\t\t\t<\/div>\n\t\t<div data-particle_enable=\"false\" data-particle-mobile-disabled=\"false\" class=\"elementor-element elementor-element-e590199 e-con-full e-flex wpr-particle-no wpr-jarallax-no wpr-parallax-no wpr-sticky-section-no e-con e-parent\" data-id=\"e590199\" data-element_type=\"container\" data-e-type=\"container\">\n\t\t\t\t<div class=\"elementor-element elementor-element-3dd1381 elementor-widget elementor-widget-eael-adv-tabs\" data-id=\"3dd1381\" data-element_type=\"widget\" data-e-type=\"widget\" data-widget_type=\"eael-adv-tabs.default\">\n\t\t\t\t<div class=\"elementor-widget-container\">\n\t\t\t\t\t        <div data-scroll-on-click=\"no\" data-scroll-speed=\"300\" id=\"eael-advance-tabs-3dd1381\" class=\"eael-advance-tabs eael-tabs-horizontal eael-tab-auto-active  responsive-vertical-layout\" data-tabid=\"3dd1381\">\n            <div class=\"eael-tabs-nav \">\n                <ul class=\"eael-tab-inline-icon\" role=\"tablist\">\n                                            <li id=\"pour-citer-larticle-\" class=\"active-default eael-tab-item-trigger eael-tab-nav-item\" aria-selected=\"true\" data-tab=\"1\" role=\"tab\" tabindex=\"0\" aria-controls=\"pour-citer-larticle--tab\" aria-expanded=\"false\">\n                            \n                                                                <i class=\"fas fa-quote-left\"><\/i>                                                            \n                                                            <span class=\"eael-tab-title title-after-icon\" >Pour citer l&rsquo;article :<\/span>                            \n                                                    <\/li>\n                                            <li id=\"notes\" class=\"inactive eael-tab-item-trigger eael-tab-nav-item\" aria-selected=\"false\" data-tab=\"2\" role=\"tab\" tabindex=\"-1\" aria-controls=\"notes-tab\" aria-expanded=\"false\">\n                            \n                                                                <i class=\"fas fa-notes-medical\"><\/i>                                                            \n                                                            <span class=\"eael-tab-title title-after-icon\" >Notes<\/span>                            \n                                                    <\/li>\n                                            <li id=\"bibliographie\" class=\"inactive eael-tab-item-trigger eael-tab-nav-item\" aria-selected=\"false\" data-tab=\"3\" role=\"tab\" tabindex=\"-1\" aria-controls=\"bibliographie-tab\" aria-expanded=\"false\">\n                            \n                                                                <i class=\"fas fa-book\"><\/i>                                                            \n                                                            <span class=\"eael-tab-title title-after-icon\" >Bibliographie<\/span>                            \n                                                    <\/li>\n                    \n                                  <\/ul>\n            <\/div>\n            \n            <div class=\"eael-tabs-content\">\n\t\t        \n                    <div id=\"pour-citer-larticle--tab\" class=\"clearfix eael-tab-content-item active-default\" data-title-link=\"pour-citer-larticle--tab\">\n\t\t\t\t        <h5 class=\"font_8 wixui-rich-text__text\">APA<\/h5>\n<p class=\"font_8 wixui-rich-text__text\">Rouamba, G., Sor\u00e9, Z., Tengueri, Y., Rouamba-Ouedraogo, C. V. (2022). Les acteurs \u00e9conomiques des march\u00e9s de la capitale du Burkina Faso \u00e0 l\u2019\u00e9preuve de la Covid-19. Discours et pratiques face aux mesures barri\u00e8res.<em class=\"wixui-rich-text__text\"> Global Africa, 2<\/em>, pp. 71-85. https:\/\/doi.org\/10.57832\/4dfbg969   <u class=\"wixui-rich-text__text\"><\/u><u class=\"wixui-rich-text__text\"><a class=\"wixui-rich-text__text\" href=\"https:\/\/doi.org\/10.57832\/1zqg-gg07\" target=\"_blank\" rel=\"noopener\">https:\/\/doi.org\/10.57832\/1zqg-gg07<\/a><\/u><\/p>\n<h5 class=\"font_8 wixui-rich-text__text\">MLA<\/h5>\n<p class=\"font_8 wixui-rich-text__text\">Rouamba, George et al. \u00ab Les acteurs \u00e9conomiques des march\u00e9s de la capitale du Burkina Faso \u00e0 l\u2019\u00e9preuve de la Covid-19. Discours et pratiques face aux mesures barri\u00e8res \u00bb. <em class=\"wixui-rich-text__text\">Global Africa<\/em>, no. <em class=\"wixui-rich-text__text\"> <\/em>2, 2022, p. 86-99. <a class=\"wixui-rich-text__text\" href=\"https:\/\/doi.org\/10.57832\/1zqg-gg07\" target=\"_blank\" rel=\"noopener\"><u class=\"wixui-rich-text__text\">doi.org\/10.57832\/1zqg-gg07<\/u><\/a><\/p>\n<h5 class=\"font_8 wixui-rich-text__text\">DOI<\/h5>\n<p class=\"font_8 wixui-rich-text__text\"><a class=\"wixui-rich-text__text\" href=\"https:\/\/doi.org\/10.57832\/1zqg-gg07\" target=\"_blank\" rel=\"noopener\"><u class=\"wixui-rich-text__text\">https:\/\/doi.org\/10.57832\/1zqg-gg07<\/u><\/a><\/p>\n<p class=\"font_8 wixui-rich-text__text\">\u00a9 2022 by author(s). This work is openly licensed via CC BY-NC 4.0 <\/p>\n                    <\/div>\n\t\t        \n                    <div id=\"notes-tab\" class=\"clearfix eael-tab-content-item inactive\" data-title-link=\"notes-tab\">\n\t\t\t\t                            <\/div>\n\t\t        \n                    <div id=\"bibliographie-tab\" class=\"clearfix eael-tab-content-item inactive\" data-title-link=\"bibliographie-tab\">\n\t\t\t\t        <p><span style=\"font-weight: 400\">Al Dahdah, M., Falisse, J. B., &amp; Lurton, G. (2021). Ignorance et sant\u00e9 globale.  <\/span><i><span style=\"font-weight: 400\">Revue d\u2019Anthropologie des Connaissances<\/span><\/i><span style=\"font-weight: 400\">, <\/span><i><span style=\"font-weight: 400\">15<\/span><\/i><span style=\"font-weight: 400\">. Retrieved december 12, 2021, from <\/span><a href=\"http:\/\/journals.openedition.org\/rac\/23685\"><span style=\"font-weight: 400\">http:\/\/journals.openedition.org\/rac\/23685<\/span><\/a><span style=\"font-weight: 400\">.<\/span><\/p>\n<p><span style=\"font-weight: 400\">Autorit\u00e9 sup\u00e9rieure de contr\u00f4le d\u2019\u00c9tat et de lutte contre la corruption (ASCE-L). (2021).  <\/span><i><span style=\"font-weight: 400\">Audit des d\u00e9penses effectu\u00e9es dans le cadre du plan de riposte du Covid-19 au 31 d\u00e9cembre 2020<\/span><\/i><span style=\"font-weight: 400\"> (Rapport de mission sur les constatations de faits sur la p\u00e9riode arr\u00eat\u00e9e au 31\/12\/2020).<\/span><\/p>\n<p><span style=\"font-weight: 400\">Bagbila, A. J. (1993). Les march\u00e9s urbains de Ouagadougou.  <\/span><i><span style=\"font-weight: 400\">m\u00e9moire de ma\u00eetrise en g\u00e9ographie, Universit\u00e9 de Ouagadougou, <\/span><\/i><span style=\"font-weight: 400\">152 p. <\/span><a href=\"https:\/\/beep.ird.fr\/collect\/depgeo\/index\/assoc\/BAGADR93\/BAGADR93.pdf\"><span style=\"font-weight: 400\">https:\/\/beep.ird.fr\/collect\/depgeo\/index\/assoc\/BAGADR93\/BAGADR93.pdf<\/span><\/a><span style=\"font-weight: 400\"> [consult\u00e9 le 16 ao\u00fbt 2022].<\/span><\/p>\n<p><span style=\"font-weight: 400\">Douce, S. (2020). Au Burkina Faso, la pol\u00e9mique sur la gestion de la lutte contre le coronavirus enfle.  <\/span><i><span style=\"font-weight: 400\">Le Monde<\/span><\/i><span style=\"font-weight: 400\">, <\/span><i><span style=\"font-weight: 400\">13<\/span><\/i><span style=\"font-weight: 400\">. <\/span><a href=\"https:\/\/www.lemonde.fr\/afrique\/article\/2020\/05\/13\/au-burkina-faso-la-polemique-enfle-autour-de-la-gestion-de-la-lutte-contre-le-coronavirus_6039580_3212.html\"><span style=\"font-weight: 400\">https:\/\/www.lemonde.fr\/afrique\/article\/2020\/05\/13\/au-burkina-faso-la-polemique-enfle-autour-de-la-gestion-de-la-lutte-contre-le-coronavirus_6039580_3212.html<\/span><\/a><span style=\"font-weight: 400\"> [consult\u00e9 le 15 ao\u00fbt 2022].<\/span><\/p>\n<p><span style=\"font-weight: 400\">Eboko, F., &amp; Schlimmer, S. (2020). Covid-19 : l\u2019Afrique face \u00e0 une crise mondiale.  <\/span><i><span style=\"font-weight: 400\">Politique \u00e9trang\u00e8re<\/span><\/i><span style=\"font-weight: 400\">, <\/span><i><span style=\"font-weight: 400\">85<\/span><\/i><span style=\"font-weight: 400\">(4), 123-134. <\/span><a href=\"https:\/\/www.cairn.info\/revue-politique-etrangere-2020-4-page-123.htm\"><span style=\"font-weight: 400\">https:\/\/www.cairn.info\/revue-politique-etrangere-2020-4-page-123.htm<\/span><\/a><span style=\"font-weight: 400\">.<\/span><\/p>\n<p><span style=\"font-weight: 400\">Fassin, D. (2006). La biopolitique n\u2019est pas une politique de la vie.  <\/span><i><span style=\"font-weight: 400\">Sociologie et soci\u00e9t\u00e9s<\/span><\/i><span style=\"font-weight: 400\">, <\/span><i><span style=\"font-weight: 400\">38<\/span><\/i><span style=\"font-weight: 400\">(2), pp. 35-48. <\/span><a href=\"https:\/\/www.erudit.org\/en\/journals\/socsoc\/2006-v38-n2-socsoc1813\/016371ar\/abstract\/\"><span style=\"font-weight: 400\">https:\/\/www.erudit.org\/en\/journals\/socsoc\/2006-v38-n2-socsoc1813\/016371ar\/abstract\/<\/span><\/a><\/p>\n<p><span style=\"font-weight: 400\">F\u00e9d\u00e9ration des Associations islamiques du Burkina. (2020). Communiqu\u00e9 : ouverture des mosqu\u00e9es du 2 mai 2020. <\/span><a href=\"https:\/\/lefaso.net\/spip.php?article96585\"><span style=\"font-weight: 400\">https:\/\/lefaso.net\/spip.php?article96585<\/span><\/a><span style=\"font-weight: 400\"> [consult\u00e9 le 5 juin 2021].<\/span><\/p>\n<p><span style=\"font-weight: 400\">Gaudilli\u00e8re, J. P., Izambert, C., &amp; Juven, P. A. (2020). <\/span><i><span style=\"font-weight: 400\">Pand\u00e9mopolitique : r\u00e9inventer la sant\u00e9 en commun<\/span><\/i><span style=\"font-weight: 400\">. La D\u00e9couverte.<\/span><\/p>\n<p><span style=\"font-weight: 400\">Guiro, A., Kon\u00e9, B., &amp; Ouaro, S. (2020). Mathematical Modelling of the Evolution Dynamics of the Coronavirus Disease 2019 (COVID-19) in Burkina Faso.  <\/span><i><span style=\"font-weight: 400\">Applied Mathematics, <\/span><\/i><span style=\"font-weight: 400\">11, pp. 1204-1218.<\/span><\/p>\n<p><span style=\"font-weight: 400\">Institut national de la statistique et de la d\u00e9mographie [Burkina Faso]. (2022).  <\/span><i><span style=\"font-weight: 400\">Cinqui\u00e8me recensement g\u00e9n\u00e9ral de la population et de l\u2019habitation du Burkina Faso. Synth\u00e8se des r\u00e9sultats d\u00e9finitifs <\/span><\/i><span style=\"font-weight: 400\">. Ouagadougou.<\/span><\/p>\n<p><span style=\"font-weight: 400\">Jaffr\u00e9, Y. (2006). <\/span><i><span style=\"font-weight: 400\">Dynamiques et limites socio-anthropologiques des strat\u00e9gies de pr\u00e9vention et de contr\u00f4le des risques infectieux dans les pays en voie de d\u00e9veloppement<\/span><\/i><span style=\"font-weight: 400\">. J.-M. Tremblay. <\/span><span style=\"font-weight: 400\">In G. Orth et P. Sansonetti (dirs.), <\/span> <i><span style=\"font-weight: 400\">La ma\u00eetrise des maladies infectieuses. Un d\u00e9fi de sant\u00e9 publique, une ambition m\u00e9dico-scientifique <\/span><\/i><span style=\"font-weight: 400\">, <\/span><i><span style=\"font-weight: 400\">Rapport sur la science et la technologie<\/span><\/i><span style=\"font-weight: 400\">, ( 24). Acad\u00e9mie des sciences, EDP Sciences, pp. 101-115.<\/span><\/p>\n<p><span style=\"font-weight: 400\">Johns Hopkins University. (2022). Center for Systems Science and Engineering [CSSE] COVID-19 Dashboard: data collection process, challenges faced, and lessons learned. <\/span><i><span style=\"font-weight: 400\">The lancet infectious diseases<\/span><\/i><span style=\"font-weight: 400\">, <\/span><i><span style=\"font-weight: 400\">22<\/span><\/i><span style=\"font-weight: 400\">(12), e370-e376. <\/span><a href=\"https:\/\/ourworldindata.org\/explorers\/coronavirus-data-explorer?facet=none&amp;Metric=Confirmed\"><span style=\"font-weight: 400\">https:\/\/ourworldindata.org\/explorers\/coronavirus-data-explorer?facet=none&amp;Metric=Confirmed<\/span><\/a><span style=\"font-weight: 400\">.<\/span><\/p>\n<p><span style=\"font-weight: 400\">Jones, J. (2022). An ethnographic examination of people\u2019s reactions to state-led COVID-19 measures in Sierra Leone.  <\/span><i><span style=\"font-weight: 400\">The European Journal of Development Research<\/span><\/i><span style=\"font-weight: 400\">, <\/span><i><span style=\"font-weight: 400\">34<\/span><\/i><span style=\"font-weight: 400\">(1), 455-472. <\/span><a href=\"https:\/\/doi.org\/10.1057\/s41287-020-00358-w\"><span style=\"font-weight: 400\">https:\/\/doi.org\/10.1057\/s41287-020-00358-w<\/span><\/a><\/p>\n<p><span style=\"font-weight: 400\">Kabore, J. (2020). COVID-19 au Burkina Faso: Des commer\u00e7ants r\u00e9clament l\u2019ouverture du march\u00e9 de Dassasgho.  <\/span><i><span style=\"font-weight: 400\">Burkina24, \u00e9dition du<\/span><\/i> <i><span style=\"font-weight: 400\">28 avril<\/span><\/i><span style=\"font-weight: 400\">. Retrieved June 08, 2021, from <\/span><a href=\"https:\/\/burkina24.com\/2020\/04\/28\/covid-19-au-burkina-faso-des-commercants-reclament-louverture-du-marche-de-dassasgho\/\"><span style=\"font-weight: 400\">https:\/\/burkina24.com\/2020\/04\/28\/covid-19-au-burkina-faso-des-commercants-reclament-louverture-du-marche-de-dassasgho\/<\/span><\/a><\/p>\n<p><span style=\"font-weight: 400\">Kerouedan, D. (dirs.) (2014). <\/span><i><span style=\"font-weight: 400\">Sant\u00e9 internationale: les enjeux de sant\u00e9 au Sud<\/span><\/i><span style=\"font-weight: 400\">. Sciences Po, les Presses.<\/span><\/p>\n<p><span style=\"font-weight: 400\">Kobian\u00e9, J. F., Soura, B. A., Si\u00e9, A., Ouili, I., Kabore, I., &amp; Guissou, S. (2020). Les in\u00e9galit\u00e9s au Burkina Faso \u00e0 l\u2019aune de la pand\u00e9mie de la COVID-19 : quelques r\u00e9flexions prospectives.  <\/span><i><span style=\"font-weight: 400\">Papiers de recherche<\/span><\/i><span style=\"font-weight: 400\">, pp. 1-72. <\/span><a href=\"https:\/\/doi.org\/10.3917\/afd.kobia.2020.01.0001\"><span style=\"font-weight: 400\">https:\/\/doi.org\/10.3917\/afd.kobia.2020.01.0001<\/span><\/a><span style=\"font-weight: 400\">. <\/span> <\/p>\n<p><span style=\"font-weight: 400\">Laurent, P. J. (2000). Le \u00abbig man\u00bb local ou la \u00abgestion coup d\u2019\u00c9tat\u00bb de l\u2019espace public.  <\/span><i><span style=\"font-weight: 400\">Politique africaine<\/span><\/i><span style=\"font-weight: 400\">, (4), pp. 169-181. 10.3917\/polaf.080.0169.  <\/span><\/p>\n<p><span style=\"font-weight: 400\">Le Breton, D. (2018). <\/span><i><span style=\"font-weight: 400\">La sociologie du risque<\/span><\/i><span style=\"font-weight: 400\">. PUF.<\/span><\/p>\n<p><span style=\"font-weight: 400\">Minist\u00e8re de la Sant\u00e9 [Burkina Faso]. (2020).  <\/span><i><span style=\"font-weight: 400\">Plan de pr\u00e9paration et de riposte \u00e0 l\u2019\u00e9pid\u00e9mie de Covid-19 au Burkina Faso (r\u00e9vis\u00e9)<\/span><\/i><span style=\"font-weight: 400\">, avril 2020.<\/span><\/p>\n<p><span style=\"font-weight: 400\">Mutabazi, E. (2020). La pand\u00e9mie COVID19 remet-il en question la citoyennet\u00e9 des personnes vuln\u00e9rables ?. <\/span><i><span style=\"font-weight: 400\">Recherches &amp; \u00e9ducations<\/span><\/i><span style=\"font-weight: 400\">, (HS). [en ligne], HS, july 2020,  <\/span><span style=\"font-weight: 400\">Retrieved august 22, 2022<\/span><span style=\"font-weight: 400\">. <\/span><a href=\"http:\/\/journals.openedition.org\/rechercheseducations\/9351\"><span style=\"font-weight: 400\">http:\/\/journals.openedition.org\/rechercheseducations\/9351<\/span><\/a><span style=\"font-weight: 400\"> ; <\/span><a href=\"https:\/\/doi.org\/10.4000\/rechercheseducations.9351\"><span style=\"font-weight: 400\">https:\/\/doi.org\/10.4000\/rechercheseducations.9351<\/span><\/a><\/p>\n<p><span style=\"font-weight: 400\">Ngalamulume, K. (2006). Plague and Violence in Saint-Louis-du-S\u00e9n\u00e9gal, 1917-1920 1.  <\/span><i><span style=\"font-weight: 400\">Cahiers d\u2019\u00e9tudes africaines<\/span><\/i><span style=\"font-weight: 400\">, <\/span><i><span style=\"font-weight: 400\">183<\/span><\/i><span style=\"font-weight: 400\">(3), 539-565.<\/span><\/p>\n<p><span style=\"font-weight: 400\">Petryna, A. (2004). Biological citizenship: The science and politics of Chernobyl-exposed populations.  <\/span><i><span style=\"font-weight: 400\">Osiris<\/span><\/i><span style=\"font-weight: 400\">, <\/span><i><span style=\"font-weight: 400\">19<\/span><\/i><span style=\"font-weight: 400\">, pp. 250-265.<\/span><\/p>\n<p><span style=\"font-weight: 400\">Revel, J. (1970). Autour d&rsquo;une \u00e9pid\u00e9mie ancienne: la peste de 1666-1670.  <\/span><i><span style=\"font-weight: 400\">Revue d&rsquo;histoire moderne et contemporaine (1954-)<\/span><\/i><span style=\"font-weight: 400\">, <\/span><i><span style=\"font-weight: 400\">17<\/span><\/i><span style=\"font-weight: 400\">(4), 953-983.<\/span><\/p>\n<p><span style=\"font-weight: 400\">Setbon, M. (2006). Perception et gestion du risque. In G. Orth et P. Sansonetti (\u00c9ds),   <\/span><i><span style=\"font-weight: 400\">La ma\u00eetrise des maladies infectieuses. Un d\u00e9fi de sant\u00e9 publique, une ambition m\u00e9dico-scientifique <\/span><\/i><span style=\"font-weight: 400\">, <\/span><i><span style=\"font-weight: 400\">Rapport sur la science et la technologie<\/span><\/i><span style=\"font-weight: 400\">, ( 24). Acad\u00e9mie des sciences, EDP Sciences, p. 123-136.<\/span><\/p>\n<p><span style=\"font-weight: 400\">Soudr\u00e9, J., (2020). Coronathon : les fonds r\u00e9colt\u00e9s s\u2019\u00e9l\u00e8vent \u00e0 plus de 450 millions de francs CFA.  <\/span><a href=\"https:\/\/lefaso.net\/spip.php?article97297\"><span style=\"font-weight: 400\">https:\/\/lefaso.net\/spip.php?article97297<\/span><\/a><span style=\"font-weight: 400\">, <\/span><span style=\"font-weight: 400\">Retrieved august 22, 2022<\/span><span style=\"font-weight: 400\">.<\/span><\/p>\n                    <\/div>\n\t\t                    <\/div>\n        <\/div>\n\t\t\t\t<\/div>\n\t\t\t\t<\/div>\n\t\t\t\t<\/div>\n\t\t<div data-particle_enable=\"false\" data-particle-mobile-disabled=\"false\" class=\"elementor-element elementor-element-5aff930 e-flex e-con-boxed wpr-particle-no wpr-jarallax-no wpr-parallax-no wpr-sticky-section-no e-con e-parent\" data-id=\"5aff930\" data-element_type=\"container\" data-e-type=\"container\">\n\t\t\t\t\t<div class=\"e-con-inner\">\n\t\t\t\t<div class=\"elementor-element elementor-element-fc34b86 elementor-widget elementor-widget-off-canvas\" data-id=\"fc34b86\" data-element_type=\"widget\" data-e-type=\"widget\" data-widget_type=\"off-canvas.default\">\n\t\t\t\t<div class=\"elementor-widget-container\">\n\t\t\t\t\t\t\t<div id=\"off-canvas-fc34b86\" class=\"e-off-canvas\" role=\"dialog\" aria-hidden=\"true\" aria-label=\"Off-Canvas\" aria-modal=\"true\" inert=\"\" data-delay-child-handlers=\"true\">\n\t\t\t<div class=\"e-off-canvas__overlay\"><\/div>\n\t\t\t<div class=\"e-off-canvas__main\">\n\t\t\t\t<div class=\"e-off-canvas__content\">\n\t\t\t\t\t<div data-particle_enable=\"false\" data-particle-mobile-disabled=\"false\" class=\"elementor-element elementor-element-6c44bf9 e-con-full e-flex wpr-particle-no wpr-jarallax-no wpr-parallax-no wpr-sticky-section-no e-con e-child\" data-id=\"6c44bf9\" data-element_type=\"container\" data-e-type=\"container\">\n\t\t\t\t<div class=\"elementor-element elementor-element-7016ebd elementor-toc--minimized-on-tablet elementor-widget elementor-widget-table-of-contents\" data-id=\"7016ebd\" data-element_type=\"widget\" data-e-type=\"widget\" data-settings=\"{&quot;headings_by_tags&quot;:[&quot;h2&quot;,&quot;h3&quot;],&quot;exclude_headings_by_selector&quot;:&quot;.ignoretoc&quot;,&quot;no_headings_message&quot;:&quot;No headings were found on this page.&quot;,&quot;marker_view&quot;:&quot;numbers&quot;,&quot;minimize_box&quot;:&quot;yes&quot;,&quot;minimized_on&quot;:&quot;tablet&quot;,&quot;hierarchical_view&quot;:&quot;yes&quot;,&quot;min_height&quot;:{&quot;unit&quot;:&quot;px&quot;,&quot;size&quot;:&quot;&quot;,&quot;sizes&quot;:[]},&quot;min_height_laptop&quot;:{&quot;unit&quot;:&quot;px&quot;,&quot;size&quot;:&quot;&quot;,&quot;sizes&quot;:[]},&quot;min_height_tablet_extra&quot;:{&quot;unit&quot;:&quot;px&quot;,&quot;size&quot;:&quot;&quot;,&quot;sizes&quot;:[]},&quot;min_height_tablet&quot;:{&quot;unit&quot;:&quot;px&quot;,&quot;size&quot;:&quot;&quot;,&quot;sizes&quot;:[]},&quot;min_height_mobile_extra&quot;:{&quot;unit&quot;:&quot;px&quot;,&quot;size&quot;:&quot;&quot;,&quot;sizes&quot;:[]},&quot;min_height_mobile&quot;:{&quot;unit&quot;:&quot;px&quot;,&quot;size&quot;:&quot;&quot;,&quot;sizes&quot;:[]}}\" data-widget_type=\"table-of-contents.default\">\n\t\t\t\t<div class=\"elementor-widget-container\">\n\t\t\t\t\t\t\t\t\t<div class=\"elementor-toc__header\">\n\t\t\t\t\t\t<h4 class=\"elementor-toc__header-title\">\n\t\t\t\tTable des mati\u00e8res\t\t\t<\/h4>\n\t\t\t\t\t\t\t\t\t\t<div class=\"elementor-toc__toggle-button elementor-toc__toggle-button--expand\" role=\"button\" tabindex=\"0\" aria-controls=\"elementor-toc__7016ebd\" aria-expanded=\"true\" aria-label=\"Ouvrir la table des mati\u00e8res\"><i aria-hidden=\"true\" class=\"fas fa-chevron-down\"><\/i><\/div>\n\t\t\t\t<div class=\"elementor-toc__toggle-button elementor-toc__toggle-button--collapse\" role=\"button\" tabindex=\"0\" aria-controls=\"elementor-toc__7016ebd\" aria-expanded=\"true\" aria-label=\"Fermer la table des mati\u00e8res\"><i aria-hidden=\"true\" class=\"fas fa-chevron-up\"><\/i><\/div>\n\t\t\t\t\t<\/div>\n\t\t\t\t<div id=\"elementor-toc__7016ebd\" class=\"elementor-toc__body\">\n\t\t\t<div class=\"elementor-toc__spinner-container\">\n\t\t\t\t<i class=\"elementor-toc__spinner eicon-animation-spin eicon-loading\" aria-hidden=\"true\"><\/i>\t\t\t<\/div>\n\t\t<\/div>\n\t\t\t\t\t\t<\/div>\n\t\t\t\t<\/div>\n\t\t\t\t<div class=\"elementor-element elementor-element-d6c3fb2 elementor-post-navigation-borders-yes elementor-widget elementor-widget-post-navigation\" data-id=\"d6c3fb2\" data-element_type=\"widget\" data-e-type=\"widget\" data-widget_type=\"post-navigation.default\">\n\t\t\t\t<div class=\"elementor-widget-container\">\n\t\t\t\t\t\t\t<div class=\"elementor-post-navigation\" role=\"navigation\" aria-label=\"Navigation de publication\">\n\t\t\t<div class=\"elementor-post-navigation__prev elementor-post-navigation__link\">\n\t\t\t\t\t\t\t<\/div>\n\t\t\t\t\t\t\t<div class=\"elementor-post-navigation__separator-wrapper\">\n\t\t\t\t\t<div class=\"elementor-post-navigation__separator\"><\/div>\n\t\t\t\t<\/div>\n\t\t\t\t\t\t<div class=\"elementor-post-navigation__next elementor-post-navigation__link\">\n\t\t\t\t\t\t\t<\/div>\n\t\t<\/div>\n\t\t\t\t\t\t<\/div>\n\t\t\t\t<\/div>\n\t\t\t\t<\/div>\n\t\t\t\t\t\t<\/div>\n\t\t\t<\/div>\n\t\t<\/div>\n\t\t\t\t\t\t<\/div>\n\t\t\t\t<\/div>\n\t\t\t\t<div class=\"elementor-element elementor-element-f37442b elementor-fixed e-transform elementor-widget elementor-widget-eael-creative-button\" data-id=\"f37442b\" data-element_type=\"widget\" data-e-type=\"widget\" data-settings=\"{&quot;_position&quot;:&quot;fixed&quot;,&quot;_transform_rotateZ_effect&quot;:{&quot;unit&quot;:&quot;px&quot;,&quot;size&quot;:90,&quot;sizes&quot;:[]},&quot;_transform_rotateZ_effect_laptop&quot;:{&quot;unit&quot;:&quot;deg&quot;,&quot;size&quot;:&quot;&quot;,&quot;sizes&quot;:[]},&quot;_transform_rotateZ_effect_tablet_extra&quot;:{&quot;unit&quot;:&quot;deg&quot;,&quot;size&quot;:&quot;&quot;,&quot;sizes&quot;:[]},&quot;_transform_rotateZ_effect_tablet&quot;:{&quot;unit&quot;:&quot;deg&quot;,&quot;size&quot;:&quot;&quot;,&quot;sizes&quot;:[]},&quot;_transform_rotateZ_effect_mobile_extra&quot;:{&quot;unit&quot;:&quot;deg&quot;,&quot;size&quot;:&quot;&quot;,&quot;sizes&quot;:[]},&quot;_transform_rotateZ_effect_mobile&quot;:{&quot;unit&quot;:&quot;deg&quot;,&quot;size&quot;:&quot;&quot;,&quot;sizes&quot;:[]}}\" data-widget_type=\"eael-creative-button.default\">\n\t\t\t\t<div class=\"elementor-widget-container\">\n\t\t\t\t\t        <div class=\"eael-creative-button-wrapper\">\n\n            <a class=\"eael-creative-button eael-creative-button--default eael-cb-icon-position-\" href=\"#elementor-action%3Aaction%3Doff_canvas%3Aopen%26settings%3DeyJpZCI6ImZjMzRiODYiLCJkaXNwbGF5TW9kZSI6Im9wZW4ifQ%3D%3D\" data-text=\"Allez-y !\">\n            \t    \n                <div class=\"creative-button-inner\">\n\n                    \n                    <span class=\"cretive-button-text\">Table des mati\u00e8res<\/span>\n\n                                    <\/div>\n\t                        <\/a>\n        <\/div>\n        \t\t\t\t<\/div>\n\t\t\t\t<\/div>\n\t\t\t\t\t<\/div>\n\t\t\t\t<\/div>\n\t\t\t\t<\/div>\n\t\t","protected":false},"excerpt":{"rendered":"<p>Num\u00e9ro 02 &#8211; Analyses critiques This post is also available in: English (Anglais) Fran\u00e7ais T\u00c9L\u00c9CHARGER EN PDF 02.2022L\u2019Afrique et le monde \u00e0 l\u2019heure virale Publi\u00e9 le : 16 d\u00e9cembre 2022ISSN: 3020-0458 T\u00c9L\u00c9CHARGER LE NUM\u00c9RO PDF Abstract R\u00e9sum\u00e9 Muhtasari \u0645\u0644\u062e\u0635 Based on material collected using mixed methods, this article analyses the knowledge and prevention practices of Ouagadougou traders concerning Covid-19. Their discourse is based on a conception which, by focusing on highly publicised patients (from the rich or supposedly wealthy classes), reinforces the idea of a pathology of the \u201crich\u201d, a \u201cdisease of the snow\u201d, \u201cof the cold\u201d, and of \u201cair conditioning\u201d. Covid-19 is then perceived as a disease of the West, with its cold climate, its rich, whose equivalents in Burkina Faso are the civil servant cadres and businesspeople who have a favourable economic situation and use air conditioning on a daily basis. The reconfiguration of citizen interactions pits two types of citizens in opposition to each other. On the one hand, the agents of the state acting as dominant actors, predators of resources, and even local representatives of the West, and on the other hand, those left behind, the dominated who suffer the measures recommended by the dominant. This construction of the risk linked to Covid-19 leads to a trivialisation of the pathology in the markets, and, consequently to the contestation of the official protective measures. Demonstrations against the closure of markets, places of worship and land borders are a form of condemnation of the passivity of a state seen to be dominated by the West. It reflects a mistrust, fuelled by the unequal power relations between the North and the South around global health. Keywords Covid-19, traders, markets, West, State, Ouagadougou A\u0300 partir de mate\u0301riaux recueillis selon une me\u0301thode mixte, cet article se propose d\u2019analyser les connaissances et les pratiques de pre\u0301vention concernant la Covid-19 chez les commerc\u0327ants de Ouagadougou. Leurs discours reposent sur une conception qui, en se focalisant sur les malades me\u0301diatise\u0301s (issus des classes aise\u0301es ou cense\u0301s l\u2019e\u0302tre), renforce l\u2019ide\u0301e d\u2019une pathologie des \u00ab riches \u00bb, d\u2019une \u00ab maladie de la neige \u00bb, \u00ab du froid \u00bb, et de la \u00ab climatisation \u00bb. La Covid-19 est perc\u0327ue alors comme une maladie de l\u2019Occident, avec son climat froid, ses riches, dont les e\u0301quivalents au Burkina Faso sont les \u00ab fonctionnaires \u00bb et les hommes d\u2019affaires qui ont une situation e\u0301conomique favorable et utilisent au quotidien la climatisation. La reconfiguration des rapports de citoyennete\u0301 va mettre en vis-a\u0300-vis deux types de citoyens : d\u2019un co\u0302te\u0301, les agents de l\u2019E\u0301tat agissant comme des acteurs dominants, des pre\u0301dateurs de ressources, voire des repre\u0301sentants locaux de l\u2019Occident et, de l\u2019autre co\u0302te\u0301, les laisse\u0301s-pour-compte, les domine\u0301s qui subissent les mesures pre\u0301conise\u0301es par les dominants. Cette construction du risque lie\u0301 a\u0300 la Covid-19 entrai\u0302nera une banalisation de la pathologie dans les marche\u0301s, puis la contestation des mesures de protection. Les manifestations contre les fermetures des marche\u0301s, des lieux de culte et des frontie\u0300res terrestres sont une forme de de\u0301nonciation de la passivite\u0301 de l\u2019E\u0301tat domine\u0301 par l\u2019Occident. Celle-ci traduit une me\u0301fiance, une de\u0301fiance alimente\u0301e par les rapports d\u2019ine\u0301galite\u0301 de pouvoir entre le Nord et le Sud autour de la sante\u0301 globale. Mots-cl\u00e9s Covid-19, commer\u00e7ants, march\u00e9s, Occident, \u00c9tat, Ouagadougou \/\/\/ \/\/\/ Introduction Le Burkina Faso a enregistr\u00e9 21\u2009128 cas positifs de Covid-19, soit 955 cas pour 1\u2009000\u2009000 habitants au 21 ao\u00fbt 2022. \u00c0 cette date, les d\u00e9c\u00e8s se chiffraient \u00e0 387, soit 17,51 cas pour 1\u2009000\u2009000 habitants (Johns Hopkins University, 2022). Ouagadougou, avec une population de 2\u2009415\u2009266 individus et une densit\u00e9 de 1\u2009014 habitants au kilom\u00e8tre carr\u00e9 (INSD, 2022), cumule 84,2 % des cas de Covid-19 (Kobian\u00e9 et al., 2020). Les directives internationales de l\u2019OMS ont servi de r\u00e9f\u00e9rentiel \u00e0 l\u2019\u00e9laboration du plan de riposte contre la Covid-19, avec la cr\u00e9ation d\u2019un Comit\u00e9 national plac\u00e9 directement sous la responsabilit\u00e9 du Premier ministre. Son secr\u00e9tariat ex\u00e9cutif, dirig\u00e9 par deux officiers sup\u00e9rieurs de l\u2019arm\u00e9e, donne un visage militaire \u00e0 la lutte contre la Covid-19. La police et la gendarmerie se chargent de superviser le respect du couvre-feu. Les commissariats de police dans les march\u00e9s sont mis \u00e0 contribution pour y assurer une police sanitaire. L\u2019option de lier les actions de sant\u00e9 publique \u00e0 la s\u00e9curit\u00e9 nationale est clairement adopt\u00e9e par l\u2019autorit\u00e9 publique. Le Centre des op\u00e9rations de r\u00e9ponse aux urgences sanitaires (CORUS), plac\u00e9 sous la responsabilit\u00e9 du minist\u00e8re de la Sant\u00e9, assure la gestion op\u00e9rationnelle de la lutte contre l\u2019\u00e9pid\u00e9mie.\u00a0Le pays a une \u00e9conomie essentiellement rurale et informelle, caract\u00e9ris\u00e9e par 52,8 % de travailleurs ind\u00e9pendants, dont 31,3 % dans des entreprises familiales, et 12 % de salari\u00e9s. Les principaux secteurs \u00e9conomiques \u00e0 Ouagadougou sont les activit\u00e9s de fabrication (14,6 %), le commerce en d\u00e9tail (15,6 %) et en gros (8,2 %), le transport (5,8 %), la r\u00e9paration automobile (5,7 %), la construction (5,9 %) et les activit\u00e9s sp\u00e9ciales de m\u00e9nage (4,6 %) (INSD, 2022). D\u00e8s l\u2019annonce des premiers cas positifs, le 9 mars 2020, plusieurs mesures ont \u00e9t\u00e9 prises par le gouvernement pour interrompre la transmission. La fermeture des march\u00e9s et \u00ab\u2009yaars\u2009\u00bb1 , des fronti\u00e8res a\u00e9riennes, terrestres, ferroviaires, l\u2019instauration d\u2019un couvre-feu et la mise en quarantaine des villes infect\u00e9es sont annonc\u00e9es le 21 mars 2020. Cette situation implique de s\u2019interroger sur les effets de la Covid-19 sur le secteur informel. Comment les acteurs \u00e9conomiques des march\u00e9s de la capitale ont-ils v\u00e9cu la Covid-19\u2009? Trois raisons rendent cette question pertinente.\u00a0 D\u2019abord, les effets \u00e9conomiques de la Covid-19 sur la vuln\u00e9rabilit\u00e9 financi\u00e8re des m\u00e9nages ont \u00e9t\u00e9 parfois sous-estim\u00e9s. Pourtant, les travaux men\u00e9s au Bangladesh, au Nigeria, au Kenya et au Pakistan montrent que les personnes n\u2019ayant pas de travail fixe et logeant dans les bidonvilles ont \u00e9t\u00e9 rendues tr\u00e8s vuln\u00e9rables \u00e0 la Covid-19. En outre, pour les membres des familles vivant dans la promiscuit\u00e9, sans un bon acc\u00e8s \u00e0 l\u2019eau, le respect des mesures de distanciation sociale et sanitaire \u00e9tait impensable (\u00c9boko &amp; Schlimmer, 2020\u2009; Jones, 2022). Ensuite, des contestations publiques, passives ou actives, ont jalonn\u00e9 l\u2019histoire de la lutte contre les \u00e9pid\u00e9mies. L\u2019histoire de la<\/p>\n","protected":false},"author":48,"featured_media":6441,"comment_status":"closed","ping_status":"closed","sticky":false,"template":"elementor_header_footer","format":"standard","meta":{"footnotes":""},"categories":[200],"tags":[],"issues3":[],"post_folder":[],"ppma_author":[516,518,517,515],"class_list":["post-10017","post","type-post","status-publish","format-standard","has-post-thumbnail","hentry","category-analyses-critiques","author-george-rouamba-fr","author-zakaria-sore-fr","author-yacouba-tengueri-fr","author-claudine-valerie-b-rouamba-ouedraogo-fr"],"yoast_head":"<!-- This site is optimized with the Yoast SEO plugin v27.5 - https:\/\/yoast.com\/product\/yoast-seo-wordpress\/ -->\n<title>Les acteurs \u00e9conomiques des march\u00e9s de la capitale du Burkina Faso \u00e0 l\u2019\u00e9preuve de la Covid-19. Discours et pratiques face aux mesures barri\u00e8res | Global Africa<\/title>\n<meta name=\"description\" content=\"Les acteurs \u00e9conomiques des march\u00e9s de la capitale du Burkina Faso \u00e0 l\u2019\u00e9preuve de la Covid-19. Discours et pratiques face aux mesures barri\u00e8res\" \/>\n<meta name=\"robots\" content=\"index, follow, max-snippet:-1, max-image-preview:large, max-video-preview:-1\" \/>\n<link rel=\"canonical\" href=\"https:\/\/www.globalafricasciences.org\/fr\/les-acteurs-economiques-des-marches-de-la-capitale-du-burkina-faso-a-lepreuve-de-la-covid-19-discours-et-pratiques-face-aux-mesures-barrieres\/\" \/>\n<meta property=\"og:locale\" content=\"fr_FR\" \/>\n<meta property=\"og:type\" content=\"article\" \/>\n<meta property=\"og:title\" content=\"Les acteurs \u00e9conomiques des march\u00e9s de la capitale du Burkina Faso \u00e0 l\u2019\u00e9preuve de la Covid-19. Discours et pratiques face aux mesures barri\u00e8res | Global Africa\" \/>\n<meta property=\"og:description\" content=\"Les acteurs \u00e9conomiques des march\u00e9s de la capitale du Burkina Faso \u00e0 l\u2019\u00e9preuve de la Covid-19. Discours et pratiques face aux mesures barri\u00e8res\" \/>\n<meta property=\"og:url\" content=\"https:\/\/www.globalafricasciences.org\/fr\/les-acteurs-economiques-des-marches-de-la-capitale-du-burkina-faso-a-lepreuve-de-la-covid-19-discours-et-pratiques-face-aux-mesures-barrieres\/\" \/>\n<meta property=\"og:site_name\" content=\"Global Africa\" \/>\n<meta property=\"article:publisher\" content=\"https:\/\/www.facebook.com\/globalafricasciences\" \/>\n<meta property=\"article:published_time\" content=\"2024-12-01T13:36:29+00:00\" \/>\n<meta property=\"article:modified_time\" content=\"2025-10-19T18:16:44+00:00\" \/>\n<meta property=\"og:image\" content=\"https:\/\/www.globalafricasciences.org\/wp-content\/uploads\/2024\/12\/fil_icographine_issue2.webp\" \/>\n\t<meta property=\"og:image:width\" content=\"529\" \/>\n\t<meta property=\"og:image:height\" content=\"759\" \/>\n\t<meta property=\"og:image:type\" content=\"image\/png\" \/>\n<meta name=\"author\" content=\"Cheikh Sadibou Sakho, Nd\u00e8ye La\u00efty Ndiaye\" \/>\n<meta name=\"twitter:card\" content=\"summary_large_image\" \/>\n<meta name=\"twitter:label1\" content=\"\u00c9crit par\" \/>\n\t<meta name=\"twitter:data1\" content=\"George Rouamba\" \/>\n\t<meta name=\"twitter:label2\" content=\"Dur\u00e9e de lecture estim\u00e9e\" \/>\n\t<meta name=\"twitter:data2\" content=\"43 minutes\" \/>\n<script type=\"application\/ld+json\" class=\"yoast-schema-graph\">{\"@context\":\"https:\\\/\\\/schema.org\",\"@graph\":[{\"@type\":\"Article\",\"@id\":\"https:\\\/\\\/www.globalafricasciences.org\\\/fr\\\/les-acteurs-economiques-des-marches-de-la-capitale-du-burkina-faso-a-lepreuve-de-la-covid-19-discours-et-pratiques-face-aux-mesures-barrieres\\\/#article\",\"isPartOf\":{\"@id\":\"https:\\\/\\\/www.globalafricasciences.org\\\/fr\\\/les-acteurs-economiques-des-marches-de-la-capitale-du-burkina-faso-a-lepreuve-de-la-covid-19-discours-et-pratiques-face-aux-mesures-barrieres\\\/\"},\"author\":{\"name\":\"George Rouamba\",\"@id\":\"https:\\\/\\\/www.globalafricasciences.org\\\/fr\\\/#\\\/schema\\\/person\\\/4c65bd8cc0a4c2286c6b64a55d95d3cb\"},\"headline\":\"Les acteurs \u00e9conomiques des march\u00e9s de la capitale du Burkina Faso \u00e0 l\u2019\u00e9preuve de la Covid-19. Discours et pratiques face aux mesures barri\u00e8res\",\"datePublished\":\"2024-12-01T13:36:29+00:00\",\"dateModified\":\"2025-10-19T18:16:44+00:00\",\"mainEntityOfPage\":{\"@id\":\"https:\\\/\\\/www.globalafricasciences.org\\\/fr\\\/les-acteurs-economiques-des-marches-de-la-capitale-du-burkina-faso-a-lepreuve-de-la-covid-19-discours-et-pratiques-face-aux-mesures-barrieres\\\/\"},\"wordCount\":9491,\"publisher\":{\"@id\":\"https:\\\/\\\/www.globalafricasciences.org\\\/fr\\\/#organization\"},\"image\":{\"@id\":\"https:\\\/\\\/www.globalafricasciences.org\\\/fr\\\/les-acteurs-economiques-des-marches-de-la-capitale-du-burkina-faso-a-lepreuve-de-la-covid-19-discours-et-pratiques-face-aux-mesures-barrieres\\\/#primaryimage\"},\"thumbnailUrl\":\"https:\\\/\\\/www.globalafricasciences.org\\\/wp-content\\\/uploads\\\/2024\\\/12\\\/fil_icographine_issue2.webp\",\"articleSection\":[\"Analyses critiques\"],\"inLanguage\":\"fr-FR\"},{\"@type\":\"WebPage\",\"@id\":\"https:\\\/\\\/www.globalafricasciences.org\\\/fr\\\/les-acteurs-economiques-des-marches-de-la-capitale-du-burkina-faso-a-lepreuve-de-la-covid-19-discours-et-pratiques-face-aux-mesures-barrieres\\\/\",\"url\":\"https:\\\/\\\/www.globalafricasciences.org\\\/fr\\\/les-acteurs-economiques-des-marches-de-la-capitale-du-burkina-faso-a-lepreuve-de-la-covid-19-discours-et-pratiques-face-aux-mesures-barrieres\\\/\",\"name\":\"Les acteurs \u00e9conomiques des march\u00e9s de la capitale du Burkina Faso \u00e0 l\u2019\u00e9preuve de la Covid-19. Discours et pratiques face aux mesures barri\u00e8res | Global Africa\",\"isPartOf\":{\"@id\":\"https:\\\/\\\/www.globalafricasciences.org\\\/fr\\\/#website\"},\"primaryImageOfPage\":{\"@id\":\"https:\\\/\\\/www.globalafricasciences.org\\\/fr\\\/les-acteurs-economiques-des-marches-de-la-capitale-du-burkina-faso-a-lepreuve-de-la-covid-19-discours-et-pratiques-face-aux-mesures-barrieres\\\/#primaryimage\"},\"image\":{\"@id\":\"https:\\\/\\\/www.globalafricasciences.org\\\/fr\\\/les-acteurs-economiques-des-marches-de-la-capitale-du-burkina-faso-a-lepreuve-de-la-covid-19-discours-et-pratiques-face-aux-mesures-barrieres\\\/#primaryimage\"},\"thumbnailUrl\":\"https:\\\/\\\/www.globalafricasciences.org\\\/wp-content\\\/uploads\\\/2024\\\/12\\\/fil_icographine_issue2.webp\",\"datePublished\":\"2024-12-01T13:36:29+00:00\",\"dateModified\":\"2025-10-19T18:16:44+00:00\",\"description\":\"Les acteurs \u00e9conomiques des march\u00e9s de la capitale du Burkina Faso \u00e0 l\u2019\u00e9preuve de la Covid-19. Discours et pratiques face aux mesures barri\u00e8res\",\"breadcrumb\":{\"@id\":\"https:\\\/\\\/www.globalafricasciences.org\\\/fr\\\/les-acteurs-economiques-des-marches-de-la-capitale-du-burkina-faso-a-lepreuve-de-la-covid-19-discours-et-pratiques-face-aux-mesures-barrieres\\\/#breadcrumb\"},\"inLanguage\":\"fr-FR\",\"potentialAction\":[{\"@type\":\"ReadAction\",\"target\":[\"https:\\\/\\\/www.globalafricasciences.org\\\/fr\\\/les-acteurs-economiques-des-marches-de-la-capitale-du-burkina-faso-a-lepreuve-de-la-covid-19-discours-et-pratiques-face-aux-mesures-barrieres\\\/\"]}]},{\"@type\":\"ImageObject\",\"inLanguage\":\"fr-FR\",\"@id\":\"https:\\\/\\\/www.globalafricasciences.org\\\/fr\\\/les-acteurs-economiques-des-marches-de-la-capitale-du-burkina-faso-a-lepreuve-de-la-covid-19-discours-et-pratiques-face-aux-mesures-barrieres\\\/#primaryimage\",\"url\":\"https:\\\/\\\/www.globalafricasciences.org\\\/wp-content\\\/uploads\\\/2024\\\/12\\\/fil_icographine_issue2.webp\",\"contentUrl\":\"https:\\\/\\\/www.globalafricasciences.org\\\/wp-content\\\/uploads\\\/2024\\\/12\\\/fil_icographine_issue2.webp\",\"width\":529,\"height\":759,\"caption\":\"Market Traders in Ouagadougou\"},{\"@type\":\"BreadcrumbList\",\"@id\":\"https:\\\/\\\/www.globalafricasciences.org\\\/fr\\\/les-acteurs-economiques-des-marches-de-la-capitale-du-burkina-faso-a-lepreuve-de-la-covid-19-discours-et-pratiques-face-aux-mesures-barrieres\\\/#breadcrumb\",\"itemListElement\":[{\"@type\":\"ListItem\",\"position\":1,\"name\":\"Home\",\"item\":\"https:\\\/\\\/www.globalafricasciences.org\\\/fr\\\/accueil\\\/\"},{\"@type\":\"ListItem\",\"position\":2,\"name\":\"Les acteurs \u00e9conomiques des march\u00e9s de la capitale du Burkina Faso \u00e0 l\u2019\u00e9preuve de la Covid-19. Discours et pratiques face aux mesures barri\u00e8res\"}]},{\"@type\":\"WebSite\",\"@id\":\"https:\\\/\\\/www.globalafricasciences.org\\\/fr\\\/#website\",\"url\":\"https:\\\/\\\/www.globalafricasciences.org\\\/fr\\\/\",\"name\":\"Global Africa\",\"description\":\"Pan-African Scientific Journal\",\"publisher\":{\"@id\":\"https:\\\/\\\/www.globalafricasciences.org\\\/fr\\\/#organization\"},\"potentialAction\":[{\"@type\":\"SearchAction\",\"target\":{\"@type\":\"EntryPoint\",\"urlTemplate\":\"https:\\\/\\\/www.globalafricasciences.org\\\/fr\\\/?s={search_term_string}\"},\"query-input\":{\"@type\":\"PropertyValueSpecification\",\"valueRequired\":true,\"valueName\":\"search_term_string\"}}],\"inLanguage\":\"fr-FR\"},{\"@type\":\"Organization\",\"@id\":\"https:\\\/\\\/www.globalafricasciences.org\\\/fr\\\/#organization\",\"name\":\"Global Africa\",\"url\":\"https:\\\/\\\/www.globalafricasciences.org\\\/fr\\\/\",\"logo\":{\"@type\":\"ImageObject\",\"inLanguage\":\"fr-FR\",\"@id\":\"https:\\\/\\\/www.globalafricasciences.org\\\/fr\\\/#\\\/schema\\\/logo\\\/image\\\/\",\"url\":\"https:\\\/\\\/www.globalafricasciences.org\\\/wp-content\\\/uploads\\\/2024\\\/12\\\/Globalafrica.png\",\"contentUrl\":\"https:\\\/\\\/www.globalafricasciences.org\\\/wp-content\\\/uploads\\\/2024\\\/12\\\/Globalafrica.png\",\"width\":1680,\"height\":750,\"caption\":\"Global Africa\"},\"image\":{\"@id\":\"https:\\\/\\\/www.globalafricasciences.org\\\/fr\\\/#\\\/schema\\\/logo\\\/image\\\/\"},\"sameAs\":[\"https:\\\/\\\/www.facebook.com\\\/globalafricasciences\"]},{\"@type\":\"Person\",\"@id\":\"https:\\\/\\\/www.globalafricasciences.org\\\/fr\\\/#\\\/schema\\\/person\\\/4c65bd8cc0a4c2286c6b64a55d95d3cb\",\"name\":\"George Rouamba\",\"image\":{\"@type\":\"ImageObject\",\"inLanguage\":\"fr-FR\",\"@id\":\"https:\\\/\\\/www.globalafricasciences.org\\\/wp-content\\\/uploads\\\/2024\\\/11\\\/George-Rouamba-.pngfa275859619aeb585052212ffdd965f8\",\"url\":\"https:\\\/\\\/www.globalafricasciences.org\\\/wp-content\\\/uploads\\\/2024\\\/11\\\/George-Rouamba-.png\",\"contentUrl\":\"https:\\\/\\\/www.globalafricasciences.org\\\/wp-content\\\/uploads\\\/2024\\\/11\\\/George-Rouamba-.png\",\"caption\":\"George Rouamba\"},\"description\":\"Dr. George Rouamba worked for over 15 years at the Ministry of Health of Burkina Faso before joining Joseph Ki-Zerbo University in Ouagadougou in 2019, after defending his Ph.D. thesis in social and cultural anthropology at the University of Bordeaux, France. He also holds a Master's degree in Sociology from Joseph Ki-Zerbo University, a Master's degree in Educational Sciences from the University of Besan\u00e7on, and a Master's in Innovations, Development, and Societies from the Institute of Water and Environmental Engineering (2IE). Promoted to the rank of Assistant Professor in Sociology and Health Anthropology in 2022, Dr. Rouamba is a member of the Interdisciplinary Laboratory in Social Sciences and Health at Joseph Ki-Zerbo University. He is also an affiliated researcher at the \\\"Les Afriques dans le Monde\\\" laboratory at the Institute of Political Studies of Bordeaux, France. His research interests include themes such as: aging and old age in the Global South, social protection and health policies, gender-based violence (witchcraft), epidemics\\\/pandemics, and health systems. Dr. Rouamba has participated in numerous international conferences on aging issues in the Global South. In this regard, he co-leads the Africa section of the International Network for Studies on Age, Citizenship, and Socio-economic Integration (https:\\\/\\\/reiactis.net), based in France. As a health sector activist, he was elected President of the Institutional Ethics Committee of the National Institute of Public Health (CEI-INSP) of the Ministry of Health of Burkina Faso (2021-2024) (http:\\\/\\\/www.insp.gov.bf\\\/), on behalf of the Burkinabe Association of Public Health (ABSP).\",\"url\":\"https:\\\/\\\/www.globalafricasciences.org\\\/author\\\/georgerouamba\\\/\"}]}<\/script>\n<!-- \/ Yoast SEO plugin. -->","yoast_head_json":{"title":"Les acteurs \u00e9conomiques des march\u00e9s de la capitale du Burkina Faso \u00e0 l\u2019\u00e9preuve de la Covid-19. Discours et pratiques face aux mesures barri\u00e8res | Global Africa","description":"Les acteurs \u00e9conomiques des march\u00e9s de la capitale du Burkina Faso \u00e0 l\u2019\u00e9preuve de la Covid-19. Discours et pratiques face aux mesures barri\u00e8res","robots":{"index":"index","follow":"follow","max-snippet":"max-snippet:-1","max-image-preview":"max-image-preview:large","max-video-preview":"max-video-preview:-1"},"canonical":"https:\/\/www.globalafricasciences.org\/fr\/les-acteurs-economiques-des-marches-de-la-capitale-du-burkina-faso-a-lepreuve-de-la-covid-19-discours-et-pratiques-face-aux-mesures-barrieres\/","og_locale":"fr_FR","og_type":"article","og_title":"Les acteurs \u00e9conomiques des march\u00e9s de la capitale du Burkina Faso \u00e0 l\u2019\u00e9preuve de la Covid-19. Discours et pratiques face aux mesures barri\u00e8res | Global Africa","og_description":"Les acteurs \u00e9conomiques des march\u00e9s de la capitale du Burkina Faso \u00e0 l\u2019\u00e9preuve de la Covid-19. Discours et pratiques face aux mesures barri\u00e8res","og_url":"https:\/\/www.globalafricasciences.org\/fr\/les-acteurs-economiques-des-marches-de-la-capitale-du-burkina-faso-a-lepreuve-de-la-covid-19-discours-et-pratiques-face-aux-mesures-barrieres\/","og_site_name":"Global Africa","article_publisher":"https:\/\/www.facebook.com\/globalafricasciences","article_published_time":"2024-12-01T13:36:29+00:00","article_modified_time":"2025-10-19T18:16:44+00:00","og_image":[{"width":529,"height":759,"url":"https:\/\/www.globalafricasciences.org\/wp-content\/uploads\/2024\/12\/fil_icographine_issue2.webp","type":"image\/png"}],"author":"Cheikh Sadibou Sakho, Nd\u00e8ye La\u00efty Ndiaye","twitter_card":"summary_large_image","twitter_misc":{"\u00c9crit par":"George Rouamba","Dur\u00e9e de lecture estim\u00e9e":"43 minutes"},"schema":{"@context":"https:\/\/schema.org","@graph":[{"@type":"Article","@id":"https:\/\/www.globalafricasciences.org\/fr\/les-acteurs-economiques-des-marches-de-la-capitale-du-burkina-faso-a-lepreuve-de-la-covid-19-discours-et-pratiques-face-aux-mesures-barrieres\/#article","isPartOf":{"@id":"https:\/\/www.globalafricasciences.org\/fr\/les-acteurs-economiques-des-marches-de-la-capitale-du-burkina-faso-a-lepreuve-de-la-covid-19-discours-et-pratiques-face-aux-mesures-barrieres\/"},"author":{"name":"George Rouamba","@id":"https:\/\/www.globalafricasciences.org\/fr\/#\/schema\/person\/4c65bd8cc0a4c2286c6b64a55d95d3cb"},"headline":"Les acteurs \u00e9conomiques des march\u00e9s de la capitale du Burkina Faso \u00e0 l\u2019\u00e9preuve de la Covid-19. Discours et pratiques face aux mesures barri\u00e8res","datePublished":"2024-12-01T13:36:29+00:00","dateModified":"2025-10-19T18:16:44+00:00","mainEntityOfPage":{"@id":"https:\/\/www.globalafricasciences.org\/fr\/les-acteurs-economiques-des-marches-de-la-capitale-du-burkina-faso-a-lepreuve-de-la-covid-19-discours-et-pratiques-face-aux-mesures-barrieres\/"},"wordCount":9491,"publisher":{"@id":"https:\/\/www.globalafricasciences.org\/fr\/#organization"},"image":{"@id":"https:\/\/www.globalafricasciences.org\/fr\/les-acteurs-economiques-des-marches-de-la-capitale-du-burkina-faso-a-lepreuve-de-la-covid-19-discours-et-pratiques-face-aux-mesures-barrieres\/#primaryimage"},"thumbnailUrl":"https:\/\/www.globalafricasciences.org\/wp-content\/uploads\/2024\/12\/fil_icographine_issue2.webp","articleSection":["Analyses critiques"],"inLanguage":"fr-FR"},{"@type":"WebPage","@id":"https:\/\/www.globalafricasciences.org\/fr\/les-acteurs-economiques-des-marches-de-la-capitale-du-burkina-faso-a-lepreuve-de-la-covid-19-discours-et-pratiques-face-aux-mesures-barrieres\/","url":"https:\/\/www.globalafricasciences.org\/fr\/les-acteurs-economiques-des-marches-de-la-capitale-du-burkina-faso-a-lepreuve-de-la-covid-19-discours-et-pratiques-face-aux-mesures-barrieres\/","name":"Les acteurs \u00e9conomiques des march\u00e9s de la capitale du Burkina Faso \u00e0 l\u2019\u00e9preuve de la Covid-19. Discours et pratiques face aux mesures barri\u00e8res | Global Africa","isPartOf":{"@id":"https:\/\/www.globalafricasciences.org\/fr\/#website"},"primaryImageOfPage":{"@id":"https:\/\/www.globalafricasciences.org\/fr\/les-acteurs-economiques-des-marches-de-la-capitale-du-burkina-faso-a-lepreuve-de-la-covid-19-discours-et-pratiques-face-aux-mesures-barrieres\/#primaryimage"},"image":{"@id":"https:\/\/www.globalafricasciences.org\/fr\/les-acteurs-economiques-des-marches-de-la-capitale-du-burkina-faso-a-lepreuve-de-la-covid-19-discours-et-pratiques-face-aux-mesures-barrieres\/#primaryimage"},"thumbnailUrl":"https:\/\/www.globalafricasciences.org\/wp-content\/uploads\/2024\/12\/fil_icographine_issue2.webp","datePublished":"2024-12-01T13:36:29+00:00","dateModified":"2025-10-19T18:16:44+00:00","description":"Les acteurs \u00e9conomiques des march\u00e9s de la capitale du Burkina Faso \u00e0 l\u2019\u00e9preuve de la Covid-19. Discours et pratiques face aux mesures barri\u00e8res","breadcrumb":{"@id":"https:\/\/www.globalafricasciences.org\/fr\/les-acteurs-economiques-des-marches-de-la-capitale-du-burkina-faso-a-lepreuve-de-la-covid-19-discours-et-pratiques-face-aux-mesures-barrieres\/#breadcrumb"},"inLanguage":"fr-FR","potentialAction":[{"@type":"ReadAction","target":["https:\/\/www.globalafricasciences.org\/fr\/les-acteurs-economiques-des-marches-de-la-capitale-du-burkina-faso-a-lepreuve-de-la-covid-19-discours-et-pratiques-face-aux-mesures-barrieres\/"]}]},{"@type":"ImageObject","inLanguage":"fr-FR","@id":"https:\/\/www.globalafricasciences.org\/fr\/les-acteurs-economiques-des-marches-de-la-capitale-du-burkina-faso-a-lepreuve-de-la-covid-19-discours-et-pratiques-face-aux-mesures-barrieres\/#primaryimage","url":"https:\/\/www.globalafricasciences.org\/wp-content\/uploads\/2024\/12\/fil_icographine_issue2.webp","contentUrl":"https:\/\/www.globalafricasciences.org\/wp-content\/uploads\/2024\/12\/fil_icographine_issue2.webp","width":529,"height":759,"caption":"Market Traders in Ouagadougou"},{"@type":"BreadcrumbList","@id":"https:\/\/www.globalafricasciences.org\/fr\/les-acteurs-economiques-des-marches-de-la-capitale-du-burkina-faso-a-lepreuve-de-la-covid-19-discours-et-pratiques-face-aux-mesures-barrieres\/#breadcrumb","itemListElement":[{"@type":"ListItem","position":1,"name":"Home","item":"https:\/\/www.globalafricasciences.org\/fr\/accueil\/"},{"@type":"ListItem","position":2,"name":"Les acteurs \u00e9conomiques des march\u00e9s de la capitale du Burkina Faso \u00e0 l\u2019\u00e9preuve de la Covid-19. Discours et pratiques face aux mesures barri\u00e8res"}]},{"@type":"WebSite","@id":"https:\/\/www.globalafricasciences.org\/fr\/#website","url":"https:\/\/www.globalafricasciences.org\/fr\/","name":"Global Africa","description":"Pan-African Scientific Journal","publisher":{"@id":"https:\/\/www.globalafricasciences.org\/fr\/#organization"},"potentialAction":[{"@type":"SearchAction","target":{"@type":"EntryPoint","urlTemplate":"https:\/\/www.globalafricasciences.org\/fr\/?s={search_term_string}"},"query-input":{"@type":"PropertyValueSpecification","valueRequired":true,"valueName":"search_term_string"}}],"inLanguage":"fr-FR"},{"@type":"Organization","@id":"https:\/\/www.globalafricasciences.org\/fr\/#organization","name":"Global Africa","url":"https:\/\/www.globalafricasciences.org\/fr\/","logo":{"@type":"ImageObject","inLanguage":"fr-FR","@id":"https:\/\/www.globalafricasciences.org\/fr\/#\/schema\/logo\/image\/","url":"https:\/\/www.globalafricasciences.org\/wp-content\/uploads\/2024\/12\/Globalafrica.png","contentUrl":"https:\/\/www.globalafricasciences.org\/wp-content\/uploads\/2024\/12\/Globalafrica.png","width":1680,"height":750,"caption":"Global Africa"},"image":{"@id":"https:\/\/www.globalafricasciences.org\/fr\/#\/schema\/logo\/image\/"},"sameAs":["https:\/\/www.facebook.com\/globalafricasciences"]},{"@type":"Person","@id":"https:\/\/www.globalafricasciences.org\/fr\/#\/schema\/person\/4c65bd8cc0a4c2286c6b64a55d95d3cb","name":"George Rouamba","image":{"@type":"ImageObject","inLanguage":"fr-FR","@id":"https:\/\/www.globalafricasciences.org\/wp-content\/uploads\/2024\/11\/George-Rouamba-.pngfa275859619aeb585052212ffdd965f8","url":"https:\/\/www.globalafricasciences.org\/wp-content\/uploads\/2024\/11\/George-Rouamba-.png","contentUrl":"https:\/\/www.globalafricasciences.org\/wp-content\/uploads\/2024\/11\/George-Rouamba-.png","caption":"George Rouamba"},"description":"Dr. George Rouamba worked for over 15 years at the Ministry of Health of Burkina Faso before joining Joseph Ki-Zerbo University in Ouagadougou in 2019, after defending his Ph.D. thesis in social and cultural anthropology at the University of Bordeaux, France. He also holds a Master's degree in Sociology from Joseph Ki-Zerbo University, a Master's degree in Educational Sciences from the University of Besan\u00e7on, and a Master's in Innovations, Development, and Societies from the Institute of Water and Environmental Engineering (2IE). Promoted to the rank of Assistant Professor in Sociology and Health Anthropology in 2022, Dr. Rouamba is a member of the Interdisciplinary Laboratory in Social Sciences and Health at Joseph Ki-Zerbo University. He is also an affiliated researcher at the \"Les Afriques dans le Monde\" laboratory at the Institute of Political Studies of Bordeaux, France. His research interests include themes such as: aging and old age in the Global South, social protection and health policies, gender-based violence (witchcraft), epidemics\/pandemics, and health systems. Dr. Rouamba has participated in numerous international conferences on aging issues in the Global South. In this regard, he co-leads the Africa section of the International Network for Studies on Age, Citizenship, and Socio-economic Integration (https:\/\/reiactis.net), based in France. As a health sector activist, he was elected President of the Institutional Ethics Committee of the National Institute of Public Health (CEI-INSP) of the Ministry of Health of Burkina Faso (2021-2024) (http:\/\/www.insp.gov.bf\/), on behalf of the Burkinabe Association of Public Health (ABSP).","url":"https:\/\/www.globalafricasciences.org\/author\/georgerouamba\/"}]}},"acf":[],"authors":[{"term_id":516,"user_id":0,"is_guest":1,"slug":"george-rouamba-fr","display_name":"George Rouamba","avatar_url":{"url":"https:\/\/www.globalafricasciences.org\/wp-content\/uploads\/2024\/11\/George-Rouamba-.png","url2x":"https:\/\/www.globalafricasciences.org\/wp-content\/uploads\/2024\/11\/George-Rouamba-.png"},"author_category":"1","exclude_author":"","main-organisation":"","country_of_org":"","field_of_work":"","first_name":"","last_name":"","user_url":"","job_title":"","description":""},{"term_id":518,"user_id":0,"is_guest":1,"slug":"zakaria-sore-fr","display_name":"Zakaria Sor\u00e9","avatar_url":{"url":"https:\/\/www.globalafricasciences.org\/wp-content\/uploads\/2024\/12\/Zakaria-Sore-.webp","url2x":"https:\/\/www.globalafricasciences.org\/wp-content\/uploads\/2024\/12\/Zakaria-Sore-.webp"},"author_category":"1","exclude_author":"","main-organisation":"","country_of_org":"","field_of_work":"","first_name":"","last_name":"","user_url":"","job_title":"","description":""},{"term_id":517,"user_id":0,"is_guest":1,"slug":"yacouba-tengueri-fr","display_name":"Yacouba Tengueri","avatar_url":{"url":"https:\/\/www.globalafricasciences.org\/wp-content\/uploads\/2024\/12\/photo.webp","url2x":"https:\/\/www.globalafricasciences.org\/wp-content\/uploads\/2024\/12\/photo.webp"},"author_category":"1","exclude_author":"","main-organisation":"","country_of_org":"","field_of_work":"","first_name":"","last_name":"","user_url":"","job_title":"","description":""},{"term_id":515,"user_id":0,"is_guest":1,"slug":"claudine-valerie-b-rouamba-ouedraogo-fr","display_name":"Claudine Val\u00e9rie B. Rouamba-Ouedraogo","avatar_url":{"url":"https:\/\/www.globalafricasciences.org\/wp-content\/uploads\/2024\/11\/Claudine-Valerie-B.-Rouamba-Ouedraogo-.jpg","url2x":"https:\/\/www.globalafricasciences.org\/wp-content\/uploads\/2024\/11\/Claudine-Valerie-B.-Rouamba-Ouedraogo-.jpg"},"author_category":"1","exclude_author":"","main-organisation":"","country_of_org":"","field_of_work":"","first_name":"","last_name":"","user_url":"","job_title":"","description":""}],"_links":{"self":[{"href":"https:\/\/www.globalafricasciences.org\/fr\/wp-json\/wp\/v2\/posts\/10017","targetHints":{"allow":["GET"]}}],"collection":[{"href":"https:\/\/www.globalafricasciences.org\/fr\/wp-json\/wp\/v2\/posts"}],"about":[{"href":"https:\/\/www.globalafricasciences.org\/fr\/wp-json\/wp\/v2\/types\/post"}],"author":[{"embeddable":true,"href":"https:\/\/www.globalafricasciences.org\/fr\/wp-json\/wp\/v2\/users\/48"}],"replies":[{"embeddable":true,"href":"https:\/\/www.globalafricasciences.org\/fr\/wp-json\/wp\/v2\/comments?post=10017"}],"version-history":[{"count":0,"href":"https:\/\/www.globalafricasciences.org\/fr\/wp-json\/wp\/v2\/posts\/10017\/revisions"}],"wp:featuredmedia":[{"embeddable":true,"href":"https:\/\/www.globalafricasciences.org\/fr\/wp-json\/wp\/v2\/media\/6441"}],"wp:attachment":[{"href":"https:\/\/www.globalafricasciences.org\/fr\/wp-json\/wp\/v2\/media?parent=10017"}],"wp:term":[{"taxonomy":"category","embeddable":true,"href":"https:\/\/www.globalafricasciences.org\/fr\/wp-json\/wp\/v2\/categories?post=10017"},{"taxonomy":"post_tag","embeddable":true,"href":"https:\/\/www.globalafricasciences.org\/fr\/wp-json\/wp\/v2\/tags?post=10017"},{"taxonomy":"issues3","embeddable":true,"href":"https:\/\/www.globalafricasciences.org\/fr\/wp-json\/wp\/v2\/issues3?post=10017"},{"taxonomy":"post_folder","embeddable":true,"href":"https:\/\/www.globalafricasciences.org\/fr\/wp-json\/wp\/v2\/post_folder?post=10017"},{"taxonomy":"author","embeddable":true,"href":"https:\/\/www.globalafricasciences.org\/fr\/wp-json\/wp\/v2\/ppma_author?post=10017"}],"curies":[{"name":"wp","href":"https:\/\/api.w.org\/{rel}","templated":true}]}}